{"id":1309722,"date":"2024-01-12T11:00:00","date_gmt":"2024-01-12T14:00:00","guid":{"rendered":"https:\/\/www.estrategiaconcursos.com.br\/blog\/?p=1309722"},"modified":"2023-12-12T22:19:32","modified_gmt":"2023-12-13T01:19:32","slug":"formacao-professores-carta-mudancas","status":"publish","type":"post","link":"https:\/\/www.estrategiaconcursos.com.br\/blog\/formacao-professores-carta-mudancas\/","title":{"rendered":"Mudan\u00e7as na forma\u00e7\u00e3o de professores: carta foi protocolada ao MEC"},"content":{"rendered":"\n<p>Concurseira(o) impar\u00e1vel, uma carta conjunta foi protocolada no Minist\u00e9rio da Educa\u00e7\u00e3o (MEC) tratando sobre preocupa\u00e7\u00f5es com a forma\u00e7\u00e3o inicial de professoras e professores no Brasil. O documento tamb\u00e9m solicita mudan\u00e7as urgentes na qualidade do preparo desses profissionais para as salas de aulas.<\/p>\n\n\n\n<h2 class=\"wp-block-heading\" id=\"h-carta-ao-mec-formacao-de-professoras-es\">Carta ao MEC &#8211; Forma\u00e7\u00e3o de professoras(es)<\/h2>\n\n\n\n<p>No dia 07 de novembro de 2023, institui\u00e7\u00f5es protocolaram uma carta conjunta no Minist\u00e9rio da Educa\u00e7\u00e3o solicitando provid\u00eancias quanto \u00e0s preocupa\u00e7\u00f5es em rela\u00e7\u00e3o \u00e0 forma\u00e7\u00e3o inicial de professoras(es) no Brasil.<\/p>\n\n\n\n<p>A Frente Parlamentar Mista da Educa\u00e7\u00e3o, composta por deputados federais e senadores, juntamente com o Conselho Nacional de Secret\u00e1rios de Educa\u00e7\u00e3o (Consed), o Conselho Municipal de Secret\u00e1rios de Educa\u00e7\u00e3o das Capitais (Consec), dentre outros, assinaram o documento.<\/p>\n\n\n\n<p>Os pontos de destaque na <strong><a href=\"https:\/\/todospelaeducacao.org.br\/wordpress\/wp-content\/uploads\/2023\/11\/carta-ao-mec-formacao-inicial-de-professores.pdf\">carta<\/a><\/strong> s\u00e3o tr\u00eas:<\/p>\n\n\n\n<ul class=\"wp-block-list\">\n<li>o aumento na quantidade de concluintes em cursos a dist\u00e2ncia (modalidade de Educa\u00e7\u00e3o a Dist\u00e2ncia &#8211; EaD);<\/li>\n\n\n\n<li>a baixa qualidade dos cursos de forma\u00e7\u00e3o inicial de professoras(es); e<\/li>\n\n\n\n<li>as altas taxas de evas\u00e3o de alunas(os) dos cursos de Pedagogia e Licenciatura.<\/li>\n<\/ul>\n\n\n\n<p>A seguir, vejamos ponto a ponto.<\/p>\n\n\n\n<h3 class=\"wp-block-heading\" id=\"h-concluintes-em-cursos-de-formacao-a-distancia\">Concluintes em cursos de forma\u00e7\u00e3o a dist\u00e2ncia<\/h3>\n\n\n\n<p>O Inep (Instituto Nacional de Estudos e Pesquisas Educacionais An\u00edsio Teixeira) divulgou o <strong><a href=\"https:\/\/download.inep.gov.br\/publicacoes\/institucionais\/estatisticas_e_indicadores\/notas_estatisticas_censo_escolar_2022.pdf\">Censo da Educa\u00e7\u00e3o Superior\u00a0do ano de 2022<\/a><\/strong>, que traz informa\u00e7\u00f5es estat\u00edsticas sobre o contexto educacional do Brasil.<\/p>\n\n\n\n<figure class=\"wp-block-image aligncenter size-full\"><img loading=\"lazy\" decoding=\"async\" width=\"618\" height=\"325\" src=\"https:\/\/dhg1h5j42swfq.cloudfront.net\/2023\/11\/21160654\/censo22.jpg\" alt=\"Forma\u00e7\u00e3o\" class=\"wp-image-1309742\" srcset=\"https:\/\/dhg1h5j42swfq.cloudfront.net\/2023\/11\/21160654\/censo22.jpg 618w, https:\/\/dhg1h5j42swfq.cloudfront.net\/2023\/11\/21160654\/censo22-300x158.jpg 300w, https:\/\/dhg1h5j42swfq.cloudfront.net\/2023\/11\/21160654\/censo22-610x321.jpg 610w, https:\/\/dhg1h5j42swfq.cloudfront.net\/2023\/11\/21160654\/censo22-150x79.jpg 150w\" sizes=\"auto, (max-width: 618px) 100vw, 618px\" \/><figcaption class=\"wp-element-caption\">Censo da Educa\u00e7\u00e3o Superior no Brasil &#8211; Inep<\/figcaption><\/figure>\n\n\n\n<p>Desse modo, no gr\u00e1fico acima \u00e9 poss\u00edvel perceber o aumento significativo na quantidade de pessoas que conclu\u00edram seus cursos na modalidade EaD. Segundo o documento divulgado, em 2022 houve um aumento de 37,6% de concluintes nessa modalidade em rela\u00e7\u00e3o ao ano de 2016. O per\u00edodo da pandemia pode ter influenciado tamb\u00e9m nesse novo cen\u00e1rio.<\/p>\n\n\n\n<p>No entanto, para os assinantes da carta entregue ao MEC, embora \u201co uso das tecnologias deva ser incentivado, uma s\u00f3lida forma\u00e7\u00e3o inicial exige intensa articula\u00e7\u00e3o teoria e<em>\u00a0pr\u00e1tica<\/em>\u201d. Assim, as intera\u00e7\u00f5es interpessoais e as habilidades relacionais das(os) profissionais da educa\u00e7\u00e3o precisam ser desenvolvidas dentro do ambiente escolar.<\/p>\n\n\n\n<h3 class=\"wp-block-heading\" id=\"h-cursos-de-formacao-inicial-de-professores\">Cursos de forma\u00e7\u00e3o inicial de professores<\/h3>\n\n\n\n<p>Ademais, segundo informa\u00e7\u00f5es da carta, dados estat\u00edsticos do Enade (Exame Nacional de Desempenho dos Estudantes) do ano de 2021 revelaram que a m\u00e9dia das notas gerais dos 17 cursos de licenciatura avaliados ficou abaixo de 50, considerando uma escala de pontua\u00e7\u00e3o de 0 a 100 pontos.<\/p>\n\n\n\n<p>Assim, esse destaque traz um alerta sobre a qualidade do ensino, tanto na modalidade presencial quanto na modalidade a dist\u00e2ncia.<\/p>\n\n\n\n<p>Recentemente, inclusive, aconteceu a 48\u00aa Reuni\u00e3o da Comiss\u00e3o da \u00c1rea de Forma\u00e7\u00e3o Docente do Mercosul, um encontro que promove a discuss\u00e3o sobre a forma\u00e7\u00e3o de professores.<\/p>\n\n\n\n<p>Al\u00e9m disso, existem tamb\u00e9m a\u00e7\u00f5es e programas federais que auxiliam nessa adequa\u00e7\u00e3o da forma\u00e7\u00e3o inicial dos professores. Esse \u00e9 o caso do PARFOR e do PIBID.<\/p>\n\n\n\n<p>Resumidamente, o primeiro traz ofertas de cursos de acordo com a demanda de cada regi\u00e3o brasileira. J\u00e1 o PIBID \u00e9 um programa de inicia\u00e7\u00e3o \u00e0 doc\u00eancia destinado a discentes da primeira metade dos cursos de licenciatura. Mais adiante h\u00e1 mais detalhes sobre esses programas.<\/p>\n\n\n\n<h3 class=\"wp-block-heading\" id=\"h-evasao-de-alunos-dos-cursos-de-pedagogia-e-licenciatura\">Evas\u00e3o de alunos dos cursos de Pedagogia e Licenciatura<\/h3>\n\n\n\n<p>Com efeito, a car\u00eancia de professores na Educa\u00e7\u00e3o B\u00e1sica \u00e9 uma realidade, por isso, concursos e sele\u00e7\u00f5es precisam ser aprimorados para atrair estudantes ainda na gradua\u00e7\u00e3o. Pelo menos, essa \u00e9 a inten\u00e7\u00e3o do <strong><a href=\"https:\/\/www25.senado.leg.br\/web\/atividade\/materias\/-\/materia\/159045?_gl=1*ghj7b*_ga*MTcyMzg4MjQyLjE3MDA1Nzg1NzY.*_ga_CW3ZH25XMK*MTcwMDU3ODU3Ni4xLjAuMTcwMDU3ODU3Ni4wLjAuMA..\">Projeto de Lei n\u00b0 3.824\/2023<\/a><\/strong> que cria a Pol\u00edtica Nacional de Incentivos e Benef\u00edcios a Futuros Docentes da Educa\u00e7\u00e3o B\u00e1sica.<\/p>\n\n\n\n<p>No mais, a ideia dessa proposta \u00e9 ofertar benef\u00edcios como bolsas de estudos para os cursos de Pedagogia e os cursos de licenciatura que estejam faltando profissionais, bem como desenvolver um desenvolvimento de carreira.<\/p>\n\n\n\n<p>Em paralelo ao pleito da carta, o \u00faltimo <strong><a href=\"https:\/\/www.gov.br\/mec\/pt-br\/assuntos\/noticias\/2023\/agosto\/finalizada-minuta-do-relatorio-sobre-formacao-de-docentes\/finalizada-minuta-do-relatorio-sobre-formacao-de-docentes\">Grupo de Trabalho de Forma\u00e7\u00e3o Inicial de Professores<\/a><\/strong> promoveu encontros debatendo, dentre outros, temas como:<\/p>\n\n\n\n<ul class=\"wp-block-list\">\n<li>melhoria na regula\u00e7\u00e3o dos cursos de licenciatura ofertados na modalidade EaD;<\/li>\n\n\n\n<li>formula\u00e7\u00e3o de um plano nacional de valoriza\u00e7\u00e3o das(os) profissionais do magist\u00e9rio que articule <strong>forma\u00e7\u00e3o, carreira, remunera\u00e7\u00e3o e condi\u00e7\u00f5es de trabalho<\/strong>;<\/li>\n\n\n\n<li>institucionalizar e ampliar as iniciativas voltadas para o fortalecimento da forma\u00e7\u00e3o te\u00f3rico-pr\u00e1tica de licenciandas(os).<\/li>\n<\/ul>\n\n\n\n<h2 class=\"wp-block-heading\" id=\"h-voce-sabia\">Voc\u00ea sabia?<\/h2>\n\n\n\n<p>Pois bem, vejamos algumas a\u00e7\u00f5es j\u00e1 em andamento atrav\u00e9s do governo federal. O <strong><a href=\"https:\/\/www.gov.br\/capes\/pt-br\/acesso-a-informacao\/acoes-e-programas\/educacao-basica\/parfor\/parfor\">PARFOR<\/a><\/strong>, Plano Nacional de Forma\u00e7\u00e3o de Professores da Educa\u00e7\u00e3o B\u00e1sica, \u00e9 destinado a \u00a0rede p\u00fablica de educa\u00e7\u00e3o b\u00e1sica, e visa ofertar vagas de <strong>primeira licenciatura e segunda licenciatura<\/strong>\u00a0(para aqueles que lecionam certa disciplina sem ter a forma\u00e7\u00e3o na \u00e1rea) distribu\u00eddas para as cinco regi\u00f5es do Brasil.<\/p>\n\n\n\n<p>Assim, primeiramente, as Institui\u00e7\u00f5es de Ensino Superior (IES) p\u00fablicas ou privadas sem fins lucrativos devem fazer um levantamento dos cursos demandados. Em seguida, submetem suas propostas de cursos, que devem ser de \u00e1reas do conhecimento lecionadas nas escolas p\u00fablicas de educa\u00e7\u00e3o b\u00e1sica. Depois, as IES recebem os recursos e passam a ofertar as vagas em suas regi\u00f5es.<\/p>\n\n\n\n<p>Por outro lado, o PIBID &#8211; Programa Institucional de Bolsa de Inicia\u00e7\u00e3o \u00e0 Doc\u00eancia &#8211; serve para as(os) estudantes de licenciatura que tenham conclu\u00eddo at\u00e9 60% do total da carga hor\u00e1ria do seu curso. Assim, a(o) discente dever\u00e1 se dedicar 30 horas mensais ao projeto, sendo orientada(o) e acompanhada(o) por professoras(es).<\/p>\n\n\n\n<p>O intuito \u00e9 realizar atividades pr\u00e1ticas, se aproximando do \u201ccotidiano das escolas p\u00fablicas de educa\u00e7\u00e3o b\u00e1sica\u201d. Al\u00e9m disso, todo o processo de sele\u00e7\u00e3o, pagamento e relat\u00f3rio final \u00e9 acompanhado pela CAPES.<\/p>\n\n\n\n<h2 class=\"wp-block-heading\" id=\"h-e-agora\">E agora?<\/h2>\n\n\n\n<p>Por fim, concurseira(o), atente-se aos desdobramentos que podem vir, e continue fazendo sua parte. A forma\u00e7\u00e3o continuada \u00e9 importante para o bom exerc\u00edcio profissional e para a melhoria do ensino no Brasil.<\/p>\n\n\n\n<p>Mas, primeiro, estude para alcan\u00e7ar a carreira dos seus sonhos! Por isso, saiba que o Estrat\u00e9gia Concursos possui <strong><a href=\"https:\/\/www.estrategiaconcursos.com.br\/blog\/concursos-educacao\/\">os melhores materiais<\/a><\/strong> que te deixam mais perto do seu objetivo.<\/p>\n\n\n\n<p>Senta e estuda!<\/p>\n\n\n\n<p>Boa sorte!<\/p>\n\n\n\n<p class=\"has-text-align-center\" id=\"h-quer-saber-tudo-sobre-concursos-previstos\"><strong>Quer saber quais ser\u00e3o os pr\u00f3ximos concursos?<\/strong><\/p>\n\n\n\n<p class=\"has-text-align-center\"><strong>Confira nossos artigos!<\/strong><\/p>\n\n\n\n<p class=\"has-text-align-center has-white-color has-pale-cyan-blue-background-color has-text-color has-background\"><a href=\"https:\/\/www.estrategiaconcursos.com.br\/blog\/concursos-abertos\/\" target=\"_blank\" rel=\"noreferrer noopener\">Concursos abertos<\/a><\/p>\n\n\n\n<p class=\"has-text-align-center has-white-color has-pale-cyan-blue-background-color has-text-color has-background\"><a href=\"https:\/\/www.estrategiaconcursos.com.br\/blog\/concursos-2023\/\" target=\"_blank\" rel=\"noreferrer noopener\">Concursos 2023<\/a><\/p>\n\n\n\n<p class=\"has-text-align-center has-white-color has-pale-cyan-blue-background-color has-text-color has-background has-link-color wp-elements-1b491d353cb0252774863e2a36e356d9\"><a href=\"https:\/\/www.estrategiaconcursos.com.br\/blog\/concursos-2023\/\" target=\"_blank\" rel=\"noreferrer noopener\">Concursos 202<\/a><a href=\"https:\/\/www.estrategiaconcursos.com.br\/blog\/concursos-2024\/\" target=\"_blank\" rel=\"noreferrer noopener\">4<\/a><\/p>\n","protected":false},"excerpt":{"rendered":"<p>Concurseira(o) impar\u00e1vel, uma carta conjunta foi protocolada no Minist\u00e9rio da Educa\u00e7\u00e3o (MEC) tratando sobre preocupa\u00e7\u00f5es com a forma\u00e7\u00e3o inicial de professoras e professores no Brasil. O documento tamb\u00e9m solicita mudan\u00e7as urgentes na qualidade do preparo desses profissionais para as salas de aulas. Carta ao MEC &#8211; Forma\u00e7\u00e3o de professoras(es) No dia 07 de novembro de [&hellip;]<\/p>\n","protected":false},"author":2569,"featured_media":417709,"comment_status":"open","ping_status":"closed","sticky":false,"template":"","format":"standard","meta":{"post_tipo":"article","footnotes":""},"categories":[3766],"tags":[221605,221536],"tax_estado":[219964,219965,219966,219967,219968,219969,219963,219970,219971,219972,219973,219974,219975,219976,219977,219978,219979,219980,219981,219982,219983,219984,219985,219986,219987,219988,219989,219990],"class_list":["post-1309722","post","type-post","status-publish","format-standard","has-post-thumbnail","hentry","category-educacional","tag-formacao-de-professores","tag-mec","tax_estado-ac","tax_estado-al","tax_estado-am","tax_estado-ap","tax_estado-ba","tax_estado-ce","tax_estado-concursos-federais","tax_estado-df","tax_estado-es","tax_estado-go","tax_estado-ma","tax_estado-mg","tax_estado-ms","tax_estado-mt","tax_estado-pa","tax_estado-pb","tax_estado-pe","tax_estado-pi","tax_estado-pr","tax_estado-rj","tax_estado-rn","tax_estado-ro","tax_estado-rr","tax_estado-rs","tax_estado-sc","tax_estado-se","tax_estado-sp","tax_estado-to"],"acf":[],"yoast_head":"<!-- This site is optimized with the Yoast SEO Premium plugin v27.2 (Yoast SEO v27.2) - https:\/\/yoast.com\/product\/yoast-seo-premium-wordpress\/ -->\n<title>Forma\u00e7\u00e3o de professores: carta solicita mudan\u00e7as<\/title>\n<meta name=\"description\" content=\"Uma carta conjunta foi protocolada no MEC tratando sobre preocupa\u00e7\u00f5es com a forma\u00e7\u00e3o inicial de professoras e professores no Brasil.\" \/>\n<meta name=\"robots\" content=\"index, follow, max-snippet:-1, max-image-preview:large, max-video-preview:-1\" \/>\n<link rel=\"canonical\" href=\"https:\/\/www.estrategiaconcursos.com.br\/blog\/formacao-professores-carta-mudancas\/\" \/>\n<meta property=\"og:locale\" content=\"pt_BR\" \/>\n<meta property=\"og:type\" content=\"article\" \/>\n<meta property=\"og:title\" content=\"Mudan\u00e7as na forma\u00e7\u00e3o de professores: carta foi protocolada ao MEC\" \/>\n<meta property=\"og:description\" content=\"Uma carta conjunta foi protocolada no MEC tratando sobre preocupa\u00e7\u00f5es com a forma\u00e7\u00e3o inicial de professoras e professores no Brasil.\" \/>\n<meta property=\"og:url\" content=\"https:\/\/www.estrategiaconcursos.com.br\/blog\/formacao-professores-carta-mudancas\/\" \/>\n<meta property=\"og:site_name\" content=\"Estrat\u00e9gia Concursos\" \/>\n<meta property=\"article:published_time\" content=\"2024-01-12T14:00:00+00:00\" \/>\n<meta property=\"og:image\" content=\"https:\/\/dhg1h5j42swfq.cloudfront.net\/2019\/09\/08231146\/sala-de-aula-educacao-13022019114606743.jpeg\" \/>\n\t<meta property=\"og:image:width\" content=\"660\" \/>\n\t<meta property=\"og:image:height\" content=\"360\" \/>\n\t<meta property=\"og:image:type\" content=\"image\/jpeg\" \/>\n<meta name=\"author\" content=\"Taiane Ferreira Concei\u00e7\u00e3o\" \/>\n<meta name=\"twitter:card\" content=\"summary_large_image\" \/>\n<meta name=\"twitter:creator\" content=\"@EstratConcursos\" \/>\n<meta name=\"twitter:site\" content=\"@EstratConcursos\" \/>\n<meta name=\"twitter:label1\" content=\"Escrito por\" \/>\n\t<meta name=\"twitter:data1\" content=\"Taiane Ferreira Concei\u00e7\u00e3o\" \/>\n\t<meta name=\"twitter:label2\" content=\"Est. tempo de leitura\" \/>\n\t<meta name=\"twitter:data2\" content=\"5 minutos\" \/>\n<script type=\"application\/ld+json\" class=\"yoast-schema-graph\">{\"@context\":\"https:\/\/schema.org\",\"@graph\":[{\"@type\":\"NewsArticle\",\"@id\":\"https:\/\/www.estrategiaconcursos.com.br\/blog\/formacao-professores-carta-mudancas\/#article\",\"isPartOf\":{\"@id\":\"https:\/\/www.estrategiaconcursos.com.br\/blog\/formacao-professores-carta-mudancas\/\"},\"author\":{\"name\":\"Taiane Ferreira Concei\u00e7\u00e3o\",\"@id\":\"https:\/\/www.estrategiaconcursos.com.br\/blog\/#\/schema\/person\/699843c170e88965fc39f4f55cbc3504\"},\"headline\":\"Mudan\u00e7as na forma\u00e7\u00e3o de professores: carta foi protocolada ao MEC\",\"datePublished\":\"2024-01-12T14:00:00+00:00\",\"mainEntityOfPage\":{\"@id\":\"https:\/\/www.estrategiaconcursos.com.br\/blog\/formacao-professores-carta-mudancas\/\"},\"wordCount\":1054,\"commentCount\":0,\"publisher\":{\"@id\":\"https:\/\/www.estrategiaconcursos.com.br\/blog\/#organization\"},\"image\":{\"@id\":\"https:\/\/www.estrategiaconcursos.com.br\/blog\/formacao-professores-carta-mudancas\/#primaryimage\"},\"thumbnailUrl\":\"https:\/\/dhg1h5j42swfq.cloudfront.net\/2019\/09\/08231146\/sala-de-aula-educacao-13022019114606743.jpeg\",\"keywords\":[\"forma\u00e7\u00e3o de professores\",\"MEC\"],\"articleSection\":[\"Educa\u00e7\u00e3o\"],\"inLanguage\":\"pt-BR\",\"potentialAction\":[{\"@type\":\"CommentAction\",\"name\":\"Comment\",\"target\":[\"https:\/\/www.estrategiaconcursos.com.br\/blog\/formacao-professores-carta-mudancas\/#respond\"]}],\"copyrightYear\":\"2024\",\"copyrightHolder\":{\"@id\":\"https:\/\/www.estrategiaconcursos.com.br\/blog\/#organization\"}},{\"@type\":\"WebPage\",\"@id\":\"https:\/\/www.estrategiaconcursos.com.br\/blog\/formacao-professores-carta-mudancas\/\",\"url\":\"https:\/\/www.estrategiaconcursos.com.br\/blog\/formacao-professores-carta-mudancas\/\",\"name\":\"Forma\u00e7\u00e3o de professores: carta solicita mudan\u00e7as\",\"isPartOf\":{\"@id\":\"https:\/\/www.estrategiaconcursos.com.br\/blog\/#website\"},\"primaryImageOfPage\":{\"@id\":\"https:\/\/www.estrategiaconcursos.com.br\/blog\/formacao-professores-carta-mudancas\/#primaryimage\"},\"image\":{\"@id\":\"https:\/\/www.estrategiaconcursos.com.br\/blog\/formacao-professores-carta-mudancas\/#primaryimage\"},\"thumbnailUrl\":\"https:\/\/dhg1h5j42swfq.cloudfront.net\/2019\/09\/08231146\/sala-de-aula-educacao-13022019114606743.jpeg\",\"datePublished\":\"2024-01-12T14:00:00+00:00\",\"description\":\"Uma carta conjunta foi protocolada no MEC tratando sobre preocupa\u00e7\u00f5es com a forma\u00e7\u00e3o inicial de professoras e professores no Brasil.\",\"breadcrumb\":{\"@id\":\"https:\/\/www.estrategiaconcursos.com.br\/blog\/formacao-professores-carta-mudancas\/#breadcrumb\"},\"inLanguage\":\"pt-BR\",\"potentialAction\":[{\"@type\":\"ReadAction\",\"target\":[\"https:\/\/www.estrategiaconcursos.com.br\/blog\/formacao-professores-carta-mudancas\/\"]}]},{\"@type\":\"ImageObject\",\"inLanguage\":\"pt-BR\",\"@id\":\"https:\/\/www.estrategiaconcursos.com.br\/blog\/formacao-professores-carta-mudancas\/#primaryimage\",\"url\":\"https:\/\/dhg1h5j42swfq.cloudfront.net\/2019\/09\/08231146\/sala-de-aula-educacao-13022019114606743.jpeg\",\"contentUrl\":\"https:\/\/dhg1h5j42swfq.cloudfront.net\/2019\/09\/08231146\/sala-de-aula-educacao-13022019114606743.jpeg\",\"width\":660,\"height\":360},{\"@type\":\"BreadcrumbList\",\"@id\":\"https:\/\/www.estrategiaconcursos.com.br\/blog\/formacao-professores-carta-mudancas\/#breadcrumb\",\"itemListElement\":[{\"@type\":\"ListItem\",\"position\":1,\"name\":\"In\u00edcio\",\"item\":\"https:\/\/www.estrategiaconcursos.com.br\/blog\/\"},{\"@type\":\"ListItem\",\"position\":2,\"name\":\"Mudan\u00e7as na forma\u00e7\u00e3o de professores: carta foi protocolada ao MEC\"}]},{\"@type\":\"WebSite\",\"@id\":\"https:\/\/www.estrategiaconcursos.com.br\/blog\/#website\",\"url\":\"https:\/\/www.estrategiaconcursos.com.br\/blog\/\",\"name\":\"Estrat\u00e9gia Concursos\",\"description\":\"O blog da Estrat\u00e9gia Concursos traz not\u00edcias sobre concursos e artigos de professores oferecendo cursos para concursos (pdf + videaulas) no site.\",\"publisher\":{\"@id\":\"https:\/\/www.estrategiaconcursos.com.br\/blog\/#organization\"},\"potentialAction\":[{\"@type\":\"SearchAction\",\"target\":{\"@type\":\"EntryPoint\",\"urlTemplate\":\"https:\/\/www.estrategiaconcursos.com.br\/blog\/?s={search_term_string}\"},\"query-input\":{\"@type\":\"PropertyValueSpecification\",\"valueRequired\":true,\"valueName\":\"search_term_string\"}}],\"inLanguage\":\"pt-BR\"},{\"@type\":\"Organization\",\"@id\":\"https:\/\/www.estrategiaconcursos.com.br\/blog\/#organization\",\"name\":\"Estrat\u00e9gia Concursos\",\"url\":\"https:\/\/www.estrategiaconcursos.com.br\/blog\/\",\"logo\":{\"@type\":\"ImageObject\",\"inLanguage\":\"pt-BR\",\"@id\":\"https:\/\/www.estrategiaconcursos.com.br\/blog\/#\/schema\/logo\/image\/\",\"url\":\"https:\/\/dhg1h5j42swfq.cloudfront.net\/2025\/06\/03203428\/logo_concursos-1.jpg\",\"contentUrl\":\"https:\/\/dhg1h5j42swfq.cloudfront.net\/2025\/06\/03203428\/logo_concursos-1.jpg\",\"width\":230,\"height\":60,\"caption\":\"Estrat\u00e9gia Concursos\"},\"image\":{\"@id\":\"https:\/\/www.estrategiaconcursos.com.br\/blog\/#\/schema\/logo\/image\/\"},\"sameAs\":[\"https:\/\/x.com\/EstratConcursos\"]},{\"@type\":\"Person\",\"@id\":\"https:\/\/www.estrategiaconcursos.com.br\/blog\/#\/schema\/person\/699843c170e88965fc39f4f55cbc3504\",\"name\":\"Taiane Ferreira Concei\u00e7\u00e3o\",\"image\":{\"@type\":\"ImageObject\",\"inLanguage\":\"pt-BR\",\"@id\":\"https:\/\/secure.gravatar.com\/avatar\/3eeaf722fb4a0f0403ab2fcd989778b82e4ab1df34e59c86868171efee133a4d?s=96&d=mm&r=g\",\"url\":\"https:\/\/secure.gravatar.com\/avatar\/3eeaf722fb4a0f0403ab2fcd989778b82e4ab1df34e59c86868171efee133a4d?s=96&d=mm&r=g\",\"contentUrl\":\"https:\/\/secure.gravatar.com\/avatar\/3eeaf722fb4a0f0403ab2fcd989778b82e4ab1df34e59c86868171efee133a4d?s=96&d=mm&r=g\",\"caption\":\"Taiane Ferreira Concei\u00e7\u00e3o\"},\"description\":\"Aprovada nos concursos Marinha do Brasil, Correios, Secretaria de Educa\u00e7\u00e3o do Estado da Bahia, EMBASA e Pol\u00edcia Civil do Estado da Bahia.\",\"url\":\"https:\/\/www.estrategiaconcursos.com.br\/blog\/author\/taianef1yahoo-com-br\/\"}]}<\/script>\n<!-- \/ Yoast SEO Premium plugin. -->","yoast_head_json":{"title":"Forma\u00e7\u00e3o de professores: carta solicita mudan\u00e7as","description":"Uma carta conjunta foi protocolada no MEC tratando sobre preocupa\u00e7\u00f5es com a forma\u00e7\u00e3o inicial de professoras e professores no Brasil.","robots":{"index":"index","follow":"follow","max-snippet":"max-snippet:-1","max-image-preview":"max-image-preview:large","max-video-preview":"max-video-preview:-1"},"canonical":"https:\/\/www.estrategiaconcursos.com.br\/blog\/formacao-professores-carta-mudancas\/","og_locale":"pt_BR","og_type":"article","og_title":"Mudan\u00e7as na forma\u00e7\u00e3o de professores: carta foi protocolada ao MEC","og_description":"Uma carta conjunta foi protocolada no MEC tratando sobre preocupa\u00e7\u00f5es com a forma\u00e7\u00e3o inicial de professoras e professores no Brasil.","og_url":"https:\/\/www.estrategiaconcursos.com.br\/blog\/formacao-professores-carta-mudancas\/","og_site_name":"Estrat\u00e9gia Concursos","article_published_time":"2024-01-12T14:00:00+00:00","og_image":[{"width":660,"height":360,"url":"https:\/\/dhg1h5j42swfq.cloudfront.net\/2019\/09\/08231146\/sala-de-aula-educacao-13022019114606743.jpeg","type":"image\/jpeg"}],"author":"Taiane Ferreira Concei\u00e7\u00e3o","twitter_card":"summary_large_image","twitter_creator":"@EstratConcursos","twitter_site":"@EstratConcursos","twitter_misc":{"Escrito por":"Taiane Ferreira Concei\u00e7\u00e3o","Est. tempo de leitura":"5 minutos"},"schema":{"@context":"https:\/\/schema.org","@graph":[{"@type":"NewsArticle","@id":"https:\/\/www.estrategiaconcursos.com.br\/blog\/formacao-professores-carta-mudancas\/#article","isPartOf":{"@id":"https:\/\/www.estrategiaconcursos.com.br\/blog\/formacao-professores-carta-mudancas\/"},"author":{"name":"Taiane Ferreira Concei\u00e7\u00e3o","@id":"https:\/\/www.estrategiaconcursos.com.br\/blog\/#\/schema\/person\/699843c170e88965fc39f4f55cbc3504"},"headline":"Mudan\u00e7as na forma\u00e7\u00e3o de professores: carta foi protocolada ao MEC","datePublished":"2024-01-12T14:00:00+00:00","mainEntityOfPage":{"@id":"https:\/\/www.estrategiaconcursos.com.br\/blog\/formacao-professores-carta-mudancas\/"},"wordCount":1054,"commentCount":0,"publisher":{"@id":"https:\/\/www.estrategiaconcursos.com.br\/blog\/#organization"},"image":{"@id":"https:\/\/www.estrategiaconcursos.com.br\/blog\/formacao-professores-carta-mudancas\/#primaryimage"},"thumbnailUrl":"https:\/\/dhg1h5j42swfq.cloudfront.net\/2019\/09\/08231146\/sala-de-aula-educacao-13022019114606743.jpeg","keywords":["forma\u00e7\u00e3o de professores","MEC"],"articleSection":["Educa\u00e7\u00e3o"],"inLanguage":"pt-BR","potentialAction":[{"@type":"CommentAction","name":"Comment","target":["https:\/\/www.estrategiaconcursos.com.br\/blog\/formacao-professores-carta-mudancas\/#respond"]}],"copyrightYear":"2024","copyrightHolder":{"@id":"https:\/\/www.estrategiaconcursos.com.br\/blog\/#organization"}},{"@type":"WebPage","@id":"https:\/\/www.estrategiaconcursos.com.br\/blog\/formacao-professores-carta-mudancas\/","url":"https:\/\/www.estrategiaconcursos.com.br\/blog\/formacao-professores-carta-mudancas\/","name":"Forma\u00e7\u00e3o de professores: carta solicita mudan\u00e7as","isPartOf":{"@id":"https:\/\/www.estrategiaconcursos.com.br\/blog\/#website"},"primaryImageOfPage":{"@id":"https:\/\/www.estrategiaconcursos.com.br\/blog\/formacao-professores-carta-mudancas\/#primaryimage"},"image":{"@id":"https:\/\/www.estrategiaconcursos.com.br\/blog\/formacao-professores-carta-mudancas\/#primaryimage"},"thumbnailUrl":"https:\/\/dhg1h5j42swfq.cloudfront.net\/2019\/09\/08231146\/sala-de-aula-educacao-13022019114606743.jpeg","datePublished":"2024-01-12T14:00:00+00:00","description":"Uma carta conjunta foi protocolada no MEC tratando sobre preocupa\u00e7\u00f5es com a forma\u00e7\u00e3o inicial de professoras e professores no Brasil.","breadcrumb":{"@id":"https:\/\/www.estrategiaconcursos.com.br\/blog\/formacao-professores-carta-mudancas\/#breadcrumb"},"inLanguage":"pt-BR","potentialAction":[{"@type":"ReadAction","target":["https:\/\/www.estrategiaconcursos.com.br\/blog\/formacao-professores-carta-mudancas\/"]}]},{"@type":"ImageObject","inLanguage":"pt-BR","@id":"https:\/\/www.estrategiaconcursos.com.br\/blog\/formacao-professores-carta-mudancas\/#primaryimage","url":"https:\/\/dhg1h5j42swfq.cloudfront.net\/2019\/09\/08231146\/sala-de-aula-educacao-13022019114606743.jpeg","contentUrl":"https:\/\/dhg1h5j42swfq.cloudfront.net\/2019\/09\/08231146\/sala-de-aula-educacao-13022019114606743.jpeg","width":660,"height":360},{"@type":"BreadcrumbList","@id":"https:\/\/www.estrategiaconcursos.com.br\/blog\/formacao-professores-carta-mudancas\/#breadcrumb","itemListElement":[{"@type":"ListItem","position":1,"name":"In\u00edcio","item":"https:\/\/www.estrategiaconcursos.com.br\/blog\/"},{"@type":"ListItem","position":2,"name":"Mudan\u00e7as na forma\u00e7\u00e3o de professores: carta foi protocolada ao MEC"}]},{"@type":"WebSite","@id":"https:\/\/www.estrategiaconcursos.com.br\/blog\/#website","url":"https:\/\/www.estrategiaconcursos.com.br\/blog\/","name":"Estrat\u00e9gia Concursos","description":"O blog da Estrat\u00e9gia Concursos traz not\u00edcias sobre concursos e artigos de professores oferecendo cursos para concursos (pdf + videaulas) no site.","publisher":{"@id":"https:\/\/www.estrategiaconcursos.com.br\/blog\/#organization"},"potentialAction":[{"@type":"SearchAction","target":{"@type":"EntryPoint","urlTemplate":"https:\/\/www.estrategiaconcursos.com.br\/blog\/?s={search_term_string}"},"query-input":{"@type":"PropertyValueSpecification","valueRequired":true,"valueName":"search_term_string"}}],"inLanguage":"pt-BR"},{"@type":"Organization","@id":"https:\/\/www.estrategiaconcursos.com.br\/blog\/#organization","name":"Estrat\u00e9gia Concursos","url":"https:\/\/www.estrategiaconcursos.com.br\/blog\/","logo":{"@type":"ImageObject","inLanguage":"pt-BR","@id":"https:\/\/www.estrategiaconcursos.com.br\/blog\/#\/schema\/logo\/image\/","url":"https:\/\/dhg1h5j42swfq.cloudfront.net\/2025\/06\/03203428\/logo_concursos-1.jpg","contentUrl":"https:\/\/dhg1h5j42swfq.cloudfront.net\/2025\/06\/03203428\/logo_concursos-1.jpg","width":230,"height":60,"caption":"Estrat\u00e9gia Concursos"},"image":{"@id":"https:\/\/www.estrategiaconcursos.com.br\/blog\/#\/schema\/logo\/image\/"},"sameAs":["https:\/\/x.com\/EstratConcursos"]},{"@type":"Person","@id":"https:\/\/www.estrategiaconcursos.com.br\/blog\/#\/schema\/person\/699843c170e88965fc39f4f55cbc3504","name":"Taiane Ferreira Concei\u00e7\u00e3o","image":{"@type":"ImageObject","inLanguage":"pt-BR","@id":"https:\/\/secure.gravatar.com\/avatar\/3eeaf722fb4a0f0403ab2fcd989778b82e4ab1df34e59c86868171efee133a4d?s=96&d=mm&r=g","url":"https:\/\/secure.gravatar.com\/avatar\/3eeaf722fb4a0f0403ab2fcd989778b82e4ab1df34e59c86868171efee133a4d?s=96&d=mm&r=g","contentUrl":"https:\/\/secure.gravatar.com\/avatar\/3eeaf722fb4a0f0403ab2fcd989778b82e4ab1df34e59c86868171efee133a4d?s=96&d=mm&r=g","caption":"Taiane Ferreira Concei\u00e7\u00e3o"},"description":"Aprovada nos concursos Marinha do Brasil, Correios, Secretaria de Educa\u00e7\u00e3o do Estado da Bahia, EMBASA e Pol\u00edcia Civil do Estado da Bahia.","url":"https:\/\/www.estrategiaconcursos.com.br\/blog\/author\/taianef1yahoo-com-br\/"}]}},"_links":{"self":[{"href":"https:\/\/www.estrategiaconcursos.com.br\/blog\/wp-json\/wp\/v2\/posts\/1309722","targetHints":{"allow":["GET"]}}],"collection":[{"href":"https:\/\/www.estrategiaconcursos.com.br\/blog\/wp-json\/wp\/v2\/posts"}],"about":[{"href":"https:\/\/www.estrategiaconcursos.com.br\/blog\/wp-json\/wp\/v2\/types\/post"}],"author":[{"embeddable":true,"href":"https:\/\/www.estrategiaconcursos.com.br\/blog\/wp-json\/wp\/v2\/users\/2569"}],"replies":[{"embeddable":true,"href":"https:\/\/www.estrategiaconcursos.com.br\/blog\/wp-json\/wp\/v2\/comments?post=1309722"}],"version-history":[{"count":5,"href":"https:\/\/www.estrategiaconcursos.com.br\/blog\/wp-json\/wp\/v2\/posts\/1309722\/revisions"}],"predecessor-version":[{"id":1309752,"href":"https:\/\/www.estrategiaconcursos.com.br\/blog\/wp-json\/wp\/v2\/posts\/1309722\/revisions\/1309752"}],"wp:featuredmedia":[{"embeddable":true,"href":"https:\/\/www.estrategiaconcursos.com.br\/blog\/wp-json\/wp\/v2\/media\/417709"}],"wp:attachment":[{"href":"https:\/\/www.estrategiaconcursos.com.br\/blog\/wp-json\/wp\/v2\/media?parent=1309722"}],"wp:term":[{"taxonomy":"category","embeddable":true,"href":"https:\/\/www.estrategiaconcursos.com.br\/blog\/wp-json\/wp\/v2\/categories?post=1309722"},{"taxonomy":"post_tag","embeddable":true,"href":"https:\/\/www.estrategiaconcursos.com.br\/blog\/wp-json\/wp\/v2\/tags?post=1309722"},{"taxonomy":"tax_estado","embeddable":true,"href":"https:\/\/www.estrategiaconcursos.com.br\/blog\/wp-json\/wp\/v2\/tax_estado?post=1309722"}],"curies":[{"name":"wp","href":"https:\/\/api.w.org\/{rel}","templated":true}]}}