{"id":1308870,"date":"2023-12-14T14:00:00","date_gmt":"2023-12-14T17:00:00","guid":{"rendered":"https:\/\/blog-estrategia.mystagingwebsite.com\/blog\/?p=1308870"},"modified":"2023-12-11T19:02:05","modified_gmt":"2023-12-11T22:02:05","slug":"restricoes-acesso-informacao-lai","status":"publish","type":"post","link":"https:\/\/www.estrategiaconcursos.com.br\/blog\/restricoes-acesso-informacao-lai\/","title":{"rendered":"Restri\u00e7\u00f5es de Acesso \u00e0 Informa\u00e7\u00e3o na LAI (Lei 12.527\/2011)"},"content":{"rendered":"\n<figure class=\"wp-block-image aligncenter size-full\"><img loading=\"lazy\" decoding=\"async\" width=\"660\" height=\"495\" src=\"https:\/\/www.estrategiaconcursos.com.br\/blog\/wp-content\/uploads\/2020\/10\/lai.jpg\" alt=\"Restri\u00e7\u00f5es de Acesso \u00e0 Informa\u00e7\u00e3o na LAI (Lei 12.527\/2011)\" class=\"wp-image-591237\" srcset=\"https:\/\/dhg1h5j42swfq.cloudfront.net\/2020\/10\/19125848\/lai.jpg 660w, https:\/\/dhg1h5j42swfq.cloudfront.net\/2020\/10\/19125848\/lai-300x225.jpg 300w, https:\/\/dhg1h5j42swfq.cloudfront.net\/2020\/10\/19125848\/lai-610x458.jpg 610w\" sizes=\"auto, (max-width: 660px) 100vw, 660px\" \/><figcaption class=\"wp-element-caption\">Restri\u00e7\u00f5es de Acesso \u00e0 Informa\u00e7\u00e3o na LAI (Lei 12.527\/2011)<\/figcaption><\/figure>\n\n\n\n<p class=\"wp-block-paragraph\">Fala, pessoal, tudo certo? Hoje traremos um resumo sobre as Restri\u00e7\u00f5es de Acesso \u00e0 Informa\u00e7\u00e3o na LAI (Lei de Acesso \u00e0 Informa\u00e7\u00e3o &#8211; Lei 12.527\/2011) para concursos p\u00fablicos.<\/p>\n\n\n\n<p class=\"wp-block-paragraph\">Trata-se de uma Lei bastante cobrada em concursos p\u00fablicos de um modo geral, independentemente de qual carreira se escolha seguir, uma vez que o acesso \u00e0 informa\u00e7\u00e3o e a transpar\u00eancia p\u00fablica \u00e9 cada vez mais necess\u00e1ria socialmente falando.<\/p>\n\n\n\n<p class=\"wp-block-paragraph\">Sendo assim, vamos come\u00e7ar!<\/p>\n\n\n\n<h2 class=\"wp-block-heading has-vivid-cyan-blue-color has-text-color has-link-color wp-elements-1\" id=\"h-restricoes-de-acesso-a-informacao\">Restri\u00e7\u00f5es de Acesso \u00e0 Informa\u00e7\u00e3o<\/h2>\n\n\n\n<h3 class=\"wp-block-heading has-vivid-cyan-blue-color has-text-color has-link-color wp-elements-2\" id=\"h-previsao-constitucional\">Previs\u00e3o constitucional<\/h3>\n\n\n\n<p class=\"wp-block-paragraph\">Primeiramente, destaca-se que o nosso tema, que envolve o acesso \u00e0 informa\u00e7\u00e3o, possui ra\u00edzes na pr\u00f3pria Constitui\u00e7\u00e3o Federal.<\/p>\n\n\n\n<p class=\"wp-block-paragraph\">Isso porque o artigo 5\u00ba, inciso XIV, da CF\/88 disp\u00f5e que <em>\u201c\u00e9 assegurado a todos o acesso \u00e0 informa\u00e7\u00e3o e resguardado o sigilo da fonte, quando necess\u00e1rio ao exerc\u00edcio profissional\u201d<\/em>.&nbsp;&nbsp;&nbsp;<\/p>\n\n\n\n<p class=\"wp-block-paragraph\">Portanto, nota-se que <strong>o acesso \u00e0 informa\u00e7\u00e3o \u00e9 direito de todos e a publicidade \u00e9 a regra<\/strong>. No entanto, a CF resguarda o sigilo da fonte, quando este for necess\u00e1rio ao exerc\u00edcio profissional, como nos casos em que um jornalista recebe uma informa\u00e7\u00e3o \u201can\u00f4nima\u201d.<\/p>\n\n\n\n<p class=\"wp-block-paragraph\">Al\u00e9m disso, o direito \u00e0 informa\u00e7\u00e3o tamb\u00e9m encontra previs\u00e3o no artigo 37\u00ba, \u00a7 3\u00ba, inciso II, da CF, que versa sobre a participa\u00e7\u00e3o do usu\u00e1rio na Administra\u00e7\u00e3o P\u00fablica:<\/p>\n\n\n\n<blockquote class=\"wp-block-quote is-layout-flow wp-block-quote-is-layout-flow\">\n<p class=\"wp-block-paragraph\">CF, Art. 37. (&#8230;)<\/p>\n\n\n\n<p class=\"wp-block-paragraph\">\u00a7 3\u00ba A lei disciplinar\u00e1 as formas de participa\u00e7\u00e3o do usu\u00e1rio na administra\u00e7\u00e3o p\u00fablica direta e indireta, regulando especialmente:&nbsp;&nbsp;&nbsp;&nbsp;&nbsp;&nbsp;&nbsp;&nbsp;&nbsp;&nbsp;&nbsp;&nbsp;&nbsp;&nbsp;&nbsp;<\/p>\n\n\n\n<p class=\"wp-block-paragraph\">II &#8211; o acesso dos usu\u00e1rios a registros administrativos e a informa\u00e7\u00f5es sobre atos de governo, observado o disposto no art. 5\u00ba, X e XXXIII;&nbsp;&nbsp;&nbsp;&nbsp;&nbsp;&nbsp;&nbsp;&nbsp;&nbsp;&nbsp;&nbsp;&nbsp;<\/p>\n<\/blockquote>\n\n\n\n<p class=\"wp-block-paragraph\">Este \u00faltimo dispositivo foi regulamentado pela Lei 12.527\/2011, e, a partir de agora, veremos as restri\u00e7\u00f5es ao acesso \u00e0 informa\u00e7\u00e3o.<\/p>\n\n\n\n<p class=\"wp-block-paragraph\">Por fim, destaca-se que o Superior Tribunal de Justi\u00e7a assim entende a LAI:<\/p>\n\n\n\n<blockquote class=\"wp-block-quote has-small-font-size is-layout-flow wp-block-quote-is-layout-flow\">\n<p class=\"wp-block-paragraph\">2. A Lei de Acesso \u00e0 Informa\u00e7\u00e3o constitui <strong>importante propulsor da cultura da transpar\u00eancia na Administra\u00e7\u00e3o P\u00fablica brasileira<\/strong>, intrinsecamente conectado aos <strong>ditames da cidadania e da moralidade p\u00fablica,<\/strong> sendo leg\u00edtima a divulga\u00e7\u00e3o dos vencimentos dos cargos, empregos e fun\u00e7\u00f5es p\u00fablicas, informa\u00e7\u00f5es de car\u00e1ter estatal, e sobre as quais o acesso da coletividade \u00e9 garantido constitucionalmente (art. 5\u00ba, XXXIII, art. 37, \u00a7 3\u00ba, II e art. 216, \u00a7 2\u00ba, da CF\/88). (STJ, MS n. 18.847\/DF, relator Ministro Mauro Campbell Marques, Primeira Se\u00e7\u00e3o, julgado em 12\/11\/2014, DJe de 17\/11\/2014.)<\/p>\n<\/blockquote>\n\n\n\n<h3 class=\"wp-block-heading has-vivid-cyan-blue-color has-text-color has-link-color wp-elements-3\" id=\"h-disposicoes-gerais-da-lei-12-527-2011\">Disposi\u00e7\u00f5es gerais da Lei 12.527\/2011<\/h3>\n\n\n\n<p class=\"wp-block-paragraph\">Na mesma esteira da Constitui\u00e7\u00e3o, a LAI disp\u00f5e que <strong>N\u00c3O<\/strong> se poder\u00e1 negar acesso \u00e0 informa\u00e7\u00e3o necess\u00e1ria \u00e0 tutela judicial ou administrativa de direitos fundamentais.<\/p>\n\n\n\n<p class=\"wp-block-paragraph\">Com efeito, isso significa dizer que toda a informa\u00e7\u00e3o que for essencial para que o solicitante exer\u00e7a ou obtenha algum direito fundamental, seja judicialmente ou administrativamente, n\u00e3o poder\u00e1 ser negada.<\/p>\n\n\n\n<p class=\"wp-block-paragraph\">Al\u00e9m disso, a Lei <strong>pro\u00edbe que haja restri\u00e7\u00e3o de acesso \u00e0s informa\u00e7\u00f5es ou documentos que versem sobre condutas<\/strong> que impliquem <strong>viola\u00e7\u00e3o dos direitos humanos praticada por agentes p\u00fablicos ou a mando de autoridades p\u00fablicas.<\/strong><\/p>\n\n\n\n<p class=\"wp-block-paragraph\">Trata-se de previs\u00e3o que visa, sobretudo, coibir excesso ou abuso de poder por parte das autoridades p\u00fablicas, bem como atos discriminat\u00f3rios, ditatoriais e desumanos.<\/p>\n\n\n\n<p class=\"wp-block-paragraph\">Por fim, a Lei n\u00e3o deixa de resguardar as informa\u00e7\u00f5es cuja natureza demandem sigilo:<\/p>\n\n\n\n<blockquote class=\"wp-block-quote is-layout-flow wp-block-quote-is-layout-flow\">\n<p class=\"wp-block-paragraph\">Art. 22. O disposto nesta Lei n\u00e3o exclui as demais hip\u00f3teses legais de sigilo e de segredo de justi\u00e7a nem as hip\u00f3teses de segredo industrial decorrentes da explora\u00e7\u00e3o direta de atividade econ\u00f4mica pelo Estado ou por pessoa f\u00edsica ou entidade privada que tenha qualquer v\u00ednculo com o poder p\u00fablico.<\/p>\n<\/blockquote>\n\n\n\n<h3 class=\"wp-block-heading has-vivid-cyan-blue-color has-text-color has-link-color wp-elements-4\" id=\"h-classificacao-das-informacoes-na-lai\">Classifica\u00e7\u00e3o das informa\u00e7\u00f5es na LAI<\/h3>\n\n\n\n<p class=\"wp-block-paragraph\">O artigo 23 da LAI disp\u00f5e para n\u00f3s <strong>informa\u00e7\u00f5es que, por sua natureza (imprescind\u00edveis \u00e0 seguran\u00e7a da sociedade ou do Estado), podem ser pass\u00edveis de \u201cclassifica\u00e7\u00e3o\u201d:<\/strong><\/p>\n\n\n\n<blockquote class=\"wp-block-quote has-small-font-size is-layout-flow wp-block-quote-is-layout-flow\">\n<p class=\"wp-block-paragraph\">Art. 23. S\u00e3o consideradas imprescind\u00edveis \u00e0 seguran\u00e7a da sociedade ou do Estado e, portanto, pass\u00edveis de classifica\u00e7\u00e3o as informa\u00e7\u00f5es cuja divulga\u00e7\u00e3o ou acesso irrestrito possam:<\/p>\n\n\n\n<p class=\"wp-block-paragraph\">I &#8211; p\u00f4r em risco a defesa e a soberania nacionais ou a integridade do territ\u00f3rio nacional;<\/p>\n\n\n\n<p class=\"wp-block-paragraph\">II &#8211; prejudicar ou p\u00f4r em risco a condu\u00e7\u00e3o de negocia\u00e7\u00f5es ou as rela\u00e7\u00f5es internacionais do Pa\u00eds, ou as que tenham sido fornecidas em car\u00e1ter sigiloso por outros Estados e organismos internacionais;<\/p>\n\n\n\n<p class=\"wp-block-paragraph\">III &#8211; p\u00f4r em risco a vida, a seguran\u00e7a ou a sa\u00fade da popula\u00e7\u00e3o;<\/p>\n\n\n\n<p class=\"wp-block-paragraph\">IV &#8211; oferecer elevado risco \u00e0 estabilidade financeira, econ\u00f4mica ou monet\u00e1ria do Pa\u00eds;<\/p>\n\n\n\n<p class=\"wp-block-paragraph\">V &#8211; prejudicar ou causar risco a planos ou opera\u00e7\u00f5es estrat\u00e9gicos das For\u00e7as Armadas;<\/p>\n\n\n\n<p class=\"wp-block-paragraph\">VI &#8211; prejudicar ou causar risco a projetos de pesquisa e desenvolvimento cient\u00edfico ou tecnol\u00f3gico, assim como a sistemas, bens, instala\u00e7\u00f5es ou \u00e1reas de interesse estrat\u00e9gico nacional;<\/p>\n\n\n\n<p class=\"wp-block-paragraph\">VII &#8211; p\u00f4r em risco a seguran\u00e7a de institui\u00e7\u00f5es ou de altas autoridades nacionais ou estrangeiras e seus familiares; ou<\/p>\n\n\n\n<p class=\"wp-block-paragraph\">VIII &#8211; comprometer atividades de intelig\u00eancia, bem como de investiga\u00e7\u00e3o ou fiscaliza\u00e7\u00e3o em andamento, relacionadas com a preven\u00e7\u00e3o ou repress\u00e3o de infra\u00e7\u00f5es.<\/p>\n<\/blockquote>\n\n\n\n<p class=\"wp-block-paragraph\">Nesse sentido, por <strong>\u201cclassifica\u00e7\u00e3o\u201d <\/strong>entende-se, na pr\u00e1tica, restri\u00e7\u00e3o ao acesso \u00e0 informa\u00e7\u00e3o por um prazo determinado.<\/p>\n\n\n\n<p class=\"wp-block-paragraph\">Isso porque a Lei de Acesso \u00e0 Informa\u00e7\u00e3o prev\u00ea <strong>03 \u201cn\u00edveis\u201d de classifica\u00e7\u00e3o<\/strong>. No entanto, h\u00e1 uma regra especial para o Presidente e Vice-Presidente da Rep\u00fablica.<\/p>\n\n\n\n<h4 class=\"wp-block-heading has-vivid-cyan-blue-color has-text-color has-link-color wp-elements-5\" id=\"h-niveis-prazos-e-competencia-da-classificacao-na-lai\">N\u00edveis, prazos e compet\u00eancia da classifica\u00e7\u00e3o na LAI<\/h4>\n\n\n\n<p class=\"wp-block-paragraph\">Com efeito, pode-se classificar as informa\u00e7\u00f5es como sendo:<\/p>\n\n\n\n<figure class=\"wp-block-table\"><table><tbody><tr><td class=\"has-text-align-center\" data-align=\"center\"><strong>N\u00edvel<\/strong><\/td><td class=\"has-text-align-center\" data-align=\"center\"><strong>A informa\u00e7\u00e3o ficar\u00e1 restrita pelo prazo de AT\u00c9<\/strong><\/td><td class=\"has-text-align-center\" data-align=\"center\"><strong>Compet\u00eancia para classificar<\/strong><\/td><\/tr><tr><td class=\"has-text-align-center\" data-align=\"center\"><strong>Ultrassecreta<\/strong><\/td><td class=\"has-text-align-center\" data-align=\"center\">25 anos<\/td><td class=\"has-text-align-center\" data-align=\"center\">(i) Presidente da Rep\u00fablica;<br \/><br \/>(ii) Vice-Presidente da Rep\u00fablica;<br \/><br \/>(iii) Ministros de Estado e autoridades com as mesmas prerrogativas;<br \/>(iv) Comandantes da Marinha, do Ex\u00e9rcito e da Aeron\u00e1utica; e<br \/>(v) Chefes de Miss\u00f5es Diplom\u00e1ticas e Consulares permanentes no exterior.<\/td><\/tr><tr><td class=\"has-text-align-center\" data-align=\"center\"><strong>Secreta<\/strong><\/td><td class=\"has-text-align-center\" data-align=\"center\">15 anos<\/td><td class=\"has-text-align-center\" data-align=\"center\">As autoridades acima e os titulares das Entidades da Administra\u00e7\u00e3o Indireta<\/td><\/tr><tr><td class=\"has-text-align-center\" data-align=\"center\"><strong>Reservada<\/strong><\/td><td class=\"has-text-align-center\" data-align=\"center\">05 anos<\/td><td class=\"has-text-align-center\" data-align=\"center\">As autoridades acima e aquelas que exer\u00e7am fun\u00e7\u00f5es de dire\u00e7\u00e3o, comando ou chefia, n\u00edvel DAS 101.5, ou superior, do Grupo-Dire\u00e7\u00e3o e Assessoramento Superiores, ou de hierarquia equivalente, de acordo com regulamenta\u00e7\u00e3o espec\u00edfica de cada \u00f3rg\u00e3o ou entidade, observado o disposto nesta Lei.<\/td><\/tr><\/tbody><\/table><\/figure>\n\n\n\n<p class=\"wp-block-paragraph\">Al\u00e9m disso, quando se tratar de informa\u00e7\u00f5es sens\u00edveis do <strong>Presidente, do Vice-Presidente da Rep\u00fablica ou de seus c\u00f4njuges e filhos<\/strong>, a informa\u00e7\u00e3o ser\u00e1 classificada como <strong>RESERVADA<\/strong>.&nbsp;<\/p>\n\n\n\n<p class=\"wp-block-paragraph\">No entanto, em vez de possuir o prazo m\u00e1ximo de 05 anos, <strong>ficar\u00e3o sob sigilo at\u00e9 o t\u00e9rmino do mandato em exerc\u00edcio ou do \u00faltimo mandato, em caso de reelei\u00e7\u00e3o.<\/strong><\/p>\n\n\n\n<p class=\"wp-block-paragraph\">Ademais, importante destacar que as informa\u00e7\u00f5es <strong>ultrassecretas <\/strong>assim classificadas pelas autoridades dos itens \u201civ\u201d e \u201cv\u201d devem ser ratificadas pelos respectivos Ministros de Estado, no prazo previsto em regulamento.<\/p>\n\n\n\n<p class=\"wp-block-paragraph\">Por fim, a compet\u00eancia para classificar no n\u00edvel <strong>ultrassecreto <\/strong>poder\u00e1 ser <strong>delegada <\/strong>pela autoridade respons\u00e1vel a agente p\u00fablico, inclusive em miss\u00e3o no exterior, <strong>VEDADA a subdelega\u00e7\u00e3o.<\/strong><\/p>\n\n\n\n<h4 class=\"wp-block-heading has-vivid-cyan-blue-color has-text-color has-link-color wp-elements-6\" id=\"h-criterios-para-a-classificacao\">Crit\u00e9rios para a classifica\u00e7\u00e3o<\/h4>\n\n\n\n<p class=\"wp-block-paragraph\">Ademais, uma outra observa\u00e7\u00e3o importante \u00e9 a de que colocamos na tabela que o prazo poder\u00e1 ser <strong>AT\u00c9 <\/strong>25, 15 ou 05 anos.&nbsp;<\/p>\n\n\n\n<p class=\"wp-block-paragraph\">Isso porque a <strong>LAI permite que seja estabelecida como termo final<\/strong> de restri\u00e7\u00e3o de acesso a <strong>ocorr\u00eancia de determinado evento, desde que este ocorra antes do transcurso do prazo m\u00e1ximo de classifica\u00e7\u00e3o<\/strong>.<\/p>\n\n\n\n<p class=\"wp-block-paragraph\">Em qualquer caso (atingimento do prazo ou ocorr\u00eancia do evento), <strong>a informa\u00e7\u00e3o tornar-se-\u00e1 p\u00fablica automaticamente.<\/strong><\/p>\n\n\n\n<p class=\"wp-block-paragraph\">Por fim, aponta-se que, para classificar a informa\u00e7\u00e3o naqueles n\u00edveis deve-se observar:<\/p>\n\n\n\n<ul class=\"wp-block-list\">\n<li>Interesse p\u00fablico da informa\u00e7\u00e3o;<\/li>\n\n\n\n<li>Crit\u00e9rio menos restritivo poss\u00edvel;<\/li>\n\n\n\n<li>Gravidade do risco ou dano \u00e0 seguran\u00e7a da sociedade e do Estado; e<\/li>\n\n\n\n<li>O prazo m\u00e1ximo de restri\u00e7\u00e3o de acesso ou o evento que defina seu termo final.<\/li>\n<\/ul>\n\n\n\n<h3 class=\"wp-block-heading has-vivid-cyan-blue-color has-text-color has-link-color wp-elements-7\" id=\"h-reclassificacao-e-desclassificacao\">Reclassifica\u00e7\u00e3o e Desclassifica\u00e7\u00e3o<\/h3>\n\n\n\n<p class=\"wp-block-paragraph\">Pessoal, j\u00e1 vimos tudo sobre a classifica\u00e7\u00e3o e seus crit\u00e9rios, certo? Agora veremos os casos de reclassifica\u00e7\u00e3o e desclassifica\u00e7\u00e3o da informa\u00e7\u00e3o.<\/p>\n\n\n\n<p class=\"wp-block-paragraph\">Primeiramente, destaca-se que a <strong>reclassifica\u00e7\u00e3o<\/strong> \u00e9 o ato de mudar a classifica\u00e7\u00e3o da informa\u00e7\u00e3o.&nbsp;<\/p>\n\n\n\n<p class=\"wp-block-paragraph\">Por sua vez, a <strong>desclassifica\u00e7\u00e3o<\/strong> \u00e9 o ato de retirar qualquer classifica\u00e7\u00e3o da informa\u00e7\u00e3o, por n\u00e3o haver hip\u00f3tese de sigilo prevista em lei.<\/p>\n\n\n\n<p class=\"wp-block-paragraph\">Desse modo, tanto a reclassifica\u00e7\u00e3o quanto a desclassifica\u00e7\u00e3o podem ser iniciadas <strong>de of\u00edcio ou a requerimento<\/strong>.&nbsp;<\/p>\n\n\n\n<p class=\"wp-block-paragraph\">Sendo assim, <strong>a autoridade classificadora, ou a autoridade hierarquicamente superior<\/strong> \u00e0quela que classificou a informa\u00e7\u00e3o, deve observar os <strong>crit\u00e9rios acima elencados<\/strong> para classificar a informa\u00e7\u00e3o nos n\u00edveis respectivos.<\/p>\n\n\n\n<h3 class=\"wp-block-heading has-vivid-cyan-blue-color has-text-color has-link-color wp-elements-8\" id=\"h-acesso-as-informacoes-pessoais\">Acesso \u00e0s informa\u00e7\u00f5es pessoais<\/h3>\n\n\n\n<p class=\"wp-block-paragraph\">Primeiramente, quanto ao acesso \u00e0s informa\u00e7\u00f5es pessoais, vejamos como o STJ se posiciona:<\/p>\n\n\n\n<blockquote class=\"wp-block-quote has-small-font-size is-layout-flow wp-block-quote-is-layout-flow\">\n<p class=\"wp-block-paragraph\">(&#8230;) <strong>2. A Lei de Acesso \u00e0 Informa\u00e7\u00e3o n. 12.527\/2011 n\u00e3o permite o acesso a toda e qualquer informa\u00e7\u00e3o. <\/strong>As pertinentes ao interesse coletivo s\u00e3o as que dizem respeito a registros de compet\u00eancias e estrutura organizacional, repasses ou transfer\u00eancias de recursos financeiros, registros de despesas, procedimentos licitat\u00f3rios, contratos celebrados, dados gerais de acompanhamento de programas, a\u00e7\u00f5es, projetos e obras de \u00f3rg\u00e3o e entidades e resposta e perguntas frequentes da sociedade. <strong>O \u00a7 5\u00ba do art. 31 da referida lei estabelece que os procedimentos de acesso a informa\u00e7\u00e3o pessoal ser\u00e3o regulamentados.<\/strong> Atendendo esta determina\u00e7\u00e3o, o Decreto n. 7.724\/2012 previu em seu art. 61 que &#8220;o acesso \u00e0 informa\u00e7\u00e3o pessoal por terceiros ser\u00e1 condicionado \u00e0 assinatura de um termo de responsabilidade que dispor\u00e1 sobre a finalidade e a destina\u00e7\u00e3o que fundamentaram sua autoriza\u00e7\u00e3o, sobre as obriga\u00e7\u00f5es a que se submeter\u00e1 o requerente&#8221;. (<a href=\"https:\/\/processo.stj.jus.br\/SCON\/GetInteiroTeorDoAcordao?num_registro=201300481741&amp;dt_publicacao=30\/05\/2017\" target=\"_blank\" rel=\"noreferrer noopener\">STJ, MS n. 19.807\/DF<\/a>, relator Ministro Benedito Gon\u00e7alves, Primeira Se\u00e7\u00e3o, julgado em 24\/5\/2017, DJe de 30\/5\/2017.)<\/p>\n<\/blockquote>\n\n\n\n<p class=\"wp-block-paragraph\">Nesse sentido, o <em>caput<\/em> do artigo 31 da LAI estabelece que se deve fazer o <strong>tratamento das informa\u00e7\u00f5es<\/strong> pessoais de forma transparente e com respeito \u00e0 intimidade, vida privada, honra e imagem das pessoas, bem como \u00e0s liberdades e garantias individuais.<\/p>\n\n\n\n<p class=\"wp-block-paragraph\">Portanto, notem que o dispositivo N\u00c3O fala que as informa\u00e7\u00f5es pessoais ser\u00e3o transparentes, mas sim o seu tratamento, ou seja, <strong>ser\u00e1 transparente a forma como se manipula as informa\u00e7\u00f5es pessoais<\/strong>.<\/p>\n\n\n\n<p class=\"wp-block-paragraph\">Com efeito, as informa\u00e7\u00f5es quanto \u00e0 <strong>intimidade<\/strong>, <strong>vida privada<\/strong>, <strong>honra <\/strong>e <strong>imagem<\/strong>:<\/p>\n\n\n\n<blockquote class=\"wp-block-quote has-small-font-size is-layout-flow wp-block-quote-is-layout-flow\">\n<p class=\"wp-block-paragraph\">\u00a7 1\u00ba (&#8230;)<\/p>\n\n\n\n<p class=\"wp-block-paragraph\">I &#8211; ter\u00e3o seu acesso restrito, <strong>independentemente de classifica\u00e7\u00e3o de sigilo e pelo prazo m\u00e1ximo de 100 (cem) anos a contar da sua data de produ\u00e7\u00e3o<\/strong>, a agentes p\u00fablicos legalmente autorizados e \u00e0 pessoa a que elas se referirem; e<\/p>\n\n\n\n<p class=\"wp-block-paragraph\">II &#8211; poder\u00e3o ter autorizada sua divulga\u00e7\u00e3o ou acesso por terceiros diante de previs\u00e3o legal ou consentimento expresso da pessoa a que elas se referirem.<\/p>\n\n\n\n<p class=\"wp-block-paragraph\">\u00a7 3\u00ba <strong>O consentimento<\/strong> referido no inciso II do \u00a7 1\u00ba <strong>N\u00c3O ser\u00e1 exigido quando as informa\u00e7\u00f5es forem necess\u00e1rias:<\/strong><\/p>\n\n\n\n<p class=\"wp-block-paragraph\">I &#8211; \u00e0 preven\u00e7\u00e3o e diagn\u00f3stico m\u00e9dico, quando a pessoa estiver f\u00edsica ou legalmente incapaz, e para utiliza\u00e7\u00e3o \u00fanica e exclusivamente para o tratamento m\u00e9dico;<br \/><br \/>II &#8211; \u00e0 realiza\u00e7\u00e3o de estat\u00edsticas e pesquisas cient\u00edficas de evidente interesse p\u00fablico ou geral, previstos em lei, sendo vedada a identifica\u00e7\u00e3o da pessoa a que as informa\u00e7\u00f5es se referirem;<\/p>\n\n\n\n<p class=\"wp-block-paragraph\">III &#8211; ao cumprimento de ordem judicial;<\/p>\n\n\n\n<p class=\"wp-block-paragraph\">IV &#8211; \u00e0 defesa de direitos humanos; ou<\/p>\n\n\n\n<p class=\"wp-block-paragraph\">V &#8211; \u00e0 prote\u00e7\u00e3o do interesse p\u00fablico e geral preponderante.<\/p>\n<\/blockquote>\n\n\n\n<p class=\"wp-block-paragraph\">Outrossim, haver\u00e1 responsabilidade para todo aquele que obtiver acesso \u00e0s informa\u00e7\u00f5es pessoais e delas fizer uso indevido.<\/p>\n\n\n\n<p class=\"wp-block-paragraph\">Por fim, explicita-se que <strong>a restri\u00e7\u00e3o<\/strong> de acesso \u00e0 informa\u00e7\u00e3o relativa \u00e0 vida privada, honra e imagem de pessoa <strong>N\u00c3O poder\u00e1 ser invocada com o intuito de prejudicar processo de apura\u00e7\u00e3o de irregularidades<\/strong> em que o titular das informa\u00e7\u00f5es estiver envolvido, <strong>bem como em a\u00e7\u00f5es voltadas para a recupera\u00e7\u00e3o de fatos hist\u00f3ricos de maior relev\u00e2ncia<\/strong>.<\/p>\n\n\n\n<h2 class=\"wp-block-heading has-vivid-cyan-blue-color has-text-color has-link-color wp-elements-9\" id=\"h-conclusao\">Conclus\u00e3o<\/h2>\n\n\n\n<p class=\"wp-block-paragraph\">Portanto, pessoal, esse foi nosso breve resumo sobre as Restri\u00e7\u00f5es de Acesso \u00e0 Informa\u00e7\u00e3o na LAI (Lei 12.527\/2011) para Concursos P\u00fablicos.<\/p>\n\n\n\n<p class=\"wp-block-paragraph\">Por fim, considerando que n\u00e3o esgotamos aqui o tema, n\u00e3o deixe de revisar o assunto em seu material de estudos e praticar com diversas quest\u00f5es sobre o tema.<\/p>\n\n\n\n<p class=\"wp-block-paragraph\">No mais, desejamos um excelente estudo a todos!!<\/p>\n\n\n\n<p class=\"has-text-align-center wp-block-paragraph\" id=\"h-quer-saber-tudo-sobre-concursos-previstos\"><strong>Quer saber quais ser\u00e3o os pr\u00f3ximos concursos?<\/strong><\/p>\n\n\n\n<p class=\"has-text-align-center wp-block-paragraph\"><strong>Confira nossos artigos!<\/strong><\/p>\n\n\n\n<p class=\"has-text-align-center has-white-color has-pale-cyan-blue-background-color has-text-color has-background wp-block-paragraph\"><a href=\"https:\/\/www.estrategiaconcursos.com.br\/blog\/concursos-abertos\/\" target=\"_blank\" rel=\"noreferrer noopener\">Confira os concursos p\u00fablicos abertos<\/a><\/p>\n\n\n\n<p class=\"has-text-align-center has-white-color has-pale-cyan-blue-background-color has-text-color has-background wp-block-paragraph\"><a href=\"https:\/\/www.estrategiaconcursos.com.br\/blog\/concursos-2023\/\" target=\"_blank\" rel=\"noreferrer noopener\">Concursos 2023<\/a><\/p>\n\n\n\n<p class=\"has-text-align-center has-white-color has-pale-cyan-blue-background-color has-text-color has-background wp-block-paragraph\"><a href=\"https:\/\/www.estrategiaconcursos.com.br\/blog\/concursos-2024\/\" target=\"_blank\" rel=\"noreferrer noopener\">Concursos 2024<\/a><\/p>\n\n\n\n<h3 class=\"wp-block-heading\" id=\"assinatura-de-concursos\">Assinatura de Concursos<\/h3>\n\n\n\n<p class=\"wp-block-paragraph\">Assinatura de 1 ano ou 2 anos <a href=\"https:\/\/www.estrategiaconcursos.com.br\/blog\/assinaturas\/\" target=\"_blank\" rel=\"noreferrer noopener\">ASSINE AGORA<\/a><\/p>\n\n\n\n<p class=\"wp-block-paragraph\">Agora, confira as vagas e oportunidades dos&nbsp;<strong>concursos 2024<\/strong>&nbsp;navegando atrav\u00e9s do \u00edndice abaixo:<\/p>\n\n\n\n<h2 class=\"wp-block-heading\" id=\"concursos-e-vagas-previstas-para-2023\">Concursos e vagas previstas para 2023:<\/h2>\n\n\n\n<p class=\"wp-block-paragraph\">Ademais, al\u00e9m deste resumo sobre as Restri\u00e7\u00f5es de Acesso \u00e0 Informa\u00e7\u00e3o na LAI, confira:<\/p>\n\n\n\n<ul class=\"wp-block-list\">\n<li><a href=\"https:\/\/www.estrategiaconcursos.com.br\/blog\/concursos-2023\/#policial\" target=\"_blank\" rel=\"noreferrer noopener\">Concursos Policiais<\/a><\/li>\n\n\n\n<li><a href=\"https:\/\/www.estrategiaconcursos.com.br\/blog\/concursos-2023\/#fiscal\" target=\"_blank\" rel=\"noreferrer noopener\">Concursos Fiscais<\/a><\/li>\n\n\n\n<li><a href=\"https:\/\/www.estrategiaconcursos.com.br\/blog\/concursos-2023\/#controle\" target=\"_blank\" rel=\"noreferrer noopener\">Concursos Controle<\/a><\/li>\n\n\n\n<li><a href=\"https:\/\/www.estrategiaconcursos.com.br\/blog\/concursos-2023\/#tribunais\" target=\"_blank\" rel=\"noreferrer noopener\">Concursos Tribunais<\/a><\/li>\n\n\n\n<li><a href=\"https:\/\/www.estrategiaconcursos.com.br\/blog\/concursos-2023\/#ministerios-publicos\" target=\"_blank\" rel=\"noreferrer noopener\">Concursos em Minist\u00e9rios P\u00fablicos<\/a><\/li>\n\n\n\n<li><a href=\"https:\/\/www.estrategiaconcursos.com.br\/blog\/concursos-2023\/#defensorias-publicas\" target=\"_blank\" rel=\"noreferrer noopener\">Concursos em Defensorias<\/a><\/li>\n\n\n\n<li><a href=\"https:\/\/www.estrategiaconcursos.com.br\/blog\/concursos-2023\/#legislativa\" target=\"_blank\" rel=\"noreferrer noopener\">Concursos Legislativos<\/a><\/li>\n\n\n\n<li><a href=\"https:\/\/www.estrategiaconcursos.com.br\/blog\/concursos-2023\/#saude\" target=\"_blank\" rel=\"noreferrer noopener\">Concursos da \u00e1rea da Sa\u00fade<\/a><\/li>\n\n\n\n<li><a href=\"https:\/\/www.estrategiaconcursos.com.br\/blog\/concursos-2023\/#bancaria\" target=\"_blank\" rel=\"noreferrer noopener\">Concursos da \u00e1rea banc\u00e1ria<\/a><\/li>\n\n\n\n<li><a href=\"https:\/\/www.estrategiaconcursos.com.br\/blog\/concursos-2023\/#educacao\" target=\"_blank\" rel=\"noreferrer noopener\">Concursos da \u00e1rea da Educa\u00e7\u00e3o<\/a><\/li>\n\n\n\n<li><a href=\"https:\/\/www.estrategiaconcursos.com.br\/blog\/concursos-2023\/#prefeituras\" target=\"_blank\" rel=\"noreferrer noopener\">Concursos para Prefeituras<\/a><\/li>\n\n\n\n<li><a href=\"https:\/\/www.estrategiaconcursos.com.br\/blog\/concursos-2023\/#outros\" target=\"_blank\" rel=\"noreferrer noopener\">Concursos outras oportunidades<\/a><\/li>\n\n\n\n<li><a href=\"https:\/\/www.estrategiaconcursos.com.br\/blog\/concursos-2023\/#concursos-estado\" target=\"_blank\" rel=\"noreferrer noopener\">Concursos 2023 por Estado<\/a><\/li>\n<\/ul>\n\n\n\n<p class=\"has-text-align-center has-luminous-vivid-amber-background-color has-background wp-block-paragraph\" style=\"font-size:clamp(14.642px, 0.915rem + ((1vw - 3.2px) * 0.721), 22px);\"><strong>Veja tamb\u00e9m: <a href=\"https:\/\/www.estrategiaconcursos.com.br\/blog\/concursos-abertos\/\" target=\"_blank\" rel=\"noreferrer noopener\">Concursos Abertos<\/a><\/strong><\/p>\n\n\n\n<p class=\"has-text-align-left wp-block-paragraph\" style=\"font-size:clamp(16.293px, 1.018rem + ((1vw - 3.2px) * 0.854), 25px);\"><em><strong>Quer saber tudo sobre os concursos previstos? Confira nossos artigos completos:<\/strong><\/em><\/p>\n\n\n\n<p class=\"wp-block-paragraph\">Ademais, al\u00e9m deste resumo sobre as Restri\u00e7\u00f5es de Acesso \u00e0 Informa\u00e7\u00e3o na LAI, confira:<\/p>\n\n\n\n<ul class=\"wp-block-list\">\n<li><a href=\"https:\/\/www.estrategiaconcursos.com.br\/blog\/concursos-2024\/\" target=\"_blank\" rel=\"noreferrer noopener\">Concursos 2024<\/a><\/li>\n\n\n\n<li><a href=\"https:\/\/www.estrategiaconcursos.com.br\/blog\/concurso-nacional-unificado\/\" target=\"_blank\" rel=\"noreferrer noopener\">Concurso Nacional Unificado (CNU)<\/a><\/li>\n<\/ul>\n","protected":false},"excerpt":{"rendered":"<p>Fala, pessoal, tudo certo? Hoje traremos um resumo sobre as Restri\u00e7\u00f5es de Acesso \u00e0 Informa\u00e7\u00e3o na LAI (Lei de Acesso \u00e0 Informa\u00e7\u00e3o &#8211; Lei 12.527\/2011) para concursos p\u00fablicos. Trata-se de uma Lei bastante cobrada em concursos p\u00fablicos de um modo geral, independentemente de qual carreira se escolha seguir, uma vez que o acesso \u00e0 informa\u00e7\u00e3o [&hellip;]<\/p>\n","protected":false},"author":2567,"featured_media":700865,"comment_status":"open","ping_status":"closed","sticky":false,"template":"","format":"standard","meta":{"_acf_changed":false,"post_tipo":"article","footnotes":""},"categories":[1],"tags":[],"tax_estado":[219964,219965,219966,219967,219968,219969,219963,219970,219971,219972,219973,219974,219975,219976,219977,219978,219979,219980,219981,219982,219983,219984,219985,219986,219987,219988,219989,219990],"class_list":["post-1308870","post","type-post","status-publish","format-standard","has-post-thumbnail","hentry","category-cursos-e-concursos","tax_estado-ac","tax_estado-al","tax_estado-am","tax_estado-ap","tax_estado-ba","tax_estado-ce","tax_estado-concursos-federais","tax_estado-df","tax_estado-es","tax_estado-go","tax_estado-ma","tax_estado-mg","tax_estado-ms","tax_estado-mt","tax_estado-pa","tax_estado-pb","tax_estado-pe","tax_estado-pi","tax_estado-pr","tax_estado-rj","tax_estado-rn","tax_estado-ro","tax_estado-rr","tax_estado-rs","tax_estado-sc","tax_estado-se","tax_estado-sp","tax_estado-to"],"acf":[],"yoast_head":"<!-- This site is optimized with the Yoast SEO Premium plugin v28.1 (Yoast SEO v28.1) - https:\/\/yoast.com\/product\/yoast-seo-premium-wordpress\/ -->\n<title>Restri\u00e7\u00f5es de Acesso \u00e0 Informa\u00e7\u00e3o na LAI (Lei 12.527\/2011)<\/title>\n<meta name=\"description\" content=\"Confira um resumo sobre as Restri\u00e7\u00f5es de Acesso \u00e0 Informa\u00e7\u00e3o na LAI (Lei de Acesso \u00e0 Informa\u00e7\u00e3o - Lei 12.527\/2011)!\" \/>\n<meta name=\"robots\" content=\"index, follow, max-snippet:-1, max-image-preview:large, max-video-preview:-1\" \/>\n<link rel=\"canonical\" href=\"https:\/\/www.estrategiaconcursos.com.br\/blog\/restricoes-acesso-informacao-lai\/\" \/>\n<meta property=\"og:locale\" content=\"pt_BR\" \/>\n<meta property=\"og:type\" content=\"article\" \/>\n<meta property=\"og:title\" content=\"Restri\u00e7\u00f5es de Acesso \u00e0 Informa\u00e7\u00e3o na LAI (Lei 12.527\/2011)\" \/>\n<meta property=\"og:description\" content=\"Confira um resumo sobre as Restri\u00e7\u00f5es de Acesso \u00e0 Informa\u00e7\u00e3o na LAI (Lei de Acesso \u00e0 Informa\u00e7\u00e3o - Lei 12.527\/2011)!\" \/>\n<meta property=\"og:url\" content=\"https:\/\/www.estrategiaconcursos.com.br\/blog\/restricoes-acesso-informacao-lai\/\" \/>\n<meta property=\"og:site_name\" content=\"Estrat\u00e9gia Concursos\" \/>\n<meta property=\"article:published_time\" content=\"2023-12-14T17:00:00+00:00\" \/>\n<meta property=\"og:image\" content=\"https:\/\/dhg1h5j42swfq.cloudfront.net\/2021\/03\/25092019\/fontes-atualizacao-lei-acesso-informacao.jpg\" \/>\n\t<meta property=\"og:image:width\" content=\"744\" \/>\n\t<meta property=\"og:image:height\" content=\"391\" \/>\n\t<meta property=\"og:image:type\" content=\"image\/jpeg\" \/>\n<meta name=\"author\" content=\"Frederico Tadeu Borlot Peixoto\" \/>\n<meta name=\"twitter:card\" content=\"summary_large_image\" \/>\n<meta name=\"twitter:creator\" content=\"@EstratConcursos\" \/>\n<meta name=\"twitter:site\" content=\"@EstratConcursos\" \/>\n<meta name=\"twitter:label1\" content=\"Escrito por\" \/>\n\t<meta name=\"twitter:data1\" content=\"Frederico Tadeu Borlot Peixoto\" \/>\n\t<meta name=\"twitter:label2\" content=\"Est. tempo de leitura\" \/>\n\t<meta name=\"twitter:data2\" content=\"11 minutos\" \/>\n<script type=\"application\/ld+json\" class=\"yoast-schema-graph\">{\"@context\":\"https:\\\/\\\/schema.org\",\"@graph\":[{\"@type\":\"NewsArticle\",\"@id\":\"https:\\\/\\\/www.estrategiaconcursos.com.br\\\/blog\\\/restricoes-acesso-informacao-lai\\\/#article\",\"isPartOf\":{\"@id\":\"https:\\\/\\\/www.estrategiaconcursos.com.br\\\/blog\\\/restricoes-acesso-informacao-lai\\\/\"},\"author\":{\"name\":\"Frederico Tadeu Borlot Peixoto\",\"@id\":\"https:\\\/\\\/blog-estrategia.mystagingwebsite.com\\\/#\\\/schema\\\/person\\\/48a7e085e45aee7c3d4596399af50ebb\"},\"headline\":\"Restri\u00e7\u00f5es de Acesso \u00e0 Informa\u00e7\u00e3o na LAI (Lei 12.527\\\/2011)\",\"datePublished\":\"2023-12-14T17:00:00+00:00\",\"mainEntityOfPage\":{\"@id\":\"https:\\\/\\\/www.estrategiaconcursos.com.br\\\/blog\\\/restricoes-acesso-informacao-lai\\\/\"},\"wordCount\":2219,\"commentCount\":0,\"publisher\":{\"@id\":\"https:\\\/\\\/blog-estrategia.mystagingwebsite.com\\\/#organization\"},\"image\":{\"@id\":\"https:\\\/\\\/www.estrategiaconcursos.com.br\\\/blog\\\/restricoes-acesso-informacao-lai\\\/#primaryimage\"},\"thumbnailUrl\":\"https:\\\/\\\/dhg1h5j42swfq.cloudfront.net\\\/2021\\\/03\\\/25092019\\\/fontes-atualizacao-lei-acesso-informacao.jpg\",\"articleSection\":[\"Concursos P\u00fablicos\"],\"inLanguage\":\"pt-BR\",\"potentialAction\":[{\"@type\":\"CommentAction\",\"name\":\"Comment\",\"target\":[\"https:\\\/\\\/www.estrategiaconcursos.com.br\\\/blog\\\/restricoes-acesso-informacao-lai\\\/#respond\"]}],\"copyrightYear\":\"2023\",\"copyrightHolder\":{\"@id\":\"https:\\\/\\\/www.estrategiaconcursos.com.br\\\/blog\\\/#organization\"}},{\"@type\":\"WebPage\",\"@id\":\"https:\\\/\\\/www.estrategiaconcursos.com.br\\\/blog\\\/restricoes-acesso-informacao-lai\\\/\",\"url\":\"https:\\\/\\\/www.estrategiaconcursos.com.br\\\/blog\\\/restricoes-acesso-informacao-lai\\\/\",\"name\":\"Restri\u00e7\u00f5es de Acesso \u00e0 Informa\u00e7\u00e3o na LAI (Lei 12.527\\\/2011)\",\"isPartOf\":{\"@id\":\"https:\\\/\\\/blog-estrategia.mystagingwebsite.com\\\/#website\"},\"primaryImageOfPage\":{\"@id\":\"https:\\\/\\\/www.estrategiaconcursos.com.br\\\/blog\\\/restricoes-acesso-informacao-lai\\\/#primaryimage\"},\"image\":{\"@id\":\"https:\\\/\\\/www.estrategiaconcursos.com.br\\\/blog\\\/restricoes-acesso-informacao-lai\\\/#primaryimage\"},\"thumbnailUrl\":\"https:\\\/\\\/dhg1h5j42swfq.cloudfront.net\\\/2021\\\/03\\\/25092019\\\/fontes-atualizacao-lei-acesso-informacao.jpg\",\"datePublished\":\"2023-12-14T17:00:00+00:00\",\"description\":\"Confira um resumo sobre as Restri\u00e7\u00f5es de Acesso \u00e0 Informa\u00e7\u00e3o na LAI (Lei de Acesso \u00e0 Informa\u00e7\u00e3o - Lei 12.527\\\/2011)!\",\"breadcrumb\":{\"@id\":\"https:\\\/\\\/www.estrategiaconcursos.com.br\\\/blog\\\/restricoes-acesso-informacao-lai\\\/#breadcrumb\"},\"inLanguage\":\"pt-BR\",\"potentialAction\":[{\"@type\":\"ReadAction\",\"target\":[\"https:\\\/\\\/www.estrategiaconcursos.com.br\\\/blog\\\/restricoes-acesso-informacao-lai\\\/\"]}]},{\"@type\":\"ImageObject\",\"inLanguage\":\"pt-BR\",\"@id\":\"https:\\\/\\\/www.estrategiaconcursos.com.br\\\/blog\\\/restricoes-acesso-informacao-lai\\\/#primaryimage\",\"url\":\"https:\\\/\\\/dhg1h5j42swfq.cloudfront.net\\\/2021\\\/03\\\/25092019\\\/fontes-atualizacao-lei-acesso-informacao.jpg\",\"contentUrl\":\"https:\\\/\\\/dhg1h5j42swfq.cloudfront.net\\\/2021\\\/03\\\/25092019\\\/fontes-atualizacao-lei-acesso-informacao.jpg\",\"width\":744,\"height\":391},{\"@type\":\"BreadcrumbList\",\"@id\":\"https:\\\/\\\/www.estrategiaconcursos.com.br\\\/blog\\\/restricoes-acesso-informacao-lai\\\/#breadcrumb\",\"itemListElement\":[{\"@type\":\"ListItem\",\"position\":1,\"name\":\"In\u00edcio\",\"item\":\"https:\\\/\\\/blog-estrategia.mystagingwebsite.com\\\/\"},{\"@type\":\"ListItem\",\"position\":2,\"name\":\"Restri\u00e7\u00f5es de Acesso \u00e0 Informa\u00e7\u00e3o na LAI (Lei 12.527\\\/2011)\"}]},{\"@type\":\"WebSite\",\"@id\":\"https:\\\/\\\/blog-estrategia.mystagingwebsite.com\\\/#website\",\"url\":\"https:\\\/\\\/blog-estrategia.mystagingwebsite.com\\\/\",\"name\":\"Estrat\u00e9gia Concursos\",\"description\":\"O blog da Estrat\u00e9gia Concursos traz not\u00edcias sobre concursos e artigos de professores oferecendo cursos para concursos (pdf + videaulas) no site.\",\"publisher\":{\"@id\":\"https:\\\/\\\/blog-estrategia.mystagingwebsite.com\\\/#organization\"},\"potentialAction\":[{\"@type\":\"SearchAction\",\"target\":{\"@type\":\"EntryPoint\",\"urlTemplate\":\"https:\\\/\\\/blog-estrategia.mystagingwebsite.com\\\/?s={search_term_string}\"},\"query-input\":{\"@type\":\"PropertyValueSpecification\",\"valueRequired\":true,\"valueName\":\"search_term_string\"}}],\"inLanguage\":\"pt-BR\"},{\"@type\":\"Organization\",\"@id\":\"https:\\\/\\\/blog-estrategia.mystagingwebsite.com\\\/#organization\",\"name\":\"Estrat\u00e9gia Concursos\",\"url\":\"https:\\\/\\\/blog-estrategia.mystagingwebsite.com\\\/\",\"logo\":{\"@type\":\"ImageObject\",\"inLanguage\":\"pt-BR\",\"@id\":\"https:\\\/\\\/blog-estrategia.mystagingwebsite.com\\\/#\\\/schema\\\/logo\\\/image\\\/\",\"url\":\"https:\\\/\\\/dhg1h5j42swfq.cloudfront.net\\\/2025\\\/06\\\/03203428\\\/logo_concursos-1.jpg\",\"contentUrl\":\"https:\\\/\\\/dhg1h5j42swfq.cloudfront.net\\\/2025\\\/06\\\/03203428\\\/logo_concursos-1.jpg\",\"width\":230,\"height\":60,\"caption\":\"Estrat\u00e9gia Concursos\"},\"image\":{\"@id\":\"https:\\\/\\\/blog-estrategia.mystagingwebsite.com\\\/#\\\/schema\\\/logo\\\/image\\\/\"},\"sameAs\":[\"https:\\\/\\\/x.com\\\/EstratConcursos\"]},{\"@type\":\"Person\",\"@id\":\"https:\\\/\\\/blog-estrategia.mystagingwebsite.com\\\/#\\\/schema\\\/person\\\/48a7e085e45aee7c3d4596399af50ebb\",\"name\":\"Frederico Tadeu Borlot Peixoto\",\"image\":{\"@type\":\"ImageObject\",\"inLanguage\":\"pt-BR\",\"@id\":\"https:\\\/\\\/secure.gravatar.com\\\/avatar\\\/df8a49e2321c1e32f85e9e7c2a9c92c688f1f53a947220f40017ff5858b09fdb?s=96&d=mm&r=g\",\"url\":\"https:\\\/\\\/secure.gravatar.com\\\/avatar\\\/df8a49e2321c1e32f85e9e7c2a9c92c688f1f53a947220f40017ff5858b09fdb?s=96&d=mm&r=g\",\"contentUrl\":\"https:\\\/\\\/secure.gravatar.com\\\/avatar\\\/df8a49e2321c1e32f85e9e7c2a9c92c688f1f53a947220f40017ff5858b09fdb?s=96&d=mm&r=g\",\"caption\":\"Frederico Tadeu Borlot Peixoto\"},\"description\":\"Analista Judici\u00e1rio - \u00c1rea Judici\u00e1ria do TRF da 4\u00aa regi\u00e3o. Bacharel em Direito. P\u00f3s-graduado em Direito Administrativo, Legisla\u00e7\u00e3o Penal Especial, Direito Penal e Direito Processual Penal. Tamb\u00e9m nomeado no TRF da 3\u00aa regi\u00e3o (8\u00ba lugar); SPPREV (3\u00ba lugar); IFES (2\u00ba lugar); e PMES. https:\\\/\\\/www.instagram.com\\\/proffrederico\\\/\",\"sameAs\":[\"https:\\\/\\\/www.instagram.com\\\/proffrederico\\\/\"],\"url\":\"https:\\\/\\\/www.estrategiaconcursos.com.br\\\/blog\\\/author\\\/xfredericohotmail-com\\\/\"}]}<\/script>\n<!-- \/ Yoast SEO Premium plugin. -->","yoast_head_json":{"title":"Restri\u00e7\u00f5es de Acesso \u00e0 Informa\u00e7\u00e3o na LAI (Lei 12.527\/2011)","description":"Confira um resumo sobre as Restri\u00e7\u00f5es de Acesso \u00e0 Informa\u00e7\u00e3o na LAI (Lei de Acesso \u00e0 Informa\u00e7\u00e3o - Lei 12.527\/2011)!","robots":{"index":"index","follow":"follow","max-snippet":"max-snippet:-1","max-image-preview":"max-image-preview:large","max-video-preview":"max-video-preview:-1"},"canonical":"https:\/\/www.estrategiaconcursos.com.br\/blog\/restricoes-acesso-informacao-lai\/","og_locale":"pt_BR","og_type":"article","og_title":"Restri\u00e7\u00f5es de Acesso \u00e0 Informa\u00e7\u00e3o na LAI (Lei 12.527\/2011)","og_description":"Confira um resumo sobre as Restri\u00e7\u00f5es de Acesso \u00e0 Informa\u00e7\u00e3o na LAI (Lei de Acesso \u00e0 Informa\u00e7\u00e3o - Lei 12.527\/2011)!","og_url":"https:\/\/www.estrategiaconcursos.com.br\/blog\/restricoes-acesso-informacao-lai\/","og_site_name":"Estrat\u00e9gia Concursos","article_published_time":"2023-12-14T17:00:00+00:00","og_image":[{"width":744,"height":391,"url":"https:\/\/dhg1h5j42swfq.cloudfront.net\/2021\/03\/25092019\/fontes-atualizacao-lei-acesso-informacao.jpg","type":"image\/jpeg"}],"author":"Frederico Tadeu Borlot Peixoto","twitter_card":"summary_large_image","twitter_creator":"@EstratConcursos","twitter_site":"@EstratConcursos","twitter_misc":{"Escrito por":"Frederico Tadeu Borlot Peixoto","Est. tempo de leitura":"11 minutos"},"schema":{"@context":"https:\/\/schema.org","@graph":[{"@type":"NewsArticle","@id":"https:\/\/www.estrategiaconcursos.com.br\/blog\/restricoes-acesso-informacao-lai\/#article","isPartOf":{"@id":"https:\/\/www.estrategiaconcursos.com.br\/blog\/restricoes-acesso-informacao-lai\/"},"author":{"name":"Frederico Tadeu Borlot Peixoto","@id":"https:\/\/blog-estrategia.mystagingwebsite.com\/#\/schema\/person\/48a7e085e45aee7c3d4596399af50ebb"},"headline":"Restri\u00e7\u00f5es de Acesso \u00e0 Informa\u00e7\u00e3o na LAI (Lei 12.527\/2011)","datePublished":"2023-12-14T17:00:00+00:00","mainEntityOfPage":{"@id":"https:\/\/www.estrategiaconcursos.com.br\/blog\/restricoes-acesso-informacao-lai\/"},"wordCount":2219,"commentCount":0,"publisher":{"@id":"https:\/\/blog-estrategia.mystagingwebsite.com\/#organization"},"image":{"@id":"https:\/\/www.estrategiaconcursos.com.br\/blog\/restricoes-acesso-informacao-lai\/#primaryimage"},"thumbnailUrl":"https:\/\/dhg1h5j42swfq.cloudfront.net\/2021\/03\/25092019\/fontes-atualizacao-lei-acesso-informacao.jpg","articleSection":["Concursos P\u00fablicos"],"inLanguage":"pt-BR","potentialAction":[{"@type":"CommentAction","name":"Comment","target":["https:\/\/www.estrategiaconcursos.com.br\/blog\/restricoes-acesso-informacao-lai\/#respond"]}],"copyrightYear":"2023","copyrightHolder":{"@id":"https:\/\/www.estrategiaconcursos.com.br\/blog\/#organization"}},{"@type":"WebPage","@id":"https:\/\/www.estrategiaconcursos.com.br\/blog\/restricoes-acesso-informacao-lai\/","url":"https:\/\/www.estrategiaconcursos.com.br\/blog\/restricoes-acesso-informacao-lai\/","name":"Restri\u00e7\u00f5es de Acesso \u00e0 Informa\u00e7\u00e3o na LAI (Lei 12.527\/2011)","isPartOf":{"@id":"https:\/\/blog-estrategia.mystagingwebsite.com\/#website"},"primaryImageOfPage":{"@id":"https:\/\/www.estrategiaconcursos.com.br\/blog\/restricoes-acesso-informacao-lai\/#primaryimage"},"image":{"@id":"https:\/\/www.estrategiaconcursos.com.br\/blog\/restricoes-acesso-informacao-lai\/#primaryimage"},"thumbnailUrl":"https:\/\/dhg1h5j42swfq.cloudfront.net\/2021\/03\/25092019\/fontes-atualizacao-lei-acesso-informacao.jpg","datePublished":"2023-12-14T17:00:00+00:00","description":"Confira um resumo sobre as Restri\u00e7\u00f5es de Acesso \u00e0 Informa\u00e7\u00e3o na LAI (Lei de Acesso \u00e0 Informa\u00e7\u00e3o - Lei 12.527\/2011)!","breadcrumb":{"@id":"https:\/\/www.estrategiaconcursos.com.br\/blog\/restricoes-acesso-informacao-lai\/#breadcrumb"},"inLanguage":"pt-BR","potentialAction":[{"@type":"ReadAction","target":["https:\/\/www.estrategiaconcursos.com.br\/blog\/restricoes-acesso-informacao-lai\/"]}]},{"@type":"ImageObject","inLanguage":"pt-BR","@id":"https:\/\/www.estrategiaconcursos.com.br\/blog\/restricoes-acesso-informacao-lai\/#primaryimage","url":"https:\/\/dhg1h5j42swfq.cloudfront.net\/2021\/03\/25092019\/fontes-atualizacao-lei-acesso-informacao.jpg","contentUrl":"https:\/\/dhg1h5j42swfq.cloudfront.net\/2021\/03\/25092019\/fontes-atualizacao-lei-acesso-informacao.jpg","width":744,"height":391},{"@type":"BreadcrumbList","@id":"https:\/\/www.estrategiaconcursos.com.br\/blog\/restricoes-acesso-informacao-lai\/#breadcrumb","itemListElement":[{"@type":"ListItem","position":1,"name":"In\u00edcio","item":"https:\/\/blog-estrategia.mystagingwebsite.com\/"},{"@type":"ListItem","position":2,"name":"Restri\u00e7\u00f5es de Acesso \u00e0 Informa\u00e7\u00e3o na LAI (Lei 12.527\/2011)"}]},{"@type":"WebSite","@id":"https:\/\/blog-estrategia.mystagingwebsite.com\/#website","url":"https:\/\/blog-estrategia.mystagingwebsite.com\/","name":"Estrat\u00e9gia Concursos","description":"O blog da Estrat\u00e9gia Concursos traz not\u00edcias sobre concursos e artigos de professores oferecendo cursos para concursos (pdf + videaulas) no site.","publisher":{"@id":"https:\/\/blog-estrategia.mystagingwebsite.com\/#organization"},"potentialAction":[{"@type":"SearchAction","target":{"@type":"EntryPoint","urlTemplate":"https:\/\/blog-estrategia.mystagingwebsite.com\/?s={search_term_string}"},"query-input":{"@type":"PropertyValueSpecification","valueRequired":true,"valueName":"search_term_string"}}],"inLanguage":"pt-BR"},{"@type":"Organization","@id":"https:\/\/blog-estrategia.mystagingwebsite.com\/#organization","name":"Estrat\u00e9gia Concursos","url":"https:\/\/blog-estrategia.mystagingwebsite.com\/","logo":{"@type":"ImageObject","inLanguage":"pt-BR","@id":"https:\/\/blog-estrategia.mystagingwebsite.com\/#\/schema\/logo\/image\/","url":"https:\/\/dhg1h5j42swfq.cloudfront.net\/2025\/06\/03203428\/logo_concursos-1.jpg","contentUrl":"https:\/\/dhg1h5j42swfq.cloudfront.net\/2025\/06\/03203428\/logo_concursos-1.jpg","width":230,"height":60,"caption":"Estrat\u00e9gia Concursos"},"image":{"@id":"https:\/\/blog-estrategia.mystagingwebsite.com\/#\/schema\/logo\/image\/"},"sameAs":["https:\/\/x.com\/EstratConcursos"]},{"@type":"Person","@id":"https:\/\/blog-estrategia.mystagingwebsite.com\/#\/schema\/person\/48a7e085e45aee7c3d4596399af50ebb","name":"Frederico Tadeu Borlot Peixoto","image":{"@type":"ImageObject","inLanguage":"pt-BR","@id":"https:\/\/secure.gravatar.com\/avatar\/df8a49e2321c1e32f85e9e7c2a9c92c688f1f53a947220f40017ff5858b09fdb?s=96&d=mm&r=g","url":"https:\/\/secure.gravatar.com\/avatar\/df8a49e2321c1e32f85e9e7c2a9c92c688f1f53a947220f40017ff5858b09fdb?s=96&d=mm&r=g","contentUrl":"https:\/\/secure.gravatar.com\/avatar\/df8a49e2321c1e32f85e9e7c2a9c92c688f1f53a947220f40017ff5858b09fdb?s=96&d=mm&r=g","caption":"Frederico Tadeu Borlot Peixoto"},"description":"Analista Judici\u00e1rio - \u00c1rea Judici\u00e1ria do TRF da 4\u00aa regi\u00e3o. Bacharel em Direito. P\u00f3s-graduado em Direito Administrativo, Legisla\u00e7\u00e3o Penal Especial, Direito Penal e Direito Processual Penal. Tamb\u00e9m nomeado no TRF da 3\u00aa regi\u00e3o (8\u00ba lugar); SPPREV (3\u00ba lugar); IFES (2\u00ba lugar); e PMES. https:\/\/www.instagram.com\/proffrederico\/","sameAs":["https:\/\/www.instagram.com\/proffrederico\/"],"url":"https:\/\/www.estrategiaconcursos.com.br\/blog\/author\/xfredericohotmail-com\/"}]}},"_links":{"self":[{"href":"https:\/\/www.estrategiaconcursos.com.br\/blog\/wp-json\/wp\/v2\/posts\/1308870","targetHints":{"allow":["GET"]}}],"collection":[{"href":"https:\/\/www.estrategiaconcursos.com.br\/blog\/wp-json\/wp\/v2\/posts"}],"about":[{"href":"https:\/\/www.estrategiaconcursos.com.br\/blog\/wp-json\/wp\/v2\/types\/post"}],"author":[{"embeddable":true,"href":"https:\/\/www.estrategiaconcursos.com.br\/blog\/wp-json\/wp\/v2\/users\/2567"}],"replies":[{"embeddable":true,"href":"https:\/\/www.estrategiaconcursos.com.br\/blog\/wp-json\/wp\/v2\/comments?post=1308870"}],"version-history":[{"count":0,"href":"https:\/\/www.estrategiaconcursos.com.br\/blog\/wp-json\/wp\/v2\/posts\/1308870\/revisions"}],"wp:featuredmedia":[{"embeddable":true,"href":"https:\/\/www.estrategiaconcursos.com.br\/blog\/wp-json\/wp\/v2\/media\/700865"}],"wp:attachment":[{"href":"https:\/\/www.estrategiaconcursos.com.br\/blog\/wp-json\/wp\/v2\/media?parent=1308870"}],"wp:term":[{"taxonomy":"category","embeddable":true,"href":"https:\/\/www.estrategiaconcursos.com.br\/blog\/wp-json\/wp\/v2\/categories?post=1308870"},{"taxonomy":"post_tag","embeddable":true,"href":"https:\/\/www.estrategiaconcursos.com.br\/blog\/wp-json\/wp\/v2\/tags?post=1308870"},{"taxonomy":"tax_estado","embeddable":true,"href":"https:\/\/www.estrategiaconcursos.com.br\/blog\/wp-json\/wp\/v2\/tax_estado?post=1308870"}],"curies":[{"name":"wp","href":"https:\/\/api.w.org\/{rel}","templated":true}]}}