{"id":13078,"date":"2014-01-16T19:16:41","date_gmt":"2014-01-16T22:16:41","guid":{"rendered":"https:\/\/www.estrategiaconcursos.com.br\/blog\/?p=13078"},"modified":"2016-10-07T13:46:18","modified_gmt":"2016-10-07T16:46:18","slug":"ciclo-orcamentario-4-ou-8-fases","status":"publish","type":"post","link":"https:\/\/www.estrategiaconcursos.com.br\/blog\/ciclo-orcamentario-4-ou-8-fases\/","title":{"rendered":"Ciclo Or\u00e7ament\u00e1rio: 4 ou 8 fases?"},"content":{"rendered":"<p>Ol\u00e1 amigos! Como \u00e9 bom estar aqui!<\/p>\n<p>&nbsp;<\/p>\n<p>Tradicionalmente, o ciclo or\u00e7ament\u00e1rio \u00e9 considerado como o per\u00edodo de tempo em que se processam as atividades t\u00edpicas do or\u00e7amento p\u00fablico. \u00c9 um processo cont\u00ednuo, din\u00e2mico e flex\u00edvel, por meio do qual se elabora\/planeja, aprova, executa, controla\/avalia a programa\u00e7\u00e3o de disp\u00eandios do setor p\u00fablico nos aspectos f\u00edsico e financeiro. Dessa forma, o ciclo or\u00e7ament\u00e1rio possui <strong>quatro<\/strong> fases. \u00c9 assim que normalmente aparece em provas.<\/p>\n<p>&nbsp;<\/p>\n<p>Entretanto, existe tamb\u00e9m o que pode ser denominado como ciclo or\u00e7ament\u00e1rio <strong>ampliado<\/strong>. Tal termo designa o ciclo, em conjunto, do plano plurianual, da lei de diretrizes or\u00e7ament\u00e1rias e da lei or\u00e7ament\u00e1ria. Dessa forma, o ciclo or\u00e7ament\u00e1rio possui <strong>oito<\/strong> fases.<\/p>\n<p>&nbsp;<\/p>\n<p>Segundo Sanches, extra\u00eddo de \u201cSANCHES, Osvaldo Maldonado: <i>O ciclo or\u00e7ament\u00e1rio: <\/i>uma reavalia\u00e7\u00e3o \u00e0 luz da Constitui\u00e7\u00e3o de 1988: <i>Revista de Administra\u00e7\u00e3o P\u00fablica<\/i>, Rio de Janeiro: FGV, v. 27, n.4, pp. 54-76, out.\/dez. 1993\u201d, o ciclo or\u00e7ament\u00e1rio ampliado desdobrar-se em oito fases, quais sejam:<\/p>\n<p>_ formula\u00e7\u00e3o do planejamento plurianual, pelo Executivo;<\/p>\n<p>_ aprecia\u00e7\u00e3o e adequa\u00e7\u00e3o do plano, pelo Legislativo;<\/p>\n<p>_ proposi\u00e7\u00e3o de metas e prioridades para a administra\u00e7\u00e3o e da pol\u00edtica de aloca\u00e7\u00e3o de recursos pelo Executivo;<\/p>\n<p>_ aprecia\u00e7\u00e3o e adequa\u00e7\u00e3o da LDO, pelo Legislativo;<\/p>\n<p>_ elabora\u00e7\u00e3o da proposta de or\u00e7amento, pelo Executivo;<\/p>\n<p>_ aprecia\u00e7\u00e3o, adequa\u00e7\u00e3o e autoriza\u00e7\u00e3o legislativa;<\/p>\n<p>_ execu\u00e7\u00e3o dos or\u00e7amentos aprovados;<\/p>\n<p>_ avalia\u00e7\u00e3o da execu\u00e7\u00e3o e julgamento das contas.<\/p>\n<p>&nbsp;<\/p>\n<p>Ainda segundo o autor, tais fases s\u00e3o insuscet\u00edveis de aglutina\u00e7\u00e3o, dado que cada uma possui ritmo pr\u00f3prio, finalidade distinta e periodicidade definida. O plano plurianual, por exemplo, n\u00e3o pode ser aglutinado \u00e0 fase de elabora\u00e7\u00e3o do or\u00e7amento, porquanto constitui instrumento superordenador daquela, como evidenciado pelo cen\u00e1rio institucional articulado pela Constitui\u00e7\u00e3o de 1988.<\/p>\n<p>&nbsp;<\/p>\n<p>Repare que o artigo \u00e9 de 1993, n\u00e3o \u00e9 uma novidade. Entretanto, era rar\u00edssimo aparecer em provas das bancas mais tradicionais. Isso vem mudando. Vamos ver como apareceu recentemente em provas:<\/p>\n<p>&nbsp;<\/p>\n<p><strong>(CESPE \u2013 Analista Judici\u00e1rio &#8211; Administrativa \u2013 STF \u2013 2013) Nos termos da CF, o ciclo or\u00e7ament\u00e1rio desdobra-se em oito fases, cada uma com ritmo pr\u00f3prio, finalidade distinta e periodicidade definida.<\/strong><\/p>\n<p>&nbsp;<\/p>\n<p>Nos termos da CF\/1988, o ciclo or\u00e7ament\u00e1rio ampliado desdobrar-se em oito fases, quais sejam:<\/p>\n<p>_ formula\u00e7\u00e3o do planejamento plurianual, pelo Executivo;<\/p>\n<p>_ aprecia\u00e7\u00e3o e adequa\u00e7\u00e3o do plano, pelo Legislativo;<\/p>\n<p>_ proposi\u00e7\u00e3o de metas e prioridades para a administra\u00e7\u00e3o e da pol\u00edtica de aloca\u00e7\u00e3o de recursos pelo Executivo;<\/p>\n<p>_ aprecia\u00e7\u00e3o e adequa\u00e7\u00e3o da LDO, pelo Legislativo;<\/p>\n<p>_ elabora\u00e7\u00e3o da proposta de or\u00e7amento, pelo Executivo;<\/p>\n<p>_ aprecia\u00e7\u00e3o, adequa\u00e7\u00e3o e autoriza\u00e7\u00e3o legislativa;<\/p>\n<p>_ execu\u00e7\u00e3o dos or\u00e7amentos aprovados;<\/p>\n<p>_ avalia\u00e7\u00e3o da execu\u00e7\u00e3o e julgamento das contas.<\/p>\n<p>&nbsp;<\/p>\n<p>Tais fases s\u00e3o insuscet\u00edveis de aglutina\u00e7\u00e3o, dado que cada uma possui ritmo pr\u00f3prio, finalidade distinta e periodicidade definida.<\/p>\n<p>Resposta: Certa<\/p>\n<p>&nbsp;<\/p>\n<p><strong>(FUNRIO &#8211; Administrador \u2013 INSS \u2013 2013 \u2013 Prova anulada) De acordo com fluxograma do Ciclo Or\u00e7ament\u00e1rio a seguir:<\/strong><\/p>\n<p><strong>\u00a0<\/strong><\/p>\n<p><strong>Formula\u00e7\u00e3o e apresenta\u00e7\u00e3o do PPA pelo Executivo &gt;\u00a0Aprecia\u00e7\u00e3o e adequa\u00e7\u00e3o do PPA pelo Legislativo &gt;\u00a0__________________________<i>\u00a0<\/i>&gt; Aprecia\u00e7\u00e3o e adequa\u00e7\u00e3o da LDO pelo Legislativo &gt; Elabora\u00e7\u00e3o e apresenta\u00e7\u00e3o da LOA pelo Executivo &gt;\u00a0________________________________ &gt;\u00a0______________________&gt;\u00a0_______________________.<\/strong><\/p>\n<p><b>\u00a0<\/b><\/p>\n<p><b>Assinale a resposta que melhor corresponde \u00e0s atividades que est\u00e3o faltando.<\/b><\/p>\n<p><b>a) Apresenta\u00e7\u00e3o da LDO com as metas pelo Executivo, Aprecia\u00e7\u00e3o e adequa\u00e7\u00e3o da LOA pelo Legislativo, Execu\u00e7\u00e3o do\u00a0<\/b><b>or\u00e7amento aprovado pelo Legislativo, Controle pela avalia\u00e7\u00e3o da execu\u00e7\u00e3o e controle de contas.<\/b><\/p>\n<p><b>b) Apresenta\u00e7\u00e3o da LDO com as metas pelo Executivo, Execu\u00e7\u00e3o do or\u00e7amento aprovado pelo Legislativo, Controle pela avalia\u00e7\u00e3o da execu\u00e7\u00e3o e controle de contas, Avalia\u00e7\u00e3o e corre\u00e7\u00e3o do or\u00e7amento pelo Legislativo.<\/b><\/p>\n<p><b>c) Apresenta\u00e7\u00e3o da LDO com as metas pelo Executivo, Execu\u00e7\u00e3o do or\u00e7amento aprovado pelo Legislativo, Controle pela avalia\u00e7\u00e3o da execu\u00e7\u00e3o e controle de contas, Avalia\u00e7\u00e3o e corre\u00e7\u00e3o do or\u00e7amento pelo Executivo.<\/b><\/p>\n<p><b>d) Apresenta\u00e7\u00e3o da LDO com as metas pelo Executivo, Aprecia\u00e7\u00e3o e adequa\u00e7\u00e3o da LOA pelo Executivo, Execu\u00e7\u00e3o do\u00a0<\/b><b>or\u00e7amento aprovado pelo Legislativo, Controle pela avalia\u00e7\u00e3o da execu\u00e7\u00e3o e controle de contas.<\/b><\/p>\n<p><b>e) Apresenta\u00e7\u00e3o da LDO com as metas pelo Executivo, Execu\u00e7\u00e3o do or\u00e7amento aprovado pelo Legislativo, Controle e\u00a0<\/b><b>avalia\u00e7\u00e3o da execu\u00e7\u00e3o e controle de contas, Corre\u00e7\u00e3o e encaminhamento para aprecia\u00e7\u00e3o do Legislativo.<\/b><\/p>\n<p>&nbsp;<\/p>\n<p>Basta olhar as alternativas e verificar qual se encaixa na sequ\u00eancia.<\/p>\n<p>&nbsp;<\/p>\n<p>a) Correta.<\/p>\n<p>Formula\u00e7\u00e3o e apresenta\u00e7\u00e3o do PPA pelo Executivo &gt;\u00a0Aprecia\u00e7\u00e3o e adequa\u00e7\u00e3o do PPA pelo Legislativo &gt;\u00a0<span style=\"text-decoration: underline;\">Apresenta\u00e7\u00e3o da LDO com as metas pelo Executivo<\/span><i>\u00a0<\/i>&gt; Aprecia\u00e7\u00e3o e adequa\u00e7\u00e3o da LDO pelo Legislativo &gt; \u00a0Elabora\u00e7\u00e3o e apresenta\u00e7\u00e3o da LOA pelo Executivo &gt;\u00a0<span style=\"text-decoration: underline;\">Aprecia\u00e7\u00e3o e adequa\u00e7\u00e3o da LOA pelo Legislativo &gt;\u00a0Execu\u00e7\u00e3o do or\u00e7amento aprovado pelo Legislativo &gt;\u00a0Controle pela avalia\u00e7\u00e3o da execu\u00e7\u00e3o e controle de contas<\/span>.<\/p>\n<p>&nbsp;<\/p>\n<p>Analisando as demais alternativas:<\/p>\n<p>&nbsp;<\/p>\n<p>b) c) e) Erradas. A LOA deve ir para a execu\u00e7\u00e3o\u00a0<strong>depois\u00a0<\/strong>da fase de discuss\u00e3o\/aprova\u00e7\u00e3o pelo Legislativo.<\/p>\n<p>&nbsp;<\/p>\n<p>d) Errada.\u00a0 A aprecia\u00e7\u00e3o e adequa\u00e7\u00e3o da LOA devem ser realizadas pelo Poder\u00a0<strong>Legislativo<\/strong>, na fase de discuss\u00e3o.<\/p>\n<p>&nbsp;<\/p>\n<p>Resposta: Letra A<\/p>\n<p>&nbsp;<\/p>\n<p>&nbsp;<\/p>\n<p>A partir de agora, considere as duas interpreta\u00e7\u00f5es v\u00e1lidas para o ciclo or\u00e7ament\u00e1rio: quatro (tradicional) ou oito fases (ampliado).<\/p>\n<p>&nbsp;<\/p>\n<p>&nbsp;<\/p>\n<p>Forte abra\u00e7o!<\/p>\n<p>&nbsp;<\/p>\n<p>S\u00e9rgio Mendes<\/p>\n<p><a href=\"https:\/\/www.estrategiaconcursos.com.br\/cursosPorMateria\/orcamento-publico-238\/\">Cursos Online\u00a0de Or\u00e7amento P\u00fablico<\/a><\/p>\n<p>e-mail: sergiomendes@estrategiaconcursos.com.br<\/p>\n<p>Twitter: @sergiomendesafo<\/p>\n","protected":false},"excerpt":{"rendered":"<p>Ol\u00e1 amigos! Como \u00e9 bom estar aqui! &nbsp; Tradicionalmente, o ciclo or\u00e7ament\u00e1rio \u00e9 considerado como o per\u00edodo de tempo em que se processam as atividades t\u00edpicas do or\u00e7amento p\u00fablico. \u00c9 um processo cont\u00ednuo, din\u00e2mico e flex\u00edvel, por meio do qual se elabora\/planeja, aprova, executa, controla\/avalia a programa\u00e7\u00e3o de disp\u00eandios do setor p\u00fablico nos aspectos f\u00edsico [&hellip;]<\/p>\n","protected":false},"author":29,"featured_media":0,"comment_status":"open","ping_status":"open","sticky":false,"template":"","format":"standard","meta":{"post_tipo":"article","footnotes":""},"categories":[1],"tags":[332],"tax_estado":[],"class_list":["post-13078","post","type-post","status-publish","format-standard","hentry","category-cursos-e-concursos","tag-ciclo-orcamentario-8-fases"],"acf":[],"yoast_head":"<!-- This site is optimized with the Yoast SEO Premium plugin v27.2 (Yoast SEO v27.2) - https:\/\/yoast.com\/product\/yoast-seo-premium-wordpress\/ -->\n<title>Ciclo Or\u00e7ament\u00e1rio: 4 ou 8 fases?<\/title>\n<meta name=\"robots\" content=\"index, follow, max-snippet:-1, max-image-preview:large, max-video-preview:-1\" \/>\n<link rel=\"canonical\" href=\"https:\/\/www.estrategiaconcursos.com.br\/blog\/ciclo-orcamentario-4-ou-8-fases\/\" \/>\n<meta property=\"og:locale\" content=\"pt_BR\" \/>\n<meta property=\"og:type\" content=\"article\" \/>\n<meta property=\"og:title\" content=\"Ciclo Or\u00e7ament\u00e1rio: 4 ou 8 fases?\" \/>\n<meta property=\"og:description\" content=\"Ol\u00e1 amigos! Como \u00e9 bom estar aqui! &nbsp; Tradicionalmente, o ciclo or\u00e7ament\u00e1rio \u00e9 considerado como o per\u00edodo de tempo em que se processam as atividades t\u00edpicas do or\u00e7amento p\u00fablico. \u00c9 um processo cont\u00ednuo, din\u00e2mico e flex\u00edvel, por meio do qual se elabora\/planeja, aprova, executa, controla\/avalia a programa\u00e7\u00e3o de disp\u00eandios do setor p\u00fablico nos aspectos f\u00edsico [&hellip;]\" \/>\n<meta property=\"og:url\" content=\"https:\/\/www.estrategiaconcursos.com.br\/blog\/ciclo-orcamentario-4-ou-8-fases\/\" \/>\n<meta property=\"og:site_name\" content=\"Estrat\u00e9gia Concursos\" \/>\n<meta property=\"article:author\" content=\"https:\/\/www.facebook.com\/profsergiomendes\" \/>\n<meta property=\"article:published_time\" content=\"2014-01-16T22:16:41+00:00\" \/>\n<meta property=\"article:modified_time\" content=\"2016-10-07T16:46:18+00:00\" \/>\n<meta name=\"author\" content=\"S\u00e9rgio Mendes\" \/>\n<meta name=\"twitter:card\" content=\"summary_large_image\" \/>\n<meta name=\"twitter:creator\" content=\"@EstratConcursos\" \/>\n<meta name=\"twitter:site\" content=\"@EstratConcursos\" \/>\n<meta name=\"twitter:label1\" content=\"Escrito por\" \/>\n\t<meta name=\"twitter:data1\" content=\"S\u00e9rgio Mendes\" \/>\n\t<meta name=\"twitter:label2\" content=\"Est. tempo de leitura\" \/>\n\t<meta name=\"twitter:data2\" content=\"5 minutos\" \/>\n<script type=\"application\/ld+json\" class=\"yoast-schema-graph\">{\"@context\":\"https:\/\/schema.org\",\"@graph\":[{\"@type\":\"NewsArticle\",\"@id\":\"https:\/\/www.estrategiaconcursos.com.br\/blog\/ciclo-orcamentario-4-ou-8-fases\/#article\",\"isPartOf\":{\"@id\":\"https:\/\/www.estrategiaconcursos.com.br\/blog\/ciclo-orcamentario-4-ou-8-fases\/\"},\"author\":{\"name\":\"S\u00e9rgio Mendes\",\"@id\":\"https:\/\/www.estrategiaconcursos.com.br\/blog\/#\/schema\/person\/4ddc4a162b4fdffa2ea9956dbf62f583\"},\"headline\":\"Ciclo Or\u00e7ament\u00e1rio: 4 ou 8 fases?\",\"datePublished\":\"2014-01-16T22:16:41+00:00\",\"dateModified\":\"2016-10-07T16:46:18+00:00\",\"mainEntityOfPage\":{\"@id\":\"https:\/\/www.estrategiaconcursos.com.br\/blog\/ciclo-orcamentario-4-ou-8-fases\/\"},\"wordCount\":974,\"commentCount\":1,\"publisher\":{\"@id\":\"https:\/\/www.estrategiaconcursos.com.br\/blog\/#organization\"},\"keywords\":[\"ciclo or\u00e7ament\u00e1rio 8 fases\"],\"articleSection\":[\"Concursos P\u00fablicos\"],\"inLanguage\":\"pt-BR\",\"potentialAction\":[{\"@type\":\"CommentAction\",\"name\":\"Comment\",\"target\":[\"https:\/\/www.estrategiaconcursos.com.br\/blog\/ciclo-orcamentario-4-ou-8-fases\/#respond\"]}],\"copyrightYear\":\"2014\",\"copyrightHolder\":{\"@id\":\"https:\/\/www.estrategiaconcursos.com.br\/blog\/#organization\"}},{\"@type\":\"WebPage\",\"@id\":\"https:\/\/www.estrategiaconcursos.com.br\/blog\/ciclo-orcamentario-4-ou-8-fases\/\",\"url\":\"https:\/\/www.estrategiaconcursos.com.br\/blog\/ciclo-orcamentario-4-ou-8-fases\/\",\"name\":\"Ciclo Or\u00e7ament\u00e1rio: 4 ou 8 fases?\",\"isPartOf\":{\"@id\":\"https:\/\/www.estrategiaconcursos.com.br\/blog\/#website\"},\"datePublished\":\"2014-01-16T22:16:41+00:00\",\"dateModified\":\"2016-10-07T16:46:18+00:00\",\"breadcrumb\":{\"@id\":\"https:\/\/www.estrategiaconcursos.com.br\/blog\/ciclo-orcamentario-4-ou-8-fases\/#breadcrumb\"},\"inLanguage\":\"pt-BR\",\"potentialAction\":[{\"@type\":\"ReadAction\",\"target\":[\"https:\/\/www.estrategiaconcursos.com.br\/blog\/ciclo-orcamentario-4-ou-8-fases\/\"]}]},{\"@type\":\"BreadcrumbList\",\"@id\":\"https:\/\/www.estrategiaconcursos.com.br\/blog\/ciclo-orcamentario-4-ou-8-fases\/#breadcrumb\",\"itemListElement\":[{\"@type\":\"ListItem\",\"position\":1,\"name\":\"In\u00edcio\",\"item\":\"https:\/\/www.estrategiaconcursos.com.br\/blog\/\"},{\"@type\":\"ListItem\",\"position\":2,\"name\":\"Ciclo Or\u00e7ament\u00e1rio: 4 ou 8 fases?\"}]},{\"@type\":\"WebSite\",\"@id\":\"https:\/\/www.estrategiaconcursos.com.br\/blog\/#website\",\"url\":\"https:\/\/www.estrategiaconcursos.com.br\/blog\/\",\"name\":\"Estrat\u00e9gia Concursos\",\"description\":\"O blog da Estrat\u00e9gia Concursos traz not\u00edcias sobre concursos e artigos de professores oferecendo cursos para concursos (pdf + videaulas) no site.\",\"publisher\":{\"@id\":\"https:\/\/www.estrategiaconcursos.com.br\/blog\/#organization\"},\"potentialAction\":[{\"@type\":\"SearchAction\",\"target\":{\"@type\":\"EntryPoint\",\"urlTemplate\":\"https:\/\/www.estrategiaconcursos.com.br\/blog\/?s={search_term_string}\"},\"query-input\":{\"@type\":\"PropertyValueSpecification\",\"valueRequired\":true,\"valueName\":\"search_term_string\"}}],\"inLanguage\":\"pt-BR\"},{\"@type\":\"Organization\",\"@id\":\"https:\/\/www.estrategiaconcursos.com.br\/blog\/#organization\",\"name\":\"Estrat\u00e9gia Concursos\",\"url\":\"https:\/\/www.estrategiaconcursos.com.br\/blog\/\",\"logo\":{\"@type\":\"ImageObject\",\"inLanguage\":\"pt-BR\",\"@id\":\"https:\/\/www.estrategiaconcursos.com.br\/blog\/#\/schema\/logo\/image\/\",\"url\":\"https:\/\/dhg1h5j42swfq.cloudfront.net\/2025\/06\/03203428\/logo_concursos-1.jpg\",\"contentUrl\":\"https:\/\/dhg1h5j42swfq.cloudfront.net\/2025\/06\/03203428\/logo_concursos-1.jpg\",\"width\":230,\"height\":60,\"caption\":\"Estrat\u00e9gia Concursos\"},\"image\":{\"@id\":\"https:\/\/www.estrategiaconcursos.com.br\/blog\/#\/schema\/logo\/image\/\"},\"sameAs\":[\"https:\/\/x.com\/EstratConcursos\"]},{\"@type\":\"Person\",\"@id\":\"https:\/\/www.estrategiaconcursos.com.br\/blog\/#\/schema\/person\/4ddc4a162b4fdffa2ea9956dbf62f583\",\"name\":\"S\u00e9rgio Mendes\",\"image\":{\"@type\":\"ImageObject\",\"inLanguage\":\"pt-BR\",\"@id\":\"https:\/\/secure.gravatar.com\/avatar\/4eb4b562c33f40d6f7f76579da7e07350c69579df7db305d32a69ed32ecfd5ce?s=96&d=mm&r=g\",\"url\":\"https:\/\/secure.gravatar.com\/avatar\/4eb4b562c33f40d6f7f76579da7e07350c69579df7db305d32a69ed32ecfd5ce?s=96&d=mm&r=g\",\"contentUrl\":\"https:\/\/secure.gravatar.com\/avatar\/4eb4b562c33f40d6f7f76579da7e07350c69579df7db305d32a69ed32ecfd5ce?s=96&d=mm&r=g\",\"caption\":\"S\u00e9rgio Mendes\"},\"sameAs\":[\"https:\/\/www.facebook.com\/profsergiomendes\"],\"url\":\"https:\/\/www.estrategiaconcursos.com.br\/blog\/author\/sergiomendesestrategiaconcursos-com-br\/\"}]}<\/script>\n<!-- \/ Yoast SEO Premium plugin. -->","yoast_head_json":{"title":"Ciclo Or\u00e7ament\u00e1rio: 4 ou 8 fases?","robots":{"index":"index","follow":"follow","max-snippet":"max-snippet:-1","max-image-preview":"max-image-preview:large","max-video-preview":"max-video-preview:-1"},"canonical":"https:\/\/www.estrategiaconcursos.com.br\/blog\/ciclo-orcamentario-4-ou-8-fases\/","og_locale":"pt_BR","og_type":"article","og_title":"Ciclo Or\u00e7ament\u00e1rio: 4 ou 8 fases?","og_description":"Ol\u00e1 amigos! Como \u00e9 bom estar aqui! &nbsp; Tradicionalmente, o ciclo or\u00e7ament\u00e1rio \u00e9 considerado como o per\u00edodo de tempo em que se processam as atividades t\u00edpicas do or\u00e7amento p\u00fablico. \u00c9 um processo cont\u00ednuo, din\u00e2mico e flex\u00edvel, por meio do qual se elabora\/planeja, aprova, executa, controla\/avalia a programa\u00e7\u00e3o de disp\u00eandios do setor p\u00fablico nos aspectos f\u00edsico [&hellip;]","og_url":"https:\/\/www.estrategiaconcursos.com.br\/blog\/ciclo-orcamentario-4-ou-8-fases\/","og_site_name":"Estrat\u00e9gia Concursos","article_author":"https:\/\/www.facebook.com\/profsergiomendes","article_published_time":"2014-01-16T22:16:41+00:00","article_modified_time":"2016-10-07T16:46:18+00:00","author":"S\u00e9rgio Mendes","twitter_card":"summary_large_image","twitter_creator":"@EstratConcursos","twitter_site":"@EstratConcursos","twitter_misc":{"Escrito por":"S\u00e9rgio Mendes","Est. tempo de leitura":"5 minutos"},"schema":{"@context":"https:\/\/schema.org","@graph":[{"@type":"NewsArticle","@id":"https:\/\/www.estrategiaconcursos.com.br\/blog\/ciclo-orcamentario-4-ou-8-fases\/#article","isPartOf":{"@id":"https:\/\/www.estrategiaconcursos.com.br\/blog\/ciclo-orcamentario-4-ou-8-fases\/"},"author":{"name":"S\u00e9rgio Mendes","@id":"https:\/\/www.estrategiaconcursos.com.br\/blog\/#\/schema\/person\/4ddc4a162b4fdffa2ea9956dbf62f583"},"headline":"Ciclo Or\u00e7ament\u00e1rio: 4 ou 8 fases?","datePublished":"2014-01-16T22:16:41+00:00","dateModified":"2016-10-07T16:46:18+00:00","mainEntityOfPage":{"@id":"https:\/\/www.estrategiaconcursos.com.br\/blog\/ciclo-orcamentario-4-ou-8-fases\/"},"wordCount":974,"commentCount":1,"publisher":{"@id":"https:\/\/www.estrategiaconcursos.com.br\/blog\/#organization"},"keywords":["ciclo or\u00e7ament\u00e1rio 8 fases"],"articleSection":["Concursos P\u00fablicos"],"inLanguage":"pt-BR","potentialAction":[{"@type":"CommentAction","name":"Comment","target":["https:\/\/www.estrategiaconcursos.com.br\/blog\/ciclo-orcamentario-4-ou-8-fases\/#respond"]}],"copyrightYear":"2014","copyrightHolder":{"@id":"https:\/\/www.estrategiaconcursos.com.br\/blog\/#organization"}},{"@type":"WebPage","@id":"https:\/\/www.estrategiaconcursos.com.br\/blog\/ciclo-orcamentario-4-ou-8-fases\/","url":"https:\/\/www.estrategiaconcursos.com.br\/blog\/ciclo-orcamentario-4-ou-8-fases\/","name":"Ciclo Or\u00e7ament\u00e1rio: 4 ou 8 fases?","isPartOf":{"@id":"https:\/\/www.estrategiaconcursos.com.br\/blog\/#website"},"datePublished":"2014-01-16T22:16:41+00:00","dateModified":"2016-10-07T16:46:18+00:00","breadcrumb":{"@id":"https:\/\/www.estrategiaconcursos.com.br\/blog\/ciclo-orcamentario-4-ou-8-fases\/#breadcrumb"},"inLanguage":"pt-BR","potentialAction":[{"@type":"ReadAction","target":["https:\/\/www.estrategiaconcursos.com.br\/blog\/ciclo-orcamentario-4-ou-8-fases\/"]}]},{"@type":"BreadcrumbList","@id":"https:\/\/www.estrategiaconcursos.com.br\/blog\/ciclo-orcamentario-4-ou-8-fases\/#breadcrumb","itemListElement":[{"@type":"ListItem","position":1,"name":"In\u00edcio","item":"https:\/\/www.estrategiaconcursos.com.br\/blog\/"},{"@type":"ListItem","position":2,"name":"Ciclo Or\u00e7ament\u00e1rio: 4 ou 8 fases?"}]},{"@type":"WebSite","@id":"https:\/\/www.estrategiaconcursos.com.br\/blog\/#website","url":"https:\/\/www.estrategiaconcursos.com.br\/blog\/","name":"Estrat\u00e9gia Concursos","description":"O blog da Estrat\u00e9gia Concursos traz not\u00edcias sobre concursos e artigos de professores oferecendo cursos para concursos (pdf + videaulas) no site.","publisher":{"@id":"https:\/\/www.estrategiaconcursos.com.br\/blog\/#organization"},"potentialAction":[{"@type":"SearchAction","target":{"@type":"EntryPoint","urlTemplate":"https:\/\/www.estrategiaconcursos.com.br\/blog\/?s={search_term_string}"},"query-input":{"@type":"PropertyValueSpecification","valueRequired":true,"valueName":"search_term_string"}}],"inLanguage":"pt-BR"},{"@type":"Organization","@id":"https:\/\/www.estrategiaconcursos.com.br\/blog\/#organization","name":"Estrat\u00e9gia Concursos","url":"https:\/\/www.estrategiaconcursos.com.br\/blog\/","logo":{"@type":"ImageObject","inLanguage":"pt-BR","@id":"https:\/\/www.estrategiaconcursos.com.br\/blog\/#\/schema\/logo\/image\/","url":"https:\/\/dhg1h5j42swfq.cloudfront.net\/2025\/06\/03203428\/logo_concursos-1.jpg","contentUrl":"https:\/\/dhg1h5j42swfq.cloudfront.net\/2025\/06\/03203428\/logo_concursos-1.jpg","width":230,"height":60,"caption":"Estrat\u00e9gia Concursos"},"image":{"@id":"https:\/\/www.estrategiaconcursos.com.br\/blog\/#\/schema\/logo\/image\/"},"sameAs":["https:\/\/x.com\/EstratConcursos"]},{"@type":"Person","@id":"https:\/\/www.estrategiaconcursos.com.br\/blog\/#\/schema\/person\/4ddc4a162b4fdffa2ea9956dbf62f583","name":"S\u00e9rgio Mendes","image":{"@type":"ImageObject","inLanguage":"pt-BR","@id":"https:\/\/secure.gravatar.com\/avatar\/4eb4b562c33f40d6f7f76579da7e07350c69579df7db305d32a69ed32ecfd5ce?s=96&d=mm&r=g","url":"https:\/\/secure.gravatar.com\/avatar\/4eb4b562c33f40d6f7f76579da7e07350c69579df7db305d32a69ed32ecfd5ce?s=96&d=mm&r=g","contentUrl":"https:\/\/secure.gravatar.com\/avatar\/4eb4b562c33f40d6f7f76579da7e07350c69579df7db305d32a69ed32ecfd5ce?s=96&d=mm&r=g","caption":"S\u00e9rgio Mendes"},"sameAs":["https:\/\/www.facebook.com\/profsergiomendes"],"url":"https:\/\/www.estrategiaconcursos.com.br\/blog\/author\/sergiomendesestrategiaconcursos-com-br\/"}]}},"_links":{"self":[{"href":"https:\/\/www.estrategiaconcursos.com.br\/blog\/wp-json\/wp\/v2\/posts\/13078","targetHints":{"allow":["GET"]}}],"collection":[{"href":"https:\/\/www.estrategiaconcursos.com.br\/blog\/wp-json\/wp\/v2\/posts"}],"about":[{"href":"https:\/\/www.estrategiaconcursos.com.br\/blog\/wp-json\/wp\/v2\/types\/post"}],"author":[{"embeddable":true,"href":"https:\/\/www.estrategiaconcursos.com.br\/blog\/wp-json\/wp\/v2\/users\/29"}],"replies":[{"embeddable":true,"href":"https:\/\/www.estrategiaconcursos.com.br\/blog\/wp-json\/wp\/v2\/comments?post=13078"}],"version-history":[{"count":3,"href":"https:\/\/www.estrategiaconcursos.com.br\/blog\/wp-json\/wp\/v2\/posts\/13078\/revisions"}],"predecessor-version":[{"id":51852,"href":"https:\/\/www.estrategiaconcursos.com.br\/blog\/wp-json\/wp\/v2\/posts\/13078\/revisions\/51852"}],"wp:attachment":[{"href":"https:\/\/www.estrategiaconcursos.com.br\/blog\/wp-json\/wp\/v2\/media?parent=13078"}],"wp:term":[{"taxonomy":"category","embeddable":true,"href":"https:\/\/www.estrategiaconcursos.com.br\/blog\/wp-json\/wp\/v2\/categories?post=13078"},{"taxonomy":"post_tag","embeddable":true,"href":"https:\/\/www.estrategiaconcursos.com.br\/blog\/wp-json\/wp\/v2\/tags?post=13078"},{"taxonomy":"tax_estado","embeddable":true,"href":"https:\/\/www.estrategiaconcursos.com.br\/blog\/wp-json\/wp\/v2\/tax_estado?post=13078"}],"curies":[{"name":"wp","href":"https:\/\/api.w.org\/{rel}","templated":true}]}}