{"id":130719,"date":"2026-03-17T15:49:19","date_gmt":"2026-03-17T18:49:19","guid":{"rendered":"https:\/\/www.estrategiaconcursos.com.br\/blog\/?p=130719"},"modified":"2026-03-17T15:49:22","modified_gmt":"2026-03-17T18:49:22","slug":"concurso-mp-pi","status":"publish","type":"post","link":"https:\/\/www.estrategiaconcursos.com.br\/blog\/concurso-mp-pi\/","title":{"rendered":"Concurso MP PI: resultado final homologado. Veja!"},"content":{"rendered":"\n<p class=\"has-large-font-size\"><strong><em>Concurso MP PI ofertou 30 vagas + CR para cargos de n\u00edveis m\u00e9dio e superior; homologa\u00e7\u00e3o do resultado oficial foi publicada!<\/em><\/strong><\/p>\n\n\n<p><center><a id=\"cta-icon\" href=\"https:\/\/sndflw.com\/i\/mp-pi-grupo\" target=\"_blank\" style=\"background:#29a61a; display:inline-flex; align-items:center; padding:10px 15px; border-radius:6px; color:#fff; text-decoration:none; font-weight:500; font-size:15px;\"><img decoding=\"async\" src=\"https:\/\/dhg1h5j42swfq.cloudfront.net\/2023\/12\/07154107\/whatsapp_13851.png\" alt=\"\" style=\"width:20px; height:20px; margin-right:8px;\"><span>Acesse agora o Grupo de Estudos para o Concurso MP PI<\/span><\/a><\/center><\/p>\n\n\n\n<p>Est\u00e1 devidamente <strong>homologado o resultado final<\/strong> concurso p\u00fablico do <a href=\"https:\/\/www.estrategiaconcursos.com.br\/cursos\/concurso\/\" target=\"_blank\" rel=\"noreferrer noopener\">Minist\u00e9rio P\u00fablico do Piau\u00ed<\/a> <strong>(MP PI)<\/strong>. Confira o documento abaixo:<\/p>\n\n\n\n<ul class=\"wp-block-list\">\n<li><a href=\"https:\/\/dhg1h5j42swfq.cloudfront.net\/2025\/12\/03010849\/edital__resultado_final.pdf\" target=\"_blank\" rel=\"noreferrer noopener nofollow\">Resultado final MP PI homologado<\/a><\/li>\n<\/ul>\n\n\n\n<p>Agora, o certame segue <strong>v\u00e1lido at\u00e9 dezembro de 2027<\/strong>, podendo ser prorrogado, uma vez, por igual per\u00edodo, a crit\u00e9rio do Minist\u00e9rio P\u00fablico do Estado do Piau\u00ed.<\/p>\n\n\n\n<p>Foram oferecidas&nbsp;<strong>30 vagas imediatas<\/strong>. Os sal\u00e1rios variaram de&nbsp;<strong>R$ 5.407,39<\/strong>&nbsp;(n\u00edvel m\u00e9dio \u2013 <a href=\"https:\/\/www.estrategiaconcursos.com.br\/curso\/mp-pi-tecnico-ministerial-area-administrativa-pacotaco-pacote-teorico-pacote-passo-estrategico\/\">T\u00e9cnico Ministerial \u2013 n\u00edvel m\u00e9dio<\/a>) at\u00e9 <strong>R$ 8.388,73<\/strong> (para cargos de <a href=\"https:\/\/www.estrategiaconcursos.com.br\/curso\/mp-pi-analista-ministerial-area-processual-pacotaco-pacote-teorico-pacote-passo-estrategico\/\">Analista Ministerial \u2013 n\u00edvel superior<\/a>).<\/p>\n\n\n\n<p>Confira todos os detalhes sobre essa excelente oportunidade atrav\u00e9s do artigo!<\/p>\n\n\n\n<ul id=\"block-ee678516-e9d1-48bd-b327-7b9acd55f0fd\" class=\"wp-block-list has-pale-cyan-blue-background-color has-background\">\n<li><strong>Concurso MP PI<\/strong><\/li>\n\n\n\n<li><strong>Status:<\/strong> resultado final homologado<\/li>\n\n\n\n<li><strong>Banca:\u00a0<\/strong><a href=\"https:\/\/www.concursosfcc.com.br\/index.html\" target=\"_blank\" rel=\"noreferrer noopener\">FCC<\/a><\/li>\n\n\n\n<li><strong>Vagas: <\/strong>30<\/li>\n\n\n\n<li><strong>Cargos<\/strong>: Analista e T\u00e9cnico <\/li>\n\n\n\n<li><strong>Sal\u00e1rio inicial:<\/strong>&nbsp;de<strong> <\/strong>R$ 5.407,39 (T\u00e9cnico) e R$ 8.388,73 (Analista)<\/li>\n\n\n\n<li><strong>Edital<\/strong>: <a href=\"https:\/\/dhg1h5j42swfq.cloudfront.net\/2025\/03\/27160009\/edital_01-2024_-_27_03_2025.pdf\" target=\"_blank\" rel=\"noreferrer noopener\">MP PI 2025<\/a><\/li>\n<\/ul>\n\n\n\n<p class=\"has-text-align-center\">Para alcan\u00e7ar a aprova\u00e7\u00e3o, utilize o melhor material do mercado:<\/p>\n\n\n\n<div class=\"container\" id=\"boxes\">\n  <div class=\"row\">\n\n    <div class=\"col-sm\">\n      <div class=\"banner-tribunal\" id=\"box-assinatura\">\n        <h3 class=\"titulo-assinatura\">Cursos para MP-PI<\/h3>\n        <p class=\"subtitulo-assinatura\">Conhe\u00e7a os cursos<\/p>\n        <div class=\"box-botao\">\n          <a class=\"btn-assinatura\" target=\"_blank\" href=\"https:\/\/www.estrategiaconcursos.com.br\/cursos\/concurso\/\" role=\"button\" rel=\"noopener noreferrer\">Conhe\u00e7a mais<\/a>\n        <\/div>\n      <\/div>\n      <p class=\"texto-auxiliar\">Prepare-se com o melhor material e com quem mais aprova em Concursos P\u00fablicos em todo o pa\u00eds.<\/p>\n    <\/div>\n\n  <\/div>\n<\/div>\n\n\n\n<ul class=\"wp-block-list\">\n<li><strong><a href=\"#atual\">Situa\u00e7\u00e3o atual<\/a><\/strong><\/li>\n\n\n\n<li><a href=\"#vagas\"><strong>Cargos e vagas<\/strong><\/a><\/li>\n\n\n\n<li><a href=\"#requisitos\"><strong>Requisitos <\/strong><\/a><\/li>\n\n\n\n<li><strong><a href=\"#carreira\">Carreira<\/a> <\/strong>\n<ul class=\"wp-block-list\">\n<li><strong><a href=\"#cargos-vagos\">Cargos vagos e ocupados<\/a> <\/strong><\/li>\n\n\n\n<li><strong><a href=\"#remuneracao\">Estrutura Remunerat\u00f3ria<\/a><\/strong><\/li>\n<\/ul>\n<\/li>\n\n\n\n<li><a href=\"#provas\"><strong>Provas e etapas <\/strong><\/a>\n<ul class=\"wp-block-list\">\n<li><a href=\"#cargo\">Conte\u00fado por cargo<\/a><\/li>\n<\/ul>\n<\/li>\n\n\n\n<li><a href=\"#ultimo\"><strong>\u00daltimo concurso<\/strong><\/a><ul><li><a href=\"#ofertados\"><strong>Cargos ofertados<\/strong><\/a> <\/li><li><strong><a href=\"#etapas\">Etapas do concurso<\/a><\/strong><\/li><\/ul>\n<ul class=\"wp-block-list\">\n<li><strong><a href=\"#objetiva\">Prova Objetiva<\/a><\/strong><\/li>\n\n\n\n<li><strong><a href=\"#discursiva\">Prova Discursiva<\/a> <\/strong><\/li>\n<\/ul>\n<\/li>\n\n\n\n<li><strong><a href=\"#curso\">Cursos e assinaturas<\/a><\/strong><\/li>\n\n\n\n<li><strong><a href=\"#ficha\">Ficha T\u00e9cnica<\/a> <\/strong><\/li>\n<\/ul>\n\n\n\n<h2 class=\"wp-block-heading\" id=\"atual\">Concurso MP PI: edital 2025<\/h2>\n\n\n\n<h3 class=\"wp-block-heading\" id=\"h-resultados\">Resultados<\/h3>\n\n\n\n<ul class=\"wp-block-list\">\n<li><a href=\"https:\/\/dhg1h5j42swfq.cloudfront.net\/2025\/09\/10161335\/edital__resultado_definitivo_prova_objetiva_discursiva_convocacao_comissao.pdf\">Resultado definitivo objetiva e discursiva<\/a>.<\/li>\n<\/ul>\n\n\n\n<h3 class=\"wp-block-heading\" id=\"h-numero-de-inscritos\">N\u00famero de inscritos<\/h3>\n\n\n\n<p>A sele\u00e7\u00e3o registrou <a href=\"https:\/\/www.estrategiaconcursos.com.br\/blog\/concurso-mp-pi-quase-23-mil-inscricoes\/\" target=\"_blank\" rel=\"noreferrer noopener\">quase 23 mil inscri\u00e7\u00f5es<\/a>, sendo o cargo de T\u00e9cnico Ministerial o de maior procura. Veja os detalhes abaixo:<\/p>\n\n\n\n<figure class=\"wp-block-image aligncenter size-full\"><img loading=\"lazy\" decoding=\"async\" width=\"773\" height=\"246\" src=\"https:\/\/dhg1h5j42swfq.cloudfront.net\/2025\/07\/12093031\/captura-de-tela-2025-08-12-as-09-30-01.png\" alt=\"Demanda de inscritos do MP PI 2025\" class=\"wp-image-1622009\" srcset=\"https:\/\/dhg1h5j42swfq.cloudfront.net\/2025\/07\/12093031\/captura-de-tela-2025-08-12-as-09-30-01.png 773w, https:\/\/dhg1h5j42swfq.cloudfront.net\/2025\/07\/12093031\/captura-de-tela-2025-08-12-as-09-30-01-300x95.png 300w, https:\/\/dhg1h5j42swfq.cloudfront.net\/2025\/07\/12093031\/captura-de-tela-2025-08-12-as-09-30-01-768x244.png 768w, https:\/\/dhg1h5j42swfq.cloudfront.net\/2025\/07\/12093031\/captura-de-tela-2025-08-12-as-09-30-01-150x48.png 150w\" sizes=\"auto, (max-width: 773px) 100vw, 773px\" \/><\/figure>\n\n\n\n<h3 class=\"wp-block-heading\" id=\"vagas\">Cargos e vagas no concurso MP PI<\/h3>\n\n\n\n<figure class=\"wp-block-table is-style-stripes\"><table class=\"has-fixed-layout\"><thead><tr><th>Cargo<\/th><th class=\"has-text-align-center\" data-align=\"center\">Total <\/th><th class=\"has-text-align-center\" data-align=\"center\">AC<\/th><th class=\"has-text-align-center\" data-align=\"center\">PCD<\/th><th class=\"has-text-align-center\" data-align=\"center\">Negros<\/th><\/tr><\/thead><tbody><tr><td>Analista Ministerial \u2013 \u00c1rea Administrativa<\/td><td class=\"has-text-align-center\" data-align=\"center\">1<\/td><td class=\"has-text-align-center\" data-align=\"center\">1<\/td><td class=\"has-text-align-center\" data-align=\"center\">0<\/td><td class=\"has-text-align-center\" data-align=\"center\">0<\/td><\/tr><tr><td>Analista Ministerial \u2013 \u00c1rea Arquitetura<\/td><td class=\"has-text-align-center\" data-align=\"center\">1<\/td><td class=\"has-text-align-center\" data-align=\"center\">1<\/td><td class=\"has-text-align-center\" data-align=\"center\">0<\/td><td class=\"has-text-align-center\" data-align=\"center\">0<\/td><\/tr><tr><td>Analista Ministerial \u2013 Servi\u00e7o Social \u2013 Assistente Social<\/td><td class=\"has-text-align-center\" data-align=\"center\">1<\/td><td class=\"has-text-align-center\" data-align=\"center\">1<\/td><td class=\"has-text-align-center\" data-align=\"center\">0<\/td><td class=\"has-text-align-center\" data-align=\"center\">0<\/td><\/tr><tr><td>Analista Ministerial \u2013 Contabilidade<\/td><td class=\"has-text-align-center\" data-align=\"center\">1<\/td><td class=\"has-text-align-center\" data-align=\"center\">1<\/td><td class=\"has-text-align-center\" data-align=\"center\">0<\/td><td class=\"has-text-align-center\" data-align=\"center\">0<\/td><\/tr><tr><td>Analista Ministerial \u2013 Engenharia Civil<\/td><td class=\"has-text-align-center\" data-align=\"center\">1<\/td><td class=\"has-text-align-center\" data-align=\"center\">1<\/td><td class=\"has-text-align-center\" data-align=\"center\">0<\/td><td class=\"has-text-align-center\" data-align=\"center\">0<\/td><\/tr><tr><td>Analista Ministerial \u2013 Medicina<\/td><td class=\"has-text-align-center\" data-align=\"center\">2<\/td><td class=\"has-text-align-center\" data-align=\"center\">2<\/td><td class=\"has-text-align-center\" data-align=\"center\">0<\/td><td class=\"has-text-align-center\" data-align=\"center\">0<\/td><\/tr><tr><td>Analista Ministerial \u2013 Psicologia<\/td><td class=\"has-text-align-center\" data-align=\"center\">1<\/td><td class=\"has-text-align-center\" data-align=\"center\">1<\/td><td class=\"has-text-align-center\" data-align=\"center\">0<\/td><td class=\"has-text-align-center\" data-align=\"center\">0<\/td><\/tr><tr><td>Analista Ministerial \u2013 \u00c1rea Processual<\/td><td class=\"has-text-align-center\" data-align=\"center\">5<\/td><td class=\"has-text-align-center\" data-align=\"center\">3<\/td><td class=\"has-text-align-center\" data-align=\"center\">1<\/td><td class=\"has-text-align-center\" data-align=\"center\">1<\/td><\/tr><tr><td>Analista Ministerial \u2013 Tecnologia da Informa\u00e7\u00e3o<\/td><td class=\"has-text-align-center\" data-align=\"center\">2<\/td><td class=\"has-text-align-center\" data-align=\"center\">2<\/td><td class=\"has-text-align-center\" data-align=\"center\">0<\/td><td class=\"has-text-align-center\" data-align=\"center\">0<\/td><\/tr><tr><td>T\u00e9cnico Ministerial \u2013 \u00c1rea Administrativa<\/td><td class=\"has-text-align-center\" data-align=\"center\">15<\/td><td class=\"has-text-align-center\" data-align=\"center\">10<\/td><td class=\"has-text-align-center\" data-align=\"center\">2<\/td><td class=\"has-text-align-center\" data-align=\"center\">3<\/td><\/tr><\/tbody><\/table><\/figure>\n\n\n\n<h3 class=\"wp-block-heading\" id=\"requisitos\">Requisitos do concurso MP PI<\/h3>\n\n\n\n<h4 class=\"wp-block-heading\"><strong>Analista Ministerial \u2013 \u00c1rea Administrativa<\/strong><\/h4>\n\n\n\n<ul class=\"wp-block-list\">\n<li>Curso superior completo em qualquer \u00e1rea, reconhecido pelo MEC.<\/li>\n<\/ul>\n\n\n\n<hr class=\"wp-block-separator has-alpha-channel-opacity\"\/>\n\n\n\n<h4 class=\"wp-block-heading\"><strong>Analista Ministerial \u2013 \u00c1rea Arquitetura<\/strong><\/h4>\n\n\n\n<ul class=\"wp-block-list\">\n<li>Curso superior completo em Arquitetura, reconhecido pelo MEC.<\/li>\n\n\n\n<li>Registro no respectivo Conselho de Classe.<\/li>\n<\/ul>\n\n\n\n<hr class=\"wp-block-separator has-alpha-channel-opacity\"\/>\n\n\n\n<h4 class=\"wp-block-heading\"><strong>Analista Ministerial \u2013 \u00c1rea Servi\u00e7o Social (Assistente Social)<\/strong><\/h4>\n\n\n\n<ul class=\"wp-block-list\">\n<li>Curso superior completo em Servi\u00e7o Social, reconhecido pelo MEC.<\/li>\n\n\n\n<li>Registro no Conselho de Classe.<\/li>\n<\/ul>\n\n\n\n<hr class=\"wp-block-separator has-alpha-channel-opacity\"\/>\n\n\n\n<h4 class=\"wp-block-heading\"><strong>Analista Ministerial \u2013 \u00c1rea Contabilidade<\/strong><\/h4>\n\n\n\n<ul class=\"wp-block-list\">\n<li>Curso superior completo em Ci\u00eancias Cont\u00e1beis, reconhecido pelo MEC.<\/li>\n\n\n\n<li>Registro no Conselho de Classe.<\/li>\n<\/ul>\n\n\n\n<hr class=\"wp-block-separator has-alpha-channel-opacity\"\/>\n\n\n\n<h4 class=\"wp-block-heading\"><strong>Analista Ministerial \u2013 \u00c1rea Engenharia Civil<\/strong><\/h4>\n\n\n\n<ul class=\"wp-block-list\">\n<li>Curso superior completo em Engenharia Civil, reconhecido pelo MEC.<\/li>\n\n\n\n<li>Registro no Conselho de Classe.<\/li>\n<\/ul>\n\n\n\n<hr class=\"wp-block-separator has-alpha-channel-opacity\"\/>\n\n\n\n<h4 class=\"wp-block-heading\"><strong>Analista Ministerial \u2013 \u00c1rea Sa\u00fade (Medicina)<\/strong><\/h4>\n\n\n\n<ul class=\"wp-block-list\">\n<li>Curso superior completo em Medicina, reconhecido pelo MEC.<\/li>\n\n\n\n<li>Registro no Conselho de Classe.<\/li>\n<\/ul>\n\n\n\n<hr class=\"wp-block-separator has-alpha-channel-opacity\"\/>\n\n\n\n<h4 class=\"wp-block-heading\"><strong>Analista Ministerial \u2013 \u00c1rea Sa\u00fade (Psicologia)<\/strong><\/h4>\n\n\n\n<ul class=\"wp-block-list\">\n<li>Curso superior completo em Psicologia, reconhecido pelo MEC.<\/li>\n\n\n\n<li>Registro no Conselho de Classe.<\/li>\n<\/ul>\n\n\n\n<hr class=\"wp-block-separator has-alpha-channel-opacity\"\/>\n\n\n\n<h4 class=\"wp-block-heading\"><strong>Analista Ministerial \u2013 \u00c1rea Processual<\/strong><\/h4>\n\n\n\n<ul class=\"wp-block-list\">\n<li>Curso superior completo em Direito, reconhecido pelo MEC.<\/li>\n<\/ul>\n\n\n\n<hr class=\"wp-block-separator has-alpha-channel-opacity\"\/>\n\n\n\n<h4 class=\"wp-block-heading\"><strong>Analista Ministerial \u2013 \u00c1rea Tecnologia da Informa\u00e7\u00e3o<\/strong><\/h4>\n\n\n\n<ul class=\"wp-block-list\">\n<li>Curso superior completo na \u00e1rea de Tecnologia da Informa\u00e7\u00e3o, reconhecido pelo MEC.<\/li>\n<\/ul>\n\n\n\n<hr class=\"wp-block-separator has-alpha-channel-opacity\"\/>\n\n\n\n<h4 class=\"wp-block-heading\"><strong>T\u00e9cnico Ministerial \u2013 \u00c1rea Administrativa<\/strong><\/h4>\n\n\n\n<ul class=\"wp-block-list\">\n<li>Certificado de conclus\u00e3o de Ensino M\u00e9dio, reconhecido pelo MEC.<\/li>\n<\/ul>\n\n\n\n<h3 class=\"wp-block-heading\" id=\"provas\">Provas e etapas do concurso MP PI<\/h3>\n\n\n\n<p>Conforme o edital, os candidatos foram avaliados no dia <strong>27 de julho<\/strong> por meio das seguintes etapas:<\/p>\n\n\n\n<ul class=\"wp-block-list\">\n<li><strong>Prova Objetiva (eliminat\u00f3ria e classificat\u00f3ria)<\/strong>, com 20 quest\u00f5es de Conhecimentos Gerais (Peso 1) e 40  quest\u00f5es de Conhecimentos Espec\u00edficos (Peso 2). <\/li>\n\n\n\n<li><strong>Prova Discursiva \u2013 Reda\u00e7\u00e3o (eliminat\u00f3ria e classificat\u00f3ria)<\/strong><\/li>\n<\/ul>\n\n\n\n<p>Ambas foram aplicadas no&nbsp;<strong>mesmo dia<\/strong>, em Teresina (PI), com dura\u00e7\u00e3o de&nbsp;<strong>4 horas<\/strong>.<\/p>\n\n\n\n<p>Veja o que teve que ser estudado para T\u00e9cnico Ministerial:<\/p>\n\n\n\n<ul class=\"wp-block-list\">\n<li><a href=\"https:\/\/concursos.estrategia.com\/cadernos-e-simulados\/cadernos\/6c447f75-2d5c-4e0d-a552-d26ed4f52f2c\" target=\"_blank\" rel=\"noreferrer noopener\">Portugu\u00eas<\/a>;<\/li>\n\n\n\n<li><a href=\"http:\/\/Institucional https:\/\/concursos.estrategia.com\/cadernos-e-simulados\/cadernos\/2a3dd2da-69d1-4b8f-a8ae-e8efbc69e2f0\" target=\"_blank\" rel=\"noreferrer noopener\">Legisla\u00e7\u00e3o<\/a>;<\/li>\n\n\n\n<li><a href=\"https:\/\/concursos.estrategia.com\/cadernos-e-simulados\/cadernos\/c1999b27-a0ce-4066-abdd-505f3f80276c\" target=\"_blank\" rel=\"noreferrer noopener\">No\u00e7\u00f5es de Inform\u00e1tica<\/a>;<\/li>\n\n\n\n<li><a href=\"https:\/\/concursos.estrategia.com\/cadernos-e-simulados\/cadernos\/6c12a7d9-3aa1-4c91-93c5-f36d74bef03b\" target=\"_blank\" rel=\"noreferrer noopener\">Matem\u00e1tica e Racioc\u00ednio L\u00f3gico<\/a>;<\/li>\n\n\n\n<li><a href=\"https:\/\/concursos.estrategia.com\/cadernos-e-simulados\/cadernos\/0d616c75-8bfe-4de8-a6ff-52836045498e\" target=\"_blank\" rel=\"noreferrer noopener\">No\u00e7\u00f5es de Direito Constitucional<\/a>;<\/li>\n\n\n\n<li><a href=\"https:\/\/concursos.estrategia.com\/cadernos-e-simulados\/cadernos\/ede78c3f-7a1e-4412-ba45-324c4ed6b451\" target=\"_blank\" rel=\"noreferrer noopener\">No\u00e7\u00f5es de Direito Administrativo<\/a>;<\/li>\n\n\n\n<li><a href=\"https:\/\/concursos.estrategia.com\/cadernos-e-simulados\/cadernos\/587a364a-46f5-4907-a9a4-31990c412ca7\" target=\"_blank\" rel=\"noreferrer noopener\">No\u00e7\u00f5es de Administra\u00e7\u00e3o P\u00fablica<\/a>.<\/li>\n<\/ul>\n\n\n\n<h4 class=\"wp-block-heading\">Estrutura da Prova Objetiva (todos os cargos)<\/h4>\n\n\n\n<figure class=\"wp-block-table is-style-stripes\"><table class=\"has-fixed-layout\"><thead><tr><th>Cargo\/\u00c1rea<\/th><th>Componente<\/th><th>Disciplinas<\/th><\/tr><\/thead><tbody><tr><td>Todos os cargos<\/td><td>Conhecimentos Gerais<\/td><td>L\u00edngua Portuguesa, Legisla\u00e7\u00e3o Institucional, No\u00e7\u00f5es de Inform\u00e1tica<\/td><\/tr><tr><td>Todos os cargos<\/td><td>Prova Discursiva<\/td><td>Reda\u00e7\u00e3o<\/td><\/tr><tr><td>\u00c1rea Administrativa<\/td><td>Conhecimentos Espec\u00edficos<\/td><td>Administra\u00e7\u00e3o P\u00fablica, Gest\u00e3o de Pessoas, Administra\u00e7\u00e3o Financeira e Or\u00e7ament\u00e1ria<\/td><\/tr><tr><td>\u00c1rea Arquitetura<\/td><td>Conhecimentos Espec\u00edficos<\/td><td>Projeto Arquitet\u00f4nico, Acessibilidade, Instala\u00e7\u00f5es prediais, AutoCAD<\/td><\/tr><tr><td>Servi\u00e7o Social<\/td><td>Conhecimentos Espec\u00edficos<\/td><td>Pol\u00edtica de Assist\u00eancia Social, ECA, LOAS, \u00c9tica Profissional<\/td><\/tr><tr><td>Contabilidade<\/td><td>Conhecimentos Espec\u00edficos<\/td><td>Contabilidade Geral, Contabilidade P\u00fablica, Auditoria<\/td><\/tr><tr><td>Engenharia Civil<\/td><td>Conhecimentos Espec\u00edficos<\/td><td>Constru\u00e7\u00e3o Civil, Or\u00e7amento de Obras, Projetos Estruturais<\/td><\/tr><tr><td>Medicina<\/td><td>Conhecimentos Espec\u00edficos<\/td><td>Cl\u00ednica M\u00e9dica, Medicina Legal, Sa\u00fade P\u00fablica<\/td><\/tr><tr><td>Psicologia<\/td><td>Conhecimentos Espec\u00edficos<\/td><td>Psicologia Jur\u00eddica, Avalia\u00e7\u00e3o Psicol\u00f3gica, \u00c9tica Profissional<\/td><\/tr><tr><td>\u00c1rea Processual<\/td><td>Conhecimentos Espec\u00edficos<\/td><td>Direito Constitucional, Administrativo, Penal, Processual Penal, Civil e Processual Civil<\/td><\/tr><tr><td>Tecnologia da Informa\u00e7\u00e3o<\/td><td>Conhecimentos Espec\u00edficos<\/td><td>Redes, Banco de Dados, Desenvolvimento de Sistemas, Seguran\u00e7a da Informa\u00e7\u00e3o<\/td><\/tr><tr><td>T\u00e9cnico Ministerial<\/td><td>Conhecimentos Gerais<\/td><td>L\u00edngua Portuguesa, Legisla\u00e7\u00e3o Institucional, No\u00e7\u00f5es de Inform\u00e1tica, Matem\u00e1tica e Racioc\u00ednio L\u00f3gico<\/td><\/tr><\/tbody><\/table><\/figure>\n\n\n\n<hr class=\"wp-block-separator has-alpha-channel-opacity\"\/>\n\n\n\n<h4 class=\"wp-block-heading\" id=\"h-prova-discursiva-redacao\"><strong>Prova Discursiva \u2013 Reda\u00e7\u00e3o<\/strong><\/h4>\n\n\n\n<ul class=\"wp-block-list\">\n<li>Tema foi da \u00e1rea do cargo<\/li>\n\n\n\n<li>Avaliada em crit\u00e9rios como: conte\u00fado, argumenta\u00e7\u00e3o, coes\u00e3o e corre\u00e7\u00e3o gramatical<\/li>\n\n\n\n<li>Aplicada&nbsp;<strong>no mesmo dia<\/strong>&nbsp;da prova objetiva<\/li>\n<\/ul>\n\n\n\n<h2 class=\"wp-block-heading\" id=\"carreira\">Carreira no MP PI<\/h2>\n\n\n\n<h3 class=\"wp-block-heading\" id=\"cargos-vagos\">Cargos vagos e ocupados <\/h3>\n\n\n\n<p>Veja o quadro de <a href=\"https:\/\/transparencia.mppi.mp.br\/gestao-de-pessoas\/cargos-vagos-e-ocupados\/servidores-2014-cargos-vagos-e-ocupados\" target=\"_blank\" rel=\"noreferrer noopener\">vac\u00e2ncias<\/a> de acordo com dados de dezembro de 2025 do MP PI:<\/p>\n\n\n\n<figure class=\"wp-block-table is-style-stripes\"><table class=\"has-very-light-gray-to-cyan-bluish-gray-gradient-background has-background has-fixed-layout\"><tbody><tr><td class=\"has-text-align-center\" data-align=\"center\"><strong>Cargos<\/strong><\/td><td class=\"has-text-align-center\" data-align=\"center\"><strong>Existentes<\/strong><\/td><td class=\"has-text-align-center\" data-align=\"center\"><strong>Vagos<\/strong><\/td><\/tr><tr><td class=\"has-text-align-center\" data-align=\"center\">Analista Ministerial<\/td><td class=\"has-text-align-center\" data-align=\"center\">104<\/td><td class=\"has-text-align-center\" data-align=\"center\">37<\/td><\/tr><tr><td class=\"has-text-align-center\" data-align=\"center\">T\u00e9cnico Ministerial<\/td><td class=\"has-text-align-center\" data-align=\"center\">193<\/td><td class=\"has-text-align-center\" data-align=\"center\">61<\/td><\/tr><tr><td class=\"has-text-align-center\" data-align=\"center\"><strong>TOTAL<\/strong><\/td><td class=\"has-text-align-center\" data-align=\"center\">302<\/td><td class=\"has-text-align-center\" data-align=\"center\">98<\/td><\/tr><\/tbody><\/table><figcaption class=\"wp-element-caption\">Vac\u00e2ncias no \u00f3rg\u00e3o <\/figcaption><\/figure>\n\n\n\n<h3 class=\"wp-block-heading\" id=\"remuneracao\">Estrutura Remunerat\u00f3ria<\/h3>\n\n\n\n<figure class=\"wp-block-table is-style-stripes\"><table class=\"has-very-light-gray-to-cyan-bluish-gray-gradient-background has-background has-fixed-layout\"><tbody><tr><td><strong>Cargo<\/strong><\/td><td><strong>N\u00edvel <\/strong><\/td><td><strong>Remunera\u00e7\u00e3o<\/strong><\/td><\/tr><tr><td>Analista Ministerial<\/td><td>C<\/td><td>R$ 14.961,12<\/td><\/tr><tr><td>Analista Ministerial<\/td><td>C<\/td><td>R$ 13.917,32<\/td><\/tr><tr><td>Analista Ministerial<\/td><td>C<\/td><td>R$ 12.946,35<\/td><\/tr><tr><td>Analista Ministerial<\/td><td>B<\/td><td>R$ 12.043,11<\/td><\/tr><tr><td>Analista Ministerial<\/td><td>B<\/td><td>R$ 11.202,89<\/td><\/tr><tr><td>Analista Ministerial<\/td><td>B<\/td><td>R$ 10.421,30<\/td><\/tr><tr><td>Analista Ministerial<\/td><td>A<\/td><td>R$ 9.694,23<\/td><\/tr><tr><td>Analista Ministerial<\/td><td>A<\/td><td>R$ 9.017,89<\/td><\/tr><tr><td>Analista Ministerial<\/td><td>A<\/td><td>R$ 8.388,73<\/td><\/tr><tr><td>T\u00e9cnico Ministerial<\/td><td>C<\/td><td>R$ 9.643,97<\/td><\/tr><tr><td>T\u00e9cnico Ministerial<\/td><td>C<\/td><td>R$ 8.971,13<\/td><\/tr><tr><td>T\u00e9cnico Ministerial<\/td><td>C<\/td><td>R$ 8.345,24<\/td><\/tr><tr><td>T\u00e9cnico Ministerial<\/td><td>B<\/td><td>R$ 7.763,01<\/td><\/tr><tr><td>T\u00e9cnico Ministerial<\/td><td>B<\/td><td>R$ 7.221,41<\/td><\/tr><tr><td>T\u00e9cnico Ministerial<\/td><td>B<\/td><td>R$ 6.717,59<\/td><\/tr><tr><td>T\u00e9cnico Ministerial<\/td><td>A<\/td><td>R$ 6.248,92<\/td><\/tr><tr><td>T\u00e9cnico Ministerial<\/td><td>A<\/td><td>R$ 5.812,95<\/td><\/tr><tr><td>T\u00e9cnico Ministerial<\/td><td>A<\/td><td>R$ 5.407,39<\/td><\/tr><\/tbody><\/table><figcaption class=\"wp-element-caption\">Tabela remunerat\u00f3ria do MP PI<\/figcaption><\/figure>\n\n\n\n<h2 class=\"wp-block-heading\" id=\"ultimo\">Concurso MP PI: \u00faltimo edital<\/h2>\n\n\n\n<p>O edital do \u00faltimo concurso MP PI foi publicado em <strong>2018<\/strong>, ofertando <strong>26 vagas<\/strong> para cargos de n\u00edvel m\u00e9dio e superior e sendo organizado pela antiga banca Cespe, atual Cebraspe. No total, o edital <strong>registrou 16.542 inscritos<\/strong>.<\/p>\n\n\n\n<h3 class=\"wp-block-heading\" id=\"ofertados\">Cargos ofertados no certame <\/h3>\n\n\n\n<p>O edital ofertou&nbsp;<strong>9 vagas&nbsp;<\/strong>para o cargo de&nbsp;<strong>Analista&nbsp;<\/strong>(n\u00edvel superior) e&nbsp;<strong>17 vagas&nbsp;<\/strong>para o cargo de&nbsp;<strong>T\u00e9cnico&nbsp;<\/strong>(n\u00edvel m\u00e9dio)<strong><em>.<\/em><\/strong><\/p>\n\n\n\n<p><strong>Analista<\/strong><\/p>\n\n\n\n<ul class=\"wp-block-list\">\n<li><em>Engenharia Civil<\/em>;<\/li>\n\n\n\n<li><em>Processual<\/em>;<\/li>\n\n\n\n<li><em>Medicina<\/em>;<\/li>\n\n\n\n<li><em>Psicologia<\/em>;<\/li>\n\n\n\n<li><em>Tecnologia da Informa\u00e7\u00e3o<\/em>.<\/li>\n<\/ul>\n\n\n\n<p><strong>T\u00e9cnico<\/strong><\/p>\n\n\n\n<ul class=\"wp-block-list\">\n<li><em>Administrativa<\/em>.<\/li>\n<\/ul>\n\n\n\n<p>Segundo a estrutura remunerat\u00f3ria dos cargos do MP PI, a remunera\u00e7\u00e3o inicial para o cargo de&nbsp;<strong>Analista<\/strong> \u00e9 de&nbsp;<strong>R$ 6241,11<\/strong>. Para o cargo de&nbsp;<strong>T\u00e9cnico<\/strong>, a&nbsp;remunera\u00e7\u00e3o inicial \u00e9 de&nbsp;<strong>R$ 4023,03.<\/strong><\/p>\n\n\n\n<h3 class=\"wp-block-heading\" id=\"h-concurso-mp-pi-etapas-de-prova\">Concurso MP PI: etapas de prova<\/h3>\n\n\n\n<p>O exame contou com uma <strong>prova objetiva<\/strong>, de car\u00e1ter eliminat\u00f3rio e classificat\u00f3rio, com 120 quest\u00f5es, cada uma valendo um ponto e utilizando o padr\u00e3o de certo ou errado. <\/p>\n\n\n\n<p>Para o cargo de Analista (N\u00edvel superior), houve tamb\u00e9m uma <strong>prova discursiva<\/strong>, car\u00e1ter eliminat\u00f3rio e classificat\u00f3rio do formato reda\u00e7\u00e3o.<\/p>\n\n\n\n<p>As provas objetivas e discursiva foram aplicadas no mesmo dia e turno com dura\u00e7\u00e3o m\u00e1xima de&nbsp;<strong>5 horas<\/strong>.<\/p>\n\n\n\n<h4 class=\"wp-block-heading\" id=\"objetiva\">Prova Objetiva<\/h4>\n\n\n\n<p>A prova objetiva foi estruturada de acordo com o tradicional m\u00e9todo Cespe\/Cebraspe e devendo as quest\u00f5es serem avaliadas como&nbsp;<strong>certas&nbsp;<\/strong>ou&nbsp;<strong>erradas<\/strong>.<\/p>\n\n\n\n<p>A atribui\u00e7\u00e3o de pontos seguiu a seguinte regra: \u00e0s assertivas assinaladas de acordo com o gabarito, foi atribu\u00eddo 1 ponto, ao passo que \u00e0quelas assinadas em desacordo com o gabarito, foi atribu\u00eddo -1 ponto. As alternativas n\u00e3o assinaladas n\u00e3o pontuam, sendo atribu\u00eddos 0 ponto.<\/p>\n\n\n\n<p>Para ambos os cargos, a prova foi dividida em 50 quest\u00f5es de conhecimentos b\u00e1sicos e 70 quest\u00f5es de conhecimentos espec\u00edficos. <\/p>\n\n\n\n<p>As disciplinas cobradas em todos os cargos ser\u00e3o:<\/p>\n\n\n\n<ul class=\"wp-block-list\">\n<li><em>L\u00edngua Portuguesa<\/em>;<\/li>\n\n\n\n<li><em>No\u00e7\u00f5es de Direito Administrativo<\/em>;<\/li>\n\n\n\n<li><em>No\u00e7\u00f5es de Direito Constitucional<\/em>;<\/li>\n\n\n\n<li><em>No\u00e7\u00f5es de Inform\u00e1tica<\/em>;<\/li>\n\n\n\n<li><em>Atualidades<\/em>;<\/li>\n\n\n\n<li><em>\u00c9tica no Servi\u00e7o P\u00fablico<\/em>.<\/li>\n<\/ul>\n\n\n\n<p>Para os cargos de Analista, as mat\u00e9rias cobradas em cada especialidade foram:<\/p>\n\n\n\n<p><strong>Analista Ministerial &#8211; \u00c1rea Engenharia<\/strong><\/p>\n\n\n\n<ul class=\"wp-block-list\">\n<li><em>Engenharia Civil<\/em>.<\/li>\n<\/ul>\n\n\n\n<p><strong>Analista Ministerial &#8211; \u00c1rea Processual<\/strong><\/p>\n\n\n\n<ul class=\"wp-block-list\">\n<li><em>Direito Administrativo<\/em>;<\/li>\n\n\n\n<li><em>Direito Constitucional<\/em>;<\/li>\n\n\n\n<li><em>Direito Civil<\/em>;<\/li>\n\n\n\n<li><em>Direito Processual Civil<\/em>;<\/li>\n\n\n\n<li><em>Direito Penal<\/em>;<\/li>\n\n\n\n<li><em>Direito Processual Penal<\/em>;<\/li>\n\n\n\n<li><em>Direito da Inf\u00e2ncia e Juventude<\/em>;<\/li>\n\n\n\n<li><em>Direito Ambiental<\/em>;<\/li>\n\n\n\n<li><em>Tutela dos Direitos Difusos, Coletivos e Individuais Homog\u00eaneos<\/em>.<\/li>\n<\/ul>\n\n\n\n<p><strong>Analista Ministerial &#8211; \u00c1rea Sa\u00fade &#8211; Especialidade Medicina<\/strong><\/p>\n\n\n\n<ul class=\"wp-block-list\">\n<li><em>Medicina<\/em>.<\/li>\n<\/ul>\n\n\n\n<p><strong>Analista Ministerial &#8211; \u00c1rea Sa\u00fade &#8211; Especialidade Psicologia<\/strong><\/p>\n\n\n\n<ul class=\"wp-block-list\">\n<li><em>Psicologia Organizacional<\/em>.<\/li>\n<\/ul>\n\n\n\n<p><strong>Analista Ministerial &#8211; \u00c1rea T.I<\/strong><\/p>\n\n\n\n<ul class=\"wp-block-list\">\n<li><em>Fundamentos em T.I<\/em>;<\/li>\n\n\n\n<li><em>Governan\u00e7a e Gest\u00e3o de T.I<\/em>;<\/li>\n\n\n\n<li><em>Processos de Neg\u00f3cio<\/em>;<\/li>\n\n\n\n<li><em>Engenharia de Software<\/em>;<\/li>\n\n\n\n<li><em>Arquitetura de Software<\/em>;<\/li>\n\n\n\n<li><em>Desenvolvimento de Software<\/em>;<\/li>\n\n\n\n<li><em>L\u00edngua Inglesa<\/em>.<\/li>\n<\/ul>\n\n\n\n<p><strong>T\u00e9cnico Ministerial &#8211; \u00c1rea Administrativa<\/strong><\/p>\n\n\n\n<ul class=\"wp-block-list\">\n<li><em>No\u00e7\u00f5es de Administra\u00e7\u00e3o<\/em>;<\/li>\n\n\n\n<li><em>No\u00e7\u00f5es de Administra\u00e7\u00e3o Financeira e Or\u00e7ament\u00e1ria<\/em>;<\/li>\n\n\n\n<li><em>No\u00e7\u00f5es de Arquivologia<\/em>;<\/li>\n\n\n\n<li><em>No\u00e7\u00f5es de Recursos Materiais<\/em>.<\/li>\n<\/ul>\n\n\n\n<p>Foram eliminados os candidatos que:<\/p>\n\n\n\n<p><strong>a)<\/strong> obtiveram nota inferior a 10 pontos na prova objetiva de Conhecimentos B\u00e1sicos (P1);<br \/><strong>b)<\/strong> obtiveram nota inferior a 21 pontos na prova objetiva de Conhecimentos Espec\u00edficos (P2);<br \/><strong>c)<\/strong><em> <\/em>obtiver nota inferior a 36 pontos no conjunto das provas objetivas<\/p>\n\n\n\n<figure class=\"wp-block-image aligncenter\"><img decoding=\"async\" src=\"https:\/\/dhg1h5j42swfq.cloudfront.net\/2018\/06\/11154947\/concurso-mp-pi-reda%C3%A7%C3%B5es.png\" alt=\"Tabela de candidatos convocados Concurso MP PI 2018\" class=\"wp-image-130739\"\/><\/figure>\n\n\n\n<h4 class=\"wp-block-heading\" id=\"discursiva\">Prova Discursiva <\/h4>\n\n\n\n<p>A prova discursiva valeu 40,00 pontos e consistiu de reda\u00e7\u00e3o de texto dissertativo, de at\u00e9 30 linhas, a respeito de temas relacionados aos conhecimentos espec\u00edficos para cada cargo\/\u00e1rea\/especialidade.<\/p>\n\n\n\n<p>Ela foi submetida a duas avalia\u00e7\u00f5es: uma avalia\u00e7\u00e3o de conte\u00fado e uma avalia\u00e7\u00e3o do dom\u00ednio da modalidade escrita da L\u00edngua Portuguesa. <\/p>\n\n\n\n<p>A prova discursiva foi corrigida conforme os crit\u00e9rios a seguir:<br \/><br \/>a) a apresenta\u00e7\u00e3o e a estrutura textuais e o desenvolvimento do tema totalizar\u00e3o a nota relativa ao dom\u00ednio do conte\u00fado (NC);<br \/>b) a avalia\u00e7\u00e3o do dom\u00ednio da modalidade escrita totalizou o n\u00famero de erros (NE) do candidato, considerando-se aspectos tais como ortografia, morfossintaxe e propriedade vocabular;<br \/>c) foi desconsiderado, para efeito de avalia\u00e7\u00e3o, qualquer fragmento de texto que for escrito fora do local apropriado ou que ultrapassar o n\u00famero m\u00e1ximo de linhas estabelecido. <\/p>\n\n\n\n<p>A nota na prova discursiva (NPD) se deu por meio da seguinte f\u00f3rmula:<br \/><strong>NPD = NC &#8211; 2 \u00d7 NE \u00f7 TL<\/strong>, em que TL correspondeu ao n\u00famero de linhas efetivamente escritas pelo candidato na prova. Foi eliminado do concurso p\u00fablico o candidato que obtivesse NPD inferior a <strong>20,00 pontos<\/strong>. <\/p>\n\n\n\n<p>A nota final no concurso para os cargos\/\u00e1reas\/especialidades de n\u00edvel superior foi o somat\u00f3rio da nota final nas provas objetivas e da nota final na prova discursiva (NFPD). A nota final no concurso para o cargo\/\u00e1rea de n\u00edvel m\u00e9dio foi igual \u00e0 nota final nas provas objetivas.<\/p>\n\n\n\n<h3 class=\"wp-block-heading\">Nomea\u00e7\u00f5es <\/h3>\n\n\n\n<p>Segundo informa\u00e7\u00f5es do pr\u00f3prio site do MP PI, foram nomeados, at\u00e9 mar\u00e7o de 2022, 38 aprovados no <strong>concurso MP PI.<\/strong><\/p>\n\n\n\n<h2 class=\"wp-block-heading has-text-align-center\" id=\"h-quer-saber-tudo-sobre-concursos-previstos-confira-os-nossos-artigos\">Quer saber tudo sobre concursos previstos?<br \/>Confira os nossos artigos!<\/h2>\n\n\n\n<ul class=\"wp-block-list\">\n<li><a href=\"https:\/\/www.estrategiaconcursos.com.br\/blog\/concursos-abertos\/\" target=\"_blank\" rel=\"noreferrer noopener\">Concursos Abertos<\/a><\/li>\n\n\n\n<li><a href=\"https:\/\/www.estrategiaconcursos.com.br\/blog\/concursos-mp\/\">Concursos MP<\/a><\/li>\n\n\n\n<li><a href=\"https:\/\/www.estrategiaconcursos.com.br\/blog\/concursos-2026\/\">Concursos 2026<\/a><\/li>\n<\/ul>\n\n\n\n<h2 class=\"wp-block-heading has-text-align-center\" id=\"curso\">Cursos para concurso MP PI <\/h2>\n\n\n\n<div class=\"container\" id=\"boxes\">\n  <div class=\"row\">\n\n    <div class=\"col-sm\">\n      <div class=\"banner-tribunal\" id=\"box-assinatura\">\n        <h3 class=\"titulo-assinatura\">Cursos para MP PI<\/h3>\n        <p class=\"subtitulo-assinatura\">Conhe\u00e7a os cursos<\/p>\n        <div class=\"box-botao\">\n          <a class=\"btn-assinatura\" target=\"_blank\" href=\"https:\/\/www.estrategiaconcursos.com.br\/cursosPorConcurso\" role=\"button\" rel=\"noopener noreferrer\">Conhe\u00e7a mais<\/a>\n        <\/div>\n      <\/div>\n      <p class=\"texto-auxiliar\">Prepare-se com o melhor material e com quem mais aprova em Concursos P\u00fablicos em todo o pa\u00eds.<\/p>\n    <\/div>\n\n  <\/div>\n<\/div>\n\n\n\n<div class=\"container\" id=\"boxes\">\n  <div class=\"row\">\n\n    <div class=\"col-sm\">\n      <div class=\"banner-tribunal\" id=\"box-assinatura\">\n        <h3 class=\"titulo-assinatura\">Cursos para MP-PI<\/h3>\n        <p class=\"subtitulo-assinatura\">Conhe\u00e7a os cursos<\/p>\n        <div class=\"box-botao\">\n          <a class=\"btn-assinatura\" target=\"_blank\" href=\"https:\/\/www.estrategiaconcursos.com.br\/cursos\/concurso\/\" role=\"button\" rel=\"noopener noreferrer\">Conhe\u00e7a mais<\/a>\n        <\/div>\n      <\/div>\n      <p class=\"texto-auxiliar\">Prepare-se com o melhor material e com quem mais aprova em Concursos P\u00fablicos em todo o pa\u00eds.<\/p>\n    <\/div>\n\n  <\/div>\n<\/div>\n\n\n\n<figure class=\"wp-block-image size-large is-resized\"><img loading=\"lazy\" decoding=\"async\" width=\"1024\" height=\"632\" src=\"https:\/\/dhg1h5j42swfq.cloudfront.net\/2021\/04\/05171352\/ficha-tecnica-33-1024x632.png\" alt=\"\" class=\"wp-image-707823\" style=\"aspect-ratio:1.627906976744186;width:260px;height:auto\" srcset=\"https:\/\/dhg1h5j42swfq.cloudfront.net\/2021\/04\/05171352\/ficha-tecnica-33-1024x632.png 1024w, https:\/\/dhg1h5j42swfq.cloudfront.net\/2021\/04\/05171352\/ficha-tecnica-33-300x185.png 300w, https:\/\/dhg1h5j42swfq.cloudfront.net\/2021\/04\/05171352\/ficha-tecnica-33-768x474.png 768w, https:\/\/dhg1h5j42swfq.cloudfront.net\/2021\/04\/05171352\/ficha-tecnica-33-1536x948.png 1536w, https:\/\/dhg1h5j42swfq.cloudfront.net\/2021\/04\/05171352\/ficha-tecnica-33-610x377.png 610w, https:\/\/dhg1h5j42swfq.cloudfront.net\/2021\/04\/05171352\/ficha-tecnica-33.png 1571w\" sizes=\"auto, (max-width: 1024px) 100vw, 1024px\" \/><\/figure>\n\n\n\n<p id=\"block-ba1614b5-988b-41ef-892d-f4c9f7e9dd42\"><strong>Informa\u00e7\u00f5es do edital MP PI<\/strong><\/p>\n\n\n\n<ul class=\"wp-block-list\">\n<li><strong>Provas<\/strong>:<s> 27\/07\/2025<\/s><\/li>\n\n\n\n<li><strong>Vagas<\/strong>: 30 + CR<\/li>\n\n\n\n<li><strong>Cargos<\/strong>: analista e t\u00e9cnico<\/li>\n\n\n\n<li><strong>Banca<\/strong>: FCC<\/li>\n\n\n\n<li><strong>Escolaridade<\/strong>: m\u00e9dio e superior<\/li>\n\n\n\n<li><strong>Sal\u00e1rio inicial:<\/strong>&nbsp;de<strong> <\/strong>R$ 5.407,39 (T\u00e9cnico) e R$ 8.388,73 (Analista)<\/li>\n\n\n\n<li><strong>Edital<\/strong>: <a href=\"https:\/\/dhg1h5j42swfq.cloudfront.net\/2025\/03\/27160009\/edital_01-2024_-_27_03_2025.pdf\" target=\"_blank\" rel=\"noreferrer noopener\">MP PI 2025<\/a><\/li>\n<\/ul>\n\n\n\n<p><\/p>\n","protected":false},"excerpt":{"rendered":"<p>Concurso MP PI ofertou 30 vagas + CR para cargos de n\u00edveis m\u00e9dio e superior; homologa\u00e7\u00e3o do resultado oficial foi publicada! Est\u00e1 devidamente homologado o resultado final concurso p\u00fablico do Minist\u00e9rio P\u00fablico do Piau\u00ed (MP PI). Confira o documento abaixo: Agora, o certame segue v\u00e1lido at\u00e9 dezembro de 2027, podendo ser prorrogado, uma vez, por [&hellip;]<\/p>\n","protected":false},"author":1,"featured_media":1183889,"comment_status":"open","ping_status":"closed","sticky":false,"template":"","format":"standard","meta":{"post_tipo":"news_page","footnotes":""},"categories":[1984,220219],"tags":[],"tax_estado":[219980],"class_list":["post-130719","post","type-post","status-publish","format-standard","has-post-thumbnail","hentry","category-tribunais","category-noticias","tax_estado-pi"],"acf":[],"yoast_head":"<!-- This site is optimized with the Yoast SEO Premium plugin v27.2 (Yoast SEO v27.2) - https:\/\/yoast.com\/product\/yoast-seo-premium-wordpress\/ -->\n<title>Concurso MP PI: resultado final homologado. Veja!<\/title>\n<meta name=\"description\" content=\"Concurso MP PI ofertou 30 vagas + CR para cargos de n\u00edveis m\u00e9dio e superior; homologa\u00e7\u00e3o do resultado oficial foi publicada!\" \/>\n<meta name=\"robots\" content=\"index, follow, max-snippet:-1, max-image-preview:large, max-video-preview:-1\" \/>\n<link rel=\"canonical\" href=\"https:\/\/www.estrategiaconcursos.com.br\/blog\/concurso-mp-pi\/\" \/>\n<meta property=\"og:locale\" content=\"pt_BR\" \/>\n<meta property=\"og:type\" content=\"article\" \/>\n<meta property=\"og:title\" content=\"Concurso MP PI: resultado final homologado. Veja!\" \/>\n<meta property=\"og:description\" content=\"Concurso MP PI ofertou 30 vagas + CR para cargos de n\u00edveis m\u00e9dio e superior; homologa\u00e7\u00e3o do resultado oficial foi publicada!\" \/>\n<meta property=\"og:url\" content=\"https:\/\/www.estrategiaconcursos.com.br\/blog\/concurso-mp-pi\/\" \/>\n<meta property=\"og:site_name\" content=\"Estrat\u00e9gia Concursos\" \/>\n<meta property=\"article:author\" content=\"https:\/\/www.facebook.com\/EstrategiaConcursos\" \/>\n<meta property=\"article:published_time\" content=\"2026-03-17T18:49:19+00:00\" \/>\n<meta property=\"article:modified_time\" content=\"2026-03-17T18:49:22+00:00\" \/>\n<meta property=\"og:image\" content=\"https:\/\/dhg1h5j42swfq.cloudfront.net\/2023\/03\/08170257\/concurso-mp-pi.jpeg\" \/>\n\t<meta property=\"og:image:width\" content=\"768\" \/>\n\t<meta property=\"og:image:height\" content=\"432\" \/>\n\t<meta property=\"og:image:type\" content=\"image\/jpeg\" \/>\n<meta name=\"author\" content=\"Coordena\u00e7\u00e3o\" \/>\n<meta name=\"twitter:card\" content=\"summary_large_image\" \/>\n<meta name=\"twitter:creator\" content=\"@EstratConcursos\" \/>\n<meta name=\"twitter:site\" content=\"@EstratConcursos\" \/>\n<meta name=\"twitter:label1\" content=\"Escrito por\" \/>\n\t<meta name=\"twitter:data1\" content=\"Coordena\u00e7\u00e3o\" \/>\n\t<meta name=\"twitter:label2\" content=\"Est. tempo de leitura\" \/>\n\t<meta name=\"twitter:data2\" content=\"9 minutos\" \/>\n<script type=\"application\/ld+json\" class=\"yoast-schema-graph\">{\"@context\":\"https:\/\/schema.org\",\"@graph\":[{\"@type\":\"NewsArticle\",\"@id\":\"https:\/\/www.estrategiaconcursos.com.br\/blog\/concurso-mp-pi\/#article\",\"isPartOf\":{\"@id\":\"https:\/\/www.estrategiaconcursos.com.br\/blog\/concurso-mp-pi\/\"},\"author\":{\"name\":\"Coordena\u00e7\u00e3o\",\"@id\":\"https:\/\/www.estrategiaconcursos.com.br\/blog\/#\/schema\/person\/b4a388c97673c5f483d72185668afa1f\"},\"headline\":\"Concurso MP PI: resultado final homologado. Veja!\",\"datePublished\":\"2026-03-17T18:49:19+00:00\",\"dateModified\":\"2026-03-17T18:49:22+00:00\",\"mainEntityOfPage\":{\"@id\":\"https:\/\/www.estrategiaconcursos.com.br\/blog\/concurso-mp-pi\/\"},\"wordCount\":1943,\"commentCount\":5,\"publisher\":{\"@id\":\"https:\/\/www.estrategiaconcursos.com.br\/blog\/#organization\"},\"image\":{\"@id\":\"https:\/\/www.estrategiaconcursos.com.br\/blog\/concurso-mp-pi\/#primaryimage\"},\"thumbnailUrl\":\"https:\/\/dhg1h5j42swfq.cloudfront.net\/2023\/03\/08170257\/concurso-mp-pi.jpeg\",\"articleSection\":[\"Tribunais\",\"\u00daltimas not\u00edcias\"],\"inLanguage\":\"pt-BR\",\"potentialAction\":[{\"@type\":\"CommentAction\",\"name\":\"Comment\",\"target\":[\"https:\/\/www.estrategiaconcursos.com.br\/blog\/concurso-mp-pi\/#respond\"]}],\"copyrightYear\":\"2026\",\"copyrightHolder\":{\"@id\":\"https:\/\/www.estrategiaconcursos.com.br\/blog\/#organization\"}},{\"@type\":\"WebPage\",\"@id\":\"https:\/\/www.estrategiaconcursos.com.br\/blog\/concurso-mp-pi\/\",\"url\":\"https:\/\/www.estrategiaconcursos.com.br\/blog\/concurso-mp-pi\/\",\"name\":\"Concurso MP PI: resultado final homologado. Veja!\",\"isPartOf\":{\"@id\":\"https:\/\/www.estrategiaconcursos.com.br\/blog\/#website\"},\"primaryImageOfPage\":{\"@id\":\"https:\/\/www.estrategiaconcursos.com.br\/blog\/concurso-mp-pi\/#primaryimage\"},\"image\":{\"@id\":\"https:\/\/www.estrategiaconcursos.com.br\/blog\/concurso-mp-pi\/#primaryimage\"},\"thumbnailUrl\":\"https:\/\/dhg1h5j42swfq.cloudfront.net\/2023\/03\/08170257\/concurso-mp-pi.jpeg\",\"datePublished\":\"2026-03-17T18:49:19+00:00\",\"dateModified\":\"2026-03-17T18:49:22+00:00\",\"description\":\"Concurso MP PI ofertou 30 vagas + CR para cargos de n\u00edveis m\u00e9dio e superior; homologa\u00e7\u00e3o do resultado oficial foi publicada!\",\"breadcrumb\":{\"@id\":\"https:\/\/www.estrategiaconcursos.com.br\/blog\/concurso-mp-pi\/#breadcrumb\"},\"inLanguage\":\"pt-BR\",\"potentialAction\":[{\"@type\":\"ReadAction\",\"target\":[\"https:\/\/www.estrategiaconcursos.com.br\/blog\/concurso-mp-pi\/\"]}]},{\"@type\":\"ImageObject\",\"inLanguage\":\"pt-BR\",\"@id\":\"https:\/\/www.estrategiaconcursos.com.br\/blog\/concurso-mp-pi\/#primaryimage\",\"url\":\"https:\/\/dhg1h5j42swfq.cloudfront.net\/2023\/03\/08170257\/concurso-mp-pi.jpeg\",\"contentUrl\":\"https:\/\/dhg1h5j42swfq.cloudfront.net\/2023\/03\/08170257\/concurso-mp-pi.jpeg\",\"width\":768,\"height\":432,\"caption\":\"in\u00e9ditas para o concurso MP PI\"},{\"@type\":\"BreadcrumbList\",\"@id\":\"https:\/\/www.estrategiaconcursos.com.br\/blog\/concurso-mp-pi\/#breadcrumb\",\"itemListElement\":[{\"@type\":\"ListItem\",\"position\":1,\"name\":\"In\u00edcio\",\"item\":\"https:\/\/www.estrategiaconcursos.com.br\/blog\/\"},{\"@type\":\"ListItem\",\"position\":2,\"name\":\"Concurso MP PI: resultado final homologado. Veja!\"}]},{\"@type\":\"WebSite\",\"@id\":\"https:\/\/www.estrategiaconcursos.com.br\/blog\/#website\",\"url\":\"https:\/\/www.estrategiaconcursos.com.br\/blog\/\",\"name\":\"Estrat\u00e9gia Concursos\",\"description\":\"O blog da Estrat\u00e9gia Concursos traz not\u00edcias sobre concursos e artigos de professores oferecendo cursos para concursos (pdf + videaulas) no site.\",\"publisher\":{\"@id\":\"https:\/\/www.estrategiaconcursos.com.br\/blog\/#organization\"},\"potentialAction\":[{\"@type\":\"SearchAction\",\"target\":{\"@type\":\"EntryPoint\",\"urlTemplate\":\"https:\/\/www.estrategiaconcursos.com.br\/blog\/?s={search_term_string}\"},\"query-input\":{\"@type\":\"PropertyValueSpecification\",\"valueRequired\":true,\"valueName\":\"search_term_string\"}}],\"inLanguage\":\"pt-BR\"},{\"@type\":\"Organization\",\"@id\":\"https:\/\/www.estrategiaconcursos.com.br\/blog\/#organization\",\"name\":\"Estrat\u00e9gia Concursos\",\"url\":\"https:\/\/www.estrategiaconcursos.com.br\/blog\/\",\"logo\":{\"@type\":\"ImageObject\",\"inLanguage\":\"pt-BR\",\"@id\":\"https:\/\/www.estrategiaconcursos.com.br\/blog\/#\/schema\/logo\/image\/\",\"url\":\"https:\/\/dhg1h5j42swfq.cloudfront.net\/2025\/06\/03203428\/logo_concursos-1.jpg\",\"contentUrl\":\"https:\/\/dhg1h5j42swfq.cloudfront.net\/2025\/06\/03203428\/logo_concursos-1.jpg\",\"width\":230,\"height\":60,\"caption\":\"Estrat\u00e9gia Concursos\"},\"image\":{\"@id\":\"https:\/\/www.estrategiaconcursos.com.br\/blog\/#\/schema\/logo\/image\/\"},\"sameAs\":[\"https:\/\/x.com\/EstratConcursos\"]},{\"@type\":\"Person\",\"@id\":\"https:\/\/www.estrategiaconcursos.com.br\/blog\/#\/schema\/person\/b4a388c97673c5f483d72185668afa1f\",\"name\":\"Coordena\u00e7\u00e3o\",\"image\":{\"@type\":\"ImageObject\",\"inLanguage\":\"pt-BR\",\"@id\":\"https:\/\/secure.gravatar.com\/avatar\/b720319e4c9a967eb58678d110f4fe35452fc5d5f97b202bac7b8acceb18c6ad?s=96&d=mm&r=g\",\"url\":\"https:\/\/secure.gravatar.com\/avatar\/b720319e4c9a967eb58678d110f4fe35452fc5d5f97b202bac7b8acceb18c6ad?s=96&d=mm&r=g\",\"contentUrl\":\"https:\/\/secure.gravatar.com\/avatar\/b720319e4c9a967eb58678d110f4fe35452fc5d5f97b202bac7b8acceb18c6ad?s=96&d=mm&r=g\",\"caption\":\"Coordena\u00e7\u00e3o\"},\"sameAs\":[\"https:\/\/www.facebook.com\/EstrategiaConcursos\",\"https:\/\/x.com\/EstratConcursos\"],\"url\":\"https:\/\/www.estrategiaconcursos.com.br\/blog\/author\/estrategia2013\/\"}]}<\/script>\n<!-- \/ Yoast SEO Premium plugin. -->","yoast_head_json":{"title":"Concurso MP PI: resultado final homologado. Veja!","description":"Concurso MP PI ofertou 30 vagas + CR para cargos de n\u00edveis m\u00e9dio e superior; homologa\u00e7\u00e3o do resultado oficial foi publicada!","robots":{"index":"index","follow":"follow","max-snippet":"max-snippet:-1","max-image-preview":"max-image-preview:large","max-video-preview":"max-video-preview:-1"},"canonical":"https:\/\/www.estrategiaconcursos.com.br\/blog\/concurso-mp-pi\/","og_locale":"pt_BR","og_type":"article","og_title":"Concurso MP PI: resultado final homologado. Veja!","og_description":"Concurso MP PI ofertou 30 vagas + CR para cargos de n\u00edveis m\u00e9dio e superior; homologa\u00e7\u00e3o do resultado oficial foi publicada!","og_url":"https:\/\/www.estrategiaconcursos.com.br\/blog\/concurso-mp-pi\/","og_site_name":"Estrat\u00e9gia Concursos","article_author":"https:\/\/www.facebook.com\/EstrategiaConcursos","article_published_time":"2026-03-17T18:49:19+00:00","article_modified_time":"2026-03-17T18:49:22+00:00","og_image":[{"width":768,"height":432,"url":"https:\/\/dhg1h5j42swfq.cloudfront.net\/2023\/03\/08170257\/concurso-mp-pi.jpeg","type":"image\/jpeg"}],"author":"Coordena\u00e7\u00e3o","twitter_card":"summary_large_image","twitter_creator":"@EstratConcursos","twitter_site":"@EstratConcursos","twitter_misc":{"Escrito por":"Coordena\u00e7\u00e3o","Est. tempo de leitura":"9 minutos"},"schema":{"@context":"https:\/\/schema.org","@graph":[{"@type":"NewsArticle","@id":"https:\/\/www.estrategiaconcursos.com.br\/blog\/concurso-mp-pi\/#article","isPartOf":{"@id":"https:\/\/www.estrategiaconcursos.com.br\/blog\/concurso-mp-pi\/"},"author":{"name":"Coordena\u00e7\u00e3o","@id":"https:\/\/www.estrategiaconcursos.com.br\/blog\/#\/schema\/person\/b4a388c97673c5f483d72185668afa1f"},"headline":"Concurso MP PI: resultado final homologado. Veja!","datePublished":"2026-03-17T18:49:19+00:00","dateModified":"2026-03-17T18:49:22+00:00","mainEntityOfPage":{"@id":"https:\/\/www.estrategiaconcursos.com.br\/blog\/concurso-mp-pi\/"},"wordCount":1943,"commentCount":5,"publisher":{"@id":"https:\/\/www.estrategiaconcursos.com.br\/blog\/#organization"},"image":{"@id":"https:\/\/www.estrategiaconcursos.com.br\/blog\/concurso-mp-pi\/#primaryimage"},"thumbnailUrl":"https:\/\/dhg1h5j42swfq.cloudfront.net\/2023\/03\/08170257\/concurso-mp-pi.jpeg","articleSection":["Tribunais","\u00daltimas not\u00edcias"],"inLanguage":"pt-BR","potentialAction":[{"@type":"CommentAction","name":"Comment","target":["https:\/\/www.estrategiaconcursos.com.br\/blog\/concurso-mp-pi\/#respond"]}],"copyrightYear":"2026","copyrightHolder":{"@id":"https:\/\/www.estrategiaconcursos.com.br\/blog\/#organization"}},{"@type":"WebPage","@id":"https:\/\/www.estrategiaconcursos.com.br\/blog\/concurso-mp-pi\/","url":"https:\/\/www.estrategiaconcursos.com.br\/blog\/concurso-mp-pi\/","name":"Concurso MP PI: resultado final homologado. Veja!","isPartOf":{"@id":"https:\/\/www.estrategiaconcursos.com.br\/blog\/#website"},"primaryImageOfPage":{"@id":"https:\/\/www.estrategiaconcursos.com.br\/blog\/concurso-mp-pi\/#primaryimage"},"image":{"@id":"https:\/\/www.estrategiaconcursos.com.br\/blog\/concurso-mp-pi\/#primaryimage"},"thumbnailUrl":"https:\/\/dhg1h5j42swfq.cloudfront.net\/2023\/03\/08170257\/concurso-mp-pi.jpeg","datePublished":"2026-03-17T18:49:19+00:00","dateModified":"2026-03-17T18:49:22+00:00","description":"Concurso MP PI ofertou 30 vagas + CR para cargos de n\u00edveis m\u00e9dio e superior; homologa\u00e7\u00e3o do resultado oficial foi publicada!","breadcrumb":{"@id":"https:\/\/www.estrategiaconcursos.com.br\/blog\/concurso-mp-pi\/#breadcrumb"},"inLanguage":"pt-BR","potentialAction":[{"@type":"ReadAction","target":["https:\/\/www.estrategiaconcursos.com.br\/blog\/concurso-mp-pi\/"]}]},{"@type":"ImageObject","inLanguage":"pt-BR","@id":"https:\/\/www.estrategiaconcursos.com.br\/blog\/concurso-mp-pi\/#primaryimage","url":"https:\/\/dhg1h5j42swfq.cloudfront.net\/2023\/03\/08170257\/concurso-mp-pi.jpeg","contentUrl":"https:\/\/dhg1h5j42swfq.cloudfront.net\/2023\/03\/08170257\/concurso-mp-pi.jpeg","width":768,"height":432,"caption":"in\u00e9ditas para o concurso MP PI"},{"@type":"BreadcrumbList","@id":"https:\/\/www.estrategiaconcursos.com.br\/blog\/concurso-mp-pi\/#breadcrumb","itemListElement":[{"@type":"ListItem","position":1,"name":"In\u00edcio","item":"https:\/\/www.estrategiaconcursos.com.br\/blog\/"},{"@type":"ListItem","position":2,"name":"Concurso MP PI: resultado final homologado. Veja!"}]},{"@type":"WebSite","@id":"https:\/\/www.estrategiaconcursos.com.br\/blog\/#website","url":"https:\/\/www.estrategiaconcursos.com.br\/blog\/","name":"Estrat\u00e9gia Concursos","description":"O blog da Estrat\u00e9gia Concursos traz not\u00edcias sobre concursos e artigos de professores oferecendo cursos para concursos (pdf + videaulas) no site.","publisher":{"@id":"https:\/\/www.estrategiaconcursos.com.br\/blog\/#organization"},"potentialAction":[{"@type":"SearchAction","target":{"@type":"EntryPoint","urlTemplate":"https:\/\/www.estrategiaconcursos.com.br\/blog\/?s={search_term_string}"},"query-input":{"@type":"PropertyValueSpecification","valueRequired":true,"valueName":"search_term_string"}}],"inLanguage":"pt-BR"},{"@type":"Organization","@id":"https:\/\/www.estrategiaconcursos.com.br\/blog\/#organization","name":"Estrat\u00e9gia Concursos","url":"https:\/\/www.estrategiaconcursos.com.br\/blog\/","logo":{"@type":"ImageObject","inLanguage":"pt-BR","@id":"https:\/\/www.estrategiaconcursos.com.br\/blog\/#\/schema\/logo\/image\/","url":"https:\/\/dhg1h5j42swfq.cloudfront.net\/2025\/06\/03203428\/logo_concursos-1.jpg","contentUrl":"https:\/\/dhg1h5j42swfq.cloudfront.net\/2025\/06\/03203428\/logo_concursos-1.jpg","width":230,"height":60,"caption":"Estrat\u00e9gia Concursos"},"image":{"@id":"https:\/\/www.estrategiaconcursos.com.br\/blog\/#\/schema\/logo\/image\/"},"sameAs":["https:\/\/x.com\/EstratConcursos"]},{"@type":"Person","@id":"https:\/\/www.estrategiaconcursos.com.br\/blog\/#\/schema\/person\/b4a388c97673c5f483d72185668afa1f","name":"Coordena\u00e7\u00e3o","image":{"@type":"ImageObject","inLanguage":"pt-BR","@id":"https:\/\/secure.gravatar.com\/avatar\/b720319e4c9a967eb58678d110f4fe35452fc5d5f97b202bac7b8acceb18c6ad?s=96&d=mm&r=g","url":"https:\/\/secure.gravatar.com\/avatar\/b720319e4c9a967eb58678d110f4fe35452fc5d5f97b202bac7b8acceb18c6ad?s=96&d=mm&r=g","contentUrl":"https:\/\/secure.gravatar.com\/avatar\/b720319e4c9a967eb58678d110f4fe35452fc5d5f97b202bac7b8acceb18c6ad?s=96&d=mm&r=g","caption":"Coordena\u00e7\u00e3o"},"sameAs":["https:\/\/www.facebook.com\/EstrategiaConcursos","https:\/\/x.com\/EstratConcursos"],"url":"https:\/\/www.estrategiaconcursos.com.br\/blog\/author\/estrategia2013\/"}]}},"_links":{"self":[{"href":"https:\/\/www.estrategiaconcursos.com.br\/blog\/wp-json\/wp\/v2\/posts\/130719","targetHints":{"allow":["GET"]}}],"collection":[{"href":"https:\/\/www.estrategiaconcursos.com.br\/blog\/wp-json\/wp\/v2\/posts"}],"about":[{"href":"https:\/\/www.estrategiaconcursos.com.br\/blog\/wp-json\/wp\/v2\/types\/post"}],"author":[{"embeddable":true,"href":"https:\/\/www.estrategiaconcursos.com.br\/blog\/wp-json\/wp\/v2\/users\/1"}],"replies":[{"embeddable":true,"href":"https:\/\/www.estrategiaconcursos.com.br\/blog\/wp-json\/wp\/v2\/comments?post=130719"}],"version-history":[{"count":100,"href":"https:\/\/www.estrategiaconcursos.com.br\/blog\/wp-json\/wp\/v2\/posts\/130719\/revisions"}],"predecessor-version":[{"id":1737829,"href":"https:\/\/www.estrategiaconcursos.com.br\/blog\/wp-json\/wp\/v2\/posts\/130719\/revisions\/1737829"}],"wp:featuredmedia":[{"embeddable":true,"href":"https:\/\/www.estrategiaconcursos.com.br\/blog\/wp-json\/wp\/v2\/media\/1183889"}],"wp:attachment":[{"href":"https:\/\/www.estrategiaconcursos.com.br\/blog\/wp-json\/wp\/v2\/media?parent=130719"}],"wp:term":[{"taxonomy":"category","embeddable":true,"href":"https:\/\/www.estrategiaconcursos.com.br\/blog\/wp-json\/wp\/v2\/categories?post=130719"},{"taxonomy":"post_tag","embeddable":true,"href":"https:\/\/www.estrategiaconcursos.com.br\/blog\/wp-json\/wp\/v2\/tags?post=130719"},{"taxonomy":"tax_estado","embeddable":true,"href":"https:\/\/www.estrategiaconcursos.com.br\/blog\/wp-json\/wp\/v2\/tax_estado?post=130719"}],"curies":[{"name":"wp","href":"https:\/\/api.w.org\/{rel}","templated":true}]}}