{"id":1307118,"date":"2023-11-14T21:47:55","date_gmt":"2023-11-15T00:47:55","guid":{"rendered":"https:\/\/blog-estrategia.mystagingwebsite.com\/blog\/?p=1307118"},"modified":"2023-11-15T15:04:56","modified_gmt":"2023-11-15T18:04:56","slug":"concurso-inma-perfis-cargos","status":"publish","type":"post","link":"https:\/\/www.estrategiaconcursos.com.br\/blog\/concurso-inma-perfis-cargos\/","title":{"rendered":"Concurso INMA: quais os perfis de atua\u00e7\u00e3o dos cargos? Veja!"},"content":{"rendered":"\n<p class=\"wp-block-paragraph\">O <strong>concurso INMA<\/strong> (<a href=\"https:\/\/www.estrategiaconcursos.com.br\/cursosPorConcurso\/ministerio-da-ciencia-tecnologia-e-inovacao-mcti\/\" target=\"_blank\" rel=\"noreferrer noopener\">Instituto Nacional da Mata Atl\u00e2ntica<\/a>) est\u00e1 com inscri\u00e7\u00f5es abertas e, ainda, com diversos perfis de atua\u00e7\u00e3o em seus cargos ofertados!<\/p>\n\n\n\n<p class=\"wp-block-paragraph\">Com iniciais que chamam aten\u00e7\u00e3o,<strong> de quase R$ 9 mil,<\/strong> fora titula\u00e7\u00f5es e benef\u00edcios, o concurso INMA \u00e9 aquela rel\u00edquia perdida no meio da floresta! E a\u00ed, aventureiro, n\u00e3o vai perder essa chance, n\u00e3o \u00e9?!<\/p>\n\n\n\n<p class=\"wp-block-paragraph\">Ent\u00e3o deixe a pregui\u00e7a de lado e confira este artigo com TODOS os perfis de atividades dos cargos do edital do INMA 2023!<\/p>\n\n\n\n<figure class=\"wp-block-image aligncenter size-large\"><img loading=\"lazy\" decoding=\"async\" width=\"1024\" height=\"576\" src=\"https:\/\/www.estrategiaconcursos.com.br\/blog\/wp-content\/uploads\/2023\/11\/provas-1024x576.webp\" alt=\"Concurso INMA: quais os perfis de atua\u00e7\u00e3o dos cargos? Veja!\" class=\"wp-image-1306891\" srcset=\"https:\/\/dhg1h5j42swfq.cloudfront.net\/2023\/11\/14151718\/provas-1024x576.webp 1024w, https:\/\/dhg1h5j42swfq.cloudfront.net\/2023\/11\/14151718\/provas-300x169.webp 300w, https:\/\/dhg1h5j42swfq.cloudfront.net\/2023\/11\/14151718\/provas-768x432.webp 768w, https:\/\/dhg1h5j42swfq.cloudfront.net\/2023\/11\/14151718\/provas-610x343.webp 610w, https:\/\/dhg1h5j42swfq.cloudfront.net\/2023\/11\/14151718\/provas-150x84.webp 150w, https:\/\/dhg1h5j42swfq.cloudfront.net\/2023\/11\/14151718\/provas.webp 1200w\" sizes=\"auto, (max-width: 1024px) 100vw, 1024px\" \/><figcaption class=\"wp-element-caption\">Concurso <a href=\"https:\/\/www.gov.br\/mcti\/pt-br\/composicao\/rede-mcti\/instituto-nacional-de-mata-atlantica\" target=\"_blank\" rel=\"noreferrer noopener\">INMA<\/a>: quais os perfis de atua\u00e7\u00e3o dos cargos? Veja! | Reprodu\u00e7\u00e3o: Internet<\/figcaption><\/figure>\n\n\n\n<p class=\"wp-block-paragraph\">Sob organiza\u00e7\u00e3o do Cebraspe, o certame dar\u00e1 provimento a 18 vagas imediatas, al\u00e9m de forma\u00e7\u00e3o de cadastro reserva, para cargos de <strong>Pesquisador Adjunto I <\/strong>e <strong>Tecnologista Pleno 1<\/strong>, com gratifica\u00e7\u00f5es e titula\u00e7\u00f5es!<\/p>\n\n\n\n<p class=\"wp-block-paragraph\">Entretanto, os dois cargos possuem diversas \u00e1reas de atua\u00e7\u00e3o em que o candidato, tamb\u00e9m de acordo com o seu n\u00edvel superior, poder\u00e1 escolher! Confira todas:<\/p>\n\n\n\n<figure class=\"wp-block-image aligncenter size-large is-resized\"><img loading=\"lazy\" decoding=\"async\" width=\"681\" height=\"1024\" src=\"https:\/\/www.estrategiaconcursos.com.br\/blog\/wp-content\/uploads\/2023\/10\/vagas-681x1024.png\" alt=\"Tabela com a quantidade de vagas ofertados por perfil de atua\u00e7\u00e3o \" class=\"wp-image-1291487\" style=\"width:553px;height:832px\" srcset=\"https:\/\/dhg1h5j42swfq.cloudfront.net\/2023\/10\/11140510\/vagas-681x1024.png 681w, https:\/\/dhg1h5j42swfq.cloudfront.net\/2023\/10\/11140510\/vagas-200x300.png 200w, https:\/\/dhg1h5j42swfq.cloudfront.net\/2023\/10\/11140510\/vagas-610x917.png 610w, https:\/\/dhg1h5j42swfq.cloudfront.net\/2023\/10\/11140510\/vagas-150x226.png 150w, https:\/\/dhg1h5j42swfq.cloudfront.net\/2023\/10\/11140510\/vagas.png 683w\" sizes=\"auto, (max-width: 681px) 100vw, 681px\" \/><\/figure>\n\n\n\n<p class=\"wp-block-paragraph\">E a\u00ed, achou interessante alguma das \u00e1reas ofertadas?! Ent\u00e3o fa\u00e7a j\u00e1 sua inscri\u00e7\u00e3o! O per\u00edodo ir\u00e1 at\u00e9 o dia <strong>28 de novembro<\/strong>, com taxas ao custo de  <strong>R$ 150,00<\/strong>, para Pesquisador, e <strong>R$ 125,00<\/strong> para Tecnologista.<\/p>\n\n\n\n<p class=\"wp-block-paragraph\"><a href=\"https:\/\/www.cebraspe.org.br\/concursos\/INMA_23\" target=\"_blank\" rel=\"noreferrer noopener\"><strong>>>>FA\u00c7A SUA INSCRI\u00c7\u00c3O!<\/strong><\/a><\/p>\n\n\n\n<p class=\"has-text-align-center wp-block-paragraph\"><em>Quer saber mais sobre o concurso do INMA, al\u00e9m dos perfis de atua\u00e7\u00e3o dos cargos?! Ent\u00e3o confira nosso artigo com todas as informa\u00e7\u00f5es sobre o certame<\/em>:<\/p>\n\n\n\n<p class=\"has-text-align-center has-cyan-bluish-gray-background-color has-background has-medium-font-size wp-block-paragraph\"><a href=\"https:\/\/www.estrategiaconcursos.com.br\/blog\/concurso-inma\/\" target=\"_blank\" rel=\"noreferrer noopener\"><strong>Mais informa\u00e7\u00f5es sobre o concurso INMA<\/strong><\/a><\/p>\n\n\n\n<div class=\"container\" id=\"boxes\">\r\n  <div class=\"row\">\r\n\r\n    <div class=\"col-sm\">\r\n      <div class=\"banner-black-friday-ec\" id=\"box-assinatura\">\r\n        <h3 class=\"titulo-assinatura\" style=\"text-align: left;\">Black Friday 2023<\/h3>\r\n        <p class=\"subtitulo-assinatura\" style=\"text-align: left;\">Confira as ofertas especiais!<\/p>\r\n        <div class=\"box-botao\" style=\"text-align: left;\">\r\n          <a class=\"btn-assinatura\" target=\"_blank\" href=\"https:\/\/estrategiaconcursos.com.br\/promocoes\/blackfriday\/assinaturas\" role=\"button\" rel=\"noopener noreferrer\">CLIQUE AQUI<\/a>\r\n        <\/div>\r\n      <\/div><\/div><\/div><\/div>\n\n\n\n<hr class=\"wp-block-separator has-alpha-channel-opacity\"\/>\n\n\n\n<h2 class=\"wp-block-heading has-text-align-center\" id=\"curso\">Quer estudar para o concurso INMA?<\/h2>\n\n\n\n<div class=\"container\" id=\"boxes\">\n  <div class=\"row\">\n\n    <div class=\"col-sm\">\n      <div class=\"banner-estrategia\" id=\"box-assinatura\">\n        <h3 class=\"titulo-assinatura\">Cursos INMA<\/h3>\n        <p class=\"subtitulo-assinatura\"> <\/p>\n        <div class=\"box-botao\">\n          <a class=\"btn-assinatura\" target=\"_blank\" href=\"https:\/\/www.estrategiaconcursos.com.br\/cursosPorConcurso\/ministerio-da-ciencia-tecnologia-e-inovacao-mcti\/\" role=\"button\" rel=\"noopener noreferrer\">Conhe\u00e7a mais<\/a>\n        <\/div>\n      <\/div>\n      \n    <\/div>\n\n  <\/div>\n<\/div>\n\n\n\n<div class=\"container\" id=\"boxes\">\n  <div class=\"row\">\n\n    <div class=\"col-sm\">\n      <div class=\"estrategia\" id=\"box-assinatura\">\n        <h3 class=\"titulo-assinatura\">Assinatura Concursos<\/h3>\n        <p class=\"subtitulo-assinatura\">Assinatura de 1 ano ou 2 anos<\/p>\n        <div class=\"box-botao\">\n          <a class=\"btn-assinatura\" target=\"_blank\" href=\"https:\/\/www.estrategiaconcursos.com.br\/blog\/assinaturas\/\" role=\"button\" rel=\"noopener noreferrer\">ASSINE AGORA<\/a>\n        <\/div>\n      <\/div><\/div><\/div><\/div>\n\n\n\n<h2 class=\"wp-block-heading has-text-align-center\" id=\"cursos\">Quer saber tudo sobre concursos previstos? <br \/>Confira nossos artigos!<\/h2>\n\n\n\n<ul class=\"wp-block-list\">\n<li><a href=\"https:\/\/www.estrategiaconcursos.com.br\/blog\/concursos-abertos\/\" target=\"_blank\" rel=\"noreferrer noopener\">Concursos abertos<\/a><\/li>\n\n\n\n<li><a href=\"https:\/\/www.estrategiaconcursos.com.br\/blog\/concursos-federais-2023\/\">Concursos federais<\/a><\/li>\n\n\n\n<li><a href=\"https:\/\/www.estrategiaconcursos.com.br\/blog\/concursos-2024\/\" target=\"_blank\" rel=\"noreferrer noopener\">Concursos 2024<\/a><\/li>\n<\/ul>\n","protected":false},"excerpt":{"rendered":"<p>O concurso INMA (Instituto Nacional da Mata Atl\u00e2ntica) est\u00e1 com inscri\u00e7\u00f5es abertas e, ainda, com diversos perfis de atua\u00e7\u00e3o em seus cargos ofertados! Com iniciais que chamam aten\u00e7\u00e3o, de quase R$ 9 mil, fora titula\u00e7\u00f5es e benef\u00edcios, o concurso INMA \u00e9 aquela rel\u00edquia perdida no meio da floresta! E a\u00ed, aventureiro, n\u00e3o vai perder essa [&hellip;]<\/p>\n","protected":false},"author":2692,"featured_media":1291041,"comment_status":"open","ping_status":"closed","sticky":false,"template":"","format":"standard","meta":{"_acf_changed":false,"post_tipo":"news","footnotes":""},"categories":[214992,220219],"tags":[],"tax_estado":[219963],"class_list":["post-1307118","post","type-post","status-publish","format-standard","has-post-thumbnail","hentry","category-concursos-administrativos","category-noticias","tax_estado-concursos-federais"],"acf":[],"yoast_head":"<!-- This site is optimized with the Yoast SEO Premium plugin v28.1 (Yoast SEO v28.1) - https:\/\/yoast.com\/product\/yoast-seo-premium-wordpress\/ -->\n<title>Concurso INMA: quais os perfis de atua\u00e7\u00e3o dos cargos? Veja!<\/title>\n<meta name=\"description\" content=\"Edital oferta 18 vagas + CR para iniciais de quase R$ 9 mil! Concurso do CTI possui diversos perfis de atua\u00e7\u00e3o dos cargos ofertados. Veja!\" \/>\n<meta name=\"robots\" content=\"index, follow, max-snippet:-1, max-image-preview:large, max-video-preview:-1\" \/>\n<link rel=\"canonical\" href=\"https:\/\/www.estrategiaconcursos.com.br\/blog\/concurso-inma-perfis-cargos\/\" \/>\n<meta property=\"og:locale\" content=\"pt_BR\" \/>\n<meta property=\"og:type\" content=\"article\" \/>\n<meta property=\"og:title\" content=\"Concurso INMA: quais os perfis de atua\u00e7\u00e3o dos cargos? Veja!\" \/>\n<meta property=\"og:description\" content=\"Edital oferta 18 vagas + CR para iniciais de quase R$ 9 mil! Concurso do CTI possui diversos perfis de atua\u00e7\u00e3o dos cargos ofertados. Veja!\" \/>\n<meta property=\"og:url\" content=\"https:\/\/www.estrategiaconcursos.com.br\/blog\/concurso-inma-perfis-cargos\/\" \/>\n<meta property=\"og:site_name\" content=\"Estrat\u00e9gia Concursos\" \/>\n<meta property=\"article:published_time\" content=\"2023-11-15T00:47:55+00:00\" \/>\n<meta property=\"article:modified_time\" content=\"2023-11-15T18:04:56+00:00\" \/>\n<meta property=\"og:image\" content=\"https:\/\/dhg1h5j42swfq.cloudfront.net\/2023\/10\/10185527\/inma-2.jpg\" \/>\n\t<meta property=\"og:image:width\" content=\"768\" \/>\n\t<meta property=\"og:image:height\" content=\"432\" \/>\n\t<meta property=\"og:image:type\" content=\"image\/jpeg\" \/>\n<meta name=\"author\" content=\"Ronaldo Scanavini Neto\" \/>\n<meta name=\"twitter:card\" content=\"summary_large_image\" \/>\n<meta name=\"twitter:creator\" content=\"@EstratConcursos\" \/>\n<meta name=\"twitter:site\" content=\"@EstratConcursos\" \/>\n<meta name=\"twitter:label1\" content=\"Escrito por\" \/>\n\t<meta name=\"twitter:data1\" content=\"Ronaldo Scanavini Neto\" \/>\n\t<meta name=\"twitter:label2\" content=\"Est. tempo de leitura\" \/>\n\t<meta name=\"twitter:data2\" content=\"1 minuto\" \/>\n<script type=\"application\/ld+json\" class=\"yoast-schema-graph\">{\"@context\":\"https:\\\/\\\/schema.org\",\"@graph\":[{\"@type\":\"NewsArticle\",\"@id\":\"https:\\\/\\\/www.estrategiaconcursos.com.br\\\/blog\\\/concurso-inma-perfis-cargos\\\/#article\",\"isPartOf\":{\"@id\":\"https:\\\/\\\/www.estrategiaconcursos.com.br\\\/blog\\\/concurso-inma-perfis-cargos\\\/\"},\"author\":{\"name\":\"Ronaldo Scanavini Neto\",\"@id\":\"https:\\\/\\\/blog-estrategia.mystagingwebsite.com\\\/#\\\/schema\\\/person\\\/70c2ad4297aa24ff8815b08215b23a76\"},\"headline\":\"Concurso INMA: quais os perfis de atua\u00e7\u00e3o dos cargos? Veja!\",\"datePublished\":\"2023-11-15T00:47:55+00:00\",\"dateModified\":\"2023-11-15T18:04:56+00:00\",\"mainEntityOfPage\":{\"@id\":\"https:\\\/\\\/www.estrategiaconcursos.com.br\\\/blog\\\/concurso-inma-perfis-cargos\\\/\"},\"wordCount\":297,\"commentCount\":0,\"publisher\":{\"@id\":\"https:\\\/\\\/blog-estrategia.mystagingwebsite.com\\\/#organization\"},\"image\":{\"@id\":\"https:\\\/\\\/www.estrategiaconcursos.com.br\\\/blog\\\/concurso-inma-perfis-cargos\\\/#primaryimage\"},\"thumbnailUrl\":\"https:\\\/\\\/dhg1h5j42swfq.cloudfront.net\\\/2023\\\/10\\\/10185527\\\/inma-2.jpg\",\"articleSection\":[\"Executivo (Administrativa)\",\"\u00daltimas not\u00edcias\"],\"inLanguage\":\"pt-BR\",\"potentialAction\":[{\"@type\":\"CommentAction\",\"name\":\"Comment\",\"target\":[\"https:\\\/\\\/www.estrategiaconcursos.com.br\\\/blog\\\/concurso-inma-perfis-cargos\\\/#respond\"]}],\"copyrightYear\":\"2023\",\"copyrightHolder\":{\"@id\":\"https:\\\/\\\/www.estrategiaconcursos.com.br\\\/blog\\\/#organization\"}},{\"@type\":\"WebPage\",\"@id\":\"https:\\\/\\\/www.estrategiaconcursos.com.br\\\/blog\\\/concurso-inma-perfis-cargos\\\/\",\"url\":\"https:\\\/\\\/www.estrategiaconcursos.com.br\\\/blog\\\/concurso-inma-perfis-cargos\\\/\",\"name\":\"Concurso INMA: quais os perfis de atua\u00e7\u00e3o dos cargos? Veja!\",\"isPartOf\":{\"@id\":\"https:\\\/\\\/blog-estrategia.mystagingwebsite.com\\\/#website\"},\"primaryImageOfPage\":{\"@id\":\"https:\\\/\\\/www.estrategiaconcursos.com.br\\\/blog\\\/concurso-inma-perfis-cargos\\\/#primaryimage\"},\"image\":{\"@id\":\"https:\\\/\\\/www.estrategiaconcursos.com.br\\\/blog\\\/concurso-inma-perfis-cargos\\\/#primaryimage\"},\"thumbnailUrl\":\"https:\\\/\\\/dhg1h5j42swfq.cloudfront.net\\\/2023\\\/10\\\/10185527\\\/inma-2.jpg\",\"datePublished\":\"2023-11-15T00:47:55+00:00\",\"dateModified\":\"2023-11-15T18:04:56+00:00\",\"description\":\"Edital oferta 18 vagas + CR para iniciais de quase R$ 9 mil! Concurso do CTI possui diversos perfis de atua\u00e7\u00e3o dos cargos ofertados. Veja!\",\"breadcrumb\":{\"@id\":\"https:\\\/\\\/www.estrategiaconcursos.com.br\\\/blog\\\/concurso-inma-perfis-cargos\\\/#breadcrumb\"},\"inLanguage\":\"pt-BR\",\"potentialAction\":[{\"@type\":\"ReadAction\",\"target\":[\"https:\\\/\\\/www.estrategiaconcursos.com.br\\\/blog\\\/concurso-inma-perfis-cargos\\\/\"]}]},{\"@type\":\"ImageObject\",\"inLanguage\":\"pt-BR\",\"@id\":\"https:\\\/\\\/www.estrategiaconcursos.com.br\\\/blog\\\/concurso-inma-perfis-cargos\\\/#primaryimage\",\"url\":\"https:\\\/\\\/dhg1h5j42swfq.cloudfront.net\\\/2023\\\/10\\\/10185527\\\/inma-2.jpg\",\"contentUrl\":\"https:\\\/\\\/dhg1h5j42swfq.cloudfront.net\\\/2023\\\/10\\\/10185527\\\/inma-2.jpg\",\"width\":768,\"height\":432},{\"@type\":\"BreadcrumbList\",\"@id\":\"https:\\\/\\\/www.estrategiaconcursos.com.br\\\/blog\\\/concurso-inma-perfis-cargos\\\/#breadcrumb\",\"itemListElement\":[{\"@type\":\"ListItem\",\"position\":1,\"name\":\"In\u00edcio\",\"item\":\"https:\\\/\\\/blog-estrategia.mystagingwebsite.com\\\/\"},{\"@type\":\"ListItem\",\"position\":2,\"name\":\"Concurso INMA: quais os perfis de atua\u00e7\u00e3o dos cargos? Veja!\"}]},{\"@type\":\"WebSite\",\"@id\":\"https:\\\/\\\/blog-estrategia.mystagingwebsite.com\\\/#website\",\"url\":\"https:\\\/\\\/blog-estrategia.mystagingwebsite.com\\\/\",\"name\":\"Estrat\u00e9gia Concursos\",\"description\":\"O blog da Estrat\u00e9gia Concursos traz not\u00edcias sobre concursos e artigos de professores oferecendo cursos para concursos (pdf + videaulas) no site.\",\"publisher\":{\"@id\":\"https:\\\/\\\/blog-estrategia.mystagingwebsite.com\\\/#organization\"},\"potentialAction\":[{\"@type\":\"SearchAction\",\"target\":{\"@type\":\"EntryPoint\",\"urlTemplate\":\"https:\\\/\\\/blog-estrategia.mystagingwebsite.com\\\/?s={search_term_string}\"},\"query-input\":{\"@type\":\"PropertyValueSpecification\",\"valueRequired\":true,\"valueName\":\"search_term_string\"}}],\"inLanguage\":\"pt-BR\"},{\"@type\":\"Organization\",\"@id\":\"https:\\\/\\\/blog-estrategia.mystagingwebsite.com\\\/#organization\",\"name\":\"Estrat\u00e9gia Concursos\",\"url\":\"https:\\\/\\\/blog-estrategia.mystagingwebsite.com\\\/\",\"logo\":{\"@type\":\"ImageObject\",\"inLanguage\":\"pt-BR\",\"@id\":\"https:\\\/\\\/blog-estrategia.mystagingwebsite.com\\\/#\\\/schema\\\/logo\\\/image\\\/\",\"url\":\"https:\\\/\\\/dhg1h5j42swfq.cloudfront.net\\\/2025\\\/06\\\/03203428\\\/logo_concursos-1.jpg\",\"contentUrl\":\"https:\\\/\\\/dhg1h5j42swfq.cloudfront.net\\\/2025\\\/06\\\/03203428\\\/logo_concursos-1.jpg\",\"width\":230,\"height\":60,\"caption\":\"Estrat\u00e9gia Concursos\"},\"image\":{\"@id\":\"https:\\\/\\\/blog-estrategia.mystagingwebsite.com\\\/#\\\/schema\\\/logo\\\/image\\\/\"},\"sameAs\":[\"https:\\\/\\\/x.com\\\/EstratConcursos\"]},{\"@type\":\"Person\",\"@id\":\"https:\\\/\\\/blog-estrategia.mystagingwebsite.com\\\/#\\\/schema\\\/person\\\/70c2ad4297aa24ff8815b08215b23a76\",\"name\":\"Ronaldo Scanavini Neto\",\"image\":{\"@type\":\"ImageObject\",\"inLanguage\":\"pt-BR\",\"@id\":\"https:\\\/\\\/secure.gravatar.com\\\/avatar\\\/f93d8e56fe264596e94aee6b3feb737d98ad0fc5bac7eb0a245f04723c5c8f21?s=96&d=mm&r=g\",\"url\":\"https:\\\/\\\/secure.gravatar.com\\\/avatar\\\/f93d8e56fe264596e94aee6b3feb737d98ad0fc5bac7eb0a245f04723c5c8f21?s=96&d=mm&r=g\",\"contentUrl\":\"https:\\\/\\\/secure.gravatar.com\\\/avatar\\\/f93d8e56fe264596e94aee6b3feb737d98ad0fc5bac7eb0a245f04723c5c8f21?s=96&d=mm&r=g\",\"caption\":\"Ronaldo Scanavini Neto\"},\"description\":\"Graduando em Comunica\u00e7\u00e3o Social \u2013 Jornalismo pela Universidade Federal de Vi\u00e7osa (UFV). Integra a equipe de jornalismo do Estrat\u00e9gia Concursos desde 2023, atuando com \u00eanfase na cobertura da \u00e1rea fiscal. Tamb\u00e9m realiza a apura\u00e7\u00e3o e produ\u00e7\u00e3o de not\u00edcias sobre concursos federais, \u00f3rg\u00e3os participantes do CNU e das \u00e1reas de controle, gest\u00e3o, engenharia, Exame CFC, comunica\u00e7\u00e3o social TI e \u00e1rea de concursos administrativos.\",\"url\":\"https:\\\/\\\/www.estrategiaconcursos.com.br\\\/blog\\\/author\\\/ronaldo-netoestrategia-com\\\/\"}]}<\/script>\n<!-- \/ Yoast SEO Premium plugin. -->","yoast_head_json":{"title":"Concurso INMA: quais os perfis de atua\u00e7\u00e3o dos cargos? Veja!","description":"Edital oferta 18 vagas + CR para iniciais de quase R$ 9 mil! Concurso do CTI possui diversos perfis de atua\u00e7\u00e3o dos cargos ofertados. Veja!","robots":{"index":"index","follow":"follow","max-snippet":"max-snippet:-1","max-image-preview":"max-image-preview:large","max-video-preview":"max-video-preview:-1"},"canonical":"https:\/\/www.estrategiaconcursos.com.br\/blog\/concurso-inma-perfis-cargos\/","og_locale":"pt_BR","og_type":"article","og_title":"Concurso INMA: quais os perfis de atua\u00e7\u00e3o dos cargos? Veja!","og_description":"Edital oferta 18 vagas + CR para iniciais de quase R$ 9 mil! Concurso do CTI possui diversos perfis de atua\u00e7\u00e3o dos cargos ofertados. Veja!","og_url":"https:\/\/www.estrategiaconcursos.com.br\/blog\/concurso-inma-perfis-cargos\/","og_site_name":"Estrat\u00e9gia Concursos","article_published_time":"2023-11-15T00:47:55+00:00","article_modified_time":"2023-11-15T18:04:56+00:00","og_image":[{"width":768,"height":432,"url":"https:\/\/dhg1h5j42swfq.cloudfront.net\/2023\/10\/10185527\/inma-2.jpg","type":"image\/jpeg"}],"author":"Ronaldo Scanavini Neto","twitter_card":"summary_large_image","twitter_creator":"@EstratConcursos","twitter_site":"@EstratConcursos","twitter_misc":{"Escrito por":"Ronaldo Scanavini Neto","Est. tempo de leitura":"1 minuto"},"schema":{"@context":"https:\/\/schema.org","@graph":[{"@type":"NewsArticle","@id":"https:\/\/www.estrategiaconcursos.com.br\/blog\/concurso-inma-perfis-cargos\/#article","isPartOf":{"@id":"https:\/\/www.estrategiaconcursos.com.br\/blog\/concurso-inma-perfis-cargos\/"},"author":{"name":"Ronaldo Scanavini Neto","@id":"https:\/\/blog-estrategia.mystagingwebsite.com\/#\/schema\/person\/70c2ad4297aa24ff8815b08215b23a76"},"headline":"Concurso INMA: quais os perfis de atua\u00e7\u00e3o dos cargos? Veja!","datePublished":"2023-11-15T00:47:55+00:00","dateModified":"2023-11-15T18:04:56+00:00","mainEntityOfPage":{"@id":"https:\/\/www.estrategiaconcursos.com.br\/blog\/concurso-inma-perfis-cargos\/"},"wordCount":297,"commentCount":0,"publisher":{"@id":"https:\/\/blog-estrategia.mystagingwebsite.com\/#organization"},"image":{"@id":"https:\/\/www.estrategiaconcursos.com.br\/blog\/concurso-inma-perfis-cargos\/#primaryimage"},"thumbnailUrl":"https:\/\/dhg1h5j42swfq.cloudfront.net\/2023\/10\/10185527\/inma-2.jpg","articleSection":["Executivo (Administrativa)","\u00daltimas not\u00edcias"],"inLanguage":"pt-BR","potentialAction":[{"@type":"CommentAction","name":"Comment","target":["https:\/\/www.estrategiaconcursos.com.br\/blog\/concurso-inma-perfis-cargos\/#respond"]}],"copyrightYear":"2023","copyrightHolder":{"@id":"https:\/\/www.estrategiaconcursos.com.br\/blog\/#organization"}},{"@type":"WebPage","@id":"https:\/\/www.estrategiaconcursos.com.br\/blog\/concurso-inma-perfis-cargos\/","url":"https:\/\/www.estrategiaconcursos.com.br\/blog\/concurso-inma-perfis-cargos\/","name":"Concurso INMA: quais os perfis de atua\u00e7\u00e3o dos cargos? Veja!","isPartOf":{"@id":"https:\/\/blog-estrategia.mystagingwebsite.com\/#website"},"primaryImageOfPage":{"@id":"https:\/\/www.estrategiaconcursos.com.br\/blog\/concurso-inma-perfis-cargos\/#primaryimage"},"image":{"@id":"https:\/\/www.estrategiaconcursos.com.br\/blog\/concurso-inma-perfis-cargos\/#primaryimage"},"thumbnailUrl":"https:\/\/dhg1h5j42swfq.cloudfront.net\/2023\/10\/10185527\/inma-2.jpg","datePublished":"2023-11-15T00:47:55+00:00","dateModified":"2023-11-15T18:04:56+00:00","description":"Edital oferta 18 vagas + CR para iniciais de quase R$ 9 mil! Concurso do CTI possui diversos perfis de atua\u00e7\u00e3o dos cargos ofertados. Veja!","breadcrumb":{"@id":"https:\/\/www.estrategiaconcursos.com.br\/blog\/concurso-inma-perfis-cargos\/#breadcrumb"},"inLanguage":"pt-BR","potentialAction":[{"@type":"ReadAction","target":["https:\/\/www.estrategiaconcursos.com.br\/blog\/concurso-inma-perfis-cargos\/"]}]},{"@type":"ImageObject","inLanguage":"pt-BR","@id":"https:\/\/www.estrategiaconcursos.com.br\/blog\/concurso-inma-perfis-cargos\/#primaryimage","url":"https:\/\/dhg1h5j42swfq.cloudfront.net\/2023\/10\/10185527\/inma-2.jpg","contentUrl":"https:\/\/dhg1h5j42swfq.cloudfront.net\/2023\/10\/10185527\/inma-2.jpg","width":768,"height":432},{"@type":"BreadcrumbList","@id":"https:\/\/www.estrategiaconcursos.com.br\/blog\/concurso-inma-perfis-cargos\/#breadcrumb","itemListElement":[{"@type":"ListItem","position":1,"name":"In\u00edcio","item":"https:\/\/blog-estrategia.mystagingwebsite.com\/"},{"@type":"ListItem","position":2,"name":"Concurso INMA: quais os perfis de atua\u00e7\u00e3o dos cargos? Veja!"}]},{"@type":"WebSite","@id":"https:\/\/blog-estrategia.mystagingwebsite.com\/#website","url":"https:\/\/blog-estrategia.mystagingwebsite.com\/","name":"Estrat\u00e9gia Concursos","description":"O blog da Estrat\u00e9gia Concursos traz not\u00edcias sobre concursos e artigos de professores oferecendo cursos para concursos (pdf + videaulas) no site.","publisher":{"@id":"https:\/\/blog-estrategia.mystagingwebsite.com\/#organization"},"potentialAction":[{"@type":"SearchAction","target":{"@type":"EntryPoint","urlTemplate":"https:\/\/blog-estrategia.mystagingwebsite.com\/?s={search_term_string}"},"query-input":{"@type":"PropertyValueSpecification","valueRequired":true,"valueName":"search_term_string"}}],"inLanguage":"pt-BR"},{"@type":"Organization","@id":"https:\/\/blog-estrategia.mystagingwebsite.com\/#organization","name":"Estrat\u00e9gia Concursos","url":"https:\/\/blog-estrategia.mystagingwebsite.com\/","logo":{"@type":"ImageObject","inLanguage":"pt-BR","@id":"https:\/\/blog-estrategia.mystagingwebsite.com\/#\/schema\/logo\/image\/","url":"https:\/\/dhg1h5j42swfq.cloudfront.net\/2025\/06\/03203428\/logo_concursos-1.jpg","contentUrl":"https:\/\/dhg1h5j42swfq.cloudfront.net\/2025\/06\/03203428\/logo_concursos-1.jpg","width":230,"height":60,"caption":"Estrat\u00e9gia Concursos"},"image":{"@id":"https:\/\/blog-estrategia.mystagingwebsite.com\/#\/schema\/logo\/image\/"},"sameAs":["https:\/\/x.com\/EstratConcursos"]},{"@type":"Person","@id":"https:\/\/blog-estrategia.mystagingwebsite.com\/#\/schema\/person\/70c2ad4297aa24ff8815b08215b23a76","name":"Ronaldo Scanavini Neto","image":{"@type":"ImageObject","inLanguage":"pt-BR","@id":"https:\/\/secure.gravatar.com\/avatar\/f93d8e56fe264596e94aee6b3feb737d98ad0fc5bac7eb0a245f04723c5c8f21?s=96&d=mm&r=g","url":"https:\/\/secure.gravatar.com\/avatar\/f93d8e56fe264596e94aee6b3feb737d98ad0fc5bac7eb0a245f04723c5c8f21?s=96&d=mm&r=g","contentUrl":"https:\/\/secure.gravatar.com\/avatar\/f93d8e56fe264596e94aee6b3feb737d98ad0fc5bac7eb0a245f04723c5c8f21?s=96&d=mm&r=g","caption":"Ronaldo Scanavini Neto"},"description":"Graduando em Comunica\u00e7\u00e3o Social \u2013 Jornalismo pela Universidade Federal de Vi\u00e7osa (UFV). Integra a equipe de jornalismo do Estrat\u00e9gia Concursos desde 2023, atuando com \u00eanfase na cobertura da \u00e1rea fiscal. Tamb\u00e9m realiza a apura\u00e7\u00e3o e produ\u00e7\u00e3o de not\u00edcias sobre concursos federais, \u00f3rg\u00e3os participantes do CNU e das \u00e1reas de controle, gest\u00e3o, engenharia, Exame CFC, comunica\u00e7\u00e3o social TI e \u00e1rea de concursos administrativos.","url":"https:\/\/www.estrategiaconcursos.com.br\/blog\/author\/ronaldo-netoestrategia-com\/"}]}},"_links":{"self":[{"href":"https:\/\/www.estrategiaconcursos.com.br\/blog\/wp-json\/wp\/v2\/posts\/1307118","targetHints":{"allow":["GET"]}}],"collection":[{"href":"https:\/\/www.estrategiaconcursos.com.br\/blog\/wp-json\/wp\/v2\/posts"}],"about":[{"href":"https:\/\/www.estrategiaconcursos.com.br\/blog\/wp-json\/wp\/v2\/types\/post"}],"author":[{"embeddable":true,"href":"https:\/\/www.estrategiaconcursos.com.br\/blog\/wp-json\/wp\/v2\/users\/2692"}],"replies":[{"embeddable":true,"href":"https:\/\/www.estrategiaconcursos.com.br\/blog\/wp-json\/wp\/v2\/comments?post=1307118"}],"version-history":[{"count":0,"href":"https:\/\/www.estrategiaconcursos.com.br\/blog\/wp-json\/wp\/v2\/posts\/1307118\/revisions"}],"wp:featuredmedia":[{"embeddable":true,"href":"https:\/\/www.estrategiaconcursos.com.br\/blog\/wp-json\/wp\/v2\/media\/1291041"}],"wp:attachment":[{"href":"https:\/\/www.estrategiaconcursos.com.br\/blog\/wp-json\/wp\/v2\/media?parent=1307118"}],"wp:term":[{"taxonomy":"category","embeddable":true,"href":"https:\/\/www.estrategiaconcursos.com.br\/blog\/wp-json\/wp\/v2\/categories?post=1307118"},{"taxonomy":"post_tag","embeddable":true,"href":"https:\/\/www.estrategiaconcursos.com.br\/blog\/wp-json\/wp\/v2\/tags?post=1307118"},{"taxonomy":"tax_estado","embeddable":true,"href":"https:\/\/www.estrategiaconcursos.com.br\/blog\/wp-json\/wp\/v2\/tax_estado?post=1307118"}],"curies":[{"name":"wp","href":"https:\/\/api.w.org\/{rel}","templated":true}]}}