{"id":1306801,"date":"2023-11-14T13:34:03","date_gmt":"2023-11-14T16:34:03","guid":{"rendered":"https:\/\/www.estrategiaconcursos.com.br\/blog\/?p=1306801"},"modified":"2023-11-14T13:34:07","modified_gmt":"2023-11-14T16:34:07","slug":"concurso-pc-sc-primeira-retificacao","status":"publish","type":"post","link":"https:\/\/www.estrategiaconcursos.com.br\/blog\/concurso-pc-sc-primeira-retificacao\/","title":{"rendered":"Concurso PC SC: divulgada a 1\u00aa retifica\u00e7\u00e3o. Confira!"},"content":{"rendered":"\n<p>Aten\u00e7\u00e3o, corujas: foi divulgada a primeira retifica\u00e7\u00e3o no edital do <strong>concurso PC SC<\/strong> (<a href=\"https:\/\/www.estrategiaconcursos.com.br\/cursosPorConcurso\/policia-civil-sc\/\" target=\"_blank\" rel=\"noreferrer noopener\">Pol\u00edcia Civil de Santa Catarina<\/a>).<\/p>\n\n\n\n<p>As principais mudan\u00e7as se deram no subitem que trata das vagas destinadas \u00e0s pessoas com defici\u00eancia, al\u00e9m de altera\u00e7\u00f5es no conte\u00fado program\u00e1tico. Veja abaixo na \u00edntegra!<\/p>\n\n\n\n<ul class=\"wp-block-list\">\n<li><a href=\"https:\/\/dhg1h5j42swfq.cloudfront.net\/2023\/11\/14133241\/edital-de-concurso-publico-n-2-2023-1a-retificacao-1.pdf\" target=\"_blank\" rel=\"noreferrer noopener nofollow\">1\u00aa retifica\u00e7\u00e3o &#8211; Psic\u00f3logo<\/a><\/li>\n\n\n\n<li><a href=\"https:\/\/dhg1h5j42swfq.cloudfront.net\/2023\/11\/14133322\/edital-de-concurso-publico-n-1-2023-1a-retificacao-delegado.pdf\" target=\"_blank\" rel=\"noreferrer noopener nofollow\">1\u00aa retifica\u00e7\u00e3o &#8211; Delegado<\/a><\/li>\n<\/ul>\n\n\n\n<p>O concurso PC SC oferta o total de 60 vagas distribu\u00eddas nas carreiras de <strong>Psic\u00f3logos (30) e Delegados (30)<\/strong>, que exigem o n\u00edvel superior de escolaridade. Os sal\u00e1rios iniciais variam de <strong>R$ 10.620,99 a\u00a0R$ 22.828,99.<\/strong><\/p>\n\n\n\n<p><span style=\"text-decoration: underline;\">E ATEN\u00c7\u00c3O ao prazo<\/span>: as inscri\u00e7\u00f5es j\u00e1 est\u00e3o abertas e os interessados na sele\u00e7\u00e3o poder\u00e3o se candidatar <strong>at\u00e9 o dia 21 de novembro<\/strong>, no site da banca organizadora, <a href=\"https:\/\/conhecimento.fgv.br\/concursos\/pcsc23\" target=\"_blank\" rel=\"noreferrer noopener\">FGV<\/a>, ao custo de R$ 250,00 a R$ 300,00.<\/p>\n\n\n\n<p>Lembrando que as provas objetivas ser\u00e3o aplicadas em 28 de janeiro de 2024, nas cidades de Chapec\u00f3, Crici\u00fama, Tubar\u00e3o, Grande Florian\u00f3polis (Florian\u00f3polis, S\u00e3o Jos\u00e9 ou Palho\u00e7a), Itaja\u00ed, Joa\u00e7aba, Joinville e Lages.<\/p>\n\n\n\n<p><em>Para saber mais informa\u00e7\u00f5es sobre a primeira retifica\u00e7\u00e3o do concurso <a href=\"https:\/\/pc.sc.gov.br\/\" target=\"_blank\" rel=\"noreferrer noopener\">PC SC<\/a>, basta acessar o link abaixo. N\u00f3s, do Estrat\u00e9gia Concursos, preparamos um artigo exclusivo para voc\u00eas:<\/em><\/p>\n\n\n\n<h2 class=\"wp-block-heading has-text-align-center has-cyan-bluish-gray-background-color has-background\" id=\"h-concurso-policia-civil-sc\" style=\"font-size:clamp(14px, 0.875rem + ((1vw - 3.2px) * 0.49), 19px);\"><a href=\"https:\/\/www.estrategiaconcursos.com.br\/blog\/concurso-policia-civil-sc\/\" target=\"_blank\" rel=\"noreferrer noopener\">Concurso Pol\u00edcia Civil SC<\/a><\/h2>\n\n\n\n<hr class=\"wp-block-separator has-alpha-channel-opacity\"\/>\n\n\n\n<h2 class=\"wp-block-heading has-text-align-center\" id=\"h-quer-saber-tudo-sobre-concursos-previstos-confira-nossos-artigos\">Quer saber tudo sobre concursos previstos?<br \/>Confira nossos artigos!<\/h2>\n\n\n\n<ul class=\"wp-block-list\">\n<li><a href=\"https:\/\/www.estrategiaconcursos.com.br\/blog\/concursos-abertos\/\" target=\"_blank\" rel=\"noreferrer noopener\">Concursos abertos<\/a><\/li>\n\n\n\n<li><a href=\"https:\/\/www.estrategiaconcursos.com.br\/blog\/concursos-2024\/\" target=\"_blank\" rel=\"noreferrer noopener\">Concursos 2024<\/a><\/li>\n<\/ul>\n\n\n\n<h2 class=\"wp-block-heading has-text-align-center\">Quer estudar para o concurso PC SC?<\/h2>\n\n\n\n<div class=\"container\" id=\"boxes\">\n  <div class=\"row\">\n\n    <div class=\"col-sm\">\n      <div class=\"banner-policia-civil\" id=\"box-assinatura\">\n        <h3 class=\"titulo-assinatura\" style=\"text-align: left;\">Concurso PC SC<\/h3>\n        <p class=\"subtitulo-assinatura\" style=\"text-align: left;\">Conhe\u00e7a os cursos<\/p>\n        <div class=\"box-botao\" style=\"text-align: left;\">\n          <a class=\"btn-assinatura\" target=\"_blank\" href=\"https:\/\/www.estrategiaconcursos.com.br\/cursosPorConcurso\/policia-civil-sc\/\" role=\"button\" rel=\"noopener noreferrer\">CLIQUE AQUI<\/a>\n        <\/div>\n      <\/div><\/div><\/div><\/div>\n\n\n\n<div class=\"container\" id=\"boxes\">\n  <div class=\"row\">\n\n    <div class=\"col-sm\">\n      <div class=\"estrategia\" id=\"box-assinatura\">\n        <h3 class=\"titulo-assinatura\">Assinatura de Concursos<\/h3>\n        <p class=\"subtitulo-assinatura\">Assinatura de 1 ou 2 anos<\/p>\n        <div class=\"box-botao\">\n          <a class=\"btn-assinatura\" target=\"_blank\" href=\"https:\/\/www.estrategiaconcursos.com.br\/assinaturas\/\" role=\"button\" rel=\"noopener noreferrer\">ASSINE AGORA<\/a>\n        <\/div>\n      <\/div>\n      <p <=\"\" p=\"\">\n    <\/p><\/div><\/div><\/div>\n","protected":false},"excerpt":{"rendered":"<p>Aten\u00e7\u00e3o, corujas: foi divulgada a primeira retifica\u00e7\u00e3o no edital do concurso PC SC (Pol\u00edcia Civil de Santa Catarina). As principais mudan\u00e7as se deram no subitem que trata das vagas destinadas \u00e0s pessoas com defici\u00eancia, al\u00e9m de altera\u00e7\u00f5es no conte\u00fado program\u00e1tico. Veja abaixo na \u00edntegra! O concurso PC SC oferta o total de 60 vagas distribu\u00eddas [&hellip;]<\/p>\n","protected":false},"author":2134,"featured_media":1033364,"comment_status":"open","ping_status":"closed","sticky":false,"template":"","format":"standard","meta":{"post_tipo":"news","footnotes":""},"categories":[220194,1988,220190,220219],"tags":[],"tax_estado":[219987],"class_list":["post-1306801","post","type-post","status-publish","format-standard","has-post-thumbnail","hentry","category-delegado","category-policia","category-policial-peritos","category-noticias","tax_estado-sc"],"acf":[],"yoast_head":"<!-- This site is optimized with the Yoast SEO Premium plugin v27.2 (Yoast SEO v27.2) - https:\/\/yoast.com\/product\/yoast-seo-premium-wordpress\/ -->\n<title>Concurso PC SC: divulgada a 1\u00aa retifica\u00e7\u00e3o. Confira!<\/title>\n<meta name=\"description\" content=\"Concurso PC SC: divulgada a primeira retifica\u00e7\u00e3o no edital. Confira AQUI as principais mudan\u00e7as. S\u00e3o 60 vagas para psic\u00f3logo e delegado!\" \/>\n<meta name=\"robots\" content=\"index, follow, max-snippet:-1, max-image-preview:large, max-video-preview:-1\" \/>\n<link rel=\"canonical\" href=\"https:\/\/www.estrategiaconcursos.com.br\/blog\/concurso-pc-sc-primeira-retificacao\/\" \/>\n<meta property=\"og:locale\" content=\"pt_BR\" \/>\n<meta property=\"og:type\" content=\"article\" \/>\n<meta property=\"og:title\" content=\"Concurso PC SC: divulgada a 1\u00aa retifica\u00e7\u00e3o. Confira!\" \/>\n<meta property=\"og:description\" content=\"Concurso PC SC: divulgada a primeira retifica\u00e7\u00e3o no edital. Confira AQUI as principais mudan\u00e7as. S\u00e3o 60 vagas para psic\u00f3logo e delegado!\" \/>\n<meta property=\"og:url\" content=\"https:\/\/www.estrategiaconcursos.com.br\/blog\/concurso-pc-sc-primeira-retificacao\/\" \/>\n<meta property=\"og:site_name\" content=\"Estrat\u00e9gia Concursos\" \/>\n<meta property=\"article:published_time\" content=\"2023-11-14T16:34:03+00:00\" \/>\n<meta property=\"article:modified_time\" content=\"2023-11-14T16:34:07+00:00\" \/>\n<meta property=\"og:image\" content=\"https:\/\/dhg1h5j42swfq.cloudfront.net\/2022\/05\/24143827\/pc_sc.jpg\" \/>\n\t<meta property=\"og:image:width\" content=\"768\" \/>\n\t<meta property=\"og:image:height\" content=\"432\" \/>\n\t<meta property=\"og:image:type\" content=\"image\/jpeg\" \/>\n<meta name=\"author\" content=\"Rafaela Teixeira\" \/>\n<meta name=\"twitter:card\" content=\"summary_large_image\" \/>\n<meta name=\"twitter:creator\" content=\"@EstratConcursos\" \/>\n<meta name=\"twitter:site\" content=\"@EstratConcursos\" \/>\n<meta name=\"twitter:label1\" content=\"Escrito por\" \/>\n\t<meta name=\"twitter:data1\" content=\"Rafaela Teixeira\" \/>\n\t<meta name=\"twitter:label2\" content=\"Est. tempo de leitura\" \/>\n\t<meta name=\"twitter:data2\" content=\"1 minuto\" \/>\n<script type=\"application\/ld+json\" class=\"yoast-schema-graph\">{\"@context\":\"https:\/\/schema.org\",\"@graph\":[{\"@type\":\"NewsArticle\",\"@id\":\"https:\/\/www.estrategiaconcursos.com.br\/blog\/concurso-pc-sc-primeira-retificacao\/#article\",\"isPartOf\":{\"@id\":\"https:\/\/www.estrategiaconcursos.com.br\/blog\/concurso-pc-sc-primeira-retificacao\/\"},\"author\":{\"name\":\"Rafaela Teixeira\",\"@id\":\"https:\/\/www.estrategiaconcursos.com.br\/blog\/#\/schema\/person\/e75352021ea7f60781c599934f916eb1\"},\"headline\":\"Concurso PC SC: divulgada a 1\u00aa retifica\u00e7\u00e3o. Confira!\",\"datePublished\":\"2023-11-14T16:34:03+00:00\",\"dateModified\":\"2023-11-14T16:34:07+00:00\",\"mainEntityOfPage\":{\"@id\":\"https:\/\/www.estrategiaconcursos.com.br\/blog\/concurso-pc-sc-primeira-retificacao\/\"},\"wordCount\":255,\"commentCount\":0,\"publisher\":{\"@id\":\"https:\/\/www.estrategiaconcursos.com.br\/blog\/#organization\"},\"image\":{\"@id\":\"https:\/\/www.estrategiaconcursos.com.br\/blog\/concurso-pc-sc-primeira-retificacao\/#primaryimage\"},\"thumbnailUrl\":\"https:\/\/dhg1h5j42swfq.cloudfront.net\/2022\/05\/24143827\/pc_sc.jpg\",\"articleSection\":[\"Jur\u00eddico - Delegado\",\"Policial (Agente, Escriv\u00e3o e Investigador)\",\"Policial (Peritos, Papiloscopistas)\",\"\u00daltimas not\u00edcias\"],\"inLanguage\":\"pt-BR\",\"potentialAction\":[{\"@type\":\"CommentAction\",\"name\":\"Comment\",\"target\":[\"https:\/\/www.estrategiaconcursos.com.br\/blog\/concurso-pc-sc-primeira-retificacao\/#respond\"]}],\"copyrightYear\":\"2023\",\"copyrightHolder\":{\"@id\":\"https:\/\/www.estrategiaconcursos.com.br\/blog\/#organization\"}},{\"@type\":\"WebPage\",\"@id\":\"https:\/\/www.estrategiaconcursos.com.br\/blog\/concurso-pc-sc-primeira-retificacao\/\",\"url\":\"https:\/\/www.estrategiaconcursos.com.br\/blog\/concurso-pc-sc-primeira-retificacao\/\",\"name\":\"Concurso PC SC: divulgada a 1\u00aa retifica\u00e7\u00e3o. Confira!\",\"isPartOf\":{\"@id\":\"https:\/\/www.estrategiaconcursos.com.br\/blog\/#website\"},\"primaryImageOfPage\":{\"@id\":\"https:\/\/www.estrategiaconcursos.com.br\/blog\/concurso-pc-sc-primeira-retificacao\/#primaryimage\"},\"image\":{\"@id\":\"https:\/\/www.estrategiaconcursos.com.br\/blog\/concurso-pc-sc-primeira-retificacao\/#primaryimage\"},\"thumbnailUrl\":\"https:\/\/dhg1h5j42swfq.cloudfront.net\/2022\/05\/24143827\/pc_sc.jpg\",\"datePublished\":\"2023-11-14T16:34:03+00:00\",\"dateModified\":\"2023-11-14T16:34:07+00:00\",\"description\":\"Concurso PC SC: divulgada a primeira retifica\u00e7\u00e3o no edital. Confira AQUI as principais mudan\u00e7as. S\u00e3o 60 vagas para psic\u00f3logo e delegado!\",\"breadcrumb\":{\"@id\":\"https:\/\/www.estrategiaconcursos.com.br\/blog\/concurso-pc-sc-primeira-retificacao\/#breadcrumb\"},\"inLanguage\":\"pt-BR\",\"potentialAction\":[{\"@type\":\"ReadAction\",\"target\":[\"https:\/\/www.estrategiaconcursos.com.br\/blog\/concurso-pc-sc-primeira-retificacao\/\"]}]},{\"@type\":\"ImageObject\",\"inLanguage\":\"pt-BR\",\"@id\":\"https:\/\/www.estrategiaconcursos.com.br\/blog\/concurso-pc-sc-primeira-retificacao\/#primaryimage\",\"url\":\"https:\/\/dhg1h5j42swfq.cloudfront.net\/2022\/05\/24143827\/pc_sc.jpg\",\"contentUrl\":\"https:\/\/dhg1h5j42swfq.cloudfront.net\/2022\/05\/24143827\/pc_sc.jpg\",\"width\":768,\"height\":432,\"caption\":\"concurso pc sc\"},{\"@type\":\"BreadcrumbList\",\"@id\":\"https:\/\/www.estrategiaconcursos.com.br\/blog\/concurso-pc-sc-primeira-retificacao\/#breadcrumb\",\"itemListElement\":[{\"@type\":\"ListItem\",\"position\":1,\"name\":\"In\u00edcio\",\"item\":\"https:\/\/www.estrategiaconcursos.com.br\/blog\/\"},{\"@type\":\"ListItem\",\"position\":2,\"name\":\"Concurso PC SC: divulgada a 1\u00aa retifica\u00e7\u00e3o. Confira!\"}]},{\"@type\":\"WebSite\",\"@id\":\"https:\/\/www.estrategiaconcursos.com.br\/blog\/#website\",\"url\":\"https:\/\/www.estrategiaconcursos.com.br\/blog\/\",\"name\":\"Estrat\u00e9gia Concursos\",\"description\":\"O blog da Estrat\u00e9gia Concursos traz not\u00edcias sobre concursos e artigos de professores oferecendo cursos para concursos (pdf + videaulas) no site.\",\"publisher\":{\"@id\":\"https:\/\/www.estrategiaconcursos.com.br\/blog\/#organization\"},\"potentialAction\":[{\"@type\":\"SearchAction\",\"target\":{\"@type\":\"EntryPoint\",\"urlTemplate\":\"https:\/\/www.estrategiaconcursos.com.br\/blog\/?s={search_term_string}\"},\"query-input\":{\"@type\":\"PropertyValueSpecification\",\"valueRequired\":true,\"valueName\":\"search_term_string\"}}],\"inLanguage\":\"pt-BR\"},{\"@type\":\"Organization\",\"@id\":\"https:\/\/www.estrategiaconcursos.com.br\/blog\/#organization\",\"name\":\"Estrat\u00e9gia Concursos\",\"url\":\"https:\/\/www.estrategiaconcursos.com.br\/blog\/\",\"logo\":{\"@type\":\"ImageObject\",\"inLanguage\":\"pt-BR\",\"@id\":\"https:\/\/www.estrategiaconcursos.com.br\/blog\/#\/schema\/logo\/image\/\",\"url\":\"https:\/\/dhg1h5j42swfq.cloudfront.net\/2025\/06\/03203428\/logo_concursos-1.jpg\",\"contentUrl\":\"https:\/\/dhg1h5j42swfq.cloudfront.net\/2025\/06\/03203428\/logo_concursos-1.jpg\",\"width\":230,\"height\":60,\"caption\":\"Estrat\u00e9gia Concursos\"},\"image\":{\"@id\":\"https:\/\/www.estrategiaconcursos.com.br\/blog\/#\/schema\/logo\/image\/\"},\"sameAs\":[\"https:\/\/x.com\/EstratConcursos\"]},{\"@type\":\"Person\",\"@id\":\"https:\/\/www.estrategiaconcursos.com.br\/blog\/#\/schema\/person\/e75352021ea7f60781c599934f916eb1\",\"name\":\"Rafaela Teixeira\",\"image\":{\"@type\":\"ImageObject\",\"inLanguage\":\"pt-BR\",\"@id\":\"https:\/\/secure.gravatar.com\/avatar\/8a349a2b22039b1ee88fc06461487c950fd6aa411ea8af8633314b43334ae793?s=96&d=mm&r=g\",\"url\":\"https:\/\/secure.gravatar.com\/avatar\/8a349a2b22039b1ee88fc06461487c950fd6aa411ea8af8633314b43334ae793?s=96&d=mm&r=g\",\"contentUrl\":\"https:\/\/secure.gravatar.com\/avatar\/8a349a2b22039b1ee88fc06461487c950fd6aa411ea8af8633314b43334ae793?s=96&d=mm&r=g\",\"caption\":\"Rafaela Teixeira\"},\"description\":\"Rafaela Teixeira \u00e9 advogada conveniada \u00e0 Defensoria P\u00fablica de S\u00e3o Paulo pela OAB, com experi\u00eancia em reda\u00e7\u00e3o jur\u00eddica e atua\u00e7\u00e3o em institui\u00e7\u00f5es p\u00fablicas, incluindo est\u00e1gio no TRE-SP. Possui mais de 7 anos de experi\u00eancia na produ\u00e7\u00e3o de conte\u00fados voltados ao nicho de concursos p\u00fablicos, com foco em apura\u00e7\u00e3o jornal\u00edstica cont\u00ednua, an\u00e1lise de editais e obten\u00e7\u00e3o de informa\u00e7\u00f5es diretamente junto a \u00f3rg\u00e3os e fontes oficiais. No Blog do Estrat\u00e9gia Concursos, atua como Analista de Conte\u00fado S\u00eanior, respons\u00e1vel pelo jornalismo do per\u00edodo noturno e da madrugada, com atua\u00e7\u00e3o transversal na cobertura de concursos p\u00fablicos, garantindo a continuidade, fluidez e confiabilidade das publica\u00e7\u00f5es e dos bastidores dos certames.\",\"url\":\"https:\/\/www.estrategiaconcursos.com.br\/blog\/author\/rafaela-teixeira\/\"}]}<\/script>\n<!-- \/ Yoast SEO Premium plugin. -->","yoast_head_json":{"title":"Concurso PC SC: divulgada a 1\u00aa retifica\u00e7\u00e3o. Confira!","description":"Concurso PC SC: divulgada a primeira retifica\u00e7\u00e3o no edital. Confira AQUI as principais mudan\u00e7as. S\u00e3o 60 vagas para psic\u00f3logo e delegado!","robots":{"index":"index","follow":"follow","max-snippet":"max-snippet:-1","max-image-preview":"max-image-preview:large","max-video-preview":"max-video-preview:-1"},"canonical":"https:\/\/www.estrategiaconcursos.com.br\/blog\/concurso-pc-sc-primeira-retificacao\/","og_locale":"pt_BR","og_type":"article","og_title":"Concurso PC SC: divulgada a 1\u00aa retifica\u00e7\u00e3o. Confira!","og_description":"Concurso PC SC: divulgada a primeira retifica\u00e7\u00e3o no edital. Confira AQUI as principais mudan\u00e7as. S\u00e3o 60 vagas para psic\u00f3logo e delegado!","og_url":"https:\/\/www.estrategiaconcursos.com.br\/blog\/concurso-pc-sc-primeira-retificacao\/","og_site_name":"Estrat\u00e9gia Concursos","article_published_time":"2023-11-14T16:34:03+00:00","article_modified_time":"2023-11-14T16:34:07+00:00","og_image":[{"width":768,"height":432,"url":"https:\/\/dhg1h5j42swfq.cloudfront.net\/2022\/05\/24143827\/pc_sc.jpg","type":"image\/jpeg"}],"author":"Rafaela Teixeira","twitter_card":"summary_large_image","twitter_creator":"@EstratConcursos","twitter_site":"@EstratConcursos","twitter_misc":{"Escrito por":"Rafaela Teixeira","Est. tempo de leitura":"1 minuto"},"schema":{"@context":"https:\/\/schema.org","@graph":[{"@type":"NewsArticle","@id":"https:\/\/www.estrategiaconcursos.com.br\/blog\/concurso-pc-sc-primeira-retificacao\/#article","isPartOf":{"@id":"https:\/\/www.estrategiaconcursos.com.br\/blog\/concurso-pc-sc-primeira-retificacao\/"},"author":{"name":"Rafaela Teixeira","@id":"https:\/\/www.estrategiaconcursos.com.br\/blog\/#\/schema\/person\/e75352021ea7f60781c599934f916eb1"},"headline":"Concurso PC SC: divulgada a 1\u00aa retifica\u00e7\u00e3o. Confira!","datePublished":"2023-11-14T16:34:03+00:00","dateModified":"2023-11-14T16:34:07+00:00","mainEntityOfPage":{"@id":"https:\/\/www.estrategiaconcursos.com.br\/blog\/concurso-pc-sc-primeira-retificacao\/"},"wordCount":255,"commentCount":0,"publisher":{"@id":"https:\/\/www.estrategiaconcursos.com.br\/blog\/#organization"},"image":{"@id":"https:\/\/www.estrategiaconcursos.com.br\/blog\/concurso-pc-sc-primeira-retificacao\/#primaryimage"},"thumbnailUrl":"https:\/\/dhg1h5j42swfq.cloudfront.net\/2022\/05\/24143827\/pc_sc.jpg","articleSection":["Jur\u00eddico - Delegado","Policial (Agente, Escriv\u00e3o e Investigador)","Policial (Peritos, Papiloscopistas)","\u00daltimas not\u00edcias"],"inLanguage":"pt-BR","potentialAction":[{"@type":"CommentAction","name":"Comment","target":["https:\/\/www.estrategiaconcursos.com.br\/blog\/concurso-pc-sc-primeira-retificacao\/#respond"]}],"copyrightYear":"2023","copyrightHolder":{"@id":"https:\/\/www.estrategiaconcursos.com.br\/blog\/#organization"}},{"@type":"WebPage","@id":"https:\/\/www.estrategiaconcursos.com.br\/blog\/concurso-pc-sc-primeira-retificacao\/","url":"https:\/\/www.estrategiaconcursos.com.br\/blog\/concurso-pc-sc-primeira-retificacao\/","name":"Concurso PC SC: divulgada a 1\u00aa retifica\u00e7\u00e3o. Confira!","isPartOf":{"@id":"https:\/\/www.estrategiaconcursos.com.br\/blog\/#website"},"primaryImageOfPage":{"@id":"https:\/\/www.estrategiaconcursos.com.br\/blog\/concurso-pc-sc-primeira-retificacao\/#primaryimage"},"image":{"@id":"https:\/\/www.estrategiaconcursos.com.br\/blog\/concurso-pc-sc-primeira-retificacao\/#primaryimage"},"thumbnailUrl":"https:\/\/dhg1h5j42swfq.cloudfront.net\/2022\/05\/24143827\/pc_sc.jpg","datePublished":"2023-11-14T16:34:03+00:00","dateModified":"2023-11-14T16:34:07+00:00","description":"Concurso PC SC: divulgada a primeira retifica\u00e7\u00e3o no edital. Confira AQUI as principais mudan\u00e7as. S\u00e3o 60 vagas para psic\u00f3logo e delegado!","breadcrumb":{"@id":"https:\/\/www.estrategiaconcursos.com.br\/blog\/concurso-pc-sc-primeira-retificacao\/#breadcrumb"},"inLanguage":"pt-BR","potentialAction":[{"@type":"ReadAction","target":["https:\/\/www.estrategiaconcursos.com.br\/blog\/concurso-pc-sc-primeira-retificacao\/"]}]},{"@type":"ImageObject","inLanguage":"pt-BR","@id":"https:\/\/www.estrategiaconcursos.com.br\/blog\/concurso-pc-sc-primeira-retificacao\/#primaryimage","url":"https:\/\/dhg1h5j42swfq.cloudfront.net\/2022\/05\/24143827\/pc_sc.jpg","contentUrl":"https:\/\/dhg1h5j42swfq.cloudfront.net\/2022\/05\/24143827\/pc_sc.jpg","width":768,"height":432,"caption":"concurso pc sc"},{"@type":"BreadcrumbList","@id":"https:\/\/www.estrategiaconcursos.com.br\/blog\/concurso-pc-sc-primeira-retificacao\/#breadcrumb","itemListElement":[{"@type":"ListItem","position":1,"name":"In\u00edcio","item":"https:\/\/www.estrategiaconcursos.com.br\/blog\/"},{"@type":"ListItem","position":2,"name":"Concurso PC SC: divulgada a 1\u00aa retifica\u00e7\u00e3o. Confira!"}]},{"@type":"WebSite","@id":"https:\/\/www.estrategiaconcursos.com.br\/blog\/#website","url":"https:\/\/www.estrategiaconcursos.com.br\/blog\/","name":"Estrat\u00e9gia Concursos","description":"O blog da Estrat\u00e9gia Concursos traz not\u00edcias sobre concursos e artigos de professores oferecendo cursos para concursos (pdf + videaulas) no site.","publisher":{"@id":"https:\/\/www.estrategiaconcursos.com.br\/blog\/#organization"},"potentialAction":[{"@type":"SearchAction","target":{"@type":"EntryPoint","urlTemplate":"https:\/\/www.estrategiaconcursos.com.br\/blog\/?s={search_term_string}"},"query-input":{"@type":"PropertyValueSpecification","valueRequired":true,"valueName":"search_term_string"}}],"inLanguage":"pt-BR"},{"@type":"Organization","@id":"https:\/\/www.estrategiaconcursos.com.br\/blog\/#organization","name":"Estrat\u00e9gia Concursos","url":"https:\/\/www.estrategiaconcursos.com.br\/blog\/","logo":{"@type":"ImageObject","inLanguage":"pt-BR","@id":"https:\/\/www.estrategiaconcursos.com.br\/blog\/#\/schema\/logo\/image\/","url":"https:\/\/dhg1h5j42swfq.cloudfront.net\/2025\/06\/03203428\/logo_concursos-1.jpg","contentUrl":"https:\/\/dhg1h5j42swfq.cloudfront.net\/2025\/06\/03203428\/logo_concursos-1.jpg","width":230,"height":60,"caption":"Estrat\u00e9gia Concursos"},"image":{"@id":"https:\/\/www.estrategiaconcursos.com.br\/blog\/#\/schema\/logo\/image\/"},"sameAs":["https:\/\/x.com\/EstratConcursos"]},{"@type":"Person","@id":"https:\/\/www.estrategiaconcursos.com.br\/blog\/#\/schema\/person\/e75352021ea7f60781c599934f916eb1","name":"Rafaela Teixeira","image":{"@type":"ImageObject","inLanguage":"pt-BR","@id":"https:\/\/secure.gravatar.com\/avatar\/8a349a2b22039b1ee88fc06461487c950fd6aa411ea8af8633314b43334ae793?s=96&d=mm&r=g","url":"https:\/\/secure.gravatar.com\/avatar\/8a349a2b22039b1ee88fc06461487c950fd6aa411ea8af8633314b43334ae793?s=96&d=mm&r=g","contentUrl":"https:\/\/secure.gravatar.com\/avatar\/8a349a2b22039b1ee88fc06461487c950fd6aa411ea8af8633314b43334ae793?s=96&d=mm&r=g","caption":"Rafaela Teixeira"},"description":"Rafaela Teixeira \u00e9 advogada conveniada \u00e0 Defensoria P\u00fablica de S\u00e3o Paulo pela OAB, com experi\u00eancia em reda\u00e7\u00e3o jur\u00eddica e atua\u00e7\u00e3o em institui\u00e7\u00f5es p\u00fablicas, incluindo est\u00e1gio no TRE-SP. Possui mais de 7 anos de experi\u00eancia na produ\u00e7\u00e3o de conte\u00fados voltados ao nicho de concursos p\u00fablicos, com foco em apura\u00e7\u00e3o jornal\u00edstica cont\u00ednua, an\u00e1lise de editais e obten\u00e7\u00e3o de informa\u00e7\u00f5es diretamente junto a \u00f3rg\u00e3os e fontes oficiais. No Blog do Estrat\u00e9gia Concursos, atua como Analista de Conte\u00fado S\u00eanior, respons\u00e1vel pelo jornalismo do per\u00edodo noturno e da madrugada, com atua\u00e7\u00e3o transversal na cobertura de concursos p\u00fablicos, garantindo a continuidade, fluidez e confiabilidade das publica\u00e7\u00f5es e dos bastidores dos certames.","url":"https:\/\/www.estrategiaconcursos.com.br\/blog\/author\/rafaela-teixeira\/"}]}},"_links":{"self":[{"href":"https:\/\/www.estrategiaconcursos.com.br\/blog\/wp-json\/wp\/v2\/posts\/1306801","targetHints":{"allow":["GET"]}}],"collection":[{"href":"https:\/\/www.estrategiaconcursos.com.br\/blog\/wp-json\/wp\/v2\/posts"}],"about":[{"href":"https:\/\/www.estrategiaconcursos.com.br\/blog\/wp-json\/wp\/v2\/types\/post"}],"author":[{"embeddable":true,"href":"https:\/\/www.estrategiaconcursos.com.br\/blog\/wp-json\/wp\/v2\/users\/2134"}],"replies":[{"embeddable":true,"href":"https:\/\/www.estrategiaconcursos.com.br\/blog\/wp-json\/wp\/v2\/comments?post=1306801"}],"version-history":[{"count":4,"href":"https:\/\/www.estrategiaconcursos.com.br\/blog\/wp-json\/wp\/v2\/posts\/1306801\/revisions"}],"predecessor-version":[{"id":1306809,"href":"https:\/\/www.estrategiaconcursos.com.br\/blog\/wp-json\/wp\/v2\/posts\/1306801\/revisions\/1306809"}],"wp:featuredmedia":[{"embeddable":true,"href":"https:\/\/www.estrategiaconcursos.com.br\/blog\/wp-json\/wp\/v2\/media\/1033364"}],"wp:attachment":[{"href":"https:\/\/www.estrategiaconcursos.com.br\/blog\/wp-json\/wp\/v2\/media?parent=1306801"}],"wp:term":[{"taxonomy":"category","embeddable":true,"href":"https:\/\/www.estrategiaconcursos.com.br\/blog\/wp-json\/wp\/v2\/categories?post=1306801"},{"taxonomy":"post_tag","embeddable":true,"href":"https:\/\/www.estrategiaconcursos.com.br\/blog\/wp-json\/wp\/v2\/tags?post=1306801"},{"taxonomy":"tax_estado","embeddable":true,"href":"https:\/\/www.estrategiaconcursos.com.br\/blog\/wp-json\/wp\/v2\/tax_estado?post=1306801"}],"curies":[{"name":"wp","href":"https:\/\/api.w.org\/{rel}","templated":true}]}}