{"id":130656,"date":"2018-07-12T04:38:52","date_gmt":"2018-07-12T07:38:52","guid":{"rendered":"https:\/\/www.estrategiaconcursos.com.br\/blog\/?p=130656"},"modified":"2018-07-12T04:38:52","modified_gmt":"2018-07-12T07:38:52","slug":"pc-sp-agepol-comentarios-prova-de-atualidades","status":"publish","type":"post","link":"https:\/\/www.estrategiaconcursos.com.br\/blog\/pc-sp-agepol-comentarios-prova-de-atualidades\/","title":{"rendered":"PC\/SP &#8211; Agepol &#8211; Coment\u00e1rios \u00e0 prova de Atualidades"},"content":{"rendered":"<p style=\"text-align: justify\">Ol\u00e1 pessoal,<\/p>\n<p style=\"text-align: justify\">Na segunda-feira n\u00e3o estava bem de sa\u00fade, por isso n\u00e3o participei da corre\u00e7\u00e3o da prova ao vivo realizada pelo Estrat\u00e9gia Concursos. Seguem os meus coment\u00e1rios \u00e0s quest\u00f5es da prova.<\/p>\n<p style=\"text-align: justify\">Foi uma prova equilibrada com quest\u00f5es de padr\u00e3o f\u00e1cil, m\u00e9dio e dif\u00edcil com tr\u00eas quest\u00f5es de maior dificuldade, daquelas que o examinador coloca para todo mundo errar, cobrando fatos ou conhecimento de menor relev\u00e2ncia e\/ou de baixa divulga\u00e7\u00e3o pela m\u00eddia nacional e internacional. N\u00e3o vislumbrei possibilidades de recursos.<\/p>\n<p style=\"text-align: justify\">Agrade\u00e7o mais uma vez aos elogios dos nossos alunos e as muitas mensagens que recebi informando que gabaritaram ou tiveram um excelente desempenho na disciplina. Quem fez o nosso curso completo e estudou adequadamente foi bem na prova.<\/p>\n<p style=\"text-align: justify\">Sucesso no concurso!<\/p>\n<p style=\"text-align: justify\">Grande Abra\u00e7o,<\/p>\n<p style=\"text-align: justify\">Prof. Leandro Signori<\/p>\n<p style=\"text-align: justify\"><strong>\u00a0<\/strong><\/p>\n<ol style=\"text-align: justify\" start=\"71\">\n<li>Acionistas da distribuidora de energia aceitaram a proposta da italiana Enel para compra do controle da companhia e venderam R$ 5,5 bilh\u00f5es em a\u00e7\u00f5es da empresa em leil\u00e3o nesta segunda-feira [04 de junho]. Foram negociadas 122,7 milh\u00f5es de a\u00e7\u00f5es, cerca de 73% de um total de 167 milh\u00f5es de pap\u00e9is. Com o neg\u00f3cio, a Enel se torna a maior distribuidora de eletricidade do Brasil, superando a CPFL, controlada pela chinesa State Grid. Segundo a Enel, a opera\u00e7\u00e3o adiciona 7 milh\u00f5es de unidades consumidoras \u00e0 sua base de clientes.<\/li>\n<\/ol>\n<p style=\"text-align: justify\">(Folha de S. Paulo, 04.06.18. Dispon\u00edvel em: https:\/\/goo.gl\/2UiYCb. Adaptado)<\/p>\n<p style=\"text-align: justify\">A not\u00edcia se refere \u00e0 venda do controle da empresa<\/p>\n<p style=\"text-align: justify\">(A) Eletrobr\u00e1s.<\/p>\n<p style=\"text-align: justify\">(B) Furnas.<\/p>\n<p style=\"text-align: justify\">(C) Bandeirante Energia.<\/p>\n<p style=\"text-align: justify\">(D) Light.<\/p>\n<p style=\"text-align: justify\">(E) Eletropaulo.<\/p>\n<p style=\"text-align: center\"><strong><u>COMENT\u00c1RIOS:<\/u><\/strong><\/p>\n<p style=\"text-align: justify\">A not\u00edcia se refere \u00e0 venda do controle da empresa Eletropaulo. Acionistas da distribuidora de energia Eletropaulo aceitaram a proposta da empresa estatal italiana Enel para compra do controle da companhia e venderam R$ 5,5 bilh\u00f5es em a\u00e7\u00f5es da empresa em leil\u00e3o. Com o neg\u00f3cio, a Enel se torna a maior distribuidora de eletricidade do Brasil. A empresa tem opera\u00e7\u00f5es de distribui\u00e7\u00e3o no Rio de Janeiro, Goi\u00e1s e Cear\u00e1.<\/p>\n<p style=\"text-align: justify\"><strong>Gabarito: E<\/strong><\/p>\n<p>&nbsp;<\/p>\n<ol style=\"text-align: justify\" start=\"72\">\n<li>O primeiro-ministro da Jord\u00e2nia, Hani Mulki, ofereceu nesta segunda-feira [04 de junho] sua demiss\u00e3o do cargo ao rei Abdullah, em uma tentativa de diminuir uma onda de protestos que atingiu o pa\u00eds na \u00faltima semana. Os atos aumentaram no \u00faltimo fim de semana, quando milhares de jordanianos tomaram as ruas da capital Am\u00e3 e de outras cidades importantes do pa\u00eds.<\/li>\n<\/ol>\n<p style=\"text-align: justify\">(Folha de S. Paulo, 04.06.18. Dispon\u00edvel em: https:\/\/goo.gl\/wVSTUs. Adaptado)<\/p>\n<p style=\"text-align: justify\">Os protestos tiveram como alvo<\/p>\n<p style=\"text-align: justify\">(A) a falta de apoio do rei jordaniano \u00e0 luta palestina por um Estado nacional.<\/p>\n<p style=\"text-align: justify\">(B) a pol\u00edtica repressiva e autorit\u00e1ria imposta pela monarquia jordaniana.<\/p>\n<p style=\"text-align: justify\">(C) o alinhamento do governo jordaniano com a pol\u00edtica externa norte-americana.<\/p>\n<p style=\"text-align: justify\">(D) um projeto de lei que previa um aumento significativo do imposto de renda.<\/p>\n<p style=\"text-align: justify\">(E) o envolvimento do pa\u00eds em conflitos regionais como a guerra civil da S\u00edria.<\/p>\n<p style=\"text-align: center\"><strong><u>COMENT\u00c1RIOS:<\/u><\/strong><\/p>\n<p style=\"text-align: justify\">O FMI aprovou em 2016 uma linha de cr\u00e9dito de 723 milh\u00f5es de d\u00f3lares para Jord\u00e2nia a ser desembolsado em um per\u00edodo de tr\u00eas anos. Em troca, a Jord\u00e2nia se comprometeu a colocar em andamento reformas estruturais e a reduzir progressivamente sua d\u00edvida p\u00fablica a 77% do Produto Interno Bruto (PIB) em 2021, frente aos 94% de 2015.<\/p>\n<p style=\"text-align: justify\">A sa\u00edda do primeiro-ministro Hani Mulki ocorreu ap\u00f3s manifesta\u00e7\u00f5es populares contra o aumento de pre\u00e7os e um projeto de lei de eleva\u00e7\u00e3o de impostos apresentado pelo governo do premier, no \u00e2mbito com o acordo com o Fundo Monet\u00e1rio Internacional (FMI)<\/p>\n<p style=\"text-align: justify\"><strong>Gabarito: D<\/strong><\/p>\n<p>&nbsp;<\/p>\n<ol style=\"text-align: justify\" start=\"73\">\n<li>Em sua assembleia anual, iniciada nesta segunda-feira [4 de junho], a OEA (Organiza\u00e7\u00e3o dos Estados Americanos) pode votar pela suspens\u00e3o da Venezuela da entidade.<\/li>\n<\/ol>\n<p style=\"text-align: justify\">(Folha de S. Paulo, 04.06.18. Dispon\u00edvel em: https:\/\/goo.gl\/Au3nQT. Adaptado)<\/p>\n<p style=\"text-align: justify\">Assinale a alternativa que apresenta os argumentos utilizados pelos pa\u00edses que apoiam a suspens\u00e3o.<\/p>\n<p style=\"text-align: justify\">(A) A atual dificuldade venezuelana em conter o avan\u00e7o do tr\u00e1fico de drogas no interior das suas fronteiras e o aumento do crime organizado.<\/p>\n<p style=\"text-align: justify\">(B) A profunda crise econ\u00f4mica que assola o pa\u00eds e a fuga de venezuelanos para os pa\u00edses vizinhos, agravando a crise migrat\u00f3ria na regi\u00e3o.<\/p>\n<p style=\"text-align: justify\">(C) O desrespeito \u00e0 Carta Democr\u00e1tica Interamericana e a falta de legitimidade das elei\u00e7\u00f5es presidenciais realizadas no m\u00eas de maio.<\/p>\n<p style=\"text-align: justify\">(D) A situa\u00e7\u00e3o extrema de pobreza no pa\u00eds e o aumento da mortalidade infantil e da dissemina\u00e7\u00e3o de doen\u00e7as tropicais.<\/p>\n<p style=\"text-align: justify\">(E) A presen\u00e7a, no interior da oposi\u00e7\u00e3o venezuelana, de grupos antidemocr\u00e1ticos e as sucessivas tentativas de golpe contra o presidente.<\/p>\n<p style=\"text-align: center\"><strong><u>COMENT\u00c1RIOS:<\/u><\/strong><\/p>\n<p style=\"text-align: justify\">A Venezuela \u00e9 questionada por diversos pa\u00edses e pelo Secret\u00e1rio Geral da (Organiza\u00e7\u00e3o dos Estados Americanos) OEA em fun\u00e7\u00e3o da situa\u00e7\u00e3o da democracia no pa\u00eds. Para esses atores pol\u00edticos a democracia est\u00e1 violada no pa\u00eds e a elei\u00e7\u00e3o que reelegeu o presidente Nicol\u00e1s Maduro, em maio de 2018, foi ileg\u00edtima, pois n\u00e3o teria sido um processo eleitoral livre. Na Assembleia da organiza\u00e7\u00e3o, realizada em junho de 2018, foi aprovada uma resolu\u00e7\u00e3o que pode levar a expuls\u00e3o da Venezuela da OEA.<\/p>\n<p style=\"text-align: justify\">Pela Carta Democr\u00e1tica Interamericana, para um pa\u00eds ser membro da OEA ele deve ser uma democracia. Diante das muitas cr\u00edticas que vem sofrendo e de movimenta\u00e7\u00f5es para punir o pa\u00eds no \u00e2mbito da organiza\u00e7\u00e3o, a Venezuela solicitou a sua sa\u00edda da entidade regional em abril de 2017. Pelo regulamento da organiza\u00e7\u00e3o a sa\u00edda n\u00e3o \u00e9 imediata e ser\u00e1 efetivada em abril de 2019.<\/p>\n<p style=\"text-align: justify\"><strong>Gabarito: C<\/strong><\/p>\n<p>&nbsp;<\/p>\n<ol style=\"text-align: justify\" start=\"74\">\n<li>O governo foi destitu\u00eddo por vota\u00e7\u00e3o parlamentar nesta sexta-feira [1o de junho] devido a um vultoso esc\u00e2ndalo de corrup\u00e7\u00e3o semelhante \u00e0quele investigado no Brasil pela Opera\u00e7\u00e3o Lava Jato. Deputados aprovaram pela maioria absoluta de 180 votos, em uma C\u00e2mara de 350 cadeiras, a mo\u00e7\u00e3o de censura contra o premi\u00ea do conservador Partido Popular. Diversas figuras de sua sigla, incluindo o ex-tesoureiro, estavam ligadas a um esquema de venda de contratos p\u00fablicos. A mo\u00e7\u00e3o fora apresentada na v\u00e9spera pelo l\u00edder opositor.<\/li>\n<\/ol>\n<p style=\"text-align: justify\">(Folha de S. Paulo, 01.06.18. Dispon\u00edvel em: https:\/\/goo.gl\/uDrwyb. Adaptado)<\/p>\n<p style=\"text-align: justify\">A not\u00edcia trata da destitui\u00e7\u00e3o do governo<\/p>\n<p style=\"text-align: justify\">(A) espanhol.<\/p>\n<p style=\"text-align: justify\">(B) ingl\u00eas.<\/p>\n<p style=\"text-align: justify\">(C) portugu\u00eas.<\/p>\n<p style=\"text-align: justify\">(D) franc\u00eas.<\/p>\n<p style=\"text-align: justify\">(E) italiano.<\/p>\n<p style=\"text-align: center\"><strong><u>COMENT\u00c1RIOS:<\/u><\/strong><\/p>\n<p style=\"text-align: justify\">A not\u00edcia trata da destitui\u00e7\u00e3o de Mariano Rajoy do cargo de primeiro-ministro da Espanha. Deputados aprovaram pela maioria absoluta de 180 votos, em uma C\u00e2mara de 350 cadeiras, a mo\u00e7\u00e3o de censura contra o premi\u00ea, que levou a sua queda.<\/p>\n<p style=\"text-align: justify\">A mo\u00e7\u00e3o foi aprovada devido a um rumoroso caso de corrup\u00e7\u00e3o em que est\u00e1 envolvido o Partido Popular (PP), sigla de Rajoy. No seu lugar, assumiu Pedro S\u00e1nchez, do ent\u00e3o opositor Partido Socialista Oper\u00e1rio Espanhol (PSOE).<\/p>\n<p style=\"text-align: justify\"><strong>Gabarito: A<\/strong><\/p>\n<p>&nbsp;<\/p>\n<ol style=\"text-align: justify\" start=\"75\">\n<li>Por unanimidade, o Banco Central manteve os juros b\u00e1sicos da economia em 6,5% ao ano, ao mesmo tempo em que sinalizou o fim do ciclo de cortes no juro iniciado em outubro de 2016.<\/li>\n<\/ol>\n<p style=\"text-align: justify\">(Folha de S. Paulo, 17.05.18. Dispon\u00edvel em: https:\/\/goo.gl\/x3xnz4. Adaptado)<\/p>\n<p style=\"text-align: justify\">Uma das raz\u00f5es para a manuten\u00e7\u00e3o dos juros b\u00e1sicos no Brasil \u00e9<\/p>\n<p style=\"text-align: justify\">(A) a crescente gera\u00e7\u00e3o de emprego.<\/p>\n<p style=\"text-align: justify\">(B) a tend\u00eancia de valoriza\u00e7\u00e3o do d\u00f3lar.<\/p>\n<p style=\"text-align: justify\">(C) o aumento expressivo da inadimpl\u00eancia.<\/p>\n<p style=\"text-align: justify\">(D) o cen\u00e1rio de recess\u00e3o econ\u00f4mica.<\/p>\n<p style=\"text-align: justify\">(E) a perspectiva de espiral inflacion\u00e1ria.<\/p>\n<p style=\"text-align: center\"><strong><u>COMENT\u00c1RIOS:<\/u><\/strong><\/p>\n<p style=\"text-align: justify\">A taxa b\u00e1sica de juros foi reduzida sucessivamente pelo Comit\u00ea de Pol\u00edtica Monet\u00e1ria (Copom) do Banco Central (BC) por um ciclo de 12 cortes, de outubro de 2016 a mar\u00e7o de 2018. Na reuni\u00e3o de maio de 2018, o Copom decidiu manter a taxa Selic em 6,5%. A decis\u00e3o teve como base a alta do d\u00f3lar, que tem causado uma forte desvaloriza\u00e7\u00e3o do real frente a essa moeda.<\/p>\n<p style=\"text-align: justify\">A defini\u00e7\u00e3o da taxa de juros pelo Copom do Banco Central tem como foco o cumprimento da meta de infla\u00e7\u00e3o, fixada pelo Conselho Monet\u00e1rio Nacional (CMN). Para 2018, a meta central de infla\u00e7\u00e3o \u00e9 de 4,5%, mas o sistema permite uma margem de toler\u00e2ncia e a meta n\u00e3o ser\u00e1, formalmente, considerada descumprida caso fique entre 3,0% e 6,0%.<\/p>\n<p style=\"text-align: justify\">Quando as estimativas para a infla\u00e7\u00e3o est\u00e3o em linha com as metas predeterminadas pelo CMN, o BC reduz os juros. Por outro lado, quando a infla\u00e7\u00e3o est\u00e1 alta ou as estimativas indicam que ela vai subir, o BC eleva a Selic. O objetivo \u00e9 que os juros cobrados pelos bancos tamb\u00e9m subam, ou seja, que o cr\u00e9dito fique mais caro e, com isso, freie o consumo, fazendo a infla\u00e7\u00e3o cair. Essa medida, por\u00e9m, afeta a economia e gera desemprego.<\/p>\n<p style=\"text-align: justify\">O aumento do d\u00f3lar pode encarecer produtos e servi\u00e7os importados consumidos no Brasil e pressionar a infla\u00e7\u00e3o. Como a\u00a0<strong>desvaloriza\u00e7\u00e3o do real frente ao d\u00f3lar,\u00a0<\/strong>ocorrida antes da reuni\u00e3o de maio de 2018, tamb\u00e9m pressiona os pre\u00e7os, o Copom avaliou que era preciso agir para impedir isso e decidiu por n\u00e3o fazer um novo corte da taxa Selic, como era esperado por analistas do mercado financeiro, mas pela sua manuten\u00e7\u00e3o no mesmo patamar deliberado na reuni\u00e3o de fevereiro de 2018, ou seja, de 6,5%.<\/p>\n<p style=\"text-align: justify\"><strong>Gabarito: B<\/strong><\/p>\n<p>&nbsp;<\/p>\n<ol style=\"text-align: justify\" start=\"76\">\n<li>A Liga Jur\u00eddica Estadual do Rio de Janeiro puniu a Atl\u00e9tica de Direito da Pontif\u00edcia Universidade Cat\u00f3lica do Rio de Janeiro (Puc-Rio) depois de den\u00fancias envolvendo alunos da faculdade de direito durante os Jogos Jur\u00eddicos Estaduais de 2018, em Petr\u00f3polis, na Regi\u00e3o Serrana do Rio. A pol\u00edcia investiga o caso.<\/li>\n<\/ol>\n<p style=\"text-align: justify\">(G1, 04.06.18. Dispon\u00edvel em: https:\/\/goo.gl\/rVdCjV. Adaptado)<\/p>\n<p style=\"text-align: justify\">Os estudantes da Puc-Rio foram denunciados por<\/p>\n<p style=\"text-align: justify\">(A) racismo.<\/p>\n<p style=\"text-align: justify\">(B) machismo.<\/p>\n<p style=\"text-align: justify\">(C) intoler\u00e2ncia religiosa.<\/p>\n<p style=\"text-align: justify\">(D) homofobia.<\/p>\n<p style=\"text-align: justify\">(E) xenofobia.<\/p>\n<p style=\"text-align: center\"><strong><u>COMENT\u00c1RIOS:<\/u><\/strong><\/p>\n<p style=\"text-align: justify\">Os estudantes da Puc-Rio foram denunciados por atos racistas. Torcida da PUC-Rio teria atirado casca de banana contra aluno negro e imitado macacos para ofender torcedores negros. <strong>Gabarito: A<\/strong><\/p>\n<p>&nbsp;<\/p>\n<ol style=\"text-align: justify\" start=\"77\">\n<li>A paralisa\u00e7\u00e3o dos caminhoneiros vem perdendo for\u00e7a e d\u00e1 claros sinais de que est\u00e1 pr\u00f3xima do fim. A Pol\u00edcia Federal Rodovi\u00e1ria (PRF) notificou nesta quinta-feira, 31 de maio, uma grande redu\u00e7\u00e3o dos pontos de concentra\u00e7\u00e3o nas rodovias federais. Em todos os Estados, a vida come\u00e7a a voltar ao ritmo normal.<\/li>\n<\/ol>\n<p style=\"text-align: justify\">(Exame, 31.05.18. Dispon\u00edvel em: https:\/\/goo.gl\/JsGcc2. Adaptado)<\/p>\n<p style=\"text-align: justify\">A paralisa\u00e7\u00e3o dos caminhoneiros evidenciou<\/p>\n<p style=\"text-align: justify\">(A) a for\u00e7a do transporte a\u00e9reo de cargas na reposi\u00e7\u00e3o dos estoques.<\/p>\n<p style=\"text-align: justify\">(B) a perda de import\u00e2ncia dos derivados de petr\u00f3leo no abastecimento.<\/p>\n<p style=\"text-align: justify\">(C) a depend\u00eancia da economia brasileira em rela\u00e7\u00e3o ao rodoviarismo.<\/p>\n<p style=\"text-align: justify\">(D) a relev\u00e2ncia e a extens\u00e3o da malha ferrovi\u00e1ria no Brasil.<\/p>\n<p style=\"text-align: justify\">(E) o investimento crescente do Brasil no transporte fluvial.<\/p>\n<p style=\"text-align: center\"><strong><u>COMENT\u00c1RIOS:<\/u><\/strong><\/p>\n<p style=\"text-align: justify\">A paralisa\u00e7\u00e3o dos caminhoneiros evidenciou a depend\u00eancia da economia brasileira em rela\u00e7\u00e3o ao transporte rodovi\u00e1rio de cargas, denominada de rodoviarismo. Pela via rodovi\u00e1ria s\u00e3o transportadas grande parte das cargas e de passageiros no Brasil.<\/p>\n<p style=\"text-align: justify\">O modal rodovi\u00e1rio apresenta vantagens em curtas dist\u00e2ncias, mas \u00e9 ruim em longas dist\u00e2ncias, quando o custo passa a ser muito elevado. Para um pa\u00eds de dimens\u00f5es continentais com o Brasil, isso \u00e9 p\u00e9ssimo. Outros tipos de transportes que apresentam melhor custo-benef\u00edcio em longas dist\u00e2ncias foram colocados em segundo plano, como as ferrovias e as hidrovias. A depend\u00eancia de um \u00fanico modal n\u00e3o \u00e9 ruim s\u00f3 para a economia, mas tamb\u00e9m \u00e9 prejudicial para o abastecimento interno em casos de paralisa\u00e7\u00e3o, como ocorreu na greve dos caminhoneiros, ou em poss\u00edveis outros casos extremos que possam vir a prejudicar a fluidez nas estradas.<\/p>\n<p style=\"text-align: justify\"><strong>Gabarito: C<\/strong><\/p>\n<p>&nbsp;<\/p>\n<ol style=\"text-align: justify\" start=\"78\">\n<li>O Fundo Monet\u00e1rio Internacional (FMI) avalia como avan\u00e7adas as negocia\u00e7\u00f5es para um acordo com a Argentina, que solicitou uma linha de cr\u00e9dito \u201cstand-by\u201d para combater uma recente adversidade no pa\u00eds e seguir adiante com as reformas econ\u00f4micas do governo do presidente Mauricio Macri.<\/li>\n<\/ol>\n<p style=\"text-align: justify\">(Valor, 04.06.18. Dispon\u00edvel em: https:\/\/goo.gl\/QLCfJU. Adaptado)<\/p>\n<p style=\"text-align: justify\">Um dos problemas enfrentados pela economia argentina no primeiro semestre de 2018 teve origem<\/p>\n<p style=\"text-align: justify\">(A) no forte aumento dos juros.<\/p>\n<p style=\"text-align: justify\">(B) na crise cambial.<\/p>\n<p style=\"text-align: justify\">(C) no calote da d\u00edvida externa.<\/p>\n<p style=\"text-align: justify\">(D) na valoriza\u00e7\u00e3o do Peso.<\/p>\n<p style=\"text-align: justify\">(E) na crise deflacion\u00e1ria.<\/p>\n<p style=\"text-align: center\"><strong><u>COMENT\u00c1RIOS:<\/u><\/strong><\/p>\n<p style=\"text-align: justify\">A Argentina est\u00e1 em meio \u00e0 uma turbul\u00eancia financeira. Inicialmente, a crise provocou uma forte desvaloriza\u00e7\u00e3o da moeda, e posteriormente, houve uma acentuada eleva\u00e7\u00e3o dos juros. A origem do problema est\u00e1, portanto, na crise cambial, isto \u00e9, na desvaloriza\u00e7\u00e3o de sua moeda. Chama-se taxa de c\u00e2mbio a rela\u00e7\u00e3o entre moedas de dois pa\u00edses que se expressa no pre\u00e7o de uma moeda estrangeira (medido em unidades ou fra\u00e7\u00f5es da moeda nacional).<\/p>\n<p style=\"text-align: justify\"><strong>Gabarito: B<\/strong><\/p>\n<p>&nbsp;<\/p>\n<ol style=\"text-align: justify\" start=\"79\">\n<li>Bra\u00e7o direito de Ra\u00fal Castro, Miguel D\u00edaz-Canel foi confirmado como l\u00edder de Cuba, colocando fim a quase 60 anos de era Castro. O pol\u00edtico recebeu quase 100% dos votos na Assembleia Nacional, que confirmou nesta quinta-feira [19 de abril] a sua elei\u00e7\u00e3o para substituir Ra\u00fal Castro na presid\u00eancia do pa\u00eds.<\/li>\n<\/ol>\n<p style=\"text-align: justify\">(Terra, 19.04.18. Dispon\u00edvel em: https:\/\/goo.gl\/dfbYtj. Adaptado)<\/p>\n<p style=\"text-align: justify\">Entre as principais marcas da elei\u00e7\u00e3o do novo presidente de Cuba, \u00e9 correto assinalar que D\u00edaz-Canel<\/p>\n<p style=\"text-align: justify\">(A) n\u00e3o pertence \u00e0 gera\u00e7\u00e3o que participou da Revolu\u00e7\u00e3o Cubana de 1959.<\/p>\n<p style=\"text-align: justify\">(B) \u00e9 favor\u00e1vel \u00e0 abertura pol\u00edtica e econ\u00f4mica de Cuba.<\/p>\n<p style=\"text-align: justify\">(C) defende o aprofundamento dos la\u00e7os entre Cuba e os EUA.<\/p>\n<p style=\"text-align: justify\">(D) vinculou-se, apenas recentemente, ao Partido Comunista Cubano.<\/p>\n<p style=\"text-align: justify\">(E) acumular\u00e1 a presid\u00eancia e o comando direto do Partido Comunista<\/p>\n<p style=\"text-align: center\"><strong><u>COMENT\u00c1RIOS:<\/u><\/strong><\/p>\n<p style=\"text-align: justify\">O novo presidente de Cuba, Miguel D\u00edaz-Canel, n\u00e3o pertence \u00e0 gera\u00e7\u00e3o que participou da Revolu\u00e7\u00e3o Cubana de 1959. Ele ser\u00e1 a primeira pessoa de fora da fam\u00edlia Castro a comandar o pa\u00eds em quase 60 anos, desde a chegada ao poder do movimento guerrilheiro liderado por Fidel Castro. \u00a0Canel n\u00e3o \u00e9 militar, \u00e9 um civil, e \u00e9 um membro antigo do Partido Comunista Cubano. N\u00e3o exercer\u00e1 o comando desse partido, que continuar\u00e1 com o ex-presidente Ra\u00fal Castro. Ele \u00e9 vinculado ao ex-presidente e, segundo analistas, seguir\u00e1 a linha de governo do antecessor. Assim, n\u00e3o se pode afirmar que \u00e9 favor\u00e1vel \u00e0 abertura pol\u00edtica e econ\u00f4mica de Cuba. Tamb\u00e9m n\u00e3o se manifestou pelo aprofundamento dos la\u00e7os entre Cuba e os EUA.<\/p>\n<p style=\"text-align: justify\"><strong>Gabarito: A<\/strong><\/p>\n<p>&nbsp;<\/p>\n<ol style=\"text-align: justify\" start=\"80\">\n<li>Na \u00faltima quinta-feira [26 de abril], um representante do escrit\u00f3rio de com\u00e9rcio dos EUA ligou para um negociador do governo brasileiro e avisou: voc\u00eas t\u00eam 24 horas para aceitar nossa proposta de limita\u00e7\u00e3o de exporta\u00e7\u00f5es. O tamanho das cotas, considerado inaceit\u00e1vel pelo governo brasileiro, vinha sendo discutido entre Bras\u00edlia e Washington, mas, naquele telefonema, o emiss\u00e1rio do governo Donald Trump deixou claro que a negocia\u00e7\u00e3o havia acabado. O Brasil, levando em conta o total de exporta\u00e7\u00f5es de a\u00e7o (acabados e semi), ter\u00e1 de reduzir em 12% em rela\u00e7\u00e3o ao total de 2017 para ficar dentro do limite de 4,1 milh\u00f5es de toneladas.<\/li>\n<\/ol>\n<p style=\"text-align: justify\">(Folha de S. Paulo, 03.04.18. Dispon\u00edvel em: https:\/\/goo.gl\/z9FJ5d. Adaptado)<\/p>\n<p style=\"text-align: justify\">Antes do fim das negocia\u00e7\u00f5es, o governo norte-americano amea\u00e7ava<\/p>\n<p style=\"text-align: justify\">(A) bloquear a importa\u00e7\u00e3o de a\u00e7o e alum\u00ednio de origem brasileira.<\/p>\n<p style=\"text-align: justify\">(B) subsidiar o aumento da produ\u00e7\u00e3o norte-americana de a\u00e7o e alum\u00ednio.<\/p>\n<p style=\"text-align: justify\">(C) prejudicar o Brasil por meio de taxas alfandeg\u00e1rias sobre produtos agr\u00edcolas.<\/p>\n<p style=\"text-align: justify\">(D) substituir o a\u00e7o e o alum\u00ednio brasileiros por produtos chineses.<\/p>\n<p style=\"text-align: justify\">(E) sobretaxar o a\u00e7o e o alum\u00ednio fabricados no Brasil e exportados aos EUA.<\/p>\n<p style=\"text-align: center\"><strong><u>COMENT\u00c1RIOS:<\/u><\/strong><\/p>\n<p style=\"text-align: justify\">Antes do fim das negocia\u00e7\u00f5es, o governo norte-americano havia aplicado sobretaxas de 25% sobre o a\u00e7o e 10% sobre o alum\u00ednio que o Brasil e outros pa\u00edses exportam para os EUA. As sobretaxas foram suspensas para que houvesse uma negocia\u00e7\u00e3o entre o Brasil e o governo americano. Como o enunciado informa, em rela\u00e7\u00e3o ao a\u00e7o, o Brasil aceitou uma quota de exporta\u00e7\u00e3o, em vez da sobretaxa em rela\u00e7\u00e3o ao a\u00e7o. A quota \u00e9 menor do que foi exportado de a\u00e7o no ano de 2017.<\/p>\n<p style=\"text-align: justify\">O setor de alum\u00ednio brasileiro, por sua vez, preferiu a sobretaxa de 10% em vez de quotas de exporta\u00e7\u00e3o.<\/p>\n<p style=\"text-align: justify\"><strong>Gabarito: E<\/strong><\/p>\n","protected":false},"excerpt":{"rendered":"<p>Ol\u00e1 pessoal, Na segunda-feira n\u00e3o estava bem de sa\u00fade, por isso n\u00e3o participei da corre\u00e7\u00e3o da prova ao vivo realizada pelo Estrat\u00e9gia Concursos. Seguem os meus coment\u00e1rios \u00e0s quest\u00f5es da prova. Foi uma prova equilibrada com quest\u00f5es de padr\u00e3o f\u00e1cil, m\u00e9dio e dif\u00edcil com tr\u00eas quest\u00f5es de maior dificuldade, daquelas que o examinador coloca para [&hellip;]<\/p>\n","protected":false},"author":306,"featured_media":0,"comment_status":"open","ping_status":"closed","sticky":false,"template":"","format":"standard","meta":{"post_tipo":"article","footnotes":""},"categories":[1,1988],"tags":[549,3756],"tax_estado":[],"class_list":["post-130656","post","type-post","status-publish","format-standard","hentry","category-cursos-e-concursos","category-policia","tag-atualidades","tag-leandro-signori"],"acf":[],"yoast_head":"<!-- This site is optimized with the Yoast SEO Premium plugin v27.2 (Yoast SEO v27.2) - https:\/\/yoast.com\/product\/yoast-seo-premium-wordpress\/ -->\n<title>PC\/SP - Agepol - Coment\u00e1rios \u00e0 prova de Atualidades<\/title>\n<meta name=\"robots\" content=\"index, follow, max-snippet:-1, max-image-preview:large, max-video-preview:-1\" \/>\n<link rel=\"canonical\" href=\"https:\/\/www.estrategiaconcursos.com.br\/blog\/pc-sp-agepol-comentarios-prova-de-atualidades\/\" \/>\n<meta property=\"og:locale\" content=\"pt_BR\" \/>\n<meta property=\"og:type\" content=\"article\" \/>\n<meta property=\"og:title\" content=\"PC\/SP - Agepol - Coment\u00e1rios \u00e0 prova de Atualidades\" \/>\n<meta property=\"og:description\" content=\"Ol\u00e1 pessoal, Na segunda-feira n\u00e3o estava bem de sa\u00fade, por isso n\u00e3o participei da corre\u00e7\u00e3o da prova ao vivo realizada pelo Estrat\u00e9gia Concursos. Seguem os meus coment\u00e1rios \u00e0s quest\u00f5es da prova. Foi uma prova equilibrada com quest\u00f5es de padr\u00e3o f\u00e1cil, m\u00e9dio e dif\u00edcil com tr\u00eas quest\u00f5es de maior dificuldade, daquelas que o examinador coloca para [&hellip;]\" \/>\n<meta property=\"og:url\" content=\"https:\/\/www.estrategiaconcursos.com.br\/blog\/pc-sp-agepol-comentarios-prova-de-atualidades\/\" \/>\n<meta property=\"og:site_name\" content=\"Estrat\u00e9gia Concursos\" \/>\n<meta property=\"article:author\" content=\"https:\/\/www.facebook.com\/leandrosignoriatualidades\/\" \/>\n<meta property=\"article:published_time\" content=\"2018-07-12T07:38:52+00:00\" \/>\n<meta name=\"author\" content=\"Leandro Signori\" \/>\n<meta name=\"twitter:card\" content=\"summary_large_image\" \/>\n<meta name=\"twitter:creator\" content=\"@EstratConcursos\" \/>\n<meta name=\"twitter:site\" content=\"@EstratConcursos\" \/>\n<meta name=\"twitter:label1\" content=\"Escrito por\" \/>\n\t<meta name=\"twitter:data1\" content=\"Leandro Signori\" \/>\n\t<meta name=\"twitter:label2\" content=\"Est. tempo de leitura\" \/>\n\t<meta name=\"twitter:data2\" content=\"14 minutos\" \/>\n<script type=\"application\/ld+json\" class=\"yoast-schema-graph\">{\"@context\":\"https:\/\/schema.org\",\"@graph\":[{\"@type\":\"NewsArticle\",\"@id\":\"https:\/\/www.estrategiaconcursos.com.br\/blog\/pc-sp-agepol-comentarios-prova-de-atualidades\/#article\",\"isPartOf\":{\"@id\":\"https:\/\/www.estrategiaconcursos.com.br\/blog\/pc-sp-agepol-comentarios-prova-de-atualidades\/\"},\"author\":{\"name\":\"Leandro Signori\",\"@id\":\"https:\/\/www.estrategiaconcursos.com.br\/blog\/#\/schema\/person\/d2e7d78de4b9d6ba51cc24fd558a7f42\"},\"headline\":\"PC\/SP &#8211; Agepol &#8211; Coment\u00e1rios \u00e0 prova de Atualidades\",\"datePublished\":\"2018-07-12T07:38:52+00:00\",\"mainEntityOfPage\":{\"@id\":\"https:\/\/www.estrategiaconcursos.com.br\/blog\/pc-sp-agepol-comentarios-prova-de-atualidades\/\"},\"wordCount\":2771,\"commentCount\":0,\"publisher\":{\"@id\":\"https:\/\/www.estrategiaconcursos.com.br\/blog\/#organization\"},\"keywords\":[\"Atualidades\",\"Leandro Signori\"],\"articleSection\":[\"Concursos P\u00fablicos\",\"Policial (Agente, Escriv\u00e3o e Investigador)\"],\"inLanguage\":\"pt-BR\",\"potentialAction\":[{\"@type\":\"CommentAction\",\"name\":\"Comment\",\"target\":[\"https:\/\/www.estrategiaconcursos.com.br\/blog\/pc-sp-agepol-comentarios-prova-de-atualidades\/#respond\"]}],\"copyrightYear\":\"2018\",\"copyrightHolder\":{\"@id\":\"https:\/\/www.estrategiaconcursos.com.br\/blog\/#organization\"}},{\"@type\":\"WebPage\",\"@id\":\"https:\/\/www.estrategiaconcursos.com.br\/blog\/pc-sp-agepol-comentarios-prova-de-atualidades\/\",\"url\":\"https:\/\/www.estrategiaconcursos.com.br\/blog\/pc-sp-agepol-comentarios-prova-de-atualidades\/\",\"name\":\"PC\/SP - Agepol - Coment\u00e1rios \u00e0 prova de Atualidades\",\"isPartOf\":{\"@id\":\"https:\/\/www.estrategiaconcursos.com.br\/blog\/#website\"},\"datePublished\":\"2018-07-12T07:38:52+00:00\",\"breadcrumb\":{\"@id\":\"https:\/\/www.estrategiaconcursos.com.br\/blog\/pc-sp-agepol-comentarios-prova-de-atualidades\/#breadcrumb\"},\"inLanguage\":\"pt-BR\",\"potentialAction\":[{\"@type\":\"ReadAction\",\"target\":[\"https:\/\/www.estrategiaconcursos.com.br\/blog\/pc-sp-agepol-comentarios-prova-de-atualidades\/\"]}]},{\"@type\":\"BreadcrumbList\",\"@id\":\"https:\/\/www.estrategiaconcursos.com.br\/blog\/pc-sp-agepol-comentarios-prova-de-atualidades\/#breadcrumb\",\"itemListElement\":[{\"@type\":\"ListItem\",\"position\":1,\"name\":\"In\u00edcio\",\"item\":\"https:\/\/www.estrategiaconcursos.com.br\/blog\/\"},{\"@type\":\"ListItem\",\"position\":2,\"name\":\"PC\/SP &#8211; Agepol &#8211; Coment\u00e1rios \u00e0 prova de Atualidades\"}]},{\"@type\":\"WebSite\",\"@id\":\"https:\/\/www.estrategiaconcursos.com.br\/blog\/#website\",\"url\":\"https:\/\/www.estrategiaconcursos.com.br\/blog\/\",\"name\":\"Estrat\u00e9gia Concursos\",\"description\":\"O blog da Estrat\u00e9gia Concursos traz not\u00edcias sobre concursos e artigos de professores oferecendo cursos para concursos (pdf + videaulas) no site.\",\"publisher\":{\"@id\":\"https:\/\/www.estrategiaconcursos.com.br\/blog\/#organization\"},\"potentialAction\":[{\"@type\":\"SearchAction\",\"target\":{\"@type\":\"EntryPoint\",\"urlTemplate\":\"https:\/\/www.estrategiaconcursos.com.br\/blog\/?s={search_term_string}\"},\"query-input\":{\"@type\":\"PropertyValueSpecification\",\"valueRequired\":true,\"valueName\":\"search_term_string\"}}],\"inLanguage\":\"pt-BR\"},{\"@type\":\"Organization\",\"@id\":\"https:\/\/www.estrategiaconcursos.com.br\/blog\/#organization\",\"name\":\"Estrat\u00e9gia Concursos\",\"url\":\"https:\/\/www.estrategiaconcursos.com.br\/blog\/\",\"logo\":{\"@type\":\"ImageObject\",\"inLanguage\":\"pt-BR\",\"@id\":\"https:\/\/www.estrategiaconcursos.com.br\/blog\/#\/schema\/logo\/image\/\",\"url\":\"https:\/\/dhg1h5j42swfq.cloudfront.net\/2025\/06\/03203428\/logo_concursos-1.jpg\",\"contentUrl\":\"https:\/\/dhg1h5j42swfq.cloudfront.net\/2025\/06\/03203428\/logo_concursos-1.jpg\",\"width\":230,\"height\":60,\"caption\":\"Estrat\u00e9gia Concursos\"},\"image\":{\"@id\":\"https:\/\/www.estrategiaconcursos.com.br\/blog\/#\/schema\/logo\/image\/\"},\"sameAs\":[\"https:\/\/x.com\/EstratConcursos\"]},{\"@type\":\"Person\",\"@id\":\"https:\/\/www.estrategiaconcursos.com.br\/blog\/#\/schema\/person\/d2e7d78de4b9d6ba51cc24fd558a7f42\",\"name\":\"Leandro Signori\",\"image\":{\"@type\":\"ImageObject\",\"inLanguage\":\"pt-BR\",\"@id\":\"https:\/\/secure.gravatar.com\/avatar\/aa2ef98e93764dcf1758f52d2792d4b3e4089ee25bc520608dde62ad802ae541?s=96&d=mm&r=g\",\"url\":\"https:\/\/secure.gravatar.com\/avatar\/aa2ef98e93764dcf1758f52d2792d4b3e4089ee25bc520608dde62ad802ae541?s=96&d=mm&r=g\",\"contentUrl\":\"https:\/\/secure.gravatar.com\/avatar\/aa2ef98e93764dcf1758f52d2792d4b3e4089ee25bc520608dde62ad802ae541?s=96&d=mm&r=g\",\"caption\":\"Leandro Signori\"},\"description\":\"Licenciado em Geografia pela Universidade Federal do Rio Grande do Sul (UFRGS) e Bacharel em Geografia pela Uniceub (Bras\u00edlia). Como servidor p\u00fablico, foi funcion\u00e1rio da Prefeitura de S\u00e3o Leopoldo (RS), Prefeitura de Porto Alegre (RS), Companhia Riograndense de Saneamento (Corsan) e Minist\u00e9rio da Integra\u00e7\u00e3o Nacional. \u00c9 professor de Geografia para o ensino m\u00e9dio na rede particular de ensino. Leciona as disciplinas de Atualidades, Conhecimentos Gerais, Geografia, Realidade Brasileira e Hist\u00f3ria, em cursos on line e presenciais preparat\u00f3rios para concursos p\u00fablicos.\",\"sameAs\":[\"https:\/\/www.facebook.com\/leandrosignoriatualidades\/\"],\"url\":\"https:\/\/www.estrategiaconcursos.com.br\/blog\/author\/leandroestrategiaconcursos-com-br\/\"}]}<\/script>\n<!-- \/ Yoast SEO Premium plugin. -->","yoast_head_json":{"title":"PC\/SP - Agepol - Coment\u00e1rios \u00e0 prova de Atualidades","robots":{"index":"index","follow":"follow","max-snippet":"max-snippet:-1","max-image-preview":"max-image-preview:large","max-video-preview":"max-video-preview:-1"},"canonical":"https:\/\/www.estrategiaconcursos.com.br\/blog\/pc-sp-agepol-comentarios-prova-de-atualidades\/","og_locale":"pt_BR","og_type":"article","og_title":"PC\/SP - Agepol - Coment\u00e1rios \u00e0 prova de Atualidades","og_description":"Ol\u00e1 pessoal, Na segunda-feira n\u00e3o estava bem de sa\u00fade, por isso n\u00e3o participei da corre\u00e7\u00e3o da prova ao vivo realizada pelo Estrat\u00e9gia Concursos. Seguem os meus coment\u00e1rios \u00e0s quest\u00f5es da prova. Foi uma prova equilibrada com quest\u00f5es de padr\u00e3o f\u00e1cil, m\u00e9dio e dif\u00edcil com tr\u00eas quest\u00f5es de maior dificuldade, daquelas que o examinador coloca para [&hellip;]","og_url":"https:\/\/www.estrategiaconcursos.com.br\/blog\/pc-sp-agepol-comentarios-prova-de-atualidades\/","og_site_name":"Estrat\u00e9gia Concursos","article_author":"https:\/\/www.facebook.com\/leandrosignoriatualidades\/","article_published_time":"2018-07-12T07:38:52+00:00","author":"Leandro Signori","twitter_card":"summary_large_image","twitter_creator":"@EstratConcursos","twitter_site":"@EstratConcursos","twitter_misc":{"Escrito por":"Leandro Signori","Est. tempo de leitura":"14 minutos"},"schema":{"@context":"https:\/\/schema.org","@graph":[{"@type":"NewsArticle","@id":"https:\/\/www.estrategiaconcursos.com.br\/blog\/pc-sp-agepol-comentarios-prova-de-atualidades\/#article","isPartOf":{"@id":"https:\/\/www.estrategiaconcursos.com.br\/blog\/pc-sp-agepol-comentarios-prova-de-atualidades\/"},"author":{"name":"Leandro Signori","@id":"https:\/\/www.estrategiaconcursos.com.br\/blog\/#\/schema\/person\/d2e7d78de4b9d6ba51cc24fd558a7f42"},"headline":"PC\/SP &#8211; Agepol &#8211; Coment\u00e1rios \u00e0 prova de Atualidades","datePublished":"2018-07-12T07:38:52+00:00","mainEntityOfPage":{"@id":"https:\/\/www.estrategiaconcursos.com.br\/blog\/pc-sp-agepol-comentarios-prova-de-atualidades\/"},"wordCount":2771,"commentCount":0,"publisher":{"@id":"https:\/\/www.estrategiaconcursos.com.br\/blog\/#organization"},"keywords":["Atualidades","Leandro Signori"],"articleSection":["Concursos P\u00fablicos","Policial (Agente, Escriv\u00e3o e Investigador)"],"inLanguage":"pt-BR","potentialAction":[{"@type":"CommentAction","name":"Comment","target":["https:\/\/www.estrategiaconcursos.com.br\/blog\/pc-sp-agepol-comentarios-prova-de-atualidades\/#respond"]}],"copyrightYear":"2018","copyrightHolder":{"@id":"https:\/\/www.estrategiaconcursos.com.br\/blog\/#organization"}},{"@type":"WebPage","@id":"https:\/\/www.estrategiaconcursos.com.br\/blog\/pc-sp-agepol-comentarios-prova-de-atualidades\/","url":"https:\/\/www.estrategiaconcursos.com.br\/blog\/pc-sp-agepol-comentarios-prova-de-atualidades\/","name":"PC\/SP - Agepol - Coment\u00e1rios \u00e0 prova de Atualidades","isPartOf":{"@id":"https:\/\/www.estrategiaconcursos.com.br\/blog\/#website"},"datePublished":"2018-07-12T07:38:52+00:00","breadcrumb":{"@id":"https:\/\/www.estrategiaconcursos.com.br\/blog\/pc-sp-agepol-comentarios-prova-de-atualidades\/#breadcrumb"},"inLanguage":"pt-BR","potentialAction":[{"@type":"ReadAction","target":["https:\/\/www.estrategiaconcursos.com.br\/blog\/pc-sp-agepol-comentarios-prova-de-atualidades\/"]}]},{"@type":"BreadcrumbList","@id":"https:\/\/www.estrategiaconcursos.com.br\/blog\/pc-sp-agepol-comentarios-prova-de-atualidades\/#breadcrumb","itemListElement":[{"@type":"ListItem","position":1,"name":"In\u00edcio","item":"https:\/\/www.estrategiaconcursos.com.br\/blog\/"},{"@type":"ListItem","position":2,"name":"PC\/SP &#8211; Agepol &#8211; Coment\u00e1rios \u00e0 prova de Atualidades"}]},{"@type":"WebSite","@id":"https:\/\/www.estrategiaconcursos.com.br\/blog\/#website","url":"https:\/\/www.estrategiaconcursos.com.br\/blog\/","name":"Estrat\u00e9gia Concursos","description":"O blog da Estrat\u00e9gia Concursos traz not\u00edcias sobre concursos e artigos de professores oferecendo cursos para concursos (pdf + videaulas) no site.","publisher":{"@id":"https:\/\/www.estrategiaconcursos.com.br\/blog\/#organization"},"potentialAction":[{"@type":"SearchAction","target":{"@type":"EntryPoint","urlTemplate":"https:\/\/www.estrategiaconcursos.com.br\/blog\/?s={search_term_string}"},"query-input":{"@type":"PropertyValueSpecification","valueRequired":true,"valueName":"search_term_string"}}],"inLanguage":"pt-BR"},{"@type":"Organization","@id":"https:\/\/www.estrategiaconcursos.com.br\/blog\/#organization","name":"Estrat\u00e9gia Concursos","url":"https:\/\/www.estrategiaconcursos.com.br\/blog\/","logo":{"@type":"ImageObject","inLanguage":"pt-BR","@id":"https:\/\/www.estrategiaconcursos.com.br\/blog\/#\/schema\/logo\/image\/","url":"https:\/\/dhg1h5j42swfq.cloudfront.net\/2025\/06\/03203428\/logo_concursos-1.jpg","contentUrl":"https:\/\/dhg1h5j42swfq.cloudfront.net\/2025\/06\/03203428\/logo_concursos-1.jpg","width":230,"height":60,"caption":"Estrat\u00e9gia Concursos"},"image":{"@id":"https:\/\/www.estrategiaconcursos.com.br\/blog\/#\/schema\/logo\/image\/"},"sameAs":["https:\/\/x.com\/EstratConcursos"]},{"@type":"Person","@id":"https:\/\/www.estrategiaconcursos.com.br\/blog\/#\/schema\/person\/d2e7d78de4b9d6ba51cc24fd558a7f42","name":"Leandro Signori","image":{"@type":"ImageObject","inLanguage":"pt-BR","@id":"https:\/\/secure.gravatar.com\/avatar\/aa2ef98e93764dcf1758f52d2792d4b3e4089ee25bc520608dde62ad802ae541?s=96&d=mm&r=g","url":"https:\/\/secure.gravatar.com\/avatar\/aa2ef98e93764dcf1758f52d2792d4b3e4089ee25bc520608dde62ad802ae541?s=96&d=mm&r=g","contentUrl":"https:\/\/secure.gravatar.com\/avatar\/aa2ef98e93764dcf1758f52d2792d4b3e4089ee25bc520608dde62ad802ae541?s=96&d=mm&r=g","caption":"Leandro Signori"},"description":"Licenciado em Geografia pela Universidade Federal do Rio Grande do Sul (UFRGS) e Bacharel em Geografia pela Uniceub (Bras\u00edlia). Como servidor p\u00fablico, foi funcion\u00e1rio da Prefeitura de S\u00e3o Leopoldo (RS), Prefeitura de Porto Alegre (RS), Companhia Riograndense de Saneamento (Corsan) e Minist\u00e9rio da Integra\u00e7\u00e3o Nacional. \u00c9 professor de Geografia para o ensino m\u00e9dio na rede particular de ensino. Leciona as disciplinas de Atualidades, Conhecimentos Gerais, Geografia, Realidade Brasileira e Hist\u00f3ria, em cursos on line e presenciais preparat\u00f3rios para concursos p\u00fablicos.","sameAs":["https:\/\/www.facebook.com\/leandrosignoriatualidades\/"],"url":"https:\/\/www.estrategiaconcursos.com.br\/blog\/author\/leandroestrategiaconcursos-com-br\/"}]}},"_links":{"self":[{"href":"https:\/\/www.estrategiaconcursos.com.br\/blog\/wp-json\/wp\/v2\/posts\/130656","targetHints":{"allow":["GET"]}}],"collection":[{"href":"https:\/\/www.estrategiaconcursos.com.br\/blog\/wp-json\/wp\/v2\/posts"}],"about":[{"href":"https:\/\/www.estrategiaconcursos.com.br\/blog\/wp-json\/wp\/v2\/types\/post"}],"author":[{"embeddable":true,"href":"https:\/\/www.estrategiaconcursos.com.br\/blog\/wp-json\/wp\/v2\/users\/306"}],"replies":[{"embeddable":true,"href":"https:\/\/www.estrategiaconcursos.com.br\/blog\/wp-json\/wp\/v2\/comments?post=130656"}],"version-history":[{"count":3,"href":"https:\/\/www.estrategiaconcursos.com.br\/blog\/wp-json\/wp\/v2\/posts\/130656\/revisions"}],"predecessor-version":[{"id":130798,"href":"https:\/\/www.estrategiaconcursos.com.br\/blog\/wp-json\/wp\/v2\/posts\/130656\/revisions\/130798"}],"wp:attachment":[{"href":"https:\/\/www.estrategiaconcursos.com.br\/blog\/wp-json\/wp\/v2\/media?parent=130656"}],"wp:term":[{"taxonomy":"category","embeddable":true,"href":"https:\/\/www.estrategiaconcursos.com.br\/blog\/wp-json\/wp\/v2\/categories?post=130656"},{"taxonomy":"post_tag","embeddable":true,"href":"https:\/\/www.estrategiaconcursos.com.br\/blog\/wp-json\/wp\/v2\/tags?post=130656"},{"taxonomy":"tax_estado","embeddable":true,"href":"https:\/\/www.estrategiaconcursos.com.br\/blog\/wp-json\/wp\/v2\/tax_estado?post=130656"}],"curies":[{"name":"wp","href":"https:\/\/api.w.org\/{rel}","templated":true}]}}