{"id":130607,"date":"2018-07-11T10:11:09","date_gmt":"2018-07-11T13:11:09","guid":{"rendered":"https:\/\/www.estrategiaconcursos.com.br\/blog\/?p=130607"},"modified":"2018-07-11T10:16:40","modified_gmt":"2018-07-11T13:16:40","slug":"analise-da-prova-de-conhecimentos-pedagogicos-da-seduc-am","status":"publish","type":"post","link":"https:\/\/www.estrategiaconcursos.com.br\/blog\/analise-da-prova-de-conhecimentos-pedagogicos-da-seduc-am\/","title":{"rendered":"An\u00e1lise da prova de conhecimentos pedag\u00f3gicos da SEDUC-AM"},"content":{"rendered":"<p>Ol\u00e1!<\/p>\n<p>O professor Rodrigo Bandeira e eu analisamos a prova de conhecimentos pedag\u00f3gicos da SEDUC-AM aplicadas para os cargos de <strong>Professor <\/strong>de todas as \u00e1reas (ensino regular e ind\u00edgena) e <strong>Pedagogo<\/strong>; sendo que o professor ficou respons\u00e1vel pelas quest\u00f5es de legisla\u00e7\u00e3o, enquanto eu analisei as que tratavam de outros temas. Para as quest\u00f5es que analisei, n\u00e3o visualizei possibilidades de recursos para os candidatos que fizeram prova para as diversas \u00e1reas de professor &#8211; ensino regular e ind\u00edgena.<\/p>\n<p>No entanto, para aqueles que fizeram a prova espec\u00edfica para o cargo de <strong>Pedagogo<\/strong>, alguns recursos s\u00e3o poss\u00edveis.<\/p>\n<p>Antes de falar deles, por\u00e9m, cabe registrar que foi percept\u00edvel uma grande falta de compromisso do Instituto Acesso que aplicou a mesma prova utilizada para as diversas \u00e1reas de professor na parte de conhecimentos espec\u00edficos da prova de Pedagogo.<\/p>\n<p>Acontece que o conte\u00fado program\u00e1tico do Edital era muito diferente, de forma que alguns temas cobrados nem mesmo apareciam nos conte\u00fados previstos no Edital para o cargo de Pedagogo. Al\u00e9m disso, a maioria dos temas listados na parte de Conhecimentos Espec\u00edficos para Pedagogo n\u00e3o foram cobrados. Assim, aquele candidato que se dedicou, estudando os temas do Edital, frustrou-se na prova.<\/p>\n<p>Enfim&#8230;<\/p>\n<p>A partir desse entendimento, justifica-se os seguintes recursos:<\/p>\n<p>QUEST\u00c3O<\/p>\n<p><em>&#8220;Se fala em nosso pa\u00eds de uma escola pluralista, que se abre \u00e0s diferen\u00e7as, \u00e0s defici\u00eancias e que oferece as mesmas oportunidades de acesso e perman\u00eancia para todos os alunos, sem distin\u00e7\u00e3o alguma&#8221;.<\/em><\/p>\n<p><em>BEZERRA, Ferreira Giovani. A inclus\u00e3o escolar de alunos com defici\u00eancia: uma leitura baseada em Pierre Bourdieu.<\/em><\/p>\n<p><em>Revista Brasileira de Educa\u00e7\u00e3o v. 22 n. 69 abr.-jun. 2017.<\/em><\/p>\n<p><em>O Plano nacional de educa\u00e7\u00e3o em direitos humanos tem como objetivos gerais as alternativas abaixo, \u00e0 EXCE\u00c7\u00c3O de uma:<\/em><\/p>\n<p><em>A) Orientar pol\u00edticas educacionais direcionadas para a constitui\u00e7\u00e3o de uma cultura de direitos humanos.<\/em><\/p>\n<p><em>B) Incentivar formas de acesso \u00e0s a\u00e7\u00f5es de educa\u00e7\u00e3o em direitos humanos a pessoas com defici\u00eancia.<\/em><\/p>\n<p><em>C) Estabelecer objetivos, diretrizes e linhas de a\u00e7\u00f5es para a elabora\u00e7\u00e3o de programas e projetos na \u00e1rea da educa\u00e7\u00e3o em direitos humanos.<\/em><\/p>\n<p><em>D) Determinar a implanta\u00e7\u00e3o da disciplina ensino dos direitos humanos no ensino p\u00fablico da escola b\u00e1sica.<\/em><\/p>\n<p><em>E) Estimular a reflex\u00e3o, o estudo e a pesquisa voltados para a educa\u00e7\u00e3o em direitos humanos.<\/em><\/p>\n<p><span style=\"color: #ff0000\"><strong>RECURSO: A quest\u00e3o deve ser ANULADA, tendo em vista que o Edital n\u00e3o previa o tema \u201ceduca\u00e7\u00e3o inclusiva\u201d para o cargo de Pedagogo.<\/strong><\/span><\/p>\n<p>QUEST\u00c3O:<\/p>\n<p><em>&#8220;Se a educa\u00e7\u00e3o sozinha n\u00e3o pode transformar a sociedade, tampouco sem ela a sociedade muda.&#8221;<\/em><\/p>\n<p><em>FREIRE, Paulo. Pedagogia da Indigna\u00e7\u00e3o: cartas pedag\u00f3gicas e outros escritos. S\u00e3o Paulo: Editora UNESP, 2000.<\/em><\/p>\n<p><em>A educa\u00e7\u00e3o em direitos humanos \u00e9 compreendida como um processo sistem\u00e1tico e multidimensional que orienta a forma\u00e7\u00e3o do sujeito de direitos, articulando as seguintes dimens\u00f5es, EXCETO:<\/em><\/p>\n<p><em>A) Fortalecimento de pr\u00e1ticas individuais e sociais que gerem a\u00e7\u00f5es e instrumentos em favor da promo\u00e7\u00e3o, da prote\u00e7\u00e3o e da defesa dos direitos humanos, bem como da repara\u00e7\u00e3o das viola\u00e7\u00f5es.<\/em><\/p>\n<p><em>B) Forma\u00e7\u00e3o de uma consci\u00eancia cidad\u00e3 capaz de se fazer presente em n\u00edveis cognitivo, social, \u00e9tico e pol\u00edtico.<\/em><\/p>\n<p><em>C) Desenvolvimento de processos metodol\u00f3gicos determinados por entes federativos.<\/em><\/p>\n<p><em>D) Apreens\u00e3o de conhecimentos historicamente constru\u00eddos sobre direitos humanos e a sua rela\u00e7\u00e3o com os contextos internacional, nacional e local.<\/em><\/p>\n<p><em>E) Afirma\u00e7\u00e3o de valores, atitudes e pr\u00e1ticas sociais que expressem a cultura dos direitos humanos em todos os espa\u00e7os da sociedade.<\/em><\/p>\n<p><strong><span style=\"color: #ff0000\">RECURSO: A quest\u00e3o deve ser ANULADA, tendo em vista que o Edital n\u00e3o previa o tema \u201ceduca\u00e7\u00e3o em direitos humanos\u201d para o cargo de Pedagogo.<\/span><\/strong><\/p>\n<p>QUEST\u00c3O:<\/p>\n<p><em>Segundo o Plano Nacional de Educa\u00e7\u00e3o em Direitos Humanos, ainda h\u00e1 muito para ser conquistado em termos de respeito \u00e0 dignidade da pessoa humana, sem distin\u00e7\u00e3o de ra\u00e7a, nacionalidade, etnia, g\u00eanero, classe social, regi\u00e3o, cultura, religi\u00e3o, orienta\u00e7\u00e3o sexual, identidade de g\u00eanero, gera\u00e7\u00e3o e defici\u00eancia. Analise as afirmativas sobre a concep\u00e7\u00e3o contempor\u00e2nea de direitos humanos:<\/em><\/p>\n<p><em>I. Os conceitos de cidadania democr\u00e1tica, cidadania ativa e cidadania planet\u00e1ria;<\/em><\/p>\n<p><em>II. Os princ\u00edpios da liberdade, da igualdade, da equidade e da diversidade, a universalidade, indivisibilidade e interdepend\u00eancia;<\/em><\/p>\n<p><em>III. A educa\u00e7\u00e3o para uma cultura democr\u00e1tica, na compreens\u00e3o dos contextos nacional e internacional;<\/em><\/p>\n<p><em>IV. Os valores da toler\u00e2ncia, da solidariedade, da justi\u00e7a social e na sustentabilidade, na inclus\u00e3o e na pluralidade.<\/em><\/p>\n<p><em>S\u00e3o corretas as afirmativas:<\/em><\/p>\n<p><em>A) I, II, III<\/em><\/p>\n<p><em>B) I, II, III, IV<\/em><\/p>\n<p><em>C) I, II, IV<\/em><\/p>\n<p><em>D) I, III, IV<\/em><\/p>\n<p><em>E) I, IV<\/em><\/p>\n<p><span style=\"color: #ff0000\"><strong>RECURSO: A quest\u00e3o deve ser ANULADA, tendo em vista que o Edital n\u00e3o previa o tema \u201ceduca\u00e7\u00e3o em direitos humanos\u201d para o cargo de Pedagogo.<\/strong><\/span><\/p>\n<p><em>QUEST\u00c3O:<\/em><\/p>\n<p><em>&#8220;Ao refletir sobre a abrang\u00eancia do sentido e do significado do processo de Educa\u00e7\u00e3o inclusiva, estamos considerando a diversidade de aprendizes e seu direito \u00e0 equidade. Trata-se de equiparar oportunidades, garantindo-se a todos &#8211; inclusive \u00e0s pessoas em situa\u00e7\u00e3o de defici\u00eancia e aos de altas habilidades\/superdotados, o direito de aprender a aprender, aprender a fazer, aprender a ser e aprender a conviver.&#8221;(CARVALHO, 2005).<\/em><\/p>\n<p><em>Sobre a educa\u00e7\u00e3o inclusiva nas escolas, assinale a alternativa correta:<\/em><\/p>\n<p><em>A) A inclus\u00e3o ocorre quando a escola n\u00e3o possui um local destinado a atender aos alunos que possuam alguma necessidade espec\u00edfica educacional.<\/em><\/p>\n<p><em>B) A escola \u00e9 considerada inclusiva quando enfatiza os bons resultados dos alunos nas propostas pedag\u00f3gicas.<\/em><\/p>\n<p><em>C) Na escola inclusiva, ocorre a segrega\u00e7\u00e3o do aluno que precise de apoio educacional ou psicol\u00f3gico.<\/em><\/p>\n<p><em>D) NA inclus\u00e3o deve garantir a todas as crian\u00e7as e jovens o acesso \u00e0 aprendizagem por meio de todas as possibilidades de desenvolvimento que a escolariza\u00e7\u00e3o oferece.<\/em><\/p>\n<p><em>E) A inclus\u00e3o ocorre quando o aluno \u00e9 entendido como um ser igual a todos os outros sem levar em considera\u00e7\u00e3o sua individualidade.<\/em><\/p>\n<p><span style=\"color: #ff0000\"><strong>RECURSO: A quest\u00e3o deve ser ANULADA, tendo em vista que o Edital n\u00e3o previa o tema \u201ceduca\u00e7\u00e3o inclusiva\u201d para o cargo de Pedagogo.<\/strong><\/span><\/p>\n<p>Por fim, registro que \u00e9 muito frustrante para n\u00f3s, como professores e cidad\u00e3os, situa\u00e7\u00f5es desse tipo.<\/p>\n<p>Boa sorte a todos.<\/p>\n<p>Abra\u00e7os!<\/p>\n<p>Prof. Greisi Goulart<\/p>\n","protected":false},"excerpt":{"rendered":"<p>Ol\u00e1! O professor Rodrigo Bandeira e eu analisamos a prova de conhecimentos pedag\u00f3gicos da SEDUC-AM aplicadas para os cargos de Professor de todas as \u00e1reas (ensino regular e ind\u00edgena) e Pedagogo; sendo que o professor ficou respons\u00e1vel pelas quest\u00f5es de legisla\u00e7\u00e3o, enquanto eu analisei as que tratavam de outros temas. Para as quest\u00f5es que analisei, [&hellip;]<\/p>\n","protected":false},"author":507,"featured_media":0,"comment_status":"open","ping_status":"closed","sticky":false,"template":"","format":"standard","meta":{"post_tipo":"article","footnotes":""},"categories":[1],"tags":[],"tax_estado":[],"class_list":["post-130607","post","type-post","status-publish","format-standard","hentry","category-cursos-e-concursos"],"acf":[],"yoast_head":"<!-- This site is optimized with the Yoast SEO Premium plugin v27.2 (Yoast SEO v27.2) - https:\/\/yoast.com\/product\/yoast-seo-premium-wordpress\/ -->\n<title>An\u00e1lise da prova de conhecimentos pedag\u00f3gicos da SEDUC-AM<\/title>\n<meta name=\"robots\" content=\"index, follow, max-snippet:-1, max-image-preview:large, max-video-preview:-1\" \/>\n<link rel=\"canonical\" href=\"https:\/\/www.estrategiaconcursos.com.br\/blog\/analise-da-prova-de-conhecimentos-pedagogicos-da-seduc-am\/\" \/>\n<meta property=\"og:locale\" content=\"pt_BR\" \/>\n<meta property=\"og:type\" content=\"article\" \/>\n<meta property=\"og:title\" content=\"An\u00e1lise da prova de conhecimentos pedag\u00f3gicos da SEDUC-AM\" \/>\n<meta property=\"og:description\" content=\"Ol\u00e1! O professor Rodrigo Bandeira e eu analisamos a prova de conhecimentos pedag\u00f3gicos da SEDUC-AM aplicadas para os cargos de Professor de todas as \u00e1reas (ensino regular e ind\u00edgena) e Pedagogo; sendo que o professor ficou respons\u00e1vel pelas quest\u00f5es de legisla\u00e7\u00e3o, enquanto eu analisei as que tratavam de outros temas. Para as quest\u00f5es que analisei, [&hellip;]\" \/>\n<meta property=\"og:url\" content=\"https:\/\/www.estrategiaconcursos.com.br\/blog\/analise-da-prova-de-conhecimentos-pedagogicos-da-seduc-am\/\" \/>\n<meta property=\"og:site_name\" content=\"Estrat\u00e9gia Concursos\" \/>\n<meta property=\"article:published_time\" content=\"2018-07-11T13:11:09+00:00\" \/>\n<meta property=\"article:modified_time\" content=\"2018-07-11T13:16:40+00:00\" \/>\n<meta name=\"author\" content=\"Greisi Goulart\" \/>\n<meta name=\"twitter:card\" content=\"summary_large_image\" \/>\n<meta name=\"twitter:creator\" content=\"@EstratConcursos\" \/>\n<meta name=\"twitter:site\" content=\"@EstratConcursos\" \/>\n<meta name=\"twitter:label1\" content=\"Escrito por\" \/>\n\t<meta name=\"twitter:data1\" content=\"Greisi Goulart\" \/>\n\t<meta name=\"twitter:label2\" content=\"Est. tempo de leitura\" \/>\n\t<meta name=\"twitter:data2\" content=\"5 minutos\" \/>\n<script type=\"application\/ld+json\" class=\"yoast-schema-graph\">{\"@context\":\"https:\/\/schema.org\",\"@graph\":[{\"@type\":\"NewsArticle\",\"@id\":\"https:\/\/www.estrategiaconcursos.com.br\/blog\/analise-da-prova-de-conhecimentos-pedagogicos-da-seduc-am\/#article\",\"isPartOf\":{\"@id\":\"https:\/\/www.estrategiaconcursos.com.br\/blog\/analise-da-prova-de-conhecimentos-pedagogicos-da-seduc-am\/\"},\"author\":{\"name\":\"Greisi Goulart\",\"@id\":\"https:\/\/www.estrategiaconcursos.com.br\/blog\/#\/schema\/person\/798919ed99e285399aceaa30bafa58f7\"},\"headline\":\"An\u00e1lise da prova de conhecimentos pedag\u00f3gicos da SEDUC-AM\",\"datePublished\":\"2018-07-11T13:11:09+00:00\",\"dateModified\":\"2018-07-11T13:16:40+00:00\",\"mainEntityOfPage\":{\"@id\":\"https:\/\/www.estrategiaconcursos.com.br\/blog\/analise-da-prova-de-conhecimentos-pedagogicos-da-seduc-am\/\"},\"wordCount\":1086,\"commentCount\":0,\"publisher\":{\"@id\":\"https:\/\/www.estrategiaconcursos.com.br\/blog\/#organization\"},\"articleSection\":[\"Concursos P\u00fablicos\"],\"inLanguage\":\"pt-BR\",\"potentialAction\":[{\"@type\":\"CommentAction\",\"name\":\"Comment\",\"target\":[\"https:\/\/www.estrategiaconcursos.com.br\/blog\/analise-da-prova-de-conhecimentos-pedagogicos-da-seduc-am\/#respond\"]}],\"copyrightYear\":\"2018\",\"copyrightHolder\":{\"@id\":\"https:\/\/www.estrategiaconcursos.com.br\/blog\/#organization\"}},{\"@type\":\"WebPage\",\"@id\":\"https:\/\/www.estrategiaconcursos.com.br\/blog\/analise-da-prova-de-conhecimentos-pedagogicos-da-seduc-am\/\",\"url\":\"https:\/\/www.estrategiaconcursos.com.br\/blog\/analise-da-prova-de-conhecimentos-pedagogicos-da-seduc-am\/\",\"name\":\"An\u00e1lise da prova de conhecimentos pedag\u00f3gicos da SEDUC-AM\",\"isPartOf\":{\"@id\":\"https:\/\/www.estrategiaconcursos.com.br\/blog\/#website\"},\"datePublished\":\"2018-07-11T13:11:09+00:00\",\"dateModified\":\"2018-07-11T13:16:40+00:00\",\"breadcrumb\":{\"@id\":\"https:\/\/www.estrategiaconcursos.com.br\/blog\/analise-da-prova-de-conhecimentos-pedagogicos-da-seduc-am\/#breadcrumb\"},\"inLanguage\":\"pt-BR\",\"potentialAction\":[{\"@type\":\"ReadAction\",\"target\":[\"https:\/\/www.estrategiaconcursos.com.br\/blog\/analise-da-prova-de-conhecimentos-pedagogicos-da-seduc-am\/\"]}]},{\"@type\":\"BreadcrumbList\",\"@id\":\"https:\/\/www.estrategiaconcursos.com.br\/blog\/analise-da-prova-de-conhecimentos-pedagogicos-da-seduc-am\/#breadcrumb\",\"itemListElement\":[{\"@type\":\"ListItem\",\"position\":1,\"name\":\"In\u00edcio\",\"item\":\"https:\/\/www.estrategiaconcursos.com.br\/blog\/\"},{\"@type\":\"ListItem\",\"position\":2,\"name\":\"An\u00e1lise da prova de conhecimentos pedag\u00f3gicos da SEDUC-AM\"}]},{\"@type\":\"WebSite\",\"@id\":\"https:\/\/www.estrategiaconcursos.com.br\/blog\/#website\",\"url\":\"https:\/\/www.estrategiaconcursos.com.br\/blog\/\",\"name\":\"Estrat\u00e9gia Concursos\",\"description\":\"O blog da Estrat\u00e9gia Concursos traz not\u00edcias sobre concursos e artigos de professores oferecendo cursos para concursos (pdf + videaulas) no site.\",\"publisher\":{\"@id\":\"https:\/\/www.estrategiaconcursos.com.br\/blog\/#organization\"},\"potentialAction\":[{\"@type\":\"SearchAction\",\"target\":{\"@type\":\"EntryPoint\",\"urlTemplate\":\"https:\/\/www.estrategiaconcursos.com.br\/blog\/?s={search_term_string}\"},\"query-input\":{\"@type\":\"PropertyValueSpecification\",\"valueRequired\":true,\"valueName\":\"search_term_string\"}}],\"inLanguage\":\"pt-BR\"},{\"@type\":\"Organization\",\"@id\":\"https:\/\/www.estrategiaconcursos.com.br\/blog\/#organization\",\"name\":\"Estrat\u00e9gia Concursos\",\"url\":\"https:\/\/www.estrategiaconcursos.com.br\/blog\/\",\"logo\":{\"@type\":\"ImageObject\",\"inLanguage\":\"pt-BR\",\"@id\":\"https:\/\/www.estrategiaconcursos.com.br\/blog\/#\/schema\/logo\/image\/\",\"url\":\"https:\/\/dhg1h5j42swfq.cloudfront.net\/2025\/06\/03203428\/logo_concursos-1.jpg\",\"contentUrl\":\"https:\/\/dhg1h5j42swfq.cloudfront.net\/2025\/06\/03203428\/logo_concursos-1.jpg\",\"width\":230,\"height\":60,\"caption\":\"Estrat\u00e9gia Concursos\"},\"image\":{\"@id\":\"https:\/\/www.estrategiaconcursos.com.br\/blog\/#\/schema\/logo\/image\/\"},\"sameAs\":[\"https:\/\/x.com\/EstratConcursos\"]},{\"@type\":\"Person\",\"@id\":\"https:\/\/www.estrategiaconcursos.com.br\/blog\/#\/schema\/person\/798919ed99e285399aceaa30bafa58f7\",\"name\":\"Greisi Goulart\",\"image\":{\"@type\":\"ImageObject\",\"inLanguage\":\"pt-BR\",\"@id\":\"https:\/\/secure.gravatar.com\/avatar\/05c5651b801624c00c581224c24eef7b26153495a54c6439b89fa079fd5306fa?s=96&d=mm&r=g\",\"url\":\"https:\/\/secure.gravatar.com\/avatar\/05c5651b801624c00c581224c24eef7b26153495a54c6439b89fa079fd5306fa?s=96&d=mm&r=g\",\"contentUrl\":\"https:\/\/secure.gravatar.com\/avatar\/05c5651b801624c00c581224c24eef7b26153495a54c6439b89fa079fd5306fa?s=96&d=mm&r=g\",\"caption\":\"Greisi Goulart\"},\"url\":\"https:\/\/www.estrategiaconcursos.com.br\/blog\/author\/prof-greisigoulartgmail-com\/\"}]}<\/script>\n<!-- \/ Yoast SEO Premium plugin. -->","yoast_head_json":{"title":"An\u00e1lise da prova de conhecimentos pedag\u00f3gicos da SEDUC-AM","robots":{"index":"index","follow":"follow","max-snippet":"max-snippet:-1","max-image-preview":"max-image-preview:large","max-video-preview":"max-video-preview:-1"},"canonical":"https:\/\/www.estrategiaconcursos.com.br\/blog\/analise-da-prova-de-conhecimentos-pedagogicos-da-seduc-am\/","og_locale":"pt_BR","og_type":"article","og_title":"An\u00e1lise da prova de conhecimentos pedag\u00f3gicos da SEDUC-AM","og_description":"Ol\u00e1! O professor Rodrigo Bandeira e eu analisamos a prova de conhecimentos pedag\u00f3gicos da SEDUC-AM aplicadas para os cargos de Professor de todas as \u00e1reas (ensino regular e ind\u00edgena) e Pedagogo; sendo que o professor ficou respons\u00e1vel pelas quest\u00f5es de legisla\u00e7\u00e3o, enquanto eu analisei as que tratavam de outros temas. Para as quest\u00f5es que analisei, [&hellip;]","og_url":"https:\/\/www.estrategiaconcursos.com.br\/blog\/analise-da-prova-de-conhecimentos-pedagogicos-da-seduc-am\/","og_site_name":"Estrat\u00e9gia Concursos","article_published_time":"2018-07-11T13:11:09+00:00","article_modified_time":"2018-07-11T13:16:40+00:00","author":"Greisi Goulart","twitter_card":"summary_large_image","twitter_creator":"@EstratConcursos","twitter_site":"@EstratConcursos","twitter_misc":{"Escrito por":"Greisi Goulart","Est. tempo de leitura":"5 minutos"},"schema":{"@context":"https:\/\/schema.org","@graph":[{"@type":"NewsArticle","@id":"https:\/\/www.estrategiaconcursos.com.br\/blog\/analise-da-prova-de-conhecimentos-pedagogicos-da-seduc-am\/#article","isPartOf":{"@id":"https:\/\/www.estrategiaconcursos.com.br\/blog\/analise-da-prova-de-conhecimentos-pedagogicos-da-seduc-am\/"},"author":{"name":"Greisi Goulart","@id":"https:\/\/www.estrategiaconcursos.com.br\/blog\/#\/schema\/person\/798919ed99e285399aceaa30bafa58f7"},"headline":"An\u00e1lise da prova de conhecimentos pedag\u00f3gicos da SEDUC-AM","datePublished":"2018-07-11T13:11:09+00:00","dateModified":"2018-07-11T13:16:40+00:00","mainEntityOfPage":{"@id":"https:\/\/www.estrategiaconcursos.com.br\/blog\/analise-da-prova-de-conhecimentos-pedagogicos-da-seduc-am\/"},"wordCount":1086,"commentCount":0,"publisher":{"@id":"https:\/\/www.estrategiaconcursos.com.br\/blog\/#organization"},"articleSection":["Concursos P\u00fablicos"],"inLanguage":"pt-BR","potentialAction":[{"@type":"CommentAction","name":"Comment","target":["https:\/\/www.estrategiaconcursos.com.br\/blog\/analise-da-prova-de-conhecimentos-pedagogicos-da-seduc-am\/#respond"]}],"copyrightYear":"2018","copyrightHolder":{"@id":"https:\/\/www.estrategiaconcursos.com.br\/blog\/#organization"}},{"@type":"WebPage","@id":"https:\/\/www.estrategiaconcursos.com.br\/blog\/analise-da-prova-de-conhecimentos-pedagogicos-da-seduc-am\/","url":"https:\/\/www.estrategiaconcursos.com.br\/blog\/analise-da-prova-de-conhecimentos-pedagogicos-da-seduc-am\/","name":"An\u00e1lise da prova de conhecimentos pedag\u00f3gicos da SEDUC-AM","isPartOf":{"@id":"https:\/\/www.estrategiaconcursos.com.br\/blog\/#website"},"datePublished":"2018-07-11T13:11:09+00:00","dateModified":"2018-07-11T13:16:40+00:00","breadcrumb":{"@id":"https:\/\/www.estrategiaconcursos.com.br\/blog\/analise-da-prova-de-conhecimentos-pedagogicos-da-seduc-am\/#breadcrumb"},"inLanguage":"pt-BR","potentialAction":[{"@type":"ReadAction","target":["https:\/\/www.estrategiaconcursos.com.br\/blog\/analise-da-prova-de-conhecimentos-pedagogicos-da-seduc-am\/"]}]},{"@type":"BreadcrumbList","@id":"https:\/\/www.estrategiaconcursos.com.br\/blog\/analise-da-prova-de-conhecimentos-pedagogicos-da-seduc-am\/#breadcrumb","itemListElement":[{"@type":"ListItem","position":1,"name":"In\u00edcio","item":"https:\/\/www.estrategiaconcursos.com.br\/blog\/"},{"@type":"ListItem","position":2,"name":"An\u00e1lise da prova de conhecimentos pedag\u00f3gicos da SEDUC-AM"}]},{"@type":"WebSite","@id":"https:\/\/www.estrategiaconcursos.com.br\/blog\/#website","url":"https:\/\/www.estrategiaconcursos.com.br\/blog\/","name":"Estrat\u00e9gia Concursos","description":"O blog da Estrat\u00e9gia Concursos traz not\u00edcias sobre concursos e artigos de professores oferecendo cursos para concursos (pdf + videaulas) no site.","publisher":{"@id":"https:\/\/www.estrategiaconcursos.com.br\/blog\/#organization"},"potentialAction":[{"@type":"SearchAction","target":{"@type":"EntryPoint","urlTemplate":"https:\/\/www.estrategiaconcursos.com.br\/blog\/?s={search_term_string}"},"query-input":{"@type":"PropertyValueSpecification","valueRequired":true,"valueName":"search_term_string"}}],"inLanguage":"pt-BR"},{"@type":"Organization","@id":"https:\/\/www.estrategiaconcursos.com.br\/blog\/#organization","name":"Estrat\u00e9gia Concursos","url":"https:\/\/www.estrategiaconcursos.com.br\/blog\/","logo":{"@type":"ImageObject","inLanguage":"pt-BR","@id":"https:\/\/www.estrategiaconcursos.com.br\/blog\/#\/schema\/logo\/image\/","url":"https:\/\/dhg1h5j42swfq.cloudfront.net\/2025\/06\/03203428\/logo_concursos-1.jpg","contentUrl":"https:\/\/dhg1h5j42swfq.cloudfront.net\/2025\/06\/03203428\/logo_concursos-1.jpg","width":230,"height":60,"caption":"Estrat\u00e9gia Concursos"},"image":{"@id":"https:\/\/www.estrategiaconcursos.com.br\/blog\/#\/schema\/logo\/image\/"},"sameAs":["https:\/\/x.com\/EstratConcursos"]},{"@type":"Person","@id":"https:\/\/www.estrategiaconcursos.com.br\/blog\/#\/schema\/person\/798919ed99e285399aceaa30bafa58f7","name":"Greisi Goulart","image":{"@type":"ImageObject","inLanguage":"pt-BR","@id":"https:\/\/secure.gravatar.com\/avatar\/05c5651b801624c00c581224c24eef7b26153495a54c6439b89fa079fd5306fa?s=96&d=mm&r=g","url":"https:\/\/secure.gravatar.com\/avatar\/05c5651b801624c00c581224c24eef7b26153495a54c6439b89fa079fd5306fa?s=96&d=mm&r=g","contentUrl":"https:\/\/secure.gravatar.com\/avatar\/05c5651b801624c00c581224c24eef7b26153495a54c6439b89fa079fd5306fa?s=96&d=mm&r=g","caption":"Greisi Goulart"},"url":"https:\/\/www.estrategiaconcursos.com.br\/blog\/author\/prof-greisigoulartgmail-com\/"}]}},"_links":{"self":[{"href":"https:\/\/www.estrategiaconcursos.com.br\/blog\/wp-json\/wp\/v2\/posts\/130607","targetHints":{"allow":["GET"]}}],"collection":[{"href":"https:\/\/www.estrategiaconcursos.com.br\/blog\/wp-json\/wp\/v2\/posts"}],"about":[{"href":"https:\/\/www.estrategiaconcursos.com.br\/blog\/wp-json\/wp\/v2\/types\/post"}],"author":[{"embeddable":true,"href":"https:\/\/www.estrategiaconcursos.com.br\/blog\/wp-json\/wp\/v2\/users\/507"}],"replies":[{"embeddable":true,"href":"https:\/\/www.estrategiaconcursos.com.br\/blog\/wp-json\/wp\/v2\/comments?post=130607"}],"version-history":[{"count":3,"href":"https:\/\/www.estrategiaconcursos.com.br\/blog\/wp-json\/wp\/v2\/posts\/130607\/revisions"}],"predecessor-version":[{"id":130615,"href":"https:\/\/www.estrategiaconcursos.com.br\/blog\/wp-json\/wp\/v2\/posts\/130607\/revisions\/130615"}],"wp:attachment":[{"href":"https:\/\/www.estrategiaconcursos.com.br\/blog\/wp-json\/wp\/v2\/media?parent=130607"}],"wp:term":[{"taxonomy":"category","embeddable":true,"href":"https:\/\/www.estrategiaconcursos.com.br\/blog\/wp-json\/wp\/v2\/categories?post=130607"},{"taxonomy":"post_tag","embeddable":true,"href":"https:\/\/www.estrategiaconcursos.com.br\/blog\/wp-json\/wp\/v2\/tags?post=130607"},{"taxonomy":"tax_estado","embeddable":true,"href":"https:\/\/www.estrategiaconcursos.com.br\/blog\/wp-json\/wp\/v2\/tax_estado?post=130607"}],"curies":[{"name":"wp","href":"https:\/\/api.w.org\/{rel}","templated":true}]}}