{"id":1305888,"date":"2023-12-12T11:00:00","date_gmt":"2023-12-12T14:00:00","guid":{"rendered":"https:\/\/www.estrategiaconcursos.com.br\/blog\/?p=1305888"},"modified":"2023-12-11T18:56:41","modified_gmt":"2023-12-11T21:56:41","slug":"plano-nacional-educacao","status":"publish","type":"post","link":"https:\/\/www.estrategiaconcursos.com.br\/blog\/plano-nacional-educacao\/","title":{"rendered":"Plano Nacional de Educa\u00e7\u00e3o (PNE): o que saber para o CNU?"},"content":{"rendered":"\n<p><em>Ol\u00e1, pessoal!<\/em> Seguindo nosso objetivo de colaborar com o processo de aprendizagem dos nossos alunos, principalmente aqueles que est\u00e3o pensando em prestar o <strong><a href=\"https:\/\/www.estrategiaconcursos.com.br\/blog\/concurso-nacional-unificado\/\">Concurso Nacional Unificado (CNU)<\/a><\/strong>, abordaremos neste artigo um importante tema para aqueles que far\u00e3o a prova para a <em>\u00c1rea de Educa\u00e7\u00e3o, Ci\u00eancia e Tecnologia<\/em>: <strong>o Plano Nacional de Educa\u00e7\u00e3o (PNE).<\/strong><\/p>\n\n\n\n<p>Para aqueles que ainda n\u00e3o sabem, o <strong>Concurso Nacional Unificado (CNU)<\/strong> \u00e9 um dos eventos <em>mais aguardados por milhares de estudantes e profissionais em busca de uma carreira p\u00fablica no Brasil<\/em>. Com a oportunidade de ingressar em diversos \u00f3rg\u00e3os e institui\u00e7\u00f5es federais, esse concurso abrange uma <strong>vasta gama de \u00e1reas de atua\u00e7\u00e3o, proporcionando a possibilidade de estabilidade financeira e profissional<\/strong>. <\/p>\n\n\n\n<p>Dentro da <em>\u00c1rea de Educa\u00e7\u00e3o, Ci\u00eancia e Tecnologia<\/em>, provavelmente o Plano Nacional de Educa\u00e7\u00e3o (PNE) ser\u00e1 um dos pontos cobrados. O PNE do Brasil \u00e9 uma pe\u00e7a fundamental para nortear as pol\u00edticas educacionais do pa\u00eds. A Lei 13.005\/2014, sancionada em junho de 2014, estabelece as diretrizes, metas e estrat\u00e9gias para o desenvolvimento da educa\u00e7\u00e3o brasileira ao longo de uma d\u00e9cada. Tentaremos nesse artigo proporcionar uma an\u00e1lise abrangente do PNE, explorando seus principais pontos, metas e desafios, especialmente relevante para os alunos que est\u00e3o se preparando para o Concurso Nacional Unificado. <em>Vamos nessa?<\/em><\/p>\n\n\n\n<figure class=\"wp-block-image aligncenter size-full is-resized is-style-default\"><img loading=\"lazy\" decoding=\"async\" width=\"768\" height=\"432\" src=\"https:\/\/dhg1h5j42swfq.cloudfront.net\/2023\/08\/29075651\/concurso-nacional-unificado.jpg\" alt=\"Plano Nacional de Educa\u00e7\u00e3o (PNE) para o CNU\" class=\"wp-image-1270513\" style=\"width:608px;height:auto\" srcset=\"https:\/\/dhg1h5j42swfq.cloudfront.net\/2023\/08\/29075651\/concurso-nacional-unificado.jpg 768w, https:\/\/dhg1h5j42swfq.cloudfront.net\/2023\/08\/29075651\/concurso-nacional-unificado-300x169.jpg 300w, https:\/\/dhg1h5j42swfq.cloudfront.net\/2023\/08\/29075651\/concurso-nacional-unificado-610x343.jpg 610w, https:\/\/dhg1h5j42swfq.cloudfront.net\/2023\/08\/29075651\/concurso-nacional-unificado-150x84.jpg 150w\" sizes=\"auto, (max-width: 768px) 100vw, 768px\" \/><\/figure>\n\n\n\n<h3 class=\"wp-block-heading\" id=\"h-o-contexto-do-pne-no-brasil\">O contexto do PNE no Brasil<\/h3>\n\n\n\n<p>O Plano Nacional de Educa\u00e7\u00e3o \u00e9 um instrumento crucial para orientar as a\u00e7\u00f5es e investimentos no setor educacional, visando melhorias significativas na qualidade da educa\u00e7\u00e3o no Brasil. A <a href=\"https:\/\/www2.camara.leg.br\/legin\/fed\/lei\/2014\/lei-13005-25-junho-2014-778970-publicacaooriginal-144468-pl.html\">Lei 13.005\/2014<\/a>, que instituiu o atual PNE, foi elaborada considerando as demandas e desafios espec\u00edficos do pa\u00eds naquele momento.<\/p>\n\n\n\n<h3 class=\"wp-block-heading\" id=\"h-diretrizes-e-estrutura-do-pne\">Diretrizes e estrutura do PNE<\/h3>\n\n\n\n<p>O PNE estabelece <strong>diretrizes <\/strong>claras e uma <strong>estrutura organizada<\/strong> para atender \u00e0s necessidades educacionais do Brasil. Dentre as diretrizes principais, destacam-se a <em>erradica\u00e7\u00e3o do analfabetismo, a universaliza\u00e7\u00e3o do atendimento escolar e a melhoria da qualidade da educa\u00e7\u00e3o<\/em>. <\/p>\n\n\n\n<p><strong>Esse \u00e9 um ponto importante que pode ser cobrado na prova<\/strong>. Por isso, vamos dar uma olhada nas disposi\u00e7\u00f5es da lei <em>(aten\u00e7\u00e3o com as palavras grifadas)<\/em>:<\/p>\n\n\n\n<p><em>&nbsp;Art. 2\u00ba&nbsp;S\u00e3o diretrizes do Plano Nacional de Educa\u00e7\u00e3o (PNE):<br \/><\/em><br \/><em>&nbsp;&nbsp;&nbsp;&nbsp;&nbsp;I &#8211; erradica\u00e7\u00e3o do <strong>analfabetismo<\/strong>;<br \/><\/em><br \/><em>&nbsp;&nbsp;&nbsp;&nbsp;&nbsp;II &#8211; universaliza\u00e7\u00e3o do <strong>atendimento escolar<\/strong>;<br \/><\/em><br \/><em>&nbsp;&nbsp;&nbsp;&nbsp;&nbsp;III &#8211; supera\u00e7\u00e3o das desigualdades educacionais, com \u00eanfase na promo\u00e7\u00e3o da <strong>cidadania <\/strong>e na erradica\u00e7\u00e3o de todas as formas de <strong>discrimina\u00e7\u00e3o<\/strong>;<br \/><\/em><br \/><em>&nbsp;&nbsp;&nbsp;&nbsp;&nbsp;IV &#8211; melhoria da <strong>qualidade <\/strong>da educa\u00e7\u00e3o;<br \/><\/em><br \/><em>&nbsp;&nbsp;&nbsp;&nbsp;&nbsp;V &#8211; forma\u00e7\u00e3o para o trabalho e para a cidadania, com \u00eanfase nos <strong>valores morais e \u00e9ticos<\/strong> em que se fundamenta a sociedade;<br \/><\/em><br \/><em>&nbsp;&nbsp;&nbsp;&nbsp;&nbsp;VI &#8211; promo\u00e7\u00e3o do <strong>princ\u00edpio da gest\u00e3o democr\u00e1tica<\/strong> da educa\u00e7\u00e3o p\u00fablica;<br \/><\/em><br \/><em>&nbsp;&nbsp;&nbsp;&nbsp;&nbsp;VII &#8211; promo\u00e7\u00e3o <strong>human\u00edstica, cient\u00edfica, cultural e tecnol\u00f3gica<\/strong> do Pa\u00eds;<br \/><\/em><br \/><em>&nbsp;&nbsp;&nbsp;&nbsp;&nbsp;VIII &#8211; estabelecimento de <strong>meta de aplica\u00e7\u00e3o de recursos p\u00fablicos em educa\u00e7\u00e3o como propor\u00e7\u00e3o do Produto Interno Bruto &#8211; PIB<\/strong>, que assegure atendimento \u00e0s necessidades de expans\u00e3o, com padr\u00e3o de qualidade e equidade;<br \/><\/em><br \/><em>&nbsp;&nbsp;&nbsp;&nbsp;&nbsp;IX &#8211; <strong>valoriza\u00e7\u00e3o <\/strong>dos (as) <strong>profissionais <\/strong>da educa\u00e7\u00e3o;<br \/><\/em><br \/><em>&nbsp;&nbsp;&nbsp;&nbsp;&nbsp;X &#8211; promo\u00e7\u00e3o dos <strong>princ\u00edpios do respeito aos direitos humanos, \u00e0 diversidade e \u00e0 sustentabilidade socioambiental<\/strong>.<\/em><\/p>\n\n\n\n<p>A estrutura do PNE abrange metas, estrat\u00e9gias, indicadores de monitoramento e a\u00e7\u00f5es espec\u00edficas para cada objetivo estabelecido. A lei abrange desde a educa\u00e7\u00e3o infantil at\u00e9 a p\u00f3s-gradua\u00e7\u00e3o, <strong>contemplando todas as etapas do ensino<\/strong>.<\/p>\n\n\n\n<h3 class=\"wp-block-heading\" id=\"h-metas-do-pne-desafios-e-perspectivas\">Metas do PNE: desafios e perspectivas<\/h3>\n\n\n\n<p>O PNE estabelece <strong>20 metas que devem ser alcan\u00e7adas ao longo de 10 anos<\/strong>. Essas metas abrangem desde a amplia\u00e7\u00e3o do acesso \u00e0 educa\u00e7\u00e3o infantil at\u00e9 a eleva\u00e7\u00e3o do investimento p\u00fablico em educa\u00e7\u00e3o. <strong>Cada meta \u00e9 desdobrada em estrat\u00e9gias e a\u00e7\u00f5es espec\u00edficas, proporcionando um plano de a\u00e7\u00e3o detalhado para a implementa\u00e7\u00e3o efetiva<\/strong>.<\/p>\n\n\n\n<p>Dentre as metas mais desafiadoras est\u00e1 a erradica\u00e7\u00e3o do analfabetismo, especialmente em regi\u00f5es historicamente mais vulner\u00e1veis. Al\u00e9m disso, a universaliza\u00e7\u00e3o da educa\u00e7\u00e3o b\u00e1sica e a melhoria da qualidade do ensino enfrentam obst\u00e1culos relacionados \u00e0 infraestrutura, forma\u00e7\u00e3o de professores e desigualdades regionais. <\/p>\n\n\n\n<p>Vamos comentar um pouco sobre cada uma delas, j\u00e1 que \u00e9 um <strong>ponto pass\u00edvel de cobran\u00e7a<\/strong>:<\/p>\n\n\n\n<p><strong>1 &#8211; Educa\u00e7\u00e3o Infantil:<br \/><\/strong>H\u00e1 a previs\u00e3o no PNE de 2014 que, at\u00e9 2016, todas as crian\u00e7as de 4 a 5 anos de idade deveriam estar matriculadas na pr\u00e9-escola. A meta estabelece, tamb\u00e9m, a oferta de Educa\u00e7\u00e3o Infantil em creches deve ser ampliada de forma a atender, no m\u00ednimo, 50% das crian\u00e7as de at\u00e9 3 anos at\u00e9 o final da vig\u00eancia deste PNE.<br \/><br \/><strong>2 &#8211; Ensino Fundamental:<br \/><\/strong>At\u00e9 o \u00faltimo ano de vig\u00eancia do PNE, toda a popula\u00e7\u00e3o de 6 a 14 anos deve ser matriculada no Ensino Fundamental de 9 anos, e pelo menos 95% dos alunos devem concluir essa etapa na idade recomendada.<br \/><br \/><strong>3 &#8211; Ensino M\u00e9dio:<br \/><\/strong>H\u00e1 a previs\u00e3o no PNE de 2014 que, at\u00e9 2016, o atendimento escolar deveria ser universalizado para toda a popula\u00e7\u00e3o de 15 a 17 anos. A meta \u00e9 tamb\u00e9m elevar, at\u00e9 o final da vig\u00eancia do PNE, <strong>a taxa l\u00edquida de matr\u00edculas no Ensino M\u00e9dio para 85%.<\/strong><br \/><br \/><strong>4 &#8211; Educa\u00e7\u00e3o Especial\/Inclusiva:<br \/><\/strong>Toda a popula\u00e7\u00e3o de 4 a 17 anos com defici\u00eancia, transtornos globais do desenvolvimento e altas habilidades ou superdota\u00e7\u00e3o deve ter acesso \u00e0 educa\u00e7\u00e3o b\u00e1sica e ao atendimento educacional especializado, de prefer\u00eancia na rede regular de ensino, com a garantia de sistema educacional inclusivo, de salas de recursos multifuncionais, classes, escolas ou servi\u00e7os especializados, p\u00fablicos ou conveniados.<br \/><br \/><strong>5 &#8211; Alfabetiza\u00e7\u00e3o:<br \/><\/strong>Alfabetizar todas as crian\u00e7as, no m\u00e1ximo, at\u00e9 o final do 3\u00ba ano do Ensino Fundamental. Atualmente, a porcentagem de crian\u00e7as do 3\u00ba ano do Ensino Fundamental com aprendizagem adequada em leitura \u00e9 de 44,5%. Em escrita, 30,1% delas est\u00e3o aptas, e apenas 33,3% t\u00eam aprendizagem adequada em matem\u00e1tica.<br \/><br \/><strong>6 &#8211; Educa\u00e7\u00e3o integral:<br \/><\/strong>At\u00e9 o fim da vig\u00eancia do PNE, oferecer Educa\u00e7\u00e3o em tempo integral em, no m\u00ednimo, 50% das escolas p\u00fablicas, de forma a atender, pelo menos, 25% dos(as) alunos(as) da Educa\u00e7\u00e3o B\u00e1sica.<br \/><br \/><strong>7 &#8211; Aprendizado adequado na idade certa:<br \/><\/strong>Estimular a qualidade da educa\u00e7\u00e3o b\u00e1sica em todas etapas e modalidades, com melhoria do fluxo escolar e da aprendizagem de modo a atingir as seguintes m\u00e9dias nacionais para o Ideb:<\/p>\n\n\n\n<figure class=\"wp-block-table\"><table><tbody><tr><td>&nbsp;<\/td><td>2013<\/td><td>2015<\/td><td>2017<\/td><td>2019<\/td><td>2021<\/td><\/tr><tr><td>Anos iniciais do Ensino Fundamental<\/td><td>4,9<\/td><td>5,2<\/td><td>5,5<\/td><td>5,7<\/td><td>6,0<\/td><\/tr><tr><td>Anos Finais do Ensino Fundamental<\/td><td>4,4<\/td><td>4,7<\/td><td>5,0<\/td><td>5,2<\/td><td>5,5<\/td><\/tr><tr><td>Ensino M\u00e9dio<\/td><td>3,9<\/td><td>4,3<\/td><td>4,7<\/td><td>5,0<\/td><td>5,2<\/td><\/tr><\/tbody><\/table><\/figure>\n\n\n\n<p><strong>8 &#8211; Escolaridade m\u00e9dia:<br \/><\/strong>Elevar a escolaridade m\u00e9dia da popula\u00e7\u00e3o de 18 a 29 anos, de modo a alcan\u00e7ar no m\u00ednimo 12 anos de estudo no \u00faltimo ano, para as popula\u00e7\u00f5es do campo, da regi\u00e3o de menor escolaridade no Pa\u00eds e dos 25% mais pobres, e igualar a escolaridade m\u00e9dia entre negros e n\u00e3o negros declarados \u00e0 Funda\u00e7\u00e3o Instituto Brasileiro de Geografia e Estat\u00edstica (IBGE).<br \/><br \/><strong>9 &#8211; Alfabetiza\u00e7\u00e3o e alfabetismo de jovens e adultos:<br \/><\/strong>Elevar a taxa de alfabetiza\u00e7\u00e3o da popula\u00e7\u00e3o com 15 anos ou mais para 93,5% at\u00e9 2015 e, at\u00e9 o final da vig\u00eancia do PNE, erradicar o analfabetismo absoluto e reduzir em 50% a taxa de analfabetismo funcional.<br \/><br \/><strong>10 &#8211; Educa\u00e7\u00e3o de jovens e adultos (EJA) integrada \u00e0 Educa\u00e7\u00e3o Profissional:<br \/><\/strong>Oferecer, no m\u00ednimo, 25% (vinte e cinco por cento) das matr\u00edculas de educa\u00e7\u00e3o de jovens e adultos, nos ensinos fundamental e m\u00e9dio, na forma integrada \u00e0 educa\u00e7\u00e3o profissional. Os dados apontam que apenas 0,7% dos alunos do EJA de Ensino Fundamental t\u00eam esta integra\u00e7\u00e3o. No Ensino M\u00e9dio, a porcentagem sobe para 2,7%.<br \/><br \/><strong>11 &#8211; Educa\u00e7\u00e3o Profissional:<br \/><\/strong>Triplicar as matr\u00edculas da Educa\u00e7\u00e3o Profissional T\u00e9cnica de n\u00edvel m\u00e9dio, assegurando a qualidade da oferta e pelo menos 50% da expans\u00e3o no segmento p\u00fablico. <br \/><br \/><strong>12 &#8211; Educa\u00e7\u00e3o Superior:<br \/><\/strong>Elevar a taxa bruta de matr\u00edcula na Educa\u00e7\u00e3o Superior para 50% e a taxa l\u00edquida para 33% da popula\u00e7\u00e3o de 18 a 24 anos, assegurada a qualidade da oferta e expans\u00e3o para, pelo menos, 40% das novas matr\u00edculas, no segmento p\u00fablico.<br \/><br \/><strong>13 &#8211; Titula\u00e7\u00e3o de professores da Educa\u00e7\u00e3o Superior:<br \/><\/strong>Elevar a qualidade da Educa\u00e7\u00e3o Superior pela amplia\u00e7\u00e3o da propor\u00e7\u00e3o de mestres e doutores do corpo docente em efetivo exerc\u00edcio no conjunto do sistema de Educa\u00e7\u00e3o Superior para 75%, sendo, do total, no m\u00ednimo, 35% doutores.<br \/><br \/><strong>14 &#8211; P\u00f3s-gradua\u00e7\u00e3o:<br \/><\/strong>Elevar gradualmente o n\u00famero de matr\u00edculas na p\u00f3s-gradua\u00e7\u00e3o stricto sensu, de modo a atingir a titula\u00e7\u00e3o anual de 60 mil mestres e 25 mil doutores.<br \/><br \/><strong>15 &#8211; Forma\u00e7\u00e3o de professores:<br \/><\/strong>Garantir, em regime de colabora\u00e7\u00e3o entre a Uni\u00e3o, os Estados, o Distrito Federal e os Munic\u00edpios, pol\u00edtica nacional de forma\u00e7\u00e3o dos profissionais da educa\u00e7\u00e3o, assegurando que todos os professores e as professoras da educa\u00e7\u00e3o b\u00e1sica possuam forma\u00e7\u00e3o espec\u00edfica de n\u00edvel superior, obtida em curso de licenciatura na \u00e1rea de conhecimento em que atuam.<br \/><br \/><strong>16 &#8211; Forma\u00e7\u00e3o continuada e p\u00f3s-gradua\u00e7\u00e3o de professores:<br \/><\/strong>Formar, em n\u00edvel de p\u00f3s-gradua\u00e7\u00e3o, 50% dos professores da Educa\u00e7\u00e3o B\u00e1sica, at\u00e9 o \u00faltimo ano de vig\u00eancia do PNE, e garantir a todos os(as) profissionais da Educa\u00e7\u00e3o B\u00e1sica forma\u00e7\u00e3o continuada em sua \u00e1rea de atua\u00e7\u00e3o, considerando as necessidades, demandas e contextualiza\u00e7\u00f5es dos sistemas de ensino.<br \/><br \/><strong>17 &#8211; Valoriza\u00e7\u00e3o do professor:<br \/><\/strong>Valorizar os(as) profissionais do magist\u00e9rio das redes p\u00fablicas da Educa\u00e7\u00e3o B\u00e1sica, a fim de equiparar o rendimento m\u00e9dio dos(as) demais profissionais com escolaridade equivalente, at\u00e9 o final do 6\u00ba ano da vig\u00eancia do PNE.<br \/><br \/><strong>18 &#8211; Plano de carreira docente:<br \/><\/strong>Assegurar, no prazo de dois anos, a exist\u00eancia de planos de carreira para os(as) profissionais da Educa\u00e7\u00e3o B\u00e1sica e Superior p\u00fablica de todos os sistemas de ensino e, para o plano de Carreira dos(as) profissionais da Educa\u00e7\u00e3o B\u00e1sica p\u00fablica, tomar como refer\u00eancia o piso salarial nacional profissional, definido na Constitui\u00e7\u00e3o Federal.<br \/><br \/><strong>19 &#8211; Gest\u00e3o democr\u00e1tica:<br \/><\/strong>Assegurar condi\u00e7\u00f5es, no prazo de dois anos, para a efetiva\u00e7\u00e3o da gest\u00e3o democr\u00e1tica da Educa\u00e7\u00e3o, associada a crit\u00e9rios t\u00e9cnicos de m\u00e9rito e desempenho e \u00e0 consulta p\u00fablica \u00e0 comunidade escolar, no \u00e2mbito das escolas p\u00fablicas, prevendo recursos e apoio t\u00e9cnico da Uni\u00e3o para tanto.<br \/><br \/><strong>20 &#8211; Financiamento da Educa\u00e7\u00e3o:<br \/><\/strong>Ampliar o investimento p\u00fablico em Educa\u00e7\u00e3o p\u00fablica de forma a atingir, no m\u00ednimo, o patamar de 7% do Produto Interno Bruto (PIB) do Pa\u00eds no quinto ano de vig\u00eancia da lei do PNE e, no m\u00ednimo, o equivalente a 10% do PIB ao final do dec\u00eanio.<\/p>\n\n\n\n<h3 class=\"wp-block-heading\" id=\"h-desafios-na-implementacao-do-pne\">Desafios na implementa\u00e7\u00e3o do PNE<\/h3>\n\n\n\n<p>Apesar da import\u00e2ncia do PNE, a sua implementa\u00e7\u00e3o enfrenta desafios significativos. A <strong>falta de recursos financeiros, a burocracia, a resist\u00eancia a mudan\u00e7as e a instabilidade pol\u00edtica<\/strong> s\u00e3o alguns dos obst\u00e1culos que podem comprometer o alcance das metas propostas.<\/p>\n\n\n\n<p>A gest\u00e3o eficiente e transparente dos recursos destinados \u00e0 educa\u00e7\u00e3o \u00e9 uma preocupa\u00e7\u00e3o constante, exigindo uma colabora\u00e7\u00e3o estreita entre os diferentes n\u00edveis de governo e a sociedade civil. A capacita\u00e7\u00e3o cont\u00ednua dos profissionais da educa\u00e7\u00e3o, a valoriza\u00e7\u00e3o da carreira docente e a promo\u00e7\u00e3o da participa\u00e7\u00e3o ativa dos pais no processo educacional s\u00e3o elementos cruciais para o sucesso do plano.<\/p>\n\n\n\n<h3 class=\"wp-block-heading\" id=\"h-consideracoes-finais\">Considera\u00e7\u00f5es Finais <\/h3>\n\n\n\n<p>O Plano Nacional de Educa\u00e7\u00e3o, regido pela Lei 13.005\/2014, \u00e9 uma ferramenta valiosa para moldar o futuro da educa\u00e7\u00e3o no Brasil. As metas ambiciosas, se alcan\u00e7adas, t\u00eam o potencial de transformar o cen\u00e1rio educacional, promovendo a igualdade de oportunidades, o desenvolvimento cient\u00edfico e tecnol\u00f3gico e a constru\u00e7\u00e3o de uma sociedade mais justa e sustent\u00e1vel.<\/p>\n\n\n\n<p>Entretanto, para que essas metas se tornem realidade, \u00e9 necess\u00e1rio um esfor\u00e7o coletivo. A colabora\u00e7\u00e3o entre governo, institui\u00e7\u00f5es educacionais, professores, estudantes e a sociedade civil \u00e9 fundamental. Somente com um compromisso compartilhado e a\u00e7\u00f5es concretas ser\u00e1 poss\u00edvel superar os desafios e construir uma educa\u00e7\u00e3o de qualidade para todos os brasileiros.<\/p>\n\n\n\n<p>Pessoal, espero que essas informa\u00e7\u00f5es sejam \u00fateis para voc\u00eas, de forma que consigam entender melhor os principais pontos do tema <em><strong>Plano Nacional de Educa\u00e7\u00e3o (PNE)<\/strong><\/em>, aprimorando o estudo para o CNU. <\/p>\n\n\n\n<p>Um forte abra\u00e7o e \u00f3timos estudos!<\/p>\n\n\n\n<p><strong>Vin\u00edcius Peron Fineto.<\/strong><\/p>\n\n\n\n<h2 class=\"wp-block-heading has-text-align-center\" id=\"quer-saber-tudo-sobre-concursos-previstos-confira-nossos-artigos\">Quer saber tudo sobre concursos previstos?<br \/>Confira nossos artigos!<\/h2>\n\n\n\n<p class=\"has-text-align-center has-pale-cyan-blue-background-color has-background has-medium-font-size\"><a href=\"https:\/\/www.estrategiaconcursos.com.br\/blog\/concursos-abertos\/\" target=\"_blank\" rel=\"noreferrer noopener\">Concursos abertos<\/a><\/p>\n\n\n\n<p class=\"has-text-align-center has-pale-cyan-blue-background-color has-background has-medium-font-size\"><a href=\"https:\/\/www.estrategiaconcursos.com.br\/blog\/concursos-2023\/\" target=\"_blank\" rel=\"noreferrer noopener\">Concursos 2023<\/a><\/p>\n\n\n\n<p class=\"has-text-align-center has-pale-cyan-blue-background-color has-background has-medium-font-size\"><a href=\"https:\/\/www.estrategiaconcursos.com.br\/blog\/concursos-2024\/\" target=\"_blank\" rel=\"noreferrer noopener\">Concursos 2024<\/a><\/p>\n\n\n\n<div class=\"container\" id=\"boxes\">\n  <div class=\"row\">\n    <div class=\"col-sm\">\n      <div class=\"estrategia\" id=\"box-assinatura\">\n        <h3 class=\"titulo-assinatura\">Assinatura de Concursos<\/h3>\n        <p class=\"subtitulo-assinatura\">Assinatura de 1 ano ou 2 anos<\/p>\n        <div class=\"box-botao\">\n          <a class=\"btn-assinatura\" target=\"_blank\" href=\"https:\/\/www.estrategiaconcursos.com.br\/assinaturas\/\" role=\"button\" rel=\"noopener noreferrer\">ASSINE AGORA<\/a>\n        <\/div>\n      <\/div>\n      \n    <\/div><\/div><\/div>\n\n\n\n<p><\/p>\n","protected":false},"excerpt":{"rendered":"<p>Neste artigo, faremos um resumo do Plano Nacional de Educa\u00e7\u00e3o, focando no Concurso Nacional Unificado (Educa\u00e7\u00e3o, Ci\u00eancia e Tecnologia).<\/p>\n","protected":false},"author":1762,"featured_media":0,"comment_status":"open","ping_status":"closed","sticky":false,"template":"","format":"standard","meta":{"post_tipo":"article","footnotes":""},"categories":[1,3766],"tags":[221568],"tax_estado":[219963],"class_list":["post-1305888","post","type-post","status-publish","format-standard","hentry","category-cursos-e-concursos","category-educacional","tag-cnu","tax_estado-concursos-federais"],"acf":[],"yoast_head":"<!-- This site is optimized with the Yoast SEO Premium plugin v27.2 (Yoast SEO v27.2) - https:\/\/yoast.com\/product\/yoast-seo-premium-wordpress\/ -->\n<title>Plano Nacional de Educa\u00e7\u00e3o (PNE): o que saber para o CNU?<\/title>\n<meta name=\"description\" content=\"Neste artigo, faremos um resumo do Plano Nacional de Educa\u00e7\u00e3o, focando no Concurso Nacional Unificado (Educa\u00e7\u00e3o, Ci\u00eancia e Tecnologia).\" \/>\n<meta name=\"robots\" content=\"index, follow, max-snippet:-1, max-image-preview:large, max-video-preview:-1\" \/>\n<link rel=\"canonical\" href=\"https:\/\/www.estrategiaconcursos.com.br\/blog\/plano-nacional-educacao\/\" \/>\n<meta property=\"og:locale\" content=\"pt_BR\" \/>\n<meta property=\"og:type\" content=\"article\" \/>\n<meta property=\"og:title\" content=\"Plano Nacional de Educa\u00e7\u00e3o (PNE): o que saber para o CNU?\" \/>\n<meta property=\"og:description\" content=\"Neste artigo, faremos um resumo do Plano Nacional de Educa\u00e7\u00e3o, focando no Concurso Nacional Unificado (Educa\u00e7\u00e3o, Ci\u00eancia e Tecnologia).\" \/>\n<meta property=\"og:url\" content=\"https:\/\/www.estrategiaconcursos.com.br\/blog\/plano-nacional-educacao\/\" \/>\n<meta property=\"og:site_name\" content=\"Estrat\u00e9gia Concursos\" \/>\n<meta property=\"article:published_time\" content=\"2023-12-12T14:00:00+00:00\" \/>\n<meta property=\"og:image\" content=\"https:\/\/dhg1h5j42swfq.cloudfront.net\/2023\/11\/24142005\/concurso-nacional-unificado-300x169-1.jpg\" \/>\n\t<meta property=\"og:image:width\" content=\"300\" \/>\n\t<meta property=\"og:image:height\" content=\"169\" \/>\n\t<meta property=\"og:image:type\" content=\"image\/jpeg\" \/>\n<meta name=\"author\" content=\"Vin\u00edcius Peron Fineto\" \/>\n<meta name=\"twitter:card\" content=\"summary_large_image\" \/>\n<meta name=\"twitter:creator\" content=\"@EstratConcursos\" \/>\n<meta name=\"twitter:site\" content=\"@EstratConcursos\" \/>\n<meta name=\"twitter:label1\" content=\"Escrito por\" \/>\n\t<meta name=\"twitter:data1\" content=\"Vin\u00edcius Peron Fineto\" \/>\n\t<meta name=\"twitter:label2\" content=\"Est. tempo de leitura\" \/>\n\t<meta name=\"twitter:data2\" content=\"11 minutos\" \/>\n<script type=\"application\/ld+json\" class=\"yoast-schema-graph\">{\"@context\":\"https:\/\/schema.org\",\"@graph\":[{\"@type\":\"NewsArticle\",\"@id\":\"https:\/\/www.estrategiaconcursos.com.br\/blog\/plano-nacional-educacao\/#article\",\"isPartOf\":{\"@id\":\"https:\/\/www.estrategiaconcursos.com.br\/blog\/plano-nacional-educacao\/\"},\"author\":{\"name\":\"Vin\u00edcius Peron Fineto\",\"@id\":\"https:\/\/www.estrategiaconcursos.com.br\/blog\/#\/schema\/person\/fe8a2abf3ff9f696350c947cf9947cc6\"},\"headline\":\"Plano Nacional de Educa\u00e7\u00e3o (PNE): o que saber para o CNU?\",\"datePublished\":\"2023-12-12T14:00:00+00:00\",\"mainEntityOfPage\":{\"@id\":\"https:\/\/www.estrategiaconcursos.com.br\/blog\/plano-nacional-educacao\/\"},\"wordCount\":2147,\"commentCount\":0,\"publisher\":{\"@id\":\"https:\/\/www.estrategiaconcursos.com.br\/blog\/#organization\"},\"image\":{\"@id\":\"https:\/\/www.estrategiaconcursos.com.br\/blog\/plano-nacional-educacao\/#primaryimage\"},\"thumbnailUrl\":\"https:\/\/www.estrategiaconcursos.com.br\/blog\/wp-content\/uploads\/2023\/08\/concurso-nacional-unificado.jpg\",\"keywords\":[\"cnu\"],\"articleSection\":[\"Concursos P\u00fablicos\",\"Educa\u00e7\u00e3o\"],\"inLanguage\":\"pt-BR\",\"potentialAction\":[{\"@type\":\"CommentAction\",\"name\":\"Comment\",\"target\":[\"https:\/\/www.estrategiaconcursos.com.br\/blog\/plano-nacional-educacao\/#respond\"]}],\"copyrightYear\":\"2023\",\"copyrightHolder\":{\"@id\":\"https:\/\/www.estrategiaconcursos.com.br\/blog\/#organization\"}},{\"@type\":\"WebPage\",\"@id\":\"https:\/\/www.estrategiaconcursos.com.br\/blog\/plano-nacional-educacao\/\",\"url\":\"https:\/\/www.estrategiaconcursos.com.br\/blog\/plano-nacional-educacao\/\",\"name\":\"Plano Nacional de Educa\u00e7\u00e3o (PNE): o que saber para o CNU?\",\"isPartOf\":{\"@id\":\"https:\/\/www.estrategiaconcursos.com.br\/blog\/#website\"},\"primaryImageOfPage\":{\"@id\":\"https:\/\/www.estrategiaconcursos.com.br\/blog\/plano-nacional-educacao\/#primaryimage\"},\"image\":{\"@id\":\"https:\/\/www.estrategiaconcursos.com.br\/blog\/plano-nacional-educacao\/#primaryimage\"},\"thumbnailUrl\":\"https:\/\/www.estrategiaconcursos.com.br\/blog\/wp-content\/uploads\/2023\/08\/concurso-nacional-unificado.jpg\",\"datePublished\":\"2023-12-12T14:00:00+00:00\",\"description\":\"Neste artigo, faremos um resumo do Plano Nacional de Educa\u00e7\u00e3o, focando no Concurso Nacional Unificado (Educa\u00e7\u00e3o, Ci\u00eancia e Tecnologia).\",\"breadcrumb\":{\"@id\":\"https:\/\/www.estrategiaconcursos.com.br\/blog\/plano-nacional-educacao\/#breadcrumb\"},\"inLanguage\":\"pt-BR\",\"potentialAction\":[{\"@type\":\"ReadAction\",\"target\":[\"https:\/\/www.estrategiaconcursos.com.br\/blog\/plano-nacional-educacao\/\"]}]},{\"@type\":\"ImageObject\",\"inLanguage\":\"pt-BR\",\"@id\":\"https:\/\/www.estrategiaconcursos.com.br\/blog\/plano-nacional-educacao\/#primaryimage\",\"url\":\"https:\/\/dhg1h5j42swfq.cloudfront.net\/2023\/08\/29075651\/concurso-nacional-unificado.jpg\",\"contentUrl\":\"https:\/\/dhg1h5j42swfq.cloudfront.net\/2023\/08\/29075651\/concurso-nacional-unificado.jpg\",\"width\":768,\"height\":432,\"caption\":\"CNU 2: saiu convoca\u00e7\u00e3o para Fase 6; cronograma atualizado\"},{\"@type\":\"BreadcrumbList\",\"@id\":\"https:\/\/www.estrategiaconcursos.com.br\/blog\/plano-nacional-educacao\/#breadcrumb\",\"itemListElement\":[{\"@type\":\"ListItem\",\"position\":1,\"name\":\"In\u00edcio\",\"item\":\"https:\/\/www.estrategiaconcursos.com.br\/blog\/\"},{\"@type\":\"ListItem\",\"position\":2,\"name\":\"Plano Nacional de Educa\u00e7\u00e3o (PNE): o que saber para o CNU?\"}]},{\"@type\":\"WebSite\",\"@id\":\"https:\/\/www.estrategiaconcursos.com.br\/blog\/#website\",\"url\":\"https:\/\/www.estrategiaconcursos.com.br\/blog\/\",\"name\":\"Estrat\u00e9gia Concursos\",\"description\":\"O blog da Estrat\u00e9gia Concursos traz not\u00edcias sobre concursos e artigos de professores oferecendo cursos para concursos (pdf + videaulas) no site.\",\"publisher\":{\"@id\":\"https:\/\/www.estrategiaconcursos.com.br\/blog\/#organization\"},\"potentialAction\":[{\"@type\":\"SearchAction\",\"target\":{\"@type\":\"EntryPoint\",\"urlTemplate\":\"https:\/\/www.estrategiaconcursos.com.br\/blog\/?s={search_term_string}\"},\"query-input\":{\"@type\":\"PropertyValueSpecification\",\"valueRequired\":true,\"valueName\":\"search_term_string\"}}],\"inLanguage\":\"pt-BR\"},{\"@type\":\"Organization\",\"@id\":\"https:\/\/www.estrategiaconcursos.com.br\/blog\/#organization\",\"name\":\"Estrat\u00e9gia Concursos\",\"url\":\"https:\/\/www.estrategiaconcursos.com.br\/blog\/\",\"logo\":{\"@type\":\"ImageObject\",\"inLanguage\":\"pt-BR\",\"@id\":\"https:\/\/www.estrategiaconcursos.com.br\/blog\/#\/schema\/logo\/image\/\",\"url\":\"https:\/\/dhg1h5j42swfq.cloudfront.net\/2025\/06\/03203428\/logo_concursos-1.jpg\",\"contentUrl\":\"https:\/\/dhg1h5j42swfq.cloudfront.net\/2025\/06\/03203428\/logo_concursos-1.jpg\",\"width\":230,\"height\":60,\"caption\":\"Estrat\u00e9gia Concursos\"},\"image\":{\"@id\":\"https:\/\/www.estrategiaconcursos.com.br\/blog\/#\/schema\/logo\/image\/\"},\"sameAs\":[\"https:\/\/x.com\/EstratConcursos\"]},{\"@type\":\"Person\",\"@id\":\"https:\/\/www.estrategiaconcursos.com.br\/blog\/#\/schema\/person\/fe8a2abf3ff9f696350c947cf9947cc6\",\"name\":\"Vin\u00edcius Peron Fineto\",\"image\":{\"@type\":\"ImageObject\",\"inLanguage\":\"pt-BR\",\"@id\":\"https:\/\/secure.gravatar.com\/avatar\/be5bf5bd8d22b43db4df87d616c1d70412b05a4f4ebc35a5f29a14d6ceda8da6?s=96&d=mm&r=g\",\"url\":\"https:\/\/secure.gravatar.com\/avatar\/be5bf5bd8d22b43db4df87d616c1d70412b05a4f4ebc35a5f29a14d6ceda8da6?s=96&d=mm&r=g\",\"contentUrl\":\"https:\/\/secure.gravatar.com\/avatar\/be5bf5bd8d22b43db4df87d616c1d70412b05a4f4ebc35a5f29a14d6ceda8da6?s=96&d=mm&r=g\",\"caption\":\"Vin\u00edcius Peron Fineto\"},\"url\":\"https:\/\/www.estrategiaconcursos.com.br\/blog\/author\/vinicius-finetoestrategiaconcursos-com-br\/\"}]}<\/script>\n<!-- \/ Yoast SEO Premium plugin. -->","yoast_head_json":{"title":"Plano Nacional de Educa\u00e7\u00e3o (PNE): o que saber para o CNU?","description":"Neste artigo, faremos um resumo do Plano Nacional de Educa\u00e7\u00e3o, focando no Concurso Nacional Unificado (Educa\u00e7\u00e3o, Ci\u00eancia e Tecnologia).","robots":{"index":"index","follow":"follow","max-snippet":"max-snippet:-1","max-image-preview":"max-image-preview:large","max-video-preview":"max-video-preview:-1"},"canonical":"https:\/\/www.estrategiaconcursos.com.br\/blog\/plano-nacional-educacao\/","og_locale":"pt_BR","og_type":"article","og_title":"Plano Nacional de Educa\u00e7\u00e3o (PNE): o que saber para o CNU?","og_description":"Neste artigo, faremos um resumo do Plano Nacional de Educa\u00e7\u00e3o, focando no Concurso Nacional Unificado (Educa\u00e7\u00e3o, Ci\u00eancia e Tecnologia).","og_url":"https:\/\/www.estrategiaconcursos.com.br\/blog\/plano-nacional-educacao\/","og_site_name":"Estrat\u00e9gia Concursos","article_published_time":"2023-12-12T14:00:00+00:00","og_image":[{"width":300,"height":169,"url":"https:\/\/dhg1h5j42swfq.cloudfront.net\/2023\/11\/24142005\/concurso-nacional-unificado-300x169-1.jpg","type":"image\/jpeg"}],"author":"Vin\u00edcius Peron Fineto","twitter_card":"summary_large_image","twitter_creator":"@EstratConcursos","twitter_site":"@EstratConcursos","twitter_misc":{"Escrito por":"Vin\u00edcius Peron Fineto","Est. tempo de leitura":"11 minutos"},"schema":{"@context":"https:\/\/schema.org","@graph":[{"@type":"NewsArticle","@id":"https:\/\/www.estrategiaconcursos.com.br\/blog\/plano-nacional-educacao\/#article","isPartOf":{"@id":"https:\/\/www.estrategiaconcursos.com.br\/blog\/plano-nacional-educacao\/"},"author":{"name":"Vin\u00edcius Peron Fineto","@id":"https:\/\/www.estrategiaconcursos.com.br\/blog\/#\/schema\/person\/fe8a2abf3ff9f696350c947cf9947cc6"},"headline":"Plano Nacional de Educa\u00e7\u00e3o (PNE): o que saber para o CNU?","datePublished":"2023-12-12T14:00:00+00:00","mainEntityOfPage":{"@id":"https:\/\/www.estrategiaconcursos.com.br\/blog\/plano-nacional-educacao\/"},"wordCount":2147,"commentCount":0,"publisher":{"@id":"https:\/\/www.estrategiaconcursos.com.br\/blog\/#organization"},"image":{"@id":"https:\/\/www.estrategiaconcursos.com.br\/blog\/plano-nacional-educacao\/#primaryimage"},"thumbnailUrl":"https:\/\/www.estrategiaconcursos.com.br\/blog\/wp-content\/uploads\/2023\/08\/concurso-nacional-unificado.jpg","keywords":["cnu"],"articleSection":["Concursos P\u00fablicos","Educa\u00e7\u00e3o"],"inLanguage":"pt-BR","potentialAction":[{"@type":"CommentAction","name":"Comment","target":["https:\/\/www.estrategiaconcursos.com.br\/blog\/plano-nacional-educacao\/#respond"]}],"copyrightYear":"2023","copyrightHolder":{"@id":"https:\/\/www.estrategiaconcursos.com.br\/blog\/#organization"}},{"@type":"WebPage","@id":"https:\/\/www.estrategiaconcursos.com.br\/blog\/plano-nacional-educacao\/","url":"https:\/\/www.estrategiaconcursos.com.br\/blog\/plano-nacional-educacao\/","name":"Plano Nacional de Educa\u00e7\u00e3o (PNE): o que saber para o CNU?","isPartOf":{"@id":"https:\/\/www.estrategiaconcursos.com.br\/blog\/#website"},"primaryImageOfPage":{"@id":"https:\/\/www.estrategiaconcursos.com.br\/blog\/plano-nacional-educacao\/#primaryimage"},"image":{"@id":"https:\/\/www.estrategiaconcursos.com.br\/blog\/plano-nacional-educacao\/#primaryimage"},"thumbnailUrl":"https:\/\/www.estrategiaconcursos.com.br\/blog\/wp-content\/uploads\/2023\/08\/concurso-nacional-unificado.jpg","datePublished":"2023-12-12T14:00:00+00:00","description":"Neste artigo, faremos um resumo do Plano Nacional de Educa\u00e7\u00e3o, focando no Concurso Nacional Unificado (Educa\u00e7\u00e3o, Ci\u00eancia e Tecnologia).","breadcrumb":{"@id":"https:\/\/www.estrategiaconcursos.com.br\/blog\/plano-nacional-educacao\/#breadcrumb"},"inLanguage":"pt-BR","potentialAction":[{"@type":"ReadAction","target":["https:\/\/www.estrategiaconcursos.com.br\/blog\/plano-nacional-educacao\/"]}]},{"@type":"ImageObject","inLanguage":"pt-BR","@id":"https:\/\/www.estrategiaconcursos.com.br\/blog\/plano-nacional-educacao\/#primaryimage","url":"https:\/\/dhg1h5j42swfq.cloudfront.net\/2023\/08\/29075651\/concurso-nacional-unificado.jpg","contentUrl":"https:\/\/dhg1h5j42swfq.cloudfront.net\/2023\/08\/29075651\/concurso-nacional-unificado.jpg","width":768,"height":432,"caption":"CNU 2: saiu convoca\u00e7\u00e3o para Fase 6; cronograma atualizado"},{"@type":"BreadcrumbList","@id":"https:\/\/www.estrategiaconcursos.com.br\/blog\/plano-nacional-educacao\/#breadcrumb","itemListElement":[{"@type":"ListItem","position":1,"name":"In\u00edcio","item":"https:\/\/www.estrategiaconcursos.com.br\/blog\/"},{"@type":"ListItem","position":2,"name":"Plano Nacional de Educa\u00e7\u00e3o (PNE): o que saber para o CNU?"}]},{"@type":"WebSite","@id":"https:\/\/www.estrategiaconcursos.com.br\/blog\/#website","url":"https:\/\/www.estrategiaconcursos.com.br\/blog\/","name":"Estrat\u00e9gia Concursos","description":"O blog da Estrat\u00e9gia Concursos traz not\u00edcias sobre concursos e artigos de professores oferecendo cursos para concursos (pdf + videaulas) no site.","publisher":{"@id":"https:\/\/www.estrategiaconcursos.com.br\/blog\/#organization"},"potentialAction":[{"@type":"SearchAction","target":{"@type":"EntryPoint","urlTemplate":"https:\/\/www.estrategiaconcursos.com.br\/blog\/?s={search_term_string}"},"query-input":{"@type":"PropertyValueSpecification","valueRequired":true,"valueName":"search_term_string"}}],"inLanguage":"pt-BR"},{"@type":"Organization","@id":"https:\/\/www.estrategiaconcursos.com.br\/blog\/#organization","name":"Estrat\u00e9gia Concursos","url":"https:\/\/www.estrategiaconcursos.com.br\/blog\/","logo":{"@type":"ImageObject","inLanguage":"pt-BR","@id":"https:\/\/www.estrategiaconcursos.com.br\/blog\/#\/schema\/logo\/image\/","url":"https:\/\/dhg1h5j42swfq.cloudfront.net\/2025\/06\/03203428\/logo_concursos-1.jpg","contentUrl":"https:\/\/dhg1h5j42swfq.cloudfront.net\/2025\/06\/03203428\/logo_concursos-1.jpg","width":230,"height":60,"caption":"Estrat\u00e9gia Concursos"},"image":{"@id":"https:\/\/www.estrategiaconcursos.com.br\/blog\/#\/schema\/logo\/image\/"},"sameAs":["https:\/\/x.com\/EstratConcursos"]},{"@type":"Person","@id":"https:\/\/www.estrategiaconcursos.com.br\/blog\/#\/schema\/person\/fe8a2abf3ff9f696350c947cf9947cc6","name":"Vin\u00edcius Peron Fineto","image":{"@type":"ImageObject","inLanguage":"pt-BR","@id":"https:\/\/secure.gravatar.com\/avatar\/be5bf5bd8d22b43db4df87d616c1d70412b05a4f4ebc35a5f29a14d6ceda8da6?s=96&d=mm&r=g","url":"https:\/\/secure.gravatar.com\/avatar\/be5bf5bd8d22b43db4df87d616c1d70412b05a4f4ebc35a5f29a14d6ceda8da6?s=96&d=mm&r=g","contentUrl":"https:\/\/secure.gravatar.com\/avatar\/be5bf5bd8d22b43db4df87d616c1d70412b05a4f4ebc35a5f29a14d6ceda8da6?s=96&d=mm&r=g","caption":"Vin\u00edcius Peron Fineto"},"url":"https:\/\/www.estrategiaconcursos.com.br\/blog\/author\/vinicius-finetoestrategiaconcursos-com-br\/"}]}},"_links":{"self":[{"href":"https:\/\/www.estrategiaconcursos.com.br\/blog\/wp-json\/wp\/v2\/posts\/1305888","targetHints":{"allow":["GET"]}}],"collection":[{"href":"https:\/\/www.estrategiaconcursos.com.br\/blog\/wp-json\/wp\/v2\/posts"}],"about":[{"href":"https:\/\/www.estrategiaconcursos.com.br\/blog\/wp-json\/wp\/v2\/types\/post"}],"author":[{"embeddable":true,"href":"https:\/\/www.estrategiaconcursos.com.br\/blog\/wp-json\/wp\/v2\/users\/1762"}],"replies":[{"embeddable":true,"href":"https:\/\/www.estrategiaconcursos.com.br\/blog\/wp-json\/wp\/v2\/comments?post=1305888"}],"version-history":[{"count":14,"href":"https:\/\/www.estrategiaconcursos.com.br\/blog\/wp-json\/wp\/v2\/posts\/1305888\/revisions"}],"predecessor-version":[{"id":1308898,"href":"https:\/\/www.estrategiaconcursos.com.br\/blog\/wp-json\/wp\/v2\/posts\/1305888\/revisions\/1308898"}],"wp:attachment":[{"href":"https:\/\/www.estrategiaconcursos.com.br\/blog\/wp-json\/wp\/v2\/media?parent=1305888"}],"wp:term":[{"taxonomy":"category","embeddable":true,"href":"https:\/\/www.estrategiaconcursos.com.br\/blog\/wp-json\/wp\/v2\/categories?post=1305888"},{"taxonomy":"post_tag","embeddable":true,"href":"https:\/\/www.estrategiaconcursos.com.br\/blog\/wp-json\/wp\/v2\/tags?post=1305888"},{"taxonomy":"tax_estado","embeddable":true,"href":"https:\/\/www.estrategiaconcursos.com.br\/blog\/wp-json\/wp\/v2\/tax_estado?post=1305888"}],"curies":[{"name":"wp","href":"https:\/\/api.w.org\/{rel}","templated":true}]}}