{"id":130561,"date":"2018-07-11T04:30:51","date_gmt":"2018-07-11T07:30:51","guid":{"rendered":"https:\/\/www.estrategiaconcursos.com.br\/blog\/?p=130561"},"modified":"2018-07-13T14:42:03","modified_gmt":"2018-07-13T17:42:03","slug":"abaixo-assinado-prova-de-digitacao-tj-sp-interior","status":"publish","type":"post","link":"https:\/\/www.estrategiaconcursos.com.br\/blog\/abaixo-assinado-prova-de-digitacao-tj-sp-interior\/","title":{"rendered":"Candidatos podem interpor recursos contra data da Prova de Digita\u00e7\u00e3o do TJ SP Interior"},"content":{"rendered":"<p><span style=\"font-size: 18pt;\"><em><strong>Recursos podem ser interpostos no site da Vunesp<\/strong><\/em><\/span><\/p>\n<p>O Estrat\u00e9gia Concursos entrou em contato com o Tribunal de Justi\u00e7a de S\u00e3o Paulo na tentativa encontrar uma forma e indicar a voc\u00ea o melhor caminho para mudar a data da Prova Pr\u00e1tica do certame, que deve acontecer nos dias 21, 22, 29 de julho e 5 de agosto.<\/p>\n<p>Dessa forma, alguns candidatos foram convocados para fazer a prova de digita\u00e7\u00e3o no dia em que acontecem as provas objetivas dos concursos dos TRT&#8217;s da 2\u00aa Regi\u00e3o e da 15\u00aa Regi\u00e3o, cujos certames os candidatos\u00a0tamb\u00e9m devem prestar provas.<\/p>\n<p>Conforme o TJ SP informou \u00e0 equipe do Estrat\u00e9gia Concursos, <em><strong>a melhor op\u00e7\u00e3o para impugnar a defini\u00e7\u00e3o da data da prova \u00e9 interpor um recurso contra o edital de convoca\u00e7\u00e3o das datas das provas pr\u00e1ticas<\/strong><\/em>. Isso pode ser feito no site da banca organizadora, a Funda\u00e7\u00e3o Vunesp.<\/p>\n<p>Portanto, se voc\u00ea vai prestar os concursos dos TRT&#8217;s e a defini\u00e7\u00e3o desta etapa do concurso do TJ SP te prejudicou, n\u00f3s vamos te explicar como e onde voc\u00ea pode interpor o recurso contra a data da prova de Digita\u00e7\u00e3o do concurso do TJ SP das regi\u00f5es administrativas do Interior.<\/p>\n<p>A primeira coisa \u00e9 acessar o site da banca Vunesp. L\u00e1 voc\u00ea vai ter um bot\u00e3o no Menu chamado Recursos, conforme ilustrado na imagem abaixo. \u00c9 nesta \u00e1rea que voc\u00ea deve registrar e solicitar impugna\u00e7\u00e3o contra a data da prova de digita\u00e7\u00e3o do TJ SP.<\/p>\n<p><img loading=\"lazy\" decoding=\"async\" class=\"aligncenter size-full wp-image-130833\" src=\"https:\/\/dhg1h5j42swfq.cloudfront.net\/2018\/07\/12103707\/vunesp.png\" alt=\"\" width=\"883\" height=\"679\" srcset=\"https:\/\/dhg1h5j42swfq.cloudfront.net\/2018\/07\/12103707\/vunesp.png 883w, https:\/\/dhg1h5j42swfq.cloudfront.net\/2018\/07\/12103707\/vunesp.png 300w, https:\/\/dhg1h5j42swfq.cloudfront.net\/2018\/07\/12103707\/vunesp.png 768w, https:\/\/dhg1h5j42swfq.cloudfront.net\/2018\/07\/12103707\/vunesp.png 610w\" sizes=\"auto, (max-width: 883px) 100vw, 883px\" \/><\/p>\n<p>Como explica o item XIII do edital do concurso, voc\u00ea precisa fazer esse procedimento <em><strong>no prazo m\u00e1ximo de CINCO DIAS corridos<\/strong><\/em>, contados a partir da publica\u00e7\u00e3o do edital de convoca\u00e7\u00e3o das provas. O edital de convoca\u00e7\u00e3o foi publicado na quarta-feira, 11 de julho. Apenas os candidatos podem fazer isso.<\/p>\n<p>Portanto, se voc\u00ea \u00e9 um candidato apto, foi convocado a prestar a prova de digita\u00e7\u00e3o, e vai prestar os concursos do TRT 2 ou do TRT 15, interponha o recurso no site da banca.<\/p>\n","protected":false},"excerpt":{"rendered":"<p>Recursos podem ser interpostos no site da Vunesp O Estrat\u00e9gia Concursos entrou em contato com o Tribunal de Justi\u00e7a de S\u00e3o Paulo na tentativa encontrar uma forma e indicar a voc\u00ea o melhor caminho para mudar a data da Prova Pr\u00e1tica do certame, que deve acontecer nos dias 21, 22, 29 de julho e 5 [&hellip;]<\/p>\n","protected":false},"author":1,"featured_media":86294,"comment_status":"open","ping_status":"closed","sticky":false,"template":"","format":"standard","meta":{"post_tipo":"news","footnotes":""},"categories":[1],"tags":[],"tax_estado":[],"class_list":["post-130561","post","type-post","status-publish","format-standard","has-post-thumbnail","hentry","category-cursos-e-concursos"],"acf":[],"yoast_head":"<!-- This site is optimized with the Yoast SEO Premium plugin v27.2 (Yoast SEO v27.2) - https:\/\/yoast.com\/product\/yoast-seo-premium-wordpress\/ -->\n<title>Candidatos podem interpor recursos contra data da Prova de Digita\u00e7\u00e3o do TJ SP Interior<\/title>\n<meta name=\"robots\" content=\"index, follow, max-snippet:-1, max-image-preview:large, max-video-preview:-1\" \/>\n<link rel=\"canonical\" href=\"https:\/\/www.estrategiaconcursos.com.br\/blog\/abaixo-assinado-prova-de-digitacao-tj-sp-interior\/\" \/>\n<meta property=\"og:locale\" content=\"pt_BR\" \/>\n<meta property=\"og:type\" content=\"article\" \/>\n<meta property=\"og:title\" content=\"Candidatos podem interpor recursos contra data da Prova de Digita\u00e7\u00e3o do TJ SP Interior\" \/>\n<meta property=\"og:description\" content=\"Recursos podem ser interpostos no site da Vunesp O Estrat\u00e9gia Concursos entrou em contato com o Tribunal de Justi\u00e7a de S\u00e3o Paulo na tentativa encontrar uma forma e indicar a voc\u00ea o melhor caminho para mudar a data da Prova Pr\u00e1tica do certame, que deve acontecer nos dias 21, 22, 29 de julho e 5 [&hellip;]\" \/>\n<meta property=\"og:url\" content=\"https:\/\/www.estrategiaconcursos.com.br\/blog\/abaixo-assinado-prova-de-digitacao-tj-sp-interior\/\" \/>\n<meta property=\"og:site_name\" content=\"Estrat\u00e9gia Concursos\" \/>\n<meta property=\"article:author\" content=\"https:\/\/www.facebook.com\/EstrategiaConcursos\" \/>\n<meta property=\"article:published_time\" content=\"2018-07-11T07:30:51+00:00\" \/>\n<meta property=\"article:modified_time\" content=\"2018-07-13T17:42:03+00:00\" \/>\n<meta property=\"og:image\" content=\"https:\/\/dhg1h5j42swfq.cloudfront.net\/2017\/08\/22121314\/TJ-SP-ESCREVENTE-e1503414801396.jpg\" \/>\n\t<meta property=\"og:image:width\" content=\"400\" \/>\n\t<meta property=\"og:image:height\" content=\"209\" \/>\n\t<meta property=\"og:image:type\" content=\"image\/jpeg\" \/>\n<meta name=\"author\" content=\"Coordena\u00e7\u00e3o\" \/>\n<meta name=\"twitter:card\" content=\"summary_large_image\" \/>\n<meta name=\"twitter:creator\" content=\"@EstratConcursos\" \/>\n<meta name=\"twitter:site\" content=\"@EstratConcursos\" \/>\n<meta name=\"twitter:label1\" content=\"Escrito por\" \/>\n\t<meta name=\"twitter:data1\" content=\"Coordena\u00e7\u00e3o\" \/>\n\t<meta name=\"twitter:label2\" content=\"Est. tempo de leitura\" \/>\n\t<meta name=\"twitter:data2\" content=\"2 minutos\" \/>\n<script type=\"application\/ld+json\" class=\"yoast-schema-graph\">{\"@context\":\"https:\/\/schema.org\",\"@graph\":[{\"@type\":\"NewsArticle\",\"@id\":\"https:\/\/www.estrategiaconcursos.com.br\/blog\/abaixo-assinado-prova-de-digitacao-tj-sp-interior\/#article\",\"isPartOf\":{\"@id\":\"https:\/\/www.estrategiaconcursos.com.br\/blog\/abaixo-assinado-prova-de-digitacao-tj-sp-interior\/\"},\"author\":{\"name\":\"Coordena\u00e7\u00e3o\",\"@id\":\"https:\/\/www.estrategiaconcursos.com.br\/blog\/#\/schema\/person\/b4a388c97673c5f483d72185668afa1f\"},\"headline\":\"Candidatos podem interpor recursos contra data da Prova de Digita\u00e7\u00e3o do TJ SP Interior\",\"datePublished\":\"2018-07-11T07:30:51+00:00\",\"dateModified\":\"2018-07-13T17:42:03+00:00\",\"mainEntityOfPage\":{\"@id\":\"https:\/\/www.estrategiaconcursos.com.br\/blog\/abaixo-assinado-prova-de-digitacao-tj-sp-interior\/\"},\"wordCount\":350,\"commentCount\":8,\"publisher\":{\"@id\":\"https:\/\/www.estrategiaconcursos.com.br\/blog\/#organization\"},\"image\":{\"@id\":\"https:\/\/www.estrategiaconcursos.com.br\/blog\/abaixo-assinado-prova-de-digitacao-tj-sp-interior\/#primaryimage\"},\"thumbnailUrl\":\"https:\/\/dhg1h5j42swfq.cloudfront.net\/2017\/08\/22121314\/TJ-SP-ESCREVENTE-e1503414801396.jpg\",\"articleSection\":[\"Concursos P\u00fablicos\"],\"inLanguage\":\"pt-BR\",\"potentialAction\":[{\"@type\":\"CommentAction\",\"name\":\"Comment\",\"target\":[\"https:\/\/www.estrategiaconcursos.com.br\/blog\/abaixo-assinado-prova-de-digitacao-tj-sp-interior\/#respond\"]}],\"copyrightYear\":\"2018\",\"copyrightHolder\":{\"@id\":\"https:\/\/www.estrategiaconcursos.com.br\/blog\/#organization\"}},{\"@type\":\"WebPage\",\"@id\":\"https:\/\/www.estrategiaconcursos.com.br\/blog\/abaixo-assinado-prova-de-digitacao-tj-sp-interior\/\",\"url\":\"https:\/\/www.estrategiaconcursos.com.br\/blog\/abaixo-assinado-prova-de-digitacao-tj-sp-interior\/\",\"name\":\"Candidatos podem interpor recursos contra data da Prova de Digita\u00e7\u00e3o do TJ SP Interior\",\"isPartOf\":{\"@id\":\"https:\/\/www.estrategiaconcursos.com.br\/blog\/#website\"},\"primaryImageOfPage\":{\"@id\":\"https:\/\/www.estrategiaconcursos.com.br\/blog\/abaixo-assinado-prova-de-digitacao-tj-sp-interior\/#primaryimage\"},\"image\":{\"@id\":\"https:\/\/www.estrategiaconcursos.com.br\/blog\/abaixo-assinado-prova-de-digitacao-tj-sp-interior\/#primaryimage\"},\"thumbnailUrl\":\"https:\/\/dhg1h5j42swfq.cloudfront.net\/2017\/08\/22121314\/TJ-SP-ESCREVENTE-e1503414801396.jpg\",\"datePublished\":\"2018-07-11T07:30:51+00:00\",\"dateModified\":\"2018-07-13T17:42:03+00:00\",\"breadcrumb\":{\"@id\":\"https:\/\/www.estrategiaconcursos.com.br\/blog\/abaixo-assinado-prova-de-digitacao-tj-sp-interior\/#breadcrumb\"},\"inLanguage\":\"pt-BR\",\"potentialAction\":[{\"@type\":\"ReadAction\",\"target\":[\"https:\/\/www.estrategiaconcursos.com.br\/blog\/abaixo-assinado-prova-de-digitacao-tj-sp-interior\/\"]}]},{\"@type\":\"ImageObject\",\"inLanguage\":\"pt-BR\",\"@id\":\"https:\/\/www.estrategiaconcursos.com.br\/blog\/abaixo-assinado-prova-de-digitacao-tj-sp-interior\/#primaryimage\",\"url\":\"https:\/\/dhg1h5j42swfq.cloudfront.net\/2017\/08\/22121314\/TJ-SP-ESCREVENTE-e1503414801396.jpg\",\"contentUrl\":\"https:\/\/dhg1h5j42swfq.cloudfront.net\/2017\/08\/22121314\/TJ-SP-ESCREVENTE-e1503414801396.jpg\",\"width\":400,\"height\":209,\"caption\":\"Concurso TJ SP\"},{\"@type\":\"BreadcrumbList\",\"@id\":\"https:\/\/www.estrategiaconcursos.com.br\/blog\/abaixo-assinado-prova-de-digitacao-tj-sp-interior\/#breadcrumb\",\"itemListElement\":[{\"@type\":\"ListItem\",\"position\":1,\"name\":\"In\u00edcio\",\"item\":\"https:\/\/www.estrategiaconcursos.com.br\/blog\/\"},{\"@type\":\"ListItem\",\"position\":2,\"name\":\"Candidatos podem interpor recursos contra data da Prova de Digita\u00e7\u00e3o do TJ SP Interior\"}]},{\"@type\":\"WebSite\",\"@id\":\"https:\/\/www.estrategiaconcursos.com.br\/blog\/#website\",\"url\":\"https:\/\/www.estrategiaconcursos.com.br\/blog\/\",\"name\":\"Estrat\u00e9gia Concursos\",\"description\":\"O blog da Estrat\u00e9gia Concursos traz not\u00edcias sobre concursos e artigos de professores oferecendo cursos para concursos (pdf + videaulas) no site.\",\"publisher\":{\"@id\":\"https:\/\/www.estrategiaconcursos.com.br\/blog\/#organization\"},\"potentialAction\":[{\"@type\":\"SearchAction\",\"target\":{\"@type\":\"EntryPoint\",\"urlTemplate\":\"https:\/\/www.estrategiaconcursos.com.br\/blog\/?s={search_term_string}\"},\"query-input\":{\"@type\":\"PropertyValueSpecification\",\"valueRequired\":true,\"valueName\":\"search_term_string\"}}],\"inLanguage\":\"pt-BR\"},{\"@type\":\"Organization\",\"@id\":\"https:\/\/www.estrategiaconcursos.com.br\/blog\/#organization\",\"name\":\"Estrat\u00e9gia Concursos\",\"url\":\"https:\/\/www.estrategiaconcursos.com.br\/blog\/\",\"logo\":{\"@type\":\"ImageObject\",\"inLanguage\":\"pt-BR\",\"@id\":\"https:\/\/www.estrategiaconcursos.com.br\/blog\/#\/schema\/logo\/image\/\",\"url\":\"https:\/\/dhg1h5j42swfq.cloudfront.net\/2025\/06\/03203428\/logo_concursos-1.jpg\",\"contentUrl\":\"https:\/\/dhg1h5j42swfq.cloudfront.net\/2025\/06\/03203428\/logo_concursos-1.jpg\",\"width\":230,\"height\":60,\"caption\":\"Estrat\u00e9gia Concursos\"},\"image\":{\"@id\":\"https:\/\/www.estrategiaconcursos.com.br\/blog\/#\/schema\/logo\/image\/\"},\"sameAs\":[\"https:\/\/x.com\/EstratConcursos\"]},{\"@type\":\"Person\",\"@id\":\"https:\/\/www.estrategiaconcursos.com.br\/blog\/#\/schema\/person\/b4a388c97673c5f483d72185668afa1f\",\"name\":\"Coordena\u00e7\u00e3o\",\"image\":{\"@type\":\"ImageObject\",\"inLanguage\":\"pt-BR\",\"@id\":\"https:\/\/secure.gravatar.com\/avatar\/b720319e4c9a967eb58678d110f4fe35452fc5d5f97b202bac7b8acceb18c6ad?s=96&d=mm&r=g\",\"url\":\"https:\/\/secure.gravatar.com\/avatar\/b720319e4c9a967eb58678d110f4fe35452fc5d5f97b202bac7b8acceb18c6ad?s=96&d=mm&r=g\",\"contentUrl\":\"https:\/\/secure.gravatar.com\/avatar\/b720319e4c9a967eb58678d110f4fe35452fc5d5f97b202bac7b8acceb18c6ad?s=96&d=mm&r=g\",\"caption\":\"Coordena\u00e7\u00e3o\"},\"sameAs\":[\"https:\/\/www.facebook.com\/EstrategiaConcursos\",\"https:\/\/x.com\/EstratConcursos\"],\"url\":\"https:\/\/www.estrategiaconcursos.com.br\/blog\/author\/estrategia2013\/\"}]}<\/script>\n<!-- \/ Yoast SEO Premium plugin. -->","yoast_head_json":{"title":"Candidatos podem interpor recursos contra data da Prova de Digita\u00e7\u00e3o do TJ SP Interior","robots":{"index":"index","follow":"follow","max-snippet":"max-snippet:-1","max-image-preview":"max-image-preview:large","max-video-preview":"max-video-preview:-1"},"canonical":"https:\/\/www.estrategiaconcursos.com.br\/blog\/abaixo-assinado-prova-de-digitacao-tj-sp-interior\/","og_locale":"pt_BR","og_type":"article","og_title":"Candidatos podem interpor recursos contra data da Prova de Digita\u00e7\u00e3o do TJ SP Interior","og_description":"Recursos podem ser interpostos no site da Vunesp O Estrat\u00e9gia Concursos entrou em contato com o Tribunal de Justi\u00e7a de S\u00e3o Paulo na tentativa encontrar uma forma e indicar a voc\u00ea o melhor caminho para mudar a data da Prova Pr\u00e1tica do certame, que deve acontecer nos dias 21, 22, 29 de julho e 5 [&hellip;]","og_url":"https:\/\/www.estrategiaconcursos.com.br\/blog\/abaixo-assinado-prova-de-digitacao-tj-sp-interior\/","og_site_name":"Estrat\u00e9gia Concursos","article_author":"https:\/\/www.facebook.com\/EstrategiaConcursos","article_published_time":"2018-07-11T07:30:51+00:00","article_modified_time":"2018-07-13T17:42:03+00:00","og_image":[{"width":400,"height":209,"url":"https:\/\/dhg1h5j42swfq.cloudfront.net\/2017\/08\/22121314\/TJ-SP-ESCREVENTE-e1503414801396.jpg","type":"image\/jpeg"}],"author":"Coordena\u00e7\u00e3o","twitter_card":"summary_large_image","twitter_creator":"@EstratConcursos","twitter_site":"@EstratConcursos","twitter_misc":{"Escrito por":"Coordena\u00e7\u00e3o","Est. tempo de leitura":"2 minutos"},"schema":{"@context":"https:\/\/schema.org","@graph":[{"@type":"NewsArticle","@id":"https:\/\/www.estrategiaconcursos.com.br\/blog\/abaixo-assinado-prova-de-digitacao-tj-sp-interior\/#article","isPartOf":{"@id":"https:\/\/www.estrategiaconcursos.com.br\/blog\/abaixo-assinado-prova-de-digitacao-tj-sp-interior\/"},"author":{"name":"Coordena\u00e7\u00e3o","@id":"https:\/\/www.estrategiaconcursos.com.br\/blog\/#\/schema\/person\/b4a388c97673c5f483d72185668afa1f"},"headline":"Candidatos podem interpor recursos contra data da Prova de Digita\u00e7\u00e3o do TJ SP Interior","datePublished":"2018-07-11T07:30:51+00:00","dateModified":"2018-07-13T17:42:03+00:00","mainEntityOfPage":{"@id":"https:\/\/www.estrategiaconcursos.com.br\/blog\/abaixo-assinado-prova-de-digitacao-tj-sp-interior\/"},"wordCount":350,"commentCount":8,"publisher":{"@id":"https:\/\/www.estrategiaconcursos.com.br\/blog\/#organization"},"image":{"@id":"https:\/\/www.estrategiaconcursos.com.br\/blog\/abaixo-assinado-prova-de-digitacao-tj-sp-interior\/#primaryimage"},"thumbnailUrl":"https:\/\/dhg1h5j42swfq.cloudfront.net\/2017\/08\/22121314\/TJ-SP-ESCREVENTE-e1503414801396.jpg","articleSection":["Concursos P\u00fablicos"],"inLanguage":"pt-BR","potentialAction":[{"@type":"CommentAction","name":"Comment","target":["https:\/\/www.estrategiaconcursos.com.br\/blog\/abaixo-assinado-prova-de-digitacao-tj-sp-interior\/#respond"]}],"copyrightYear":"2018","copyrightHolder":{"@id":"https:\/\/www.estrategiaconcursos.com.br\/blog\/#organization"}},{"@type":"WebPage","@id":"https:\/\/www.estrategiaconcursos.com.br\/blog\/abaixo-assinado-prova-de-digitacao-tj-sp-interior\/","url":"https:\/\/www.estrategiaconcursos.com.br\/blog\/abaixo-assinado-prova-de-digitacao-tj-sp-interior\/","name":"Candidatos podem interpor recursos contra data da Prova de Digita\u00e7\u00e3o do TJ SP Interior","isPartOf":{"@id":"https:\/\/www.estrategiaconcursos.com.br\/blog\/#website"},"primaryImageOfPage":{"@id":"https:\/\/www.estrategiaconcursos.com.br\/blog\/abaixo-assinado-prova-de-digitacao-tj-sp-interior\/#primaryimage"},"image":{"@id":"https:\/\/www.estrategiaconcursos.com.br\/blog\/abaixo-assinado-prova-de-digitacao-tj-sp-interior\/#primaryimage"},"thumbnailUrl":"https:\/\/dhg1h5j42swfq.cloudfront.net\/2017\/08\/22121314\/TJ-SP-ESCREVENTE-e1503414801396.jpg","datePublished":"2018-07-11T07:30:51+00:00","dateModified":"2018-07-13T17:42:03+00:00","breadcrumb":{"@id":"https:\/\/www.estrategiaconcursos.com.br\/blog\/abaixo-assinado-prova-de-digitacao-tj-sp-interior\/#breadcrumb"},"inLanguage":"pt-BR","potentialAction":[{"@type":"ReadAction","target":["https:\/\/www.estrategiaconcursos.com.br\/blog\/abaixo-assinado-prova-de-digitacao-tj-sp-interior\/"]}]},{"@type":"ImageObject","inLanguage":"pt-BR","@id":"https:\/\/www.estrategiaconcursos.com.br\/blog\/abaixo-assinado-prova-de-digitacao-tj-sp-interior\/#primaryimage","url":"https:\/\/dhg1h5j42swfq.cloudfront.net\/2017\/08\/22121314\/TJ-SP-ESCREVENTE-e1503414801396.jpg","contentUrl":"https:\/\/dhg1h5j42swfq.cloudfront.net\/2017\/08\/22121314\/TJ-SP-ESCREVENTE-e1503414801396.jpg","width":400,"height":209,"caption":"Concurso TJ SP"},{"@type":"BreadcrumbList","@id":"https:\/\/www.estrategiaconcursos.com.br\/blog\/abaixo-assinado-prova-de-digitacao-tj-sp-interior\/#breadcrumb","itemListElement":[{"@type":"ListItem","position":1,"name":"In\u00edcio","item":"https:\/\/www.estrategiaconcursos.com.br\/blog\/"},{"@type":"ListItem","position":2,"name":"Candidatos podem interpor recursos contra data da Prova de Digita\u00e7\u00e3o do TJ SP Interior"}]},{"@type":"WebSite","@id":"https:\/\/www.estrategiaconcursos.com.br\/blog\/#website","url":"https:\/\/www.estrategiaconcursos.com.br\/blog\/","name":"Estrat\u00e9gia Concursos","description":"O blog da Estrat\u00e9gia Concursos traz not\u00edcias sobre concursos e artigos de professores oferecendo cursos para concursos (pdf + videaulas) no site.","publisher":{"@id":"https:\/\/www.estrategiaconcursos.com.br\/blog\/#organization"},"potentialAction":[{"@type":"SearchAction","target":{"@type":"EntryPoint","urlTemplate":"https:\/\/www.estrategiaconcursos.com.br\/blog\/?s={search_term_string}"},"query-input":{"@type":"PropertyValueSpecification","valueRequired":true,"valueName":"search_term_string"}}],"inLanguage":"pt-BR"},{"@type":"Organization","@id":"https:\/\/www.estrategiaconcursos.com.br\/blog\/#organization","name":"Estrat\u00e9gia Concursos","url":"https:\/\/www.estrategiaconcursos.com.br\/blog\/","logo":{"@type":"ImageObject","inLanguage":"pt-BR","@id":"https:\/\/www.estrategiaconcursos.com.br\/blog\/#\/schema\/logo\/image\/","url":"https:\/\/dhg1h5j42swfq.cloudfront.net\/2025\/06\/03203428\/logo_concursos-1.jpg","contentUrl":"https:\/\/dhg1h5j42swfq.cloudfront.net\/2025\/06\/03203428\/logo_concursos-1.jpg","width":230,"height":60,"caption":"Estrat\u00e9gia Concursos"},"image":{"@id":"https:\/\/www.estrategiaconcursos.com.br\/blog\/#\/schema\/logo\/image\/"},"sameAs":["https:\/\/x.com\/EstratConcursos"]},{"@type":"Person","@id":"https:\/\/www.estrategiaconcursos.com.br\/blog\/#\/schema\/person\/b4a388c97673c5f483d72185668afa1f","name":"Coordena\u00e7\u00e3o","image":{"@type":"ImageObject","inLanguage":"pt-BR","@id":"https:\/\/secure.gravatar.com\/avatar\/b720319e4c9a967eb58678d110f4fe35452fc5d5f97b202bac7b8acceb18c6ad?s=96&d=mm&r=g","url":"https:\/\/secure.gravatar.com\/avatar\/b720319e4c9a967eb58678d110f4fe35452fc5d5f97b202bac7b8acceb18c6ad?s=96&d=mm&r=g","contentUrl":"https:\/\/secure.gravatar.com\/avatar\/b720319e4c9a967eb58678d110f4fe35452fc5d5f97b202bac7b8acceb18c6ad?s=96&d=mm&r=g","caption":"Coordena\u00e7\u00e3o"},"sameAs":["https:\/\/www.facebook.com\/EstrategiaConcursos","https:\/\/x.com\/EstratConcursos"],"url":"https:\/\/www.estrategiaconcursos.com.br\/blog\/author\/estrategia2013\/"}]}},"_links":{"self":[{"href":"https:\/\/www.estrategiaconcursos.com.br\/blog\/wp-json\/wp\/v2\/posts\/130561","targetHints":{"allow":["GET"]}}],"collection":[{"href":"https:\/\/www.estrategiaconcursos.com.br\/blog\/wp-json\/wp\/v2\/posts"}],"about":[{"href":"https:\/\/www.estrategiaconcursos.com.br\/blog\/wp-json\/wp\/v2\/types\/post"}],"author":[{"embeddable":true,"href":"https:\/\/www.estrategiaconcursos.com.br\/blog\/wp-json\/wp\/v2\/users\/1"}],"replies":[{"embeddable":true,"href":"https:\/\/www.estrategiaconcursos.com.br\/blog\/wp-json\/wp\/v2\/comments?post=130561"}],"version-history":[{"count":16,"href":"https:\/\/www.estrategiaconcursos.com.br\/blog\/wp-json\/wp\/v2\/posts\/130561\/revisions"}],"predecessor-version":[{"id":130834,"href":"https:\/\/www.estrategiaconcursos.com.br\/blog\/wp-json\/wp\/v2\/posts\/130561\/revisions\/130834"}],"wp:featuredmedia":[{"embeddable":true,"href":"https:\/\/www.estrategiaconcursos.com.br\/blog\/wp-json\/wp\/v2\/media\/86294"}],"wp:attachment":[{"href":"https:\/\/www.estrategiaconcursos.com.br\/blog\/wp-json\/wp\/v2\/media?parent=130561"}],"wp:term":[{"taxonomy":"category","embeddable":true,"href":"https:\/\/www.estrategiaconcursos.com.br\/blog\/wp-json\/wp\/v2\/categories?post=130561"},{"taxonomy":"post_tag","embeddable":true,"href":"https:\/\/www.estrategiaconcursos.com.br\/blog\/wp-json\/wp\/v2\/tags?post=130561"},{"taxonomy":"tax_estado","embeddable":true,"href":"https:\/\/www.estrategiaconcursos.com.br\/blog\/wp-json\/wp\/v2\/tax_estado?post=130561"}],"curies":[{"name":"wp","href":"https:\/\/api.w.org\/{rel}","templated":true}]}}