{"id":130530,"date":"2018-07-10T18:18:12","date_gmt":"2018-07-10T21:18:12","guid":{"rendered":"https:\/\/www.estrategiaconcursos.com.br\/blog\/?p=130530"},"modified":"2018-07-10T19:38:52","modified_gmt":"2018-07-10T22:38:52","slug":"portugues-prova-agente-policial-pc-sp-prova-comentada","status":"publish","type":"post","link":"https:\/\/www.estrategiaconcursos.com.br\/blog\/portugues-prova-agente-policial-pc-sp-prova-comentada\/","title":{"rendered":"Portugu\u00eas &#8211; Prova Agente Policial PC SP- Prova comentada"},"content":{"rendered":"<p>Ol\u00e1, pessoal, boa noite! Tudo bem?<\/p>\n<p>Vamos \u00e0 corre\u00e7\u00e3o da prova de Agente Policial &#8211; PC SP, aplicada dia 8, pela Vunesp!<\/p>\n<p><img loading=\"lazy\" decoding=\"async\" class=\"aligncenter size-full wp-image-104237\" src=\"https:\/\/dhg1h5j42swfq.cloudfront.net\/2018\/01\/28150853\/M%C3%8DDIAS-SOCIAIS-FELIPE.png\" alt=\"\" width=\"724\" height=\"125\" srcset=\"https:\/\/dhg1h5j42swfq.cloudfront.net\/2018\/01\/28150853\/M%C3%8DDIAS-SOCIAIS-FELIPE.png 724w, https:\/\/dhg1h5j42swfq.cloudfront.net\/2018\/01\/28150853\/M%C3%8DDIAS-SOCIAIS-FELIPE.png 300w, https:\/\/dhg1h5j42swfq.cloudfront.net\/2018\/01\/28150853\/M%C3%8DDIAS-SOCIAIS-FELIPE.png 610w\" sizes=\"auto, (max-width: 724px) 100vw, 724px\" \/><\/p>\n<p><strong>Leia a charge para responder \u00e0s quest\u00f5es de n\u00fameros<\/strong> <strong>01 e 02<\/strong><strong>.<\/strong><\/p>\n<p><strong>\u00a0<img loading=\"lazy\" decoding=\"async\" class=\"aligncenter size-full wp-image-130533\" src=\"https:\/\/dhg1h5j42swfq.cloudfront.net\/2018\/07\/10181406\/agepol1.png\" alt=\"\" width=\"345\" height=\"196\" srcset=\"https:\/\/dhg1h5j42swfq.cloudfront.net\/2018\/07\/10181406\/agepol1.png 345w, https:\/\/dhg1h5j42swfq.cloudfront.net\/2018\/07\/10181406\/agepol1.png 300w\" sizes=\"auto, (max-width: 345px) 100vw, 345px\" \/><\/strong><\/p>\n<p><strong>\u00a0<\/strong><\/p>\n<ol>\n<li><strong>01<\/strong>. A charge tem como assunto principal<\/li>\n<\/ol>\n<p>(A) a evolu\u00e7\u00e3o dos aparelhos de comunica\u00e7\u00e3o.<\/p>\n<p>(B) a intera\u00e7\u00e3o estabelecida nas redes sociais.<\/p>\n<p>(C) as limita\u00e7\u00f5es da comunica\u00e7\u00e3o via internet.<\/p>\n<p>(D) o acesso limitado aos meios de comunica\u00e7\u00e3o.<\/p>\n<p>(E) o uso excessivo de dispositivos tecnol\u00f3gicos.<\/p>\n<p>Coment\u00e1rios:<\/p>\n<p>Observe que o \u201ccelular\u201d \u00e9 o neto do \u201ctelefone com fio\u201d e o pai \u00e9 o \u201ctablet\u201d; temos ent\u00e3o uma ideia de \u201cgera\u00e7\u00f5es\u201d, em uma compara\u00e7\u00e3o com gera\u00e7\u00f5es de uma fam\u00edlia, com refer\u00eancia clara \u00e0 evolu\u00e7\u00e3o dos aparelhos de comunica\u00e7\u00e3o. O fato de haver teia de aranha no telefone fixo apenas refor\u00e7a essa ideia de algo que caiu em desuso.<\/p>\n<p>Gabarito letra A.<\/p>\n<p><strong>\u00a0<\/strong><\/p>\n<ol start=\"2\">\n<li><strong>02<\/strong>. Uma frase escrita em conformidade com a norma-padr\u00e3o da l\u00edngua portuguesa e com a mensagem da charge \u00e9:<\/li>\n<\/ol>\n<p>(A) O av\u00f4 ficou ofendido quando o neto apontou-o a falta de wi-fi.<\/p>\n<p>(B) Os adultos n\u00e3o entenderam a d\u00favida do menino e censuraram-o.<\/p>\n<p>(C) O menino dirigiu-se ao av\u00f4 e perguntou-o se ele pegava wi-fi.<\/p>\n<p>(D) O pai julgou a atitude do garoto inadequada e o repreendeu.<\/p>\n<p>(E) A pergunta que o neto fez ao av\u00f4 o despertou forte indigna\u00e7\u00e3o.<\/p>\n<p>Coment\u00e1rios:<\/p>\n<p>Isso SEMPRE cai na prova da Vunesp: o LHE s\u00f3 serve como objeto indireto, no lugar de \u201cA ele (a)(s)\/Para(a)(s)\/ Nele (a)(s). Os pronomes O, A, Os, As substituem objetos diretos. Fa\u00e7amos as corre\u00e7\u00f5es:<\/p>\n<p>(A) O av\u00f4 ficou ofendido quando o neto LHE apontou (apontou para ele) a falta de wi-fi.<\/p>\n<p>(B) Os adultos n\u00e3o entenderam a d\u00favida do menino e censuraram-NO.<\/p>\n<p>Ap\u00f3s som nasal, acrescentamos N ao pronome \u201co\u201d.<\/p>\n<p>(C) O menino dirigiu-se ao av\u00f4 e perguntou-LHE (a ele) se ele pegava wi-fi.<\/p>\n<p>(D) O pai julgou a atitude do garoto inadequada e o repreendeu.<\/p>\n<p>Perfeito. O pronome \u201co\u201d retoma \u201co garoto\u201d, na fun\u00e7\u00e3o de objeto direto de \u201crepreendeu\u201d.<\/p>\n<p>(E) A pergunta que o neto fez ao av\u00f4 LHE despertou (despertou NELE) forte indigna\u00e7\u00e3o.<\/p>\n<p>Gabarito letra D.<\/p>\n<p><img loading=\"lazy\" decoding=\"async\" class=\"aligncenter size-full wp-image-104237\" src=\"https:\/\/dhg1h5j42swfq.cloudfront.net\/2018\/01\/28150853\/M%C3%8DDIAS-SOCIAIS-FELIPE.png\" alt=\"\" width=\"724\" height=\"125\" srcset=\"https:\/\/dhg1h5j42swfq.cloudfront.net\/2018\/01\/28150853\/M%C3%8DDIAS-SOCIAIS-FELIPE.png 724w, https:\/\/dhg1h5j42swfq.cloudfront.net\/2018\/01\/28150853\/M%C3%8DDIAS-SOCIAIS-FELIPE.png 300w, https:\/\/dhg1h5j42swfq.cloudfront.net\/2018\/01\/28150853\/M%C3%8DDIAS-SOCIAIS-FELIPE.png 610w\" sizes=\"auto, (max-width: 724px) 100vw, 724px\" \/><\/p>\n<p><strong>Leia o texto para responder \u00e0s quest\u00f5es de n\u00fameros 03 a 08.<\/strong><\/p>\n<p>&nbsp;<\/p>\n<p><em>Pela primeira vez, v\u00edcio em games \u00e9 considerado dist\u00farbio mental pela OMS<\/em><\/p>\n<p>&nbsp;<\/p>\n<p>A 11\u00aa Classifica\u00e7\u00e3o Internacional de Doen\u00e7as (CID) ir\u00e1 incluir a condi\u00e7\u00e3o sob o nome de \u201cdist\u00farbio de games\u201d. O documento descreve o problema como padr\u00e3o de comportamento frequente ou persistente de v\u00edcio em games, t\u00e3o grave que leva \u201ca preferir os jogos a qualquer outro interesse na vida\u201d. A \u00faltima vers\u00e3o da CID foi finalizada em 1992, e a nova vers\u00e3o do guia ser\u00e1 publicada neste ano. Ele traz c\u00f3digos para as doen\u00e7as, sinais ou sintomas e \u00e9 usado por m\u00e9dicos e pesquisadores para rastrear e diagnosticar uma doen\u00e7a.<\/p>\n<p>O documento ir\u00e1 sugerir que comportamentos t\u00edpicos dos viciados em games devem ser observados por um per\u00edodo de mais de 12 meses para que um diagn\u00f3stico seja feito. Mas a nova CID ir\u00e1 refor\u00e7ar que esse per\u00edodo pode ser diminu\u00eddo se os sintomas forem muito graves. Os sintomas do dist\u00farbio incluem: n\u00e3o ter controle de frequ\u00eancia, intensidade e dura\u00e7\u00e3o com que joga video game; priorizar jogar video game a outras atividades.<\/p>\n<p>Richard Graham, especialista em v\u00edcios em tecnologia no Hospital Nightingale em Londres, reconhece os benef\u00edcios da decis\u00e3o. \u201c\u00c9 muito significativo, porque cria a oportunidade de termos servi\u00e7os mais especializados.\u201d Mas para ele \u00e9 preciso tomar cuidado para n\u00e3o se cair na ideia de que todo mundo precisa ser tratado e medicado. \u201cPode levar pais confusos a pensar que seus filhos t\u00eam problemas quando eles s\u00e3o apenas \u2018empolgados\u2019 jogadores de video game\u201d, afirmou.<\/p>\n<p>(Jane Wakefield. BBC Brasil. www.bbc.com\/portuguese. 02.01.2018. Adaptado)<\/p>\n<p><strong>\u00a0<\/strong><\/p>\n<ol start=\"3\">\n<li>Segundo o texto, uma vantagem de o v\u00edcio em games estar incluso no guia de Classifica\u00e7\u00e3o Internacional de Doen\u00e7as (CID) diz respeito<\/li>\n<\/ol>\n<p>(A) ao barateamento imediato dos tratamentos especializados no controle da doen\u00e7a.<\/p>\n<p>(B) \u00e0 rapidez com que os viciados em games decidem procurar um m\u00e9dico.<\/p>\n<p>(C) \u00e0 facilidade em diferenciar o v\u00edcio em games de depend\u00eancias que ainda n\u00e3o foram catalogadas.<\/p>\n<p>(D) \u00e0 possibilidade da amplia\u00e7\u00e3o da oferta de servi\u00e7os mais especializados no tratamento dessa condi\u00e7\u00e3o.<\/p>\n<p>(E) ao acesso mais f\u00e1cil a medicamentos que impedem o surgimento desse tipo de v\u00edcio.<\/p>\n<p>Coment\u00e1rios:<\/p>\n<p>Quest\u00e3o literal, de r\u00e1pida recorr\u00eancia ao texto:<\/p>\n<p>Richard Graham, especialista em v\u00edcios em tecnologia no Hospital Nightingale em Londres, reconhece os benef\u00edcios da decis\u00e3o [de incluir v\u00edcio em games como c\u00f3digo CID]. \u201c\u00c9 muito significativo, porque cria a <strong><em>oportunidade de termos servi\u00e7os mais especializados<\/em><\/strong>.\u201d<\/p>\n<p>Veja que esse \u00e9 o exato teor de:<\/p>\n<p>\u00e0 possibilidade da <strong><em>amplia\u00e7\u00e3o da oferta de servi\u00e7os mais especializados<\/em><\/strong> no tratamento dessa condi\u00e7\u00e3o.<\/p>\n<p>Gabarito letra D.<\/p>\n<p>&nbsp;<\/p>\n<ol start=\"4\">\n<li>Na sequ\u00eancia em que ocorrem no texto, a express\u00e3o<\/li>\n<\/ol>\n<p>(A) \u201cv\u00edcio em games\u201d (t\u00edtulo) \u00e9 retomada pela express\u00e3o \u201ccondi\u00e7\u00e3o\u201d (1\u00ba par\u00e1grafo).<\/p>\n<p>(B) \u201c\u00faltima vers\u00e3o da CID\u201d (1\u00ba par\u00e1grafo) \u00e9 retomada pela express\u00e3o \u201ca nova vers\u00e3o do guia\u201d (1\u00ba par\u00e1grafo).<\/p>\n<p>(C) \u201cpadr\u00e3o de comportamento\u201d (1\u00ba par\u00e1grafo) \u00e9 retomada pela express\u00e3o \u201cqualquer outro interesse\u201d (1\u00ba par\u00e1grafo).<\/p>\n<p>(D) \u201cv\u00edcios em tecnologia\u201d (3\u00ba par\u00e1grafo) \u00e9 retomada pela express\u00e3o \u201cservi\u00e7os mais especializados\u201d (3\u00ba par\u00e1grafo).<\/p>\n<p>(E) \u201cdiagn\u00f3stico\u201d (2\u00ba par\u00e1grafo) \u00e9 retomada pela express\u00e3o \u201cdist\u00farbio\u201d (2\u00ba par\u00e1grafo).<\/p>\n<p>Coment\u00e1rios:<\/p>\n<p>Quest\u00e3o direta de coes\u00e3o. A palavra \u2018condi\u00e7\u00e3o\u2019, mais geral, foi usada para referir-se ao \u2018v\u00edcio em games\u2019, a \u2018condi\u00e7\u00e3o\/estado de quem est\u00e1 viciado\u2019. Nem vamos perder tempo com as outras n\u00e9? As demais alternativas trazem termos que de forma alguma s\u00e3o uma substitui\u00e7\u00e3o sem\u00e2ntica da outra. Gabarito letra A.<\/p>\n<p>&nbsp;<\/p>\n<ol start=\"5\">\n<li>De acordo com Richard Graham,<\/li>\n<\/ol>\n<p>(A) a decis\u00e3o de se considerar o v\u00edcio em games como dist\u00farbio mental \u00e9 ben\u00e9fica e n\u00e3o existe restri\u00e7\u00e3o para ser posta em pr\u00e1tica.<\/p>\n<p>(B) os pais de jovens viciados em games tamb\u00e9m precisam de tratamento especializado, para saberem como medicar os filhos.<\/p>\n<p>(C) os servi\u00e7os especializados no tratamento de pessoas com inclina\u00e7\u00f5es ao v\u00edcio carecem de maior apoio dos governantes.<\/p>\n<p>(D) nem todos os jovens viciados em games precisam ser tratados e medicados, j\u00e1 que essa condi\u00e7\u00e3o costuma ser passageira.<\/p>\n<p>(E) a classifica\u00e7\u00e3o de um indiv\u00edduo como viciado em games deve ser feita com cautela, pois ele pode ser apenas um jogador entusiasta.<\/p>\n<p>Coment\u00e1rios:<\/p>\n<p>Vejamos:<\/p>\n<ol>\n<li>a) Existe sim uma restri\u00e7\u00e3o: a possibilidade de pais confusos acharem que os filhos est\u00e3o doentes e viciados, quando na verdade s\u00e3o apenas jogadores empolgados.<\/li>\n<li>b) N\u00e3o foi dito isso.<\/li>\n<li>c) Tamb\u00e9m n\u00e3o foi dito nada sobre ajuda de governantes.<\/li>\n<li>d) Tamb\u00e9m n\u00e3o foi dito nada sobre a dura\u00e7\u00e3o da condi\u00e7\u00e3o.<\/li>\n<li>e) Vale o mesmo racioc\u00ednio da letra A. \u00c0s vezes, o jogador est\u00e1 apenas empolgado, n\u00e3o doente. Gabarito letra E.<\/li>\n<\/ol>\n<p>&nbsp;<\/p>\n<ol start=\"6\">\n<li>Assinale a alternativa que apresenta, correta e respectivamente, sin\u00f4nimos para os voc\u00e1bulos \u201cpersistente\u201d (1\u00ba par\u00e1grafo) e \u201ct\u00edpicos\u201d (2\u00ba par\u00e1grafo).<\/li>\n<\/ol>\n<p>(A) Cont\u00ednuo e excepcionais.<\/p>\n<p>(B) Eventual e comuns.<\/p>\n<p>(C) Insistente e caracter\u00edsticos.<\/p>\n<p>(D) Intermitente e espec\u00edficos.<\/p>\n<p>(E) Consistente e eventuais.<\/p>\n<p>Coment\u00e1rios:<\/p>\n<p>Comportamento persistente \u00e9 o mesmo que insistente, repetitivo, habitual. J\u00e1 \u201ccomportamentos t\u00edpicos\u201d do jovens sugerem os comportamentos cl\u00e1ssicos, que caracterizam essa condi\u00e7\u00e3o. Da\u00ed podemos substituir por \u201ccaracter\u00edsticos\u201d. Gabarito letra C.<\/p>\n<p>A prop\u00f3sito: \u201cexcepcional\u201d \u00e9 \u201cn\u00e3o ordin\u00e1rio, incomum\u201d, \u00e9 ant\u00f4nimo de t\u00edpico. Intermitente sugere ideia de algo que tem interrup\u00e7\u00f5es, bem diferente da ideia de continuidade na palavra \u201cpersistente\u201d. O mesmo vale para \u201ceventual\u201d, que traz ideia de algo que acontece apenas \u00e0s vezes.<\/p>\n<p>&nbsp;<\/p>\n<ol start=\"7\">\n<li>Considere a rela\u00e7\u00e3o de sentido estabelecida pelos voc\u00e1bulos destacados nas seguintes passagens do texto:<\/li>\n<\/ol>\n<ul>\n<li>\u201c&#8230; esse per\u00edodo pode ser diminu\u00eddo <strong><u>se<\/u><\/strong> os sintomas forem muito graves.\u201d (2\u00ba par\u00e1grafo)<\/li>\n<li>\u201c\u2018\u00c9 muito significativo, <strong><u>porque<\/u><\/strong> cria a oportunidade de termos servi\u00e7os mais especializados.\u2019\u201d (3\u00ba par\u00e1grafo)<\/li>\n<\/ul>\n<p>Com rela\u00e7\u00e3o \u00e0s afirma\u00e7\u00f5es que os antecedem, os voc\u00e1bulos \u201cse\u201d e \u201cporque\u201d introduzem, respectivamente, ideias de<\/p>\n<p>(A) hip\u00f3tese e consequ\u00eancia.<\/p>\n<p>(B) modo e oposi\u00e7\u00e3o.<\/p>\n<p>(C) conformidade e propor\u00e7\u00e3o.<\/p>\n<p>(D) condi\u00e7\u00e3o e explica\u00e7\u00e3o.<\/p>\n<p>(E) tempo e concess\u00e3o.<\/p>\n<p>Coment\u00e1rios:<\/p>\n<p>\u201cSE\u201d \u00e9 conjun\u00e7\u00e3o subordinativa condicional. \u201cPorque\u201d introduz a explica\u00e7\u00e3o do coment\u00e1rio anterior: \u201c\u00e9 muito significativo\u201d. Gabarito letra D.<\/p>\n<p><img loading=\"lazy\" decoding=\"async\" class=\"aligncenter size-full wp-image-104237\" src=\"https:\/\/dhg1h5j42swfq.cloudfront.net\/2018\/01\/28150853\/M%C3%8DDIAS-SOCIAIS-FELIPE.png\" alt=\"\" width=\"724\" height=\"125\" srcset=\"https:\/\/dhg1h5j42swfq.cloudfront.net\/2018\/01\/28150853\/M%C3%8DDIAS-SOCIAIS-FELIPE.png 724w, https:\/\/dhg1h5j42swfq.cloudfront.net\/2018\/01\/28150853\/M%C3%8DDIAS-SOCIAIS-FELIPE.png 300w, https:\/\/dhg1h5j42swfq.cloudfront.net\/2018\/01\/28150853\/M%C3%8DDIAS-SOCIAIS-FELIPE.png 610w\" sizes=\"auto, (max-width: 724px) 100vw, 724px\" \/><\/p>\n<ol start=\"8\">\n<li>A frase \u201cMas para ele \u00e9 preciso tomar cuidado para n\u00e3o se cair na ideia de que todo mundo precisa ser tratado e medicado.\u201d (3\u00ba par\u00e1grafo) permanecer\u00e1 correta caso seja apresentado entre v\u00edrgulas o seguinte trecho:<\/li>\n<\/ol>\n<p>(A) cuidado<\/p>\n<p>(B) para ele<\/p>\n<p>(C) para n\u00e3o se cair<\/p>\n<p>(D) todo mundo<\/p>\n<p>(E) na ideia de<\/p>\n<p>Coment\u00e1rios:<\/p>\n<p>A express\u00e3o \u201cpara ele\u201d est\u00e1 intercalada e \u00e9 de curta extens\u00e3o, portanto pode ser usada facultativamente \u201ccom ou sem v\u00edrgulas\u201d.<\/p>\n<p>Agora, um aprofundamento:<\/p>\n<p>A express\u00e3o \u201cpara ele\u201d \u00e9 considerada por Sacconi e Bechara como objetos indiretos por extens\u00e3o ou um \u201cdativo de opini\u00e3o\u201d. Segundo essa vis\u00e3o, esse termo seria um complemento verbal preposicionado, um objeto indireto por extens\u00e3o, e n\u00e3o uma express\u00e3o adverbial. Segundo essa vis\u00e3o minorit\u00e1ria, n\u00e3o caberia o uso de v\u00edrgulas. Contudo, esse entendimento e essa classifica\u00e7\u00e3o s\u00e3o \u201cnotinhas de rodap\u00e9\u201d e n\u00e3o s\u00e3o cobrados em prova.\u00a0 No mundo pr\u00e1tico, o entendimento da banca \u00e9 que a express\u00e3o \u201cpara ele\u201d equivale a um adjunto adverbial deslocado, com sentido de \u201cna opini\u00e3o dele\u201d.<\/p>\n<p>Gabarito letra B.<\/p>\n<p>&nbsp;<\/p>\n<ol start=\"9\">\n<li>A concord\u00e2ncia verbal est\u00e1 em conformidade com a norma-padr\u00e3o na frase:<\/li>\n<\/ol>\n<p>(A) Os viciados em games acabam se distanciando de amigos e familiares, cuja companhia \u00e9 facilmente trocada pelo jogo.<\/p>\n<p>(B) Os jogos, para quem \u00e9 viciado, revela-se muito mais atraentes do que quaisquer outros interesses na vida.<\/p>\n<p>(C) Consultar as informa\u00e7\u00f5es no guia de Classifica\u00e7\u00e3o Internacional de Doen\u00e7as ajudam m\u00e9dicos e pesquisadores em seu trabalho.<\/p>\n<p>(D) O novo guia recomenda que se passe doze meses para que um diagn\u00f3stico seja estabelecido; excetua-se os casos graves.<\/p>\n<p>(E) O comportamento t\u00edpico dos viciados em games passam a ter descri\u00e7\u00e3o no guia, o que contribui para tratar a doen\u00e7a.<\/p>\n<p>Coment\u00e1rios:<\/p>\n<p>A letra A est\u00e1 perfeita: \u201cacabam\u201d concorda com \u201cviciados\u201d; \u201c\u00e9\u201d concorda com \u201ccompanhia\u201d.<\/p>\n<p>Vejamos as demais:<\/p>\n<p>(B) Os jogos, para quem \u00e9 viciado, <strong>revelaM<\/strong>-se muito mais atraentes do que quaisquer outros interesses na vida.<\/p>\n<p>O sujeito passivo \u00e9 \u201cos jogos\u201d, ent\u00e3o o verbo fica no plural.<\/p>\n<p>(C) Consultar as informa\u00e7\u00f5es no guia de Classifica\u00e7\u00e3o Internacional de Doen\u00e7as <strong>ajuda<\/strong> m\u00e9dicos e pesquisadores em seu trabalho.<\/p>\n<p>O sujeito \u00e9 a ora\u00e7\u00e3o [Consultar as informa\u00e7\u00f5es no guia de Classifica\u00e7\u00e3o Internacional de Doen\u00e7as], ent\u00e3o o verbo fica na terceira pessoa do singular.<\/p>\n<p>(D) O novo guia recomenda que se <strong>passeM<\/strong> doze meses para que um diagn\u00f3stico seja estabelecido; <strong>excetuaM<\/strong>-se os casos graves.<\/p>\n<p>\u201cdoze meses\u201d \u00e9 sujeito de \u201cpassem\u201d; \u201cos casos graves\u201d \u00e9 sujeito passivo de \u201cexcetuam\u201d.<\/p>\n<p>(E) O comportamento t\u00edpico dos viciados em games <strong>passa<\/strong> a ter descri\u00e7\u00e3o no guia, o que contribui para tratar a doen\u00e7a.<\/p>\n<p>O sujeito \u00e9 singular: [O comportamento t\u00edpico dos viciados em games]<\/p>\n<p>Gabarito letra A.<\/p>\n<p>&nbsp;<\/p>\n<p><strong>Leia o cartaz para responder \u00e0s quest\u00f5es de n\u00fameros 10 e 11.<\/strong><\/p>\n<p><img loading=\"lazy\" decoding=\"async\" class=\"aligncenter size-full wp-image-130534\" src=\"https:\/\/dhg1h5j42swfq.cloudfront.net\/2018\/07\/10181457\/agepol2.png\" alt=\"\" width=\"352\" height=\"200\" srcset=\"https:\/\/dhg1h5j42swfq.cloudfront.net\/2018\/07\/10181457\/agepol2.png 352w, https:\/\/dhg1h5j42swfq.cloudfront.net\/2018\/07\/10181457\/agepol2.png 300w\" sizes=\"auto, (max-width: 352px) 100vw, 352px\" \/><\/p>\n<ol start=\"10\">\n<li>A partir do texto verbal, conclui-se que<\/li>\n<\/ol>\n<p>(A) a preven\u00e7\u00e3o de acidentes deve ocorrer de forma espor\u00e1dica.<\/p>\n<p>(B) os riscos do trabalho devem ser compensados pelo patr\u00e3o.<\/p>\n<p>(C) desobedi\u00eancia ao empregador pode causar acidentes.<\/p>\n<p>(D) o trabalhador deve se responsabilizar por sua imper\u00edcia.<\/p>\n<p>(E) acidentes de trabalho podem e devem ser prevenidos.<\/p>\n<p>Coment\u00e1rios:<\/p>\n<p>A mensagem est\u00e1 bem clara: \u201cacidentes n\u00e3o acontecem por acaso\u201d, isto \u00e9, s\u00e3o causados por algum comportamento deliberado das pessoas. Ent\u00e3o, para evitar acidentes, \u00e9 necess\u00e1rio trabalhar com seguran\u00e7a.<\/p>\n<p>Esse entendimento s\u00f3 pode ser encontrado na alternativa E:<\/p>\n<p>acidentes de trabalho podem e devem ser prevenidos.<\/p>\n<p>Gabarito letra E.<\/p>\n<p>&nbsp;<\/p>\n<ol start=\"11\">\n<li>O trabalhador \u00e9 tomado como interlocutor do cartaz, o que se evidencia por meio do voc\u00e1bulo<\/li>\n<\/ol>\n<p>(A) \u201cacaso\u201d.<\/p>\n<p>(B) \u201cacontecem\u201d.<\/p>\n<p>(C) \u201cseu\u201d.<\/p>\n<p>(D) \u201corienta\u00e7\u00e3o\u201d.<\/p>\n<p>(E) \u201cseguran\u00e7a\u201d.<\/p>\n<p>Coment\u00e1rios:<\/p>\n<p>O pronome \u201cseu\u201d se refere a uma pessoa, pois os pronomes retomam as pessoas do discurso. Fica claro ent\u00e3o que o cartaz tem como interlocutor\/destinat\u00e1rio o trabalhador, justamente aquele que pode evitar acidentes se agir com cautela.<\/p>\n<p>Gabarito letra C.<\/p>\n<p><strong>\u00a0<\/strong><\/p>\n<p><strong>Leia o texto para responder \u00e0s quest\u00f5es de n\u00fameros 12 a 16.<\/strong><\/p>\n<p><img loading=\"lazy\" decoding=\"async\" class=\"aligncenter size-full wp-image-130535\" src=\"https:\/\/dhg1h5j42swfq.cloudfront.net\/2018\/07\/10181532\/agepol3.png\" alt=\"\" width=\"329\" height=\"367\" srcset=\"https:\/\/dhg1h5j42swfq.cloudfront.net\/2018\/07\/10181532\/agepol3.png 329w, https:\/\/dhg1h5j42swfq.cloudfront.net\/2018\/07\/10181532\/agepol3.png 269w\" sizes=\"auto, (max-width: 329px) 100vw, 329px\" \/><\/p>\n<p><em>O trabalho dignifica o homem. O lazer dignifica a vida<\/em><\/p>\n<p>&nbsp;<\/p>\n<p>\u201cEscolha um trabalho que voc\u00ea ame e n\u00e3o ter\u00e1 que trabalhar um \u00fanico dia em sua vida.\u201d A frase do pensador Conf\u00facio tem sido o mantra de muitos que, embalados pela concep\u00e7\u00e3o de que of\u00edcio e prazer n\u00e3o precisam se opor, buscam um estilo de vida no qual a fonte de renda seja tamb\u00e9m fonte de alegria e satisfa\u00e7\u00e3o pessoal. A quest\u00e3o \u00e9: trabalho \u00e9 sempre trabalho. Pode ser bom, pode ser at\u00e9 divertido, mas n\u00e3o substitui a capacidade que s\u00f3 o lazer possui de tirar o peso de um cotidiano regido por prazos, hor\u00e1rios, metas.<\/p>\n<p>N\u00e3o s\u00e3o poucas as pessoas que eu conhe\u00e7o que negligenciam o descanso em prol da produ\u00e7\u00e3o desenfreada, da busca fren\u00e9tica por resultado, ascens\u00e3o, status, dinheiro. Algo de errado em querer tudo isso? A meu ver, n\u00e3o. E sim. N\u00e3o, porque \u00e9 digna a recusa \u00e0 estagna\u00e7\u00e3o. Sim, quando ela compromete momentos de entretenimento, minando, aos poucos, a sa\u00fade f\u00edsica e mental de quem acha que sombra e \u00e1gua fresca s\u00e3o luxo e n\u00e3o merecimento.<\/p>\n<p>Recentemente, um construtor com o qual eu conversava me disse que estava havia nove anos sem f\u00e9rias, e lamentou o pouco tempo passado com os netos. O patrim\u00f4nio veio de dedica\u00e7\u00e3o e empenho, mas custou caro tamb\u00e9m. Na hora me perguntei se era realmente preciso escolher entre sucesso e divers\u00e3o.<\/p>\n<p>Poucas coisas s\u00e3o t\u00e3o eficazes na fun\u00e7\u00e3o de honrar algu\u00e9m quanto o of\u00edcio que se exerce. Momentos de pausa, por\u00e9m, honram o pr\u00f3prio of\u00edcio. A vida se equilibra justamente na possibilidade de converter o dinheiro advindo do esfor\u00e7o em ingressos para o show da banda preferida, passeios no parque, pipoca quentinha e viagens de barco.<\/p>\n<p>(Larissa Bittar. Revista Bula. www.revistabula.com. Adaptado)<\/p>\n<p><strong>\u00a0<\/strong><\/p>\n<ol start=\"12\">\n<li>A autora defende a opini\u00e3o de que<\/li>\n<\/ol>\n<p>(A) a busca por ascens\u00e3o e dinheiro n\u00e3o deve ser vista como dignificante, pois compromete o lazer.<\/p>\n<p>(B) o ideal \u00e9 que se encontre prazer no trabalho, mas o lazer n\u00e3o deve ser negligenciado.<\/p>\n<p>(C) o lazer n\u00e3o pode ser substitu\u00eddo pelo trabalho, especialmente porque este n\u00e3o \u00e9 fonte de prazer.<\/p>\n<p>(D) o lazer deveria ser a \u00fanica preocupa\u00e7\u00e3o das pessoas e n\u00e3o o trabalho, como \u00e9 comum.<\/p>\n<p>(E) a dedica\u00e7\u00e3o exclusiva ao trabalho \u00e9 justific\u00e1vel, quando gera alegria e satisfa\u00e7\u00e3o pessoal.<\/p>\n<p>Coment\u00e1rios:<\/p>\n<p>A tese do texto est\u00e1 a\u00ed:<\/p>\n<p>N\u00e3o s\u00e3o poucas as pessoas que eu conhe\u00e7o que negligenciam o descanso em prol da produ\u00e7\u00e3o desenfreada, da busca fren\u00e9tica por resultado, ascens\u00e3o, status, dinheiro. Algo de errado em querer tudo isso? A meu ver, n\u00e3o. E sim. N\u00e3o, porque \u00e9 digna a recusa \u00e0 estagna\u00e7\u00e3o. Sim, quando ela compromete momentos de entretenimento, minando, aos poucos, a sa\u00fade f\u00edsica e mental de quem acha que sombra e \u00e1gua fresca s\u00e3o luxo e n\u00e3o merecimento.<\/p>\n<p>Em suma, trabalhar muito \u00e9 ben\u00e9fico \u00e0 medida que proporciona ascens\u00e3o pessoal. Por outro lado, deixa de ser justific\u00e1vel quando passa do limite e compromete a sa\u00fade f\u00edsica e mental da pessoa. Trabalho e Lazer s\u00e3o importantes e nenhum deve \u201celiminar\u201d o outro.<\/p>\n<p>Tal entendimento est\u00e1 parafraseado em:<\/p>\n<p>(B) o ideal \u00e9 que se encontre prazer no trabalho, mas o lazer n\u00e3o deve ser negligenciado.<\/p>\n<p>Vejamos as demais:<\/p>\n<p>(A) a busca por ascens\u00e3o e dinheiro n\u00e3o deve ser vista como dignificante, pois compromete o lazer.<\/p>\n<p>Incorreto. N\u00e3o h\u00e1 nada de errado na busca por ascens\u00e3o, desde que o lazer n\u00e3o seja negligenciado.<\/p>\n<p>(C) o lazer n\u00e3o pode ser substitu\u00eddo pelo trabalho, especialmente porque este n\u00e3o \u00e9 fonte de prazer.<\/p>\n<p>Incorreto. O trabalho pode sim ser fonte de lazer, mas n\u00e3o substitui o lazer \u201cpuro\u201d, n\u00e3o ligado \u00e0s obriga\u00e7\u00f5es de um trabalho.<\/p>\n<p>(D) o lazer deveria ser a \u00fanica preocupa\u00e7\u00e3o das pessoas e n\u00e3o o trabalho, como \u00e9 comum.<\/p>\n<p>Incorreto. Ambos s\u00e3o importantes e necess\u00e1rios, o lazer n\u00e3o pode ser o \u00fanico foco das pessoas.<\/p>\n<p>(E) a dedica\u00e7\u00e3o exclusiva ao trabalho \u00e9 justific\u00e1vel, quando gera alegria e satisfa\u00e7\u00e3o pessoal.<\/p>\n<p>Incorreto. Essa \u00e9 perigosa, mas veja:<\/p>\n<p>A quest\u00e3o \u00e9: trabalho \u00e9 sempre trabalho. Pode ser bom, pode ser at\u00e9 divertido, mas n\u00e3o substitui a capacidade que s\u00f3 o lazer possui de tirar o peso de um cotidiano regido por prazos, hor\u00e1rios, metas.<\/p>\n<p>Gabarito letra B.<\/p>\n<p><strong>\u00a0<\/strong><\/p>\n<ol start=\"13\">\n<li>Uma palavra que revela a cr\u00edtica que a autora faz ao modo como as pessoas t\u00eam se relacionado com o trabalho est\u00e1 destacada em:<\/li>\n<\/ol>\n<p>(A) \u201cescolher entre <strong>sucesso<\/strong> e divers\u00e3o\u201d (3\u00ba par\u00e1grafo).<\/p>\n<p>(B) \u201c<strong>of\u00edcio<\/strong> que se exerce\u201d (4\u00ba par\u00e1grafo).<\/p>\n<p>(C) \u201cconverter o <strong>dinheiro<\/strong> advindo do esfor\u00e7o\u201d (4\u00ba par\u00e1grafo).<\/p>\n<p>(D) \u201crecusa \u00e0 <strong>estagna\u00e7\u00e3o<\/strong>\u201d (2\u00ba par\u00e1grafo).<\/p>\n<p>(E) \u201cbusca <strong>fren\u00e9tica<\/strong> por resultado\u201d (2\u00ba par\u00e1grafo).<\/p>\n<p>Coment\u00e1rios:<\/p>\n<p>\u201cFren\u00e9tica\u201d \u00e9 adjetivo que deriva de \u201cfrenesi\u201d: estado de exalta\u00e7\u00e3o violenta que p\u00f5e o indiv\u00edduo fora de si; desvario&#8230;<\/p>\n<p>Ent\u00e3o, esse adjetivo traz uma carga sem\u00e2ntica de \u201cdescontrole\u201d, de modo que sugere a opini\u00e3o da autora no sentido de que as pessoas est\u00e3o \u201cdescontroladas\u201d em busca de produtividade e esquecem o lazer, que ela entende como absolutamente necess\u00e1rio.<\/p>\n<p>Gabarito letra E.<\/p>\n<p><img loading=\"lazy\" decoding=\"async\" class=\"aligncenter size-full wp-image-104237\" src=\"https:\/\/dhg1h5j42swfq.cloudfront.net\/2018\/01\/28150853\/M%C3%8DDIAS-SOCIAIS-FELIPE.png\" alt=\"\" width=\"724\" height=\"125\" srcset=\"https:\/\/dhg1h5j42swfq.cloudfront.net\/2018\/01\/28150853\/M%C3%8DDIAS-SOCIAIS-FELIPE.png 724w, https:\/\/dhg1h5j42swfq.cloudfront.net\/2018\/01\/28150853\/M%C3%8DDIAS-SOCIAIS-FELIPE.png 300w, https:\/\/dhg1h5j42swfq.cloudfront.net\/2018\/01\/28150853\/M%C3%8DDIAS-SOCIAIS-FELIPE.png 610w\" sizes=\"auto, (max-width: 724px) 100vw, 724px\" \/><\/p>\n<ol start=\"14\">\n<li>A refer\u00eancia ao construtor, no terceiro par\u00e1grafo, serve para<\/li>\n<\/ol>\n<p>(A) ilustrar o quanto o trabalho pode destruir a sa\u00fade f\u00edsica e mental de algu\u00e9m.<\/p>\n<p>(B) exemplificar que a op\u00e7\u00e3o pelo lazer pressup\u00f5e a recusa do sucesso.<\/p>\n<p>(C) demonstrar que a preocupa\u00e7\u00e3o com os bens materiais \u00e9 anti\u00e9tica.<\/p>\n<p>(D) mostrar como a dedica\u00e7\u00e3o excessiva ao trabalho pode levar \u00e0 frustra\u00e7\u00e3o.<\/p>\n<p>(E) denunciar um comportamento cada vez mais raro entre as pessoas.<\/p>\n<p>Coment\u00e1rios:<\/p>\n<p>Pelo que sugere o texto, o construtor j\u00e1 \u00e9 algu\u00e9m que obteve sucesso profissional. Contudo, est\u00e1 h\u00e1 nove anos sem f\u00e9rias e se ressente disso, pois lamente n\u00e3o pode passar tempo com os netos. Ent\u00e3o, esse exemplo mostra que a persegui\u00e7\u00e3o fren\u00e9tica por produtividade pode causar frustra\u00e7\u00e3o. Gabarito letra D.<\/p>\n<p>Vejamos o erro das demais.<\/p>\n<p>(A) ilustrar o quanto o trabalho pode destruir a sa\u00fade f\u00edsica e mental de algu\u00e9m.<\/p>\n<p>Incorreto. N\u00e3o foi dito que a sa\u00fade do construtor est\u00e1 destru\u00edda.<\/p>\n<p>(B) exemplificar que a op\u00e7\u00e3o pelo lazer pressup\u00f5e a recusa do sucesso.<\/p>\n<p>Incorreto. Pelo contr\u00e1rio, ele optou pelo sucesso, n\u00e3o pelo lazer.<\/p>\n<p>(C) demonstrar que a preocupa\u00e7\u00e3o com os bens materiais \u00e9 anti\u00e9tica.<\/p>\n<p>Incorreto. N\u00e3o foi dito isso no texto, pelo contr\u00e1rio: a autora aprova a busca por ascens\u00e3o, desde que n\u00e3o se negligencie o lazer.<\/p>\n<p>(E) denunciar um comportamento cada vez mais raro entre as pessoas.<\/p>\n<p>Incorreto. N\u00e3o \u00e9 raro, \u00e9 comum.<\/p>\n<p>&nbsp;<\/p>\n<ol start=\"15\">\n<li>H\u00e1 palavras empregadas com sentido figurado em:<\/li>\n<\/ol>\n<p>(A) \u201cquem acha que sombra e \u00e1gua fresca s\u00e3o luxo e n\u00e3o merecimento\u201d (2\u00ba par\u00e1grafo).<\/p>\n<p>(B) \u201clamentou o pouco tempo passado com os netos\u201d (3\u00ba par\u00e1grafo).<\/p>\n<p>(C) \u201cme perguntei se era realmente preciso escolher\u201d (3\u00ba par\u00e1grafo).<\/p>\n<p>(D) \u201cum construtor com o qual eu conversava me disse\u201d (3\u00ba par\u00e1grafo).<\/p>\n<p>(E) \u201cN\u00e3o s\u00e3o poucas as pessoas que eu conhe\u00e7o que negligenciam o descanso\u201d (2\u00ba par\u00e1grafo).<\/p>\n<p>Coment\u00e1rios:<\/p>\n<p>Como sempre, a Vunesp pediu uma quest\u00e3o de sentido figurado.<\/p>\n<p>\u201cSombra e \u00e1gua fresca\u201d \u00e9 uma express\u00e3o metaf\u00f3rica que indica conforto, descanso. O trabalho no sol \u00e9 cansativo e d\u00e1 sede, da\u00ed a imagem da \u201csombra e \u00e1gua fresca\u201d no sentido de vida boa, descanso, relaxamento. Gabarito letra A.<\/p>\n<p>Nas demais op\u00e7\u00f5es, o sentido \u00e9 literal, denotativo.<\/p>\n<p>&nbsp;<\/p>\n<ol start=\"16\">\n<li>Observa-se uma rela\u00e7\u00e3o de causa e consequ\u00eancia, nessa ordem, na seguinte passagem:<\/li>\n<\/ol>\n<p>(A) \u201cA quest\u00e3o \u00e9: trabalho \u00e9 sempre trabalho.\u201d (1\u00ba par\u00e1grafo)<\/p>\n<p>(B) \u201c\u2018Escolha um trabalho que voc\u00ea ame e n\u00e3o ter\u00e1 que trabalhar um \u00fanico dia em sua vida.\u2019\u201d (1\u00ba par\u00e1grafo)<\/p>\n<p>(C) \u201cPode ser bom, pode ser at\u00e9 divertido, mas n\u00e3o substitui a capacidade que s\u00f3 o lazer possui de tirar o peso de um cotidiano regido por prazos, hor\u00e1rios, metas.\u201d (1\u00ba par\u00e1grafo)<\/p>\n<p>(D) \u201cPoucas coisas s\u00e3o t\u00e3o eficazes na fun\u00e7\u00e3o de honrar algu\u00e9m quanto o of\u00edcio que se exerce.\u201d (4\u00ba par\u00e1grafo)<\/p>\n<p>(E) \u201cN\u00e3o, porque \u00e9 digna a recusa \u00e0 estagna\u00e7\u00e3o.\u201d (2\u00ba par\u00e1grafo)<\/p>\n<p>Coment\u00e1rios:<\/p>\n<p>Como imaginamos, a banca cobrou o \u201cE\u201d com sentido de consequ\u00eancia.<\/p>\n<p>A rela\u00e7\u00e3o de causa e consequ\u00eancia est\u00e1 em:<\/p>\n<p>\u201c\u2018Escolha um trabalho que voc\u00ea ame e n\u00e3o ter\u00e1 que trabalhar um \u00fanico dia em sua vida.\u2019\u201d<\/p>\n<p>O sentido \u00e9: Como voc\u00ea ama seu trabalho e ele \u00e9 prazeroso (como lazer), voc\u00ea n\u00e3o est\u00e1 de fato trabalhando. Em outras palavras, n\u00e3o trabalha um dia sequer porque seu trabalho \u00e9, na verdade, divers\u00e3o. Gabarito letra B.<\/p>\n<p>&nbsp;<\/p>\n<ol start=\"17\">\n<li>A concord\u00e2ncia nominal est\u00e1 de acordo com a norma-padr\u00e3o em:<\/li>\n<\/ol>\n<p>(A) Sucesso e divers\u00e3o s\u00e3o compat\u00edvel; ali\u00e1s, trabalho sem divers\u00e3o pode levar ao adoecimento.<\/p>\n<p>(B) \u00c9 extremamente necess\u00e1rio a dedica\u00e7\u00e3o de algumas horas na semana ao conv\u00edvio social.<\/p>\n<p>(C) A combina\u00e7\u00e3o entre sucesso profissional e lazer deve ser transformada em prop\u00f3sito de vida.<\/p>\n<p>(D) Ainda s\u00e3o muito escasso, em compara\u00e7\u00e3o com o tempo de trabalho, os momentos de divers\u00e3o.<\/p>\n<p>(E) Preocupado em conquistar estabilidade financeira, n\u00f3s acabamos n\u00e3o dando aten\u00e7\u00e3o ao lazer.<\/p>\n<p>Coment\u00e1rios:<\/p>\n<p>Fa\u00e7amos as devidas corre\u00e7\u00f5es:<\/p>\n<p>(A) Sucesso e divers\u00e3o s\u00e3o COMPAT\u00cdVEIS; ali\u00e1s, trabalho sem divers\u00e3o pode levar ao adoecimento.<\/p>\n<p>(B) \u00c9 extremamente necess\u00e1riA a dedica\u00e7\u00e3o de algumas horas na semana ao conv\u00edvio social.<\/p>\n<p>\u201cDedica\u00e7\u00e3o\u201d veio precedida de artigo, ent\u00e3o devemos fazer a concord\u00e2ncia no feminino.<\/p>\n<p>(C) A combina\u00e7\u00e3o entre sucesso profissional e lazer deve ser transformada em prop\u00f3sito de vida.<\/p>\n<p>Perfeito. O partic\u00edpio \u201ctransformada\u201d concorda em g\u00eanero e n\u00famero com o n\u00facleo \u201ccombina\u00e7\u00e3o\u201d.<\/p>\n<p>(D) Ainda s\u00e3o muito escassoS, em compara\u00e7\u00e3o com o tempo de trabalho, os momentos de divers\u00e3o.<\/p>\n<p>O adjetivo \u201cescassos\u201d deve concordar com \u201cmomentos\u201d.<\/p>\n<p>(E) PreocupadoS em conquistar estabilidade financeira, n\u00f3s acabamos n\u00e3o dando aten\u00e7\u00e3o ao lazer.<\/p>\n<p>PreocupadoS deve concordar com \u201cn\u00f3s\u201d, no plural. Gabarito letra C.<\/p>\n<p>&nbsp;<\/p>\n<ol start=\"18\">\n<li>Assinale a frase que apresenta a reg\u00eancia correta, de acordo com a norma-padr\u00e3o, o segmento destacado.<\/li>\n<\/ol>\n<p>(A) Ele est\u00e1 <strong>convicto que<\/strong> \u00e9 poss\u00edvel trabalhar e se divertir.<\/p>\n<p>(B) Ela demonstrou a <strong>cren\u00e7a de que<\/strong> o lazer dignifica a vida.<\/p>\n<p>(C) Ela <strong>confessou de que<\/strong> tem trabalhado mais do que gostaria.<\/p>\n<p>(D) Ele tem <strong>esperan\u00e7a a que<\/strong> logo ter\u00e1 mais tempo para o lazer.<\/p>\n<p>(E) Ela partiu do <strong>pressuposto a que<\/strong> o trabalho dignifica o homem.<\/p>\n<p>Coment\u00e1rios:<\/p>\n<p>Vejamos as corre\u00e7\u00f5es:<\/p>\n<p>(A) Ele est\u00e1 <strong>convicto DE que<\/strong> \u00e9 poss\u00edvel trabalhar e se divertir.<\/p>\n<p>O adjetivo \u201cconvicto\u201d exige complemento iniciado pela preposi\u00e7\u00e3o \u201cDE\u201d: convicto DE algo.<\/p>\n<p>(B) Ela demonstrou a <strong>cren\u00e7a DE que<\/strong> o lazer dignifica a vida.<\/p>\n<p>O substantivo \u201c<strong>cren\u00e7a<\/strong>\u201d exige complemento iniciado pela preposi\u00e7\u00e3o \u201cDE\u201d: cren\u00e7a DE que o lazer dignifica a vida.<\/p>\n<p>(C) Ela <strong>confessou que<\/strong> tem trabalhado mais do que gostaria.<\/p>\n<p>\u201cConfessar\u201d \u00e9 VTD, n\u00e3o pede preposi\u00e7\u00e3o.<\/p>\n<p>(D) Ele tem <strong>esperan\u00e7a DE que<\/strong> logo ter\u00e1 mais tempo para o lazer.<\/p>\n<p>O substantivo \u201c<strong>esperan\u00e7a<\/strong>\u201d exige complemento iniciado pela preposi\u00e7\u00e3o \u201cDE\u201d: <strong>esperan\u00e7a<\/strong> DE que logo ter\u00e1 mais tempo para o lazer.<\/p>\n<p>(E) Ela partiu do <strong>pressuposto DE que<\/strong> o trabalho dignifica o homem.<\/p>\n<p>O substantivo \u201c<strong>pressuposto<\/strong>\u201d exige complemento iniciado pela preposi\u00e7\u00e3o \u201cDE\u201d: <strong>pressuposto<\/strong> DE <strong>que<\/strong> o trabalho dignifica o homem.<\/p>\n<p>Gabarito letra B.<\/p>\n<p>&nbsp;<\/p>\n<ol start=\"19\">\n<li>Leia a tira.<\/li>\n<\/ol>\n<p>Considerando a correla\u00e7\u00e3o entre as formas verbais, conforme a norma-padr\u00e3o, as lacunas devem ser preenchidas, respectivamente, com:<\/p>\n<p>(A) visse &#8230; reporta<\/p>\n<p>(B) ver &#8230; reporte<\/p>\n<p>(C) veria &#8230; reporte<\/p>\n<p>(D) vir &#8230; reporte<\/p>\n<p>(E) ver\u00e1 &#8230; reporta<\/p>\n<p>Coment\u00e1rios:<\/p>\n<p>A conjun\u00e7\u00e3o SE sugere uma condi\u00e7\u00e3o, hip\u00f3tese, o que leva o verbo ao futuro do subjuntivo:<\/p>\n<p>Se voc\u00ea \u201cVIR\u201d algo errado. Logo em seguida, temos um verbo no imperativo afirmativo. Como a refer\u00eancia \u00e9 a \u2018voc\u00ea\u2019, a forma ser\u00e1 mera c\u00f3pia da terceira pessoa do singular do presente do subjuntivo: que voc\u00ea\/ele reporte&gt;&gt;<strong>reporte <\/strong>voc\u00ea (imperativo afirmativo).<\/p>\n<p>Gabarito letra D.<\/p>\n<p><strong>\u00a0<\/strong><\/p>\n<ol start=\"20\">\n<li>Assinale a alternativa correta no que se refere ao emprego dos elementos destacados.<\/li>\n<\/ol>\n<p>(A) A seguran\u00e7a interna, departamento <strong><u>o qual<\/u><\/strong> foi encaminhada a den\u00fancia sobre o sargento, n\u00e3o deu import\u00e2ncia <strong><u>\u00e0<\/u><\/strong> ela.<\/p>\n<p>(B) Ap\u00f3s denunciar o sargento, o tenente chegou <strong><u>\u00e0<\/u><\/strong> ser chamado de \u201clinguarudo\u201d, xingamento <strong><u>do qual<\/u><\/strong> n\u00e3o se chateou.<\/p>\n<p>(C) Os h\u00e1bitos alimentares do sargento, <strong><u>a que<\/u><\/strong> o tenente fez men\u00e7\u00e3o, n\u00e3o parecem interessar <strong><u>\u00e0<\/u><\/strong> seguran\u00e7a interna.<\/p>\n<p>(D) O tenente foi advertido <strong><u>\u00e0<\/u><\/strong> n\u00e3o fazer men\u00e7\u00e3o aos h\u00e1bitos alimentares do sargento, <strong><u>aos quais<\/u><\/strong> n\u00e3o s\u00e3o nada saud\u00e1veis.<\/p>\n<p>(E) Acusado de revelar informa\u00e7\u00f5es impr\u00f3prias <strong><u>\u00e0<\/u><\/strong> respeito do sargento, o tenente alegou <strong><u>de que<\/u><\/strong> estava cumprindo ordens.<\/p>\n<p>Coment\u00e1rios:<\/p>\n<p>(A) A seguran\u00e7a interna, departamento <strong><u>ao qual<\/u><\/strong> foi encaminhada a den\u00fancia sobre o sargento, n\u00e3o deu import\u00e2ncia <strong><u>a<\/u><\/strong> ela.<\/p>\n<p>\u201co qual\u201d concorda com seu referente: \u201co departamento\u201d, mas faltou a preposi\u00e7\u00e3o. N\u00e3o h\u00e1 crase antes de pronome reto \u201cela\u201d, pois este n\u00e3o aceita artigo.<\/p>\n<p>(B) Ap\u00f3s denunciar o sargento, o tenente chegou <strong><u>a<\/u><\/strong> ser chamado de \u201clinguarudo\u201d, xingamento com <strong><u>o qual<\/u><\/strong> n\u00e3o se chateou.<\/p>\n<p>N\u00e3o h\u00e1 crase antes de verbo. Chatear n\u00e3o pede preposi\u00e7\u00e3o \u201cde\u201d.<\/p>\n<p>(C) Os h\u00e1bitos alimentares do sargento, <strong><u>a que<\/u><\/strong> o tenente fez men\u00e7\u00e3o, n\u00e3o parecem interessar <strong><u>\u00e0<\/u><\/strong> seguran\u00e7a interna.<\/p>\n<p>Perfeito. A preposi\u00e7\u00e3o \u2018a\u2019 antes do relativo \u201cque\u201d deriva da reg\u00eancia do substantivo \u201cmen\u00e7\u00e3o\u201d. A crase se justifica pela fus\u00e3o de \u201cInteressar A+A seguran\u00e7a interna\u201d.<\/p>\n<p>(D) O tenente foi advertido <strong><u>a<\/u><\/strong> n\u00e3o fazer men\u00e7\u00e3o aos h\u00e1bitos alimentares do sargento, <strong><u>os quais<\/u><\/strong> n\u00e3o s\u00e3o nada saud\u00e1veis.<\/p>\n<p>N\u00e3o h\u00e1 crase antes de verbo. N\u00e3o h\u00e1 nenhum termo que pe\u00e7a a preposi\u00e7\u00e3o \u201ca\u201d, ent\u00e3o ela n\u00e3o deveria estar ali.<\/p>\n<p>(E) Acusado de revelar informa\u00e7\u00f5es impr\u00f3prias <strong><u>a<\/u><\/strong> respeito do sargento, o tenente alegou <strong><u>que<\/u><\/strong> estava cumprindo ordens.<\/p>\n<p>N\u00e3o h\u00e1 crase antes de palavra masculina. Alegar n\u00e3o pede preposi\u00e7\u00e3o \u201ca\u201d, nem qualquer outra, pois \u00e9 transitivo direto. Gabarito letra C.<\/p>\n<p>Ent\u00e3o \u00e9 isso, pessoal! Depois me digam como voc\u00eas foram na prova!<\/p>\n<p><img loading=\"lazy\" decoding=\"async\" class=\"aligncenter size-full wp-image-104237\" src=\"https:\/\/dhg1h5j42swfq.cloudfront.net\/2018\/01\/28150853\/M%C3%8DDIAS-SOCIAIS-FELIPE.png\" alt=\"\" width=\"724\" height=\"125\" srcset=\"https:\/\/dhg1h5j42swfq.cloudfront.net\/2018\/01\/28150853\/M%C3%8DDIAS-SOCIAIS-FELIPE.png 724w, https:\/\/dhg1h5j42swfq.cloudfront.net\/2018\/01\/28150853\/M%C3%8DDIAS-SOCIAIS-FELIPE.png 300w, https:\/\/dhg1h5j42swfq.cloudfront.net\/2018\/01\/28150853\/M%C3%8DDIAS-SOCIAIS-FELIPE.png 610w\" sizes=\"auto, (max-width: 724px) 100vw, 724px\" \/><\/p>\n","protected":false},"excerpt":{"rendered":"<p>Ol\u00e1, pessoal, boa noite! Tudo bem? Vamos \u00e0 corre\u00e7\u00e3o da prova de Agente Policial &#8211; PC SP, aplicada dia 8, pela Vunesp! Leia a charge para responder \u00e0s quest\u00f5es de n\u00fameros 01 e 02. \u00a0 \u00a0 01. A charge tem como assunto principal (A) a evolu\u00e7\u00e3o dos aparelhos de comunica\u00e7\u00e3o. (B) a intera\u00e7\u00e3o estabelecida nas [&hellip;]<\/p>\n","protected":false},"author":1,"featured_media":0,"comment_status":"open","ping_status":"closed","sticky":false,"template":"","format":"standard","meta":{"post_tipo":"article","footnotes":""},"categories":[1],"tags":[],"tax_estado":[],"class_list":["post-130530","post","type-post","status-publish","format-standard","hentry","category-cursos-e-concursos"],"acf":[],"yoast_head":"<!-- This site is optimized with the Yoast SEO Premium plugin v27.2 (Yoast SEO v27.2) - https:\/\/yoast.com\/product\/yoast-seo-premium-wordpress\/ -->\n<title>Portugu\u00eas - Prova Agente Policial PC SP- Prova comentada<\/title>\n<meta name=\"robots\" content=\"index, follow, max-snippet:-1, max-image-preview:large, max-video-preview:-1\" \/>\n<link rel=\"canonical\" href=\"https:\/\/www.estrategiaconcursos.com.br\/blog\/portugues-prova-agente-policial-pc-sp-prova-comentada\/\" \/>\n<meta property=\"og:locale\" content=\"pt_BR\" \/>\n<meta property=\"og:type\" content=\"article\" \/>\n<meta property=\"og:title\" content=\"Portugu\u00eas - Prova Agente Policial PC SP- Prova comentada\" \/>\n<meta property=\"og:description\" content=\"Ol\u00e1, pessoal, boa noite! Tudo bem? Vamos \u00e0 corre\u00e7\u00e3o da prova de Agente Policial &#8211; PC SP, aplicada dia 8, pela Vunesp! Leia a charge para responder \u00e0s quest\u00f5es de n\u00fameros 01 e 02. \u00a0 \u00a0 01. A charge tem como assunto principal (A) a evolu\u00e7\u00e3o dos aparelhos de comunica\u00e7\u00e3o. (B) a intera\u00e7\u00e3o estabelecida nas [&hellip;]\" \/>\n<meta property=\"og:url\" content=\"https:\/\/www.estrategiaconcursos.com.br\/blog\/portugues-prova-agente-policial-pc-sp-prova-comentada\/\" \/>\n<meta property=\"og:site_name\" content=\"Estrat\u00e9gia Concursos\" \/>\n<meta property=\"article:author\" content=\"https:\/\/www.facebook.com\/EstrategiaConcursos\" \/>\n<meta property=\"article:published_time\" content=\"2018-07-10T21:18:12+00:00\" \/>\n<meta property=\"article:modified_time\" content=\"2018-07-10T22:38:52+00:00\" \/>\n<meta property=\"og:image\" content=\"https:\/\/www.estrategiaconcursos.com.br\/blog\/wp-content\/uploads\/2018\/07\/agepol1.png\" \/>\n<meta name=\"author\" content=\"Coordena\u00e7\u00e3o\" \/>\n<meta name=\"twitter:card\" content=\"summary_large_image\" \/>\n<meta name=\"twitter:creator\" content=\"@EstratConcursos\" \/>\n<meta name=\"twitter:site\" content=\"@EstratConcursos\" \/>\n<meta name=\"twitter:label1\" content=\"Escrito por\" \/>\n\t<meta name=\"twitter:data1\" content=\"Coordena\u00e7\u00e3o\" \/>\n\t<meta name=\"twitter:label2\" content=\"Est. tempo de leitura\" \/>\n\t<meta name=\"twitter:data2\" content=\"23 minutos\" \/>\n<script type=\"application\/ld+json\" class=\"yoast-schema-graph\">{\"@context\":\"https:\/\/schema.org\",\"@graph\":[{\"@type\":\"NewsArticle\",\"@id\":\"https:\/\/www.estrategiaconcursos.com.br\/blog\/portugues-prova-agente-policial-pc-sp-prova-comentada\/#article\",\"isPartOf\":{\"@id\":\"https:\/\/www.estrategiaconcursos.com.br\/blog\/portugues-prova-agente-policial-pc-sp-prova-comentada\/\"},\"author\":{\"name\":\"Coordena\u00e7\u00e3o\",\"@id\":\"https:\/\/www.estrategiaconcursos.com.br\/blog\/#\/schema\/person\/b4a388c97673c5f483d72185668afa1f\"},\"headline\":\"Portugu\u00eas &#8211; Prova Agente Policial PC SP- Prova comentada\",\"datePublished\":\"2018-07-10T21:18:12+00:00\",\"dateModified\":\"2018-07-10T22:38:52+00:00\",\"mainEntityOfPage\":{\"@id\":\"https:\/\/www.estrategiaconcursos.com.br\/blog\/portugues-prova-agente-policial-pc-sp-prova-comentada\/\"},\"wordCount\":4596,\"commentCount\":1,\"publisher\":{\"@id\":\"https:\/\/www.estrategiaconcursos.com.br\/blog\/#organization\"},\"image\":{\"@id\":\"https:\/\/www.estrategiaconcursos.com.br\/blog\/portugues-prova-agente-policial-pc-sp-prova-comentada\/#primaryimage\"},\"thumbnailUrl\":\"https:\/\/www.estrategiaconcursos.com.br\/blog\/wp-content\/uploads\/2018\/07\/agepol1.png\",\"articleSection\":[\"Concursos P\u00fablicos\"],\"inLanguage\":\"pt-BR\",\"potentialAction\":[{\"@type\":\"CommentAction\",\"name\":\"Comment\",\"target\":[\"https:\/\/www.estrategiaconcursos.com.br\/blog\/portugues-prova-agente-policial-pc-sp-prova-comentada\/#respond\"]}],\"copyrightYear\":\"2018\",\"copyrightHolder\":{\"@id\":\"https:\/\/www.estrategiaconcursos.com.br\/blog\/#organization\"}},{\"@type\":\"WebPage\",\"@id\":\"https:\/\/www.estrategiaconcursos.com.br\/blog\/portugues-prova-agente-policial-pc-sp-prova-comentada\/\",\"url\":\"https:\/\/www.estrategiaconcursos.com.br\/blog\/portugues-prova-agente-policial-pc-sp-prova-comentada\/\",\"name\":\"Portugu\u00eas - Prova Agente Policial PC SP- Prova comentada\",\"isPartOf\":{\"@id\":\"https:\/\/www.estrategiaconcursos.com.br\/blog\/#website\"},\"primaryImageOfPage\":{\"@id\":\"https:\/\/www.estrategiaconcursos.com.br\/blog\/portugues-prova-agente-policial-pc-sp-prova-comentada\/#primaryimage\"},\"image\":{\"@id\":\"https:\/\/www.estrategiaconcursos.com.br\/blog\/portugues-prova-agente-policial-pc-sp-prova-comentada\/#primaryimage\"},\"thumbnailUrl\":\"https:\/\/www.estrategiaconcursos.com.br\/blog\/wp-content\/uploads\/2018\/07\/agepol1.png\",\"datePublished\":\"2018-07-10T21:18:12+00:00\",\"dateModified\":\"2018-07-10T22:38:52+00:00\",\"breadcrumb\":{\"@id\":\"https:\/\/www.estrategiaconcursos.com.br\/blog\/portugues-prova-agente-policial-pc-sp-prova-comentada\/#breadcrumb\"},\"inLanguage\":\"pt-BR\",\"potentialAction\":[{\"@type\":\"ReadAction\",\"target\":[\"https:\/\/www.estrategiaconcursos.com.br\/blog\/portugues-prova-agente-policial-pc-sp-prova-comentada\/\"]}]},{\"@type\":\"ImageObject\",\"inLanguage\":\"pt-BR\",\"@id\":\"https:\/\/www.estrategiaconcursos.com.br\/blog\/portugues-prova-agente-policial-pc-sp-prova-comentada\/#primaryimage\",\"url\":\"https:\/\/dhg1h5j42swfq.cloudfront.net\/2018\/07\/10181406\/agepol1.png\",\"contentUrl\":\"https:\/\/dhg1h5j42swfq.cloudfront.net\/2018\/07\/10181406\/agepol1.png\",\"width\":345,\"height\":196},{\"@type\":\"BreadcrumbList\",\"@id\":\"https:\/\/www.estrategiaconcursos.com.br\/blog\/portugues-prova-agente-policial-pc-sp-prova-comentada\/#breadcrumb\",\"itemListElement\":[{\"@type\":\"ListItem\",\"position\":1,\"name\":\"In\u00edcio\",\"item\":\"https:\/\/www.estrategiaconcursos.com.br\/blog\/\"},{\"@type\":\"ListItem\",\"position\":2,\"name\":\"Portugu\u00eas &#8211; Prova Agente Policial PC SP- Prova comentada\"}]},{\"@type\":\"WebSite\",\"@id\":\"https:\/\/www.estrategiaconcursos.com.br\/blog\/#website\",\"url\":\"https:\/\/www.estrategiaconcursos.com.br\/blog\/\",\"name\":\"Estrat\u00e9gia Concursos\",\"description\":\"O blog da Estrat\u00e9gia Concursos traz not\u00edcias sobre concursos e artigos de professores oferecendo cursos para concursos (pdf + videaulas) no site.\",\"publisher\":{\"@id\":\"https:\/\/www.estrategiaconcursos.com.br\/blog\/#organization\"},\"potentialAction\":[{\"@type\":\"SearchAction\",\"target\":{\"@type\":\"EntryPoint\",\"urlTemplate\":\"https:\/\/www.estrategiaconcursos.com.br\/blog\/?s={search_term_string}\"},\"query-input\":{\"@type\":\"PropertyValueSpecification\",\"valueRequired\":true,\"valueName\":\"search_term_string\"}}],\"inLanguage\":\"pt-BR\"},{\"@type\":\"Organization\",\"@id\":\"https:\/\/www.estrategiaconcursos.com.br\/blog\/#organization\",\"name\":\"Estrat\u00e9gia Concursos\",\"url\":\"https:\/\/www.estrategiaconcursos.com.br\/blog\/\",\"logo\":{\"@type\":\"ImageObject\",\"inLanguage\":\"pt-BR\",\"@id\":\"https:\/\/www.estrategiaconcursos.com.br\/blog\/#\/schema\/logo\/image\/\",\"url\":\"https:\/\/dhg1h5j42swfq.cloudfront.net\/2025\/06\/03203428\/logo_concursos-1.jpg\",\"contentUrl\":\"https:\/\/dhg1h5j42swfq.cloudfront.net\/2025\/06\/03203428\/logo_concursos-1.jpg\",\"width\":230,\"height\":60,\"caption\":\"Estrat\u00e9gia Concursos\"},\"image\":{\"@id\":\"https:\/\/www.estrategiaconcursos.com.br\/blog\/#\/schema\/logo\/image\/\"},\"sameAs\":[\"https:\/\/x.com\/EstratConcursos\"]},{\"@type\":\"Person\",\"@id\":\"https:\/\/www.estrategiaconcursos.com.br\/blog\/#\/schema\/person\/b4a388c97673c5f483d72185668afa1f\",\"name\":\"Coordena\u00e7\u00e3o\",\"image\":{\"@type\":\"ImageObject\",\"inLanguage\":\"pt-BR\",\"@id\":\"https:\/\/secure.gravatar.com\/avatar\/b720319e4c9a967eb58678d110f4fe35452fc5d5f97b202bac7b8acceb18c6ad?s=96&d=mm&r=g\",\"url\":\"https:\/\/secure.gravatar.com\/avatar\/b720319e4c9a967eb58678d110f4fe35452fc5d5f97b202bac7b8acceb18c6ad?s=96&d=mm&r=g\",\"contentUrl\":\"https:\/\/secure.gravatar.com\/avatar\/b720319e4c9a967eb58678d110f4fe35452fc5d5f97b202bac7b8acceb18c6ad?s=96&d=mm&r=g\",\"caption\":\"Coordena\u00e7\u00e3o\"},\"sameAs\":[\"https:\/\/www.facebook.com\/EstrategiaConcursos\",\"https:\/\/x.com\/EstratConcursos\"],\"url\":\"https:\/\/www.estrategiaconcursos.com.br\/blog\/author\/estrategia2013\/\"}]}<\/script>\n<!-- \/ Yoast SEO Premium plugin. -->","yoast_head_json":{"title":"Portugu\u00eas - Prova Agente Policial PC SP- Prova comentada","robots":{"index":"index","follow":"follow","max-snippet":"max-snippet:-1","max-image-preview":"max-image-preview:large","max-video-preview":"max-video-preview:-1"},"canonical":"https:\/\/www.estrategiaconcursos.com.br\/blog\/portugues-prova-agente-policial-pc-sp-prova-comentada\/","og_locale":"pt_BR","og_type":"article","og_title":"Portugu\u00eas - Prova Agente Policial PC SP- Prova comentada","og_description":"Ol\u00e1, pessoal, boa noite! Tudo bem? Vamos \u00e0 corre\u00e7\u00e3o da prova de Agente Policial &#8211; PC SP, aplicada dia 8, pela Vunesp! Leia a charge para responder \u00e0s quest\u00f5es de n\u00fameros 01 e 02. \u00a0 \u00a0 01. A charge tem como assunto principal (A) a evolu\u00e7\u00e3o dos aparelhos de comunica\u00e7\u00e3o. (B) a intera\u00e7\u00e3o estabelecida nas [&hellip;]","og_url":"https:\/\/www.estrategiaconcursos.com.br\/blog\/portugues-prova-agente-policial-pc-sp-prova-comentada\/","og_site_name":"Estrat\u00e9gia Concursos","article_author":"https:\/\/www.facebook.com\/EstrategiaConcursos","article_published_time":"2018-07-10T21:18:12+00:00","article_modified_time":"2018-07-10T22:38:52+00:00","og_image":[{"url":"https:\/\/www.estrategiaconcursos.com.br\/blog\/wp-content\/uploads\/2018\/07\/agepol1.png","type":"","width":"","height":""}],"author":"Coordena\u00e7\u00e3o","twitter_card":"summary_large_image","twitter_creator":"@EstratConcursos","twitter_site":"@EstratConcursos","twitter_misc":{"Escrito por":"Coordena\u00e7\u00e3o","Est. tempo de leitura":"23 minutos"},"schema":{"@context":"https:\/\/schema.org","@graph":[{"@type":"NewsArticle","@id":"https:\/\/www.estrategiaconcursos.com.br\/blog\/portugues-prova-agente-policial-pc-sp-prova-comentada\/#article","isPartOf":{"@id":"https:\/\/www.estrategiaconcursos.com.br\/blog\/portugues-prova-agente-policial-pc-sp-prova-comentada\/"},"author":{"name":"Coordena\u00e7\u00e3o","@id":"https:\/\/www.estrategiaconcursos.com.br\/blog\/#\/schema\/person\/b4a388c97673c5f483d72185668afa1f"},"headline":"Portugu\u00eas &#8211; Prova Agente Policial PC SP- Prova comentada","datePublished":"2018-07-10T21:18:12+00:00","dateModified":"2018-07-10T22:38:52+00:00","mainEntityOfPage":{"@id":"https:\/\/www.estrategiaconcursos.com.br\/blog\/portugues-prova-agente-policial-pc-sp-prova-comentada\/"},"wordCount":4596,"commentCount":1,"publisher":{"@id":"https:\/\/www.estrategiaconcursos.com.br\/blog\/#organization"},"image":{"@id":"https:\/\/www.estrategiaconcursos.com.br\/blog\/portugues-prova-agente-policial-pc-sp-prova-comentada\/#primaryimage"},"thumbnailUrl":"https:\/\/www.estrategiaconcursos.com.br\/blog\/wp-content\/uploads\/2018\/07\/agepol1.png","articleSection":["Concursos P\u00fablicos"],"inLanguage":"pt-BR","potentialAction":[{"@type":"CommentAction","name":"Comment","target":["https:\/\/www.estrategiaconcursos.com.br\/blog\/portugues-prova-agente-policial-pc-sp-prova-comentada\/#respond"]}],"copyrightYear":"2018","copyrightHolder":{"@id":"https:\/\/www.estrategiaconcursos.com.br\/blog\/#organization"}},{"@type":"WebPage","@id":"https:\/\/www.estrategiaconcursos.com.br\/blog\/portugues-prova-agente-policial-pc-sp-prova-comentada\/","url":"https:\/\/www.estrategiaconcursos.com.br\/blog\/portugues-prova-agente-policial-pc-sp-prova-comentada\/","name":"Portugu\u00eas - Prova Agente Policial PC SP- Prova comentada","isPartOf":{"@id":"https:\/\/www.estrategiaconcursos.com.br\/blog\/#website"},"primaryImageOfPage":{"@id":"https:\/\/www.estrategiaconcursos.com.br\/blog\/portugues-prova-agente-policial-pc-sp-prova-comentada\/#primaryimage"},"image":{"@id":"https:\/\/www.estrategiaconcursos.com.br\/blog\/portugues-prova-agente-policial-pc-sp-prova-comentada\/#primaryimage"},"thumbnailUrl":"https:\/\/www.estrategiaconcursos.com.br\/blog\/wp-content\/uploads\/2018\/07\/agepol1.png","datePublished":"2018-07-10T21:18:12+00:00","dateModified":"2018-07-10T22:38:52+00:00","breadcrumb":{"@id":"https:\/\/www.estrategiaconcursos.com.br\/blog\/portugues-prova-agente-policial-pc-sp-prova-comentada\/#breadcrumb"},"inLanguage":"pt-BR","potentialAction":[{"@type":"ReadAction","target":["https:\/\/www.estrategiaconcursos.com.br\/blog\/portugues-prova-agente-policial-pc-sp-prova-comentada\/"]}]},{"@type":"ImageObject","inLanguage":"pt-BR","@id":"https:\/\/www.estrategiaconcursos.com.br\/blog\/portugues-prova-agente-policial-pc-sp-prova-comentada\/#primaryimage","url":"https:\/\/dhg1h5j42swfq.cloudfront.net\/2018\/07\/10181406\/agepol1.png","contentUrl":"https:\/\/dhg1h5j42swfq.cloudfront.net\/2018\/07\/10181406\/agepol1.png","width":345,"height":196},{"@type":"BreadcrumbList","@id":"https:\/\/www.estrategiaconcursos.com.br\/blog\/portugues-prova-agente-policial-pc-sp-prova-comentada\/#breadcrumb","itemListElement":[{"@type":"ListItem","position":1,"name":"In\u00edcio","item":"https:\/\/www.estrategiaconcursos.com.br\/blog\/"},{"@type":"ListItem","position":2,"name":"Portugu\u00eas &#8211; Prova Agente Policial PC SP- Prova comentada"}]},{"@type":"WebSite","@id":"https:\/\/www.estrategiaconcursos.com.br\/blog\/#website","url":"https:\/\/www.estrategiaconcursos.com.br\/blog\/","name":"Estrat\u00e9gia Concursos","description":"O blog da Estrat\u00e9gia Concursos traz not\u00edcias sobre concursos e artigos de professores oferecendo cursos para concursos (pdf + videaulas) no site.","publisher":{"@id":"https:\/\/www.estrategiaconcursos.com.br\/blog\/#organization"},"potentialAction":[{"@type":"SearchAction","target":{"@type":"EntryPoint","urlTemplate":"https:\/\/www.estrategiaconcursos.com.br\/blog\/?s={search_term_string}"},"query-input":{"@type":"PropertyValueSpecification","valueRequired":true,"valueName":"search_term_string"}}],"inLanguage":"pt-BR"},{"@type":"Organization","@id":"https:\/\/www.estrategiaconcursos.com.br\/blog\/#organization","name":"Estrat\u00e9gia Concursos","url":"https:\/\/www.estrategiaconcursos.com.br\/blog\/","logo":{"@type":"ImageObject","inLanguage":"pt-BR","@id":"https:\/\/www.estrategiaconcursos.com.br\/blog\/#\/schema\/logo\/image\/","url":"https:\/\/dhg1h5j42swfq.cloudfront.net\/2025\/06\/03203428\/logo_concursos-1.jpg","contentUrl":"https:\/\/dhg1h5j42swfq.cloudfront.net\/2025\/06\/03203428\/logo_concursos-1.jpg","width":230,"height":60,"caption":"Estrat\u00e9gia Concursos"},"image":{"@id":"https:\/\/www.estrategiaconcursos.com.br\/blog\/#\/schema\/logo\/image\/"},"sameAs":["https:\/\/x.com\/EstratConcursos"]},{"@type":"Person","@id":"https:\/\/www.estrategiaconcursos.com.br\/blog\/#\/schema\/person\/b4a388c97673c5f483d72185668afa1f","name":"Coordena\u00e7\u00e3o","image":{"@type":"ImageObject","inLanguage":"pt-BR","@id":"https:\/\/secure.gravatar.com\/avatar\/b720319e4c9a967eb58678d110f4fe35452fc5d5f97b202bac7b8acceb18c6ad?s=96&d=mm&r=g","url":"https:\/\/secure.gravatar.com\/avatar\/b720319e4c9a967eb58678d110f4fe35452fc5d5f97b202bac7b8acceb18c6ad?s=96&d=mm&r=g","contentUrl":"https:\/\/secure.gravatar.com\/avatar\/b720319e4c9a967eb58678d110f4fe35452fc5d5f97b202bac7b8acceb18c6ad?s=96&d=mm&r=g","caption":"Coordena\u00e7\u00e3o"},"sameAs":["https:\/\/www.facebook.com\/EstrategiaConcursos","https:\/\/x.com\/EstratConcursos"],"url":"https:\/\/www.estrategiaconcursos.com.br\/blog\/author\/estrategia2013\/"}]}},"_links":{"self":[{"href":"https:\/\/www.estrategiaconcursos.com.br\/blog\/wp-json\/wp\/v2\/posts\/130530","targetHints":{"allow":["GET"]}}],"collection":[{"href":"https:\/\/www.estrategiaconcursos.com.br\/blog\/wp-json\/wp\/v2\/posts"}],"about":[{"href":"https:\/\/www.estrategiaconcursos.com.br\/blog\/wp-json\/wp\/v2\/types\/post"}],"author":[{"embeddable":true,"href":"https:\/\/www.estrategiaconcursos.com.br\/blog\/wp-json\/wp\/v2\/users\/1"}],"replies":[{"embeddable":true,"href":"https:\/\/www.estrategiaconcursos.com.br\/blog\/wp-json\/wp\/v2\/comments?post=130530"}],"version-history":[{"count":3,"href":"https:\/\/www.estrategiaconcursos.com.br\/blog\/wp-json\/wp\/v2\/posts\/130530\/revisions"}],"predecessor-version":[{"id":130554,"href":"https:\/\/www.estrategiaconcursos.com.br\/blog\/wp-json\/wp\/v2\/posts\/130530\/revisions\/130554"}],"wp:attachment":[{"href":"https:\/\/www.estrategiaconcursos.com.br\/blog\/wp-json\/wp\/v2\/media?parent=130530"}],"wp:term":[{"taxonomy":"category","embeddable":true,"href":"https:\/\/www.estrategiaconcursos.com.br\/blog\/wp-json\/wp\/v2\/categories?post=130530"},{"taxonomy":"post_tag","embeddable":true,"href":"https:\/\/www.estrategiaconcursos.com.br\/blog\/wp-json\/wp\/v2\/tags?post=130530"},{"taxonomy":"tax_estado","embeddable":true,"href":"https:\/\/www.estrategiaconcursos.com.br\/blog\/wp-json\/wp\/v2\/tax_estado?post=130530"}],"curies":[{"name":"wp","href":"https:\/\/api.w.org\/{rel}","templated":true}]}}