{"id":1304828,"date":"2024-01-29T17:24:45","date_gmt":"2024-01-29T20:24:45","guid":{"rendered":"https:\/\/www.estrategiaconcursos.com.br\/blog\/?p=1304828"},"modified":"2024-01-29T17:24:47","modified_gmt":"2024-01-29T20:24:47","slug":"concurso-camara-de-anapolis-go","status":"publish","type":"post","link":"https:\/\/www.estrategiaconcursos.com.br\/blog\/concurso-camara-de-anapolis-go\/","title":{"rendered":"Concurso C\u00e2mara de An\u00e1polis: gabaritos divulgados!"},"content":{"rendered":"\n<p>Foram divulgados os gabaritos preliminares das provas do <strong>concurso C\u00e2mara de An\u00e1polis<\/strong>, munic\u00edpio localizado no estado de Goi\u00e1s, com oferta de 15 vagas imediatas e 95 para forma\u00e7\u00e3o de cadastro reserva. <\/p>\n\n\n\n<ul class=\"wp-block-list\">\n<li><a href=\"https:\/\/sistemas.institutoverbena.ufg.br\/2023\/concurso-camara-anapolis\/sistema\/provas_gabaritos\/Provas_gabaritos_preliminares%20CAMARA_ANAPOLIS.html\" target=\"_blank\" rel=\"noreferrer noopener\">Confira os gabaritos preliminares<\/a><\/li>\n<\/ul>\n\n\n\n<p>Agora, o prazo para interposi\u00e7\u00e3o de recursos ficar\u00e1 aberto at\u00e9 o dia 31 de janeiro, no site da banca organizadora, <a href=\"https:\/\/sistemas.institutoverbena.ufg.br\/2023\/concurso-camara-anapolis\/\" target=\"_blank\" rel=\"noreferrer noopener\">Instituto Verbena<\/a>.<\/p>\n\n\n\n<p>As oportunidades s\u00e3o distribu\u00eddas entre os cargos de <strong>Assistente Administrativo, Analista de Controle Interno<\/strong> <strong>e Analista Administrativo<\/strong>, nos n\u00edveis m\u00e9dio e superior, em diferentes especialidades. Os sal\u00e1rios variam de R$ 3.375,90 a R$ 5.122,06.<\/p>\n\n\n\n<ul class=\"has-very-light-gray-to-cyan-bluish-gray-gradient-background has-background wp-block-list\">\n<li><strong>Concurso C\u00e2mara de An\u00e1polis<\/strong><\/li>\n\n\n\n<li><strong>Status:<\/strong> gabaritos divulgados<\/li>\n\n\n\n<li><strong>Banca:<\/strong> Instituto Verbena<\/li>\n\n\n\n<li><strong>Vagas:<\/strong> 15 + 95 CR<\/li>\n\n\n\n<li><strong>Sal\u00e1rio inicial:<\/strong> R$ 3.375,90 a R$ 5.122,06<\/li>\n\n\n\n<li><strong>Edital<\/strong>:&nbsp;<a href=\"https:\/\/dhg1h5j42swfq.cloudfront.net\/2023\/11\/10080445\/edital_abertura_camara_anapolis_2023_consolidado_n1.pdf\" target=\"_blank\" rel=\"noreferrer noopener nofollow\">C\u00e2mara An\u00e1polis-GO 2023<\/a><\/li>\n<\/ul>\n\n\n\n<p>A fim de te deixar sempre bem informado, elaboramos este artigo com as principais informa\u00e7\u00f5es e novidades sobre o concurso. Acompanhe os t\u00f3picos abaixo e n\u00e3o perca nenhum detalhe:<\/p>\n\n\n\n<ul class=\"wp-block-list\" id=\"indice\">\n<li><a href=\"#cargos-vagas\">Cargos e vagas<\/a><\/li>\n\n\n\n<li><a href=\"#etapas\">Etapas e provas<\/a>\n<ul class=\"wp-block-list\">\n<li><a href=\"#objetiva\">Prova objetiva<\/a><\/li>\n<\/ul>\n<\/li>\n\n\n\n<li><a href=\"#cursos\">Cursos e assinaturas<\/a><\/li>\n\n\n\n<li><a href=\"#ficha\">Ficha t\u00e9cnica<\/a><\/li>\n\n\n\n<li><a href=\"#medio\">M\u00e9dio<\/a><\/li>\n\n\n\n<li><a href=\"#superior\">Superior<\/a><\/li>\n<\/ul>\n\n\n\n<div class=\"container\" id=\"boxes\">\n  <div class=\"row\">\n\n    <div class=\"col-sm\">\n      <div class=\"banner-legislativo\" id=\"box-assinatura\">\n        <h3 class=\"titulo-assinatura\">Concurso C\u00e2mara de An\u00e1polis<\/h3>\n        <p class=\"subtitulo-assinatura\">Conhe\u00e7a os cursos<\/p>\n        <div class=\"box-botao\">\n          <a class=\"btn-assinatura\" target=\"_blank\" href=\"https:\/\/www.estrategiaconcursos.com.br\/cursos\/\" role=\"button\" rel=\"noopener noreferrer\">Conhe\u00e7a mais<\/a>\n        <\/div>\n      <\/div>\n     \n    <\/div>\n\n  <\/div>\n<\/div>\n\n\n\n<h2 class=\"wp-block-heading\" id=\"cargos-vagas\">Cargos e vagas do concurso C\u00e2mara de An\u00e1polis<\/h2>\n\n\n\n<h3 class=\"wp-block-heading\" id=\"medio\">Ensino m\u00e9dio<\/h3>\n\n\n\n<figure class=\"wp-block-table is-style-stripes\"><table class=\"has-very-light-gray-to-cyan-bluish-gray-gradient-background has-background has-fixed-layout\"><thead><tr><th class=\"has-text-align-center\" data-align=\"center\">CARGOS<\/th><th class=\"has-text-align-center\" data-align=\"center\">VAGAS<\/th><th class=\"has-text-align-center\" data-align=\"center\">SAL\u00c1RIO<\/th><\/tr><\/thead><tbody><tr><td class=\"has-text-align-center\" data-align=\"center\">Assistente Administrativo<\/td><td class=\"has-text-align-center\" data-align=\"center\">2 + 10 CR<\/td><td class=\"has-text-align-center\" data-align=\"center\">R$ 3.375,90<\/td><\/tr><tr><td class=\"has-text-align-center\" data-align=\"center\">Assistente Administrativo \u2013 T\u00e9cnico de Inform\u00e1tica<\/td><td class=\"has-text-align-center\" data-align=\"center\">1 + 5 CR<\/td><td class=\"has-text-align-center\" data-align=\"center\">R$ 3.375,90<\/td><\/tr><tr><td class=\"has-text-align-center\" data-align=\"center\">Assistente de Controle Interno<\/td><td class=\"has-text-align-center\" data-align=\"center\">5 CR<\/td><td class=\"has-text-align-center\" data-align=\"center\">R$ 3.375,90<\/td><\/tr><\/tbody><\/table><\/figure>\n\n\n\n<h3 class=\"wp-block-heading\" id=\"superior\">Curso superior<\/h3>\n\n\n\n<figure class=\"wp-block-table is-style-stripes\"><table class=\"has-very-light-gray-to-cyan-bluish-gray-gradient-background has-background has-fixed-layout\"><thead><tr><th class=\"has-text-align-center\" data-align=\"center\">CARGOS<\/th><th class=\"has-text-align-center\" data-align=\"center\">VAGAS<\/th><th class=\"has-text-align-center\" data-align=\"center\">SAL\u00c1RIO<\/th><\/tr><\/thead><tbody><tr><td class=\"has-text-align-center\" data-align=\"center\">Analista Administrativo \u2013 Administra\u00e7\u00e3o<\/td><td class=\"has-text-align-center\" data-align=\"center\">1 + 5 CR<\/td><td class=\"has-text-align-center\" data-align=\"center\">R$ 5.122,06<\/td><\/tr><tr><td class=\"has-text-align-center\" data-align=\"center\">Analista Administrativo \u2013 Analista de Sistemas<\/td><td class=\"has-text-align-center\" data-align=\"center\">1 + 5 CR<\/td><td class=\"has-text-align-center\" data-align=\"center\">R$ 5.122,06<\/td><\/tr><tr><td class=\"has-text-align-center\" data-align=\"center\">Analista Administrativo \u2013 Arquivologia<\/td><td class=\"has-text-align-center\" data-align=\"center\">1 + 5 CR<\/td><td class=\"has-text-align-center\" data-align=\"center\">R$ 5.122,06<\/td><\/tr><tr><td class=\"has-text-align-center\" data-align=\"center\">Analista Administrativo \u2013 Ci\u00eancias Cont\u00e1beis<\/td><td class=\"has-text-align-center\" data-align=\"center\">5 CR<\/td><td class=\"has-text-align-center\" data-align=\"center\">R$ 5.122,06<\/td><\/tr><tr><td class=\"has-text-align-center\" data-align=\"center\">Analista Administrativo \u2013 Economia<\/td><td class=\"has-text-align-center\" data-align=\"center\">5 CR<\/td><td class=\"has-text-align-center\" data-align=\"center\">R$ 5.122,06<\/td><\/tr><tr><td class=\"has-text-align-center\" data-align=\"center\">Analista Administrativo \u2013 Comunica\u00e7\u00e3o Social<\/td><td class=\"has-text-align-center\" data-align=\"center\">1 + 5 CR<\/td><td class=\"has-text-align-center\" data-align=\"center\">R$ 5.122,06<\/td><\/tr><tr><td class=\"has-text-align-center\" data-align=\"center\">Analista Administrativo \u2013 Direito<\/td><td class=\"has-text-align-center\" data-align=\"center\">2 + 10 CR<\/td><td class=\"has-text-align-center\" data-align=\"center\">R$ 5.122,06<\/td><\/tr><tr><td class=\"has-text-align-center\" data-align=\"center\">Analista Administrativo \u2013 Enfermeiro do Trabalho<\/td><td class=\"has-text-align-center\" data-align=\"center\">1 + 5 CR<\/td><td class=\"has-text-align-center\" data-align=\"center\">R$ 5.122,06<\/td><\/tr><tr><td class=\"has-text-align-center\" data-align=\"center\">Analista Administrativo \u2013 Letras<\/td><td class=\"has-text-align-center\" data-align=\"center\">1 + 5 CR<\/td><td class=\"has-text-align-center\" data-align=\"center\">R$ 5.122,06<\/td><\/tr><tr><td class=\"has-text-align-center\" data-align=\"center\">Analista Administrativo \u2013 Pedagogia<\/td><td class=\"has-text-align-center\" data-align=\"center\">1 + 5 CR<\/td><td class=\"has-text-align-center\" data-align=\"center\">R$ 5.122,06<\/td><\/tr><tr><td class=\"has-text-align-center\" data-align=\"center\">Analista Administrativo \u2013 Psicologia Organizacional<\/td><td class=\"has-text-align-center\" data-align=\"center\">1 + 5 CR<\/td><td class=\"has-text-align-center\" data-align=\"center\">R$ 5.122,06<\/td><\/tr><tr><td class=\"has-text-align-center\" data-align=\"center\">Analista Administrativo \u2013 Rela\u00e7\u00f5es P\u00fablicas<\/td><td class=\"has-text-align-center\" data-align=\"center\">1 + 5 CR<\/td><td class=\"has-text-align-center\" data-align=\"center\">R$ 5.122,06<\/td><\/tr><tr><td class=\"has-text-align-center\" data-align=\"center\">Analista Administrativo \u2013 Web Designer<\/td><td class=\"has-text-align-center\" data-align=\"center\">1 + 5 CR<\/td><td class=\"has-text-align-center\" data-align=\"center\">R$ 5.122,06<\/td><\/tr><tr><td class=\"has-text-align-center\" data-align=\"center\">Analista de Controle Interno<\/td><td class=\"has-text-align-center\" data-align=\"center\">5 CR<\/td><td class=\"has-text-align-center\" data-align=\"center\">R$ 5.122,06<\/td><\/tr><\/tbody><\/table><\/figure>\n\n\n\n<h2 class=\"wp-block-heading\" id=\"etapas\">Etapas e provas do concurso C\u00e2mara de An\u00e1polis<\/h2>\n\n\n\n<p>Os candidatos do concurso C\u00e2mara de An\u00e1polis ser\u00e3o avaliados mediante aplica\u00e7\u00e3o de duas etapas, conforme abaixo:<\/p>\n\n\n\n<ul class=\"wp-block-list\">\n<li><strong>Prova Objetiva<\/strong> &#8211; de car\u00e1ter eliminat\u00f3rio e classificat\u00f3rio;<\/li>\n\n\n\n<li><strong>Prova Discursiva<\/strong> &#8211; de car\u00e1ter eliminat\u00f3rio e classificat\u00f3rio.<\/li>\n<\/ul>\n\n\n\n<h3 class=\"wp-block-heading\" id=\"objetiva\">Provas Objetivas<\/h3>\n\n\n\n<p>A Prova Objetiva, de car\u00e1ter eliminat\u00f3rio e classificat\u00f3rio, foi composta por quest\u00f5es de m\u00faltipla escolha com quatro alternativas (A, B, C, D), das quais apenas uma foi considerada a correta. <\/p>\n\n\n\n<p>Para os cargos de n\u00edvel de n\u00edvel M\u00e9dio\/T\u00e9cnico a prova teve dura\u00e7\u00e3o de 5 horas, sendo aplicada no per\u00edodo matutino. J\u00e1 para o n\u00edvel superior a aplica\u00e7\u00e3o ocorreu no per\u00edodo vespertino, com dura\u00e7\u00e3o de 5 horas.<\/p>\n\n\n\n<ul class=\"wp-block-list\">\n<li><strong>Assistente Administrativo e Assistente de Controle Interno:<\/strong>\n<ul class=\"wp-block-list\">\n<li>L\u00edngua Portuguesa &#8211; 10 <\/li>\n\n\n\n<li>Racioc\u00ednio L\u00f3gico e Matem\u00e1tico &#8211; 10 <\/li>\n\n\n\n<li>Atualidades e Hist\u00f3ria, Geografia e Conhecimentos Gerais de Goi\u00e1s e de An\u00e1polis &#8211; 10 <\/li>\n\n\n\n<li>No\u00e7\u00f5es de Inform\u00e1tica &#8211; 05 <\/li>\n\n\n\n<li>Legisla\u00e7\u00e3o &#8211; 05 <\/li>\n\n\n\n<li>Conhecimentos Espec\u00edficos do Cargo &#8211; 20 <\/li>\n<\/ul>\n<\/li>\n<\/ul>\n\n\n\n<ul class=\"wp-block-list\">\n<li><strong>Assistente Administrativo \u2013 T\u00e9cnico de Inform\u00e1tica:<\/strong>\n<ul class=\"wp-block-list\">\n<li>L\u00edngua Portuguesa &#8211; 10 <\/li>\n\n\n\n<li>Racioc\u00ednio L\u00f3gico e Matem\u00e1tico &#8211; 10 <\/li>\n\n\n\n<li>Atualidades e Hist\u00f3ria, Geografia e Conhecimentos Gerais de Goi\u00e1s e de An\u00e1polis &#8211; 10 <\/li>\n\n\n\n<li>Legisla\u00e7\u00e3o &#8211; 10<\/li>\n\n\n\n<li>Conhecimentos Espec\u00edficos do Cargo &#8211; 20 <\/li>\n<\/ul>\n<\/li>\n<\/ul>\n\n\n\n<ul class=\"wp-block-list\">\n<li><strong>Analista Administrativo (Enfermeiro do Trabalho e Psicologia Organizacional):<\/strong>\n<ul class=\"wp-block-list\">\n<li>L\u00edngua Portuguesa &#8211; 10 <\/li>\n\n\n\n<li>Racioc\u00ednio L\u00f3gico e Matem\u00e1tico &#8211; 10 <\/li>\n\n\n\n<li>Atualidades e Hist\u00f3ria, Geografia e Conhecimentos Gerais de Goi\u00e1s e de An\u00e1polis &#8211; 05<\/li>\n\n\n\n<li>No\u00e7\u00f5es de Inform\u00e1tica &#8211; 05<\/li>\n\n\n\n<li>Sa\u00fade P\u00fablica &#8211; 10<\/li>\n\n\n\n<li>Conhecimentos Espec\u00edficos do Cargo &#8211; 20<\/li>\n<\/ul>\n<\/li>\n<\/ul>\n\n\n\n<ul class=\"wp-block-list\">\n<li><strong>Analista Administrativo (Administra\u00e7\u00e3o, Arquivologia, Ci\u00eancias Cont\u00e1beis, Economia, Comunica\u00e7\u00e3o Social, Direito, Letras, Pedagogia, Rela\u00e7\u00f5es P\u00fablicas, Web Designer) e Analista de Controle Interno:<\/strong>\n<ul class=\"wp-block-list\">\n<li>L\u00edngua Portuguesa &#8211; 10 <\/li>\n\n\n\n<li>Racioc\u00ednio L\u00f3gico e Matem\u00e1tico &#8211; 10 <\/li>\n\n\n\n<li>Atualidades e Hist\u00f3ria, Geografia e Conhecimentos Gerais de Goi\u00e1s e de An\u00e1polis &#8211; 05<\/li>\n\n\n\n<li>No\u00e7\u00f5es de Inform\u00e1tica &#8211; 05<\/li>\n\n\n\n<li>Legisla\u00e7\u00e3o &#8211; 10 <\/li>\n\n\n\n<li>Conhecimentos Espec\u00edficos do Cargo &#8211; 20<\/li>\n<\/ul>\n<\/li>\n<\/ul>\n\n\n\n<ul class=\"wp-block-list\">\n<li><strong>Analista Administrativo \u2013 Analista de Sistemas:<\/strong>\n<ul class=\"wp-block-list\">\n<li>L\u00edngua Portuguesa &#8211; 10 <\/li>\n\n\n\n<li>Racioc\u00ednio L\u00f3gico e Matem\u00e1tico &#8211; 10 <\/li>\n\n\n\n<li>Atualidades e Hist\u00f3ria, Geografia e Conhecimentos Gerais de Goi\u00e1s e de An\u00e1polis &#8211; 10 <\/li>\n\n\n\n<li>Legisla\u00e7\u00e3o &#8211; 10 <\/li>\n\n\n\n<li>Conhecimentos Espec\u00edficos do Cargo &#8211; 20<\/li>\n<\/ul>\n<\/li>\n<\/ul>\n\n\n\n<p>A etapa valer\u00e1 100,0 pontos, sendo eliminado(a) do concurso C\u00e2mara de An\u00e1polis o(a) candidato(a) que n\u00e3o obtiver, no m\u00ednimo, 50,0 pontos.<\/p>\n\n\n\n<h3 class=\"wp-block-heading\" id=\"discursiva\">Prova Discursiva<\/h3>\n\n\n\n<p>A Prova Discursiva representa a 2\u00aa Etapa do concurso para todos os cargos e ser\u00e1 realizada juntamente com a Prova Objetiva.<\/p>\n\n\n\n<p>A etapa tem objetivo de avaliar o conte\u00fado t\u00e9cnico do cargo, a capacidade de express\u00e3o na modalidade escrita e o uso das normas do registro formal culto da L\u00edngua Portuguesa. Valendo 100,0 pontos, ser\u00e1 eliminado(a) do concurso o(a) candidato(a) que n\u00e3o obtiver, no m\u00ednimo, 50,0 pontos.<\/p>\n\n\n\n<p>A prova discursiva para os cargos de N\u00edvel M\u00e9dio constar\u00e1 de uma quest\u00e3o discursiva sobre conhecimentos espec\u00edficos previstos no conte\u00fado program\u00e1tico de cada cargo. Para N\u00edvel Superior constar\u00e1 de uma quest\u00e3o discursiva em formato de estudo de caso.<\/p>\n\n\n\n<hr class=\"wp-block-separator has-css-opacity\"\/>\n\n\n\n<h2 class=\"wp-block-heading has-text-align-center\" id=\"h-quer-saber-tudo-sobre-concursos-previstos-confira-nossos-artigos\">Quer saber tudo sobre concursos previstos?<br \/>Confira  nossos artigos!<\/h2>\n\n\n\n<ul class=\"wp-block-list\">\n<li><a href=\"https:\/\/www.estrategiaconcursos.com.br\/blog\/concursos-abertos\/\" target=\"_blank\" rel=\"noreferrer noopener\">Concursos abertos<\/a><\/li>\n\n\n\n<li><a href=\"https:\/\/www.estrategiaconcursos.com.br\/blog\/concursos-2024\/\" target=\"_blank\" rel=\"noreferrer noopener\">Concursos 2024<\/a><\/li>\n<\/ul>\n\n\n\n<h2 class=\"wp-block-heading has-text-align-center\" id=\"cursos\">Quer estudar para o concurso C\u00e2mara de An\u00e1polis?<\/h2>\n\n\n\n<div class=\"container\" id=\"boxes\">\n  <div class=\"row\">\n\n    <div class=\"col-sm\">\n      <div class=\"banner-legislativo\" id=\"box-assinatura\">\n        <h3 class=\"titulo-assinatura\">Concurso C\u00e2mara de An\u00e1polis<\/h3>\n        <p class=\"subtitulo-assinatura\">Conhe\u00e7a os cursos<\/p>\n        <div class=\"box-botao\">\n          <a class=\"btn-assinatura\" target=\"_blank\" href=\"https:\/\/www.estrategiaconcursos.com.br\/cursos\/\" role=\"button\" rel=\"noopener noreferrer\">Conhe\u00e7a mais<\/a>\n        <\/div>\n      <\/div>\n     \n    <\/div>\n\n  <\/div>\n<\/div>\n\n\n\n<div class=\"container\" id=\"boxes\">\n  <div class=\"row\">\n\n    <div class=\"col-sm\">\n      <div class=\"estrategia\" id=\"box-assinatura\">\n        <h3 class=\"titulo-assinatura\">Assinatura Concursos<\/h3>\n        <p class=\"subtitulo-assinatura\">Assinatura de 1 ano ou 2 anos<\/p>\n        <div class=\"box-botao\">\n          <a class=\"btn-assinatura\" target=\"_blank\" href=\"https:\/\/www.estrategiaconcursos.com.br\/assinaturas\/\" role=\"button\" rel=\"noopener noreferrer\">ASSINE AGORA<\/a>\n        <\/div>\n      <\/div><\/div><\/div><\/div>\n\n\n\n<figure class=\"wp-block-image size-large is-resized\"><img loading=\"lazy\" decoding=\"async\" width=\"1024\" height=\"632\" src=\"https:\/\/dhg1h5j42swfq.cloudfront.net\/2025\/06\/27101122\/ficha-tecnica-1-1024x632.png\" alt=\"Informa\u00e7\u00f5es do concurso C\u00e2mara de An\u00e1polis-GO\" class=\"wp-image-702728\" style=\"aspect-ratio:1.620253164556962;width:282px;height:auto\" srcset=\"https:\/\/dhg1h5j42swfq.cloudfront.net\/2025\/06\/27101122\/ficha-tecnica-1-1024x632.png 1024w, https:\/\/dhg1h5j42swfq.cloudfront.net\/2025\/06\/27101122\/ficha-tecnica-1-300x185.png 300w, https:\/\/dhg1h5j42swfq.cloudfront.net\/2025\/06\/27101122\/ficha-tecnica-1-768x474.png 768w, https:\/\/dhg1h5j42swfq.cloudfront.net\/2025\/06\/27101122\/ficha-tecnica-1-1536x948.png 1536w, https:\/\/dhg1h5j42swfq.cloudfront.net\/2025\/06\/27101122\/ficha-tecnica-1-610x377.png 610w, https:\/\/dhg1h5j42swfq.cloudfront.net\/2025\/06\/27101122\/ficha-tecnica-1.png 1571w\" sizes=\"auto, (max-width: 1024px) 100vw, 1024px\" \/><\/figure>\n\n\n\n<h3 class=\"wp-block-heading\" id=\"ficha\">Informa\u00e7\u00f5es do concurso C\u00e2mara de An\u00e1polis-GO<\/h3>\n\n\n\n<ul class=\"wp-block-list\">\n<li><strong>Provas<\/strong>: 28\/01\/2024<\/li>\n\n\n\n<li><strong>Vagas<\/strong>: 15 + 95 CR<\/li>\n\n\n\n<li><strong>Cargos<\/strong>: v\u00e1rios <\/li>\n\n\n\n<li><strong>Banca<\/strong>: Instituto Verbena<\/li>\n\n\n\n<li><strong>Escolaridade<\/strong>: n\u00edvel m\u00e9dio e superior<\/li>\n\n\n\n<li><strong>Edital<\/strong>:\u00a0<a href=\"https:\/\/dhg1h5j42swfq.cloudfront.net\/2023\/11\/10080445\/edital_abertura_camara_anapolis_2023_consolidado_n1.pdf\" target=\"_blank\" rel=\"noreferrer noopener nofollow\">C\u00e2mara An\u00e1polis-GO 2023<\/a><\/li>\n<\/ul>\n","protected":false},"excerpt":{"rendered":"<p>Foram divulgados os gabaritos preliminares das provas do concurso C\u00e2mara de An\u00e1polis, munic\u00edpio localizado no estado de Goi\u00e1s, com oferta de 15 vagas imediatas e 95 para forma\u00e7\u00e3o de cadastro reserva. Agora, o prazo para interposi\u00e7\u00e3o de recursos ficar\u00e1 aberto at\u00e9 o dia 31 de janeiro, no site da banca organizadora, Instituto Verbena. As oportunidades [&hellip;]<\/p>\n","protected":false},"author":1206,"featured_media":849055,"comment_status":"open","ping_status":"closed","sticky":false,"template":"","format":"standard","meta":{"post_tipo":"news_page","footnotes":""},"categories":[2017],"tags":[],"tax_estado":[219972],"class_list":["post-1304828","post","type-post","status-publish","format-standard","has-post-thumbnail","hentry","category-concursos-legislativos","tax_estado-go"],"acf":[],"yoast_head":"<!-- This site is optimized with the Yoast SEO Premium plugin v27.2 (Yoast SEO v27.2) - https:\/\/yoast.com\/product\/yoast-seo-premium-wordpress\/ -->\n<title>Concurso C\u00e2mara de An\u00e1polis: gabaritos divulgados!<\/title>\n<meta name=\"description\" content=\"Concurso C\u00e2mara de An\u00e1polis-GO: edital publicado com 110 vagas de n\u00edvel m\u00e9dio e superior. Gabaritos s\u00e3o divulgados. Confira!\" \/>\n<meta name=\"robots\" content=\"index, follow, max-snippet:-1, max-image-preview:large, max-video-preview:-1\" \/>\n<link rel=\"canonical\" href=\"https:\/\/www.estrategiaconcursos.com.br\/blog\/concurso-camara-de-anapolis-go\/\" \/>\n<meta property=\"og:locale\" content=\"pt_BR\" \/>\n<meta property=\"og:type\" content=\"article\" \/>\n<meta property=\"og:title\" content=\"Concurso C\u00e2mara de An\u00e1polis: gabaritos divulgados!\" \/>\n<meta property=\"og:description\" content=\"Concurso C\u00e2mara de An\u00e1polis-GO: edital publicado com 110 vagas de n\u00edvel m\u00e9dio e superior. Gabaritos s\u00e3o divulgados. Confira!\" \/>\n<meta property=\"og:url\" content=\"https:\/\/www.estrategiaconcursos.com.br\/blog\/concurso-camara-de-anapolis-go\/\" \/>\n<meta property=\"og:site_name\" content=\"Estrat\u00e9gia Concursos\" \/>\n<meta property=\"article:published_time\" content=\"2024-01-29T20:24:45+00:00\" \/>\n<meta property=\"article:modified_time\" content=\"2024-01-29T20:24:47+00:00\" \/>\n<meta property=\"og:image\" content=\"https:\/\/dhg1h5j42swfq.cloudfront.net\/2021\/08\/30134456\/saiu-edital-1-2.jpg\" \/>\n\t<meta property=\"og:image:width\" content=\"1200\" \/>\n\t<meta property=\"og:image:height\" content=\"628\" \/>\n\t<meta property=\"og:image:type\" content=\"image\/jpeg\" \/>\n<meta name=\"author\" content=\"Bruna de Andrade Fran\u00e7a\" \/>\n<meta name=\"twitter:card\" content=\"summary_large_image\" \/>\n<meta name=\"twitter:creator\" content=\"@EstratConcursos\" \/>\n<meta name=\"twitter:site\" content=\"@EstratConcursos\" \/>\n<meta name=\"twitter:label1\" content=\"Escrito por\" \/>\n\t<meta name=\"twitter:data1\" content=\"Bruna de Andrade Fran\u00e7a\" \/>\n\t<meta name=\"twitter:label2\" content=\"Est. tempo de leitura\" \/>\n\t<meta name=\"twitter:data2\" content=\"5 minutos\" \/>\n<script type=\"application\/ld+json\" class=\"yoast-schema-graph\">{\"@context\":\"https:\/\/schema.org\",\"@graph\":[{\"@type\":\"NewsArticle\",\"@id\":\"https:\/\/www.estrategiaconcursos.com.br\/blog\/concurso-camara-de-anapolis-go\/#article\",\"isPartOf\":{\"@id\":\"https:\/\/www.estrategiaconcursos.com.br\/blog\/concurso-camara-de-anapolis-go\/\"},\"author\":{\"name\":\"Bruna de Andrade Fran\u00e7a\",\"@id\":\"https:\/\/www.estrategiaconcursos.com.br\/blog\/#\/schema\/person\/6630f91134abc08115cca62ce6372855\"},\"headline\":\"Concurso C\u00e2mara de An\u00e1polis: gabaritos divulgados!\",\"datePublished\":\"2024-01-29T20:24:45+00:00\",\"dateModified\":\"2024-01-29T20:24:47+00:00\",\"mainEntityOfPage\":{\"@id\":\"https:\/\/www.estrategiaconcursos.com.br\/blog\/concurso-camara-de-anapolis-go\/\"},\"wordCount\":935,\"commentCount\":0,\"publisher\":{\"@id\":\"https:\/\/www.estrategiaconcursos.com.br\/blog\/#organization\"},\"image\":{\"@id\":\"https:\/\/www.estrategiaconcursos.com.br\/blog\/concurso-camara-de-anapolis-go\/#primaryimage\"},\"thumbnailUrl\":\"https:\/\/dhg1h5j42swfq.cloudfront.net\/2021\/08\/30134456\/saiu-edital-1-2.jpg\",\"articleSection\":[\"Legislativo\"],\"inLanguage\":\"pt-BR\",\"potentialAction\":[{\"@type\":\"CommentAction\",\"name\":\"Comment\",\"target\":[\"https:\/\/www.estrategiaconcursos.com.br\/blog\/concurso-camara-de-anapolis-go\/#respond\"]}],\"copyrightYear\":\"2024\",\"copyrightHolder\":{\"@id\":\"https:\/\/www.estrategiaconcursos.com.br\/blog\/#organization\"}},{\"@type\":\"WebPage\",\"@id\":\"https:\/\/www.estrategiaconcursos.com.br\/blog\/concurso-camara-de-anapolis-go\/\",\"url\":\"https:\/\/www.estrategiaconcursos.com.br\/blog\/concurso-camara-de-anapolis-go\/\",\"name\":\"Concurso C\u00e2mara de An\u00e1polis: gabaritos divulgados!\",\"isPartOf\":{\"@id\":\"https:\/\/www.estrategiaconcursos.com.br\/blog\/#website\"},\"primaryImageOfPage\":{\"@id\":\"https:\/\/www.estrategiaconcursos.com.br\/blog\/concurso-camara-de-anapolis-go\/#primaryimage\"},\"image\":{\"@id\":\"https:\/\/www.estrategiaconcursos.com.br\/blog\/concurso-camara-de-anapolis-go\/#primaryimage\"},\"thumbnailUrl\":\"https:\/\/dhg1h5j42swfq.cloudfront.net\/2021\/08\/30134456\/saiu-edital-1-2.jpg\",\"datePublished\":\"2024-01-29T20:24:45+00:00\",\"dateModified\":\"2024-01-29T20:24:47+00:00\",\"description\":\"Concurso C\u00e2mara de An\u00e1polis-GO: edital publicado com 110 vagas de n\u00edvel m\u00e9dio e superior. Gabaritos s\u00e3o divulgados. Confira!\",\"breadcrumb\":{\"@id\":\"https:\/\/www.estrategiaconcursos.com.br\/blog\/concurso-camara-de-anapolis-go\/#breadcrumb\"},\"inLanguage\":\"pt-BR\",\"potentialAction\":[{\"@type\":\"ReadAction\",\"target\":[\"https:\/\/www.estrategiaconcursos.com.br\/blog\/concurso-camara-de-anapolis-go\/\"]}]},{\"@type\":\"ImageObject\",\"inLanguage\":\"pt-BR\",\"@id\":\"https:\/\/www.estrategiaconcursos.com.br\/blog\/concurso-camara-de-anapolis-go\/#primaryimage\",\"url\":\"https:\/\/dhg1h5j42swfq.cloudfront.net\/2021\/08\/30134456\/saiu-edital-1-2.jpg\",\"contentUrl\":\"https:\/\/dhg1h5j42swfq.cloudfront.net\/2021\/08\/30134456\/saiu-edital-1-2.jpg\",\"width\":1200,\"height\":628,\"caption\":\"Concurso GHC RS\"},{\"@type\":\"BreadcrumbList\",\"@id\":\"https:\/\/www.estrategiaconcursos.com.br\/blog\/concurso-camara-de-anapolis-go\/#breadcrumb\",\"itemListElement\":[{\"@type\":\"ListItem\",\"position\":1,\"name\":\"In\u00edcio\",\"item\":\"https:\/\/www.estrategiaconcursos.com.br\/blog\/\"},{\"@type\":\"ListItem\",\"position\":2,\"name\":\"Concurso C\u00e2mara de An\u00e1polis: gabaritos divulgados!\"}]},{\"@type\":\"WebSite\",\"@id\":\"https:\/\/www.estrategiaconcursos.com.br\/blog\/#website\",\"url\":\"https:\/\/www.estrategiaconcursos.com.br\/blog\/\",\"name\":\"Estrat\u00e9gia Concursos\",\"description\":\"O blog da Estrat\u00e9gia Concursos traz not\u00edcias sobre concursos e artigos de professores oferecendo cursos para concursos (pdf + videaulas) no site.\",\"publisher\":{\"@id\":\"https:\/\/www.estrategiaconcursos.com.br\/blog\/#organization\"},\"potentialAction\":[{\"@type\":\"SearchAction\",\"target\":{\"@type\":\"EntryPoint\",\"urlTemplate\":\"https:\/\/www.estrategiaconcursos.com.br\/blog\/?s={search_term_string}\"},\"query-input\":{\"@type\":\"PropertyValueSpecification\",\"valueRequired\":true,\"valueName\":\"search_term_string\"}}],\"inLanguage\":\"pt-BR\"},{\"@type\":\"Organization\",\"@id\":\"https:\/\/www.estrategiaconcursos.com.br\/blog\/#organization\",\"name\":\"Estrat\u00e9gia Concursos\",\"url\":\"https:\/\/www.estrategiaconcursos.com.br\/blog\/\",\"logo\":{\"@type\":\"ImageObject\",\"inLanguage\":\"pt-BR\",\"@id\":\"https:\/\/www.estrategiaconcursos.com.br\/blog\/#\/schema\/logo\/image\/\",\"url\":\"https:\/\/dhg1h5j42swfq.cloudfront.net\/2025\/06\/03203428\/logo_concursos-1.jpg\",\"contentUrl\":\"https:\/\/dhg1h5j42swfq.cloudfront.net\/2025\/06\/03203428\/logo_concursos-1.jpg\",\"width\":230,\"height\":60,\"caption\":\"Estrat\u00e9gia Concursos\"},\"image\":{\"@id\":\"https:\/\/www.estrategiaconcursos.com.br\/blog\/#\/schema\/logo\/image\/\"},\"sameAs\":[\"https:\/\/x.com\/EstratConcursos\"]},{\"@type\":\"Person\",\"@id\":\"https:\/\/www.estrategiaconcursos.com.br\/blog\/#\/schema\/person\/6630f91134abc08115cca62ce6372855\",\"name\":\"Bruna de Andrade Fran\u00e7a\",\"image\":{\"@type\":\"ImageObject\",\"inLanguage\":\"pt-BR\",\"@id\":\"https:\/\/secure.gravatar.com\/avatar\/d6316d36d50cea0fadae28ed3015b8870cc90a2d3d8a95c37b44006af36a00e3?s=96&d=mm&r=g\",\"url\":\"https:\/\/secure.gravatar.com\/avatar\/d6316d36d50cea0fadae28ed3015b8870cc90a2d3d8a95c37b44006af36a00e3?s=96&d=mm&r=g\",\"contentUrl\":\"https:\/\/secure.gravatar.com\/avatar\/d6316d36d50cea0fadae28ed3015b8870cc90a2d3d8a95c37b44006af36a00e3?s=96&d=mm&r=g\",\"caption\":\"Bruna de Andrade Fran\u00e7a\"},\"description\":\"Bruna de Andrade Fran\u00e7a \u00e9 publicit\u00e1ria com p\u00f3s-gradua\u00e7\u00e3o em Marketing &amp; Growth, atuando h\u00e1 mais de 6 anos no universo dos concursos p\u00fablicos. Desde 2021, lidera no Blog do Estrat\u00e9gia Concursos a cobertura editorial especializada em Concursos Policiais (PF, PRF, PM, PC, etc.), al\u00e9m das frentes de concursos banc\u00e1rios, de sa\u00fade e da \u00e1rea legislativa. Especialista em reda\u00e7\u00e3o, com pr\u00e1ticas de SEO e Copywriting, possui tamb\u00e9m atua\u00e7\u00e3o pr\u00e1tica de contato direto com \u00f3rg\u00e3os p\u00fablicos respons\u00e1veis por editais, permitindo acesso antecipado a informa\u00e7\u00f5es, desdobramentos importantes e atualiza\u00e7\u00e3o eficiente dos concursos p\u00fablicos.\",\"url\":\"https:\/\/www.estrategiaconcursos.com.br\/blog\/author\/bruna-andrade\/\"}]}<\/script>\n<!-- \/ Yoast SEO Premium plugin. -->","yoast_head_json":{"title":"Concurso C\u00e2mara de An\u00e1polis: gabaritos divulgados!","description":"Concurso C\u00e2mara de An\u00e1polis-GO: edital publicado com 110 vagas de n\u00edvel m\u00e9dio e superior. Gabaritos s\u00e3o divulgados. Confira!","robots":{"index":"index","follow":"follow","max-snippet":"max-snippet:-1","max-image-preview":"max-image-preview:large","max-video-preview":"max-video-preview:-1"},"canonical":"https:\/\/www.estrategiaconcursos.com.br\/blog\/concurso-camara-de-anapolis-go\/","og_locale":"pt_BR","og_type":"article","og_title":"Concurso C\u00e2mara de An\u00e1polis: gabaritos divulgados!","og_description":"Concurso C\u00e2mara de An\u00e1polis-GO: edital publicado com 110 vagas de n\u00edvel m\u00e9dio e superior. Gabaritos s\u00e3o divulgados. Confira!","og_url":"https:\/\/www.estrategiaconcursos.com.br\/blog\/concurso-camara-de-anapolis-go\/","og_site_name":"Estrat\u00e9gia Concursos","article_published_time":"2024-01-29T20:24:45+00:00","article_modified_time":"2024-01-29T20:24:47+00:00","og_image":[{"width":1200,"height":628,"url":"https:\/\/dhg1h5j42swfq.cloudfront.net\/2021\/08\/30134456\/saiu-edital-1-2.jpg","type":"image\/jpeg"}],"author":"Bruna de Andrade Fran\u00e7a","twitter_card":"summary_large_image","twitter_creator":"@EstratConcursos","twitter_site":"@EstratConcursos","twitter_misc":{"Escrito por":"Bruna de Andrade Fran\u00e7a","Est. tempo de leitura":"5 minutos"},"schema":{"@context":"https:\/\/schema.org","@graph":[{"@type":"NewsArticle","@id":"https:\/\/www.estrategiaconcursos.com.br\/blog\/concurso-camara-de-anapolis-go\/#article","isPartOf":{"@id":"https:\/\/www.estrategiaconcursos.com.br\/blog\/concurso-camara-de-anapolis-go\/"},"author":{"name":"Bruna de Andrade Fran\u00e7a","@id":"https:\/\/www.estrategiaconcursos.com.br\/blog\/#\/schema\/person\/6630f91134abc08115cca62ce6372855"},"headline":"Concurso C\u00e2mara de An\u00e1polis: gabaritos divulgados!","datePublished":"2024-01-29T20:24:45+00:00","dateModified":"2024-01-29T20:24:47+00:00","mainEntityOfPage":{"@id":"https:\/\/www.estrategiaconcursos.com.br\/blog\/concurso-camara-de-anapolis-go\/"},"wordCount":935,"commentCount":0,"publisher":{"@id":"https:\/\/www.estrategiaconcursos.com.br\/blog\/#organization"},"image":{"@id":"https:\/\/www.estrategiaconcursos.com.br\/blog\/concurso-camara-de-anapolis-go\/#primaryimage"},"thumbnailUrl":"https:\/\/dhg1h5j42swfq.cloudfront.net\/2021\/08\/30134456\/saiu-edital-1-2.jpg","articleSection":["Legislativo"],"inLanguage":"pt-BR","potentialAction":[{"@type":"CommentAction","name":"Comment","target":["https:\/\/www.estrategiaconcursos.com.br\/blog\/concurso-camara-de-anapolis-go\/#respond"]}],"copyrightYear":"2024","copyrightHolder":{"@id":"https:\/\/www.estrategiaconcursos.com.br\/blog\/#organization"}},{"@type":"WebPage","@id":"https:\/\/www.estrategiaconcursos.com.br\/blog\/concurso-camara-de-anapolis-go\/","url":"https:\/\/www.estrategiaconcursos.com.br\/blog\/concurso-camara-de-anapolis-go\/","name":"Concurso C\u00e2mara de An\u00e1polis: gabaritos divulgados!","isPartOf":{"@id":"https:\/\/www.estrategiaconcursos.com.br\/blog\/#website"},"primaryImageOfPage":{"@id":"https:\/\/www.estrategiaconcursos.com.br\/blog\/concurso-camara-de-anapolis-go\/#primaryimage"},"image":{"@id":"https:\/\/www.estrategiaconcursos.com.br\/blog\/concurso-camara-de-anapolis-go\/#primaryimage"},"thumbnailUrl":"https:\/\/dhg1h5j42swfq.cloudfront.net\/2021\/08\/30134456\/saiu-edital-1-2.jpg","datePublished":"2024-01-29T20:24:45+00:00","dateModified":"2024-01-29T20:24:47+00:00","description":"Concurso C\u00e2mara de An\u00e1polis-GO: edital publicado com 110 vagas de n\u00edvel m\u00e9dio e superior. Gabaritos s\u00e3o divulgados. Confira!","breadcrumb":{"@id":"https:\/\/www.estrategiaconcursos.com.br\/blog\/concurso-camara-de-anapolis-go\/#breadcrumb"},"inLanguage":"pt-BR","potentialAction":[{"@type":"ReadAction","target":["https:\/\/www.estrategiaconcursos.com.br\/blog\/concurso-camara-de-anapolis-go\/"]}]},{"@type":"ImageObject","inLanguage":"pt-BR","@id":"https:\/\/www.estrategiaconcursos.com.br\/blog\/concurso-camara-de-anapolis-go\/#primaryimage","url":"https:\/\/dhg1h5j42swfq.cloudfront.net\/2021\/08\/30134456\/saiu-edital-1-2.jpg","contentUrl":"https:\/\/dhg1h5j42swfq.cloudfront.net\/2021\/08\/30134456\/saiu-edital-1-2.jpg","width":1200,"height":628,"caption":"Concurso GHC RS"},{"@type":"BreadcrumbList","@id":"https:\/\/www.estrategiaconcursos.com.br\/blog\/concurso-camara-de-anapolis-go\/#breadcrumb","itemListElement":[{"@type":"ListItem","position":1,"name":"In\u00edcio","item":"https:\/\/www.estrategiaconcursos.com.br\/blog\/"},{"@type":"ListItem","position":2,"name":"Concurso C\u00e2mara de An\u00e1polis: gabaritos divulgados!"}]},{"@type":"WebSite","@id":"https:\/\/www.estrategiaconcursos.com.br\/blog\/#website","url":"https:\/\/www.estrategiaconcursos.com.br\/blog\/","name":"Estrat\u00e9gia Concursos","description":"O blog da Estrat\u00e9gia Concursos traz not\u00edcias sobre concursos e artigos de professores oferecendo cursos para concursos (pdf + videaulas) no site.","publisher":{"@id":"https:\/\/www.estrategiaconcursos.com.br\/blog\/#organization"},"potentialAction":[{"@type":"SearchAction","target":{"@type":"EntryPoint","urlTemplate":"https:\/\/www.estrategiaconcursos.com.br\/blog\/?s={search_term_string}"},"query-input":{"@type":"PropertyValueSpecification","valueRequired":true,"valueName":"search_term_string"}}],"inLanguage":"pt-BR"},{"@type":"Organization","@id":"https:\/\/www.estrategiaconcursos.com.br\/blog\/#organization","name":"Estrat\u00e9gia Concursos","url":"https:\/\/www.estrategiaconcursos.com.br\/blog\/","logo":{"@type":"ImageObject","inLanguage":"pt-BR","@id":"https:\/\/www.estrategiaconcursos.com.br\/blog\/#\/schema\/logo\/image\/","url":"https:\/\/dhg1h5j42swfq.cloudfront.net\/2025\/06\/03203428\/logo_concursos-1.jpg","contentUrl":"https:\/\/dhg1h5j42swfq.cloudfront.net\/2025\/06\/03203428\/logo_concursos-1.jpg","width":230,"height":60,"caption":"Estrat\u00e9gia Concursos"},"image":{"@id":"https:\/\/www.estrategiaconcursos.com.br\/blog\/#\/schema\/logo\/image\/"},"sameAs":["https:\/\/x.com\/EstratConcursos"]},{"@type":"Person","@id":"https:\/\/www.estrategiaconcursos.com.br\/blog\/#\/schema\/person\/6630f91134abc08115cca62ce6372855","name":"Bruna de Andrade Fran\u00e7a","image":{"@type":"ImageObject","inLanguage":"pt-BR","@id":"https:\/\/secure.gravatar.com\/avatar\/d6316d36d50cea0fadae28ed3015b8870cc90a2d3d8a95c37b44006af36a00e3?s=96&d=mm&r=g","url":"https:\/\/secure.gravatar.com\/avatar\/d6316d36d50cea0fadae28ed3015b8870cc90a2d3d8a95c37b44006af36a00e3?s=96&d=mm&r=g","contentUrl":"https:\/\/secure.gravatar.com\/avatar\/d6316d36d50cea0fadae28ed3015b8870cc90a2d3d8a95c37b44006af36a00e3?s=96&d=mm&r=g","caption":"Bruna de Andrade Fran\u00e7a"},"description":"Bruna de Andrade Fran\u00e7a \u00e9 publicit\u00e1ria com p\u00f3s-gradua\u00e7\u00e3o em Marketing &amp; Growth, atuando h\u00e1 mais de 6 anos no universo dos concursos p\u00fablicos. Desde 2021, lidera no Blog do Estrat\u00e9gia Concursos a cobertura editorial especializada em Concursos Policiais (PF, PRF, PM, PC, etc.), al\u00e9m das frentes de concursos banc\u00e1rios, de sa\u00fade e da \u00e1rea legislativa. Especialista em reda\u00e7\u00e3o, com pr\u00e1ticas de SEO e Copywriting, possui tamb\u00e9m atua\u00e7\u00e3o pr\u00e1tica de contato direto com \u00f3rg\u00e3os p\u00fablicos respons\u00e1veis por editais, permitindo acesso antecipado a informa\u00e7\u00f5es, desdobramentos importantes e atualiza\u00e7\u00e3o eficiente dos concursos p\u00fablicos.","url":"https:\/\/www.estrategiaconcursos.com.br\/blog\/author\/bruna-andrade\/"}]}},"_links":{"self":[{"href":"https:\/\/www.estrategiaconcursos.com.br\/blog\/wp-json\/wp\/v2\/posts\/1304828","targetHints":{"allow":["GET"]}}],"collection":[{"href":"https:\/\/www.estrategiaconcursos.com.br\/blog\/wp-json\/wp\/v2\/posts"}],"about":[{"href":"https:\/\/www.estrategiaconcursos.com.br\/blog\/wp-json\/wp\/v2\/types\/post"}],"author":[{"embeddable":true,"href":"https:\/\/www.estrategiaconcursos.com.br\/blog\/wp-json\/wp\/v2\/users\/1206"}],"replies":[{"embeddable":true,"href":"https:\/\/www.estrategiaconcursos.com.br\/blog\/wp-json\/wp\/v2\/comments?post=1304828"}],"version-history":[{"count":10,"href":"https:\/\/www.estrategiaconcursos.com.br\/blog\/wp-json\/wp\/v2\/posts\/1304828\/revisions"}],"predecessor-version":[{"id":1342787,"href":"https:\/\/www.estrategiaconcursos.com.br\/blog\/wp-json\/wp\/v2\/posts\/1304828\/revisions\/1342787"}],"wp:featuredmedia":[{"embeddable":true,"href":"https:\/\/www.estrategiaconcursos.com.br\/blog\/wp-json\/wp\/v2\/media\/849055"}],"wp:attachment":[{"href":"https:\/\/www.estrategiaconcursos.com.br\/blog\/wp-json\/wp\/v2\/media?parent=1304828"}],"wp:term":[{"taxonomy":"category","embeddable":true,"href":"https:\/\/www.estrategiaconcursos.com.br\/blog\/wp-json\/wp\/v2\/categories?post=1304828"},{"taxonomy":"post_tag","embeddable":true,"href":"https:\/\/www.estrategiaconcursos.com.br\/blog\/wp-json\/wp\/v2\/tags?post=1304828"},{"taxonomy":"tax_estado","embeddable":true,"href":"https:\/\/www.estrategiaconcursos.com.br\/blog\/wp-json\/wp\/v2\/tax_estado?post=1304828"}],"curies":[{"name":"wp","href":"https:\/\/api.w.org\/{rel}","templated":true}]}}