{"id":130364,"date":"2018-07-09T19:32:17","date_gmt":"2018-07-09T22:32:17","guid":{"rendered":"https:\/\/www.estrategiaconcursos.com.br\/blog\/?p=130364"},"modified":"2019-11-08T16:49:24","modified_gmt":"2019-11-08T19:49:24","slug":"gabarito-extraoficial-psicologo-mpe-al","status":"publish","type":"post","link":"https:\/\/www.estrategiaconcursos.com.br\/blog\/gabarito-extraoficial-psicologo-mpe-al\/","title":{"rendered":"Gabarito EXTRAOFICIAL &#8211; Psic\u00f3logo MPE\/AL"},"content":{"rendered":"<p><strong>\u00a0<\/strong><\/p>\n<p>Oi, pessoal! Como estamos? Trago neste artigo a corre\u00e7\u00e3o extraoficial da prova de Psic\u00f3logo do MPE\/ALAGOAS que aconteceu ontem. A prova a que tive acesso \u00e9 a prova do tipo 1 da cor branca. Algumas quest\u00f5es de conhecimentos espec\u00edficos se referem a legisla\u00e7\u00f5es espec\u00edficas, como ECA, Estatuto do Idoso, etc., que foram ministradas pelo Prof. Torques. Por isso, n\u00e3o vou corrigi-las, ok? Acompanhe a corre\u00e7\u00e3o pelo enunciado das quest\u00f5es. Vamos l\u00e1?<\/p>\n<p>&nbsp;<\/p>\n<p><strong>Conhecimentos Espec\u00edficos<\/strong><\/p>\n<p><strong>31<\/strong><\/p>\n<p>Apesar das formalidades exigidas do psic\u00f3logo para a realiza\u00e7\u00e3o de avalia\u00e7\u00e3o psicol\u00f3gica no \u00e2mbito jur\u00eddico, \u00e9 <u>poss\u00edve<\/u>l a intercess\u00e3o com a psican\u00e1lise,\u00a0 inclusive , de <u>orienta\u00e7\u00e3o lacaniana.<\/u> Assinale a op\u00e7\u00e3o que indica uma contribui\u00e7\u00e3o desta \u00faltima para o trabalho de avalia\u00e7\u00e3o.<\/p>\n<p><strong>COMENT\u00c1RIOS:<\/strong><\/p>\n<p>(B) <strong>CORRETA. <\/strong>Desestabilizar a vers\u00e3o imagin\u00e1ria da situa\u00e7\u00e3o conflituosa e das motiva\u00e7\u00f5es do sujeito para que este se implique em seus atos.<\/p>\n<p><strong>Nos conflitos judiciais, h\u00e1 tend\u00eancia a culpabilizar o outro e n\u00e3o perceber as pr\u00f3prias implica\u00e7\u00f5es no conflito, de forma que se cria uma vers\u00e3o imaginarizada da situa\u00e7\u00e3o. <\/strong><\/p>\n<p><strong>\u00a0<\/strong><\/p>\n<p><strong>32<\/strong><\/p>\n<p><strong>Embora as justificativas para a cria\u00e7\u00e3o da Lei da Aliena\u00e7\u00e3o Parental (Lei n\u00ba 12.318\/10) mencionem aspectos ligados \u00e0 Psicologia, o assunto parece n\u00e3o ter sido motivo de an\u00e1lise detalhada pelos profissionais da \u00e1rea na ocasi\u00e3o em que foi sancionada. Em sendo assim, foi deixada de lado uma discuss\u00e3o mais aprofundada sobre g\u00eanero.<\/strong><\/p>\n<p><strong>Sobre essa quest\u00e3o, por meio de uma perspectiva s\u00f3cio-hist\u00f3rica , assinale a afirmativa correta .<\/strong><\/p>\n<p><strong>COMENT\u00c1RIOS:<\/strong><\/p>\n<p>(D) A representa\u00e7\u00e3o da crian\u00e7a como sujeito em desenvolvimento e vulner\u00e1vel \u00e9 resultado da p\u00f3s\u00ad modernidade, estimulada pela revaloriza\u00e7\u00e3o da paternidade.<\/p>\n<p>Antigamente, n\u00e3o se via diferen\u00e7a entre uma crian\u00e7a e um adulto. Atualmente, nossa legisla\u00e7\u00e3o reconhece a crian\u00e7a como ser em desenvolvimento e busca garantir e efetivar seu direito a se desenvolver e se constituir como um sujeito saud\u00e1vel, inclusive garantindo a conviv\u00eancia familiar com o pai, n\u00e3o mais visto como apenas o provedor da fam\u00edlia.<\/p>\n<p>&nbsp;<\/p>\n<h2><span style=\"font-size: 12pt\">33<\/span><\/h2>\n<p>V\u00edtor tem 7 anos, \u00e9 \u00f3rf\u00e3o de pai e convive com a m\u00e3e, que det\u00e9m a sua guarda. A av\u00f3 paterna, Neuza, possui forte afeto pelo neto e o visita todos os finais de semana. A m\u00e3e de Vitor passa a se incomodar com tal situa\u00e7\u00e3o no momento em que Neuza come\u00e7a a invadir sua privacidade. <u>Ela comunica a Neuza<\/u> a inten\u00e7\u00e3o de residir em bairro mais <u>distante<\/u> e, em <u>segudi a<\/u>, se muda com Vitor. A crian\u00e7a \u00e9 matriculada em outra escola e sua m\u00e3e recomenda que, caso a av\u00f3 queira ver o neto no estabelecimento seja for a dos hor\u00e1rios de aula. As visitas de Neuza tornam-se menos frequentes e Vitor mostra-se cada vez mais frio, at\u00e9 o momento em que se recusa a ir para a casa da av\u00f3, preferindo permanecer no lar materno nos finais de semana. Neuza pretende ajuizar uma a\u00e7\u00e3o de aliena\u00e7\u00e3o parental.<\/p>\n<p>Com base na Lei n\u00ba 12 .318\/ 10 , assinale a afirmativa correta .<\/p>\n<p><strong>RESPOSTA: D.\u00a0<\/strong><\/p>\n<p><strong>\u00a0<\/strong><\/p>\n<p><strong>34<\/strong><\/p>\n<p>Nas confer\u00eancias proferidas <u>em <em>A Verdade<\/em><\/u><em> e as Formas Jur\u00eddicas, <\/em>Foucault assinalava que<u> o<\/u> e<u>xame penal<\/u> surgido no\u00a0 contexto pol\u00edtico e hist\u00f3rico dos s\u00e9culos XVII \/ XIX serviria de matriz para a forma\u00e7\u00e3o das ci\u00eancias humana entre as quais podemos incluir a Psicologia. Por\u00a0 sua\u00a0 vez,\u00a0 a trag\u00e9dia de <u>\u00c9dipo<\/u>\u00a0 <u>Rei<\/u>, escrita por S\u00f3focles na Gr\u00e9cia Cl\u00e1ssica, portanto, em uma \u00e9poca anterior, corresponde \u00e0 forma jur\u00eddica baseada:<\/p>\n<p><strong>COMENT\u00c1RIOS:<\/strong><\/p>\n<p>O que vemos na interpreta\u00e7\u00e3o de Foucault da trag\u00e9dia de \u00c9dipo \u00e9 como essa modalidade de constru\u00e7\u00e3o da verdade, atrav\u00e9s do inqu\u00e9rito, \u00e9 configurada e quais os mecanismos que fazem parte dessa constru\u00e7\u00e3o.<\/p>\n<p><strong>RESPOSTA: A.<\/strong><\/p>\n<p>&nbsp;<\/p>\n<p><strong>35<\/strong><\/p>\n<p><strong>A <\/strong>escuta de crian\u00e7as em situa\u00e7\u00e3o de lit\u00edgio familiar \u00e9 fundamental para o psic\u00f3logo durante a avalia\u00e7\u00e3o. De acordo com as refer\u00eancias t\u00e9cnicas para atua\u00e7\u00e3o em Varas de Fam\u00edlia, o objetivo prec\u00edpuo da escuta \u00e9<\/p>\n<p><strong>COMENT\u00c1RIOS<\/strong><\/p>\n<p>(E) CORRETA. <strong>Avaliar <\/strong>se a filia\u00e7\u00e3o materna e a paterna est\u00e3o sendo proporcionadas \u00e0 crian\u00e7a. Al\u00e9m disso, deve-se avaliar tamb\u00e9m a din\u00e2mica familiar como um todo e em que lugar a crian\u00e7a est\u00e1 entrando nessa disputa.<\/p>\n<p>&nbsp;<\/p>\n<p><strong>37<\/strong><\/p>\n<p>Marcelo \u00e9 psic\u00f3logo\u00a0 forense\u00a0 e\u00a0 atuou como\u00a0 perito\u00a0 em\u00a0 uma a\u00e7\u00e3o judicial de disputa de guarda. Sobre a intima\u00e7\u00e3o de Marcelo, assinale a alternative correta.<\/p>\n<p><strong>RESPOSTA: <\/strong>(D) Marcelo poder\u00e1 prestar informa\u00e7\u00f5es sobre fatos concretos, caso os tenha presenciado, mas se forem baseados nos depoimentos realizados durante a avalia\u00e7\u00e3o pericial, n\u00e3o.<\/p>\n<table>\n<tbody>\n<tr>\n<td width=\"14\"><\/td>\n<\/tr>\n<\/tbody>\n<\/table>\n<p><strong>38<\/strong><\/p>\n<p>Em se tratando de \u00a0psican\u00e1lise e fam\u00edlia, Ren\u00e9 Kaes(\u2026). Para tanto, ele lan\u00e7a m\u00e3o do conceito de:<\/p>\n<p>(A)\u00a0 eu pele.<\/p>\n<p>(B) objeto transicional.<\/p>\n<p>(C)\u00a0 nome do pai.<\/p>\n<p>(D) maternagem.<\/p>\n<p>(E) transmiss\u00e3o ps\u00edquica.<\/p>\n<p><strong>COMENT\u00c1RIOS:<\/strong><\/p>\n<p>Ren\u00e9 Ka\u00e9s trabalha a transmiss\u00e3o entre gera\u00e7\u00f5es com o conceito de transmiss\u00e3o ps\u00edquica.\u00a0<strong>RESPOSTA: E.<\/strong><\/p>\n<p><strong>\u00a0 \u00a0 \u00a0 \u00a0 \u00a0 \u00a0 \u00a0 \u00a0 \u00a0 \u00a0 \u00a0 \u00a0 \u00a0 \u00a0 \u00a0 \u00a0 \u00a0 \u00a0 \u00a0 \u00a0 \u00a0 \u00a0 \u00a0 \u00a0 \u00a0 \u00a0<\/strong><\/p>\n<p><strong>39<\/strong><\/p>\n<p>Joana \u00e9 psic\u00f3loga na \u00e1rea de sa\u00fade e, a pedido do pai, entrou em contato com uma antiga paciente, que ainda \u00e9 crian\u00e7a. O pai pediu que Joana, como terapeuta, atendesse sua filha, na medida em que ela estava em sofrimento ps\u00edquico em decorr\u00eancia de um grave problema de sa\u00fade, que a deixou hospitalizada. Por estar em lit\u00edgio com a m\u00e3e da menina, o pai via-se impedido de acompanhar todos os procedimentos m\u00e9dicos de interna\u00e7\u00e3o e tratamento. <u>Joana<\/u> <u>atendeu a paciente e redigiu um<\/u> <u>documento <\/u><u>que provavelmente ser\u00e1 anexado ao processo dos pais.<\/u><u>\u00a0 <\/u>De acordo com a resolu\u00e7\u00e3o n\u00ba 07\/ 03 do CFP, Joana deve redigir<\/p>\n<p>(A) <strong>CORRETA. <\/strong>Uma declara\u00e7\u00e3o, n\u00e3o registrando sintomas, situa\u00e7\u00f5es ou estados psicol\u00f3gicos.<\/p>\n<table>\n<tbody>\n<tr>\n<td width=\"11\">\n<table width=\"100%\">\n<tbody>\n<tr>\n<td><strong><em>J<\/em><\/strong><\/td>\n<\/tr>\n<\/tbody>\n<\/table>\n<\/td>\n<\/tr>\n<\/tbody>\n<\/table>\n<p><strong>40<\/strong><\/p>\n<p>Sobre a atua\u00e7\u00e3o do psic\u00f3logo como perito nos diversos contextos, segundo a resolu\u00e7\u00e3o n\u00ba 017 \/ 2012 do CFP, analise as afirmativas a seguir<\/p>\n<p>I. O periciado deve ser informado acerca dos motivo s, das t\u00e9cnicas utilizadas, das datas e do local da avalia\u00e7\u00e3o pericial psicol\u00f3gica.<\/p>\n<p>II. A recusa do <u>periciado ou de seu dependente em s<\/u>ubmeter-se \u00e0s avalia\u00e7\u00f5es para fins de per\u00edcia psicol\u00f3gica deve ser registrada devidamente nos meios adequados .<\/p>\n<p>III. A devolutiva do processo de avalia\u00e7\u00e3o deve direcionar -se para as impress\u00f5es do perito, os resultados, as t\u00e9cnicas utilizadas e o progn\u00f3stico .<\/p>\n<p>Est\u00e1 correto o que se afirma em<\/p>\n<p><strong>COMENT\u00c1RIOS:<\/strong><\/p>\n<p>As alternativas I e II constam na resolu\u00e7\u00e3o, mas a III est\u00e1 incorreta pois a devolutiva deve direcionar-se para os resultados dos instrumentos e t\u00e9cnicas utilizados.<\/p>\n<p><strong>RESPOSTA: B.<\/strong><\/p>\n<p>&nbsp;<\/p>\n<p><strong>41<\/strong><\/p>\n<p>No campo da cl\u00ednica psicanal\u00edtica, Freud identificou certo fen\u00f4meno no qual os sentimentos do paciente para com\u00a0 o analista seriam manifesta\u00e7\u00f5es de uma rela\u00e7\u00e3o recalcada com imagos parentais. Tal fen\u00f4meno foi inicialmente concebido como uma resist\u00eancia ao tratamento , para depois ser visto como principal for\u00e7a motriz, inscrevendo-se no centro da dire\u00e7\u00e3o da cura.<\/p>\n<p>Esse fen\u00f4meno chama-se<\/p>\n<p><strong>COMENT\u00c1RIOS:<\/strong><\/p>\n<p>Descri\u00e7\u00e3o do conceito de transfer\u00eancia.<\/p>\n<p><strong>RESPOSTA: D.<\/strong><\/p>\n<p><strong>\u00a0<\/strong><\/p>\n<p><strong>42<\/strong><\/p>\n<p>V\u00e3nia \u00e9 psic\u00f3loga perita do MP e antes de iniciar a avalia\u00e7\u00e3o das partes de um processo judicial, recebe a visita de Andrea, tamb\u00e9m psic\u00f3loga, que atua como assistente t\u00e9cnica contratada por uma das partes.<\/p>\n<p>(\u2026)Sobre a pretens\u00e3o de Andrea, de acordo\u00a0 com\u00a0 a\u00a0 Resolu\u00e7\u00e3o\u00a0 n\u00ba 008\/ 2010 do CFP, que disp\u00f5e sobre a atua\u00e7\u00e3o do psic\u00f3logo como perito e assistente t\u00e9cnico no\u00a0 Poder\u00a0 Judici\u00e1rio,\u00a0 assinale\u00a0 a afirmativa correta .<\/p>\n<p><strong>COMENT\u00c1RIOS:<\/strong><\/p>\n<p><b>RESPOSTA: (<\/b>E) Andrea n\u00e3o deve estar presente durante os atendimentos de V\u00e2nia e vice-versa, para que n\u00e3o haja interfer\u00eancia na din\u00e2mica e na qualidade do servi\u00e7o realizado.<\/p>\n<p><strong>A alternativa E traz o artigo 2\u00ba da citada resolu\u00e7\u00e3o.<\/strong><\/p>\n<p><strong>\u00a0<\/strong><\/p>\n<p><strong>43<\/strong><\/p>\n<p>Considerando a aplica\u00e7\u00e3o dos princ\u00edpios da Justi\u00e7a Restaurativa \u00e0 situa\u00e7\u00e3o narrada, assinale a alternativa correta.<\/p>\n<p><strong>RESPOSTA: E. <\/strong>O procedimento retributivo envolver\u00e1 o ofensor Ricardo, a v\u00edtima Beatriz e a comunidade, nas pessoas do s\u00edndico e de outros moradores que aderirem voluntariamente.<\/p>\n<p><strong>\u00a0<\/strong><\/p>\n<p><strong>44<\/strong><\/p>\n<p>Psic\u00f3logos e assistentes sociais comp\u00f5em equipes interprofissionais que assessoram operadores do Direito. Estes costumam demandar avalia\u00e7\u00f5es &#8216; psicossociais&#8217;, o que conduz a uma reflex\u00e3o te\u00f3rica sobre a import\u00e2ncia de um trabalho interdisciplinar e n\u00e3o simplesmente multidisciplinar.<\/p>\n<p>Nesse contexto de discuss\u00e3o, assinale a op\u00e7\u00e3o que apresenta o conceito <u>de interdisciplinaridade<\/u>.<\/p>\n<p><strong>RESPOSTA:<\/strong><\/p>\n<p><strong>(C) CORRETA. A intensidade das trocas entre especialistas com a integra\u00e7\u00e3o real das disciplinas no interior de um projeto espec\u00edfico.<\/strong><\/p>\n<p><strong>\u00a0<\/strong><\/p>\n<p><strong>45<\/strong><\/p>\n<p>A guarda compartilhada foi introduzida no ordenamento Jur\u00eddico a partir da Lei n\u00ba 11.698 \/ 08, que alterou alguns artigos ao C\u00f3digo Civil de 2002. (\u2026) Assinale a op\u00e7\u00e3o que apresenta uma mudan\u00e7a introduzida pela segunda vers\u00e3o da Lei da Guarda Compartilhada<strong>.<\/strong><\/p>\n<p><strong>RESPOSTA:<\/strong><\/p>\n<p><strong>(B)\u00a0\u00a0\u00a0\u00a0\u00a0\u00a0\u00a0\u00a0\u00a0\u00a0\u00a0\u00a0 <\/strong><strong>A guarda compartilhada , excepcionalmente, n\u00e3o \u00e9 aplicada, se um dos genitores declarar que n\u00e3o deseja a guarda do menor .<\/strong><\/p>\n<p><strong>A Lei no 13.058\/2014 determina que: <\/strong><\/p>\n<p>Quando n\u00e3o houver acordo entre a m\u00e3e e o pai quanto\u00a0 guarda do filho, encontrando-se ambos os genitores aptos a exercer o poder familiar, ser\u00e1 aplicada a guarda compartilhada, salvo se um dos genitores declarar ao magistrado que n\u00e3o deseja a guarda do menor.<\/p>\n<p><strong>\u00a0<\/strong><\/p>\n<p><strong>46<\/strong><\/p>\n<p>Segundo a genealogia do poder, as pericias psicol\u00f3gicas no campo do judici\u00e1rio remetem ao surgimento das\u00a0 per\u00edcias psiqui\u00e1tricas no s s\u00e9culos XVIII\/ XIX. Estas foram estrategicamente importantes para a psiquiatria se transformar em gestora da ordem social. Nesse mesmo contexto hist\u00f3rico, ganhou destaque a ideia de popula\u00e7\u00e3o enquanto problema e fonte de riqueza, cuja regula\u00e7\u00e3o passaria a ser buscada por pr\u00e1tica s de governo.<\/p>\n<p>Assinale a op\u00e7\u00e3o que indica como Foucault\u00a0 identificou\u00a0 essas pr\u00e1ticas.<\/p>\n<p><strong>RESPOSTA: (A) Biopol\u00edtica.<\/strong><\/p>\n<p><strong>\u00a0<\/strong><\/p>\n<p><strong>47<\/strong><\/p>\n<p>No ato da instaura\u00e7\u00e3o da lei, surge a inst\u00e2ncia ps\u00edquica denominada:<\/p>\n<p><strong>RESPOSTA: <\/strong>(C) <strong>Supereu.<\/strong><\/p>\n<p><strong>\u00a0<\/strong><\/p>\n<p><strong>51<\/strong><\/p>\n<p>Durante consulta de pr\u00e9-natal, Mariana relatou para a enfermeira (\u2026)Nesta situa\u00e7\u00e3o a enfermeira dever\u00e1<\/p>\n<p><strong>RESPOSTA: <\/strong>(A) Encaminhar o caso imediatamente \u00e0 autoridade judici\u00e1ria.<\/p>\n<p>&nbsp;<\/p>\n<p><strong>52<\/strong><\/p>\n<p>O Dia Mundial da Conscientiza\u00e7\u00e3o do Autismo (\u2026) Analise os itens a seguir.<\/p>\n<p><strong>RESPOSTA: <\/strong>Est\u00e3o corretos os itens II, III e IV.<\/p>\n<p>&nbsp;<\/p>\n<p><strong>53<\/strong><\/p>\n<p>Sobre as premissas te\u00f3ricas e t\u00e9cnicas da Constela\u00e7\u00e3o Familiar, assinale a alternativa correta.<\/p>\n<p><strong>RESPOSTA: E. <\/strong>A heran\u00e7a epigen\u00e9tica tem peso determinante no surgimento de patologias nas rela\u00e7\u00f5es familiares.<\/p>\n<p>&nbsp;<\/p>\n<p><strong>54<\/strong><\/p>\n<p>Considerados os par\u00e2metros \u00e9ticos da profiss\u00e3o de psic\u00f3logo, assinale a op\u00e7\u00e3o que apresenta uma atribui\u00e7\u00e3o de Simone em seu trabalho na execu\u00e7\u00e3o penal.<\/p>\n<p><strong>RESPOSTA:<\/strong><\/p>\n<p><strong>C: <\/strong>Ajudar na retomada de la\u00e7os sociais e familiares.<\/p>\n<p>&nbsp;<\/p>\n<p><strong>55<\/strong><\/p>\n<p>O processo de avalia\u00e7\u00e3o psicol\u00f3gica de Jefferson dever\u00e1:<\/p>\n<p><strong>RESPOSTA: C. <\/strong>Incluir instrumentais t\u00e9cnicos escolhidos pelo psic\u00f3logo, como testes, visitas domiciliares e institucionais e entrevistas individuais e familiares.<\/p>\n<p>&nbsp;<\/p>\n<p><strong>56<\/strong><\/p>\n<p>Sobre os fatores envolvidos na capacidade de adquirir, armazenar e evocar informa\u00e7\u00f5es, assinale a afirmativa correta.<\/p>\n<p><strong>RESPOSTA: B. <\/strong>A percep\u00e7\u00e3o \u00e9 subjetiva, particular e individual.<\/p>\n<p>&nbsp;<\/p>\n<p><strong>58<\/strong><\/p>\n<p>Sobre as altera\u00e7\u00f5es na senso-percep\u00e7\u00e3o, assinale a alternativa correta.<\/p>\n<p><strong>RESPOSTA: D. <\/strong>As subst\u00e2ncias sint\u00e9ticas perturbadoras, como o LSD, s\u00e3o capazes de promover alucina\u00e7\u00f5es nos usu\u00e1rios.<\/p>\n<p>&nbsp;<\/p>\n<p><strong>60<\/strong><\/p>\n<p>Considerando as teorias que tratam do desenvolvimento nesta fase da vida, assinale a alternativa correta.<\/p>\n<p><strong>RESPOSTA: A. <\/strong>O conjunto de perturba\u00e7\u00f5es vividas por crian\u00e7as institucionalizadas e com total priva\u00e7\u00e3o de cuidados maternos \u00e9 denominado, por Ren\u00e9 Spitz, de hospitalismo.<\/p>\n<p>&nbsp;<\/p>\n<p><strong>62<\/strong><\/p>\n<p>Sobre os fatores de risco que favorecem a ocorr\u00eancia de viol\u00eancia contra pessoas idosas (\u2026). Assinale a op\u00e7\u00e3o que apresenta a sequ\u00eancia correta, Segundo a ordem apresentada.<\/p>\n<p><strong>RESPOSTA: A. <\/strong>F-V-V-F-V.<\/p>\n<p>&nbsp;<\/p>\n<p><strong>63<\/strong><\/p>\n<p>A interven\u00e7\u00e3o breve, com uso de t\u00e9cnicas da entrevista motivacional tem como princ\u00edpios b\u00e1sicos<\/p>\n<p><strong>RESPOSTA: C. <\/strong>O manejo da ambival\u00eancia e da resist\u00eancia \u00e0 mudan\u00e7a de comportamento.<\/p>\n<p>&nbsp;<\/p>\n<p><strong>70<\/strong><\/p>\n<p>O Psicodrama foi criado por<\/p>\n<p><strong>RESPOSTA: C. <\/strong>Moreno.<\/p>\n<p>&nbsp;<\/p>\n<p><strong>71<\/strong><\/p>\n<p>Assinale a op\u00e7\u00e3o que apresenta alguns dos principais conceitos da psicologia anal\u00edtica de Jung.<\/p>\n<p><strong>RESPOSTA: B. <\/strong>Arqu\u00e9tipo, complexo e inconsciente coletivo.<\/p>\n<p><strong>\u00a0<\/strong><\/p>\n<p><strong>72<\/strong><\/p>\n<p>Assinale a op\u00e7\u00e3o que, segundo Vygotsky, define a diferen\u00e7a entre o que a crian\u00e7a consegue fazer sozinha e o que \u00e9 capaz de fazer com a ajuda.<\/p>\n<p><strong>RESPOSTA: D. <\/strong>Zona de desenvolvimento proximal.<\/p>\n<p>&nbsp;<\/p>\n<p><strong>73<\/strong><\/p>\n<p>Com rela\u00e7\u00e3o \u00e0 guarda compartilhada, assinale a alternativa correta.<\/p>\n<p><strong>RESPOSTA: A. <\/strong>Privilegia a continuidade da rela\u00e7\u00e3o da crian\u00e7a com ambos os genitores, que devem se manter implicados nos cuidados com os filhos.<\/p>\n<p>&nbsp;<\/p>\n<p><strong>74<\/strong><\/p>\n<p>O modelo ecol\u00f3gico analisa a viol\u00eancia contra a crian\u00e7a como<\/p>\n<p><strong>RESPOSTA: E. <\/strong>Produto de determina\u00e7\u00f5es individuais, familiares, comunit\u00e1rias e sociais, em que os fatores potencializadores e os compensat\u00f3rios t\u00eam que ser considerados.<\/p>\n<p>&nbsp;<\/p>\n<p><strong>78<\/strong><\/p>\n<p>Assinale a op\u00e7\u00e3o que indica como Ludmila deve agir.<\/p>\n<p><strong>RESPOSTA: A. <\/strong>Ela deve informar somente os dados que sejam relevantes para o procedimento, n\u00e3o revelando o que n\u00e3o tiver rela\u00e7\u00e3o com o motivo da interven\u00e7\u00e3o com a fam\u00edlia.<\/p>\n<p>&nbsp;<\/p>\n<p><strong>79<\/strong><\/p>\n<p>Como \u00e9 conhecida a Psicologia de Desenvolvimento de Jean Piaget.<\/p>\n<p><strong>RESPOSTA: C. <\/strong>Construtivismo.<\/p>\n<p>&nbsp;<\/p>\n<p><strong>80<\/strong><\/p>\n<p>Assinale\u00a0 a op\u00e7\u00e3o que apresenta algumas das concep\u00e7\u00f5es sobre as quais se fundamenta a terapia desenvolvida Por Carl Rogers.<\/p>\n<p><strong>RESPOSTA: A. <\/strong>Genuinidade, compreens\u00e3o emp\u00e1tica e autoconceito.<\/p>\n<p>&nbsp;<\/p>\n<p>Agora vamos aguardar o gabarito oficial, para verificarmos se h\u00e1 possibilidade de recursos.<\/p>\n<p>Fiquem ligados!<\/p>\n<p>Grande abra\u00e7o!<\/p>\n<p>&nbsp;<\/p>\n<p><strong>\u00a0<\/strong><\/p>\n<p><strong>\u00a0<\/strong><\/p>\n<p><strong>\u00a0<\/strong><\/p>\n<p><strong>\u00a0<\/strong><\/p>\n<p><strong>\u00a0<\/strong><\/p>\n<p><strong>\u00a0<\/strong><\/p>\n<p>&nbsp;<\/p>\n<p>&nbsp;<\/p>\n<p>&nbsp;<\/p>\n<p><strong>\u00a0<\/strong><\/p>\n<p><strong>\u00a0<\/strong><\/p>\n<p>&nbsp;<\/p>\n<p>&nbsp;<\/p>\n","protected":false},"excerpt":{"rendered":"<p>\u00a0 Oi, pessoal! Como estamos? Trago neste artigo a corre\u00e7\u00e3o extraoficial da prova de Psic\u00f3logo do MPE\/ALAGOAS que aconteceu ontem. A prova a que tive acesso \u00e9 a prova do tipo 1 da cor branca. Algumas quest\u00f5es de conhecimentos espec\u00edficos se referem a legisla\u00e7\u00f5es espec\u00edficas, como ECA, Estatuto do Idoso, etc., que foram ministradas pelo [&hellip;]<\/p>\n","protected":false},"author":571,"featured_media":0,"comment_status":"open","ping_status":"closed","sticky":false,"template":"","format":"standard","meta":{"post_tipo":"article","footnotes":""},"categories":[1,1981],"tags":[],"tax_estado":[],"class_list":["post-130364","post","type-post","status-publish","format-standard","hentry","category-cursos-e-concursos","category-saude"],"acf":[],"yoast_head":"<!-- This site is optimized with the Yoast SEO Premium plugin v27.2 (Yoast SEO v27.2) - https:\/\/yoast.com\/product\/yoast-seo-premium-wordpress\/ -->\n<title>Gabarito EXTRAOFICIAL - Psic\u00f3logo MPE\/AL<\/title>\n<meta name=\"robots\" content=\"index, follow, max-snippet:-1, max-image-preview:large, max-video-preview:-1\" \/>\n<link rel=\"canonical\" href=\"https:\/\/www.estrategiaconcursos.com.br\/blog\/gabarito-extraoficial-psicologo-mpe-al\/\" \/>\n<meta property=\"og:locale\" content=\"pt_BR\" \/>\n<meta property=\"og:type\" content=\"article\" \/>\n<meta property=\"og:title\" content=\"Gabarito EXTRAOFICIAL - Psic\u00f3logo MPE\/AL\" \/>\n<meta property=\"og:description\" content=\"\u00a0 Oi, pessoal! Como estamos? Trago neste artigo a corre\u00e7\u00e3o extraoficial da prova de Psic\u00f3logo do MPE\/ALAGOAS que aconteceu ontem. A prova a que tive acesso \u00e9 a prova do tipo 1 da cor branca. Algumas quest\u00f5es de conhecimentos espec\u00edficos se referem a legisla\u00e7\u00f5es espec\u00edficas, como ECA, Estatuto do Idoso, etc., que foram ministradas pelo [&hellip;]\" \/>\n<meta property=\"og:url\" content=\"https:\/\/www.estrategiaconcursos.com.br\/blog\/gabarito-extraoficial-psicologo-mpe-al\/\" \/>\n<meta property=\"og:site_name\" content=\"Estrat\u00e9gia Concursos\" \/>\n<meta property=\"article:published_time\" content=\"2018-07-09T22:32:17+00:00\" \/>\n<meta property=\"article:modified_time\" content=\"2019-11-08T19:49:24+00:00\" \/>\n<meta name=\"author\" content=\"Marina Becalli\" \/>\n<meta name=\"twitter:card\" content=\"summary_large_image\" \/>\n<meta name=\"twitter:creator\" content=\"@EstratConcursos\" \/>\n<meta name=\"twitter:site\" content=\"@EstratConcursos\" \/>\n<meta name=\"twitter:label1\" content=\"Escrito por\" \/>\n\t<meta name=\"twitter:data1\" content=\"Marina Becalli\" \/>\n\t<meta name=\"twitter:label2\" content=\"Est. tempo de leitura\" \/>\n\t<meta name=\"twitter:data2\" content=\"11 minutos\" \/>\n<script type=\"application\/ld+json\" class=\"yoast-schema-graph\">{\"@context\":\"https:\/\/schema.org\",\"@graph\":[{\"@type\":\"NewsArticle\",\"@id\":\"https:\/\/www.estrategiaconcursos.com.br\/blog\/gabarito-extraoficial-psicologo-mpe-al\/#article\",\"isPartOf\":{\"@id\":\"https:\/\/www.estrategiaconcursos.com.br\/blog\/gabarito-extraoficial-psicologo-mpe-al\/\"},\"author\":{\"name\":\"Marina Becalli\",\"@id\":\"https:\/\/www.estrategiaconcursos.com.br\/blog\/#\/schema\/person\/1e2475595233595270d17e0208f89ba3\"},\"headline\":\"Gabarito EXTRAOFICIAL &#8211; Psic\u00f3logo MPE\/AL\",\"datePublished\":\"2018-07-09T22:32:17+00:00\",\"dateModified\":\"2019-11-08T19:49:24+00:00\",\"mainEntityOfPage\":{\"@id\":\"https:\/\/www.estrategiaconcursos.com.br\/blog\/gabarito-extraoficial-psicologo-mpe-al\/\"},\"wordCount\":2266,\"commentCount\":1,\"publisher\":{\"@id\":\"https:\/\/www.estrategiaconcursos.com.br\/blog\/#organization\"},\"articleSection\":[\"Concursos P\u00fablicos\",\"Sa\u00fade\"],\"inLanguage\":\"pt-BR\",\"potentialAction\":[{\"@type\":\"CommentAction\",\"name\":\"Comment\",\"target\":[\"https:\/\/www.estrategiaconcursos.com.br\/blog\/gabarito-extraoficial-psicologo-mpe-al\/#respond\"]}],\"copyrightYear\":\"2018\",\"copyrightHolder\":{\"@id\":\"https:\/\/www.estrategiaconcursos.com.br\/blog\/#organization\"}},{\"@type\":\"WebPage\",\"@id\":\"https:\/\/www.estrategiaconcursos.com.br\/blog\/gabarito-extraoficial-psicologo-mpe-al\/\",\"url\":\"https:\/\/www.estrategiaconcursos.com.br\/blog\/gabarito-extraoficial-psicologo-mpe-al\/\",\"name\":\"Gabarito EXTRAOFICIAL - Psic\u00f3logo MPE\/AL\",\"isPartOf\":{\"@id\":\"https:\/\/www.estrategiaconcursos.com.br\/blog\/#website\"},\"datePublished\":\"2018-07-09T22:32:17+00:00\",\"dateModified\":\"2019-11-08T19:49:24+00:00\",\"breadcrumb\":{\"@id\":\"https:\/\/www.estrategiaconcursos.com.br\/blog\/gabarito-extraoficial-psicologo-mpe-al\/#breadcrumb\"},\"inLanguage\":\"pt-BR\",\"potentialAction\":[{\"@type\":\"ReadAction\",\"target\":[\"https:\/\/www.estrategiaconcursos.com.br\/blog\/gabarito-extraoficial-psicologo-mpe-al\/\"]}]},{\"@type\":\"BreadcrumbList\",\"@id\":\"https:\/\/www.estrategiaconcursos.com.br\/blog\/gabarito-extraoficial-psicologo-mpe-al\/#breadcrumb\",\"itemListElement\":[{\"@type\":\"ListItem\",\"position\":1,\"name\":\"In\u00edcio\",\"item\":\"https:\/\/www.estrategiaconcursos.com.br\/blog\/\"},{\"@type\":\"ListItem\",\"position\":2,\"name\":\"Gabarito EXTRAOFICIAL &#8211; Psic\u00f3logo MPE\/AL\"}]},{\"@type\":\"WebSite\",\"@id\":\"https:\/\/www.estrategiaconcursos.com.br\/blog\/#website\",\"url\":\"https:\/\/www.estrategiaconcursos.com.br\/blog\/\",\"name\":\"Estrat\u00e9gia Concursos\",\"description\":\"O blog da Estrat\u00e9gia Concursos traz not\u00edcias sobre concursos e artigos de professores oferecendo cursos para concursos (pdf + videaulas) no site.\",\"publisher\":{\"@id\":\"https:\/\/www.estrategiaconcursos.com.br\/blog\/#organization\"},\"potentialAction\":[{\"@type\":\"SearchAction\",\"target\":{\"@type\":\"EntryPoint\",\"urlTemplate\":\"https:\/\/www.estrategiaconcursos.com.br\/blog\/?s={search_term_string}\"},\"query-input\":{\"@type\":\"PropertyValueSpecification\",\"valueRequired\":true,\"valueName\":\"search_term_string\"}}],\"inLanguage\":\"pt-BR\"},{\"@type\":\"Organization\",\"@id\":\"https:\/\/www.estrategiaconcursos.com.br\/blog\/#organization\",\"name\":\"Estrat\u00e9gia Concursos\",\"url\":\"https:\/\/www.estrategiaconcursos.com.br\/blog\/\",\"logo\":{\"@type\":\"ImageObject\",\"inLanguage\":\"pt-BR\",\"@id\":\"https:\/\/www.estrategiaconcursos.com.br\/blog\/#\/schema\/logo\/image\/\",\"url\":\"https:\/\/dhg1h5j42swfq.cloudfront.net\/2025\/06\/03203428\/logo_concursos-1.jpg\",\"contentUrl\":\"https:\/\/dhg1h5j42swfq.cloudfront.net\/2025\/06\/03203428\/logo_concursos-1.jpg\",\"width\":230,\"height\":60,\"caption\":\"Estrat\u00e9gia Concursos\"},\"image\":{\"@id\":\"https:\/\/www.estrategiaconcursos.com.br\/blog\/#\/schema\/logo\/image\/\"},\"sameAs\":[\"https:\/\/x.com\/EstratConcursos\"]},{\"@type\":\"Person\",\"@id\":\"https:\/\/www.estrategiaconcursos.com.br\/blog\/#\/schema\/person\/1e2475595233595270d17e0208f89ba3\",\"name\":\"Marina Becalli\",\"image\":{\"@type\":\"ImageObject\",\"inLanguage\":\"pt-BR\",\"@id\":\"https:\/\/secure.gravatar.com\/avatar\/67fe85e0ba78cec86bca2a6aa240c72b754ad6f23a83ff554c5baca29367fde2?s=96&d=mm&r=g\",\"url\":\"https:\/\/secure.gravatar.com\/avatar\/67fe85e0ba78cec86bca2a6aa240c72b754ad6f23a83ff554c5baca29367fde2?s=96&d=mm&r=g\",\"contentUrl\":\"https:\/\/secure.gravatar.com\/avatar\/67fe85e0ba78cec86bca2a6aa240c72b754ad6f23a83ff554c5baca29367fde2?s=96&d=mm&r=g\",\"caption\":\"Marina Becalli\"},\"url\":\"https:\/\/www.estrategiaconcursos.com.br\/blog\/author\/marinapbeccalligmail-com\/\"}]}<\/script>\n<!-- \/ Yoast SEO Premium plugin. -->","yoast_head_json":{"title":"Gabarito EXTRAOFICIAL - Psic\u00f3logo MPE\/AL","robots":{"index":"index","follow":"follow","max-snippet":"max-snippet:-1","max-image-preview":"max-image-preview:large","max-video-preview":"max-video-preview:-1"},"canonical":"https:\/\/www.estrategiaconcursos.com.br\/blog\/gabarito-extraoficial-psicologo-mpe-al\/","og_locale":"pt_BR","og_type":"article","og_title":"Gabarito EXTRAOFICIAL - Psic\u00f3logo MPE\/AL","og_description":"\u00a0 Oi, pessoal! Como estamos? Trago neste artigo a corre\u00e7\u00e3o extraoficial da prova de Psic\u00f3logo do MPE\/ALAGOAS que aconteceu ontem. A prova a que tive acesso \u00e9 a prova do tipo 1 da cor branca. Algumas quest\u00f5es de conhecimentos espec\u00edficos se referem a legisla\u00e7\u00f5es espec\u00edficas, como ECA, Estatuto do Idoso, etc., que foram ministradas pelo [&hellip;]","og_url":"https:\/\/www.estrategiaconcursos.com.br\/blog\/gabarito-extraoficial-psicologo-mpe-al\/","og_site_name":"Estrat\u00e9gia Concursos","article_published_time":"2018-07-09T22:32:17+00:00","article_modified_time":"2019-11-08T19:49:24+00:00","author":"Marina Becalli","twitter_card":"summary_large_image","twitter_creator":"@EstratConcursos","twitter_site":"@EstratConcursos","twitter_misc":{"Escrito por":"Marina Becalli","Est. tempo de leitura":"11 minutos"},"schema":{"@context":"https:\/\/schema.org","@graph":[{"@type":"NewsArticle","@id":"https:\/\/www.estrategiaconcursos.com.br\/blog\/gabarito-extraoficial-psicologo-mpe-al\/#article","isPartOf":{"@id":"https:\/\/www.estrategiaconcursos.com.br\/blog\/gabarito-extraoficial-psicologo-mpe-al\/"},"author":{"name":"Marina Becalli","@id":"https:\/\/www.estrategiaconcursos.com.br\/blog\/#\/schema\/person\/1e2475595233595270d17e0208f89ba3"},"headline":"Gabarito EXTRAOFICIAL &#8211; Psic\u00f3logo MPE\/AL","datePublished":"2018-07-09T22:32:17+00:00","dateModified":"2019-11-08T19:49:24+00:00","mainEntityOfPage":{"@id":"https:\/\/www.estrategiaconcursos.com.br\/blog\/gabarito-extraoficial-psicologo-mpe-al\/"},"wordCount":2266,"commentCount":1,"publisher":{"@id":"https:\/\/www.estrategiaconcursos.com.br\/blog\/#organization"},"articleSection":["Concursos P\u00fablicos","Sa\u00fade"],"inLanguage":"pt-BR","potentialAction":[{"@type":"CommentAction","name":"Comment","target":["https:\/\/www.estrategiaconcursos.com.br\/blog\/gabarito-extraoficial-psicologo-mpe-al\/#respond"]}],"copyrightYear":"2018","copyrightHolder":{"@id":"https:\/\/www.estrategiaconcursos.com.br\/blog\/#organization"}},{"@type":"WebPage","@id":"https:\/\/www.estrategiaconcursos.com.br\/blog\/gabarito-extraoficial-psicologo-mpe-al\/","url":"https:\/\/www.estrategiaconcursos.com.br\/blog\/gabarito-extraoficial-psicologo-mpe-al\/","name":"Gabarito EXTRAOFICIAL - Psic\u00f3logo MPE\/AL","isPartOf":{"@id":"https:\/\/www.estrategiaconcursos.com.br\/blog\/#website"},"datePublished":"2018-07-09T22:32:17+00:00","dateModified":"2019-11-08T19:49:24+00:00","breadcrumb":{"@id":"https:\/\/www.estrategiaconcursos.com.br\/blog\/gabarito-extraoficial-psicologo-mpe-al\/#breadcrumb"},"inLanguage":"pt-BR","potentialAction":[{"@type":"ReadAction","target":["https:\/\/www.estrategiaconcursos.com.br\/blog\/gabarito-extraoficial-psicologo-mpe-al\/"]}]},{"@type":"BreadcrumbList","@id":"https:\/\/www.estrategiaconcursos.com.br\/blog\/gabarito-extraoficial-psicologo-mpe-al\/#breadcrumb","itemListElement":[{"@type":"ListItem","position":1,"name":"In\u00edcio","item":"https:\/\/www.estrategiaconcursos.com.br\/blog\/"},{"@type":"ListItem","position":2,"name":"Gabarito EXTRAOFICIAL &#8211; Psic\u00f3logo MPE\/AL"}]},{"@type":"WebSite","@id":"https:\/\/www.estrategiaconcursos.com.br\/blog\/#website","url":"https:\/\/www.estrategiaconcursos.com.br\/blog\/","name":"Estrat\u00e9gia Concursos","description":"O blog da Estrat\u00e9gia Concursos traz not\u00edcias sobre concursos e artigos de professores oferecendo cursos para concursos (pdf + videaulas) no site.","publisher":{"@id":"https:\/\/www.estrategiaconcursos.com.br\/blog\/#organization"},"potentialAction":[{"@type":"SearchAction","target":{"@type":"EntryPoint","urlTemplate":"https:\/\/www.estrategiaconcursos.com.br\/blog\/?s={search_term_string}"},"query-input":{"@type":"PropertyValueSpecification","valueRequired":true,"valueName":"search_term_string"}}],"inLanguage":"pt-BR"},{"@type":"Organization","@id":"https:\/\/www.estrategiaconcursos.com.br\/blog\/#organization","name":"Estrat\u00e9gia Concursos","url":"https:\/\/www.estrategiaconcursos.com.br\/blog\/","logo":{"@type":"ImageObject","inLanguage":"pt-BR","@id":"https:\/\/www.estrategiaconcursos.com.br\/blog\/#\/schema\/logo\/image\/","url":"https:\/\/dhg1h5j42swfq.cloudfront.net\/2025\/06\/03203428\/logo_concursos-1.jpg","contentUrl":"https:\/\/dhg1h5j42swfq.cloudfront.net\/2025\/06\/03203428\/logo_concursos-1.jpg","width":230,"height":60,"caption":"Estrat\u00e9gia Concursos"},"image":{"@id":"https:\/\/www.estrategiaconcursos.com.br\/blog\/#\/schema\/logo\/image\/"},"sameAs":["https:\/\/x.com\/EstratConcursos"]},{"@type":"Person","@id":"https:\/\/www.estrategiaconcursos.com.br\/blog\/#\/schema\/person\/1e2475595233595270d17e0208f89ba3","name":"Marina Becalli","image":{"@type":"ImageObject","inLanguage":"pt-BR","@id":"https:\/\/secure.gravatar.com\/avatar\/67fe85e0ba78cec86bca2a6aa240c72b754ad6f23a83ff554c5baca29367fde2?s=96&d=mm&r=g","url":"https:\/\/secure.gravatar.com\/avatar\/67fe85e0ba78cec86bca2a6aa240c72b754ad6f23a83ff554c5baca29367fde2?s=96&d=mm&r=g","contentUrl":"https:\/\/secure.gravatar.com\/avatar\/67fe85e0ba78cec86bca2a6aa240c72b754ad6f23a83ff554c5baca29367fde2?s=96&d=mm&r=g","caption":"Marina Becalli"},"url":"https:\/\/www.estrategiaconcursos.com.br\/blog\/author\/marinapbeccalligmail-com\/"}]}},"_links":{"self":[{"href":"https:\/\/www.estrategiaconcursos.com.br\/blog\/wp-json\/wp\/v2\/posts\/130364","targetHints":{"allow":["GET"]}}],"collection":[{"href":"https:\/\/www.estrategiaconcursos.com.br\/blog\/wp-json\/wp\/v2\/posts"}],"about":[{"href":"https:\/\/www.estrategiaconcursos.com.br\/blog\/wp-json\/wp\/v2\/types\/post"}],"author":[{"embeddable":true,"href":"https:\/\/www.estrategiaconcursos.com.br\/blog\/wp-json\/wp\/v2\/users\/571"}],"replies":[{"embeddable":true,"href":"https:\/\/www.estrategiaconcursos.com.br\/blog\/wp-json\/wp\/v2\/comments?post=130364"}],"version-history":[{"count":4,"href":"https:\/\/www.estrategiaconcursos.com.br\/blog\/wp-json\/wp\/v2\/posts\/130364\/revisions"}],"predecessor-version":[{"id":130791,"href":"https:\/\/www.estrategiaconcursos.com.br\/blog\/wp-json\/wp\/v2\/posts\/130364\/revisions\/130791"}],"wp:attachment":[{"href":"https:\/\/www.estrategiaconcursos.com.br\/blog\/wp-json\/wp\/v2\/media?parent=130364"}],"wp:term":[{"taxonomy":"category","embeddable":true,"href":"https:\/\/www.estrategiaconcursos.com.br\/blog\/wp-json\/wp\/v2\/categories?post=130364"},{"taxonomy":"post_tag","embeddable":true,"href":"https:\/\/www.estrategiaconcursos.com.br\/blog\/wp-json\/wp\/v2\/tags?post=130364"},{"taxonomy":"tax_estado","embeddable":true,"href":"https:\/\/www.estrategiaconcursos.com.br\/blog\/wp-json\/wp\/v2\/tax_estado?post=130364"}],"curies":[{"name":"wp","href":"https:\/\/api.w.org\/{rel}","templated":true}]}}