{"id":1302976,"date":"2024-02-06T07:37:00","date_gmt":"2024-02-06T10:37:00","guid":{"rendered":"https:\/\/www.estrategiaconcursos.com.br\/blog\/?p=1302976"},"modified":"2024-02-07T08:25:05","modified_gmt":"2024-02-07T11:25:05","slug":"concurso-pm-mg-edital-publicado-soldado","status":"publish","type":"post","link":"https:\/\/www.estrategiaconcursos.com.br\/blog\/concurso-pm-mg-edital-publicado-soldado\/","title":{"rendered":"Edital PM MG tem inscri\u00e7\u00f5es encerradas Soldado; 2.901 vagas!"},"content":{"rendered":"\n<p>Est\u00e3o encerradas as inscri\u00e7\u00f5es para o <strong>edital PM MG<\/strong> (<a href=\"https:\/\/www.estrategiaconcursos.com.br\/cursosPorConcurso\/policia-militar-de-minas-gerais-pm-mg\/\" target=\"_blank\" rel=\"noreferrer noopener\">Pol\u00edcia Militar de Minas Gerais<\/a>)! O concurso oferece 3.102 vagas imediatas de n\u00edvel superior.<\/p>\n\n\n\n<p>Os interessados puderam se candidatar no <a href=\"https:\/\/www.policiamilitar.mg.gov.br\/site\/crs\" target=\"_blank\" rel=\"noreferrer noopener\">site da pr\u00f3pria corpora\u00e7\u00e3o<\/a> no per\u00edodo de <strong>08 de janeiro a 06 de fevereiro de 2024<\/strong>. As provas s\u00e3o previstas em <strong>10 de mar\u00e7o de 2024<\/strong>.<\/p>\n\n\n\n<p>As oportunidades s\u00e3o para o cargo de <a href=\"https:\/\/www.estrategiaconcursos.com.br\/curso\/pm-mg-soldado-pacote-2023-pos-edital-2\/\" target=\"_blank\" rel=\"noreferrer noopener\">Soldado<\/a>, distribu\u00eddas entre candidatos do sexo masculino e feminino. O sal\u00e1rio inicial \u00e9 de R$ 4.360,83.<\/p>\n\n\n\n<ul class=\"has-very-light-gray-to-cyan-bluish-gray-gradient-background has-background wp-block-list\">\n<li><strong>Banca:<\/strong> PMMG<\/li>\n\n\n\n<li><strong>Vagas:<\/strong> 3.102<\/li>\n\n\n\n<li><strong>Sal\u00e1rio inicial:<\/strong> R$ 4.360,83<\/li>\n\n\n\n<li><strong>Edital<\/strong>:&nbsp;<a href=\"https:\/\/dhg1h5j42swfq.cloudfront.net\/2023\/11\/06172813\/061120231618078770-1.pdf\" target=\"_blank\" rel=\"noreferrer noopener nofollow\">Soldado PMMG<\/a><\/li>\n<\/ul>\n\n\n\n<div id=\"boxes\" class=\"container\">\n<div class=\"row\">\n<div class=\"col-sm\">\n<div id=\"box-assinatura\" class=\"banner-policia-militar\">\n<h3 class=\"titulo-assinatura\">Concurso PM MG<\/h3>\n<p class=\"subtitulo-assinatura\">Conhe\u00e7a os cursos<\/p>\n<div class=\"box-botao\"><a class=\"btn-assinatura\" role=\"button\" href=\"https:\/\/www.estrategiaconcursos.com.br\/cursosPorConcurso\/policia-militar-de-minas-gerais-pm-mg\/\" target=\"_blank\" rel=\"noopener noreferrer\">Conhe\u00e7a mais<\/a><\/div>\n<\/div>\n\n<\/div>\n<\/div>\n<\/div>\n\n\n\n<h2 class=\"wp-block-heading\" id=\"datas\">Principais datas do concurso<\/h2>\n\n\n\n<ul class=\"wp-block-list\">\n<li><strong>Inscri\u00e7\u00f5es<\/strong>: <s>08\/01\/24 a 06\/02\/24<\/s><\/li>\n\n\n\n<li><strong>Isen\u00e7\u00e3o da taxa<\/strong>: <s>08 a 09\/01\/2024<\/s><\/li>\n\n\n\n<li><strong>\u00daltimo dia para pagamento<\/strong>: 07\/02\/2024<\/li>\n\n\n\n<li><strong>Prova<\/strong>: 10\/03\/2024<\/li>\n<\/ul>\n\n\n\n<h2 class=\"wp-block-heading\" id=\"cargos-vagas\">Cargos e vagas do edital PM MG<\/h2>\n\n\n\n<figure class=\"wp-block-table is-style-stripes\"><table class=\"has-very-light-gray-to-cyan-bluish-gray-gradient-background has-background has-fixed-layout\"><thead><tr><th class=\"has-text-align-center\" data-align=\"center\">Cargo<\/th><th class=\"has-text-align-center\" data-align=\"center\">Vagas &#8211; masculino<\/th><th class=\"has-text-align-center\" data-align=\"center\">Vagas &#8211; feminino<\/th><th class=\"has-text-align-center\" data-align=\"center\">Sal\u00e1rio<\/th><\/tr><\/thead><tbody><tr><td class=\"has-text-align-center\" data-align=\"center\"><a href=\"https:\/\/www.estrategiaconcursos.com.br\/curso\/pm-mg-soldado-pacote-2023-pos-edital\/\" target=\"_blank\" rel=\"noreferrer noopener\">Soldado<\/a><\/td><td class=\"has-text-align-center\" data-align=\"center\">2.791<\/td><td class=\"has-text-align-center\" data-align=\"center\">311<\/td><td class=\"has-text-align-center\" data-align=\"center\">R$ 4.360,83<\/td><\/tr><\/tbody><\/table><figcaption class=\"wp-element-caption\">Quadro de vagas por cargos no Concurso PM MG<\/figcaption><\/figure>\n\n\n\n<figure class=\"wp-block-image aligncenter size-full\"><img loading=\"lazy\" decoding=\"async\" width=\"625\" height=\"602\" src=\"https:\/\/dhg1h5j42swfq.cloudfront.net\/2024\/02\/05170101\/image-105.png\" alt=\"Distribui\u00e7\u00e3o das vagas para Soldado PM MG\" class=\"wp-image-1347505\" srcset=\"https:\/\/dhg1h5j42swfq.cloudfront.net\/2024\/02\/05170101\/image-105.png 625w, https:\/\/dhg1h5j42swfq.cloudfront.net\/2024\/02\/05170101\/image-105-300x289.png 300w, https:\/\/dhg1h5j42swfq.cloudfront.net\/2024\/02\/05170101\/image-105-610x588.png 610w, https:\/\/dhg1h5j42swfq.cloudfront.net\/2024\/02\/05170101\/image-105-150x144.png 150w\" sizes=\"auto, (max-width: 625px) 100vw, 625px\" \/><figcaption class=\"wp-element-caption\">Distribui\u00e7\u00e3o das vagas para Soldado PM MG<\/figcaption><\/figure>\n\n\n\n<h3 class=\"wp-block-heading\">Quais os requisitos?<\/h3>\n\n\n\n<ul class=\"wp-block-list\">\n<li>ser brasileiro(a);<\/li>\n\n\n\n<li>ter n\u00edvel superior de escolaridade;<\/li>\n\n\n\n<li><span style=\"color: initial;\">ter entre 18 e 30 anos de idade;<\/span><\/li>\n\n\n\n<li>ter Carteira Nacional de Habilita\u00e7\u00e3o v\u00e1lida, no m\u00ednimo na categoria \u201cB\u201d;<\/li>\n\n\n\n<li><span style=\"color: initial;\">ter altura m\u00ednima de 1,60m;<\/span><\/li>\n\n\n\n<li><span style=\"color: initial;\">n\u00e3o apresentar, quando em uso dos diversos uniformes, tatuagem vis\u00edvel que seja, por<\/span> seu significado, incompat\u00edvel com o exerc\u00edcio das atividades de policial militar.<\/li>\n<\/ul>\n\n\n\n<h2 class=\"wp-block-heading\" id=\"etapas\">Quais as etapas e provas do edital PM MG?<\/h2>\n\n\n\n<p>Os candidatos do concurso PM MG ser\u00e3o avaliados mediante aplica\u00e7\u00e3o de tr\u00eas etapas, sendo elas:<\/p>\n\n\n\n<ul class=\"wp-block-list\">\n<li><strong>Soldado:<\/strong>\n<ul class=\"wp-block-list\">\n<li><strong>1\u00aa FASE<\/strong>: Prova de conhecimentos (prova objetiva);<\/li>\n\n\n\n<li><strong>2\u00aa FASE<\/strong>: Avalia\u00e7\u00f5es Psicol\u00f3gicas e Exames de Sa\u00fade;<\/li>\n\n\n\n<li><strong>3\u00aa FASE<\/strong>: Avalia\u00e7\u00e3o F\u00edsica Militar (AFM).<\/li>\n<\/ul>\n<\/li>\n<\/ul>\n\n\n\n<h3 class=\"wp-block-heading\" id=\"objetiva\">Provas Objetivas<\/h3>\n\n\n\n<p>A prova objetiva, de car\u00e1ter eliminat\u00f3rio e classificat\u00f3rio, ter\u00e1 valor total de 100 pontos e conter\u00e1 50 quest\u00f5es de m\u00faltipla escolha (quatro alternativas). Cada quest\u00e3o ter\u00e1 o valor de 02 pontos.<\/p>\n\n\n\n<ul class=\"wp-block-list\">\n<li><strong>Soldado:<\/strong>\n<ul class=\"wp-block-list\">\n<li><em>L\u00edngua Portuguesa &#8211; 20<\/em><\/li>\n\n\n\n<li><em>Literatura &#8211; 05<\/em><\/li>\n\n\n\n<li><em>No\u00e7\u00f5es de L\u00edngua Inglesa &#8211; 05<\/em><\/li>\n\n\n\n<li><em>No\u00e7\u00f5es de Direito e Direitos Humanos &#8211; 10<\/em><\/li>\n\n\n\n<li><em>Racioc\u00ednio L\u00f3gico-Matem\u00e1tico &#8211; 10<\/em><\/li>\n<\/ul>\n<\/li>\n<\/ul>\n\n\n\n<p>Prevista em 10 de mar\u00e7o, a prova ter\u00e1 dura\u00e7\u00e3o de 3h e ser\u00e1 organizada pela pr\u00f3pria corpora\u00e7\u00e3o, sendo aplicada no turno manh\u00e3.<\/p>\n\n\n\n<p>Ser\u00e1 aprovado o candidato que obter aproveitamento m\u00ednimo de 60% dos pontos atribu\u00eddos \u00e0 prova objetiva do edital PM MG.<\/p>\n\n\n\n<h3 class=\"wp-block-heading\" id=\"titulos\">Avalia\u00e7\u00e3o F\u00edsica Militar<\/h3>\n\n\n\n<p>O teste de avalia\u00e7\u00e3o f\u00edsica ter\u00e1 car\u00e1ter eliminat\u00f3rio e classificat\u00f3rio, devendo o candidato alcan\u00e7ar o m\u00ednimo de 60% de rendimento em cada modalidade (12 pontos) para aprova\u00e7\u00e3o, conforme tabelas a seguir, aplic\u00e1veis a todos os candidatos:<\/p>\n\n\n\n<ul class=\"wp-block-list\">\n<li><strong>For\u00e7a de resist\u00eancia abdominal (abdominal tipo remador):<\/strong><\/li>\n<\/ul>\n\n\n\n<figure class=\"wp-block-image aligncenter size-full\"><img loading=\"lazy\" decoding=\"async\" width=\"586\" height=\"329\" src=\"https:\/\/dhg1h5j42swfq.cloudfront.net\/2022\/12\/30183323\/image-314.png\" alt=\"TAF do edital Pol\u00edcia Militar MG\" class=\"wp-image-1145266\" srcset=\"https:\/\/dhg1h5j42swfq.cloudfront.net\/2022\/12\/30183323\/image-314.png 586w, https:\/\/dhg1h5j42swfq.cloudfront.net\/2022\/12\/30183323\/image-314-300x168.png 300w, https:\/\/dhg1h5j42swfq.cloudfront.net\/2022\/12\/30183323\/image-314-150x84.png 150w\" sizes=\"auto, (max-width: 586px) 100vw, 586px\" \/><figcaption class=\"wp-element-caption\">TAF do edital Pol\u00edcia Militar MG<\/figcaption><\/figure>\n\n\n\n<ul class=\"wp-block-list\">\n<li><strong>For\u00e7a de resist\u00eancia de bra\u00e7os na barra fixa (flex\u00e3o est\u00e1tica e din\u00e2mica na barra fixa):<\/strong><\/li>\n<\/ul>\n\n\n\n<figure class=\"wp-block-image aligncenter size-full\"><img loading=\"lazy\" decoding=\"async\" width=\"584\" height=\"355\" src=\"https:\/\/dhg1h5j42swfq.cloudfront.net\/2022\/12\/30183349\/image-315.png\" alt=\"TAF do edital Pol\u00edcia Militar MG\" class=\"wp-image-1145267\" srcset=\"https:\/\/dhg1h5j42swfq.cloudfront.net\/2022\/12\/30183349\/image-315.png 584w, https:\/\/dhg1h5j42swfq.cloudfront.net\/2022\/12\/30183349\/image-315-300x182.png 300w, https:\/\/dhg1h5j42swfq.cloudfront.net\/2022\/12\/30183349\/image-315-150x91.png 150w\" sizes=\"auto, (max-width: 584px) 100vw, 584px\" \/><figcaption class=\"wp-element-caption\">TAF do edital Pol\u00edcia Militar MG<\/figcaption><\/figure>\n\n\n\n<ul class=\"wp-block-list\">\n<li><strong>Resist\u00eancia cardiorrespirat\u00f3ria (corrida de 2.400 metros):<\/strong><\/li>\n<\/ul>\n\n\n\n<figure class=\"wp-block-image aligncenter size-full\"><img loading=\"lazy\" decoding=\"async\" width=\"587\" height=\"341\" src=\"https:\/\/dhg1h5j42swfq.cloudfront.net\/2022\/12\/30183414\/image-316.png\" alt=\"TAF do edital Pol\u00edcia Militar MG\" class=\"wp-image-1145268\" srcset=\"https:\/\/dhg1h5j42swfq.cloudfront.net\/2022\/12\/30183414\/image-316.png 587w, https:\/\/dhg1h5j42swfq.cloudfront.net\/2022\/12\/30183414\/image-316-300x174.png 300w, https:\/\/dhg1h5j42swfq.cloudfront.net\/2022\/12\/30183414\/image-316-150x87.png 150w\" sizes=\"auto, (max-width: 587px) 100vw, 587px\" \/><figcaption class=\"wp-element-caption\">TAF do edital Pol\u00edcia Militar MG<\/figcaption><\/figure>\n\n\n\n<p>A pontua\u00e7\u00e3o obtida pelo candidato no teste f\u00edsico do edital PM MG corresponder\u00e1 ao somat\u00f3rio de sua nota em cada prova, cujo valor m\u00e1ximo ser\u00e1 de 60 pontos.<\/p>\n\n\n\n<h2 class=\"wp-block-heading has-text-align-center has-cyan-bluish-gray-background-color has-background has-medium-font-size\">Saiba mais: <a href=\"https:\/\/www.estrategiaconcursos.com.br\/blog\/concurso-pm-mg\/\" target=\"_blank\" rel=\"noreferrer noopener\">Concurso Pol\u00edcia Militar MG<\/a><\/h2>\n\n\n\n<hr class=\"wp-block-separator has-css-opacity\"\/>\n\n\n\n<h2 class=\"wp-block-heading has-text-align-center\" id=\"h-quer-saber-tudo-sobre-concursos-previstos-confira-nossos-artigos\">Quer saber tudo sobre concursos previstos?<br \/>Confira  nossos artigos!<\/h2>\n\n\n\n<ul class=\"wp-block-list\">\n<li><a href=\"https:\/\/www.estrategiaconcursos.com.br\/blog\/concursos-abertos\/\" target=\"_blank\" rel=\"noreferrer noopener\">Concursos abertos<\/a><\/li>\n\n\n\n<li><a href=\"https:\/\/www.estrategiaconcursos.com.br\/blog\/concursos-2024\/\" target=\"_blank\" rel=\"noreferrer noopener\">Concursos 2024<\/a><\/li>\n<\/ul>\n\n\n\n<h2 class=\"wp-block-heading has-text-align-center\" id=\"cursos-assinatura\">Quer estudar para o concurso PM MG?<\/h2>\n\n\n\n<div id=\"boxes\" class=\"container\">\n<div class=\"row\">\n<div class=\"col-sm\">\n<div id=\"box-assinatura\" class=\"banner-policia-militar\">\n<h3 class=\"titulo-assinatura\">Concurso PM MG<\/h3>\n<p class=\"subtitulo-assinatura\">Conhe\u00e7a os cursos<\/p>\n<div class=\"box-botao\"><a class=\"btn-assinatura\" role=\"button\" href=\"https:\/\/www.estrategiaconcursos.com.br\/cursosPorConcurso\/policia-militar-de-minas-gerais-pm-mg\/\" target=\"_blank\" rel=\"noopener noreferrer\">Conhe\u00e7a mais<\/a><\/div>\n<\/div>\n\n<\/div>\n<\/div>\n<\/div>\n\n\n\n<div class=\"container\" id=\"boxes\">\r\n  <div class=\"row\">\r\n\r\n    <div class=\"col-sm\">\r\n      <div class=\"estrategia\" id=\"box-assinatura\">\r\n        <h3 class=\"titulo-assinatura\">Assinatura Concursos<\/h3>\r\n        <p class=\"subtitulo-assinatura\">Assinatura de 1 ano ou 2 anos<\/p>\r\n        <div class=\"box-botao\">\r\n          <a class=\"btn-assinatura\" target=\"_blank\" href=\"https:\/\/www.estrategiaconcursos.com.br\/assinaturas\/\" role=\"button\" rel=\"noopener noreferrer\">ASSINE AGORA<\/a>\r\n        <\/div>\r\n      <\/div><\/div><\/div><\/div>\n\n\n\n<figure class=\"wp-block-image size-large is-resized\"><img loading=\"lazy\" decoding=\"async\" width=\"1024\" height=\"632\" src=\"https:\/\/dhg1h5j42swfq.cloudfront.net\/2025\/06\/27101122\/ficha-tecnica-1-1024x632.png\" alt=\"\" class=\"wp-image-702728\" style=\"aspect-ratio:1.620253164556962;width:357px;height:auto\" srcset=\"https:\/\/dhg1h5j42swfq.cloudfront.net\/2025\/06\/27101122\/ficha-tecnica-1-1024x632.png 1024w, https:\/\/dhg1h5j42swfq.cloudfront.net\/2025\/06\/27101122\/ficha-tecnica-1-300x185.png 300w, https:\/\/dhg1h5j42swfq.cloudfront.net\/2025\/06\/27101122\/ficha-tecnica-1-768x474.png 768w, https:\/\/dhg1h5j42swfq.cloudfront.net\/2025\/06\/27101122\/ficha-tecnica-1-1536x948.png 1536w, https:\/\/dhg1h5j42swfq.cloudfront.net\/2025\/06\/27101122\/ficha-tecnica-1-610x377.png 610w, https:\/\/dhg1h5j42swfq.cloudfront.net\/2025\/06\/27101122\/ficha-tecnica-1.png 1571w\" sizes=\"auto, (max-width: 1024px) 100vw, 1024px\" \/><\/figure>\n\n\n\n<h3 class=\"wp-block-heading\" id=\"ficha\">Informa\u00e7\u00f5es do edital PM MG<\/h3>\n\n\n\n<ul class=\"wp-block-list\">\n<li><strong style=\"color: initial;\">Provas<\/strong><span style=\"color: initial;\">: <\/span>10\/03\/2024<\/li>\n\n\n\n<li><strong>Vagas<\/strong>: 3.102<\/li>\n\n\n\n<li><strong>Cargos<\/strong>: Soldado<\/li>\n\n\n\n<li><strong>Banca<\/strong>: Pol\u00edcia Militar de Minas Gerais<\/li>\n\n\n\n<li><strong>Escolaridade<\/strong>: N\u00edvel superior<\/li>\n\n\n\n<li><strong>Edital<\/strong>:&nbsp;<a href=\"https:\/\/dhg1h5j42swfq.cloudfront.net\/2023\/11\/06172813\/061120231618078770-1.pdf\" target=\"_blank\" rel=\"noreferrer noopener nofollow\">Soldado PMMG<\/a><\/li>\n<\/ul>\n","protected":false},"excerpt":{"rendered":"<p>Est\u00e3o encerradas as inscri\u00e7\u00f5es para o edital PM MG (Pol\u00edcia Militar de Minas Gerais)! O concurso oferece 3.102 vagas imediatas de n\u00edvel superior. Os interessados puderam se candidatar no site da pr\u00f3pria corpora\u00e7\u00e3o no per\u00edodo de 08 de janeiro a 06 de fevereiro de 2024. As provas s\u00e3o previstas em 10 de mar\u00e7o de 2024. [&hellip;]<\/p>\n","protected":false},"author":2041,"featured_media":1158338,"comment_status":"open","ping_status":"closed","sticky":false,"template":"","format":"standard","meta":{"post_tipo":"news","footnotes":""},"categories":[220187,220219],"tags":[],"tax_estado":[219974],"class_list":["post-1302976","post","type-post","status-publish","format-standard","has-post-thumbnail","hentry","category-policial-pracas","category-noticias","tax_estado-mg"],"acf":[],"yoast_head":"<!-- This site is optimized with the Yoast SEO Premium plugin v27.2 (Yoast SEO v27.2) - https:\/\/yoast.com\/product\/yoast-seo-premium-wordpress\/ -->\n<title>Edital PM MG tem inscri\u00e7\u00f5es encerradas Soldado; 2.901 vagas!<\/title>\n<meta name=\"description\" content=\"Edital PM MG \u00e9 publicado com 2.901 vagas para Soldado. As oportunidades s\u00e3o de n\u00edvel superior com inicial de R$ 4 mil!\" \/>\n<meta name=\"robots\" content=\"index, follow, max-snippet:-1, max-image-preview:large, max-video-preview:-1\" \/>\n<link rel=\"canonical\" href=\"https:\/\/www.estrategiaconcursos.com.br\/blog\/concurso-pm-mg-edital-publicado-soldado\/\" \/>\n<meta property=\"og:locale\" content=\"pt_BR\" \/>\n<meta property=\"og:type\" content=\"article\" \/>\n<meta property=\"og:title\" content=\"Edital PM MG tem inscri\u00e7\u00f5es encerradas Soldado; 2.901 vagas!\" \/>\n<meta property=\"og:description\" content=\"Edital PM MG \u00e9 publicado com 2.901 vagas para Soldado. As oportunidades s\u00e3o de n\u00edvel superior com inicial de R$ 4 mil!\" \/>\n<meta property=\"og:url\" content=\"https:\/\/www.estrategiaconcursos.com.br\/blog\/concurso-pm-mg-edital-publicado-soldado\/\" \/>\n<meta property=\"og:site_name\" content=\"Estrat\u00e9gia Concursos\" \/>\n<meta property=\"article:published_time\" content=\"2024-02-06T10:37:00+00:00\" \/>\n<meta property=\"article:modified_time\" content=\"2024-02-07T11:25:05+00:00\" \/>\n<meta property=\"og:image\" content=\"https:\/\/dhg1h5j42swfq.cloudfront.net\/2023\/01\/24145013\/pm-mg-1.jpg\" \/>\n\t<meta property=\"og:image:width\" content=\"768\" \/>\n\t<meta property=\"og:image:height\" content=\"432\" \/>\n\t<meta property=\"og:image:type\" content=\"image\/jpeg\" \/>\n<meta name=\"author\" content=\"Thiago Cavalcante Gomes\" \/>\n<meta name=\"twitter:card\" content=\"summary_large_image\" \/>\n<meta name=\"twitter:creator\" content=\"@EstratConcursos\" \/>\n<meta name=\"twitter:site\" content=\"@EstratConcursos\" \/>\n<meta name=\"twitter:label1\" content=\"Escrito por\" \/>\n\t<meta name=\"twitter:data1\" content=\"Thiago Cavalcante Gomes\" \/>\n\t<meta name=\"twitter:label2\" content=\"Est. tempo de leitura\" \/>\n\t<meta name=\"twitter:data2\" content=\"3 minutos\" \/>\n<script type=\"application\/ld+json\" class=\"yoast-schema-graph\">{\"@context\":\"https:\/\/schema.org\",\"@graph\":[{\"@type\":\"NewsArticle\",\"@id\":\"https:\/\/www.estrategiaconcursos.com.br\/blog\/concurso-pm-mg-edital-publicado-soldado\/#article\",\"isPartOf\":{\"@id\":\"https:\/\/www.estrategiaconcursos.com.br\/blog\/concurso-pm-mg-edital-publicado-soldado\/\"},\"author\":{\"name\":\"Thiago Cavalcante Gomes\",\"@id\":\"https:\/\/www.estrategiaconcursos.com.br\/blog\/#\/schema\/person\/4970184533d0a3ffa5b0299ae0a2b21f\"},\"headline\":\"Edital PM MG tem inscri\u00e7\u00f5es encerradas Soldado; 2.901 vagas!\",\"datePublished\":\"2024-02-06T10:37:00+00:00\",\"dateModified\":\"2024-02-07T11:25:05+00:00\",\"mainEntityOfPage\":{\"@id\":\"https:\/\/www.estrategiaconcursos.com.br\/blog\/concurso-pm-mg-edital-publicado-soldado\/\"},\"wordCount\":597,\"commentCount\":0,\"publisher\":{\"@id\":\"https:\/\/www.estrategiaconcursos.com.br\/blog\/#organization\"},\"image\":{\"@id\":\"https:\/\/www.estrategiaconcursos.com.br\/blog\/concurso-pm-mg-edital-publicado-soldado\/#primaryimage\"},\"thumbnailUrl\":\"https:\/\/dhg1h5j42swfq.cloudfront.net\/2023\/01\/24145013\/pm-mg-1.jpg\",\"articleSection\":[\"Policial (PM\/BM - Pra\u00e7as)\",\"\u00daltimas not\u00edcias\"],\"inLanguage\":\"pt-BR\",\"potentialAction\":[{\"@type\":\"CommentAction\",\"name\":\"Comment\",\"target\":[\"https:\/\/www.estrategiaconcursos.com.br\/blog\/concurso-pm-mg-edital-publicado-soldado\/#respond\"]}],\"copyrightYear\":\"2024\",\"copyrightHolder\":{\"@id\":\"https:\/\/www.estrategiaconcursos.com.br\/blog\/#organization\"}},{\"@type\":\"WebPage\",\"@id\":\"https:\/\/www.estrategiaconcursos.com.br\/blog\/concurso-pm-mg-edital-publicado-soldado\/\",\"url\":\"https:\/\/www.estrategiaconcursos.com.br\/blog\/concurso-pm-mg-edital-publicado-soldado\/\",\"name\":\"Edital PM MG tem inscri\u00e7\u00f5es encerradas Soldado; 2.901 vagas!\",\"isPartOf\":{\"@id\":\"https:\/\/www.estrategiaconcursos.com.br\/blog\/#website\"},\"primaryImageOfPage\":{\"@id\":\"https:\/\/www.estrategiaconcursos.com.br\/blog\/concurso-pm-mg-edital-publicado-soldado\/#primaryimage\"},\"image\":{\"@id\":\"https:\/\/www.estrategiaconcursos.com.br\/blog\/concurso-pm-mg-edital-publicado-soldado\/#primaryimage\"},\"thumbnailUrl\":\"https:\/\/dhg1h5j42swfq.cloudfront.net\/2023\/01\/24145013\/pm-mg-1.jpg\",\"datePublished\":\"2024-02-06T10:37:00+00:00\",\"dateModified\":\"2024-02-07T11:25:05+00:00\",\"description\":\"Edital PM MG \u00e9 publicado com 2.901 vagas para Soldado. As oportunidades s\u00e3o de n\u00edvel superior com inicial de R$ 4 mil!\",\"breadcrumb\":{\"@id\":\"https:\/\/www.estrategiaconcursos.com.br\/blog\/concurso-pm-mg-edital-publicado-soldado\/#breadcrumb\"},\"inLanguage\":\"pt-BR\",\"potentialAction\":[{\"@type\":\"ReadAction\",\"target\":[\"https:\/\/www.estrategiaconcursos.com.br\/blog\/concurso-pm-mg-edital-publicado-soldado\/\"]}]},{\"@type\":\"ImageObject\",\"inLanguage\":\"pt-BR\",\"@id\":\"https:\/\/www.estrategiaconcursos.com.br\/blog\/concurso-pm-mg-edital-publicado-soldado\/#primaryimage\",\"url\":\"https:\/\/dhg1h5j42swfq.cloudfront.net\/2023\/01\/24145013\/pm-mg-1.jpg\",\"contentUrl\":\"https:\/\/dhg1h5j42swfq.cloudfront.net\/2023\/01\/24145013\/pm-mg-1.jpg\",\"width\":768,\"height\":432,\"caption\":\"concurso pm mg\"},{\"@type\":\"BreadcrumbList\",\"@id\":\"https:\/\/www.estrategiaconcursos.com.br\/blog\/concurso-pm-mg-edital-publicado-soldado\/#breadcrumb\",\"itemListElement\":[{\"@type\":\"ListItem\",\"position\":1,\"name\":\"In\u00edcio\",\"item\":\"https:\/\/www.estrategiaconcursos.com.br\/blog\/\"},{\"@type\":\"ListItem\",\"position\":2,\"name\":\"Edital PM MG tem inscri\u00e7\u00f5es encerradas Soldado; 2.901 vagas!\"}]},{\"@type\":\"WebSite\",\"@id\":\"https:\/\/www.estrategiaconcursos.com.br\/blog\/#website\",\"url\":\"https:\/\/www.estrategiaconcursos.com.br\/blog\/\",\"name\":\"Estrat\u00e9gia Concursos\",\"description\":\"O blog da Estrat\u00e9gia Concursos traz not\u00edcias sobre concursos e artigos de professores oferecendo cursos para concursos (pdf + videaulas) no site.\",\"publisher\":{\"@id\":\"https:\/\/www.estrategiaconcursos.com.br\/blog\/#organization\"},\"potentialAction\":[{\"@type\":\"SearchAction\",\"target\":{\"@type\":\"EntryPoint\",\"urlTemplate\":\"https:\/\/www.estrategiaconcursos.com.br\/blog\/?s={search_term_string}\"},\"query-input\":{\"@type\":\"PropertyValueSpecification\",\"valueRequired\":true,\"valueName\":\"search_term_string\"}}],\"inLanguage\":\"pt-BR\"},{\"@type\":\"Organization\",\"@id\":\"https:\/\/www.estrategiaconcursos.com.br\/blog\/#organization\",\"name\":\"Estrat\u00e9gia Concursos\",\"url\":\"https:\/\/www.estrategiaconcursos.com.br\/blog\/\",\"logo\":{\"@type\":\"ImageObject\",\"inLanguage\":\"pt-BR\",\"@id\":\"https:\/\/www.estrategiaconcursos.com.br\/blog\/#\/schema\/logo\/image\/\",\"url\":\"https:\/\/dhg1h5j42swfq.cloudfront.net\/2025\/06\/03203428\/logo_concursos-1.jpg\",\"contentUrl\":\"https:\/\/dhg1h5j42swfq.cloudfront.net\/2025\/06\/03203428\/logo_concursos-1.jpg\",\"width\":230,\"height\":60,\"caption\":\"Estrat\u00e9gia Concursos\"},\"image\":{\"@id\":\"https:\/\/www.estrategiaconcursos.com.br\/blog\/#\/schema\/logo\/image\/\"},\"sameAs\":[\"https:\/\/x.com\/EstratConcursos\"]},{\"@type\":\"Person\",\"@id\":\"https:\/\/www.estrategiaconcursos.com.br\/blog\/#\/schema\/person\/4970184533d0a3ffa5b0299ae0a2b21f\",\"name\":\"Thiago Cavalcante Gomes\",\"image\":{\"@type\":\"ImageObject\",\"inLanguage\":\"pt-BR\",\"@id\":\"https:\/\/secure.gravatar.com\/avatar\/?s=96&d=mm&r=g\",\"url\":\"https:\/\/secure.gravatar.com\/avatar\/?s=96&d=mm&r=g\",\"contentUrl\":\"https:\/\/secure.gravatar.com\/avatar\/?s=96&d=mm&r=g\",\"caption\":\"Thiago Cavalcante Gomes\"},\"url\":\"https:\/\/www.estrategiaconcursos.com.br\/blog\/author\/thiago-gomes\/\"}]}<\/script>\n<!-- \/ Yoast SEO Premium plugin. -->","yoast_head_json":{"title":"Edital PM MG tem inscri\u00e7\u00f5es encerradas Soldado; 2.901 vagas!","description":"Edital PM MG \u00e9 publicado com 2.901 vagas para Soldado. As oportunidades s\u00e3o de n\u00edvel superior com inicial de R$ 4 mil!","robots":{"index":"index","follow":"follow","max-snippet":"max-snippet:-1","max-image-preview":"max-image-preview:large","max-video-preview":"max-video-preview:-1"},"canonical":"https:\/\/www.estrategiaconcursos.com.br\/blog\/concurso-pm-mg-edital-publicado-soldado\/","og_locale":"pt_BR","og_type":"article","og_title":"Edital PM MG tem inscri\u00e7\u00f5es encerradas Soldado; 2.901 vagas!","og_description":"Edital PM MG \u00e9 publicado com 2.901 vagas para Soldado. As oportunidades s\u00e3o de n\u00edvel superior com inicial de R$ 4 mil!","og_url":"https:\/\/www.estrategiaconcursos.com.br\/blog\/concurso-pm-mg-edital-publicado-soldado\/","og_site_name":"Estrat\u00e9gia Concursos","article_published_time":"2024-02-06T10:37:00+00:00","article_modified_time":"2024-02-07T11:25:05+00:00","og_image":[{"width":768,"height":432,"url":"https:\/\/dhg1h5j42swfq.cloudfront.net\/2023\/01\/24145013\/pm-mg-1.jpg","type":"image\/jpeg"}],"author":"Thiago Cavalcante Gomes","twitter_card":"summary_large_image","twitter_creator":"@EstratConcursos","twitter_site":"@EstratConcursos","twitter_misc":{"Escrito por":"Thiago Cavalcante Gomes","Est. tempo de leitura":"3 minutos"},"schema":{"@context":"https:\/\/schema.org","@graph":[{"@type":"NewsArticle","@id":"https:\/\/www.estrategiaconcursos.com.br\/blog\/concurso-pm-mg-edital-publicado-soldado\/#article","isPartOf":{"@id":"https:\/\/www.estrategiaconcursos.com.br\/blog\/concurso-pm-mg-edital-publicado-soldado\/"},"author":{"name":"Thiago Cavalcante Gomes","@id":"https:\/\/www.estrategiaconcursos.com.br\/blog\/#\/schema\/person\/4970184533d0a3ffa5b0299ae0a2b21f"},"headline":"Edital PM MG tem inscri\u00e7\u00f5es encerradas Soldado; 2.901 vagas!","datePublished":"2024-02-06T10:37:00+00:00","dateModified":"2024-02-07T11:25:05+00:00","mainEntityOfPage":{"@id":"https:\/\/www.estrategiaconcursos.com.br\/blog\/concurso-pm-mg-edital-publicado-soldado\/"},"wordCount":597,"commentCount":0,"publisher":{"@id":"https:\/\/www.estrategiaconcursos.com.br\/blog\/#organization"},"image":{"@id":"https:\/\/www.estrategiaconcursos.com.br\/blog\/concurso-pm-mg-edital-publicado-soldado\/#primaryimage"},"thumbnailUrl":"https:\/\/dhg1h5j42swfq.cloudfront.net\/2023\/01\/24145013\/pm-mg-1.jpg","articleSection":["Policial (PM\/BM - Pra\u00e7as)","\u00daltimas not\u00edcias"],"inLanguage":"pt-BR","potentialAction":[{"@type":"CommentAction","name":"Comment","target":["https:\/\/www.estrategiaconcursos.com.br\/blog\/concurso-pm-mg-edital-publicado-soldado\/#respond"]}],"copyrightYear":"2024","copyrightHolder":{"@id":"https:\/\/www.estrategiaconcursos.com.br\/blog\/#organization"}},{"@type":"WebPage","@id":"https:\/\/www.estrategiaconcursos.com.br\/blog\/concurso-pm-mg-edital-publicado-soldado\/","url":"https:\/\/www.estrategiaconcursos.com.br\/blog\/concurso-pm-mg-edital-publicado-soldado\/","name":"Edital PM MG tem inscri\u00e7\u00f5es encerradas Soldado; 2.901 vagas!","isPartOf":{"@id":"https:\/\/www.estrategiaconcursos.com.br\/blog\/#website"},"primaryImageOfPage":{"@id":"https:\/\/www.estrategiaconcursos.com.br\/blog\/concurso-pm-mg-edital-publicado-soldado\/#primaryimage"},"image":{"@id":"https:\/\/www.estrategiaconcursos.com.br\/blog\/concurso-pm-mg-edital-publicado-soldado\/#primaryimage"},"thumbnailUrl":"https:\/\/dhg1h5j42swfq.cloudfront.net\/2023\/01\/24145013\/pm-mg-1.jpg","datePublished":"2024-02-06T10:37:00+00:00","dateModified":"2024-02-07T11:25:05+00:00","description":"Edital PM MG \u00e9 publicado com 2.901 vagas para Soldado. As oportunidades s\u00e3o de n\u00edvel superior com inicial de R$ 4 mil!","breadcrumb":{"@id":"https:\/\/www.estrategiaconcursos.com.br\/blog\/concurso-pm-mg-edital-publicado-soldado\/#breadcrumb"},"inLanguage":"pt-BR","potentialAction":[{"@type":"ReadAction","target":["https:\/\/www.estrategiaconcursos.com.br\/blog\/concurso-pm-mg-edital-publicado-soldado\/"]}]},{"@type":"ImageObject","inLanguage":"pt-BR","@id":"https:\/\/www.estrategiaconcursos.com.br\/blog\/concurso-pm-mg-edital-publicado-soldado\/#primaryimage","url":"https:\/\/dhg1h5j42swfq.cloudfront.net\/2023\/01\/24145013\/pm-mg-1.jpg","contentUrl":"https:\/\/dhg1h5j42swfq.cloudfront.net\/2023\/01\/24145013\/pm-mg-1.jpg","width":768,"height":432,"caption":"concurso pm mg"},{"@type":"BreadcrumbList","@id":"https:\/\/www.estrategiaconcursos.com.br\/blog\/concurso-pm-mg-edital-publicado-soldado\/#breadcrumb","itemListElement":[{"@type":"ListItem","position":1,"name":"In\u00edcio","item":"https:\/\/www.estrategiaconcursos.com.br\/blog\/"},{"@type":"ListItem","position":2,"name":"Edital PM MG tem inscri\u00e7\u00f5es encerradas Soldado; 2.901 vagas!"}]},{"@type":"WebSite","@id":"https:\/\/www.estrategiaconcursos.com.br\/blog\/#website","url":"https:\/\/www.estrategiaconcursos.com.br\/blog\/","name":"Estrat\u00e9gia Concursos","description":"O blog da Estrat\u00e9gia Concursos traz not\u00edcias sobre concursos e artigos de professores oferecendo cursos para concursos (pdf + videaulas) no site.","publisher":{"@id":"https:\/\/www.estrategiaconcursos.com.br\/blog\/#organization"},"potentialAction":[{"@type":"SearchAction","target":{"@type":"EntryPoint","urlTemplate":"https:\/\/www.estrategiaconcursos.com.br\/blog\/?s={search_term_string}"},"query-input":{"@type":"PropertyValueSpecification","valueRequired":true,"valueName":"search_term_string"}}],"inLanguage":"pt-BR"},{"@type":"Organization","@id":"https:\/\/www.estrategiaconcursos.com.br\/blog\/#organization","name":"Estrat\u00e9gia Concursos","url":"https:\/\/www.estrategiaconcursos.com.br\/blog\/","logo":{"@type":"ImageObject","inLanguage":"pt-BR","@id":"https:\/\/www.estrategiaconcursos.com.br\/blog\/#\/schema\/logo\/image\/","url":"https:\/\/dhg1h5j42swfq.cloudfront.net\/2025\/06\/03203428\/logo_concursos-1.jpg","contentUrl":"https:\/\/dhg1h5j42swfq.cloudfront.net\/2025\/06\/03203428\/logo_concursos-1.jpg","width":230,"height":60,"caption":"Estrat\u00e9gia Concursos"},"image":{"@id":"https:\/\/www.estrategiaconcursos.com.br\/blog\/#\/schema\/logo\/image\/"},"sameAs":["https:\/\/x.com\/EstratConcursos"]},{"@type":"Person","@id":"https:\/\/www.estrategiaconcursos.com.br\/blog\/#\/schema\/person\/4970184533d0a3ffa5b0299ae0a2b21f","name":"Thiago Cavalcante Gomes","image":{"@type":"ImageObject","inLanguage":"pt-BR","@id":"https:\/\/secure.gravatar.com\/avatar\/?s=96&d=mm&r=g","url":"https:\/\/secure.gravatar.com\/avatar\/?s=96&d=mm&r=g","contentUrl":"https:\/\/secure.gravatar.com\/avatar\/?s=96&d=mm&r=g","caption":"Thiago Cavalcante Gomes"},"url":"https:\/\/www.estrategiaconcursos.com.br\/blog\/author\/thiago-gomes\/"}]}},"_links":{"self":[{"href":"https:\/\/www.estrategiaconcursos.com.br\/blog\/wp-json\/wp\/v2\/posts\/1302976","targetHints":{"allow":["GET"]}}],"collection":[{"href":"https:\/\/www.estrategiaconcursos.com.br\/blog\/wp-json\/wp\/v2\/posts"}],"about":[{"href":"https:\/\/www.estrategiaconcursos.com.br\/blog\/wp-json\/wp\/v2\/types\/post"}],"author":[{"embeddable":true,"href":"https:\/\/www.estrategiaconcursos.com.br\/blog\/wp-json\/wp\/v2\/users\/2041"}],"replies":[{"embeddable":true,"href":"https:\/\/www.estrategiaconcursos.com.br\/blog\/wp-json\/wp\/v2\/comments?post=1302976"}],"version-history":[{"count":14,"href":"https:\/\/www.estrategiaconcursos.com.br\/blog\/wp-json\/wp\/v2\/posts\/1302976\/revisions"}],"predecessor-version":[{"id":1348816,"href":"https:\/\/www.estrategiaconcursos.com.br\/blog\/wp-json\/wp\/v2\/posts\/1302976\/revisions\/1348816"}],"wp:featuredmedia":[{"embeddable":true,"href":"https:\/\/www.estrategiaconcursos.com.br\/blog\/wp-json\/wp\/v2\/media\/1158338"}],"wp:attachment":[{"href":"https:\/\/www.estrategiaconcursos.com.br\/blog\/wp-json\/wp\/v2\/media?parent=1302976"}],"wp:term":[{"taxonomy":"category","embeddable":true,"href":"https:\/\/www.estrategiaconcursos.com.br\/blog\/wp-json\/wp\/v2\/categories?post=1302976"},{"taxonomy":"post_tag","embeddable":true,"href":"https:\/\/www.estrategiaconcursos.com.br\/blog\/wp-json\/wp\/v2\/tags?post=1302976"},{"taxonomy":"tax_estado","embeddable":true,"href":"https:\/\/www.estrategiaconcursos.com.br\/blog\/wp-json\/wp\/v2\/tax_estado?post=1302976"}],"curies":[{"name":"wp","href":"https:\/\/api.w.org\/{rel}","templated":true}]}}