{"id":1302249,"date":"2026-04-24T09:43:00","date_gmt":"2026-04-24T12:43:00","guid":{"rendered":"https:\/\/www.estrategiaconcursos.com.br\/blog\/?p=1302249"},"modified":"2026-04-24T09:44:34","modified_gmt":"2026-04-24T12:44:34","slug":"concurso-seduc-pi","status":"publish","type":"post","link":"https:\/\/www.estrategiaconcursos.com.br\/blog\/concurso-seduc-pi\/","title":{"rendered":"Concurso Seduc PI: resultados divulgados!"},"content":{"rendered":"<p><center><a id=\"cta-icon\" href=\"https:\/\/sndflw.com\/i\/seduc-pi-grupo\" target=\"_blank\" style=\"background:#29a61a; display:inline-flex; align-items:center; padding:10px 15px; border-radius:6px; color:#fff; text-decoration:none; font-weight:500; font-size:15px;\"><img decoding=\"async\" src=\"https:\/\/dhg1h5j42swfq.cloudfront.net\/2023\/12\/07154107\/whatsapp_13851.png\" alt=\"\" style=\"width:20px; height:20px; margin-right:8px;\"><span>Acesse agora o Grupo de Estudos para o Concurso SEDUC PI<\/span><\/a><\/center><\/p>\n\n\n\n<p>O concurso para a <a href=\"https:\/\/www.estrategiaconcursos.com.br\/cursosPorConcurso\/secretaria-de-estado-da-educacao-do-piaui-seduc-pi\/\">Secretaria de Educa\u00e7\u00e3o do Estado do Piau\u00ed<\/a> oferta <strong>4.000 vagas<\/strong>, no total, sendo <strong>2.000 imediatas e 2.000 para forma\u00e7\u00e3o de cadastro reserva, para Professor da Educa\u00e7\u00e3o B\u00e1sica.<\/strong><br \/><br \/>O sal\u00e1rio inicial \u00e9 de <strong>R$ 2.492,09 (20h) e R$ 4.984,18 (40h)<\/strong> e, a partir de maio de 2026, ser\u00e1 fixado em R$ 2.625,41 (20h) \/ R$ 5.250,83 (40 h).<\/p>\n\n\n\n<p>A<a href=\"https:\/\/www.estrategiaconcursos.com.br\/blog\/concurso-seduc-pi-provas-sao-novamente-remarcadas\/\" target=\"_blank\" rel=\"noreferrer noopener\">s <strong>provas<\/strong> <\/a>foram aplicadas em <strong>22 de mar\u00e7o<\/strong> e os resultados j\u00e1 est\u00e3o sendo divulgados. Veja os detalhes ao longo do artigo!<\/p>\n\n\n\n<ul class=\"wp-block-list has-electric-grass-gradient-background has-background\">\n<li><strong>Concurso Seduc PI<\/strong><\/li>\n\n\n\n<li><strong>Status:<\/strong> resultados divulgados<\/li>\n\n\n\n<li><strong>Banca: <\/strong>Cebraspe<\/li>\n\n\n\n<li><strong>Vagas:<\/strong> 4 mil<\/li>\n\n\n\n<li><strong>Sal\u00e1rios:<\/strong> R$ 2.492,09 (20h) a R$ 4.984,18 (40h) | R$ 2.625,41 (20h) \/ R$ 5.250,83 (40 h) (a partir de maio de 2026)<\/li>\n\n\n\n<li><strong>Edital<\/strong>: <a href=\"https:\/\/dhg1h5j42swfq.cloudfront.net\/2025\/12\/16222402\/edital-seduc-pi-2025.pdf\" target=\"_blank\" rel=\"noreferrer noopener nofollow\">Seduc PI 2025<\/a> | <a href=\"https:\/\/www.estrategiaconcursos.com.br\/blog\/concurso-seduc-pi-2025-retificado\/\">Retifica\u00e7\u00e3o cronograma<\/a> | <a href=\"https:\/\/cdn.cebraspe.org.br\/concursos\/seduc_pi_25_professor\/arquivos\/BBFEB8AFE602A1BDD9F78DAC225814F790FDAC6CBB760C7436EE23B38916B300.pdf\" target=\"_blank\" rel=\"noreferrer noopener\">Novo calend\u00e1rio<\/a><\/li>\n<\/ul>\n\n\n\n<div class=\"container\" id=\"boxes\">\n  <div class=\"row\">\n\n    <div class=\"col-sm\">\n      <div class=\"banner-estrategia\" id=\"box-assinatura\">\n        <h3 class=\"titulo-assinatura\">Cursos para concursos<\/h3>\n        <p class=\"subtitulo-assinatura\">Conhe\u00e7a os cursos<\/p>\n        <div class=\"box-botao\">\n          <a class=\"btn-assinatura\" target=\"_blank\" href=\"https:\/\/www.estrategiaconcursos.com.br\/cursosPorConcurso\/secretaria-de-estado-da-educacao-do-piaui-seduc-pi\/\" role=\"button\" rel=\"noopener noreferrer\">Conhe\u00e7a mais<\/a>\n        <\/div>\n      <\/div>\n     \n    <\/div>\n\n  <\/div>\n<\/div>\n\n\n\n<p>Para saber mais, leia o artigo completo para saber, na \u00edntegra, \u00e0s caracter\u00edsticas do certame por meio da divis\u00e3o nos t\u00f3picos abaixo: <\/p>\n\n\n\n<ul class=\"wp-block-list\">\n<li><strong><a href=\"#situacao-concurso\">Situa\u00e7\u00e3o atual do concurso<\/a> <\/strong>\n<ul class=\"wp-block-list\">\n<li><strong><a href=\"#vagas\">Cargos e vagas<\/a><\/strong><\/li>\n\n\n\n<li><a href=\"#etapas\"><strong>Etapas e provas<\/strong><\/a><\/li>\n<\/ul>\n<\/li>\n\n\n\n<li><a href=\"#concurso-seduc-pi-temporarios\"><strong>Concurso SEDUC PI Tempor\u00e1rios<\/strong><\/a>\n<ul class=\"wp-block-list\">\n<li><strong><a href=\"#principais-datas\">Resultados<\/a><\/strong><\/li>\n\n\n\n<li><strong><a href=\"#cargos-e-vagas\">Cargos e vagas<\/a><\/strong><\/li>\n\n\n\n<li><strong><a href=\"#renumeracoes\">Remunera\u00e7\u00f5es<\/a><\/strong><\/li>\n\n\n\n<li><strong><a href=\"#etapas-e-provas\">Etapas e provas<\/a><\/strong><\/li>\n<\/ul>\n<\/li>\n\n\n\n<li><a href=\"#carreira\"><strong>Carreira<\/strong><\/a>\n<ul class=\"wp-block-list\">\n<li><strong><a href=\"#atribuicoes\">Atribui\u00e7\u00f5es do cargo<\/a> <\/strong><\/li>\n\n\n\n<li><a href=\"#salario\"><strong>Sal\u00e1rios e Benef\u00edcios<\/strong><\/a><\/li>\n<\/ul>\n<\/li>\n\n\n\n<li><strong><a href=\"https:\/\/www.estrategiaconcursos.com.br\/blog\/wp-admin\/post.php?post=478867&amp;action=edit#cargos-vagas\">\u00daltimo concurso<\/a><\/strong><\/li>\n\n\n\n<li><strong><a href=\"#assinatura-e-cursos\">Cursos e assinatura<\/a><\/strong><\/li>\n\n\n\n<li><strong><a href=\"#ficha-tecnica\">Ficha T\u00e9cnica<\/a><\/strong><\/li>\n<\/ul>\n\n\n\n<h2 class=\"wp-block-heading\" id=\"situacao-concurso\">Concurso Seduc PI Efetivos: situa\u00e7\u00e3o atual<\/h2>\n\n\n\n<ul class=\"wp-block-list\">\n<li>24 de abril de 2026: <a href=\"https:\/\/dhg1h5j42swfq.cloudfront.net\/2026\/03\/24094305\/17515d22c4601e457b51d63e140c279138e2a250ce1b8dcfc510bc06bf599653.pdf\" target=\"_blank\" rel=\"noreferrer noopener\">resultado final da objetiva e preliminar da prova discursiva<\/a><\/li>\n<\/ul>\n\n\n\n<h3 class=\"wp-block-heading\" id=\"cargos\">Cargos e vagas do concurso Seduc PI<\/h3>\n\n\n\n<ul class=\"wp-block-list\">\n<li><strong>Professor da Educa\u00e7\u00e3o B\u00e1sica<\/strong>\n<ul class=\"wp-block-list\">\n<li>Arte<\/li>\n\n\n\n<li>Biologia<\/li>\n\n\n\n<li>Educa\u00e7\u00e3o F\u00edsica<\/li>\n\n\n\n<li>Espanhol<\/li>\n\n\n\n<li>Filosofia<\/li>\n\n\n\n<li>F\u00edsica<\/li>\n\n\n\n<li>Geografia<\/li>\n\n\n\n<li>Hist\u00f3ria<\/li>\n\n\n\n<li>Inform\u00e1tica<\/li>\n\n\n\n<li>Ingl\u00eas<\/li>\n\n\n\n<li>Matem\u00e1tica<\/li>\n\n\n\n<li>Portugu\u00eas<\/li>\n\n\n\n<li>Qu\u00edmica<\/li>\n\n\n\n<li>Sociologia<\/li>\n<\/ul>\n<\/li>\n<\/ul>\n\n\n\n<p>Sal\u00e1rios: <strong>R$ 2.492,09 (20h) e R$ 4.984,18 (40h) e, a partir de maio de 2026, ser\u00e1 de R$ 2.625,41 (20h) \/ R$ 5.250,83 (40 h).<\/strong><\/p>\n\n\n\n<ul class=\"wp-block-list\">\n<li class=\"has-medium-font-size\"><a href=\"https:\/\/dhg1h5j42swfq.cloudfront.net\/2025\/12\/16223727\/cargos-e-vagas.pdf\" target=\"_blank\" rel=\"noreferrer noopener nofollow\">Detalhes das vagas e cargos<\/a>.<\/li>\n<\/ul>\n\n\n\n<h3 class=\"wp-block-heading\" id=\"etapas\">Etapas e provas<\/h3>\n\n\n\n<p>O presente edital ter\u00e1 as seguintes etapas:<\/p>\n\n\n\n<ul class=\"wp-block-list\">\n<li><strong>Prova objetiva<\/strong>, de car\u00e1ter eliminat\u00f3rio e classificat\u00f3rio;<\/li>\n\n\n\n<li><strong>Prova discursiva<\/strong>, de car\u00e1ter eliminat\u00f3rio e classificat\u00f3rio;<\/li>\n\n\n\n<li><strong>Prova did\u00e1tica<\/strong>, de car\u00e1ter eliminat\u00f3rio e classificat\u00f3rio; e<\/li>\n\n\n\n<li><strong>Avalia\u00e7\u00e3o de t\u00edtulos<\/strong>, de car\u00e1ter classificat\u00f3rio.<\/li>\n<\/ul>\n\n\n\n<h4 class=\"wp-block-heading\" id=\"objetiva\">Provas Objetivas<\/h4>\n\n\n\n<p>A prova objetiva, de car\u00e1ter eliminat\u00f3rio e classificat\u00f3rio, ter\u00e1 dura\u00e7\u00e3o de 4h30, contando com 50 quest\u00f5es e 5 alternativas de resposta:<\/p>\n\n\n\n<ul class=\"wp-block-list\">\n<li><strong>Professor<\/strong>\n<ul class=\"wp-block-list\">\n<li>L\u00edngua Portuguesa<\/li>\n\n\n\n<li>Racioc\u00ednio L\u00f3gico e Matem\u00e1tico<\/li>\n\n\n\n<li>Conhecimentos Regionais do Estado do Piau\u00ed; e<\/li>\n\n\n\n<li>Conhecimentos Espec\u00edficos da Fun\u00e7\u00e3o.<\/li>\n<\/ul>\n<\/li>\n<\/ul>\n\n\n\n<p>Ser\u00e1 reprovado nas provas objetivas e eliminado do concurso p\u00fablico o candidato que obtiver nota inferior a 5,00 pontos na nota final nas provas objetivas.<\/p>\n\n\n\n<h3 class=\"wp-block-heading\" id=\"h-prova-discursiva\">Prova Discursiva<\/h3>\n\n\n\n<p>A prova discursiva valer\u00e1 10,00 pontos e consistir\u00e1 da reda\u00e7\u00e3o de texto dissertativo, de at\u00e9 20 linhas, a respeito de temas relacionados a conhecimentos espec\u00edficos de cada cargo\/disciplina.<\/p>\n\n\n\n<p>A etapa do edital Seduc PI ser\u00e1 corrigida conforme os crit\u00e9rios a seguir:<\/p>\n\n\n\n<ul class=\"wp-block-list\">\n<li>a apresenta\u00e7\u00e3o e a estrutura textuais e o desenvolvimento do tema totalizar\u00e3o a nota relativa ao dom\u00ednio do conte\u00fado (NC), cuja pontua\u00e7\u00e3o m\u00e1xima ser\u00e1 limitada ao valor de 10,00 pontos;<\/li>\n\n\n\n<li>a avalia\u00e7\u00e3o do dom\u00ednio da modalidade escrita totalizar\u00e1 o n\u00famero de erros (NE) do candidato, considerando-se aspectos de natureza gramatical, tais como: grafia, morfossintaxe e propriedade vocabular;<\/li>\n\n\n\n<li>ser\u00e1 desconsiderado, para efeito de avalia\u00e7\u00e3o, qualquer fragmento de texto que for escrito fora do local apropriado ou ultrapassar o n\u00famero m\u00e1ximo de linhas estabelecido;<\/li>\n\n\n\n<li>ser\u00e1 calculada, ent\u00e3o, a nota na prova discursiva (NPD), por meio da f\u00f3rmula NPD = NC \u2013 2 \u00d7 NE \u00f7 TL, em que TL corresponde ao n\u00famero de linhas efetivamente escritas pelo(a) candidato(a) na quest\u00e3o;<\/li>\n\n\n\n<li>ser\u00e1 atribu\u00edda nota zero ao texto que obtiver NPD &lt; 0,00 ponto;<\/li>\n\n\n\n<li>nos casos de fuga ao tema ou de n\u00e3o haver texto, o candidato receber\u00e1 nota igual a zero na respectiva quest\u00e3o.<\/li>\n<\/ul>\n\n\n\n<h3 class=\"wp-block-heading\" id=\"h-prova-didatica\">Prova Did\u00e1tica<\/h3>\n\n\n\n<p>A prova did\u00e1tica, de car\u00e1ter eliminat\u00f3rio e classificat\u00f3rio, valer\u00e1 10,00 pontos e consistir\u00e1 de:<\/p>\n\n\n\n<ul class=\"wp-block-list\">\n<li>elabora\u00e7\u00e3o e envio de um plano de aula, no valor de 2,00 pontos;<\/li>\n\n\n\n<li>apresenta\u00e7\u00e3o de uma aula pr\u00e1tica, pessoalmente, com a finalidade de verificar os conhecimentos pedag\u00f3gicos e o desempenho did\u00e1tico do candidato, no valor de 8,00 pontos, referente a tema espec\u00edfico do cargo\/disciplina (componente curricular), a ser divulgado no respectivo edital de convoca\u00e7\u00e3o para prova did\u00e1tica, com dura\u00e7\u00e3o m\u00ednima de 15 minutos e m\u00e1xima de 30 minutos, sendo disponibilizado, no m\u00e1ximo, cinco minutos para que organize a sala para a aula pr\u00e1tica, n\u00e3o podendo o somat\u00f3rio das duas etapas (aula + organiza\u00e7\u00e3o da sala) ultrapassar 30 minutos.<\/li>\n<\/ul>\n\n\n\n<p>A aula pr\u00e1tica ser\u00e1 avaliada na escala de 0 (zero) a 10,00 pontos, sendo a nota dessa aula expressa com duas casas decimais e efetuada a avalia\u00e7\u00e3o conforme os crit\u00e9rios estabelecidos no edital de convoca\u00e7\u00e3o para a referida prova did\u00e1tica.<\/p>\n\n\n\n<h3 class=\"wp-block-heading\" id=\"h-prova-de-titulos\">Prova de T\u00edtulos<\/h3>\n\n\n\n<p>A avalia\u00e7\u00e3o de t\u00edtulos valer\u00e1 1,00 ponto, ainda que a soma dos valores dos t\u00edtulos enviados seja superior a esse valor.<\/p>\n\n\n\n<figure class=\"wp-block-image aligncenter size-full\"><img loading=\"lazy\" decoding=\"async\" width=\"607\" height=\"353\" src=\"https:\/\/dhg1h5j42swfq.cloudfront.net\/2025\/12\/16224423\/image-170.png\" alt=\"edital seduc pi avalia\u00e7\u00e3o de t\u00edtulos\" class=\"wp-image-1687024\" srcset=\"https:\/\/dhg1h5j42swfq.cloudfront.net\/2025\/12\/16224423\/image-170.png 607w, https:\/\/dhg1h5j42swfq.cloudfront.net\/2025\/12\/16224423\/image-170-300x174.png 300w, https:\/\/dhg1h5j42swfq.cloudfront.net\/2025\/12\/16224423\/image-170-150x87.png 150w\" sizes=\"auto, (max-width: 607px) 100vw, 607px\" \/><\/figure>\n\n\n\n<h2 class=\"wp-block-heading\" id=\"datas\">Situa\u00e7\u00e3o atual do concurso SEDUC PI Tempor\u00e1rios<\/h2>\n\n\n\n<h3 class=\"wp-block-heading\" id=\"h-resultados\">Resultados<\/h3>\n\n\n\n<ul class=\"wp-block-list\">\n<li><a href=\"https:\/\/dhg1h5j42swfq.cloudfront.net\/2025\/12\/17085206\/27-editais-09-12-2025-13-28-29.pdf\" target=\"_blank\" rel=\"noreferrer noopener\">Resultado final;<\/a><\/li>\n\n\n\n<li><a href=\"https:\/\/nucepe.uespi.br\/downloads\/2025_seduc_edital_40\/Resultado_Prova_objetiva_Ampla.pdf\">Prova Objetiva<\/a>;<\/li>\n\n\n\n<li><a href=\"https:\/\/nucepe.uespi.br\/downloads\/2025_seduc_edital_40\/relatorio-amplaConcorrencia-titulos.pdf\">Resultado preliminar de t\u00edtulos<\/a>.<\/li>\n<\/ul>\n\n\n\n<h3 class=\"wp-block-heading\" id=\"cargos-vagas\">Cargos e vagas <\/h3>\n\n\n\n<p>As oportunidades s\u00e3o para forma\u00e7\u00e3o de cadastro de reserva para os seguints cargos: <\/p>\n\n\n\n<ul class=\"wp-block-list\">\n<li>Professor Substituto \u2013 20h (n\u00edvel superior completo) &#8211; CR;<\/li>\n\n\n\n<li>*Professor Substituto \u2013 20h (n\u00edvel superior incompleto) &#8211; CR;<\/li>\n\n\n\n<li>T\u00e9cnico de N\u00edvel Superior: Direito &#8211; CR;<\/li>\n\n\n\n<li>T\u00e9cnico de N\u00edvel Superior: Contador &#8211; CR;<\/li>\n\n\n\n<li>T\u00e9cnico de N\u00edvel Superior: Administrador &#8211; CR;<\/li>\n\n\n\n<li>T\u00e9cnico de N\u00edvel Superior: Psic\u00f3logo &#8211; CR;<\/li>\n\n\n\n<li>T\u00e9cnico de N\u00edvel Superior: Assistente Social &#8211; CR;<\/li>\n\n\n\n<li>T\u00e9cnico de N\u00edvel Superior: Bibliotec\u00e1rio &#8211; CR;<\/li>\n\n\n\n<li>T\u00e9cnico de N\u00edvel Superior: Psicopedagogo &#8211; CR;<\/li>\n\n\n\n<li>T\u00e9cnico de N\u00edvel Superior: Nutricionista &#8211; CR;<\/li>\n\n\n\n<li>T\u00e9cnico de N\u00edvel Superior: Fonoaudi\u00f3logo &#8211; CR;<\/li>\n\n\n\n<li>T\u00e9cnico de N\u00edvel Superior: Fisioterapeuta &#8211; CR;<\/li>\n\n\n\n<li>T\u00e9cnico de N\u00edvel Superior: Terapeuta Ocupacional &#8211; CR;<\/li>\n\n\n\n<li>T\u00e9cnico de N\u00edvel Superior: Musicoterapeuta &#8211; CR;<\/li>\n\n\n\n<li>T\u00e9cnico de N\u00edvel Superior: Musicografista Braile &#8211; CR;<\/li>\n\n\n\n<li>T\u00e9cnico de N\u00edvel Superior: Psicomotricista &#8211; CR;<\/li>\n\n\n\n<li>T\u00e9cnico de N\u00edvel Superior: Int\u00e9rprete de Libras &#8211; CR;<\/li>\n\n\n\n<li>T\u00e9cnico de N\u00edvel Superior: Instrutor de Libras &#8211; CR;<\/li>\n\n\n\n<li>Engenheiro Civil &#8211; CR;<\/li>\n\n\n\n<li>Engenheiro Eletricista &#8211; CR;<\/li>\n\n\n\n<li>Engenheiro Agr\u00f4nomo &#8211; CR;<\/li>\n\n\n\n<li>Engenheiro Agrimensor &#8211; CR;<\/li>\n\n\n\n<li>T\u00e9cnico Ambiental &#8211; CR;<\/li>\n\n\n\n<li>Arquiteto &#8211; CR;<\/li>\n\n\n\n<li>Estat\u00edstico\/Analista de Dados\/Cientista de Dados &#8211; CR;<\/li>\n\n\n\n<li>T\u00e9cnico de N\u00edvel M\u00e9dio: Int\u00e9rprete de Libras &#8211; CR;<\/li>\n\n\n\n<li>T\u00e9cnico de N\u00edvel M\u00e9dio: Instrutor de Libras &#8211; CR;<\/li>\n\n\n\n<li>Profissional de Apoio (Escolas) &#8211; CR;<\/li>\n\n\n\n<li>Cadista &#8211; CR; e<\/li>\n\n\n\n<li>Eletrot\u00e9cnico -CR.<\/li>\n<\/ul>\n\n\n\n<p class=\"has-text-align-center\">Confira os <a href=\"https:\/\/dhg1h5j42swfq.cloudfront.net\/2025\/08\/12093802\/edital-concurso-seduc-pi-temporarios-requisitos-e-atribuicoes.pdf\" target=\"_blank\" rel=\"noreferrer noopener\">requisitos m\u00ednimos e as atribui\u00e7\u00f5es para concorrer a uma das vagas<\/a>!<\/p>\n\n\n\n<p>Veja tamb\u00e9m as regi\u00f5es que ser\u00e3o contempladas:<\/p>\n\n\n\n<ul class=\"wp-block-list\">\n<li><a href=\"https:\/\/dhg1h5j42swfq.cloudfront.net\/2025\/08\/12094813\/concurso-seduc-pi-localidades-contempladas-no-edital-1.pdf\" target=\"_blank\" rel=\"noreferrer noopener\">Localidades<\/a>.<\/li>\n<\/ul>\n\n\n\n<h3 class=\"wp-block-heading\" id=\"h-remuneracoes\">Remunera\u00e7\u00f5es <\/h3>\n\n\n\n<ul class=\"wp-block-list\">\n<li>Professor Substituto \u2013 20h (n\u00edvel superior completo) &#8211; R$ 2.075,77;<\/li>\n\n\n\n<li>*Professor Substituto \u2013 20h (n\u00edvel superior incompleto) &#8211; R$ 1.722,38;<\/li>\n\n\n\n<li>T\u00e9cnico de N\u00edvel Superior: Direito &#8211; R$ 3.500,00;<\/li>\n\n\n\n<li>T\u00e9cnico de N\u00edvel Superior: Contador &#8211; R$ 2.495,20;<\/li>\n\n\n\n<li>T\u00e9cnico de N\u00edvel Superior: Administrador &#8211; R$ 2.495,20;<\/li>\n\n\n\n<li>T\u00e9cnico de N\u00edvel Superior: Psic\u00f3logo &#8211; R$ 2.495,20;<\/li>\n\n\n\n<li>T\u00e9cnico de N\u00edvel Superior: Assistente Social &#8211; R$ 2.495,20;<\/li>\n\n\n\n<li>T\u00e9cnico de N\u00edvel Superior: Bibliotec\u00e1rio &#8211; R$ 2.495,20;<\/li>\n\n\n\n<li>T\u00e9cnico de N\u00edvel Superior: Psicopedagogo &#8211; R$ 2.495,20;<\/li>\n\n\n\n<li>T\u00e9cnico de N\u00edvel Superior: Nutricionista &#8211; R$ 2.495,20;<\/li>\n\n\n\n<li>T\u00e9cnico de N\u00edvel Superior: Fonoaudi\u00f3logo &#8211; R$ 2.495,20;<\/li>\n\n\n\n<li>T\u00e9cnico de N\u00edvel Superior: Fisioterapeuta &#8211; R$ 2.495,20;<\/li>\n\n\n\n<li>T\u00e9cnico de N\u00edvel Superior: Terapeuta Ocupacional &#8211; R$ 2.495,20;<\/li>\n\n\n\n<li>T\u00e9cnico de N\u00edvel Superior: Musicoterapeuta &#8211; R$ 2.495,20;<\/li>\n\n\n\n<li>T\u00e9cnico de N\u00edvel Superior: Musicografista Braile &#8211; R$ 2.495,20;<\/li>\n\n\n\n<li>T\u00e9cnico de N\u00edvel Superior: Psicomotricista &#8211; R$ 2.495,20;<\/li>\n\n\n\n<li>T\u00e9cnico de N\u00edvel Superior: Int\u00e9rprete de Libras &#8211; R$ 2.495,20;<\/li>\n\n\n\n<li>T\u00e9cnico de N\u00edvel Superior: Instrutor de Libras &#8211; R$ 2.495,20;<\/li>\n\n\n\n<li>Engenheiro Civil &#8211; R$ 3.700,00;<\/li>\n\n\n\n<li>Engenheiro Eletricista &#8211; R$ 3.700,00;<\/li>\n\n\n\n<li>Engenheiro Agr\u00f4nomo &#8211; R$ 3.700,00;<\/li>\n\n\n\n<li>Engenheiro Agrimensor &#8211; R$ 3.700,00;<\/li>\n\n\n\n<li>T\u00e9cnico Ambiental &#8211; R$ 3.700,00;<\/li>\n\n\n\n<li>Arquiteto &#8211; R$ 3.700,00;<\/li>\n\n\n\n<li>Estat\u00edstico\/Analista de Dados\/Cientista de Dados &#8211; R$ 2.495,20;<\/li>\n\n\n\n<li>T\u00e9cnico de N\u00edvel M\u00e9dio: Int\u00e9rprete de Libras &#8211; R$ 1.518,00;<\/li>\n\n\n\n<li>T\u00e9cnico de N\u00edvel M\u00e9dio: Instrutor de Libras &#8211; R$ 1.518,00;<\/li>\n\n\n\n<li>Profissional de Apoio (Escolas) &#8211; R$ 1.518,00;<\/li>\n\n\n\n<li>Cadista &#8211; R$ 2.000,00;<\/li>\n\n\n\n<li>Eletrot\u00e9cnico &#8211; R$ 2.000,00.<\/li>\n<\/ul>\n\n\n\n<h3 class=\"wp-block-heading\" id=\"etapas\">Etapas e provas <\/h3>\n\n\n\n<p>O presente Processo Seletivo  ter\u00e1 as seguintes etapas:<\/p>\n\n\n\n<ul class=\"wp-block-list\">\n<li>Primeira Etapa &#8211; para todas as fun\u00e7\u00f5es: Prova Escrita Objetiva de M\u00faltipla Escolha, tendo car\u00e1ter eliminat\u00f3rio e classificat\u00f3rio,<\/li>\n\n\n\n<li>Segunda Etapa &#8211; para todas as fun\u00e7\u00f5es: Prova de T\u00edtulos, tendo car\u00e1ter classificat\u00f3rio;<\/li>\n\n\n\n<li>Terceira Etapa &#8211; para todos os candidatos concorrentes das cotas reservadas (PCD), tendo car\u00e1ter somente habilitat\u00f3rio; e<\/li>\n\n\n\n<li>Quarta Etapa &#8211; para todos os candidatos concorrentes das cotas reservadas (PNP), tendo car\u00e1ter somente habilitat\u00f3rio.<\/li>\n<\/ul>\n\n\n\n<h4 class=\"wp-block-heading\" id=\"objetiva\">Provas Objetivas<\/h4>\n\n\n\n<p>A Primeira Etapa, de car\u00e1ter eliminat\u00f3rio e classificat\u00f3rio, com dura\u00e7\u00e3o de 4h, consistiu de uma Prova Objetiva do tipo m\u00faltipla escolha, com 05 alternativas, e uma \u00fanica resposta correta, contendo 40 (quarenta) quest\u00f5es, totalizando 60 pontos. Foram cobradas quest\u00f5es de:<\/p>\n\n\n\n<ul class=\"wp-block-list\">\n<li><strong>Professor <\/strong>(exceto l\u00edngua portuguesa)\n<ul class=\"wp-block-list\">\n<li>Conhecimentos Pedag\u00f3gicos e Legisla\u00e7\u00e3o Educacional;<\/li>\n\n\n\n<li>L\u00edngua Portuguesa;<\/li>\n\n\n\n<li>Tecnologia da Informa\u00e7\u00e3o e Comunica\u00e7\u00e3o;<\/li>\n\n\n\n<li>Conhecimentos Regionais do Estado do Piau\u00ed; e<\/li>\n\n\n\n<li>Espec\u00edfica da Fun\u00e7\u00e3o.<\/li>\n<\/ul>\n<\/li>\n\n\n\n<li><strong>Professor <\/strong>(l\u00edngua portuguesa)\n<ul class=\"wp-block-list\">\n<li>Conhecimentos Pedag\u00f3gicos e Legisla\u00e7\u00e3o Educacional;<\/li>\n\n\n\n<li>Tecnologia da Informa\u00e7\u00e3o e Comunica\u00e7\u00e3o;<\/li>\n\n\n\n<li>Conhecimentos Regionais do Estado do Piau\u00ed; e<\/li>\n\n\n\n<li>Espec\u00edfica da Fun\u00e7\u00e3o.<\/li>\n<\/ul>\n<\/li>\n\n\n\n<li><strong>Inform\u00e1tica<\/strong>\n<ul class=\"wp-block-list\">\n<li>L\u00edngua Portuguesa; <\/li>\n\n\n\n<li>Matem\u00e1tica;<\/li>\n\n\n\n<li>Conhecimentos Regionais do Estado do Piau\u00ed;<\/li>\n\n\n\n<li>Espec\u00edfica da Fun\u00e7\u00e3o.<\/li>\n<\/ul>\n<\/li>\n\n\n\n<li><strong>Demais cargos<\/strong>\n<ul class=\"wp-block-list\">\n<li>L\u00edngua Portuguesa;<\/li>\n\n\n\n<li>Tecnologia da Informa\u00e7\u00e3o e Comunica\u00e7\u00e3o;<\/li>\n\n\n\n<li>Conhecimentos Regionais do Estado do Piau\u00ed;<\/li>\n\n\n\n<li>Espec\u00edfica da Fun\u00e7\u00e3o.<\/li>\n<\/ul>\n<\/li>\n\n\n\n<li><strong>Professor Polival\u00eancia<\/strong>\n<ul class=\"wp-block-list\">\n<li>Conhecimentos Pedag\u00f3gicos e Legisla\u00e7\u00e3o Educacional;<\/li>\n\n\n\n<li>Tecnologia da Informa\u00e7\u00e3o e Comunica\u00e7\u00e3o;<\/li>\n\n\n\n<li>Conhecimentos Regionais do Estado do Piau\u00ed;<\/li>\n\n\n\n<li>Espec\u00edfica da Fun\u00e7\u00e3o.<\/li>\n<\/ul>\n<\/li>\n<\/ul>\n\n\n\n<h3 class=\"wp-block-heading\" id=\"h-prova-de-titulos-0\">Prova de T\u00edtulos <\/h3>\n\n\n\n<p>A Prova de T\u00edtulos teve car\u00e1ter classificat\u00f3rio:<\/p>\n\n\n\n<figure class=\"wp-block-image size-large\"><img loading=\"lazy\" decoding=\"async\" width=\"1024\" height=\"837\" src=\"https:\/\/dhg1h5j42swfq.cloudfront.net\/2025\/09\/17191826\/captura-de-tela-2025-09-17-as-19-18-13-1024x837.png\" alt=\"\" class=\"wp-image-1640879\" srcset=\"https:\/\/dhg1h5j42swfq.cloudfront.net\/2025\/09\/17191826\/captura-de-tela-2025-09-17-as-19-18-13-1024x837.png 1024w, https:\/\/dhg1h5j42swfq.cloudfront.net\/2025\/09\/17191826\/captura-de-tela-2025-09-17-as-19-18-13-300x245.png 300w, https:\/\/dhg1h5j42swfq.cloudfront.net\/2025\/09\/17191826\/captura-de-tela-2025-09-17-as-19-18-13-768x627.png 768w, https:\/\/dhg1h5j42swfq.cloudfront.net\/2025\/09\/17191826\/captura-de-tela-2025-09-17-as-19-18-13-150x123.png 150w, https:\/\/dhg1h5j42swfq.cloudfront.net\/2025\/09\/17191826\/captura-de-tela-2025-09-17-as-19-18-13.png 1268w\" sizes=\"auto, (max-width: 1024px) 100vw, 1024px\" \/><\/figure>\n\n\n\n<h2 class=\"wp-block-heading\" id=\"carreira\">Carreira na SEDUC PI<\/h2>\n\n\n\n<h3 class=\"wp-block-heading\" id=\"atribuicoes\">Atribui\u00e7\u00f5es <\/h3>\n\n\n\n<p>Compete aos servidores da Secretaria de Educa\u00e7\u00e3o do Piau\u00ed: <\/p>\n\n\n\n<ul class=\"wp-block-list\">\n<li>I \u2013 PROFESSOR CLASSE \u201cSL\u201d<\/li>\n\n\n\n<li>Exercer as fun\u00e7\u00f5es docentes e de outras correlatas que lhe forem atribu\u00eddas, dentro dos planos de trabalho e programas do Sistema Estadual de Ensino, onde esteja servindo, na Educa\u00e7\u00e3o B\u00e1sica, nos termos do art. 62, Inciso III, do art. 63 e art. 64 da Lei Federal no 9.394, de 20 de dezembro de 1996 e Lei Complementar no 71, de 26 de julho de 2006.<\/li>\n\n\n\n<li>II \u2013 AGENTE SUPERIOR DE SERVI\u00c7OS <\/li>\n\n\n\n<li>Realizar atividades de car\u00e1ter t\u00e9cnico-administrativo, de n\u00edvel superior, em conformidade com habilidades espec\u00edficas, concernentes ao exerc\u00edcio das compet\u00eancias constitucionais e legais da Administra\u00e7\u00e3o P\u00fablica e \u00e0 execu\u00e7\u00e3o de pol\u00edticas p\u00fablicas setoriais, conforme diretrizes previstas na Lei no 11.947\/2009 e Resolu\u00e7\u00f5es CD\/FNDE no 26 de 17 de junho de 2013 e CFN no 465 de 25 de agosto de 2010.<\/li>\n<\/ul>\n\n\n\n<h3 class=\"wp-block-heading\" id=\"sal\u00e1rio\">Sal\u00e1rios e benef\u00edcios<\/h3>\n\n\n\n<p>Conforme o novo piso salarial, professores da Seduc PI recebem inicialmente o valor de R$ 4.420,55 mensais, para uma jornada de 40 horas semanais.<\/p>\n\n\n\n<p>Al\u00e9m do cargo de professor, a Seduc PI conta com os seguintes cargos:<\/p>\n\n\n\n<ul class=\"wp-block-list\">\n<li>Orientador Educacional;<\/li>\n\n\n\n<li>Professor;<\/li>\n\n\n\n<li>Supervisor Pedag\u00f3gico;<\/li>\n\n\n\n<li>T\u00e9cnico em Gest\u00e3o Educacional.<\/li>\n<\/ul>\n\n\n\n<h2 class=\"wp-block-heading\" id=\"situacao-concurso\">\u00daltimo concurso SEDUC PI<\/h2>\n\n\n\n<p>O edital do \u00faltimo concurso SEDUC PI&nbsp;foi publicado em 2014. A sele\u00e7\u00e3o ofertou 3 mil vagas para professores e agente superior de servi\u00e7os \u2013 especialidade nutricionista.<\/p>\n\n\n\n<p>Veja na tabela abaixo a distribui\u00e7\u00e3o das vagas:<\/p>\n\n\n\n<figure class=\"wp-block-table is-style-stripes\"><table><thead><tr><th>Cargos<\/th><th>Vagas<\/th><th>Requisitos<\/th><th>Remunera\u00e7\u00e3o<\/th><\/tr><\/thead><tbody><tr><td>Professor<\/td><td>2.965<\/td><td>licenciatura plena na \u00e1rea de atua\u00e7\u00e3o<\/td><td>R$ 1.076,14<\/td><\/tr><tr><td>Agente superior de servi\u00e7os \u2013 especialidade nutricionista<\/td><td>35<\/td><td>n\u00edvel superior em nutri\u00e7\u00e3o<\/td><td>R$ 1.070,43<\/td><\/tr><\/tbody><\/table><figcaption class=\"wp-element-caption\">Vagas \u00faltimo edital Seduc PI<\/figcaption><\/figure>\n\n\n\n<p>As 2.965 vagas da carreira de professor se dividiram entre as seguintes especialidades:<\/p>\n\n\n\n<ul class=\"wp-block-list\">\n<li>F\u00edsica;<\/li>\n\n\n\n<li>Qu\u00edmica;<\/li>\n\n\n\n<li>Biologia;<\/li>\n\n\n\n<li>Hist\u00f3ria;<\/li>\n\n\n\n<li>Letras portugu\u00eas;<\/li>\n\n\n\n<li>Letras ingl\u00eas;<\/li>\n\n\n\n<li>Letras espanhol;<\/li>\n\n\n\n<li>Matem\u00e1tica;<\/li>\n\n\n\n<li>Geografia;<\/li>\n\n\n\n<li>Artes;<\/li>\n\n\n\n<li>Educa\u00e7\u00e3o f\u00edsica;<\/li>\n\n\n\n<li>Filosofia;<\/li>\n\n\n\n<li>Sociologia;<\/li>\n\n\n\n<li>Ensino religioso;<\/li>\n\n\n\n<li>Inform\u00e1tica.<\/li>\n<\/ul>\n\n\n\n<p>O concurso SEDUC PI foi dividido nas seguintes etapas:<\/p>\n\n\n\n<ul class=\"wp-block-list\">\n<li><strong>Prova Objetiva: <\/strong>car\u00e1ter eliminat\u00f3rio e classificat\u00f3rio; <\/li>\n\n\n\n<li><strong>Avalia\u00e7\u00e3o de T\u00edtulos<\/strong>: car\u00e1ter somente classificat\u00f3rio.<\/li>\n<\/ul>\n\n\n\n<p>Os candidatos foram avaliados por meio das seguintes disciplinas:<\/p>\n\n\n\n<figure class=\"wp-block-table is-style-stripes\"><table><thead><tr><th>Disciplinas<\/th><th>N\u00famero de quest\u00f5es<\/th><\/tr><\/thead><tbody><tr><td><strong>Professor classe \u201cSL\u201d na \u00e1rea de letras portugu\u00eas<\/strong><\/td><td><\/td><\/tr><tr><td>Did\u00e1tica e fundamentos legais e te\u00f3ricos da educa\u00e7\u00e3o<\/td><td>20<\/td><\/tr><tr><td>Conhecimentos espec\u00edficos<\/td><td>40<\/td><\/tr><tr><td><strong>Professor classe \u201cSL\u201d nas demais \u00e1reas<\/strong><\/td><td><\/td><\/tr><tr><td>L\u00edngua portuguesa<\/td><td>10<\/td><\/tr><tr><td>Did\u00e1tica e fundamentos legais e te\u00f3ricos da educa\u00e7\u00e3o<\/td><td>20<\/td><\/tr><tr><td>Conhecimentos espec\u00edficos<\/td><td>30<\/td><\/tr><tr><td><strong>Agente superior de servi\u00e7os \u2013 especialidade nutricionista<\/strong><\/td><td><\/td><\/tr><tr><td>L\u00edngua portuguesa<\/td><td>15<\/td><\/tr><tr><td>No\u00e7\u00f5es de inform\u00e1tica<\/td><td>10<\/td><\/tr><tr><td>Conhecimentos espec\u00edficos<\/td><td>35<\/td><\/tr><\/tbody><\/table><\/figure>\n\n\n\n<p><\/p>\n\n\n\n<p>De acordo com o edital, os candidatos aprovados no concurso p\u00fabico da&nbsp;<strong>Secretaria de Estado da Educa\u00e7\u00e3o do Piau\u00ed&nbsp;<\/strong>foram lotados nos munic\u00edpios descritos abaixo:<\/p>\n\n\n\n<ul class=\"wp-block-list\">\n<li>Parna\u00edba;<\/li>\n\n\n\n<li>Barras;<\/li>\n\n\n\n<li>Piripiri;<\/li>\n\n\n\n<li>Campo Maior;<\/li>\n\n\n\n<li>Regenera\u00e7\u00e3o;<\/li>\n\n\n\n<li>Valen\u00e7a do Piau\u00ed;<\/li>\n\n\n\n<li>Oeiras;<\/li>\n\n\n\n<li>Picos;<\/li>\n\n\n\n<li>Floriano;<\/li>\n\n\n\n<li>Uru\u00e7u\u00ed;<\/li>\n\n\n\n<li>S\u00e3o Jo\u00e3o do Piau\u00ed;<\/li>\n\n\n\n<li>S\u00e3o Raimundo Nonato;<\/li>\n\n\n\n<li>Bom Jesus;<\/li>\n\n\n\n<li>Corrente;<\/li>\n\n\n\n<li>Fronteiras;<\/li>\n\n\n\n<li>Paulistana;<\/li>\n\n\n\n<li>Teresina.<\/li>\n<\/ul>\n\n\n\n<p>A avalia\u00e7\u00e3o de t\u00edtulos do concurso SEDUC PI valeu at\u00e9 3 pontos, ainda que a soma dos valores dos t\u00edtulos apresentados fosse superior a esse valor. Os crit\u00e9rios adotados foram os seguintes: <\/p>\n\n\n\n<figure class=\"wp-block-table is-style-stripes\"><table class=\"has-white-background-color has-background has-fixed-layout\"><tbody><tr><td class=\"has-text-align-center\" data-align=\"center\"><strong>T\u00edtulo<\/strong><\/td><td class=\"has-text-align-center\" data-align=\"center\"><strong>Pontua\u00e7\u00e3o por t\u00edtulo<\/strong><\/td><td class=\"has-text-align-center\" data-align=\"center\"><strong>Pontua\u00e7\u00e3o M\u00e1xima<\/strong><\/td><\/tr><tr><td class=\"has-text-align-center\" data-align=\"center\">Diploma ou  certificado\/declara\u00e7\u00e3o de conclus\u00e3o,  desde que acompanhado de hist\u00f3rico escolar , de curso de p\u00f3s-gradua\u00e7\u00e3o em n\u00edvel de <em><strong>doutorado<\/strong><\/em> na \u00e1rea do cargo\/disciplina a que concorre. <\/td><td class=\"has-text-align-center\" data-align=\"center\">1,0<\/td><td class=\"has-text-align-center\" data-align=\"center\">1,0<\/td><\/tr><tr><td class=\"has-text-align-center\" data-align=\"center\">Diploma ou  certificado\/declara\u00e7\u00e3o de conclus\u00e3o,  desde que acompanhado de hist\u00f3rico escolar , de curso de p\u00f3s-gradua\u00e7\u00e3o em n\u00edvel de <em><strong>mestrado<\/strong><\/em> na \u00e1rea do cargo\/disciplina a que concorre.  <\/td><td class=\"has-text-align-center\" data-align=\"center\">0,75<\/td><td class=\"has-text-align-center\" data-align=\"center\">0,75<\/td><\/tr><tr><td class=\"has-text-align-center\" data-align=\"center\">Certificado ou  declara\u00e7\u00e3o de conclus\u00e3o,  desde que acompanhada de hist\u00f3rico escolar, de curso de p\u00f3s-gradua\u00e7\u00e3o em n\u00edvel de <strong><em>especializa\u00e7\u00e3o<\/em><\/strong>, com <em>carga hor\u00e1ria m\u00ednima de 360 h\/a<\/em> na \u00e1rea do cargo\/disciplina a que concorre.  <\/td><td class=\"has-text-align-center\" data-align=\"center\">0,50<\/td><td class=\"has-text-align-center\" data-align=\"center\">0,50<\/td><\/tr><\/tbody><\/table><figcaption class=\"wp-element-caption\">Tabela de t\u00edtulos<\/figcaption><\/figure>\n\n\n\n<h2 class=\"wp-block-heading has-text-align-center\" id=\"h-quer-saber-tudo-sobre-concursos-previstos-confira-nossos-artigos\">Quer saber tudo sobre concursos previstos?<br \/>Confira nossos artigos!<\/h2>\n\n\n\n<ul class=\"wp-block-list\">\n<li><a href=\"https:\/\/www.estrategiaconcursos.com.br\/blog\/concursos-abertos\/\" target=\"_blank\" rel=\"noreferrer noopener\">Concursos abertos<\/a><\/li>\n\n\n\n<li><a href=\"https:\/\/www.estrategiaconcursos.com.br\/blog\/concursos-educacao\/\">Concursos educa\u00e7\u00e3o<\/a><\/li>\n\n\n\n<li><a href=\"https:\/\/www.estrategiaconcursos.com.br\/blog\/concursos-2026\/\">Concursos 2026<\/a><\/li>\n<\/ul>\n\n\n\n<h2 class=\"wp-block-heading has-text-align-center\" id=\"cursos-assinatura\">Quer estudar para o concurso Seduc PI?<\/h2>\n\n\n\n<div class=\"container\" id=\"boxes\">\n  <div class=\"row\">\n\n    <div class=\"col-sm\">\n      <div class=\"banner-estrategia\" id=\"box-assinatura\">\n        <h3 class=\"titulo-assinatura\">Cursos para concursos<\/h3>\n        <p class=\"subtitulo-assinatura\">Conhe\u00e7a os cursos<\/p>\n        <div class=\"box-botao\">\n          <a class=\"btn-assinatura\" target=\"_blank\" href=\"https:\/\/www.estrategiaconcursos.com.br\/cursosPorConcurso\/secretaria-de-estado-da-educacao-do-piaui-seduc-pi\/\" role=\"button\" rel=\"noopener noreferrer\">Conhe\u00e7a mais<\/a>\n        <\/div>\n      <\/div>\n     \n    <\/div>\n\n  <\/div>\n<\/div>\n\n\n\n<div class=\"container\" id=\"boxes\">\n  <div class=\"row\">\n\n    <div class=\"col-sm\">\n      <div class=\"estrategia\" id=\"box-assinatura\">\n        <h3 class=\"titulo-assinatura\">Assinatura Concursos<\/h3>\n        <p class=\"subtitulo-assinatura\">Assinatura de 1 ano ou 2 anos<\/p>\n        <div class=\"box-botao\">\n          <a class=\"btn-assinatura\" target=\"_blank\" href=\"https:\/\/www.estrategiaconcursos.com.br\/assinaturas\/\" role=\"button\" rel=\"noopener noreferrer\">ASSINE AGORA<\/a>\n        <\/div>\n      <\/div><\/div><\/div><\/div>\n\n\n\n<figure class=\"wp-block-image size-large is-resized\"><img loading=\"lazy\" decoding=\"async\" width=\"1024\" height=\"632\" src=\"https:\/\/dhg1h5j42swfq.cloudfront.net\/2025\/06\/27101122\/ficha-tecnica-1-1024x632.png\" alt=\"\" class=\"wp-image-702728\" style=\"aspect-ratio:1.6204819277108433;width:222px;height:auto\" srcset=\"https:\/\/dhg1h5j42swfq.cloudfront.net\/2025\/06\/27101122\/ficha-tecnica-1-1024x632.png 1024w, https:\/\/dhg1h5j42swfq.cloudfront.net\/2025\/06\/27101122\/ficha-tecnica-1-300x185.png 300w, https:\/\/dhg1h5j42swfq.cloudfront.net\/2025\/06\/27101122\/ficha-tecnica-1-768x474.png 768w, https:\/\/dhg1h5j42swfq.cloudfront.net\/2025\/06\/27101122\/ficha-tecnica-1-1536x948.png 1536w, https:\/\/dhg1h5j42swfq.cloudfront.net\/2025\/06\/27101122\/ficha-tecnica-1-610x377.png 610w, https:\/\/dhg1h5j42swfq.cloudfront.net\/2025\/06\/27101122\/ficha-tecnica-1.png 1571w\" sizes=\"auto, (max-width: 1024px) 100vw, 1024px\" \/><\/figure>\n\n\n\n<h3 class=\"wp-block-heading\" id=\"ficha\">Informa\u00e7\u00f5es do concurso SEDUC PI Efetivos <\/h3>\n\n\n\n<ul class=\"wp-block-list\">\n<li><strong>Provas:<\/strong><s><strong> <\/strong>22\/03\/2026<\/s><\/li>\n\n\n\n<li><strong>Vagas<\/strong>: 4 mil vagas<\/li>\n\n\n\n<li><strong>Cargos<\/strong>: Professor<\/li>\n\n\n\n<li><strong>Banca<\/strong>: CEBRASPE<\/li>\n\n\n\n<li><strong>Escolaridade<\/strong>: superior<\/li>\n\n\n\n<li><strong>Edital<\/strong>: <a href=\"https:\/\/dhg1h5j42swfq.cloudfront.net\/2025\/12\/16222402\/edital-seduc-pi-2025.pdf\" target=\"_blank\" rel=\"noreferrer noopener nofollow\">Seduc PI 2025<\/a><\/li>\n<\/ul>\n\n\n\n<h3 class=\"wp-block-heading\" id=\"block-ba1614b5-988b-41ef-892d-f4c9f7e9dd42\">Informa\u00e7\u00f5es do edital SEDUC PI Tempor\u00e1rios <\/h3>\n\n\n\n<ul id=\"block-46dd482c-33cf-409c-8762-75c111403f14\" class=\"wp-block-list\">\n<li><strong>Provas<\/strong>: <s>12\/10 (objetiva)<\/s><\/li>\n\n\n\n<li><strong style=\"background-color: initial; color: initial;\">Banca:<\/strong> NUCEPE<\/li>\n\n\n\n<li><strong>Vagas:<\/strong> CR<\/li>\n\n\n\n<li><strong>Cargo<\/strong>: diversos <\/li>\n\n\n\n<li><strong>Escolaridade<\/strong>: m\u00e9dio e superior <\/li>\n\n\n\n<li><strong>Edital<\/strong>: <a href=\"https:\/\/dhg1h5j42swfq.cloudfront.net\/2025\/09\/17192122\/edital_seduc_40_retificado_iii__seduc__40__2025.pdf\">SEDUC PI Tempor\u00e1rios 2025<\/a><\/li>\n<\/ul>\n","protected":false},"excerpt":{"rendered":"<p>O concurso para a Secretaria de Educa\u00e7\u00e3o do Estado do Piau\u00ed oferta 4.000 vagas, no total, sendo 2.000 imediatas e 2.000 para forma\u00e7\u00e3o de cadastro reserva, para Professor da Educa\u00e7\u00e3o B\u00e1sica. O sal\u00e1rio inicial \u00e9 de R$ 2.492,09 (20h) e R$ 4.984,18 (40h) e, a partir de maio de 2026, ser\u00e1 fixado em R$ 2.625,41 [&hellip;]<\/p>\n","protected":false},"author":1,"featured_media":1622840,"comment_status":"open","ping_status":"closed","sticky":false,"template":"","format":"standard","meta":{"post_tipo":"news_page","footnotes":""},"categories":[3766,220219],"tags":[],"tax_estado":[219980],"class_list":["post-1302249","post","type-post","status-publish","format-standard","has-post-thumbnail","hentry","category-educacional","category-noticias","tax_estado-pi"],"acf":[],"yoast_head":"<!-- This site is optimized with the Yoast SEO Premium plugin v27.2 (Yoast SEO v27.2) - https:\/\/yoast.com\/product\/yoast-seo-premium-wordpress\/ -->\n<title>Concurso Seduc PI: resultados divulgados!<\/title>\n<meta name=\"description\" content=\"Concurso Seduc PI: edital oferta 2 mil vagas imediatas + 2 mil em CR para Professor da Educa\u00e7\u00e3o B\u00e1sica. Confira os detalhes!\" \/>\n<meta name=\"robots\" content=\"index, follow, max-snippet:-1, max-image-preview:large, max-video-preview:-1\" \/>\n<link rel=\"canonical\" href=\"https:\/\/www.estrategiaconcursos.com.br\/blog\/concurso-seduc-pi\/\" \/>\n<meta property=\"og:locale\" content=\"pt_BR\" \/>\n<meta property=\"og:type\" content=\"article\" \/>\n<meta property=\"og:title\" content=\"Concurso Seduc PI: resultados divulgados!\" \/>\n<meta property=\"og:description\" content=\"Concurso Seduc PI: edital oferta 2 mil vagas imediatas + 2 mil em CR para Professor da Educa\u00e7\u00e3o B\u00e1sica. Confira os detalhes!\" \/>\n<meta property=\"og:url\" content=\"https:\/\/www.estrategiaconcursos.com.br\/blog\/concurso-seduc-pi\/\" \/>\n<meta property=\"og:site_name\" content=\"Estrat\u00e9gia Concursos\" \/>\n<meta property=\"article:author\" content=\"https:\/\/www.facebook.com\/EstrategiaConcursos\" \/>\n<meta property=\"article:published_time\" content=\"2026-04-24T12:43:00+00:00\" \/>\n<meta property=\"article:modified_time\" content=\"2026-04-24T12:44:34+00:00\" \/>\n<meta property=\"og:image\" content=\"https:\/\/dhg1h5j42swfq.cloudfront.net\/2025\/08\/13124520\/seduc-pi-1.jpg\" \/>\n\t<meta property=\"og:image:width\" content=\"768\" \/>\n\t<meta property=\"og:image:height\" content=\"432\" \/>\n\t<meta property=\"og:image:type\" content=\"image\/jpeg\" \/>\n<meta name=\"author\" content=\"Coordena\u00e7\u00e3o\" \/>\n<meta name=\"twitter:card\" content=\"summary_large_image\" \/>\n<meta name=\"twitter:creator\" content=\"@EstratConcursos\" \/>\n<meta name=\"twitter:site\" content=\"@EstratConcursos\" \/>\n<meta name=\"twitter:label1\" content=\"Escrito por\" \/>\n\t<meta name=\"twitter:data1\" content=\"Coordena\u00e7\u00e3o\" \/>\n\t<meta name=\"twitter:label2\" content=\"Est. tempo de leitura\" \/>\n\t<meta name=\"twitter:data2\" content=\"12 minutos\" \/>\n<script type=\"application\/ld+json\" class=\"yoast-schema-graph\">{\"@context\":\"https:\/\/schema.org\",\"@graph\":[{\"@type\":\"NewsArticle\",\"@id\":\"https:\/\/www.estrategiaconcursos.com.br\/blog\/concurso-seduc-pi\/#article\",\"isPartOf\":{\"@id\":\"https:\/\/www.estrategiaconcursos.com.br\/blog\/concurso-seduc-pi\/\"},\"author\":{\"name\":\"Coordena\u00e7\u00e3o\",\"@id\":\"https:\/\/www.estrategiaconcursos.com.br\/blog\/#\/schema\/person\/b4a388c97673c5f483d72185668afa1f\"},\"headline\":\"Concurso Seduc PI: resultados divulgados!\",\"datePublished\":\"2026-04-24T12:43:00+00:00\",\"dateModified\":\"2026-04-24T12:44:34+00:00\",\"mainEntityOfPage\":{\"@id\":\"https:\/\/www.estrategiaconcursos.com.br\/blog\/concurso-seduc-pi\/\"},\"wordCount\":2418,\"commentCount\":0,\"publisher\":{\"@id\":\"https:\/\/www.estrategiaconcursos.com.br\/blog\/#organization\"},\"image\":{\"@id\":\"https:\/\/www.estrategiaconcursos.com.br\/blog\/concurso-seduc-pi\/#primaryimage\"},\"thumbnailUrl\":\"https:\/\/dhg1h5j42swfq.cloudfront.net\/2025\/08\/13124520\/seduc-pi-1.jpg\",\"articleSection\":[\"Educa\u00e7\u00e3o\",\"\u00daltimas not\u00edcias\"],\"inLanguage\":\"pt-BR\",\"potentialAction\":[{\"@type\":\"CommentAction\",\"name\":\"Comment\",\"target\":[\"https:\/\/www.estrategiaconcursos.com.br\/blog\/concurso-seduc-pi\/#respond\"]}],\"copyrightYear\":\"2026\",\"copyrightHolder\":{\"@id\":\"https:\/\/www.estrategiaconcursos.com.br\/blog\/#organization\"}},{\"@type\":\"WebPage\",\"@id\":\"https:\/\/www.estrategiaconcursos.com.br\/blog\/concurso-seduc-pi\/\",\"url\":\"https:\/\/www.estrategiaconcursos.com.br\/blog\/concurso-seduc-pi\/\",\"name\":\"Concurso Seduc PI: resultados divulgados!\",\"isPartOf\":{\"@id\":\"https:\/\/www.estrategiaconcursos.com.br\/blog\/#website\"},\"primaryImageOfPage\":{\"@id\":\"https:\/\/www.estrategiaconcursos.com.br\/blog\/concurso-seduc-pi\/#primaryimage\"},\"image\":{\"@id\":\"https:\/\/www.estrategiaconcursos.com.br\/blog\/concurso-seduc-pi\/#primaryimage\"},\"thumbnailUrl\":\"https:\/\/dhg1h5j42swfq.cloudfront.net\/2025\/08\/13124520\/seduc-pi-1.jpg\",\"datePublished\":\"2026-04-24T12:43:00+00:00\",\"dateModified\":\"2026-04-24T12:44:34+00:00\",\"description\":\"Concurso Seduc PI: edital oferta 2 mil vagas imediatas + 2 mil em CR para Professor da Educa\u00e7\u00e3o B\u00e1sica. Confira os detalhes!\",\"breadcrumb\":{\"@id\":\"https:\/\/www.estrategiaconcursos.com.br\/blog\/concurso-seduc-pi\/#breadcrumb\"},\"inLanguage\":\"pt-BR\",\"potentialAction\":[{\"@type\":\"ReadAction\",\"target\":[\"https:\/\/www.estrategiaconcursos.com.br\/blog\/concurso-seduc-pi\/\"]}]},{\"@type\":\"ImageObject\",\"inLanguage\":\"pt-BR\",\"@id\":\"https:\/\/www.estrategiaconcursos.com.br\/blog\/concurso-seduc-pi\/#primaryimage\",\"url\":\"https:\/\/dhg1h5j42swfq.cloudfront.net\/2025\/08\/13124520\/seduc-pi-1.jpg\",\"contentUrl\":\"https:\/\/dhg1h5j42swfq.cloudfront.net\/2025\/08\/13124520\/seduc-pi-1.jpg\",\"width\":768,\"height\":432,\"caption\":\"Cronograma oficial do Concurso Seduc PI\"},{\"@type\":\"BreadcrumbList\",\"@id\":\"https:\/\/www.estrategiaconcursos.com.br\/blog\/concurso-seduc-pi\/#breadcrumb\",\"itemListElement\":[{\"@type\":\"ListItem\",\"position\":1,\"name\":\"In\u00edcio\",\"item\":\"https:\/\/www.estrategiaconcursos.com.br\/blog\/\"},{\"@type\":\"ListItem\",\"position\":2,\"name\":\"Concurso Seduc PI: resultados divulgados!\"}]},{\"@type\":\"WebSite\",\"@id\":\"https:\/\/www.estrategiaconcursos.com.br\/blog\/#website\",\"url\":\"https:\/\/www.estrategiaconcursos.com.br\/blog\/\",\"name\":\"Estrat\u00e9gia Concursos\",\"description\":\"O blog da Estrat\u00e9gia Concursos traz not\u00edcias sobre concursos e artigos de professores oferecendo cursos para concursos (pdf + videaulas) no site.\",\"publisher\":{\"@id\":\"https:\/\/www.estrategiaconcursos.com.br\/blog\/#organization\"},\"potentialAction\":[{\"@type\":\"SearchAction\",\"target\":{\"@type\":\"EntryPoint\",\"urlTemplate\":\"https:\/\/www.estrategiaconcursos.com.br\/blog\/?s={search_term_string}\"},\"query-input\":{\"@type\":\"PropertyValueSpecification\",\"valueRequired\":true,\"valueName\":\"search_term_string\"}}],\"inLanguage\":\"pt-BR\"},{\"@type\":\"Organization\",\"@id\":\"https:\/\/www.estrategiaconcursos.com.br\/blog\/#organization\",\"name\":\"Estrat\u00e9gia Concursos\",\"url\":\"https:\/\/www.estrategiaconcursos.com.br\/blog\/\",\"logo\":{\"@type\":\"ImageObject\",\"inLanguage\":\"pt-BR\",\"@id\":\"https:\/\/www.estrategiaconcursos.com.br\/blog\/#\/schema\/logo\/image\/\",\"url\":\"https:\/\/dhg1h5j42swfq.cloudfront.net\/2025\/06\/03203428\/logo_concursos-1.jpg\",\"contentUrl\":\"https:\/\/dhg1h5j42swfq.cloudfront.net\/2025\/06\/03203428\/logo_concursos-1.jpg\",\"width\":230,\"height\":60,\"caption\":\"Estrat\u00e9gia Concursos\"},\"image\":{\"@id\":\"https:\/\/www.estrategiaconcursos.com.br\/blog\/#\/schema\/logo\/image\/\"},\"sameAs\":[\"https:\/\/x.com\/EstratConcursos\"]},{\"@type\":\"Person\",\"@id\":\"https:\/\/www.estrategiaconcursos.com.br\/blog\/#\/schema\/person\/b4a388c97673c5f483d72185668afa1f\",\"name\":\"Coordena\u00e7\u00e3o\",\"image\":{\"@type\":\"ImageObject\",\"inLanguage\":\"pt-BR\",\"@id\":\"https:\/\/secure.gravatar.com\/avatar\/b720319e4c9a967eb58678d110f4fe35452fc5d5f97b202bac7b8acceb18c6ad?s=96&d=mm&r=g\",\"url\":\"https:\/\/secure.gravatar.com\/avatar\/b720319e4c9a967eb58678d110f4fe35452fc5d5f97b202bac7b8acceb18c6ad?s=96&d=mm&r=g\",\"contentUrl\":\"https:\/\/secure.gravatar.com\/avatar\/b720319e4c9a967eb58678d110f4fe35452fc5d5f97b202bac7b8acceb18c6ad?s=96&d=mm&r=g\",\"caption\":\"Coordena\u00e7\u00e3o\"},\"sameAs\":[\"https:\/\/www.facebook.com\/EstrategiaConcursos\",\"https:\/\/x.com\/EstratConcursos\"],\"url\":\"https:\/\/www.estrategiaconcursos.com.br\/blog\/author\/estrategia2013\/\"}]}<\/script>\n<!-- \/ Yoast SEO Premium plugin. -->","yoast_head_json":{"title":"Concurso Seduc PI: resultados divulgados!","description":"Concurso Seduc PI: edital oferta 2 mil vagas imediatas + 2 mil em CR para Professor da Educa\u00e7\u00e3o B\u00e1sica. Confira os detalhes!","robots":{"index":"index","follow":"follow","max-snippet":"max-snippet:-1","max-image-preview":"max-image-preview:large","max-video-preview":"max-video-preview:-1"},"canonical":"https:\/\/www.estrategiaconcursos.com.br\/blog\/concurso-seduc-pi\/","og_locale":"pt_BR","og_type":"article","og_title":"Concurso Seduc PI: resultados divulgados!","og_description":"Concurso Seduc PI: edital oferta 2 mil vagas imediatas + 2 mil em CR para Professor da Educa\u00e7\u00e3o B\u00e1sica. Confira os detalhes!","og_url":"https:\/\/www.estrategiaconcursos.com.br\/blog\/concurso-seduc-pi\/","og_site_name":"Estrat\u00e9gia Concursos","article_author":"https:\/\/www.facebook.com\/EstrategiaConcursos","article_published_time":"2026-04-24T12:43:00+00:00","article_modified_time":"2026-04-24T12:44:34+00:00","og_image":[{"width":768,"height":432,"url":"https:\/\/dhg1h5j42swfq.cloudfront.net\/2025\/08\/13124520\/seduc-pi-1.jpg","type":"image\/jpeg"}],"author":"Coordena\u00e7\u00e3o","twitter_card":"summary_large_image","twitter_creator":"@EstratConcursos","twitter_site":"@EstratConcursos","twitter_misc":{"Escrito por":"Coordena\u00e7\u00e3o","Est. tempo de leitura":"12 minutos"},"schema":{"@context":"https:\/\/schema.org","@graph":[{"@type":"NewsArticle","@id":"https:\/\/www.estrategiaconcursos.com.br\/blog\/concurso-seduc-pi\/#article","isPartOf":{"@id":"https:\/\/www.estrategiaconcursos.com.br\/blog\/concurso-seduc-pi\/"},"author":{"name":"Coordena\u00e7\u00e3o","@id":"https:\/\/www.estrategiaconcursos.com.br\/blog\/#\/schema\/person\/b4a388c97673c5f483d72185668afa1f"},"headline":"Concurso Seduc PI: resultados divulgados!","datePublished":"2026-04-24T12:43:00+00:00","dateModified":"2026-04-24T12:44:34+00:00","mainEntityOfPage":{"@id":"https:\/\/www.estrategiaconcursos.com.br\/blog\/concurso-seduc-pi\/"},"wordCount":2418,"commentCount":0,"publisher":{"@id":"https:\/\/www.estrategiaconcursos.com.br\/blog\/#organization"},"image":{"@id":"https:\/\/www.estrategiaconcursos.com.br\/blog\/concurso-seduc-pi\/#primaryimage"},"thumbnailUrl":"https:\/\/dhg1h5j42swfq.cloudfront.net\/2025\/08\/13124520\/seduc-pi-1.jpg","articleSection":["Educa\u00e7\u00e3o","\u00daltimas not\u00edcias"],"inLanguage":"pt-BR","potentialAction":[{"@type":"CommentAction","name":"Comment","target":["https:\/\/www.estrategiaconcursos.com.br\/blog\/concurso-seduc-pi\/#respond"]}],"copyrightYear":"2026","copyrightHolder":{"@id":"https:\/\/www.estrategiaconcursos.com.br\/blog\/#organization"}},{"@type":"WebPage","@id":"https:\/\/www.estrategiaconcursos.com.br\/blog\/concurso-seduc-pi\/","url":"https:\/\/www.estrategiaconcursos.com.br\/blog\/concurso-seduc-pi\/","name":"Concurso Seduc PI: resultados divulgados!","isPartOf":{"@id":"https:\/\/www.estrategiaconcursos.com.br\/blog\/#website"},"primaryImageOfPage":{"@id":"https:\/\/www.estrategiaconcursos.com.br\/blog\/concurso-seduc-pi\/#primaryimage"},"image":{"@id":"https:\/\/www.estrategiaconcursos.com.br\/blog\/concurso-seduc-pi\/#primaryimage"},"thumbnailUrl":"https:\/\/dhg1h5j42swfq.cloudfront.net\/2025\/08\/13124520\/seduc-pi-1.jpg","datePublished":"2026-04-24T12:43:00+00:00","dateModified":"2026-04-24T12:44:34+00:00","description":"Concurso Seduc PI: edital oferta 2 mil vagas imediatas + 2 mil em CR para Professor da Educa\u00e7\u00e3o B\u00e1sica. Confira os detalhes!","breadcrumb":{"@id":"https:\/\/www.estrategiaconcursos.com.br\/blog\/concurso-seduc-pi\/#breadcrumb"},"inLanguage":"pt-BR","potentialAction":[{"@type":"ReadAction","target":["https:\/\/www.estrategiaconcursos.com.br\/blog\/concurso-seduc-pi\/"]}]},{"@type":"ImageObject","inLanguage":"pt-BR","@id":"https:\/\/www.estrategiaconcursos.com.br\/blog\/concurso-seduc-pi\/#primaryimage","url":"https:\/\/dhg1h5j42swfq.cloudfront.net\/2025\/08\/13124520\/seduc-pi-1.jpg","contentUrl":"https:\/\/dhg1h5j42swfq.cloudfront.net\/2025\/08\/13124520\/seduc-pi-1.jpg","width":768,"height":432,"caption":"Cronograma oficial do Concurso Seduc PI"},{"@type":"BreadcrumbList","@id":"https:\/\/www.estrategiaconcursos.com.br\/blog\/concurso-seduc-pi\/#breadcrumb","itemListElement":[{"@type":"ListItem","position":1,"name":"In\u00edcio","item":"https:\/\/www.estrategiaconcursos.com.br\/blog\/"},{"@type":"ListItem","position":2,"name":"Concurso Seduc PI: resultados divulgados!"}]},{"@type":"WebSite","@id":"https:\/\/www.estrategiaconcursos.com.br\/blog\/#website","url":"https:\/\/www.estrategiaconcursos.com.br\/blog\/","name":"Estrat\u00e9gia Concursos","description":"O blog da Estrat\u00e9gia Concursos traz not\u00edcias sobre concursos e artigos de professores oferecendo cursos para concursos (pdf + videaulas) no site.","publisher":{"@id":"https:\/\/www.estrategiaconcursos.com.br\/blog\/#organization"},"potentialAction":[{"@type":"SearchAction","target":{"@type":"EntryPoint","urlTemplate":"https:\/\/www.estrategiaconcursos.com.br\/blog\/?s={search_term_string}"},"query-input":{"@type":"PropertyValueSpecification","valueRequired":true,"valueName":"search_term_string"}}],"inLanguage":"pt-BR"},{"@type":"Organization","@id":"https:\/\/www.estrategiaconcursos.com.br\/blog\/#organization","name":"Estrat\u00e9gia Concursos","url":"https:\/\/www.estrategiaconcursos.com.br\/blog\/","logo":{"@type":"ImageObject","inLanguage":"pt-BR","@id":"https:\/\/www.estrategiaconcursos.com.br\/blog\/#\/schema\/logo\/image\/","url":"https:\/\/dhg1h5j42swfq.cloudfront.net\/2025\/06\/03203428\/logo_concursos-1.jpg","contentUrl":"https:\/\/dhg1h5j42swfq.cloudfront.net\/2025\/06\/03203428\/logo_concursos-1.jpg","width":230,"height":60,"caption":"Estrat\u00e9gia Concursos"},"image":{"@id":"https:\/\/www.estrategiaconcursos.com.br\/blog\/#\/schema\/logo\/image\/"},"sameAs":["https:\/\/x.com\/EstratConcursos"]},{"@type":"Person","@id":"https:\/\/www.estrategiaconcursos.com.br\/blog\/#\/schema\/person\/b4a388c97673c5f483d72185668afa1f","name":"Coordena\u00e7\u00e3o","image":{"@type":"ImageObject","inLanguage":"pt-BR","@id":"https:\/\/secure.gravatar.com\/avatar\/b720319e4c9a967eb58678d110f4fe35452fc5d5f97b202bac7b8acceb18c6ad?s=96&d=mm&r=g","url":"https:\/\/secure.gravatar.com\/avatar\/b720319e4c9a967eb58678d110f4fe35452fc5d5f97b202bac7b8acceb18c6ad?s=96&d=mm&r=g","contentUrl":"https:\/\/secure.gravatar.com\/avatar\/b720319e4c9a967eb58678d110f4fe35452fc5d5f97b202bac7b8acceb18c6ad?s=96&d=mm&r=g","caption":"Coordena\u00e7\u00e3o"},"sameAs":["https:\/\/www.facebook.com\/EstrategiaConcursos","https:\/\/x.com\/EstratConcursos"],"url":"https:\/\/www.estrategiaconcursos.com.br\/blog\/author\/estrategia2013\/"}]}},"_links":{"self":[{"href":"https:\/\/www.estrategiaconcursos.com.br\/blog\/wp-json\/wp\/v2\/posts\/1302249","targetHints":{"allow":["GET"]}}],"collection":[{"href":"https:\/\/www.estrategiaconcursos.com.br\/blog\/wp-json\/wp\/v2\/posts"}],"about":[{"href":"https:\/\/www.estrategiaconcursos.com.br\/blog\/wp-json\/wp\/v2\/types\/post"}],"author":[{"embeddable":true,"href":"https:\/\/www.estrategiaconcursos.com.br\/blog\/wp-json\/wp\/v2\/users\/1"}],"replies":[{"embeddable":true,"href":"https:\/\/www.estrategiaconcursos.com.br\/blog\/wp-json\/wp\/v2\/comments?post=1302249"}],"version-history":[{"count":107,"href":"https:\/\/www.estrategiaconcursos.com.br\/blog\/wp-json\/wp\/v2\/posts\/1302249\/revisions"}],"predecessor-version":[{"id":1757067,"href":"https:\/\/www.estrategiaconcursos.com.br\/blog\/wp-json\/wp\/v2\/posts\/1302249\/revisions\/1757067"}],"wp:featuredmedia":[{"embeddable":true,"href":"https:\/\/www.estrategiaconcursos.com.br\/blog\/wp-json\/wp\/v2\/media\/1622840"}],"wp:attachment":[{"href":"https:\/\/www.estrategiaconcursos.com.br\/blog\/wp-json\/wp\/v2\/media?parent=1302249"}],"wp:term":[{"taxonomy":"category","embeddable":true,"href":"https:\/\/www.estrategiaconcursos.com.br\/blog\/wp-json\/wp\/v2\/categories?post=1302249"},{"taxonomy":"post_tag","embeddable":true,"href":"https:\/\/www.estrategiaconcursos.com.br\/blog\/wp-json\/wp\/v2\/tags?post=1302249"},{"taxonomy":"tax_estado","embeddable":true,"href":"https:\/\/www.estrategiaconcursos.com.br\/blog\/wp-json\/wp\/v2\/tax_estado?post=1302249"}],"curies":[{"name":"wp","href":"https:\/\/api.w.org\/{rel}","templated":true}]}}