{"id":130183,"date":"2018-07-11T12:45:41","date_gmt":"2018-07-11T15:45:41","guid":{"rendered":"https:\/\/www.estrategiaconcursos.com.br\/blog\/?p=130183"},"modified":"2018-07-11T12:46:11","modified_gmt":"2018-07-11T15:46:11","slug":"pc-sp-auxiliar-de-papiloscopista-comentarios-atualidades-e-conhecimentos-gerais","status":"publish","type":"post","link":"https:\/\/www.estrategiaconcursos.com.br\/blog\/pc-sp-auxiliar-de-papiloscopista-comentarios-atualidades-e-conhecimentos-gerais\/","title":{"rendered":"PC\/SP &#8211; Auxiliar de Papiloscopista &#8211; Coment\u00e1rios &#8211; Atualidades e Conhecimentos Gerais"},"content":{"rendered":"<p style=\"text-align: justify\">Ol\u00e1 pessoal,<\/p>\n<p style=\"text-align: justify\">No dia de ontem n\u00e3o estava bem de sa\u00fade, por isso n\u00e3o participei da corre\u00e7\u00e3o da prova ao vivo realizada pelo Estrat\u00e9gia Concursos. Seguem os meus coment\u00e1rios \u00e0s quest\u00f5es da prova.<\/p>\n<p style=\"text-align: justify\">No geral, foi uma prova com quest\u00f5es de padr\u00e3o f\u00e1cil e m\u00e9dio e uma ou outra quest\u00e3o de maior dificuldade, daquelas que o examinador coloca para todo mundo errar, cobrando um fato ou conhecimento de menor relev\u00e2ncia e\/ou de baixa divulga\u00e7\u00e3o pela m\u00eddia nacional e internacional.<\/p>\n<p style=\"text-align: justify\">Agrade\u00e7o mais uma vez aos elogios dos nossos alunos e as muitas mensagens que recebi informando que gabaritaram ou tiveram um excelente desempenho nas disciplinas. Quem fez o nosso curso completo e estudou adequadamente, foi muito bem nas provas.<\/p>\n<p style=\"text-align: justify\">Sucesso no concurso!<\/p>\n<p style=\"text-align: justify\">Grande Abra\u00e7o,<\/p>\n<p style=\"text-align: justify\">Prof. Leandro Signori<\/p>\n<p>&nbsp;<\/p>\n<p style=\"text-align: center\"><span style=\"text-decoration: underline\"><strong>CONHECIMENTOS GERAIS<\/strong><\/span><\/p>\n<p>&nbsp;<\/p>\n<ol style=\"text-align: justify\" start=\"66\">\n<li>A maior investiga\u00e7\u00e3o da Pol\u00edcia Federal sobre corrup\u00e7\u00e3o conduzida at\u00e9 hoje no Brasil \u00e9 conhecida por Opera\u00e7\u00e3o<\/li>\n<\/ol>\n<p style=\"text-align: justify\">(A) Lava Jato.<\/p>\n<p style=\"text-align: justify\">(B) Sat\u00e9lite.<\/p>\n<p style=\"text-align: justify\">(C) Carne Fraca.<\/p>\n<p style=\"text-align: justify\">(D) Prato Feito.<\/p>\n<p style=\"text-align: justify\">(E) Curitiba.<\/p>\n<p style=\"text-align: center\"><strong><u>COMENT\u00c1RIOS:<\/u><\/strong><\/p>\n<p style=\"text-align: justify\">A maior investiga\u00e7\u00e3o da Pol\u00edcia Federal sobre corrup\u00e7\u00e3o conduzida at\u00e9 hoje no Brasil \u00e9 conhecida por Opera\u00e7\u00e3o Lava Jato.<\/p>\n<p style=\"text-align: justify\">A Opera\u00e7\u00e3o Sat\u00e9lite \u00e9 derivada da Lavo Jato, teve como alvo pessoas ligadas ao ex-presidente do Senado Renan Calheiros, ao atual presidente da Casa, Eun\u00edcio Oliveira, e aos senadores Valdir Raupp e Humberto Costa. Os parlamentares n\u00e3o foram alvos de mandado. A Opera\u00e7\u00e3o Carne Fraca investigou as maiores empresas do ramo de carnes, como a JBS, acusadas de adulterar a carne que vendiam nos mercados interno e externo. A Opera\u00e7\u00e3o Prato Feito investigou fraudes em desvios de verbas que deveriam ser utilizados para a merenda no estado de S\u00e3o Paulo. Por fim, n\u00e3o houve e n\u00e3o h\u00e1 uma Opera\u00e7\u00e3o Curitiba.<\/p>\n<p style=\"text-align: justify\"><strong>Gabarito: A<\/strong><\/p>\n<p>&nbsp;<\/p>\n<ol style=\"text-align: justify\" start=\"67\">\n<li>O juiz S\u00e9rgio Fernando Moro ganhou repercuss\u00e3o atuando em processos que apuram, entre outros crimes, corrup\u00e7\u00e3o envolvendo empres\u00e1rios e pol\u00edticos. Em entrevista ao jornal O Estado de S. Paulo, Moro disse apoiar as \u201c10 medidas contra a corrup\u00e7\u00e3o\u201d, um projeto de autoria do Minist\u00e9rio P\u00fablico Federal no combate \u00e0 corrup\u00e7\u00e3o, al\u00e9m de defender a restri\u00e7\u00e3o do foro privilegiado. \u00c9 correto afirmar que o magistrado se tornou nacionalmente conhecido atuando na<\/li>\n<\/ol>\n<p style=\"text-align: justify\">(A) segunda inst\u00e2ncia: Superior Tribunal de Justi\u00e7a.<\/p>\n<p style=\"text-align: justify\">(B) segunda inst\u00e2ncia: Tribunal Regional Federal da 4a Regi\u00e3o.<\/p>\n<p style=\"text-align: justify\">(C) primeira inst\u00e2ncia: 13a Vara Criminal Federal de Curitiba.<\/p>\n<p style=\"text-align: justify\">(D) primeira inst\u00e2ncia: 13a Vara Criminal Federal de Bras\u00edlia.<\/p>\n<p style=\"text-align: justify\">(E) primeira inst\u00e2ncia: 10a Vara Criminal Federal de Curitiba.<\/p>\n<p style=\"text-align: center\"><strong><u>COMENT\u00c1RIOS:<\/u><\/strong><\/p>\n<p style=\"text-align: justify\">O juiz S\u00e9rgio Fernando Moro se tornou nacionalmente conhecido atuando, na Opera\u00e7\u00e3o Lava Jato, na primeira inst\u00e2ncia da 13\u00aa Vara Criminal Federal de Curitiba.<\/p>\n<p style=\"text-align: justify\"><strong>Gabarito: C<\/strong><\/p>\n<p>&nbsp;<\/p>\n<ol style=\"text-align: justify\" start=\"68\">\n<li>Foi ministro do Superior Tribunal de Justi\u00e7a, tendo permanecido nessa corte at\u00e9 2012, ano em que assumiu o cargo de ministro do Supremo Tribunal Federal. Ganhou repercuss\u00e3o nacional ao se tornar relator de um famoso processo envolvendo v\u00e1rios pol\u00edticos em casos de corrup\u00e7\u00e3o. Faleceu em Paraty, munic\u00edpio do estado do Rio de Janeiro, em 2017. \u00c9 correto afirmar que o enunciado se refere a<\/li>\n<\/ol>\n<p style=\"text-align: justify\">(A) Alfredo Buzaid.<\/p>\n<p style=\"text-align: justify\">(B) Teori Zavascki.<\/p>\n<p style=\"text-align: justify\">(C) Miguel Reale.<\/p>\n<p style=\"text-align: justify\">(D) Ayres Britto.<\/p>\n<p style=\"text-align: justify\">(E) Cunha Melo.<\/p>\n<p style=\"text-align: center\"><strong><u>COMENT\u00c1RIOS:<\/u><\/strong><\/p>\n<p style=\"text-align: justify\">O enunciado se refere \u00e0 Teori Zavascki.\u00a0 O ocorrido se tornou bastante not\u00f3rio na \u00e9poca, pois Teori Zavascki, al\u00e9m de ministro do STF, era relator da Opera\u00e7\u00e3o Lava Jato.<\/p>\n<p style=\"text-align: justify\"><strong>Gabarito: B<\/strong><\/p>\n<p>&nbsp;<\/p>\n<ol style=\"text-align: justify\" start=\"69\">\n<li>As \u201cDiretas J\u00e1\u201d tinham como principal bandeira a recupera\u00e7\u00e3o do direito de votar para presidente. Em 2 de mar\u00e7o de 1983, o deputado federal Dante de Oliveira apresentou uma proposta de Emenda Constitucional que propunha a realiza\u00e7\u00e3o de elei\u00e7\u00f5es diretas para presidente em dezembro do ano seguinte. A Emenda Constitucional foi finalmente a voto no dia 25 de abril de 1984. Ela precisava de 320 votos para ser aprovada, mas s\u00f3 obteve 298, pois 112 deputados n\u00e3o compareceram para votar. A emenda foi derrubada, apesar de toda mobiliza\u00e7\u00e3o nas ruas.<\/li>\n<\/ol>\n<p style=\"text-align: justify\">(Nexo. https:\/\/www.nexojornal.com.br\/. 26.03.2016. Adaptado)<\/p>\n<p style=\"text-align: justify\">Ap\u00f3s o movimento das \u201cDiretas J\u00e1\u201d, o primeiro presidente eleito pelo voto direto foi<\/p>\n<p style=\"text-align: justify\">(A) Fernando Henrique Cardoso.<\/p>\n<p style=\"text-align: justify\">(B) Itamar Franco.<\/p>\n<p style=\"text-align: justify\">(C) Ulisses Guimar\u00e3es.<\/p>\n<p style=\"text-align: justify\">(D) Fernando Collor de Mello.<\/p>\n<p style=\"text-align: justify\">(E) Jos\u00e9 Sarney<\/p>\n<p style=\"text-align: center\"><strong><u>COMENT\u00c1RIOS:<\/u><\/strong><\/p>\n<p style=\"text-align: justify\">O \u201cDiretas J\u00e1\u201d, foi um grande movimento da sociedade por elei\u00e7\u00f5es presidenciais diretas no Brasil ocorrido durante os anos de 1983 e 1984. J\u00e1 era o final do regime militar e a base do movimento foi a aprova\u00e7\u00e3o de emenda constitucional apresentada pelo deputado federal Dante de Oliveira reestabelecendo as elei\u00e7\u00f5es diretas para presidente da Rep\u00fablica.<\/p>\n<p style=\"text-align: justify\">A emenda constitucional n\u00e3o foi aprovada no Congresso Nacional. A elei\u00e7\u00e3o para presidente se deu de forma indireta, pelo Col\u00e9gio Eleitoral, sendo eleito Tancredo Neves, que n\u00e3o chegou a governar o Brasil. Veio a adoecer, n\u00e3o tomando posse, e depois faleceu. Quem governou o Brasil foi o vice-presidente eleito, Jos\u00e9 Sarney.<\/p>\n<p style=\"text-align: justify\">Apesar da grande import\u00e2ncia do movimento \u201cDiretas J\u00e1\u201d, somente em 1989 ocorreram as elei\u00e7\u00f5es diretas para Presidente da Rep\u00fablica no Brasil, sendo eleito Fernando Collor de Mello, que iria renunciar posteriormente sob forte press\u00e3o popular e em meio a um processo de impeachment. Mesmo assim, o processo de impeachment prosseguiu e foi aprovado. Em seu lugar, Itamar Franco, vice de Collor, assumiu a presid\u00eancia de Rep\u00fablica.<\/p>\n<p style=\"text-align: justify\">Fernando Henrique Cardoso sucedeu a Itamar Franco, foi eleito e reeleito presidente do Brasil. O seu mandato foi de 1995 a 2002.Ulisses Guimar\u00e3es n\u00e3o foi presidente da Rep\u00fablica.<\/p>\n<p style=\"text-align: justify\"><strong>Gabarito: D<\/strong><\/p>\n<p>&nbsp;<\/p>\n<ol style=\"text-align: justify\" start=\"70\">\n<li>Entre os desafios enfrentados pelo Brasil durante o processo de redemocratiza\u00e7\u00e3o na d\u00e9cada de 1980, \u00e9 correto destacar<\/li>\n<\/ol>\n<p style=\"text-align: justify\">(A) a demarca\u00e7\u00e3o dos limites territoriais na regi\u00e3o amaz\u00f4nica.<\/p>\n<p style=\"text-align: justify\">(B) o repatriamento de militares expulsos pela Lei da Anistia.<\/p>\n<p style=\"text-align: justify\">(C) a conjuntura econ\u00f4mica interna dominada pela defla\u00e7\u00e3o.<\/p>\n<p style=\"text-align: justify\">(D) o fortalecimento pol\u00edtico de mil\u00edcias com ideologia marxista.<\/p>\n<p style=\"text-align: justify\">(E) a crise provocada pelo enorme endividamento externo.<\/p>\n<p style=\"text-align: center\"><strong><u>COMENT\u00c1RIOS:<\/u><\/strong><\/p>\n<p style=\"text-align: justify\">Ao final do regime militar a economia brasileira enfrentava muitos problemas. Um desses problemas era o enorme endividamento externo, que persistiu por muitos anos em governos civis posteriores. Foi um dos desafios econ\u00f4micos enfrentados por um Brasil que se redemocratizava.<\/p>\n<p style=\"text-align: justify\">O pa\u00eds tamb\u00e9m enfrentava outros problemas econ\u00f4micos, como a infla\u00e7\u00e3o elevada, o desemprego alto, o baixo crescimento econ\u00f4mico e o d\u00e9ficit das contas p\u00fablicas.<\/p>\n<p style=\"text-align: justify\"><strong>Gabarito: E<\/strong><\/p>\n<p>&nbsp;<\/p>\n<ol style=\"text-align: justify\" start=\"71\">\n<li>A pol\u00edcia do estado norte-americano do Texas foi acionada nesta sexta-feira (18.05.2018) para atender relatos de tiros na escola de ensino m\u00e9dio Santa Fe High School, e autoridades locais disseram que o bairro do col\u00e9gio estava em isolamento devido a um incidente envolvendo um atirador ativo. O governador do Texas, Greg Abbott, disse que 10 pessoas foram mortas e outras 10 ficaram feridas no ataque que ele chamou de \u201cum dos mais hediondos\u201d na hist\u00f3ria das escolas do estado.<\/li>\n<\/ol>\n<p style=\"text-align: justify\">(Terra. https:\/\/www.terra.com.br. 18.05.2018. Adaptado)<\/p>\n<p style=\"text-align: justify\">O epis\u00f3dio descrito estimula os debates nos Estados Unidos sobre<\/p>\n<p style=\"text-align: justify\">(A) as disparidades socioecon\u00f4micas entre o norte e o sul do pa\u00eds.<\/p>\n<p style=\"text-align: justify\">(B) a amplia\u00e7\u00e3o do fanatismo religioso isl\u00e2mico.<\/p>\n<p style=\"text-align: justify\">(C) a necessidade de reavaliar as regras para o porte de armas nos EUA.<\/p>\n<p style=\"text-align: justify\">(D) a ilegitimidade da presid\u00eancia de Donald Trump.<\/p>\n<p style=\"text-align: justify\">(E) a fal\u00eancia do sistema educacional estadunidense.<\/p>\n<p style=\"text-align: center\"><strong><u>COMENT\u00c1RIOS:<\/u><\/strong><\/p>\n<p style=\"text-align: justify\">Anualmente, diversos casos semelhantes ao descrito no enunciado ocorrem nos Estados Unidos. Segundo pol\u00edticos, especialistas e formadores de opini\u00e3o, a facilidade de acesso e porte de armas de fogo \u00e9 causa da ocorr\u00eancia do tipo de chacina descrita no <em>caput<\/em> da quest\u00e3o.<\/p>\n<p style=\"text-align: justify\">Os Estados Unidos \u00e9 um dos poucos pa\u00edses no mundo que possui t\u00e3o poucas restri\u00e7\u00f5es para o porte de armas, e, n\u00e3o coincidentemente \u00e9 tamb\u00e9m o \u00fanico onde ocorrem frequentemente epis\u00f3dios como o descrito acima.<\/p>\n<p style=\"text-align: justify\">Muitos analistas tamb\u00e9m se posicionam contra a opini\u00e3o de que facilidade de acesso e porte de armas de fogo \u00e9 a causa dessas chacinas. Entretanto, a quest\u00e3o n\u00e3o pergunta qual \u00e9 a causa, mas qual discuss\u00e3o esse epis\u00f3dio estimula.<\/p>\n<p style=\"text-align: justify\">Epis\u00f3dios como esse estimulam o debate sobre a necessidade de reavaliar as regras para o porte de armas nos EUA.<\/p>\n<p style=\"text-align: justify\"><strong>Gabarito: C<\/strong><\/p>\n<p>&nbsp;<\/p>\n<ol style=\"text-align: justify\" start=\"72\">\n<li>O n\u00famero de mortes em conflitos agr\u00e1rios cresceu 15% em 2017 na compara\u00e7\u00e3o com o ano anterior, num total de 70 assassinatos. De acordo com a Comiss\u00e3o Pastoral da Terra (CPT), que divulgou os dados nesta quarta-feira (23 de maio de 2018), trata-se do maior n\u00famero desde 2003. Dentre as mortes registradas, a pastoral destaca quatro massacres que ocorreram na Bahia, Mato Grosso, Par\u00e1 e Rond\u00f4nia, resultando em 28 assassinatos. O estado do Par\u00e1 lidera o ranking de 2017 com 21 pessoas assassinadas, dez no massacre de Pau D\u2019Arco, seguido pelo estado de Rond\u00f4nia, com 17, e pela Bahia, com 10 assassinatos.<\/li>\n<\/ol>\n<p style=\"text-align: justify\">(CartaCapital. https:\/\/www.cartacapital.com.br. 23.05.2018. Adaptado)<\/p>\n<p style=\"text-align: justify\">Uma das justificativas para a viol\u00eancia no campo brasileiro relaciona-se<\/p>\n<p style=\"text-align: justify\">(A) \u00e0 minifundiariza\u00e7\u00e3o da produ\u00e7\u00e3o de mat\u00e9rias-primas agr\u00edcolas.<\/p>\n<p style=\"text-align: justify\">(B) ao processo hist\u00f3rico de concentra\u00e7\u00e3o fundi\u00e1ria.<\/p>\n<p style=\"text-align: justify\">(C) \u00e0 coletiviza\u00e7\u00e3o das terras improdutivas prevista na Constitui\u00e7\u00e3o.<\/p>\n<p style=\"text-align: justify\">(D) ao avan\u00e7o das monoculturas em dire\u00e7\u00e3o das periferias urbanas.<\/p>\n<p style=\"text-align: justify\">(E) \u00e0 industrializa\u00e7\u00e3o de \u00e1reas remotas do territ\u00f3rio nacional.<\/p>\n<p style=\"text-align: center\"><strong><u>COMENT\u00c1RIOS:<\/u><\/strong><\/p>\n<p style=\"text-align: justify\">A estrutura fundi\u00e1ria brasileira \u00e9 extremamente concentrada. A concentra\u00e7\u00e3o da propriedade da terra \u00e9 um dos tra\u00e7os marcantes do campo brasileiro, cujas origens remotas encontram-se no modelo de coloniza\u00e7\u00e3o da Am\u00e9rica portuguesa. Esse padr\u00e3o concentrador serviu como base para a configura\u00e7\u00e3o da agricultura moderna brasileira, que exibe n\u00edtida dicotomia entre grandes e pequenos estabelecimentos rurais. Essa desigualdade \u00e9, segundo especialistas, a causa de grande parte dos conflitos no campo, entre trabalhadores sem-terra e grandes propriet\u00e1rios rurais.<\/p>\n<p style=\"text-align: justify\"><strong>Gabarito: B<\/strong><\/p>\n<p>&nbsp;<\/p>\n<ol style=\"text-align: justify\" start=\"73\">\n<li>Um turista desavisado pode achar que \u00e9 pegadinha ao ser atendido na portaria de um hotel em T\u00f3quio por um rob\u00f4 com rosto e roupa de mulher. Mas a cena \u00e9 real. \u00c9 uma pequena amostra de um gigantesco experimento em curso no Jap\u00e3o: a cria\u00e7\u00e3o da chamada Sociedade 5.0, em que boa parte do trabalho humano ser\u00e1 substitu\u00edda por computadores e rob\u00f4s. O Jap\u00e3o decidiu transformar sua sociedade em um laborat\u00f3rio tecnol\u00f3gico por um motivo extremo.<\/li>\n<\/ol>\n<p style=\"text-align: justify\">(Estad\u00e3o. https:\/\/link.estadao.com.br. 28.01.2018. Adaptado)<\/p>\n<p style=\"text-align: justify\">O \u201cmotivo extremo\u201d apontado pela reportagem para os vultosos investimentos japoneses na robotiza\u00e7\u00e3o de sua sociedade consiste<\/p>\n<p style=\"text-align: justify\">(A) na fragilidade da legisla\u00e7\u00e3o do pa\u00eds sobre os limites da biotecnologia.<\/p>\n<p style=\"text-align: justify\">(B) no d\u00e9ficit em qualifica\u00e7\u00e3o profissional dos trabalhadores japoneses.<\/p>\n<p style=\"text-align: justify\">(C) no enfrentamento do processo de envelhecimento populacional.<\/p>\n<p style=\"text-align: justify\">(D) na baixa produtividade dos setores industriais tradicionais do Jap\u00e3o.<\/p>\n<p style=\"text-align: justify\">(E) no recente tsunami que atingiu o continente asi\u00e1tico.<\/p>\n<p style=\"text-align: center\"><strong><u>COMENT\u00c1RIOS:<\/u><\/strong><\/p>\n<p style=\"text-align: justify\">O enunciado fala sobre a substitui\u00e7\u00e3o do trabalho humano pelo trabalho rob\u00f3tico, um cen\u00e1rio futur\u00edstico que est\u00e1 cada vez mais perto da realidade. O Jap\u00e3o \u00e9 um pa\u00eds rico e com alto grau de desenvolvimento humano. Enfrenta um grande dilema em rela\u00e7\u00e3o \u00e0 sua estrutura populacional: o pa\u00eds est\u00e1 envelhecendo. Devido \u00e0 diminui\u00e7\u00e3o da taxa de natalidade e fecundidade associados ao aumento da esperan\u00e7a de vida, a popula\u00e7\u00e3o em idade idosa s\u00f3 aumenta, ao passo que a popula\u00e7\u00e3o jovem est\u00e1 diminuindo. Esse cen\u00e1rio \u00e9 comum em pa\u00edses desenvolvidos e ricos, com baixo grau de pobreza como em v\u00e1rios pa\u00edses da Uni\u00e3o Europeia, Canad\u00e1 e Austr\u00e1lia.<\/p>\n<p style=\"text-align: justify\">Poucos jovens e muitos idosos na popula\u00e7\u00e3o significa menos gente em idade ativa para o trabalho. Com isso, a robotiza\u00e7\u00e3o do trabalho \u00e9 apontada como uma alternativa a esse problema demogr\u00e1fico, e tem sido incentivada no Jap\u00e3o.<\/p>\n<p style=\"text-align: justify\">Ademais, as outras alternativas n\u00e3o fazem muito sentido. Mesmo que houvesse, a fragilidade da legisla\u00e7\u00e3o do pa\u00eds sobre os limites da biotecnologia n\u00e3o seria o motivo pelo qual a rob\u00f3tica do pa\u00eds se desenvolve, pois \u00e9 um ramo muito ben\u00e9fico para a sociedade. Por ser um pa\u00eds rico e desenvolvido, com um \u00f3timo grau de escolariza\u00e7\u00e3o, n\u00e3o enfrenta d\u00e9ficit em qualifica\u00e7\u00e3o profissional dos trabalhadores japoneses e n\u00e3o possui baixa produtividade dos setores industriais tradicionais do Jap\u00e3o, pelo contr\u00e1rio ela \u00e9 alta.<\/p>\n<p style=\"text-align: justify\"><strong>Gabarito: C<\/strong><\/p>\n<p>&nbsp;<\/p>\n<ol style=\"text-align: justify\" start=\"74\">\n<li>O ir e vir entre a capital paranaense e as cidades da Regi\u00e3o Metropolitana de Curitiba (RMC) mudou na \u00faltima d\u00e9cada. Se antes as cidades da RMC eram dormit\u00f3rios, hoje atraem muitos profissionais que optam por morar na capital, com sua infraestrutura completa, e trabalhar nos munic\u00edpios vizinhos.<\/li>\n<\/ol>\n<p style=\"text-align: justify\">(Gazeta do Povo. https:\/\/www.gazetadopovo.com.br. 19.12.2012. Adaptado)<\/p>\n<p style=\"text-align: justify\">O deslocamento populacional evidente no excerto \u00e9 denominado<\/p>\n<p style=\"text-align: justify\">(A) migra\u00e7\u00e3o pendular.<\/p>\n<p style=\"text-align: justify\">(B) \u00eaxodo rural.<\/p>\n<p style=\"text-align: justify\">(C) nomadismo.<\/p>\n<p style=\"text-align: justify\">(D) migra\u00e7\u00e3o urbano-rural.<\/p>\n<p style=\"text-align: justify\">(E) transum\u00e2ncia.<\/p>\n<p style=\"text-align: center\"><strong><u>COMENT\u00c1RIOS:<\/u><\/strong><\/p>\n<p style=\"text-align: justify\">O deslocamento populacional descrito no enunciado \u00e9 a migra\u00e7\u00e3o pendular, um conceito super cl\u00e1ssico da geografia trabalhado at\u00e9 mesmo no ensino fundamental.<\/p>\n<p style=\"text-align: justify\">A migra\u00e7\u00e3o pendular \u00e9 muito comum nas grandes regi\u00f5es metropolitanas do Brasil. Ap\u00f3s realizar a atividade profissional ou cumprir a carga hor\u00e1ria de estudo, essas pessoas retornam para as cidades onde residem. O nome pendular vem de pendulo, imitando o movimento de ida e volta realizado por um pendulo.<\/p>\n<p style=\"text-align: justify\">A migra\u00e7\u00e3o pendular est\u00e1 essencialmente vinculada ao mercado de trabalho e educacional e \u00e9 fruto da segrega\u00e7\u00e3o urbana e da concentra\u00e7\u00e3o das atividades produtivas em determinados espa\u00e7os, como as grandes e m\u00e9dias cidades e a cidade central das regi\u00f5es metropolitanas.<\/p>\n<p style=\"text-align: justify\"><strong>Gabarito: A<\/strong><\/p>\n<p>&nbsp;<\/p>\n<ol style=\"text-align: justify\" start=\"75\">\n<li>V\u00e1rias organiza\u00e7\u00f5es humanit\u00e1rias alertaram nesta segunda-feira (05.02.2018) os pa\u00edses que recebem refugiados s\u00edrios no Oriente M\u00e9dio e no Ocidente contra o retorno for\u00e7ado destes \u00e0 S\u00edria. As ONGs lamentaram em um relat\u00f3rio uma tend\u00eancia alarmante a favor das expuls\u00f5es. De acordo com o mesmo informe, um n\u00famero tr\u00eas vezes superior de s\u00edrios foram obrigados a abandonar suas casas no ano passado. Para o ano de 2018, s\u00e3o esperados 1,5 milh\u00e3o de deslocados adicionais.<\/li>\n<\/ol>\n<p style=\"text-align: justify\">(Isto\u00e9. http:\/\/istoe.com.br. 05.02.2018. Adaptado)<\/p>\n<p style=\"text-align: justify\">A crise dos refugiados s\u00edrios tem origem<\/p>\n<p style=\"text-align: justify\">(A) na consolida\u00e7\u00e3o de um Estado teocr\u00e1tico crist\u00e3o na S\u00edria.<\/p>\n<p style=\"text-align: justify\">(B) no apoio b\u00e9lico russo a grupos extremistas do Oriente M\u00e9dio.<\/p>\n<p style=\"text-align: justify\">(C) na interven\u00e7\u00e3o militar dos Estados Unidos em apoio ao governo s\u00edrio.<\/p>\n<p style=\"text-align: justify\">(D) nos desdobramentos da Primavera \u00c1rabe no pa\u00eds.<\/p>\n<p style=\"text-align: justify\">(E) no controle estatal das regi\u00f5es s\u00edrias produtoras de petr\u00f3leo.<\/p>\n<p style=\"text-align: center\"><strong><u>COMENT\u00c1RIOS:<\/u><\/strong><\/p>\n<p style=\"text-align: justify\">A crise dos refugiados s\u00edrios tem origem nos desdobramentos da Primavera \u00c1rabe, que levou o pa\u00eds para uma sangrenta guerra civil, iniciada em 2011. Por causa da guerra, mais de 5 milh\u00f5es de pessoas tiveram que fugir do pa\u00eds.<\/p>\n<p style=\"text-align: justify\">A S\u00edria n\u00e3o \u00e9 um Estado teocr\u00e1tico e a maioria da sua popula\u00e7\u00e3o \u00e9 mu\u00e7ulmana, os crist\u00e3os s\u00e3o minoria no pa\u00eds. Os russos n\u00e3o apoiam grupos extremistas no Oriente M\u00e9dio. Os Estados Unidos tamb\u00e9m n\u00e3o apoiam o governo s\u00edrio, s\u00e3o contr\u00e1rios ao governo de Bashar al Assad. Por fim, a crise n\u00e3o tem origem no controle estatal das regi\u00f5es s\u00edrias produtoras de petr\u00f3leo.<\/p>\n<p style=\"text-align: justify\"><strong>Gabarito: D<\/strong><\/p>\n<p>&nbsp;<\/p>\n<p style=\"text-align: center\"><span style=\"text-decoration: underline\"><strong>ATUALIDADES<\/strong><\/span><\/p>\n<p>&nbsp;<\/p>\n<ol style=\"text-align: justify\" start=\"76\">\n<li>A audi\u00eancia de concilia\u00e7\u00e3o designada pela ministra do Supremo Tribunal Federal Rosa Weber durou cerca de tr\u00eas horas e reuniu representantes do governo federal, do governo de Roraima, da Defensoria P\u00fablica da Uni\u00e3o e de organiza\u00e7\u00f5es de defesa dos direitos humanos. A governadora de Roraima, Suely Campos, apresentou uma proposta que prev\u00ea ressarcimento, por parte do governo federal, de R$ 184 milh\u00f5es de reais aos cofres do estado. O valor, segundo ela, \u00e9 referente a recursos gastos desde 2016 nas \u00e1reas de sa\u00fade, educa\u00e7\u00e3o e seguran\u00e7a por causa da migra\u00e7\u00e3o de venezuelanos.<\/li>\n<\/ol>\n<p style=\"text-align: justify\">(EBC, 18 mai.18. Dispon\u00edvel em: . Adaptado)<\/p>\n<p style=\"text-align: justify\">Antes da proposta de ressarcimento, a demanda originalmente apresentada pelo governo de Roraima estava relacionada<\/p>\n<p style=\"text-align: justify\">(A) \u00e0 ruptura das rela\u00e7\u00f5es diplom\u00e1ticas entre os pa\u00edses.<\/p>\n<p style=\"text-align: justify\">(B) \u00e0 distribui\u00e7\u00e3o dos imigrantes venezuelanos por outros estados.<\/p>\n<p style=\"text-align: justify\">(C) \u00e0 triagem socioecon\u00f4mica no acesso de venezuelanos ao Brasil.<\/p>\n<p style=\"text-align: justify\">(D) \u00e0 expuls\u00e3o do Brasil dos imigrantes venezuelanos ilegais.<\/p>\n<p style=\"text-align: justify\">(E) ao fechamento da fronteira do Brasil com a Venezuela.<\/p>\n<p style=\"text-align: center\"><strong><u>COMENT\u00c1RIOS:<\/u><\/strong><\/p>\n<p style=\"text-align: justify\">A audi\u00eancia designada pela ministra Rosa Weber, a pedido da governadora de Roraima, teve originalmente como proposta o fechamento da fronteira do Brasil com a Venezuela. O governo federal disse que a proposta de fechamento da fronteira \u00e9 inegoci\u00e1vel. Em resposta, a governadora de Roraima, Suely Campos, apresentou uma proposta que prev\u00ea ressarcimento, por parte do governo federal, de R$ 184 milh\u00f5es de reais aos cofres do estado.<\/p>\n<p style=\"text-align: justify\"><strong>Gabarito: E<\/strong><\/p>\n<p>&nbsp;<\/p>\n<ol style=\"text-align: justify\" start=\"77\">\n<li>O presidente da Petrobras, Pedro Parente, pediu demiss\u00e3o na manh\u00e3 desta sexta-feira (1o de junho de 2018) em car\u00e1ter \u201cirrevog\u00e1vel e irretrat\u00e1vel\u201d. Parente ficou exatamente dois anos no comando da Petrobras, j\u00e1 que tomou posse no dia 1o de junho de 2016.<\/li>\n<\/ol>\n<p style=\"text-align: justify\">(G1, 1 jun.18. Dispon\u00edvel em: . Adaptado)<\/p>\n<p style=\"text-align: justify\">A decis\u00e3o de Pedro Parente, ocorrida ap\u00f3s a paralisa\u00e7\u00e3o dos caminhoneiros, teve como fundamento<\/p>\n<p style=\"text-align: justify\">(A) o impacto nos recursos financeiros da Petrobras ocasionado pela queda no consumo de combust\u00edveis.<\/p>\n<p style=\"text-align: justify\">(B) o questionamento sobre a pol\u00edtica de pre\u00e7os da Petrobras adotada durante a sua gest\u00e3o.<\/p>\n<p style=\"text-align: justify\">(C) a oposi\u00e7\u00e3o com rela\u00e7\u00e3o \u00e0 decis\u00e3o do governo federal em subsidiar a produ\u00e7\u00e3o de combust\u00edveis.<\/p>\n<p style=\"text-align: justify\">(D) o comprometimento da balan\u00e7a de pagamentos do governo federal devido \u00e0 estatiza\u00e7\u00e3o de refinarias.<\/p>\n<p style=\"text-align: justify\">(E) a cr\u00edtica p\u00fablica que a Petrobras recebeu do governo federal, responsabilizando-a pela crise.<\/p>\n<p style=\"text-align: center\"><strong><u>COMENT\u00c1RIOS:<\/u><\/strong><\/p>\n<p style=\"text-align: justify\">Pedro Parente, ex-presidente da Petrobras, pediu demiss\u00e3o em meio \u00e0 forte press\u00e3o que sofreu durante a greve dos caminhoneiros. O movimento colocou no centro do debate a pol\u00edtica de pre\u00e7os de combust\u00edveis da estatal que foi adotada durante a sua gest\u00e3o.<\/p>\n<p style=\"text-align: justify\">Uma das reivindica\u00e7\u00f5es dos grevistas era a redu\u00e7\u00e3o no pre\u00e7o do \u00f3leo diesel, com cr\u00edticas \u00e0 Petrobras pela extrema volatilidade e eleva\u00e7\u00e3o dos pre\u00e7os, com varia\u00e7\u00f5es di\u00e1rias ou quase di\u00e1rias.<\/p>\n<p style=\"text-align: justify\">Essas varia\u00e7\u00f5es e eleva\u00e7\u00f5es di\u00e1rias ou quase di\u00e1rias se iniciaram com a nova pol\u00edtica de forma\u00e7\u00e3o de pre\u00e7os, implantada em julho de 2017, na gest\u00e3o de Pedro Parente. A base para a defini\u00e7\u00e3o dos pre\u00e7os passou a ser as oscila\u00e7\u00f5es dos pre\u00e7os do barril de petr\u00f3leo no mercado internacional e do d\u00f3lar que variam diariamente e est\u00e3o em alta no mercado internacional.<\/p>\n<p style=\"text-align: justify\"><strong>Gabarito: B<\/strong><\/p>\n<p>&nbsp;<\/p>\n<ol style=\"text-align: justify\" start=\"78\">\n<li>O Fundo Monet\u00e1rio Internacional (FMI) avalia como avan\u00e7adas as negocia\u00e7\u00f5es para um acordo com o pa\u00eds, que solicitou uma linha de cr\u00e9dito \u201cstand-by\u201d para combater uma recente crise cambial e seguir adiante com as reformas econ\u00f4micas do governo.<\/li>\n<\/ol>\n<p style=\"text-align: justify\">(Valor, 4 jun.18. Dispon\u00edvel em: . Adaptado)<\/p>\n<p style=\"text-align: justify\">A not\u00edcia aborda a situa\u00e7\u00e3o econ\u00f4mica<\/p>\n<p style=\"text-align: justify\">(A) chilena.<\/p>\n<p style=\"text-align: justify\">(B) colombiana.<\/p>\n<p style=\"text-align: justify\">(C) argentina.<\/p>\n<p style=\"text-align: justify\">(D) paraguaia.<\/p>\n<p style=\"text-align: justify\">(E) uruguaia.<\/p>\n<p style=\"text-align: center\"><strong><u>COMENT\u00c1RIOS:<\/u><\/strong><\/p>\n<p style=\"text-align: justify\">A not\u00edcia aborda a situa\u00e7\u00e3o econ\u00f4mica da Argentina. O pa\u00eds est\u00e1 em meio \u00e0 uma turbul\u00eancia financeira com uma \u201cfuga\u201d de d\u00f3lares do pa\u00eds, a forte desvaloriza\u00e7\u00e3o da sua moeda e a eleva\u00e7\u00e3o da taxa b\u00e1sica de juros. Como as reservas internacionais de d\u00f3lares da Argentina s\u00e3o baixas, o pa\u00eds teve que recorrer a um empr\u00e9stimo do FMI, para ter d\u00f3lares suficientes para honrar os pagamentos de parcelas de seus empr\u00e9stimos internacionais.<\/p>\n<p style=\"text-align: justify\"><strong>Gabarito: C<\/strong><\/p>\n<p>&nbsp;<\/p>\n<ol style=\"text-align: justify\" start=\"79\">\n<li>O supremo l\u00edder do Ir\u00e3, aiatol\u00e1 Ali Khamenei, afirmou nesta segunda-feira (4 de junho de 2018) que qualquer um que lan\u00e7ar um m\u00edssil contra o pa\u00eds \u201cser\u00e1 atingido por dez\u201d em resposta. Al\u00e9m disso, Khamenei minimizou os temores de um eventual ataque, qualificando isso apenas como \u201cpropaganda\u201d do Ocidente.<\/li>\n<\/ol>\n<p style=\"text-align: justify\">(Exame, 4 jun.18. Dispon\u00edvel em: . Adaptado)<\/p>\n<p style=\"text-align: justify\">As tens\u00f5es entre o Ir\u00e3 e o Ocidente ressurgiram desde que<\/p>\n<p style=\"text-align: justify\">(A) o Ir\u00e3 interviu na quest\u00e3o Palestina, defendendo o direito dos palestinos ao seu pr\u00f3prio Estado nacional.<\/p>\n<p style=\"text-align: justify\">(B) os EUA decidiram bombardear a S\u00edria e passaram a amea\u00e7ar a hegemonia iraniana sobre o Oriente M\u00e9dio.<\/p>\n<p style=\"text-align: justify\">(C) os EUA acusaram o Ir\u00e3 de financiar as a\u00e7\u00f5es do Estado Isl\u00e2mico e dar abrigo a grupos fundamentalistas.<\/p>\n<p style=\"text-align: justify\">(D) a Uni\u00e3o Europeia colocou em d\u00favida o acordo nuclear com o Ir\u00e3 por sentir-se amea\u00e7ada pelo pa\u00eds persa.<\/p>\n<p style=\"text-align: justify\">(E) o presidente Donald Trump retirou os EUA do acordo nuclear das pot\u00eancias mundiais com o Ir\u00e3.<\/p>\n<p style=\"text-align: center\"><strong><u>COMENT\u00c1RIOS:<\/u><\/strong><\/p>\n<p style=\"text-align: justify\">As tens\u00f5es entre o Ir\u00e3 e o Ocidente ressurgiram desde que o presidente Donald Trump retirou os EUA do acordo nuclear estabelecido entre pot\u00eancias mundiais com o Ir\u00e3.<\/p>\n<p style=\"text-align: justify\">Em 2015, o Ir\u00e3 e o grupo de pa\u00edses denominado de 5+1 (EUA, Fran\u00e7a, Reino Unido, R\u00fassia e China + Alemanha) chegaram a um acordo sobre o programa nuclear do pa\u00eds. O Ir\u00e3 se comprometeu a limitar suas atividades nucleares em troca do al\u00edvio em san\u00e7\u00f5es internacionais, abrindo o caminho para uma normaliza\u00e7\u00e3o da presen\u00e7a do pa\u00eds no cen\u00e1rio internacional.<\/p>\n<p style=\"text-align: justify\">Em 2018, entretanto, os Estados Unidos anunciaram a sua retirada do acordo articulado pelo ex-presidente Barack Obama. Com a sa\u00edda do acordo, os EUA retomaram a aplica\u00e7\u00e3o de san\u00e7\u00f5es econ\u00f4micas ao Ir\u00e3 em seu mais alto n\u00edvel.<\/p>\n<p style=\"text-align: justify\"><strong>Gabarito: E<\/strong><\/p>\n<p>&nbsp;<\/p>\n<ol style=\"text-align: justify\" start=\"80\">\n<li>A comunidade mais abalada pelo vulc\u00e3o foi isolada ap\u00f3s a decreta\u00e7\u00e3o de uma nova retirada obrigat\u00f3ria na quinta-feira (31 de maio de 2018), quando a erup\u00e7\u00e3o chegou \u00e0 sua quarta semana sem fim \u00e0 vista. Autoridades da Defesa Civil haviam dito que cerca de dois mil moradores foram retirados no in\u00edcio da erup\u00e7\u00e3o atual, que come\u00e7ou no dia 3 de maio. Mas a estimativa \u00e9 de que o n\u00famero total de deslocados tenha subido para cerca de 2500. A erup\u00e7\u00e3o de vulc\u00e3o chegou \u00e0 4a semana.<\/li>\n<\/ol>\n<p style=\"text-align: justify\">(UOL, 1 jun.18. Dispon\u00edvel em: . Adaptado)<\/p>\n<p style=\"text-align: justify\">Pelo menos 62 pessoas morreram e 300 ficaram feridas ap\u00f3s a erup\u00e7\u00e3o do Vulc\u00e3o de Fogo neste domingo (3 de junho de 2018), que provocou uma nuvem de pequenas pedras e cinzas que cobriu a regi\u00e3o da capital do pa\u00eds. A expectativa oficial \u00e9 de que o saldo de mortes aumente. A maioria das v\u00edtimas morreu queimada devido aos rios de lava e \u00e0 avalanche de detritos que chegaram a temperaturas perto de 700 \u00baC, atingindo o vilarejo mais pr\u00f3ximo do vulc\u00e3o.<\/p>\n<p style=\"text-align: justify\">(Folha de S. Paulo, 3 jun.18. Dispon\u00edvel em: . Adaptado)<\/p>\n<p style=\"text-align: justify\">As duas erup\u00e7\u00f5es ocorreram, respectivamente, no<\/p>\n<p style=\"text-align: justify\">(A) Hava\u00ed e na Guatemala.<\/p>\n<p style=\"text-align: justify\">(B) Afeganist\u00e3o e na China.<\/p>\n<p style=\"text-align: justify\">(C) Paquist\u00e3o e no Jap\u00e3o.<\/p>\n<p style=\"text-align: justify\">(D) Alasca e na Sib\u00e9ria.<\/p>\n<p style=\"text-align: justify\">(E) M\u00e9xico e no Nepal.<\/p>\n<p style=\"text-align: center\"><strong><u>COMENT\u00c1RIOS:<\/u><\/strong><\/p>\n<p style=\"text-align: justify\">Tendo conhecimento de apenas um dos fatos j\u00e1 era poss\u00edvel resolver a quest\u00e3o, pois n\u00e3o h\u00e1 pa\u00edses repetidos nas alternativas apresentadas.<\/p>\n<p style=\"text-align: justify\">A primeira not\u00edcia se refere \u00e0 erup\u00e7\u00e3o do Vulc\u00e3o Kilauea no Hava\u00ed, que come\u00e7ou em maio e foi at\u00e9 o m\u00eas de junho. Muitos nativos foram deslocados e muitas constru\u00e7\u00f5es destru\u00eddas, mas n\u00e3o se registrou nenhuma morte.<\/p>\n<p style=\"text-align: justify\">A segunda not\u00edcia trata da erup\u00e7\u00e3o do Vulc\u00e3o de Fogo, na Guatemala. Foi a maior erup\u00e7\u00e3o dos \u00faltimos anos, onde se registraram dezenas de mortes e centenas de pessoas ficaram feridas.<\/p>\n<p style=\"text-align: justify\"><strong>Gabarito: A<\/strong><\/p>\n","protected":false},"excerpt":{"rendered":"<p>Ol\u00e1 pessoal, No dia de ontem n\u00e3o estava bem de sa\u00fade, por isso n\u00e3o participei da corre\u00e7\u00e3o da prova ao vivo realizada pelo Estrat\u00e9gia Concursos. Seguem os meus coment\u00e1rios \u00e0s quest\u00f5es da prova. No geral, foi uma prova com quest\u00f5es de padr\u00e3o f\u00e1cil e m\u00e9dio e uma ou outra quest\u00e3o de maior dificuldade, daquelas que [&hellip;]<\/p>\n","protected":false},"author":306,"featured_media":0,"comment_status":"open","ping_status":"closed","sticky":false,"template":"","format":"standard","meta":{"post_tipo":"article","footnotes":""},"categories":[1,1988],"tags":[549,1819,3756],"tax_estado":[],"class_list":["post-130183","post","type-post","status-publish","format-standard","hentry","category-cursos-e-concursos","category-policia","tag-atualidades","tag-conhecimentos-gerais","tag-leandro-signori"],"acf":[],"yoast_head":"<!-- This site is optimized with the Yoast SEO Premium plugin v27.2 (Yoast SEO v27.2) - https:\/\/yoast.com\/product\/yoast-seo-premium-wordpress\/ -->\n<title>PC\/SP - Auxiliar de Papiloscopista - Coment\u00e1rios - Atualidades e Conhecimentos Gerais<\/title>\n<meta name=\"robots\" content=\"index, follow, max-snippet:-1, max-image-preview:large, max-video-preview:-1\" \/>\n<link rel=\"canonical\" href=\"https:\/\/www.estrategiaconcursos.com.br\/blog\/pc-sp-auxiliar-de-papiloscopista-comentarios-atualidades-e-conhecimentos-gerais\/\" \/>\n<meta property=\"og:locale\" content=\"pt_BR\" \/>\n<meta property=\"og:type\" content=\"article\" \/>\n<meta property=\"og:title\" content=\"PC\/SP - Auxiliar de Papiloscopista - Coment\u00e1rios - Atualidades e Conhecimentos Gerais\" \/>\n<meta property=\"og:description\" content=\"Ol\u00e1 pessoal, No dia de ontem n\u00e3o estava bem de sa\u00fade, por isso n\u00e3o participei da corre\u00e7\u00e3o da prova ao vivo realizada pelo Estrat\u00e9gia Concursos. Seguem os meus coment\u00e1rios \u00e0s quest\u00f5es da prova. No geral, foi uma prova com quest\u00f5es de padr\u00e3o f\u00e1cil e m\u00e9dio e uma ou outra quest\u00e3o de maior dificuldade, daquelas que [&hellip;]\" \/>\n<meta property=\"og:url\" content=\"https:\/\/www.estrategiaconcursos.com.br\/blog\/pc-sp-auxiliar-de-papiloscopista-comentarios-atualidades-e-conhecimentos-gerais\/\" \/>\n<meta property=\"og:site_name\" content=\"Estrat\u00e9gia Concursos\" \/>\n<meta property=\"article:author\" content=\"https:\/\/www.facebook.com\/leandrosignoriatualidades\/\" \/>\n<meta property=\"article:published_time\" content=\"2018-07-11T15:45:41+00:00\" \/>\n<meta property=\"article:modified_time\" content=\"2018-07-11T15:46:11+00:00\" \/>\n<meta name=\"author\" content=\"Leandro Signori\" \/>\n<meta name=\"twitter:card\" content=\"summary_large_image\" \/>\n<meta name=\"twitter:creator\" content=\"@EstratConcursos\" \/>\n<meta name=\"twitter:site\" content=\"@EstratConcursos\" \/>\n<meta name=\"twitter:label1\" content=\"Escrito por\" \/>\n\t<meta name=\"twitter:data1\" content=\"Leandro Signori\" \/>\n\t<meta name=\"twitter:label2\" content=\"Est. tempo de leitura\" \/>\n\t<meta name=\"twitter:data2\" content=\"20 minutos\" \/>\n<script type=\"application\/ld+json\" class=\"yoast-schema-graph\">{\"@context\":\"https:\/\/schema.org\",\"@graph\":[{\"@type\":\"NewsArticle\",\"@id\":\"https:\/\/www.estrategiaconcursos.com.br\/blog\/pc-sp-auxiliar-de-papiloscopista-comentarios-atualidades-e-conhecimentos-gerais\/#article\",\"isPartOf\":{\"@id\":\"https:\/\/www.estrategiaconcursos.com.br\/blog\/pc-sp-auxiliar-de-papiloscopista-comentarios-atualidades-e-conhecimentos-gerais\/\"},\"author\":{\"name\":\"Leandro Signori\",\"@id\":\"https:\/\/www.estrategiaconcursos.com.br\/blog\/#\/schema\/person\/d2e7d78de4b9d6ba51cc24fd558a7f42\"},\"headline\":\"PC\/SP &#8211; Auxiliar de Papiloscopista &#8211; Coment\u00e1rios &#8211; Atualidades e Conhecimentos Gerais\",\"datePublished\":\"2018-07-11T15:45:41+00:00\",\"dateModified\":\"2018-07-11T15:46:11+00:00\",\"mainEntityOfPage\":{\"@id\":\"https:\/\/www.estrategiaconcursos.com.br\/blog\/pc-sp-auxiliar-de-papiloscopista-comentarios-atualidades-e-conhecimentos-gerais\/\"},\"wordCount\":3956,\"commentCount\":3,\"publisher\":{\"@id\":\"https:\/\/www.estrategiaconcursos.com.br\/blog\/#organization\"},\"keywords\":[\"Atualidades\",\"Conhecimentos Gerais\",\"Leandro Signori\"],\"articleSection\":[\"Concursos P\u00fablicos\",\"Policial (Agente, Escriv\u00e3o e Investigador)\"],\"inLanguage\":\"pt-BR\",\"potentialAction\":[{\"@type\":\"CommentAction\",\"name\":\"Comment\",\"target\":[\"https:\/\/www.estrategiaconcursos.com.br\/blog\/pc-sp-auxiliar-de-papiloscopista-comentarios-atualidades-e-conhecimentos-gerais\/#respond\"]}],\"copyrightYear\":\"2018\",\"copyrightHolder\":{\"@id\":\"https:\/\/www.estrategiaconcursos.com.br\/blog\/#organization\"}},{\"@type\":\"WebPage\",\"@id\":\"https:\/\/www.estrategiaconcursos.com.br\/blog\/pc-sp-auxiliar-de-papiloscopista-comentarios-atualidades-e-conhecimentos-gerais\/\",\"url\":\"https:\/\/www.estrategiaconcursos.com.br\/blog\/pc-sp-auxiliar-de-papiloscopista-comentarios-atualidades-e-conhecimentos-gerais\/\",\"name\":\"PC\/SP - Auxiliar de Papiloscopista - Coment\u00e1rios - Atualidades e Conhecimentos Gerais\",\"isPartOf\":{\"@id\":\"https:\/\/www.estrategiaconcursos.com.br\/blog\/#website\"},\"datePublished\":\"2018-07-11T15:45:41+00:00\",\"dateModified\":\"2018-07-11T15:46:11+00:00\",\"breadcrumb\":{\"@id\":\"https:\/\/www.estrategiaconcursos.com.br\/blog\/pc-sp-auxiliar-de-papiloscopista-comentarios-atualidades-e-conhecimentos-gerais\/#breadcrumb\"},\"inLanguage\":\"pt-BR\",\"potentialAction\":[{\"@type\":\"ReadAction\",\"target\":[\"https:\/\/www.estrategiaconcursos.com.br\/blog\/pc-sp-auxiliar-de-papiloscopista-comentarios-atualidades-e-conhecimentos-gerais\/\"]}]},{\"@type\":\"BreadcrumbList\",\"@id\":\"https:\/\/www.estrategiaconcursos.com.br\/blog\/pc-sp-auxiliar-de-papiloscopista-comentarios-atualidades-e-conhecimentos-gerais\/#breadcrumb\",\"itemListElement\":[{\"@type\":\"ListItem\",\"position\":1,\"name\":\"In\u00edcio\",\"item\":\"https:\/\/www.estrategiaconcursos.com.br\/blog\/\"},{\"@type\":\"ListItem\",\"position\":2,\"name\":\"PC\/SP &#8211; Auxiliar de Papiloscopista &#8211; Coment\u00e1rios &#8211; Atualidades e Conhecimentos Gerais\"}]},{\"@type\":\"WebSite\",\"@id\":\"https:\/\/www.estrategiaconcursos.com.br\/blog\/#website\",\"url\":\"https:\/\/www.estrategiaconcursos.com.br\/blog\/\",\"name\":\"Estrat\u00e9gia Concursos\",\"description\":\"O blog da Estrat\u00e9gia Concursos traz not\u00edcias sobre concursos e artigos de professores oferecendo cursos para concursos (pdf + videaulas) no site.\",\"publisher\":{\"@id\":\"https:\/\/www.estrategiaconcursos.com.br\/blog\/#organization\"},\"potentialAction\":[{\"@type\":\"SearchAction\",\"target\":{\"@type\":\"EntryPoint\",\"urlTemplate\":\"https:\/\/www.estrategiaconcursos.com.br\/blog\/?s={search_term_string}\"},\"query-input\":{\"@type\":\"PropertyValueSpecification\",\"valueRequired\":true,\"valueName\":\"search_term_string\"}}],\"inLanguage\":\"pt-BR\"},{\"@type\":\"Organization\",\"@id\":\"https:\/\/www.estrategiaconcursos.com.br\/blog\/#organization\",\"name\":\"Estrat\u00e9gia Concursos\",\"url\":\"https:\/\/www.estrategiaconcursos.com.br\/blog\/\",\"logo\":{\"@type\":\"ImageObject\",\"inLanguage\":\"pt-BR\",\"@id\":\"https:\/\/www.estrategiaconcursos.com.br\/blog\/#\/schema\/logo\/image\/\",\"url\":\"https:\/\/dhg1h5j42swfq.cloudfront.net\/2025\/06\/03203428\/logo_concursos-1.jpg\",\"contentUrl\":\"https:\/\/dhg1h5j42swfq.cloudfront.net\/2025\/06\/03203428\/logo_concursos-1.jpg\",\"width\":230,\"height\":60,\"caption\":\"Estrat\u00e9gia Concursos\"},\"image\":{\"@id\":\"https:\/\/www.estrategiaconcursos.com.br\/blog\/#\/schema\/logo\/image\/\"},\"sameAs\":[\"https:\/\/x.com\/EstratConcursos\"]},{\"@type\":\"Person\",\"@id\":\"https:\/\/www.estrategiaconcursos.com.br\/blog\/#\/schema\/person\/d2e7d78de4b9d6ba51cc24fd558a7f42\",\"name\":\"Leandro Signori\",\"image\":{\"@type\":\"ImageObject\",\"inLanguage\":\"pt-BR\",\"@id\":\"https:\/\/secure.gravatar.com\/avatar\/aa2ef98e93764dcf1758f52d2792d4b3e4089ee25bc520608dde62ad802ae541?s=96&d=mm&r=g\",\"url\":\"https:\/\/secure.gravatar.com\/avatar\/aa2ef98e93764dcf1758f52d2792d4b3e4089ee25bc520608dde62ad802ae541?s=96&d=mm&r=g\",\"contentUrl\":\"https:\/\/secure.gravatar.com\/avatar\/aa2ef98e93764dcf1758f52d2792d4b3e4089ee25bc520608dde62ad802ae541?s=96&d=mm&r=g\",\"caption\":\"Leandro Signori\"},\"description\":\"Licenciado em Geografia pela Universidade Federal do Rio Grande do Sul (UFRGS) e Bacharel em Geografia pela Uniceub (Bras\u00edlia). Como servidor p\u00fablico, foi funcion\u00e1rio da Prefeitura de S\u00e3o Leopoldo (RS), Prefeitura de Porto Alegre (RS), Companhia Riograndense de Saneamento (Corsan) e Minist\u00e9rio da Integra\u00e7\u00e3o Nacional. \u00c9 professor de Geografia para o ensino m\u00e9dio na rede particular de ensino. Leciona as disciplinas de Atualidades, Conhecimentos Gerais, Geografia, Realidade Brasileira e Hist\u00f3ria, em cursos on line e presenciais preparat\u00f3rios para concursos p\u00fablicos.\",\"sameAs\":[\"https:\/\/www.facebook.com\/leandrosignoriatualidades\/\"],\"url\":\"https:\/\/www.estrategiaconcursos.com.br\/blog\/author\/leandroestrategiaconcursos-com-br\/\"}]}<\/script>\n<!-- \/ Yoast SEO Premium plugin. -->","yoast_head_json":{"title":"PC\/SP - Auxiliar de Papiloscopista - Coment\u00e1rios - Atualidades e Conhecimentos Gerais","robots":{"index":"index","follow":"follow","max-snippet":"max-snippet:-1","max-image-preview":"max-image-preview:large","max-video-preview":"max-video-preview:-1"},"canonical":"https:\/\/www.estrategiaconcursos.com.br\/blog\/pc-sp-auxiliar-de-papiloscopista-comentarios-atualidades-e-conhecimentos-gerais\/","og_locale":"pt_BR","og_type":"article","og_title":"PC\/SP - Auxiliar de Papiloscopista - Coment\u00e1rios - Atualidades e Conhecimentos Gerais","og_description":"Ol\u00e1 pessoal, No dia de ontem n\u00e3o estava bem de sa\u00fade, por isso n\u00e3o participei da corre\u00e7\u00e3o da prova ao vivo realizada pelo Estrat\u00e9gia Concursos. Seguem os meus coment\u00e1rios \u00e0s quest\u00f5es da prova. No geral, foi uma prova com quest\u00f5es de padr\u00e3o f\u00e1cil e m\u00e9dio e uma ou outra quest\u00e3o de maior dificuldade, daquelas que [&hellip;]","og_url":"https:\/\/www.estrategiaconcursos.com.br\/blog\/pc-sp-auxiliar-de-papiloscopista-comentarios-atualidades-e-conhecimentos-gerais\/","og_site_name":"Estrat\u00e9gia Concursos","article_author":"https:\/\/www.facebook.com\/leandrosignoriatualidades\/","article_published_time":"2018-07-11T15:45:41+00:00","article_modified_time":"2018-07-11T15:46:11+00:00","author":"Leandro Signori","twitter_card":"summary_large_image","twitter_creator":"@EstratConcursos","twitter_site":"@EstratConcursos","twitter_misc":{"Escrito por":"Leandro Signori","Est. tempo de leitura":"20 minutos"},"schema":{"@context":"https:\/\/schema.org","@graph":[{"@type":"NewsArticle","@id":"https:\/\/www.estrategiaconcursos.com.br\/blog\/pc-sp-auxiliar-de-papiloscopista-comentarios-atualidades-e-conhecimentos-gerais\/#article","isPartOf":{"@id":"https:\/\/www.estrategiaconcursos.com.br\/blog\/pc-sp-auxiliar-de-papiloscopista-comentarios-atualidades-e-conhecimentos-gerais\/"},"author":{"name":"Leandro Signori","@id":"https:\/\/www.estrategiaconcursos.com.br\/blog\/#\/schema\/person\/d2e7d78de4b9d6ba51cc24fd558a7f42"},"headline":"PC\/SP &#8211; Auxiliar de Papiloscopista &#8211; Coment\u00e1rios &#8211; Atualidades e Conhecimentos Gerais","datePublished":"2018-07-11T15:45:41+00:00","dateModified":"2018-07-11T15:46:11+00:00","mainEntityOfPage":{"@id":"https:\/\/www.estrategiaconcursos.com.br\/blog\/pc-sp-auxiliar-de-papiloscopista-comentarios-atualidades-e-conhecimentos-gerais\/"},"wordCount":3956,"commentCount":3,"publisher":{"@id":"https:\/\/www.estrategiaconcursos.com.br\/blog\/#organization"},"keywords":["Atualidades","Conhecimentos Gerais","Leandro Signori"],"articleSection":["Concursos P\u00fablicos","Policial (Agente, Escriv\u00e3o e Investigador)"],"inLanguage":"pt-BR","potentialAction":[{"@type":"CommentAction","name":"Comment","target":["https:\/\/www.estrategiaconcursos.com.br\/blog\/pc-sp-auxiliar-de-papiloscopista-comentarios-atualidades-e-conhecimentos-gerais\/#respond"]}],"copyrightYear":"2018","copyrightHolder":{"@id":"https:\/\/www.estrategiaconcursos.com.br\/blog\/#organization"}},{"@type":"WebPage","@id":"https:\/\/www.estrategiaconcursos.com.br\/blog\/pc-sp-auxiliar-de-papiloscopista-comentarios-atualidades-e-conhecimentos-gerais\/","url":"https:\/\/www.estrategiaconcursos.com.br\/blog\/pc-sp-auxiliar-de-papiloscopista-comentarios-atualidades-e-conhecimentos-gerais\/","name":"PC\/SP - Auxiliar de Papiloscopista - Coment\u00e1rios - Atualidades e Conhecimentos Gerais","isPartOf":{"@id":"https:\/\/www.estrategiaconcursos.com.br\/blog\/#website"},"datePublished":"2018-07-11T15:45:41+00:00","dateModified":"2018-07-11T15:46:11+00:00","breadcrumb":{"@id":"https:\/\/www.estrategiaconcursos.com.br\/blog\/pc-sp-auxiliar-de-papiloscopista-comentarios-atualidades-e-conhecimentos-gerais\/#breadcrumb"},"inLanguage":"pt-BR","potentialAction":[{"@type":"ReadAction","target":["https:\/\/www.estrategiaconcursos.com.br\/blog\/pc-sp-auxiliar-de-papiloscopista-comentarios-atualidades-e-conhecimentos-gerais\/"]}]},{"@type":"BreadcrumbList","@id":"https:\/\/www.estrategiaconcursos.com.br\/blog\/pc-sp-auxiliar-de-papiloscopista-comentarios-atualidades-e-conhecimentos-gerais\/#breadcrumb","itemListElement":[{"@type":"ListItem","position":1,"name":"In\u00edcio","item":"https:\/\/www.estrategiaconcursos.com.br\/blog\/"},{"@type":"ListItem","position":2,"name":"PC\/SP &#8211; Auxiliar de Papiloscopista &#8211; Coment\u00e1rios &#8211; Atualidades e Conhecimentos Gerais"}]},{"@type":"WebSite","@id":"https:\/\/www.estrategiaconcursos.com.br\/blog\/#website","url":"https:\/\/www.estrategiaconcursos.com.br\/blog\/","name":"Estrat\u00e9gia Concursos","description":"O blog da Estrat\u00e9gia Concursos traz not\u00edcias sobre concursos e artigos de professores oferecendo cursos para concursos (pdf + videaulas) no site.","publisher":{"@id":"https:\/\/www.estrategiaconcursos.com.br\/blog\/#organization"},"potentialAction":[{"@type":"SearchAction","target":{"@type":"EntryPoint","urlTemplate":"https:\/\/www.estrategiaconcursos.com.br\/blog\/?s={search_term_string}"},"query-input":{"@type":"PropertyValueSpecification","valueRequired":true,"valueName":"search_term_string"}}],"inLanguage":"pt-BR"},{"@type":"Organization","@id":"https:\/\/www.estrategiaconcursos.com.br\/blog\/#organization","name":"Estrat\u00e9gia Concursos","url":"https:\/\/www.estrategiaconcursos.com.br\/blog\/","logo":{"@type":"ImageObject","inLanguage":"pt-BR","@id":"https:\/\/www.estrategiaconcursos.com.br\/blog\/#\/schema\/logo\/image\/","url":"https:\/\/dhg1h5j42swfq.cloudfront.net\/2025\/06\/03203428\/logo_concursos-1.jpg","contentUrl":"https:\/\/dhg1h5j42swfq.cloudfront.net\/2025\/06\/03203428\/logo_concursos-1.jpg","width":230,"height":60,"caption":"Estrat\u00e9gia Concursos"},"image":{"@id":"https:\/\/www.estrategiaconcursos.com.br\/blog\/#\/schema\/logo\/image\/"},"sameAs":["https:\/\/x.com\/EstratConcursos"]},{"@type":"Person","@id":"https:\/\/www.estrategiaconcursos.com.br\/blog\/#\/schema\/person\/d2e7d78de4b9d6ba51cc24fd558a7f42","name":"Leandro Signori","image":{"@type":"ImageObject","inLanguage":"pt-BR","@id":"https:\/\/secure.gravatar.com\/avatar\/aa2ef98e93764dcf1758f52d2792d4b3e4089ee25bc520608dde62ad802ae541?s=96&d=mm&r=g","url":"https:\/\/secure.gravatar.com\/avatar\/aa2ef98e93764dcf1758f52d2792d4b3e4089ee25bc520608dde62ad802ae541?s=96&d=mm&r=g","contentUrl":"https:\/\/secure.gravatar.com\/avatar\/aa2ef98e93764dcf1758f52d2792d4b3e4089ee25bc520608dde62ad802ae541?s=96&d=mm&r=g","caption":"Leandro Signori"},"description":"Licenciado em Geografia pela Universidade Federal do Rio Grande do Sul (UFRGS) e Bacharel em Geografia pela Uniceub (Bras\u00edlia). Como servidor p\u00fablico, foi funcion\u00e1rio da Prefeitura de S\u00e3o Leopoldo (RS), Prefeitura de Porto Alegre (RS), Companhia Riograndense de Saneamento (Corsan) e Minist\u00e9rio da Integra\u00e7\u00e3o Nacional. \u00c9 professor de Geografia para o ensino m\u00e9dio na rede particular de ensino. Leciona as disciplinas de Atualidades, Conhecimentos Gerais, Geografia, Realidade Brasileira e Hist\u00f3ria, em cursos on line e presenciais preparat\u00f3rios para concursos p\u00fablicos.","sameAs":["https:\/\/www.facebook.com\/leandrosignoriatualidades\/"],"url":"https:\/\/www.estrategiaconcursos.com.br\/blog\/author\/leandroestrategiaconcursos-com-br\/"}]}},"_links":{"self":[{"href":"https:\/\/www.estrategiaconcursos.com.br\/blog\/wp-json\/wp\/v2\/posts\/130183","targetHints":{"allow":["GET"]}}],"collection":[{"href":"https:\/\/www.estrategiaconcursos.com.br\/blog\/wp-json\/wp\/v2\/posts"}],"about":[{"href":"https:\/\/www.estrategiaconcursos.com.br\/blog\/wp-json\/wp\/v2\/types\/post"}],"author":[{"embeddable":true,"href":"https:\/\/www.estrategiaconcursos.com.br\/blog\/wp-json\/wp\/v2\/users\/306"}],"replies":[{"embeddable":true,"href":"https:\/\/www.estrategiaconcursos.com.br\/blog\/wp-json\/wp\/v2\/comments?post=130183"}],"version-history":[{"count":5,"href":"https:\/\/www.estrategiaconcursos.com.br\/blog\/wp-json\/wp\/v2\/posts\/130183\/revisions"}],"predecessor-version":[{"id":130660,"href":"https:\/\/www.estrategiaconcursos.com.br\/blog\/wp-json\/wp\/v2\/posts\/130183\/revisions\/130660"}],"wp:attachment":[{"href":"https:\/\/www.estrategiaconcursos.com.br\/blog\/wp-json\/wp\/v2\/media?parent=130183"}],"wp:term":[{"taxonomy":"category","embeddable":true,"href":"https:\/\/www.estrategiaconcursos.com.br\/blog\/wp-json\/wp\/v2\/categories?post=130183"},{"taxonomy":"post_tag","embeddable":true,"href":"https:\/\/www.estrategiaconcursos.com.br\/blog\/wp-json\/wp\/v2\/tags?post=130183"},{"taxonomy":"tax_estado","embeddable":true,"href":"https:\/\/www.estrategiaconcursos.com.br\/blog\/wp-json\/wp\/v2\/tax_estado?post=130183"}],"curies":[{"name":"wp","href":"https:\/\/api.w.org\/{rel}","templated":true}]}}