{"id":1300670,"date":"2024-03-04T09:42:50","date_gmt":"2024-03-04T12:42:50","guid":{"rendered":"https:\/\/www.estrategiaconcursos.com.br\/blog\/?p=1300670"},"modified":"2024-03-05T09:18:11","modified_gmt":"2024-03-05T12:18:11","slug":"concurso-bombeiro-rj-edital-oficial-publicado","status":"publish","type":"post","link":"https:\/\/www.estrategiaconcursos.com.br\/blog\/concurso-bombeiro-rj-edital-oficial-publicado\/","title":{"rendered":"Edital Bombeiro RJ \u00e9 publicado com 50 vagas para Oficial!"},"content":{"rendered":"\n<p>Foi publicado o <strong>edital Bombeiro RJ<\/strong>! Conforme o documento, o \u00f3rg\u00e3o oferece <strong>50 vagas<\/strong> para Oficial Combatente.<\/p>\n\n\n\n<p>Com inscri\u00e7\u00f5es encerradas, os interessados em participar da sele\u00e7\u00e3o puderam se candidatar at\u00e9 <strong>04 de mar\u00e7o de 2024<\/strong>, no site da banca organizadora, <strong><a href=\"https:\/\/conhecimento.fgv.br\/concursos\">FGV<\/a><\/strong>. Al\u00e9m disso, \u00e9 necess\u00e1rio pagar a taxa de inscri\u00e7\u00e3o no valor de <strong>R$ 64,99<\/strong>.<\/p>\n\n\n\n<p>As oportunidades s\u00e3o para candidatos com n\u00edvel m\u00e9dio de forma\u00e7\u00e3o e idade m\u00e1xima de 32 anos. O sal\u00e1rio inicial da carreira \u00e9 de R$ 4.277,16.<\/p>\n\n\n\n<ul class=\"has-very-light-gray-to-cyan-bluish-gray-gradient-background has-background wp-block-list\">\n<li><strong style=\"background-color: initial; color: initial;\">Banca:<\/strong> FGV<\/li>\n\n\n\n<li><strong>Vagas:<\/strong> 50<\/li>\n\n\n\n<li><strong>Cargo<\/strong>: Oficial Combatente<\/li>\n\n\n\n<li><strong>Sal\u00e1rio inicial:<\/strong> R$ 4.277,16<\/li>\n\n\n\n<li><strong>Edital<\/strong>: <a href=\"https:\/\/dhg1h5j42swfq.cloudfront.net\/2024\/01\/19094358\/cbmerj-2024-1.pdf\" target=\"_blank\" rel=\"noreferrer noopener nofollow\">CBMERJ CFO-2024<\/a><\/li>\n<\/ul>\n\n\n\n<div class=\"container\" id=\"boxes\">\n  <div class=\"row\">\n\n    <div class=\"col-sm\">\n      <div class=\"banner-bombeiros-ec\" id=\"box-assinatura\">\n        <h3 class=\"titulo-assinatura\">Cursos para Bombeiros RJ<\/h3>\n        <p class=\"subtitulo-assinatura\">Estude conosco<\/p>\n        <div class=\"box-botao\">\n          <a class=\"btn-assinatura\" target=\"_blank\" href=\"https:\/\/www.estrategiaconcursos.com.br\/cursosPorConcurso\/corpo-de-bombeiros-militar-do-rio-de-janeiro-cbm-rj\/\" role=\"button\" rel=\"noopener noreferrer\">Conhe\u00e7a os cursos<\/a>\n        <\/div>\n      <\/div>\n     \n    <\/div>\n\n  <\/div>\n<\/div>\n\n\n\n<h2 class=\"wp-block-heading\" id=\"datas\">Principais datas do edital Bombeiro RJ<\/h2>\n\n\n\n<p class=\"has-very-light-gray-background-color has-background\"><strong>Inscri\u00e7\u00f5es<\/strong>: <s>25 de janeiro a 04 de mar\u00e7o<\/s><br \/><strong>Isen\u00e7\u00e3o da taxa<\/strong>: <s>25 a 29 de janeiro<\/s><br \/><strong>\u00daltimo dia para pagamento<\/strong>: 05 de mar\u00e7o<br \/><strong>Prova<\/strong>: 21 de abril &#8211; 13h \u00e0s 18h<\/p>\n\n\n\n<h2 class=\"wp-block-heading\" id=\"cargos-vagas\">Cargos e vagas do edital Bombeiro RJ<\/h2>\n\n\n\n<figure class=\"wp-block-table is-style-stripes\"><table class=\"has-fixed-layout\"><thead><tr><th class=\"has-text-align-center\" data-align=\"center\">Cargo<\/th><th class=\"has-text-align-center\" data-align=\"center\">Vagas<\/th><th class=\"has-text-align-center\" data-align=\"center\">Sal\u00e1rio<\/th><\/tr><\/thead><tbody><tr><td class=\"has-text-align-center\" data-align=\"center\">Cadete BM 1\u00ba CFO<\/td><td class=\"has-text-align-center\" data-align=\"center\">50<\/td><td class=\"has-text-align-center\" data-align=\"center\">R$ 4.277,16<\/td><\/tr><\/tbody><\/table><\/figure>\n\n\n\n<h3 class=\"wp-block-heading\" id=\"h-requisitos\">Requisitos<\/h3>\n\n\n\n<ul class=\"wp-block-list\">\n<li>Ter conclu\u00eddo o ensino m\u00e9dio ou equivalente, em estabelecimento de ensino civil ou militar, de acordo com a legisla\u00e7\u00e3o vigente;<\/li>\n\n\n\n<li>Possuir no m\u00ednimo, 18 anos de idade no ato da matr\u00edcula em curso de forma\u00e7\u00e3o;<\/li>\n\n\n\n<li>Possuir, no dia da abertura das inscri\u00e7\u00f5es do concurso p\u00fablico, at\u00e9 32 anos de idade, considerada a data at\u00e9 o dia anterior ao 33\u00ba anivers\u00e1rio do(a) candidato(a).<\/li>\n<\/ul>\n\n\n\n<h2 class=\"wp-block-heading\">Etapas e provas do concurso Bombeiro RJ<\/h2>\n\n\n\n<p>O concurso Bombeiro RJ para Oficial ser\u00e1 realizado em duas fases, conforme a seguir descrito:<\/p>\n\n\n\n<ul class=\"wp-block-list\">\n<li><strong>1\u00aa Fase:<\/strong>&nbsp;Prova objetiva, de car\u00e1ter classificat\u00f3rio e eliminat\u00f3rio, sob responsabilidade da FGV;<\/li>\n\n\n\n<li><strong>2\u00aa Fase:<\/strong>&nbsp;Compreender\u00e1 as seguintes etapas, todas de car\u00e1ter eliminat\u00f3rio, sob responsabilidade do CBMERJ:\n<ul class=\"wp-block-list\">\n<li>Teste de Aptid\u00e3o F\u00edsica;<\/li>\n\n\n\n<li>Inspe\u00e7\u00e3o de Sa\u00fade; e<\/li>\n\n\n\n<li>Exame Documental.<\/li>\n<\/ul>\n<\/li>\n<\/ul>\n\n\n\n<h3 class=\"wp-block-heading\">Provas Objetivas<\/h3>\n\n\n\n<p>A Prova Objetiva, de car\u00e1ter eliminat\u00f3rio e classificat\u00f3rio. A etapa ser\u00e1 composta por 100 quest\u00f5es de m\u00faltipla escolha (cinco alternativas).<\/p>\n\n\n\n<ul class=\"wp-block-list\">\n<li>Linguagens e C\u00f3digos: L\u00edngua Portuguesa, L\u00edngua Estrangeira (ingl\u00eas) e Literatura \u2013 30<\/li>\n\n\n\n<li>Matem\u00e1tica: Matem\u00e1tica \u2013 20<\/li>\n\n\n\n<li>Ci\u00eancias Humanas: Hist\u00f3ria, Geografia, Filosofia e Sociologia \u2013 25<\/li>\n\n\n\n<li>Ci\u00eancias da Natureza: Qu\u00edmica, F\u00edsica e Biologia \u2013 25<\/li>\n<\/ul>\n\n\n\n<p>Ser\u00e1 considerado aprovado o candidato que, na Prova Objetiva do concurso Bombeiro RJ para Oficial, acertar, no m\u00ednimo, 50 quest\u00f5es do total de quest\u00f5es.<\/p>\n\n\n\n<h3 class=\"wp-block-heading\">Teste de Aptid\u00e3o F\u00edsica<\/h3>\n\n\n\n<p>Ser\u00e3o convocados para a realiza\u00e7\u00e3o do Teste de Aptid\u00e3o F\u00edsica, os candidatos aprovados na Prova Objetiva at\u00e9 4 vezes o n\u00famero de vagas, considerados os empatados na \u00faltima posi\u00e7\u00e3o.<\/p>\n\n\n\n<p>A etapa ser\u00e1 realizada no Centro de Educa\u00e7\u00e3o F\u00edsica e Desportos (CEFiD), localizado no interior do Complexo da Diretoria-Geral de Ensino e Instru\u00e7\u00e3o, situado na Av. Brasil, n\u00ba 23.800, Guadalupe, Rio de Janeiro.<\/p>\n\n\n\n<p>O teste de aptid\u00e3o f\u00edsica ser\u00e1 constitu\u00eddo das seguintes provas para ambos os sexos:<\/p>\n\n\n\n<figure class=\"wp-block-image aligncenter\"><img loading=\"lazy\" decoding=\"async\" width=\"614\" height=\"192\" src=\"https:\/\/dhg1h5j42swfq.cloudfront.net\/2022\/08\/26092054\/image-406.png\" alt=\"Tabela de exerc\u00edcios do TAF do edital Bombeiro RJ Oficial 2023\" class=\"wp-image-1084470\" srcset=\"https:\/\/dhg1h5j42swfq.cloudfront.net\/2022\/08\/26092054\/image-406.png 614w, https:\/\/dhg1h5j42swfq.cloudfront.net\/2022\/08\/26092054\/image-406-300x94.png 300w, https:\/\/dhg1h5j42swfq.cloudfront.net\/2022\/08\/26092054\/image-406-610x191.png 610w, https:\/\/dhg1h5j42swfq.cloudfront.net\/2022\/08\/26092054\/image-406-150x47.png 150w\" sizes=\"auto, (max-width: 614px) 100vw, 614px\" \/><figcaption class=\"wp-element-caption\">TAF do edital Bombeiro RJ Oficial 2023<\/figcaption><\/figure>\n\n\n\n<p class=\"has-text-align-center has-background has-medium-font-size\" style=\"background-color:#abb7c259\"><strong>Saiba mais: <a href=\"https:\/\/www.estrategiaconcursos.com.br\/blog\/concurso-bombeiro-rj\/\" target=\"_blank\" rel=\"noreferrer noopener\">Concurso Bombeiro RJ<\/a><\/strong><\/p>\n\n\n\n<hr class=\"wp-block-separator has-alpha-channel-opacity\"\/>\n\n\n\n<h2 class=\"wp-block-heading has-text-align-center\" id=\"h-quer-saber-tudo-sobre-concursos-previstos-confira-nossos-artigos\">Quer saber tudo sobre concursos previstos?<br \/>Confira nossos artigos!<\/h2>\n\n\n\n<ul class=\"wp-block-list\">\n<li><a href=\"https:\/\/www.estrategiaconcursos.com.br\/blog\/concursos-bombeiros\/\" target=\"_blank\" rel=\"noreferrer noopener\">Concursos bombeiros<\/a><\/li>\n\n\n\n<li><a href=\"https:\/\/www.estrategiaconcursos.com.br\/blog\/concursos-abertos\/\" target=\"_blank\" rel=\"noreferrer noopener\">Concursos abertos<\/a><\/li>\n\n\n\n<li><a href=\"https:\/\/www.estrategiaconcursos.com.br\/blog\/concursos-2024\/\" target=\"_blank\" rel=\"noreferrer noopener\">Concursos 2024<\/a><\/li>\n<\/ul>\n\n\n\n<h2 class=\"wp-block-heading has-text-align-center\" id=\"h-quer-estudar-para-o-edital-bombeiro-rj\">Quer estudar para o edital Bombeiro RJ?<\/h2>\n\n\n\n<div class=\"container\" id=\"boxes\">\n  <div class=\"row\">\n\n    <div class=\"col-sm\">\n      <div class=\"banner-bombeiros-ec\" id=\"box-assinatura\">\n        <h3 class=\"titulo-assinatura\">Cursos para Bombeiros RJ<\/h3>\n        <p class=\"subtitulo-assinatura\">Estude conosco<\/p>\n        <div class=\"box-botao\">\n          <a class=\"btn-assinatura\" target=\"_blank\" href=\"https:\/\/www.estrategiaconcursos.com.br\/cursosPorConcurso\/corpo-de-bombeiros-militar-do-rio-de-janeiro-cbm-rj\/\" role=\"button\" rel=\"noopener noreferrer\">Conhe\u00e7a os cursos<\/a>\n        <\/div>\n      <\/div>\n     \n    <\/div>\n\n  <\/div>\n<\/div>\n\n\n\n<div class=\"container\" id=\"boxes\">\r\n  <div class=\"row\">\r\n\r\n    <div class=\"col-sm\">\r\n      <div class=\"estrategia\" id=\"box-assinatura\">\r\n        <h3 class=\"titulo-assinatura\">Assinatura de Concursos<\/h3>\r\n        <p class=\"subtitulo-assinatura\">Assinatura de 1 ano ou 2 anos<\/p>\r\n        <div class=\"box-botao\">\r\n          <a class=\"btn-assinatura\" target=\"_blank\" href=\"https:\/\/www.estrategiaconcursos.com.br\/assinaturas\/\" role=\"button\" rel=\"noopener noreferrer\">ASSINE AGORA<\/a>\r\n        <\/div>\r\n      <\/div>\r\n     \r\n    <\/div><\/div><\/div>\n\n\n\n<figure class=\"wp-block-image size-large is-resized\"><img loading=\"lazy\" decoding=\"async\" width=\"1024\" height=\"632\" src=\"https:\/\/dhg1h5j42swfq.cloudfront.net\/2025\/06\/27101122\/ficha-tecnica-1-1024x632.png\" alt=\"Informa\u00e7\u00f5es do edital \" class=\"wp-image-702728\" style=\"aspect-ratio:1.620253164556962;width:313px;height:auto\" srcset=\"https:\/\/dhg1h5j42swfq.cloudfront.net\/2025\/06\/27101122\/ficha-tecnica-1-1024x632.png 1024w, https:\/\/dhg1h5j42swfq.cloudfront.net\/2025\/06\/27101122\/ficha-tecnica-1-300x185.png 300w, https:\/\/dhg1h5j42swfq.cloudfront.net\/2025\/06\/27101122\/ficha-tecnica-1-768x474.png 768w, https:\/\/dhg1h5j42swfq.cloudfront.net\/2025\/06\/27101122\/ficha-tecnica-1-1536x948.png 1536w, https:\/\/dhg1h5j42swfq.cloudfront.net\/2025\/06\/27101122\/ficha-tecnica-1-610x377.png 610w, https:\/\/dhg1h5j42swfq.cloudfront.net\/2025\/06\/27101122\/ficha-tecnica-1.png 1571w\" sizes=\"auto, (max-width: 1024px) 100vw, 1024px\" \/><\/figure>\n\n\n\n<h3 class=\"wp-block-heading\" id=\"block-ba1614b5-988b-41ef-892d-f4c9f7e9dd42\">Informa\u00e7\u00f5es do edital Bombeiro RJ &#8211; Oficial 2023<\/h3>\n\n\n\n<ul class=\"wp-block-list\" id=\"block-46dd482c-33cf-409c-8762-75c111403f14\">\n<li><strong>Provas<\/strong>: 21\/04\/2024<\/li>\n\n\n\n<li><strong>Vagas<\/strong>: 50<\/li>\n\n\n\n<li><strong>Banca<\/strong>: FGV<\/li>\n\n\n\n<li><strong>Escolaridade<\/strong>: n\u00edvel m\u00e9dio<\/li>\n\n\n\n<li><strong>Edital<\/strong>: <a href=\"https:\/\/dhg1h5j42swfq.cloudfront.net\/2024\/01\/19094358\/cbmerj-2024-1.pdf\" target=\"_blank\" rel=\"noreferrer noopener nofollow\">CBMERJ CFO-2024<\/a><\/li>\n<\/ul>\n","protected":false},"excerpt":{"rendered":"<p>Foi publicado o edital Bombeiro RJ! Conforme o documento, o \u00f3rg\u00e3o oferece 50 vagas para Oficial Combatente. Com inscri\u00e7\u00f5es encerradas, os interessados em participar da sele\u00e7\u00e3o puderam se candidatar at\u00e9 04 de mar\u00e7o de 2024, no site da banca organizadora, FGV. Al\u00e9m disso, \u00e9 necess\u00e1rio pagar a taxa de inscri\u00e7\u00e3o no valor de R$ 64,99. [&hellip;]<\/p>\n","protected":false},"author":2041,"featured_media":763313,"comment_status":"open","ping_status":"closed","sticky":false,"template":"","format":"standard","meta":{"post_tipo":"news","footnotes":""},"categories":[220186],"tags":[],"tax_estado":[219982],"class_list":["post-1300670","post","type-post","status-publish","format-standard","has-post-thumbnail","hentry","category-policial-oficial","tax_estado-rj"],"acf":[],"yoast_head":"<!-- This site is optimized with the Yoast SEO Premium plugin v27.2 (Yoast SEO v27.2) - https:\/\/yoast.com\/product\/yoast-seo-premium-wordpress\/ -->\n<title>Edital Bombeiro RJ \u00e9 publicado com 50 vagas para Oficial!<\/title>\n<meta name=\"description\" content=\"Edital Bombeiro RJ \u00e9 publicado com 50 vagas para Oficial Combatente. As oportunidades s\u00e3o de n\u00edvel m\u00e9dio, com inicial de R$ 4,2 mil!\" \/>\n<meta name=\"robots\" content=\"index, follow, max-snippet:-1, max-image-preview:large, max-video-preview:-1\" \/>\n<link rel=\"canonical\" href=\"https:\/\/www.estrategiaconcursos.com.br\/blog\/concurso-bombeiro-rj-edital-oficial-publicado\/\" \/>\n<meta property=\"og:locale\" content=\"pt_BR\" \/>\n<meta property=\"og:type\" content=\"article\" \/>\n<meta property=\"og:title\" content=\"Edital Bombeiro RJ \u00e9 publicado com 50 vagas para Oficial!\" \/>\n<meta property=\"og:description\" content=\"Edital Bombeiro RJ \u00e9 publicado com 50 vagas para Oficial Combatente. As oportunidades s\u00e3o de n\u00edvel m\u00e9dio, com inicial de R$ 4,2 mil!\" \/>\n<meta property=\"og:url\" content=\"https:\/\/www.estrategiaconcursos.com.br\/blog\/concurso-bombeiro-rj-edital-oficial-publicado\/\" \/>\n<meta property=\"og:site_name\" content=\"Estrat\u00e9gia Concursos\" \/>\n<meta property=\"article:published_time\" content=\"2024-03-04T12:42:50+00:00\" \/>\n<meta property=\"article:modified_time\" content=\"2024-03-05T12:18:11+00:00\" \/>\n<meta property=\"og:image\" content=\"https:\/\/dhg1h5j42swfq.cloudfront.net\/2021\/05\/09164148\/bombeiro-rj.jpg\" \/>\n\t<meta property=\"og:image:width\" content=\"768\" \/>\n\t<meta property=\"og:image:height\" content=\"432\" \/>\n\t<meta property=\"og:image:type\" content=\"image\/jpeg\" \/>\n<meta name=\"author\" content=\"Thiago Cavalcante Gomes\" \/>\n<meta name=\"twitter:card\" content=\"summary_large_image\" \/>\n<meta name=\"twitter:creator\" content=\"@EstratConcursos\" \/>\n<meta name=\"twitter:site\" content=\"@EstratConcursos\" \/>\n<meta name=\"twitter:label1\" content=\"Escrito por\" \/>\n\t<meta name=\"twitter:data1\" content=\"Thiago Cavalcante Gomes\" \/>\n\t<meta name=\"twitter:label2\" content=\"Est. tempo de leitura\" \/>\n\t<meta name=\"twitter:data2\" content=\"3 minutos\" \/>\n<script type=\"application\/ld+json\" class=\"yoast-schema-graph\">{\"@context\":\"https:\/\/schema.org\",\"@graph\":[{\"@type\":\"NewsArticle\",\"@id\":\"https:\/\/www.estrategiaconcursos.com.br\/blog\/concurso-bombeiro-rj-edital-oficial-publicado\/#article\",\"isPartOf\":{\"@id\":\"https:\/\/www.estrategiaconcursos.com.br\/blog\/concurso-bombeiro-rj-edital-oficial-publicado\/\"},\"author\":{\"name\":\"Thiago Cavalcante Gomes\",\"@id\":\"https:\/\/www.estrategiaconcursos.com.br\/blog\/#\/schema\/person\/4970184533d0a3ffa5b0299ae0a2b21f\"},\"headline\":\"Edital Bombeiro RJ \u00e9 publicado com 50 vagas para Oficial!\",\"datePublished\":\"2024-03-04T12:42:50+00:00\",\"dateModified\":\"2024-03-05T12:18:11+00:00\",\"mainEntityOfPage\":{\"@id\":\"https:\/\/www.estrategiaconcursos.com.br\/blog\/concurso-bombeiro-rj-edital-oficial-publicado\/\"},\"wordCount\":558,\"commentCount\":0,\"publisher\":{\"@id\":\"https:\/\/www.estrategiaconcursos.com.br\/blog\/#organization\"},\"image\":{\"@id\":\"https:\/\/www.estrategiaconcursos.com.br\/blog\/concurso-bombeiro-rj-edital-oficial-publicado\/#primaryimage\"},\"thumbnailUrl\":\"https:\/\/dhg1h5j42swfq.cloudfront.net\/2021\/05\/09164148\/bombeiro-rj.jpg\",\"articleSection\":[\"Policial (PM\/BM - Oficial)\"],\"inLanguage\":\"pt-BR\",\"potentialAction\":[{\"@type\":\"CommentAction\",\"name\":\"Comment\",\"target\":[\"https:\/\/www.estrategiaconcursos.com.br\/blog\/concurso-bombeiro-rj-edital-oficial-publicado\/#respond\"]}],\"copyrightYear\":\"2024\",\"copyrightHolder\":{\"@id\":\"https:\/\/www.estrategiaconcursos.com.br\/blog\/#organization\"}},{\"@type\":\"WebPage\",\"@id\":\"https:\/\/www.estrategiaconcursos.com.br\/blog\/concurso-bombeiro-rj-edital-oficial-publicado\/\",\"url\":\"https:\/\/www.estrategiaconcursos.com.br\/blog\/concurso-bombeiro-rj-edital-oficial-publicado\/\",\"name\":\"Edital Bombeiro RJ \u00e9 publicado com 50 vagas para Oficial!\",\"isPartOf\":{\"@id\":\"https:\/\/www.estrategiaconcursos.com.br\/blog\/#website\"},\"primaryImageOfPage\":{\"@id\":\"https:\/\/www.estrategiaconcursos.com.br\/blog\/concurso-bombeiro-rj-edital-oficial-publicado\/#primaryimage\"},\"image\":{\"@id\":\"https:\/\/www.estrategiaconcursos.com.br\/blog\/concurso-bombeiro-rj-edital-oficial-publicado\/#primaryimage\"},\"thumbnailUrl\":\"https:\/\/dhg1h5j42swfq.cloudfront.net\/2021\/05\/09164148\/bombeiro-rj.jpg\",\"datePublished\":\"2024-03-04T12:42:50+00:00\",\"dateModified\":\"2024-03-05T12:18:11+00:00\",\"description\":\"Edital Bombeiro RJ \u00e9 publicado com 50 vagas para Oficial Combatente. As oportunidades s\u00e3o de n\u00edvel m\u00e9dio, com inicial de R$ 4,2 mil!\",\"breadcrumb\":{\"@id\":\"https:\/\/www.estrategiaconcursos.com.br\/blog\/concurso-bombeiro-rj-edital-oficial-publicado\/#breadcrumb\"},\"inLanguage\":\"pt-BR\",\"potentialAction\":[{\"@type\":\"ReadAction\",\"target\":[\"https:\/\/www.estrategiaconcursos.com.br\/blog\/concurso-bombeiro-rj-edital-oficial-publicado\/\"]}]},{\"@type\":\"ImageObject\",\"inLanguage\":\"pt-BR\",\"@id\":\"https:\/\/www.estrategiaconcursos.com.br\/blog\/concurso-bombeiro-rj-edital-oficial-publicado\/#primaryimage\",\"url\":\"https:\/\/dhg1h5j42swfq.cloudfront.net\/2021\/05\/09164148\/bombeiro-rj.jpg\",\"contentUrl\":\"https:\/\/dhg1h5j42swfq.cloudfront.net\/2021\/05\/09164148\/bombeiro-rj.jpg\",\"width\":768,\"height\":432,\"caption\":\"concurso Bombeiros RJ\"},{\"@type\":\"BreadcrumbList\",\"@id\":\"https:\/\/www.estrategiaconcursos.com.br\/blog\/concurso-bombeiro-rj-edital-oficial-publicado\/#breadcrumb\",\"itemListElement\":[{\"@type\":\"ListItem\",\"position\":1,\"name\":\"In\u00edcio\",\"item\":\"https:\/\/www.estrategiaconcursos.com.br\/blog\/\"},{\"@type\":\"ListItem\",\"position\":2,\"name\":\"Edital Bombeiro RJ \u00e9 publicado com 50 vagas para Oficial!\"}]},{\"@type\":\"WebSite\",\"@id\":\"https:\/\/www.estrategiaconcursos.com.br\/blog\/#website\",\"url\":\"https:\/\/www.estrategiaconcursos.com.br\/blog\/\",\"name\":\"Estrat\u00e9gia Concursos\",\"description\":\"O blog da Estrat\u00e9gia Concursos traz not\u00edcias sobre concursos e artigos de professores oferecendo cursos para concursos (pdf + videaulas) no site.\",\"publisher\":{\"@id\":\"https:\/\/www.estrategiaconcursos.com.br\/blog\/#organization\"},\"potentialAction\":[{\"@type\":\"SearchAction\",\"target\":{\"@type\":\"EntryPoint\",\"urlTemplate\":\"https:\/\/www.estrategiaconcursos.com.br\/blog\/?s={search_term_string}\"},\"query-input\":{\"@type\":\"PropertyValueSpecification\",\"valueRequired\":true,\"valueName\":\"search_term_string\"}}],\"inLanguage\":\"pt-BR\"},{\"@type\":\"Organization\",\"@id\":\"https:\/\/www.estrategiaconcursos.com.br\/blog\/#organization\",\"name\":\"Estrat\u00e9gia Concursos\",\"url\":\"https:\/\/www.estrategiaconcursos.com.br\/blog\/\",\"logo\":{\"@type\":\"ImageObject\",\"inLanguage\":\"pt-BR\",\"@id\":\"https:\/\/www.estrategiaconcursos.com.br\/blog\/#\/schema\/logo\/image\/\",\"url\":\"https:\/\/dhg1h5j42swfq.cloudfront.net\/2025\/06\/03203428\/logo_concursos-1.jpg\",\"contentUrl\":\"https:\/\/dhg1h5j42swfq.cloudfront.net\/2025\/06\/03203428\/logo_concursos-1.jpg\",\"width\":230,\"height\":60,\"caption\":\"Estrat\u00e9gia Concursos\"},\"image\":{\"@id\":\"https:\/\/www.estrategiaconcursos.com.br\/blog\/#\/schema\/logo\/image\/\"},\"sameAs\":[\"https:\/\/x.com\/EstratConcursos\"]},{\"@type\":\"Person\",\"@id\":\"https:\/\/www.estrategiaconcursos.com.br\/blog\/#\/schema\/person\/4970184533d0a3ffa5b0299ae0a2b21f\",\"name\":\"Thiago Cavalcante Gomes\",\"image\":{\"@type\":\"ImageObject\",\"inLanguage\":\"pt-BR\",\"@id\":\"https:\/\/secure.gravatar.com\/avatar\/?s=96&d=mm&r=g\",\"url\":\"https:\/\/secure.gravatar.com\/avatar\/?s=96&d=mm&r=g\",\"contentUrl\":\"https:\/\/secure.gravatar.com\/avatar\/?s=96&d=mm&r=g\",\"caption\":\"Thiago Cavalcante Gomes\"},\"url\":\"https:\/\/www.estrategiaconcursos.com.br\/blog\/author\/thiago-gomes\/\"}]}<\/script>\n<!-- \/ Yoast SEO Premium plugin. -->","yoast_head_json":{"title":"Edital Bombeiro RJ \u00e9 publicado com 50 vagas para Oficial!","description":"Edital Bombeiro RJ \u00e9 publicado com 50 vagas para Oficial Combatente. As oportunidades s\u00e3o de n\u00edvel m\u00e9dio, com inicial de R$ 4,2 mil!","robots":{"index":"index","follow":"follow","max-snippet":"max-snippet:-1","max-image-preview":"max-image-preview:large","max-video-preview":"max-video-preview:-1"},"canonical":"https:\/\/www.estrategiaconcursos.com.br\/blog\/concurso-bombeiro-rj-edital-oficial-publicado\/","og_locale":"pt_BR","og_type":"article","og_title":"Edital Bombeiro RJ \u00e9 publicado com 50 vagas para Oficial!","og_description":"Edital Bombeiro RJ \u00e9 publicado com 50 vagas para Oficial Combatente. As oportunidades s\u00e3o de n\u00edvel m\u00e9dio, com inicial de R$ 4,2 mil!","og_url":"https:\/\/www.estrategiaconcursos.com.br\/blog\/concurso-bombeiro-rj-edital-oficial-publicado\/","og_site_name":"Estrat\u00e9gia Concursos","article_published_time":"2024-03-04T12:42:50+00:00","article_modified_time":"2024-03-05T12:18:11+00:00","og_image":[{"width":768,"height":432,"url":"https:\/\/dhg1h5j42swfq.cloudfront.net\/2021\/05\/09164148\/bombeiro-rj.jpg","type":"image\/jpeg"}],"author":"Thiago Cavalcante Gomes","twitter_card":"summary_large_image","twitter_creator":"@EstratConcursos","twitter_site":"@EstratConcursos","twitter_misc":{"Escrito por":"Thiago Cavalcante Gomes","Est. tempo de leitura":"3 minutos"},"schema":{"@context":"https:\/\/schema.org","@graph":[{"@type":"NewsArticle","@id":"https:\/\/www.estrategiaconcursos.com.br\/blog\/concurso-bombeiro-rj-edital-oficial-publicado\/#article","isPartOf":{"@id":"https:\/\/www.estrategiaconcursos.com.br\/blog\/concurso-bombeiro-rj-edital-oficial-publicado\/"},"author":{"name":"Thiago Cavalcante Gomes","@id":"https:\/\/www.estrategiaconcursos.com.br\/blog\/#\/schema\/person\/4970184533d0a3ffa5b0299ae0a2b21f"},"headline":"Edital Bombeiro RJ \u00e9 publicado com 50 vagas para Oficial!","datePublished":"2024-03-04T12:42:50+00:00","dateModified":"2024-03-05T12:18:11+00:00","mainEntityOfPage":{"@id":"https:\/\/www.estrategiaconcursos.com.br\/blog\/concurso-bombeiro-rj-edital-oficial-publicado\/"},"wordCount":558,"commentCount":0,"publisher":{"@id":"https:\/\/www.estrategiaconcursos.com.br\/blog\/#organization"},"image":{"@id":"https:\/\/www.estrategiaconcursos.com.br\/blog\/concurso-bombeiro-rj-edital-oficial-publicado\/#primaryimage"},"thumbnailUrl":"https:\/\/dhg1h5j42swfq.cloudfront.net\/2021\/05\/09164148\/bombeiro-rj.jpg","articleSection":["Policial (PM\/BM - Oficial)"],"inLanguage":"pt-BR","potentialAction":[{"@type":"CommentAction","name":"Comment","target":["https:\/\/www.estrategiaconcursos.com.br\/blog\/concurso-bombeiro-rj-edital-oficial-publicado\/#respond"]}],"copyrightYear":"2024","copyrightHolder":{"@id":"https:\/\/www.estrategiaconcursos.com.br\/blog\/#organization"}},{"@type":"WebPage","@id":"https:\/\/www.estrategiaconcursos.com.br\/blog\/concurso-bombeiro-rj-edital-oficial-publicado\/","url":"https:\/\/www.estrategiaconcursos.com.br\/blog\/concurso-bombeiro-rj-edital-oficial-publicado\/","name":"Edital Bombeiro RJ \u00e9 publicado com 50 vagas para Oficial!","isPartOf":{"@id":"https:\/\/www.estrategiaconcursos.com.br\/blog\/#website"},"primaryImageOfPage":{"@id":"https:\/\/www.estrategiaconcursos.com.br\/blog\/concurso-bombeiro-rj-edital-oficial-publicado\/#primaryimage"},"image":{"@id":"https:\/\/www.estrategiaconcursos.com.br\/blog\/concurso-bombeiro-rj-edital-oficial-publicado\/#primaryimage"},"thumbnailUrl":"https:\/\/dhg1h5j42swfq.cloudfront.net\/2021\/05\/09164148\/bombeiro-rj.jpg","datePublished":"2024-03-04T12:42:50+00:00","dateModified":"2024-03-05T12:18:11+00:00","description":"Edital Bombeiro RJ \u00e9 publicado com 50 vagas para Oficial Combatente. As oportunidades s\u00e3o de n\u00edvel m\u00e9dio, com inicial de R$ 4,2 mil!","breadcrumb":{"@id":"https:\/\/www.estrategiaconcursos.com.br\/blog\/concurso-bombeiro-rj-edital-oficial-publicado\/#breadcrumb"},"inLanguage":"pt-BR","potentialAction":[{"@type":"ReadAction","target":["https:\/\/www.estrategiaconcursos.com.br\/blog\/concurso-bombeiro-rj-edital-oficial-publicado\/"]}]},{"@type":"ImageObject","inLanguage":"pt-BR","@id":"https:\/\/www.estrategiaconcursos.com.br\/blog\/concurso-bombeiro-rj-edital-oficial-publicado\/#primaryimage","url":"https:\/\/dhg1h5j42swfq.cloudfront.net\/2021\/05\/09164148\/bombeiro-rj.jpg","contentUrl":"https:\/\/dhg1h5j42swfq.cloudfront.net\/2021\/05\/09164148\/bombeiro-rj.jpg","width":768,"height":432,"caption":"concurso Bombeiros RJ"},{"@type":"BreadcrumbList","@id":"https:\/\/www.estrategiaconcursos.com.br\/blog\/concurso-bombeiro-rj-edital-oficial-publicado\/#breadcrumb","itemListElement":[{"@type":"ListItem","position":1,"name":"In\u00edcio","item":"https:\/\/www.estrategiaconcursos.com.br\/blog\/"},{"@type":"ListItem","position":2,"name":"Edital Bombeiro RJ \u00e9 publicado com 50 vagas para Oficial!"}]},{"@type":"WebSite","@id":"https:\/\/www.estrategiaconcursos.com.br\/blog\/#website","url":"https:\/\/www.estrategiaconcursos.com.br\/blog\/","name":"Estrat\u00e9gia Concursos","description":"O blog da Estrat\u00e9gia Concursos traz not\u00edcias sobre concursos e artigos de professores oferecendo cursos para concursos (pdf + videaulas) no site.","publisher":{"@id":"https:\/\/www.estrategiaconcursos.com.br\/blog\/#organization"},"potentialAction":[{"@type":"SearchAction","target":{"@type":"EntryPoint","urlTemplate":"https:\/\/www.estrategiaconcursos.com.br\/blog\/?s={search_term_string}"},"query-input":{"@type":"PropertyValueSpecification","valueRequired":true,"valueName":"search_term_string"}}],"inLanguage":"pt-BR"},{"@type":"Organization","@id":"https:\/\/www.estrategiaconcursos.com.br\/blog\/#organization","name":"Estrat\u00e9gia Concursos","url":"https:\/\/www.estrategiaconcursos.com.br\/blog\/","logo":{"@type":"ImageObject","inLanguage":"pt-BR","@id":"https:\/\/www.estrategiaconcursos.com.br\/blog\/#\/schema\/logo\/image\/","url":"https:\/\/dhg1h5j42swfq.cloudfront.net\/2025\/06\/03203428\/logo_concursos-1.jpg","contentUrl":"https:\/\/dhg1h5j42swfq.cloudfront.net\/2025\/06\/03203428\/logo_concursos-1.jpg","width":230,"height":60,"caption":"Estrat\u00e9gia Concursos"},"image":{"@id":"https:\/\/www.estrategiaconcursos.com.br\/blog\/#\/schema\/logo\/image\/"},"sameAs":["https:\/\/x.com\/EstratConcursos"]},{"@type":"Person","@id":"https:\/\/www.estrategiaconcursos.com.br\/blog\/#\/schema\/person\/4970184533d0a3ffa5b0299ae0a2b21f","name":"Thiago Cavalcante Gomes","image":{"@type":"ImageObject","inLanguage":"pt-BR","@id":"https:\/\/secure.gravatar.com\/avatar\/?s=96&d=mm&r=g","url":"https:\/\/secure.gravatar.com\/avatar\/?s=96&d=mm&r=g","contentUrl":"https:\/\/secure.gravatar.com\/avatar\/?s=96&d=mm&r=g","caption":"Thiago Cavalcante Gomes"},"url":"https:\/\/www.estrategiaconcursos.com.br\/blog\/author\/thiago-gomes\/"}]}},"_links":{"self":[{"href":"https:\/\/www.estrategiaconcursos.com.br\/blog\/wp-json\/wp\/v2\/posts\/1300670","targetHints":{"allow":["GET"]}}],"collection":[{"href":"https:\/\/www.estrategiaconcursos.com.br\/blog\/wp-json\/wp\/v2\/posts"}],"about":[{"href":"https:\/\/www.estrategiaconcursos.com.br\/blog\/wp-json\/wp\/v2\/types\/post"}],"author":[{"embeddable":true,"href":"https:\/\/www.estrategiaconcursos.com.br\/blog\/wp-json\/wp\/v2\/users\/2041"}],"replies":[{"embeddable":true,"href":"https:\/\/www.estrategiaconcursos.com.br\/blog\/wp-json\/wp\/v2\/comments?post=1300670"}],"version-history":[{"count":18,"href":"https:\/\/www.estrategiaconcursos.com.br\/blog\/wp-json\/wp\/v2\/posts\/1300670\/revisions"}],"predecessor-version":[{"id":1363569,"href":"https:\/\/www.estrategiaconcursos.com.br\/blog\/wp-json\/wp\/v2\/posts\/1300670\/revisions\/1363569"}],"wp:featuredmedia":[{"embeddable":true,"href":"https:\/\/www.estrategiaconcursos.com.br\/blog\/wp-json\/wp\/v2\/media\/763313"}],"wp:attachment":[{"href":"https:\/\/www.estrategiaconcursos.com.br\/blog\/wp-json\/wp\/v2\/media?parent=1300670"}],"wp:term":[{"taxonomy":"category","embeddable":true,"href":"https:\/\/www.estrategiaconcursos.com.br\/blog\/wp-json\/wp\/v2\/categories?post=1300670"},{"taxonomy":"post_tag","embeddable":true,"href":"https:\/\/www.estrategiaconcursos.com.br\/blog\/wp-json\/wp\/v2\/tags?post=1300670"},{"taxonomy":"tax_estado","embeddable":true,"href":"https:\/\/www.estrategiaconcursos.com.br\/blog\/wp-json\/wp\/v2\/tax_estado?post=1300670"}],"curies":[{"name":"wp","href":"https:\/\/api.w.org\/{rel}","templated":true}]}}