{"id":129849,"date":"2018-07-04T17:16:17","date_gmt":"2018-07-04T20:16:17","guid":{"rendered":"https:\/\/www.estrategiaconcursos.com.br\/blog\/?p=129849"},"modified":"2018-07-05T10:01:28","modified_gmt":"2018-07-05T13:01:28","slug":"ldo-2019-relator-concursos-reajuste-salario","status":"publish","type":"post","link":"https:\/\/www.estrategiaconcursos.com.br\/blog\/ldo-2019-relator-concursos-reajuste-salario\/","title":{"rendered":"Relator da LDO diz que n\u00e3o haver\u00e1 contrata\u00e7\u00e3o nem reajuste salarial para servidores em 2019"},"content":{"rendered":"<p>O relator da Lei de Diretrizes Or\u00e7ament\u00e1rias de 2019, senador Dal\u00edrio Beber (PSDB-SC), anunciou nesta ter\u00e7a-feira, 3 de julho, o seu parecer propondo, entre outras medidas, a proibi\u00e7\u00e3o no reajuste salarial dos servidores p\u00fablicos e o congelamento dos concursos no ano de 2019.<\/p>\n<p>A not\u00edcia pegou de surpresa muitos concurseiros de plant\u00e3o, que h\u00e1 muito tempo se dedicam diariamente a prestar um Concurso e entrar em uma carreira p\u00fablica. Gostar\u00edamos de dar nossa opini\u00e3o, j\u00e1 que muitos ficam na d\u00favida sobre o que realmente essa not\u00edcia significa.<\/p>\n<p>Primeiro, \u00e9 v\u00e1lido dizer que o parecer da LDO ainda n\u00e3o foi aprovado. A avalia\u00e7\u00e3o do relator entrou em discuss\u00e3o no Senado Federal apenas nesta quarta-feira, 4 de julho, e ainda tem muita coisa a ser discutida na Casa.<\/p>\n<p>\u00c9 importante ressaltar que a\u00a0pr\u00f3pria LDO indica que a<strong><em>\u00a0nomea\u00e7\u00e3o de novos servidores civis ou militares fica restrita \u00e0s seguintes situa\u00e7\u00f5es:<\/em><\/strong><\/p>\n<ul>\n<li><em>para reposi\u00e7\u00e3o de vac\u00e2ncias nas \u00e1reas de educa\u00e7\u00e3o, sa\u00fade, seguran\u00e7a p\u00fablica e defesa;<\/em><\/li>\n<li><em>para as institui\u00e7\u00f5es federais de ensino criadas nos \u00faltimos cinco anos;<\/em><\/li>\n<li><em>para os concursos vencendo em 2019 com edital publicado at\u00e9 junho de 2018;<\/em><\/li>\n<li><em>e para os cargos custeados pelo Fundo Constitucional do Distrito Federal (FCDF);<\/em><\/li>\n<\/ul>\n<p>E sobre os reajustes salariais, embora sejam congelados, as carreiras p\u00fablicas continuar\u00e3o com sal\u00e1rios bastante atrativos.<\/p>\n<p>Mesmo assim, vale retomar a informa\u00e7\u00e3o que o Estrat\u00e9gia Concursos noticiou no in\u00edcio do m\u00eas de junho. Um levantamento feito pela equipe de jornalismo identificou que mais de 40 \u00f3rg\u00e3os do executivo federal protocolaram no Minist\u00e9rio do Planejamento pedido de concurso para o ano de 2019.<\/p>\n<p>Figuram nesta lista, \u00f3rg\u00e3os como a PRF, que deve realizar concurso ainda em 2018, os Minist\u00e9rios do Trabalho, da Sa\u00fade, da Fazenda, do Turismo, da Educa\u00e7\u00e3o, a AGU (que inclusive est\u00e1 com o concurso autorizado para 100 vagas), e v\u00e1rios outros \u00f3rg\u00e3os que voc\u00ea pode conferir na nossa p\u00e1gina <a href=\"https:\/\/www.estrategiaconcursos.com.br\/blog\/concursos-2019\/\" target=\"_blank\" rel=\"noopener\"><em><strong><span style=\"text-decoration: underline;\">concursos 2019<\/span><\/strong><\/em><\/a>.<\/p>\n<p>Quem acompanha sabe que o discurso de que n\u00e3o haver\u00e1 concurso no ano seguinte vem sendo difundido h\u00e1 alguns anos. Um exemplo foi nos anos de 2015 e 2016, quando o governo anunciou a suspens\u00e3o de concursos por conta do agravamento da crise econ\u00f4mica no pa\u00eds.<\/p>\n<p>S\u00f3 para voc\u00ea ter uma ideia, em 2017 foram mais de 35 mil vagas e 176 editais publicados. Para 2018 j\u00e1 s\u00e3o previstas mais de 50 mil vagas entre autorizadas e solicitadas em concursos distribu\u00eddos entre \u00f3rg\u00e3os do executivo federal, estadual, municipal e o judici\u00e1rio.<\/p>\n<p>Inclusive, o Estrat\u00e9gia Concursos realiza desde a segunda-feira, 2 de julho, a Segunda Semana Especial dos Concursos P\u00fablicos, trazendo novidades sobre as oportunidades previstas para o segundo semestre de 2018 e para o ano de 2019.<\/p>\n<p>Voc\u00ea pode acompanhar todas as transmiss\u00f5es momento em que os professores trar\u00e3o todas as novidades se inscrevendo na nossa p\u00e1gina e acompanhando AO VIVO no YouTube.<\/p>\n<p style=\"text-align: center;\"><a href=\"https:\/\/www.estrategiaconcursos.com.br\/gratis\/2-semana-especial-dos-concursos-2018\/\" target=\"_blank\" rel=\"noopener\"><em><strong><span style=\"font-size: 18pt;\">Inscreva-se gr\u00e1tis!<\/span><\/strong><\/em><\/a><\/p>\n<p><a href=\"https:\/\/www.estrategiaconcursos.com.br\/gratis\/2-semana-especial-dos-concursos-2018\/\" target=\"_blank\" rel=\"noopener\"><img loading=\"lazy\" decoding=\"async\" class=\"aligncenter size-large wp-image-129856\" src=\"https:\/\/dhg1h5j42swfq.cloudfront.net\/2018\/07\/04171407\/1470-v1.jpg\" alt=\"\" width=\"1024\" height=\"256\" srcset=\"https:\/\/dhg1h5j42swfq.cloudfront.net\/2018\/07\/04171407\/1470-v1.jpg 1200w, https:\/\/dhg1h5j42swfq.cloudfront.net\/2018\/07\/04171407\/1470-v1.jpg 300w, https:\/\/dhg1h5j42swfq.cloudfront.net\/2018\/07\/04171407\/1470-v1.jpg 768w, https:\/\/dhg1h5j42swfq.cloudfront.net\/2018\/07\/04171407\/1470-v1.jpg 1024w, https:\/\/dhg1h5j42swfq.cloudfront.net\/2018\/07\/04171407\/1470-v1.jpg 610w\" sizes=\"auto, (max-width: 1024px) 100vw, 1024px\" \/><\/a><\/p>\n<p style=\"text-align: center;\"><span style=\"text-decoration: underline;\"><span style=\"font-size: 24pt;\"><em><strong>Mapa das Oportunidades<\/strong><\/em><\/span><\/span><\/p>\n<p style=\"text-align: center;\"><em><strong>Clique no estado para o qual voc\u00ea deseja saber mais informa\u00e7\u00f5es sobre vagas e oportunidades de prestar concurso p\u00fablico.<\/strong><\/em><\/p>\n<p><script id=\"infogram_0_9232ba5d-77f6-4841-9447-6986266e4b70\" title=\"MAPA - ARTIGOS\" src=\"https:\/\/e.infogram.com\/js\/dist\/embed.js?tQk\" type=\"text\/javascript\"><\/script><\/p>\n","protected":false},"excerpt":{"rendered":"<p>O relator da Lei de Diretrizes Or\u00e7ament\u00e1rias de 2019, senador Dal\u00edrio Beber (PSDB-SC), anunciou nesta ter\u00e7a-feira, 3 de julho, o seu parecer propondo, entre outras medidas, a proibi\u00e7\u00e3o no reajuste salarial dos servidores p\u00fablicos e o congelamento dos concursos no ano de 2019. A not\u00edcia pegou de surpresa muitos concurseiros de plant\u00e3o, que h\u00e1 muito [&hellip;]<\/p>\n","protected":false},"author":1,"featured_media":128578,"comment_status":"open","ping_status":"closed","sticky":false,"template":"","format":"standard","meta":{"post_tipo":"news","footnotes":""},"categories":[1],"tags":[],"tax_estado":[],"class_list":["post-129849","post","type-post","status-publish","format-standard","has-post-thumbnail","hentry","category-cursos-e-concursos"],"acf":[],"yoast_head":"<!-- This site is optimized with the Yoast SEO Premium plugin v27.2 (Yoast SEO v27.2) - https:\/\/yoast.com\/product\/yoast-seo-premium-wordpress\/ -->\n<title>Relator da LDO faz restri\u00e7\u00f5es: vai ter concurso ou n\u00e3o em 2019??<\/title>\n<meta name=\"robots\" content=\"index, follow, max-snippet:-1, max-image-preview:large, max-video-preview:-1\" \/>\n<link rel=\"canonical\" href=\"https:\/\/www.estrategiaconcursos.com.br\/blog\/ldo-2019-relator-concursos-reajuste-salario\/\" \/>\n<meta property=\"og:locale\" content=\"pt_BR\" \/>\n<meta property=\"og:type\" content=\"article\" \/>\n<meta property=\"og:title\" content=\"Relator da LDO diz que n\u00e3o haver\u00e1 contrata\u00e7\u00e3o nem reajuste salarial para servidores em 2019\" \/>\n<meta property=\"og:description\" content=\"O relator da Lei de Diretrizes Or\u00e7ament\u00e1rias de 2019, senador Dal\u00edrio Beber (PSDB-SC), anunciou nesta ter\u00e7a-feira, 3 de julho, o seu parecer propondo, entre outras medidas, a proibi\u00e7\u00e3o no reajuste salarial dos servidores p\u00fablicos e o congelamento dos concursos no ano de 2019. A not\u00edcia pegou de surpresa muitos concurseiros de plant\u00e3o, que h\u00e1 muito [&hellip;]\" \/>\n<meta property=\"og:url\" content=\"https:\/\/www.estrategiaconcursos.com.br\/blog\/ldo-2019-relator-concursos-reajuste-salario\/\" \/>\n<meta property=\"og:site_name\" content=\"Estrat\u00e9gia Concursos\" \/>\n<meta property=\"article:author\" content=\"https:\/\/www.facebook.com\/EstrategiaConcursos\" \/>\n<meta property=\"article:published_time\" content=\"2018-07-04T20:16:17+00:00\" \/>\n<meta property=\"article:modified_time\" content=\"2018-07-05T13:01:28+00:00\" \/>\n<meta property=\"og:image\" content=\"https:\/\/dhg1h5j42swfq.cloudfront.net\/2018\/06\/26161558\/concursos-2019-1024x536.png\" \/>\n\t<meta property=\"og:image:width\" content=\"1024\" \/>\n\t<meta property=\"og:image:height\" content=\"536\" \/>\n\t<meta property=\"og:image:type\" content=\"image\/png\" \/>\n<meta name=\"author\" content=\"Coordena\u00e7\u00e3o\" \/>\n<meta name=\"twitter:card\" content=\"summary_large_image\" \/>\n<meta name=\"twitter:creator\" content=\"@EstratConcursos\" \/>\n<meta name=\"twitter:site\" content=\"@EstratConcursos\" \/>\n<meta name=\"twitter:label1\" content=\"Escrito por\" \/>\n\t<meta name=\"twitter:data1\" content=\"Coordena\u00e7\u00e3o\" \/>\n\t<meta name=\"twitter:label2\" content=\"Est. tempo de leitura\" \/>\n\t<meta name=\"twitter:data2\" content=\"3 minutos\" \/>\n<script type=\"application\/ld+json\" class=\"yoast-schema-graph\">{\"@context\":\"https:\/\/schema.org\",\"@graph\":[{\"@type\":\"NewsArticle\",\"@id\":\"https:\/\/www.estrategiaconcursos.com.br\/blog\/ldo-2019-relator-concursos-reajuste-salario\/#article\",\"isPartOf\":{\"@id\":\"https:\/\/www.estrategiaconcursos.com.br\/blog\/ldo-2019-relator-concursos-reajuste-salario\/\"},\"author\":{\"name\":\"Coordena\u00e7\u00e3o\",\"@id\":\"https:\/\/www.estrategiaconcursos.com.br\/blog\/#\/schema\/person\/b4a388c97673c5f483d72185668afa1f\"},\"headline\":\"Relator da LDO diz que n\u00e3o haver\u00e1 contrata\u00e7\u00e3o nem reajuste salarial para servidores em 2019\",\"datePublished\":\"2018-07-04T20:16:17+00:00\",\"dateModified\":\"2018-07-05T13:01:28+00:00\",\"mainEntityOfPage\":{\"@id\":\"https:\/\/www.estrategiaconcursos.com.br\/blog\/ldo-2019-relator-concursos-reajuste-salario\/\"},\"wordCount\":539,\"commentCount\":5,\"publisher\":{\"@id\":\"https:\/\/www.estrategiaconcursos.com.br\/blog\/#organization\"},\"image\":{\"@id\":\"https:\/\/www.estrategiaconcursos.com.br\/blog\/ldo-2019-relator-concursos-reajuste-salario\/#primaryimage\"},\"thumbnailUrl\":\"https:\/\/dhg1h5j42swfq.cloudfront.net\/2018\/06\/26161558\/concursos-2019-1024x536.png\",\"articleSection\":[\"Concursos P\u00fablicos\"],\"inLanguage\":\"pt-BR\",\"potentialAction\":[{\"@type\":\"CommentAction\",\"name\":\"Comment\",\"target\":[\"https:\/\/www.estrategiaconcursos.com.br\/blog\/ldo-2019-relator-concursos-reajuste-salario\/#respond\"]}],\"copyrightYear\":\"2018\",\"copyrightHolder\":{\"@id\":\"https:\/\/www.estrategiaconcursos.com.br\/blog\/#organization\"}},{\"@type\":\"WebPage\",\"@id\":\"https:\/\/www.estrategiaconcursos.com.br\/blog\/ldo-2019-relator-concursos-reajuste-salario\/\",\"url\":\"https:\/\/www.estrategiaconcursos.com.br\/blog\/ldo-2019-relator-concursos-reajuste-salario\/\",\"name\":\"Relator da LDO faz restri\u00e7\u00f5es: vai ter concurso ou n\u00e3o em 2019??\",\"isPartOf\":{\"@id\":\"https:\/\/www.estrategiaconcursos.com.br\/blog\/#website\"},\"primaryImageOfPage\":{\"@id\":\"https:\/\/www.estrategiaconcursos.com.br\/blog\/ldo-2019-relator-concursos-reajuste-salario\/#primaryimage\"},\"image\":{\"@id\":\"https:\/\/www.estrategiaconcursos.com.br\/blog\/ldo-2019-relator-concursos-reajuste-salario\/#primaryimage\"},\"thumbnailUrl\":\"https:\/\/dhg1h5j42swfq.cloudfront.net\/2018\/06\/26161558\/concursos-2019-1024x536.png\",\"datePublished\":\"2018-07-04T20:16:17+00:00\",\"dateModified\":\"2018-07-05T13:01:28+00:00\",\"breadcrumb\":{\"@id\":\"https:\/\/www.estrategiaconcursos.com.br\/blog\/ldo-2019-relator-concursos-reajuste-salario\/#breadcrumb\"},\"inLanguage\":\"pt-BR\",\"potentialAction\":[{\"@type\":\"ReadAction\",\"target\":[\"https:\/\/www.estrategiaconcursos.com.br\/blog\/ldo-2019-relator-concursos-reajuste-salario\/\"]}]},{\"@type\":\"ImageObject\",\"inLanguage\":\"pt-BR\",\"@id\":\"https:\/\/www.estrategiaconcursos.com.br\/blog\/ldo-2019-relator-concursos-reajuste-salario\/#primaryimage\",\"url\":\"https:\/\/dhg1h5j42swfq.cloudfront.net\/2018\/06\/26161558\/concursos-2019-1024x536.png\",\"contentUrl\":\"https:\/\/dhg1h5j42swfq.cloudfront.net\/2018\/06\/26161558\/concursos-2019-1024x536.png\",\"width\":1024,\"height\":536,\"caption\":\"confira aqui os concursos 2019 com as previs\u00f5es de vagas\"},{\"@type\":\"BreadcrumbList\",\"@id\":\"https:\/\/www.estrategiaconcursos.com.br\/blog\/ldo-2019-relator-concursos-reajuste-salario\/#breadcrumb\",\"itemListElement\":[{\"@type\":\"ListItem\",\"position\":1,\"name\":\"In\u00edcio\",\"item\":\"https:\/\/www.estrategiaconcursos.com.br\/blog\/\"},{\"@type\":\"ListItem\",\"position\":2,\"name\":\"Relator da LDO diz que n\u00e3o haver\u00e1 contrata\u00e7\u00e3o nem reajuste salarial para servidores em 2019\"}]},{\"@type\":\"WebSite\",\"@id\":\"https:\/\/www.estrategiaconcursos.com.br\/blog\/#website\",\"url\":\"https:\/\/www.estrategiaconcursos.com.br\/blog\/\",\"name\":\"Estrat\u00e9gia Concursos\",\"description\":\"O blog da Estrat\u00e9gia Concursos traz not\u00edcias sobre concursos e artigos de professores oferecendo cursos para concursos (pdf + videaulas) no site.\",\"publisher\":{\"@id\":\"https:\/\/www.estrategiaconcursos.com.br\/blog\/#organization\"},\"potentialAction\":[{\"@type\":\"SearchAction\",\"target\":{\"@type\":\"EntryPoint\",\"urlTemplate\":\"https:\/\/www.estrategiaconcursos.com.br\/blog\/?s={search_term_string}\"},\"query-input\":{\"@type\":\"PropertyValueSpecification\",\"valueRequired\":true,\"valueName\":\"search_term_string\"}}],\"inLanguage\":\"pt-BR\"},{\"@type\":\"Organization\",\"@id\":\"https:\/\/www.estrategiaconcursos.com.br\/blog\/#organization\",\"name\":\"Estrat\u00e9gia Concursos\",\"url\":\"https:\/\/www.estrategiaconcursos.com.br\/blog\/\",\"logo\":{\"@type\":\"ImageObject\",\"inLanguage\":\"pt-BR\",\"@id\":\"https:\/\/www.estrategiaconcursos.com.br\/blog\/#\/schema\/logo\/image\/\",\"url\":\"https:\/\/dhg1h5j42swfq.cloudfront.net\/2025\/06\/03203428\/logo_concursos-1.jpg\",\"contentUrl\":\"https:\/\/dhg1h5j42swfq.cloudfront.net\/2025\/06\/03203428\/logo_concursos-1.jpg\",\"width\":230,\"height\":60,\"caption\":\"Estrat\u00e9gia Concursos\"},\"image\":{\"@id\":\"https:\/\/www.estrategiaconcursos.com.br\/blog\/#\/schema\/logo\/image\/\"},\"sameAs\":[\"https:\/\/x.com\/EstratConcursos\"]},{\"@type\":\"Person\",\"@id\":\"https:\/\/www.estrategiaconcursos.com.br\/blog\/#\/schema\/person\/b4a388c97673c5f483d72185668afa1f\",\"name\":\"Coordena\u00e7\u00e3o\",\"image\":{\"@type\":\"ImageObject\",\"inLanguage\":\"pt-BR\",\"@id\":\"https:\/\/secure.gravatar.com\/avatar\/b720319e4c9a967eb58678d110f4fe35452fc5d5f97b202bac7b8acceb18c6ad?s=96&d=mm&r=g\",\"url\":\"https:\/\/secure.gravatar.com\/avatar\/b720319e4c9a967eb58678d110f4fe35452fc5d5f97b202bac7b8acceb18c6ad?s=96&d=mm&r=g\",\"contentUrl\":\"https:\/\/secure.gravatar.com\/avatar\/b720319e4c9a967eb58678d110f4fe35452fc5d5f97b202bac7b8acceb18c6ad?s=96&d=mm&r=g\",\"caption\":\"Coordena\u00e7\u00e3o\"},\"sameAs\":[\"https:\/\/www.facebook.com\/EstrategiaConcursos\",\"https:\/\/x.com\/EstratConcursos\"],\"url\":\"https:\/\/www.estrategiaconcursos.com.br\/blog\/author\/estrategia2013\/\"}]}<\/script>\n<!-- \/ Yoast SEO Premium plugin. -->","yoast_head_json":{"title":"Relator da LDO faz restri\u00e7\u00f5es: vai ter concurso ou n\u00e3o em 2019??","robots":{"index":"index","follow":"follow","max-snippet":"max-snippet:-1","max-image-preview":"max-image-preview:large","max-video-preview":"max-video-preview:-1"},"canonical":"https:\/\/www.estrategiaconcursos.com.br\/blog\/ldo-2019-relator-concursos-reajuste-salario\/","og_locale":"pt_BR","og_type":"article","og_title":"Relator da LDO diz que n\u00e3o haver\u00e1 contrata\u00e7\u00e3o nem reajuste salarial para servidores em 2019","og_description":"O relator da Lei de Diretrizes Or\u00e7ament\u00e1rias de 2019, senador Dal\u00edrio Beber (PSDB-SC), anunciou nesta ter\u00e7a-feira, 3 de julho, o seu parecer propondo, entre outras medidas, a proibi\u00e7\u00e3o no reajuste salarial dos servidores p\u00fablicos e o congelamento dos concursos no ano de 2019. A not\u00edcia pegou de surpresa muitos concurseiros de plant\u00e3o, que h\u00e1 muito [&hellip;]","og_url":"https:\/\/www.estrategiaconcursos.com.br\/blog\/ldo-2019-relator-concursos-reajuste-salario\/","og_site_name":"Estrat\u00e9gia Concursos","article_author":"https:\/\/www.facebook.com\/EstrategiaConcursos","article_published_time":"2018-07-04T20:16:17+00:00","article_modified_time":"2018-07-05T13:01:28+00:00","og_image":[{"width":1024,"height":536,"url":"https:\/\/dhg1h5j42swfq.cloudfront.net\/2018\/06\/26161558\/concursos-2019-1024x536.png","type":"image\/png"}],"author":"Coordena\u00e7\u00e3o","twitter_card":"summary_large_image","twitter_creator":"@EstratConcursos","twitter_site":"@EstratConcursos","twitter_misc":{"Escrito por":"Coordena\u00e7\u00e3o","Est. tempo de leitura":"3 minutos"},"schema":{"@context":"https:\/\/schema.org","@graph":[{"@type":"NewsArticle","@id":"https:\/\/www.estrategiaconcursos.com.br\/blog\/ldo-2019-relator-concursos-reajuste-salario\/#article","isPartOf":{"@id":"https:\/\/www.estrategiaconcursos.com.br\/blog\/ldo-2019-relator-concursos-reajuste-salario\/"},"author":{"name":"Coordena\u00e7\u00e3o","@id":"https:\/\/www.estrategiaconcursos.com.br\/blog\/#\/schema\/person\/b4a388c97673c5f483d72185668afa1f"},"headline":"Relator da LDO diz que n\u00e3o haver\u00e1 contrata\u00e7\u00e3o nem reajuste salarial para servidores em 2019","datePublished":"2018-07-04T20:16:17+00:00","dateModified":"2018-07-05T13:01:28+00:00","mainEntityOfPage":{"@id":"https:\/\/www.estrategiaconcursos.com.br\/blog\/ldo-2019-relator-concursos-reajuste-salario\/"},"wordCount":539,"commentCount":5,"publisher":{"@id":"https:\/\/www.estrategiaconcursos.com.br\/blog\/#organization"},"image":{"@id":"https:\/\/www.estrategiaconcursos.com.br\/blog\/ldo-2019-relator-concursos-reajuste-salario\/#primaryimage"},"thumbnailUrl":"https:\/\/dhg1h5j42swfq.cloudfront.net\/2018\/06\/26161558\/concursos-2019-1024x536.png","articleSection":["Concursos P\u00fablicos"],"inLanguage":"pt-BR","potentialAction":[{"@type":"CommentAction","name":"Comment","target":["https:\/\/www.estrategiaconcursos.com.br\/blog\/ldo-2019-relator-concursos-reajuste-salario\/#respond"]}],"copyrightYear":"2018","copyrightHolder":{"@id":"https:\/\/www.estrategiaconcursos.com.br\/blog\/#organization"}},{"@type":"WebPage","@id":"https:\/\/www.estrategiaconcursos.com.br\/blog\/ldo-2019-relator-concursos-reajuste-salario\/","url":"https:\/\/www.estrategiaconcursos.com.br\/blog\/ldo-2019-relator-concursos-reajuste-salario\/","name":"Relator da LDO faz restri\u00e7\u00f5es: vai ter concurso ou n\u00e3o em 2019??","isPartOf":{"@id":"https:\/\/www.estrategiaconcursos.com.br\/blog\/#website"},"primaryImageOfPage":{"@id":"https:\/\/www.estrategiaconcursos.com.br\/blog\/ldo-2019-relator-concursos-reajuste-salario\/#primaryimage"},"image":{"@id":"https:\/\/www.estrategiaconcursos.com.br\/blog\/ldo-2019-relator-concursos-reajuste-salario\/#primaryimage"},"thumbnailUrl":"https:\/\/dhg1h5j42swfq.cloudfront.net\/2018\/06\/26161558\/concursos-2019-1024x536.png","datePublished":"2018-07-04T20:16:17+00:00","dateModified":"2018-07-05T13:01:28+00:00","breadcrumb":{"@id":"https:\/\/www.estrategiaconcursos.com.br\/blog\/ldo-2019-relator-concursos-reajuste-salario\/#breadcrumb"},"inLanguage":"pt-BR","potentialAction":[{"@type":"ReadAction","target":["https:\/\/www.estrategiaconcursos.com.br\/blog\/ldo-2019-relator-concursos-reajuste-salario\/"]}]},{"@type":"ImageObject","inLanguage":"pt-BR","@id":"https:\/\/www.estrategiaconcursos.com.br\/blog\/ldo-2019-relator-concursos-reajuste-salario\/#primaryimage","url":"https:\/\/dhg1h5j42swfq.cloudfront.net\/2018\/06\/26161558\/concursos-2019-1024x536.png","contentUrl":"https:\/\/dhg1h5j42swfq.cloudfront.net\/2018\/06\/26161558\/concursos-2019-1024x536.png","width":1024,"height":536,"caption":"confira aqui os concursos 2019 com as previs\u00f5es de vagas"},{"@type":"BreadcrumbList","@id":"https:\/\/www.estrategiaconcursos.com.br\/blog\/ldo-2019-relator-concursos-reajuste-salario\/#breadcrumb","itemListElement":[{"@type":"ListItem","position":1,"name":"In\u00edcio","item":"https:\/\/www.estrategiaconcursos.com.br\/blog\/"},{"@type":"ListItem","position":2,"name":"Relator da LDO diz que n\u00e3o haver\u00e1 contrata\u00e7\u00e3o nem reajuste salarial para servidores em 2019"}]},{"@type":"WebSite","@id":"https:\/\/www.estrategiaconcursos.com.br\/blog\/#website","url":"https:\/\/www.estrategiaconcursos.com.br\/blog\/","name":"Estrat\u00e9gia Concursos","description":"O blog da Estrat\u00e9gia Concursos traz not\u00edcias sobre concursos e artigos de professores oferecendo cursos para concursos (pdf + videaulas) no site.","publisher":{"@id":"https:\/\/www.estrategiaconcursos.com.br\/blog\/#organization"},"potentialAction":[{"@type":"SearchAction","target":{"@type":"EntryPoint","urlTemplate":"https:\/\/www.estrategiaconcursos.com.br\/blog\/?s={search_term_string}"},"query-input":{"@type":"PropertyValueSpecification","valueRequired":true,"valueName":"search_term_string"}}],"inLanguage":"pt-BR"},{"@type":"Organization","@id":"https:\/\/www.estrategiaconcursos.com.br\/blog\/#organization","name":"Estrat\u00e9gia Concursos","url":"https:\/\/www.estrategiaconcursos.com.br\/blog\/","logo":{"@type":"ImageObject","inLanguage":"pt-BR","@id":"https:\/\/www.estrategiaconcursos.com.br\/blog\/#\/schema\/logo\/image\/","url":"https:\/\/dhg1h5j42swfq.cloudfront.net\/2025\/06\/03203428\/logo_concursos-1.jpg","contentUrl":"https:\/\/dhg1h5j42swfq.cloudfront.net\/2025\/06\/03203428\/logo_concursos-1.jpg","width":230,"height":60,"caption":"Estrat\u00e9gia Concursos"},"image":{"@id":"https:\/\/www.estrategiaconcursos.com.br\/blog\/#\/schema\/logo\/image\/"},"sameAs":["https:\/\/x.com\/EstratConcursos"]},{"@type":"Person","@id":"https:\/\/www.estrategiaconcursos.com.br\/blog\/#\/schema\/person\/b4a388c97673c5f483d72185668afa1f","name":"Coordena\u00e7\u00e3o","image":{"@type":"ImageObject","inLanguage":"pt-BR","@id":"https:\/\/secure.gravatar.com\/avatar\/b720319e4c9a967eb58678d110f4fe35452fc5d5f97b202bac7b8acceb18c6ad?s=96&d=mm&r=g","url":"https:\/\/secure.gravatar.com\/avatar\/b720319e4c9a967eb58678d110f4fe35452fc5d5f97b202bac7b8acceb18c6ad?s=96&d=mm&r=g","contentUrl":"https:\/\/secure.gravatar.com\/avatar\/b720319e4c9a967eb58678d110f4fe35452fc5d5f97b202bac7b8acceb18c6ad?s=96&d=mm&r=g","caption":"Coordena\u00e7\u00e3o"},"sameAs":["https:\/\/www.facebook.com\/EstrategiaConcursos","https:\/\/x.com\/EstratConcursos"],"url":"https:\/\/www.estrategiaconcursos.com.br\/blog\/author\/estrategia2013\/"}]}},"_links":{"self":[{"href":"https:\/\/www.estrategiaconcursos.com.br\/blog\/wp-json\/wp\/v2\/posts\/129849","targetHints":{"allow":["GET"]}}],"collection":[{"href":"https:\/\/www.estrategiaconcursos.com.br\/blog\/wp-json\/wp\/v2\/posts"}],"about":[{"href":"https:\/\/www.estrategiaconcursos.com.br\/blog\/wp-json\/wp\/v2\/types\/post"}],"author":[{"embeddable":true,"href":"https:\/\/www.estrategiaconcursos.com.br\/blog\/wp-json\/wp\/v2\/users\/1"}],"replies":[{"embeddable":true,"href":"https:\/\/www.estrategiaconcursos.com.br\/blog\/wp-json\/wp\/v2\/comments?post=129849"}],"version-history":[{"count":9,"href":"https:\/\/www.estrategiaconcursos.com.br\/blog\/wp-json\/wp\/v2\/posts\/129849\/revisions"}],"predecessor-version":[{"id":129982,"href":"https:\/\/www.estrategiaconcursos.com.br\/blog\/wp-json\/wp\/v2\/posts\/129849\/revisions\/129982"}],"wp:featuredmedia":[{"embeddable":true,"href":"https:\/\/www.estrategiaconcursos.com.br\/blog\/wp-json\/wp\/v2\/media\/128578"}],"wp:attachment":[{"href":"https:\/\/www.estrategiaconcursos.com.br\/blog\/wp-json\/wp\/v2\/media?parent=129849"}],"wp:term":[{"taxonomy":"category","embeddable":true,"href":"https:\/\/www.estrategiaconcursos.com.br\/blog\/wp-json\/wp\/v2\/categories?post=129849"},{"taxonomy":"post_tag","embeddable":true,"href":"https:\/\/www.estrategiaconcursos.com.br\/blog\/wp-json\/wp\/v2\/tags?post=129849"},{"taxonomy":"tax_estado","embeddable":true,"href":"https:\/\/www.estrategiaconcursos.com.br\/blog\/wp-json\/wp\/v2\/tax_estado?post=129849"}],"curies":[{"name":"wp","href":"https:\/\/api.w.org\/{rel}","templated":true}]}}