{"id":129765,"date":"2018-07-04T10:38:08","date_gmt":"2018-07-04T13:38:08","guid":{"rendered":"https:\/\/www.estrategiaconcursos.com.br\/blog\/?p=129765"},"modified":"2018-07-04T10:38:09","modified_gmt":"2018-07-04T13:38:09","slug":"confirmada-data-da-prova-delta-sp","status":"publish","type":"post","link":"https:\/\/www.estrategiaconcursos.com.br\/blog\/confirmada-data-da-prova-delta-sp\/","title":{"rendered":"CONFIRMADA A DATA DA PROVA DELTA SP"},"content":{"rendered":"<p>Bom dia Guerreiros!<\/p>\n<p>&nbsp;<\/p>\n<p>Publicado hoje no Di\u00e1rio Oficial a data da prova para Delegado de Pol\u00edcia em SP!<\/p>\n<p>DATA: 29 DE JULHO DE 2018 Abertura dos port\u00f5es: 12h Fechamento dos Port\u00f5es: 13h<\/p>\n<p>Dia 28 tem REVIS\u00c3O DE V\u00c9SPERA!!!!<\/p>\n<p>&nbsp;<\/p>\n<p><img loading=\"lazy\" decoding=\"async\" class=\"alignnone size-medium wp-image-129766\" src=\"https:\/\/dhg1h5j42swfq.cloudfront.net\/2018\/07\/04103745\/DO.png\" alt=\"\" width=\"196\" height=\"300\" srcset=\"https:\/\/dhg1h5j42swfq.cloudfront.net\/2018\/07\/04103745\/DO.png 429w, https:\/\/dhg1h5j42swfq.cloudfront.net\/2018\/07\/04103745\/DO.png 196w\" sizes=\"auto, (max-width: 196px) 100vw, 196px\" \/><\/p>\n<p>&nbsp;<\/p>\n<p>Mais informa\u00e7\u00f5es no link:<\/p>\n<p><a href=\"https:\/\/www.imprensaoficial.com.br\/DO\/BuscaDO2001Documento_11_4.aspx?link=\/2018\/executivo%2520secao%2520i\/julho\/04\/pag_0181_f8b6bea22a1ede1c057e559d277843c8.pdf&amp;pagina=181&amp;data=04\/07\/2018&amp;caderno=Executivo%20I&amp;paginaordenacao=100181\">https:\/\/www.imprensaoficial.com.br\/DO\/BuscaDO2001Documento_11_4.aspx?link=\/2018\/executivo%2520secao%2520i\/julho\/04\/pag_0181_f8b6bea22a1ede1c057e559d277843c8.pdf&amp;pagina=181&amp;data=04\/07\/2018&amp;caderno=Executivo%20I&amp;paginaordenacao=100181<\/a><\/p>\n<p>&nbsp;<\/p>\n<p>Super abra\u00e7o<\/p>\n<p>Paulo Bilynskyj<\/p>\n","protected":false},"excerpt":{"rendered":"<p>Bom dia Guerreiros! &nbsp; Publicado hoje no Di\u00e1rio Oficial a data da prova para Delegado de Pol\u00edcia em SP! DATA: 29 DE JULHO DE 2018 Abertura dos port\u00f5es: 12h Fechamento dos Port\u00f5es: 13h Dia 28 tem REVIS\u00c3O DE V\u00c9SPERA!!!! &nbsp; &nbsp; Mais informa\u00e7\u00f5es no link: https:\/\/www.imprensaoficial.com.br\/DO\/BuscaDO2001Documento_11_4.aspx?link=\/2018\/executivo%2520secao%2520i\/julho\/04\/pag_0181_f8b6bea22a1ede1c057e559d277843c8.pdf&amp;pagina=181&amp;data=04\/07\/2018&amp;caderno=Executivo%20I&amp;paginaordenacao=100181 &nbsp; Super abra\u00e7o Paulo Bilynskyj<\/p>\n","protected":false},"author":552,"featured_media":0,"comment_status":"open","ping_status":"closed","sticky":false,"template":"","format":"standard","meta":{"post_tipo":"article","footnotes":""},"categories":[1988],"tags":[],"tax_estado":[],"class_list":["post-129765","post","type-post","status-publish","format-standard","hentry","category-policia"],"acf":[],"yoast_head":"<!-- This site is optimized with the Yoast SEO Premium plugin v27.2 (Yoast SEO v27.2) - https:\/\/yoast.com\/product\/yoast-seo-premium-wordpress\/ -->\n<title>CONFIRMADA A DATA DA PROVA DELTA SP<\/title>\n<meta name=\"robots\" content=\"index, follow, max-snippet:-1, max-image-preview:large, max-video-preview:-1\" \/>\n<link rel=\"canonical\" href=\"https:\/\/www.estrategiaconcursos.com.br\/blog\/confirmada-data-da-prova-delta-sp\/\" \/>\n<meta property=\"og:locale\" content=\"pt_BR\" \/>\n<meta property=\"og:type\" content=\"article\" \/>\n<meta property=\"og:title\" content=\"CONFIRMADA A DATA DA PROVA DELTA SP\" \/>\n<meta property=\"og:description\" content=\"Bom dia Guerreiros! &nbsp; Publicado hoje no Di\u00e1rio Oficial a data da prova para Delegado de Pol\u00edcia em SP! DATA: 29 DE JULHO DE 2018 Abertura dos port\u00f5es: 12h Fechamento dos Port\u00f5es: 13h Dia 28 tem REVIS\u00c3O DE V\u00c9SPERA!!!! &nbsp; &nbsp; Mais informa\u00e7\u00f5es no link: https:\/\/www.imprensaoficial.com.br\/DO\/BuscaDO2001Documento_11_4.aspx?link=\/2018\/executivo%2520secao%2520i\/julho\/04\/pag_0181_f8b6bea22a1ede1c057e559d277843c8.pdf&amp;pagina=181&amp;data=04\/07\/2018&amp;caderno=Executivo%20I&amp;paginaordenacao=100181 &nbsp; Super abra\u00e7o Paulo Bilynskyj\" \/>\n<meta property=\"og:url\" content=\"https:\/\/www.estrategiaconcursos.com.br\/blog\/confirmada-data-da-prova-delta-sp\/\" \/>\n<meta property=\"og:site_name\" content=\"Estrat\u00e9gia Concursos\" \/>\n<meta property=\"article:published_time\" content=\"2018-07-04T13:38:08+00:00\" \/>\n<meta property=\"article:modified_time\" content=\"2018-07-04T13:38:09+00:00\" \/>\n<meta property=\"og:image\" content=\"https:\/\/www.estrategiaconcursos.com.br\/blog\/wp-content\/uploads\/2018\/07\/DO-196x300.png\" \/>\n<meta name=\"author\" content=\"Paulo Bilynskyj\" \/>\n<meta name=\"twitter:card\" content=\"summary_large_image\" \/>\n<meta name=\"twitter:creator\" content=\"@EstratConcursos\" \/>\n<meta name=\"twitter:site\" content=\"@EstratConcursos\" \/>\n<meta name=\"twitter:label1\" content=\"Escrito por\" \/>\n\t<meta name=\"twitter:data1\" content=\"Paulo Bilynskyj\" \/>\n<script type=\"application\/ld+json\" class=\"yoast-schema-graph\">{\"@context\":\"https:\/\/schema.org\",\"@graph\":[{\"@type\":\"NewsArticle\",\"@id\":\"https:\/\/www.estrategiaconcursos.com.br\/blog\/confirmada-data-da-prova-delta-sp\/#article\",\"isPartOf\":{\"@id\":\"https:\/\/www.estrategiaconcursos.com.br\/blog\/confirmada-data-da-prova-delta-sp\/\"},\"author\":{\"name\":\"Paulo Bilynskyj\",\"@id\":\"https:\/\/www.estrategiaconcursos.com.br\/blog\/#\/schema\/person\/a630b15e36f45b4c21fed01219843cb5\"},\"headline\":\"CONFIRMADA A DATA DA PROVA DELTA SP\",\"datePublished\":\"2018-07-04T13:38:08+00:00\",\"dateModified\":\"2018-07-04T13:38:09+00:00\",\"mainEntityOfPage\":{\"@id\":\"https:\/\/www.estrategiaconcursos.com.br\/blog\/confirmada-data-da-prova-delta-sp\/\"},\"wordCount\":97,\"commentCount\":1,\"publisher\":{\"@id\":\"https:\/\/www.estrategiaconcursos.com.br\/blog\/#organization\"},\"image\":{\"@id\":\"https:\/\/www.estrategiaconcursos.com.br\/blog\/confirmada-data-da-prova-delta-sp\/#primaryimage\"},\"thumbnailUrl\":\"https:\/\/www.estrategiaconcursos.com.br\/blog\/wp-content\/uploads\/2018\/07\/DO-196x300.png\",\"articleSection\":[\"Policial (Agente, Escriv\u00e3o e Investigador)\"],\"inLanguage\":\"pt-BR\",\"potentialAction\":[{\"@type\":\"CommentAction\",\"name\":\"Comment\",\"target\":[\"https:\/\/www.estrategiaconcursos.com.br\/blog\/confirmada-data-da-prova-delta-sp\/#respond\"]}],\"copyrightYear\":\"2018\",\"copyrightHolder\":{\"@id\":\"https:\/\/www.estrategiaconcursos.com.br\/blog\/#organization\"}},{\"@type\":\"WebPage\",\"@id\":\"https:\/\/www.estrategiaconcursos.com.br\/blog\/confirmada-data-da-prova-delta-sp\/\",\"url\":\"https:\/\/www.estrategiaconcursos.com.br\/blog\/confirmada-data-da-prova-delta-sp\/\",\"name\":\"CONFIRMADA A DATA DA PROVA DELTA SP\",\"isPartOf\":{\"@id\":\"https:\/\/www.estrategiaconcursos.com.br\/blog\/#website\"},\"primaryImageOfPage\":{\"@id\":\"https:\/\/www.estrategiaconcursos.com.br\/blog\/confirmada-data-da-prova-delta-sp\/#primaryimage\"},\"image\":{\"@id\":\"https:\/\/www.estrategiaconcursos.com.br\/blog\/confirmada-data-da-prova-delta-sp\/#primaryimage\"},\"thumbnailUrl\":\"https:\/\/www.estrategiaconcursos.com.br\/blog\/wp-content\/uploads\/2018\/07\/DO-196x300.png\",\"datePublished\":\"2018-07-04T13:38:08+00:00\",\"dateModified\":\"2018-07-04T13:38:09+00:00\",\"breadcrumb\":{\"@id\":\"https:\/\/www.estrategiaconcursos.com.br\/blog\/confirmada-data-da-prova-delta-sp\/#breadcrumb\"},\"inLanguage\":\"pt-BR\",\"potentialAction\":[{\"@type\":\"ReadAction\",\"target\":[\"https:\/\/www.estrategiaconcursos.com.br\/blog\/confirmada-data-da-prova-delta-sp\/\"]}]},{\"@type\":\"ImageObject\",\"inLanguage\":\"pt-BR\",\"@id\":\"https:\/\/www.estrategiaconcursos.com.br\/blog\/confirmada-data-da-prova-delta-sp\/#primaryimage\",\"url\":\"https:\/\/dhg1h5j42swfq.cloudfront.net\/2018\/07\/04103745\/DO.png\",\"contentUrl\":\"https:\/\/dhg1h5j42swfq.cloudfront.net\/2018\/07\/04103745\/DO.png\",\"width\":429,\"height\":656},{\"@type\":\"BreadcrumbList\",\"@id\":\"https:\/\/www.estrategiaconcursos.com.br\/blog\/confirmada-data-da-prova-delta-sp\/#breadcrumb\",\"itemListElement\":[{\"@type\":\"ListItem\",\"position\":1,\"name\":\"In\u00edcio\",\"item\":\"https:\/\/www.estrategiaconcursos.com.br\/blog\/\"},{\"@type\":\"ListItem\",\"position\":2,\"name\":\"CONFIRMADA A DATA DA PROVA DELTA SP\"}]},{\"@type\":\"WebSite\",\"@id\":\"https:\/\/www.estrategiaconcursos.com.br\/blog\/#website\",\"url\":\"https:\/\/www.estrategiaconcursos.com.br\/blog\/\",\"name\":\"Estrat\u00e9gia Concursos\",\"description\":\"O blog da Estrat\u00e9gia Concursos traz not\u00edcias sobre concursos e artigos de professores oferecendo cursos para concursos (pdf + videaulas) no site.\",\"publisher\":{\"@id\":\"https:\/\/www.estrategiaconcursos.com.br\/blog\/#organization\"},\"potentialAction\":[{\"@type\":\"SearchAction\",\"target\":{\"@type\":\"EntryPoint\",\"urlTemplate\":\"https:\/\/www.estrategiaconcursos.com.br\/blog\/?s={search_term_string}\"},\"query-input\":{\"@type\":\"PropertyValueSpecification\",\"valueRequired\":true,\"valueName\":\"search_term_string\"}}],\"inLanguage\":\"pt-BR\"},{\"@type\":\"Organization\",\"@id\":\"https:\/\/www.estrategiaconcursos.com.br\/blog\/#organization\",\"name\":\"Estrat\u00e9gia Concursos\",\"url\":\"https:\/\/www.estrategiaconcursos.com.br\/blog\/\",\"logo\":{\"@type\":\"ImageObject\",\"inLanguage\":\"pt-BR\",\"@id\":\"https:\/\/www.estrategiaconcursos.com.br\/blog\/#\/schema\/logo\/image\/\",\"url\":\"https:\/\/dhg1h5j42swfq.cloudfront.net\/2025\/06\/03203428\/logo_concursos-1.jpg\",\"contentUrl\":\"https:\/\/dhg1h5j42swfq.cloudfront.net\/2025\/06\/03203428\/logo_concursos-1.jpg\",\"width\":230,\"height\":60,\"caption\":\"Estrat\u00e9gia Concursos\"},\"image\":{\"@id\":\"https:\/\/www.estrategiaconcursos.com.br\/blog\/#\/schema\/logo\/image\/\"},\"sameAs\":[\"https:\/\/x.com\/EstratConcursos\"]},{\"@type\":\"Person\",\"@id\":\"https:\/\/www.estrategiaconcursos.com.br\/blog\/#\/schema\/person\/a630b15e36f45b4c21fed01219843cb5\",\"name\":\"Paulo Bilynskyj\",\"image\":{\"@type\":\"ImageObject\",\"inLanguage\":\"pt-BR\",\"@id\":\"https:\/\/secure.gravatar.com\/avatar\/37e21f70c9042e7456beffdc6d31fe051f3f6dcbf252f69343a791b144852057?s=96&d=mm&r=g\",\"url\":\"https:\/\/secure.gravatar.com\/avatar\/37e21f70c9042e7456beffdc6d31fe051f3f6dcbf252f69343a791b144852057?s=96&d=mm&r=g\",\"contentUrl\":\"https:\/\/secure.gravatar.com\/avatar\/37e21f70c9042e7456beffdc6d31fe051f3f6dcbf252f69343a791b144852057?s=96&d=mm&r=g\",\"caption\":\"Paulo Bilynskyj\"},\"url\":\"https:\/\/www.estrategiaconcursos.com.br\/blog\/author\/pbilynskyjgmail-com\/\"}]}<\/script>\n<!-- \/ Yoast SEO Premium plugin. -->","yoast_head_json":{"title":"CONFIRMADA A DATA DA PROVA DELTA SP","robots":{"index":"index","follow":"follow","max-snippet":"max-snippet:-1","max-image-preview":"max-image-preview:large","max-video-preview":"max-video-preview:-1"},"canonical":"https:\/\/www.estrategiaconcursos.com.br\/blog\/confirmada-data-da-prova-delta-sp\/","og_locale":"pt_BR","og_type":"article","og_title":"CONFIRMADA A DATA DA PROVA DELTA SP","og_description":"Bom dia Guerreiros! &nbsp; Publicado hoje no Di\u00e1rio Oficial a data da prova para Delegado de Pol\u00edcia em SP! DATA: 29 DE JULHO DE 2018 Abertura dos port\u00f5es: 12h Fechamento dos Port\u00f5es: 13h Dia 28 tem REVIS\u00c3O DE V\u00c9SPERA!!!! &nbsp; &nbsp; Mais informa\u00e7\u00f5es no link: https:\/\/www.imprensaoficial.com.br\/DO\/BuscaDO2001Documento_11_4.aspx?link=\/2018\/executivo%2520secao%2520i\/julho\/04\/pag_0181_f8b6bea22a1ede1c057e559d277843c8.pdf&amp;pagina=181&amp;data=04\/07\/2018&amp;caderno=Executivo%20I&amp;paginaordenacao=100181 &nbsp; Super abra\u00e7o Paulo Bilynskyj","og_url":"https:\/\/www.estrategiaconcursos.com.br\/blog\/confirmada-data-da-prova-delta-sp\/","og_site_name":"Estrat\u00e9gia Concursos","article_published_time":"2018-07-04T13:38:08+00:00","article_modified_time":"2018-07-04T13:38:09+00:00","og_image":[{"url":"https:\/\/www.estrategiaconcursos.com.br\/blog\/wp-content\/uploads\/2018\/07\/DO-196x300.png","type":"","width":"","height":""}],"author":"Paulo Bilynskyj","twitter_card":"summary_large_image","twitter_creator":"@EstratConcursos","twitter_site":"@EstratConcursos","twitter_misc":{"Escrito por":"Paulo Bilynskyj"},"schema":{"@context":"https:\/\/schema.org","@graph":[{"@type":"NewsArticle","@id":"https:\/\/www.estrategiaconcursos.com.br\/blog\/confirmada-data-da-prova-delta-sp\/#article","isPartOf":{"@id":"https:\/\/www.estrategiaconcursos.com.br\/blog\/confirmada-data-da-prova-delta-sp\/"},"author":{"name":"Paulo Bilynskyj","@id":"https:\/\/www.estrategiaconcursos.com.br\/blog\/#\/schema\/person\/a630b15e36f45b4c21fed01219843cb5"},"headline":"CONFIRMADA A DATA DA PROVA DELTA SP","datePublished":"2018-07-04T13:38:08+00:00","dateModified":"2018-07-04T13:38:09+00:00","mainEntityOfPage":{"@id":"https:\/\/www.estrategiaconcursos.com.br\/blog\/confirmada-data-da-prova-delta-sp\/"},"wordCount":97,"commentCount":1,"publisher":{"@id":"https:\/\/www.estrategiaconcursos.com.br\/blog\/#organization"},"image":{"@id":"https:\/\/www.estrategiaconcursos.com.br\/blog\/confirmada-data-da-prova-delta-sp\/#primaryimage"},"thumbnailUrl":"https:\/\/www.estrategiaconcursos.com.br\/blog\/wp-content\/uploads\/2018\/07\/DO-196x300.png","articleSection":["Policial (Agente, Escriv\u00e3o e Investigador)"],"inLanguage":"pt-BR","potentialAction":[{"@type":"CommentAction","name":"Comment","target":["https:\/\/www.estrategiaconcursos.com.br\/blog\/confirmada-data-da-prova-delta-sp\/#respond"]}],"copyrightYear":"2018","copyrightHolder":{"@id":"https:\/\/www.estrategiaconcursos.com.br\/blog\/#organization"}},{"@type":"WebPage","@id":"https:\/\/www.estrategiaconcursos.com.br\/blog\/confirmada-data-da-prova-delta-sp\/","url":"https:\/\/www.estrategiaconcursos.com.br\/blog\/confirmada-data-da-prova-delta-sp\/","name":"CONFIRMADA A DATA DA PROVA DELTA SP","isPartOf":{"@id":"https:\/\/www.estrategiaconcursos.com.br\/blog\/#website"},"primaryImageOfPage":{"@id":"https:\/\/www.estrategiaconcursos.com.br\/blog\/confirmada-data-da-prova-delta-sp\/#primaryimage"},"image":{"@id":"https:\/\/www.estrategiaconcursos.com.br\/blog\/confirmada-data-da-prova-delta-sp\/#primaryimage"},"thumbnailUrl":"https:\/\/www.estrategiaconcursos.com.br\/blog\/wp-content\/uploads\/2018\/07\/DO-196x300.png","datePublished":"2018-07-04T13:38:08+00:00","dateModified":"2018-07-04T13:38:09+00:00","breadcrumb":{"@id":"https:\/\/www.estrategiaconcursos.com.br\/blog\/confirmada-data-da-prova-delta-sp\/#breadcrumb"},"inLanguage":"pt-BR","potentialAction":[{"@type":"ReadAction","target":["https:\/\/www.estrategiaconcursos.com.br\/blog\/confirmada-data-da-prova-delta-sp\/"]}]},{"@type":"ImageObject","inLanguage":"pt-BR","@id":"https:\/\/www.estrategiaconcursos.com.br\/blog\/confirmada-data-da-prova-delta-sp\/#primaryimage","url":"https:\/\/dhg1h5j42swfq.cloudfront.net\/2018\/07\/04103745\/DO.png","contentUrl":"https:\/\/dhg1h5j42swfq.cloudfront.net\/2018\/07\/04103745\/DO.png","width":429,"height":656},{"@type":"BreadcrumbList","@id":"https:\/\/www.estrategiaconcursos.com.br\/blog\/confirmada-data-da-prova-delta-sp\/#breadcrumb","itemListElement":[{"@type":"ListItem","position":1,"name":"In\u00edcio","item":"https:\/\/www.estrategiaconcursos.com.br\/blog\/"},{"@type":"ListItem","position":2,"name":"CONFIRMADA A DATA DA PROVA DELTA SP"}]},{"@type":"WebSite","@id":"https:\/\/www.estrategiaconcursos.com.br\/blog\/#website","url":"https:\/\/www.estrategiaconcursos.com.br\/blog\/","name":"Estrat\u00e9gia Concursos","description":"O blog da Estrat\u00e9gia Concursos traz not\u00edcias sobre concursos e artigos de professores oferecendo cursos para concursos (pdf + videaulas) no site.","publisher":{"@id":"https:\/\/www.estrategiaconcursos.com.br\/blog\/#organization"},"potentialAction":[{"@type":"SearchAction","target":{"@type":"EntryPoint","urlTemplate":"https:\/\/www.estrategiaconcursos.com.br\/blog\/?s={search_term_string}"},"query-input":{"@type":"PropertyValueSpecification","valueRequired":true,"valueName":"search_term_string"}}],"inLanguage":"pt-BR"},{"@type":"Organization","@id":"https:\/\/www.estrategiaconcursos.com.br\/blog\/#organization","name":"Estrat\u00e9gia Concursos","url":"https:\/\/www.estrategiaconcursos.com.br\/blog\/","logo":{"@type":"ImageObject","inLanguage":"pt-BR","@id":"https:\/\/www.estrategiaconcursos.com.br\/blog\/#\/schema\/logo\/image\/","url":"https:\/\/dhg1h5j42swfq.cloudfront.net\/2025\/06\/03203428\/logo_concursos-1.jpg","contentUrl":"https:\/\/dhg1h5j42swfq.cloudfront.net\/2025\/06\/03203428\/logo_concursos-1.jpg","width":230,"height":60,"caption":"Estrat\u00e9gia Concursos"},"image":{"@id":"https:\/\/www.estrategiaconcursos.com.br\/blog\/#\/schema\/logo\/image\/"},"sameAs":["https:\/\/x.com\/EstratConcursos"]},{"@type":"Person","@id":"https:\/\/www.estrategiaconcursos.com.br\/blog\/#\/schema\/person\/a630b15e36f45b4c21fed01219843cb5","name":"Paulo Bilynskyj","image":{"@type":"ImageObject","inLanguage":"pt-BR","@id":"https:\/\/secure.gravatar.com\/avatar\/37e21f70c9042e7456beffdc6d31fe051f3f6dcbf252f69343a791b144852057?s=96&d=mm&r=g","url":"https:\/\/secure.gravatar.com\/avatar\/37e21f70c9042e7456beffdc6d31fe051f3f6dcbf252f69343a791b144852057?s=96&d=mm&r=g","contentUrl":"https:\/\/secure.gravatar.com\/avatar\/37e21f70c9042e7456beffdc6d31fe051f3f6dcbf252f69343a791b144852057?s=96&d=mm&r=g","caption":"Paulo Bilynskyj"},"url":"https:\/\/www.estrategiaconcursos.com.br\/blog\/author\/pbilynskyjgmail-com\/"}]}},"_links":{"self":[{"href":"https:\/\/www.estrategiaconcursos.com.br\/blog\/wp-json\/wp\/v2\/posts\/129765","targetHints":{"allow":["GET"]}}],"collection":[{"href":"https:\/\/www.estrategiaconcursos.com.br\/blog\/wp-json\/wp\/v2\/posts"}],"about":[{"href":"https:\/\/www.estrategiaconcursos.com.br\/blog\/wp-json\/wp\/v2\/types\/post"}],"author":[{"embeddable":true,"href":"https:\/\/www.estrategiaconcursos.com.br\/blog\/wp-json\/wp\/v2\/users\/552"}],"replies":[{"embeddable":true,"href":"https:\/\/www.estrategiaconcursos.com.br\/blog\/wp-json\/wp\/v2\/comments?post=129765"}],"version-history":[{"count":1,"href":"https:\/\/www.estrategiaconcursos.com.br\/blog\/wp-json\/wp\/v2\/posts\/129765\/revisions"}],"predecessor-version":[{"id":129767,"href":"https:\/\/www.estrategiaconcursos.com.br\/blog\/wp-json\/wp\/v2\/posts\/129765\/revisions\/129767"}],"wp:attachment":[{"href":"https:\/\/www.estrategiaconcursos.com.br\/blog\/wp-json\/wp\/v2\/media?parent=129765"}],"wp:term":[{"taxonomy":"category","embeddable":true,"href":"https:\/\/www.estrategiaconcursos.com.br\/blog\/wp-json\/wp\/v2\/categories?post=129765"},{"taxonomy":"post_tag","embeddable":true,"href":"https:\/\/www.estrategiaconcursos.com.br\/blog\/wp-json\/wp\/v2\/tags?post=129765"},{"taxonomy":"tax_estado","embeddable":true,"href":"https:\/\/www.estrategiaconcursos.com.br\/blog\/wp-json\/wp\/v2\/tax_estado?post=129765"}],"curies":[{"name":"wp","href":"https:\/\/api.w.org\/{rel}","templated":true}]}}