{"id":129564,"date":"2018-07-04T20:29:56","date_gmt":"2018-07-04T23:29:56","guid":{"rendered":"https:\/\/www.estrategiaconcursos.com.br\/blog\/?p=129564"},"modified":"2022-10-13T11:21:41","modified_gmt":"2022-10-13T14:21:41","slug":"contribuicao-sindical-jurisprudencia-do-stf","status":"publish","type":"post","link":"https:\/\/www.estrategiaconcursos.com.br\/blog\/contribuicao-sindical-jurisprudencia-do-stf\/","title":{"rendered":"Contribui\u00e7\u00e3o Sindical &#8211; Jurisprud\u00eancia do STF"},"content":{"rendered":"<p style=\"text-align: justify;\">Ol\u00e1, pessoal, tudo bem?<\/p>\n<p style=\"text-align: justify;\">Aqui \u00e9 o F\u00e1bio Dutra, professor de Direito Tribut\u00e1rio do Estrat\u00e9gia Concursos e Auditor-Fiscal da Receita Federal do Brasil.<\/p>\n<p style=\"text-align: center;\"><strong>Clique abaixo para me seguir no Instagram!<\/strong><\/p>\n<p style=\"padding-left: 450px;\"><a href=\"http:\/\/www.instagram.com\/proffabiodutra\" target=\"_blank\" rel=\"noopener\"><img loading=\"lazy\" decoding=\"async\" class=\"wp-image-114523 alignnone\" src=\"https:\/\/dhg1h5j42swfq.cloudfront.net\/2018\/04\/05031406\/Instagram-S%C3%ADmbolo.jpg\" alt=\"\" width=\"62\" height=\"61\" srcset=\"https:\/\/dhg1h5j42swfq.cloudfront.net\/2018\/04\/05031406\/Instagram-S%C3%ADmbolo.jpg 175w, https:\/\/dhg1h5j42swfq.cloudfront.net\/2018\/04\/05031406\/Instagram-S%C3%ADmbolo.jpg 150w\" sizes=\"auto, (max-width: 62px) 100vw, 62px\" \/><\/a><\/p>\n<p style=\"text-align: justify;\">Passei por aqui hoje para mant\u00ea-los atualizados com a jurisprud\u00eancia recente do STF, confirmando o posicionamento que j\u00e1 hav\u00edamos ensinado em nossos cursos de Direito Tribut\u00e1rio, acerca das consequ\u00eancias promovidas pela reforma trabalhista sobre a natureza jur\u00eddica da contribui\u00e7\u00e3o sindical ou, como \u00e9 inadequadamente conhecida, \u201cimposto sindical\u201d.<\/p>\n<p style=\"text-align: justify;\">No dia 29\/06\/2018, o Supremo Tribunal Federal declarou a constitucionalidade da Lei 13.467\/2017 (Reforma Trabalhista), que p\u00f4s fim \u00e0 obrigatoriedade da contribui\u00e7\u00e3o sindical. Este assunto \u00e9 importante, e com certeza ser\u00e1 inclu\u00eddo nas pr\u00f3ximas provas de Direito Tribut\u00e1rio!<\/p>\n<p style=\"text-align: justify;\">Portanto, vamos fazer um breve estudo acerca do tema, a fim de que voc\u00ea garanta mais um ponto na sua prova! Venha comigo&#8230;<\/p>\n<p style=\"text-align: justify;\">Pela reda\u00e7\u00e3o do art. 8\u00ba, IV, da CF\/88, podemos perceber que h\u00e1 dois tipos de contribui\u00e7\u00f5es relacionadas \u00e0s entidades sindicais.<\/p>\n<p style=\"text-align: justify;\">A primeira delas \u00e9 denominada contribui\u00e7\u00e3o confederativa, cobrada apenas daqueles que se filiaram a essas entidades representativas. Quanto a esta contribui\u00e7\u00e3o, n\u00e3o h\u00e1 que se falar em compulsoriedade e, consequentemente, em natureza tribut\u00e1ria. Vejamos o entendimento do STF:<\/p>\n<p style=\"text-align: justify; padding-left: 30px;\"><strong>S\u00famula Vinculante 40 &#8211;<\/strong> A contribui\u00e7\u00e3o confederativa de que trata o art. 8\u00ba, IV, da Constitui\u00e7\u00e3o Federal, s\u00f3 \u00e9 exig\u00edvel dos filiados ao sindicato respectivo.<\/p>\n<p style=\"text-align: justify;\">A segunda contribui\u00e7\u00e3o \u00e9 a contribui\u00e7\u00e3o sindical, que era compuls\u00f3ria antes da reforma trabalhista ocorrida em 2017. O pr\u00f3prio Supremo Tribunal Federal (MS 28.465) j\u00e1 reconheceu a natureza tribut\u00e1ria da exa\u00e7\u00e3o, como sendo uma contribui\u00e7\u00e3o social, e amoldando-se \u00e0 defini\u00e7\u00e3o de tributo, prevista no j\u00e1 estudado art. 3\u00ba, do CTN.<\/p>\n<p style=\"text-align: justify;\">Trata-se da cobran\u00e7a de um valor correspondente \u00e0 remunera\u00e7\u00e3o de um dia de trabalho dos empregados. As entidades sindicais figuram como destinat\u00e1rias desses recursos, <strong>motivo pelo qual torna-se totalmente inadequado nome\u00e1-la \u201cimposto sindical\u201d<\/strong>, uma vez que h\u00e1 vincula\u00e7\u00e3o em rela\u00e7\u00e3o ao destino da sua arrecada\u00e7\u00e3o.<\/p>\n<p style=\"text-align: justify;\">De qualquer modo, a reforma trabalhista estabelecida pela Lei 13.467\/2017 <strong>p\u00f4s fim \u00e0 compulsoriedade da referida contribui\u00e7\u00e3o<\/strong>, alterando a reda\u00e7\u00e3o dos arts. 578 e 579, da CLT, os quais passaram a exigir pr\u00e9via e expressa autoriza\u00e7\u00e3o para o seu desconto:<\/p>\n<p style=\"text-align: justify; padding-left: 30px;\"><em>Art. 578. \u00a0As contribui\u00e7\u00f5es devidas aos sindicatos pelos participantes das categorias econ\u00f4micas ou profissionais ou das profiss\u00f5es liberais representadas pelas referidas entidades ser\u00e3o, sob a denomina\u00e7\u00e3o de contribui\u00e7\u00e3o sindical, pagas, recolhidas e aplicadas na forma estabelecida neste Cap\u00edtulo, <strong>desde que pr\u00e9via e expressamente autorizadas<\/strong>.\u00a0(Reda\u00e7\u00e3o dada pela Lei n\u00ba 13.467, de 2017)<\/em><\/p>\n<p style=\"text-align: justify; padding-left: 30px;\"><em>Art. 579. \u00a0O desconto da contribui\u00e7\u00e3o sindical <strong>est\u00e1 condicionado \u00e0 autoriza\u00e7\u00e3o pr\u00e9via e expressa<\/strong> dos que participarem de uma determinada categoria econ\u00f4mica ou profissional, ou de uma profiss\u00e3o liberal, em favor do sindicato representativo da mesma categoria ou profiss\u00e3o ou, inexistindo este, na conformidade do disposto no art. 591 desta Consolida\u00e7\u00e3o.\u00a0(Reda\u00e7\u00e3o dada pela Lei n\u00ba 13.467, de 2017)<\/em><\/p>\n<p style=\"text-align: justify;\">Diversas a\u00e7\u00f5es diretas de inconstitucionalidade foram ajuizadas no Supremo Tribunal Federal, questionando a referida altera\u00e7\u00e3o legislativa que p\u00f4s fim \u00e0 cobran\u00e7a compuls\u00f3ria da contribui\u00e7\u00e3o sindical, sob as mais diversas alega\u00e7\u00f5es.<\/p>\n<p style=\"text-align: justify;\">Tais ADIs foram julgadas em 29 de junho de 2018, momento em que o STF, por 6 votos a 3, julgou que o fim da obrigatoriedade da contribui\u00e7\u00e3o sindical \u00e9 constitucional. De acordo com o STF, n\u00e3o se pode admitir que a contribui\u00e7\u00e3o sindical seja imposta a trabalhadores e empregadores quando a Constitui\u00e7\u00e3o determina que ningu\u00e9m \u00e9 obrigado a se filiar ou a se manter filiado a uma entidade sindical.<\/p>\n<p style=\"text-align: justify;\">Dessa forma, o que voc\u00ea precisa saber para concursos p\u00fablicos \u00e9 que <strong>n\u00e3o h\u00e1 que se falar em contribui\u00e7\u00e3o sindical como tendo natureza tribut\u00e1ria a partir da Lei 13.467\/2017<\/strong>, pois a compulsoriedade n\u00e3o est\u00e1 mais presente nesta presta\u00e7\u00e3o pecuni\u00e1ria, n\u00e3o mais se adequando \u00e0 defini\u00e7\u00e3o de tributo.<\/p>\n<p style=\"text-align: justify;\">Estejam atentos quanto a este ponto da nossa mat\u00e9ria, pois ir\u00e1 cair bastante nas pr\u00f3ximas provas!<\/p>\n<p style=\"text-align: justify;\">Um grande abra\u00e7o e bons estudos!<\/p>\n<p style=\"text-align: justify;\">Prof. F\u00e1bio Dutra<\/p>\n","protected":false},"excerpt":{"rendered":"<p>Ol\u00e1, pessoal, tudo bem? Aqui \u00e9 o F\u00e1bio Dutra, professor de Direito Tribut\u00e1rio do Estrat\u00e9gia Concursos e Auditor-Fiscal da Receita Federal do Brasil. Clique abaixo para me seguir no Instagram! Passei por aqui hoje para mant\u00ea-los atualizados com a jurisprud\u00eancia recente do STF, confirmando o posicionamento que j\u00e1 hav\u00edamos ensinado em nossos cursos de Direito [&hellip;]<\/p>\n","protected":false},"author":150,"featured_media":0,"comment_status":"open","ping_status":"closed","sticky":false,"template":"","format":"standard","meta":{"post_tipo":"article","footnotes":""},"categories":[1],"tags":[],"tax_estado":[],"class_list":["post-129564","post","type-post","status-publish","format-standard","hentry","category-cursos-e-concursos"],"acf":[],"yoast_head":"<!-- This site is optimized with the Yoast SEO Premium plugin v27.2 (Yoast SEO v27.2) - https:\/\/yoast.com\/product\/yoast-seo-premium-wordpress\/ -->\n<title>Contribui\u00e7\u00e3o Sindical - Jurisprud\u00eancia do STF<\/title>\n<meta name=\"robots\" content=\"index, follow, max-snippet:-1, max-image-preview:large, max-video-preview:-1\" \/>\n<link rel=\"canonical\" href=\"https:\/\/www.estrategiaconcursos.com.br\/blog\/contribuicao-sindical-jurisprudencia-do-stf\/\" \/>\n<meta property=\"og:locale\" content=\"pt_BR\" \/>\n<meta property=\"og:type\" content=\"article\" \/>\n<meta property=\"og:title\" content=\"Contribui\u00e7\u00e3o Sindical - Jurisprud\u00eancia do STF\" \/>\n<meta property=\"og:description\" content=\"Ol\u00e1, pessoal, tudo bem? Aqui \u00e9 o F\u00e1bio Dutra, professor de Direito Tribut\u00e1rio do Estrat\u00e9gia Concursos e Auditor-Fiscal da Receita Federal do Brasil. Clique abaixo para me seguir no Instagram! Passei por aqui hoje para mant\u00ea-los atualizados com a jurisprud\u00eancia recente do STF, confirmando o posicionamento que j\u00e1 hav\u00edamos ensinado em nossos cursos de Direito [&hellip;]\" \/>\n<meta property=\"og:url\" content=\"https:\/\/www.estrategiaconcursos.com.br\/blog\/contribuicao-sindical-jurisprudencia-do-stf\/\" \/>\n<meta property=\"og:site_name\" content=\"Estrat\u00e9gia Concursos\" \/>\n<meta property=\"article:published_time\" content=\"2018-07-04T23:29:56+00:00\" \/>\n<meta property=\"article:modified_time\" content=\"2022-10-13T14:21:41+00:00\" \/>\n<meta name=\"author\" content=\"F\u00e1bio Dutra\" \/>\n<meta name=\"twitter:card\" content=\"summary_large_image\" \/>\n<meta name=\"twitter:creator\" content=\"@EstratConcursos\" \/>\n<meta name=\"twitter:site\" content=\"@EstratConcursos\" \/>\n<meta name=\"twitter:label1\" content=\"Escrito por\" \/>\n\t<meta name=\"twitter:data1\" content=\"F\u00e1bio Dutra\" \/>\n\t<meta name=\"twitter:label2\" content=\"Est. tempo de leitura\" \/>\n\t<meta name=\"twitter:data2\" content=\"3 minutos\" \/>\n<script type=\"application\/ld+json\" class=\"yoast-schema-graph\">{\"@context\":\"https:\/\/schema.org\",\"@graph\":[{\"@type\":\"NewsArticle\",\"@id\":\"https:\/\/www.estrategiaconcursos.com.br\/blog\/contribuicao-sindical-jurisprudencia-do-stf\/#article\",\"isPartOf\":{\"@id\":\"https:\/\/www.estrategiaconcursos.com.br\/blog\/contribuicao-sindical-jurisprudencia-do-stf\/\"},\"author\":{\"name\":\"F\u00e1bio Dutra\",\"@id\":\"https:\/\/www.estrategiaconcursos.com.br\/blog\/#\/schema\/person\/c6615b1e72eae70edca73ea5362ead63\"},\"headline\":\"Contribui\u00e7\u00e3o Sindical &#8211; Jurisprud\u00eancia do STF\",\"datePublished\":\"2018-07-04T23:29:56+00:00\",\"dateModified\":\"2022-10-13T14:21:41+00:00\",\"mainEntityOfPage\":{\"@id\":\"https:\/\/www.estrategiaconcursos.com.br\/blog\/contribuicao-sindical-jurisprudencia-do-stf\/\"},\"wordCount\":695,\"commentCount\":1,\"publisher\":{\"@id\":\"https:\/\/www.estrategiaconcursos.com.br\/blog\/#organization\"},\"articleSection\":[\"Concursos P\u00fablicos\"],\"inLanguage\":\"pt-BR\",\"potentialAction\":[{\"@type\":\"CommentAction\",\"name\":\"Comment\",\"target\":[\"https:\/\/www.estrategiaconcursos.com.br\/blog\/contribuicao-sindical-jurisprudencia-do-stf\/#respond\"]}],\"copyrightYear\":\"2018\",\"copyrightHolder\":{\"@id\":\"https:\/\/www.estrategiaconcursos.com.br\/blog\/#organization\"}},{\"@type\":\"WebPage\",\"@id\":\"https:\/\/www.estrategiaconcursos.com.br\/blog\/contribuicao-sindical-jurisprudencia-do-stf\/\",\"url\":\"https:\/\/www.estrategiaconcursos.com.br\/blog\/contribuicao-sindical-jurisprudencia-do-stf\/\",\"name\":\"Contribui\u00e7\u00e3o Sindical - Jurisprud\u00eancia do STF\",\"isPartOf\":{\"@id\":\"https:\/\/www.estrategiaconcursos.com.br\/blog\/#website\"},\"datePublished\":\"2018-07-04T23:29:56+00:00\",\"dateModified\":\"2022-10-13T14:21:41+00:00\",\"breadcrumb\":{\"@id\":\"https:\/\/www.estrategiaconcursos.com.br\/blog\/contribuicao-sindical-jurisprudencia-do-stf\/#breadcrumb\"},\"inLanguage\":\"pt-BR\",\"potentialAction\":[{\"@type\":\"ReadAction\",\"target\":[\"https:\/\/www.estrategiaconcursos.com.br\/blog\/contribuicao-sindical-jurisprudencia-do-stf\/\"]}]},{\"@type\":\"BreadcrumbList\",\"@id\":\"https:\/\/www.estrategiaconcursos.com.br\/blog\/contribuicao-sindical-jurisprudencia-do-stf\/#breadcrumb\",\"itemListElement\":[{\"@type\":\"ListItem\",\"position\":1,\"name\":\"In\u00edcio\",\"item\":\"https:\/\/www.estrategiaconcursos.com.br\/blog\/\"},{\"@type\":\"ListItem\",\"position\":2,\"name\":\"Contribui\u00e7\u00e3o Sindical &#8211; Jurisprud\u00eancia do STF\"}]},{\"@type\":\"WebSite\",\"@id\":\"https:\/\/www.estrategiaconcursos.com.br\/blog\/#website\",\"url\":\"https:\/\/www.estrategiaconcursos.com.br\/blog\/\",\"name\":\"Estrat\u00e9gia Concursos\",\"description\":\"O blog da Estrat\u00e9gia Concursos traz not\u00edcias sobre concursos e artigos de professores oferecendo cursos para concursos (pdf + videaulas) no site.\",\"publisher\":{\"@id\":\"https:\/\/www.estrategiaconcursos.com.br\/blog\/#organization\"},\"potentialAction\":[{\"@type\":\"SearchAction\",\"target\":{\"@type\":\"EntryPoint\",\"urlTemplate\":\"https:\/\/www.estrategiaconcursos.com.br\/blog\/?s={search_term_string}\"},\"query-input\":{\"@type\":\"PropertyValueSpecification\",\"valueRequired\":true,\"valueName\":\"search_term_string\"}}],\"inLanguage\":\"pt-BR\"},{\"@type\":\"Organization\",\"@id\":\"https:\/\/www.estrategiaconcursos.com.br\/blog\/#organization\",\"name\":\"Estrat\u00e9gia Concursos\",\"url\":\"https:\/\/www.estrategiaconcursos.com.br\/blog\/\",\"logo\":{\"@type\":\"ImageObject\",\"inLanguage\":\"pt-BR\",\"@id\":\"https:\/\/www.estrategiaconcursos.com.br\/blog\/#\/schema\/logo\/image\/\",\"url\":\"https:\/\/dhg1h5j42swfq.cloudfront.net\/2025\/06\/03203428\/logo_concursos-1.jpg\",\"contentUrl\":\"https:\/\/dhg1h5j42swfq.cloudfront.net\/2025\/06\/03203428\/logo_concursos-1.jpg\",\"width\":230,\"height\":60,\"caption\":\"Estrat\u00e9gia Concursos\"},\"image\":{\"@id\":\"https:\/\/www.estrategiaconcursos.com.br\/blog\/#\/schema\/logo\/image\/\"},\"sameAs\":[\"https:\/\/x.com\/EstratConcursos\"]},{\"@type\":\"Person\",\"@id\":\"https:\/\/www.estrategiaconcursos.com.br\/blog\/#\/schema\/person\/c6615b1e72eae70edca73ea5362ead63\",\"name\":\"F\u00e1bio Dutra\",\"image\":{\"@type\":\"ImageObject\",\"inLanguage\":\"pt-BR\",\"@id\":\"https:\/\/secure.gravatar.com\/avatar\/2fb4b2715a33320653086a45a7174528e6836e078753b587b59cb70f7b453819?s=96&d=mm&r=g\",\"url\":\"https:\/\/secure.gravatar.com\/avatar\/2fb4b2715a33320653086a45a7174528e6836e078753b587b59cb70f7b453819?s=96&d=mm&r=g\",\"contentUrl\":\"https:\/\/secure.gravatar.com\/avatar\/2fb4b2715a33320653086a45a7174528e6836e078753b587b59cb70f7b453819?s=96&d=mm&r=g\",\"caption\":\"F\u00e1bio Dutra\"},\"url\":\"https:\/\/www.estrategiaconcursos.com.br\/blog\/author\/fabiodutraestrategiaconcursos-com-br\/\"}]}<\/script>\n<!-- \/ Yoast SEO Premium plugin. -->","yoast_head_json":{"title":"Contribui\u00e7\u00e3o Sindical - Jurisprud\u00eancia do STF","robots":{"index":"index","follow":"follow","max-snippet":"max-snippet:-1","max-image-preview":"max-image-preview:large","max-video-preview":"max-video-preview:-1"},"canonical":"https:\/\/www.estrategiaconcursos.com.br\/blog\/contribuicao-sindical-jurisprudencia-do-stf\/","og_locale":"pt_BR","og_type":"article","og_title":"Contribui\u00e7\u00e3o Sindical - Jurisprud\u00eancia do STF","og_description":"Ol\u00e1, pessoal, tudo bem? Aqui \u00e9 o F\u00e1bio Dutra, professor de Direito Tribut\u00e1rio do Estrat\u00e9gia Concursos e Auditor-Fiscal da Receita Federal do Brasil. Clique abaixo para me seguir no Instagram! Passei por aqui hoje para mant\u00ea-los atualizados com a jurisprud\u00eancia recente do STF, confirmando o posicionamento que j\u00e1 hav\u00edamos ensinado em nossos cursos de Direito [&hellip;]","og_url":"https:\/\/www.estrategiaconcursos.com.br\/blog\/contribuicao-sindical-jurisprudencia-do-stf\/","og_site_name":"Estrat\u00e9gia Concursos","article_published_time":"2018-07-04T23:29:56+00:00","article_modified_time":"2022-10-13T14:21:41+00:00","author":"F\u00e1bio Dutra","twitter_card":"summary_large_image","twitter_creator":"@EstratConcursos","twitter_site":"@EstratConcursos","twitter_misc":{"Escrito por":"F\u00e1bio Dutra","Est. tempo de leitura":"3 minutos"},"schema":{"@context":"https:\/\/schema.org","@graph":[{"@type":"NewsArticle","@id":"https:\/\/www.estrategiaconcursos.com.br\/blog\/contribuicao-sindical-jurisprudencia-do-stf\/#article","isPartOf":{"@id":"https:\/\/www.estrategiaconcursos.com.br\/blog\/contribuicao-sindical-jurisprudencia-do-stf\/"},"author":{"name":"F\u00e1bio Dutra","@id":"https:\/\/www.estrategiaconcursos.com.br\/blog\/#\/schema\/person\/c6615b1e72eae70edca73ea5362ead63"},"headline":"Contribui\u00e7\u00e3o Sindical &#8211; Jurisprud\u00eancia do STF","datePublished":"2018-07-04T23:29:56+00:00","dateModified":"2022-10-13T14:21:41+00:00","mainEntityOfPage":{"@id":"https:\/\/www.estrategiaconcursos.com.br\/blog\/contribuicao-sindical-jurisprudencia-do-stf\/"},"wordCount":695,"commentCount":1,"publisher":{"@id":"https:\/\/www.estrategiaconcursos.com.br\/blog\/#organization"},"articleSection":["Concursos P\u00fablicos"],"inLanguage":"pt-BR","potentialAction":[{"@type":"CommentAction","name":"Comment","target":["https:\/\/www.estrategiaconcursos.com.br\/blog\/contribuicao-sindical-jurisprudencia-do-stf\/#respond"]}],"copyrightYear":"2018","copyrightHolder":{"@id":"https:\/\/www.estrategiaconcursos.com.br\/blog\/#organization"}},{"@type":"WebPage","@id":"https:\/\/www.estrategiaconcursos.com.br\/blog\/contribuicao-sindical-jurisprudencia-do-stf\/","url":"https:\/\/www.estrategiaconcursos.com.br\/blog\/contribuicao-sindical-jurisprudencia-do-stf\/","name":"Contribui\u00e7\u00e3o Sindical - Jurisprud\u00eancia do STF","isPartOf":{"@id":"https:\/\/www.estrategiaconcursos.com.br\/blog\/#website"},"datePublished":"2018-07-04T23:29:56+00:00","dateModified":"2022-10-13T14:21:41+00:00","breadcrumb":{"@id":"https:\/\/www.estrategiaconcursos.com.br\/blog\/contribuicao-sindical-jurisprudencia-do-stf\/#breadcrumb"},"inLanguage":"pt-BR","potentialAction":[{"@type":"ReadAction","target":["https:\/\/www.estrategiaconcursos.com.br\/blog\/contribuicao-sindical-jurisprudencia-do-stf\/"]}]},{"@type":"BreadcrumbList","@id":"https:\/\/www.estrategiaconcursos.com.br\/blog\/contribuicao-sindical-jurisprudencia-do-stf\/#breadcrumb","itemListElement":[{"@type":"ListItem","position":1,"name":"In\u00edcio","item":"https:\/\/www.estrategiaconcursos.com.br\/blog\/"},{"@type":"ListItem","position":2,"name":"Contribui\u00e7\u00e3o Sindical &#8211; Jurisprud\u00eancia do STF"}]},{"@type":"WebSite","@id":"https:\/\/www.estrategiaconcursos.com.br\/blog\/#website","url":"https:\/\/www.estrategiaconcursos.com.br\/blog\/","name":"Estrat\u00e9gia Concursos","description":"O blog da Estrat\u00e9gia Concursos traz not\u00edcias sobre concursos e artigos de professores oferecendo cursos para concursos (pdf + videaulas) no site.","publisher":{"@id":"https:\/\/www.estrategiaconcursos.com.br\/blog\/#organization"},"potentialAction":[{"@type":"SearchAction","target":{"@type":"EntryPoint","urlTemplate":"https:\/\/www.estrategiaconcursos.com.br\/blog\/?s={search_term_string}"},"query-input":{"@type":"PropertyValueSpecification","valueRequired":true,"valueName":"search_term_string"}}],"inLanguage":"pt-BR"},{"@type":"Organization","@id":"https:\/\/www.estrategiaconcursos.com.br\/blog\/#organization","name":"Estrat\u00e9gia Concursos","url":"https:\/\/www.estrategiaconcursos.com.br\/blog\/","logo":{"@type":"ImageObject","inLanguage":"pt-BR","@id":"https:\/\/www.estrategiaconcursos.com.br\/blog\/#\/schema\/logo\/image\/","url":"https:\/\/dhg1h5j42swfq.cloudfront.net\/2025\/06\/03203428\/logo_concursos-1.jpg","contentUrl":"https:\/\/dhg1h5j42swfq.cloudfront.net\/2025\/06\/03203428\/logo_concursos-1.jpg","width":230,"height":60,"caption":"Estrat\u00e9gia Concursos"},"image":{"@id":"https:\/\/www.estrategiaconcursos.com.br\/blog\/#\/schema\/logo\/image\/"},"sameAs":["https:\/\/x.com\/EstratConcursos"]},{"@type":"Person","@id":"https:\/\/www.estrategiaconcursos.com.br\/blog\/#\/schema\/person\/c6615b1e72eae70edca73ea5362ead63","name":"F\u00e1bio Dutra","image":{"@type":"ImageObject","inLanguage":"pt-BR","@id":"https:\/\/secure.gravatar.com\/avatar\/2fb4b2715a33320653086a45a7174528e6836e078753b587b59cb70f7b453819?s=96&d=mm&r=g","url":"https:\/\/secure.gravatar.com\/avatar\/2fb4b2715a33320653086a45a7174528e6836e078753b587b59cb70f7b453819?s=96&d=mm&r=g","contentUrl":"https:\/\/secure.gravatar.com\/avatar\/2fb4b2715a33320653086a45a7174528e6836e078753b587b59cb70f7b453819?s=96&d=mm&r=g","caption":"F\u00e1bio Dutra"},"url":"https:\/\/www.estrategiaconcursos.com.br\/blog\/author\/fabiodutraestrategiaconcursos-com-br\/"}]}},"_links":{"self":[{"href":"https:\/\/www.estrategiaconcursos.com.br\/blog\/wp-json\/wp\/v2\/posts\/129564","targetHints":{"allow":["GET"]}}],"collection":[{"href":"https:\/\/www.estrategiaconcursos.com.br\/blog\/wp-json\/wp\/v2\/posts"}],"about":[{"href":"https:\/\/www.estrategiaconcursos.com.br\/blog\/wp-json\/wp\/v2\/types\/post"}],"author":[{"embeddable":true,"href":"https:\/\/www.estrategiaconcursos.com.br\/blog\/wp-json\/wp\/v2\/users\/150"}],"replies":[{"embeddable":true,"href":"https:\/\/www.estrategiaconcursos.com.br\/blog\/wp-json\/wp\/v2\/comments?post=129564"}],"version-history":[{"count":5,"href":"https:\/\/www.estrategiaconcursos.com.br\/blog\/wp-json\/wp\/v2\/posts\/129564\/revisions"}],"predecessor-version":[{"id":1109402,"href":"https:\/\/www.estrategiaconcursos.com.br\/blog\/wp-json\/wp\/v2\/posts\/129564\/revisions\/1109402"}],"wp:attachment":[{"href":"https:\/\/www.estrategiaconcursos.com.br\/blog\/wp-json\/wp\/v2\/media?parent=129564"}],"wp:term":[{"taxonomy":"category","embeddable":true,"href":"https:\/\/www.estrategiaconcursos.com.br\/blog\/wp-json\/wp\/v2\/categories?post=129564"},{"taxonomy":"post_tag","embeddable":true,"href":"https:\/\/www.estrategiaconcursos.com.br\/blog\/wp-json\/wp\/v2\/tags?post=129564"},{"taxonomy":"tax_estado","embeddable":true,"href":"https:\/\/www.estrategiaconcursos.com.br\/blog\/wp-json\/wp\/v2\/tax_estado?post=129564"}],"curies":[{"name":"wp","href":"https:\/\/api.w.org\/{rel}","templated":true}]}}