{"id":1289139,"date":"2023-11-16T08:00:00","date_gmt":"2023-11-16T11:00:00","guid":{"rendered":"https:\/\/www.estrategiaconcursos.com.br\/blog\/?p=1289139"},"modified":"2023-10-24T11:56:48","modified_gmt":"2023-10-24T14:56:48","slug":"resolucao-n1-2002-cn","status":"publish","type":"post","link":"https:\/\/www.estrategiaconcursos.com.br\/blog\/resolucao-n1-2002-cn\/","title":{"rendered":"C\u00e2mara dos Deputados: Resolu\u00e7\u00e3o n\u00ba 1\/2002 do CN"},"content":{"rendered":"\n<p>Confira neste artigo um resumo sobre a&nbsp;<strong>Resolu\u00e7\u00e3o n\u00ba 1\/2002 do CN<\/strong>, para o concurso da C\u00e2mara dos Deputados.<\/p>\n\n\n\n<figure class=\"wp-block-image aligncenter size-large is-resized\"><img loading=\"lazy\" decoding=\"async\" width=\"1024\" height=\"682\" src=\"https:\/\/dhg1h5j42swfq.cloudfront.net\/2023\/08\/31101316\/camara-dos-deputados-orgao-fotografia-1024x682.jpg\" alt=\"C\u00e2mara dos Deputados Resolu\u00e7\u00e3o n\u00ba 1 de 2002 do CN\" class=\"wp-image-1271734\" style=\"width:549px;height:365px\" srcset=\"https:\/\/dhg1h5j42swfq.cloudfront.net\/2023\/08\/31101316\/camara-dos-deputados-orgao-fotografia-1024x682.jpg 1024w, https:\/\/dhg1h5j42swfq.cloudfront.net\/2023\/08\/31101316\/camara-dos-deputados-orgao-fotografia-300x200.jpg 300w, https:\/\/dhg1h5j42swfq.cloudfront.net\/2023\/08\/31101316\/camara-dos-deputados-orgao-fotografia-768x511.jpg 768w, https:\/\/dhg1h5j42swfq.cloudfront.net\/2023\/08\/31101316\/camara-dos-deputados-orgao-fotografia-610x406.jpg 610w, https:\/\/dhg1h5j42swfq.cloudfront.net\/2023\/08\/31101316\/camara-dos-deputados-orgao-fotografia-150x100.jpg 150w, https:\/\/dhg1h5j42swfq.cloudfront.net\/2023\/08\/31101316\/camara-dos-deputados-orgao-fotografia.jpg 1050w\" sizes=\"auto, (max-width: 1024px) 100vw, 1024px\" \/><\/figure>\n\n\n\n<p>Ol\u00e1, pessoal! Como voc\u00eas est\u00e3o?<\/p>\n\n\n\n<p>O concurso da C\u00e2mara dos Deputados est\u00e1 cada dia mais perto. Como est\u00e1 a sua prepara\u00e7\u00e3o?<\/p>\n\n\n\n<p>Est\u00e3o sendo ofertadas&nbsp;<strong>140 vagas imediatas<\/strong>, al\u00e9m de 609 em cadastro de reserva, com remunera\u00e7\u00e3o inicial de R$ 26.196,30 a R$ 34.812,19.<\/p>\n\n\n\n<p>Desse modo, com o intuito de auxili\u00e1-los na prepara\u00e7\u00e3o para esta prova, fizemos um resumo sobre a Resolu\u00e7\u00e3o n\u00ba 1\/2002 do CN, para o concurso da C\u00e2mara dos Deputados.<\/p>\n\n\n\n<p>Preparados? Ent\u00e3o vamos l\u00e1?<\/p>\n\n\n\n<div class=\"container\" id=\"boxes\">\r\n  <div class=\"row\">\r\n\r\n    <div class=\"col-sm\">\r\n      <div class=\"banner-estrategia\" id=\"box-assinatura\">\r\n        <h3 class=\"titulo-assinatura\">Curso C\u00e2mara dos Deputados<\/h3>\r\n        <p class=\"subtitulo-assinatura\">Estude conosco<\/p>\r\n        <div class=\"box-botao\">\r\n          <a class=\"btn-assinatura\" target=\"_blank\" href=\"https:\/\/www.estrategiaconcursos.com.br\/cursosPorConcurso\/camara-dos-deputados-tecnico-legislativo-322\/\" rel=\"noopener noreferrer\">Conhe\u00e7a os cursos<\/a>\r\n        <\/div>\r\n      <\/div>\r\n    \r\n    <\/div>\r\n\r\n  <\/div>\r\n<\/div>\n\n\n\n<h2 class=\"wp-block-heading\" id=\"h-a-resolucao-n\u00ba-1-2002-do-cn\"><mark style=\"background-color:rgba(0, 0, 0, 0)\" class=\"has-inline-color has-vivid-cyan-blue-color\">A Resolu\u00e7\u00e3o n\u00ba 1\/2002 do CN<\/mark><\/h2>\n\n\n\n<p>A Resolu\u00e7\u00e3o n\u00ba 1 de 2002 do Congresso Nacional disp\u00f5e sobre a <strong>aprecia\u00e7\u00e3o <\/strong>das <strong>Medidas Provis\u00f3rias<\/strong> editadas pelo <strong>Presidente da Rep\u00fablica<\/strong>.<\/p>\n\n\n\n<p>Primeiramente, \u00e9 importante destacar que a Medida Provis\u00f3ria ser\u00e1 analisada por uma <strong>Comiss\u00e3o Mista<\/strong>, a qual ser\u00e1 designada pela Presid\u00eancia da Mesa do Congresso Nacional nas <strong>48 horas<\/strong> <strong>seguintes <\/strong>\u00e0 publica\u00e7\u00e3o da MP no Di\u00e1rio Oficial da Uni\u00e3o.<\/p>\n\n\n\n<h2 class=\"wp-block-heading\" id=\"h-comissao-mista\"><mark style=\"background-color:rgba(0, 0, 0, 0)\" class=\"has-inline-color has-vivid-cyan-blue-color\">Comiss\u00e3o Mista<\/mark><\/h2>\n\n\n\n<p>A Comiss\u00e3o Mista designada para analisar a MP ser\u00e1 composta por <strong>12 Senadores<\/strong> e <strong>12 Deputados<\/strong>, indicados pelos respectivos L\u00edderes, sendo este n\u00famero acrescido de <strong>mais uma vaga<\/strong> para cada Casa exclusivamente pelas bancadas <strong>minorit\u00e1rias <\/strong>que n\u00e3o alcancem, no c\u00e1lculo da proporcionalidade partid\u00e1ria, n\u00famero suficiente para participar da Comiss\u00e3o.<\/p>\n\n\n\n<p>Ap\u00f3s a sua designa\u00e7\u00e3o, a Comiss\u00e3o ter\u00e1 <strong>24 horas<\/strong> para sua <strong>instala\u00e7\u00e3o<\/strong>, quando ser\u00e3o eleitos o seu Presidente e Vice-Presidente, os quais ser\u00e3o de Casas distintas.<\/p>\n\n\n\n<p><strong><mark style=\"background-color:rgba(0, 0, 0, 0)\" class=\"has-inline-color has-vivid-red-color\">A SABER: <\/mark><\/strong>A <strong>Presid\u00eancia <\/strong>da Comiss\u00e3o ser\u00e1 exercida de modo <strong>alternado <\/strong>pelas Casas, devendo, em cada caso, o relator ser designado pelo Presidente dentre os membros da Comiss\u00e3o pertencentes \u00e0 Casa diversa da sua.<\/p>\n\n\n\n<h2 class=\"wp-block-heading\" id=\"h-emendas-as-mps\"><mark style=\"background-color:rgba(0, 0, 0, 0)\" class=\"has-inline-color has-vivid-cyan-blue-color\">Emendas \u00e0s MPs<\/mark><\/h2>\n\n\n\n<p>Ap\u00f3s a publica\u00e7\u00e3o da MP, poder\u00e3o ser realizadas <strong>emendas <\/strong>a ela, desde que realizadas dentro dos <strong>6 primeiros dias<\/strong> ap\u00f3s a publica\u00e7\u00e3o, apenas perante \u00e0 Comiss\u00e3o Mista, devendo ser protocolizadas na Secretaria-Geral da Mesa do Senado Federal.<\/p>\n\n\n\n<p><strong><mark style=\"background-color:rgba(0, 0, 0, 0)\" class=\"has-inline-color has-vivid-red-color\">FIQUE ATENTO:<\/mark><\/strong> \u00c9 <strong>vedada <\/strong>a apresenta\u00e7\u00e3o de emendas que versem sobre mat\u00e9ria <strong>estranha <\/strong>\u00e0quela tratada na Medida Provis\u00f3ria, cabendo ao Presidente da Comiss\u00e3o o seu indeferimento liminar.<\/p>\n\n\n\n<p>Contudo, o autor da emenda n\u00e3o aceita poder\u00e1 <strong>recorrer<\/strong>, com o apoio de <strong>3 membros<\/strong> da Comiss\u00e3o, da decis\u00e3o da Presid\u00eancia para o Plen\u00e1rio desta, que decidir\u00e1, definitivamente, por <strong>maioria simples<\/strong>, sem discuss\u00e3o ou encaminhamento de vota\u00e7\u00e3o.<\/p>\n\n\n\n<h2 class=\"wp-block-heading\" id=\"h-analise-da-mp\"><mark style=\"background-color:rgba(0, 0, 0, 0)\" class=\"has-inline-color has-vivid-cyan-blue-color\">An\u00e1lise da MP<\/mark><\/h2>\n\n\n\n<p>Em rela\u00e7\u00e3o \u00e0 an\u00e1lise do m\u00e9rito da MP, a Comiss\u00e3o Mista poder\u00e1 emitir <strong>parecer <\/strong>pela aprova\u00e7\u00e3o total ou parcial ou altera\u00e7\u00e3o da Medida Provis\u00f3ria, ou pela sua rejei\u00e7\u00e3o; e, ainda, pela aprova\u00e7\u00e3o ou rejei\u00e7\u00e3o de emenda a ela apresentada, devendo <strong>concluir<\/strong>, quando resolver por qualquer altera\u00e7\u00e3o de seu texto:<\/p>\n\n\n\n<ul class=\"wp-block-list\">\n<li>pela apresenta\u00e7\u00e3o de<strong> projeto de lei<\/strong> de convers\u00e3o relativo \u00e0 mat\u00e9ria;<\/li>\n\n\n\n<li>pela apresenta\u00e7\u00e3o de <strong>projeto de decreto legislativo<\/strong>, disciplinando as rela\u00e7\u00f5es jur\u00eddicas decorrentes da vig\u00eancia dos textos suprimidos ou alterados, o qual ter\u00e1 sua tramita\u00e7\u00e3o iniciada pela C\u00e2mara dos Deputados.<\/li>\n<\/ul>\n\n\n\n<p>Ao ser aprovado o parecer, o mesmo ser\u00e1 encaminhado \u00e0 <strong>C\u00e2mara dos Deputados<\/strong>. Caso o mesmo seja aprovado nesta Casa, a mat\u00e9ria ser\u00e1 encaminhada ao <strong>Senado Federal<\/strong>, o qual ter\u00e1 at\u00e9 o <strong>42\u00ba dia<\/strong> de vig\u00eancia da Medida Provis\u00f3ria para apreci\u00e1-la.<\/p>\n\n\n\n<p>Se houver <strong>modifica\u00e7\u00e3o <\/strong>no Senado Federal, a MP ser\u00e1 encaminhada para exame na Casa iniciadora, sob a forma de emenda, a ser apreciada em turno \u00fanico, vedadas quaisquer novas altera\u00e7\u00f5es, em at\u00e9 3 dias.<\/p>\n\n\n\n<p><strong><mark style=\"background-color:rgba(0, 0, 0, 0)\" class=\"has-inline-color has-vivid-red-color\">FIQUE ATENTO: <\/mark><\/strong>Caso a Medida Provis\u00f3ria <strong>n\u00e3o seja apreciada<\/strong> em at\u00e9 <strong>45 dias<\/strong>, contados de sua publica\u00e7\u00e3o no Di\u00e1rio Oficial da Uni\u00e3o, cada uma das Casas do Congresso entrar\u00e1 em regime de <strong>urg\u00eancia<\/strong>, subsequentemente, ficando <strong>sobrestadas<\/strong>, at\u00e9 que se ultime a vota\u00e7\u00e3o, todas as demais delibera\u00e7\u00f5es legislativas do Plen\u00e1rio da Casa em que estiver tramitando.<\/p>\n\n\n\n<p>Al\u00e9m disso, caso a Medida Provis\u00f3ria n\u00e3o tiver sido votada em <strong>at\u00e9 60 dias <\/strong>de sua publica\u00e7\u00e3o no Di\u00e1rio Oficial da Uni\u00e3o, estar\u00e1 automaticamente <strong>prorrogada <\/strong>uma \u00fanica vez a sua vig\u00eancia por igual per\u00edodo.<\/p>\n\n\n\n<p>Se o prazo de vig\u00eancia da MP <strong>finalizar<\/strong>, incluindo a sua prorroga\u00e7\u00e3o, sem a finaliza\u00e7\u00e3o da sua vota\u00e7\u00e3o, ou ainda se a Medida Provis\u00f3ria for rejeitada, a Comiss\u00e3o Mista dever\u00e1 elaborar <strong>projeto de decreto legislativo<\/strong> que discipline as rela\u00e7\u00f5es jur\u00eddicas decorrentes da vig\u00eancia de Medida Provis\u00f3ria.<\/p>\n\n\n\n<p>Caso o decreto n\u00e3o seja editado em at\u00e9 <strong>60 dias<\/strong> ap\u00f3s a rejei\u00e7\u00e3o ou a perda de efic\u00e1cia de Medida Provis\u00f3ria, as rela\u00e7\u00f5es jur\u00eddicas constitu\u00eddas e decorrentes de atos praticados durante sua vig\u00eancia <strong>conservar-se-\u00e3o<\/strong> por ela regidas.<\/p>\n\n\n\n<p>Por fim, ser\u00e1 <strong>extinta <\/strong>a Comiss\u00e3o Mista ap\u00f3s a publica\u00e7\u00e3o do decreto legislativo ou o transcurso do prazo citado acima.<\/p>\n\n\n\n<p>O <strong>Presidente da Mesa do Congresso Nacional <\/strong>\u00e9 o respons\u00e1vel por <strong>promulgar <\/strong>a MP, como lei, caso a mesma seja aprovada.<\/p>\n\n\n\n<p>Aprovada Medida Provis\u00f3ria, sem altera\u00e7\u00e3o de m\u00e9rito, ser\u00e1 o seu texto<\/p>\n\n\n\n<h2 class=\"wp-block-heading\" id=\"h-finalizando-a-resolucao-n\u00ba-1-2002-do-cn\"><mark style=\"background-color:rgba(0, 0, 0, 0)\" class=\"has-inline-color has-vivid-cyan-blue-color\">Finalizando a Resolu\u00e7\u00e3o n\u00ba 1\/2002 do CN<\/mark><\/h2>\n\n\n\n<p>Bom, pessoal! Chegamos ao fim do nosso artigo sobre a Resolu\u00e7\u00e3o n\u00ba 1\/2002 do CN, para o concurso da C\u00e2mara dos Deputados.<\/p>\n\n\n\n<p>Vale destacar que este \u00e9 apenas um resumo deste Regimento. \u00c9 importante que voc\u00ea fa\u00e7a a leitura integral da norma em quest\u00e3o.<\/p>\n\n\n\n<p>Caso queira se preparar para chegar&nbsp;<strong>competitivo&nbsp;<\/strong>nesta prova, invista nos &nbsp;<a href=\"https:\/\/www.estrategiaconcursos.com.br\/cursosPorConcurso\/camara-dos-deputados-tecnico-legislativo-322\/\" target=\"_blank\" rel=\"noreferrer noopener\"><strong>cursos para a C\u00e2mara dos Deputados do Estrat\u00e9gia Concursos<\/strong><\/a>. L\u00e1 voc\u00ea encontrar\u00e1&nbsp;<strong>aulas completas e detalhadas, com os melhores professores do mercado<\/strong>.<\/p>\n\n\n\n<p>Conhe\u00e7a tamb\u00e9m o&nbsp;<a href=\"https:\/\/questoes.estrategiaconcursos.com.br\/\" target=\"_blank\" rel=\"noreferrer noopener\"><strong>Sistema de Quest\u00f5es do Estrat\u00e9gia<\/strong><\/a>. Afinal, a \u00fanica maneira de&nbsp;<strong>consolidar o conte\u00fado&nbsp;<\/strong>de maneira satisfat\u00f3ria \u00e9 atrav\u00e9s da&nbsp;<strong>resolu\u00e7\u00e3o de quest\u00f5es.<\/strong>&nbsp;L\u00e1 voc\u00ea encontrar\u00e1 milhares de quest\u00f5es das disciplinas que ser\u00e3o cobradas no seu certame da C\u00e2mara dos Deputados. N\u00e3o deixem de conferir.<\/p>\n\n\n\n<h2 class=\"wp-block-heading has-text-align-center\" id=\"cursos-assinatura\">Cursos e Assinaturas<\/h2>\n\n\n\n<p>Prepare-se com o melhor material e com quem mais aprova em Concursos P\u00fablicos em todo o pa\u00eds!<\/p>\n\n\n\n<p class=\"has-text-align-center has-vivid-cyan-blue-color has-text-color has-background\" style=\"background-color:#0078bd\"><a href=\"https:\/\/www.estrategiaconcursos.com.br\/blog\/concursos-abertos\/\" target=\"_blank\" rel=\"noreferrer noopener\"><strong><mark style=\"background-color:rgba(0, 0, 0, 0)\" class=\"has-inline-color has-white-color\">Concursos Abertos<\/mark><\/strong><\/a><\/p>\n\n\n\n<p class=\"has-text-align-center has-vivid-cyan-blue-color has-text-color has-background\" style=\"background-color:#0078bd\"><a href=\"https:\/\/www.estrategiaconcursos.com.br\/blog\/concursos-2023\/\" target=\"_blank\" rel=\"noreferrer noopener\"><strong><mark style=\"background-color:rgba(0, 0, 0, 0)\" class=\"has-inline-color has-white-color\">Concursos 2023<\/mark><\/strong><\/a><\/p>\n\n\n\n<div class=\"container\" id=\"boxes\">\r\n  <div class=\"row\">\r\n\r\n    <div class=\"col-sm\">\r\n      <div class=\"estrategia\" id=\"box-assinatura\">\r\n        <h3 class=\"titulo-assinatura\">Assinatura Concursos<\/h3>\r\n        <p class=\"subtitulo-assinatura\">Assinatura de 1 ano ou 2 anos<\/p>\r\n        <div class=\"box-botao\">\r\n          <a class=\"btn-assinatura\" target=\"_blank\" href=\"https:\/\/www.estrategiaconcursos.com.br\/assinaturas\/\" role=\"button\" rel=\"noopener noreferrer\">ASSINE AGORA<\/a>\r\n        <\/div>\r\n      <\/div><\/div><\/div><\/div>\n\n\n\n<div class=\"container\" id=\"boxes\">\r\n  <div class=\"row\">\r\n\r\n    <div class=\"col-sm\">\r\n      <div class=\"banner-estrategia\" id=\"box-assinatura\">\r\n        <h3 class=\"titulo-assinatura\">Curso C\u00e2mara dos Deputados<\/h3>\r\n        <p class=\"subtitulo-assinatura\">Estude conosco<\/p>\r\n        <div class=\"box-botao\">\r\n          <a class=\"btn-assinatura\" target=\"_blank\" href=\"https:\/\/www.estrategiaconcursos.com.br\/cursosPorConcurso\/camara-dos-deputados-tecnico-legislativo-322\/\" rel=\"noopener noreferrer\">Conhe\u00e7a os cursos<\/a>\r\n        <\/div>\r\n      <\/div>\r\n    \r\n    <\/div>\r\n\r\n  <\/div>\r\n<\/div>\n","protected":false},"excerpt":{"rendered":"<p>Confira neste artigo um resumo sobre a&nbsp;Resolu\u00e7\u00e3o n\u00ba 1\/2002 do CN, para o concurso da C\u00e2mara dos Deputados. Ol\u00e1, pessoal! Como voc\u00eas est\u00e3o? O concurso da C\u00e2mara dos Deputados est\u00e1 cada dia mais perto. Como est\u00e1 a sua prepara\u00e7\u00e3o? Est\u00e3o sendo ofertadas&nbsp;140 vagas imediatas, al\u00e9m de 609 em cadastro de reserva, com remunera\u00e7\u00e3o inicial de [&hellip;]<\/p>\n","protected":false},"author":1976,"featured_media":1271734,"comment_status":"open","ping_status":"closed","sticky":false,"template":"","format":"standard","meta":{"post_tipo":"article","footnotes":""},"categories":[2017],"tags":[],"tax_estado":[219963],"class_list":["post-1289139","post","type-post","status-publish","format-standard","has-post-thumbnail","hentry","category-concursos-legislativos","tax_estado-concursos-federais"],"acf":[],"yoast_head":"<!-- This site is optimized with the Yoast SEO Premium plugin v27.2 (Yoast SEO v27.2) - https:\/\/yoast.com\/product\/yoast-seo-premium-wordpress\/ -->\n<title>C\u00e2mara dos Deputados: Resolu\u00e7\u00e3o n\u00ba 1\/2002 do CN<\/title>\n<meta name=\"description\" content=\"Confira neste artigo um resumo sobre a\u00a0Resolu\u00e7\u00e3o n\u00ba 1\/2002 do CN (Congresso Nacional), para o concurso da C\u00e2mara dos Deputados.\" \/>\n<meta name=\"robots\" content=\"index, follow, max-snippet:-1, max-image-preview:large, max-video-preview:-1\" \/>\n<link rel=\"canonical\" href=\"https:\/\/www.estrategiaconcursos.com.br\/blog\/resolucao-n1-2002-cn\/\" \/>\n<meta property=\"og:locale\" content=\"pt_BR\" \/>\n<meta property=\"og:type\" content=\"article\" \/>\n<meta property=\"og:title\" content=\"C\u00e2mara dos Deputados: Resolu\u00e7\u00e3o n\u00ba 1\/2002 do CN\" \/>\n<meta property=\"og:description\" content=\"Confira neste artigo um resumo sobre a\u00a0Resolu\u00e7\u00e3o n\u00ba 1\/2002 do CN (Congresso Nacional), para o concurso da C\u00e2mara dos Deputados.\" \/>\n<meta property=\"og:url\" content=\"https:\/\/www.estrategiaconcursos.com.br\/blog\/resolucao-n1-2002-cn\/\" \/>\n<meta property=\"og:site_name\" content=\"Estrat\u00e9gia Concursos\" \/>\n<meta property=\"article:published_time\" content=\"2023-11-16T11:00:00+00:00\" \/>\n<meta property=\"og:image\" content=\"https:\/\/dhg1h5j42swfq.cloudfront.net\/2023\/08\/31101316\/camara-dos-deputados-orgao-fotografia.jpg\" \/>\n\t<meta property=\"og:image:width\" content=\"1050\" \/>\n\t<meta property=\"og:image:height\" content=\"699\" \/>\n\t<meta property=\"og:image:type\" content=\"image\/jpeg\" \/>\n<meta name=\"author\" content=\"Kassio Henrique Sobral Rocha\" \/>\n<meta name=\"twitter:card\" content=\"summary_large_image\" \/>\n<meta name=\"twitter:creator\" content=\"@EstratConcursos\" \/>\n<meta name=\"twitter:site\" content=\"@EstratConcursos\" \/>\n<meta name=\"twitter:label1\" content=\"Escrito por\" \/>\n\t<meta name=\"twitter:data1\" content=\"Kassio Henrique Sobral Rocha\" \/>\n\t<meta name=\"twitter:label2\" content=\"Est. tempo de leitura\" \/>\n\t<meta name=\"twitter:data2\" content=\"5 minutos\" \/>\n<script type=\"application\/ld+json\" class=\"yoast-schema-graph\">{\"@context\":\"https:\/\/schema.org\",\"@graph\":[{\"@type\":\"NewsArticle\",\"@id\":\"https:\/\/www.estrategiaconcursos.com.br\/blog\/resolucao-n1-2002-cn\/#article\",\"isPartOf\":{\"@id\":\"https:\/\/www.estrategiaconcursos.com.br\/blog\/resolucao-n1-2002-cn\/\"},\"author\":{\"name\":\"Kassio Henrique Sobral Rocha\",\"@id\":\"https:\/\/www.estrategiaconcursos.com.br\/blog\/#\/schema\/person\/f0c830e07cfe11c231c0ea5dbb036df5\"},\"headline\":\"C\u00e2mara dos Deputados: Resolu\u00e7\u00e3o n\u00ba 1\/2002 do CN\",\"datePublished\":\"2023-11-16T11:00:00+00:00\",\"mainEntityOfPage\":{\"@id\":\"https:\/\/www.estrategiaconcursos.com.br\/blog\/resolucao-n1-2002-cn\/\"},\"wordCount\":1093,\"commentCount\":0,\"publisher\":{\"@id\":\"https:\/\/www.estrategiaconcursos.com.br\/blog\/#organization\"},\"image\":{\"@id\":\"https:\/\/www.estrategiaconcursos.com.br\/blog\/resolucao-n1-2002-cn\/#primaryimage\"},\"thumbnailUrl\":\"https:\/\/dhg1h5j42swfq.cloudfront.net\/2023\/08\/31101316\/camara-dos-deputados-orgao-fotografia.jpg\",\"articleSection\":[\"Legislativo\"],\"inLanguage\":\"pt-BR\",\"potentialAction\":[{\"@type\":\"CommentAction\",\"name\":\"Comment\",\"target\":[\"https:\/\/www.estrategiaconcursos.com.br\/blog\/resolucao-n1-2002-cn\/#respond\"]}],\"copyrightYear\":\"2023\",\"copyrightHolder\":{\"@id\":\"https:\/\/www.estrategiaconcursos.com.br\/blog\/#organization\"}},{\"@type\":\"WebPage\",\"@id\":\"https:\/\/www.estrategiaconcursos.com.br\/blog\/resolucao-n1-2002-cn\/\",\"url\":\"https:\/\/www.estrategiaconcursos.com.br\/blog\/resolucao-n1-2002-cn\/\",\"name\":\"C\u00e2mara dos Deputados: Resolu\u00e7\u00e3o n\u00ba 1\/2002 do CN\",\"isPartOf\":{\"@id\":\"https:\/\/www.estrategiaconcursos.com.br\/blog\/#website\"},\"primaryImageOfPage\":{\"@id\":\"https:\/\/www.estrategiaconcursos.com.br\/blog\/resolucao-n1-2002-cn\/#primaryimage\"},\"image\":{\"@id\":\"https:\/\/www.estrategiaconcursos.com.br\/blog\/resolucao-n1-2002-cn\/#primaryimage\"},\"thumbnailUrl\":\"https:\/\/dhg1h5j42swfq.cloudfront.net\/2023\/08\/31101316\/camara-dos-deputados-orgao-fotografia.jpg\",\"datePublished\":\"2023-11-16T11:00:00+00:00\",\"description\":\"Confira neste artigo um resumo sobre a\u00a0Resolu\u00e7\u00e3o n\u00ba 1\/2002 do CN (Congresso Nacional), para o concurso da C\u00e2mara dos Deputados.\",\"breadcrumb\":{\"@id\":\"https:\/\/www.estrategiaconcursos.com.br\/blog\/resolucao-n1-2002-cn\/#breadcrumb\"},\"inLanguage\":\"pt-BR\",\"potentialAction\":[{\"@type\":\"ReadAction\",\"target\":[\"https:\/\/www.estrategiaconcursos.com.br\/blog\/resolucao-n1-2002-cn\/\"]}]},{\"@type\":\"ImageObject\",\"inLanguage\":\"pt-BR\",\"@id\":\"https:\/\/www.estrategiaconcursos.com.br\/blog\/resolucao-n1-2002-cn\/#primaryimage\",\"url\":\"https:\/\/dhg1h5j42swfq.cloudfront.net\/2023\/08\/31101316\/camara-dos-deputados-orgao-fotografia.jpg\",\"contentUrl\":\"https:\/\/dhg1h5j42swfq.cloudfront.net\/2023\/08\/31101316\/camara-dos-deputados-orgao-fotografia.jpg\",\"width\":1050,\"height\":699,\"caption\":\"C\u00e2mara dos Deputados Resolu\u00e7\u00e3o n\u00ba 1 de 2002 do CN\"},{\"@type\":\"BreadcrumbList\",\"@id\":\"https:\/\/www.estrategiaconcursos.com.br\/blog\/resolucao-n1-2002-cn\/#breadcrumb\",\"itemListElement\":[{\"@type\":\"ListItem\",\"position\":1,\"name\":\"In\u00edcio\",\"item\":\"https:\/\/www.estrategiaconcursos.com.br\/blog\/\"},{\"@type\":\"ListItem\",\"position\":2,\"name\":\"C\u00e2mara dos Deputados: Resolu\u00e7\u00e3o n\u00ba 1\/2002 do CN\"}]},{\"@type\":\"WebSite\",\"@id\":\"https:\/\/www.estrategiaconcursos.com.br\/blog\/#website\",\"url\":\"https:\/\/www.estrategiaconcursos.com.br\/blog\/\",\"name\":\"Estrat\u00e9gia Concursos\",\"description\":\"O blog da Estrat\u00e9gia Concursos traz not\u00edcias sobre concursos e artigos de professores oferecendo cursos para concursos (pdf + videaulas) no site.\",\"publisher\":{\"@id\":\"https:\/\/www.estrategiaconcursos.com.br\/blog\/#organization\"},\"potentialAction\":[{\"@type\":\"SearchAction\",\"target\":{\"@type\":\"EntryPoint\",\"urlTemplate\":\"https:\/\/www.estrategiaconcursos.com.br\/blog\/?s={search_term_string}\"},\"query-input\":{\"@type\":\"PropertyValueSpecification\",\"valueRequired\":true,\"valueName\":\"search_term_string\"}}],\"inLanguage\":\"pt-BR\"},{\"@type\":\"Organization\",\"@id\":\"https:\/\/www.estrategiaconcursos.com.br\/blog\/#organization\",\"name\":\"Estrat\u00e9gia Concursos\",\"url\":\"https:\/\/www.estrategiaconcursos.com.br\/blog\/\",\"logo\":{\"@type\":\"ImageObject\",\"inLanguage\":\"pt-BR\",\"@id\":\"https:\/\/www.estrategiaconcursos.com.br\/blog\/#\/schema\/logo\/image\/\",\"url\":\"https:\/\/dhg1h5j42swfq.cloudfront.net\/2025\/06\/03203428\/logo_concursos-1.jpg\",\"contentUrl\":\"https:\/\/dhg1h5j42swfq.cloudfront.net\/2025\/06\/03203428\/logo_concursos-1.jpg\",\"width\":230,\"height\":60,\"caption\":\"Estrat\u00e9gia Concursos\"},\"image\":{\"@id\":\"https:\/\/www.estrategiaconcursos.com.br\/blog\/#\/schema\/logo\/image\/\"},\"sameAs\":[\"https:\/\/x.com\/EstratConcursos\"]},{\"@type\":\"Person\",\"@id\":\"https:\/\/www.estrategiaconcursos.com.br\/blog\/#\/schema\/person\/f0c830e07cfe11c231c0ea5dbb036df5\",\"name\":\"Kassio Henrique Sobral Rocha\",\"image\":{\"@type\":\"ImageObject\",\"inLanguage\":\"pt-BR\",\"@id\":\"https:\/\/secure.gravatar.com\/avatar\/d10350cbdad043facd8ec77a377f86f9026afee3348e463b04854fd4490ce759?s=96&d=mm&r=g\",\"url\":\"https:\/\/secure.gravatar.com\/avatar\/d10350cbdad043facd8ec77a377f86f9026afee3348e463b04854fd4490ce759?s=96&d=mm&r=g\",\"contentUrl\":\"https:\/\/secure.gravatar.com\/avatar\/d10350cbdad043facd8ec77a377f86f9026afee3348e463b04854fd4490ce759?s=96&d=mm&r=g\",\"caption\":\"Kassio Henrique Sobral Rocha\"},\"url\":\"https:\/\/www.estrategiaconcursos.com.br\/blog\/author\/kassio-rochayahoo-com-br\/\"}]}<\/script>\n<!-- \/ Yoast SEO Premium plugin. -->","yoast_head_json":{"title":"C\u00e2mara dos Deputados: Resolu\u00e7\u00e3o n\u00ba 1\/2002 do CN","description":"Confira neste artigo um resumo sobre a\u00a0Resolu\u00e7\u00e3o n\u00ba 1\/2002 do CN (Congresso Nacional), para o concurso da C\u00e2mara dos Deputados.","robots":{"index":"index","follow":"follow","max-snippet":"max-snippet:-1","max-image-preview":"max-image-preview:large","max-video-preview":"max-video-preview:-1"},"canonical":"https:\/\/www.estrategiaconcursos.com.br\/blog\/resolucao-n1-2002-cn\/","og_locale":"pt_BR","og_type":"article","og_title":"C\u00e2mara dos Deputados: Resolu\u00e7\u00e3o n\u00ba 1\/2002 do CN","og_description":"Confira neste artigo um resumo sobre a\u00a0Resolu\u00e7\u00e3o n\u00ba 1\/2002 do CN (Congresso Nacional), para o concurso da C\u00e2mara dos Deputados.","og_url":"https:\/\/www.estrategiaconcursos.com.br\/blog\/resolucao-n1-2002-cn\/","og_site_name":"Estrat\u00e9gia Concursos","article_published_time":"2023-11-16T11:00:00+00:00","og_image":[{"width":1050,"height":699,"url":"https:\/\/dhg1h5j42swfq.cloudfront.net\/2023\/08\/31101316\/camara-dos-deputados-orgao-fotografia.jpg","type":"image\/jpeg"}],"author":"Kassio Henrique Sobral Rocha","twitter_card":"summary_large_image","twitter_creator":"@EstratConcursos","twitter_site":"@EstratConcursos","twitter_misc":{"Escrito por":"Kassio Henrique Sobral Rocha","Est. tempo de leitura":"5 minutos"},"schema":{"@context":"https:\/\/schema.org","@graph":[{"@type":"NewsArticle","@id":"https:\/\/www.estrategiaconcursos.com.br\/blog\/resolucao-n1-2002-cn\/#article","isPartOf":{"@id":"https:\/\/www.estrategiaconcursos.com.br\/blog\/resolucao-n1-2002-cn\/"},"author":{"name":"Kassio Henrique Sobral Rocha","@id":"https:\/\/www.estrategiaconcursos.com.br\/blog\/#\/schema\/person\/f0c830e07cfe11c231c0ea5dbb036df5"},"headline":"C\u00e2mara dos Deputados: Resolu\u00e7\u00e3o n\u00ba 1\/2002 do CN","datePublished":"2023-11-16T11:00:00+00:00","mainEntityOfPage":{"@id":"https:\/\/www.estrategiaconcursos.com.br\/blog\/resolucao-n1-2002-cn\/"},"wordCount":1093,"commentCount":0,"publisher":{"@id":"https:\/\/www.estrategiaconcursos.com.br\/blog\/#organization"},"image":{"@id":"https:\/\/www.estrategiaconcursos.com.br\/blog\/resolucao-n1-2002-cn\/#primaryimage"},"thumbnailUrl":"https:\/\/dhg1h5j42swfq.cloudfront.net\/2023\/08\/31101316\/camara-dos-deputados-orgao-fotografia.jpg","articleSection":["Legislativo"],"inLanguage":"pt-BR","potentialAction":[{"@type":"CommentAction","name":"Comment","target":["https:\/\/www.estrategiaconcursos.com.br\/blog\/resolucao-n1-2002-cn\/#respond"]}],"copyrightYear":"2023","copyrightHolder":{"@id":"https:\/\/www.estrategiaconcursos.com.br\/blog\/#organization"}},{"@type":"WebPage","@id":"https:\/\/www.estrategiaconcursos.com.br\/blog\/resolucao-n1-2002-cn\/","url":"https:\/\/www.estrategiaconcursos.com.br\/blog\/resolucao-n1-2002-cn\/","name":"C\u00e2mara dos Deputados: Resolu\u00e7\u00e3o n\u00ba 1\/2002 do CN","isPartOf":{"@id":"https:\/\/www.estrategiaconcursos.com.br\/blog\/#website"},"primaryImageOfPage":{"@id":"https:\/\/www.estrategiaconcursos.com.br\/blog\/resolucao-n1-2002-cn\/#primaryimage"},"image":{"@id":"https:\/\/www.estrategiaconcursos.com.br\/blog\/resolucao-n1-2002-cn\/#primaryimage"},"thumbnailUrl":"https:\/\/dhg1h5j42swfq.cloudfront.net\/2023\/08\/31101316\/camara-dos-deputados-orgao-fotografia.jpg","datePublished":"2023-11-16T11:00:00+00:00","description":"Confira neste artigo um resumo sobre a\u00a0Resolu\u00e7\u00e3o n\u00ba 1\/2002 do CN (Congresso Nacional), para o concurso da C\u00e2mara dos Deputados.","breadcrumb":{"@id":"https:\/\/www.estrategiaconcursos.com.br\/blog\/resolucao-n1-2002-cn\/#breadcrumb"},"inLanguage":"pt-BR","potentialAction":[{"@type":"ReadAction","target":["https:\/\/www.estrategiaconcursos.com.br\/blog\/resolucao-n1-2002-cn\/"]}]},{"@type":"ImageObject","inLanguage":"pt-BR","@id":"https:\/\/www.estrategiaconcursos.com.br\/blog\/resolucao-n1-2002-cn\/#primaryimage","url":"https:\/\/dhg1h5j42swfq.cloudfront.net\/2023\/08\/31101316\/camara-dos-deputados-orgao-fotografia.jpg","contentUrl":"https:\/\/dhg1h5j42swfq.cloudfront.net\/2023\/08\/31101316\/camara-dos-deputados-orgao-fotografia.jpg","width":1050,"height":699,"caption":"C\u00e2mara dos Deputados Resolu\u00e7\u00e3o n\u00ba 1 de 2002 do CN"},{"@type":"BreadcrumbList","@id":"https:\/\/www.estrategiaconcursos.com.br\/blog\/resolucao-n1-2002-cn\/#breadcrumb","itemListElement":[{"@type":"ListItem","position":1,"name":"In\u00edcio","item":"https:\/\/www.estrategiaconcursos.com.br\/blog\/"},{"@type":"ListItem","position":2,"name":"C\u00e2mara dos Deputados: Resolu\u00e7\u00e3o n\u00ba 1\/2002 do CN"}]},{"@type":"WebSite","@id":"https:\/\/www.estrategiaconcursos.com.br\/blog\/#website","url":"https:\/\/www.estrategiaconcursos.com.br\/blog\/","name":"Estrat\u00e9gia Concursos","description":"O blog da Estrat\u00e9gia Concursos traz not\u00edcias sobre concursos e artigos de professores oferecendo cursos para concursos (pdf + videaulas) no site.","publisher":{"@id":"https:\/\/www.estrategiaconcursos.com.br\/blog\/#organization"},"potentialAction":[{"@type":"SearchAction","target":{"@type":"EntryPoint","urlTemplate":"https:\/\/www.estrategiaconcursos.com.br\/blog\/?s={search_term_string}"},"query-input":{"@type":"PropertyValueSpecification","valueRequired":true,"valueName":"search_term_string"}}],"inLanguage":"pt-BR"},{"@type":"Organization","@id":"https:\/\/www.estrategiaconcursos.com.br\/blog\/#organization","name":"Estrat\u00e9gia Concursos","url":"https:\/\/www.estrategiaconcursos.com.br\/blog\/","logo":{"@type":"ImageObject","inLanguage":"pt-BR","@id":"https:\/\/www.estrategiaconcursos.com.br\/blog\/#\/schema\/logo\/image\/","url":"https:\/\/dhg1h5j42swfq.cloudfront.net\/2025\/06\/03203428\/logo_concursos-1.jpg","contentUrl":"https:\/\/dhg1h5j42swfq.cloudfront.net\/2025\/06\/03203428\/logo_concursos-1.jpg","width":230,"height":60,"caption":"Estrat\u00e9gia Concursos"},"image":{"@id":"https:\/\/www.estrategiaconcursos.com.br\/blog\/#\/schema\/logo\/image\/"},"sameAs":["https:\/\/x.com\/EstratConcursos"]},{"@type":"Person","@id":"https:\/\/www.estrategiaconcursos.com.br\/blog\/#\/schema\/person\/f0c830e07cfe11c231c0ea5dbb036df5","name":"Kassio Henrique Sobral Rocha","image":{"@type":"ImageObject","inLanguage":"pt-BR","@id":"https:\/\/secure.gravatar.com\/avatar\/d10350cbdad043facd8ec77a377f86f9026afee3348e463b04854fd4490ce759?s=96&d=mm&r=g","url":"https:\/\/secure.gravatar.com\/avatar\/d10350cbdad043facd8ec77a377f86f9026afee3348e463b04854fd4490ce759?s=96&d=mm&r=g","contentUrl":"https:\/\/secure.gravatar.com\/avatar\/d10350cbdad043facd8ec77a377f86f9026afee3348e463b04854fd4490ce759?s=96&d=mm&r=g","caption":"Kassio Henrique Sobral Rocha"},"url":"https:\/\/www.estrategiaconcursos.com.br\/blog\/author\/kassio-rochayahoo-com-br\/"}]}},"_links":{"self":[{"href":"https:\/\/www.estrategiaconcursos.com.br\/blog\/wp-json\/wp\/v2\/posts\/1289139","targetHints":{"allow":["GET"]}}],"collection":[{"href":"https:\/\/www.estrategiaconcursos.com.br\/blog\/wp-json\/wp\/v2\/posts"}],"about":[{"href":"https:\/\/www.estrategiaconcursos.com.br\/blog\/wp-json\/wp\/v2\/types\/post"}],"author":[{"embeddable":true,"href":"https:\/\/www.estrategiaconcursos.com.br\/blog\/wp-json\/wp\/v2\/users\/1976"}],"replies":[{"embeddable":true,"href":"https:\/\/www.estrategiaconcursos.com.br\/blog\/wp-json\/wp\/v2\/comments?post=1289139"}],"version-history":[{"count":7,"href":"https:\/\/www.estrategiaconcursos.com.br\/blog\/wp-json\/wp\/v2\/posts\/1289139\/revisions"}],"predecessor-version":[{"id":1296967,"href":"https:\/\/www.estrategiaconcursos.com.br\/blog\/wp-json\/wp\/v2\/posts\/1289139\/revisions\/1296967"}],"wp:featuredmedia":[{"embeddable":true,"href":"https:\/\/www.estrategiaconcursos.com.br\/blog\/wp-json\/wp\/v2\/media\/1271734"}],"wp:attachment":[{"href":"https:\/\/www.estrategiaconcursos.com.br\/blog\/wp-json\/wp\/v2\/media?parent=1289139"}],"wp:term":[{"taxonomy":"category","embeddable":true,"href":"https:\/\/www.estrategiaconcursos.com.br\/blog\/wp-json\/wp\/v2\/categories?post=1289139"},{"taxonomy":"post_tag","embeddable":true,"href":"https:\/\/www.estrategiaconcursos.com.br\/blog\/wp-json\/wp\/v2\/tags?post=1289139"},{"taxonomy":"tax_estado","embeddable":true,"href":"https:\/\/www.estrategiaconcursos.com.br\/blog\/wp-json\/wp\/v2\/tax_estado?post=1289139"}],"curies":[{"name":"wp","href":"https:\/\/api.w.org\/{rel}","templated":true}]}}