{"id":128754,"date":"2018-08-29T18:10:05","date_gmt":"2018-08-29T21:10:05","guid":{"rendered":"https:\/\/www.estrategiaconcursos.com.br\/blog\/?p=128754"},"modified":"2018-09-19T10:20:21","modified_gmt":"2018-09-19T13:20:21","slug":"aulao-presencial-policia-federal","status":"publish","type":"post","link":"https:\/\/www.estrategiaconcursos.com.br\/blog\/aulao-presencial-policia-federal\/","title":{"rendered":"AINDA H\u00c1 VAGAS: Presencial de V\u00e9spera focado na PF acontece dia 15 de setembro em S\u00e3o Paulo"},"content":{"rendered":"<p><em>Fala guerreiros, firmeza??<\/em><\/p>\n<p>Continuam dispon\u00edveis ingressos para o <em><strong>Aul\u00e3o Presencial de V\u00e9spera<\/strong><\/em> focado no concurso da Pol\u00edcia Federal. A data do evento est\u00e1 marcada para acontecer no\u00a0<em><strong>dia 15 de setembro, em S\u00e3o Paulo-SP<\/strong><\/em>.<\/p>\n<p><strong><em>O AUL\u00c3O PRESENCIAL de Revis\u00e3o de V\u00e9spera<\/em><\/strong>\u00a0ser\u00e1 focado nos cargos de <em><strong>Agente e Escriv\u00e3o<\/strong><\/em>. Ser\u00e1 um grande evento que vai contar com conte\u00fados focados no edital do certame e resolu\u00e7\u00e3o de quest\u00f5es para te deixar ainda mais seguro para a prova&#8230;<\/p>\n<p><em>E tem mais!!<\/em><\/p>\n<p>No dia, voc\u00eas ainda poder\u00e3o interagir com os nossos professores.<\/p>\n<p>Uma boa not\u00edcia \u00e9 que&#8230;<\/p>\n<p>se voc\u00ea \u00e9 aluno do Estrat\u00e9gia Concursos e possui qualquer um dos Pacotes Completos de curso para a Pol\u00edcia Federal, ter\u00e1 <em><strong>um desconto de 50% no valor da inscri\u00e7\u00e3o<\/strong><\/em>.<\/p>\n<p>Assim que voc\u00ea efetuar a compra do seu passaporte para este evento,\u00a0o desconto ser\u00e1 abatido no ato da inscri\u00e7\u00e3o.\u00a0Corra e garanta j\u00e1 a sua participa\u00e7\u00e3o neste grande evento porque as <em><strong>vagas s\u00e3o limitadas!<\/strong><\/em><\/p>\n<p style=\"padding-left: 30px;\"><em><strong>Quem n\u00e3o \u00e9 aluno ou n\u00e3o comprou o pacote, pode participar?<br \/>\n<\/strong>SIM!! \u00c9 claro! Voc\u00ea ser\u00e1 bem-vindo! Se voc\u00ea n\u00e3o adquiriu um dos nossos pacotes de cursos do concurso da Pol\u00edcia Federal, nem mesmo \u00e9 aluno do Estrat\u00e9gia tamb\u00e9m pode participar do evento. \u00c9 s\u00f3 criar um perfil de aluno no nosso site e<span style=\"color: #ff0000;\"> <strong>efetuar a sua inscri\u00e7\u00e3o pagando a taxa de R$ 79,00<\/strong><\/span>, \u00e0 vista ou em at\u00e9 12x no cart\u00e3o.<\/em><\/p>\n<h2 style=\"text-align: center;\"><strong>Dia 15 de Setembro<br \/>\nAul\u00e3o Presencial Pol\u00edcia Federal<\/strong><\/h2>\n<p style=\"padding-left: 30px;\"><em>\u2013 A aula ser\u00e1 focada no cargo de Agente e Escriv\u00e3o.<\/em><\/p>\n<h2 style=\"text-align: center;\">Aula Presencial PF \u2013\u00a0<a href=\"https:\/\/www.estrategiaconcursos.com.br\/curso\/aulao-de-vespera-para-a-policia-federal-agente-e-escrivao-sao-paulo-sp-18-08\/\" target=\"_blank\" rel=\"noopener\"><span style=\"color: #339966; text-decoration: underline;\">Garanta sua vaga!<\/span><\/a><\/h2>\n<p><span style=\"font-size: 18pt;\"><em><strong>Programa\u00e7\u00e3o (sujeita a altera\u00e7\u00f5es):<\/strong><\/em><\/span><\/p>\n<p>\u2013 07:30 \u00e0s 08:30 \u2013 Recep\u00e7\u00e3o e credenciamento dos alunos<\/p>\n<p>\u2013 08:30 \u00e0s 09:15 \u2013 Ricardo Vale (Direito Constitucional)<br \/>\n\u2013 10:00 \u00e0s 10:45 \u2013 Herbert Almeida (Direito Administrativo)<\/p>\n<p><em>INTERVALO \u2013 15 minutos<\/em><\/p>\n<p>\u2013 11:00 \u00e0s 12:30 \u2013\u00a0 Thiago Cavalcanti (Inform\u00e1tica)<\/p>\n<p><em>ALMO\u00c7O \u2013 90 minutos<\/em><\/p>\n<p>\u2013 14:00 \u00e0s 15:30 \u2013 Gabriel Rabelo (Contabilidade)<br \/>\n\u2013 15:30 \u00e0s 16:15 \u2013 Renan Araujo (Direito Penal e Processo Penal)<\/p>\n<p><em>INTERVALO \u2013 15 minutos<\/em><\/p>\n<p>\u2013 16:30 \u00e0s 17:15 \u2013 D\u00e9cio Terror (Portugu\u00eas)<br \/>\n\u2013 17:15 \u00e0s 18:00 \u2013 Marcos Gir\u00e3o (Legisla\u00e7\u00e3o Especial)<\/p>\n<div><\/div>\n","protected":false},"excerpt":{"rendered":"<p>Fala guerreiros, firmeza?? Continuam dispon\u00edveis ingressos para o Aul\u00e3o Presencial de V\u00e9spera focado no concurso da Pol\u00edcia Federal. A data do evento est\u00e1 marcada para acontecer no\u00a0dia 15 de setembro, em S\u00e3o Paulo-SP. O AUL\u00c3O PRESENCIAL de Revis\u00e3o de V\u00e9spera\u00a0ser\u00e1 focado nos cargos de Agente e Escriv\u00e3o. Ser\u00e1 um grande evento que vai contar com [&hellip;]<\/p>\n","protected":false},"author":552,"featured_media":0,"comment_status":"open","ping_status":"closed","sticky":false,"template":"","format":"standard","meta":{"post_tipo":"article","footnotes":""},"categories":[1],"tags":[],"tax_estado":[],"class_list":["post-128754","post","type-post","status-publish","format-standard","hentry","category-cursos-e-concursos"],"acf":[],"yoast_head":"<!-- This site is optimized with the Yoast SEO Premium plugin v27.2 (Yoast SEO v27.2) - https:\/\/yoast.com\/product\/yoast-seo-premium-wordpress\/ -->\n<title>AUL\u00c3O PRESENCIAL para a PF em SP (VAGAS LIMITADAS)<\/title>\n<meta name=\"description\" content=\"Participe do Aul\u00e3o Presencial focado no concurso da Pol\u00edcia Federal. O evento vai acontecer em S\u00e3o Paulo, em local ainda a ser divulgado. Garanta sua vaga.\" \/>\n<meta name=\"robots\" content=\"index, follow, max-snippet:-1, max-image-preview:large, max-video-preview:-1\" \/>\n<link rel=\"canonical\" href=\"https:\/\/www.estrategiaconcursos.com.br\/blog\/aulao-presencial-policia-federal\/\" \/>\n<meta property=\"og:locale\" content=\"pt_BR\" \/>\n<meta property=\"og:type\" content=\"article\" \/>\n<meta property=\"og:title\" content=\"AINDA H\u00c1 VAGAS: Presencial de V\u00e9spera focado na PF acontece dia 15 de setembro em S\u00e3o Paulo\" \/>\n<meta property=\"og:description\" content=\"Participe do Aul\u00e3o Presencial focado no concurso da Pol\u00edcia Federal. O evento vai acontecer em S\u00e3o Paulo, em local ainda a ser divulgado. Garanta sua vaga.\" \/>\n<meta property=\"og:url\" content=\"https:\/\/www.estrategiaconcursos.com.br\/blog\/aulao-presencial-policia-federal\/\" \/>\n<meta property=\"og:site_name\" content=\"Estrat\u00e9gia Concursos\" \/>\n<meta property=\"article:published_time\" content=\"2018-08-29T21:10:05+00:00\" \/>\n<meta property=\"article:modified_time\" content=\"2018-09-19T13:20:21+00:00\" \/>\n<meta name=\"author\" content=\"Paulo Bilynskyj\" \/>\n<meta name=\"twitter:card\" content=\"summary_large_image\" \/>\n<meta name=\"twitter:creator\" content=\"@EstratConcursos\" \/>\n<meta name=\"twitter:site\" content=\"@EstratConcursos\" \/>\n<meta name=\"twitter:label1\" content=\"Escrito por\" \/>\n\t<meta name=\"twitter:data1\" content=\"Paulo Bilynskyj\" \/>\n\t<meta name=\"twitter:label2\" content=\"Est. tempo de leitura\" \/>\n\t<meta name=\"twitter:data2\" content=\"2 minutos\" \/>\n<script type=\"application\/ld+json\" class=\"yoast-schema-graph\">{\"@context\":\"https:\/\/schema.org\",\"@graph\":[{\"@type\":\"NewsArticle\",\"@id\":\"https:\/\/www.estrategiaconcursos.com.br\/blog\/aulao-presencial-policia-federal\/#article\",\"isPartOf\":{\"@id\":\"https:\/\/www.estrategiaconcursos.com.br\/blog\/aulao-presencial-policia-federal\/\"},\"author\":{\"name\":\"Paulo Bilynskyj\",\"@id\":\"https:\/\/www.estrategiaconcursos.com.br\/blog\/#\/schema\/person\/a630b15e36f45b4c21fed01219843cb5\"},\"headline\":\"AINDA H\u00c1 VAGAS: Presencial de V\u00e9spera focado na PF acontece dia 15 de setembro em S\u00e3o Paulo\",\"datePublished\":\"2018-08-29T21:10:05+00:00\",\"dateModified\":\"2018-09-19T13:20:21+00:00\",\"mainEntityOfPage\":{\"@id\":\"https:\/\/www.estrategiaconcursos.com.br\/blog\/aulao-presencial-policia-federal\/\"},\"wordCount\":353,\"commentCount\":12,\"publisher\":{\"@id\":\"https:\/\/www.estrategiaconcursos.com.br\/blog\/#organization\"},\"articleSection\":[\"Concursos P\u00fablicos\"],\"inLanguage\":\"pt-BR\",\"potentialAction\":[{\"@type\":\"CommentAction\",\"name\":\"Comment\",\"target\":[\"https:\/\/www.estrategiaconcursos.com.br\/blog\/aulao-presencial-policia-federal\/#respond\"]}],\"copyrightYear\":\"2018\",\"copyrightHolder\":{\"@id\":\"https:\/\/www.estrategiaconcursos.com.br\/blog\/#organization\"}},{\"@type\":\"WebPage\",\"@id\":\"https:\/\/www.estrategiaconcursos.com.br\/blog\/aulao-presencial-policia-federal\/\",\"url\":\"https:\/\/www.estrategiaconcursos.com.br\/blog\/aulao-presencial-policia-federal\/\",\"name\":\"AUL\u00c3O PRESENCIAL para a PF em SP (VAGAS LIMITADAS)\",\"isPartOf\":{\"@id\":\"https:\/\/www.estrategiaconcursos.com.br\/blog\/#website\"},\"datePublished\":\"2018-08-29T21:10:05+00:00\",\"dateModified\":\"2018-09-19T13:20:21+00:00\",\"description\":\"Participe do Aul\u00e3o Presencial focado no concurso da Pol\u00edcia Federal. O evento vai acontecer em S\u00e3o Paulo, em local ainda a ser divulgado. Garanta sua vaga.\",\"breadcrumb\":{\"@id\":\"https:\/\/www.estrategiaconcursos.com.br\/blog\/aulao-presencial-policia-federal\/#breadcrumb\"},\"inLanguage\":\"pt-BR\",\"potentialAction\":[{\"@type\":\"ReadAction\",\"target\":[\"https:\/\/www.estrategiaconcursos.com.br\/blog\/aulao-presencial-policia-federal\/\"]}]},{\"@type\":\"BreadcrumbList\",\"@id\":\"https:\/\/www.estrategiaconcursos.com.br\/blog\/aulao-presencial-policia-federal\/#breadcrumb\",\"itemListElement\":[{\"@type\":\"ListItem\",\"position\":1,\"name\":\"In\u00edcio\",\"item\":\"https:\/\/www.estrategiaconcursos.com.br\/blog\/\"},{\"@type\":\"ListItem\",\"position\":2,\"name\":\"AINDA H\u00c1 VAGAS: Presencial de V\u00e9spera focado na PF acontece dia 15 de setembro em S\u00e3o Paulo\"}]},{\"@type\":\"WebSite\",\"@id\":\"https:\/\/www.estrategiaconcursos.com.br\/blog\/#website\",\"url\":\"https:\/\/www.estrategiaconcursos.com.br\/blog\/\",\"name\":\"Estrat\u00e9gia Concursos\",\"description\":\"O blog da Estrat\u00e9gia Concursos traz not\u00edcias sobre concursos e artigos de professores oferecendo cursos para concursos (pdf + videaulas) no site.\",\"publisher\":{\"@id\":\"https:\/\/www.estrategiaconcursos.com.br\/blog\/#organization\"},\"potentialAction\":[{\"@type\":\"SearchAction\",\"target\":{\"@type\":\"EntryPoint\",\"urlTemplate\":\"https:\/\/www.estrategiaconcursos.com.br\/blog\/?s={search_term_string}\"},\"query-input\":{\"@type\":\"PropertyValueSpecification\",\"valueRequired\":true,\"valueName\":\"search_term_string\"}}],\"inLanguage\":\"pt-BR\"},{\"@type\":\"Organization\",\"@id\":\"https:\/\/www.estrategiaconcursos.com.br\/blog\/#organization\",\"name\":\"Estrat\u00e9gia Concursos\",\"url\":\"https:\/\/www.estrategiaconcursos.com.br\/blog\/\",\"logo\":{\"@type\":\"ImageObject\",\"inLanguage\":\"pt-BR\",\"@id\":\"https:\/\/www.estrategiaconcursos.com.br\/blog\/#\/schema\/logo\/image\/\",\"url\":\"https:\/\/dhg1h5j42swfq.cloudfront.net\/2025\/06\/03203428\/logo_concursos-1.jpg\",\"contentUrl\":\"https:\/\/dhg1h5j42swfq.cloudfront.net\/2025\/06\/03203428\/logo_concursos-1.jpg\",\"width\":230,\"height\":60,\"caption\":\"Estrat\u00e9gia Concursos\"},\"image\":{\"@id\":\"https:\/\/www.estrategiaconcursos.com.br\/blog\/#\/schema\/logo\/image\/\"},\"sameAs\":[\"https:\/\/x.com\/EstratConcursos\"]},{\"@type\":\"Person\",\"@id\":\"https:\/\/www.estrategiaconcursos.com.br\/blog\/#\/schema\/person\/a630b15e36f45b4c21fed01219843cb5\",\"name\":\"Paulo Bilynskyj\",\"image\":{\"@type\":\"ImageObject\",\"inLanguage\":\"pt-BR\",\"@id\":\"https:\/\/secure.gravatar.com\/avatar\/37e21f70c9042e7456beffdc6d31fe051f3f6dcbf252f69343a791b144852057?s=96&d=mm&r=g\",\"url\":\"https:\/\/secure.gravatar.com\/avatar\/37e21f70c9042e7456beffdc6d31fe051f3f6dcbf252f69343a791b144852057?s=96&d=mm&r=g\",\"contentUrl\":\"https:\/\/secure.gravatar.com\/avatar\/37e21f70c9042e7456beffdc6d31fe051f3f6dcbf252f69343a791b144852057?s=96&d=mm&r=g\",\"caption\":\"Paulo Bilynskyj\"},\"url\":\"https:\/\/www.estrategiaconcursos.com.br\/blog\/author\/pbilynskyjgmail-com\/\"}]}<\/script>\n<!-- \/ Yoast SEO Premium plugin. -->","yoast_head_json":{"title":"AUL\u00c3O PRESENCIAL para a PF em SP (VAGAS LIMITADAS)","description":"Participe do Aul\u00e3o Presencial focado no concurso da Pol\u00edcia Federal. O evento vai acontecer em S\u00e3o Paulo, em local ainda a ser divulgado. Garanta sua vaga.","robots":{"index":"index","follow":"follow","max-snippet":"max-snippet:-1","max-image-preview":"max-image-preview:large","max-video-preview":"max-video-preview:-1"},"canonical":"https:\/\/www.estrategiaconcursos.com.br\/blog\/aulao-presencial-policia-federal\/","og_locale":"pt_BR","og_type":"article","og_title":"AINDA H\u00c1 VAGAS: Presencial de V\u00e9spera focado na PF acontece dia 15 de setembro em S\u00e3o Paulo","og_description":"Participe do Aul\u00e3o Presencial focado no concurso da Pol\u00edcia Federal. O evento vai acontecer em S\u00e3o Paulo, em local ainda a ser divulgado. Garanta sua vaga.","og_url":"https:\/\/www.estrategiaconcursos.com.br\/blog\/aulao-presencial-policia-federal\/","og_site_name":"Estrat\u00e9gia Concursos","article_published_time":"2018-08-29T21:10:05+00:00","article_modified_time":"2018-09-19T13:20:21+00:00","author":"Paulo Bilynskyj","twitter_card":"summary_large_image","twitter_creator":"@EstratConcursos","twitter_site":"@EstratConcursos","twitter_misc":{"Escrito por":"Paulo Bilynskyj","Est. tempo de leitura":"2 minutos"},"schema":{"@context":"https:\/\/schema.org","@graph":[{"@type":"NewsArticle","@id":"https:\/\/www.estrategiaconcursos.com.br\/blog\/aulao-presencial-policia-federal\/#article","isPartOf":{"@id":"https:\/\/www.estrategiaconcursos.com.br\/blog\/aulao-presencial-policia-federal\/"},"author":{"name":"Paulo Bilynskyj","@id":"https:\/\/www.estrategiaconcursos.com.br\/blog\/#\/schema\/person\/a630b15e36f45b4c21fed01219843cb5"},"headline":"AINDA H\u00c1 VAGAS: Presencial de V\u00e9spera focado na PF acontece dia 15 de setembro em S\u00e3o Paulo","datePublished":"2018-08-29T21:10:05+00:00","dateModified":"2018-09-19T13:20:21+00:00","mainEntityOfPage":{"@id":"https:\/\/www.estrategiaconcursos.com.br\/blog\/aulao-presencial-policia-federal\/"},"wordCount":353,"commentCount":12,"publisher":{"@id":"https:\/\/www.estrategiaconcursos.com.br\/blog\/#organization"},"articleSection":["Concursos P\u00fablicos"],"inLanguage":"pt-BR","potentialAction":[{"@type":"CommentAction","name":"Comment","target":["https:\/\/www.estrategiaconcursos.com.br\/blog\/aulao-presencial-policia-federal\/#respond"]}],"copyrightYear":"2018","copyrightHolder":{"@id":"https:\/\/www.estrategiaconcursos.com.br\/blog\/#organization"}},{"@type":"WebPage","@id":"https:\/\/www.estrategiaconcursos.com.br\/blog\/aulao-presencial-policia-federal\/","url":"https:\/\/www.estrategiaconcursos.com.br\/blog\/aulao-presencial-policia-federal\/","name":"AUL\u00c3O PRESENCIAL para a PF em SP (VAGAS LIMITADAS)","isPartOf":{"@id":"https:\/\/www.estrategiaconcursos.com.br\/blog\/#website"},"datePublished":"2018-08-29T21:10:05+00:00","dateModified":"2018-09-19T13:20:21+00:00","description":"Participe do Aul\u00e3o Presencial focado no concurso da Pol\u00edcia Federal. O evento vai acontecer em S\u00e3o Paulo, em local ainda a ser divulgado. Garanta sua vaga.","breadcrumb":{"@id":"https:\/\/www.estrategiaconcursos.com.br\/blog\/aulao-presencial-policia-federal\/#breadcrumb"},"inLanguage":"pt-BR","potentialAction":[{"@type":"ReadAction","target":["https:\/\/www.estrategiaconcursos.com.br\/blog\/aulao-presencial-policia-federal\/"]}]},{"@type":"BreadcrumbList","@id":"https:\/\/www.estrategiaconcursos.com.br\/blog\/aulao-presencial-policia-federal\/#breadcrumb","itemListElement":[{"@type":"ListItem","position":1,"name":"In\u00edcio","item":"https:\/\/www.estrategiaconcursos.com.br\/blog\/"},{"@type":"ListItem","position":2,"name":"AINDA H\u00c1 VAGAS: Presencial de V\u00e9spera focado na PF acontece dia 15 de setembro em S\u00e3o Paulo"}]},{"@type":"WebSite","@id":"https:\/\/www.estrategiaconcursos.com.br\/blog\/#website","url":"https:\/\/www.estrategiaconcursos.com.br\/blog\/","name":"Estrat\u00e9gia Concursos","description":"O blog da Estrat\u00e9gia Concursos traz not\u00edcias sobre concursos e artigos de professores oferecendo cursos para concursos (pdf + videaulas) no site.","publisher":{"@id":"https:\/\/www.estrategiaconcursos.com.br\/blog\/#organization"},"potentialAction":[{"@type":"SearchAction","target":{"@type":"EntryPoint","urlTemplate":"https:\/\/www.estrategiaconcursos.com.br\/blog\/?s={search_term_string}"},"query-input":{"@type":"PropertyValueSpecification","valueRequired":true,"valueName":"search_term_string"}}],"inLanguage":"pt-BR"},{"@type":"Organization","@id":"https:\/\/www.estrategiaconcursos.com.br\/blog\/#organization","name":"Estrat\u00e9gia Concursos","url":"https:\/\/www.estrategiaconcursos.com.br\/blog\/","logo":{"@type":"ImageObject","inLanguage":"pt-BR","@id":"https:\/\/www.estrategiaconcursos.com.br\/blog\/#\/schema\/logo\/image\/","url":"https:\/\/dhg1h5j42swfq.cloudfront.net\/2025\/06\/03203428\/logo_concursos-1.jpg","contentUrl":"https:\/\/dhg1h5j42swfq.cloudfront.net\/2025\/06\/03203428\/logo_concursos-1.jpg","width":230,"height":60,"caption":"Estrat\u00e9gia Concursos"},"image":{"@id":"https:\/\/www.estrategiaconcursos.com.br\/blog\/#\/schema\/logo\/image\/"},"sameAs":["https:\/\/x.com\/EstratConcursos"]},{"@type":"Person","@id":"https:\/\/www.estrategiaconcursos.com.br\/blog\/#\/schema\/person\/a630b15e36f45b4c21fed01219843cb5","name":"Paulo Bilynskyj","image":{"@type":"ImageObject","inLanguage":"pt-BR","@id":"https:\/\/secure.gravatar.com\/avatar\/37e21f70c9042e7456beffdc6d31fe051f3f6dcbf252f69343a791b144852057?s=96&d=mm&r=g","url":"https:\/\/secure.gravatar.com\/avatar\/37e21f70c9042e7456beffdc6d31fe051f3f6dcbf252f69343a791b144852057?s=96&d=mm&r=g","contentUrl":"https:\/\/secure.gravatar.com\/avatar\/37e21f70c9042e7456beffdc6d31fe051f3f6dcbf252f69343a791b144852057?s=96&d=mm&r=g","caption":"Paulo Bilynskyj"},"url":"https:\/\/www.estrategiaconcursos.com.br\/blog\/author\/pbilynskyjgmail-com\/"}]}},"_links":{"self":[{"href":"https:\/\/www.estrategiaconcursos.com.br\/blog\/wp-json\/wp\/v2\/posts\/128754","targetHints":{"allow":["GET"]}}],"collection":[{"href":"https:\/\/www.estrategiaconcursos.com.br\/blog\/wp-json\/wp\/v2\/posts"}],"about":[{"href":"https:\/\/www.estrategiaconcursos.com.br\/blog\/wp-json\/wp\/v2\/types\/post"}],"author":[{"embeddable":true,"href":"https:\/\/www.estrategiaconcursos.com.br\/blog\/wp-json\/wp\/v2\/users\/552"}],"replies":[{"embeddable":true,"href":"https:\/\/www.estrategiaconcursos.com.br\/blog\/wp-json\/wp\/v2\/comments?post=128754"}],"version-history":[{"count":27,"href":"https:\/\/www.estrategiaconcursos.com.br\/blog\/wp-json\/wp\/v2\/posts\/128754\/revisions"}],"predecessor-version":[{"id":141686,"href":"https:\/\/www.estrategiaconcursos.com.br\/blog\/wp-json\/wp\/v2\/posts\/128754\/revisions\/141686"}],"wp:attachment":[{"href":"https:\/\/www.estrategiaconcursos.com.br\/blog\/wp-json\/wp\/v2\/media?parent=128754"}],"wp:term":[{"taxonomy":"category","embeddable":true,"href":"https:\/\/www.estrategiaconcursos.com.br\/blog\/wp-json\/wp\/v2\/categories?post=128754"},{"taxonomy":"post_tag","embeddable":true,"href":"https:\/\/www.estrategiaconcursos.com.br\/blog\/wp-json\/wp\/v2\/tags?post=128754"},{"taxonomy":"tax_estado","embeddable":true,"href":"https:\/\/www.estrategiaconcursos.com.br\/blog\/wp-json\/wp\/v2\/tax_estado?post=128754"}],"curies":[{"name":"wp","href":"https:\/\/api.w.org\/{rel}","templated":true}]}}