{"id":1284261,"date":"2023-09-27T12:58:18","date_gmt":"2023-09-27T15:58:18","guid":{"rendered":"https:\/\/www.estrategiaconcursos.com.br\/blog\/?p=1284261"},"modified":"2023-09-28T11:54:35","modified_gmt":"2023-09-28T14:54:35","slug":"concurso-trf6-comissao-organizadora-formada","status":"publish","type":"post","link":"https:\/\/www.estrategiaconcursos.com.br\/blog\/concurso-trf6-comissao-organizadora-formada\/","title":{"rendered":"Concurso TRF6: comiss\u00e3o organizadora formada!"},"content":{"rendered":"\n<p>Foi institu\u00edda a comiss\u00e3o oficial respons\u00e1vel pelo primeiro concurso do <a href=\"https:\/\/www.estrategiaconcursos.com.br\/cursos\/concurso\/\" target=\"_blank\" rel=\"noreferrer noopener\">Tribunal Regional Federal da 6\u00aa Regi\u00e3o<\/a> (<strong>TRF6<\/strong>)!<\/p>\n\n\n\n<p>A portaria que consta o nome dos membros da comiss\u00e3o foi divulgada pelo Tribunal nesta quarta-feira, 27 de setembro de 2023.<\/p>\n\n\n\n<p>De acordo com as informa\u00e7\u00f5es anteriormente divulgadas, a maioria das vagas ser\u00e1 destinada a \u00e1rea de <strong>Tecnologia da Informa\u00e7\u00e3o<\/strong> <strong>(TI)<\/strong>, mas ainda podem sofrer altera\u00e7\u00f5es no decorrer dos tr\u00e2mites do certame.<\/p>\n\n\n\n<p>A previs\u00e3o \u00e9 de que o edital ofere\u00e7a ao todo <strong>150 vagas<\/strong> para preencher o quadro de servidores do novo Tribunal Federal, que ser\u00e1 localizado em Belo Horizonte- MG.<\/p>\n\n\n\n<p>Confira abaixo o documento!<\/p>\n\n\n\n<h3 class=\"wp-block-heading has-text-align-center\" id=\"h-concurso-trf-6-comissao\"><a href=\"https:\/\/dhg1h5j42swfq.cloudfront.net\/2023\/09\/27125343\/portaria-presi-153.pdf\" target=\"_blank\" rel=\"noreferrer noopener nofollow\">Concurso TRF 6 &#8211; Comiss\u00e3o<\/a><\/h3>\n\n\n\n<p>Os membros da comiss\u00e3o ser\u00e3o respons\u00e1veis por viabilizar o certame e o desenvolvimento dos tr\u00e2mites necess\u00e1rios para a escolha da banca e, posteriormente, a publica\u00e7\u00e3o do edital.<\/p>\n\n\n\n<p>Vale lembrar que a cria\u00e7\u00e3o do Tribunal da 6\u00aa regi\u00e3o foi aprovada como medida de moderniza\u00e7\u00e3o do Tribunal Regional Federal da 1\u00aaregi\u00e3o, que ainda \u00e9 respons\u00e1vel pela Se\u00e7\u00e3o Judici\u00e1ria de Minas Gerais.<\/p>\n\n\n\n<p>Confira abaixo como fica a nova estrutura do Tribunal! <\/p>\n\n\n\n<h3 class=\"wp-block-heading\" id=\"estrutura\">Como fica a estrutura do novo TRF 6<\/h3>\n\n\n\n<h4 class=\"wp-block-heading\" id=\"cargos\">Cargos de servidores<\/h4>\n\n\n\n<figure class=\"wp-block-table is-style-stripes\"><table class=\"has-background has-fixed-layout\" style=\"background-color:#e0cdf0\"><tbody><tr><td class=\"has-text-align-center\" data-align=\"center\"><strong>Denomina\u00e7\u00e3o<\/strong><\/td><td class=\"has-text-align-center\" data-align=\"center\"><strong>1\u00ba Grau<\/strong><\/td><td class=\"has-text-align-center\" data-align=\"center\"><strong>2\u00ba Grau<\/strong><\/td><td class=\"has-text-align-center\" data-align=\"center\"><strong>Total<\/strong><\/td><\/tr><tr><td class=\"has-text-align-center\" data-align=\"center\"> Analista Judici\u00e1rio <\/td><td class=\"has-text-align-center\" data-align=\"center\">622<\/td><td class=\"has-text-align-center\" data-align=\"center\">199<\/td><td class=\"has-text-align-center\" data-align=\"center\">821<\/td><\/tr><tr><td class=\"has-text-align-center\" data-align=\"center\"> T\u00e9cnico Judici\u00e1rio <\/td><td class=\"has-text-align-center\" data-align=\"center\">903<\/td><td class=\"has-text-align-center\" data-align=\"center\">168<\/td><td class=\"has-text-align-center\" data-align=\"center\">1.071<\/td><\/tr><tr><td class=\"has-text-align-center\" data-align=\"center\"> Auxiliar Judici\u00e1rio  <\/td><td class=\"has-text-align-center\" data-align=\"center\">0<\/td><td class=\"has-text-align-center\" data-align=\"center\">10<\/td><td class=\"has-text-align-center\" data-align=\"center\">10<\/td><\/tr><tr><td class=\"has-text-align-center\" data-align=\"center\"><strong> Total <\/strong><\/td><td class=\"has-text-align-center\" data-align=\"center\">1.525<\/td><td class=\"has-text-align-center\" data-align=\"center\">377<\/td><td class=\"has-text-align-center\" data-align=\"center\">1.902<\/td><\/tr><\/tbody><\/table><\/figure>\n\n\n\n<p>Quer ficar por dentro de todas as novidades e informa\u00e7\u00f5es sobre o <strong>concurso TRF6<\/strong>, cuja comiss\u00e3o voc\u00ea conferiu nesta mat\u00e9ria? Preparamos um artigo completo para voc\u00ea!<\/p>\n\n\n\n<p class=\"has-text-align-center has-background has-medium-font-size\" style=\"background-color:#dcc7eb\"><strong>Saiba mais: <a href=\"https:\/\/www.estrategiaconcursos.com.br\/blog\/concurso-trf-6\/\" target=\"_blank\" rel=\"noreferrer noopener\">concurso TRF6<\/a><\/strong><\/p>\n\n\n\n<h2 class=\"wp-block-heading has-text-align-center\" id=\"h-quer-saber-tudo-sobre-concursos-previstos-confira-nossos-artigos\">Quer saber tudo sobre concursos previstos?<br \/>Confira nossos artigos!<\/h2>\n\n\n\n<ul class=\"wp-block-list\">\n<li><a href=\"https:\/\/www.estrategiaconcursos.com.br\/blog\/concursos-abertos\/\" target=\"_blank\" rel=\"noreferrer noopener\">Concursos abertos<\/a><\/li>\n\n\n\n<li><a href=\"https:\/\/www.estrategiaconcursos.com.br\/blog\/concursos-2023\/\" target=\"_blank\" rel=\"noreferrer noopener\">Concursos 2023<\/a><\/li>\n<\/ul>\n\n\n\n<h2 class=\"wp-block-heading has-text-align-center\" id=\"curso\">Como estudar para o concurso TRF 6?<\/h2>\n\n\n\n<p class=\"has-text-align-left\"><em>Gostou desta oportunidade e deseja come\u00e7ar se preparar agora mesmo? Ent\u00e3o, confira os nossos cursos e comece a estudar para o TRF6:<\/em><\/p>\n\n\n\n<div class=\"container\" id=\"boxes\">\n  <div class=\"row\">\n\n    <div class=\"col-sm\">\n      <div class=\"banner-tribunal\" id=\"box-assinatura\">\n        <h3 class=\"titulo-assinatura\">Curso TRF6<\/h3>\n        <p class=\"subtitulo-assinatura\">Conhe\u00e7a os cursos<\/p>\n        <div class=\"box-botao\">\n          <a class=\"btn-assinatura\" target=\"_blank\" href=\"https:\/\/www.estrategiaconcursos.com.br\/cursos\/concurso\/\" role=\"button\" rel=\"noopener noreferrer\">Conhe\u00e7a mais<\/a>\n        <\/div>\n      <\/div>\n      <p class=\"texto-auxiliar\">Prepare-se com o melhor material e com quem mais aprova em Concursos P\u00fablicos em todo o pa\u00eds.<\/p>\n    <\/div>\n\n  <\/div>\n<\/div>\n\n\n\n<div class=\"container\" id=\"boxes\">\n  <div class=\"row\">\n\n    <div class=\"col-sm\">\n      <div class=\"estrategia\" id=\"box-assinatura\">\n        <h3 class=\"titulo-assinatura\">Assinatura de Concursos<\/h3>\n        <p class=\"subtitulo-assinatura\">Assinatura de 1 ano ou 2 anos<\/p>\n        <div class=\"box-botao\">\n          <a class=\"btn-assinatura\" target=\"_blank\" href=\"https:\/\/www.estrategiaconcursos.com.br\/assinaturas\/\" role=\"button\" rel=\"noopener noreferrer\">ASSINE AGORA<\/a>\n        <\/div>\n      <\/div>\n     \n    <\/div><\/div><\/div>\n","protected":false},"excerpt":{"rendered":"<p>Foi institu\u00edda a comiss\u00e3o oficial respons\u00e1vel pelo primeiro concurso do Tribunal Regional Federal da 6\u00aa Regi\u00e3o (TRF6)! A portaria que consta o nome dos membros da comiss\u00e3o foi divulgada pelo Tribunal nesta quarta-feira, 27 de setembro de 2023. De acordo com as informa\u00e7\u00f5es anteriormente divulgadas, a maioria das vagas ser\u00e1 destinada a \u00e1rea de Tecnologia [&hellip;]<\/p>\n","protected":false},"author":2402,"featured_media":1284269,"comment_status":"open","ping_status":"closed","sticky":false,"template":"","format":"standard","meta":{"post_tipo":"news","footnotes":""},"categories":[1984,220219],"tags":[],"tax_estado":[219974],"class_list":["post-1284261","post","type-post","status-publish","format-standard","has-post-thumbnail","hentry","category-tribunais","category-noticias","tax_estado-mg"],"acf":[],"yoast_head":"<!-- This site is optimized with the Yoast SEO Premium plugin v27.2 (Yoast SEO v27.2) - https:\/\/yoast.com\/product\/yoast-seo-premium-wordpress\/ -->\n<title>Concurso TRF6: comiss\u00e3o organizadora formada!<\/title>\n<meta name=\"description\" content=\"Concurso TRF6: institu\u00edda a comiss\u00e3o organizadora oficial do primeiro concurso do Tribunal destinado ao quadro administrativo.\" \/>\n<meta name=\"robots\" content=\"index, follow, max-snippet:-1, max-image-preview:large, max-video-preview:-1\" \/>\n<link rel=\"canonical\" href=\"https:\/\/www.estrategiaconcursos.com.br\/blog\/concurso-trf6-comissao-organizadora-formada\/\" \/>\n<meta property=\"og:locale\" content=\"pt_BR\" \/>\n<meta property=\"og:type\" content=\"article\" \/>\n<meta property=\"og:title\" content=\"Concurso TRF6: comiss\u00e3o organizadora formada!\" \/>\n<meta property=\"og:description\" content=\"Concurso TRF6: institu\u00edda a comiss\u00e3o organizadora oficial do primeiro concurso do Tribunal destinado ao quadro administrativo.\" \/>\n<meta property=\"og:url\" content=\"https:\/\/www.estrategiaconcursos.com.br\/blog\/concurso-trf6-comissao-organizadora-formada\/\" \/>\n<meta property=\"og:site_name\" content=\"Estrat\u00e9gia Concursos\" \/>\n<meta property=\"article:published_time\" content=\"2023-09-27T15:58:18+00:00\" \/>\n<meta property=\"article:modified_time\" content=\"2023-09-28T14:54:35+00:00\" \/>\n<meta property=\"og:image\" content=\"https:\/\/dhg1h5j42swfq.cloudfront.net\/2023\/09\/27124801\/trf-6-300x157-1.jpg\" \/>\n\t<meta property=\"og:image:width\" content=\"300\" \/>\n\t<meta property=\"og:image:height\" content=\"157\" \/>\n\t<meta property=\"og:image:type\" content=\"image\/jpeg\" \/>\n<meta name=\"author\" content=\"Daniela Santos Nascimento\" \/>\n<meta name=\"twitter:card\" content=\"summary_large_image\" \/>\n<meta name=\"twitter:creator\" content=\"@EstratConcursos\" \/>\n<meta name=\"twitter:site\" content=\"@EstratConcursos\" \/>\n<meta name=\"twitter:label1\" content=\"Escrito por\" \/>\n\t<meta name=\"twitter:data1\" content=\"Daniela Santos Nascimento\" \/>\n\t<meta name=\"twitter:label2\" content=\"Est. tempo de leitura\" \/>\n\t<meta name=\"twitter:data2\" content=\"2 minutos\" \/>\n<script type=\"application\/ld+json\" class=\"yoast-schema-graph\">{\"@context\":\"https:\/\/schema.org\",\"@graph\":[{\"@type\":\"NewsArticle\",\"@id\":\"https:\/\/www.estrategiaconcursos.com.br\/blog\/concurso-trf6-comissao-organizadora-formada\/#article\",\"isPartOf\":{\"@id\":\"https:\/\/www.estrategiaconcursos.com.br\/blog\/concurso-trf6-comissao-organizadora-formada\/\"},\"author\":{\"name\":\"Daniela Santos Nascimento\",\"@id\":\"https:\/\/www.estrategiaconcursos.com.br\/blog\/#\/schema\/person\/399990d02336f200766707b881aee98f\"},\"headline\":\"Concurso TRF6: comiss\u00e3o organizadora formada!\",\"datePublished\":\"2023-09-27T15:58:18+00:00\",\"dateModified\":\"2023-09-28T14:54:35+00:00\",\"mainEntityOfPage\":{\"@id\":\"https:\/\/www.estrategiaconcursos.com.br\/blog\/concurso-trf6-comissao-organizadora-formada\/\"},\"wordCount\":337,\"commentCount\":0,\"publisher\":{\"@id\":\"https:\/\/www.estrategiaconcursos.com.br\/blog\/#organization\"},\"image\":{\"@id\":\"https:\/\/www.estrategiaconcursos.com.br\/blog\/concurso-trf6-comissao-organizadora-formada\/#primaryimage\"},\"thumbnailUrl\":\"https:\/\/dhg1h5j42swfq.cloudfront.net\/2023\/09\/27124801\/trf-6-300x157-1.jpg\",\"articleSection\":[\"Tribunais\",\"\u00daltimas not\u00edcias\"],\"inLanguage\":\"pt-BR\",\"potentialAction\":[{\"@type\":\"CommentAction\",\"name\":\"Comment\",\"target\":[\"https:\/\/www.estrategiaconcursos.com.br\/blog\/concurso-trf6-comissao-organizadora-formada\/#respond\"]}],\"copyrightYear\":\"2023\",\"copyrightHolder\":{\"@id\":\"https:\/\/www.estrategiaconcursos.com.br\/blog\/#organization\"}},{\"@type\":\"WebPage\",\"@id\":\"https:\/\/www.estrategiaconcursos.com.br\/blog\/concurso-trf6-comissao-organizadora-formada\/\",\"url\":\"https:\/\/www.estrategiaconcursos.com.br\/blog\/concurso-trf6-comissao-organizadora-formada\/\",\"name\":\"Concurso TRF6: comiss\u00e3o organizadora formada!\",\"isPartOf\":{\"@id\":\"https:\/\/www.estrategiaconcursos.com.br\/blog\/#website\"},\"primaryImageOfPage\":{\"@id\":\"https:\/\/www.estrategiaconcursos.com.br\/blog\/concurso-trf6-comissao-organizadora-formada\/#primaryimage\"},\"image\":{\"@id\":\"https:\/\/www.estrategiaconcursos.com.br\/blog\/concurso-trf6-comissao-organizadora-formada\/#primaryimage\"},\"thumbnailUrl\":\"https:\/\/dhg1h5j42swfq.cloudfront.net\/2023\/09\/27124801\/trf-6-300x157-1.jpg\",\"datePublished\":\"2023-09-27T15:58:18+00:00\",\"dateModified\":\"2023-09-28T14:54:35+00:00\",\"description\":\"Concurso TRF6: institu\u00edda a comiss\u00e3o organizadora oficial do primeiro concurso do Tribunal destinado ao quadro administrativo.\",\"breadcrumb\":{\"@id\":\"https:\/\/www.estrategiaconcursos.com.br\/blog\/concurso-trf6-comissao-organizadora-formada\/#breadcrumb\"},\"inLanguage\":\"pt-BR\",\"potentialAction\":[{\"@type\":\"ReadAction\",\"target\":[\"https:\/\/www.estrategiaconcursos.com.br\/blog\/concurso-trf6-comissao-organizadora-formada\/\"]}]},{\"@type\":\"ImageObject\",\"inLanguage\":\"pt-BR\",\"@id\":\"https:\/\/www.estrategiaconcursos.com.br\/blog\/concurso-trf6-comissao-organizadora-formada\/#primaryimage\",\"url\":\"https:\/\/dhg1h5j42swfq.cloudfront.net\/2023\/09\/27124801\/trf-6-300x157-1.jpg\",\"contentUrl\":\"https:\/\/dhg1h5j42swfq.cloudfront.net\/2023\/09\/27124801\/trf-6-300x157-1.jpg\",\"width\":300,\"height\":157},{\"@type\":\"BreadcrumbList\",\"@id\":\"https:\/\/www.estrategiaconcursos.com.br\/blog\/concurso-trf6-comissao-organizadora-formada\/#breadcrumb\",\"itemListElement\":[{\"@type\":\"ListItem\",\"position\":1,\"name\":\"In\u00edcio\",\"item\":\"https:\/\/www.estrategiaconcursos.com.br\/blog\/\"},{\"@type\":\"ListItem\",\"position\":2,\"name\":\"Concurso TRF6: comiss\u00e3o organizadora formada!\"}]},{\"@type\":\"WebSite\",\"@id\":\"https:\/\/www.estrategiaconcursos.com.br\/blog\/#website\",\"url\":\"https:\/\/www.estrategiaconcursos.com.br\/blog\/\",\"name\":\"Estrat\u00e9gia Concursos\",\"description\":\"O blog da Estrat\u00e9gia Concursos traz not\u00edcias sobre concursos e artigos de professores oferecendo cursos para concursos (pdf + videaulas) no site.\",\"publisher\":{\"@id\":\"https:\/\/www.estrategiaconcursos.com.br\/blog\/#organization\"},\"potentialAction\":[{\"@type\":\"SearchAction\",\"target\":{\"@type\":\"EntryPoint\",\"urlTemplate\":\"https:\/\/www.estrategiaconcursos.com.br\/blog\/?s={search_term_string}\"},\"query-input\":{\"@type\":\"PropertyValueSpecification\",\"valueRequired\":true,\"valueName\":\"search_term_string\"}}],\"inLanguage\":\"pt-BR\"},{\"@type\":\"Organization\",\"@id\":\"https:\/\/www.estrategiaconcursos.com.br\/blog\/#organization\",\"name\":\"Estrat\u00e9gia Concursos\",\"url\":\"https:\/\/www.estrategiaconcursos.com.br\/blog\/\",\"logo\":{\"@type\":\"ImageObject\",\"inLanguage\":\"pt-BR\",\"@id\":\"https:\/\/www.estrategiaconcursos.com.br\/blog\/#\/schema\/logo\/image\/\",\"url\":\"https:\/\/dhg1h5j42swfq.cloudfront.net\/2025\/06\/03203428\/logo_concursos-1.jpg\",\"contentUrl\":\"https:\/\/dhg1h5j42swfq.cloudfront.net\/2025\/06\/03203428\/logo_concursos-1.jpg\",\"width\":230,\"height\":60,\"caption\":\"Estrat\u00e9gia Concursos\"},\"image\":{\"@id\":\"https:\/\/www.estrategiaconcursos.com.br\/blog\/#\/schema\/logo\/image\/\"},\"sameAs\":[\"https:\/\/x.com\/EstratConcursos\"]},{\"@type\":\"Person\",\"@id\":\"https:\/\/www.estrategiaconcursos.com.br\/blog\/#\/schema\/person\/399990d02336f200766707b881aee98f\",\"name\":\"Daniela Santos Nascimento\",\"image\":{\"@type\":\"ImageObject\",\"inLanguage\":\"pt-BR\",\"@id\":\"https:\/\/secure.gravatar.com\/avatar\/7f343622ad121e2893832a8c76808be436bdfcbf2f7d696174c94ecd84f2384a?s=96&d=mm&r=g\",\"url\":\"https:\/\/secure.gravatar.com\/avatar\/7f343622ad121e2893832a8c76808be436bdfcbf2f7d696174c94ecd84f2384a?s=96&d=mm&r=g\",\"contentUrl\":\"https:\/\/secure.gravatar.com\/avatar\/7f343622ad121e2893832a8c76808be436bdfcbf2f7d696174c94ecd84f2384a?s=96&d=mm&r=g\",\"caption\":\"Daniela Santos Nascimento\"},\"url\":\"https:\/\/www.estrategiaconcursos.com.br\/blog\/author\/daniela-nascimentoestrategia-com\/\"}]}<\/script>\n<!-- \/ Yoast SEO Premium plugin. -->","yoast_head_json":{"title":"Concurso TRF6: comiss\u00e3o organizadora formada!","description":"Concurso TRF6: institu\u00edda a comiss\u00e3o organizadora oficial do primeiro concurso do Tribunal destinado ao quadro administrativo.","robots":{"index":"index","follow":"follow","max-snippet":"max-snippet:-1","max-image-preview":"max-image-preview:large","max-video-preview":"max-video-preview:-1"},"canonical":"https:\/\/www.estrategiaconcursos.com.br\/blog\/concurso-trf6-comissao-organizadora-formada\/","og_locale":"pt_BR","og_type":"article","og_title":"Concurso TRF6: comiss\u00e3o organizadora formada!","og_description":"Concurso TRF6: institu\u00edda a comiss\u00e3o organizadora oficial do primeiro concurso do Tribunal destinado ao quadro administrativo.","og_url":"https:\/\/www.estrategiaconcursos.com.br\/blog\/concurso-trf6-comissao-organizadora-formada\/","og_site_name":"Estrat\u00e9gia Concursos","article_published_time":"2023-09-27T15:58:18+00:00","article_modified_time":"2023-09-28T14:54:35+00:00","og_image":[{"width":300,"height":157,"url":"https:\/\/dhg1h5j42swfq.cloudfront.net\/2023\/09\/27124801\/trf-6-300x157-1.jpg","type":"image\/jpeg"}],"author":"Daniela Santos Nascimento","twitter_card":"summary_large_image","twitter_creator":"@EstratConcursos","twitter_site":"@EstratConcursos","twitter_misc":{"Escrito por":"Daniela Santos Nascimento","Est. tempo de leitura":"2 minutos"},"schema":{"@context":"https:\/\/schema.org","@graph":[{"@type":"NewsArticle","@id":"https:\/\/www.estrategiaconcursos.com.br\/blog\/concurso-trf6-comissao-organizadora-formada\/#article","isPartOf":{"@id":"https:\/\/www.estrategiaconcursos.com.br\/blog\/concurso-trf6-comissao-organizadora-formada\/"},"author":{"name":"Daniela Santos Nascimento","@id":"https:\/\/www.estrategiaconcursos.com.br\/blog\/#\/schema\/person\/399990d02336f200766707b881aee98f"},"headline":"Concurso TRF6: comiss\u00e3o organizadora formada!","datePublished":"2023-09-27T15:58:18+00:00","dateModified":"2023-09-28T14:54:35+00:00","mainEntityOfPage":{"@id":"https:\/\/www.estrategiaconcursos.com.br\/blog\/concurso-trf6-comissao-organizadora-formada\/"},"wordCount":337,"commentCount":0,"publisher":{"@id":"https:\/\/www.estrategiaconcursos.com.br\/blog\/#organization"},"image":{"@id":"https:\/\/www.estrategiaconcursos.com.br\/blog\/concurso-trf6-comissao-organizadora-formada\/#primaryimage"},"thumbnailUrl":"https:\/\/dhg1h5j42swfq.cloudfront.net\/2023\/09\/27124801\/trf-6-300x157-1.jpg","articleSection":["Tribunais","\u00daltimas not\u00edcias"],"inLanguage":"pt-BR","potentialAction":[{"@type":"CommentAction","name":"Comment","target":["https:\/\/www.estrategiaconcursos.com.br\/blog\/concurso-trf6-comissao-organizadora-formada\/#respond"]}],"copyrightYear":"2023","copyrightHolder":{"@id":"https:\/\/www.estrategiaconcursos.com.br\/blog\/#organization"}},{"@type":"WebPage","@id":"https:\/\/www.estrategiaconcursos.com.br\/blog\/concurso-trf6-comissao-organizadora-formada\/","url":"https:\/\/www.estrategiaconcursos.com.br\/blog\/concurso-trf6-comissao-organizadora-formada\/","name":"Concurso TRF6: comiss\u00e3o organizadora formada!","isPartOf":{"@id":"https:\/\/www.estrategiaconcursos.com.br\/blog\/#website"},"primaryImageOfPage":{"@id":"https:\/\/www.estrategiaconcursos.com.br\/blog\/concurso-trf6-comissao-organizadora-formada\/#primaryimage"},"image":{"@id":"https:\/\/www.estrategiaconcursos.com.br\/blog\/concurso-trf6-comissao-organizadora-formada\/#primaryimage"},"thumbnailUrl":"https:\/\/dhg1h5j42swfq.cloudfront.net\/2023\/09\/27124801\/trf-6-300x157-1.jpg","datePublished":"2023-09-27T15:58:18+00:00","dateModified":"2023-09-28T14:54:35+00:00","description":"Concurso TRF6: institu\u00edda a comiss\u00e3o organizadora oficial do primeiro concurso do Tribunal destinado ao quadro administrativo.","breadcrumb":{"@id":"https:\/\/www.estrategiaconcursos.com.br\/blog\/concurso-trf6-comissao-organizadora-formada\/#breadcrumb"},"inLanguage":"pt-BR","potentialAction":[{"@type":"ReadAction","target":["https:\/\/www.estrategiaconcursos.com.br\/blog\/concurso-trf6-comissao-organizadora-formada\/"]}]},{"@type":"ImageObject","inLanguage":"pt-BR","@id":"https:\/\/www.estrategiaconcursos.com.br\/blog\/concurso-trf6-comissao-organizadora-formada\/#primaryimage","url":"https:\/\/dhg1h5j42swfq.cloudfront.net\/2023\/09\/27124801\/trf-6-300x157-1.jpg","contentUrl":"https:\/\/dhg1h5j42swfq.cloudfront.net\/2023\/09\/27124801\/trf-6-300x157-1.jpg","width":300,"height":157},{"@type":"BreadcrumbList","@id":"https:\/\/www.estrategiaconcursos.com.br\/blog\/concurso-trf6-comissao-organizadora-formada\/#breadcrumb","itemListElement":[{"@type":"ListItem","position":1,"name":"In\u00edcio","item":"https:\/\/www.estrategiaconcursos.com.br\/blog\/"},{"@type":"ListItem","position":2,"name":"Concurso TRF6: comiss\u00e3o organizadora formada!"}]},{"@type":"WebSite","@id":"https:\/\/www.estrategiaconcursos.com.br\/blog\/#website","url":"https:\/\/www.estrategiaconcursos.com.br\/blog\/","name":"Estrat\u00e9gia Concursos","description":"O blog da Estrat\u00e9gia Concursos traz not\u00edcias sobre concursos e artigos de professores oferecendo cursos para concursos (pdf + videaulas) no site.","publisher":{"@id":"https:\/\/www.estrategiaconcursos.com.br\/blog\/#organization"},"potentialAction":[{"@type":"SearchAction","target":{"@type":"EntryPoint","urlTemplate":"https:\/\/www.estrategiaconcursos.com.br\/blog\/?s={search_term_string}"},"query-input":{"@type":"PropertyValueSpecification","valueRequired":true,"valueName":"search_term_string"}}],"inLanguage":"pt-BR"},{"@type":"Organization","@id":"https:\/\/www.estrategiaconcursos.com.br\/blog\/#organization","name":"Estrat\u00e9gia Concursos","url":"https:\/\/www.estrategiaconcursos.com.br\/blog\/","logo":{"@type":"ImageObject","inLanguage":"pt-BR","@id":"https:\/\/www.estrategiaconcursos.com.br\/blog\/#\/schema\/logo\/image\/","url":"https:\/\/dhg1h5j42swfq.cloudfront.net\/2025\/06\/03203428\/logo_concursos-1.jpg","contentUrl":"https:\/\/dhg1h5j42swfq.cloudfront.net\/2025\/06\/03203428\/logo_concursos-1.jpg","width":230,"height":60,"caption":"Estrat\u00e9gia Concursos"},"image":{"@id":"https:\/\/www.estrategiaconcursos.com.br\/blog\/#\/schema\/logo\/image\/"},"sameAs":["https:\/\/x.com\/EstratConcursos"]},{"@type":"Person","@id":"https:\/\/www.estrategiaconcursos.com.br\/blog\/#\/schema\/person\/399990d02336f200766707b881aee98f","name":"Daniela Santos Nascimento","image":{"@type":"ImageObject","inLanguage":"pt-BR","@id":"https:\/\/secure.gravatar.com\/avatar\/7f343622ad121e2893832a8c76808be436bdfcbf2f7d696174c94ecd84f2384a?s=96&d=mm&r=g","url":"https:\/\/secure.gravatar.com\/avatar\/7f343622ad121e2893832a8c76808be436bdfcbf2f7d696174c94ecd84f2384a?s=96&d=mm&r=g","contentUrl":"https:\/\/secure.gravatar.com\/avatar\/7f343622ad121e2893832a8c76808be436bdfcbf2f7d696174c94ecd84f2384a?s=96&d=mm&r=g","caption":"Daniela Santos Nascimento"},"url":"https:\/\/www.estrategiaconcursos.com.br\/blog\/author\/daniela-nascimentoestrategia-com\/"}]}},"_links":{"self":[{"href":"https:\/\/www.estrategiaconcursos.com.br\/blog\/wp-json\/wp\/v2\/posts\/1284261","targetHints":{"allow":["GET"]}}],"collection":[{"href":"https:\/\/www.estrategiaconcursos.com.br\/blog\/wp-json\/wp\/v2\/posts"}],"about":[{"href":"https:\/\/www.estrategiaconcursos.com.br\/blog\/wp-json\/wp\/v2\/types\/post"}],"author":[{"embeddable":true,"href":"https:\/\/www.estrategiaconcursos.com.br\/blog\/wp-json\/wp\/v2\/users\/2402"}],"replies":[{"embeddable":true,"href":"https:\/\/www.estrategiaconcursos.com.br\/blog\/wp-json\/wp\/v2\/comments?post=1284261"}],"version-history":[{"count":6,"href":"https:\/\/www.estrategiaconcursos.com.br\/blog\/wp-json\/wp\/v2\/posts\/1284261\/revisions"}],"predecessor-version":[{"id":1284396,"href":"https:\/\/www.estrategiaconcursos.com.br\/blog\/wp-json\/wp\/v2\/posts\/1284261\/revisions\/1284396"}],"wp:featuredmedia":[{"embeddable":true,"href":"https:\/\/www.estrategiaconcursos.com.br\/blog\/wp-json\/wp\/v2\/media\/1284269"}],"wp:attachment":[{"href":"https:\/\/www.estrategiaconcursos.com.br\/blog\/wp-json\/wp\/v2\/media?parent=1284261"}],"wp:term":[{"taxonomy":"category","embeddable":true,"href":"https:\/\/www.estrategiaconcursos.com.br\/blog\/wp-json\/wp\/v2\/categories?post=1284261"},{"taxonomy":"post_tag","embeddable":true,"href":"https:\/\/www.estrategiaconcursos.com.br\/blog\/wp-json\/wp\/v2\/tags?post=1284261"},{"taxonomy":"tax_estado","embeddable":true,"href":"https:\/\/www.estrategiaconcursos.com.br\/blog\/wp-json\/wp\/v2\/tax_estado?post=1284261"}],"curies":[{"name":"wp","href":"https:\/\/api.w.org\/{rel}","templated":true}]}}