{"id":1284046,"date":"2025-05-14T05:50:00","date_gmt":"2025-05-14T08:50:00","guid":{"rendered":"https:\/\/www.estrategiaconcursos.com.br\/blog\/?p=1284046"},"modified":"2026-02-09T17:03:56","modified_gmt":"2026-02-09T20:03:56","slug":"concurso-minc","status":"publish","type":"post","link":"https:\/\/www.estrategiaconcursos.com.br\/blog\/concurso-minc\/","title":{"rendered":"Concurso MinC: nomea\u00e7\u00f5es s\u00e3o divulgadas; veja a lista!"},"content":{"rendered":"\n<center><a id=\"cta-icon\" href=\"https:\/\/sndflw.com\/i\/minc-grupo\" target=\"_blank\" style=\"background:#29a61a; display:inline-flex; align-items:center; padding:10px 15px; border-radius:6px; color:#fff; text-decoration:none; font-weight:500; font-size:15px;\"><img decoding=\"async\" src=\"https:\/\/dhg1h5j42swfq.cloudfront.net\/2023\/12\/07154107\/whatsapp_13851.png\" alt=\"\" style=\"width:20px; height:20px; margin-right:8px;\"><span>Acesse agora o Grupo de Estudos para o Concurso MinC<\/span><\/a><\/center>\n\n\n\n<p>As nomea\u00e7\u00f5es do <strong>concurso MinC (Minist\u00e9rio da Cultura)<\/strong>, contemplado no Concurso Nacional Unificado (<a href=\"https:\/\/www.estrategiaconcursos.com.br\/blog\/concurso-nacional-unificado\/\" target=\"_blank\" rel=\"noreferrer noopener\">CNU<\/a>), foram divulgadas. Confira abaixo a lista completa!<\/p>\n\n\n\n<ul class=\"wp-block-list\">\n<li><strong><a href=\"https:\/\/www.in.gov.br\/en\/web\/dou\/-\/portaria-minc-n-220-de-13-de-maio-de-2025-629195716\" target=\"_blank\" rel=\"noreferrer noopener nofollow\">Nomea\u00e7\u00f5es<\/a><\/strong><\/li>\n<\/ul>\n\n\n\n<p>A documenta\u00e7\u00e3o obrigat\u00f3ria para a posse est\u00e1 dispon\u00edvel no Portal do Servidor e dever\u00e1 ser apresentada pela plataforma digital SOUGOV.BR, seguindo as orienta\u00e7\u00f5es do Manual do Ingressante.<\/p>\n\n\n\n<p>O certame ter\u00e1&nbsp;<strong>validade de 12 meses<\/strong>&nbsp;(at\u00e9 07\/03\/2026), prorrog\u00e1vel uma \u00fanica vez pelo mesmo per\u00edodo.<\/p>\n\n\n\n<p>Vale lembrar que foram ofertadas <strong>50 vagas<\/strong> no cargo de <strong>Analista T\u00e9cnico-Administrativo<\/strong>, cuja exig\u00eancia de forma\u00e7\u00e3o \u00e9 de n\u00edvel superior.<\/p>\n\n\n\n<ul id=\"block-ee678516-e9d1-48bd-b327-7b9acd55f0fd\" class=\"wp-block-list has-very-light-gray-to-cyan-bluish-gray-gradient-background has-background\">\n<li><strong>Minist\u00e9rio da Cultura &#8211; CNU<\/strong><\/li>\n\n\n\n<li><strong>Status:&nbsp;<\/strong>homologado\/nomea\u00e7\u00f5es divulgadas<\/li>\n\n\n\n<li><strong>Banca:&nbsp;<\/strong>Cesgranrio<\/li>\n\n\n\n<li><strong>Vagas:&nbsp;<\/strong>50<\/li>\n\n\n\n<li><strong>Sal\u00e1rio inicial:&nbsp;<\/strong>R$ 5.488,70<\/li>\n\n\n\n<li><strong>Edital<\/strong> <strong>retificado<\/strong>: <a href=\"https:\/\/dhg1h5j42swfq.cloudfront.net\/2024\/08\/19150147\/edital_bloco7_versaoretificada09ago2024.pdf\" target=\"_blank\" rel=\"noreferrer noopener nofollow\">MinC &#8211; CNU Bloco 7<\/a><\/li>\n<\/ul>\n\n\n\n<p>Inclusive, a Pasta tamb\u00e9m possui um Processo Seletivo Simplificado em andamento, cujos <strong><a href=\"https:\/\/dhg1h5j42swfq.cloudfront.net\/2025\/02\/05161852\/993-minc-resultado-final-de-aprovados-2024-11-22.pdf\" target=\"_blank\" rel=\"noreferrer noopener nofollow\">resultados finais<\/a><\/strong> j\u00e1 podem ser consultados junto com a <strong>convoca\u00e7\u00e3o<\/strong> e <strong>a lista de espera<\/strong>. Confira:<\/p>\n\n\n\n<ul class=\"wp-block-list\">\n<li><a href=\"https:\/\/dhg1h5j42swfq.cloudfront.net\/2025\/02\/05162050\/lista-geral-com-convocados-e-lista-de-espera.pdf\" target=\"_blank\" rel=\"noreferrer noopener nofollow\">Convoca\u00e7\u00e3o dos aprovados e lista de espera<\/a><\/li>\n<\/ul>\n\n\n\n<p>Para esse PSS foram ofertadas <strong>99 vagas imediatas<\/strong> com sal\u00e1rios iniciais de at\u00e9 <strong>R$ 6,1 mil<\/strong>. As vagas foram para <strong>Atividades T\u00e9cnicas de Complexidade Intelectual<\/strong> (57) e <strong>T\u00e9cnicas de Suporte <\/strong>(42).<\/p>\n\n\n\n<p>No total, foram registrados<strong> 2.603 inscritos<\/strong>, sendo 1.734 para Complexidade Intelectual e 869 para Suporte.<\/p>\n\n\n\n<ul id=\"block-ee678516-e9d1-48bd-b327-7b9acd55f0fd\" class=\"wp-block-list has-very-light-gray-to-cyan-bluish-gray-gradient-background has-background\">\n<li><strong>Minist\u00e9rio da Cultura<\/strong> <strong>&#8211; Processo seletivo<\/strong><\/li>\n\n\n\n<li><strong>Status:&nbsp;<\/strong>resultados finais divulgados<\/li>\n\n\n\n<li><strong>Banca:&nbsp;<\/strong><a href=\"https:\/\/conhecimento.fgv.br\/concursos\/pssminc24\" target=\"_blank\" rel=\"noreferrer noopener\">FGV<\/a><\/li>\n\n\n\n<li><strong>Vagas:&nbsp;<\/strong>99<\/li>\n\n\n\n<li><strong>Sal\u00e1rio inicial:&nbsp;<\/strong>R$ 6.130,00 a R$ 3.800,00<\/li>\n\n\n\n<li><strong>Edital retificado:<\/strong> <a href=\"https:\/\/dhg1h5j42swfq.cloudfront.net\/2024\/06\/24113212\/sei_1744297_edital_pss_minc_n_1_2024-retificado-21-06.pdf\" target=\"_blank\" rel=\"noreferrer noopener nofollow\">PSS MinC<\/a><a href=\"https:\/\/dhg1h5j42swfq.cloudfront.net\/2024\/08\/02141556\/sei_1744297_edital_pss_minc_n_1_2024-retificado-3-09-07.pdf\" target=\"_blank\" rel=\"noreferrer noopener nofollow\"> <\/a><a href=\"https:\/\/dhg1h5j42swfq.cloudfront.net\/2024\/06\/24113212\/sei_1744297_edital_pss_minc_n_1_2024-retificado-21-06.pdf\" target=\"_blank\" rel=\"noreferrer noopener nofollow\">2024<\/a><\/li>\n<\/ul>\n\n\n\n<p>Neste artigo voc\u00ea confere mais informa\u00e7\u00f5es sobre o concurso. Nosso objetivo \u00e9 deix\u00e1-los 100% informados. Acompanhe pelos t\u00f3picos abaixo:<\/p>\n\n\n\n<ul id=\"indice\" class=\"wp-block-list\">\n<li><a href=\"#pss\"><strong>Processo seletivo<\/strong><\/a>\n<ul class=\"wp-block-list\">\n<li><a href=\"#carreira\">Cargos e vagas<\/a><\/li>\n\n\n\n<li><a href=\"#etapas-pss\">Etapas<\/a><\/li>\n<\/ul>\n<\/li>\n\n\n\n<li><strong><a href=\"#efetivos\">Concurso para efetivos<\/a><\/strong>\n<ul class=\"wp-block-list\">\n<li><a href=\"#cargos\">Cargos e vagas<\/a><\/li>\n\n\n\n<li><a href=\"#salario-do-cargo\">Sal\u00e1rio do cargo<\/a><\/li>\n\n\n\n<li><a href=\"#etapas\">Etapas e provas<\/a>\n<ul class=\"wp-block-list\">\n<li><a href=\"#objetiva\">Prova objetiva<\/a><\/li>\n\n\n\n<li><a href=\"#discursiva\">Prova discursiva<\/a><\/li>\n\n\n\n<li><a href=\"#titulos\">Prova de t\u00edtulo<\/a><\/li>\n<\/ul>\n<\/li>\n<\/ul>\n<\/li>\n\n\n\n<li><a href=\"#analista\"><strong>O que faz um Analista?<\/strong><\/a><\/li>\n\n\n\n<li><strong><a href=\"#assinatura-e-cursos\">Cursos e assinaturas<\/a><\/strong><\/li>\n\n\n\n<li><strong><a href=\"#ficha\">Ficha t\u00e9cnica<\/a><\/strong><\/li>\n<\/ul>\n\n\n\n<div class=\"container\" id=\"boxes\">\n  <div class=\"row\">\n\n    <div class=\"col-sm\">\n      <div class=\"banner-federais\" id=\"box-assinatura\">\n        <h2 class=\"titulo-assinatura\" style=\"text-align: left;\">Cursos para o MinC<\/h2>\n        <p class=\"subtitulo-assinatura\" style=\"text-align: left;\">Estude conosco<\/p>\n        <div class=\"box-botao\" style=\"text-align: left;\">\n          <a class=\"btn-assinatura\" target=\"_blank\" href=\"https:\/\/www.estrategiaconcursos.com.br\/cursosPorConcurso\/ministerio-da-cultura-minc\/\" role=\"button\" rel=\"noopener noreferrer\">Confira os pacotes!<\/a>\n        <\/div>\n      <\/div><\/div><\/div><\/div>\n\n\n\n<h2 class=\"wp-block-heading has-luminous-vivid-amber-background-color has-background\" id=\"pss\">Edital de Processo Seletivo MinC<\/h2>\n\n\n\n<h3 class=\"wp-block-heading\" id=\"carreira\">Sobre a carreira<\/h3>\n\n\n\n<figure class=\"wp-block-table is-style-stripes\"><table><thead><tr><th>Cargos<\/th><th class=\"has-text-align-center\" data-align=\"center\">Total<\/th><th class=\"has-text-align-center\" data-align=\"center\">AC<\/th><th class=\"has-text-align-center\" data-align=\"center\">PcD<\/th><th class=\"has-text-align-center\" data-align=\"center\">Pessoas Negras<\/th><th class=\"has-text-align-center\" data-align=\"center\">Sal\u00e1rios<\/th><\/tr><\/thead><tbody><tr><td>Atividades T\u00e9cnicas de Complexidade Intelectual <\/td><td class=\"has-text-align-center\" data-align=\"center\">57<\/td><td class=\"has-text-align-center\" data-align=\"center\">43<\/td><td class=\"has-text-align-center\" data-align=\"center\">03<\/td><td class=\"has-text-align-center\" data-align=\"center\">11<\/td><td class=\"has-text-align-center\" data-align=\"center\">R$ 6.130,00<\/td><\/tr><tr><td>Atividades T\u00e9cnicas de Suporte<\/td><td class=\"has-text-align-center\" data-align=\"center\">43<\/td><td class=\"has-text-align-center\" data-align=\"center\">32<\/td><td class=\"has-text-align-center\" data-align=\"center\">02<\/td><td class=\"has-text-align-center\" data-align=\"center\">08<\/td><td class=\"has-text-align-center\" data-align=\"center\">R$ 3.800,00<\/td><\/tr><\/tbody><\/table><figcaption class=\"wp-element-caption\">Cargos, distribui\u00e7\u00e3o de vagas e sal\u00e1rios<\/figcaption><\/figure>\n\n\n\n<h3 class=\"wp-block-heading\" id=\"h-requisitos\">Requisitos<\/h3>\n\n\n\n<p>Ambos os cargos apenas exigem n\u00edvel superior de forma\u00e7\u00e3o. Assim, o candidato pode possuir este n\u00edvel de escolaridade em qualquer \u00e1rea espec\u00edfica e, mesmo assim, poder ingressar na disputa.<\/p>\n\n\n\n<h3 class=\"wp-block-heading\" id=\"h-atribuicoes\">Atribui\u00e7\u00f5es<\/h3>\n\n\n\n<p><strong>Atividades T\u00e9cnicas de Complexidade Intelectual: <\/strong><\/p>\n\n\n\n<ul class=\"wp-block-list\">\n<li>Desenvolvimento das atividades relativas \u00e0 presta\u00e7\u00e3o de contas t\u00e9cnica e financeira;<\/li>\n\n\n\n<li>Execu\u00e7\u00e3o dos processos de Tomadas de Contas Especiais;<\/li>\n\n\n\n<li>Registro, acompanhamento e monitoramento de dados relacionados \u00e0 presta\u00e7\u00e3o de contas nos sistemas Estruturantes da Administra\u00e7\u00e3o P\u00fablica Federal;<\/li>\n\n\n\n<li>Elabora\u00e7\u00e3o de propostas de normativos;<\/li>\n\n\n\n<li>Realiza\u00e7\u00e3o de estudos e pesquisas para a gest\u00e3o dos processos da Pol\u00edtica Nacional Aldir Blanc de Fomento \u00e0 Cultura (PNAB) junto aos entes subnacionais;<\/li>\n\n\n\n<li>Operacionaliza\u00e7\u00e3o de ferramentas de capta\u00e7\u00e3o e tratamento de dados;<\/li>\n\n\n\n<li>Avalia\u00e7\u00e3o de pol\u00edticas p\u00fablicas (ex ante, pari passu e ex post);<\/li>\n\n\n\n<li>An\u00e1lise t\u00e9cnica de projetos, programas e a\u00e7\u00f5es;<\/li>\n\n\n\n<li>Produ\u00e7\u00e3o de relat\u00f3rios e documentos t\u00e9cnicos sobre temas relacionados \u00e0 operacionaliza\u00e7\u00e3o do programa;<\/li>\n\n\n\n<li>Emiss\u00e3o de laudos e pareceres;<\/li>\n\n\n\n<li>Elabora\u00e7\u00e3o de manuais, ontologias e outros instrumentos de orienta\u00e7\u00e3o;<\/li>\n\n\n\n<li>Mapeamento de processos e an\u00e1lise de risco; e<\/li>\n\n\n\n<li>Mapeamento e monitoramento (em tempo real\/atualizado) dos repasses e outras atividades decorrentes das compet\u00eancias institucionais do MinC relativas \u00e0 PNAB.<\/li>\n<\/ul>\n\n\n\n<p><strong>Atividades T\u00e9cnicas de Suporte<\/strong><\/p>\n\n\n\n<ul class=\"wp-block-list\">\n<li>Atendimento \u00e0s d\u00favidas dos Entes Federados, comunidade cultural, trabalhadores culturais e sociedade civil;<\/li>\n\n\n\n<li>Elabora\u00e7\u00e3o de notas t\u00e9cnicas, minutas normativas e instrumentos jur\u00eddicos relacionados \u00e0 legisla\u00e7\u00e3o espec\u00edfica;<\/li>\n\n\n\n<li>Instru\u00e7\u00e3o processual;<\/li>\n\n\n\n<li>Realiza\u00e7\u00e3o de dilig\u00eancias junto aos Estados, Munic\u00edpios e DF nas etapas vinculadas \u00e0 Lei Aldir Blanc II;<\/li>\n\n\n\n<li>Elabora\u00e7\u00e3o de ferramentas de suporte \u00e0 an\u00e1lise, como planilhas de concilia\u00e7\u00e3o de despesas e comprovantes;<\/li>\n\n\n\n<li>Elabora\u00e7\u00e3o de ferramentas de suporte \u00e0s an\u00e1lises e atendimento \u00e0s d\u00favidas de convenentes, proponentes e benefici\u00e1rios; e<\/li>\n\n\n\n<li>Outras atividades decorrentes das compet\u00eancias institucionais do MinC relativas \u00e0 Pol\u00edtica Nacional Aldir Blanc de Fomento \u00e0 Cultura (PNAB).<\/li>\n<\/ul>\n\n\n\n<h3 class=\"wp-block-heading\" id=\"etapas-pss\">Etapas de prova<\/h3>\n\n\n\n<p>A etapa de provas consta das seguintes avalia\u00e7\u00f5es:<\/p>\n\n\n\n<ul class=\"wp-block-list\">\n<li><strong>Prova objetiva<\/strong>, de car\u00e1ter classificat\u00f3rio e eliminat\u00f3rio; e<\/li>\n\n\n\n<li><strong>Prova discursiva\/reda\u00e7\u00e3o<\/strong>, de car\u00e1ter classificat\u00f3rio e eliminat\u00f3rio.<\/li>\n<\/ul>\n\n\n\n<h4 class=\"wp-block-heading\" id=\"h-prova-objetiva\">Prova objetiva<\/h4>\n\n\n\n<p>A prova objetiva teve a dura\u00e7\u00e3o de <strong>4 horas<\/strong> e foi ser realizada juntamente a prova discursiva\/reda\u00e7\u00e3o.<\/p>\n\n\n\n<p>O exame foi composto por <strong>60 quest\u00f5es de m\u00faltipla escolha<\/strong>, com cinco alternativas e apenas uma resposta correta. Cada quest\u00e3o valeu um ponto, totalizando cerca de <strong>60 pontos<\/strong>.<\/p>\n\n\n\n<p>Com base no conte\u00fado program\u00e1tico do edital e as disciplinas seguintes, os candidatos tiveram de obter, no m\u00ednimo, 30 pontos para serem aprovados.<\/p>\n\n\n\n<p><strong>Disciplinas da prova objetiva<\/strong><\/p>\n\n\n\n<ul class=\"wp-block-list\">\n<li><strong>L\u00edngua Portuguesa,<\/strong> 10 quest\u00f5es;<\/li>\n\n\n\n<li><strong>Gest\u00e3o P\u00fablica e Atualidades<\/strong>, 10 quest\u00f5es; <\/li>\n\n\n\n<li><strong>Direito Administrativo<\/strong>, 10 quest\u00f5es; <\/li>\n\n\n\n<li><strong>Conhecimentos Espec\u00edficos<\/strong>, 30 quest\u00f5es; e<\/li>\n\n\n\n<li><strong>TOTAL<\/strong>: 60 quest\u00f5es.<\/li>\n<\/ul>\n\n\n\n<h4 class=\"wp-block-heading\" id=\"h-prova-discursiva\">Prova discursiva<\/h4>\n\n\n\n<p>A prova discursiva foi constitu\u00edda de uma reda\u00e7\u00e3o de at\u00e9 <strong>30 linhas<\/strong> para as duas atividades, relacionando-as aos conhecimentos espec\u00edficos de cada cargo e totalizando <strong>30 pontos<\/strong>.<\/p>\n\n\n\n<p>Ser\u00e1 atribu\u00edda nota zero \u00e0 Prova Discursiva que:<\/p>\n\n\n\n<ul class=\"wp-block-list\">\n<li>estiver em branco; e\/ou<\/li>\n\n\n\n<li>apresentar letra ileg\u00edvel.<\/li>\n<\/ul>\n\n\n\n<p>O candidato que obteve nota inferior a 10 pontos do total da prova discursiva foi automaticamente desclassificado do Processo Seletivo Simplificado.<\/p>\n\n\n\n<hr class=\"wp-block-separator has-alpha-channel-opacity\"\/>\n\n\n\n<h2 class=\"wp-block-heading has-luminous-vivid-amber-background-color has-background\" id=\"efetivos\">Concurso MinC para efetivos<\/h2>\n\n\n\n<h3 class=\"wp-block-heading\" id=\"cargos\">Cargos e vagas do concurso MinC<\/h3>\n\n\n\n<figure class=\"wp-block-table is-style-stripes\"><table><thead><tr><th class=\"has-text-align-center\" data-align=\"center\">Cargo<\/th><th class=\"has-text-align-center\" data-align=\"center\">Vagas<\/th><th class=\"has-text-align-center\" data-align=\"center\">Sal\u00e1rio<\/th><\/tr><\/thead><tbody><tr><td class=\"has-text-align-center\" data-align=\"center\">Analista T\u00e9cnico-Administrativo<\/td><td class=\"has-text-align-center\" data-align=\"center\">50<\/td><td class=\"has-text-align-center\" data-align=\"center\">R$ 5.488,70<\/td><\/tr><\/tbody><\/table><figcaption class=\"wp-element-caption\">Vagas e sal\u00e1rios ofertados para Analista<\/figcaption><\/figure>\n\n\n\n<p>Ademais, foram registrados <strong>mais de 211 mil inscritos<\/strong> para o cargo. Vale ressaltar que, para o Bloco 7, foi registrada <a href=\"https:\/\/www.estrategiaconcursos.com.br\/blog\/cnu-percentual-abstencao\/\" target=\"_blank\" rel=\"noreferrer noopener\">absten\u00e7\u00e3o<\/a> de 48,96% dos candidatos.<\/p>\n\n\n\n<figure class=\"wp-block-image aligncenter size-large\"><img loading=\"lazy\" decoding=\"async\" width=\"1024\" height=\"108\" src=\"https:\/\/dhg1h5j42swfq.cloudfront.net\/2024\/08\/20112907\/image-447-1024x108.png\" alt=\"Quantitativo de inscritos no Concurso MinC\" class=\"wp-image-1448131\" srcset=\"https:\/\/dhg1h5j42swfq.cloudfront.net\/2024\/08\/20112907\/image-447-1024x108.png 1024w, https:\/\/dhg1h5j42swfq.cloudfront.net\/2024\/08\/20112907\/image-447-300x32.png 300w, https:\/\/dhg1h5j42swfq.cloudfront.net\/2024\/08\/20112907\/image-447-768x81.png 768w, https:\/\/dhg1h5j42swfq.cloudfront.net\/2024\/08\/20112907\/image-447-610x64.png 610w, https:\/\/dhg1h5j42swfq.cloudfront.net\/2024\/08\/20112907\/image-447-150x16.png 150w, https:\/\/dhg1h5j42swfq.cloudfront.net\/2024\/08\/20112907\/image-447.png 1037w\" sizes=\"auto, (max-width: 1024px) 100vw, 1024px\" \/><figcaption class=\"wp-element-caption\">Inscritos no concurso MinC<\/figcaption><\/figure>\n\n\n\n<h4 class=\"wp-block-heading\" id=\"salario-do-cargo\">Sal\u00e1rio do cargo<\/h4>\n\n\n\n<p><strong>R$ 5.488,70<\/strong>: composta de R$ 2.149,90 de vencimento b\u00e1sico + R$ 3.068,80 de Gratifica\u00e7\u00e3o de Desempenho do Plano Geral de Cargos do Poder Executivo (GDPGPE) de 80 pontos. <\/p>\n\n\n\n<p>Ao ingressar, o novo servidor receber\u00e1 80 pontos de gratifica\u00e7\u00e3o at\u00e9 sua primeira avalia\u00e7\u00e3o, quando poder\u00e1 chegar aos 100 pontos e a remunera\u00e7\u00e3o atingir o valor de <strong>R$ 6.255,90<\/strong>.<\/p>\n\n\n\n<h3 class=\"wp-block-heading\" id=\"etapas\">Concurso MinC: etapas e provas<\/h3>\n\n\n\n<p>A avalia\u00e7\u00e3o dos candidatos aconteceu atrav\u00e9s de duas etapas, conforme descrito abaixo:<\/p>\n\n\n\n<ul class=\"wp-block-list\">\n<li><strong>1\u00aa etapa, dividida nas seguintes fases<\/strong>:\n<ul class=\"wp-block-list\">\n<li><strong>1\u00aa fase:<\/strong> provas objetivas e dissertativas, de car\u00e1ter classificat\u00f3rio e eliminat\u00f3rio;<\/li>\n\n\n\n<li><strong>2\u00aa  fase: <\/strong>per\u00edcia m\u00e9dica (avalia\u00e7\u00e3o biopsicossocial) dos candidatos que se declararem com defici\u00eancia, de car\u00e1ter unicamente eliminat\u00f3rio; <\/li>\n\n\n\n<li><strong>3\u00aa fase:<\/strong> procedimento de verifica\u00e7\u00e3o da condi\u00e7\u00e3o declarada para concorrer \u00e0s vagas reservadas aos candidatos negros, de car\u00e1ter unicamente eliminat\u00f3rio.<\/li>\n<\/ul>\n<\/li>\n\n\n\n<li><strong>2\u00aa etapa: <\/strong>destinada a avalia\u00e7\u00e3o de t\u00edtulos, de car\u00e1ter classificat\u00f3rio; e<\/li>\n<\/ul>\n\n\n\n<p class=\"has-text-align-center\"><strong>Quadro de provas com etapa de titula\u00e7\u00e3o sem etapa de t\u00edtulos<\/strong><\/p>\n\n\n\n<figure class=\"wp-block-image aligncenter size-full is-resized\"><img loading=\"lazy\" decoding=\"async\" width=\"941\" height=\"558\" src=\"https:\/\/dhg1h5j42swfq.cloudfront.net\/2024\/01\/10193948\/image-302.png\" alt=\"Demanda de provas do CNU sem prova de t\u00edtulos \" class=\"wp-image-1333752\" style=\"width:691px;height:auto\" srcset=\"https:\/\/dhg1h5j42swfq.cloudfront.net\/2024\/01\/10193948\/image-302.png 941w, https:\/\/dhg1h5j42swfq.cloudfront.net\/2024\/01\/10193948\/image-302-300x178.png 300w, https:\/\/dhg1h5j42swfq.cloudfront.net\/2024\/01\/10193948\/image-302-768x455.png 768w, https:\/\/dhg1h5j42swfq.cloudfront.net\/2024\/01\/10193948\/image-302-610x362.png 610w, https:\/\/dhg1h5j42swfq.cloudfront.net\/2024\/01\/10193948\/image-302-150x89.png 150w\" sizes=\"auto, (max-width: 941px) 100vw, 941px\" \/><\/figure>\n\n\n\n<h3 class=\"wp-block-heading\" id=\"objetiva\">Prova objetiva<\/h3>\n\n\n\n<p>Esta etapa foi realizada por um total de <strong>dois turnos<\/strong>, manh\u00e3 e tarde, no dia <strong>05 de maio<\/strong>. No primeiro turno, os candidatos tiveram <strong>2 horas e 30 minutos<\/strong> para concluir <strong>20 quest\u00f5es<\/strong> de m\u00faltipla escolha, al\u00e9m da prova discursiva.<\/p>\n\n\n\n<p>J\u00e1 o segundo turno teve a dura\u00e7\u00e3o de <strong>3 horas e 30 minutos<\/strong> e possuiu <strong>50 quest\u00f5es<\/strong> acerca do conte\u00fado <strong>conhecimentos gerais e espec\u00edficos<\/strong> de cada cargo.<\/p>\n\n\n\n<h3 class=\"wp-block-heading\" id=\"discursiva\">Prova discursiva<\/h3>\n\n\n\n<p>De car\u00e1ter classificat\u00f3rio e eliminat\u00f3rio, as provas discursivas foram <strong>aplicadas em conjunto \u00e0s provas objetivas<\/strong>, possuindo um total de <strong>duas horas e meia<\/strong> para sua realiza\u00e7\u00e3o.<\/p>\n\n\n\n<p>Para o n\u00edvel superior, a avalia\u00e7\u00e3o foi composta por conte\u00fados de conhecimentos espec\u00edficos de cada bloco tem\u00e1tico.<\/p>\n\n\n\n<h3 class=\"wp-block-heading\" id=\"titulos\">Prova de t\u00edtulos<\/h3>\n\n\n\n<p>Somente para os <strong>blocos tem\u00e1ticos com provimento de vagas de n\u00edvel superior<\/strong>, a prova de t\u00edtulos, de car\u00e1ter classificat\u00f3rio, consistiu na an\u00e1lise das titula\u00e7\u00f5es do candidato.<\/p>\n\n\n\n<p>A depender do cargo, a atribui\u00e7\u00e3o de pontos para a avalia\u00e7\u00e3o de t\u00edtulos variou de <strong>5% a 10%<\/strong>, com nota m\u00e1xima de 100 e peso 0,1 na nota final.<\/p>\n\n\n\n<h2 class=\"wp-block-heading\" id=\"analista\">O que faz um Analista T\u00e9cnico Administrativo?<\/h2>\n\n\n\n<p>O Analista Administrativo realiza atividades de n\u00edvel superior, de natureza t\u00e9cnica, envolvendo o <strong>planejamento, coordena\u00e7\u00e3o, supervis\u00e3o, controle e assessoramento de profissionais nas \u00e1reas de gest\u00e3o de pessoas, finan\u00e7as, or\u00e7amento, patrim\u00f4nio, material, log\u00edstica, controle interno, processos<\/strong>, etc. Visando o desenvolvimento das unidades organizacionais.<\/p>\n\n\n\n<p>A coordena\u00e7\u00e3o das atividades se d\u00e1 pela an\u00e1lise dos sistemas de controles de dados e processos administrativos, al\u00e9m da atua\u00e7\u00e3o no planejamento, organiza\u00e7\u00e3o e controle dos fluxos de trabalhos; objetivando assim, racionalizar e aperfei\u00e7oar os processos organizacionais.<\/p>\n\n\n\n<p>O profissional realiza a elabora\u00e7\u00e3o de pareceres, relat\u00f3rios, estudos e an\u00e1lises t\u00e9cnicas, previstos no exerc\u00edcio de suas compet\u00eancias, utilizando-se de todos os equipamentos e recursos dispon\u00edveis para a execu\u00e7\u00e3o dessas atividades.<\/p>\n\n\n\n<hr class=\"wp-block-separator has-alpha-channel-opacity\"\/>\n\n\n\n<h2 class=\"wp-block-heading has-text-align-center\" id=\"assinatura-e-cursos\"><em>Quer estudar para o concurso MinC?<\/em><\/h2>\n\n\n\n<div class=\"container\" id=\"boxes\">\r\n  <div class=\"row\">\r\n\r\n    <div class=\"col-sm\">\r\n      <div class=\"banner-federais\" id=\"box-assinatura\">\r\n        <h2 class=\"titulo-assinatura\" style=\"text-align: left;\">Cursos para o MinC<\/h2>\r\n        <p class=\"subtitulo-assinatura\" style=\"text-align: left;\">Estude conosco<\/p>\r\n        <div class=\"box-botao\" style=\"text-align: left;\">\r\n          <a class=\"btn-assinatura\" target=\"_blank\" href=\"https:\/\/www.estrategiaconcursos.com.br\/cursosPorConcurso\/ministerio-da-cultura-minc\/\" role=\"button\" rel=\"noopener noreferrer\">Confira os pacotes!<\/a>\r\n        <\/div>\r\n      <\/div><\/div><\/div><\/div>\n\n\n\n<div class=\"container\" id=\"boxes\">\n  <div class=\"row\">\n\n    <div class=\"col-sm\">\n      <div class=\"estrategia\" id=\"box-assinatura\">\n        <h3 class=\"titulo-assinatura\"> Concursos P\u00fablicos\n        <p class=\"subtitulo-assinatura\">Assinatura de 1 ano ou 2 anos<\/p>\n        <div class=\"box-botao\">\n          <a class=\"btn-assinatura\" target=\"_blank\" href=\"https:\/\/www.estrategiaconcursos.com.br\/assinaturas\/\" role=\"button\" rel=\"noopener noreferrer\">ASSINE AGORA<\/a>\n        <\/div>\n      <\/h3><\/div><\/div><\/div><\/div>\n\n\n\n<h2 class=\"wp-block-heading has-text-align-center\" id=\"h-quer-saber-tudo-sobre-concursos-previstos-confira-nossos-artigos\">Quer saber tudo sobre concursos previstos?<br \/>Confira nossos artigos!<\/h2>\n\n\n\n<ul class=\"wp-block-list\">\n<li><a href=\"https:\/\/www.estrategiaconcursos.com.br\/blog\/concursos-abertos\/\" target=\"_blank\" rel=\"noreferrer noopener\">Concursos Abertos<\/a><\/li>\n\n\n\n<li><a href=\"https:\/\/www.estrategiaconcursos.com.br\/blog\/concursos-federais-2023\/\">Concursos Federais<\/a><\/li>\n\n\n\n<li><a href=\"https:\/\/www.estrategiaconcursos.com.br\/blog\/concursos-2026\/\" target=\"_blank\" rel=\"noreferrer noopener\">Concursos 2026<\/a><\/li>\n<\/ul>\n\n\n\n<figure class=\"wp-block-image is-resized\"><img decoding=\"async\" src=\"https:\/\/dhg1h5j42swfq.cloudfront.net\/2021\/05\/10150159\/ficha-tecnica-1-1024x632-1-6.png\" alt=\"Ficha do concurso Minc\" style=\"width:291px;height:180px\"\/><\/figure>\n\n\n\n<h3 class=\"wp-block-heading\" id=\"ficha\">Informa\u00e7\u00f5es do concurso MinC<\/h3>\n\n\n\n<ul class=\"wp-block-list\">\n<li><strong>Ano: <\/strong>2024<\/li>\n\n\n\n<li><strong>Vagas<\/strong>: 50<\/li>\n\n\n\n<li><strong>Cargos<\/strong>: Analista T\u00e9cnico-Administrativo<\/li>\n\n\n\n<li><strong>Banca<\/strong>: Cesgranrio<\/li>\n\n\n\n<li><strong>Escolaridade<\/strong>: N\u00edvel superior<\/li>\n\n\n\n<li><strong>Edital<\/strong> <strong>retificado<\/strong>: <a href=\"https:\/\/dhg1h5j42swfq.cloudfront.net\/2024\/08\/19150147\/edital_bloco7_versaoretificada09ago2024.pdf\" target=\"_blank\" rel=\"noreferrer noopener nofollow\">MinC &#8211; CNU Bloco 7<\/a><\/li>\n<\/ul>\n\n\n\n<h3 class=\"wp-block-heading\" id=\"h-informacoes-do-processo-seletivo-simplificado-pss-minc\">Informa\u00e7\u00f5es do Processo Seletivo Simplificado (PSS) MinC<\/h3>\n\n\n\n<ul class=\"wp-block-list\">\n<li><strong>Ano: <\/strong>2024<\/li>\n\n\n\n<li><strong>Vagas<\/strong>: 99<\/li>\n\n\n\n<li><strong>Cargos<\/strong>: Atividades T\u00e9cnicas de Complexidade Intelectual e T\u00e9cnicas de Suporte<\/li>\n\n\n\n<li><strong>Banca<\/strong>: FGV<\/li>\n\n\n\n<li><strong>Escolaridade<\/strong>: N\u00edvel superior<\/li>\n\n\n\n<li><strong>Edital retificado:<\/strong> <a href=\"https:\/\/dhg1h5j42swfq.cloudfront.net\/2024\/08\/02141556\/sei_1744297_edital_pss_minc_n_1_2024-retificado-3-09-07.pdf\" target=\"_blank\" rel=\"noreferrer noopener nofollow\">PSS MinC 2024<\/a><\/li>\n<\/ul>\n","protected":false},"excerpt":{"rendered":"<p>As nomea\u00e7\u00f5es do concurso MinC (Minist\u00e9rio da Cultura), contemplado no Concurso Nacional Unificado (CNU), foram divulgadas. Confira abaixo a lista completa! A documenta\u00e7\u00e3o obrigat\u00f3ria para a posse est\u00e1 dispon\u00edvel no Portal do Servidor e dever\u00e1 ser apresentada pela plataforma digital SOUGOV.BR, seguindo as orienta\u00e7\u00f5es do Manual do Ingressante. O certame ter\u00e1&nbsp;validade de 12 meses&nbsp;(at\u00e9 07\/03\/2026), [&hellip;]<\/p>\n","protected":false},"author":2018,"featured_media":1284979,"comment_status":"open","ping_status":"closed","sticky":false,"template":"","format":"standard","meta":{"post_tipo":"news_page","footnotes":""},"categories":[214992],"tags":[],"tax_estado":[219963],"class_list":["post-1284046","post","type-post","status-publish","format-standard","has-post-thumbnail","hentry","category-concursos-administrativos","tax_estado-concursos-federais"],"acf":[],"yoast_head":"<!-- This site is optimized with the Yoast SEO Premium plugin v27.2 (Yoast SEO v27.2) - https:\/\/yoast.com\/product\/yoast-seo-premium-wordpress\/ -->\n<title>Concurso MinC: nomea\u00e7\u00f5es s\u00e3o divulgadas; veja a lista!<\/title>\n<meta name=\"description\" content=\"Confira as nomea\u00e7\u00f5es do concurso MinC e acesse a documenta\u00e7\u00e3o obrigat\u00f3ria para a posse. Veja a lista completa!\" \/>\n<meta name=\"robots\" content=\"index, follow, max-snippet:-1, max-image-preview:large, max-video-preview:-1\" \/>\n<link rel=\"canonical\" href=\"https:\/\/www.estrategiaconcursos.com.br\/blog\/concurso-minc\/\" \/>\n<meta property=\"og:locale\" content=\"pt_BR\" \/>\n<meta property=\"og:type\" content=\"article\" \/>\n<meta property=\"og:title\" content=\"Concurso MinC: nomea\u00e7\u00f5es s\u00e3o divulgadas; veja a lista!\" \/>\n<meta property=\"og:description\" content=\"Confira as nomea\u00e7\u00f5es do concurso MinC e acesse a documenta\u00e7\u00e3o obrigat\u00f3ria para a posse. Veja a lista completa!\" \/>\n<meta property=\"og:url\" content=\"https:\/\/www.estrategiaconcursos.com.br\/blog\/concurso-minc\/\" \/>\n<meta property=\"og:site_name\" content=\"Estrat\u00e9gia Concursos\" \/>\n<meta property=\"article:published_time\" content=\"2025-05-14T08:50:00+00:00\" \/>\n<meta property=\"article:modified_time\" content=\"2026-02-09T20:03:56+00:00\" \/>\n<meta property=\"og:image\" content=\"https:\/\/dhg1h5j42swfq.cloudfront.net\/2023\/09\/28154933\/ministerio-da-cultura.jpg\" \/>\n\t<meta property=\"og:image:width\" content=\"768\" \/>\n\t<meta property=\"og:image:height\" content=\"432\" \/>\n\t<meta property=\"og:image:type\" content=\"image\/jpeg\" \/>\n<meta name=\"author\" content=\"B\u00e1rbara Carvalho Santos\" \/>\n<meta name=\"twitter:card\" content=\"summary_large_image\" \/>\n<meta name=\"twitter:creator\" content=\"@EstratConcursos\" \/>\n<meta name=\"twitter:site\" content=\"@EstratConcursos\" \/>\n<meta name=\"twitter:label1\" content=\"Escrito por\" \/>\n\t<meta name=\"twitter:data1\" content=\"B\u00e1rbara Carvalho Santos\" \/>\n\t<meta name=\"twitter:label2\" content=\"Est. tempo de leitura\" \/>\n\t<meta name=\"twitter:data2\" content=\"8 minutos\" \/>\n<script type=\"application\/ld+json\" class=\"yoast-schema-graph\">{\"@context\":\"https:\/\/schema.org\",\"@graph\":[{\"@type\":\"NewsArticle\",\"@id\":\"https:\/\/www.estrategiaconcursos.com.br\/blog\/concurso-minc\/#article\",\"isPartOf\":{\"@id\":\"https:\/\/www.estrategiaconcursos.com.br\/blog\/concurso-minc\/\"},\"author\":{\"name\":\"B\u00e1rbara Carvalho Santos\",\"@id\":\"https:\/\/www.estrategiaconcursos.com.br\/blog\/#\/schema\/person\/e3882259fa157d54c44c21f4ee4e0e60\"},\"headline\":\"Concurso MinC: nomea\u00e7\u00f5es s\u00e3o divulgadas; veja a lista!\",\"datePublished\":\"2025-05-14T08:50:00+00:00\",\"dateModified\":\"2026-02-09T20:03:56+00:00\",\"mainEntityOfPage\":{\"@id\":\"https:\/\/www.estrategiaconcursos.com.br\/blog\/concurso-minc\/\"},\"wordCount\":1557,\"commentCount\":0,\"publisher\":{\"@id\":\"https:\/\/www.estrategiaconcursos.com.br\/blog\/#organization\"},\"image\":{\"@id\":\"https:\/\/www.estrategiaconcursos.com.br\/blog\/concurso-minc\/#primaryimage\"},\"thumbnailUrl\":\"https:\/\/dhg1h5j42swfq.cloudfront.net\/2023\/09\/28154933\/ministerio-da-cultura.jpg\",\"articleSection\":[\"Executivo (Administrativa)\"],\"inLanguage\":\"pt-BR\",\"potentialAction\":[{\"@type\":\"CommentAction\",\"name\":\"Comment\",\"target\":[\"https:\/\/www.estrategiaconcursos.com.br\/blog\/concurso-minc\/#respond\"]}],\"copyrightYear\":\"2025\",\"copyrightHolder\":{\"@id\":\"https:\/\/www.estrategiaconcursos.com.br\/blog\/#organization\"}},{\"@type\":\"WebPage\",\"@id\":\"https:\/\/www.estrategiaconcursos.com.br\/blog\/concurso-minc\/\",\"url\":\"https:\/\/www.estrategiaconcursos.com.br\/blog\/concurso-minc\/\",\"name\":\"Concurso MinC: nomea\u00e7\u00f5es s\u00e3o divulgadas; veja a lista!\",\"isPartOf\":{\"@id\":\"https:\/\/www.estrategiaconcursos.com.br\/blog\/#website\"},\"primaryImageOfPage\":{\"@id\":\"https:\/\/www.estrategiaconcursos.com.br\/blog\/concurso-minc\/#primaryimage\"},\"image\":{\"@id\":\"https:\/\/www.estrategiaconcursos.com.br\/blog\/concurso-minc\/#primaryimage\"},\"thumbnailUrl\":\"https:\/\/dhg1h5j42swfq.cloudfront.net\/2023\/09\/28154933\/ministerio-da-cultura.jpg\",\"datePublished\":\"2025-05-14T08:50:00+00:00\",\"dateModified\":\"2026-02-09T20:03:56+00:00\",\"description\":\"Confira as nomea\u00e7\u00f5es do concurso MinC e acesse a documenta\u00e7\u00e3o obrigat\u00f3ria para a posse. Veja a lista completa!\",\"breadcrumb\":{\"@id\":\"https:\/\/www.estrategiaconcursos.com.br\/blog\/concurso-minc\/#breadcrumb\"},\"inLanguage\":\"pt-BR\",\"potentialAction\":[{\"@type\":\"ReadAction\",\"target\":[\"https:\/\/www.estrategiaconcursos.com.br\/blog\/concurso-minc\/\"]}]},{\"@type\":\"ImageObject\",\"inLanguage\":\"pt-BR\",\"@id\":\"https:\/\/www.estrategiaconcursos.com.br\/blog\/concurso-minc\/#primaryimage\",\"url\":\"https:\/\/dhg1h5j42swfq.cloudfront.net\/2023\/09\/28154933\/ministerio-da-cultura.jpg\",\"contentUrl\":\"https:\/\/dhg1h5j42swfq.cloudfront.net\/2023\/09\/28154933\/ministerio-da-cultura.jpg\",\"width\":768,\"height\":432},{\"@type\":\"BreadcrumbList\",\"@id\":\"https:\/\/www.estrategiaconcursos.com.br\/blog\/concurso-minc\/#breadcrumb\",\"itemListElement\":[{\"@type\":\"ListItem\",\"position\":1,\"name\":\"In\u00edcio\",\"item\":\"https:\/\/www.estrategiaconcursos.com.br\/blog\/\"},{\"@type\":\"ListItem\",\"position\":2,\"name\":\"Concurso MinC: nomea\u00e7\u00f5es s\u00e3o divulgadas; veja a lista!\"}]},{\"@type\":\"WebSite\",\"@id\":\"https:\/\/www.estrategiaconcursos.com.br\/blog\/#website\",\"url\":\"https:\/\/www.estrategiaconcursos.com.br\/blog\/\",\"name\":\"Estrat\u00e9gia Concursos\",\"description\":\"O blog da Estrat\u00e9gia Concursos traz not\u00edcias sobre concursos e artigos de professores oferecendo cursos para concursos (pdf + videaulas) no site.\",\"publisher\":{\"@id\":\"https:\/\/www.estrategiaconcursos.com.br\/blog\/#organization\"},\"potentialAction\":[{\"@type\":\"SearchAction\",\"target\":{\"@type\":\"EntryPoint\",\"urlTemplate\":\"https:\/\/www.estrategiaconcursos.com.br\/blog\/?s={search_term_string}\"},\"query-input\":{\"@type\":\"PropertyValueSpecification\",\"valueRequired\":true,\"valueName\":\"search_term_string\"}}],\"inLanguage\":\"pt-BR\"},{\"@type\":\"Organization\",\"@id\":\"https:\/\/www.estrategiaconcursos.com.br\/blog\/#organization\",\"name\":\"Estrat\u00e9gia Concursos\",\"url\":\"https:\/\/www.estrategiaconcursos.com.br\/blog\/\",\"logo\":{\"@type\":\"ImageObject\",\"inLanguage\":\"pt-BR\",\"@id\":\"https:\/\/www.estrategiaconcursos.com.br\/blog\/#\/schema\/logo\/image\/\",\"url\":\"https:\/\/dhg1h5j42swfq.cloudfront.net\/2025\/06\/03203428\/logo_concursos-1.jpg\",\"contentUrl\":\"https:\/\/dhg1h5j42swfq.cloudfront.net\/2025\/06\/03203428\/logo_concursos-1.jpg\",\"width\":230,\"height\":60,\"caption\":\"Estrat\u00e9gia Concursos\"},\"image\":{\"@id\":\"https:\/\/www.estrategiaconcursos.com.br\/blog\/#\/schema\/logo\/image\/\"},\"sameAs\":[\"https:\/\/x.com\/EstratConcursos\"]},{\"@type\":\"Person\",\"@id\":\"https:\/\/www.estrategiaconcursos.com.br\/blog\/#\/schema\/person\/e3882259fa157d54c44c21f4ee4e0e60\",\"name\":\"B\u00e1rbara Carvalho Santos\",\"image\":{\"@type\":\"ImageObject\",\"inLanguage\":\"pt-BR\",\"@id\":\"https:\/\/secure.gravatar.com\/avatar\/353300f73140f779692b9be2b39f434d1341e4e34c7f55bd5a990fe29ef352eb?s=96&d=mm&r=g\",\"url\":\"https:\/\/secure.gravatar.com\/avatar\/353300f73140f779692b9be2b39f434d1341e4e34c7f55bd5a990fe29ef352eb?s=96&d=mm&r=g\",\"contentUrl\":\"https:\/\/secure.gravatar.com\/avatar\/353300f73140f779692b9be2b39f434d1341e4e34c7f55bd5a990fe29ef352eb?s=96&d=mm&r=g\",\"caption\":\"B\u00e1rbara Carvalho Santos\"},\"description\":\"M\u00e3e e jornalista formada pela UNIP, possui ampla experi\u00eancia na cobertura de entretenimento em grandes ve\u00edculos, como o site da CNN, RedeTV! e Estrat\u00e9gia Educacional. Atuou tamb\u00e9m em ag\u00eancias de marketing, produtoras musicais e assessorias de imprensa, com foco especial no trabalho com personalidades p\u00fablicas. Atualmente, integra a equipe do Estrat\u00e9gia Concursos, onde \u00e9 respons\u00e1vel pela produ\u00e7\u00e3o de conte\u00fados estrat\u00e9gicos voltados para o setor de concursos p\u00fablicos, com destaque para a \u00e1rea fiscal, gest\u00e3o, controle, concursos administrativos e Minist\u00e9rios participantes do CNU, al\u00e9m de diversos \u00f3rg\u00e3os federais. Tem como miss\u00e3o transformar informa\u00e7\u00f5es complexas em conte\u00fados acess\u00edveis, relevantes e de alto valor para quem sonha com uma carreira no servi\u00e7o p\u00fablico.\",\"url\":\"https:\/\/www.estrategiaconcursos.com.br\/blog\/author\/barbara-santos\/\"}]}<\/script>\n<!-- \/ Yoast SEO Premium plugin. -->","yoast_head_json":{"title":"Concurso MinC: nomea\u00e7\u00f5es s\u00e3o divulgadas; veja a lista!","description":"Confira as nomea\u00e7\u00f5es do concurso MinC e acesse a documenta\u00e7\u00e3o obrigat\u00f3ria para a posse. Veja a lista completa!","robots":{"index":"index","follow":"follow","max-snippet":"max-snippet:-1","max-image-preview":"max-image-preview:large","max-video-preview":"max-video-preview:-1"},"canonical":"https:\/\/www.estrategiaconcursos.com.br\/blog\/concurso-minc\/","og_locale":"pt_BR","og_type":"article","og_title":"Concurso MinC: nomea\u00e7\u00f5es s\u00e3o divulgadas; veja a lista!","og_description":"Confira as nomea\u00e7\u00f5es do concurso MinC e acesse a documenta\u00e7\u00e3o obrigat\u00f3ria para a posse. Veja a lista completa!","og_url":"https:\/\/www.estrategiaconcursos.com.br\/blog\/concurso-minc\/","og_site_name":"Estrat\u00e9gia Concursos","article_published_time":"2025-05-14T08:50:00+00:00","article_modified_time":"2026-02-09T20:03:56+00:00","og_image":[{"width":768,"height":432,"url":"https:\/\/dhg1h5j42swfq.cloudfront.net\/2023\/09\/28154933\/ministerio-da-cultura.jpg","type":"image\/jpeg"}],"author":"B\u00e1rbara Carvalho Santos","twitter_card":"summary_large_image","twitter_creator":"@EstratConcursos","twitter_site":"@EstratConcursos","twitter_misc":{"Escrito por":"B\u00e1rbara Carvalho Santos","Est. tempo de leitura":"8 minutos"},"schema":{"@context":"https:\/\/schema.org","@graph":[{"@type":"NewsArticle","@id":"https:\/\/www.estrategiaconcursos.com.br\/blog\/concurso-minc\/#article","isPartOf":{"@id":"https:\/\/www.estrategiaconcursos.com.br\/blog\/concurso-minc\/"},"author":{"name":"B\u00e1rbara Carvalho Santos","@id":"https:\/\/www.estrategiaconcursos.com.br\/blog\/#\/schema\/person\/e3882259fa157d54c44c21f4ee4e0e60"},"headline":"Concurso MinC: nomea\u00e7\u00f5es s\u00e3o divulgadas; veja a lista!","datePublished":"2025-05-14T08:50:00+00:00","dateModified":"2026-02-09T20:03:56+00:00","mainEntityOfPage":{"@id":"https:\/\/www.estrategiaconcursos.com.br\/blog\/concurso-minc\/"},"wordCount":1557,"commentCount":0,"publisher":{"@id":"https:\/\/www.estrategiaconcursos.com.br\/blog\/#organization"},"image":{"@id":"https:\/\/www.estrategiaconcursos.com.br\/blog\/concurso-minc\/#primaryimage"},"thumbnailUrl":"https:\/\/dhg1h5j42swfq.cloudfront.net\/2023\/09\/28154933\/ministerio-da-cultura.jpg","articleSection":["Executivo (Administrativa)"],"inLanguage":"pt-BR","potentialAction":[{"@type":"CommentAction","name":"Comment","target":["https:\/\/www.estrategiaconcursos.com.br\/blog\/concurso-minc\/#respond"]}],"copyrightYear":"2025","copyrightHolder":{"@id":"https:\/\/www.estrategiaconcursos.com.br\/blog\/#organization"}},{"@type":"WebPage","@id":"https:\/\/www.estrategiaconcursos.com.br\/blog\/concurso-minc\/","url":"https:\/\/www.estrategiaconcursos.com.br\/blog\/concurso-minc\/","name":"Concurso MinC: nomea\u00e7\u00f5es s\u00e3o divulgadas; veja a lista!","isPartOf":{"@id":"https:\/\/www.estrategiaconcursos.com.br\/blog\/#website"},"primaryImageOfPage":{"@id":"https:\/\/www.estrategiaconcursos.com.br\/blog\/concurso-minc\/#primaryimage"},"image":{"@id":"https:\/\/www.estrategiaconcursos.com.br\/blog\/concurso-minc\/#primaryimage"},"thumbnailUrl":"https:\/\/dhg1h5j42swfq.cloudfront.net\/2023\/09\/28154933\/ministerio-da-cultura.jpg","datePublished":"2025-05-14T08:50:00+00:00","dateModified":"2026-02-09T20:03:56+00:00","description":"Confira as nomea\u00e7\u00f5es do concurso MinC e acesse a documenta\u00e7\u00e3o obrigat\u00f3ria para a posse. Veja a lista completa!","breadcrumb":{"@id":"https:\/\/www.estrategiaconcursos.com.br\/blog\/concurso-minc\/#breadcrumb"},"inLanguage":"pt-BR","potentialAction":[{"@type":"ReadAction","target":["https:\/\/www.estrategiaconcursos.com.br\/blog\/concurso-minc\/"]}]},{"@type":"ImageObject","inLanguage":"pt-BR","@id":"https:\/\/www.estrategiaconcursos.com.br\/blog\/concurso-minc\/#primaryimage","url":"https:\/\/dhg1h5j42swfq.cloudfront.net\/2023\/09\/28154933\/ministerio-da-cultura.jpg","contentUrl":"https:\/\/dhg1h5j42swfq.cloudfront.net\/2023\/09\/28154933\/ministerio-da-cultura.jpg","width":768,"height":432},{"@type":"BreadcrumbList","@id":"https:\/\/www.estrategiaconcursos.com.br\/blog\/concurso-minc\/#breadcrumb","itemListElement":[{"@type":"ListItem","position":1,"name":"In\u00edcio","item":"https:\/\/www.estrategiaconcursos.com.br\/blog\/"},{"@type":"ListItem","position":2,"name":"Concurso MinC: nomea\u00e7\u00f5es s\u00e3o divulgadas; veja a lista!"}]},{"@type":"WebSite","@id":"https:\/\/www.estrategiaconcursos.com.br\/blog\/#website","url":"https:\/\/www.estrategiaconcursos.com.br\/blog\/","name":"Estrat\u00e9gia Concursos","description":"O blog da Estrat\u00e9gia Concursos traz not\u00edcias sobre concursos e artigos de professores oferecendo cursos para concursos (pdf + videaulas) no site.","publisher":{"@id":"https:\/\/www.estrategiaconcursos.com.br\/blog\/#organization"},"potentialAction":[{"@type":"SearchAction","target":{"@type":"EntryPoint","urlTemplate":"https:\/\/www.estrategiaconcursos.com.br\/blog\/?s={search_term_string}"},"query-input":{"@type":"PropertyValueSpecification","valueRequired":true,"valueName":"search_term_string"}}],"inLanguage":"pt-BR"},{"@type":"Organization","@id":"https:\/\/www.estrategiaconcursos.com.br\/blog\/#organization","name":"Estrat\u00e9gia Concursos","url":"https:\/\/www.estrategiaconcursos.com.br\/blog\/","logo":{"@type":"ImageObject","inLanguage":"pt-BR","@id":"https:\/\/www.estrategiaconcursos.com.br\/blog\/#\/schema\/logo\/image\/","url":"https:\/\/dhg1h5j42swfq.cloudfront.net\/2025\/06\/03203428\/logo_concursos-1.jpg","contentUrl":"https:\/\/dhg1h5j42swfq.cloudfront.net\/2025\/06\/03203428\/logo_concursos-1.jpg","width":230,"height":60,"caption":"Estrat\u00e9gia Concursos"},"image":{"@id":"https:\/\/www.estrategiaconcursos.com.br\/blog\/#\/schema\/logo\/image\/"},"sameAs":["https:\/\/x.com\/EstratConcursos"]},{"@type":"Person","@id":"https:\/\/www.estrategiaconcursos.com.br\/blog\/#\/schema\/person\/e3882259fa157d54c44c21f4ee4e0e60","name":"B\u00e1rbara Carvalho Santos","image":{"@type":"ImageObject","inLanguage":"pt-BR","@id":"https:\/\/secure.gravatar.com\/avatar\/353300f73140f779692b9be2b39f434d1341e4e34c7f55bd5a990fe29ef352eb?s=96&d=mm&r=g","url":"https:\/\/secure.gravatar.com\/avatar\/353300f73140f779692b9be2b39f434d1341e4e34c7f55bd5a990fe29ef352eb?s=96&d=mm&r=g","contentUrl":"https:\/\/secure.gravatar.com\/avatar\/353300f73140f779692b9be2b39f434d1341e4e34c7f55bd5a990fe29ef352eb?s=96&d=mm&r=g","caption":"B\u00e1rbara Carvalho Santos"},"description":"M\u00e3e e jornalista formada pela UNIP, possui ampla experi\u00eancia na cobertura de entretenimento em grandes ve\u00edculos, como o site da CNN, RedeTV! e Estrat\u00e9gia Educacional. Atuou tamb\u00e9m em ag\u00eancias de marketing, produtoras musicais e assessorias de imprensa, com foco especial no trabalho com personalidades p\u00fablicas. Atualmente, integra a equipe do Estrat\u00e9gia Concursos, onde \u00e9 respons\u00e1vel pela produ\u00e7\u00e3o de conte\u00fados estrat\u00e9gicos voltados para o setor de concursos p\u00fablicos, com destaque para a \u00e1rea fiscal, gest\u00e3o, controle, concursos administrativos e Minist\u00e9rios participantes do CNU, al\u00e9m de diversos \u00f3rg\u00e3os federais. Tem como miss\u00e3o transformar informa\u00e7\u00f5es complexas em conte\u00fados acess\u00edveis, relevantes e de alto valor para quem sonha com uma carreira no servi\u00e7o p\u00fablico.","url":"https:\/\/www.estrategiaconcursos.com.br\/blog\/author\/barbara-santos\/"}]}},"_links":{"self":[{"href":"https:\/\/www.estrategiaconcursos.com.br\/blog\/wp-json\/wp\/v2\/posts\/1284046","targetHints":{"allow":["GET"]}}],"collection":[{"href":"https:\/\/www.estrategiaconcursos.com.br\/blog\/wp-json\/wp\/v2\/posts"}],"about":[{"href":"https:\/\/www.estrategiaconcursos.com.br\/blog\/wp-json\/wp\/v2\/types\/post"}],"author":[{"embeddable":true,"href":"https:\/\/www.estrategiaconcursos.com.br\/blog\/wp-json\/wp\/v2\/users\/2018"}],"replies":[{"embeddable":true,"href":"https:\/\/www.estrategiaconcursos.com.br\/blog\/wp-json\/wp\/v2\/comments?post=1284046"}],"version-history":[{"count":88,"href":"https:\/\/www.estrategiaconcursos.com.br\/blog\/wp-json\/wp\/v2\/posts\/1284046\/revisions"}],"predecessor-version":[{"id":1713252,"href":"https:\/\/www.estrategiaconcursos.com.br\/blog\/wp-json\/wp\/v2\/posts\/1284046\/revisions\/1713252"}],"wp:featuredmedia":[{"embeddable":true,"href":"https:\/\/www.estrategiaconcursos.com.br\/blog\/wp-json\/wp\/v2\/media\/1284979"}],"wp:attachment":[{"href":"https:\/\/www.estrategiaconcursos.com.br\/blog\/wp-json\/wp\/v2\/media?parent=1284046"}],"wp:term":[{"taxonomy":"category","embeddable":true,"href":"https:\/\/www.estrategiaconcursos.com.br\/blog\/wp-json\/wp\/v2\/categories?post=1284046"},{"taxonomy":"post_tag","embeddable":true,"href":"https:\/\/www.estrategiaconcursos.com.br\/blog\/wp-json\/wp\/v2\/tags?post=1284046"},{"taxonomy":"tax_estado","embeddable":true,"href":"https:\/\/www.estrategiaconcursos.com.br\/blog\/wp-json\/wp\/v2\/tax_estado?post=1284046"}],"curies":[{"name":"wp","href":"https:\/\/api.w.org\/{rel}","templated":true}]}}