{"id":1283941,"date":"2023-10-23T11:00:00","date_gmt":"2023-10-23T14:00:00","guid":{"rendered":"https:\/\/www.estrategiaconcursos.com.br\/blog\/?p=1283941"},"modified":"2023-10-02T11:46:32","modified_gmt":"2023-10-02T14:46:32","slug":"concurso-fnde-conheca-as-carreiras","status":"publish","type":"post","link":"https:\/\/www.estrategiaconcursos.com.br\/blog\/concurso-fnde-conheca-as-carreiras\/","title":{"rendered":"Concurso FNDE: conhe\u00e7a as carreiras!"},"content":{"rendered":"\n<p>Concurseira(o) impar\u00e1vel, as inscri\u00e7\u00f5es para o concurso do Fundo Nacional de Desenvolvimento da Educa\u00e7\u00e3o (FNDE) est\u00e3o abertas. Conhe\u00e7a as carreiras e os cargos dessa autarquia.<\/p>\n\n\n\n<h2 class=\"wp-block-heading\" id=\"h-carreiras-fnde\">Carreiras &#8211; FNDE<\/h2>\n\n\n\n<p>A princ\u00edpio, as carreiras e o plano especial de cargos do FNDE foram criados no ano de 2006 pela <strong><a href=\"http:\/\/www.planalto.gov.br\/ccivil_03\/_ato2004-2006\/2006\/lei\/l11357.htm\">Lei n\u00b0 11.357<\/a><\/strong> e reestruturados 3 anos depois. Assim, as carreiras s\u00e3o as seguintes:<\/p>\n\n\n\n<ul class=\"wp-block-list\">\n<li>Financiamento e Execu\u00e7\u00e3o de Programas e Projetos Educacionais;<\/li>\n\n\n\n<li>Suporte T\u00e9cnico ao Financiamento e Execu\u00e7\u00e3o de Programas e Projetos Educacionais.<\/li>\n<\/ul>\n\n\n\n<p>Al\u00e9m disso, cada carreira dessa possui um conjunto de cargos. Por isso, vamos ver os detalhes.<\/p>\n\n\n\n<figure class=\"wp-block-image aligncenter size-full\"><img loading=\"lazy\" decoding=\"async\" width=\"696\" height=\"569\" src=\"https:\/\/dhg1h5j42swfq.cloudfront.net\/2023\/09\/26195834\/fnde_sede.jpg\" alt=\"FNDE\" class=\"wp-image-1283954\" srcset=\"https:\/\/dhg1h5j42swfq.cloudfront.net\/2023\/09\/26195834\/fnde_sede.jpg 696w, https:\/\/dhg1h5j42swfq.cloudfront.net\/2023\/09\/26195834\/fnde_sede-300x245.jpg 300w, https:\/\/dhg1h5j42swfq.cloudfront.net\/2023\/09\/26195834\/fnde_sede-610x499.jpg 610w, https:\/\/dhg1h5j42swfq.cloudfront.net\/2023\/09\/26195834\/fnde_sede-150x123.jpg 150w\" sizes=\"auto, (max-width: 696px) 100vw, 696px\" \/><figcaption class=\"wp-element-caption\">FNDE em Bras\u00edlia<\/figcaption><\/figure>\n\n\n\n<h3 class=\"wp-block-heading\" id=\"h-financiamento-e-execucao-de-programas-e-projetos-educacionais\">Financiamento e Execu\u00e7\u00e3o de Programas e Projetos Educacionais<\/h3>\n\n\n\n<p>Para come\u00e7ar, \u00e9 uma carreira que exige n\u00edvel <strong>superior <\/strong>completo para atuar no cargo de<strong>&nbsp;Especialista em Financiamento e Execu\u00e7\u00e3o de Programas e Projetos Educacionais<\/strong>. Segundo sua lei de cria\u00e7\u00e3o, as atribui\u00e7\u00f5es incluem:<\/p>\n\n\n\n<ul class=\"wp-block-list\">\n<li>atividades de elabora\u00e7\u00e3o de normas, procedimentos e crit\u00e9rios de capta\u00e7\u00e3o de recursos e assist\u00eancia financeira a Estados, Distrito Federal e Munic\u00edpios, estabelecimentos de ensino e entidades particulares;<\/li>\n\n\n\n<li>descentraliza\u00e7\u00e3o de recursos educacionais;<\/li>\n\n\n\n<li>financiamento de programas e projetos educacionais; coordena\u00e7\u00e3o, acompanhamento e controle da execu\u00e7\u00e3o de programas e projetos financiados com recursos do FNDE;<\/li>\n\n\n\n<li>an\u00e1lise de desempenho institucional e de resultados dos programas e projetos financiados com recursos alocados no or\u00e7amento do FNDE; e<\/li>\n\n\n\n<li>execu\u00e7\u00e3o direta e indireta de programas educacionais.<\/li>\n<\/ul>\n\n\n\n<p>Posteriormente, vem a carreira de&#8230;<\/p>\n\n\n\n<h3 class=\"wp-block-heading\" id=\"h-suporte-tecnico-ao-financiamento-e-execucao-de-programas-e-projetos-educacionais\">Suporte T\u00e9cnico ao Financiamento e Execu\u00e7\u00e3o de Programas e Projetos Educacionais<\/h3>\n\n\n\n<p>Finalmente, o cargo de <strong>T\u00e9cnico em Financiamento e Execu\u00e7\u00e3o de Programas e Projetos Educacionais<\/strong>&nbsp;\u00e9 o pertencente a essa carreira, e possui como requisito o n\u00edvel <strong>m\u00e9dio <\/strong>completo. Apenas por curiosidade, o \u00faltimo concurso para essa fun\u00e7\u00e3o aconteceu em 2012.<\/p>\n\n\n\n<p>Suas atribui\u00e7\u00f5es envolvem o <strong>suporte t\u00e9cnico<\/strong>&nbsp;\u00e0s atividades desenvolvidas por quem ocupa o cargo de Especialista em Financiamento e Execu\u00e7\u00e3o de Programas e Projetos Educacionais.<\/p>\n\n\n\n<p>No mais, j\u00e1 tem edital dispon\u00edvel e com inscri\u00e7\u00e3o aberta!<\/p>\n\n\n\n<h2 class=\"wp-block-heading\" id=\"h-inscricoes-fnde\">Inscri\u00e7\u00f5es &#8211; FNDE<\/h2>\n\n\n\n<p>A banca organizadora desse pr\u00f3ximo concurso \u00e9 o <strong><a href=\"https:\/\/www.cebraspe.org.br\/concursos\/fnde_23_especialista\">Cebraspe<\/a><\/strong>. As inscri\u00e7\u00f5es acontecer\u00e3o de <strong>18 de setembro de 2023<\/strong>&nbsp;at\u00e9 \u00e0s 18:00 do dia <strong>06 de outubro de 2023<\/strong>.<\/p>\n\n\n\n<p>Ademais, a taxa de inscri\u00e7\u00e3o custa R$ 80,00, por\u00e9m as solicita\u00e7\u00f5es de isen\u00e7\u00e3o total dessa taxa j\u00e1 podem ser feitas, e tamb\u00e9m ir\u00e1 at\u00e9 a data final das inscri\u00e7\u00f5es. Assim, haver\u00e1 direito a esse benef\u00edcio quem:<\/p>\n\n\n\n<ul class=\"wp-block-list\">\n<li>possuir registro no <strong>Cad\u00danico<\/strong>: pode colocar o n\u00famero desse registro no ato da inscri\u00e7\u00e3o, ou preencher eletronicamente uma declara\u00e7\u00e3o de hipossufici\u00eancia;<\/li>\n\n\n\n<li>for <strong>doador de medula \u00f3ssea<\/strong>&nbsp;em entidades reconhecidas pelo Minist\u00e9rio da Sa\u00fade.<\/li>\n<\/ul>\n\n\n\n<p>Os documentos comprobat\u00f3rios s\u00e3o enviados atrav\u00e9s da pr\u00f3pria plataforma de inscri\u00e7\u00e3o. Ent\u00e3o, fique atenta(o) \u00e0s instru\u00e7\u00f5es do site e do pr\u00f3prio edital.<\/p>\n\n\n\n<h2 class=\"wp-block-heading\" id=\"h-edital-fnde\">Edital &#8211; FNDE<\/h2>\n\n\n\n<p>O concurso p\u00fablico para o FNDE visa o preenchimento de 100 vagas efetivas e tamb\u00e9m a forma\u00e7\u00e3o de cadastro de reserva, sendo 75 vagas para a ampla concorr\u00eancia, 5 reservadas para pessoas com defici\u00eancias, e outras 20 para candidatas(os) negras(os).<\/p>\n\n\n\n<p>A oportunidade \u00e9 para o cargo de <strong>Especialista em Financiamento e Execu\u00e7\u00e3o de Programas e Projetos Educacionais<\/strong>, da carreira de Financiamento e Execu\u00e7\u00e3o de Programas e Projetos Educacionais, e as provas devem ser realizadas no dia <strong>03 de dezembro de 2023<\/strong>.<\/p>\n\n\n\n<p>Ademais, se te servir de incentivo, o vencimento b\u00e1sico \u00e9 de R$ 7.938,73, com gratifica\u00e7\u00e3o, fora outros adicionais, para uma jornada de 40 horas semanais.<\/p>\n\n\n\n<h2 class=\"wp-block-heading\" id=\"h-etapas-e-processo-seletivo-fnde\">Etapas e processo seletivo &#8211; FNDE<\/h2>\n\n\n\n<p>\u00c9 importante lembrar que um dos requisitos para participar \u00e9 possui o <strong>n\u00edvel superior completo<\/strong>&nbsp;em qualquer \u00e1rea de forma\u00e7\u00e3o, e todas as etapas ocorrer\u00e3o no Distrito Federal.<\/p>\n\n\n\n<p>Pois ent\u00e3o, ocorrer\u00e3o duas etapas:<\/p>\n\n\n\n<ol class=\"wp-block-list\" type=\"1\">\n<li><strong>Prova objetiva + prova discursiva<\/strong>, de car\u00e1ter eliminat\u00f3rio e classificat\u00f3rio;<\/li>\n\n\n\n<li><strong>Curso de forma\u00e7\u00e3o<\/strong>, tamb\u00e9m de car\u00e1ter eliminat\u00f3rio e classificat\u00f3rio.<\/li>\n<\/ol>\n\n\n\n<p>Logo ap\u00f3s, outros procedimentos tamb\u00e9m precisar\u00e3o ser feitos, como a avalia\u00e7\u00e3o biopsicossocial, para candidatas(os) que declararam possuir alguma defici\u00eancia, e a heteroidentifica\u00e7\u00e3o, para pessoas que se autodeclararam negras.<\/p>\n\n\n\n<p>Nesse contexto, ainda em rela\u00e7\u00e3o \u00e0s etapas, as(os) candidatas(os) resolver\u00e3o as provas objetiva e discursiva em dois turnos, no mesmo dia: <strong>manh\u00e3 e tarde<\/strong>. Em resumo, ser\u00e3o um total de 170 quest\u00f5es objetivas e duas provas discursivas que se realizar\u00e3o dessa forma:<\/p>\n\n\n\n<ul class=\"wp-block-list\">\n<li>Manh\u00e3: 50 quest\u00f5es da prova objetiva de conhecimentos b\u00e1sicos + 1 disserta\u00e7\u00e3o, em 4h45min;<\/li>\n\n\n\n<li>Tarde: 120 quest\u00f5es da prova objetiva de conhecimentos espec\u00edficos + 1 quest\u00e3o discursiva, em 4h.<\/li>\n<\/ul>\n\n\n\n<p>Al\u00e9m disso, as duas partes da prova objetiva ser\u00e3o na marca\u00e7\u00e3o Certo (C) ou Errado (E). E os temas das duas provas discursivas ser\u00e3o os mesmos: Administra\u00e7\u00e3o P\u00fablica, Direito Constitucional, Direito Administrativo ou Legisla\u00e7\u00e3o Educacional. A diferen\u00e7a \u00e9 que a primeira deve ser escrita em at\u00e9 90 linhas, e a quest\u00e3o aberta deve ter at\u00e9 15 linhas.<\/p>\n\n\n\n<h2 class=\"wp-block-heading\" id=\"h-o-que-cai-na-prova\">O que cai na prova<\/h2>\n\n\n\n<p>Resumidamente, no conte\u00fado program\u00e1tico temos:<\/p>\n\n\n\n<ul class=\"wp-block-list\">\n<li>Conhecimentos b\u00e1sicos:\n<ul class=\"wp-block-list\">\n<li>L\u00edngua Portuguesa;<\/li>\n\n\n\n<li>Matem\u00e1tica e Racioc\u00ednio L\u00f3gico;<\/li>\n\n\n\n<li>No\u00e7\u00f5es de Inform\u00e1tica;<\/li>\n<\/ul>\n<\/li>\n\n\n\n<li>Conhecimentos espec\u00edficos:\n<ul class=\"wp-block-list\">\n<li>Direito Administrativo;<\/li>\n\n\n\n<li>Direito Constitucional;<\/li>\n\n\n\n<li>Legisla\u00e7\u00e3o Educacional;<\/li>\n\n\n\n<li>Or\u00e7amento P\u00fablico e Contabilidade P\u00fablica;<\/li>\n\n\n\n<li>Administra\u00e7\u00e3o P\u00fablica.<\/li>\n<\/ul>\n<\/li>\n<\/ul>\n\n\n\n<p>No mais, as instru\u00e7\u00f5es mais importantes s\u00e3o: leia o edital, se organize e foque nos estudos.<\/p>\n\n\n\n<h2 class=\"wp-block-heading\" id=\"h-e-agora\">E agora?<\/h2>\n\n\n\n<p>Por fim, saiba que os materiais do Estrat\u00e9gia Concursos para esse certame do FNDE j\u00e1 est\u00e3o <strong><a href=\"https:\/\/www.estrategiaconcursos.com.br\/pesquisa\/?q=fnde\">dispon\u00edveis<\/a><\/strong>.<\/p>\n\n\n\n<p>Senta e estuda!<\/p>\n\n\n\n<p>Boa sorte!<\/p>\n\n\n\n<p class=\"has-text-align-center\" id=\"h-quer-saber-tudo-sobre-concursos-previstos\"><strong>Quer saber quais ser\u00e3o os pr\u00f3ximos concursos?<\/strong><\/p>\n\n\n\n<p class=\"has-text-align-center\"><strong>Confira nossos artigos!<\/strong><\/p>\n\n\n\n<p class=\"has-text-align-center has-white-color has-pale-cyan-blue-background-color has-text-color has-background\"><a href=\"https:\/\/www.estrategiaconcursos.com.br\/blog\/concursos-abertos\/\" target=\"_blank\" rel=\"noreferrer noopener\">Concursos abertos<\/a><\/p>\n\n\n\n<p class=\"has-text-align-center has-white-color has-pale-cyan-blue-background-color has-text-color has-background\"><a href=\"https:\/\/www.estrategiaconcursos.com.br\/blog\/concursos-2023\/\" target=\"_blank\" rel=\"noreferrer noopener\">Concursos 2023<\/a><\/p>\n","protected":false},"excerpt":{"rendered":"<p>Concurseira(o) impar\u00e1vel, as inscri\u00e7\u00f5es para o concurso do Fundo Nacional de Desenvolvimento da Educa\u00e7\u00e3o (FNDE) est\u00e3o abertas. Conhe\u00e7a as carreiras e os cargos dessa autarquia. Carreiras &#8211; FNDE A princ\u00edpio, as carreiras e o plano especial de cargos do FNDE foram criados no ano de 2006 pela Lei n\u00b0 11.357 e reestruturados 3 anos depois. [&hellip;]<\/p>\n","protected":false},"author":2569,"featured_media":1282831,"comment_status":"open","ping_status":"closed","sticky":false,"template":"","format":"standard","meta":{"post_tipo":"article","footnotes":""},"categories":[1],"tags":[221573,221572],"tax_estado":[219963],"class_list":["post-1283941","post","type-post","status-publish","format-standard","has-post-thumbnail","hentry","category-cursos-e-concursos","tag-concurso-fnde","tag-fnde","tax_estado-concursos-federais"],"acf":[],"yoast_head":"<!-- This site is optimized with the Yoast SEO Premium plugin v27.2 (Yoast SEO v27.2) - https:\/\/yoast.com\/product\/yoast-seo-premium-wordpress\/ -->\n<title>FNDE: conhe\u00e7a as carreiras!<\/title>\n<meta name=\"description\" content=\"As inscri\u00e7\u00f5es do concurso para o FNDE (Fundo Nacional de Desenvolvimento da Educa\u00e7\u00e3o) est\u00e3o abertas. Conhe\u00e7a os cargos dessa autarquia.\" \/>\n<meta name=\"robots\" content=\"index, follow, max-snippet:-1, max-image-preview:large, max-video-preview:-1\" \/>\n<link rel=\"canonical\" href=\"https:\/\/www.estrategiaconcursos.com.br\/blog\/concurso-fnde-conheca-as-carreiras\/\" \/>\n<meta property=\"og:locale\" content=\"pt_BR\" \/>\n<meta property=\"og:type\" content=\"article\" \/>\n<meta property=\"og:title\" content=\"Concurso FNDE: conhe\u00e7a as carreiras!\" \/>\n<meta property=\"og:description\" content=\"As inscri\u00e7\u00f5es do concurso para o FNDE (Fundo Nacional de Desenvolvimento da Educa\u00e7\u00e3o) est\u00e3o abertas. Conhe\u00e7a os cargos dessa autarquia.\" \/>\n<meta property=\"og:url\" content=\"https:\/\/www.estrategiaconcursos.com.br\/blog\/concurso-fnde-conheca-as-carreiras\/\" \/>\n<meta property=\"og:site_name\" content=\"Estrat\u00e9gia Concursos\" \/>\n<meta property=\"article:published_time\" content=\"2023-10-23T14:00:00+00:00\" \/>\n<meta property=\"og:image\" content=\"https:\/\/dhg1h5j42swfq.cloudfront.net\/2023\/09\/25131131\/fnde.jpg\" \/>\n\t<meta property=\"og:image:width\" content=\"768\" \/>\n\t<meta property=\"og:image:height\" content=\"432\" \/>\n\t<meta property=\"og:image:type\" content=\"image\/jpeg\" \/>\n<meta name=\"author\" content=\"Taiane Ferreira Concei\u00e7\u00e3o\" \/>\n<meta name=\"twitter:card\" content=\"summary_large_image\" \/>\n<meta name=\"twitter:creator\" content=\"@EstratConcursos\" \/>\n<meta name=\"twitter:site\" content=\"@EstratConcursos\" \/>\n<meta name=\"twitter:label1\" content=\"Escrito por\" \/>\n\t<meta name=\"twitter:data1\" content=\"Taiane Ferreira Concei\u00e7\u00e3o\" \/>\n\t<meta name=\"twitter:label2\" content=\"Est. tempo de leitura\" \/>\n\t<meta name=\"twitter:data2\" content=\"5 minutos\" \/>\n<script type=\"application\/ld+json\" class=\"yoast-schema-graph\">{\"@context\":\"https:\/\/schema.org\",\"@graph\":[{\"@type\":\"NewsArticle\",\"@id\":\"https:\/\/www.estrategiaconcursos.com.br\/blog\/concurso-fnde-conheca-as-carreiras\/#article\",\"isPartOf\":{\"@id\":\"https:\/\/www.estrategiaconcursos.com.br\/blog\/concurso-fnde-conheca-as-carreiras\/\"},\"author\":{\"name\":\"Taiane Ferreira Concei\u00e7\u00e3o\",\"@id\":\"https:\/\/www.estrategiaconcursos.com.br\/blog\/#\/schema\/person\/699843c170e88965fc39f4f55cbc3504\"},\"headline\":\"Concurso FNDE: conhe\u00e7a as carreiras!\",\"datePublished\":\"2023-10-23T14:00:00+00:00\",\"mainEntityOfPage\":{\"@id\":\"https:\/\/www.estrategiaconcursos.com.br\/blog\/concurso-fnde-conheca-as-carreiras\/\"},\"wordCount\":966,\"commentCount\":0,\"publisher\":{\"@id\":\"https:\/\/www.estrategiaconcursos.com.br\/blog\/#organization\"},\"image\":{\"@id\":\"https:\/\/www.estrategiaconcursos.com.br\/blog\/concurso-fnde-conheca-as-carreiras\/#primaryimage\"},\"thumbnailUrl\":\"https:\/\/dhg1h5j42swfq.cloudfront.net\/2023\/09\/25131131\/fnde.jpg\",\"keywords\":[\"concurso FNDE\",\"FNDE\"],\"articleSection\":[\"Concursos P\u00fablicos\"],\"inLanguage\":\"pt-BR\",\"potentialAction\":[{\"@type\":\"CommentAction\",\"name\":\"Comment\",\"target\":[\"https:\/\/www.estrategiaconcursos.com.br\/blog\/concurso-fnde-conheca-as-carreiras\/#respond\"]}],\"copyrightYear\":\"2023\",\"copyrightHolder\":{\"@id\":\"https:\/\/www.estrategiaconcursos.com.br\/blog\/#organization\"}},{\"@type\":\"WebPage\",\"@id\":\"https:\/\/www.estrategiaconcursos.com.br\/blog\/concurso-fnde-conheca-as-carreiras\/\",\"url\":\"https:\/\/www.estrategiaconcursos.com.br\/blog\/concurso-fnde-conheca-as-carreiras\/\",\"name\":\"FNDE: conhe\u00e7a as carreiras!\",\"isPartOf\":{\"@id\":\"https:\/\/www.estrategiaconcursos.com.br\/blog\/#website\"},\"primaryImageOfPage\":{\"@id\":\"https:\/\/www.estrategiaconcursos.com.br\/blog\/concurso-fnde-conheca-as-carreiras\/#primaryimage\"},\"image\":{\"@id\":\"https:\/\/www.estrategiaconcursos.com.br\/blog\/concurso-fnde-conheca-as-carreiras\/#primaryimage\"},\"thumbnailUrl\":\"https:\/\/dhg1h5j42swfq.cloudfront.net\/2023\/09\/25131131\/fnde.jpg\",\"datePublished\":\"2023-10-23T14:00:00+00:00\",\"description\":\"As inscri\u00e7\u00f5es do concurso para o FNDE (Fundo Nacional de Desenvolvimento da Educa\u00e7\u00e3o) est\u00e3o abertas. Conhe\u00e7a os cargos dessa autarquia.\",\"breadcrumb\":{\"@id\":\"https:\/\/www.estrategiaconcursos.com.br\/blog\/concurso-fnde-conheca-as-carreiras\/#breadcrumb\"},\"inLanguage\":\"pt-BR\",\"potentialAction\":[{\"@type\":\"ReadAction\",\"target\":[\"https:\/\/www.estrategiaconcursos.com.br\/blog\/concurso-fnde-conheca-as-carreiras\/\"]}]},{\"@type\":\"ImageObject\",\"inLanguage\":\"pt-BR\",\"@id\":\"https:\/\/www.estrategiaconcursos.com.br\/blog\/concurso-fnde-conheca-as-carreiras\/#primaryimage\",\"url\":\"https:\/\/dhg1h5j42swfq.cloudfront.net\/2023\/09\/25131131\/fnde.jpg\",\"contentUrl\":\"https:\/\/dhg1h5j42swfq.cloudfront.net\/2023\/09\/25131131\/fnde.jpg\",\"width\":768,\"height\":432},{\"@type\":\"BreadcrumbList\",\"@id\":\"https:\/\/www.estrategiaconcursos.com.br\/blog\/concurso-fnde-conheca-as-carreiras\/#breadcrumb\",\"itemListElement\":[{\"@type\":\"ListItem\",\"position\":1,\"name\":\"In\u00edcio\",\"item\":\"https:\/\/www.estrategiaconcursos.com.br\/blog\/\"},{\"@type\":\"ListItem\",\"position\":2,\"name\":\"Concurso FNDE: conhe\u00e7a as carreiras!\"}]},{\"@type\":\"WebSite\",\"@id\":\"https:\/\/www.estrategiaconcursos.com.br\/blog\/#website\",\"url\":\"https:\/\/www.estrategiaconcursos.com.br\/blog\/\",\"name\":\"Estrat\u00e9gia Concursos\",\"description\":\"O blog da Estrat\u00e9gia Concursos traz not\u00edcias sobre concursos e artigos de professores oferecendo cursos para concursos (pdf + videaulas) no site.\",\"publisher\":{\"@id\":\"https:\/\/www.estrategiaconcursos.com.br\/blog\/#organization\"},\"potentialAction\":[{\"@type\":\"SearchAction\",\"target\":{\"@type\":\"EntryPoint\",\"urlTemplate\":\"https:\/\/www.estrategiaconcursos.com.br\/blog\/?s={search_term_string}\"},\"query-input\":{\"@type\":\"PropertyValueSpecification\",\"valueRequired\":true,\"valueName\":\"search_term_string\"}}],\"inLanguage\":\"pt-BR\"},{\"@type\":\"Organization\",\"@id\":\"https:\/\/www.estrategiaconcursos.com.br\/blog\/#organization\",\"name\":\"Estrat\u00e9gia Concursos\",\"url\":\"https:\/\/www.estrategiaconcursos.com.br\/blog\/\",\"logo\":{\"@type\":\"ImageObject\",\"inLanguage\":\"pt-BR\",\"@id\":\"https:\/\/www.estrategiaconcursos.com.br\/blog\/#\/schema\/logo\/image\/\",\"url\":\"https:\/\/dhg1h5j42swfq.cloudfront.net\/2025\/06\/03203428\/logo_concursos-1.jpg\",\"contentUrl\":\"https:\/\/dhg1h5j42swfq.cloudfront.net\/2025\/06\/03203428\/logo_concursos-1.jpg\",\"width\":230,\"height\":60,\"caption\":\"Estrat\u00e9gia Concursos\"},\"image\":{\"@id\":\"https:\/\/www.estrategiaconcursos.com.br\/blog\/#\/schema\/logo\/image\/\"},\"sameAs\":[\"https:\/\/x.com\/EstratConcursos\"]},{\"@type\":\"Person\",\"@id\":\"https:\/\/www.estrategiaconcursos.com.br\/blog\/#\/schema\/person\/699843c170e88965fc39f4f55cbc3504\",\"name\":\"Taiane Ferreira Concei\u00e7\u00e3o\",\"image\":{\"@type\":\"ImageObject\",\"inLanguage\":\"pt-BR\",\"@id\":\"https:\/\/secure.gravatar.com\/avatar\/3eeaf722fb4a0f0403ab2fcd989778b82e4ab1df34e59c86868171efee133a4d?s=96&d=mm&r=g\",\"url\":\"https:\/\/secure.gravatar.com\/avatar\/3eeaf722fb4a0f0403ab2fcd989778b82e4ab1df34e59c86868171efee133a4d?s=96&d=mm&r=g\",\"contentUrl\":\"https:\/\/secure.gravatar.com\/avatar\/3eeaf722fb4a0f0403ab2fcd989778b82e4ab1df34e59c86868171efee133a4d?s=96&d=mm&r=g\",\"caption\":\"Taiane Ferreira Concei\u00e7\u00e3o\"},\"description\":\"Aprovada nos concursos Marinha do Brasil, Correios, Secretaria de Educa\u00e7\u00e3o do Estado da Bahia, EMBASA e Pol\u00edcia Civil do Estado da Bahia.\",\"url\":\"https:\/\/www.estrategiaconcursos.com.br\/blog\/author\/taianef1yahoo-com-br\/\"}]}<\/script>\n<!-- \/ Yoast SEO Premium plugin. -->","yoast_head_json":{"title":"FNDE: conhe\u00e7a as carreiras!","description":"As inscri\u00e7\u00f5es do concurso para o FNDE (Fundo Nacional de Desenvolvimento da Educa\u00e7\u00e3o) est\u00e3o abertas. Conhe\u00e7a os cargos dessa autarquia.","robots":{"index":"index","follow":"follow","max-snippet":"max-snippet:-1","max-image-preview":"max-image-preview:large","max-video-preview":"max-video-preview:-1"},"canonical":"https:\/\/www.estrategiaconcursos.com.br\/blog\/concurso-fnde-conheca-as-carreiras\/","og_locale":"pt_BR","og_type":"article","og_title":"Concurso FNDE: conhe\u00e7a as carreiras!","og_description":"As inscri\u00e7\u00f5es do concurso para o FNDE (Fundo Nacional de Desenvolvimento da Educa\u00e7\u00e3o) est\u00e3o abertas. Conhe\u00e7a os cargos dessa autarquia.","og_url":"https:\/\/www.estrategiaconcursos.com.br\/blog\/concurso-fnde-conheca-as-carreiras\/","og_site_name":"Estrat\u00e9gia Concursos","article_published_time":"2023-10-23T14:00:00+00:00","og_image":[{"width":768,"height":432,"url":"https:\/\/dhg1h5j42swfq.cloudfront.net\/2023\/09\/25131131\/fnde.jpg","type":"image\/jpeg"}],"author":"Taiane Ferreira Concei\u00e7\u00e3o","twitter_card":"summary_large_image","twitter_creator":"@EstratConcursos","twitter_site":"@EstratConcursos","twitter_misc":{"Escrito por":"Taiane Ferreira Concei\u00e7\u00e3o","Est. tempo de leitura":"5 minutos"},"schema":{"@context":"https:\/\/schema.org","@graph":[{"@type":"NewsArticle","@id":"https:\/\/www.estrategiaconcursos.com.br\/blog\/concurso-fnde-conheca-as-carreiras\/#article","isPartOf":{"@id":"https:\/\/www.estrategiaconcursos.com.br\/blog\/concurso-fnde-conheca-as-carreiras\/"},"author":{"name":"Taiane Ferreira Concei\u00e7\u00e3o","@id":"https:\/\/www.estrategiaconcursos.com.br\/blog\/#\/schema\/person\/699843c170e88965fc39f4f55cbc3504"},"headline":"Concurso FNDE: conhe\u00e7a as carreiras!","datePublished":"2023-10-23T14:00:00+00:00","mainEntityOfPage":{"@id":"https:\/\/www.estrategiaconcursos.com.br\/blog\/concurso-fnde-conheca-as-carreiras\/"},"wordCount":966,"commentCount":0,"publisher":{"@id":"https:\/\/www.estrategiaconcursos.com.br\/blog\/#organization"},"image":{"@id":"https:\/\/www.estrategiaconcursos.com.br\/blog\/concurso-fnde-conheca-as-carreiras\/#primaryimage"},"thumbnailUrl":"https:\/\/dhg1h5j42swfq.cloudfront.net\/2023\/09\/25131131\/fnde.jpg","keywords":["concurso FNDE","FNDE"],"articleSection":["Concursos P\u00fablicos"],"inLanguage":"pt-BR","potentialAction":[{"@type":"CommentAction","name":"Comment","target":["https:\/\/www.estrategiaconcursos.com.br\/blog\/concurso-fnde-conheca-as-carreiras\/#respond"]}],"copyrightYear":"2023","copyrightHolder":{"@id":"https:\/\/www.estrategiaconcursos.com.br\/blog\/#organization"}},{"@type":"WebPage","@id":"https:\/\/www.estrategiaconcursos.com.br\/blog\/concurso-fnde-conheca-as-carreiras\/","url":"https:\/\/www.estrategiaconcursos.com.br\/blog\/concurso-fnde-conheca-as-carreiras\/","name":"FNDE: conhe\u00e7a as carreiras!","isPartOf":{"@id":"https:\/\/www.estrategiaconcursos.com.br\/blog\/#website"},"primaryImageOfPage":{"@id":"https:\/\/www.estrategiaconcursos.com.br\/blog\/concurso-fnde-conheca-as-carreiras\/#primaryimage"},"image":{"@id":"https:\/\/www.estrategiaconcursos.com.br\/blog\/concurso-fnde-conheca-as-carreiras\/#primaryimage"},"thumbnailUrl":"https:\/\/dhg1h5j42swfq.cloudfront.net\/2023\/09\/25131131\/fnde.jpg","datePublished":"2023-10-23T14:00:00+00:00","description":"As inscri\u00e7\u00f5es do concurso para o FNDE (Fundo Nacional de Desenvolvimento da Educa\u00e7\u00e3o) est\u00e3o abertas. Conhe\u00e7a os cargos dessa autarquia.","breadcrumb":{"@id":"https:\/\/www.estrategiaconcursos.com.br\/blog\/concurso-fnde-conheca-as-carreiras\/#breadcrumb"},"inLanguage":"pt-BR","potentialAction":[{"@type":"ReadAction","target":["https:\/\/www.estrategiaconcursos.com.br\/blog\/concurso-fnde-conheca-as-carreiras\/"]}]},{"@type":"ImageObject","inLanguage":"pt-BR","@id":"https:\/\/www.estrategiaconcursos.com.br\/blog\/concurso-fnde-conheca-as-carreiras\/#primaryimage","url":"https:\/\/dhg1h5j42swfq.cloudfront.net\/2023\/09\/25131131\/fnde.jpg","contentUrl":"https:\/\/dhg1h5j42swfq.cloudfront.net\/2023\/09\/25131131\/fnde.jpg","width":768,"height":432},{"@type":"BreadcrumbList","@id":"https:\/\/www.estrategiaconcursos.com.br\/blog\/concurso-fnde-conheca-as-carreiras\/#breadcrumb","itemListElement":[{"@type":"ListItem","position":1,"name":"In\u00edcio","item":"https:\/\/www.estrategiaconcursos.com.br\/blog\/"},{"@type":"ListItem","position":2,"name":"Concurso FNDE: conhe\u00e7a as carreiras!"}]},{"@type":"WebSite","@id":"https:\/\/www.estrategiaconcursos.com.br\/blog\/#website","url":"https:\/\/www.estrategiaconcursos.com.br\/blog\/","name":"Estrat\u00e9gia Concursos","description":"O blog da Estrat\u00e9gia Concursos traz not\u00edcias sobre concursos e artigos de professores oferecendo cursos para concursos (pdf + videaulas) no site.","publisher":{"@id":"https:\/\/www.estrategiaconcursos.com.br\/blog\/#organization"},"potentialAction":[{"@type":"SearchAction","target":{"@type":"EntryPoint","urlTemplate":"https:\/\/www.estrategiaconcursos.com.br\/blog\/?s={search_term_string}"},"query-input":{"@type":"PropertyValueSpecification","valueRequired":true,"valueName":"search_term_string"}}],"inLanguage":"pt-BR"},{"@type":"Organization","@id":"https:\/\/www.estrategiaconcursos.com.br\/blog\/#organization","name":"Estrat\u00e9gia Concursos","url":"https:\/\/www.estrategiaconcursos.com.br\/blog\/","logo":{"@type":"ImageObject","inLanguage":"pt-BR","@id":"https:\/\/www.estrategiaconcursos.com.br\/blog\/#\/schema\/logo\/image\/","url":"https:\/\/dhg1h5j42swfq.cloudfront.net\/2025\/06\/03203428\/logo_concursos-1.jpg","contentUrl":"https:\/\/dhg1h5j42swfq.cloudfront.net\/2025\/06\/03203428\/logo_concursos-1.jpg","width":230,"height":60,"caption":"Estrat\u00e9gia Concursos"},"image":{"@id":"https:\/\/www.estrategiaconcursos.com.br\/blog\/#\/schema\/logo\/image\/"},"sameAs":["https:\/\/x.com\/EstratConcursos"]},{"@type":"Person","@id":"https:\/\/www.estrategiaconcursos.com.br\/blog\/#\/schema\/person\/699843c170e88965fc39f4f55cbc3504","name":"Taiane Ferreira Concei\u00e7\u00e3o","image":{"@type":"ImageObject","inLanguage":"pt-BR","@id":"https:\/\/secure.gravatar.com\/avatar\/3eeaf722fb4a0f0403ab2fcd989778b82e4ab1df34e59c86868171efee133a4d?s=96&d=mm&r=g","url":"https:\/\/secure.gravatar.com\/avatar\/3eeaf722fb4a0f0403ab2fcd989778b82e4ab1df34e59c86868171efee133a4d?s=96&d=mm&r=g","contentUrl":"https:\/\/secure.gravatar.com\/avatar\/3eeaf722fb4a0f0403ab2fcd989778b82e4ab1df34e59c86868171efee133a4d?s=96&d=mm&r=g","caption":"Taiane Ferreira Concei\u00e7\u00e3o"},"description":"Aprovada nos concursos Marinha do Brasil, Correios, Secretaria de Educa\u00e7\u00e3o do Estado da Bahia, EMBASA e Pol\u00edcia Civil do Estado da Bahia.","url":"https:\/\/www.estrategiaconcursos.com.br\/blog\/author\/taianef1yahoo-com-br\/"}]}},"_links":{"self":[{"href":"https:\/\/www.estrategiaconcursos.com.br\/blog\/wp-json\/wp\/v2\/posts\/1283941","targetHints":{"allow":["GET"]}}],"collection":[{"href":"https:\/\/www.estrategiaconcursos.com.br\/blog\/wp-json\/wp\/v2\/posts"}],"about":[{"href":"https:\/\/www.estrategiaconcursos.com.br\/blog\/wp-json\/wp\/v2\/types\/post"}],"author":[{"embeddable":true,"href":"https:\/\/www.estrategiaconcursos.com.br\/blog\/wp-json\/wp\/v2\/users\/2569"}],"replies":[{"embeddable":true,"href":"https:\/\/www.estrategiaconcursos.com.br\/blog\/wp-json\/wp\/v2\/comments?post=1283941"}],"version-history":[{"count":5,"href":"https:\/\/www.estrategiaconcursos.com.br\/blog\/wp-json\/wp\/v2\/posts\/1283941\/revisions"}],"predecessor-version":[{"id":1286219,"href":"https:\/\/www.estrategiaconcursos.com.br\/blog\/wp-json\/wp\/v2\/posts\/1283941\/revisions\/1286219"}],"wp:featuredmedia":[{"embeddable":true,"href":"https:\/\/www.estrategiaconcursos.com.br\/blog\/wp-json\/wp\/v2\/media\/1282831"}],"wp:attachment":[{"href":"https:\/\/www.estrategiaconcursos.com.br\/blog\/wp-json\/wp\/v2\/media?parent=1283941"}],"wp:term":[{"taxonomy":"category","embeddable":true,"href":"https:\/\/www.estrategiaconcursos.com.br\/blog\/wp-json\/wp\/v2\/categories?post=1283941"},{"taxonomy":"post_tag","embeddable":true,"href":"https:\/\/www.estrategiaconcursos.com.br\/blog\/wp-json\/wp\/v2\/tags?post=1283941"},{"taxonomy":"tax_estado","embeddable":true,"href":"https:\/\/www.estrategiaconcursos.com.br\/blog\/wp-json\/wp\/v2\/tax_estado?post=1283941"}],"curies":[{"name":"wp","href":"https:\/\/api.w.org\/{rel}","templated":true}]}}