{"id":1281563,"date":"2026-04-13T19:18:38","date_gmt":"2026-04-13T22:18:38","guid":{"rendered":"https:\/\/www.estrategiaconcursos.com.br\/blog\/?p=1281563"},"modified":"2026-04-14T20:42:31","modified_gmt":"2026-04-14T23:42:31","slug":"concurso-sesa-ap","status":"publish","type":"post","link":"https:\/\/www.estrategiaconcursos.com.br\/blog\/concurso-sesa-ap\/","title":{"rendered":"Concurso SESA AP: edital em maio! 1,8 mil vagas em CR"},"content":{"rendered":"\n<p style=\"font-size:clamp(15.197px, 0.95rem + ((1vw - 3.2px) * 0.765), 23px);\"><strong><em>Novo edital do concurso SESA AP \u00e9 previsto para maio de 2026. Contrata\u00e7\u00e3o da banca em andamento!<\/em><\/strong><\/p>\n\n\n\n<div style=\"height:18px\" aria-hidden=\"true\" class=\"wp-block-spacer\"><\/div>\n\n\n\n<hr class=\"wp-block-separator has-alpha-channel-opacity\"\/>\n\n\n<p><center><a id=\"cta-icon\" href=\"https:\/\/sndflw.com\/i\/sesa-ap-grupo\" target=\"_blank\" style=\"background:#29a61a; display:inline-flex; align-items:center; padding:10px 15px; border-radius:6px; color:#fff; text-decoration:none; font-weight:500; font-size:15px;\"><img decoding=\"async\" src=\"https:\/\/dhg1h5j42swfq.cloudfront.net\/2023\/12\/07154107\/whatsapp_13851.png\" alt=\"\" style=\"width:20px; height:20px; margin-right:8px;\"><span>Acesse agora o Grupo de Estudos para o Concurso SESA AP<\/span><\/a><\/center><\/p>\n\n\n\n<div style=\"height:27px\" aria-hidden=\"true\" class=\"wp-block-spacer\"><\/div>\n\n\n\n<p>O pr\u00f3ximo <strong>concurso SESA AP<\/strong> (<a href=\"https:\/\/www.estrategiaconcursos.com.br\/cursosPorConcurso\/secretaria-de-estado-de-saude-do-amapa-sesa-ap\/\" target=\"_blank\" rel=\"noreferrer noopener\">Secretaria de Estado da Sa\u00fade do Amap\u00e1<\/a>) deve ser realizado em breve.<\/p>\n\n\n\n<p>Em entrevista exclusiva ao Estrat\u00e9gia, a secret\u00e1ria de Administra\u00e7\u00e3o, Cinthya Mendes, confirmou a defini\u00e7\u00e3o da banca at\u00e9 o fim de abril e edital previsto para maio. <\/p>\n\n\n\n<p>Ser\u00e3o ofertadas 1.800 vagas destinadas \u00e0 forma\u00e7\u00e3o de cadastro de reserva, em diversos cargos.<\/p>\n\n\n\n<ul id=\"indice\" class=\"wp-block-list has-very-light-gray-to-cyan-bluish-gray-gradient-background has-background\">\n<li><strong>Concurso SESA AP<\/strong><\/li>\n\n\n\n<li><strong>Situa\u00e7\u00e3o<\/strong>: comiss\u00e3o formada | banca em contrata\u00e7\u00e3o<\/li>\n\n\n\n<li><strong>Vagas<\/strong>: 1.800 CR<\/li>\n\n\n\n<li><strong>Sal\u00e1rio<\/strong>: R$ 1.747,46 a R$ 6.112,98 [\u00faltimo edital]<\/li>\n\n\n\n<li><strong>\u00daltimo edital<\/strong>: <a href=\"https:\/\/dhg1h5j42swfq.cloudfront.net\/2023\/09\/22102722\/edital-2012-sesa-ap.pdf\" target=\"_blank\" rel=\"noreferrer noopener nofollow\">Edital SESA AP-2012<\/a><\/li>\n<\/ul>\n\n\n\n<p>Vale lembrar que o \u00faltimo edital foi publicado em 2012, com a oferta de 1.593 vagas para diversos cargos de n\u00edveis m\u00e9dio e superior. Na ocasi\u00e3o, os candidatos foram avaliados por prova objetiva.<\/p>\n\n\n\n<p>Confira neste artigo as principais informa\u00e7\u00f5es sobre a SESA AP e tudo o que rolou no \u00faltimo certame. Acompanhe pelos t\u00f3picos abaixo!<\/p>\n\n\n\n<ul id=\"indice\" class=\"wp-block-list\">\n<li><a href=\"#situacao\">Situa\u00e7\u00e3o atual do concurso<\/a>\n<ul class=\"wp-block-list\">\n<li><a href=\"#maio\">Edital em maio<\/a><\/li>\n\n\n\n<li><a href=\"#cargos\">Cargos e vagas<\/a><\/li>\n\n\n\n<li><a href=\"#banca\">Banca organizadora<\/a><\/li>\n\n\n\n<li><a href=\"#comissao\">Comiss\u00e3o<\/a><\/li>\n\n\n\n<li><a href=\"#informacoes\">Informa\u00e7\u00f5es do pr\u00f3ximo edital<\/a><\/li>\n<\/ul>\n<\/li>\n\n\n\n<li><a href=\"#ultimo-concurso\">\u00daltimo concurso<\/a><\/li>\n\n\n\n<li><a href=\"#cursos\">Cursos e assinaturas<\/a><\/li>\n\n\n\n<li><a href=\"#ficha\">Ficha t\u00e9cnica<\/a><\/li>\n<\/ul>\n\n\n\n<div class=\"container\" id=\"boxes\">\n  <div class=\"row\">\n\n    <div class=\"col-sm\">\n      <div class=\"banner-residencia-medica\" id=\"box-assinatura\">\n        <h2 class=\"titulo-assinatura\">Concurso SESA AP<\/h2>\n        <p class=\"subtitulo-assinatura\">Prepare-se para sua carreira na SESA AP!<\/p>\n        <div class=\"box-botao\">\n          <a class=\"btn-assinatura\" target=\"_blank\" href=\"https:\/\/www.estrategiaconcursos.com.br\/cursosPorConcurso\/secretaria-de-estado-de-saude-do-amapa-sesa-ap\/\" role=\"button\" rel=\"noopener noreferrer\">VER CURSOS<\/a>\n        <\/div>\n      <\/div>\n      \n    <\/div>\n\n  <\/div>\n<\/div>\n\n\n\n<h2 class=\"wp-block-heading\" id=\"situacao\">Concurso SESA AP: situa\u00e7\u00e3o atual<\/h2>\n\n\n\n<h3 class=\"wp-block-heading\" id=\"maio\">Edital em maio<\/h3>\n\n\n\n<p>Em <strong>entrevista exclusiva ao Estrat\u00e9gia, a Secret\u00e1ria de Estado da Administra\u00e7\u00e3o, Cinthya Mendes, confirmou o andamento do concurso SESA AP.<\/strong><\/p>\n\n\n\n<p>Segundo a gestora, as bancas abaixo j\u00e1 encaminharam suas devidas propostas, visando \u00e0 organiza\u00e7\u00e3o do novo certame:<\/p>\n\n\n\n<ul class=\"wp-block-list\">\n<li>Funda\u00e7\u00e3o Carlos Chagas (FCC);<\/li>\n\n\n\n<li>Instituto AOCP;<\/li>\n\n\n\n<li>IBRAF;<\/li>\n\n\n\n<li>IDCAP, Funda\u00e7\u00e3o Cesgranrio e Cebraspe.<\/li>\n<\/ul>\n\n\n\n<p>Ademais, a <strong>expectativa \u00e9 de que a banca vencedora seja definida at\u00e9 o final de abril.<\/strong><\/p>\n\n\n\n<p>Ainda de acordo com a secret\u00e1ria,<strong> o edital est\u00e1 previsto para o m\u00eas de maio, enquanto as provas devem ser aplicadas entre setembro e outubro.<\/strong><\/p>\n\n\n\n<p>Lembrando que o certame j\u00e1 est\u00e1 autorizado e deve <strong>ofertar cerca de 1.800 vagas, todas em cadastro reserva. <\/strong><\/p>\n\n\n\n<p>Segundo a gestora, a escolha por esse modelo ocorre em raz\u00e3o de limita\u00e7\u00f5es or\u00e7ament\u00e1rias, j\u00e1 que n\u00e3o \u00e9 poss\u00edvel, neste momento, gerar aumento de despesas para o pr\u00f3ximo exerc\u00edcio. <\/p>\n\n\n\n<p>Apesar disso, h\u00e1 expectativa de convoca\u00e7\u00f5es ao longo do tempo, \u00e0 medida que ocorrerem aposentadorias e a abertura de novas vagas por meio de decretos.<\/p>\n\n\n<figure class=\"wp-block-embed-youtube wp-block-embed is-type-video is-provider-youtube wp-embed-aspect-16-9 wp-has-aspect-ratio\"><div class=\"lyte-wrapper\" style=\"width:853px;max-width:100%;margin:5px;\"><div class=\"lyMe\" id=\"WYL_etRtBBzClMM\"><div id=\"lyte_etRtBBzClMM\" data-src=\"\/\/i.ytimg.com\/vi\/etRtBBzClMM\/hqdefault.jpg\" class=\"pL\"><div class=\"tC\"><div class=\"tT\"><\/div><\/div><div class=\"play\"><\/div><div class=\"ctrl\"><div class=\"Lctrl\"><\/div><div class=\"Rctrl\"><\/div><\/div><\/div><noscript><a href=\"https:\/\/youtu.be\/etRtBBzClMM\" rel=\"nofollow\"><img loading=\"lazy\" decoding=\"async\" src=\"https:\/\/i.ytimg.com\/vi\/etRtBBzClMM\/0.jpg\" alt=\"YouTube video thumbnail\" width=\"853\" height=\"460\" \/><br \/>Assista a este v\u00eddeo no YouTube<\/a><\/noscript><\/div><\/div><div class=\"lL\" style=\"max-width:100%;width:853px;margin:5px;\"><\/div><figcaption><\/figcaption><\/figure>\n\n\n<p>Por fim, destacou a <strong>import\u00e2ncia da prepara\u00e7\u00e3o antecipada e a qualidade do material do Estrat\u00e9gia Concursos:<\/strong><\/p>\n\n\n\n<p><em>Eu sei que estudar para concurso n\u00e3o \u00e9 f\u00e1cil. A gente abre m\u00e3o de muita coisa, de viv\u00eancia familiar, muito tempo na telinha, porque eu fazia muito isso. Eu estudava, eu trabalhava o dia todo e de madrugada eu assistia minhas videoaulas do Estrat\u00e9gia. Fui aluna do Estrat\u00e9gia, ent\u00e3o eu sei da qualidade do curso de voc\u00eas.\u00a0<br \/>Ent\u00e3o, queridos, estudem, n\u00e3o deixem para sair o edital. A gente est\u00e1 falando, comunicando que vai abrir bastante concurso, vai sair o edital, n\u00e3o deixe para cima da hora.<br \/>J\u00e1 garanta o seu material a\u00ed com o Estrat\u00e9gia. Eles v\u00e3o fazer material de excel\u00eancia, tenho certeza disso, preparando voc\u00eas para os nossos concursos p\u00fablicos e o Estado \u00e9 uma pasta de portas abertas para todos voc\u00eas.<br \/>Tenho certeza que o nosso Estado, com a nossa gastronomia, que \u00e9 de alta qualidade, vai conquistar o cora\u00e7\u00e3o de voc\u00eas. Ent\u00e3o, estudem, que a gente est\u00e1 aguardando voc\u00eas em breve&#8221;.<\/em><\/p>\n\n\n\n<h3 class=\"wp-block-heading\" id=\"cargos\">Cargos e vagas<\/h3>\n\n\n\n<p>Segundo a secret\u00e1ria, em entrevista exclusiva ao Estrat\u00e9gia, as 1,8 mil vagas ser\u00e3o distribu\u00eddas entre os seguintes cargos:<\/p>\n\n\n\n<ul class=\"wp-block-list\">\n<li>Assistente Social<\/li>\n\n\n\n<li>Biom\u00e9dico<\/li>\n\n\n\n<li>Enfermeiro<\/li>\n\n\n\n<li>Farmac\u00eautico<\/li>\n\n\n\n<li>Farmac\u00eautico \u2013 Bioqu\u00edmico<\/li>\n\n\n\n<li>Fisioterapeuta<\/li>\n\n\n\n<li>Fonoaudi\u00f3logo<\/li>\n\n\n\n<li>M\u00e9dico (generalista)<\/li>\n\n\n\n<li>Nutricionista<\/li>\n\n\n\n<li>Odont\u00f3logo<\/li>\n\n\n\n<li>Psic\u00f3logo<\/li>\n\n\n\n<li>Terapeuta Ocupacional<\/li>\n\n\n\n<li>T\u00e9cnico em Enfermagem<\/li>\n\n\n\n<li>T\u00e9cnico em Radiologia<\/li>\n\n\n\n<li>T\u00e9cnico em Laborat\u00f3rio<\/li>\n\n\n\n<li>T\u00e9cnico em Nutri\u00e7\u00e3o e Diet\u00e9tica<\/li>\n\n\n\n<li>T\u00e9cnico em Higiene Dental<\/li>\n\n\n\n<li>T\u00e9cnico em Seguran\u00e7a do Trabalho<\/li>\n\n\n\n<li>T\u00e9cnico em Patologia Cl\u00ednica<\/li>\n\n\n\n<li>T\u00e9cnico em Pr\u00f3tese Dent\u00e1ria<\/li>\n<\/ul>\n\n\n\n<h3 class=\"wp-block-heading\" id=\"banca\">Banca organizadora<\/h3>\n\n\n\n<p>Por meio de sua rede social, o governador do Amap\u00e1, Cl\u00e9cio Lu\u00eds,oficializou a <strong>autoriza\u00e7\u00e3o <\/strong>do <strong>novo concurso p\u00fablico SESA AP<\/strong>.<\/p>\n\n\n\n<p>Com os estudos t\u00e9cnicos j\u00e1 finalizados, agora ser\u00e1 <strong>iniciado o processo de contrata\u00e7\u00e3o da banca organizadora<\/strong>. As empresas desejadas ser\u00e3o contatadas.<\/p>\n\n\n\n<blockquote class=\"instagram-media\" data-instgrm-captioned data-instgrm-permalink=\"https:\/\/www.instagram.com\/reel\/DV0nIMcjm66\/?utm_source=ig_embed&amp;utm_campaign=loading\" data-instgrm-version=\"14\" style=\" background:#FFF; border:0; border-radius:3px; box-shadow:0 0 1px 0 rgba(0,0,0,0.5),0 1px 10px 0 rgba(0,0,0,0.15); margin: 1px; max-width:540px; min-width:326px; padding:0; width:99.375%; width:-webkit-calc(100% - 2px); width:calc(100% - 2px);\"><div style=\"padding:16px;\"> <a href=\"https:\/\/www.instagram.com\/reel\/DV0nIMcjm66\/?utm_source=ig_embed&amp;utm_campaign=loading\" style=\" background:#FFFFFF; line-height:0; padding:0 0; text-align:center; text-decoration:none; width:100%;\" target=\"_blank\"> <div style=\" display: flex; flex-direction: row; align-items: center;\"> <div style=\"background-color: #F4F4F4; border-radius: 50%; flex-grow: 0; height: 40px; margin-right: 14px; width: 40px;\"><\/div> <div style=\"display: flex; flex-direction: column; flex-grow: 1; justify-content: center;\"> <div style=\" background-color: #F4F4F4; border-radius: 4px; flex-grow: 0; height: 14px; margin-bottom: 6px; width: 100px;\"><\/div> <div style=\" background-color: #F4F4F4; border-radius: 4px; flex-grow: 0; height: 14px; width: 60px;\"><\/div><\/div><\/div><div style=\"padding: 19% 0;\"><\/div> <div style=\"display:block; height:50px; margin:0 auto 12px; width:50px;\"><svg width=\"50px\" height=\"50px\" viewBox=\"0 0 60 60\" version=\"1.1\" xmlns=\"https:\/\/www.w3.org\/2000\/svg\" xmlns:xlink=\"https:\/\/www.w3.org\/1999\/xlink\"><g stroke=\"none\" stroke-width=\"1\" fill=\"none\" fill-rule=\"evenodd\"><\/g><g transform=\"translate(-511.000000, -20.000000)\" fill=\"#000000\"><\/g><g><path d=\"M556.869,30.41 C554.814,30.41 553.148,32.076 553.148,34.131 C553.148,36.186 554.814,37.852 556.869,37.852 C558.924,37.852 560.59,36.186 560.59,34.131 C560.59,32.076 558.924,30.41 556.869,30.41 M541,60.657 C535.114,60.657 530.342,55.887 530.342,50 C530.342,44.114 535.114,39.342 541,39.342 C546.887,39.342 551.658,44.114 551.658,50 C551.658,55.887 546.887,60.657 541,60.657 M541,33.886 C532.1,33.886 524.886,41.1 524.886,50 C524.886,58.899 532.1,66.113 541,66.113 C549.9,66.113 557.115,58.899 557.115,50 C557.115,41.1 549.9,33.886 541,33.886 M565.378,62.101 C565.244,65.022 564.756,66.606 564.346,67.663 C563.803,69.06 563.154,70.057 562.106,71.106 C561.058,72.155 560.06,72.803 558.662,73.347 C557.607,73.757 556.021,74.244 553.102,74.378 C549.944,74.521 548.997,74.552 541,74.552 C533.003,74.552 532.056,74.521 528.898,74.378 C525.979,74.244 524.393,73.757 523.338,73.347 C521.94,72.803 520.942,72.155 519.894,71.106 C518.846,70.057 518.197,69.06 517.654,67.663 C517.244,66.606 516.755,65.022 516.623,62.101 C516.479,58.943 516.448,57.996 516.448,50 C516.448,42.003 516.479,41.056 516.623,37.899 C516.755,34.978 517.244,33.391 517.654,32.338 C518.197,30.938 518.846,29.942 519.894,28.894 C520.942,27.846 521.94,27.196 523.338,26.654 C524.393,26.244 525.979,25.756 528.898,25.623 C532.057,25.479 533.004,25.448 541,25.448 C548.997,25.448 549.943,25.479 553.102,25.623 C556.021,25.756 557.607,26.244 558.662,26.654 C560.06,27.196 561.058,27.846 562.106,28.894 C563.154,29.942 563.803,30.938 564.346,32.338 C564.756,33.391 565.244,34.978 565.378,37.899 C565.522,41.056 565.552,42.003 565.552,50 C565.552,57.996 565.522,58.943 565.378,62.101 M570.82,37.631 C570.674,34.438 570.167,32.258 569.425,30.349 C568.659,28.377 567.633,26.702 565.965,25.035 C564.297,23.368 562.623,22.342 560.652,21.575 C558.743,20.834 556.562,20.326 553.369,20.18 C550.169,20.033 549.148,20 541,20 C532.853,20 531.831,20.033 528.631,20.18 C525.438,20.326 523.257,20.834 521.349,21.575 C519.376,22.342 517.703,23.368 516.035,25.035 C514.368,26.702 513.342,28.377 512.574,30.349 C511.834,32.258 511.326,34.438 511.181,37.631 C511.035,40.831 511,41.851 511,50 C511,58.147 511.035,59.17 511.181,62.369 C511.326,65.562 511.834,67.743 512.574,69.651 C513.342,71.625 514.368,73.296 516.035,74.965 C517.703,76.634 519.376,77.658 521.349,78.425 C523.257,79.167 525.438,79.673 528.631,79.82 C531.831,79.965 532.853,80.001 541,80.001 C549.148,80.001 550.169,79.965 553.369,79.82 C556.562,79.673 558.743,79.167 560.652,78.425 C562.623,77.658 564.297,76.634 565.965,74.965 C567.633,73.296 568.659,71.625 569.425,69.651 C570.167,67.743 570.674,65.562 570.82,62.369 C570.966,59.17 571,58.147 571,50 C571,41.851 570.966,40.831 570.82,37.631\"><\/path><\/g><\/svg><\/div><div style=\"padding-top: 8px;\"> <div style=\" color:#3897f0; font-family:Arial,sans-serif; font-size:14px; font-style:normal; font-weight:550; line-height:18px;\">Ver essa foto no Instagram<\/div><\/div><div style=\"padding: 12.5% 0;\"><\/div> <div style=\"display: flex; flex-direction: row; margin-bottom: 14px; align-items: center;\"><div> <div style=\"background-color: #F4F4F4; border-radius: 50%; height: 12.5px; width: 12.5px; transform: translateX(0px) translateY(7px);\"><\/div> <div style=\"background-color: #F4F4F4; height: 12.5px; transform: rotate(-45deg) translateX(3px) translateY(1px); width: 12.5px; flex-grow: 0; margin-right: 14px; margin-left: 2px;\"><\/div> <div style=\"background-color: #F4F4F4; border-radius: 50%; height: 12.5px; width: 12.5px; transform: translateX(9px) translateY(-18px);\"><\/div><\/div><div style=\"margin-left: 8px;\"> <div style=\" background-color: #F4F4F4; border-radius: 50%; flex-grow: 0; height: 20px; width: 20px;\"><\/div> <div style=\" width: 0; height: 0; border-top: 2px solid transparent; border-left: 6px solid #f4f4f4; border-bottom: 2px solid transparent; transform: translateX(16px) translateY(-4px) rotate(30deg)\"><\/div><\/div><div style=\"margin-left: auto;\"> <div style=\" width: 0px; border-top: 8px solid #F4F4F4; border-right: 8px solid transparent; transform: translateY(16px);\"><\/div> <div style=\" background-color: #F4F4F4; flex-grow: 0; height: 12px; width: 16px; transform: translateY(-4px);\"><\/div> <div style=\" width: 0; height: 0; border-top: 8px solid #F4F4F4; border-left: 8px solid transparent; transform: translateY(-4px) translateX(8px);\"><\/div><\/div><\/div> <div style=\"display: flex; flex-direction: column; flex-grow: 1; justify-content: center; margin-bottom: 24px;\"> <div style=\" background-color: #F4F4F4; border-radius: 4px; flex-grow: 0; height: 14px; margin-bottom: 6px; width: 224px;\"><\/div> <div style=\" background-color: #F4F4F4; border-radius: 4px; flex-grow: 0; height: 14px; width: 144px;\"><\/div><\/div><\/a><p style=\" color:#c9c8cd; font-family:Arial,sans-serif; font-size:14px; line-height:17px; margin-bottom:0; margin-top:8px; overflow:hidden; padding:8px 0 7px; text-align:center; text-overflow:ellipsis; white-space:nowrap;\"><a href=\"https:\/\/www.instagram.com\/reel\/DV0nIMcjm66\/?utm_source=ig_embed&amp;utm_campaign=loading\" style=\" color:#c9c8cd; font-family:Arial,sans-serif; font-size:14px; font-style:normal; font-weight:normal; line-height:17px; text-decoration:none;\" target=\"_blank\">Um post compartilhado por Cle\u0301cio Luis (@clecioluis_)<\/a><\/p><\/div><\/blockquote>\n<script async src=\"\/\/www.instagram.com\/embed.js\"><\/script>\n\n\n\n<p>Importante destacar que a secret\u00e1ria de Administra\u00e7\u00e3o do Amap\u00e1, <em>Cinthya Mendes<\/em>, <strong>j\u00e1 havia confirmado a publica\u00e7\u00e3o do novo edital SESA AP at\u00e9 maio.<\/strong><\/p>\n\n\n\n<p>A informa\u00e7\u00e3o foi divulgada durante entrevista concedida ao canal &#8220;<em><a href=\"https:\/\/www.youtube.com\/watch?v=yYy7NYyiVNk\" target=\"_blank\" rel=\"noreferrer noopener\">Luiz Melo Entrevista<\/a><\/em>&#8220;.<\/p>\n\n\n\n<p>Vale lembrar que a secret\u00e1ria j\u00e1 havia comentado sobre a contrata\u00e7\u00e3o da banca organizadora ocorrer em 2026.<\/p>\n\n\n\n<blockquote class=\"instagram-media\" data-instgrm-captioned data-instgrm-permalink=\"https:\/\/www.instagram.com\/reel\/DQo28ZGkU6Y\/?utm_source=ig_embed&amp;utm_campaign=loading\" data-instgrm-version=\"14\" style=\" background:#FFF; border:0; border-radius:3px; box-shadow:0 0 1px 0 rgba(0,0,0,0.5),0 1px 10px 0 rgba(0,0,0,0.15); margin: 1px; max-width:540px; min-width:326px; padding:0; width:99.375%; width:-webkit-calc(100% - 2px); width:calc(100% - 2px);\"><div style=\"padding:16px;\"> <a href=\"https:\/\/www.instagram.com\/reel\/DQo28ZGkU6Y\/?utm_source=ig_embed&amp;utm_campaign=loading\" style=\" background:#FFFFFF; line-height:0; padding:0 0; text-align:center; text-decoration:none; width:100%;\" target=\"_blank\"> <div style=\" display: flex; flex-direction: row; align-items: center;\"> <div style=\"background-color: #F4F4F4; border-radius: 50%; flex-grow: 0; height: 40px; margin-right: 14px; width: 40px;\"><\/div> <div style=\"display: flex; flex-direction: column; flex-grow: 1; justify-content: center;\"> <div style=\" background-color: #F4F4F4; border-radius: 4px; flex-grow: 0; height: 14px; margin-bottom: 6px; width: 100px;\"><\/div> <div style=\" background-color: #F4F4F4; border-radius: 4px; flex-grow: 0; height: 14px; width: 60px;\"><\/div><\/div><\/div><div style=\"padding: 19% 0;\"><\/div> <div style=\"display:block; height:50px; margin:0 auto 12px; width:50px;\"><svg width=\"50px\" height=\"50px\" viewBox=\"0 0 60 60\" version=\"1.1\" xmlns=\"https:\/\/www.w3.org\/2000\/svg\" xmlns:xlink=\"https:\/\/www.w3.org\/1999\/xlink\"><g stroke=\"none\" stroke-width=\"1\" fill=\"none\" fill-rule=\"evenodd\"><\/g><g transform=\"translate(-511.000000, -20.000000)\" fill=\"#000000\"><\/g><g><path d=\"M556.869,30.41 C554.814,30.41 553.148,32.076 553.148,34.131 C553.148,36.186 554.814,37.852 556.869,37.852 C558.924,37.852 560.59,36.186 560.59,34.131 C560.59,32.076 558.924,30.41 556.869,30.41 M541,60.657 C535.114,60.657 530.342,55.887 530.342,50 C530.342,44.114 535.114,39.342 541,39.342 C546.887,39.342 551.658,44.114 551.658,50 C551.658,55.887 546.887,60.657 541,60.657 M541,33.886 C532.1,33.886 524.886,41.1 524.886,50 C524.886,58.899 532.1,66.113 541,66.113 C549.9,66.113 557.115,58.899 557.115,50 C557.115,41.1 549.9,33.886 541,33.886 M565.378,62.101 C565.244,65.022 564.756,66.606 564.346,67.663 C563.803,69.06 563.154,70.057 562.106,71.106 C561.058,72.155 560.06,72.803 558.662,73.347 C557.607,73.757 556.021,74.244 553.102,74.378 C549.944,74.521 548.997,74.552 541,74.552 C533.003,74.552 532.056,74.521 528.898,74.378 C525.979,74.244 524.393,73.757 523.338,73.347 C521.94,72.803 520.942,72.155 519.894,71.106 C518.846,70.057 518.197,69.06 517.654,67.663 C517.244,66.606 516.755,65.022 516.623,62.101 C516.479,58.943 516.448,57.996 516.448,50 C516.448,42.003 516.479,41.056 516.623,37.899 C516.755,34.978 517.244,33.391 517.654,32.338 C518.197,30.938 518.846,29.942 519.894,28.894 C520.942,27.846 521.94,27.196 523.338,26.654 C524.393,26.244 525.979,25.756 528.898,25.623 C532.057,25.479 533.004,25.448 541,25.448 C548.997,25.448 549.943,25.479 553.102,25.623 C556.021,25.756 557.607,26.244 558.662,26.654 C560.06,27.196 561.058,27.846 562.106,28.894 C563.154,29.942 563.803,30.938 564.346,32.338 C564.756,33.391 565.244,34.978 565.378,37.899 C565.522,41.056 565.552,42.003 565.552,50 C565.552,57.996 565.522,58.943 565.378,62.101 M570.82,37.631 C570.674,34.438 570.167,32.258 569.425,30.349 C568.659,28.377 567.633,26.702 565.965,25.035 C564.297,23.368 562.623,22.342 560.652,21.575 C558.743,20.834 556.562,20.326 553.369,20.18 C550.169,20.033 549.148,20 541,20 C532.853,20 531.831,20.033 528.631,20.18 C525.438,20.326 523.257,20.834 521.349,21.575 C519.376,22.342 517.703,23.368 516.035,25.035 C514.368,26.702 513.342,28.377 512.574,30.349 C511.834,32.258 511.326,34.438 511.181,37.631 C511.035,40.831 511,41.851 511,50 C511,58.147 511.035,59.17 511.181,62.369 C511.326,65.562 511.834,67.743 512.574,69.651 C513.342,71.625 514.368,73.296 516.035,74.965 C517.703,76.634 519.376,77.658 521.349,78.425 C523.257,79.167 525.438,79.673 528.631,79.82 C531.831,79.965 532.853,80.001 541,80.001 C549.148,80.001 550.169,79.965 553.369,79.82 C556.562,79.673 558.743,79.167 560.652,78.425 C562.623,77.658 564.297,76.634 565.965,74.965 C567.633,73.296 568.659,71.625 569.425,69.651 C570.167,67.743 570.674,65.562 570.82,62.369 C570.966,59.17 571,58.147 571,50 C571,41.851 570.966,40.831 570.82,37.631\"><\/path><\/g><\/svg><\/div><div style=\"padding-top: 8px;\"> <div style=\" color:#3897f0; font-family:Arial,sans-serif; font-size:14px; font-style:normal; font-weight:550; line-height:18px;\">Ver essa foto no Instagram<\/div><\/div><div style=\"padding: 12.5% 0;\"><\/div> <div style=\"display: flex; flex-direction: row; margin-bottom: 14px; align-items: center;\"><div> <div style=\"background-color: #F4F4F4; border-radius: 50%; height: 12.5px; width: 12.5px; transform: translateX(0px) translateY(7px);\"><\/div> <div style=\"background-color: #F4F4F4; height: 12.5px; transform: rotate(-45deg) translateX(3px) translateY(1px); width: 12.5px; flex-grow: 0; margin-right: 14px; margin-left: 2px;\"><\/div> <div style=\"background-color: #F4F4F4; border-radius: 50%; height: 12.5px; width: 12.5px; transform: translateX(9px) translateY(-18px);\"><\/div><\/div><div style=\"margin-left: 8px;\"> <div style=\" background-color: #F4F4F4; border-radius: 50%; flex-grow: 0; height: 20px; width: 20px;\"><\/div> <div style=\" width: 0; height: 0; border-top: 2px solid transparent; border-left: 6px solid #f4f4f4; border-bottom: 2px solid transparent; transform: translateX(16px) translateY(-4px) rotate(30deg)\"><\/div><\/div><div style=\"margin-left: auto;\"> <div style=\" width: 0px; border-top: 8px solid #F4F4F4; border-right: 8px solid transparent; transform: translateY(16px);\"><\/div> <div style=\" background-color: #F4F4F4; flex-grow: 0; height: 12px; width: 16px; transform: translateY(-4px);\"><\/div> <div style=\" width: 0; height: 0; border-top: 8px solid #F4F4F4; border-left: 8px solid transparent; transform: translateY(-4px) translateX(8px);\"><\/div><\/div><\/div> <div style=\"display: flex; flex-direction: column; flex-grow: 1; justify-content: center; margin-bottom: 24px;\"> <div style=\" background-color: #F4F4F4; border-radius: 4px; flex-grow: 0; height: 14px; margin-bottom: 6px; width: 224px;\"><\/div> <div style=\" background-color: #F4F4F4; border-radius: 4px; flex-grow: 0; height: 14px; width: 144px;\"><\/div><\/div><\/a><p style=\" color:#c9c8cd; font-family:Arial,sans-serif; font-size:14px; line-height:17px; margin-bottom:0; margin-top:8px; overflow:hidden; padding:8px 0 7px; text-align:center; text-overflow:ellipsis; white-space:nowrap;\"><a href=\"https:\/\/www.instagram.com\/reel\/DQo28ZGkU6Y\/?utm_source=ig_embed&amp;utm_campaign=loading\" style=\" color:#c9c8cd; font-family:Arial,sans-serif; font-size:14px; font-style:normal; font-weight:normal; line-height:17px; text-decoration:none;\" target=\"_blank\">Uma publica\u00e7\u00e3o compartilhada por CHARLIECAST PODCAST (@charliecast32)<\/a><\/p><\/div><\/blockquote>\n<script async src=\"\/\/www.instagram.com\/embed.js\"><\/script>\n\n\n\n<h3 class=\"wp-block-heading\">Comiss\u00e3o formada<\/h3>\n\n\n\n<p>Em dezembro de 2024, foi oficialmente constitu\u00edda a comiss\u00e3o organizadora do novo concurso p\u00fablico SESA AP.<\/p>\n\n\n\n<p>O documento foi publicado no Di\u00e1rio Oficial do Estado. Veja abaixo a composi\u00e7\u00e3o dos membros na \u00edntegra!<\/p>\n\n\n\n<ul class=\"wp-block-list\">\n<li><a href=\"https:\/\/dhg1h5j42swfq.cloudfront.net\/2024\/12\/20003330\/diariooficial-3.pdf\" target=\"_blank\" rel=\"noreferrer noopener nofollow\">Comiss\u00e3o do concurso SESA AP<\/a><\/li>\n<\/ul>\n\n\n\n<p>Em 24 de outubro de 2025, foi publicado o decreto no di\u00e1rio oficial do Amap\u00e1 alterando a comiss\u00e3o organizadora da nova sele\u00e7\u00e3o.<\/p>\n\n\n\n<ul class=\"wp-block-list\">\n<li><a href=\"https:\/\/dhg1h5j42swfq.cloudfront.net\/2025\/10\/24232027\/comissao.pdf\" target=\"_blank\" rel=\"noreferrer noopener nofollow\">Novos membros da comiss\u00e3o<\/a><\/li>\n<\/ul>\n\n\n\n<h3 class=\"wp-block-heading\" id=\"informacoes\">Informa\u00e7\u00f5es do edital SESA AP<\/h3>\n\n\n\n<p>De acordo com entrevista exclusiva com a Secret\u00e1ria Adjunta de Aten\u00e7\u00e3o \u00e0 Sa\u00fade, T\u00e2nia Regina Vilhena, o novo concurso SESA AP pode ofertar <strong>at\u00e9 3 mil vagas<\/strong>.<\/p>\n\n\n\n<p>A expectativa \u00e9 oferecer <strong>de 2.500 a 3.000 oportunidades para os n\u00edveis m\u00e9dio e superior<\/strong>. A maior car\u00eancia encontra-se nas \u00e1reas de enfermagem, fisioterapia, t\u00e9cnicos em enfermagem, psic\u00f3logos, assistente social, fonoaudi\u00f3logos, terapeutas ocupacionais, al\u00e9m do corpo de apoio.<\/p>\n\n\n\n<p>Os aprovados ser\u00e3o lotados em, pelo menos, 8 unidades. Al\u00e9m disso, est\u00e1 em andamento a constru\u00e7\u00e3o de um novo hospital de emerg\u00eancia, o qual deve exigir um grande n\u00famero de profissionais.<\/p>\n\n\n\n<h2 class=\"wp-block-heading\" id=\"ultimo-concurso\">Concurso SESA AP: \u00faltimo edital &#8211; 2012<\/h2>\n\n\n\n<p>Em 2012, a Secretaria de Sa\u00fade do Amap\u00e1 realizou seu \u00faltimo concurso p\u00fablico, sob organiza\u00e7\u00e3o da Funda\u00e7\u00e3o Universa, com oferta de 1.593 vagas para diversos cargos.<\/p>\n\n\n\n<p>As oportunidades foram distribu\u00eddas entre v\u00e1rias lota\u00e7\u00f5es para candidatos de n\u00edveis m\u00e9dio e superior, contemplando diferentes especialidades. Os sal\u00e1rios, na \u00e9poca, variavam de R$ 1.747,46 a R$ 6.112,98.<\/p>\n\n\n\n<ul class=\"wp-block-list\">\n<li><strong>Data<\/strong>: 2012<\/li>\n\n\n\n<li><strong>Vagas<\/strong>: 1.593<\/li>\n\n\n\n<li><strong>Cargos<\/strong>: diversos<\/li>\n\n\n\n<li><strong>Escolaridade<\/strong>: n\u00edvel m\u00e9dio e superior<\/li>\n\n\n\n<li><strong>Banca<\/strong>: Funda\u00e7\u00e3o Universa<\/li>\n\n\n\n<li><strong>Edital<\/strong>: <a href=\"https:\/\/dhg1h5j42swfq.cloudfront.net\/2023\/09\/22102722\/edital-2012-sesa-ap.pdf\" target=\"_blank\" rel=\"noreferrer noopener nofollow\">Edital SESA AP-2012<\/a><\/li>\n<\/ul>\n\n\n\n<h3 class=\"wp-block-heading\" id=\"cargos-ultimo\">Cargos e vagas<\/h3>\n\n\n\n<p><strong>N\u00edvel superior<\/strong><\/p>\n\n\n\n<ul class=\"wp-block-list\">\n<li>M\u00e9dico<\/li>\n\n\n\n<li>Odont\u00f3logo<\/li>\n\n\n\n<li>Assistente Social<\/li>\n\n\n\n<li>Terapeuta Ocupacional<\/li>\n\n\n\n<li>Enfermeiro<\/li>\n\n\n\n<li>Farmac\u00eautico<\/li>\n\n\n\n<li>Fisioterapeuta<\/li>\n\n\n\n<li>Fonoaudi\u00f3logo<\/li>\n\n\n\n<li>Nutricionista<\/li>\n\n\n\n<li>Psic\u00f3logo Clinico<\/li>\n\n\n\n<li>Farmac\u00eautico Bioqu\u00edmico<\/li>\n\n\n\n<li>Bi\u00f3logo<\/li>\n\n\n\n<li>Biom\u00e9dico<\/li>\n<\/ul>\n\n\n\n<p><strong>N\u00edvel m\u00e9dio<\/strong><\/p>\n\n\n\n<ul class=\"wp-block-list\">\n<li>Tecn\u00f3logo em Radiologia<\/li>\n\n\n\n<li>M\u00e9dico Veterin\u00e1rio<\/li>\n\n\n\n<li>Fiscal de Vigil\u00e2ncia Sanit\u00e1ria<\/li>\n\n\n\n<li>Radio Operador de Central de Regula\u00e7\u00e3o M\u00e9dica<\/li>\n\n\n\n<li>T\u00e9cnico Enfermagem<\/li>\n\n\n\n<li>T\u00e9cnico em Pr\u00f3tese Dent\u00e1ria<\/li>\n\n\n\n<li>T\u00e9cnico em Higiene Dental<\/li>\n\n\n\n<li>T\u00e9cnico em Nutri\u00e7\u00e3o e Diet\u00e9tica<\/li>\n\n\n\n<li>Telefonista Auxiliar de Regulamenta\u00e7\u00e3o M\u00e9dica<\/li>\n\n\n\n<li>Condutor de Veiculo de Urg\u00eancia &#8211; Terrestre<\/li>\n\n\n\n<li>Condutor de Ve\u00edculos de Urg\u00eancia &#8211; Mar\u00edtimo<\/li>\n\n\n\n<li>T\u00e9cnico em Laborat\u00f3rio<\/li>\n\n\n\n<li>T\u00e9cnico em Radiologia<\/li>\n\n\n\n<li>T\u00e9cnico em Seguran\u00e7a do Trabalho<\/li>\n\n\n\n<li>T\u00e9cnico em Patologia<\/li>\n<\/ul>\n\n\n\n<h3 class=\"wp-block-heading\" id=\"etapas-ultimo\">Etapas e provas<\/h3>\n\n\n\n<p>De acordo com o edital SESA AP, o concurso consistiu de uma \u00fanica etapa, composta de <strong>Prova Objetiva<\/strong>, de car\u00e1ter eliminat\u00f3rio e classificat\u00f3rio.<\/p>\n\n\n\n<p>A avalia\u00e7\u00e3o foi constitu\u00edda de 50 quest\u00f5es de m\u00faltipla escolha (cinco alternativas) e e pontua\u00e7\u00e3o total variando entre o m\u00ednimo de 0,00 ponto e o m\u00e1ximo de 50,00 pontos.<\/p>\n\n\n\n<ul class=\"wp-block-list\">\n<li>L\u00edngua Portuguesa<\/li>\n\n\n\n<li>Sistema \u00danico de Sa\u00fade<\/li>\n\n\n\n<li>Atualidades<\/li>\n\n\n\n<li>Conhecimentos Espec\u00edficos<\/li>\n<\/ul>\n\n\n\n<p>Foi reprovado na prova objetiva e eliminado do concurso p\u00fablico o candidato que obteve pontua\u00e7\u00e3o inferior a:<\/p>\n\n\n\n<ul class=\"wp-block-list\">\n<li>a) 50% do m\u00e1ximo de pontos poss\u00edveis na prova objetiva de conhecimentos b\u00e1sicos;<\/li>\n\n\n\n<li>b) 50% do m\u00e1ximo de pontos poss\u00edveis na prova objetiva de conhecimentos espec\u00edficos.<\/li>\n<\/ul>\n\n\n\n<hr class=\"wp-block-separator has-alpha-channel-opacity\"\/>\n\n\n\n<h2 class=\"wp-block-heading has-text-align-center\" id=\"h-quer-saber-tudo-sobre-concursos-previstos-confira-nossos-artigos\">Quer saber tudo sobre concursos previstos?<br \/>Confira nossos artigos!<\/h2>\n\n\n\n<ul class=\"wp-block-list\">\n<li><a href=\"https:\/\/www.estrategiaconcursos.com.br\/blog\/concursos-abertos\/\" target=\"_blank\" rel=\"noreferrer noopener\">Concursos abertos<\/a><\/li>\n\n\n\n<li><a href=\"https:\/\/www.estrategiaconcursos.com.br\/blog\/concursos-2026\/\" target=\"_blank\" rel=\"noreferrer noopener\">Concursos 2026<\/a><\/li>\n\n\n\n<li><a href=\"https:\/\/www.estrategiaconcursos.com.br\/blog\/concursos-area-da-saude\/\" target=\"_blank\" rel=\"noreferrer noopener\">Concursos sa\u00fade<\/a><\/li>\n<\/ul>\n\n\n\n<h2 class=\"wp-block-heading has-text-align-center\" id=\"cursos\">Quer estudar para o concurso SESA AP?<\/h2>\n\n\n\n<div class=\"container\" id=\"boxes\">\n  <div class=\"row\">\n\n    <div class=\"col-sm\">\n      <div class=\"banner-residencia-medica\" id=\"box-assinatura\">\n        <h2 class=\"titulo-assinatura\">Concurso SESA AP<\/h2>\n        <p class=\"subtitulo-assinatura\">Prepare-se para sua carreira na SESA AP!<\/p>\n        <div class=\"box-botao\">\n          <a class=\"btn-assinatura\" target=\"_blank\" href=\"https:\/\/www.estrategiaconcursos.com.br\/cursosPorConcurso\/secretaria-de-estado-de-saude-do-amapa-sesa-ap\/\" role=\"button\" rel=\"noopener noreferrer\">VER CURSOS<\/a>\n        <\/div>\n      <\/div>\n      \n    <\/div>\n\n  <\/div>\n<\/div>\n\n\n\n<div class=\"container\" id=\"boxes\">\n  <div class=\"row\">\n\n    <div class=\"col-sm\">\n      <div class=\"estrategia\" id=\"box-assinatura\">\n        <h3 class=\"titulo-assinatura\">Assinatura de Concursos<\/h3>\n        <p class=\"subtitulo-assinatura\">Assinatura de 1 ano ou 2 anos<\/p>\n        <div class=\"box-botao\">\n          <a class=\"btn-assinatura\" target=\"_blank\" href=\"https:\/\/www.estrategiaconcursos.com.br\/assinaturas\/\" role=\"button\" rel=\"noopener noreferrer\">ASSINE AGORA<\/a>\n        <\/div>\n      <\/div>\n     \n    <\/div><\/div><\/div>\n\n\n\n<figure class=\"wp-block-image size-large is-resized\"><img loading=\"lazy\" decoding=\"async\" width=\"1024\" height=\"632\" src=\"https:\/\/dhg1h5j42swfq.cloudfront.net\/2021\/04\/23164554\/ficha-tecnica-168-1024x632.png\" alt=\"ficha t\u00e9cnica \" class=\"wp-image-722027\" style=\"width:259px;height:159px\" srcset=\"https:\/\/dhg1h5j42swfq.cloudfront.net\/2021\/04\/23164554\/ficha-tecnica-168-1024x632.png 1024w, https:\/\/dhg1h5j42swfq.cloudfront.net\/2021\/04\/23164554\/ficha-tecnica-168-300x185.png 300w, https:\/\/dhg1h5j42swfq.cloudfront.net\/2021\/04\/23164554\/ficha-tecnica-168-768x474.png 768w, https:\/\/dhg1h5j42swfq.cloudfront.net\/2021\/04\/23164554\/ficha-tecnica-168-1536x948.png 1536w, https:\/\/dhg1h5j42swfq.cloudfront.net\/2021\/04\/23164554\/ficha-tecnica-168-610x377.png 610w, https:\/\/dhg1h5j42swfq.cloudfront.net\/2021\/04\/23164554\/ficha-tecnica-168.png 1571w\" sizes=\"auto, (max-width: 1024px) 100vw, 1024px\" \/><\/figure>\n\n\n\n<h3 class=\"wp-block-heading\" id=\"ficha\">Informa\u00e7\u00f5es sobre o&nbsp;concurso SESA AP<\/h3>\n\n\n\n<ul class=\"wp-block-list\">\n<li><strong>Data prevista<\/strong>: 2026<\/li>\n\n\n\n<li><strong>Vagas<\/strong>: 1.800 CR<\/li>\n\n\n\n<li><strong>Cargos<\/strong>: diversos<\/li>\n\n\n\n<li><strong>Escolaridade<\/strong>: n\u00edvel m\u00e9dio e superior<\/li>\n\n\n\n<li><strong>Banca<\/strong>: a definir<\/li>\n\n\n\n<li><strong>\u00daltimo edital<\/strong>: <a href=\"https:\/\/dhg1h5j42swfq.cloudfront.net\/2023\/09\/22102722\/edital-2012-sesa-ap.pdf\" target=\"_blank\" rel=\"noreferrer noopener nofollow\">Edital SESA AP-2012<\/a><\/li>\n<\/ul>\n","protected":false},"excerpt":{"rendered":"<p>Novo edital do concurso SESA AP \u00e9 previsto para maio de 2026. Contrata\u00e7\u00e3o da banca em andamento! O pr\u00f3ximo concurso SESA AP (Secretaria de Estado da Sa\u00fade do Amap\u00e1) deve ser realizado em breve. Em entrevista exclusiva ao Estrat\u00e9gia, a secret\u00e1ria de Administra\u00e7\u00e3o, Cinthya Mendes, confirmou a defini\u00e7\u00e3o da banca at\u00e9 o fim de abril [&hellip;]<\/p>\n","protected":false},"author":1,"featured_media":1281614,"comment_status":"open","ping_status":"closed","sticky":false,"template":"","format":"standard","meta":{"post_tipo":"news_page","footnotes":""},"categories":[1981],"tags":[],"tax_estado":[219967],"class_list":["post-1281563","post","type-post","status-publish","format-standard","has-post-thumbnail","hentry","category-saude","tax_estado-ap"],"acf":[],"yoast_head":"<!-- This site is optimized with the Yoast SEO Premium plugin v27.2 (Yoast SEO v27.2) - https:\/\/yoast.com\/product\/yoast-seo-premium-wordpress\/ -->\n<title>Concurso SESA AP: edital em maio! 1,8 mil vagas em CR<\/title>\n<meta name=\"description\" content=\"Concurso SESA AP \u00e9 autorizado e prev\u00ea 1.800 vagas em CR! Processo de contrata\u00e7\u00e3o da banca est\u00e1 em andamento. Confira os detalhes!\" \/>\n<meta name=\"robots\" content=\"index, follow, max-snippet:-1, max-image-preview:large, max-video-preview:-1\" \/>\n<link rel=\"canonical\" href=\"https:\/\/www.estrategiaconcursos.com.br\/blog\/concurso-sesa-ap\/\" \/>\n<meta property=\"og:locale\" content=\"pt_BR\" \/>\n<meta property=\"og:type\" content=\"article\" \/>\n<meta property=\"og:title\" content=\"Concurso SESA AP: edital em maio! 1,8 mil vagas em CR\" \/>\n<meta property=\"og:description\" content=\"Concurso SESA AP \u00e9 autorizado e prev\u00ea 1.800 vagas em CR! Processo de contrata\u00e7\u00e3o da banca est\u00e1 em andamento. Confira os detalhes!\" \/>\n<meta property=\"og:url\" content=\"https:\/\/www.estrategiaconcursos.com.br\/blog\/concurso-sesa-ap\/\" \/>\n<meta property=\"og:site_name\" content=\"Estrat\u00e9gia Concursos\" \/>\n<meta property=\"article:author\" content=\"https:\/\/www.facebook.com\/EstrategiaConcursos\" \/>\n<meta property=\"article:published_time\" content=\"2026-04-13T22:18:38+00:00\" \/>\n<meta property=\"article:modified_time\" content=\"2026-04-14T23:42:31+00:00\" \/>\n<meta property=\"og:image\" content=\"https:\/\/dhg1h5j42swfq.cloudfront.net\/2023\/09\/22104334\/sesa-ap-1.jpg\" \/>\n\t<meta property=\"og:image:width\" content=\"768\" \/>\n\t<meta property=\"og:image:height\" content=\"432\" \/>\n\t<meta property=\"og:image:type\" content=\"image\/jpeg\" \/>\n<meta name=\"author\" content=\"Coordena\u00e7\u00e3o\" \/>\n<meta name=\"twitter:card\" content=\"summary_large_image\" \/>\n<meta name=\"twitter:creator\" content=\"@EstratConcursos\" \/>\n<meta name=\"twitter:site\" content=\"@EstratConcursos\" \/>\n<meta name=\"twitter:label1\" content=\"Escrito por\" \/>\n\t<meta name=\"twitter:data1\" content=\"Coordena\u00e7\u00e3o\" \/>\n\t<meta name=\"twitter:label2\" content=\"Est. tempo de leitura\" \/>\n\t<meta name=\"twitter:data2\" content=\"7 minutos\" \/>\n<script type=\"application\/ld+json\" class=\"yoast-schema-graph\">{\"@context\":\"https:\/\/schema.org\",\"@graph\":[{\"@type\":\"NewsArticle\",\"@id\":\"https:\/\/www.estrategiaconcursos.com.br\/blog\/concurso-sesa-ap\/#article\",\"isPartOf\":{\"@id\":\"https:\/\/www.estrategiaconcursos.com.br\/blog\/concurso-sesa-ap\/\"},\"author\":{\"name\":\"Coordena\u00e7\u00e3o\",\"@id\":\"https:\/\/www.estrategiaconcursos.com.br\/blog\/#\/schema\/person\/b4a388c97673c5f483d72185668afa1f\"},\"headline\":\"Concurso SESA AP: edital em maio! 1,8 mil vagas em CR\",\"datePublished\":\"2026-04-13T22:18:38+00:00\",\"dateModified\":\"2026-04-14T23:42:31+00:00\",\"mainEntityOfPage\":{\"@id\":\"https:\/\/www.estrategiaconcursos.com.br\/blog\/concurso-sesa-ap\/\"},\"wordCount\":1450,\"commentCount\":0,\"publisher\":{\"@id\":\"https:\/\/www.estrategiaconcursos.com.br\/blog\/#organization\"},\"image\":{\"@id\":\"https:\/\/www.estrategiaconcursos.com.br\/blog\/concurso-sesa-ap\/#primaryimage\"},\"thumbnailUrl\":\"https:\/\/dhg1h5j42swfq.cloudfront.net\/2023\/09\/22104334\/sesa-ap-1.jpg\",\"articleSection\":[\"Sa\u00fade\"],\"inLanguage\":\"pt-BR\",\"potentialAction\":[{\"@type\":\"CommentAction\",\"name\":\"Comment\",\"target\":[\"https:\/\/www.estrategiaconcursos.com.br\/blog\/concurso-sesa-ap\/#respond\"]}],\"copyrightYear\":\"2026\",\"copyrightHolder\":{\"@id\":\"https:\/\/www.estrategiaconcursos.com.br\/blog\/#organization\"}},{\"@type\":\"WebPage\",\"@id\":\"https:\/\/www.estrategiaconcursos.com.br\/blog\/concurso-sesa-ap\/\",\"url\":\"https:\/\/www.estrategiaconcursos.com.br\/blog\/concurso-sesa-ap\/\",\"name\":\"Concurso SESA AP: edital em maio! 1,8 mil vagas em CR\",\"isPartOf\":{\"@id\":\"https:\/\/www.estrategiaconcursos.com.br\/blog\/#website\"},\"primaryImageOfPage\":{\"@id\":\"https:\/\/www.estrategiaconcursos.com.br\/blog\/concurso-sesa-ap\/#primaryimage\"},\"image\":{\"@id\":\"https:\/\/www.estrategiaconcursos.com.br\/blog\/concurso-sesa-ap\/#primaryimage\"},\"thumbnailUrl\":\"https:\/\/dhg1h5j42swfq.cloudfront.net\/2023\/09\/22104334\/sesa-ap-1.jpg\",\"datePublished\":\"2026-04-13T22:18:38+00:00\",\"dateModified\":\"2026-04-14T23:42:31+00:00\",\"description\":\"Concurso SESA AP \u00e9 autorizado e prev\u00ea 1.800 vagas em CR! Processo de contrata\u00e7\u00e3o da banca est\u00e1 em andamento. Confira os detalhes!\",\"breadcrumb\":{\"@id\":\"https:\/\/www.estrategiaconcursos.com.br\/blog\/concurso-sesa-ap\/#breadcrumb\"},\"inLanguage\":\"pt-BR\",\"potentialAction\":[{\"@type\":\"ReadAction\",\"target\":[\"https:\/\/www.estrategiaconcursos.com.br\/blog\/concurso-sesa-ap\/\"]}]},{\"@type\":\"ImageObject\",\"inLanguage\":\"pt-BR\",\"@id\":\"https:\/\/www.estrategiaconcursos.com.br\/blog\/concurso-sesa-ap\/#primaryimage\",\"url\":\"https:\/\/dhg1h5j42swfq.cloudfront.net\/2023\/09\/22104334\/sesa-ap-1.jpg\",\"contentUrl\":\"https:\/\/dhg1h5j42swfq.cloudfront.net\/2023\/09\/22104334\/sesa-ap-1.jpg\",\"width\":768,\"height\":432,\"caption\":\"concurso SESA AP\"},{\"@type\":\"BreadcrumbList\",\"@id\":\"https:\/\/www.estrategiaconcursos.com.br\/blog\/concurso-sesa-ap\/#breadcrumb\",\"itemListElement\":[{\"@type\":\"ListItem\",\"position\":1,\"name\":\"In\u00edcio\",\"item\":\"https:\/\/www.estrategiaconcursos.com.br\/blog\/\"},{\"@type\":\"ListItem\",\"position\":2,\"name\":\"Concurso SESA AP: edital em maio! 1,8 mil vagas em CR\"}]},{\"@type\":\"WebSite\",\"@id\":\"https:\/\/www.estrategiaconcursos.com.br\/blog\/#website\",\"url\":\"https:\/\/www.estrategiaconcursos.com.br\/blog\/\",\"name\":\"Estrat\u00e9gia Concursos\",\"description\":\"O blog da Estrat\u00e9gia Concursos traz not\u00edcias sobre concursos e artigos de professores oferecendo cursos para concursos (pdf + videaulas) no site.\",\"publisher\":{\"@id\":\"https:\/\/www.estrategiaconcursos.com.br\/blog\/#organization\"},\"potentialAction\":[{\"@type\":\"SearchAction\",\"target\":{\"@type\":\"EntryPoint\",\"urlTemplate\":\"https:\/\/www.estrategiaconcursos.com.br\/blog\/?s={search_term_string}\"},\"query-input\":{\"@type\":\"PropertyValueSpecification\",\"valueRequired\":true,\"valueName\":\"search_term_string\"}}],\"inLanguage\":\"pt-BR\"},{\"@type\":\"Organization\",\"@id\":\"https:\/\/www.estrategiaconcursos.com.br\/blog\/#organization\",\"name\":\"Estrat\u00e9gia Concursos\",\"url\":\"https:\/\/www.estrategiaconcursos.com.br\/blog\/\",\"logo\":{\"@type\":\"ImageObject\",\"inLanguage\":\"pt-BR\",\"@id\":\"https:\/\/www.estrategiaconcursos.com.br\/blog\/#\/schema\/logo\/image\/\",\"url\":\"https:\/\/dhg1h5j42swfq.cloudfront.net\/2025\/06\/03203428\/logo_concursos-1.jpg\",\"contentUrl\":\"https:\/\/dhg1h5j42swfq.cloudfront.net\/2025\/06\/03203428\/logo_concursos-1.jpg\",\"width\":230,\"height\":60,\"caption\":\"Estrat\u00e9gia Concursos\"},\"image\":{\"@id\":\"https:\/\/www.estrategiaconcursos.com.br\/blog\/#\/schema\/logo\/image\/\"},\"sameAs\":[\"https:\/\/x.com\/EstratConcursos\"]},{\"@type\":\"Person\",\"@id\":\"https:\/\/www.estrategiaconcursos.com.br\/blog\/#\/schema\/person\/b4a388c97673c5f483d72185668afa1f\",\"name\":\"Coordena\u00e7\u00e3o\",\"image\":{\"@type\":\"ImageObject\",\"inLanguage\":\"pt-BR\",\"@id\":\"https:\/\/secure.gravatar.com\/avatar\/b720319e4c9a967eb58678d110f4fe35452fc5d5f97b202bac7b8acceb18c6ad?s=96&d=mm&r=g\",\"url\":\"https:\/\/secure.gravatar.com\/avatar\/b720319e4c9a967eb58678d110f4fe35452fc5d5f97b202bac7b8acceb18c6ad?s=96&d=mm&r=g\",\"contentUrl\":\"https:\/\/secure.gravatar.com\/avatar\/b720319e4c9a967eb58678d110f4fe35452fc5d5f97b202bac7b8acceb18c6ad?s=96&d=mm&r=g\",\"caption\":\"Coordena\u00e7\u00e3o\"},\"sameAs\":[\"https:\/\/www.facebook.com\/EstrategiaConcursos\",\"https:\/\/x.com\/EstratConcursos\"],\"url\":\"https:\/\/www.estrategiaconcursos.com.br\/blog\/author\/estrategia2013\/\"}]}<\/script>\n<!-- \/ Yoast SEO Premium plugin. -->","yoast_head_json":{"title":"Concurso SESA AP: edital em maio! 1,8 mil vagas em CR","description":"Concurso SESA AP \u00e9 autorizado e prev\u00ea 1.800 vagas em CR! Processo de contrata\u00e7\u00e3o da banca est\u00e1 em andamento. Confira os detalhes!","robots":{"index":"index","follow":"follow","max-snippet":"max-snippet:-1","max-image-preview":"max-image-preview:large","max-video-preview":"max-video-preview:-1"},"canonical":"https:\/\/www.estrategiaconcursos.com.br\/blog\/concurso-sesa-ap\/","og_locale":"pt_BR","og_type":"article","og_title":"Concurso SESA AP: edital em maio! 1,8 mil vagas em CR","og_description":"Concurso SESA AP \u00e9 autorizado e prev\u00ea 1.800 vagas em CR! Processo de contrata\u00e7\u00e3o da banca est\u00e1 em andamento. Confira os detalhes!","og_url":"https:\/\/www.estrategiaconcursos.com.br\/blog\/concurso-sesa-ap\/","og_site_name":"Estrat\u00e9gia Concursos","article_author":"https:\/\/www.facebook.com\/EstrategiaConcursos","article_published_time":"2026-04-13T22:18:38+00:00","article_modified_time":"2026-04-14T23:42:31+00:00","og_image":[{"width":768,"height":432,"url":"https:\/\/dhg1h5j42swfq.cloudfront.net\/2023\/09\/22104334\/sesa-ap-1.jpg","type":"image\/jpeg"}],"author":"Coordena\u00e7\u00e3o","twitter_card":"summary_large_image","twitter_creator":"@EstratConcursos","twitter_site":"@EstratConcursos","twitter_misc":{"Escrito por":"Coordena\u00e7\u00e3o","Est. tempo de leitura":"7 minutos"},"schema":{"@context":"https:\/\/schema.org","@graph":[{"@type":"NewsArticle","@id":"https:\/\/www.estrategiaconcursos.com.br\/blog\/concurso-sesa-ap\/#article","isPartOf":{"@id":"https:\/\/www.estrategiaconcursos.com.br\/blog\/concurso-sesa-ap\/"},"author":{"name":"Coordena\u00e7\u00e3o","@id":"https:\/\/www.estrategiaconcursos.com.br\/blog\/#\/schema\/person\/b4a388c97673c5f483d72185668afa1f"},"headline":"Concurso SESA AP: edital em maio! 1,8 mil vagas em CR","datePublished":"2026-04-13T22:18:38+00:00","dateModified":"2026-04-14T23:42:31+00:00","mainEntityOfPage":{"@id":"https:\/\/www.estrategiaconcursos.com.br\/blog\/concurso-sesa-ap\/"},"wordCount":1450,"commentCount":0,"publisher":{"@id":"https:\/\/www.estrategiaconcursos.com.br\/blog\/#organization"},"image":{"@id":"https:\/\/www.estrategiaconcursos.com.br\/blog\/concurso-sesa-ap\/#primaryimage"},"thumbnailUrl":"https:\/\/dhg1h5j42swfq.cloudfront.net\/2023\/09\/22104334\/sesa-ap-1.jpg","articleSection":["Sa\u00fade"],"inLanguage":"pt-BR","potentialAction":[{"@type":"CommentAction","name":"Comment","target":["https:\/\/www.estrategiaconcursos.com.br\/blog\/concurso-sesa-ap\/#respond"]}],"copyrightYear":"2026","copyrightHolder":{"@id":"https:\/\/www.estrategiaconcursos.com.br\/blog\/#organization"}},{"@type":"WebPage","@id":"https:\/\/www.estrategiaconcursos.com.br\/blog\/concurso-sesa-ap\/","url":"https:\/\/www.estrategiaconcursos.com.br\/blog\/concurso-sesa-ap\/","name":"Concurso SESA AP: edital em maio! 1,8 mil vagas em CR","isPartOf":{"@id":"https:\/\/www.estrategiaconcursos.com.br\/blog\/#website"},"primaryImageOfPage":{"@id":"https:\/\/www.estrategiaconcursos.com.br\/blog\/concurso-sesa-ap\/#primaryimage"},"image":{"@id":"https:\/\/www.estrategiaconcursos.com.br\/blog\/concurso-sesa-ap\/#primaryimage"},"thumbnailUrl":"https:\/\/dhg1h5j42swfq.cloudfront.net\/2023\/09\/22104334\/sesa-ap-1.jpg","datePublished":"2026-04-13T22:18:38+00:00","dateModified":"2026-04-14T23:42:31+00:00","description":"Concurso SESA AP \u00e9 autorizado e prev\u00ea 1.800 vagas em CR! Processo de contrata\u00e7\u00e3o da banca est\u00e1 em andamento. Confira os detalhes!","breadcrumb":{"@id":"https:\/\/www.estrategiaconcursos.com.br\/blog\/concurso-sesa-ap\/#breadcrumb"},"inLanguage":"pt-BR","potentialAction":[{"@type":"ReadAction","target":["https:\/\/www.estrategiaconcursos.com.br\/blog\/concurso-sesa-ap\/"]}]},{"@type":"ImageObject","inLanguage":"pt-BR","@id":"https:\/\/www.estrategiaconcursos.com.br\/blog\/concurso-sesa-ap\/#primaryimage","url":"https:\/\/dhg1h5j42swfq.cloudfront.net\/2023\/09\/22104334\/sesa-ap-1.jpg","contentUrl":"https:\/\/dhg1h5j42swfq.cloudfront.net\/2023\/09\/22104334\/sesa-ap-1.jpg","width":768,"height":432,"caption":"concurso SESA AP"},{"@type":"BreadcrumbList","@id":"https:\/\/www.estrategiaconcursos.com.br\/blog\/concurso-sesa-ap\/#breadcrumb","itemListElement":[{"@type":"ListItem","position":1,"name":"In\u00edcio","item":"https:\/\/www.estrategiaconcursos.com.br\/blog\/"},{"@type":"ListItem","position":2,"name":"Concurso SESA AP: edital em maio! 1,8 mil vagas em CR"}]},{"@type":"WebSite","@id":"https:\/\/www.estrategiaconcursos.com.br\/blog\/#website","url":"https:\/\/www.estrategiaconcursos.com.br\/blog\/","name":"Estrat\u00e9gia Concursos","description":"O blog da Estrat\u00e9gia Concursos traz not\u00edcias sobre concursos e artigos de professores oferecendo cursos para concursos (pdf + videaulas) no site.","publisher":{"@id":"https:\/\/www.estrategiaconcursos.com.br\/blog\/#organization"},"potentialAction":[{"@type":"SearchAction","target":{"@type":"EntryPoint","urlTemplate":"https:\/\/www.estrategiaconcursos.com.br\/blog\/?s={search_term_string}"},"query-input":{"@type":"PropertyValueSpecification","valueRequired":true,"valueName":"search_term_string"}}],"inLanguage":"pt-BR"},{"@type":"Organization","@id":"https:\/\/www.estrategiaconcursos.com.br\/blog\/#organization","name":"Estrat\u00e9gia Concursos","url":"https:\/\/www.estrategiaconcursos.com.br\/blog\/","logo":{"@type":"ImageObject","inLanguage":"pt-BR","@id":"https:\/\/www.estrategiaconcursos.com.br\/blog\/#\/schema\/logo\/image\/","url":"https:\/\/dhg1h5j42swfq.cloudfront.net\/2025\/06\/03203428\/logo_concursos-1.jpg","contentUrl":"https:\/\/dhg1h5j42swfq.cloudfront.net\/2025\/06\/03203428\/logo_concursos-1.jpg","width":230,"height":60,"caption":"Estrat\u00e9gia Concursos"},"image":{"@id":"https:\/\/www.estrategiaconcursos.com.br\/blog\/#\/schema\/logo\/image\/"},"sameAs":["https:\/\/x.com\/EstratConcursos"]},{"@type":"Person","@id":"https:\/\/www.estrategiaconcursos.com.br\/blog\/#\/schema\/person\/b4a388c97673c5f483d72185668afa1f","name":"Coordena\u00e7\u00e3o","image":{"@type":"ImageObject","inLanguage":"pt-BR","@id":"https:\/\/secure.gravatar.com\/avatar\/b720319e4c9a967eb58678d110f4fe35452fc5d5f97b202bac7b8acceb18c6ad?s=96&d=mm&r=g","url":"https:\/\/secure.gravatar.com\/avatar\/b720319e4c9a967eb58678d110f4fe35452fc5d5f97b202bac7b8acceb18c6ad?s=96&d=mm&r=g","contentUrl":"https:\/\/secure.gravatar.com\/avatar\/b720319e4c9a967eb58678d110f4fe35452fc5d5f97b202bac7b8acceb18c6ad?s=96&d=mm&r=g","caption":"Coordena\u00e7\u00e3o"},"sameAs":["https:\/\/www.facebook.com\/EstrategiaConcursos","https:\/\/x.com\/EstratConcursos"],"url":"https:\/\/www.estrategiaconcursos.com.br\/blog\/author\/estrategia2013\/"}]}},"_links":{"self":[{"href":"https:\/\/www.estrategiaconcursos.com.br\/blog\/wp-json\/wp\/v2\/posts\/1281563","targetHints":{"allow":["GET"]}}],"collection":[{"href":"https:\/\/www.estrategiaconcursos.com.br\/blog\/wp-json\/wp\/v2\/posts"}],"about":[{"href":"https:\/\/www.estrategiaconcursos.com.br\/blog\/wp-json\/wp\/v2\/types\/post"}],"author":[{"embeddable":true,"href":"https:\/\/www.estrategiaconcursos.com.br\/blog\/wp-json\/wp\/v2\/users\/1"}],"replies":[{"embeddable":true,"href":"https:\/\/www.estrategiaconcursos.com.br\/blog\/wp-json\/wp\/v2\/comments?post=1281563"}],"version-history":[{"count":42,"href":"https:\/\/www.estrategiaconcursos.com.br\/blog\/wp-json\/wp\/v2\/posts\/1281563\/revisions"}],"predecessor-version":[{"id":1753636,"href":"https:\/\/www.estrategiaconcursos.com.br\/blog\/wp-json\/wp\/v2\/posts\/1281563\/revisions\/1753636"}],"wp:featuredmedia":[{"embeddable":true,"href":"https:\/\/www.estrategiaconcursos.com.br\/blog\/wp-json\/wp\/v2\/media\/1281614"}],"wp:attachment":[{"href":"https:\/\/www.estrategiaconcursos.com.br\/blog\/wp-json\/wp\/v2\/media?parent=1281563"}],"wp:term":[{"taxonomy":"category","embeddable":true,"href":"https:\/\/www.estrategiaconcursos.com.br\/blog\/wp-json\/wp\/v2\/categories?post=1281563"},{"taxonomy":"post_tag","embeddable":true,"href":"https:\/\/www.estrategiaconcursos.com.br\/blog\/wp-json\/wp\/v2\/tags?post=1281563"},{"taxonomy":"tax_estado","embeddable":true,"href":"https:\/\/www.estrategiaconcursos.com.br\/blog\/wp-json\/wp\/v2\/tax_estado?post=1281563"}],"curies":[{"name":"wp","href":"https:\/\/api.w.org\/{rel}","templated":true}]}}