{"id":128106,"date":"2018-07-23T05:04:53","date_gmt":"2018-07-23T08:04:53","guid":{"rendered":"https:\/\/www.estrategiaconcursos.com.br\/blog\/?p=128106"},"modified":"2022-06-24T12:57:28","modified_gmt":"2022-06-24T15:57:28","slug":"ranking-ale-rr","status":"publish","type":"post","link":"https:\/\/www.estrategiaconcursos.com.br\/blog\/ranking-ale-rr\/","title":{"rendered":"Concurso ALE RR: provas para Procurador s\u00e3o adiadas para o m\u00eas de setembro"},"content":{"rendered":"<p>As provas para o cargo de Procurador da Assembleia Legislativa de Roraima, que&nbsp;seriam retomadas neste Domingo, foram novamente <em><strong>adiadas<\/strong><\/em>!<\/p>\n<p>As provas para os cargos de assistente legislativo, procurador e taqu\u00edgrafo (segunda fase) ser\u00e3o aplicadas no dia <em><strong>02 de setembro<\/strong><\/em>.<\/p>\n<p>O novo cronograma foi&nbsp; divulgado pela banca Funrio, que n\u00e3o comentou o motivo da retifica\u00e7\u00e3o das datas. Vale lembrar que essa \u00e9 a segunda vez que as provas do certame para Procurador s\u00e3o adiadas.<\/p>\n<p>No dia 24 de junho,&nbsp;a Funrio tomou a decis\u00e3o de suspender o exame ap\u00f3s saber que um dos pacotes de provas estaria aberto.<\/p>\n<p>Na ocasi\u00e3o, a Assembleia emitiu uma nota argumentando que a decis\u00e3o foi tomada para garantir a \u201clisura a transpar\u00eancia do concurso\u201d.<\/p>\n<h2>Novo cronograma e devolu\u00e7\u00e3o da taxa<\/h2>\n<p>Os candidatos que queiram desistir de prestar o concurso, poder\u00e3o pedir a devolu\u00e7\u00e3o da taxa de inscri\u00e7\u00e3o entre os dias 06 e 08 de agosto, na \u00e1rea do aluno.<\/p>\n<p><em>Confira a nota:<\/em><\/p>\n<p><img loading=\"lazy\" decoding=\"async\" class=\"alignnone wp-image-132006 size-full\" src=\"https:\/\/dhg1h5j42swfq.cloudfront.net\/2018\/07\/22112547\/Sem-t%C3%ADtulo.jpg\" alt=\"\" width=\"1108\" height=\"332\" srcset=\"https:\/\/dhg1h5j42swfq.cloudfront.net\/2018\/07\/22112547\/Sem-t%C3%ADtulo.jpg 1108w, https:\/\/dhg1h5j42swfq.cloudfront.net\/2018\/07\/22112547\/Sem-t%C3%ADtulo.jpg 300w, https:\/\/dhg1h5j42swfq.cloudfront.net\/2018\/07\/22112547\/Sem-t%C3%ADtulo.jpg 768w, https:\/\/dhg1h5j42swfq.cloudfront.net\/2018\/07\/22112547\/Sem-t%C3%ADtulo.jpg 1024w, https:\/\/dhg1h5j42swfq.cloudfront.net\/2018\/07\/22112547\/Sem-t%C3%ADtulo.jpg 610w\" sizes=\"auto, (max-width: 1108px) 100vw, 1108px\" \/><\/p>\n<p>O certame oferta <strong>duas vagas<\/strong>&nbsp;para Procurador com remunera\u00e7\u00e3o inicial de&nbsp;<strong>R$&nbsp;7.903,10<\/strong>.<\/p>\n<p><img loading=\"lazy\" decoding=\"async\" class=\"alignnone wp-image-48287 size-full\" src=\"https:\/\/dhg1h5j42swfq.cloudfront.net\/2016\/09\/05202821\/Coruja-1.jpg\" alt=\"Fique atento Ranking ALE RR\" width=\"280\" height=\"110\"\/><\/p>\n<ul>\n<li><strong>Data da prova: <\/strong>02 de setembro<\/li>\n<li><strong>Cronograma:&nbsp;<a href=\"https:\/\/www.estrategiaconcursos.com.br\/blog\/wp-content\/uploads\/2018\/07\/Anexo-I-Cronograma-Edital-02-Atualizado.pdf\" target=\"_blank\" rel=\"noopener\">Cronograma Atualizado<\/a><\/strong><\/li>\n<\/ul>\n<p><em>Ascom Estrat\u00e9gia<\/em><\/p>\n","protected":false},"excerpt":{"rendered":"<p>As provas para o cargo de Procurador da Assembleia Legislativa de Roraima, que&nbsp;seriam retomadas neste Domingo, foram novamente adiadas! As provas para os cargos de assistente legislativo, procurador e taqu\u00edgrafo (segunda fase) ser\u00e3o aplicadas no dia 02 de setembro. O novo cronograma foi&nbsp; divulgado pela banca Funrio, que n\u00e3o comentou o motivo da retifica\u00e7\u00e3o das [&hellip;]<\/p>\n","protected":false},"author":1,"featured_media":104956,"comment_status":"open","ping_status":"closed","sticky":false,"template":"","format":"standard","meta":{"post_tipo":"news","footnotes":""},"categories":[1],"tags":[],"tax_estado":[219985],"class_list":["post-128106","post","type-post","status-publish","format-standard","has-post-thumbnail","hentry","category-cursos-e-concursos","tax_estado-rr"],"acf":[],"yoast_head":"<!-- This site is optimized with the Yoast SEO Premium plugin v27.2 (Yoast SEO v27.2) - https:\/\/yoast.com\/product\/yoast-seo-premium-wordpress\/ -->\n<title>Concurso ALE RR: provas para Procurador s\u00e3o adiadas para setembro<\/title>\n<meta name=\"description\" content=\"Seriam retomadas neste domingo, as provas para Procurador da Assembleia, mas a banca Funrio adiou novamente a aplica\u00e7\u00e3o. Confira o novo cronograma.\" \/>\n<meta name=\"robots\" content=\"index, follow, max-snippet:-1, max-image-preview:large, max-video-preview:-1\" \/>\n<link rel=\"canonical\" href=\"https:\/\/www.estrategiaconcursos.com.br\/blog\/ranking-ale-rr\/\" \/>\n<meta property=\"og:locale\" content=\"pt_BR\" \/>\n<meta property=\"og:type\" content=\"article\" \/>\n<meta property=\"og:title\" content=\"Concurso ALE RR: provas para Procurador s\u00e3o adiadas para o m\u00eas de setembro\" \/>\n<meta property=\"og:description\" content=\"Seriam retomadas neste domingo, as provas para Procurador da Assembleia, mas a banca Funrio adiou novamente a aplica\u00e7\u00e3o. Confira o novo cronograma.\" \/>\n<meta property=\"og:url\" content=\"https:\/\/www.estrategiaconcursos.com.br\/blog\/ranking-ale-rr\/\" \/>\n<meta property=\"og:site_name\" content=\"Estrat\u00e9gia Concursos\" \/>\n<meta property=\"article:author\" content=\"https:\/\/www.facebook.com\/EstrategiaConcursos\" \/>\n<meta property=\"article:published_time\" content=\"2018-07-23T08:04:53+00:00\" \/>\n<meta property=\"article:modified_time\" content=\"2022-06-24T15:57:28+00:00\" \/>\n<meta property=\"og:image\" content=\"https:\/\/dhg1h5j42swfq.cloudfront.net\/2018\/02\/02092000\/ASSEMB-LEG-RR4-e1532268775982.jpg\" \/>\n\t<meta property=\"og:image:width\" content=\"400\" \/>\n\t<meta property=\"og:image:height\" content=\"209\" \/>\n\t<meta property=\"og:image:type\" content=\"image\/jpeg\" \/>\n<meta name=\"author\" content=\"Coordena\u00e7\u00e3o\" \/>\n<meta name=\"twitter:card\" content=\"summary_large_image\" \/>\n<meta name=\"twitter:creator\" content=\"@EstratConcursos\" \/>\n<meta name=\"twitter:site\" content=\"@EstratConcursos\" \/>\n<meta name=\"twitter:label1\" content=\"Escrito por\" \/>\n\t<meta name=\"twitter:data1\" content=\"Coordena\u00e7\u00e3o\" \/>\n\t<meta name=\"twitter:label2\" content=\"Est. tempo de leitura\" \/>\n\t<meta name=\"twitter:data2\" content=\"2 minutos\" \/>\n<script type=\"application\/ld+json\" class=\"yoast-schema-graph\">{\"@context\":\"https:\/\/schema.org\",\"@graph\":[{\"@type\":\"NewsArticle\",\"@id\":\"https:\/\/www.estrategiaconcursos.com.br\/blog\/ranking-ale-rr\/#article\",\"isPartOf\":{\"@id\":\"https:\/\/www.estrategiaconcursos.com.br\/blog\/ranking-ale-rr\/\"},\"author\":{\"name\":\"Coordena\u00e7\u00e3o\",\"@id\":\"https:\/\/www.estrategiaconcursos.com.br\/blog\/#\/schema\/person\/b4a388c97673c5f483d72185668afa1f\"},\"headline\":\"Concurso ALE RR: provas para Procurador s\u00e3o adiadas para o m\u00eas de setembro\",\"datePublished\":\"2018-07-23T08:04:53+00:00\",\"dateModified\":\"2022-06-24T15:57:28+00:00\",\"mainEntityOfPage\":{\"@id\":\"https:\/\/www.estrategiaconcursos.com.br\/blog\/ranking-ale-rr\/\"},\"wordCount\":212,\"commentCount\":2,\"publisher\":{\"@id\":\"https:\/\/www.estrategiaconcursos.com.br\/blog\/#organization\"},\"image\":{\"@id\":\"https:\/\/www.estrategiaconcursos.com.br\/blog\/ranking-ale-rr\/#primaryimage\"},\"thumbnailUrl\":\"https:\/\/dhg1h5j42swfq.cloudfront.net\/2018\/02\/02092000\/ASSEMB-LEG-RR4-e1532268775982.jpg\",\"articleSection\":[\"Concursos P\u00fablicos\"],\"inLanguage\":\"pt-BR\",\"potentialAction\":[{\"@type\":\"CommentAction\",\"name\":\"Comment\",\"target\":[\"https:\/\/www.estrategiaconcursos.com.br\/blog\/ranking-ale-rr\/#respond\"]}],\"copyrightYear\":\"2018\",\"copyrightHolder\":{\"@id\":\"https:\/\/www.estrategiaconcursos.com.br\/blog\/#organization\"}},{\"@type\":\"WebPage\",\"@id\":\"https:\/\/www.estrategiaconcursos.com.br\/blog\/ranking-ale-rr\/\",\"url\":\"https:\/\/www.estrategiaconcursos.com.br\/blog\/ranking-ale-rr\/\",\"name\":\"Concurso ALE RR: provas para Procurador s\u00e3o adiadas para setembro\",\"isPartOf\":{\"@id\":\"https:\/\/www.estrategiaconcursos.com.br\/blog\/#website\"},\"primaryImageOfPage\":{\"@id\":\"https:\/\/www.estrategiaconcursos.com.br\/blog\/ranking-ale-rr\/#primaryimage\"},\"image\":{\"@id\":\"https:\/\/www.estrategiaconcursos.com.br\/blog\/ranking-ale-rr\/#primaryimage\"},\"thumbnailUrl\":\"https:\/\/dhg1h5j42swfq.cloudfront.net\/2018\/02\/02092000\/ASSEMB-LEG-RR4-e1532268775982.jpg\",\"datePublished\":\"2018-07-23T08:04:53+00:00\",\"dateModified\":\"2022-06-24T15:57:28+00:00\",\"description\":\"Seriam retomadas neste domingo, as provas para Procurador da Assembleia, mas a banca Funrio adiou novamente a aplica\u00e7\u00e3o. Confira o novo cronograma.\",\"breadcrumb\":{\"@id\":\"https:\/\/www.estrategiaconcursos.com.br\/blog\/ranking-ale-rr\/#breadcrumb\"},\"inLanguage\":\"pt-BR\",\"potentialAction\":[{\"@type\":\"ReadAction\",\"target\":[\"https:\/\/www.estrategiaconcursos.com.br\/blog\/ranking-ale-rr\/\"]}]},{\"@type\":\"ImageObject\",\"inLanguage\":\"pt-BR\",\"@id\":\"https:\/\/www.estrategiaconcursos.com.br\/blog\/ranking-ale-rr\/#primaryimage\",\"url\":\"https:\/\/dhg1h5j42swfq.cloudfront.net\/2018\/02\/02092000\/ASSEMB-LEG-RR4-e1532268775982.jpg\",\"contentUrl\":\"https:\/\/dhg1h5j42swfq.cloudfront.net\/2018\/02\/02092000\/ASSEMB-LEG-RR4-e1532268775982.jpg\",\"width\":400,\"height\":209,\"caption\":\"concurso ale rr procurador\"},{\"@type\":\"BreadcrumbList\",\"@id\":\"https:\/\/www.estrategiaconcursos.com.br\/blog\/ranking-ale-rr\/#breadcrumb\",\"itemListElement\":[{\"@type\":\"ListItem\",\"position\":1,\"name\":\"In\u00edcio\",\"item\":\"https:\/\/www.estrategiaconcursos.com.br\/blog\/\"},{\"@type\":\"ListItem\",\"position\":2,\"name\":\"Concurso ALE RR: provas para Procurador s\u00e3o adiadas para o m\u00eas de setembro\"}]},{\"@type\":\"WebSite\",\"@id\":\"https:\/\/www.estrategiaconcursos.com.br\/blog\/#website\",\"url\":\"https:\/\/www.estrategiaconcursos.com.br\/blog\/\",\"name\":\"Estrat\u00e9gia Concursos\",\"description\":\"O blog da Estrat\u00e9gia Concursos traz not\u00edcias sobre concursos e artigos de professores oferecendo cursos para concursos (pdf + videaulas) no site.\",\"publisher\":{\"@id\":\"https:\/\/www.estrategiaconcursos.com.br\/blog\/#organization\"},\"potentialAction\":[{\"@type\":\"SearchAction\",\"target\":{\"@type\":\"EntryPoint\",\"urlTemplate\":\"https:\/\/www.estrategiaconcursos.com.br\/blog\/?s={search_term_string}\"},\"query-input\":{\"@type\":\"PropertyValueSpecification\",\"valueRequired\":true,\"valueName\":\"search_term_string\"}}],\"inLanguage\":\"pt-BR\"},{\"@type\":\"Organization\",\"@id\":\"https:\/\/www.estrategiaconcursos.com.br\/blog\/#organization\",\"name\":\"Estrat\u00e9gia Concursos\",\"url\":\"https:\/\/www.estrategiaconcursos.com.br\/blog\/\",\"logo\":{\"@type\":\"ImageObject\",\"inLanguage\":\"pt-BR\",\"@id\":\"https:\/\/www.estrategiaconcursos.com.br\/blog\/#\/schema\/logo\/image\/\",\"url\":\"https:\/\/dhg1h5j42swfq.cloudfront.net\/2025\/06\/03203428\/logo_concursos-1.jpg\",\"contentUrl\":\"https:\/\/dhg1h5j42swfq.cloudfront.net\/2025\/06\/03203428\/logo_concursos-1.jpg\",\"width\":230,\"height\":60,\"caption\":\"Estrat\u00e9gia Concursos\"},\"image\":{\"@id\":\"https:\/\/www.estrategiaconcursos.com.br\/blog\/#\/schema\/logo\/image\/\"},\"sameAs\":[\"https:\/\/x.com\/EstratConcursos\"]},{\"@type\":\"Person\",\"@id\":\"https:\/\/www.estrategiaconcursos.com.br\/blog\/#\/schema\/person\/b4a388c97673c5f483d72185668afa1f\",\"name\":\"Coordena\u00e7\u00e3o\",\"image\":{\"@type\":\"ImageObject\",\"inLanguage\":\"pt-BR\",\"@id\":\"https:\/\/secure.gravatar.com\/avatar\/b720319e4c9a967eb58678d110f4fe35452fc5d5f97b202bac7b8acceb18c6ad?s=96&d=mm&r=g\",\"url\":\"https:\/\/secure.gravatar.com\/avatar\/b720319e4c9a967eb58678d110f4fe35452fc5d5f97b202bac7b8acceb18c6ad?s=96&d=mm&r=g\",\"contentUrl\":\"https:\/\/secure.gravatar.com\/avatar\/b720319e4c9a967eb58678d110f4fe35452fc5d5f97b202bac7b8acceb18c6ad?s=96&d=mm&r=g\",\"caption\":\"Coordena\u00e7\u00e3o\"},\"sameAs\":[\"https:\/\/www.facebook.com\/EstrategiaConcursos\",\"https:\/\/x.com\/EstratConcursos\"],\"url\":\"https:\/\/www.estrategiaconcursos.com.br\/blog\/author\/estrategia2013\/\"}]}<\/script>\n<!-- \/ Yoast SEO Premium plugin. -->","yoast_head_json":{"title":"Concurso ALE RR: provas para Procurador s\u00e3o adiadas para setembro","description":"Seriam retomadas neste domingo, as provas para Procurador da Assembleia, mas a banca Funrio adiou novamente a aplica\u00e7\u00e3o. Confira o novo cronograma.","robots":{"index":"index","follow":"follow","max-snippet":"max-snippet:-1","max-image-preview":"max-image-preview:large","max-video-preview":"max-video-preview:-1"},"canonical":"https:\/\/www.estrategiaconcursos.com.br\/blog\/ranking-ale-rr\/","og_locale":"pt_BR","og_type":"article","og_title":"Concurso ALE RR: provas para Procurador s\u00e3o adiadas para o m\u00eas de setembro","og_description":"Seriam retomadas neste domingo, as provas para Procurador da Assembleia, mas a banca Funrio adiou novamente a aplica\u00e7\u00e3o. Confira o novo cronograma.","og_url":"https:\/\/www.estrategiaconcursos.com.br\/blog\/ranking-ale-rr\/","og_site_name":"Estrat\u00e9gia Concursos","article_author":"https:\/\/www.facebook.com\/EstrategiaConcursos","article_published_time":"2018-07-23T08:04:53+00:00","article_modified_time":"2022-06-24T15:57:28+00:00","og_image":[{"width":400,"height":209,"url":"https:\/\/dhg1h5j42swfq.cloudfront.net\/2018\/02\/02092000\/ASSEMB-LEG-RR4-e1532268775982.jpg","type":"image\/jpeg"}],"author":"Coordena\u00e7\u00e3o","twitter_card":"summary_large_image","twitter_creator":"@EstratConcursos","twitter_site":"@EstratConcursos","twitter_misc":{"Escrito por":"Coordena\u00e7\u00e3o","Est. tempo de leitura":"2 minutos"},"schema":{"@context":"https:\/\/schema.org","@graph":[{"@type":"NewsArticle","@id":"https:\/\/www.estrategiaconcursos.com.br\/blog\/ranking-ale-rr\/#article","isPartOf":{"@id":"https:\/\/www.estrategiaconcursos.com.br\/blog\/ranking-ale-rr\/"},"author":{"name":"Coordena\u00e7\u00e3o","@id":"https:\/\/www.estrategiaconcursos.com.br\/blog\/#\/schema\/person\/b4a388c97673c5f483d72185668afa1f"},"headline":"Concurso ALE RR: provas para Procurador s\u00e3o adiadas para o m\u00eas de setembro","datePublished":"2018-07-23T08:04:53+00:00","dateModified":"2022-06-24T15:57:28+00:00","mainEntityOfPage":{"@id":"https:\/\/www.estrategiaconcursos.com.br\/blog\/ranking-ale-rr\/"},"wordCount":212,"commentCount":2,"publisher":{"@id":"https:\/\/www.estrategiaconcursos.com.br\/blog\/#organization"},"image":{"@id":"https:\/\/www.estrategiaconcursos.com.br\/blog\/ranking-ale-rr\/#primaryimage"},"thumbnailUrl":"https:\/\/dhg1h5j42swfq.cloudfront.net\/2018\/02\/02092000\/ASSEMB-LEG-RR4-e1532268775982.jpg","articleSection":["Concursos P\u00fablicos"],"inLanguage":"pt-BR","potentialAction":[{"@type":"CommentAction","name":"Comment","target":["https:\/\/www.estrategiaconcursos.com.br\/blog\/ranking-ale-rr\/#respond"]}],"copyrightYear":"2018","copyrightHolder":{"@id":"https:\/\/www.estrategiaconcursos.com.br\/blog\/#organization"}},{"@type":"WebPage","@id":"https:\/\/www.estrategiaconcursos.com.br\/blog\/ranking-ale-rr\/","url":"https:\/\/www.estrategiaconcursos.com.br\/blog\/ranking-ale-rr\/","name":"Concurso ALE RR: provas para Procurador s\u00e3o adiadas para setembro","isPartOf":{"@id":"https:\/\/www.estrategiaconcursos.com.br\/blog\/#website"},"primaryImageOfPage":{"@id":"https:\/\/www.estrategiaconcursos.com.br\/blog\/ranking-ale-rr\/#primaryimage"},"image":{"@id":"https:\/\/www.estrategiaconcursos.com.br\/blog\/ranking-ale-rr\/#primaryimage"},"thumbnailUrl":"https:\/\/dhg1h5j42swfq.cloudfront.net\/2018\/02\/02092000\/ASSEMB-LEG-RR4-e1532268775982.jpg","datePublished":"2018-07-23T08:04:53+00:00","dateModified":"2022-06-24T15:57:28+00:00","description":"Seriam retomadas neste domingo, as provas para Procurador da Assembleia, mas a banca Funrio adiou novamente a aplica\u00e7\u00e3o. Confira o novo cronograma.","breadcrumb":{"@id":"https:\/\/www.estrategiaconcursos.com.br\/blog\/ranking-ale-rr\/#breadcrumb"},"inLanguage":"pt-BR","potentialAction":[{"@type":"ReadAction","target":["https:\/\/www.estrategiaconcursos.com.br\/blog\/ranking-ale-rr\/"]}]},{"@type":"ImageObject","inLanguage":"pt-BR","@id":"https:\/\/www.estrategiaconcursos.com.br\/blog\/ranking-ale-rr\/#primaryimage","url":"https:\/\/dhg1h5j42swfq.cloudfront.net\/2018\/02\/02092000\/ASSEMB-LEG-RR4-e1532268775982.jpg","contentUrl":"https:\/\/dhg1h5j42swfq.cloudfront.net\/2018\/02\/02092000\/ASSEMB-LEG-RR4-e1532268775982.jpg","width":400,"height":209,"caption":"concurso ale rr procurador"},{"@type":"BreadcrumbList","@id":"https:\/\/www.estrategiaconcursos.com.br\/blog\/ranking-ale-rr\/#breadcrumb","itemListElement":[{"@type":"ListItem","position":1,"name":"In\u00edcio","item":"https:\/\/www.estrategiaconcursos.com.br\/blog\/"},{"@type":"ListItem","position":2,"name":"Concurso ALE RR: provas para Procurador s\u00e3o adiadas para o m\u00eas de setembro"}]},{"@type":"WebSite","@id":"https:\/\/www.estrategiaconcursos.com.br\/blog\/#website","url":"https:\/\/www.estrategiaconcursos.com.br\/blog\/","name":"Estrat\u00e9gia Concursos","description":"O blog da Estrat\u00e9gia Concursos traz not\u00edcias sobre concursos e artigos de professores oferecendo cursos para concursos (pdf + videaulas) no site.","publisher":{"@id":"https:\/\/www.estrategiaconcursos.com.br\/blog\/#organization"},"potentialAction":[{"@type":"SearchAction","target":{"@type":"EntryPoint","urlTemplate":"https:\/\/www.estrategiaconcursos.com.br\/blog\/?s={search_term_string}"},"query-input":{"@type":"PropertyValueSpecification","valueRequired":true,"valueName":"search_term_string"}}],"inLanguage":"pt-BR"},{"@type":"Organization","@id":"https:\/\/www.estrategiaconcursos.com.br\/blog\/#organization","name":"Estrat\u00e9gia Concursos","url":"https:\/\/www.estrategiaconcursos.com.br\/blog\/","logo":{"@type":"ImageObject","inLanguage":"pt-BR","@id":"https:\/\/www.estrategiaconcursos.com.br\/blog\/#\/schema\/logo\/image\/","url":"https:\/\/dhg1h5j42swfq.cloudfront.net\/2025\/06\/03203428\/logo_concursos-1.jpg","contentUrl":"https:\/\/dhg1h5j42swfq.cloudfront.net\/2025\/06\/03203428\/logo_concursos-1.jpg","width":230,"height":60,"caption":"Estrat\u00e9gia Concursos"},"image":{"@id":"https:\/\/www.estrategiaconcursos.com.br\/blog\/#\/schema\/logo\/image\/"},"sameAs":["https:\/\/x.com\/EstratConcursos"]},{"@type":"Person","@id":"https:\/\/www.estrategiaconcursos.com.br\/blog\/#\/schema\/person\/b4a388c97673c5f483d72185668afa1f","name":"Coordena\u00e7\u00e3o","image":{"@type":"ImageObject","inLanguage":"pt-BR","@id":"https:\/\/secure.gravatar.com\/avatar\/b720319e4c9a967eb58678d110f4fe35452fc5d5f97b202bac7b8acceb18c6ad?s=96&d=mm&r=g","url":"https:\/\/secure.gravatar.com\/avatar\/b720319e4c9a967eb58678d110f4fe35452fc5d5f97b202bac7b8acceb18c6ad?s=96&d=mm&r=g","contentUrl":"https:\/\/secure.gravatar.com\/avatar\/b720319e4c9a967eb58678d110f4fe35452fc5d5f97b202bac7b8acceb18c6ad?s=96&d=mm&r=g","caption":"Coordena\u00e7\u00e3o"},"sameAs":["https:\/\/www.facebook.com\/EstrategiaConcursos","https:\/\/x.com\/EstratConcursos"],"url":"https:\/\/www.estrategiaconcursos.com.br\/blog\/author\/estrategia2013\/"}]}},"_links":{"self":[{"href":"https:\/\/www.estrategiaconcursos.com.br\/blog\/wp-json\/wp\/v2\/posts\/128106","targetHints":{"allow":["GET"]}}],"collection":[{"href":"https:\/\/www.estrategiaconcursos.com.br\/blog\/wp-json\/wp\/v2\/posts"}],"about":[{"href":"https:\/\/www.estrategiaconcursos.com.br\/blog\/wp-json\/wp\/v2\/types\/post"}],"author":[{"embeddable":true,"href":"https:\/\/www.estrategiaconcursos.com.br\/blog\/wp-json\/wp\/v2\/users\/1"}],"replies":[{"embeddable":true,"href":"https:\/\/www.estrategiaconcursos.com.br\/blog\/wp-json\/wp\/v2\/comments?post=128106"}],"version-history":[{"count":13,"href":"https:\/\/www.estrategiaconcursos.com.br\/blog\/wp-json\/wp\/v2\/posts\/128106\/revisions"}],"predecessor-version":[{"id":1049753,"href":"https:\/\/www.estrategiaconcursos.com.br\/blog\/wp-json\/wp\/v2\/posts\/128106\/revisions\/1049753"}],"wp:featuredmedia":[{"embeddable":true,"href":"https:\/\/www.estrategiaconcursos.com.br\/blog\/wp-json\/wp\/v2\/media\/104956"}],"wp:attachment":[{"href":"https:\/\/www.estrategiaconcursos.com.br\/blog\/wp-json\/wp\/v2\/media?parent=128106"}],"wp:term":[{"taxonomy":"category","embeddable":true,"href":"https:\/\/www.estrategiaconcursos.com.br\/blog\/wp-json\/wp\/v2\/categories?post=128106"},{"taxonomy":"post_tag","embeddable":true,"href":"https:\/\/www.estrategiaconcursos.com.br\/blog\/wp-json\/wp\/v2\/tags?post=128106"},{"taxonomy":"tax_estado","embeddable":true,"href":"https:\/\/www.estrategiaconcursos.com.br\/blog\/wp-json\/wp\/v2\/tax_estado?post=128106"}],"curies":[{"name":"wp","href":"https:\/\/api.w.org\/{rel}","templated":true}]}}