{"id":127987,"date":"2020-09-01T00:00:00","date_gmt":"2020-09-01T03:00:00","guid":{"rendered":"https:\/\/www.estrategiaconcursos.com.br\/blog\/?p=127987"},"modified":"2023-04-13T17:15:22","modified_gmt":"2023-04-13T20:15:22","slug":"concurso-defensor-df","status":"publish","type":"post","link":"https:\/\/www.estrategiaconcursos.com.br\/blog\/concurso-defensor-df\/","title":{"rendered":"Concurso Defensor DF: prazo de validade SUSPENSO"},"content":{"rendered":"\n<p>A Defensora P\u00fablica-Geral da Defensoria P\u00fablica do Distrito Federal, Maria Jos\u00e9 Silva Souza de N\u00e1polis, resolveu<strong><em> suspender o prazo de validade do concurso Defensor DF.<\/em><\/strong><\/p>\n\n\n\n<p>De acordo com o documento divulgado, a decis\u00e3o foi tomada por causa da pandemia de Covid-19 que afeta o Brasil. <strong>A Suspens\u00e3o ficar\u00e1 v\u00e1lida at\u00e9 o dia 31 de dezembro de 2021. <\/strong><\/p>\n\n\n\n<p>A suspens\u00e3o n\u00e3o vai impedir a nomea\u00e7\u00e3o de aprovados para reposi\u00e7\u00f5es decorrentes de vac\u00e2ncias de cargos p\u00fablicos efetivos. Lembrando que se houver nomea\u00e7\u00f5es no per\u00edodo de suspens\u00e3o, n\u00e3o impedir\u00e1 a prorroga\u00e7\u00e3o do prazo de validade do certame. <\/p>\n\n\n\n<p>O certame ofertou&nbsp;aos candidatos <strong>12 vagas imediatas<\/strong>&nbsp;para a classe inicial do cargo de&nbsp;<strong>Defensor P\u00fablico<\/strong>, com remunera\u00e7\u00e3o inicial de <strong>R$ 22.589,59.&nbsp; <\/strong><\/p>\n\n\n\n<p>Se voc\u00ea sonha em se tornar Defensor P\u00fablico, chegou ao lugar certo: neste artigo reunimos todas as informa\u00e7\u00f5es sobre o concurso da Defensoria P\u00fablica do DF para que voc\u00ea possa se manter atualizado com os andamentos do certame e organizar seu planejamento de estudos. Confira:<\/p>\n\n\n\n<ul class=\"wp-block-list\">\n<li><a href=\"#resultado\"><strong><em>Resultado final <\/em><\/strong><\/a><\/li>\n\n\n\n<li><strong><a href=\"#datas\" target=\"_blank\" rel=\"noreferrer noopener\">Principais datas<\/a><\/strong><\/li>\n\n\n\n<li><strong><a href=\"#concorrencia\">Concorr\u00eancia<\/a><\/strong><\/li>\n\n\n\n<li><strong><a href=\"#requisitos\">Requisitos<\/a><\/strong><\/li>\n\n\n\n<li><strong><a href=\"#pratica\">Pr\u00e1tica forense<\/a><\/strong><\/li>\n\n\n\n<li><strong><a href=\"#remuneracao\">Remunera\u00e7\u00e3o<\/a><\/strong><\/li>\n\n\n\n<li><strong><a href=\"#cargos\">Cargos vagos e ocupados<\/a><\/strong><\/li>\n\n\n\n<li><strong><a href=\"#etapas\">Etapas do concurso<\/a><\/strong><\/li>\n\n\n\n<li><strong><a href=\"#objetiva\">Prova objetiva<\/a><\/strong><\/li>\n\n\n\n<li><strong><a href=\"#discursivas\">Provas discursivas<\/a><\/strong><\/li>\n\n\n\n<li><strong><a href=\"#oral\">Prova oral<\/a><\/strong><\/li>\n\n\n\n<li><strong><a href=\"#titulos\">Avalia\u00e7\u00e3o de T\u00edtulos<\/a><\/strong><\/li>\n\n\n\n<li><strong><a href=\"#cursos\">Cursos<\/a><\/strong><\/li>\n<\/ul>\n\n\n\n<h2 class=\"wp-block-heading\" id=\"resultado\">Resultado final do concurso Defensor DF<\/h2>\n\n\n\n<p>Vale lembrar que  foi divulgado no Di\u00e1rio oficial do Distrito Federal o resultado final do concurso Defensor DF. Os candidatos passaram por cinco etapas de provas, sendo elas:<\/p>\n\n\n\n<ul class=\"wp-block-list\">\n<li>Prova objetiva (P1) \u2013 eliminat\u00f3ria e classificat\u00f3ria;<\/li>\n\n\n\n<li>Prova discursiva 1 (P2) \u2013 eliminat\u00f3ria e classificat\u00f3ria;<\/li>\n\n\n\n<li>Prova discursiva 2 (P3) \u2013 eliminat\u00f3ria e classificat\u00f3ria;<\/li>\n\n\n\n<li>Prova oral (P4) \u2013 eliminat\u00f3ria e classificat\u00f3ria;<\/li>\n\n\n\n<li>Avalia\u00e7\u00e3o de t\u00edtulos (P5) \u2013 classificat\u00f3ria.<\/li>\n<\/ul>\n\n\n\n<p>Confira abaixo o resultado final:<\/p>\n\n\n\n<p class=\"has-text-align-center has-luminous-vivid-amber-background-color has-background has-medium-font-size\"><a href=\"https:\/\/trello-attachments.s3.amazonaws.com\/5b58e1496cd37eb9a1dc29a2\/5e6b5b3c3df0fd0f129662fe\/36cd3fcd234bd5f1ec88dc2fa3549698\/Defensor_DF_-_Resultado_final.pdf\">Resultado final do concurso Defensor DF<\/a><\/p>\n\n\n\n<h2 class=\"wp-block-heading\" id=\"principais-datas\">Principais datas do concurso Defensor DF<\/h2>\n\n\n\n<ul class=\"wp-block-list\">\n<li><s><strong>Interposi\u00e7\u00e3o de recursos:<\/strong> 21 de agosto a 3 de setembro<\/s><\/li>\n\n\n\n<li><s><strong>Provas discursivas:<\/strong> 14 e 15 de setembro<\/s><\/li>\n\n\n\n<li><strong>Prova oral<\/strong>: <s> <strong>6,<\/strong>&nbsp;<strong>7&nbsp;<\/strong>e&nbsp;<strong>8 de dezembro<\/strong>&nbsp;de 2019 <\/s><\/li>\n<\/ul>\n\n\n\n<h2 class=\"wp-block-heading\" id=\"concorrencia\">Concorr\u00eancia do concurso Defensor DF<\/h2>\n\n\n\n<h4 class=\"wp-block-heading\">Total<\/h4>\n\n\n\n<figure class=\"wp-block-table is-style-stripes\"><table class=\"has-background has-fixed-layout\" style=\"background-color:#e7f5fe\"><tbody><tr><td><strong>Vagas<\/strong><\/td><td><strong>Inscritos<\/strong><\/td><td><strong>C\/V<\/strong><\/td><\/tr><tr><td>12<\/td><td>10.263<\/td><td>855,25<\/td><\/tr><\/tbody><\/table><\/figure>\n\n\n\n<h4 class=\"wp-block-heading\">Ampla concorr\u00eancia<\/h4>\n\n\n\n<figure class=\"wp-block-table is-style-stripes\"><table class=\"has-background has-fixed-layout\" style=\"background-color:#e7f5fe\"><tbody><tr><td><strong>Vagas<\/strong><\/td><td><strong>Inscritos<\/strong><\/td><td><strong>C\/V<\/strong><\/td><\/tr><tr><td>10<\/td><td>10.263<\/td><td>1026,30<\/td><\/tr><\/tbody><\/table><\/figure>\n\n\n\n<p><\/p>\n\n\n\n<h4 class=\"wp-block-heading\">Pessoas com defici\u00eancia<\/h4>\n\n\n\n<p><\/p>\n\n\n\n<figure class=\"wp-block-table is-style-stripes\"><table class=\"has-background has-fixed-layout\" style=\"background-color:#e7f5fe\"><tbody><tr><td><strong>Vagas<\/strong><\/td><td><strong>Inscritos<\/strong><\/td><td><strong>C\/V<\/strong><\/td><\/tr><tr><td>2<\/td><td>227<\/td><td>113,50<\/td><\/tr><\/tbody><\/table><\/figure>\n\n\n\n<p><\/p>\n\n\n\n<h2 class=\"wp-block-heading\" id=\"requisitos\">Concurso Defensor df: Requisitos do cargo<\/h2>\n\n\n\n<p>Para o ingresso na carreira de Defensor P\u00fablico do Distrito Federal, exige-se o diploma de bacharel em Direito, inscri\u00e7\u00e3o regular na Ordem dos Advogados do Brasil (OAB) e&nbsp;<strong><em>dois anos<\/em><\/strong> de pr\u00e1tica forense.<\/p>\n\n\n\n<h2 class=\"wp-block-heading\" id=\"pr\u00e1tica\">Pr\u00e1tica forense: o que \u00e9 aceito no concurso Defensor DF<\/h2>\n\n\n\n<ul class=\"wp-block-list\">\n<li>Est\u00e1gio em qualquer \u00f3rg\u00e3o p\u00fablico federal, estadual ou Municipal, no Minist\u00e9rio P\u00fablico e nas Procuradorias;<\/li>\n\n\n\n<li>Exerc\u00edcio efetivo da advogacia profissional (5 feitos diferentes no ano);<\/li>\n\n\n\n<li>Desempenho de outra atividade judicial ou jur\u00eddica de contato direto e permanente com as lides forenses;<\/li>\n\n\n\n<li>Est\u00e1gio obrigat\u00f3rio de institui\u00e7\u00e3o de ensino superior de Direito legalmente reconhecida.<\/li>\n<\/ul>\n\n\n\n<p><\/p>\n\n\n\n<h2 class=\"wp-block-heading\" id=\"remunera\u00e7\u00e3o\">Concurso Defensor DF: remunera\u00e7\u00e3o<\/h2>\n\n\n\n<figure class=\"wp-block-table is-style-stripes\"><table class=\"has-background has-fixed-layout\" style=\"background-color:#e7f5fe\"><tbody><tr><td>\n  <strong>Cargo<\/strong>\n  <\/td><td>\n  <strong>Vencimento b\u00e1sico<\/strong>\n  <\/td><\/tr><tr><td>\n  Defensor P\u00fablico \u2013&nbsp; Especial\n  <\/td><td>\n  R$ 25.030,01\n  <\/td><\/tr><tr><td>\n  Defensor P\u00fablico \u2013 1\u00aa Categoria\n  <\/td><td>   R$  23.778,51   <\/td><\/tr><tr><td>\n  Defensor P\u00fablico \u2013 2\u00aa Categoria\n  <\/td><td>   R$  22.589,59   <\/td><\/tr><\/tbody><\/table><\/figure>\n\n\n\n<p><\/p>\n\n\n\n<h2 class=\"wp-block-heading\" id=\"cargos\">Concurso Defensor DF: cargos vagos e ocupados<\/h2>\n\n\n\n<p><\/p>\n\n\n\n<figure class=\"wp-block-table is-style-stripes\"><table class=\"has-background has-fixed-layout\" style=\"background-color:#e7f5fe\"><tbody><tr><td><strong>Cargo<\/strong>   <\/td><td><strong>Vagos<\/strong>   <\/td><td><strong>Ocupados<\/strong>   <\/td><td><strong>Total<\/strong>   <\/td><\/tr><tr><td>Categoria Especial   <\/td><td>2  <\/td><td>98  <\/td><td>100   <\/td><\/tr><tr><td>Categoria 1   <\/td><td>0<\/td><td>100<\/td><td>100  <\/td><\/tr><tr><td>Categoria 2   <\/td><td>01   <\/td><td>39<\/td><td>40<\/td><\/tr><\/tbody><\/table><\/figure>\n\n\n\n<h2 class=\"wp-block-heading\" id=\"etapas\">Etapas do concurso Defensor DF<\/h2>\n\n\n\n<p>O concurso para Defensor P\u00fablico do DF conta com&nbsp;<strong><em>cinco etapas<\/em><\/strong>, organizadas da seguinte forma:<\/p>\n\n\n\n<ol class=\"wp-block-list\">\n<li>Prova objetiva (P1) &#8211; eliminat\u00f3ria e classificat\u00f3ria;<\/li>\n\n\n\n<li>Prova discursiva 1 (P2) &#8211; eliminat\u00f3ria e classificat\u00f3ria;<\/li>\n\n\n\n<li>Prova discursiva 2 (P3) &#8211; eliminat\u00f3ria e classificat\u00f3ria;<\/li>\n\n\n\n<li>Prova oral (P4) &#8211; eliminat\u00f3ria e classificat\u00f3ria;<\/li>\n\n\n\n<li>Avalia\u00e7\u00e3o de t\u00edtulos (P5) &#8211; classificat\u00f3ria.<\/li>\n<\/ol>\n\n\n\n<h2 class=\"wp-block-heading\" id=\"objetiva\">Concurso Defensor DF: Prova objetiva<\/h2>\n\n\n\n<p>Foi composta por&nbsp;<strong><em>200 itens<\/em><\/strong> organizados por comandos assinalados como&nbsp;<strong><em>certo<\/em><\/strong> ou&nbsp;<strong><em>errado<\/em><\/strong>,<strong><em>&nbsp;<\/em><\/strong>com dura\u00e7\u00e3o m\u00e1xima de&nbsp;<strong><em>5 horas<\/em><\/strong>.<\/p>\n\n\n\n<p>Esta prova seguiu o tradicional modelo de prova do Cespe, no qual uma quest\u00e3o assinalada erroneamente anula uma certa, ao passo que as n\u00e3o assinaladas n\u00e3o pontuam.<\/p>\n\n\n\n<p>Confira abaixo as disciplinas cobradas:<\/p>\n\n\n\n<ul class=\"wp-block-list\">\n<li>Direito Administrativo <\/li>\n\n\n\n<li>Direito Constitucional<\/li>\n\n\n\n<li>Direito Civil<\/li>\n\n\n\n<li>Direito Processual Civil<\/li>\n\n\n\n<li>Direito Penal e Criminologia<\/li>\n\n\n\n<li>Direito Processual Penal <\/li>\n\n\n\n<li>Direito da Crian\u00e7a e do Adolescente<\/li>\n\n\n\n<li>Direito do Consumidor<\/li>\n\n\n\n<li>Direitos Difusos e Coletivos<\/li>\n\n\n\n<li>Direito Empresarial<\/li>\n\n\n\n<li>Direitos Humanos<\/li>\n\n\n\n<li>Hist\u00f3ria, Organiza\u00e7\u00e3o, Princ\u00edpios e Normas Institucionais da Defensoria P\u00fablica e da Defensoria P\u00fablica do DF<\/li>\n\n\n\n<li>Filosofia Jur\u00eddica<\/li>\n\n\n\n<li>Sociologia Jur\u00eddica<\/li>\n\n\n\n<li>Conhecimentos sobre o Distrito Federal <\/li>\n<\/ul>\n\n\n\n<p>A nota de corte nesta fase no \u00faltimo concurso foi de&nbsp;<strong><em>110.21<\/em><\/strong> pontos para a lista de ampla concorr\u00eancia.<\/p>\n\n\n\n<h3 class=\"wp-block-heading\">Baixe o gabarito<\/h3>\n\n\n\n<ul class=\"wp-block-list\">\n<li><a aria-label=\"Prova Objetiva - Padr\u00e3o\u2028 (abre numa nova aba)\" href=\"https:\/\/dhg1h5j42swfq.cloudfront.net\/2019\/07\/11133103\/Prova-objetiva-DPDF-Defensor.pdf.pdf\" target=\"_blank\" rel=\"noreferrer noopener\">Prova Objetiva &#8211; Padr\u00e3o<\/a><\/li>\n\n\n\n<li><a aria-label=\" (abre numa nova aba)\" href=\"https:\/\/dhg1h5j42swfq.cloudfront.net\/2019\/07\/11133059\/Gabarito-DPDF-Defensor.pdf.pdf\" target=\"_blank\" rel=\"noreferrer noopener\">Gabarito &#8211; Padr\u00e3o<\/a><\/li>\n<\/ul>\n\n\n\n<h3 class=\"wp-block-heading\">Recursos<\/h3>\n\n\n\n<ul class=\"wp-block-list\">\n<li><a aria-label=\"Direito Civil e Legisla\u00e7\u00e3o Civil Especial\u2028 (abre numa nova aba)\" href=\"https:\/\/www.estrategiaconcursos.com.br\/blog\/recurso-dp-df-direito-civil-e-legislacao-civil-especial\/\" target=\"_blank\" rel=\"noreferrer noopener\">Direito Civil e Legisla\u00e7\u00e3o Civil Especial<\/a><\/li>\n\n\n\n<li><a aria-label=\"Direito Constitucional (abre numa nova aba)\" href=\"https:\/\/www.estrategiaconcursos.com.br\/blog\/recurso-na-prova-da-defensoria-do-distrito-federal-direito-constitucional\/\" target=\"_blank\" rel=\"noreferrer noopener\">Direito Constitucional<\/a><\/li>\n<\/ul>\n\n\n\n<h3 class=\"wp-block-heading\">Crit\u00e9rios para aprova\u00e7\u00e3o<\/h3>\n\n\n\n<ul class=\"wp-block-list\">\n<li><strong>Nota m\u00e1xima<\/strong>: 200 pontos.<\/li>\n\n\n\n<li><strong>Nota m\u00ednima<\/strong>: 100 pontos.<\/li>\n\n\n\n<li><strong>Convocados para a prova discursiva<\/strong>: classificados at\u00e9 a 240\u00aa posi\u00e7\u00e3o (ampla concorr\u00eancia) e 60\u00aa posi\u00e7\u00e3o (pessoas com defici\u00eancia, respeitados os empates.<\/li>\n<\/ul>\n\n\n\n<h2 class=\"wp-block-heading\" id=\"discursivas\">Concurso  Defensor DF: Provas discursivas<\/h2>\n\n\n\n<p>Os candidatos ao cargo de Defensor P\u00fablico do Distrito Federal tiveram que passar por duas provas discursivas com o valor de&nbsp;100 pontos cada. Ambas ter\u00e3o dura\u00e7\u00e3o m\u00e1xima de <em><strong>5<\/strong><\/em><strong><em> horas<\/em><\/strong> cada e foram compostas por&nbsp;<strong><em>uma pe\u00e7a processual<\/em><\/strong> e <strong><em>quatro quest\u00f5es<\/em><\/strong> cada. <\/p>\n\n\n\n<p>Para a realiza\u00e7\u00e3o das provas discursivas, foi poss\u00edvel consultar a legisla\u00e7\u00e3o desacompanhada de anota\u00e7\u00e3o ou coment\u00e1rio, mesmo que em formato livro, vedada a consulta a obras doutrin\u00e1rias, s\u00famulas e orienta\u00e7\u00e3o jurisprudencial, bem como a utiliza\u00e7\u00e3o de c\u00f3pias reprogr\u00e1ficas ou de qualquer documento obtido na internet. <\/p>\n\n\n\n<h3 class=\"wp-block-heading\">Distribui\u00e7\u00e3o dos pontos<\/h3>\n\n\n\n<p><strong>Por prova<\/strong>: 100 pontos cada.<\/p>\n\n\n\n<p><strong>Por parte da prova:<\/strong><\/p>\n\n\n\n<ul class=\"wp-block-list\">\n<li>Pe\u00e7as processuais: 60 pontos cada.<\/li>\n\n\n\n<li>Quest\u00f5es: 10 pontos cada.<\/li>\n<\/ul>\n\n\n\n<p><strong>Nota m\u00ednima por  prova<\/strong>: 60 pontos.<\/p>\n\n\n\n<h2 class=\"wp-block-heading\" id=\"oral\">Concurso Defensor DF: Prova Oral<\/h2>\n\n\n\n<p>Respeitados os empates na \u00faltima coloca\u00e7\u00e3o, ser\u00e3o convocados para a prova oral os candidatos aprovados nas provas discursivas e classificados at\u00e9 a 120\u00aa posi\u00e7\u00e3o, para os candidatos de ampla concorr\u00eancia, e at\u00e9 a 30\u00aa posi\u00e7\u00e3o, para os candidatos que se declararam com defici\u00eancia. <\/p>\n\n\n\n<p>A prova oral valer\u00e1 em seu conjunto 60,00 pontos e ser\u00e1 dividida em tr\u00eas grupos distintos, cada um valendo 20,00 pontos, englobando as seguintes \u00e1reas de conhecimento: <\/p>\n\n\n\n<ul class=\"wp-block-list\">\n<li><strong>Grupo I: <\/strong>Direito Administrativo, Direito Constitucional e Direitos Difusos e Coletivos; <\/li>\n\n\n\n<li><strong>Grupo II: <\/strong>Direito Civil, Direito Processual Civil e Direito do Consumidor;<\/li>\n\n\n\n<li><strong>Grupo III: <\/strong>Direito Penal, Direito Processual Penal e Direitos Humanos. 1<\/li>\n<\/ul>\n\n\n\n<p><strong>Notas m\u00ednimas<\/strong>: 10 pontos por grupo da prova oral.<\/p>\n\n\n\n<h2 class=\"wp-block-heading\" id=\"t\u00edtulos\">Concurso Defensor DF: Avalia\u00e7\u00e3o de T\u00edtulos<\/h2>\n\n\n\n<p>Os candidatos aprovados na prova oral ser\u00e3o convocados a apresentar a documenta\u00e7\u00e3o comprobat\u00f3ria dos t\u00edtulos. Esta fase do certame atribuir\u00e1, no m\u00e1ximo, 10 pontos, distribu\u00eddos de acordo com a tabela abaixo:<\/p>\n\n\n\n<figure class=\"wp-block-table is-style-stripes\"><table class=\"has-background has-fixed-layout\" style=\"background-color:#e7f5fe\"><tbody><tr><td><strong>Al\u00ednea<\/strong>   <\/td><td><strong>T\u00edtulo<\/strong>   <\/td><td><strong>Pontua\u00e7\u00e3o de cada t\u00edtulo<\/strong>   <\/td><td><strong>Pontua\u00e7\u00e3o m\u00e1xima dos t\u00edtulos<\/strong>   <\/td><\/tr><tr><td>A   <\/td><td>Exerc\u00edcio do cargo de defensor p\u00fablico.   <\/td><td>0,40 por ano completo   <\/td><td>2,00   <\/td><\/tr><tr><td>B   <\/td><td>Exerc\u00edcio do cargo de juiz, promotor e  procurador.   <\/td><td>0,30 por ano completo   <\/td><td>0,90   <\/td><\/tr><tr><td>C   <\/td><td>Exerc\u00edcio de magist\u00e9rio em curso de  ensino superior na \u00e1rea de Direito.   <\/td><td>0,20 por ano completo   <\/td><td>1,00   <\/td><\/tr><tr><td>D   <\/td><td>Exerc\u00edcio de advocacia p\u00fablica ou  privada por um per\u00edodo m\u00ednimo de dois anos completos.   <\/td><td>0,20 por ano completo a partir do 3\u00ba   <\/td><td>0,40   <\/td><\/tr><tr><td>E   <\/td><td>Servi\u00e7o prestado como titular de carreira jur\u00eddica, excetuados os t\u00edtulos j\u00e1 inclu\u00eddos nas al\u00edneas A, B, C e D.   <\/td><td>0,20 por ano completo   <\/td><td>0,60   <\/td><\/tr><tr><td>F   <\/td><td>Aprova\u00e7\u00e3o em concurso p\u00fablico para o cargo de defensor p\u00fablico, excetuando-se aprova\u00e7\u00e3o em concurso p\u00fablico   pontuado na al\u00ednea A.   <\/td><td>0,20      <\/td><td>0,40   <\/td><\/tr><tr><td>G   <\/td><td>\n  Aprova\u00e7\u00e3o em concurso p\u00fablico para\n  cargo privativo de bacharel em Direito, excetuando-se aprova\u00e7\u00e3o em concurso\n  p\u00fablico pontuado como tempo de servi\u00e7o nas al\u00edneas anteriores\n  <\/td><td>\n  \n  0,10 \n  <\/td><td>\n  \n  0,40\n  <\/td><\/tr><tr><td>H   <\/td><td>Diploma, devidamente registrado, de   doutorado em Direito e Ci\u00eancias Sociais ou Humanas. Tamb\u00e9m ser\u00e1 aceito(a)   certificado\/declara\u00e7\u00e3o de conclus\u00e3o do doutorado, acompanhado do hist\u00f3rico do   curso.   <\/td><td> 1,50   <\/td><td> 1,50   <\/td><\/tr><tr><td>I   <\/td><td>Diploma, devidamente registrado, de mestrado em Direito e Ci\u00eancias Sociais ou Humanas. Tamb\u00e9m ser\u00e1 aceito(a) certificado\/declara\u00e7\u00e3o de conclus\u00e3o do mestrado, acompanhado do hist\u00f3rico do   curso.   <\/td><td>  1,00   <\/td><td> 1,00   <\/td><\/tr><tr><td>J   <\/td><td>Certificado, devidamente registrado, de   conclus\u00e3o de especializa\u00e7\u00e3o com carga hor\u00e1ria m\u00ednima de 360h (monografia   aprovada) em qualquer \u00e1rea do Direito. Tamb\u00e9m ser\u00e1 aceito(a)   certificado\/declara\u00e7\u00e3o de conclus\u00e3o da especializa\u00e7\u00e3o, acompanhado do   hist\u00f3rico do curso.   <\/td><td>0,50    <\/td><td>0,50    <\/td><\/tr><tr><td>K   <\/td><td>Certificado de curso preparat\u00f3rio  ministrado pelas Escolas da Defensoria P\u00fablica, de qualquer unidade da   Federa\u00e7\u00e3o, com carga hor\u00e1ria m\u00ednima de 360 horas.   <\/td><td> 0,40   <\/td><td>  0,40   <\/td><\/tr><tr><td>L   <\/td><td>Est\u00e1gio na Defensoria P\u00fablica com  dura\u00e7\u00e3o m\u00ednima de 1 ano.   <\/td><td>0,20 ponto por ano   <\/td><td>0,40   <\/td><\/tr><tr><td><strong>TOTAL<\/strong>   <\/td><td><strong>&#8211; &#8211; &#8211;<\/strong>   <\/td><td>\n  \n  <\/td><td><strong>10,00<\/strong>   <\/td><\/tr><\/tbody><\/table><\/figure>\n\n\n\n<p class=\"has-text-align-center\" style=\"font-size:clamp(16.293px, 1.018rem + ((1vw - 3.2px) * 0.854), 25px);px\"><strong>Cursos para concurso Defensor DF<\/strong><\/p>\n\n\n\n<p class=\"has-text-align-center has-very-light-gray-background-color has-background\" style=\"font-size:clamp(16.293px, 1.018rem + ((1vw - 3.2px) * 0.854), 25px);px\"><em><u class=\"remove-format\"><strong><a href=\"https:\/\/www.estrategiaconcursos.com.br\/cursosPorConcurso\/defensoria-publica-df\/\">CURSO Defensor DF<\/a><\/strong><\/u><\/em><\/p>\n\n\n\n<h2 class=\"wp-block-heading has-text-align-center\">Assinatura Jur\u00eddica<\/h2>\n\n\n\n<p class=\"has-text-align-left\">Estude com a maior assinatura jur\u00eddica! Cursos on\u2011line complet\u00edssimos em PDFs e videoaulas, com conte\u00fado te\u00f3rico did\u00e1tico, legisla\u00e7\u00e3o e jurisprud\u00eancia analisados, resolu\u00e7\u00e3o de in\u00fameras quest\u00f5es e resumos ao final de cada aula.<\/p>\n\n\n\n<p class=\"has-text-align-center has-very-dark-gray-color has-luminous-vivid-amber-background-color has-text-color has-background\" style=\"font-size:clamp(16.293px, 1.018rem + ((1vw - 3.2px) * 0.854), 25px);px\"><strong>ACESSE: <a href=\"https:\/\/www.estrategiaconcursos.com.br\/assinaturas-ecj\/\" target=\"_blank\" rel=\"noreferrer noopener\">Assinatura Jur\u00eddica<\/a><\/strong><\/p>\n\n\n\n<p class=\"has-text-align-center\"><em><strong>Fique por dentro de todos os concursos<\/strong><\/em>:<\/p>\n\n\n\n<p class=\"has-text-align-center\">Quer ficar em dia com as principais novidades no mundo dos concursos p\u00fablicos? Confira os principais concursos com inscri\u00e7\u00f5es abertas, al\u00e9m de editais previstos para o 2\u00ba semestre de 2020 e in\u00edcio de 2021:<\/p>\n\n\n\n<p class=\"has-text-align-center has-pale-cyan-blue-background-color has-background\"><strong><a href=\"https:\/\/www.estrategiaconcursos.com.br\/blog\/concursos-abertos\/\" target=\"_blank\" rel=\"noreferrer noopener\">Concursos abertos<\/a><\/strong><\/p>\n\n\n\n<p class=\"has-text-align-center has-pale-cyan-blue-background-color has-background\"><strong><a href=\"https:\/\/www.estrategiaconcursos.com.br\/blog\/concursos-de-direito\/\" target=\"_blank\" rel=\"noreferrer noopener\">Concursos de Direito<\/a><\/strong><\/p>\n\n\n\n<figure class=\"wp-block-image\"><img loading=\"lazy\" decoding=\"async\" width=\"300\" height=\"102\" src=\"https:\/\/dhg1h5j42swfq.cloudfront.net\/2017\/03\/28152500\/coruja-ficha-tecnica-300x102.png\" alt=\"Ficha t\u00e9cnica concurso DPDF Defensor\" class=\"wp-image-68542\"\/><\/figure>\n\n\n\n<h4 class=\"wp-block-heading\" id=\"ficha\"><strong>Informa\u00e7\u00f5es sobre o concurso Defensor DF<\/strong><\/h4>\n\n\n\n<p>\u25ba<strong>Data da&nbsp;prova<\/strong>: 7 de julho <br \/>\u25ba<strong>Vagas<\/strong>: 12<br \/>\u25ba<strong>Cargos<\/strong>: Defensor P\u00fablico<br \/>\u25ba<strong>Lota\u00e7\u00f5es<\/strong>: Distrito Federal<br \/>\u25ba<strong>Banca<\/strong>: Cespe\/Cebraspe<br \/>\u25ba<strong>Escolaridade<\/strong>: Superior em Direito + OAB + 2 anos de pr\u00e1tica forense<\/p>\n\n\n\n<p>\u25ba<strong><a aria-label=\"Edital DPDF (abre numa nova aba)\" href=\"https:\/\/dhg1h5j42swfq.cloudfront.net\/2019\/06\/18085423\/Edital-DPDF-Defensor-2019.pdf.pdf\" target=\"_blank\" rel=\"noreferrer noopener\">Edital<\/a><\/strong><a aria-label=\"Edital DPDF (abre numa nova aba)\" href=\"https:\/\/dhg1h5j42swfq.cloudfront.net\/2019\/06\/18085423\/Edital-DPDF-Defensor-2019.pdf.pdf\" target=\"_blank\" rel=\"noreferrer noopener\"> <\/a><strong><a aria-label=\"Edital DPDF (abre numa nova aba)\" href=\"https:\/\/dhg1h5j42swfq.cloudfront.net\/2019\/06\/18085423\/Edital-DPDF-Defensor-2019.pdf.pdf\" target=\"_blank\" rel=\"noreferrer noopener\">Defensor DF<\/a><\/strong><\/p>\n\n\n\n<p><em>Ascom Estrat\u00e9gia<\/em><br \/>ascomestrategia@gmail.com <\/p>\n","protected":false},"excerpt":{"rendered":"<p>A Defensora P\u00fablica-Geral da Defensoria P\u00fablica do Distrito Federal, Maria Jos\u00e9 Silva Souza de N\u00e1polis, resolveu suspender o prazo de validade do concurso Defensor DF. De acordo com o documento divulgado, a decis\u00e3o foi tomada por causa da pandemia de Covid-19 que afeta o Brasil. A Suspens\u00e3o ficar\u00e1 v\u00e1lida at\u00e9 o dia 31 de dezembro [&hellip;]<\/p>\n","protected":false},"author":1,"featured_media":156692,"comment_status":"open","ping_status":"closed","sticky":false,"template":"","format":"standard","meta":{"post_tipo":"news","footnotes":""},"categories":[2185],"tags":[],"tax_estado":[219970],"class_list":["post-127987","post","type-post","status-publish","format-standard","has-post-thumbnail","hentry","category-carreiras-juridicas","tax_estado-df"],"acf":[],"yoast_head":"<!-- This site is optimized with the Yoast SEO Premium plugin v27.2 (Yoast SEO v27.2) - https:\/\/yoast.com\/product\/yoast-seo-premium-wordpress\/ -->\n<title>Concurso Defensor DF: prazo de validade SUSPENSO<\/title>\n<meta name=\"description\" content=\"Concurso Defensor DF: suspenso o prazo de validade do certame por causa da pandemia de Covid-19. Confira neste artigo todas as informa\u00e7\u00f5es!\" \/>\n<meta name=\"robots\" content=\"index, follow, max-snippet:-1, max-image-preview:large, max-video-preview:-1\" \/>\n<link rel=\"canonical\" href=\"https:\/\/www.estrategiaconcursos.com.br\/blog\/concurso-defensor-df\/\" \/>\n<meta property=\"og:locale\" content=\"pt_BR\" \/>\n<meta property=\"og:type\" content=\"article\" \/>\n<meta property=\"og:title\" content=\"Concurso Defensor DF: prazo de validade SUSPENSO\" \/>\n<meta property=\"og:description\" content=\"Concurso Defensor DF: suspenso o prazo de validade do certame por causa da pandemia de Covid-19. Confira neste artigo todas as informa\u00e7\u00f5es!\" \/>\n<meta property=\"og:url\" content=\"https:\/\/www.estrategiaconcursos.com.br\/blog\/concurso-defensor-df\/\" \/>\n<meta property=\"og:site_name\" content=\"Estrat\u00e9gia Concursos\" \/>\n<meta property=\"article:author\" content=\"https:\/\/www.facebook.com\/EstrategiaConcursos\" \/>\n<meta property=\"article:published_time\" content=\"2020-09-01T03:00:00+00:00\" \/>\n<meta property=\"article:modified_time\" content=\"2023-04-13T20:15:22+00:00\" \/>\n<meta property=\"og:image\" content=\"https:\/\/dhg1h5j42swfq.cloudfront.net\/2018\/12\/26070048\/nome.jpg\" \/>\n\t<meta property=\"og:image:width\" content=\"1200\" \/>\n\t<meta property=\"og:image:height\" content=\"628\" \/>\n\t<meta property=\"og:image:type\" content=\"image\/jpeg\" \/>\n<meta name=\"author\" content=\"Coordena\u00e7\u00e3o\" \/>\n<meta name=\"twitter:card\" content=\"summary_large_image\" \/>\n<meta name=\"twitter:creator\" content=\"@EstratConcursos\" \/>\n<meta name=\"twitter:site\" content=\"@EstratConcursos\" \/>\n<meta name=\"twitter:label1\" content=\"Escrito por\" \/>\n\t<meta name=\"twitter:data1\" content=\"Coordena\u00e7\u00e3o\" \/>\n\t<meta name=\"twitter:label2\" content=\"Est. tempo de leitura\" \/>\n\t<meta name=\"twitter:data2\" content=\"7 minutos\" \/>\n<script type=\"application\/ld+json\" class=\"yoast-schema-graph\">{\"@context\":\"https:\/\/schema.org\",\"@graph\":[{\"@type\":\"NewsArticle\",\"@id\":\"https:\/\/www.estrategiaconcursos.com.br\/blog\/concurso-defensor-df\/#article\",\"isPartOf\":{\"@id\":\"https:\/\/www.estrategiaconcursos.com.br\/blog\/concurso-defensor-df\/\"},\"author\":{\"name\":\"Coordena\u00e7\u00e3o\",\"@id\":\"https:\/\/www.estrategiaconcursos.com.br\/blog\/#\/schema\/person\/b4a388c97673c5f483d72185668afa1f\"},\"headline\":\"Concurso Defensor DF: prazo de validade SUSPENSO\",\"datePublished\":\"2020-09-01T03:00:00+00:00\",\"dateModified\":\"2023-04-13T20:15:22+00:00\",\"mainEntityOfPage\":{\"@id\":\"https:\/\/www.estrategiaconcursos.com.br\/blog\/concurso-defensor-df\/\"},\"wordCount\":1570,\"commentCount\":8,\"publisher\":{\"@id\":\"https:\/\/www.estrategiaconcursos.com.br\/blog\/#organization\"},\"image\":{\"@id\":\"https:\/\/www.estrategiaconcursos.com.br\/blog\/concurso-defensor-df\/#primaryimage\"},\"thumbnailUrl\":\"https:\/\/dhg1h5j42swfq.cloudfront.net\/2018\/12\/26070048\/nome.jpg\",\"articleSection\":[\"Jur\u00eddico\"],\"inLanguage\":\"pt-BR\",\"potentialAction\":[{\"@type\":\"CommentAction\",\"name\":\"Comment\",\"target\":[\"https:\/\/www.estrategiaconcursos.com.br\/blog\/concurso-defensor-df\/#respond\"]}],\"copyrightYear\":\"2020\",\"copyrightHolder\":{\"@id\":\"https:\/\/www.estrategiaconcursos.com.br\/blog\/#organization\"}},{\"@type\":\"WebPage\",\"@id\":\"https:\/\/www.estrategiaconcursos.com.br\/blog\/concurso-defensor-df\/\",\"url\":\"https:\/\/www.estrategiaconcursos.com.br\/blog\/concurso-defensor-df\/\",\"name\":\"Concurso Defensor DF: prazo de validade SUSPENSO\",\"isPartOf\":{\"@id\":\"https:\/\/www.estrategiaconcursos.com.br\/blog\/#website\"},\"primaryImageOfPage\":{\"@id\":\"https:\/\/www.estrategiaconcursos.com.br\/blog\/concurso-defensor-df\/#primaryimage\"},\"image\":{\"@id\":\"https:\/\/www.estrategiaconcursos.com.br\/blog\/concurso-defensor-df\/#primaryimage\"},\"thumbnailUrl\":\"https:\/\/dhg1h5j42swfq.cloudfront.net\/2018\/12\/26070048\/nome.jpg\",\"datePublished\":\"2020-09-01T03:00:00+00:00\",\"dateModified\":\"2023-04-13T20:15:22+00:00\",\"description\":\"Concurso Defensor DF: suspenso o prazo de validade do certame por causa da pandemia de Covid-19. Confira neste artigo todas as informa\u00e7\u00f5es!\",\"breadcrumb\":{\"@id\":\"https:\/\/www.estrategiaconcursos.com.br\/blog\/concurso-defensor-df\/#breadcrumb\"},\"inLanguage\":\"pt-BR\",\"potentialAction\":[{\"@type\":\"ReadAction\",\"target\":[\"https:\/\/www.estrategiaconcursos.com.br\/blog\/concurso-defensor-df\/\"]}]},{\"@type\":\"ImageObject\",\"inLanguage\":\"pt-BR\",\"@id\":\"https:\/\/www.estrategiaconcursos.com.br\/blog\/concurso-defensor-df\/#primaryimage\",\"url\":\"https:\/\/dhg1h5j42swfq.cloudfront.net\/2018\/12\/26070048\/nome.jpg\",\"contentUrl\":\"https:\/\/dhg1h5j42swfq.cloudfront.net\/2018\/12\/26070048\/nome.jpg\",\"width\":1200,\"height\":628,\"caption\":\"concurso defensor df\"},{\"@type\":\"BreadcrumbList\",\"@id\":\"https:\/\/www.estrategiaconcursos.com.br\/blog\/concurso-defensor-df\/#breadcrumb\",\"itemListElement\":[{\"@type\":\"ListItem\",\"position\":1,\"name\":\"In\u00edcio\",\"item\":\"https:\/\/www.estrategiaconcursos.com.br\/blog\/\"},{\"@type\":\"ListItem\",\"position\":2,\"name\":\"Concurso Defensor DF: prazo de validade SUSPENSO\"}]},{\"@type\":\"WebSite\",\"@id\":\"https:\/\/www.estrategiaconcursos.com.br\/blog\/#website\",\"url\":\"https:\/\/www.estrategiaconcursos.com.br\/blog\/\",\"name\":\"Estrat\u00e9gia Concursos\",\"description\":\"O blog da Estrat\u00e9gia Concursos traz not\u00edcias sobre concursos e artigos de professores oferecendo cursos para concursos (pdf + videaulas) no site.\",\"publisher\":{\"@id\":\"https:\/\/www.estrategiaconcursos.com.br\/blog\/#organization\"},\"potentialAction\":[{\"@type\":\"SearchAction\",\"target\":{\"@type\":\"EntryPoint\",\"urlTemplate\":\"https:\/\/www.estrategiaconcursos.com.br\/blog\/?s={search_term_string}\"},\"query-input\":{\"@type\":\"PropertyValueSpecification\",\"valueRequired\":true,\"valueName\":\"search_term_string\"}}],\"inLanguage\":\"pt-BR\"},{\"@type\":\"Organization\",\"@id\":\"https:\/\/www.estrategiaconcursos.com.br\/blog\/#organization\",\"name\":\"Estrat\u00e9gia Concursos\",\"url\":\"https:\/\/www.estrategiaconcursos.com.br\/blog\/\",\"logo\":{\"@type\":\"ImageObject\",\"inLanguage\":\"pt-BR\",\"@id\":\"https:\/\/www.estrategiaconcursos.com.br\/blog\/#\/schema\/logo\/image\/\",\"url\":\"https:\/\/dhg1h5j42swfq.cloudfront.net\/2025\/06\/03203428\/logo_concursos-1.jpg\",\"contentUrl\":\"https:\/\/dhg1h5j42swfq.cloudfront.net\/2025\/06\/03203428\/logo_concursos-1.jpg\",\"width\":230,\"height\":60,\"caption\":\"Estrat\u00e9gia Concursos\"},\"image\":{\"@id\":\"https:\/\/www.estrategiaconcursos.com.br\/blog\/#\/schema\/logo\/image\/\"},\"sameAs\":[\"https:\/\/x.com\/EstratConcursos\"]},{\"@type\":\"Person\",\"@id\":\"https:\/\/www.estrategiaconcursos.com.br\/blog\/#\/schema\/person\/b4a388c97673c5f483d72185668afa1f\",\"name\":\"Coordena\u00e7\u00e3o\",\"image\":{\"@type\":\"ImageObject\",\"inLanguage\":\"pt-BR\",\"@id\":\"https:\/\/secure.gravatar.com\/avatar\/b720319e4c9a967eb58678d110f4fe35452fc5d5f97b202bac7b8acceb18c6ad?s=96&d=mm&r=g\",\"url\":\"https:\/\/secure.gravatar.com\/avatar\/b720319e4c9a967eb58678d110f4fe35452fc5d5f97b202bac7b8acceb18c6ad?s=96&d=mm&r=g\",\"contentUrl\":\"https:\/\/secure.gravatar.com\/avatar\/b720319e4c9a967eb58678d110f4fe35452fc5d5f97b202bac7b8acceb18c6ad?s=96&d=mm&r=g\",\"caption\":\"Coordena\u00e7\u00e3o\"},\"sameAs\":[\"https:\/\/www.facebook.com\/EstrategiaConcursos\",\"https:\/\/x.com\/EstratConcursos\"],\"url\":\"https:\/\/www.estrategiaconcursos.com.br\/blog\/author\/estrategia2013\/\"}]}<\/script>\n<!-- \/ Yoast SEO Premium plugin. -->","yoast_head_json":{"title":"Concurso Defensor DF: prazo de validade SUSPENSO","description":"Concurso Defensor DF: suspenso o prazo de validade do certame por causa da pandemia de Covid-19. Confira neste artigo todas as informa\u00e7\u00f5es!","robots":{"index":"index","follow":"follow","max-snippet":"max-snippet:-1","max-image-preview":"max-image-preview:large","max-video-preview":"max-video-preview:-1"},"canonical":"https:\/\/www.estrategiaconcursos.com.br\/blog\/concurso-defensor-df\/","og_locale":"pt_BR","og_type":"article","og_title":"Concurso Defensor DF: prazo de validade SUSPENSO","og_description":"Concurso Defensor DF: suspenso o prazo de validade do certame por causa da pandemia de Covid-19. Confira neste artigo todas as informa\u00e7\u00f5es!","og_url":"https:\/\/www.estrategiaconcursos.com.br\/blog\/concurso-defensor-df\/","og_site_name":"Estrat\u00e9gia Concursos","article_author":"https:\/\/www.facebook.com\/EstrategiaConcursos","article_published_time":"2020-09-01T03:00:00+00:00","article_modified_time":"2023-04-13T20:15:22+00:00","og_image":[{"width":1200,"height":628,"url":"https:\/\/dhg1h5j42swfq.cloudfront.net\/2018\/12\/26070048\/nome.jpg","type":"image\/jpeg"}],"author":"Coordena\u00e7\u00e3o","twitter_card":"summary_large_image","twitter_creator":"@EstratConcursos","twitter_site":"@EstratConcursos","twitter_misc":{"Escrito por":"Coordena\u00e7\u00e3o","Est. tempo de leitura":"7 minutos"},"schema":{"@context":"https:\/\/schema.org","@graph":[{"@type":"NewsArticle","@id":"https:\/\/www.estrategiaconcursos.com.br\/blog\/concurso-defensor-df\/#article","isPartOf":{"@id":"https:\/\/www.estrategiaconcursos.com.br\/blog\/concurso-defensor-df\/"},"author":{"name":"Coordena\u00e7\u00e3o","@id":"https:\/\/www.estrategiaconcursos.com.br\/blog\/#\/schema\/person\/b4a388c97673c5f483d72185668afa1f"},"headline":"Concurso Defensor DF: prazo de validade SUSPENSO","datePublished":"2020-09-01T03:00:00+00:00","dateModified":"2023-04-13T20:15:22+00:00","mainEntityOfPage":{"@id":"https:\/\/www.estrategiaconcursos.com.br\/blog\/concurso-defensor-df\/"},"wordCount":1570,"commentCount":8,"publisher":{"@id":"https:\/\/www.estrategiaconcursos.com.br\/blog\/#organization"},"image":{"@id":"https:\/\/www.estrategiaconcursos.com.br\/blog\/concurso-defensor-df\/#primaryimage"},"thumbnailUrl":"https:\/\/dhg1h5j42swfq.cloudfront.net\/2018\/12\/26070048\/nome.jpg","articleSection":["Jur\u00eddico"],"inLanguage":"pt-BR","potentialAction":[{"@type":"CommentAction","name":"Comment","target":["https:\/\/www.estrategiaconcursos.com.br\/blog\/concurso-defensor-df\/#respond"]}],"copyrightYear":"2020","copyrightHolder":{"@id":"https:\/\/www.estrategiaconcursos.com.br\/blog\/#organization"}},{"@type":"WebPage","@id":"https:\/\/www.estrategiaconcursos.com.br\/blog\/concurso-defensor-df\/","url":"https:\/\/www.estrategiaconcursos.com.br\/blog\/concurso-defensor-df\/","name":"Concurso Defensor DF: prazo de validade SUSPENSO","isPartOf":{"@id":"https:\/\/www.estrategiaconcursos.com.br\/blog\/#website"},"primaryImageOfPage":{"@id":"https:\/\/www.estrategiaconcursos.com.br\/blog\/concurso-defensor-df\/#primaryimage"},"image":{"@id":"https:\/\/www.estrategiaconcursos.com.br\/blog\/concurso-defensor-df\/#primaryimage"},"thumbnailUrl":"https:\/\/dhg1h5j42swfq.cloudfront.net\/2018\/12\/26070048\/nome.jpg","datePublished":"2020-09-01T03:00:00+00:00","dateModified":"2023-04-13T20:15:22+00:00","description":"Concurso Defensor DF: suspenso o prazo de validade do certame por causa da pandemia de Covid-19. Confira neste artigo todas as informa\u00e7\u00f5es!","breadcrumb":{"@id":"https:\/\/www.estrategiaconcursos.com.br\/blog\/concurso-defensor-df\/#breadcrumb"},"inLanguage":"pt-BR","potentialAction":[{"@type":"ReadAction","target":["https:\/\/www.estrategiaconcursos.com.br\/blog\/concurso-defensor-df\/"]}]},{"@type":"ImageObject","inLanguage":"pt-BR","@id":"https:\/\/www.estrategiaconcursos.com.br\/blog\/concurso-defensor-df\/#primaryimage","url":"https:\/\/dhg1h5j42swfq.cloudfront.net\/2018\/12\/26070048\/nome.jpg","contentUrl":"https:\/\/dhg1h5j42swfq.cloudfront.net\/2018\/12\/26070048\/nome.jpg","width":1200,"height":628,"caption":"concurso defensor df"},{"@type":"BreadcrumbList","@id":"https:\/\/www.estrategiaconcursos.com.br\/blog\/concurso-defensor-df\/#breadcrumb","itemListElement":[{"@type":"ListItem","position":1,"name":"In\u00edcio","item":"https:\/\/www.estrategiaconcursos.com.br\/blog\/"},{"@type":"ListItem","position":2,"name":"Concurso Defensor DF: prazo de validade SUSPENSO"}]},{"@type":"WebSite","@id":"https:\/\/www.estrategiaconcursos.com.br\/blog\/#website","url":"https:\/\/www.estrategiaconcursos.com.br\/blog\/","name":"Estrat\u00e9gia Concursos","description":"O blog da Estrat\u00e9gia Concursos traz not\u00edcias sobre concursos e artigos de professores oferecendo cursos para concursos (pdf + videaulas) no site.","publisher":{"@id":"https:\/\/www.estrategiaconcursos.com.br\/blog\/#organization"},"potentialAction":[{"@type":"SearchAction","target":{"@type":"EntryPoint","urlTemplate":"https:\/\/www.estrategiaconcursos.com.br\/blog\/?s={search_term_string}"},"query-input":{"@type":"PropertyValueSpecification","valueRequired":true,"valueName":"search_term_string"}}],"inLanguage":"pt-BR"},{"@type":"Organization","@id":"https:\/\/www.estrategiaconcursos.com.br\/blog\/#organization","name":"Estrat\u00e9gia Concursos","url":"https:\/\/www.estrategiaconcursos.com.br\/blog\/","logo":{"@type":"ImageObject","inLanguage":"pt-BR","@id":"https:\/\/www.estrategiaconcursos.com.br\/blog\/#\/schema\/logo\/image\/","url":"https:\/\/dhg1h5j42swfq.cloudfront.net\/2025\/06\/03203428\/logo_concursos-1.jpg","contentUrl":"https:\/\/dhg1h5j42swfq.cloudfront.net\/2025\/06\/03203428\/logo_concursos-1.jpg","width":230,"height":60,"caption":"Estrat\u00e9gia Concursos"},"image":{"@id":"https:\/\/www.estrategiaconcursos.com.br\/blog\/#\/schema\/logo\/image\/"},"sameAs":["https:\/\/x.com\/EstratConcursos"]},{"@type":"Person","@id":"https:\/\/www.estrategiaconcursos.com.br\/blog\/#\/schema\/person\/b4a388c97673c5f483d72185668afa1f","name":"Coordena\u00e7\u00e3o","image":{"@type":"ImageObject","inLanguage":"pt-BR","@id":"https:\/\/secure.gravatar.com\/avatar\/b720319e4c9a967eb58678d110f4fe35452fc5d5f97b202bac7b8acceb18c6ad?s=96&d=mm&r=g","url":"https:\/\/secure.gravatar.com\/avatar\/b720319e4c9a967eb58678d110f4fe35452fc5d5f97b202bac7b8acceb18c6ad?s=96&d=mm&r=g","contentUrl":"https:\/\/secure.gravatar.com\/avatar\/b720319e4c9a967eb58678d110f4fe35452fc5d5f97b202bac7b8acceb18c6ad?s=96&d=mm&r=g","caption":"Coordena\u00e7\u00e3o"},"sameAs":["https:\/\/www.facebook.com\/EstrategiaConcursos","https:\/\/x.com\/EstratConcursos"],"url":"https:\/\/www.estrategiaconcursos.com.br\/blog\/author\/estrategia2013\/"}]}},"_links":{"self":[{"href":"https:\/\/www.estrategiaconcursos.com.br\/blog\/wp-json\/wp\/v2\/posts\/127987","targetHints":{"allow":["GET"]}}],"collection":[{"href":"https:\/\/www.estrategiaconcursos.com.br\/blog\/wp-json\/wp\/v2\/posts"}],"about":[{"href":"https:\/\/www.estrategiaconcursos.com.br\/blog\/wp-json\/wp\/v2\/types\/post"}],"author":[{"embeddable":true,"href":"https:\/\/www.estrategiaconcursos.com.br\/blog\/wp-json\/wp\/v2\/users\/1"}],"replies":[{"embeddable":true,"href":"https:\/\/www.estrategiaconcursos.com.br\/blog\/wp-json\/wp\/v2\/comments?post=127987"}],"version-history":[{"count":88,"href":"https:\/\/www.estrategiaconcursos.com.br\/blog\/wp-json\/wp\/v2\/posts\/127987\/revisions"}],"predecessor-version":[{"id":1201409,"href":"https:\/\/www.estrategiaconcursos.com.br\/blog\/wp-json\/wp\/v2\/posts\/127987\/revisions\/1201409"}],"wp:featuredmedia":[{"embeddable":true,"href":"https:\/\/www.estrategiaconcursos.com.br\/blog\/wp-json\/wp\/v2\/media\/156692"}],"wp:attachment":[{"href":"https:\/\/www.estrategiaconcursos.com.br\/blog\/wp-json\/wp\/v2\/media?parent=127987"}],"wp:term":[{"taxonomy":"category","embeddable":true,"href":"https:\/\/www.estrategiaconcursos.com.br\/blog\/wp-json\/wp\/v2\/categories?post=127987"},{"taxonomy":"post_tag","embeddable":true,"href":"https:\/\/www.estrategiaconcursos.com.br\/blog\/wp-json\/wp\/v2\/tags?post=127987"},{"taxonomy":"tax_estado","embeddable":true,"href":"https:\/\/www.estrategiaconcursos.com.br\/blog\/wp-json\/wp\/v2\/tax_estado?post=127987"}],"curies":[{"name":"wp","href":"https:\/\/api.w.org\/{rel}","templated":true}]}}