{"id":1278620,"date":"2023-10-12T08:00:00","date_gmt":"2023-10-12T11:00:00","guid":{"rendered":"https:\/\/www.estrategiaconcursos.com.br\/blog\/?p=1278620"},"modified":"2023-10-02T11:22:27","modified_gmt":"2023-10-02T14:22:27","slug":"prevencao-reacao-fenomeno-criminal","status":"publish","type":"post","link":"https:\/\/www.estrategiaconcursos.com.br\/blog\/prevencao-reacao-fenomeno-criminal\/","title":{"rendered":"Preven\u00e7\u00e3o e rea\u00e7\u00e3o ao fen\u00f4meno criminal: criminologia para PCSP"},"content":{"rendered":"\n<p>QAP, futuro Papa Charlie!? Como voc\u00ea est\u00e1? Espero que estejam bem! Nessa ocasi\u00e3o, estudaremos mais um tema o qual <a href=\"https:\/\/www.vunesp.com.br\/PCSP2301\">seu examinador<\/a> certamente abordar\u00e1 na disciplina de Criminologia para PCSP: <strong>preven\u00e7\u00e3o e rea\u00e7\u00e3o ao fen\u00f4meno criminal<\/strong>.<\/p>\n\n\n\n<p>Em raz\u00e3o disso, para facilitar a sua compreens\u00e3o acerca detse conte\u00fado e tornar o seu aprendizado mais did\u00e1tico, estruturamos este material de maneira objetiva, utilizando t\u00f3picos em sua formula\u00e7\u00e3o, bem como linguagem simples.<\/p>\n\n\n\n<p>Ademais, no primeiro t\u00edtulo iremos discorrer sobre as <strong>estrat\u00e9gias de preven\u00e7\u00e3o ao fen\u00f4meno criminal<\/strong>. Por outro lado, no t\u00edtulo seguinte, trataremos dos <strong>modelos de rea\u00e7\u00e3o ao crime<\/strong>.<\/p>\n\n\n\n<p>Por fim, \u00e9 salutar que voc\u00ea tenha bastante aten\u00e7\u00e3o nos conceitos e abordagens que apresentaremos a seguir, visto que se aborda esse tema com bastante recorr\u00eancia nas carreiras policiais, sobretudo em quest\u00f5es da sua banca examinadora (VUNESP).<\/p>\n\n\n\n<figure class=\"wp-block-image aligncenter size-full is-resized\"><img loading=\"lazy\" decoding=\"async\" src=\"https:\/\/dhg1h5j42swfq.cloudfront.net\/2023\/09\/17155538\/pc-sp-300x169-1.jpg\" alt=\"Preven\u00e7\u00e3o e rea\u00e7\u00e3o ao fen\u00f4meno criminal\" class=\"wp-image-1278679\" style=\"width:595px;height:335px\" width=\"595\" height=\"335\" srcset=\"https:\/\/dhg1h5j42swfq.cloudfront.net\/2023\/09\/17155538\/pc-sp-300x169-1.jpg 300w, https:\/\/dhg1h5j42swfq.cloudfront.net\/2023\/09\/17155538\/pc-sp-300x169-1-150x85.jpg 150w\" sizes=\"auto, (max-width: 595px) 100vw, 595px\" \/><\/figure>\n\n\n\n<p>Vamos nessa!<\/p>\n\n\n\n<h2 class=\"wp-block-heading\" id=\"h-prevencao-da-criminalidade\"><strong>Preven\u00e7\u00e3o da criminalidade<\/strong><\/h2>\n\n\n\n<p>A princ\u00edpio, sabemos que a preven\u00e7\u00e3o da criminalidade consiste em <strong>uma das finalidades da Criminologia<\/strong>. Nesse sentido, procura-se, em um primeiro instante, diagnosticar a criminog\u00eanese para, posteriormente, serem propostas medidas que visem a preven\u00e7\u00e3o das aludidas causas criminais.<\/p>\n\n\n\n<p>Assim, apresentam-se como grandes <strong>desafios \u00e0 preven\u00e7\u00e3o do fen\u00f4meno criminal<\/strong>:<\/p>\n\n\n\n<ul class=\"wp-block-list\">\n<li>A <strong>desigualdade social e econ\u00f4mica<\/strong> a qual resulta em aus\u00eancia de oportunidades e recursos para certos grupos. Tal causa, embora n\u00e3o seja determinante, pode contribuir para comportamentos criminosos;<\/li>\n\n\n\n<li>A <strong>efic\u00e1cia das interven\u00e7\u00f5es<\/strong>, dado que nem todas as interven\u00e7\u00f5es de preven\u00e7\u00e3o ao crime ser\u00e3o eficazes a depender do contexto em que se implemente. Isto \u00e9, a interven\u00e7\u00e3o \u2013 para ser eficaz \u2013 n\u00e3o deve ser gen\u00e9rica, mas singular ao ambiente de sua aplica\u00e7\u00e3o.<\/li>\n<\/ul>\n\n\n\n<p>Nesse cen\u00e1rio, podemos conceituar a preven\u00e7\u00e3o do delito como certo <strong>conjunto de a\u00e7\u00f5es as quais se destinam a evitar a pr\u00e1tica de crimes<\/strong>. Ademais, <strong>no Estado Democr\u00e1tico de Direito, o saber criminol\u00f3gico tem como norte a orienta\u00e7\u00e3o prevencionista, afinal, os interesses voltam-se a evitar \u00e0 infra\u00e7\u00e3o penal<\/strong>, e n\u00e3o em puni-la.<\/p>\n\n\n\n<p>Para encerrar o estudo da primeira parte da preven\u00e7\u00e3o e rea\u00e7\u00e3o ao fen\u00f4meno criminal, \u00e9 poss\u00edvel realizarmos a classifica\u00e7\u00e3o das estrat\u00e9gias prevencionistas do crime:<\/p>\n\n\n\n<ul class=\"wp-block-list\">\n<li>Os programas de <strong>m\u00e9dio\/longo prazo<\/strong> que tratam de <strong>resolver as situa\u00e7\u00f5es car\u00eancias crimin\u00f3genas<\/strong> se classificam como <strong>Preven\u00e7\u00e3o Prim\u00e1ria<\/strong>. Nessa perspectiva, promovem \u2013 entre outras a\u00e7\u00f5es sociais \u2013 educa\u00e7\u00e3o, sa\u00fade, trabalho e qualidade de vida \u00e0 popula\u00e7\u00e3o;<\/li>\n\n\n\n<li>A utiliza\u00e7\u00e3o do <strong>policiamento ostensivo<\/strong>, a <strong>interven\u00e7\u00e3o urbana<\/strong> e a <strong>interven\u00e7\u00e3o nos meios de comunica\u00e7\u00e3o<\/strong> se classificam como <strong>Preven\u00e7\u00e3o Secund\u00e1ria<\/strong>, sendo <strong>medidas, em geral, de curto prazo<\/strong>. Ilustra-se com programas de preven\u00e7\u00e3o policial, de controle dos meios de comunica\u00e7\u00e3o e de ordena\u00e7\u00e3o urbana.<\/li>\n\n\n\n<li>A <strong>preven\u00e7\u00e3o terci\u00e1ria<\/strong> se destina ao <strong>apenado<\/strong>, objetivando principalmente <strong>evitar a reincid\u00eancia<\/strong> desse sujeito. Ent\u00e3o, <strong>somente haver\u00e1 sua incid\u00eancia ap\u00f3s a pr\u00e1tica do crime<\/strong>, revelando car\u00e1ter <strong>punitivo e ressocializante<\/strong>.<\/li>\n<\/ul>\n\n\n\n<h2 class=\"wp-block-heading\" id=\"h-modelos-de-reacao-ao-crime\"><strong>Modelos de rea\u00e7\u00e3o ao crime<\/strong><\/h2>\n\n\n\n<p>Em primeiro lugar, devemos ter em mente que o fen\u00f4meno criminal \u00e9 complexo e afeta todas as sociedades. No entanto, <strong>o modo de rea\u00e7\u00e3o ao crime n\u00e3o \u00e9 singular, de forma que varia conforme o extrato social estudado<\/strong>. Nesse sentido, podemos compreender que os tais modelos <strong>representam abordagens e estrat\u00e9gias diferentes para lidar com o fen\u00f4meno delituoso e seus perpetradores<\/strong>.<\/p>\n\n\n\n<p>Sendo assim, o <strong>modelo cl\u00e1ssico, dissuas\u00f3rio ou retributivo<\/strong> confere <strong>essencial relev\u00e2ncia \u00e0 pretens\u00e3o punitiva do Estado e ao justo e necess\u00e1rio castigo do delinquente<\/strong>. Logo, o objetivo prim\u00e1rio desse modelo \u00e9 <strong>produzir efeito dissuas\u00f3rio preventivo na comunidade<\/strong>, bem como <strong>seus protagonistas s\u00e3o o Estado e o delinquente<\/strong>.<\/p>\n\n\n\n<ul class=\"wp-block-list\">\n<li>Baseia-se no <strong>temor<\/strong>.<\/li>\n<\/ul>\n\n\n\n<p>Por outra via, h\u00e1 o <strong>modelo ressocializador<\/strong>, que reclama uma <strong>interven\u00e7\u00e3o positiva no condenado<\/strong>, de modo que se facilite o seu digno retorno \u00e0 comunidade, isto \u00e9, a sua plena <strong>reintegra\u00e7\u00e3o social<\/strong>. Ent\u00e3o, a rea\u00e7\u00e3o ao delito passa a se preocupar com a <strong>utilidade da san\u00e7\u00e3o penal<\/strong>.<\/p>\n\n\n\n<ul class=\"wp-block-list\">\n<li>Aproxima-se da <strong>preven\u00e7\u00e3o terci\u00e1ria<\/strong>.<\/li>\n<\/ul>\n\n\n\n<p>Al\u00e9m desses, existe o <strong>modelo integrador ou restaurador<\/strong>, o qual <strong>busca inserir no sistema de resposta ao delito a satisfa\u00e7\u00e3o de outras expectativas sociais<\/strong>. Nessa conjuntura, procura-se a <strong>solu\u00e7\u00e3o conciliadora do conflito<\/strong>, que se expressa pelo crime, a <strong>repara\u00e7\u00e3o do dano causado \u00e0 v\u00edtima e \u00e0 comunidade<\/strong>, assim como a <strong>pacifica\u00e7\u00e3o das rela\u00e7\u00f5es sociais<\/strong>.<\/p>\n\n\n\n<ul class=\"wp-block-list\">\n<li>Remete-se \u00e0 <strong>Justi\u00e7a Restaurativa<\/strong>.<\/li>\n<\/ul>\n\n\n\n<p>Em segundo lugar, devemos saber que <strong>os modelos<\/strong> <strong>podem coexistir em um mesmo ordenamento jur\u00eddico<\/strong>. Logo, n\u00e3o s\u00e3o excludentes.<\/p>\n\n\n\n<p>Para terminar a \u00faltima parte do estudo da preven\u00e7\u00e3o e rea\u00e7\u00e3o ao fen\u00f4meno criminal, entenda que este <strong>representa, em suma, modelos diferentes de responder ao crime, os quais possuem vantagens e desafios<\/strong>. Outrossim, <strong>a op\u00e7\u00e3o por um desses modelos deve analisar diversos fatores, como valores culturais da sociedade, a natureza do crime em quest\u00e3o, bem como recursos dispon\u00edveis<\/strong>.<\/p>\n\n\n\n<h2 class=\"wp-block-heading\" id=\"h-consideracoes-finais-sobre-a-prevencao-e-reacao-ao-fenomeno-criminal\"><strong>Considera\u00e7\u00f5es finais sobre a preven\u00e7\u00e3o e rea\u00e7\u00e3o ao fen\u00f4meno criminal<\/strong><\/h2>\n\n\n\n<p>Diante disso, estudamos neste material todas as principais informa\u00e7\u00f5es a respeito da preven\u00e7\u00e3o e rea\u00e7\u00e3o ao fen\u00f4meno criminal. Assim, a partir dos conhecimentos que discorremos, voc\u00ea ter\u00e1 <strong>base suficiente para acertar quest\u00f5es que porventura venham arguir essa tem\u00e1tica <\/strong>da Criminologia para PCSP.<\/p>\n\n\n\n<p>Enfim, desejo-te perseveran\u00e7a e f\u00e9 nos seus objetivos. Afinal, \u00e9 justo que muito custe o que muito vale.<\/p>\n\n\n\n<p><strong>Bons estudos!<\/strong><\/p>\n\n\n\n<p class=\"has-text-align-center\" id=\"h-quer-saber-tudo-sobre-concursos-previstos\"><strong>Quer saber quais ser\u00e3o os pr\u00f3ximos concursos?<\/strong><\/p>\n\n\n\n<p class=\"has-text-align-center\"><strong>Confira nossos artigos!<\/strong><\/p>\n\n\n\n<p class=\"has-text-align-center has-white-color has-pale-cyan-blue-background-color has-text-color has-background\"><a href=\"https:\/\/www.estrategiaconcursos.com.br\/blog\/concursos-abertos\/\" target=\"_blank\" rel=\"noreferrer noopener\">Concursos abertos<\/a><\/p>\n\n\n\n<p class=\"has-text-align-center has-white-color has-pale-cyan-blue-background-color has-text-color has-background\"><a href=\"https:\/\/www.estrategiaconcursos.com.br\/blog\/concursos-2023\/\" target=\"_blank\" rel=\"noreferrer noopener\">Concursos 2023<\/a><\/p>\n","protected":false},"excerpt":{"rendered":"<p>QAP, futuro Papa Charlie!? Como voc\u00ea est\u00e1? Espero que estejam bem! Nessa ocasi\u00e3o, estudaremos mais um tema o qual seu examinador certamente abordar\u00e1 na disciplina de Criminologia para PCSP: preven\u00e7\u00e3o e rea\u00e7\u00e3o ao fen\u00f4meno criminal. Em raz\u00e3o disso, para facilitar a sua compreens\u00e3o acerca detse conte\u00fado e tornar o seu aprendizado mais did\u00e1tico, estruturamos este [&hellip;]<\/p>\n","protected":false},"author":2566,"featured_media":1278679,"comment_status":"open","ping_status":"closed","sticky":false,"template":"","format":"standard","meta":{"post_tipo":"article","footnotes":""},"categories":[1,220194,1988],"tags":[],"tax_estado":[219963,219989],"class_list":["post-1278620","post","type-post","status-publish","format-standard","has-post-thumbnail","hentry","category-cursos-e-concursos","category-delegado","category-policia","tax_estado-concursos-federais","tax_estado-sp"],"acf":[],"yoast_head":"<!-- This site is optimized with the Yoast SEO Premium plugin v27.2 (Yoast SEO v27.2) - https:\/\/yoast.com\/product\/yoast-seo-premium-wordpress\/ -->\n<title>Preven\u00e7\u00e3o e rea\u00e7\u00e3o ao fen\u00f4meno criminal: criminologia para PCSP<\/title>\n<meta name=\"description\" content=\"Confira agora todas as informa\u00e7\u00f5es relativas \u00e0 tem\u00e1tica da preven\u00e7\u00e3o e rea\u00e7\u00e3o ao fen\u00f4meno criminal para PCSP e garanta quest\u00f5es em sua prova!\" \/>\n<meta name=\"robots\" content=\"index, follow, max-snippet:-1, max-image-preview:large, max-video-preview:-1\" \/>\n<link rel=\"canonical\" href=\"https:\/\/www.estrategiaconcursos.com.br\/blog\/prevencao-reacao-fenomeno-criminal\/\" \/>\n<meta property=\"og:locale\" content=\"pt_BR\" \/>\n<meta property=\"og:type\" content=\"article\" \/>\n<meta property=\"og:title\" content=\"Preven\u00e7\u00e3o e rea\u00e7\u00e3o ao fen\u00f4meno criminal: criminologia para PCSP\" \/>\n<meta property=\"og:description\" content=\"Confira agora todas as informa\u00e7\u00f5es relativas \u00e0 tem\u00e1tica da preven\u00e7\u00e3o e rea\u00e7\u00e3o ao fen\u00f4meno criminal para PCSP e garanta quest\u00f5es em sua prova!\" \/>\n<meta property=\"og:url\" content=\"https:\/\/www.estrategiaconcursos.com.br\/blog\/prevencao-reacao-fenomeno-criminal\/\" \/>\n<meta property=\"og:site_name\" content=\"Estrat\u00e9gia Concursos\" \/>\n<meta property=\"article:published_time\" content=\"2023-10-12T11:00:00+00:00\" \/>\n<meta property=\"og:image\" content=\"https:\/\/dhg1h5j42swfq.cloudfront.net\/2023\/09\/17155538\/pc-sp-300x169-1.jpg\" \/>\n\t<meta property=\"og:image:width\" content=\"300\" \/>\n\t<meta property=\"og:image:height\" content=\"169\" \/>\n\t<meta property=\"og:image:type\" content=\"image\/jpeg\" \/>\n<meta name=\"author\" content=\"Gabriel Rocha da Gra\u00e7a\" \/>\n<meta name=\"twitter:card\" content=\"summary_large_image\" \/>\n<meta name=\"twitter:creator\" content=\"@EstratConcursos\" \/>\n<meta name=\"twitter:site\" content=\"@EstratConcursos\" \/>\n<meta name=\"twitter:label1\" content=\"Escrito por\" \/>\n\t<meta name=\"twitter:data1\" content=\"Gabriel Rocha da Gra\u00e7a\" \/>\n\t<meta name=\"twitter:label2\" content=\"Est. tempo de leitura\" \/>\n\t<meta name=\"twitter:data2\" content=\"5 minutos\" \/>\n<script type=\"application\/ld+json\" class=\"yoast-schema-graph\">{\"@context\":\"https:\/\/schema.org\",\"@graph\":[{\"@type\":\"NewsArticle\",\"@id\":\"https:\/\/www.estrategiaconcursos.com.br\/blog\/prevencao-reacao-fenomeno-criminal\/#article\",\"isPartOf\":{\"@id\":\"https:\/\/www.estrategiaconcursos.com.br\/blog\/prevencao-reacao-fenomeno-criminal\/\"},\"author\":{\"name\":\"Gabriel Rocha da Gra\u00e7a\",\"@id\":\"https:\/\/www.estrategiaconcursos.com.br\/blog\/#\/schema\/person\/b7dbf284f7775e26e8fafbe6a56c1fc0\"},\"headline\":\"Preven\u00e7\u00e3o e rea\u00e7\u00e3o ao fen\u00f4meno criminal: criminologia para PCSP\",\"datePublished\":\"2023-10-12T11:00:00+00:00\",\"mainEntityOfPage\":{\"@id\":\"https:\/\/www.estrategiaconcursos.com.br\/blog\/prevencao-reacao-fenomeno-criminal\/\"},\"wordCount\":950,\"commentCount\":0,\"publisher\":{\"@id\":\"https:\/\/www.estrategiaconcursos.com.br\/blog\/#organization\"},\"image\":{\"@id\":\"https:\/\/www.estrategiaconcursos.com.br\/blog\/prevencao-reacao-fenomeno-criminal\/#primaryimage\"},\"thumbnailUrl\":\"https:\/\/dhg1h5j42swfq.cloudfront.net\/2023\/09\/17155538\/pc-sp-300x169-1.jpg\",\"articleSection\":[\"Concursos P\u00fablicos\",\"Jur\u00eddico - Delegado\",\"Policial (Agente, Escriv\u00e3o e Investigador)\"],\"inLanguage\":\"pt-BR\",\"potentialAction\":[{\"@type\":\"CommentAction\",\"name\":\"Comment\",\"target\":[\"https:\/\/www.estrategiaconcursos.com.br\/blog\/prevencao-reacao-fenomeno-criminal\/#respond\"]}],\"copyrightYear\":\"2023\",\"copyrightHolder\":{\"@id\":\"https:\/\/www.estrategiaconcursos.com.br\/blog\/#organization\"}},{\"@type\":\"WebPage\",\"@id\":\"https:\/\/www.estrategiaconcursos.com.br\/blog\/prevencao-reacao-fenomeno-criminal\/\",\"url\":\"https:\/\/www.estrategiaconcursos.com.br\/blog\/prevencao-reacao-fenomeno-criminal\/\",\"name\":\"Preven\u00e7\u00e3o e rea\u00e7\u00e3o ao fen\u00f4meno criminal: criminologia para PCSP\",\"isPartOf\":{\"@id\":\"https:\/\/www.estrategiaconcursos.com.br\/blog\/#website\"},\"primaryImageOfPage\":{\"@id\":\"https:\/\/www.estrategiaconcursos.com.br\/blog\/prevencao-reacao-fenomeno-criminal\/#primaryimage\"},\"image\":{\"@id\":\"https:\/\/www.estrategiaconcursos.com.br\/blog\/prevencao-reacao-fenomeno-criminal\/#primaryimage\"},\"thumbnailUrl\":\"https:\/\/dhg1h5j42swfq.cloudfront.net\/2023\/09\/17155538\/pc-sp-300x169-1.jpg\",\"datePublished\":\"2023-10-12T11:00:00+00:00\",\"description\":\"Confira agora todas as informa\u00e7\u00f5es relativas \u00e0 tem\u00e1tica da preven\u00e7\u00e3o e rea\u00e7\u00e3o ao fen\u00f4meno criminal para PCSP e garanta quest\u00f5es em sua prova!\",\"breadcrumb\":{\"@id\":\"https:\/\/www.estrategiaconcursos.com.br\/blog\/prevencao-reacao-fenomeno-criminal\/#breadcrumb\"},\"inLanguage\":\"pt-BR\",\"potentialAction\":[{\"@type\":\"ReadAction\",\"target\":[\"https:\/\/www.estrategiaconcursos.com.br\/blog\/prevencao-reacao-fenomeno-criminal\/\"]}]},{\"@type\":\"ImageObject\",\"inLanguage\":\"pt-BR\",\"@id\":\"https:\/\/www.estrategiaconcursos.com.br\/blog\/prevencao-reacao-fenomeno-criminal\/#primaryimage\",\"url\":\"https:\/\/dhg1h5j42swfq.cloudfront.net\/2023\/09\/17155538\/pc-sp-300x169-1.jpg\",\"contentUrl\":\"https:\/\/dhg1h5j42swfq.cloudfront.net\/2023\/09\/17155538\/pc-sp-300x169-1.jpg\",\"width\":300,\"height\":169,\"caption\":\"Concurso PC SP\"},{\"@type\":\"BreadcrumbList\",\"@id\":\"https:\/\/www.estrategiaconcursos.com.br\/blog\/prevencao-reacao-fenomeno-criminal\/#breadcrumb\",\"itemListElement\":[{\"@type\":\"ListItem\",\"position\":1,\"name\":\"In\u00edcio\",\"item\":\"https:\/\/www.estrategiaconcursos.com.br\/blog\/\"},{\"@type\":\"ListItem\",\"position\":2,\"name\":\"Preven\u00e7\u00e3o e rea\u00e7\u00e3o ao fen\u00f4meno criminal: criminologia para PCSP\"}]},{\"@type\":\"WebSite\",\"@id\":\"https:\/\/www.estrategiaconcursos.com.br\/blog\/#website\",\"url\":\"https:\/\/www.estrategiaconcursos.com.br\/blog\/\",\"name\":\"Estrat\u00e9gia Concursos\",\"description\":\"O blog da Estrat\u00e9gia Concursos traz not\u00edcias sobre concursos e artigos de professores oferecendo cursos para concursos (pdf + videaulas) no site.\",\"publisher\":{\"@id\":\"https:\/\/www.estrategiaconcursos.com.br\/blog\/#organization\"},\"potentialAction\":[{\"@type\":\"SearchAction\",\"target\":{\"@type\":\"EntryPoint\",\"urlTemplate\":\"https:\/\/www.estrategiaconcursos.com.br\/blog\/?s={search_term_string}\"},\"query-input\":{\"@type\":\"PropertyValueSpecification\",\"valueRequired\":true,\"valueName\":\"search_term_string\"}}],\"inLanguage\":\"pt-BR\"},{\"@type\":\"Organization\",\"@id\":\"https:\/\/www.estrategiaconcursos.com.br\/blog\/#organization\",\"name\":\"Estrat\u00e9gia Concursos\",\"url\":\"https:\/\/www.estrategiaconcursos.com.br\/blog\/\",\"logo\":{\"@type\":\"ImageObject\",\"inLanguage\":\"pt-BR\",\"@id\":\"https:\/\/www.estrategiaconcursos.com.br\/blog\/#\/schema\/logo\/image\/\",\"url\":\"https:\/\/dhg1h5j42swfq.cloudfront.net\/2025\/06\/03203428\/logo_concursos-1.jpg\",\"contentUrl\":\"https:\/\/dhg1h5j42swfq.cloudfront.net\/2025\/06\/03203428\/logo_concursos-1.jpg\",\"width\":230,\"height\":60,\"caption\":\"Estrat\u00e9gia Concursos\"},\"image\":{\"@id\":\"https:\/\/www.estrategiaconcursos.com.br\/blog\/#\/schema\/logo\/image\/\"},\"sameAs\":[\"https:\/\/x.com\/EstratConcursos\"]},{\"@type\":\"Person\",\"@id\":\"https:\/\/www.estrategiaconcursos.com.br\/blog\/#\/schema\/person\/b7dbf284f7775e26e8fafbe6a56c1fc0\",\"name\":\"Gabriel Rocha da Gra\u00e7a\",\"image\":{\"@type\":\"ImageObject\",\"inLanguage\":\"pt-BR\",\"@id\":\"https:\/\/secure.gravatar.com\/avatar\/01dc6deaaf49f7195b1b726afb16234e5589513d0df3f1687499d49775ccfb8c?s=96&d=mm&r=g\",\"url\":\"https:\/\/secure.gravatar.com\/avatar\/01dc6deaaf49f7195b1b726afb16234e5589513d0df3f1687499d49775ccfb8c?s=96&d=mm&r=g\",\"contentUrl\":\"https:\/\/secure.gravatar.com\/avatar\/01dc6deaaf49f7195b1b726afb16234e5589513d0df3f1687499d49775ccfb8c?s=96&d=mm&r=g\",\"caption\":\"Gabriel Rocha da Gra\u00e7a\"},\"description\":\"Sou Bacharel em Direito e possuo cinco especializa\u00e7\u00f5es, entre as quais destaco a minha P\u00f3s-Gradua\u00e7\u00e3o em Ci\u00eancias Criminais e meus MBAs em Gest\u00e3o da Seguran\u00e7a P\u00fablica e em Gest\u00e3o de Pol\u00edcia Ostensiva. Ademais, fui aprovado, de primeira, no XXX Exame da Ordem dos Advogados do Brasil, bem como conquistei diversas aprova\u00e7\u00f5es em concursos p\u00fablicos, entre as quais destaco os \\\"top-5\\\" nos concursos do CFO PM-GO, CFO PM-RN, Delegado\/BA e Soldado PM\/SE. Atualmente, estou Aspirante a Oficial na Pol\u00edcia Militar do Estado de Goi\u00e1s.\",\"url\":\"https:\/\/www.estrategiaconcursos.com.br\/blog\/author\/gabrieldagracayahoo-com-br\/\"}]}<\/script>\n<!-- \/ Yoast SEO Premium plugin. -->","yoast_head_json":{"title":"Preven\u00e7\u00e3o e rea\u00e7\u00e3o ao fen\u00f4meno criminal: criminologia para PCSP","description":"Confira agora todas as informa\u00e7\u00f5es relativas \u00e0 tem\u00e1tica da preven\u00e7\u00e3o e rea\u00e7\u00e3o ao fen\u00f4meno criminal para PCSP e garanta quest\u00f5es em sua prova!","robots":{"index":"index","follow":"follow","max-snippet":"max-snippet:-1","max-image-preview":"max-image-preview:large","max-video-preview":"max-video-preview:-1"},"canonical":"https:\/\/www.estrategiaconcursos.com.br\/blog\/prevencao-reacao-fenomeno-criminal\/","og_locale":"pt_BR","og_type":"article","og_title":"Preven\u00e7\u00e3o e rea\u00e7\u00e3o ao fen\u00f4meno criminal: criminologia para PCSP","og_description":"Confira agora todas as informa\u00e7\u00f5es relativas \u00e0 tem\u00e1tica da preven\u00e7\u00e3o e rea\u00e7\u00e3o ao fen\u00f4meno criminal para PCSP e garanta quest\u00f5es em sua prova!","og_url":"https:\/\/www.estrategiaconcursos.com.br\/blog\/prevencao-reacao-fenomeno-criminal\/","og_site_name":"Estrat\u00e9gia Concursos","article_published_time":"2023-10-12T11:00:00+00:00","og_image":[{"width":300,"height":169,"url":"https:\/\/dhg1h5j42swfq.cloudfront.net\/2023\/09\/17155538\/pc-sp-300x169-1.jpg","type":"image\/jpeg"}],"author":"Gabriel Rocha da Gra\u00e7a","twitter_card":"summary_large_image","twitter_creator":"@EstratConcursos","twitter_site":"@EstratConcursos","twitter_misc":{"Escrito por":"Gabriel Rocha da Gra\u00e7a","Est. tempo de leitura":"5 minutos"},"schema":{"@context":"https:\/\/schema.org","@graph":[{"@type":"NewsArticle","@id":"https:\/\/www.estrategiaconcursos.com.br\/blog\/prevencao-reacao-fenomeno-criminal\/#article","isPartOf":{"@id":"https:\/\/www.estrategiaconcursos.com.br\/blog\/prevencao-reacao-fenomeno-criminal\/"},"author":{"name":"Gabriel Rocha da Gra\u00e7a","@id":"https:\/\/www.estrategiaconcursos.com.br\/blog\/#\/schema\/person\/b7dbf284f7775e26e8fafbe6a56c1fc0"},"headline":"Preven\u00e7\u00e3o e rea\u00e7\u00e3o ao fen\u00f4meno criminal: criminologia para PCSP","datePublished":"2023-10-12T11:00:00+00:00","mainEntityOfPage":{"@id":"https:\/\/www.estrategiaconcursos.com.br\/blog\/prevencao-reacao-fenomeno-criminal\/"},"wordCount":950,"commentCount":0,"publisher":{"@id":"https:\/\/www.estrategiaconcursos.com.br\/blog\/#organization"},"image":{"@id":"https:\/\/www.estrategiaconcursos.com.br\/blog\/prevencao-reacao-fenomeno-criminal\/#primaryimage"},"thumbnailUrl":"https:\/\/dhg1h5j42swfq.cloudfront.net\/2023\/09\/17155538\/pc-sp-300x169-1.jpg","articleSection":["Concursos P\u00fablicos","Jur\u00eddico - Delegado","Policial (Agente, Escriv\u00e3o e Investigador)"],"inLanguage":"pt-BR","potentialAction":[{"@type":"CommentAction","name":"Comment","target":["https:\/\/www.estrategiaconcursos.com.br\/blog\/prevencao-reacao-fenomeno-criminal\/#respond"]}],"copyrightYear":"2023","copyrightHolder":{"@id":"https:\/\/www.estrategiaconcursos.com.br\/blog\/#organization"}},{"@type":"WebPage","@id":"https:\/\/www.estrategiaconcursos.com.br\/blog\/prevencao-reacao-fenomeno-criminal\/","url":"https:\/\/www.estrategiaconcursos.com.br\/blog\/prevencao-reacao-fenomeno-criminal\/","name":"Preven\u00e7\u00e3o e rea\u00e7\u00e3o ao fen\u00f4meno criminal: criminologia para PCSP","isPartOf":{"@id":"https:\/\/www.estrategiaconcursos.com.br\/blog\/#website"},"primaryImageOfPage":{"@id":"https:\/\/www.estrategiaconcursos.com.br\/blog\/prevencao-reacao-fenomeno-criminal\/#primaryimage"},"image":{"@id":"https:\/\/www.estrategiaconcursos.com.br\/blog\/prevencao-reacao-fenomeno-criminal\/#primaryimage"},"thumbnailUrl":"https:\/\/dhg1h5j42swfq.cloudfront.net\/2023\/09\/17155538\/pc-sp-300x169-1.jpg","datePublished":"2023-10-12T11:00:00+00:00","description":"Confira agora todas as informa\u00e7\u00f5es relativas \u00e0 tem\u00e1tica da preven\u00e7\u00e3o e rea\u00e7\u00e3o ao fen\u00f4meno criminal para PCSP e garanta quest\u00f5es em sua prova!","breadcrumb":{"@id":"https:\/\/www.estrategiaconcursos.com.br\/blog\/prevencao-reacao-fenomeno-criminal\/#breadcrumb"},"inLanguage":"pt-BR","potentialAction":[{"@type":"ReadAction","target":["https:\/\/www.estrategiaconcursos.com.br\/blog\/prevencao-reacao-fenomeno-criminal\/"]}]},{"@type":"ImageObject","inLanguage":"pt-BR","@id":"https:\/\/www.estrategiaconcursos.com.br\/blog\/prevencao-reacao-fenomeno-criminal\/#primaryimage","url":"https:\/\/dhg1h5j42swfq.cloudfront.net\/2023\/09\/17155538\/pc-sp-300x169-1.jpg","contentUrl":"https:\/\/dhg1h5j42swfq.cloudfront.net\/2023\/09\/17155538\/pc-sp-300x169-1.jpg","width":300,"height":169,"caption":"Concurso PC SP"},{"@type":"BreadcrumbList","@id":"https:\/\/www.estrategiaconcursos.com.br\/blog\/prevencao-reacao-fenomeno-criminal\/#breadcrumb","itemListElement":[{"@type":"ListItem","position":1,"name":"In\u00edcio","item":"https:\/\/www.estrategiaconcursos.com.br\/blog\/"},{"@type":"ListItem","position":2,"name":"Preven\u00e7\u00e3o e rea\u00e7\u00e3o ao fen\u00f4meno criminal: criminologia para PCSP"}]},{"@type":"WebSite","@id":"https:\/\/www.estrategiaconcursos.com.br\/blog\/#website","url":"https:\/\/www.estrategiaconcursos.com.br\/blog\/","name":"Estrat\u00e9gia Concursos","description":"O blog da Estrat\u00e9gia Concursos traz not\u00edcias sobre concursos e artigos de professores oferecendo cursos para concursos (pdf + videaulas) no site.","publisher":{"@id":"https:\/\/www.estrategiaconcursos.com.br\/blog\/#organization"},"potentialAction":[{"@type":"SearchAction","target":{"@type":"EntryPoint","urlTemplate":"https:\/\/www.estrategiaconcursos.com.br\/blog\/?s={search_term_string}"},"query-input":{"@type":"PropertyValueSpecification","valueRequired":true,"valueName":"search_term_string"}}],"inLanguage":"pt-BR"},{"@type":"Organization","@id":"https:\/\/www.estrategiaconcursos.com.br\/blog\/#organization","name":"Estrat\u00e9gia Concursos","url":"https:\/\/www.estrategiaconcursos.com.br\/blog\/","logo":{"@type":"ImageObject","inLanguage":"pt-BR","@id":"https:\/\/www.estrategiaconcursos.com.br\/blog\/#\/schema\/logo\/image\/","url":"https:\/\/dhg1h5j42swfq.cloudfront.net\/2025\/06\/03203428\/logo_concursos-1.jpg","contentUrl":"https:\/\/dhg1h5j42swfq.cloudfront.net\/2025\/06\/03203428\/logo_concursos-1.jpg","width":230,"height":60,"caption":"Estrat\u00e9gia Concursos"},"image":{"@id":"https:\/\/www.estrategiaconcursos.com.br\/blog\/#\/schema\/logo\/image\/"},"sameAs":["https:\/\/x.com\/EstratConcursos"]},{"@type":"Person","@id":"https:\/\/www.estrategiaconcursos.com.br\/blog\/#\/schema\/person\/b7dbf284f7775e26e8fafbe6a56c1fc0","name":"Gabriel Rocha da Gra\u00e7a","image":{"@type":"ImageObject","inLanguage":"pt-BR","@id":"https:\/\/secure.gravatar.com\/avatar\/01dc6deaaf49f7195b1b726afb16234e5589513d0df3f1687499d49775ccfb8c?s=96&d=mm&r=g","url":"https:\/\/secure.gravatar.com\/avatar\/01dc6deaaf49f7195b1b726afb16234e5589513d0df3f1687499d49775ccfb8c?s=96&d=mm&r=g","contentUrl":"https:\/\/secure.gravatar.com\/avatar\/01dc6deaaf49f7195b1b726afb16234e5589513d0df3f1687499d49775ccfb8c?s=96&d=mm&r=g","caption":"Gabriel Rocha da Gra\u00e7a"},"description":"Sou Bacharel em Direito e possuo cinco especializa\u00e7\u00f5es, entre as quais destaco a minha P\u00f3s-Gradua\u00e7\u00e3o em Ci\u00eancias Criminais e meus MBAs em Gest\u00e3o da Seguran\u00e7a P\u00fablica e em Gest\u00e3o de Pol\u00edcia Ostensiva. Ademais, fui aprovado, de primeira, no XXX Exame da Ordem dos Advogados do Brasil, bem como conquistei diversas aprova\u00e7\u00f5es em concursos p\u00fablicos, entre as quais destaco os \"top-5\" nos concursos do CFO PM-GO, CFO PM-RN, Delegado\/BA e Soldado PM\/SE. Atualmente, estou Aspirante a Oficial na Pol\u00edcia Militar do Estado de Goi\u00e1s.","url":"https:\/\/www.estrategiaconcursos.com.br\/blog\/author\/gabrieldagracayahoo-com-br\/"}]}},"_links":{"self":[{"href":"https:\/\/www.estrategiaconcursos.com.br\/blog\/wp-json\/wp\/v2\/posts\/1278620","targetHints":{"allow":["GET"]}}],"collection":[{"href":"https:\/\/www.estrategiaconcursos.com.br\/blog\/wp-json\/wp\/v2\/posts"}],"about":[{"href":"https:\/\/www.estrategiaconcursos.com.br\/blog\/wp-json\/wp\/v2\/types\/post"}],"author":[{"embeddable":true,"href":"https:\/\/www.estrategiaconcursos.com.br\/blog\/wp-json\/wp\/v2\/users\/2566"}],"replies":[{"embeddable":true,"href":"https:\/\/www.estrategiaconcursos.com.br\/blog\/wp-json\/wp\/v2\/comments?post=1278620"}],"version-history":[{"count":2,"href":"https:\/\/www.estrategiaconcursos.com.br\/blog\/wp-json\/wp\/v2\/posts\/1278620\/revisions"}],"predecessor-version":[{"id":1278680,"href":"https:\/\/www.estrategiaconcursos.com.br\/blog\/wp-json\/wp\/v2\/posts\/1278620\/revisions\/1278680"}],"wp:featuredmedia":[{"embeddable":true,"href":"https:\/\/www.estrategiaconcursos.com.br\/blog\/wp-json\/wp\/v2\/media\/1278679"}],"wp:attachment":[{"href":"https:\/\/www.estrategiaconcursos.com.br\/blog\/wp-json\/wp\/v2\/media?parent=1278620"}],"wp:term":[{"taxonomy":"category","embeddable":true,"href":"https:\/\/www.estrategiaconcursos.com.br\/blog\/wp-json\/wp\/v2\/categories?post=1278620"},{"taxonomy":"post_tag","embeddable":true,"href":"https:\/\/www.estrategiaconcursos.com.br\/blog\/wp-json\/wp\/v2\/tags?post=1278620"},{"taxonomy":"tax_estado","embeddable":true,"href":"https:\/\/www.estrategiaconcursos.com.br\/blog\/wp-json\/wp\/v2\/tax_estado?post=1278620"}],"curies":[{"name":"wp","href":"https:\/\/api.w.org\/{rel}","templated":true}]}}