{"id":1276683,"date":"2026-02-25T08:00:00","date_gmt":"2026-02-25T11:00:00","guid":{"rendered":"https:\/\/www.estrategiaconcursos.com.br\/blog\/?p=1276683"},"modified":"2026-02-25T17:32:10","modified_gmt":"2026-02-25T20:32:10","slug":"concurso-anpd","status":"publish","type":"post","link":"https:\/\/www.estrategiaconcursos.com.br\/blog\/concurso-anpd\/","title":{"rendered":"Concurso ANPD: grupo de trabalho institu\u00eddo"},"content":{"rendered":"\n<p style=\"font-size:clamp(15.747px, 0.984rem + ((1vw - 3.2px) * 0.809), 24px);\"><strong><em>Senado aprova medida que transforma a autoridade em ag\u00eancia reguladora!<\/em><\/strong><\/p>\n\n\n\n<center><a id=\"cta-icon\" href=\"https:\/\/sndflw.com\/i\/anpd-grupo\" target=\"_blank\" style=\"background:#29a61a; display:inline-flex; align-items:center; padding:10px 15px; border-radius:6px; color:#fff; text-decoration:none; font-weight:500; font-size:15px;\"><img decoding=\"async\" src=\"https:\/\/dhg1h5j42swfq.cloudfront.net\/2023\/12\/07154107\/whatsapp_13851.png\" alt=\"\" style=\"width:20px; height:20px; margin-right:8px;\"><span>Acesse agora o Grupo de Estudos para o Concurso ANPD<\/span><\/a><\/center>\n\n\n\n<div style=\"height:36px\" aria-hidden=\"true\" class=\"wp-block-spacer\"><\/div>\n\n\n\n<p>O novo concurso da <strong><a href=\"https:\/\/www.estrategiaconcursos.com.br\/cursosPorConcurso\/autoridade-nacional-de-protecao-de-dados-anpd\/\" target=\"_blank\" rel=\"noreferrer noopener\">ANPD<\/a><\/strong> (<strong>Ag\u00eancia Nacional de Prote\u00e7\u00e3o de Dados<\/strong>) em breve poder\u00e1 ser realizado, j\u00e1 que o <span style=\"text-decoration: underline;\">grupo de trabalho<\/span> foi institu\u00eddo.<\/p>\n\n\n\n<p>O grupo dever\u00e1 garantir o registro da solicita\u00e7\u00e3o de concurso p\u00fablico <strong>at\u00e9 31 de maio de 2026<\/strong>, prazo m\u00e1ximo para registro da solicita\u00e7\u00e3o, conforme art. 14 da Instru\u00e7\u00e3o Normativa n\u00ba 2, de 27 de agosto de 2019.<\/p>\n\n\n\n<p>Vale lembrar que o \u00f3rg\u00e3o j\u00e1 havia <strong>confirmado ao time do Estrat\u00e9gia<\/strong> que est\u00e1 realizando estudos para a abertura de um novo concurso, destinado ao preenchimento dos cargos criados pela <strong>Medida Provis\u00f3ria n\u00ba 1.317\/2025<\/strong>.<\/p>\n\n\n\n<p>Esta <a href=\"https:\/\/www.estrategiaconcursos.com.br\/blog\/concurso-anpd-mp-aprovada\/\" target=\"_blank\" rel=\"noreferrer noopener\">MP<\/a>, inclusive, foi aprovada pela C\u00e2mara dos Deputados e, posteriormente, tamb\u00e9m recebeu <a href=\"https:\/\/www.estrategiaconcursos.com.br\/blog\/concurso-anpd-aprovado-mp-transformacao-agencia-reguladora\/\" target=\"_blank\" rel=\"noreferrer noopener\">aval do Senado Federal<\/a>, sendo encaminhada, agora, para san\u00e7\u00e3o presidencial.<\/p>\n\n\n\n<p>O texto transforma a antiga Autoridade Nacional de Prote\u00e7\u00e3o de Dados em <span style=\"text-decoration: underline;\">Ag\u00eancia Nacional de Prote\u00e7\u00e3o de Dados<\/span>, conferindo ao \u00f3rg\u00e3o maior autonomia administrativa, t\u00e9cnica e financeira.<\/p>\n\n\n\n<p>Com a <a href=\"https:\/\/www12.senado.leg.br\/noticias\/materias\/2026\/02\/24\/senado-aprova-mp-que-transforma-a-anpd-em-agencia-e-cria-200-cargos\" target=\"_blank\" rel=\"noreferrer noopener\">aprova\u00e7\u00e3o<\/a> da medida, tamb\u00e9m foram criados <strong>200 cargos de especialista em regula\u00e7\u00e3o de prote\u00e7\u00e3o de dados, que dever\u00e3o ser providos por meio de concurso p\u00fablico<\/strong>. <\/p>\n\n\n\n<p>Al\u00e9m disso, foram institu\u00eddos <strong>18 cargos em comiss\u00e3o e fun\u00e7\u00f5es de confian\u00e7a para refor\u00e7ar a estrutura administrativa da autarquia.<\/strong><\/p>\n\n\n\n<p>Importante destacar que a <strong>Lei Or\u00e7ament\u00e1ria Anual &#8211; LOA 2026<\/strong> tamb\u00e9m prev\u00ea a realiza\u00e7\u00e3o do certame, com uma verba destinada para o provimento de <strong>48 vagas<\/strong>.<\/p>\n\n\n\n<ul class=\"wp-block-list has-very-light-gray-to-cyan-bluish-gray-gradient-background has-background\">\n<li><strong>Ag\u00eancia Nacional de Prote\u00e7\u00e3o de Dados <\/strong><\/li>\n\n\n\n<li><strong>Status:<\/strong> grupo de trabalho institu\u00eddo<\/li>\n\n\n\n<li><strong>Banca:<\/strong> a definir<\/li>\n\n\n\n<li><strong>Vagas:<\/strong> 200 previstas<\/li>\n\n\n\n<li><strong>Sal\u00e1rio inicial:<\/strong> R$ 17.726,42 <em>(a partir de abril de 2026)<\/em><\/li>\n\n\n\n<li><strong>\u00daltimo edital:<\/strong> <a href=\"https:\/\/dhg1h5j42swfq.cloudfront.net\/2025\/05\/09103354\/202505099629840.pdf\" target=\"_blank\" rel=\"noreferrer noopener nofollow\">PSS ANPD 2025<\/a><\/li>\n<\/ul>\n\n\n\n<p><strong><em>PSS ANPD em andamento<\/em><\/strong><\/p>\n\n\n\n<p>Ademais, vale lembrar que a Ag\u00eancia possui um Processo Seletivo com nomea\u00e7\u00f5es em andamento, com <strong>372 vagas mais 1.704 em cadastro de reserva. <\/strong><\/p>\n\n\n\n<p>No total, a sele\u00e7\u00e3o registrou <strong><a href=\"https:\/\/www.iades.com.br\/inscricao\/upload\/1356\/20250801113652245.pdf\" target=\"_blank\" rel=\"noreferrer noopener nofollow\">6.724 candidatos inscritos<\/a><\/strong>, sendo que o cargo com maior procura foi o de <span style=\"text-decoration: underline;\">Atividades T\u00e9cnicas de Suporte &#8211; NS &#8211; Qualquer \u00e1rea de forma\u00e7\u00e3o<\/span>, com <strong>1.295<\/strong> candidatos inscritos.<\/p>\n\n\n\n<ul class=\"wp-block-list has-very-light-gray-to-cyan-bluish-gray-gradient-background has-background\">\n<li><strong>Ag\u00eancia Nacional de Prote\u00e7\u00e3o de Dados <\/strong><\/li>\n\n\n\n<li><strong>Status:<\/strong> convoca\u00e7\u00f5es em andamento<\/li>\n\n\n\n<li><strong>Banca:<\/strong> <a href=\"https:\/\/www.iades.com.br\/inscricao\/ProcessoSeletivo.aspx?id=1d0a74f975\" target=\"_blank\" rel=\"noreferrer noopener\">IADES<\/a><\/li>\n\n\n\n<li><strong>Vagas:<\/strong> 372 + 1.704 CR<\/li>\n\n\n\n<li><strong>Sal\u00e1rio inicial:<\/strong> R$ 1.853,00 a R$ 9.047,00<\/li>\n\n\n\n<li><strong>Edital:<\/strong> <a href=\"https:\/\/dhg1h5j42swfq.cloudfront.net\/2025\/05\/09103354\/202505099629840.pdf\" target=\"_blank\" rel=\"noreferrer noopener nofollow\">PSS ANPD 2025<\/a><\/li>\n<\/ul>\n\n\n\n<p>A fim de te deixar sempre bem informado, elaboramos este artigo com as principais informa\u00e7\u00f5es sobre o concurso ANPD. Acompanhe os t\u00f3picos abaixo e n\u00e3o perca nenhum detalhe:<\/p>\n\n\n\n<ul id=\"indice\" class=\"wp-block-list\">\n<li><a href=\"#sobre\"><strong>Sobre a ANPD<\/strong><\/a><\/li>\n\n\n\n<li><a href=\"#grupo\"><strong>Grupo de trabalho<\/strong><\/a><\/li>\n\n\n\n<li><a href=\"#novo-concurso-anpd-2026\"><strong>Novo concurso em estudos<\/strong><\/a><\/li>\n\n\n\n<li><a href=\"#loa\"><strong>LOA 2026<\/strong><\/a><\/li>\n\n\n\n<li><a href=\"#pss\"><strong>PSS ANPD<\/strong><\/a>\n<ul class=\"wp-block-list\">\n<li><a href=\"#cargos\"><strong>Cargos e vagas<\/strong><\/a><\/li>\n\n\n\n<li><a href=\"#etapas\"><strong>Etapas e provas<\/strong><\/a>\n<ul class=\"wp-block-list\">\n<li><a href=\"#objetiva\">Prova objetiva<\/a><\/li>\n\n\n\n<li><a href=\"#titulos\">Prova de t\u00edtulos<\/a><\/li>\n<\/ul>\n<\/li>\n<\/ul>\n<\/li>\n\n\n\n<li><a href=\"#cursos\"><strong>Cursos e assinaturas<\/strong><\/a><\/li>\n\n\n\n<li><a href=\"#ficha-tecnica\"><strong>Ficha t\u00e9cnica<\/strong><\/a><\/li>\n<\/ul>\n\n\n\n<div class=\"container\" id=\"boxes\">\n  <div class=\"row\">\n\n    <div class=\"col-sm\">\n      <div class=\"banner-estrat-corj\" id=\"box-assinatura\">\n        <h3 class=\"titulo-assinatura\" style=\"text-align: left;\">Cursos para ANPD<\/h3>\n        <p class=\"subtitulo-assinatura\" style=\"text-align: left;\">Conhe\u00e7a os cursos<\/p>\n        <div class=\"box-botao\" style=\"text-align: left;\">\n          <a class=\"btn-assinatura\" target=\"_blank\" href=\"https:\/\/www.estrategiaconcursos.com.br\/cursosPorConcurso\/autoridade-nacional-de-protecao-de-dados-anpd\/\" role=\"button\" rel=\"noopener noreferrer\">CLIQUE AQUI<\/a>\n        <\/div>\n      <\/div><\/div><\/div><\/div>\n\n\n\n<h2 class=\"wp-block-heading has-background\" id=\"sobre\" style=\"background-color:#eeeeee\">Sobre a ANPD<\/h2>\n\n\n\n<p>A Autoridade Nacional de Prote\u00e7\u00e3o de Dados (ANPD) \u00e9 uma autarquia federal de natureza especial vinculada ao Minist\u00e9rio da Justi\u00e7a e Seguran\u00e7a P\u00fablica. <\/p>\n\n\n\n<p>Possui atribui\u00e7\u00f5es relacionadas a prote\u00e7\u00e3o de dados pessoais e da privacidade e, sobretudo, deve realizar a fiscaliza\u00e7\u00e3o do cumprimento da Lei n\u00ba 13.709\/2018, conhecida como Lei Geral de Prote\u00e7\u00e3o de Dados Pessoais (LGPD).<\/p>\n\n\n\n<p>A entidade foi criada pela Medida Provis\u00f3ria (MP) n\u00ba 869, de 27 de dezembro de 2018. A exist\u00eancia de uma autoridade nacional independente para fiscalizar o cumprimento da LGPD faz com que o Brasil esteja de acordo com o Regulamento Geral sobre a Prote\u00e7\u00e3o de Dados da Uni\u00e3o Europeia, o que torna o pa\u00eds capacitado para o transacionamento de dados pessoais com pa\u00edses da UE.<\/p>\n\n\n\n<h2 class=\"wp-block-heading has-background\" id=\"novo-concurso-anpd-2026\" style=\"background-color:#eeeeee\">Novo Concurso ANPD 2026: cargo de Especialista em Regula\u00e7\u00e3o<\/h2>\n\n\n\n<h3 class=\"wp-block-heading\" id=\"grupo\">Grupo de trabalho<\/h3>\n\n\n\n<p>Foi definido o grupo de trabalho que ir\u00e1 solicitar o pr\u00f3ximo concurso ANPD. Os detalhes podem ser conferidos abaixo!<\/p>\n\n\n\n<ul class=\"wp-block-list\">\n<li><strong><a href=\"https:\/\/dhg1h5j42swfq.cloudfront.net\/2026\/02\/23060009\/portaria-gabpr_anpd-no-47-de-20-de-fevereiro-de-2026-portaria-gabpr_anpd-no-47-de-20-de-fevereiro-de-2026-dou-imprensa-nacional.pdf\" target=\"_blank\" rel=\"noreferrer noopener nofollow\">Veja aqui<\/a><\/strong><\/li>\n<\/ul>\n\n\n\n<p>Conforme mencionado no in\u00edcio desta mat\u00e9ria, a ANPD est\u00e1 estudando realizar um novo concurso p\u00fablico, desta vez, com vagas para cargos efetivos do quadro. <\/p>\n\n\n\n<p>A princ\u00edpio, o que se sabe \u00e9 que o edital poder\u00e1 ter vagas no cargo de Especialista em Regula\u00e7\u00e3o de Prote\u00e7\u00e3o de Dados, rec\u00e9m-criado.<\/p>\n\n\n\n<p>A remunera\u00e7\u00e3o inicial prevista para o cargo de Especialista \u00e9 de <strong>R$ 17.726,42<\/strong> (a partir de abril de 2026) para o in\u00edcio da carreira. No entanto, no topo da vida p\u00fablica, os servidores poder\u00e3o chegar a cerca de <strong>R$ 29.119,71<\/strong>.<\/p>\n\n\n\n<h3 class=\"wp-block-heading\" id=\"h-o-que-faz-um-especialista-em-regulacao-da-anpd\">O que faz um Especialista em Regula\u00e7\u00e3o da ANPD?<\/h3>\n\n\n\n<p>Confira logo abaixo algumas das atribui\u00e7\u00f5es do cargo de Especialista em Regula\u00e7\u00e3o da ANPD:<\/p>\n\n\n\n<ul class=\"wp-block-list\">\n<li>Elaborar <strong>normas t\u00e9cnicas e regulamentos<\/strong> sobre prote\u00e7\u00e3o e tratamento de dados pessoais;<\/li>\n\n\n\n<li>Analisar impactos de novas tecnologias (IA, biometria, big data, etc.) sob a \u00f3tica da LGPD;<\/li>\n\n\n\n<li>Contribuir na formula\u00e7\u00e3o de <strong>pol\u00edticas p\u00fablicas de privacidade<\/strong> e seguran\u00e7a da informa\u00e7\u00e3o;<\/li>\n\n\n\n<li>Conduzir <strong>inspe\u00e7\u00f5es, auditorias e investiga\u00e7\u00f5es<\/strong> em empresas e \u00f3rg\u00e3os p\u00fablicos;<\/li>\n\n\n\n<li>Avaliar se controladores e operadores de dados est\u00e3o cumprindo a legisla\u00e7\u00e3o;<\/li>\n\n\n\n<li>Propor <strong>san\u00e7\u00f5es administrativas<\/strong> (advert\u00eancias, multas, bloqueio de dados, etc.) em caso de descumprimento.<\/li>\n<\/ul>\n\n\n\n<h2 class=\"wp-block-heading has-background\" id=\"loa\" style=\"background-color:#eeeeee\">LOA 2026 prev\u00ea 48 vagas no concurso ANPD<\/h2>\n\n\n\n<p id=\"h-loa-2026-preve-48-vagas-no-concurso-anpd\">Conforme mencionado no in\u00edcio do artigo, a LOA 2026 foi publicada e sancionada com previs\u00e3o de verba para a realiza\u00e7\u00e3o de um concurso p\u00fablico para a ANPD.<\/p>\n\n\n\n<p>De acordo com o documento, existe uma verba destinada para a cria\u00e7\u00e3o de 48 cargos e provimento por meio de concurso. Veja abaixo:<\/p>\n\n\n\n<figure class=\"wp-block-image size-full\"><img loading=\"lazy\" decoding=\"async\" width=\"720\" height=\"293\" src=\"https:\/\/dhg1h5j42swfq.cloudfront.net\/2025\/12\/16151233\/image-20260115-193042-1.png\" alt=\"LOA 2026 prev\u00ea 48 vagas no concurso ANPD\" class=\"wp-image-1700820\" srcset=\"https:\/\/dhg1h5j42swfq.cloudfront.net\/2025\/12\/16151233\/image-20260115-193042-1.png 720w, https:\/\/dhg1h5j42swfq.cloudfront.net\/2025\/12\/16151233\/image-20260115-193042-1-300x122.png 300w, https:\/\/dhg1h5j42swfq.cloudfront.net\/2025\/12\/16151233\/image-20260115-193042-1-150x61.png 150w\" sizes=\"auto, (max-width: 720px) 100vw, 720px\" \/><\/figure>\n\n\n\n<h2 class=\"wp-block-heading has-background\" id=\"pss\" style=\"background-color:#eeeeee\">Processo Seletivo ANPD &#8211; 2025<\/h2>\n\n\n\n<p>A Ag\u00eancia tamb\u00e9m possui um Processo Seletivo em andamento com <strong>372 vagas mais 1.704 em cadastro de reserva. <\/strong><\/p>\n\n\n\n<p>Recentemente foram <a href=\"https:\/\/dhg1h5j42swfq.cloudfront.net\/2025\/12\/15085114\/convocados-anpd-temporarios.pdf\" target=\"_blank\" rel=\"noreferrer noopener nofollow\">divulgadas as primeiras convoca\u00e7\u00f5es<\/a>. Os 17 aprovados tiveram de comparecer \u00e0 sede da ANPD no in\u00edcio do ano para assinatura do contrato e in\u00edcio imediato das atividades.<\/p>\n\n\n\n<p>No total, a sele\u00e7\u00e3o registrou <strong><a href=\"https:\/\/www.iades.com.br\/inscricao\/upload\/1356\/20250801113652245.pdf\" target=\"_blank\" rel=\"noreferrer noopener nofollow\">6.724 candidatos inscritos<\/a><\/strong>, sendo que o cargo com maior procura foi o de <span style=\"text-decoration: underline;\">Atividades T\u00e9cnicas de Suporte &#8211; NS &#8211; Qualquer \u00e1rea de forma\u00e7\u00e3o<\/span>, com <strong>1.295<\/strong> candidatos inscritos.<\/p>\n\n\n\n<p>As avalia\u00e7\u00f5es ocorreram nas cidades de&nbsp;Belo Horizonte&nbsp;(MG), Bras\u00edlia (DF), Goi\u00e2nia (GO), Rio de Janeiro (RJ), Salvador (BA) e&nbsp;S\u00e3o Paulo&nbsp;(SP).<\/p>\n\n\n\n<h3 class=\"wp-block-heading\" id=\"cargos\">Concurso ANPD (Processo Seletivo): cargos e vagas<\/h3>\n\n\n\n<h4 class=\"wp-block-heading\" id=\"h-nivel-superior-atividades-de-complexidade-intelectual\">N\u00edvel Superior \u2013 Atividades de Complexidade Intelectual<\/h4>\n\n\n\n<figure class=\"wp-block-table is-style-stripes\"><table><thead><tr><th class=\"has-text-align-center\" data-align=\"center\">Cargo<\/th><th class=\"has-text-align-center\" data-align=\"center\">Vagas Totais<\/th><th class=\"has-text-align-center\" data-align=\"center\">AC<\/th><th class=\"has-text-align-center\" data-align=\"center\">PcD<\/th><th class=\"has-text-align-center\" data-align=\"center\">PP<\/th><\/tr><\/thead><tbody><tr><td class=\"has-text-align-center\" data-align=\"center\">Direito<\/td><td class=\"has-text-align-center\" data-align=\"center\">36<\/td><td class=\"has-text-align-center\" data-align=\"center\">27<\/td><td class=\"has-text-align-center\" data-align=\"center\">2<\/td><td class=\"has-text-align-center\" data-align=\"center\">7<\/td><\/tr><tr><td class=\"has-text-align-center\" data-align=\"center\">Tecnologia da Informa\u00e7\u00e3o<\/td><td class=\"has-text-align-center\" data-align=\"center\">13<\/td><td class=\"has-text-align-center\" data-align=\"center\">9<\/td><td class=\"has-text-align-center\" data-align=\"center\">1<\/td><td class=\"has-text-align-center\" data-align=\"center\">3<\/td><\/tr><tr><td class=\"has-text-align-center\" data-align=\"center\">Ci\u00eancias Cont\u00e1beis<\/td><td class=\"has-text-align-center\" data-align=\"center\">6<\/td><td class=\"has-text-align-center\" data-align=\"center\">4<\/td><td class=\"has-text-align-center\" data-align=\"center\">1<\/td><td class=\"has-text-align-center\" data-align=\"center\">1<\/td><\/tr><tr><td class=\"has-text-align-center\" data-align=\"center\">Administra\u00e7\u00e3o \/ Administra\u00e7\u00e3o P\u00fablica \/ Gest\u00e3o P\u00fablica<\/td><td class=\"has-text-align-center\" data-align=\"center\">15<\/td><td class=\"has-text-align-center\" data-align=\"center\">11<\/td><td class=\"has-text-align-center\" data-align=\"center\">1<\/td><td class=\"has-text-align-center\" data-align=\"center\">3<\/td><\/tr><tr><td class=\"has-text-align-center\" data-align=\"center\">Qualquer \u00e1rea de forma\u00e7\u00e3o<\/td><td class=\"has-text-align-center\" data-align=\"center\">22<\/td><td class=\"has-text-align-center\" data-align=\"center\">16<\/td><td class=\"has-text-align-center\" data-align=\"center\">2<\/td><td class=\"has-text-align-center\" data-align=\"center\">4<\/td><\/tr><tr><td class=\"has-text-align-center\" data-align=\"center\">Economia<\/td><td class=\"has-text-align-center\" data-align=\"center\">2<\/td><td class=\"has-text-align-center\" data-align=\"center\">2<\/td><td class=\"has-text-align-center\" data-align=\"center\">0<\/td><td class=\"has-text-align-center\" data-align=\"center\">0<\/td><\/tr><tr><td class=\"has-text-align-center\" data-align=\"center\">Estat\u00edstica<\/td><td class=\"has-text-align-center\" data-align=\"center\">2<\/td><td class=\"has-text-align-center\" data-align=\"center\">2<\/td><td class=\"has-text-align-center\" data-align=\"center\">0<\/td><td class=\"has-text-align-center\" data-align=\"center\">0<\/td><\/tr><tr><td class=\"has-text-align-center\" data-align=\"center\">Rela\u00e7\u00f5es Internacionais<\/td><td class=\"has-text-align-center\" data-align=\"center\">2<\/td><td class=\"has-text-align-center\" data-align=\"center\">2<\/td><td class=\"has-text-align-center\" data-align=\"center\">0<\/td><td class=\"has-text-align-center\" data-align=\"center\">0<\/td><\/tr><tr><td class=\"has-text-align-center\" data-align=\"center\">Arquivologia<\/td><td class=\"has-text-align-center\" data-align=\"center\">1<\/td><td class=\"has-text-align-center\" data-align=\"center\">1<\/td><td class=\"has-text-align-center\" data-align=\"center\">0<\/td><td class=\"has-text-align-center\" data-align=\"center\">0<\/td><\/tr><tr><td class=\"has-text-align-center\" data-align=\"center\">Comunica\u00e7\u00e3o Social<\/td><td class=\"has-text-align-center\" data-align=\"center\">2<\/td><td class=\"has-text-align-center\" data-align=\"center\">2<\/td><td class=\"has-text-align-center\" data-align=\"center\">0<\/td><td class=\"has-text-align-center\" data-align=\"center\">0<\/td><\/tr><tr><td class=\"has-text-align-center\" data-align=\"center\"><strong>Total &#8211; <\/strong><\/td><td class=\"has-text-align-center\" data-align=\"center\"><strong>101<\/strong><\/td><td class=\"has-text-align-center\" data-align=\"center\">76<\/td><td class=\"has-text-align-center\" data-align=\"center\">7<\/td><td class=\"has-text-align-center\" data-align=\"center\">18<\/td><\/tr><\/tbody><\/table><\/figure>\n\n\n\n<h4 class=\"wp-block-heading\" id=\"h-nivel-superior-atividades-de-complexidade-gerencial\">N\u00edvel Superior \u2013 Atividades de Complexidade Gerencial<\/h4>\n\n\n\n<figure class=\"wp-block-table is-style-stripes\"><table><thead><tr><th class=\"has-text-align-center\" data-align=\"center\">Cargo<\/th><th class=\"has-text-align-center\" data-align=\"center\">Vagas<\/th><\/tr><\/thead><tbody><tr><td class=\"has-text-align-center\" data-align=\"center\">Direito<\/td><td class=\"has-text-align-center\" data-align=\"center\">50<\/td><\/tr><tr><td class=\"has-text-align-center\" data-align=\"center\">Tecnologia da Informa\u00e7\u00e3o<\/td><td class=\"has-text-align-center\" data-align=\"center\">30<\/td><\/tr><tr><td class=\"has-text-align-center\" data-align=\"center\">Ci\u00eancias Cont\u00e1beis<\/td><td class=\"has-text-align-center\" data-align=\"center\">4<\/td><\/tr><tr><td class=\"has-text-align-center\" data-align=\"center\">Administra\u00e7\u00e3o \/ Gest\u00e3o P\u00fablica \/ Administra\u00e7\u00e3o P\u00fablica \/ Engenharia da Produ\u00e7\u00e3o<\/td><td class=\"has-text-align-center\" data-align=\"center\">42<\/td><\/tr><tr><td class=\"has-text-align-center\" data-align=\"center\">Qualquer \u00e1rea de forma\u00e7\u00e3o<\/td><td class=\"has-text-align-center\" data-align=\"center\">54<\/td><\/tr><tr><td class=\"has-text-align-center\" data-align=\"center\"><strong>Total &#8211; Complexidade Gerencial<\/strong><\/td><td class=\"has-text-align-center\" data-align=\"center\"><strong>180<\/strong><\/td><\/tr><\/tbody><\/table><\/figure>\n\n\n\n<h4 class=\"wp-block-heading\" id=\"h-nivel-superior-atividade-tecnica-de-suporte\">N\u00edvel Superior \u2013 Atividade T\u00e9cnica de Suporte<\/h4>\n\n\n\n<figure class=\"wp-block-table is-style-stripes\"><table><thead><tr><th class=\"has-text-align-center\" data-align=\"center\">Cargo<\/th><th class=\"has-text-align-center\" data-align=\"center\">Vagas Totais<\/th><th class=\"has-text-align-center\" data-align=\"center\">AC<\/th><th class=\"has-text-align-center\" data-align=\"center\">PcD<\/th><th class=\"has-text-align-center\" data-align=\"center\">PP<\/th><\/tr><\/thead><tbody><tr><td class=\"has-text-align-center\" data-align=\"center\">Direito<\/td><td class=\"has-text-align-center\" data-align=\"center\">8<\/td><td class=\"has-text-align-center\" data-align=\"center\">5<\/td><td class=\"has-text-align-center\" data-align=\"center\">1<\/td><td class=\"has-text-align-center\" data-align=\"center\">2<\/td><\/tr><tr><td class=\"has-text-align-center\" data-align=\"center\">Tecnologia da Informa\u00e7\u00e3o<\/td><td class=\"has-text-align-center\" data-align=\"center\">7<\/td><td class=\"has-text-align-center\" data-align=\"center\">5<\/td><td class=\"has-text-align-center\" data-align=\"center\">1<\/td><td class=\"has-text-align-center\" data-align=\"center\">1<\/td><\/tr><tr><td class=\"has-text-align-center\" data-align=\"center\">Ci\u00eancias Cont\u00e1beis<\/td><td class=\"has-text-align-center\" data-align=\"center\">7<\/td><td class=\"has-text-align-center\" data-align=\"center\">5<\/td><td class=\"has-text-align-center\" data-align=\"center\">1<\/td><td class=\"has-text-align-center\" data-align=\"center\">1<\/td><\/tr><tr><td class=\"has-text-align-center\" data-align=\"center\">Administra\u00e7\u00e3o \/ Administra\u00e7\u00e3o P\u00fablica \/ Gest\u00e3o P\u00fablica<\/td><td class=\"has-text-align-center\" data-align=\"center\">8<\/td><td class=\"has-text-align-center\" data-align=\"center\">5<\/td><td class=\"has-text-align-center\" data-align=\"center\">1<\/td><td class=\"has-text-align-center\" data-align=\"center\">2<\/td><\/tr><tr><td class=\"has-text-align-center\" data-align=\"center\">Qualquer \u00e1rea de forma\u00e7\u00e3o<\/td><td class=\"has-text-align-center\" data-align=\"center\">18<\/td><td class=\"has-text-align-center\" data-align=\"center\">13<\/td><td class=\"has-text-align-center\" data-align=\"center\">1<\/td><td class=\"has-text-align-center\" data-align=\"center\">4<\/td><\/tr><tr><td class=\"has-text-align-center\" data-align=\"center\">Psicologia<\/td><td class=\"has-text-align-center\" data-align=\"center\">2<\/td><td class=\"has-text-align-center\" data-align=\"center\">2<\/td><td class=\"has-text-align-center\" data-align=\"center\">0<\/td><td class=\"has-text-align-center\" data-align=\"center\">0<\/td><\/tr><tr><td class=\"has-text-align-center\" data-align=\"center\">Biblioteconomia<\/td><td class=\"has-text-align-center\" data-align=\"center\">1<\/td><td class=\"has-text-align-center\" data-align=\"center\">1<\/td><td class=\"has-text-align-center\" data-align=\"center\">0<\/td><td class=\"has-text-align-center\" data-align=\"center\">0<\/td><\/tr><tr><td class=\"has-text-align-center\" data-align=\"center\"><strong>Total <\/strong><\/td><td class=\"has-text-align-center\" data-align=\"center\"><strong>51<\/strong><\/td><td class=\"has-text-align-center\" data-align=\"center\">36<\/td><td class=\"has-text-align-center\" data-align=\"center\">5<\/td><td class=\"has-text-align-center\" data-align=\"center\">10<\/td><\/tr><\/tbody><\/table><\/figure>\n\n\n\n<h4 class=\"wp-block-heading\" id=\"h-nivel-medio-atividade-de-apoio-operacional\">N\u00edvel m\u00e9dio \u2013 Atividade de Apoio Operacional<\/h4>\n\n\n\n<figure class=\"wp-block-table is-style-stripes\"><table><thead><tr><th class=\"has-text-align-center\" data-align=\"center\">Cargo<\/th><th class=\"has-text-align-center\" data-align=\"center\">Vagas Totais<\/th><\/tr><\/thead><tbody><tr><td class=\"has-text-align-center\" data-align=\"center\">Atividades de Apoio Operacional \u2013 NI<\/td><td class=\"has-text-align-center\" data-align=\"center\">40<\/td><\/tr><\/tbody><\/table><\/figure>\n\n\n\n<p>Conforme altera\u00e7\u00f5es, os aprovados far\u00e3o jus aos sal\u00e1rios iniciais seguintes, referentes \u00e0 jornada de 40 horas semanais:<\/p>\n\n\n\n<figure class=\"wp-block-table is-style-stripes\"><table class=\"has-fixed-layout\"><thead><tr><th class=\"has-text-align-center\" data-align=\"center\">Atividades<\/th><th class=\"has-text-align-center\" data-align=\"center\">Efeitos financeiros a partir de 1\u00ba de agosto de 2025<\/th><th class=\"has-text-align-center\" data-align=\"center\">Efeitos financeiros a partir de 1\u00ba de abril de 2026<\/th><\/tr><\/thead><tbody><tr><td class=\"has-text-align-center\" data-align=\"center\">Atividades de Apoio Operacional<\/td><td class=\"has-text-align-center\" data-align=\"center\">R$ 2.019,77<\/td><td class=\"has-text-align-center\" data-align=\"center\">R$ 2.120,75<\/td><\/tr><tr><td class=\"has-text-align-center\" data-align=\"center\">Atividades T\u00e9cnicas de Suporte &#8211; n\u00edvel superior<\/td><td class=\"has-text-align-center\" data-align=\"center\">R$ 4.514,78<\/td><td class=\"has-text-align-center\" data-align=\"center\">R$ 4.740,51<\/td><\/tr><tr><td class=\"has-text-align-center\" data-align=\"center\">Atividades T\u00e9cnicas de Complexidade Intelectual<\/td><td class=\"has-text-align-center\" data-align=\"center\">R$ 7.283,05<\/td><td class=\"has-text-align-center\" data-align=\"center\">R$ 7.647,20<\/td><\/tr><tr><td class=\"has-text-align-center\" data-align=\"center\">Atividades T\u00e9cnicas de Complexidade Gerencial<\/td><td class=\"has-text-align-center\" data-align=\"center\">R$ 9.861,23<\/td><td class=\"has-text-align-center\" data-align=\"center\">R$ 10.354,29<\/td><\/tr><\/tbody><\/table><\/figure>\n\n\n\n<h3 class=\"wp-block-heading\" id=\"etapas\">Concurso ANPD: etapas e provas<\/h3>\n\n\n\n<p>Os candidatos enfrentaram as seguintes etapas:<\/p>\n\n\n\n<ul class=\"wp-block-list\">\n<li><strong>a) prova objetiva<\/strong>, de car\u00e1ter eliminat\u00f3rio e classificat\u00f3rio, para todas as Atividades\/perfis;<\/li>\n\n\n\n<li><strong>b) avalia\u00e7\u00e3o de t\u00edtulos<\/strong>, de car\u00e1ter unicamente classificat\u00f3rio;<\/li>\n\n\n\n<li><strong>c) procedimento de heteroidentifica\u00e7\u00e3o,<\/strong> para os candidatos autodeclarados negros (pretos ou pardos); e<\/li>\n\n\n\n<li><strong>d) avalia\u00e7\u00e3o biopsicossocial,<\/strong> para os candidatos autodeclarados pessoas com defici\u00eancia.<\/li>\n<\/ul>\n\n\n\n<h4 class=\"wp-block-heading\" id=\"objetiva\">Prova objetiva <\/h4>\n\n\n\n<p>A prova objetiva foi composta de 50 quest\u00f5es de m\u00faltipla escolha, com 5 (cinco) alternativas em cada quest\u00e3o, para escolha de 1 (uma) \u00fanica resposta correta.<\/p>\n\n\n\n<p>Confira, abaixo, a estrutura das provas:<\/p>\n\n\n\n<figure class=\"wp-block-image aligncenter\"><img decoding=\"async\" src=\"https:\/\/cdn.direcaoconcursos.com.br\/uploads\/2025\/05\/prova.png\" alt=\"Concurso ANPD: etapas e provas\" class=\"wp-image-321060\"\/><\/figure>\n\n\n\n<p>Foram considerados aprovados na prova objetiva os candidatos que obtiveram o m\u00ednimo de 50% da pontua\u00e7\u00e3o total m\u00e1xima permitida para a prova.<\/p>\n\n\n\n<h4 class=\"wp-block-heading\" id=\"titulos\">Avalia\u00e7\u00e3o de t\u00edtulos<\/h4>\n\n\n\n<p>A avalia\u00e7\u00e3o de t\u00edtulos, de car\u00e1ter exclusivamente classificat\u00f3rio, teve pontua\u00e7\u00e3o m\u00e1xima de 12,00 pontos, ainda que a soma dos valores dos t\u00edtulos e dos comprovantes apresentados fosse superior a esse valor.<\/p>\n\n\n\n<p>A pontua\u00e7\u00e3o relativa \u00e0 avalia\u00e7\u00e3o de t\u00edtulos foi limitada ao valor m\u00e1ximo de acordo com a tabela de pontua\u00e7\u00e3o a seguir:<\/p>\n\n\n\n<figure class=\"wp-block-image aligncenter is-resized\"><img decoding=\"async\" src=\"https:\/\/cdn.direcaoconcursos.com.br\/uploads\/2025\/05\/2-3.png\" alt=\"Concurso ANPD: etapas e provas\" class=\"wp-image-321059\" style=\"width:797px;height:auto\"\/><\/figure>\n\n\n\n<hr class=\"wp-block-separator has-alpha-channel-opacity\"\/>\n\n\n\n<h2 class=\"wp-block-heading has-text-align-center\" id=\"cursos\"><em>Quer estudar para o concurso ANPD?<\/em><\/h2>\n\n\n\n<div class=\"container\" id=\"boxes\">\n  <div class=\"row\">\n\n    <div class=\"col-sm\">\n      <div class=\"banner-estrat-corj\" id=\"box-assinatura\">\n        <h3 class=\"titulo-assinatura\" style=\"text-align: left;\">Cursos para ANPD<\/h3>\n        <p class=\"subtitulo-assinatura\" style=\"text-align: left;\">Conhe\u00e7a os cursos<\/p>\n        <div class=\"box-botao\" style=\"text-align: left;\">\n          <a class=\"btn-assinatura\" target=\"_blank\" href=\"https:\/\/www.estrategiaconcursos.com.br\/cursosPorConcurso\/autoridade-nacional-de-protecao-de-dados-anpd\/\" role=\"button\" rel=\"noopener noreferrer\">CLIQUE AQUI<\/a>\n        <\/div>\n      <\/div><\/div><\/div><\/div>\n\n\n\n<div class=\"container\" id=\"boxes\">\n  <div class=\"row\">\n\n    <div class=\"col-sm\">\n      <div class=\"estrategia\" id=\"box-assinatura\">\n        <h3 class=\"titulo-assinatura\">Assinatura Concursos<\/h3>\n        <p class=\"subtitulo-assinatura\">Assinatura de 1 ano ou 2 anos<\/p>\n        <div class=\"box-botao\">\n          <a class=\"btn-assinatura\" target=\"_blank\" href=\"https:\/\/www.estrategiaconcursos.com.br\/assinaturas\/\" role=\"button\" rel=\"noopener noreferrer\">ASSINE AGORA<\/a>\n        <\/div>\n      <\/div><\/div><\/div><\/div>\n\n\n\n<h2 class=\"wp-block-heading has-text-align-center\" id=\"h-quer-saber-tudo-sobre-concursos-previstos-confira-nossos-artigos\">Quer saber tudo sobre concursos previstos?<br \/>Confira  nossos artigos!<\/h2>\n\n\n\n<ul class=\"wp-block-list\">\n<li><a href=\"https:\/\/www.estrategiaconcursos.com.br\/blog\/concursos-abertos\/\" target=\"_blank\" rel=\"noreferrer noopener\">Concursos Abertos<\/a><\/li>\n\n\n\n<li><a href=\"https:\/\/www.estrategiaconcursos.com.br\/blog\/concursos-federais-2023\/\">Concursos Federais<\/a><\/li>\n\n\n\n<li><a href=\"https:\/\/www.estrategiaconcursos.com.br\/blog\/concursos-2026\/\" target=\"_blank\" rel=\"noreferrer noopener\">Concursos 2026<\/a><\/li>\n<\/ul>\n\n\n\n<figure class=\"wp-block-image is-resized\"><img loading=\"lazy\" decoding=\"async\" width=\"1024\" height=\"632\" src=\"https:\/\/dhg1h5j42swfq.cloudfront.net\/2021\/04\/01161145\/ficha-tecnica-5-1024x632.png\" alt=\"Informa\u00e7\u00f5es do concurso ANPD\" class=\"wp-image-706736\" style=\"aspect-ratio:1.6180555555555556;width:274px;height:auto\" srcset=\"https:\/\/dhg1h5j42swfq.cloudfront.net\/2021\/04\/01161145\/ficha-tecnica-5-1024x632.png 1024w, https:\/\/dhg1h5j42swfq.cloudfront.net\/2021\/04\/01161145\/ficha-tecnica-5-300x185.png 300w, https:\/\/dhg1h5j42swfq.cloudfront.net\/2021\/04\/01161145\/ficha-tecnica-5-768x474.png 768w, https:\/\/dhg1h5j42swfq.cloudfront.net\/2021\/04\/01161145\/ficha-tecnica-5-1536x948.png 1536w, https:\/\/dhg1h5j42swfq.cloudfront.net\/2021\/04\/01161145\/ficha-tecnica-5-610x377.png 610w, https:\/\/dhg1h5j42swfq.cloudfront.net\/2021\/04\/01161145\/ficha-tecnica-5.png 1571w\" sizes=\"auto, (max-width: 1024px) 100vw, 1024px\" \/><\/figure>\n\n\n\n<h3 class=\"wp-block-heading\" id=\"ficha-tecnica\">Informa\u00e7\u00f5es do pr\u00f3ximo concurso ANPD <\/h3>\n\n\n\n<ul class=\"wp-block-list\">\n<li><strong>Data prevista<\/strong>: 2026<\/li>\n\n\n\n<li><strong>Banca<\/strong>: a definir<\/li>\n\n\n\n<li><strong>Escolaridade<\/strong>: n\u00edvel superior<\/li>\n\n\n\n<li><strong>Vagas:<\/strong>\u00a0200 previstas<\/li>\n\n\n\n<li><strong>Cargo<\/strong>: Especialista em Regula\u00e7\u00e3o de Prote\u00e7\u00e3o de Dados<\/li>\n\n\n\n<li><strong>\u00daltimo edital:<\/strong> <a href=\"https:\/\/dhg1h5j42swfq.cloudfront.net\/2025\/05\/09103354\/202505099629840.pdf\" target=\"_blank\" rel=\"noreferrer noopener nofollow\">PSS ANPD 2025<\/a><\/li>\n<\/ul>\n","protected":false},"excerpt":{"rendered":"<p>Senado aprova medida que transforma a autoridade em ag\u00eancia reguladora! O novo concurso da ANPD (Ag\u00eancia Nacional de Prote\u00e7\u00e3o de Dados) em breve poder\u00e1 ser realizado, j\u00e1 que o grupo de trabalho foi institu\u00eddo. O grupo dever\u00e1 garantir o registro da solicita\u00e7\u00e3o de concurso p\u00fablico at\u00e9 31 de maio de 2026, prazo m\u00e1ximo para registro [&hellip;]<\/p>\n","protected":false},"author":643,"featured_media":1304341,"comment_status":"open","ping_status":"closed","sticky":false,"template":"","format":"standard","meta":{"post_tipo":"news_page","footnotes":""},"categories":[220215,214992],"tags":[],"tax_estado":[219963],"class_list":["post-1276683","post","type-post","status-publish","format-standard","has-post-thumbnail","hentry","category-agencia-reguladora","category-concursos-administrativos","tax_estado-concursos-federais"],"acf":[],"yoast_head":"<!-- This site is optimized with the Yoast SEO Premium plugin v27.2 (Yoast SEO v27.2) - https:\/\/yoast.com\/product\/yoast-seo-premium-wordpress\/ -->\n<title>Concurso ANPD: grupo de trabalho institu\u00eddo<\/title>\n<meta name=\"description\" content=\"Concurso ANPD 2026: novo edital em estudos para cargos efetivos. A Ag\u00eancia tamb\u00e9m possui um PSS em andamento. Veja tudo aqui!\" \/>\n<meta name=\"robots\" content=\"index, follow, max-snippet:-1, max-image-preview:large, max-video-preview:-1\" \/>\n<link rel=\"canonical\" href=\"https:\/\/www.estrategiaconcursos.com.br\/blog\/concurso-anpd\/\" \/>\n<meta property=\"og:locale\" content=\"pt_BR\" \/>\n<meta property=\"og:type\" content=\"article\" \/>\n<meta property=\"og:title\" content=\"Concurso ANPD: grupo de trabalho institu\u00eddo\" \/>\n<meta property=\"og:description\" content=\"Concurso ANPD 2026: novo edital em estudos para cargos efetivos. A Ag\u00eancia tamb\u00e9m possui um PSS em andamento. Veja tudo aqui!\" \/>\n<meta property=\"og:url\" content=\"https:\/\/www.estrategiaconcursos.com.br\/blog\/concurso-anpd\/\" \/>\n<meta property=\"og:site_name\" content=\"Estrat\u00e9gia Concursos\" \/>\n<meta property=\"article:published_time\" content=\"2026-02-25T11:00:00+00:00\" \/>\n<meta property=\"article:modified_time\" content=\"2026-02-25T20:32:10+00:00\" \/>\n<meta property=\"og:image\" content=\"https:\/\/dhg1h5j42swfq.cloudfront.net\/2023\/11\/09103604\/anpd.jpg\" \/>\n\t<meta property=\"og:image:width\" content=\"768\" \/>\n\t<meta property=\"og:image:height\" content=\"432\" \/>\n\t<meta property=\"og:image:type\" content=\"image\/jpeg\" \/>\n<meta name=\"author\" content=\"F\u00e1bio Scaldelai\" \/>\n<meta name=\"twitter:card\" content=\"summary_large_image\" \/>\n<meta name=\"twitter:creator\" content=\"@EstratConcursos\" \/>\n<meta name=\"twitter:site\" content=\"@EstratConcursos\" \/>\n<meta name=\"twitter:label1\" content=\"Escrito por\" \/>\n\t<meta name=\"twitter:data1\" content=\"F\u00e1bio Scaldelai\" \/>\n\t<meta name=\"twitter:label2\" content=\"Est. tempo de leitura\" \/>\n\t<meta name=\"twitter:data2\" content=\"7 minutos\" \/>\n<script type=\"application\/ld+json\" class=\"yoast-schema-graph\">{\"@context\":\"https:\/\/schema.org\",\"@graph\":[{\"@type\":\"NewsArticle\",\"@id\":\"https:\/\/www.estrategiaconcursos.com.br\/blog\/concurso-anpd\/#article\",\"isPartOf\":{\"@id\":\"https:\/\/www.estrategiaconcursos.com.br\/blog\/concurso-anpd\/\"},\"author\":{\"name\":\"F\u00e1bio Scaldelai\",\"@id\":\"https:\/\/www.estrategiaconcursos.com.br\/blog\/#\/schema\/person\/b27f725b445a1519b2f20bf79001496d\"},\"headline\":\"Concurso ANPD: grupo de trabalho institu\u00eddo\",\"datePublished\":\"2026-02-25T11:00:00+00:00\",\"dateModified\":\"2026-02-25T20:32:10+00:00\",\"mainEntityOfPage\":{\"@id\":\"https:\/\/www.estrategiaconcursos.com.br\/blog\/concurso-anpd\/\"},\"wordCount\":1515,\"commentCount\":0,\"publisher\":{\"@id\":\"https:\/\/www.estrategiaconcursos.com.br\/blog\/#organization\"},\"image\":{\"@id\":\"https:\/\/www.estrategiaconcursos.com.br\/blog\/concurso-anpd\/#primaryimage\"},\"thumbnailUrl\":\"https:\/\/dhg1h5j42swfq.cloudfront.net\/2023\/11\/09103604\/anpd.jpg\",\"articleSection\":[\"Ag\u00eancia Reguladora\",\"Executivo (Administrativa)\"],\"inLanguage\":\"pt-BR\",\"potentialAction\":[{\"@type\":\"CommentAction\",\"name\":\"Comment\",\"target\":[\"https:\/\/www.estrategiaconcursos.com.br\/blog\/concurso-anpd\/#respond\"]}],\"copyrightYear\":\"2026\",\"copyrightHolder\":{\"@id\":\"https:\/\/www.estrategiaconcursos.com.br\/blog\/#organization\"}},{\"@type\":\"WebPage\",\"@id\":\"https:\/\/www.estrategiaconcursos.com.br\/blog\/concurso-anpd\/\",\"url\":\"https:\/\/www.estrategiaconcursos.com.br\/blog\/concurso-anpd\/\",\"name\":\"Concurso ANPD: grupo de trabalho institu\u00eddo\",\"isPartOf\":{\"@id\":\"https:\/\/www.estrategiaconcursos.com.br\/blog\/#website\"},\"primaryImageOfPage\":{\"@id\":\"https:\/\/www.estrategiaconcursos.com.br\/blog\/concurso-anpd\/#primaryimage\"},\"image\":{\"@id\":\"https:\/\/www.estrategiaconcursos.com.br\/blog\/concurso-anpd\/#primaryimage\"},\"thumbnailUrl\":\"https:\/\/dhg1h5j42swfq.cloudfront.net\/2023\/11\/09103604\/anpd.jpg\",\"datePublished\":\"2026-02-25T11:00:00+00:00\",\"dateModified\":\"2026-02-25T20:32:10+00:00\",\"description\":\"Concurso ANPD 2026: novo edital em estudos para cargos efetivos. A Ag\u00eancia tamb\u00e9m possui um PSS em andamento. Veja tudo aqui!\",\"breadcrumb\":{\"@id\":\"https:\/\/www.estrategiaconcursos.com.br\/blog\/concurso-anpd\/#breadcrumb\"},\"inLanguage\":\"pt-BR\",\"potentialAction\":[{\"@type\":\"ReadAction\",\"target\":[\"https:\/\/www.estrategiaconcursos.com.br\/blog\/concurso-anpd\/\"]}]},{\"@type\":\"ImageObject\",\"inLanguage\":\"pt-BR\",\"@id\":\"https:\/\/www.estrategiaconcursos.com.br\/blog\/concurso-anpd\/#primaryimage\",\"url\":\"https:\/\/dhg1h5j42swfq.cloudfront.net\/2023\/11\/09103604\/anpd.jpg\",\"contentUrl\":\"https:\/\/dhg1h5j42swfq.cloudfront.net\/2023\/11\/09103604\/anpd.jpg\",\"width\":768,\"height\":432},{\"@type\":\"BreadcrumbList\",\"@id\":\"https:\/\/www.estrategiaconcursos.com.br\/blog\/concurso-anpd\/#breadcrumb\",\"itemListElement\":[{\"@type\":\"ListItem\",\"position\":1,\"name\":\"In\u00edcio\",\"item\":\"https:\/\/www.estrategiaconcursos.com.br\/blog\/\"},{\"@type\":\"ListItem\",\"position\":2,\"name\":\"Concurso ANPD: grupo de trabalho institu\u00eddo\"}]},{\"@type\":\"WebSite\",\"@id\":\"https:\/\/www.estrategiaconcursos.com.br\/blog\/#website\",\"url\":\"https:\/\/www.estrategiaconcursos.com.br\/blog\/\",\"name\":\"Estrat\u00e9gia Concursos\",\"description\":\"O blog da Estrat\u00e9gia Concursos traz not\u00edcias sobre concursos e artigos de professores oferecendo cursos para concursos (pdf + videaulas) no site.\",\"publisher\":{\"@id\":\"https:\/\/www.estrategiaconcursos.com.br\/blog\/#organization\"},\"potentialAction\":[{\"@type\":\"SearchAction\",\"target\":{\"@type\":\"EntryPoint\",\"urlTemplate\":\"https:\/\/www.estrategiaconcursos.com.br\/blog\/?s={search_term_string}\"},\"query-input\":{\"@type\":\"PropertyValueSpecification\",\"valueRequired\":true,\"valueName\":\"search_term_string\"}}],\"inLanguage\":\"pt-BR\"},{\"@type\":\"Organization\",\"@id\":\"https:\/\/www.estrategiaconcursos.com.br\/blog\/#organization\",\"name\":\"Estrat\u00e9gia Concursos\",\"url\":\"https:\/\/www.estrategiaconcursos.com.br\/blog\/\",\"logo\":{\"@type\":\"ImageObject\",\"inLanguage\":\"pt-BR\",\"@id\":\"https:\/\/www.estrategiaconcursos.com.br\/blog\/#\/schema\/logo\/image\/\",\"url\":\"https:\/\/dhg1h5j42swfq.cloudfront.net\/2025\/06\/03203428\/logo_concursos-1.jpg\",\"contentUrl\":\"https:\/\/dhg1h5j42swfq.cloudfront.net\/2025\/06\/03203428\/logo_concursos-1.jpg\",\"width\":230,\"height\":60,\"caption\":\"Estrat\u00e9gia Concursos\"},\"image\":{\"@id\":\"https:\/\/www.estrategiaconcursos.com.br\/blog\/#\/schema\/logo\/image\/\"},\"sameAs\":[\"https:\/\/x.com\/EstratConcursos\"]},{\"@type\":\"Person\",\"@id\":\"https:\/\/www.estrategiaconcursos.com.br\/blog\/#\/schema\/person\/b27f725b445a1519b2f20bf79001496d\",\"name\":\"F\u00e1bio Scaldelai\",\"image\":{\"@type\":\"ImageObject\",\"inLanguage\":\"pt-BR\",\"@id\":\"https:\/\/secure.gravatar.com\/avatar\/d87536a395daa9c44d428de53feb744c60ed200e5635eefecfcfa4cdd3fbd7dc?s=96&d=mm&r=g\",\"url\":\"https:\/\/secure.gravatar.com\/avatar\/d87536a395daa9c44d428de53feb744c60ed200e5635eefecfcfa4cdd3fbd7dc?s=96&d=mm&r=g\",\"contentUrl\":\"https:\/\/secure.gravatar.com\/avatar\/d87536a395daa9c44d428de53feb744c60ed200e5635eefecfcfa4cdd3fbd7dc?s=96&d=mm&r=g\",\"caption\":\"F\u00e1bio Scaldelai\"},\"url\":\"https:\/\/www.estrategiaconcursos.com.br\/blog\/author\/fabio-scaldelai\/\"}]}<\/script>\n<!-- \/ Yoast SEO Premium plugin. -->","yoast_head_json":{"title":"Concurso ANPD: grupo de trabalho institu\u00eddo","description":"Concurso ANPD 2026: novo edital em estudos para cargos efetivos. A Ag\u00eancia tamb\u00e9m possui um PSS em andamento. Veja tudo aqui!","robots":{"index":"index","follow":"follow","max-snippet":"max-snippet:-1","max-image-preview":"max-image-preview:large","max-video-preview":"max-video-preview:-1"},"canonical":"https:\/\/www.estrategiaconcursos.com.br\/blog\/concurso-anpd\/","og_locale":"pt_BR","og_type":"article","og_title":"Concurso ANPD: grupo de trabalho institu\u00eddo","og_description":"Concurso ANPD 2026: novo edital em estudos para cargos efetivos. A Ag\u00eancia tamb\u00e9m possui um PSS em andamento. Veja tudo aqui!","og_url":"https:\/\/www.estrategiaconcursos.com.br\/blog\/concurso-anpd\/","og_site_name":"Estrat\u00e9gia Concursos","article_published_time":"2026-02-25T11:00:00+00:00","article_modified_time":"2026-02-25T20:32:10+00:00","og_image":[{"width":768,"height":432,"url":"https:\/\/dhg1h5j42swfq.cloudfront.net\/2023\/11\/09103604\/anpd.jpg","type":"image\/jpeg"}],"author":"F\u00e1bio Scaldelai","twitter_card":"summary_large_image","twitter_creator":"@EstratConcursos","twitter_site":"@EstratConcursos","twitter_misc":{"Escrito por":"F\u00e1bio Scaldelai","Est. tempo de leitura":"7 minutos"},"schema":{"@context":"https:\/\/schema.org","@graph":[{"@type":"NewsArticle","@id":"https:\/\/www.estrategiaconcursos.com.br\/blog\/concurso-anpd\/#article","isPartOf":{"@id":"https:\/\/www.estrategiaconcursos.com.br\/blog\/concurso-anpd\/"},"author":{"name":"F\u00e1bio Scaldelai","@id":"https:\/\/www.estrategiaconcursos.com.br\/blog\/#\/schema\/person\/b27f725b445a1519b2f20bf79001496d"},"headline":"Concurso ANPD: grupo de trabalho institu\u00eddo","datePublished":"2026-02-25T11:00:00+00:00","dateModified":"2026-02-25T20:32:10+00:00","mainEntityOfPage":{"@id":"https:\/\/www.estrategiaconcursos.com.br\/blog\/concurso-anpd\/"},"wordCount":1515,"commentCount":0,"publisher":{"@id":"https:\/\/www.estrategiaconcursos.com.br\/blog\/#organization"},"image":{"@id":"https:\/\/www.estrategiaconcursos.com.br\/blog\/concurso-anpd\/#primaryimage"},"thumbnailUrl":"https:\/\/dhg1h5j42swfq.cloudfront.net\/2023\/11\/09103604\/anpd.jpg","articleSection":["Ag\u00eancia Reguladora","Executivo (Administrativa)"],"inLanguage":"pt-BR","potentialAction":[{"@type":"CommentAction","name":"Comment","target":["https:\/\/www.estrategiaconcursos.com.br\/blog\/concurso-anpd\/#respond"]}],"copyrightYear":"2026","copyrightHolder":{"@id":"https:\/\/www.estrategiaconcursos.com.br\/blog\/#organization"}},{"@type":"WebPage","@id":"https:\/\/www.estrategiaconcursos.com.br\/blog\/concurso-anpd\/","url":"https:\/\/www.estrategiaconcursos.com.br\/blog\/concurso-anpd\/","name":"Concurso ANPD: grupo de trabalho institu\u00eddo","isPartOf":{"@id":"https:\/\/www.estrategiaconcursos.com.br\/blog\/#website"},"primaryImageOfPage":{"@id":"https:\/\/www.estrategiaconcursos.com.br\/blog\/concurso-anpd\/#primaryimage"},"image":{"@id":"https:\/\/www.estrategiaconcursos.com.br\/blog\/concurso-anpd\/#primaryimage"},"thumbnailUrl":"https:\/\/dhg1h5j42swfq.cloudfront.net\/2023\/11\/09103604\/anpd.jpg","datePublished":"2026-02-25T11:00:00+00:00","dateModified":"2026-02-25T20:32:10+00:00","description":"Concurso ANPD 2026: novo edital em estudos para cargos efetivos. A Ag\u00eancia tamb\u00e9m possui um PSS em andamento. Veja tudo aqui!","breadcrumb":{"@id":"https:\/\/www.estrategiaconcursos.com.br\/blog\/concurso-anpd\/#breadcrumb"},"inLanguage":"pt-BR","potentialAction":[{"@type":"ReadAction","target":["https:\/\/www.estrategiaconcursos.com.br\/blog\/concurso-anpd\/"]}]},{"@type":"ImageObject","inLanguage":"pt-BR","@id":"https:\/\/www.estrategiaconcursos.com.br\/blog\/concurso-anpd\/#primaryimage","url":"https:\/\/dhg1h5j42swfq.cloudfront.net\/2023\/11\/09103604\/anpd.jpg","contentUrl":"https:\/\/dhg1h5j42swfq.cloudfront.net\/2023\/11\/09103604\/anpd.jpg","width":768,"height":432},{"@type":"BreadcrumbList","@id":"https:\/\/www.estrategiaconcursos.com.br\/blog\/concurso-anpd\/#breadcrumb","itemListElement":[{"@type":"ListItem","position":1,"name":"In\u00edcio","item":"https:\/\/www.estrategiaconcursos.com.br\/blog\/"},{"@type":"ListItem","position":2,"name":"Concurso ANPD: grupo de trabalho institu\u00eddo"}]},{"@type":"WebSite","@id":"https:\/\/www.estrategiaconcursos.com.br\/blog\/#website","url":"https:\/\/www.estrategiaconcursos.com.br\/blog\/","name":"Estrat\u00e9gia Concursos","description":"O blog da Estrat\u00e9gia Concursos traz not\u00edcias sobre concursos e artigos de professores oferecendo cursos para concursos (pdf + videaulas) no site.","publisher":{"@id":"https:\/\/www.estrategiaconcursos.com.br\/blog\/#organization"},"potentialAction":[{"@type":"SearchAction","target":{"@type":"EntryPoint","urlTemplate":"https:\/\/www.estrategiaconcursos.com.br\/blog\/?s={search_term_string}"},"query-input":{"@type":"PropertyValueSpecification","valueRequired":true,"valueName":"search_term_string"}}],"inLanguage":"pt-BR"},{"@type":"Organization","@id":"https:\/\/www.estrategiaconcursos.com.br\/blog\/#organization","name":"Estrat\u00e9gia Concursos","url":"https:\/\/www.estrategiaconcursos.com.br\/blog\/","logo":{"@type":"ImageObject","inLanguage":"pt-BR","@id":"https:\/\/www.estrategiaconcursos.com.br\/blog\/#\/schema\/logo\/image\/","url":"https:\/\/dhg1h5j42swfq.cloudfront.net\/2025\/06\/03203428\/logo_concursos-1.jpg","contentUrl":"https:\/\/dhg1h5j42swfq.cloudfront.net\/2025\/06\/03203428\/logo_concursos-1.jpg","width":230,"height":60,"caption":"Estrat\u00e9gia Concursos"},"image":{"@id":"https:\/\/www.estrategiaconcursos.com.br\/blog\/#\/schema\/logo\/image\/"},"sameAs":["https:\/\/x.com\/EstratConcursos"]},{"@type":"Person","@id":"https:\/\/www.estrategiaconcursos.com.br\/blog\/#\/schema\/person\/b27f725b445a1519b2f20bf79001496d","name":"F\u00e1bio Scaldelai","image":{"@type":"ImageObject","inLanguage":"pt-BR","@id":"https:\/\/secure.gravatar.com\/avatar\/d87536a395daa9c44d428de53feb744c60ed200e5635eefecfcfa4cdd3fbd7dc?s=96&d=mm&r=g","url":"https:\/\/secure.gravatar.com\/avatar\/d87536a395daa9c44d428de53feb744c60ed200e5635eefecfcfa4cdd3fbd7dc?s=96&d=mm&r=g","contentUrl":"https:\/\/secure.gravatar.com\/avatar\/d87536a395daa9c44d428de53feb744c60ed200e5635eefecfcfa4cdd3fbd7dc?s=96&d=mm&r=g","caption":"F\u00e1bio Scaldelai"},"url":"https:\/\/www.estrategiaconcursos.com.br\/blog\/author\/fabio-scaldelai\/"}]}},"_links":{"self":[{"href":"https:\/\/www.estrategiaconcursos.com.br\/blog\/wp-json\/wp\/v2\/posts\/1276683","targetHints":{"allow":["GET"]}}],"collection":[{"href":"https:\/\/www.estrategiaconcursos.com.br\/blog\/wp-json\/wp\/v2\/posts"}],"about":[{"href":"https:\/\/www.estrategiaconcursos.com.br\/blog\/wp-json\/wp\/v2\/types\/post"}],"author":[{"embeddable":true,"href":"https:\/\/www.estrategiaconcursos.com.br\/blog\/wp-json\/wp\/v2\/users\/643"}],"replies":[{"embeddable":true,"href":"https:\/\/www.estrategiaconcursos.com.br\/blog\/wp-json\/wp\/v2\/comments?post=1276683"}],"version-history":[{"count":74,"href":"https:\/\/www.estrategiaconcursos.com.br\/blog\/wp-json\/wp\/v2\/posts\/1276683\/revisions"}],"predecessor-version":[{"id":1721373,"href":"https:\/\/www.estrategiaconcursos.com.br\/blog\/wp-json\/wp\/v2\/posts\/1276683\/revisions\/1721373"}],"wp:featuredmedia":[{"embeddable":true,"href":"https:\/\/www.estrategiaconcursos.com.br\/blog\/wp-json\/wp\/v2\/media\/1304341"}],"wp:attachment":[{"href":"https:\/\/www.estrategiaconcursos.com.br\/blog\/wp-json\/wp\/v2\/media?parent=1276683"}],"wp:term":[{"taxonomy":"category","embeddable":true,"href":"https:\/\/www.estrategiaconcursos.com.br\/blog\/wp-json\/wp\/v2\/categories?post=1276683"},{"taxonomy":"post_tag","embeddable":true,"href":"https:\/\/www.estrategiaconcursos.com.br\/blog\/wp-json\/wp\/v2\/tags?post=1276683"},{"taxonomy":"tax_estado","embeddable":true,"href":"https:\/\/www.estrategiaconcursos.com.br\/blog\/wp-json\/wp\/v2\/tax_estado?post=1276683"}],"curies":[{"name":"wp","href":"https:\/\/api.w.org\/{rel}","templated":true}]}}