{"id":1275996,"date":"2023-09-12T09:18:55","date_gmt":"2023-09-12T12:18:55","guid":{"rendered":"https:\/\/www.estrategiaconcursos.com.br\/blog\/?p=1275996"},"modified":"2023-09-12T20:59:33","modified_gmt":"2023-09-12T23:59:33","slug":"concurso-ifrs-edital-publicado","status":"publish","type":"post","link":"https:\/\/www.estrategiaconcursos.com.br\/blog\/concurso-ifrs-edital-publicado\/","title":{"rendered":"Edital IFRS PUBLICADO! Vagas para Professor e TAE!"},"content":{"rendered":"\n<p>O edital do <strong>concurso IFRS<\/strong> (<a href=\"https:\/\/www.estrategiaconcursos.com.br\/cursos\/concurso\/\" target=\"_blank\" rel=\"noreferrer noopener\">Instituto Federal de Educa\u00e7\u00e3o, Ci\u00eancia e Tecnologia do Rio Grande do Sul<\/a>) oferta <strong>44 vagas<\/strong> <strong>imediatas<\/strong>, sendo 36 para o cargo de <strong>Professor<\/strong> e 08 para <strong>T\u00e9cnico-Administrativo em Educa\u00e7\u00e3o<\/strong>.<\/p>\n\n\n\n<p>As oportunidades s\u00e3o de n\u00edveis t\u00e9cnico e superior de escolaridade, com sal\u00e1rios iniciais de at\u00e9 <strong>R$ 4.556,92<\/strong> para TAE, e <strong>R$ 10.481,64<\/strong> para Professor (a depender da titula\u00e7\u00e3o).<\/p>\n\n\n\n<p>O edital est\u00e1 sob responsabilidade da banca Fundatec e os interessados poder\u00e3o realizar as inscri\u00e7\u00f5es at\u00e9 <strong>06 de outubro de 2023<\/strong>.<\/p>\n\n\n\n<p>O valor da taxa de participa\u00e7\u00e3o varia conforme o cargo pretendido, sendo:<\/p>\n\n\n\n<ul class=\"wp-block-list\">\n<li>N\u00edvel t\u00e9cnico: R$ 100,00;<\/li>\n\n\n\n<li>N\u00edvel superior: R$ 150,00; e<\/li>\n\n\n\n<li>Professor: R$ 200,00.<\/li>\n<\/ul>\n\n\n\n<p>Segundo o edital, as provas objetivas devem ser aplicadas na data prov\u00e1vel do dia 2<strong>9 de outubro de 2023. <\/strong><\/p>\n\n\n\n<ul class=\"has-very-light-gray-to-cyan-bluish-gray-gradient-background has-background wp-block-list\">\n<li><strong>Status:<\/strong> inscri\u00e7\u00f5es abertas<\/li>\n\n\n\n<li><strong>Vagas TAE:<\/strong> 08<\/li>\n\n\n\n<li><strong>Vagas Professor:<\/strong> 36<\/li>\n\n\n\n<li><strong>Escolaridade:<\/strong> t\u00e9cnico e superior<\/li>\n\n\n\n<li><strong>Sal\u00e1rios:<\/strong> de R$ 2.667,19 a R$ 10.481,64<\/li>\n\n\n\n<li><strong>Editais:<\/strong> <strong><a href=\"https:\/\/dhg1h5j42swfq.cloudfront.net\/2023\/09\/12091658\/edital-de-abertura-ifrs-professor-1.pdf\" target=\"_blank\" rel=\"noreferrer noopener nofollow\">IFRS Professor 2023<\/a> \/ <a href=\"https:\/\/dhg1h5j42swfq.cloudfront.net\/2023\/09\/12091726\/edital-de-abertura-ifrs-tae-1.pdf\" target=\"_blank\" rel=\"noreferrer noopener nofollow\">IFRS TAE 2023<\/a><\/strong><\/li>\n<\/ul>\n\n\n\n<div class=\"container\" id=\"boxes\">\n  <div class=\"row\">\n\n    <div class=\"col-sm\">\n      <div class=\"banner-adm\" id=\"box-assinatura\">\n        <h3 class=\"titulo-assinatura\">Carreiras Administrativas<\/h3>\n        <p class=\"subtitulo-assinatura\">Estude conosco concurso IFRS<\/p>\n        <div class=\"box-botao\">\n          <a class=\"btn-assinatura\" target=\"_blank\" href=\"https:\/\/www.estrategiaconcursos.com.br\/cursosPorConcurso\/instituto-federal-de-educacao-ciencia-e-tecnologia-do-rio-grande-do-sul-ifrs\/\" role=\"button\" rel=\"noopener noreferrer\">Conhe\u00e7a os cursos<\/a>\n        <\/div>\n      <\/div>\n      \n    <\/div>\n\n  <\/div>\n<\/div>\n\n\n\n<h2 class=\"wp-block-heading\" id=\"datas\">Edital IFRS: principais datas<\/h2>\n\n\n\n<ul class=\"wp-block-list\">\n<li><strong>Inscri\u00e7\u00f5es<\/strong>: 12\/09 a 06\/10\/2023<\/li>\n\n\n\n<li><strong>Isen\u00e7\u00e3o da taxa<\/strong>: 13 a 17\/09<\/li>\n\n\n\n<li><strong>\u00daltimo dia para pagamento<\/strong>: 09\/10<\/li>\n\n\n\n<li><strong>Prova<\/strong>: 29\/10\/2023<\/li>\n<\/ul>\n\n\n\n<h2 class=\"wp-block-heading\" id=\"cargos-vagas\">Cargos e vagas<\/h2>\n\n\n\n<h3 class=\"wp-block-heading\" id=\"tecnico\">N\u00edvel t\u00e9cnico<\/h3>\n\n\n\n<figure class=\"wp-block-table is-style-stripes\"><table class=\"has-very-light-gray-to-cyan-bluish-gray-gradient-background has-background has-fixed-layout\"><thead><tr><th class=\"has-text-align-center\" data-align=\"center\">CARGOS<\/th><th class=\"has-text-align-center\" data-align=\"center\">VAGAS<\/th><th class=\"has-text-align-center\" data-align=\"center\">SAL\u00c1RIO<\/th><\/tr><\/thead><tbody><tr><td class=\"has-text-align-center\" data-align=\"center\">T\u00e9cnico de Laborat\u00f3rio &#8211;<br \/>Biologia<\/td><td class=\"has-text-align-center\" data-align=\"center\">01<\/td><td class=\"has-text-align-center\" data-align=\"center\">R$ 2.667,19<\/td><\/tr><tr><td class=\"has-text-align-center\" data-align=\"center\">T\u00e9cnico de Laborat\u00f3rio &#8211;<br \/>Edifica\u00e7\u00f5es<\/td><td class=\"has-text-align-center\" data-align=\"center\">01<\/td><td class=\"has-text-align-center\" data-align=\"center\">R$ 2.667,19<\/td><\/tr><tr><td class=\"has-text-align-center\" data-align=\"center\">T\u00e9cnico de Laborat\u00f3rio &#8211;<br \/>Eletr\u00f4nica<\/td><td class=\"has-text-align-center\" data-align=\"center\">01<\/td><td class=\"has-text-align-center\" data-align=\"center\">R$ 2.667,19<\/td><\/tr><tr><td class=\"has-text-align-center\" data-align=\"center\">T\u00e9cnico de Laborat\u00f3rio &#8211;<br \/>Eletrot\u00e9cnica<\/td><td class=\"has-text-align-center\" data-align=\"center\">01<\/td><td class=\"has-text-align-center\" data-align=\"center\">R$ 2.667,19<\/td><\/tr><tr><td class=\"has-text-align-center\" data-align=\"center\">T\u00e9cnico de Laborat\u00f3rio &#8211;<br \/>Pl\u00e1sticos<\/td><td class=\"has-text-align-center\" data-align=\"center\">01<\/td><td class=\"has-text-align-center\" data-align=\"center\">R$ 2.667,19<\/td><\/tr><\/tbody><\/table><figcaption class=\"wp-element-caption\">Cargos, vagas e sal\u00e1rio n\u00edvel t\u00e9cnico.<\/figcaption><\/figure>\n\n\n\n<p><strong>Requisitos:<\/strong> Ensino m\u00e9dio profissionalizante na \u00e1rea ou ensino m\u00e9dio completo + Curso T\u00e9cnico na \u00e1rea.<\/p>\n\n\n\n<h3 class=\"wp-block-heading\" id=\"superior\">N\u00edvel superior<\/h3>\n\n\n\n<figure class=\"wp-block-table is-style-stripes\"><table class=\"has-very-light-gray-to-cyan-bluish-gray-gradient-background has-background has-fixed-layout\"><thead><tr><th class=\"has-text-align-center\" data-align=\"center\">CARGOS<\/th><th class=\"has-text-align-center\" data-align=\"center\">VAGAS<\/th><th class=\"has-text-align-center\" data-align=\"center\">SAL\u00c1RIO<\/th><\/tr><\/thead><tbody><tr><td class=\"has-text-align-center\" data-align=\"center\">T\u00e9cnico &#8211; Administrativo<br \/>Bibliotec\u00e1rio -Documentalista<\/td><td class=\"has-text-align-center\" data-align=\"center\">03<\/td><td class=\"has-text-align-center\" data-align=\"center\">R$ 4.556,92<\/td><\/tr><\/tbody><\/table><figcaption class=\"wp-element-caption\">Cargo, vagas e sal\u00e1rio n\u00edvel superior.<\/figcaption><\/figure>\n\n\n\n<p><strong>Requisitos:<\/strong> Curso Superior em Biblioteconomia e Registro no Conselho Competente.<\/p>\n\n\n\n<h3 class=\"wp-block-heading\" id=\"superior\">N\u00edvel superior &#8211; Professor<\/h3>\n\n\n\n<figure class=\"wp-block-table is-style-stripes\"><table class=\"has-very-light-gray-to-cyan-bluish-gray-gradient-background has-background has-fixed-layout\"><thead><tr><th class=\"has-text-align-center\" data-align=\"center\">CARGOS<\/th><th class=\"has-text-align-center\" data-align=\"center\">VAGAS<\/th><th class=\"has-text-align-center\" data-align=\"center\">SAL\u00c1RIO<\/th><\/tr><\/thead><tbody><tr><td class=\"has-text-align-center\" data-align=\"center\">Administra\u00e7\u00e3o<\/td><td class=\"has-text-align-center\" data-align=\"center\">01<\/td><td class=\"has-text-align-center\" data-align=\"center\">R$ 4.875,18 a R$ 10.481,64<\/td><\/tr><tr><td class=\"has-text-align-center\" data-align=\"center\">Administra\u00e7\u00e3o: Marketing Digital<\/td><td class=\"has-text-align-center\" data-align=\"center\">01<\/td><td class=\"has-text-align-center\" data-align=\"center\">R$ 4.875,18 a R$ 10.481,64<\/td><\/tr><tr><td class=\"has-text-align-center\" data-align=\"center\">Artes<\/td><td class=\"has-text-align-center\" data-align=\"center\">01<\/td><td class=\"has-text-align-center\" data-align=\"center\">R$ 4.875,18 a R$ 10.481,64<\/td><\/tr><tr><td class=\"has-text-align-center\" data-align=\"center\">Biologia: Bioqu\u00edmica, Toxicologia e Imunologia<\/td><td class=\"has-text-align-center\" data-align=\"center\">01<\/td><td class=\"has-text-align-center\" data-align=\"center\">R$ 4.875,18 a R$ 10.481,64<\/td><\/tr><tr><td class=\"has-text-align-center\" data-align=\"center\">Inform\u00e1tica: Programa\u00e7\u00e3o, Estruturas de<br \/>Dados e An\u00e1lise de Algoritmos<\/td><td class=\"has-text-align-center\" data-align=\"center\">01<\/td><td class=\"has-text-align-center\" data-align=\"center\">R$ 4.875,18 a R$ 10.481,64<\/td><\/tr><tr><td class=\"has-text-align-center\" data-align=\"center\">Inform\u00e1tica Geral<\/td><td class=\"has-text-align-center\" data-align=\"center\">03<\/td><td class=\"has-text-align-center\" data-align=\"center\">R$ 4.875,18 a R$ 10.481,64<\/td><\/tr><tr><td class=\"has-text-align-center\" data-align=\"center\">Educa\u00e7\u00e3o F\u00edsica<\/td><td class=\"has-text-align-center\" data-align=\"center\">02<\/td><td class=\"has-text-align-center\" data-align=\"center\">R$ 4.875,18 a R$ 10.481,64<\/td><\/tr><tr><td class=\"has-text-align-center\" data-align=\"center\">Eletrot\u00e9cnica<\/td><td class=\"has-text-align-center\" data-align=\"center\">01<\/td><td class=\"has-text-align-center\" data-align=\"center\">R$ 4.875,18 a R$ 10.481,64<\/td><\/tr><tr><td class=\"has-text-align-center\" data-align=\"center\">Engenharia El\u00e9trica<\/td><td class=\"has-text-align-center\" data-align=\"center\">01<\/td><td class=\"has-text-align-center\" data-align=\"center\">R$ 4.875,18 a R$ 10.481,64<\/td><\/tr><tr><td class=\"has-text-align-center\" data-align=\"center\">Engenharia Mec\u00e2nica<\/td><td class=\"has-text-align-center\" data-align=\"center\">01<\/td><td class=\"has-text-align-center\" data-align=\"center\">R$ 4.875,18 a R$ 10.481,64<\/td><\/tr><tr><td class=\"has-text-align-center\" data-align=\"center\">Filosofia<\/td><td class=\"has-text-align-center\" data-align=\"center\">01<\/td><td class=\"has-text-align-center\" data-align=\"center\">R$ 4.875,18 a R$ 10.481,64<\/td><\/tr><tr><td class=\"has-text-align-center\" data-align=\"center\">F\u00edsica<\/td><td class=\"has-text-align-center\" data-align=\"center\">01<\/td><td class=\"has-text-align-center\" data-align=\"center\">R$ 4.875,18 a R$ 10.481,64<\/td><\/tr><tr><td class=\"has-text-align-center\" data-align=\"center\">Geografia<\/td><td class=\"has-text-align-center\" data-align=\"center\">01<\/td><td class=\"has-text-align-center\" data-align=\"center\">R$ 4.875,18 a R$ 10.481,64<\/td><\/tr><tr><td class=\"has-text-align-center\" data-align=\"center\">Geom\u00e1tica\/Geoprocessamento<\/td><td class=\"has-text-align-center\" data-align=\"center\">01<\/td><td class=\"has-text-align-center\" data-align=\"center\">R$ 4.875,18 a R$ 10.481,64<\/td><\/tr><tr><td class=\"has-text-align-center\" data-align=\"center\">Meio Ambiente<\/td><td class=\"has-text-align-center\" data-align=\"center\">01<\/td><td class=\"has-text-align-center\" data-align=\"center\">R$ 4.875,18 a R$ 10.481,64<\/td><\/tr><tr><td class=\"has-text-align-center\" data-align=\"center\">Hist\u00f3ria<\/td><td class=\"has-text-align-center\" data-align=\"center\">01<\/td><td class=\"has-text-align-center\" data-align=\"center\">R$ 4.875,18 a R$ 10.481,64<\/td><\/tr><tr><td class=\"has-text-align-center\" data-align=\"center\">Letras: Portugu\u00eas\/Ingl\u00eas<\/td><td class=\"has-text-align-center\" data-align=\"center\">04<\/td><td class=\"has-text-align-center\" data-align=\"center\">R$ 4.875,18 a R$ 10.481,64<\/td><\/tr><tr><td class=\"has-text-align-center\" data-align=\"center\">Matem\u00e1tica<\/td><td class=\"has-text-align-center\" data-align=\"center\">04<\/td><td class=\"has-text-align-center\" data-align=\"center\">R$ 4.875,18 a R$ 10.481,64<\/td><\/tr><tr><td class=\"has-text-align-center\" data-align=\"center\">M\u00fasica: Percuss\u00e3o<\/td><td class=\"has-text-align-center\" data-align=\"center\">01<\/td><td class=\"has-text-align-center\" data-align=\"center\">R$ 4.875,18 a R$ 10.481,64<\/td><\/tr><tr><td class=\"has-text-align-center\" data-align=\"center\">M\u00fasica: Viol\u00e3o<\/td><td class=\"has-text-align-center\" data-align=\"center\">01<\/td><td class=\"has-text-align-center\" data-align=\"center\">R$ 4.875,18 a R$ 10.481,64<\/td><\/tr><tr><td class=\"has-text-align-center\" data-align=\"center\">Pedagogia<\/td><td class=\"has-text-align-center\" data-align=\"center\">01<\/td><td class=\"has-text-align-center\" data-align=\"center\">R$ 4.875,18 a R$ 10.481,64<\/td><\/tr><tr><td class=\"has-text-align-center\" data-align=\"center\">Produ\u00e7\u00e3o Audiovisual<\/td><td class=\"has-text-align-center\" data-align=\"center\">01<\/td><td class=\"has-text-align-center\" data-align=\"center\">R$ 4.875,18 a R$ 10.481,64<\/td><\/tr><tr><td class=\"has-text-align-center\" data-align=\"center\">Produ\u00e7\u00e3o Cultural<\/td><td class=\"has-text-align-center\" data-align=\"center\">01<\/td><td class=\"has-text-align-center\" data-align=\"center\">R$ 4.875,18 a R$ 10.481,64<\/td><\/tr><tr><td class=\"has-text-align-center\" data-align=\"center\">Qu\u00edmica<\/td><td class=\"has-text-align-center\" data-align=\"center\">01<\/td><td class=\"has-text-align-center\" data-align=\"center\">R$ 4.875,18 a R$ 10.481,64<\/td><\/tr><tr><td class=\"has-text-align-center\" data-align=\"center\">Refrigera\u00e7\u00e3o e Climatiza\u00e7\u00e3o<\/td><td class=\"has-text-align-center\" data-align=\"center\">02<\/td><td class=\"has-text-align-center\" data-align=\"center\">R$ 4.875,18 a R$ 10.481,64<\/td><\/tr><tr><td class=\"has-text-align-center\" data-align=\"center\">Turismo\/Turismo, Hospitalidade e Lazer<\/td><td class=\"has-text-align-center\" data-align=\"center\">01<\/td><td class=\"has-text-align-center\" data-align=\"center\">R$ 4.875,18 a R$ 10.481,64<\/td><\/tr><\/tbody><\/table><figcaption class=\"wp-element-caption\">Cargos, vagas e sal\u00e1rios Professores.<\/figcaption><\/figure>\n\n\n\n<p><strong>Requisitos:<\/strong> Licenciatura ou Bacharelado na \u00e1rea.<\/p>\n\n\n\n<h2 class=\"wp-block-heading\" id=\"etapas\">Etapas e provas edital IFRS<\/h2>\n\n\n\n<p>Os candidatos ser\u00e3o avaliados pelas seguintes etapas:<\/p>\n\n\n\n<ul class=\"wp-block-list\">\n<li>Prova Te\u00f3rico-objetiva &#8211; de car\u00e1ter eliminat\u00f3rio e classificat\u00f3rio, valendo at\u00e9 100 (cem) pontos, para todos os cargos;<\/li>\n\n\n\n<li>Prova de Desempenho Did\u00e1tico &#8211; eliminat\u00f3ria e classificat\u00f3ria, valendo at\u00e9 100 (cem) pontos, para o cargo de Professor; e<\/li>\n\n\n\n<li>Prova de T\u00edtulos &#8211; de car\u00e1ter classificat\u00f3rio, para o cargo de Professor, valendo at\u00e9 100 (cem) pontos.<\/li>\n<\/ul>\n\n\n\n<p>As provas objetivas devem ser aplicadas na data prov\u00e1vel do dia <strong>29 de outubro de 2023<\/strong>, com dura\u00e7\u00e3o m\u00e1xima de 03 horas.<\/p>\n\n\n\n<h3 class=\"wp-block-heading\" id=\"objetiva\">Provas Objetivas<\/h3>\n\n\n\n<p>As 40 quest\u00f5es da Prova Te\u00f3rico-Objetiva ser\u00e3o de m\u00faltipla escolha, com 05 (cinco) alternativas (A, B, C, D e E) e 1 (uma) \u00fanica resposta correta.<\/p>\n\n\n\n<p>Confira abaixo a estrutura:<\/p>\n\n\n\n<p><strong>TAE<\/strong><\/p>\n\n\n\n<ul class=\"wp-block-list\">\n<li>L\u00edngua Portuguesa &#8211; 10 quest\u00f5es;<\/li>\n\n\n\n<li>Legisla\u00e7\u00e3o e Contexto Hist\u00f3rico da EPT &#8211; 10 quest\u00f5es;<\/li>\n\n\n\n<li>Conhecimentos Espec\u00edficos &#8211; 20 quest\u00f5es.<\/li>\n<\/ul>\n\n\n\n<p><strong>Professor<\/strong><\/p>\n\n\n\n<ul class=\"wp-block-list\">\n<li>L\u00edngua Portuguesa &#8211; 05 quest\u00f5es;<\/li>\n\n\n\n<li>Legisla\u00e7\u00e3o e Contexto Hist\u00f3rico da EPT &#8211; 10 quest\u00f5es;<\/li>\n\n\n\n<li>Conhecimentos Pedag\u00f3gicos  &#8211; 05 quest\u00f5es;<\/li>\n\n\n\n<li>Conhecimentos Espec\u00edficos &#8211; 20 quest\u00f5es.<\/li>\n<\/ul>\n\n\n\n<h3 class=\"wp-block-heading\" id=\"discursiva\">Prova de Desempenho Did\u00e1tico<\/h3>\n\n\n\n<p>Para os cargos de Professor, a Prova de Desempenho Did\u00e1tico consistir\u00e1 na simula\u00e7\u00e3o de uma aula, atrav\u00e9s da exposi\u00e7\u00e3o oral sobre um dos temas que comp\u00f5em o conte\u00fado program\u00e1tico da disciplina, com tempo previsto de no m\u00ednimo 20 (vinte) e no m\u00e1ximo 30 (trinta) minutos.<\/p>\n\n\n\n<p>J\u00e1 para as \u00e1reas de M\u00fasica: percuss\u00e3o e M\u00fasica: viol\u00e3o, o tempo de prova ser\u00e1 de no m\u00ednimo 40 (quarenta) e no m\u00e1ximo 50 (cinquenta) minutos, incluindo prova pr\u00e1tica com instrumento espec\u00edfico da \u00e1rea do concurso. O(s) instrumento(s) a ser(em) utilizado(s) deve(m) ser providenciado(s) pelo candidato e ficam sob sua inteira responsabilidade.<\/p>\n\n\n\n<h3 class=\"wp-block-heading\" id=\"titulos\">Avalia\u00e7\u00e3o de T\u00edtulos<\/h3>\n\n\n\n<p>Esta etapa ser\u00e1 aplicada somente \u00e0queles candidatos considerados aprovados na Prova de Desempenho Did\u00e1tico. Cada T\u00edtulo ser\u00e1 considerado e avaliado uma \u00fanica vez.<\/p>\n\n\n\n<p>Entre os dias 07 e 08 de fevereiro de 2024, os candidatos dever\u00e3o acessar o site da FUNDATEC, onde estar\u00e1 dispon\u00edvel o link para o preenchimento do Formul\u00e1rio Online de Entrega dos T\u00edtulos e para upload dos documentos escaneados para avalia\u00e7\u00e3o.<\/p>\n\n\n\n<p>Confira abaixo a tabela de pontua\u00e7\u00e3o de t\u00edtulos:<\/p>\n\n\n\n<figure class=\"wp-block-image aligncenter size-full\"><img loading=\"lazy\" decoding=\"async\" width=\"761\" height=\"101\" src=\"https:\/\/dhg1h5j42swfq.cloudfront.net\/2023\/09\/12104206\/image-115.png\" alt=\"Tabela de pontua\u00e7\u00e3o de t\u00edtulos.\" class=\"wp-image-1276092\" srcset=\"https:\/\/dhg1h5j42swfq.cloudfront.net\/2023\/09\/12104206\/image-115.png 761w, https:\/\/dhg1h5j42swfq.cloudfront.net\/2023\/09\/12104206\/image-115-300x40.png 300w, https:\/\/dhg1h5j42swfq.cloudfront.net\/2023\/09\/12104206\/image-115-610x81.png 610w, https:\/\/dhg1h5j42swfq.cloudfront.net\/2023\/09\/12104206\/image-115-150x20.png 150w\" sizes=\"auto, (max-width: 761px) 100vw, 761px\" \/><\/figure>\n\n\n\n<p class=\"has-text-align-center has-very-light-gray-to-cyan-bluish-gray-gradient-background has-background has-medium-font-size\"><strong>Saiba mais: <a href=\"https:\/\/www.estrategiaconcursos.com.br\/blog\/concurso-ifrs\/\" target=\"_blank\" rel=\"noreferrer noopener\">concurso IFRS<\/a><\/strong><\/p>\n\n\n\n<h2 class=\"wp-block-heading has-text-align-center wp-embed-aspect-16-9 wp-has-aspect-ratio\" id=\"h-quer-saber-tudo-sobre-concursos-previstos-confira-nossos-artigos\">Quer saber tudo sobre concursos previstos?<br \/>Confira nossos artigos!<\/h2>\n\n\n\n<ul type=\"video\" class=\"wp-embed-aspect-16-9 wp-has-aspect-ratio wp-block-list\">\n<li><a href=\"https:\/\/www.estrategiaconcursos.com.br\/blog\/concursos-abertos\/\" target=\"_blank\" rel=\"noreferrer noopener\">Concursos abertos<\/a><\/li>\n\n\n\n<li><a href=\"https:\/\/www.estrategiaconcursos.com.br\/blog\/concursos-2023\/\" target=\"_blank\" rel=\"noreferrer noopener\">Concursos 2023<\/a><\/li>\n\n\n\n<li><a href=\"https:\/\/www.estrategiaconcursos.com.br\/blog\/concursos-2024\/\" target=\"_blank\" rel=\"noreferrer noopener\">Concursos 2024<\/a><\/li>\n<\/ul>\n\n\n\n<h2 class=\"wp-block-heading has-text-align-center\" id=\"cursos-assinatura\">Quer estudar para o concurso IFRS?<\/h2>\n\n\n\n<div class=\"container\" id=\"boxes\">\n  <div class=\"row\">\n\n    <div class=\"col-sm\">\n      <div class=\"banner-adm\" id=\"box-assinatura\">\n        <h3 class=\"titulo-assinatura\">Carreiras Administrativas<\/h3>\n        <p class=\"subtitulo-assinatura\">Estude conosco concurso IFRS<\/p>\n        <div class=\"box-botao\">\n          <a class=\"btn-assinatura\" target=\"_blank\" href=\"https:\/\/www.estrategiaconcursos.com.br\/cursosPorConcurso\/instituto-federal-de-educacao-ciencia-e-tecnologia-do-rio-grande-do-sul-ifrs\/\" role=\"button\" rel=\"noopener noreferrer\">Conhe\u00e7a os cursos<\/a>\n        <\/div>\n      <\/div>\n      \n    <\/div>\n\n  <\/div>\n<\/div>\n\n\n\n<div class=\"container\" id=\"boxes\">\n  <div class=\"row\">\n\n    <div class=\"col-sm\">\n      <div class=\"estrategia\" id=\"box-assinatura\">\n        <h3 class=\"titulo-assinatura\">Assinatura Concursos<\/h3>\n        <p class=\"subtitulo-assinatura\">Assinatura de 1 ano ou 2 anos<\/p>\n        <div class=\"box-botao\">\n          <a class=\"btn-assinatura\" target=\"_blank\" href=\"https:\/\/www.estrategiaconcursos.com.br\/assinaturas\/\" role=\"button\" rel=\"noopener noreferrer\">ASSINE AGORA<\/a>\n        <\/div>\n      <\/div><\/div><\/div><\/div>\n","protected":false},"excerpt":{"rendered":"<p>O edital do concurso IFRS (Instituto Federal de Educa\u00e7\u00e3o, Ci\u00eancia e Tecnologia do Rio Grande do Sul) oferta 44 vagas imediatas, sendo 36 para o cargo de Professor e 08 para T\u00e9cnico-Administrativo em Educa\u00e7\u00e3o. As oportunidades s\u00e3o de n\u00edveis t\u00e9cnico e superior de escolaridade, com sal\u00e1rios iniciais de at\u00e9 R$ 4.556,92 para TAE, e R$ [&hellip;]<\/p>\n","protected":false},"author":2402,"featured_media":1002899,"comment_status":"open","ping_status":"closed","sticky":false,"template":"","format":"standard","meta":{"post_tipo":"news","footnotes":""},"categories":[3766,220219],"tags":[],"tax_estado":[219986],"class_list":["post-1275996","post","type-post","status-publish","format-standard","has-post-thumbnail","hentry","category-educacional","category-noticias","tax_estado-rs"],"acf":[],"yoast_head":"<!-- This site is optimized with the Yoast SEO Premium plugin v27.2 (Yoast SEO v27.2) - https:\/\/yoast.com\/product\/yoast-seo-premium-wordpress\/ -->\n<title>Edital IFRS PUBLICADO! Vagas para Professor e TAE!<\/title>\n<meta name=\"description\" content=\"Edital IFRS: publicado com vagas de n\u00edveis t\u00e9cnico e superior de escolaridade; iniciais de at\u00e9 R$ 10,4 mil. Confira os detalhes da sele\u00e7\u00e3o!\" \/>\n<meta name=\"robots\" content=\"index, follow, max-snippet:-1, max-image-preview:large, max-video-preview:-1\" \/>\n<link rel=\"canonical\" href=\"https:\/\/www.estrategiaconcursos.com.br\/blog\/concurso-ifrs-edital-publicado\/\" \/>\n<meta property=\"og:locale\" content=\"pt_BR\" \/>\n<meta property=\"og:type\" content=\"article\" \/>\n<meta property=\"og:title\" content=\"Edital IFRS PUBLICADO! Vagas para Professor e TAE!\" \/>\n<meta property=\"og:description\" content=\"Edital IFRS: publicado com vagas de n\u00edveis t\u00e9cnico e superior de escolaridade; iniciais de at\u00e9 R$ 10,4 mil. Confira os detalhes da sele\u00e7\u00e3o!\" \/>\n<meta property=\"og:url\" content=\"https:\/\/www.estrategiaconcursos.com.br\/blog\/concurso-ifrs-edital-publicado\/\" \/>\n<meta property=\"og:site_name\" content=\"Estrat\u00e9gia Concursos\" \/>\n<meta property=\"article:published_time\" content=\"2023-09-12T12:18:55+00:00\" \/>\n<meta property=\"article:modified_time\" content=\"2023-09-12T23:59:33+00:00\" \/>\n<meta property=\"og:image\" content=\"https:\/\/dhg1h5j42swfq.cloudfront.net\/2022\/04\/06101400\/concurso-ifrs.png\" \/>\n\t<meta property=\"og:image:width\" content=\"189\" \/>\n\t<meta property=\"og:image:height\" content=\"266\" \/>\n\t<meta property=\"og:image:type\" content=\"image\/png\" \/>\n<meta name=\"author\" content=\"Daniela Santos Nascimento\" \/>\n<meta name=\"twitter:card\" content=\"summary_large_image\" \/>\n<meta name=\"twitter:creator\" content=\"@EstratConcursos\" \/>\n<meta name=\"twitter:site\" content=\"@EstratConcursos\" \/>\n<meta name=\"twitter:label1\" content=\"Escrito por\" \/>\n\t<meta name=\"twitter:data1\" content=\"Daniela Santos Nascimento\" \/>\n\t<meta name=\"twitter:label2\" content=\"Est. tempo de leitura\" \/>\n\t<meta name=\"twitter:data2\" content=\"4 minutos\" \/>\n<script type=\"application\/ld+json\" class=\"yoast-schema-graph\">{\"@context\":\"https:\/\/schema.org\",\"@graph\":[{\"@type\":\"NewsArticle\",\"@id\":\"https:\/\/www.estrategiaconcursos.com.br\/blog\/concurso-ifrs-edital-publicado\/#article\",\"isPartOf\":{\"@id\":\"https:\/\/www.estrategiaconcursos.com.br\/blog\/concurso-ifrs-edital-publicado\/\"},\"author\":{\"name\":\"Daniela Santos Nascimento\",\"@id\":\"https:\/\/www.estrategiaconcursos.com.br\/blog\/#\/schema\/person\/399990d02336f200766707b881aee98f\"},\"headline\":\"Edital IFRS PUBLICADO! Vagas para Professor e TAE!\",\"datePublished\":\"2023-09-12T12:18:55+00:00\",\"dateModified\":\"2023-09-12T23:59:33+00:00\",\"mainEntityOfPage\":{\"@id\":\"https:\/\/www.estrategiaconcursos.com.br\/blog\/concurso-ifrs-edital-publicado\/\"},\"wordCount\":908,\"commentCount\":0,\"publisher\":{\"@id\":\"https:\/\/www.estrategiaconcursos.com.br\/blog\/#organization\"},\"image\":{\"@id\":\"https:\/\/www.estrategiaconcursos.com.br\/blog\/concurso-ifrs-edital-publicado\/#primaryimage\"},\"thumbnailUrl\":\"https:\/\/dhg1h5j42swfq.cloudfront.net\/2022\/04\/06101400\/concurso-ifrs.png\",\"articleSection\":[\"Educa\u00e7\u00e3o\",\"\u00daltimas not\u00edcias\"],\"inLanguage\":\"pt-BR\",\"potentialAction\":[{\"@type\":\"CommentAction\",\"name\":\"Comment\",\"target\":[\"https:\/\/www.estrategiaconcursos.com.br\/blog\/concurso-ifrs-edital-publicado\/#respond\"]}],\"copyrightYear\":\"2023\",\"copyrightHolder\":{\"@id\":\"https:\/\/www.estrategiaconcursos.com.br\/blog\/#organization\"}},{\"@type\":\"WebPage\",\"@id\":\"https:\/\/www.estrategiaconcursos.com.br\/blog\/concurso-ifrs-edital-publicado\/\",\"url\":\"https:\/\/www.estrategiaconcursos.com.br\/blog\/concurso-ifrs-edital-publicado\/\",\"name\":\"Edital IFRS PUBLICADO! Vagas para Professor e TAE!\",\"isPartOf\":{\"@id\":\"https:\/\/www.estrategiaconcursos.com.br\/blog\/#website\"},\"primaryImageOfPage\":{\"@id\":\"https:\/\/www.estrategiaconcursos.com.br\/blog\/concurso-ifrs-edital-publicado\/#primaryimage\"},\"image\":{\"@id\":\"https:\/\/www.estrategiaconcursos.com.br\/blog\/concurso-ifrs-edital-publicado\/#primaryimage\"},\"thumbnailUrl\":\"https:\/\/dhg1h5j42swfq.cloudfront.net\/2022\/04\/06101400\/concurso-ifrs.png\",\"datePublished\":\"2023-09-12T12:18:55+00:00\",\"dateModified\":\"2023-09-12T23:59:33+00:00\",\"description\":\"Edital IFRS: publicado com vagas de n\u00edveis t\u00e9cnico e superior de escolaridade; iniciais de at\u00e9 R$ 10,4 mil. Confira os detalhes da sele\u00e7\u00e3o!\",\"breadcrumb\":{\"@id\":\"https:\/\/www.estrategiaconcursos.com.br\/blog\/concurso-ifrs-edital-publicado\/#breadcrumb\"},\"inLanguage\":\"pt-BR\",\"potentialAction\":[{\"@type\":\"ReadAction\",\"target\":[\"https:\/\/www.estrategiaconcursos.com.br\/blog\/concurso-ifrs-edital-publicado\/\"]}]},{\"@type\":\"ImageObject\",\"inLanguage\":\"pt-BR\",\"@id\":\"https:\/\/www.estrategiaconcursos.com.br\/blog\/concurso-ifrs-edital-publicado\/#primaryimage\",\"url\":\"https:\/\/dhg1h5j42swfq.cloudfront.net\/2022\/04\/06101400\/concurso-ifrs.png\",\"contentUrl\":\"https:\/\/dhg1h5j42swfq.cloudfront.net\/2022\/04\/06101400\/concurso-ifrs.png\",\"width\":189,\"height\":266},{\"@type\":\"BreadcrumbList\",\"@id\":\"https:\/\/www.estrategiaconcursos.com.br\/blog\/concurso-ifrs-edital-publicado\/#breadcrumb\",\"itemListElement\":[{\"@type\":\"ListItem\",\"position\":1,\"name\":\"In\u00edcio\",\"item\":\"https:\/\/www.estrategiaconcursos.com.br\/blog\/\"},{\"@type\":\"ListItem\",\"position\":2,\"name\":\"Edital IFRS PUBLICADO! Vagas para Professor e TAE!\"}]},{\"@type\":\"WebSite\",\"@id\":\"https:\/\/www.estrategiaconcursos.com.br\/blog\/#website\",\"url\":\"https:\/\/www.estrategiaconcursos.com.br\/blog\/\",\"name\":\"Estrat\u00e9gia Concursos\",\"description\":\"O blog da Estrat\u00e9gia Concursos traz not\u00edcias sobre concursos e artigos de professores oferecendo cursos para concursos (pdf + videaulas) no site.\",\"publisher\":{\"@id\":\"https:\/\/www.estrategiaconcursos.com.br\/blog\/#organization\"},\"potentialAction\":[{\"@type\":\"SearchAction\",\"target\":{\"@type\":\"EntryPoint\",\"urlTemplate\":\"https:\/\/www.estrategiaconcursos.com.br\/blog\/?s={search_term_string}\"},\"query-input\":{\"@type\":\"PropertyValueSpecification\",\"valueRequired\":true,\"valueName\":\"search_term_string\"}}],\"inLanguage\":\"pt-BR\"},{\"@type\":\"Organization\",\"@id\":\"https:\/\/www.estrategiaconcursos.com.br\/blog\/#organization\",\"name\":\"Estrat\u00e9gia Concursos\",\"url\":\"https:\/\/www.estrategiaconcursos.com.br\/blog\/\",\"logo\":{\"@type\":\"ImageObject\",\"inLanguage\":\"pt-BR\",\"@id\":\"https:\/\/www.estrategiaconcursos.com.br\/blog\/#\/schema\/logo\/image\/\",\"url\":\"https:\/\/dhg1h5j42swfq.cloudfront.net\/2025\/06\/03203428\/logo_concursos-1.jpg\",\"contentUrl\":\"https:\/\/dhg1h5j42swfq.cloudfront.net\/2025\/06\/03203428\/logo_concursos-1.jpg\",\"width\":230,\"height\":60,\"caption\":\"Estrat\u00e9gia Concursos\"},\"image\":{\"@id\":\"https:\/\/www.estrategiaconcursos.com.br\/blog\/#\/schema\/logo\/image\/\"},\"sameAs\":[\"https:\/\/x.com\/EstratConcursos\"]},{\"@type\":\"Person\",\"@id\":\"https:\/\/www.estrategiaconcursos.com.br\/blog\/#\/schema\/person\/399990d02336f200766707b881aee98f\",\"name\":\"Daniela Santos Nascimento\",\"image\":{\"@type\":\"ImageObject\",\"inLanguage\":\"pt-BR\",\"@id\":\"https:\/\/secure.gravatar.com\/avatar\/7f343622ad121e2893832a8c76808be436bdfcbf2f7d696174c94ecd84f2384a?s=96&d=mm&r=g\",\"url\":\"https:\/\/secure.gravatar.com\/avatar\/7f343622ad121e2893832a8c76808be436bdfcbf2f7d696174c94ecd84f2384a?s=96&d=mm&r=g\",\"contentUrl\":\"https:\/\/secure.gravatar.com\/avatar\/7f343622ad121e2893832a8c76808be436bdfcbf2f7d696174c94ecd84f2384a?s=96&d=mm&r=g\",\"caption\":\"Daniela Santos Nascimento\"},\"url\":\"https:\/\/www.estrategiaconcursos.com.br\/blog\/author\/daniela-nascimentoestrategia-com\/\"}]}<\/script>\n<!-- \/ Yoast SEO Premium plugin. -->","yoast_head_json":{"title":"Edital IFRS PUBLICADO! Vagas para Professor e TAE!","description":"Edital IFRS: publicado com vagas de n\u00edveis t\u00e9cnico e superior de escolaridade; iniciais de at\u00e9 R$ 10,4 mil. Confira os detalhes da sele\u00e7\u00e3o!","robots":{"index":"index","follow":"follow","max-snippet":"max-snippet:-1","max-image-preview":"max-image-preview:large","max-video-preview":"max-video-preview:-1"},"canonical":"https:\/\/www.estrategiaconcursos.com.br\/blog\/concurso-ifrs-edital-publicado\/","og_locale":"pt_BR","og_type":"article","og_title":"Edital IFRS PUBLICADO! Vagas para Professor e TAE!","og_description":"Edital IFRS: publicado com vagas de n\u00edveis t\u00e9cnico e superior de escolaridade; iniciais de at\u00e9 R$ 10,4 mil. Confira os detalhes da sele\u00e7\u00e3o!","og_url":"https:\/\/www.estrategiaconcursos.com.br\/blog\/concurso-ifrs-edital-publicado\/","og_site_name":"Estrat\u00e9gia Concursos","article_published_time":"2023-09-12T12:18:55+00:00","article_modified_time":"2023-09-12T23:59:33+00:00","og_image":[{"width":189,"height":266,"url":"https:\/\/dhg1h5j42swfq.cloudfront.net\/2022\/04\/06101400\/concurso-ifrs.png","type":"image\/png"}],"author":"Daniela Santos Nascimento","twitter_card":"summary_large_image","twitter_creator":"@EstratConcursos","twitter_site":"@EstratConcursos","twitter_misc":{"Escrito por":"Daniela Santos Nascimento","Est. tempo de leitura":"4 minutos"},"schema":{"@context":"https:\/\/schema.org","@graph":[{"@type":"NewsArticle","@id":"https:\/\/www.estrategiaconcursos.com.br\/blog\/concurso-ifrs-edital-publicado\/#article","isPartOf":{"@id":"https:\/\/www.estrategiaconcursos.com.br\/blog\/concurso-ifrs-edital-publicado\/"},"author":{"name":"Daniela Santos Nascimento","@id":"https:\/\/www.estrategiaconcursos.com.br\/blog\/#\/schema\/person\/399990d02336f200766707b881aee98f"},"headline":"Edital IFRS PUBLICADO! Vagas para Professor e TAE!","datePublished":"2023-09-12T12:18:55+00:00","dateModified":"2023-09-12T23:59:33+00:00","mainEntityOfPage":{"@id":"https:\/\/www.estrategiaconcursos.com.br\/blog\/concurso-ifrs-edital-publicado\/"},"wordCount":908,"commentCount":0,"publisher":{"@id":"https:\/\/www.estrategiaconcursos.com.br\/blog\/#organization"},"image":{"@id":"https:\/\/www.estrategiaconcursos.com.br\/blog\/concurso-ifrs-edital-publicado\/#primaryimage"},"thumbnailUrl":"https:\/\/dhg1h5j42swfq.cloudfront.net\/2022\/04\/06101400\/concurso-ifrs.png","articleSection":["Educa\u00e7\u00e3o","\u00daltimas not\u00edcias"],"inLanguage":"pt-BR","potentialAction":[{"@type":"CommentAction","name":"Comment","target":["https:\/\/www.estrategiaconcursos.com.br\/blog\/concurso-ifrs-edital-publicado\/#respond"]}],"copyrightYear":"2023","copyrightHolder":{"@id":"https:\/\/www.estrategiaconcursos.com.br\/blog\/#organization"}},{"@type":"WebPage","@id":"https:\/\/www.estrategiaconcursos.com.br\/blog\/concurso-ifrs-edital-publicado\/","url":"https:\/\/www.estrategiaconcursos.com.br\/blog\/concurso-ifrs-edital-publicado\/","name":"Edital IFRS PUBLICADO! Vagas para Professor e TAE!","isPartOf":{"@id":"https:\/\/www.estrategiaconcursos.com.br\/blog\/#website"},"primaryImageOfPage":{"@id":"https:\/\/www.estrategiaconcursos.com.br\/blog\/concurso-ifrs-edital-publicado\/#primaryimage"},"image":{"@id":"https:\/\/www.estrategiaconcursos.com.br\/blog\/concurso-ifrs-edital-publicado\/#primaryimage"},"thumbnailUrl":"https:\/\/dhg1h5j42swfq.cloudfront.net\/2022\/04\/06101400\/concurso-ifrs.png","datePublished":"2023-09-12T12:18:55+00:00","dateModified":"2023-09-12T23:59:33+00:00","description":"Edital IFRS: publicado com vagas de n\u00edveis t\u00e9cnico e superior de escolaridade; iniciais de at\u00e9 R$ 10,4 mil. Confira os detalhes da sele\u00e7\u00e3o!","breadcrumb":{"@id":"https:\/\/www.estrategiaconcursos.com.br\/blog\/concurso-ifrs-edital-publicado\/#breadcrumb"},"inLanguage":"pt-BR","potentialAction":[{"@type":"ReadAction","target":["https:\/\/www.estrategiaconcursos.com.br\/blog\/concurso-ifrs-edital-publicado\/"]}]},{"@type":"ImageObject","inLanguage":"pt-BR","@id":"https:\/\/www.estrategiaconcursos.com.br\/blog\/concurso-ifrs-edital-publicado\/#primaryimage","url":"https:\/\/dhg1h5j42swfq.cloudfront.net\/2022\/04\/06101400\/concurso-ifrs.png","contentUrl":"https:\/\/dhg1h5j42swfq.cloudfront.net\/2022\/04\/06101400\/concurso-ifrs.png","width":189,"height":266},{"@type":"BreadcrumbList","@id":"https:\/\/www.estrategiaconcursos.com.br\/blog\/concurso-ifrs-edital-publicado\/#breadcrumb","itemListElement":[{"@type":"ListItem","position":1,"name":"In\u00edcio","item":"https:\/\/www.estrategiaconcursos.com.br\/blog\/"},{"@type":"ListItem","position":2,"name":"Edital IFRS PUBLICADO! Vagas para Professor e TAE!"}]},{"@type":"WebSite","@id":"https:\/\/www.estrategiaconcursos.com.br\/blog\/#website","url":"https:\/\/www.estrategiaconcursos.com.br\/blog\/","name":"Estrat\u00e9gia Concursos","description":"O blog da Estrat\u00e9gia Concursos traz not\u00edcias sobre concursos e artigos de professores oferecendo cursos para concursos (pdf + videaulas) no site.","publisher":{"@id":"https:\/\/www.estrategiaconcursos.com.br\/blog\/#organization"},"potentialAction":[{"@type":"SearchAction","target":{"@type":"EntryPoint","urlTemplate":"https:\/\/www.estrategiaconcursos.com.br\/blog\/?s={search_term_string}"},"query-input":{"@type":"PropertyValueSpecification","valueRequired":true,"valueName":"search_term_string"}}],"inLanguage":"pt-BR"},{"@type":"Organization","@id":"https:\/\/www.estrategiaconcursos.com.br\/blog\/#organization","name":"Estrat\u00e9gia Concursos","url":"https:\/\/www.estrategiaconcursos.com.br\/blog\/","logo":{"@type":"ImageObject","inLanguage":"pt-BR","@id":"https:\/\/www.estrategiaconcursos.com.br\/blog\/#\/schema\/logo\/image\/","url":"https:\/\/dhg1h5j42swfq.cloudfront.net\/2025\/06\/03203428\/logo_concursos-1.jpg","contentUrl":"https:\/\/dhg1h5j42swfq.cloudfront.net\/2025\/06\/03203428\/logo_concursos-1.jpg","width":230,"height":60,"caption":"Estrat\u00e9gia Concursos"},"image":{"@id":"https:\/\/www.estrategiaconcursos.com.br\/blog\/#\/schema\/logo\/image\/"},"sameAs":["https:\/\/x.com\/EstratConcursos"]},{"@type":"Person","@id":"https:\/\/www.estrategiaconcursos.com.br\/blog\/#\/schema\/person\/399990d02336f200766707b881aee98f","name":"Daniela Santos Nascimento","image":{"@type":"ImageObject","inLanguage":"pt-BR","@id":"https:\/\/secure.gravatar.com\/avatar\/7f343622ad121e2893832a8c76808be436bdfcbf2f7d696174c94ecd84f2384a?s=96&d=mm&r=g","url":"https:\/\/secure.gravatar.com\/avatar\/7f343622ad121e2893832a8c76808be436bdfcbf2f7d696174c94ecd84f2384a?s=96&d=mm&r=g","contentUrl":"https:\/\/secure.gravatar.com\/avatar\/7f343622ad121e2893832a8c76808be436bdfcbf2f7d696174c94ecd84f2384a?s=96&d=mm&r=g","caption":"Daniela Santos Nascimento"},"url":"https:\/\/www.estrategiaconcursos.com.br\/blog\/author\/daniela-nascimentoestrategia-com\/"}]}},"_links":{"self":[{"href":"https:\/\/www.estrategiaconcursos.com.br\/blog\/wp-json\/wp\/v2\/posts\/1275996","targetHints":{"allow":["GET"]}}],"collection":[{"href":"https:\/\/www.estrategiaconcursos.com.br\/blog\/wp-json\/wp\/v2\/posts"}],"about":[{"href":"https:\/\/www.estrategiaconcursos.com.br\/blog\/wp-json\/wp\/v2\/types\/post"}],"author":[{"embeddable":true,"href":"https:\/\/www.estrategiaconcursos.com.br\/blog\/wp-json\/wp\/v2\/users\/2402"}],"replies":[{"embeddable":true,"href":"https:\/\/www.estrategiaconcursos.com.br\/blog\/wp-json\/wp\/v2\/comments?post=1275996"}],"version-history":[{"count":11,"href":"https:\/\/www.estrategiaconcursos.com.br\/blog\/wp-json\/wp\/v2\/posts\/1275996\/revisions"}],"predecessor-version":[{"id":1276335,"href":"https:\/\/www.estrategiaconcursos.com.br\/blog\/wp-json\/wp\/v2\/posts\/1275996\/revisions\/1276335"}],"wp:featuredmedia":[{"embeddable":true,"href":"https:\/\/www.estrategiaconcursos.com.br\/blog\/wp-json\/wp\/v2\/media\/1002899"}],"wp:attachment":[{"href":"https:\/\/www.estrategiaconcursos.com.br\/blog\/wp-json\/wp\/v2\/media?parent=1275996"}],"wp:term":[{"taxonomy":"category","embeddable":true,"href":"https:\/\/www.estrategiaconcursos.com.br\/blog\/wp-json\/wp\/v2\/categories?post=1275996"},{"taxonomy":"post_tag","embeddable":true,"href":"https:\/\/www.estrategiaconcursos.com.br\/blog\/wp-json\/wp\/v2\/tags?post=1275996"},{"taxonomy":"tax_estado","embeddable":true,"href":"https:\/\/www.estrategiaconcursos.com.br\/blog\/wp-json\/wp\/v2\/tax_estado?post=1275996"}],"curies":[{"name":"wp","href":"https:\/\/api.w.org\/{rel}","templated":true}]}}