{"id":1274144,"date":"2023-09-05T14:58:27","date_gmt":"2023-09-05T17:58:27","guid":{"rendered":"https:\/\/www.estrategiaconcursos.com.br\/blog\/?p=1274144"},"modified":"2023-09-05T17:15:34","modified_gmt":"2023-09-05T20:15:34","slug":"lei-geral-da-policia-civil-e-aprovada-na-camara","status":"publish","type":"post","link":"https:\/\/www.estrategiaconcursos.com.br\/blog\/lei-geral-da-policia-civil-e-aprovada-na-camara\/","title":{"rendered":"Lei Geral da Pol\u00edcia Civil \u00e9 aprovada na C\u00e2mara; confira"},"content":{"rendered":"\n<p>Foi aprovada, na C\u00e2mara dos Deputados, a cria\u00e7\u00e3o da Lei Geral da Pol\u00edcia Civil, com novas diretrizes para servir de base para que os estados elaborem ou reformulem as leis org\u00e2nicas das institui\u00e7\u00f5es. As informa\u00e7\u00f5es s\u00e3o da <a href=\"https:\/\/www.camara.leg.br\/noticias\/994597-camara-aprova-projeto-que-cria-a-lei-geral-da-policia-civil\" target=\"_blank\" rel=\"noreferrer noopener\">Ag\u00eancia C\u00e2mara de Not\u00edcias<\/a>.<\/p>\n\n\n\n<figure class=\"wp-block-image aligncenter size-large\"><img loading=\"lazy\" decoding=\"async\" width=\"1024\" height=\"597\" src=\"https:\/\/dhg1h5j42swfq.cloudfront.net\/2022\/04\/22113903\/consurso-da-policia-civil-da-bahia-1024x597.jpg\" alt=\"\" class=\"wp-image-1013494\" srcset=\"https:\/\/dhg1h5j42swfq.cloudfront.net\/2022\/04\/22113903\/consurso-da-policia-civil-da-bahia-1024x597.jpg 1024w, https:\/\/dhg1h5j42swfq.cloudfront.net\/2022\/04\/22113903\/consurso-da-policia-civil-da-bahia-300x175.jpg 300w, https:\/\/dhg1h5j42swfq.cloudfront.net\/2022\/04\/22113903\/consurso-da-policia-civil-da-bahia-768x448.jpg 768w, https:\/\/dhg1h5j42swfq.cloudfront.net\/2022\/04\/22113903\/consurso-da-policia-civil-da-bahia-610x356.jpg 610w, https:\/\/dhg1h5j42swfq.cloudfront.net\/2022\/04\/22113903\/consurso-da-policia-civil-da-bahia.jpg 1200w\" sizes=\"auto, (max-width: 1024px) 100vw, 1024px\" \/><figcaption class=\"wp-element-caption\">Texto aprovado na C\u00e2mara sobre a Lei Geral da Pol\u00edcia Civil ser\u00e1 apreciado no Senado Federal | Imagem: reprodu\u00e7\u00e3o<\/figcaption><\/figure>\n\n\n\n<p>O texto, aprovado na \u00faltima segunda-feira (04), \u00e9 um substitutivo do relator, o deputado Fabio Costa, para o Projeto de Lei N\u00ba 1949\/07. Veja os principais pontos!<\/p>\n\n\n\n<h2 class=\"wp-block-heading has-medium-font-size\" id=\"h-estrutura-organizacional\">Estrutura organizacional<\/h2>\n\n\n\n<p>A Pol\u00edcia Civil dever\u00e1 contar com diversas estruturas organizacionais, como <strong>delegacia-geral<\/strong>, <strong>corregedoria-geral<\/strong>, <strong>escola e conselho superior<\/strong>, <strong>unidades de execu\u00e7\u00e3o<\/strong>, <strong>intelig\u00eancia<\/strong>, <strong>t\u00e9cnico-cient\u00edficas<\/strong>, <strong>apoio administrativo e estrat\u00e9gico<\/strong>, al\u00e9m de <strong>sa\u00fade e de tecnologia<\/strong>.<\/p>\n\n\n\n<h2 class=\"wp-block-heading has-medium-font-size\" id=\"h-conselho-superior\">Conselho superior<\/h2>\n\n\n\n<p>A proposta do relator, que cria o &#8220;Conselho superior&#8221;, especifica que ele ser\u00e1 composto por representantes de todos os cargos efetivos que integram a corpora\u00e7\u00e3o, com a possibilidade de elei\u00e7\u00e3o de seus membros e participa\u00e7\u00e3o parit\u00e1ria.<\/p>\n\n\n\n<p>Caso o projeto vire lei, o conselho ter\u00e1 assento e representa\u00e7\u00e3o no Minist\u00e9rio da Justi\u00e7a e Seguran\u00e7a P\u00fablica e nos demais \u00f3rg\u00e3os colegiados federais, estaduais e distrital que deliberem sobre essas pol\u00edticas p\u00fablicas.<\/p>\n\n\n\n<h2 class=\"wp-block-heading has-medium-font-size\" id=\"h-escola-superior\">Escola superior<\/h2>\n\n\n\n<p>A institui\u00e7\u00e3o ser\u00e1 um \u00f3rg\u00e3o de forma\u00e7\u00e3o, capacita\u00e7\u00e3o, pesquisa e extens\u00e3o e participa\u00e7\u00e3o nos concursos p\u00fablicos, podendo oferecer cursos de gradua\u00e7\u00e3o ou p\u00f3s-gradua\u00e7\u00e3o lato sensu ou stricto sensu, se observadas as exig\u00eancias do Minist\u00e9rio da Educa\u00e7\u00e3o.<\/p>\n\n\n\n<h2 class=\"wp-block-heading has-medium-font-size\" id=\"h-cargos-de-nivel-superior\">Cargos de n\u00edvel superior<\/h2>\n\n\n\n<p>Os quadros das institui\u00e7\u00f5es exigir\u00e3o n\u00edvel superior dos candidatos, sendo compostos pelos cargos de delegado, oficial investigador de pol\u00edcia e perito oficial criminal. O \u00faltimo, somente nos casos em que o \u00f3rg\u00e3o de per\u00edcia seja integrado \u00e0 estrutura da corpora\u00e7\u00e3o.<\/p>\n\n\n\n<h2 class=\"wp-block-heading has-medium-font-size\" id=\"h-cessao-de-servidores\">Cess\u00e3o de servidores<\/h2>\n\n\n\n<p>A pedido, o interessado poder\u00e1 exercer fun\u00e7\u00f5es em outro ente federativo, por meio de permuta ou cess\u00e3o, com autoriza\u00e7\u00e3o do respectivo governador e mantendo todas as prerrogativas, direitos e vantagens, deveres e veda\u00e7\u00f5es estabelecidas no ente federativo de origem.<\/p>\n\n\n\n<p>Ap\u00f3s dois anos na fun\u00e7\u00e3o, a crit\u00e9rio da administra\u00e7\u00e3o e manifesta\u00e7\u00e3o favor\u00e1vel do servidor, o policial poder\u00e1 ser efetivado no novo estado. <\/p>\n\n\n\n<h2 class=\"wp-block-heading has-medium-font-size\" id=\"h-direitos-e-garantias\">Direitos e garantias<\/h2>\n\n\n\n<ul class=\"wp-block-list\">\n<li>Recolhimento em unidade prisional da pr\u00f3pria institui\u00e7\u00e3o para fins de cumprimento de pris\u00e3o provis\u00f3ria ou de senten\u00e7a penal condenat\u00f3ria transitada em julgado;<\/li>\n\n\n\n<li>Traslado por \u00f3rg\u00e3o p\u00fablico competente, se v\u00edtima de acidente que dificulte sua locomo\u00e7\u00e3o ou se ocorrer a morte durante a atividade policial; e<\/li>\n\n\n\n<li>Licen\u00e7a-pr\u00eamio de tr\u00eas meses a cada per\u00edodo de cinco anos de efetivo exerc\u00edcio policial, podendo ser convertida em pec\u00fania, total ou parcialmente.<\/li>\n\n\n\n<li>O poder p\u00fablico deve assegurar assist\u00eancia m\u00e9dica, psicol\u00f3gica, psiqui\u00e1trica, odontol\u00f3gica, social e jur\u00eddica aos policiais civis;<\/li>\n\n\n\n<li>Os servidores dever\u00e3o contar tamb\u00e9m com seguro de vida e acidentes. <\/li>\n<\/ul>\n\n\n\n<h2 class=\"wp-block-heading has-medium-font-size\" id=\"h-pensao-e-aposentadoria\">Pens\u00e3o e aposentadoria<\/h2>\n\n\n\n<p>Em outro trecho do texto, h\u00e1 discrep\u00e2ncias em rela\u00e7\u00e3o \u00e0 reforma da Previd\u00eancia. No caso da pens\u00e3o, a <a href=\"http:\/\/www2.camara.leg.br\/legin\/fed\/emecon\/2019\/emendaconstitucional-103-12-novembro-2019-789412-norma-pl.html\">Emenda Constitucional 103<\/a>, de 2019, prev\u00ea pens\u00e3o por morte com valor equivalente \u00e0 remunera\u00e7\u00e3o do cargo exercido pelo policial falecido em caso de morte em servi\u00e7o.<\/p>\n\n\n\n<p>Na proposta do relator, \u00e9 estipulada a remunera\u00e7\u00e3o do cargo da \u00faltima classe e n\u00edvel, acrescentando os casos de contamina\u00e7\u00e3o por mol\u00e9stia grave ou doen\u00e7a ocupacional.<\/p>\n\n\n\n<p>Com rela\u00e7\u00e3o \u00e0 aposentadoria, o projeto prev\u00ea que ela ser\u00e1 calculada pela \u201ctotalidade da remunera\u00e7\u00e3o\u201d do servidor, em vez de integralidade, como garantida pela emenda constitucional e pela <a href=\"https:\/\/www2.camara.gov.br\/legin\/fed\/leicom\/1980-1987\/leicomplementar-51-20-dezembro-1985-363619-norma-pl.html\">Lei Complementar 51\/85<\/a>.<\/p>\n\n\n\n<p>Quanto \u00e0 corre\u00e7\u00e3o, a proposta prev\u00ea a paridade na remunera\u00e7\u00e3o, mas a reforma da Previd\u00eancia estipulou uma transi\u00e7\u00e3o para os policiais civis na ativa quando de sua promulga\u00e7\u00e3o e remunera\u00e7\u00e3o proporcional aos novos ingressantes.<\/p>\n\n\n\n<p>Quer saber quais s\u00e3o os editais previstos de pol\u00edcia? Confira todas as informa\u00e7\u00f5es sobre os certames de seguran\u00e7a em nosso artigo.<\/p>\n\n\n\n<p class=\"has-text-align-center has-background has-medium-font-size\" style=\"background-color:#abb7c287\"><strong>Saiba mais: <a href=\"https:\/\/www.estrategiaconcursos.com.br\/blog\/concursos-de-policia\/\" target=\"_blank\" rel=\"noreferrer noopener\">concursos de pol\u00edcia<\/a><\/strong><\/p>\n\n\n\n<h2 class=\"wp-block-heading has-text-align-center\" id=\"cursos\">Estude com o Estrat\u00e9gia para os concursos de pol\u00edcia!<\/h2>\n\n\n\n<div class=\"container\" id=\"boxes\">\r\n  <div class=\"row\">\r\n\r\n    <div class=\"col-sm\">\r\n      <div class=\"banner-policial\" id=\"box-assinatura\">\r\n        <h3 class=\"titulo-assinatura\">Carreiras Policiais<\/h3>\r\n        <p class=\"subtitulo-assinatura\">Conhe\u00e7a os cursos<\/p>\r\n        <div class=\"box-botao\">\r\n          <a class=\"btn-assinatura\" target=\"_blank\" href=\"https:\/\/www.estrategiaconcursos.com.br\/cursosPorConcurso\/cursos-para-concursos-policiais\/\" role=\"button\" rel=\"noopener noreferrer\">Conhe\u00e7a mais<\/a>\r\n        <\/div>\r\n      <\/div>\r\n     \r\n\r\n  <\/div>\r\n<\/div><\/div>\n\n\n\n<div class=\"container\" id=\"boxes\">\r\n  <div class=\"row\">\r\n\r\n    <div class=\"col-sm\">\r\n      <div class=\"estrategia\" id=\"box-assinatura\">\r\n        <h3 class=\"titulo-assinatura\">Assinatura Concursos<\/h3>\r\n        <p class=\"subtitulo-assinatura\">Assinatura de 1 ano ou 2 anos<\/p>\r\n        <div class=\"box-botao\">\r\n          <a class=\"btn-assinatura\" target=\"_blank\" href=\"https:\/\/www.estrategiaconcursos.com.br\/assinaturas\/\" role=\"button\" rel=\"noopener noreferrer\">ASSINE AGORA<\/a>\r\n        <\/div>\r\n      <\/div>\r\n     \r\n    <\/div><\/div><\/div>\n\n\n\n<h2 class=\"wp-block-heading has-text-align-center\" id=\"h-quer-saber-tudo-sobre-concursos-previstos-confira-nossos-artigos\">Quer saber tudo sobre concursos previstos?<br \/>Confira nossos artigos!<\/h2>\n\n\n\n<ul class=\"wp-block-list\">\n<li><a href=\"https:\/\/www.estrategiaconcursos.com.br\/blog\/concursos-abertos\/\" target=\"_blank\" rel=\"noreferrer noopener\">Concursos abertos<\/a><\/li>\n\n\n\n<li><a href=\"https:\/\/www.estrategiaconcursos.com.br\/blog\/concursos-2023\/\" target=\"_blank\" rel=\"noreferrer noopener\">Concursos 2023<\/a><\/li>\n\n\n\n<li><a href=\"https:\/\/www.estrategiaconcursos.com.br\/blog\/concursos-2024\/\" target=\"_blank\" rel=\"noreferrer noopener\">Concursos 2024<\/a><\/li>\n<\/ul>\n","protected":false},"excerpt":{"rendered":"<p>Foi aprovada, na C\u00e2mara dos Deputados, a cria\u00e7\u00e3o da Lei Geral da Pol\u00edcia Civil, com novas diretrizes para servir de base para que os estados elaborem ou reformulem as leis org\u00e2nicas das institui\u00e7\u00f5es. As informa\u00e7\u00f5es s\u00e3o da Ag\u00eancia C\u00e2mara de Not\u00edcias. O texto, aprovado na \u00faltima segunda-feira (04), \u00e9 um substitutivo do relator, o deputado [&hellip;]<\/p>\n","protected":false},"author":1483,"featured_media":969837,"comment_status":"open","ping_status":"closed","sticky":false,"template":"","format":"standard","meta":{"post_tipo":"news","footnotes":""},"categories":[1988,220190,220219],"tags":[],"tax_estado":[219963],"class_list":["post-1274144","post","type-post","status-publish","format-standard","has-post-thumbnail","hentry","category-policia","category-policial-peritos","category-noticias","tax_estado-concursos-federais"],"acf":[],"yoast_head":"<!-- This site is optimized with the Yoast SEO Premium plugin v27.2 (Yoast SEO v27.2) - https:\/\/yoast.com\/product\/yoast-seo-premium-wordpress\/ -->\n<title>Lei Geral da Pol\u00edcia Civil \u00e9 aprovada na C\u00e2mara; confira<\/title>\n<meta name=\"description\" content=\"Foi aprovada, na C\u00e2mara dos Deputados, a Lei Geral da Pol\u00edcia Civil. Veja os detalhes no site do Estrat\u00e9gia!\" \/>\n<meta name=\"robots\" content=\"index, follow, max-snippet:-1, max-image-preview:large, max-video-preview:-1\" \/>\n<link rel=\"canonical\" href=\"https:\/\/www.estrategiaconcursos.com.br\/blog\/lei-geral-da-policia-civil-e-aprovada-na-camara\/\" \/>\n<meta property=\"og:locale\" content=\"pt_BR\" \/>\n<meta property=\"og:type\" content=\"article\" \/>\n<meta property=\"og:title\" content=\"Lei Geral da Pol\u00edcia Civil \u00e9 aprovada na C\u00e2mara; confira\" \/>\n<meta property=\"og:description\" content=\"Foi aprovada, na C\u00e2mara dos Deputados, a Lei Geral da Pol\u00edcia Civil. Veja os detalhes no site do Estrat\u00e9gia!\" \/>\n<meta property=\"og:url\" content=\"https:\/\/www.estrategiaconcursos.com.br\/blog\/lei-geral-da-policia-civil-e-aprovada-na-camara\/\" \/>\n<meta property=\"og:site_name\" content=\"Estrat\u00e9gia Concursos\" \/>\n<meta property=\"article:published_time\" content=\"2023-09-05T17:58:27+00:00\" \/>\n<meta property=\"article:modified_time\" content=\"2023-09-05T20:15:34+00:00\" \/>\n<meta property=\"og:image\" content=\"https:\/\/dhg1h5j42swfq.cloudfront.net\/2022\/02\/15173324\/concursos-policiais.jpg\" \/>\n\t<meta property=\"og:image:width\" content=\"768\" \/>\n\t<meta property=\"og:image:height\" content=\"432\" \/>\n\t<meta property=\"og:image:type\" content=\"image\/jpeg\" \/>\n<meta name=\"author\" content=\"Diogo Mendes\" \/>\n<meta name=\"twitter:card\" content=\"summary_large_image\" \/>\n<meta name=\"twitter:creator\" content=\"@EstratConcursos\" \/>\n<meta name=\"twitter:site\" content=\"@EstratConcursos\" \/>\n<meta name=\"twitter:label1\" content=\"Escrito por\" \/>\n\t<meta name=\"twitter:data1\" content=\"Diogo Mendes\" \/>\n\t<meta name=\"twitter:label2\" content=\"Est. tempo de leitura\" \/>\n\t<meta name=\"twitter:data2\" content=\"4 minutos\" \/>\n<script type=\"application\/ld+json\" class=\"yoast-schema-graph\">{\"@context\":\"https:\/\/schema.org\",\"@graph\":[{\"@type\":\"NewsArticle\",\"@id\":\"https:\/\/www.estrategiaconcursos.com.br\/blog\/lei-geral-da-policia-civil-e-aprovada-na-camara\/#article\",\"isPartOf\":{\"@id\":\"https:\/\/www.estrategiaconcursos.com.br\/blog\/lei-geral-da-policia-civil-e-aprovada-na-camara\/\"},\"author\":{\"name\":\"Diogo Mendes\",\"@id\":\"https:\/\/www.estrategiaconcursos.com.br\/blog\/#\/schema\/person\/cc9e76173880338ce9f656c88664a1f6\"},\"headline\":\"Lei Geral da Pol\u00edcia Civil \u00e9 aprovada na C\u00e2mara; confira\",\"datePublished\":\"2023-09-05T17:58:27+00:00\",\"dateModified\":\"2023-09-05T20:15:34+00:00\",\"mainEntityOfPage\":{\"@id\":\"https:\/\/www.estrategiaconcursos.com.br\/blog\/lei-geral-da-policia-civil-e-aprovada-na-camara\/\"},\"wordCount\":754,\"commentCount\":0,\"publisher\":{\"@id\":\"https:\/\/www.estrategiaconcursos.com.br\/blog\/#organization\"},\"image\":{\"@id\":\"https:\/\/www.estrategiaconcursos.com.br\/blog\/lei-geral-da-policia-civil-e-aprovada-na-camara\/#primaryimage\"},\"thumbnailUrl\":\"https:\/\/dhg1h5j42swfq.cloudfront.net\/2022\/02\/15173324\/concursos-policiais.jpg\",\"articleSection\":[\"Policial (Agente, Escriv\u00e3o e Investigador)\",\"Policial (Peritos, Papiloscopistas)\",\"\u00daltimas not\u00edcias\"],\"inLanguage\":\"pt-BR\",\"potentialAction\":[{\"@type\":\"CommentAction\",\"name\":\"Comment\",\"target\":[\"https:\/\/www.estrategiaconcursos.com.br\/blog\/lei-geral-da-policia-civil-e-aprovada-na-camara\/#respond\"]}],\"copyrightYear\":\"2023\",\"copyrightHolder\":{\"@id\":\"https:\/\/www.estrategiaconcursos.com.br\/blog\/#organization\"}},{\"@type\":\"WebPage\",\"@id\":\"https:\/\/www.estrategiaconcursos.com.br\/blog\/lei-geral-da-policia-civil-e-aprovada-na-camara\/\",\"url\":\"https:\/\/www.estrategiaconcursos.com.br\/blog\/lei-geral-da-policia-civil-e-aprovada-na-camara\/\",\"name\":\"Lei Geral da Pol\u00edcia Civil \u00e9 aprovada na C\u00e2mara; confira\",\"isPartOf\":{\"@id\":\"https:\/\/www.estrategiaconcursos.com.br\/blog\/#website\"},\"primaryImageOfPage\":{\"@id\":\"https:\/\/www.estrategiaconcursos.com.br\/blog\/lei-geral-da-policia-civil-e-aprovada-na-camara\/#primaryimage\"},\"image\":{\"@id\":\"https:\/\/www.estrategiaconcursos.com.br\/blog\/lei-geral-da-policia-civil-e-aprovada-na-camara\/#primaryimage\"},\"thumbnailUrl\":\"https:\/\/dhg1h5j42swfq.cloudfront.net\/2022\/02\/15173324\/concursos-policiais.jpg\",\"datePublished\":\"2023-09-05T17:58:27+00:00\",\"dateModified\":\"2023-09-05T20:15:34+00:00\",\"description\":\"Foi aprovada, na C\u00e2mara dos Deputados, a Lei Geral da Pol\u00edcia Civil. Veja os detalhes no site do Estrat\u00e9gia!\",\"breadcrumb\":{\"@id\":\"https:\/\/www.estrategiaconcursos.com.br\/blog\/lei-geral-da-policia-civil-e-aprovada-na-camara\/#breadcrumb\"},\"inLanguage\":\"pt-BR\",\"potentialAction\":[{\"@type\":\"ReadAction\",\"target\":[\"https:\/\/www.estrategiaconcursos.com.br\/blog\/lei-geral-da-policia-civil-e-aprovada-na-camara\/\"]}]},{\"@type\":\"ImageObject\",\"inLanguage\":\"pt-BR\",\"@id\":\"https:\/\/www.estrategiaconcursos.com.br\/blog\/lei-geral-da-policia-civil-e-aprovada-na-camara\/#primaryimage\",\"url\":\"https:\/\/dhg1h5j42swfq.cloudfront.net\/2022\/02\/15173324\/concursos-policiais.jpg\",\"contentUrl\":\"https:\/\/dhg1h5j42swfq.cloudfront.net\/2022\/02\/15173324\/concursos-policiais.jpg\",\"width\":768,\"height\":432,\"caption\":\"concursos de pol\u00edcia\"},{\"@type\":\"BreadcrumbList\",\"@id\":\"https:\/\/www.estrategiaconcursos.com.br\/blog\/lei-geral-da-policia-civil-e-aprovada-na-camara\/#breadcrumb\",\"itemListElement\":[{\"@type\":\"ListItem\",\"position\":1,\"name\":\"In\u00edcio\",\"item\":\"https:\/\/www.estrategiaconcursos.com.br\/blog\/\"},{\"@type\":\"ListItem\",\"position\":2,\"name\":\"Lei Geral da Pol\u00edcia Civil \u00e9 aprovada na C\u00e2mara; confira\"}]},{\"@type\":\"WebSite\",\"@id\":\"https:\/\/www.estrategiaconcursos.com.br\/blog\/#website\",\"url\":\"https:\/\/www.estrategiaconcursos.com.br\/blog\/\",\"name\":\"Estrat\u00e9gia Concursos\",\"description\":\"O blog da Estrat\u00e9gia Concursos traz not\u00edcias sobre concursos e artigos de professores oferecendo cursos para concursos (pdf + videaulas) no site.\",\"publisher\":{\"@id\":\"https:\/\/www.estrategiaconcursos.com.br\/blog\/#organization\"},\"potentialAction\":[{\"@type\":\"SearchAction\",\"target\":{\"@type\":\"EntryPoint\",\"urlTemplate\":\"https:\/\/www.estrategiaconcursos.com.br\/blog\/?s={search_term_string}\"},\"query-input\":{\"@type\":\"PropertyValueSpecification\",\"valueRequired\":true,\"valueName\":\"search_term_string\"}}],\"inLanguage\":\"pt-BR\"},{\"@type\":\"Organization\",\"@id\":\"https:\/\/www.estrategiaconcursos.com.br\/blog\/#organization\",\"name\":\"Estrat\u00e9gia Concursos\",\"url\":\"https:\/\/www.estrategiaconcursos.com.br\/blog\/\",\"logo\":{\"@type\":\"ImageObject\",\"inLanguage\":\"pt-BR\",\"@id\":\"https:\/\/www.estrategiaconcursos.com.br\/blog\/#\/schema\/logo\/image\/\",\"url\":\"https:\/\/dhg1h5j42swfq.cloudfront.net\/2025\/06\/03203428\/logo_concursos-1.jpg\",\"contentUrl\":\"https:\/\/dhg1h5j42swfq.cloudfront.net\/2025\/06\/03203428\/logo_concursos-1.jpg\",\"width\":230,\"height\":60,\"caption\":\"Estrat\u00e9gia Concursos\"},\"image\":{\"@id\":\"https:\/\/www.estrategiaconcursos.com.br\/blog\/#\/schema\/logo\/image\/\"},\"sameAs\":[\"https:\/\/x.com\/EstratConcursos\"]},{\"@type\":\"Person\",\"@id\":\"https:\/\/www.estrategiaconcursos.com.br\/blog\/#\/schema\/person\/cc9e76173880338ce9f656c88664a1f6\",\"name\":\"Diogo Mendes\",\"image\":{\"@type\":\"ImageObject\",\"inLanguage\":\"pt-BR\",\"@id\":\"https:\/\/secure.gravatar.com\/avatar\/9754d6777d460a45ef4067b586b94c32005cc2345a0404b8d96adc620cf63806?s=96&d=mm&r=g\",\"url\":\"https:\/\/secure.gravatar.com\/avatar\/9754d6777d460a45ef4067b586b94c32005cc2345a0404b8d96adc620cf63806?s=96&d=mm&r=g\",\"contentUrl\":\"https:\/\/secure.gravatar.com\/avatar\/9754d6777d460a45ef4067b586b94c32005cc2345a0404b8d96adc620cf63806?s=96&d=mm&r=g\",\"caption\":\"Diogo Mendes\"},\"description\":\"Diogo Mendes \u00e9 jornalista formado pela Universidade Paulista, com experi\u00eancia em reda\u00e7\u00f5es de diversos ve\u00edculos e na produ\u00e7\u00e3o de conte\u00fados especializados em concursos p\u00fablicos. Desde 2019, atua no Estrat\u00e9gia Concursos como Jornalista e Analista de Conte\u00fado, com foco na apura\u00e7\u00e3o de informa\u00e7\u00f5es junto a \u00f3rg\u00e3os e fontes oficiais. Dedica-se especialmente \u00e0 produ\u00e7\u00e3o de not\u00edcias e reportagens sobre Concursos Legislativos, al\u00e9m de acompanhar diariamente os concursos policiais, banc\u00e1rios e da \u00e1rea da sa\u00fade.\",\"url\":\"https:\/\/www.estrategiaconcursos.com.br\/blog\/author\/diogo-mendesestrategiaconcursos-com-br\/\"}]}<\/script>\n<!-- \/ Yoast SEO Premium plugin. -->","yoast_head_json":{"title":"Lei Geral da Pol\u00edcia Civil \u00e9 aprovada na C\u00e2mara; confira","description":"Foi aprovada, na C\u00e2mara dos Deputados, a Lei Geral da Pol\u00edcia Civil. Veja os detalhes no site do Estrat\u00e9gia!","robots":{"index":"index","follow":"follow","max-snippet":"max-snippet:-1","max-image-preview":"max-image-preview:large","max-video-preview":"max-video-preview:-1"},"canonical":"https:\/\/www.estrategiaconcursos.com.br\/blog\/lei-geral-da-policia-civil-e-aprovada-na-camara\/","og_locale":"pt_BR","og_type":"article","og_title":"Lei Geral da Pol\u00edcia Civil \u00e9 aprovada na C\u00e2mara; confira","og_description":"Foi aprovada, na C\u00e2mara dos Deputados, a Lei Geral da Pol\u00edcia Civil. Veja os detalhes no site do Estrat\u00e9gia!","og_url":"https:\/\/www.estrategiaconcursos.com.br\/blog\/lei-geral-da-policia-civil-e-aprovada-na-camara\/","og_site_name":"Estrat\u00e9gia Concursos","article_published_time":"2023-09-05T17:58:27+00:00","article_modified_time":"2023-09-05T20:15:34+00:00","og_image":[{"width":768,"height":432,"url":"https:\/\/dhg1h5j42swfq.cloudfront.net\/2022\/02\/15173324\/concursos-policiais.jpg","type":"image\/jpeg"}],"author":"Diogo Mendes","twitter_card":"summary_large_image","twitter_creator":"@EstratConcursos","twitter_site":"@EstratConcursos","twitter_misc":{"Escrito por":"Diogo Mendes","Est. tempo de leitura":"4 minutos"},"schema":{"@context":"https:\/\/schema.org","@graph":[{"@type":"NewsArticle","@id":"https:\/\/www.estrategiaconcursos.com.br\/blog\/lei-geral-da-policia-civil-e-aprovada-na-camara\/#article","isPartOf":{"@id":"https:\/\/www.estrategiaconcursos.com.br\/blog\/lei-geral-da-policia-civil-e-aprovada-na-camara\/"},"author":{"name":"Diogo Mendes","@id":"https:\/\/www.estrategiaconcursos.com.br\/blog\/#\/schema\/person\/cc9e76173880338ce9f656c88664a1f6"},"headline":"Lei Geral da Pol\u00edcia Civil \u00e9 aprovada na C\u00e2mara; confira","datePublished":"2023-09-05T17:58:27+00:00","dateModified":"2023-09-05T20:15:34+00:00","mainEntityOfPage":{"@id":"https:\/\/www.estrategiaconcursos.com.br\/blog\/lei-geral-da-policia-civil-e-aprovada-na-camara\/"},"wordCount":754,"commentCount":0,"publisher":{"@id":"https:\/\/www.estrategiaconcursos.com.br\/blog\/#organization"},"image":{"@id":"https:\/\/www.estrategiaconcursos.com.br\/blog\/lei-geral-da-policia-civil-e-aprovada-na-camara\/#primaryimage"},"thumbnailUrl":"https:\/\/dhg1h5j42swfq.cloudfront.net\/2022\/02\/15173324\/concursos-policiais.jpg","articleSection":["Policial (Agente, Escriv\u00e3o e Investigador)","Policial (Peritos, Papiloscopistas)","\u00daltimas not\u00edcias"],"inLanguage":"pt-BR","potentialAction":[{"@type":"CommentAction","name":"Comment","target":["https:\/\/www.estrategiaconcursos.com.br\/blog\/lei-geral-da-policia-civil-e-aprovada-na-camara\/#respond"]}],"copyrightYear":"2023","copyrightHolder":{"@id":"https:\/\/www.estrategiaconcursos.com.br\/blog\/#organization"}},{"@type":"WebPage","@id":"https:\/\/www.estrategiaconcursos.com.br\/blog\/lei-geral-da-policia-civil-e-aprovada-na-camara\/","url":"https:\/\/www.estrategiaconcursos.com.br\/blog\/lei-geral-da-policia-civil-e-aprovada-na-camara\/","name":"Lei Geral da Pol\u00edcia Civil \u00e9 aprovada na C\u00e2mara; confira","isPartOf":{"@id":"https:\/\/www.estrategiaconcursos.com.br\/blog\/#website"},"primaryImageOfPage":{"@id":"https:\/\/www.estrategiaconcursos.com.br\/blog\/lei-geral-da-policia-civil-e-aprovada-na-camara\/#primaryimage"},"image":{"@id":"https:\/\/www.estrategiaconcursos.com.br\/blog\/lei-geral-da-policia-civil-e-aprovada-na-camara\/#primaryimage"},"thumbnailUrl":"https:\/\/dhg1h5j42swfq.cloudfront.net\/2022\/02\/15173324\/concursos-policiais.jpg","datePublished":"2023-09-05T17:58:27+00:00","dateModified":"2023-09-05T20:15:34+00:00","description":"Foi aprovada, na C\u00e2mara dos Deputados, a Lei Geral da Pol\u00edcia Civil. Veja os detalhes no site do Estrat\u00e9gia!","breadcrumb":{"@id":"https:\/\/www.estrategiaconcursos.com.br\/blog\/lei-geral-da-policia-civil-e-aprovada-na-camara\/#breadcrumb"},"inLanguage":"pt-BR","potentialAction":[{"@type":"ReadAction","target":["https:\/\/www.estrategiaconcursos.com.br\/blog\/lei-geral-da-policia-civil-e-aprovada-na-camara\/"]}]},{"@type":"ImageObject","inLanguage":"pt-BR","@id":"https:\/\/www.estrategiaconcursos.com.br\/blog\/lei-geral-da-policia-civil-e-aprovada-na-camara\/#primaryimage","url":"https:\/\/dhg1h5j42swfq.cloudfront.net\/2022\/02\/15173324\/concursos-policiais.jpg","contentUrl":"https:\/\/dhg1h5j42swfq.cloudfront.net\/2022\/02\/15173324\/concursos-policiais.jpg","width":768,"height":432,"caption":"concursos de pol\u00edcia"},{"@type":"BreadcrumbList","@id":"https:\/\/www.estrategiaconcursos.com.br\/blog\/lei-geral-da-policia-civil-e-aprovada-na-camara\/#breadcrumb","itemListElement":[{"@type":"ListItem","position":1,"name":"In\u00edcio","item":"https:\/\/www.estrategiaconcursos.com.br\/blog\/"},{"@type":"ListItem","position":2,"name":"Lei Geral da Pol\u00edcia Civil \u00e9 aprovada na C\u00e2mara; confira"}]},{"@type":"WebSite","@id":"https:\/\/www.estrategiaconcursos.com.br\/blog\/#website","url":"https:\/\/www.estrategiaconcursos.com.br\/blog\/","name":"Estrat\u00e9gia Concursos","description":"O blog da Estrat\u00e9gia Concursos traz not\u00edcias sobre concursos e artigos de professores oferecendo cursos para concursos (pdf + videaulas) no site.","publisher":{"@id":"https:\/\/www.estrategiaconcursos.com.br\/blog\/#organization"},"potentialAction":[{"@type":"SearchAction","target":{"@type":"EntryPoint","urlTemplate":"https:\/\/www.estrategiaconcursos.com.br\/blog\/?s={search_term_string}"},"query-input":{"@type":"PropertyValueSpecification","valueRequired":true,"valueName":"search_term_string"}}],"inLanguage":"pt-BR"},{"@type":"Organization","@id":"https:\/\/www.estrategiaconcursos.com.br\/blog\/#organization","name":"Estrat\u00e9gia Concursos","url":"https:\/\/www.estrategiaconcursos.com.br\/blog\/","logo":{"@type":"ImageObject","inLanguage":"pt-BR","@id":"https:\/\/www.estrategiaconcursos.com.br\/blog\/#\/schema\/logo\/image\/","url":"https:\/\/dhg1h5j42swfq.cloudfront.net\/2025\/06\/03203428\/logo_concursos-1.jpg","contentUrl":"https:\/\/dhg1h5j42swfq.cloudfront.net\/2025\/06\/03203428\/logo_concursos-1.jpg","width":230,"height":60,"caption":"Estrat\u00e9gia Concursos"},"image":{"@id":"https:\/\/www.estrategiaconcursos.com.br\/blog\/#\/schema\/logo\/image\/"},"sameAs":["https:\/\/x.com\/EstratConcursos"]},{"@type":"Person","@id":"https:\/\/www.estrategiaconcursos.com.br\/blog\/#\/schema\/person\/cc9e76173880338ce9f656c88664a1f6","name":"Diogo Mendes","image":{"@type":"ImageObject","inLanguage":"pt-BR","@id":"https:\/\/secure.gravatar.com\/avatar\/9754d6777d460a45ef4067b586b94c32005cc2345a0404b8d96adc620cf63806?s=96&d=mm&r=g","url":"https:\/\/secure.gravatar.com\/avatar\/9754d6777d460a45ef4067b586b94c32005cc2345a0404b8d96adc620cf63806?s=96&d=mm&r=g","contentUrl":"https:\/\/secure.gravatar.com\/avatar\/9754d6777d460a45ef4067b586b94c32005cc2345a0404b8d96adc620cf63806?s=96&d=mm&r=g","caption":"Diogo Mendes"},"description":"Diogo Mendes \u00e9 jornalista formado pela Universidade Paulista, com experi\u00eancia em reda\u00e7\u00f5es de diversos ve\u00edculos e na produ\u00e7\u00e3o de conte\u00fados especializados em concursos p\u00fablicos. Desde 2019, atua no Estrat\u00e9gia Concursos como Jornalista e Analista de Conte\u00fado, com foco na apura\u00e7\u00e3o de informa\u00e7\u00f5es junto a \u00f3rg\u00e3os e fontes oficiais. Dedica-se especialmente \u00e0 produ\u00e7\u00e3o de not\u00edcias e reportagens sobre Concursos Legislativos, al\u00e9m de acompanhar diariamente os concursos policiais, banc\u00e1rios e da \u00e1rea da sa\u00fade.","url":"https:\/\/www.estrategiaconcursos.com.br\/blog\/author\/diogo-mendesestrategiaconcursos-com-br\/"}]}},"_links":{"self":[{"href":"https:\/\/www.estrategiaconcursos.com.br\/blog\/wp-json\/wp\/v2\/posts\/1274144","targetHints":{"allow":["GET"]}}],"collection":[{"href":"https:\/\/www.estrategiaconcursos.com.br\/blog\/wp-json\/wp\/v2\/posts"}],"about":[{"href":"https:\/\/www.estrategiaconcursos.com.br\/blog\/wp-json\/wp\/v2\/types\/post"}],"author":[{"embeddable":true,"href":"https:\/\/www.estrategiaconcursos.com.br\/blog\/wp-json\/wp\/v2\/users\/1483"}],"replies":[{"embeddable":true,"href":"https:\/\/www.estrategiaconcursos.com.br\/blog\/wp-json\/wp\/v2\/comments?post=1274144"}],"version-history":[{"count":7,"href":"https:\/\/www.estrategiaconcursos.com.br\/blog\/wp-json\/wp\/v2\/posts\/1274144\/revisions"}],"predecessor-version":[{"id":1274224,"href":"https:\/\/www.estrategiaconcursos.com.br\/blog\/wp-json\/wp\/v2\/posts\/1274144\/revisions\/1274224"}],"wp:featuredmedia":[{"embeddable":true,"href":"https:\/\/www.estrategiaconcursos.com.br\/blog\/wp-json\/wp\/v2\/media\/969837"}],"wp:attachment":[{"href":"https:\/\/www.estrategiaconcursos.com.br\/blog\/wp-json\/wp\/v2\/media?parent=1274144"}],"wp:term":[{"taxonomy":"category","embeddable":true,"href":"https:\/\/www.estrategiaconcursos.com.br\/blog\/wp-json\/wp\/v2\/categories?post=1274144"},{"taxonomy":"post_tag","embeddable":true,"href":"https:\/\/www.estrategiaconcursos.com.br\/blog\/wp-json\/wp\/v2\/tags?post=1274144"},{"taxonomy":"tax_estado","embeddable":true,"href":"https:\/\/www.estrategiaconcursos.com.br\/blog\/wp-json\/wp\/v2\/tax_estado?post=1274144"}],"curies":[{"name":"wp","href":"https:\/\/api.w.org\/{rel}","templated":true}]}}