{"id":127312,"date":"2018-06-20T09:10:45","date_gmt":"2018-06-20T12:10:45","guid":{"rendered":"https:\/\/www.estrategiaconcursos.com.br\/blog\/?p=127312"},"modified":"2020-12-09T11:14:13","modified_gmt":"2020-12-09T14:14:13","slug":"recursos-exame-cfc-2018-1","status":"publish","type":"post","link":"https:\/\/www.estrategiaconcursos.com.br\/blog\/recursos-exame-cfc-2018-1\/","title":{"rendered":"Recursos Exame CFC 2018.1: ATUALIZADO!"},"content":{"rendered":"<h1 style=\"text-align: center;\">\u00a0Recursos Exame CFC 2018.1!<\/h1>\n<h2 style=\"text-align: center;\">Recursos Exame CFC 2018.1<\/h2>\n<p style=\"text-align: justify;\">Hoje estamos passando para disponibilizar os RECURSOS EXAME CFC 2018.1.<\/p>\n<p style=\"text-align: justify;\">Se voc\u00ea conseguiu aprova\u00e7\u00e3o, meus parab\u00e9ns! Desejamos todo o sucesso do mundo na sua nova jornada.<\/p>\n<p style=\"text-align: justify;\">Caso contr\u00e1rio, continue firme. A vida \u00e9 feita de percal\u00e7os, de dificuldades. O que n\u00e3o podemos \u00e9 desistir.<\/p>\n<p style=\"text-align: justify;\">N\u00f3s j\u00e1 lan\u00e7amos <span style=\"color: #ff0000;\"><strong>CURSOS COMPLETOS<\/strong><\/span> para a sua prepara\u00e7\u00e3o aqui no Estrat\u00e9gia Concursos para o Exame CFC 2018.2<\/p>\n<p style=\"text-align: justify;\">Os cursos para o Exame de Sufici\u00eancia do CFC 2018.2 s\u00e3o COMPLETOS e ter\u00e3o <span style=\"color: #0000ff;\"><strong>Livros Digitais + Videoaulas + Professor para tirar d\u00favidas + Mentoria e Plano de Estudos + Grupo Exclusivo de Estudos no Facebook<\/strong><\/span>! Em breve teremos novidades, mas garanta, desde j\u00e1, a sua matr\u00edcula e prepare-se com <strong><span style=\"color: #0000cd;\">ANTECED\u00caNCIA<\/span><\/strong>. N\u00e3o deixe o seu futuro para o acaso.<\/p>\n<p style=\"text-align: justify;\">Estamos com um <span style=\"color: #ff0000;\"><strong>Pacote Promocional at\u00e9 a data de 22.06. Aproveite e conhe\u00e7a os nossos cursos!<\/strong><\/span><\/p>\n<p style=\"text-align: center;\"><span style=\"font-size: 18pt;\"><a href=\"https:\/\/www.estrategiaconcursos.com.br\/cursosPorConcurso\/promocao-exame-de-suficiencia-do-cfc-2018\" target=\"_blank\" rel=\"noopener noreferrer\">CLIQUE AQUI E CONHE\u00c7A NOSSOS CURSOS PROMOCIONAIS PARA O EXAME CFC 2018.2 (PROMO\u00c7\u00c3O AT\u00c9 DIA 22.06)<\/a><\/span><\/p>\n<h2>Recursos Exame CFC 2018.1 &#8211; Leia com ATEN\u00c7\u00c3O at\u00e9 o final!<\/h2>\n<p>Pois bem! As quest\u00f5es que consideramos pass\u00edveis de altera\u00e7\u00e3o s\u00e3o:<\/p>\n<p>Quest\u00e3o de lan\u00e7amentos. Na prova branca \u00e9 a n\u00famero 03.<\/p>\n<h3 style=\"text-align: justify;\"><span style=\"color: #ff0000;\"><strong>Em 06\/11\/2017, uma Sociedade Empres\u00e1ria vendeu mercadorias para revenda&#8230;<\/strong><\/span><\/h3>\n<p style=\"text-align: justify;\">O gabarito da banca foi:<\/p>\n<p style=\"text-align: justify;\">A) D\u00e9bito: CAIXA \u2013 ATIVO CIRCULANTE\u00a0R$ 1.318,23<br \/>\nD\u00e9bito: DUPLICATAS A RECEBER \u2013 ATIVO CIRCULANTE\u00a0R$ 900,00<br \/>\nCr\u00e9dito: RECEITA DE VENDAS \u2013 RESULTADO\u00a0R$ 2.197,05<br \/>\nCr\u00e9dito: JUROS A APROPRIAR \u2013 ATIVO CIRCULANTE\u00a0R$ 21,18<br \/>\nD\u00e9bito: CUSTO DAS MERCADORIAS VENDIDAS\u00a0R$ 878,82<br \/>\nCr\u00e9dito: MERCADORIAS PARA REVENDA \u2013 ATIVO CIRCULANTE\u00a0R$ 878,82<\/p>\n<p>Todavia, a quest\u00e3o \u00e9 pass\u00edvel de recursos. Por qu\u00ea?<\/p>\n<p style=\"text-align: justify;\"><strong><span style=\"color: #ff0000;\">Pelo fato de n\u00e3o haver men\u00e7\u00e3o se os juros est\u00e3o ou n\u00e3o embutidos na opera\u00e7\u00e3o. A quest\u00e3o n\u00e3o foi expl\u00edcita a este respeito. E isso muda diametralmente a resolu\u00e7\u00e3o da quest\u00e3o<\/span><\/strong>. Por este motivo \u00e9 plenamente poss\u00edvel que a quest\u00e3o seja anulada.<\/p>\n<p style=\"text-align: justify;\">O c\u00e1lculo da banca foi:<\/p>\n<p style=\"text-align: justify;\">300\/1,012 + 300\/1,02414 + 300\/1,03643 = 296,44269 + 292,92756 + 289,45411 = 878,82435<\/p>\n<p style=\"text-align: justify;\">Como o valor a prazo \u00e9 de R$ 900,00 os juros s\u00e3o: 900 &#8211; 878,82 = 21,17 (arredondado)<\/p>\n<p style=\"text-align: justify;\">878,82 &#8211; 40%<\/p>\n<p style=\"text-align: justify;\">X &#8211; 100%<\/p>\n<p style=\"text-align: justify;\">X = 2.197,06 (valor total da venda)<\/p>\n<p style=\"text-align: justify;\">2.197,06 x 60% = 1.318,23<\/p>\n<p style=\"text-align: justify;\">A\u00ed chegamos ao gabarito da banca, que \u00e9 a letra a. Ocorre que novamente a quest\u00e3o n\u00e3o foi clara se os juros est\u00e3o ou n\u00e3o embutidos na opera\u00e7\u00e3o.<\/p>\n<p style=\"text-align: justify;\">Caso n\u00e3o estejam, o gabarito passa da letra a, para a letra c.<\/p>\n<p style=\"text-align: justify;\">C) D\u00e9bito: CAIXA \u2013 ATIVO CIRCULANTE\u00a0R$ 1.350,00<br \/>\nD\u00e9bito: DUPLICATAS A RECEBER \u2013 ATIVO CIRCULANTE\u00a0R$ 900,00<br \/>\nCr\u00e9dito: RECEITA DE VENDAS \u2013 RESULTADO\u00a0R$ 2.250,00<br \/>\nD\u00e9bito: CUSTO DAS MERCADORIAS VENDIDAS\u00a0R$ 878,82<br \/>\nCr\u00e9dito: MERCADORIAS PARA REVENDA \u2013 ATIVO CIRCULANTE\u00a0R$ 878,82<\/p>\n<p>Ademais, como se trata de uma opera\u00e7\u00e3o de curto prazo, o ajuste a valor presente somente deve ser utilizado se estivermos frente a uma opera\u00e7\u00e3o relevante. E a quest\u00e3o n\u00e3o trouxe este aspecto, o que pode confundir ainda mais os candidatos. N\u00e3o se pode presumir que a opera\u00e7\u00e3o seja relevante. Pelo contr\u00e1rio, nada dizendo, pressup\u00f5e-se que estamos frente a uma opera\u00e7\u00e3o n\u00e3o relevante.<\/p>\n<p style=\"text-align: justify;\">Art. 183. No balan\u00e7o, os elementos do ativo ser\u00e3o avaliados segundo os seguintes crit\u00e9rios:<\/p>\n<p style=\"text-align: justify;\">VIII \u2013 os elementos do ativo decorrentes de opera\u00e7\u00f5es de longo prazo ser\u00e3o ajustados a valor presente,<span style=\"color: #ff0000;\"><strong> sendo os demais ajustados quando houver efeito relevante<\/strong><\/span>.<\/p>\n<p style=\"text-align: justify;\">Relev\u00e2ncia \u00e9 aquela caracter\u00edstica qualitativa fundamental que tem em seu conceito a capacidade de fazer diferen\u00e7a nas decis\u00f5es tomadas pelo usu\u00e1rio, o que n\u00e3o pode ser pressuposto para uma venda no valor de R$ 2.197,06.<\/p>\n<p style=\"text-align: justify;\">Assim, pelos motivos expostos, havendo duas possibilidades de gabarito e tendo incorrido o enunciado em v\u00edcio, solicitamos a <span style=\"color: #0000ff;\"><strong>ANULA\u00c7\u00c3O<\/strong><\/span> da quest\u00e3o.<\/p>\n<p>Pr\u00f3xima quest\u00e3o&#8230;<\/p>\n<h3><span style=\"color: #ff0000;\"><strong>Uma companhia tem como objeto social a produ\u00e7\u00e3o e comercializa\u00e7\u00e3o de cana-de-a\u00e7\u00facar (&#8230;)<\/strong><\/span><\/h3>\n<p style=\"text-align: justify;\"><span style=\"font-size: 12pt;\">O gabarito provis\u00f3rio da d. Banca foi a letra A \u2013 todas as assertivas corretas, que passamos a analisar.<\/span><\/p>\n<h3 style=\"text-align: justify;\"><span style=\"font-size: 12pt;\">I \u2013 Certo. \u00c9 c\u00f3pia do CPC 29 &#8211; Ativo Biol\u00f3gico e Produto Agr\u00edcola<\/span><\/h3>\n<p style=\"text-align: justify;\"><span style=\"font-size: 12pt;\">13. O produto agr\u00edcola colhido de ativos biol\u00f3gicos da entidade deve ser mensurado ao valor justo, menos a despesa de venda, no momento da colheita. O valor assim atribu\u00eddo representa o custo, no momento da aplica\u00e7\u00e3o do Pronunciamento T\u00e9cnico CPC 16 \u2013 Estoques, ou outro Pronunciamento aplic\u00e1vel.<\/span><\/p>\n<p style=\"text-align: justify;\"><span style=\"font-size: 12pt;\"><strong>II \u2013 Os estoques de adubos, fertilizantes e defensivos agr\u00edcolas foram avaliados pelo custo de aquisi\u00e7\u00e3o, haja vista que o valor de custo \u00e9 menor que o valor realiz\u00e1vel l\u00edquido.<\/strong><\/span><\/p>\n<p style=\"text-align: justify;\"><span style=\"font-size: 12pt;\">A d. Banca considerou essa assertiva como correta.<\/span><\/p>\n<p style=\"text-align: justify;\"><span style=\"font-size: 12pt;\">Discordamos, conforme explicamos abaixo.<\/span><\/p>\n<p style=\"text-align: justify;\"><span style=\"font-size: 12pt;\">Valor realiz\u00e1vel l\u00edquido \u00e9 o pre\u00e7o de venda estimado no curso normal dos neg\u00f3cios deduzido dos custos estimados para sua conclus\u00e3o e dos gastos estimados necess\u00e1rios para se concretizar a venda.<\/span><\/p>\n<p style=\"text-align: justify;\"><span style=\"font-size: 12pt;\">Ocorre que adubos, fertilizantes e defensivos s\u00e3o insumos e mat\u00e9ria-prima. Neste caso, n\u00e3o h\u00e1 que se falar em valor realiz\u00e1vel l\u00edquido, j\u00e1 que n\u00e3o ser\u00e3o vendidos.<\/span><\/p>\n<p style=\"text-align: justify;\"><span style=\"font-size: 12pt;\">Por isso, a sua avalia\u00e7\u00e3o ocorrer\u00e1 conforme manda a Lei 6.404\/76:<\/span><\/p>\n<p style=\"text-align: justify;\"><span style=\"font-size: 12pt;\">Art. 183. No balan\u00e7o, os elementos do ativo ser\u00e3o avaliados segundo os seguintes crit\u00e9rios:<\/span><\/p>\n<p style=\"text-align: justify;\"><span style=\"font-size: 12pt;\">I &#8211; os direitos que tiverem por objeto mercadorias e produtos do com\u00e9rcio da companhia, assim como mat\u00e9rias-primas, produtos em fabrica\u00e7\u00e3o e bens em almoxarifado, pelo custo de aquisi\u00e7\u00e3o ou produ\u00e7\u00e3o, deduzido de provis\u00e3o para ajust\u00e1-lo ao valor de mercado, quando este for inferior;<\/span><\/p>\n<ul style=\"text-align: justify;\">\n<li><span style=\"font-size: 12pt;\">1o Para efeitos do disposto neste artigo, considera-se valor justo: (Reda\u00e7\u00e3o dada pela Lei n\u00ba 11.941, de 2009)<\/span><\/li>\n<li><span style=\"font-size: 12pt;\">a) das mat\u00e9rias-primas e dos bens em almoxarifado, o pre\u00e7o pelo qual possam ser repostos, mediante compra no mercado;<\/span><\/li>\n<\/ul>\n<p style=\"text-align: justify;\"><span style=\"font-size: 12pt;\">Portanto, neste caso, devemos utilizar o chamado custo corrente, que \u00e9 o pre\u00e7o de reposi\u00e7\u00e3o e n\u00e3o o pre\u00e7o de sa\u00edda. Da\u00ed a incorre\u00e7\u00e3o da assertiva II. N\u00e3o h\u00e1 que se falar em valor realiz\u00e1vel l\u00edquido, pois este \u00e9 um valor de venda, n\u00e3o havendo venda destes produtos, j\u00e1 que o enunciado da quest\u00e3o \u00e9 cristalino ao dizer que a companhia tem como objeto social a produ\u00e7\u00e3o e comercializa\u00e7\u00e3o de cana-de-a\u00e7\u00facar.<\/span><\/p>\n<p style=\"text-align: justify;\"><span style=\"font-size: 12pt;\">O disposto na lei 6.404\/76, que copiamos acima, j\u00e1 justifica o erro da assertiva.<\/span><\/p>\n<p style=\"text-align: justify;\"><span style=\"font-size: 12pt;\">Mas vejamos o que diz a NBC TG 16 (R2) \u2013 ESTOQUES:<\/span><\/p>\n<ol style=\"text-align: justify;\" start=\"32\">\n<li><span style=\"font-size: 12pt;\">Os materiais e os outros bens de consumo mantidos para uso na produ\u00e7\u00e3o de estoques ou na presta\u00e7\u00e3o de servi\u00e7os n\u00e3o ser\u00e3o reduzidos abaixo do custo se for previs\u00edvel que os produtos acabados em que eles devem ser incorporados ou os servi\u00e7os em que ser\u00e3o utilizados sejam vendidos pelo custo ou acima do custo. Por\u00e9m, quando a diminui\u00e7\u00e3o no pre\u00e7o dos produtos acabados ou no pre\u00e7o dos servi\u00e7os prestados indicar que o custo de elabora\u00e7\u00e3o desses produtos ou servi\u00e7os exceder\u00e1 seu valor realiz\u00e1vel l\u00edquido, os materiais e os outros bens de consumo devem ser reduzidos ao valor realiz\u00e1vel l\u00edquido. Em tais circunst\u00e2ncias, o custo de reposi\u00e7\u00e3o dos materiais pode ser a melhor medida dispon\u00edvel do seu valor realiz\u00e1vel l\u00edquido.<\/span><\/li>\n<\/ol>\n<p style=\"text-align: justify;\"><span style=\"font-size: 12pt;\">Aplicando o item 32 acima \u00e0 quest\u00e3o, temos:<\/span><\/p>\n<p style=\"text-align: justify;\"><span style=\"font-size: 12pt;\">Os materiais e outros bens de consumo mantidos para uso na produ\u00e7\u00e3o de estoque (os <strong>estoques de adubos, fertilizantes e defensivos agr\u00edcolas<\/strong>) n\u00e3o ser\u00e3o reduzidos abaixo do custo se for previs\u00edvel que os produtos acabados em que eles devem ser incorporados (<strong>a cana colhida<\/strong>) sejam vendidos pelo custo ou acima do custo.<\/span><\/p>\n<p style=\"text-align: justify;\"><span style=\"font-size: 12pt;\">E ainda: quando a diminui\u00e7\u00e3o no pre\u00e7o nos produtos acabados (<strong>a cana colhida<\/strong>) indicar que o custo de elabora\u00e7\u00e3o desses produtos exceder\u00e1 seu valor realiz\u00e1vel l\u00edquido (ou seja: o custo da cana colhida, incluindo o custo de adubo, fertilizantes e defensivos agr\u00edcolas,\u00a0 exceder\u00e1 o valor realiz\u00e1vel l\u00edquido da cana colhida), os materiais e outros bens de consumo (os <strong>estoques de adubos, fertilizantes e defensivos agr\u00edcolas<\/strong>) devem ser realizados ao valor realiz\u00e1vel l\u00edquido.<\/span><\/p>\n<p style=\"text-align: justify;\"><span style=\"font-size: 12pt;\">Em tais circunst\u00e2ncias, o <strong>custo de reposi\u00e7\u00e3o<\/strong> <strong>dos materiais pode ser a melhor medida dispon\u00edvel<\/strong> do seu valor realiz\u00e1vel l\u00edquido.<\/span><\/p>\n<p style=\"text-align: justify;\"><span style=\"font-size: 12pt;\">Portanto, a assertiva II est\u00e1 errada, quer considerando a Lei 6404, quer considerando-se a NBC TG 16 (R2) \u2013 ESTOQUES. Estaria correta com a seguinte reda\u00e7\u00e3o:<\/span><\/p>\n<p style=\"text-align: justify;\"><span style=\"font-size: 12pt;\">Os estoques de adubos, fertilizantes e defensivos agr\u00edcolas foram avaliados pelo custo de aquisi\u00e7\u00e3o, haja vista que o valor de custo <strong>DA CANA COLHIDA<\/strong> \u00e9 menor que o valor realiz\u00e1vel l\u00edquido <strong>DA CANA COLHIDA<\/strong>.<\/span><\/p>\n<p style=\"text-align: justify;\"><span style=\"font-size: 12pt;\"><strong>III \u2013 As lavouras de cana-de-a\u00e7\u00facar foram mensuradas pelo valor justo, utilizando a abordagem de pre\u00e7os de mercado dessa commodity, deduzido das despesas com vendas e custos a incorrer, a partir da pr\u00e9-colheita.<\/strong><\/span><\/p>\n<p style=\"text-align: justify;\"><span style=\"font-size: 12pt;\">A d. Banca considerou \u201ccorreta\u201d a assertiva. Mas discordamos.<\/span><\/p>\n<p style=\"text-align: justify;\"><span style=\"font-size: 12pt;\">As lavouras de cana-de-ac\u00facar s\u00e3o ativos biol\u00f3gicos.<\/span><\/p>\n<p style=\"text-align: justify;\"><span style=\"font-size: 12pt;\">E a NBC TG 29 (R2) \u2013 ATIVO BIOL\u00d3GICO E PRODUTOS AGR\u00cdCOLAS estabelece o seguinte:<\/span><\/p>\n<ol style=\"text-align: justify;\" start=\"12\">\n<li><span style=\"font-size: 12pt;\">O ativo biol\u00f3gico deve ser mensurado ao valor justo menos a despesa de venda no momento do reconhecimento inicial e no final de cada per\u00edodo de compet\u00eancia, exceto para os casos descritos no item 30, em que o valor justo n\u00e3o pode ser mensurado de forma confi\u00e1vel.<\/span><\/li>\n<\/ol>\n<p style=\"text-align: justify;\"><span style=\"font-size: 12pt;\">Como se percebe, n\u00e3o h\u00e1 men\u00e7\u00e3o aos \u201ccustos a incorrer\u201d, na norma NBC TG 29, o que torna a assertiva errada.<\/span><\/p>\n<p style=\"text-align: justify;\"><span style=\"font-size: 12pt;\">Assim, solicitamos a <strong><span style=\"color: #0000ff;\">ALTERA\u00c7\u00c3O DO GABARITO<\/span>\u00a0<\/strong>da presente quest\u00e3o de todas as corretas (alternativa A) para somente I correta (alternativa b).<\/span><\/p>\n<h3 style=\"text-align: justify;\"><span style=\"color: #ff0000;\"><strong>Os seguintes saldos em duplicatas a receber e perdas estimadas&#8230;<\/strong><\/span><\/h3>\n<p style=\"text-align: justify;\">O gabarito preliminar foi a letra C \u2013 R$ 28.500,00.<\/p>\n<p style=\"text-align: justify;\">A douta Banca efetuou o seguinte c\u00e1lculo:<\/p>\n<p style=\"text-align: justify;\">Valor da duplicata $30.000 \u2013 PECLD $1.500 = $28.500.<\/p>\n<p style=\"text-align: justify;\"><span style=\"color: #0000ff;\"><strong>Ocorre que o c\u00e1lculo das perdas estimadas com cr\u00e9dito de liquida\u00e7\u00e3o duvidosa deve ser analisado caso a caso, ou seja, \u00e9 necess\u00e1ria a an\u00e1lise individual do saldo de cada cliente para estimar a Perda Estimada com Cr\u00e9dito de Liquida\u00e7\u00e3o Duvidosa<\/strong>.<\/span><\/p>\n<p style=\"text-align: center;\">Mas <span style=\"color: #008000;\"><strong>a contabiliza\u00e7\u00e3o das perdas \u00e9 realizada contra o saldo total da conta PECLD<\/strong><\/span><span style=\"font-size: 14pt;\"><strong><span style=\"color: #800000;\">.<\/span><\/strong><\/span><\/p>\n<p style=\"text-align: center;\"><span style=\"font-size: 14pt;\"><strong><span style=\"color: #800000;\">Vejam, o c\u00e1lculo \u00e9 feito caso a caso, mas a perda \u00e9 contra o saldo total! S\u00e3o coisas distintas.\u00a0<\/span><\/strong><\/span><\/p>\n<p style=\"text-align: justify;\">Conforme o Manual de Contabilidade Societ\u00e1ria, S\u00e9rgio de Iud\u00edcibus e outros, 3\u00aa Edi\u00e7\u00e3o, 2018, pg. 52:<\/p>\n<p style=\"text-align: justify;\">\u201cCONTABILIZA\u00c7\u00c3O. A constitui\u00e7\u00e3o da perda estimada tem como contrapartida contas de despesas operacionais (Perda Estimada com Cr\u00e9dito de Liquida\u00e7\u00e3o Duvidosa \u2013 PECLD) (&#8230;) Quando um saldo se torna efetivamente incobr\u00e1vel, ou seja, quando se esgotarem sem sucesso os meios poss\u00edveis de cobran\u00e7a e uma perda estimada se converte em uma perda certa, sua baixa da conta de cliente deve ser feita tendo como contrapartida a pr\u00f3pria conta de Ajuste.\u201d<\/p>\n<p style=\"text-align: justify;\">Considerando-se somente as informa\u00e7\u00f5es apesentadas pela quest\u00e3o, a contabiliza\u00e7\u00e3o da PECLD e com a baixa da duplicata incobr\u00e1vel fica assim:<\/p>\n<p style=\"text-align: justify;\">D \u2013 Despesa com Perdas Estimadas com Cr\u00e9dito Incobr\u00e1vel (resultado)\u00a0 1.700,00<\/p>\n<p style=\"text-align: justify;\">C \u2013 Perdas Estimadas com Cr\u00e9ditos Incobr\u00e1veis (ret. Ativo) \u00a0\u00a0\u00a0\u00a0\u00a0\u00a0\u00a0\u00a0\u00a0\u00a0\u00a0\u00a0\u00a0\u00a0\u00a0\u00a0\u00a0\u00a0\u00a01.700,00<\/p>\n<p style=\"text-align: justify;\">A conta PECLD (retificadora do ativo) \u00e9 constitu\u00edda pelo valor total de 1700.<\/p>\n<p style=\"text-align: justify;\">Baixa da duplicata do cliente B, no valor de $30.000.<\/p>\n<p style=\"text-align: justify;\">D \u2013 PECLD (Ret. Ativo)\u00a0\u00a0\u00a0\u00a0\u00a0\u00a0\u00a0\u00a0\u00a0\u00a0\u00a0\u00a0\u00a0\u00a0\u00a0\u00a0\u00a0\u00a0\u00a0\u00a0\u00a0\u00a0\u00a0\u00a0\u00a0\u00a0\u00a0\u00a0\u00a0\u00a0\u00a0 \u00a0 \u00a0\u00a0\u00a0\u00a0\u00a0 1.700,00<\/p>\n<p style=\"text-align: justify;\">D \u2013 Despesa com cliente incobr\u00e1vel (Resultado)\u00a0\u00a0\u00a0\u00a0 28.300,00<\/p>\n<p style=\"text-align: justify;\">C \u2013 Duplicatas a receber (Ativo)\u00a0\u00a0\u00a0\u00a0\u00a0\u00a0\u00a0\u00a0\u00a0\u00a0\u00a0\u00a0\u00a0\u00a0\u00a0\u00a0\u00a0\u00a0\u00a0\u00a0\u00a0\u00a0\u00a0\u00a0\u00a0\u00a0 30.000,00<\/p>\n<p style=\"text-align: justify;\">Como a duplicata incobr\u00e1vel deve ser baixada contra a conta PECLD e tal conta tinha saldo de $1.700,00, o valor que a empresa deve reconhecer no resultado \u00e9 de $ 28.300,00.<\/p>\n<p style=\"text-align: justify;\">Considerando que a quest\u00e3o n\u00e3o apresenta alternativa correta, solicitamos a\u00a0<b><span style=\"color: #0000ff;\">ANULA\u00c7\u00c3O<\/span>\u00a0<\/b>da quest\u00e3o.<\/p>\n<h3><span style=\"color: #ff0000;\"><strong>Uma ind\u00fastria produz um \u00fanico produto e adota a an\u00e1lise de regress\u00e3o linear&#8230;<\/strong><\/span><\/h3>\n<p style=\"text-align: justify;\">O gabarito preliminar da d. Banca foi a letra C \u2013 R$ 600.000,00.<\/p>\n<p style=\"text-align: justify;\">Foi calculado com base no CPC 16 \u2013 Estoques:<\/p>\n<ol style=\"text-align: justify;\" start=\"13\">\n<li>A aloca\u00e7\u00e3o de custos fixos indiretos de fabrica\u00e7\u00e3o \u00e0s unidades produzidas deve ser baseada na capacidade normal de produ\u00e7\u00e3o. A capacidade normal \u00e9 a produ\u00e7\u00e3o m\u00e9dia que se espera atingir ao longo de v\u00e1rios per\u00edodos em circunst\u00e2ncias normais; com isso, leva-se em considera\u00e7\u00e3o, para a determina\u00e7\u00e3o dessa capacidade normal, a parcela da capacidade total n\u00e3o utilizada por causa de manuten\u00e7\u00e3o preventiva, de f\u00e9rias coletivas e de outros eventos semelhantes considerados normais para a entidade. O n\u00edvel real de produ\u00e7\u00e3o pode ser usado se aproximar-se da capacidade normal. Como consequ\u00eancia, o valor do custo fixo alocado a cada unidade produzida n\u00e3o pode ser aumentado por causa de um baixo volume de produ\u00e7\u00e3o ou ociosidade. Os custos fixos n\u00e3o alocados aos produtos devem ser reconhecidos diretamente como despesa no per\u00edodo em que s\u00e3o incorridos. Em per\u00edodos de anormal alto volume de produ\u00e7\u00e3o, o montante de custo fixo alocado a cada unidade produzida deve ser diminu\u00eddo, de maneira que os estoques n\u00e3o s\u00e3o mensurados acima do custo. Os custos indiretos de produ\u00e7\u00e3o vari\u00e1veis devem ser alocados a cada unidade produzida com base no uso real dos insumos vari\u00e1veis de produ\u00e7\u00e3o, ou seja, na capacidade real utilizada. (Alterado pela Revis\u00e3o CPC 03).<\/li>\n<\/ol>\n<p style=\"text-align: justify;\">O c\u00e1lculo da d. banca foi o seguinte: os custos fixos indiretos s\u00e3o de $1.000.000,00. A empresa produziu 40% da sua capacidade normal de produ\u00e7\u00e3o.<\/p>\n<p style=\"text-align: justify;\">Portanto, 40% dos custos fixos indiretos ($1.000.000 c 40% = $400.000) foram atribu\u00eddos ao produto; e o restante ($600.000) foi reconhecido diretamente como despesa.<\/p>\n<p style=\"text-align: justify;\">Ocorre que o enunciado n\u00e3o deixa claro que se trata de uma redu\u00e7\u00e3o tempor\u00e1ria.<\/p>\n<p style=\"text-align: justify;\">O CPC 16 \u2013 Estoque, no item 13 citado acima estabelece que \u201ca capacidade normal \u00e9 a p<strong>rodu\u00e7\u00e3o m\u00e9dia que se espera atingir ao longo de v\u00e1rios per\u00edodos <\/strong>em circunst\u00e2ncias normais\u201d.<\/p>\n<p style=\"text-align: justify;\">O enunciado da quest\u00e3o menciona que \u201c\u00e9 sabido que o setor da ind\u00fastria passa por um momento de retra\u00e7\u00e3o e a mesma vem produzindo, h\u00e1 v\u00e1rios meses, menos de 50% da capacidade normal&#8230;\u201d.<\/p>\n<p style=\"text-align: justify;\">Ora, se a capacidade normal \u00e9 a produ\u00e7\u00e3o m\u00e9dia que se espera atingir ao longo de v\u00e1rios per\u00edodos e a empresa vem produzindo h\u00e1 v\u00e1rios meses menos de 50% da capacidade normal, ent\u00e3o podemos concluir que a nova capacidade normal (o que a empresa est\u00e1 produzindo h\u00e1 v\u00e1rios per\u00edodos) \u00e9 menor que 50% da capacidade anterior.<\/p>\n<p style=\"text-align: justify;\">Em outras palavras: a aloca\u00e7\u00e3o de parte do custo fixo como despesa deve ser usada quando houver um volume anormalmente baixo de produ\u00e7\u00e3o. Se o baixo volume de produ\u00e7\u00e3o for a regra (ocorre por v\u00e1rios meses), ent\u00e3o este baixo volume passa a ser a capacidade esperada, n\u00e3o precisando ajustar o custo fixo indireto para despesa.<\/p>\n<p style=\"text-align: justify;\">Se consideramos que h\u00e1 um per\u00edodo de volume excepcionalmente baixo e que a produ\u00e7\u00e3o ir\u00e1 aumentar, o gabarito \u00e9 a letra C ($600.000).<\/p>\n<p style=\"text-align: justify;\">Se consideramos que o volume normal \u00e9 50% do que era anteriormente, o gabarito da quest\u00e3o \u00e9 a letra A ($ 0,00).<\/p>\n<p style=\"text-align: justify;\">Como o enunciado da quest\u00e3o n\u00e3o foi claro e as duas interpreta\u00e7\u00f5es s\u00e3o razo\u00e1veis, o acerto da quest\u00e3o passa a depender da sorte do candidato para escolher uma ou outra interpreta\u00e7\u00e3o.<\/p>\n<p style=\"text-align: justify;\">Assim, solicitamos a <span style=\"color: #0000ff;\"><b>ANULA\u00c7\u00c3O<\/b><\/span>\u00a0da quest\u00e3o, por apresentar duas poss\u00edveis e razo\u00e1veis respostas.<\/p>\n<h3 style=\"text-align: justify;\"><span style=\"color: #ff0000;\"><strong>Outros recursos&#8230;<\/strong><\/span><\/h3>\n<p style=\"text-align: justify;\">Al\u00e9m desses dois, temos o seguinte:<\/p>\n<p style=\"text-align: justify;\">&#8211; <span style=\"color: #ff0000;\"><strong>Quest\u00e3o de \u00e9tica<\/strong>:<\/span> n\u00e3o \u00e9 pass\u00edvel de recurso. A norma fala em RETER ABUSIVAMENTE. A assertiva fala em RETER em qualquer circunst\u00e2ncia. Portanto, muito dif\u00edcil atacar.<\/p>\n<div class=\"_5wd4 _1nc7 _5ysy\" style=\"text-align: justify;\">\n<div class=\"._1dlq _h8t\">\n<div>\u00c9 isso! Vamos sempre atualizando aqui!<\/div>\n<\/div>\n<\/div>\n<p style=\"text-align: justify;\">\n","protected":false},"excerpt":{"rendered":"<p>\u00a0Recursos Exame CFC 2018.1! Recursos Exame CFC 2018.1 Hoje estamos passando para disponibilizar os RECURSOS EXAME CFC 2018.1. Se voc\u00ea conseguiu aprova\u00e7\u00e3o, meus parab\u00e9ns! Desejamos todo o sucesso do mundo na sua nova jornada. Caso contr\u00e1rio, continue firme. A vida \u00e9 feita de percal\u00e7os, de dificuldades. O que n\u00e3o podemos \u00e9 desistir. N\u00f3s j\u00e1 lan\u00e7amos [&hellip;]<\/p>\n","protected":false},"author":231,"featured_media":0,"comment_status":"open","ping_status":"closed","sticky":false,"template":"","format":"standard","meta":{"post_tipo":"article","footnotes":""},"categories":[220015],"tags":[],"tax_estado":[],"class_list":["post-127312","post","type-post","status-publish","format-standard","hentry","category-cfc"],"acf":[],"yoast_head":"<!-- This site is optimized with the Yoast SEO Premium plugin v27.2 (Yoast SEO v27.2) - https:\/\/yoast.com\/product\/yoast-seo-premium-wordpress\/ -->\n<title>Recursos Exame CFC 2018.1: ATUALIZADO! Confira!<\/title>\n<meta name=\"description\" content=\"Recursos Exame CFC 2018.1! Saiba como impugnar as quest\u00f5es duvidosas do Exame CFC 2018.1! O candidato dever\u00e1 entrar com recurso nos dias 19 e 20.\" \/>\n<meta name=\"robots\" content=\"index, follow, max-snippet:-1, max-image-preview:large, max-video-preview:-1\" \/>\n<link rel=\"canonical\" href=\"https:\/\/www.estrategiaconcursos.com.br\/blog\/recursos-exame-cfc-2018-1\/\" \/>\n<meta property=\"og:locale\" content=\"pt_BR\" \/>\n<meta property=\"og:type\" content=\"article\" \/>\n<meta property=\"og:title\" content=\"Recursos Exame CFC 2018.1: ATUALIZADO!\" \/>\n<meta property=\"og:description\" content=\"Recursos Exame CFC 2018.1! Saiba como impugnar as quest\u00f5es duvidosas do Exame CFC 2018.1! O candidato dever\u00e1 entrar com recurso nos dias 19 e 20.\" \/>\n<meta property=\"og:url\" content=\"https:\/\/www.estrategiaconcursos.com.br\/blog\/recursos-exame-cfc-2018-1\/\" \/>\n<meta property=\"og:site_name\" content=\"Estrat\u00e9gia Concursos\" \/>\n<meta property=\"article:published_time\" content=\"2018-06-20T12:10:45+00:00\" \/>\n<meta property=\"article:modified_time\" content=\"2020-12-09T14:14:13+00:00\" \/>\n<meta name=\"author\" content=\"Gilmar Possati\" \/>\n<meta name=\"twitter:card\" content=\"summary_large_image\" \/>\n<meta name=\"twitter:creator\" content=\"@EstratConcursos\" \/>\n<meta name=\"twitter:site\" content=\"@EstratConcursos\" \/>\n<meta name=\"twitter:label1\" content=\"Escrito por\" \/>\n\t<meta name=\"twitter:data1\" content=\"Gilmar Possati\" \/>\n\t<meta name=\"twitter:label2\" content=\"Est. tempo de leitura\" \/>\n\t<meta name=\"twitter:data2\" content=\"13 minutos\" \/>\n<script type=\"application\/ld+json\" class=\"yoast-schema-graph\">{\"@context\":\"https:\/\/schema.org\",\"@graph\":[{\"@type\":\"NewsArticle\",\"@id\":\"https:\/\/www.estrategiaconcursos.com.br\/blog\/recursos-exame-cfc-2018-1\/#article\",\"isPartOf\":{\"@id\":\"https:\/\/www.estrategiaconcursos.com.br\/blog\/recursos-exame-cfc-2018-1\/\"},\"author\":{\"name\":\"Gilmar Possati\",\"@id\":\"https:\/\/www.estrategiaconcursos.com.br\/blog\/#\/schema\/person\/188fe3b44719eaa5bc41c32c039cac6b\"},\"headline\":\"Recursos Exame CFC 2018.1: ATUALIZADO!\",\"datePublished\":\"2018-06-20T12:10:45+00:00\",\"dateModified\":\"2020-12-09T14:14:13+00:00\",\"mainEntityOfPage\":{\"@id\":\"https:\/\/www.estrategiaconcursos.com.br\/blog\/recursos-exame-cfc-2018-1\/\"},\"wordCount\":2574,\"commentCount\":119,\"publisher\":{\"@id\":\"https:\/\/www.estrategiaconcursos.com.br\/blog\/#organization\"},\"articleSection\":[\"CFC\"],\"inLanguage\":\"pt-BR\",\"potentialAction\":[{\"@type\":\"CommentAction\",\"name\":\"Comment\",\"target\":[\"https:\/\/www.estrategiaconcursos.com.br\/blog\/recursos-exame-cfc-2018-1\/#respond\"]}],\"copyrightYear\":\"2018\",\"copyrightHolder\":{\"@id\":\"https:\/\/www.estrategiaconcursos.com.br\/blog\/#organization\"}},{\"@type\":\"WebPage\",\"@id\":\"https:\/\/www.estrategiaconcursos.com.br\/blog\/recursos-exame-cfc-2018-1\/\",\"url\":\"https:\/\/www.estrategiaconcursos.com.br\/blog\/recursos-exame-cfc-2018-1\/\",\"name\":\"Recursos Exame CFC 2018.1: ATUALIZADO! Confira!\",\"isPartOf\":{\"@id\":\"https:\/\/www.estrategiaconcursos.com.br\/blog\/#website\"},\"datePublished\":\"2018-06-20T12:10:45+00:00\",\"dateModified\":\"2020-12-09T14:14:13+00:00\",\"description\":\"Recursos Exame CFC 2018.1! Saiba como impugnar as quest\u00f5es duvidosas do Exame CFC 2018.1! O candidato dever\u00e1 entrar com recurso nos dias 19 e 20.\",\"breadcrumb\":{\"@id\":\"https:\/\/www.estrategiaconcursos.com.br\/blog\/recursos-exame-cfc-2018-1\/#breadcrumb\"},\"inLanguage\":\"pt-BR\",\"potentialAction\":[{\"@type\":\"ReadAction\",\"target\":[\"https:\/\/www.estrategiaconcursos.com.br\/blog\/recursos-exame-cfc-2018-1\/\"]}]},{\"@type\":\"BreadcrumbList\",\"@id\":\"https:\/\/www.estrategiaconcursos.com.br\/blog\/recursos-exame-cfc-2018-1\/#breadcrumb\",\"itemListElement\":[{\"@type\":\"ListItem\",\"position\":1,\"name\":\"In\u00edcio\",\"item\":\"https:\/\/www.estrategiaconcursos.com.br\/blog\/\"},{\"@type\":\"ListItem\",\"position\":2,\"name\":\"Recursos Exame CFC 2018.1: ATUALIZADO!\"}]},{\"@type\":\"WebSite\",\"@id\":\"https:\/\/www.estrategiaconcursos.com.br\/blog\/#website\",\"url\":\"https:\/\/www.estrategiaconcursos.com.br\/blog\/\",\"name\":\"Estrat\u00e9gia Concursos\",\"description\":\"O blog da Estrat\u00e9gia Concursos traz not\u00edcias sobre concursos e artigos de professores oferecendo cursos para concursos (pdf + videaulas) no site.\",\"publisher\":{\"@id\":\"https:\/\/www.estrategiaconcursos.com.br\/blog\/#organization\"},\"potentialAction\":[{\"@type\":\"SearchAction\",\"target\":{\"@type\":\"EntryPoint\",\"urlTemplate\":\"https:\/\/www.estrategiaconcursos.com.br\/blog\/?s={search_term_string}\"},\"query-input\":{\"@type\":\"PropertyValueSpecification\",\"valueRequired\":true,\"valueName\":\"search_term_string\"}}],\"inLanguage\":\"pt-BR\"},{\"@type\":\"Organization\",\"@id\":\"https:\/\/www.estrategiaconcursos.com.br\/blog\/#organization\",\"name\":\"Estrat\u00e9gia Concursos\",\"url\":\"https:\/\/www.estrategiaconcursos.com.br\/blog\/\",\"logo\":{\"@type\":\"ImageObject\",\"inLanguage\":\"pt-BR\",\"@id\":\"https:\/\/www.estrategiaconcursos.com.br\/blog\/#\/schema\/logo\/image\/\",\"url\":\"https:\/\/dhg1h5j42swfq.cloudfront.net\/2025\/06\/03203428\/logo_concursos-1.jpg\",\"contentUrl\":\"https:\/\/dhg1h5j42swfq.cloudfront.net\/2025\/06\/03203428\/logo_concursos-1.jpg\",\"width\":230,\"height\":60,\"caption\":\"Estrat\u00e9gia Concursos\"},\"image\":{\"@id\":\"https:\/\/www.estrategiaconcursos.com.br\/blog\/#\/schema\/logo\/image\/\"},\"sameAs\":[\"https:\/\/x.com\/EstratConcursos\"]},{\"@type\":\"Person\",\"@id\":\"https:\/\/www.estrategiaconcursos.com.br\/blog\/#\/schema\/person\/188fe3b44719eaa5bc41c32c039cac6b\",\"name\":\"Gilmar Possati\",\"image\":{\"@type\":\"ImageObject\",\"inLanguage\":\"pt-BR\",\"@id\":\"https:\/\/secure.gravatar.com\/avatar\/43fd0aab7fcf179c089f6abbd56e33d7181f3b25b37192bfe1c321989c9e8866?s=96&d=mm&r=g\",\"url\":\"https:\/\/secure.gravatar.com\/avatar\/43fd0aab7fcf179c089f6abbd56e33d7181f3b25b37192bfe1c321989c9e8866?s=96&d=mm&r=g\",\"contentUrl\":\"https:\/\/secure.gravatar.com\/avatar\/43fd0aab7fcf179c089f6abbd56e33d7181f3b25b37192bfe1c321989c9e8866?s=96&d=mm&r=g\",\"caption\":\"Gilmar Possati\"},\"url\":\"https:\/\/www.estrategiaconcursos.com.br\/blog\/author\/possatigmail-com\/\"}]}<\/script>\n<!-- \/ Yoast SEO Premium plugin. -->","yoast_head_json":{"title":"Recursos Exame CFC 2018.1: ATUALIZADO! Confira!","description":"Recursos Exame CFC 2018.1! Saiba como impugnar as quest\u00f5es duvidosas do Exame CFC 2018.1! O candidato dever\u00e1 entrar com recurso nos dias 19 e 20.","robots":{"index":"index","follow":"follow","max-snippet":"max-snippet:-1","max-image-preview":"max-image-preview:large","max-video-preview":"max-video-preview:-1"},"canonical":"https:\/\/www.estrategiaconcursos.com.br\/blog\/recursos-exame-cfc-2018-1\/","og_locale":"pt_BR","og_type":"article","og_title":"Recursos Exame CFC 2018.1: ATUALIZADO!","og_description":"Recursos Exame CFC 2018.1! Saiba como impugnar as quest\u00f5es duvidosas do Exame CFC 2018.1! O candidato dever\u00e1 entrar com recurso nos dias 19 e 20.","og_url":"https:\/\/www.estrategiaconcursos.com.br\/blog\/recursos-exame-cfc-2018-1\/","og_site_name":"Estrat\u00e9gia Concursos","article_published_time":"2018-06-20T12:10:45+00:00","article_modified_time":"2020-12-09T14:14:13+00:00","author":"Gilmar Possati","twitter_card":"summary_large_image","twitter_creator":"@EstratConcursos","twitter_site":"@EstratConcursos","twitter_misc":{"Escrito por":"Gilmar Possati","Est. tempo de leitura":"13 minutos"},"schema":{"@context":"https:\/\/schema.org","@graph":[{"@type":"NewsArticle","@id":"https:\/\/www.estrategiaconcursos.com.br\/blog\/recursos-exame-cfc-2018-1\/#article","isPartOf":{"@id":"https:\/\/www.estrategiaconcursos.com.br\/blog\/recursos-exame-cfc-2018-1\/"},"author":{"name":"Gilmar Possati","@id":"https:\/\/www.estrategiaconcursos.com.br\/blog\/#\/schema\/person\/188fe3b44719eaa5bc41c32c039cac6b"},"headline":"Recursos Exame CFC 2018.1: ATUALIZADO!","datePublished":"2018-06-20T12:10:45+00:00","dateModified":"2020-12-09T14:14:13+00:00","mainEntityOfPage":{"@id":"https:\/\/www.estrategiaconcursos.com.br\/blog\/recursos-exame-cfc-2018-1\/"},"wordCount":2574,"commentCount":119,"publisher":{"@id":"https:\/\/www.estrategiaconcursos.com.br\/blog\/#organization"},"articleSection":["CFC"],"inLanguage":"pt-BR","potentialAction":[{"@type":"CommentAction","name":"Comment","target":["https:\/\/www.estrategiaconcursos.com.br\/blog\/recursos-exame-cfc-2018-1\/#respond"]}],"copyrightYear":"2018","copyrightHolder":{"@id":"https:\/\/www.estrategiaconcursos.com.br\/blog\/#organization"}},{"@type":"WebPage","@id":"https:\/\/www.estrategiaconcursos.com.br\/blog\/recursos-exame-cfc-2018-1\/","url":"https:\/\/www.estrategiaconcursos.com.br\/blog\/recursos-exame-cfc-2018-1\/","name":"Recursos Exame CFC 2018.1: ATUALIZADO! Confira!","isPartOf":{"@id":"https:\/\/www.estrategiaconcursos.com.br\/blog\/#website"},"datePublished":"2018-06-20T12:10:45+00:00","dateModified":"2020-12-09T14:14:13+00:00","description":"Recursos Exame CFC 2018.1! Saiba como impugnar as quest\u00f5es duvidosas do Exame CFC 2018.1! O candidato dever\u00e1 entrar com recurso nos dias 19 e 20.","breadcrumb":{"@id":"https:\/\/www.estrategiaconcursos.com.br\/blog\/recursos-exame-cfc-2018-1\/#breadcrumb"},"inLanguage":"pt-BR","potentialAction":[{"@type":"ReadAction","target":["https:\/\/www.estrategiaconcursos.com.br\/blog\/recursos-exame-cfc-2018-1\/"]}]},{"@type":"BreadcrumbList","@id":"https:\/\/www.estrategiaconcursos.com.br\/blog\/recursos-exame-cfc-2018-1\/#breadcrumb","itemListElement":[{"@type":"ListItem","position":1,"name":"In\u00edcio","item":"https:\/\/www.estrategiaconcursos.com.br\/blog\/"},{"@type":"ListItem","position":2,"name":"Recursos Exame CFC 2018.1: ATUALIZADO!"}]},{"@type":"WebSite","@id":"https:\/\/www.estrategiaconcursos.com.br\/blog\/#website","url":"https:\/\/www.estrategiaconcursos.com.br\/blog\/","name":"Estrat\u00e9gia Concursos","description":"O blog da Estrat\u00e9gia Concursos traz not\u00edcias sobre concursos e artigos de professores oferecendo cursos para concursos (pdf + videaulas) no site.","publisher":{"@id":"https:\/\/www.estrategiaconcursos.com.br\/blog\/#organization"},"potentialAction":[{"@type":"SearchAction","target":{"@type":"EntryPoint","urlTemplate":"https:\/\/www.estrategiaconcursos.com.br\/blog\/?s={search_term_string}"},"query-input":{"@type":"PropertyValueSpecification","valueRequired":true,"valueName":"search_term_string"}}],"inLanguage":"pt-BR"},{"@type":"Organization","@id":"https:\/\/www.estrategiaconcursos.com.br\/blog\/#organization","name":"Estrat\u00e9gia Concursos","url":"https:\/\/www.estrategiaconcursos.com.br\/blog\/","logo":{"@type":"ImageObject","inLanguage":"pt-BR","@id":"https:\/\/www.estrategiaconcursos.com.br\/blog\/#\/schema\/logo\/image\/","url":"https:\/\/dhg1h5j42swfq.cloudfront.net\/2025\/06\/03203428\/logo_concursos-1.jpg","contentUrl":"https:\/\/dhg1h5j42swfq.cloudfront.net\/2025\/06\/03203428\/logo_concursos-1.jpg","width":230,"height":60,"caption":"Estrat\u00e9gia Concursos"},"image":{"@id":"https:\/\/www.estrategiaconcursos.com.br\/blog\/#\/schema\/logo\/image\/"},"sameAs":["https:\/\/x.com\/EstratConcursos"]},{"@type":"Person","@id":"https:\/\/www.estrategiaconcursos.com.br\/blog\/#\/schema\/person\/188fe3b44719eaa5bc41c32c039cac6b","name":"Gilmar Possati","image":{"@type":"ImageObject","inLanguage":"pt-BR","@id":"https:\/\/secure.gravatar.com\/avatar\/43fd0aab7fcf179c089f6abbd56e33d7181f3b25b37192bfe1c321989c9e8866?s=96&d=mm&r=g","url":"https:\/\/secure.gravatar.com\/avatar\/43fd0aab7fcf179c089f6abbd56e33d7181f3b25b37192bfe1c321989c9e8866?s=96&d=mm&r=g","contentUrl":"https:\/\/secure.gravatar.com\/avatar\/43fd0aab7fcf179c089f6abbd56e33d7181f3b25b37192bfe1c321989c9e8866?s=96&d=mm&r=g","caption":"Gilmar Possati"},"url":"https:\/\/www.estrategiaconcursos.com.br\/blog\/author\/possatigmail-com\/"}]}},"_links":{"self":[{"href":"https:\/\/www.estrategiaconcursos.com.br\/blog\/wp-json\/wp\/v2\/posts\/127312","targetHints":{"allow":["GET"]}}],"collection":[{"href":"https:\/\/www.estrategiaconcursos.com.br\/blog\/wp-json\/wp\/v2\/posts"}],"about":[{"href":"https:\/\/www.estrategiaconcursos.com.br\/blog\/wp-json\/wp\/v2\/types\/post"}],"author":[{"embeddable":true,"href":"https:\/\/www.estrategiaconcursos.com.br\/blog\/wp-json\/wp\/v2\/users\/231"}],"replies":[{"embeddable":true,"href":"https:\/\/www.estrategiaconcursos.com.br\/blog\/wp-json\/wp\/v2\/comments?post=127312"}],"version-history":[{"count":5,"href":"https:\/\/www.estrategiaconcursos.com.br\/blog\/wp-json\/wp\/v2\/posts\/127312\/revisions"}],"predecessor-version":[{"id":391004,"href":"https:\/\/www.estrategiaconcursos.com.br\/blog\/wp-json\/wp\/v2\/posts\/127312\/revisions\/391004"}],"wp:attachment":[{"href":"https:\/\/www.estrategiaconcursos.com.br\/blog\/wp-json\/wp\/v2\/media?parent=127312"}],"wp:term":[{"taxonomy":"category","embeddable":true,"href":"https:\/\/www.estrategiaconcursos.com.br\/blog\/wp-json\/wp\/v2\/categories?post=127312"},{"taxonomy":"post_tag","embeddable":true,"href":"https:\/\/www.estrategiaconcursos.com.br\/blog\/wp-json\/wp\/v2\/tags?post=127312"},{"taxonomy":"tax_estado","embeddable":true,"href":"https:\/\/www.estrategiaconcursos.com.br\/blog\/wp-json\/wp\/v2\/tax_estado?post=127312"}],"curies":[{"name":"wp","href":"https:\/\/api.w.org\/{rel}","templated":true}]}}