{"id":1271907,"date":"2023-08-31T14:09:59","date_gmt":"2023-08-31T17:09:59","guid":{"rendered":"https:\/\/www.estrategiaconcursos.com.br\/blog\/?p=1271907"},"modified":"2023-08-31T14:10:02","modified_gmt":"2023-08-31T17:10:02","slug":"concurso-limeira-educacao-sp","status":"publish","type":"post","link":"https:\/\/www.estrategiaconcursos.com.br\/blog\/concurso-limeira-educacao-sp\/","title":{"rendered":"Concurso Limeira Educa\u00e7\u00e3o: edital publicado! 124 vagas"},"content":{"rendered":"\n<p>Foi publicado o edital da <a href=\"https:\/\/www.estrategiaconcursos.com.br\/cursos\/\" target=\"_blank\" rel=\"noreferrer noopener\">prefeitura de Limeira<\/a>, em S\u00e3o Paulo! O concurso p\u00fablico oferta oportunidades para a \u00e1rea de Educa\u00e7\u00e3o! <\/p>\n\n\n\n<p>Conforme o documento, s\u00e3o <strong>124 vagas<\/strong> distribu\u00eddas entre os cargos de professor, int\u00e9rprete de libras, monitor e motorista.<\/p>\n\n\n\n<p>As oportunidades s\u00e3o de n\u00edveis fundamental, m\u00e9dio e superior de forma\u00e7\u00e3o. Os sal\u00e1rios iniciais variam de <span style=\"font-size: revert; color: initial;\"><strong>R$ 2.094,94 a R$4.574,70<\/strong><\/span>.<\/p>\n\n\n\n<p>Os interessados em participar da sele\u00e7\u00e3o devem realizar as inscri\u00e7\u00f5es no per\u00edodo de 31 de agosto a 02 de outubro de 2023, no site da banca organizadora, Fundatec. <\/p>\n\n\n\n<p>As taxas foram definidas de acordo com o cargo pretendido, sendo:<\/p>\n\n\n\n<ul class=\"wp-block-list\">\n<li><strong>Superior:<\/strong> R$ 100,90<\/li>\n\n\n\n<li><strong>M\u00e9dio:<\/strong>\u00a0R$ 53,90<\/li>\n\n\n\n<li><strong>Fundamental<\/strong>: R$ 25,90<\/li>\n<\/ul>\n\n\n\n<ul class=\"has-very-light-gray-to-cyan-bluish-gray-gradient-background has-background wp-block-list\">\n<li><strong>Status<\/strong>: inscri\u00e7\u00f5es abertas <\/li>\n\n\n\n<li><strong style=\"background-color: initial; color: initial;\">Banca:<\/strong> Fundatec<\/li>\n\n\n\n<li><strong>Vagas:<\/strong> 124<\/li>\n\n\n\n<li><strong>Cargo<\/strong>: diversos<\/li>\n\n\n\n<li><strong>Sal\u00e1rio inicial:<\/strong> de R$ 2.094,94 a R$ 4.574,70<\/li>\n\n\n\n<li><strong>Editais<\/strong>: \u00a0<a href=\"https:\/\/dhg1h5j42swfq.cloudfront.net\/2023\/08\/31122040\/edital_abertura_78764f09c057c11b.pdf\" target=\"_blank\" rel=\"noreferrer noopener nofollow\">Pref. Limeira SP 2023<\/a><\/li>\n<\/ul>\n\n\n\n<div class=\"container\" id=\"boxes\">\n  <div class=\"row\">\n\n    <div class=\"col-sm\">\n      <div class=\"banner-estrategia\" id=\"box-assinatura\">\n        <h3 class=\"titulo-assinatura\">Cursos para concursos<\/h3>\n        <p class=\"subtitulo-assinatura\">Estude conosco<\/p>\n        <div class=\"box-botao\">\n          <a class=\"btn-assinatura\" target=\"_blank\" href=\"https:\/\/www.estrategiaconcursos.com.br\/cursos\/\" role=\"button\" rel=\"noopener noreferrer\">Conhe\u00e7a os cursos<\/a>\n        <\/div>\n      <\/div>\n     \n    <\/div>\n\n  <\/div>\n<\/div>\n\n\n\n<ul class=\"wp-block-list\">\n<li><a href=\"#principais-datas\">Principais datas<\/a><\/li>\n\n\n\n<li><a href=\"#cargos-vagas-e-remuneracoes\">Cargos, vagas e remunera\u00e7\u00f5es<\/a><\/li>\n\n\n\n<li><a href=\"#requisitos\">Requisitos<\/a><\/li>\n\n\n\n<li><a href=\"#etapas-e-provas\">Etapas e provas<\/a><\/li>\n\n\n\n<li><a href=\"#artigos\">Artigos<\/a><\/li>\n\n\n\n<li><a href=\"#cursos\">Cursos<\/a><\/li>\n\n\n\n<li><a href=\"#ficha-tecnica\">Ficha T\u00e9cnica <\/a><\/li>\n<\/ul>\n\n\n\n<h2 class=\"wp-block-heading\" id=\"datas\">Concurso Limeira Educa\u00e7\u00e3o: principais datas <\/h2>\n\n\n\n<p class=\"has-very-light-gray-background-color has-background\"><strong>Inscri\u00e7\u00f5es<\/strong>: 31 de agosto a 2 de outubro<br \/><strong>Isen\u00e7\u00e3o da taxa<\/strong>: 5 a 8 de setembro<br \/><strong>\u00daltimo dia para pagamento<\/strong>: 3 de outubro<br \/><strong>Prova<\/strong>: 26 de novembro<\/p>\n\n\n\n<h2 class=\"wp-block-heading\" id=\"cargos-vagas\">Concurso Limeira Educa\u00e7\u00e3o: cargos, vagas e remunera\u00e7\u00f5es<\/h2>\n\n\n\n<figure class=\"wp-block-table is-style-stripes\"><table class=\"has-background has-fixed-layout\" style=\"background-color:#e7f5fe\"><thead><tr><th class=\"has-text-align-center\" data-align=\"center\">CARGOS<\/th><th class=\"has-text-align-center\" data-align=\"center\">VAGAS<\/th><th class=\"has-text-align-center\" data-align=\"center\">SAL\u00c1RIO<\/th><\/tr><\/thead><tbody><tr><td class=\"has-text-align-center\" data-align=\"center\">Professor de Educa\u00e7\u00e3o F\u00edsica (n\u00edvel superior)<\/td><td class=\"has-text-align-center\" data-align=\"center\">01<\/td><td class=\"has-text-align-center\" data-align=\"center\">R$ 3.712,40 (20 horas)<\/td><\/tr><tr><td class=\"has-text-align-center\" data-align=\"center\">Professor Especialista Educa\u00e7\u00e3o Infantil e Ensino Fundamental \u2013 \u00c1rea de Artes (n\u00edvel superior)<\/td><td class=\"has-text-align-center\" data-align=\"center\">05<\/td><td class=\"has-text-align-center\" data-align=\"center\">R$ 3.176,88 (25<br \/>horas\/aula); R$ 3.812,25 (30<br \/>horas\/aula); R$ 4.574,70 (36<br \/>horas\/aula)<\/td><\/tr><tr><td class=\"has-text-align-center\" data-align=\"center\">Professor Especialista Educa\u00e7\u00e3o Infantil e Ensino Fundamental &#8211; Educa\u00e7\u00e3o F\u00edsica (n\u00edvel superior)<\/td><td class=\"has-text-align-center\" data-align=\"center\">05<\/td><td class=\"has-text-align-center\" data-align=\"center\">R$ 3.176,88 (25<br \/>horas\/aula); R$ 3.812,25 (30<br \/>horas\/aula); R$ 4.574,70 (36<br \/>horas\/aula)<\/td><\/tr><tr><td class=\"has-text-align-center\" data-align=\"center\">Int\u00e9rprete Educacional de Libras \u2013 L\u00edngua Portuguesa (n\u00edvel m\u00e9dio)<\/td><td class=\"has-text-align-center\" data-align=\"center\">01<\/td><td class=\"has-text-align-center\" data-align=\"center\">R$ 2.800,90 (30 horas)<\/td><\/tr><tr><td class=\"has-text-align-center\" data-align=\"center\">Professor de Ensino Fundamental (n\u00edvel m\u00e9dio)<\/td><td class=\"has-text-align-center\" data-align=\"center\">30<\/td><td class=\"has-text-align-center\" data-align=\"center\">R$ 2.762,50 (25 horas); R$ 3.978,00 (36 horas)<\/td><\/tr><tr><td class=\"has-text-align-center\" data-align=\"center\">Professor de Teatro (n\u00edvel m\u00e9dio)<\/td><td class=\"has-text-align-center\" data-align=\"center\">01<\/td><td class=\"has-text-align-center\" data-align=\"center\">R$ 2.094,94 (40 horas)<\/td><\/tr><tr><td class=\"has-text-align-center\" data-align=\"center\">Monitor (n\u00edvel m\u00e9dio)<\/td><td class=\"has-text-align-center\" data-align=\"center\">80<\/td><td class=\"has-text-align-center\" data-align=\"center\">R$ 2.513,93 (40 horas)<\/td><\/tr><tr><td class=\"has-text-align-center\" data-align=\"center\">Motorista Escolar de<br \/>Ve\u00edculos Leves e<br \/>Pesados (n\u00edvel fundamental)<\/td><td class=\"has-text-align-center\" data-align=\"center\">01<\/td><td class=\"has-text-align-center\" data-align=\"center\">R$ 2.800,90 (40 horas)<\/td><\/tr><\/tbody><\/table><\/figure>\n\n\n\n<p>Os aprovados ter\u00e3o direito ainda a:<\/p>\n\n\n\n<ul class=\"wp-block-list\">\n<li>Vale alimenta\u00e7\u00e3o para quem recebe at\u00e9 R$ 5.712,00 no valor de R$ 600,00 ou R$ 520,00, conforme apura\u00e7\u00e3o da Assiduidade; <\/li>\n\n\n\n<li>Plano de Sa\u00fade; <\/li>\n\n\n\n<li>Cart\u00e3o Farm\u00e1cia;<\/li>\n\n\n\n<li>Conv\u00eanio Odontol\u00f3gico; <\/li>\n\n\n\n<li>Servi\u00e7o de Socorro M\u00e9dico;<\/li>\n\n\n\n<li> Vale Transporte.<\/li>\n<\/ul>\n\n\n\n<h2 class=\"wp-block-heading\" id=\"h-concurso-limeira-educacao-requisitos\">Concurso Limeira Educa\u00e7\u00e3o: requisitos <\/h2>\n\n\n\n<p>Para concorrer a uma das vagas \u00e9 necess\u00e1rio:<\/p>\n\n\n\n<ul class=\"wp-block-list\">\n<li><strong>Professor de Educa\u00e7\u00e3o F\u00edsica<\/strong>: Ensino Superior Completo em Bacharelado em Educa\u00e7\u00e3o F\u00edsica; ou Licenciatura Plena em Educa\u00e7\u00e3o F\u00edsica (institu\u00edda pela Resolu\u00e7\u00e3o CNE 03\/1987) ou cursos an\u00e1logos ao Bacharelado em Educa\u00e7\u00e3o F\u00edsica (Ci\u00eancias do Esporte, Ci\u00eancia do Esporte, Educa\u00e7\u00e3o F\u00edsica e Esporte). Registro junto ao Conselho Regional de Educa\u00e7\u00e3o F\u00edsica e conhecimento em Inform\u00e1tica.<\/li>\n\n\n\n<li><strong>Professor Especialista \u2013 Educa\u00e7\u00e3o Infantil e Ensino Fundamental (Artes)<\/strong>:  Ensino Superior Completo correspondente \u00e0 Licenciatura Plena Espec\u00edfica em sua \u00c1rea de Atua\u00e7\u00e3o ou Pedagogia com especializa\u00e7\u00e3o na \u00e1rea.<\/li>\n\n\n\n<li><strong>Professor Especialista \u2013 Educa\u00e7\u00e3o Infantil e Ensino Fundamental (Educa\u00e7\u00e3o F\u00edsica)<\/strong>: Ensino Superior Completo correspondente \u00e0 Licenciatura Plena Espec\u00edfica em sua \u00c1rea de Atua\u00e7\u00e3o ou Pedagogia com especializa\u00e7\u00e3o na \u00e1rea. Registro junto ao Conselho Regional de Educa\u00e7\u00e3o F\u00edsica.<\/li>\n\n\n\n<li><strong>Int\u00e9rprete Educacional de Libras \u2013 L\u00edngua Portuguesa<\/strong>: Ensino Superior Completo em de Tradu\u00e7\u00e3o e Interpreta\u00e7\u00e3o, com habilita\u00e7\u00e3o em Libras-L\u00edngua Portuguesa; ou Ensino Superior Completo em n\u00edvel de P\u00f3s-Gradua\u00e7\u00e3o em Defici\u00eancia Auditiva\/Audiocomunica\u00e7\u00e3o, com carga hor\u00e1ria de LIBRAS; ou Ensino M\u00e9dio Completo com forma\u00e7\u00e3o em n\u00edvel m\u00e9dio para tradutor e int\u00e9rprete de Libras-L\u00edngua Portuguesa, realizada por meio de Curso de Educa\u00e7\u00e3o Profissional, Curso de Extens\u00e3o Universit\u00e1ria ou Curso de forma\u00e7\u00e3o continuada, de no m\u00ednimo 120 horas, promovido por institui\u00e7\u00e3o de ensino superior e institui\u00e7\u00f5es credenciadas por Secretarias de Educa\u00e7\u00e3o; ou Ensino M\u00e9dio Completo, com Certificado de profici\u00eancia em Libras, expedido pelo MEC; ou Ensino M\u00e9dio Completo com Curso de Tradu\u00e7\u00e3o e Interpreta\u00e7\u00e3o de Libras-L\u00edngua Portuguesa, de no m\u00ednimo 120 horas, realizado por organiza\u00e7\u00e3o da sociedade civil representativa da comunidade surda, desde que o certificado seja convalidado por Institui\u00e7\u00e3o de Ensino Superior ou Institui\u00e7\u00e3o credenciada por Secretarias de Educa\u00e7\u00e3o; e Conhecimento em Inform\u00e1tica.<\/li>\n\n\n\n<li><strong>Monitor<\/strong>: Ensino M\u00e9dio Completo.<\/li>\n\n\n\n<li><strong>Professor de Ensino Fundamental:<\/strong> Habilita\u00e7\u00e3o Espec\u00edfica oferecida em N\u00edvel M\u00e9dio, na modalidade normal, com habilita\u00e7\u00e3o para o magist\u00e9rio nos Anos Iniciais do Ensino Fundamental; ou Curso de Licenciatura Plena em Pedagogia, com habilita\u00e7\u00e3o para o magist\u00e9rio nos Anos Iniciais do Ensino Fundamental; ou Curso Normal Superior com habilita\u00e7\u00e3o para o magist\u00e9rio nos Anos Iniciais do Ensino Fundamental.<\/li>\n\n\n\n<li><strong>Professor de Teatro<\/strong>: Ensino M\u00e9dio Completo com certificado de conclus\u00e3o de curso na \u00e1rea de no m\u00ednimo 2 (dois) anos.<\/li>\n\n\n\n<li><strong>Motorista Escolar de Ve\u00edculos Leves e Pesados<\/strong>: Ensino Fundamental Completo com Curso de Transporte Coletivo e de Transporte Escolar; CNH categoria m\u00ednima \u201cD\u201d e conhecimento em Inform\u00e1tica.<\/li>\n<\/ul>\n\n\n\n<h2 class=\"wp-block-heading\" id=\"etapas\">Concurso Limeira Educa\u00e7\u00e3o: etapas e provas <\/h2>\n\n\n\n<p>A sele\u00e7\u00e3o dos candidatos inscritos no edital Limeira Educa\u00e7\u00e3o se dar\u00e1 mediante aplica\u00e7\u00e3o das seguintes etapas:<\/p>\n\n\n\n<ul class=\"wp-block-list\">\n<li><strong>Prova Te\u00f3rico-Objetiva<\/strong> para todos os cargos;<\/li>\n\n\n\n<li><strong>Prova de Reda\u00e7\u00e3o<\/strong> para os cargos de Professor de Ensino Fundamental, Professor Especialista \u2013 Educa\u00e7\u00e3o Infantil e Ensino Fundamental (Artes) e Professor Especialista \u2013 Educa\u00e7\u00e3o Infantil e Ensino Fundamental (Educa\u00e7\u00e3o F\u00edsica);<\/li>\n\n\n\n<li><strong>Prova Pr\u00e1tica <\/strong>para os candidatos classificados na Prova Te\u00f3rico-Objetiva nos cargos de Motorista Escolar de Ve\u00edculos Leves e Pesados;<\/li>\n\n\n\n<li><strong>Prova de Desempenho Did\u00e1tico<\/strong> para os candidatos classificados na Prova Te\u00f3rico-Objetiva no cargo de Professor de Educa\u00e7\u00e3o F\u00edsica.<\/li>\n\n\n\n<li><strong>Prova de T\u00edtulos<\/strong> para os candidatos aprovados na Prova de Reda\u00e7\u00e3o nos cargos de Professor de Ensino Fundamental; Professor Especialista \u2013 Educa\u00e7\u00e3o Infantil e Ensino Fundamental (Artes); e Professor Especialista \u2013 Educa\u00e7\u00e3o Infantil e Ensino Fundamental (Educa\u00e7\u00e3o F\u00edsica); para os candidatos aprovados na Prova de Desempenho Did\u00e1tico no cargo de Professor de Educa\u00e7\u00e3o F\u00edsica.<\/li>\n<\/ul>\n\n\n\n<h3 class=\"wp-block-heading\" id=\"objetiva\">Provas Objetivas<\/h3>\n\n\n\n<p>A Prova Te\u00f3rico-Objetiva de cada cargo ser\u00e1 eliminat\u00f3ria e classificat\u00f3ria. O candidato ter\u00e1 04 (quatro) horas para a resolu\u00e7\u00e3o da prova e o preenchimento da Grade de Respostas.<\/p>\n\n\n\n<p>A Prova Te\u00f3rico-Objetiva para todos os cargos ser\u00e1, em princ\u00edpio, realizada no Munic\u00edpio de Limeira\/SP. <\/p>\n\n\n\n<h3 class=\"wp-block-heading\" id=\"discursiva\">Prova Discursiva<\/h3>\n\n\n\n<p>Haver\u00e1 Prova de Reda\u00e7\u00e3o para os candidatos dos cargos de Professor de Ensino Fundamental, Professor<br \/>Especialista \u2013 Educa\u00e7\u00e3o Infantil e Ensino Fundamental (Artes) e Professor Especialista \u2013 Educa\u00e7\u00e3o Infantil e<br \/>Ensino Fundamental (Educa\u00e7\u00e3o F\u00edsica). As provas s\u00e3o de car\u00e1ter eliminat\u00f3rio\/classificat\u00f3rio.<\/p>\n\n\n\n<p>A Prova de Reda\u00e7\u00e3o ser\u00e1 aplicada juntamente \u00e0 Prova Te\u00f3rico-Objetiva. A n\u00e3o realiza\u00e7\u00e3o desta etapa elimina automaticamente o candidato do certame.<\/p>\n\n\n\n<p>Ser\u00e1 exigido o m\u00ednimo de 15 (quinze) linhas e o m\u00e1ximo de 30 (trinta) linhas. Qualquer texto al\u00e9m desta extens\u00e3o ser\u00e1 desconsiderado.<\/p>\n\n\n\n<h3 class=\"wp-block-heading\" id=\"oral\">Prova Pr\u00e1tica<\/h3>\n\n\n\n<p>Para os cargos de Motorista Escolar de Ve\u00edculos Leves e Pesados haver\u00e1 Prova Pr\u00e1tica para os primeiros aprovados, considerando a nota total obtida na Prova Te\u00f3rico-Objetiva, de acordo com o ponto de corte.<\/p>\n\n\n\n<h3 class=\"wp-block-heading\" id=\"h-prova-de-desempenho\">Prova de Desempenho <\/h3>\n\n\n\n<p>Ser\u00e3o convocados os primeiros candidatos classificados do cargo de Professor de Educa\u00e7\u00e3o F\u00edsica, considerando a ordem de classifica\u00e7\u00e3o na Prova Te\u00f3rico-objetiva.<\/p>\n\n\n\n<p>A Prova de Desempenho Did\u00e1tico destina-se a avaliar o candidato quanto ao dom\u00ednio do assunto e \u00e0 adequa\u00e7\u00e3o da sua abordagem metodol\u00f3gica, consistindo de aula a ser ministrada perante uma banca examinadora, formada por professor habilitado.<\/p>\n\n\n\n<p>A Prova de Desempenho Did\u00e1tico consistir\u00e1 na simula\u00e7\u00e3o de uma aula, atrav\u00e9s da exposi\u00e7\u00e3o oral, com tempo previsto de no m\u00ednimo 25 (vinte e cinco) e no m\u00e1ximo 30 (trinta) minutos, considerando o \u201cDesenvolvimento de atividades com foco em base motora, desenvolvimento motor da crian\u00e7a e adolescente, conhecimento esportivo espec\u00edfico e atividades aqu\u00e1ticas para grupos iniciantes e avan\u00e7ados.\u201d<\/p>\n\n\n\n<h3 class=\"wp-block-heading\" id=\"titulos\">Avalia\u00e7\u00e3o de T\u00edtulos<\/h3>\n\n\n\n<p>Esta etapa ser\u00e1 aplicada somente \u00e0queles candidatos considerados aprovados na Prova de Reda\u00e7\u00e3o para os cargos de Professor de Ensino Fundamental, Professor Especialista \u2013 Educa\u00e7\u00e3o Infantil e Ensino Fundamental (Artes) e Professor Especialista \u2013 Educa\u00e7\u00e3o Infantil e Ensino Fundamental (Educa\u00e7\u00e3o F\u00edsica), e para os candidatos aprovados na Prova de Desempenho Did\u00e1tico para o cargo de Professor de Educa\u00e7\u00e3o F\u00edsica.<\/p>\n\n\n\n<p>A Prova de T\u00edtulos \u00e9 de car\u00e1ter classificat\u00f3rio.<\/p>\n\n\n\n<hr class=\"wp-block-separator has-alpha-channel-opacity\"\/>\n\n\n\n<h2 class=\"wp-block-heading has-text-align-center\" id=\"h-quer-saber-tudo-sobre-concursos-previstos-confira-nossos-artigos\">Quer saber tudo sobre concursos previstos?<br \/>Confira  nossos artigos!<\/h2>\n\n\n\n<ul class=\"wp-block-list\">\n<li><a href=\"https:\/\/www.estrategiaconcursos.com.br\/blog\/concursos-abertos\/\" target=\"_blank\" rel=\"noreferrer noopener\">Concursos abertos<\/a><\/li>\n\n\n\n<li><a href=\"https:\/\/www.estrategiaconcursos.com.br\/blog\/concursos-2023\/\" target=\"_blank\" rel=\"noreferrer noopener\">Concursos 2023<\/a><\/li>\n<\/ul>\n\n\n\n<h2 class=\"wp-block-heading has-text-align-center\" id=\"h-quer-estudar-para-o-concurso-limeira-educacao\">Quer estudar para o Concurso Limeira Educa\u00e7\u00e3o?<\/h2>\n\n\n\n<div class=\"container\" id=\"boxes\">\r\n  <div class=\"row\">\r\n\r\n    <div class=\"col-sm\">\r\n      <div class=\"banner-estrategia\" id=\"box-assinatura\">\r\n        <h3 class=\"titulo-assinatura\">Cursos para concursos<\/h3>\r\n        <p class=\"subtitulo-assinatura\">Estude conosco<\/p>\r\n        <div class=\"box-botao\">\r\n          <a class=\"btn-assinatura\" target=\"_blank\" href=\"https:\/\/www.estrategiaconcursos.com.br\/cursos\/\" role=\"button\" rel=\"noopener noreferrer\">Conhe\u00e7a os cursos<\/a>\r\n        <\/div>\r\n      <\/div>\r\n     \r\n    <\/div>\r\n\r\n  <\/div>\r\n<\/div>\n\n\n\n<div class=\"container\" id=\"boxes\">\n  <div class=\"row\">\n\n    <div class=\"col-sm\">\n      <div class=\"estrategia\" id=\"box-assinatura\">\n        <h3 class=\"titulo-assinatura\">Assinatura de Concursos<\/h3>\n        <p class=\"subtitulo-assinatura\">Assinatura de 1 ano ou 2 anos<\/p>\n        <div class=\"box-botao\">\n          <a class=\"btn-assinatura\" target=\"_blank\" href=\"https:\/\/www.estrategiaconcursos.com.br\/assinaturas\/\" role=\"button\" rel=\"noopener noreferrer\">ASSINE AGORA<\/a>\n        <\/div>\n      <\/div>\n     \n    <\/div><\/div><\/div>\n\n\n\n<figure class=\"wp-block-image size-large is-resized\"><img loading=\"lazy\" decoding=\"async\" src=\"https:\/\/dhg1h5j42swfq.cloudfront.net\/2025\/06\/27101122\/ficha-tecnica-1-1024x632.png\" alt=\"Informa\u00e7\u00f5es do edital \" class=\"wp-image-702728\" style=\"width:269px;height:166px\" width=\"269\" height=\"166\" srcset=\"https:\/\/dhg1h5j42swfq.cloudfront.net\/2025\/06\/27101122\/ficha-tecnica-1-1024x632.png 1024w, https:\/\/dhg1h5j42swfq.cloudfront.net\/2025\/06\/27101122\/ficha-tecnica-1-300x185.png 300w, https:\/\/dhg1h5j42swfq.cloudfront.net\/2025\/06\/27101122\/ficha-tecnica-1-768x474.png 768w, https:\/\/dhg1h5j42swfq.cloudfront.net\/2025\/06\/27101122\/ficha-tecnica-1-1536x948.png 1536w, https:\/\/dhg1h5j42swfq.cloudfront.net\/2025\/06\/27101122\/ficha-tecnica-1-610x377.png 610w, https:\/\/dhg1h5j42swfq.cloudfront.net\/2025\/06\/27101122\/ficha-tecnica-1.png 1571w\" sizes=\"auto, (max-width: 269px) 100vw, 269px\" \/><\/figure>\n\n\n\n<h3 class=\"wp-block-heading\" id=\"block-ba1614b5-988b-41ef-892d-f4c9f7e9dd42\">Informa\u00e7\u00f5es do edital Limeira Educa\u00e7\u00e3o:<\/h3>\n\n\n\n<ul class=\"wp-block-list\" id=\"block-46dd482c-33cf-409c-8762-75c111403f14\">\n<li><strong>Provas<\/strong>: 26 de novembro<\/li>\n\n\n\n<li><strong>Vagas<\/strong>: 124<\/li>\n\n\n\n<li><strong>Cargos<\/strong>: diversos <\/li>\n\n\n\n<li><strong>Banca<\/strong>: Fundatec<\/li>\n\n\n\n<li><strong>Escolaridade<\/strong>: fundamental, m\u00e9dio e superior <\/li>\n\n\n\n<li><strong>Edital<\/strong>:\u00a0<a href=\"https:\/\/dhg1h5j42swfq.cloudfront.net\/2023\/08\/31122040\/edital_abertura_78764f09c057c11b.pdf\" target=\"_blank\" rel=\"noreferrer noopener nofollow\">Pref. Limeira SP 2023<\/a><\/li>\n<\/ul>\n","protected":false},"excerpt":{"rendered":"<p>Foi publicado o edital da prefeitura de Limeira, em S\u00e3o Paulo! O concurso p\u00fablico oferta oportunidades para a \u00e1rea de Educa\u00e7\u00e3o! Conforme o documento, s\u00e3o 124 vagas distribu\u00eddas entre os cargos de professor, int\u00e9rprete de libras, monitor e motorista. As oportunidades s\u00e3o de n\u00edveis fundamental, m\u00e9dio e superior de forma\u00e7\u00e3o. Os sal\u00e1rios iniciais variam de [&hellip;]<\/p>\n","protected":false},"author":2375,"featured_media":698696,"comment_status":"open","ping_status":"closed","sticky":false,"template":"","format":"standard","meta":{"post_tipo":"news_page","footnotes":""},"categories":[3766,220219],"tags":[],"tax_estado":[219989],"class_list":["post-1271907","post","type-post","status-publish","format-standard","has-post-thumbnail","hentry","category-educacional","category-noticias","tax_estado-sp"],"acf":[],"yoast_head":"<!-- This site is optimized with the Yoast SEO Premium plugin v27.2 (Yoast SEO v27.2) - https:\/\/yoast.com\/product\/yoast-seo-premium-wordpress\/ -->\n<title>Concurso Limeira Educa\u00e7\u00e3o: edital publicado! 124 vagas<\/title>\n<meta name=\"description\" content=\"Concurso Limeira Educa\u00e7\u00e3o: edital publicado com oportunidades de n\u00edveis fundamental, m\u00e9dio e superior. Veja os detalhes!\" \/>\n<meta name=\"robots\" content=\"index, follow, max-snippet:-1, max-image-preview:large, max-video-preview:-1\" \/>\n<link rel=\"canonical\" href=\"https:\/\/www.estrategiaconcursos.com.br\/blog\/concurso-limeira-educacao-sp\/\" \/>\n<meta property=\"og:locale\" content=\"pt_BR\" \/>\n<meta property=\"og:type\" content=\"article\" \/>\n<meta property=\"og:title\" content=\"Concurso Limeira Educa\u00e7\u00e3o: edital publicado! 124 vagas\" \/>\n<meta property=\"og:description\" content=\"Concurso Limeira Educa\u00e7\u00e3o: edital publicado com oportunidades de n\u00edveis fundamental, m\u00e9dio e superior. Veja os detalhes!\" \/>\n<meta property=\"og:url\" content=\"https:\/\/www.estrategiaconcursos.com.br\/blog\/concurso-limeira-educacao-sp\/\" \/>\n<meta property=\"og:site_name\" content=\"Estrat\u00e9gia Concursos\" \/>\n<meta property=\"article:published_time\" content=\"2023-08-31T17:09:59+00:00\" \/>\n<meta property=\"article:modified_time\" content=\"2023-08-31T17:10:02+00:00\" \/>\n<meta property=\"og:image\" content=\"https:\/\/dhg1h5j42swfq.cloudfront.net\/2021\/02\/22172036\/concursos-educacao.jpg\" \/>\n\t<meta property=\"og:image:width\" content=\"1200\" \/>\n\t<meta property=\"og:image:height\" content=\"628\" \/>\n\t<meta property=\"og:image:type\" content=\"image\/jpeg\" \/>\n<meta name=\"author\" content=\"Priscila Almeida\" \/>\n<meta name=\"twitter:card\" content=\"summary_large_image\" \/>\n<meta name=\"twitter:creator\" content=\"@EstratConcursos\" \/>\n<meta name=\"twitter:site\" content=\"@EstratConcursos\" \/>\n<meta name=\"twitter:label1\" content=\"Escrito por\" \/>\n\t<meta name=\"twitter:data1\" content=\"Priscila Almeida\" \/>\n\t<meta name=\"twitter:label2\" content=\"Est. tempo de leitura\" \/>\n\t<meta name=\"twitter:data2\" content=\"7 minutos\" \/>\n<script type=\"application\/ld+json\" class=\"yoast-schema-graph\">{\"@context\":\"https:\/\/schema.org\",\"@graph\":[{\"@type\":\"NewsArticle\",\"@id\":\"https:\/\/www.estrategiaconcursos.com.br\/blog\/concurso-limeira-educacao-sp\/#article\",\"isPartOf\":{\"@id\":\"https:\/\/www.estrategiaconcursos.com.br\/blog\/concurso-limeira-educacao-sp\/\"},\"author\":{\"name\":\"Priscila Almeida\",\"@id\":\"https:\/\/www.estrategiaconcursos.com.br\/blog\/#\/schema\/person\/a06e841e501f2e1d8c49c4e8f066bfd1\"},\"headline\":\"Concurso Limeira Educa\u00e7\u00e3o: edital publicado! 124 vagas\",\"datePublished\":\"2023-08-31T17:09:59+00:00\",\"dateModified\":\"2023-08-31T17:10:02+00:00\",\"mainEntityOfPage\":{\"@id\":\"https:\/\/www.estrategiaconcursos.com.br\/blog\/concurso-limeira-educacao-sp\/\"},\"wordCount\":1469,\"commentCount\":0,\"publisher\":{\"@id\":\"https:\/\/www.estrategiaconcursos.com.br\/blog\/#organization\"},\"image\":{\"@id\":\"https:\/\/www.estrategiaconcursos.com.br\/blog\/concurso-limeira-educacao-sp\/#primaryimage\"},\"thumbnailUrl\":\"https:\/\/dhg1h5j42swfq.cloudfront.net\/2021\/02\/22172036\/concursos-educacao.jpg\",\"articleSection\":[\"Educa\u00e7\u00e3o\",\"\u00daltimas not\u00edcias\"],\"inLanguage\":\"pt-BR\",\"potentialAction\":[{\"@type\":\"CommentAction\",\"name\":\"Comment\",\"target\":[\"https:\/\/www.estrategiaconcursos.com.br\/blog\/concurso-limeira-educacao-sp\/#respond\"]}],\"copyrightYear\":\"2023\",\"copyrightHolder\":{\"@id\":\"https:\/\/www.estrategiaconcursos.com.br\/blog\/#organization\"}},{\"@type\":\"WebPage\",\"@id\":\"https:\/\/www.estrategiaconcursos.com.br\/blog\/concurso-limeira-educacao-sp\/\",\"url\":\"https:\/\/www.estrategiaconcursos.com.br\/blog\/concurso-limeira-educacao-sp\/\",\"name\":\"Concurso Limeira Educa\u00e7\u00e3o: edital publicado! 124 vagas\",\"isPartOf\":{\"@id\":\"https:\/\/www.estrategiaconcursos.com.br\/blog\/#website\"},\"primaryImageOfPage\":{\"@id\":\"https:\/\/www.estrategiaconcursos.com.br\/blog\/concurso-limeira-educacao-sp\/#primaryimage\"},\"image\":{\"@id\":\"https:\/\/www.estrategiaconcursos.com.br\/blog\/concurso-limeira-educacao-sp\/#primaryimage\"},\"thumbnailUrl\":\"https:\/\/dhg1h5j42swfq.cloudfront.net\/2021\/02\/22172036\/concursos-educacao.jpg\",\"datePublished\":\"2023-08-31T17:09:59+00:00\",\"dateModified\":\"2023-08-31T17:10:02+00:00\",\"description\":\"Concurso Limeira Educa\u00e7\u00e3o: edital publicado com oportunidades de n\u00edveis fundamental, m\u00e9dio e superior. Veja os detalhes!\",\"breadcrumb\":{\"@id\":\"https:\/\/www.estrategiaconcursos.com.br\/blog\/concurso-limeira-educacao-sp\/#breadcrumb\"},\"inLanguage\":\"pt-BR\",\"potentialAction\":[{\"@type\":\"ReadAction\",\"target\":[\"https:\/\/www.estrategiaconcursos.com.br\/blog\/concurso-limeira-educacao-sp\/\"]}]},{\"@type\":\"ImageObject\",\"inLanguage\":\"pt-BR\",\"@id\":\"https:\/\/www.estrategiaconcursos.com.br\/blog\/concurso-limeira-educacao-sp\/#primaryimage\",\"url\":\"https:\/\/dhg1h5j42swfq.cloudfront.net\/2021\/02\/22172036\/concursos-educacao.jpg\",\"contentUrl\":\"https:\/\/dhg1h5j42swfq.cloudfront.net\/2021\/02\/22172036\/concursos-educacao.jpg\",\"width\":1200,\"height\":628,\"caption\":\"educa\u00e7\u00e3o\"},{\"@type\":\"BreadcrumbList\",\"@id\":\"https:\/\/www.estrategiaconcursos.com.br\/blog\/concurso-limeira-educacao-sp\/#breadcrumb\",\"itemListElement\":[{\"@type\":\"ListItem\",\"position\":1,\"name\":\"In\u00edcio\",\"item\":\"https:\/\/www.estrategiaconcursos.com.br\/blog\/\"},{\"@type\":\"ListItem\",\"position\":2,\"name\":\"Concurso Limeira Educa\u00e7\u00e3o: edital publicado! 124 vagas\"}]},{\"@type\":\"WebSite\",\"@id\":\"https:\/\/www.estrategiaconcursos.com.br\/blog\/#website\",\"url\":\"https:\/\/www.estrategiaconcursos.com.br\/blog\/\",\"name\":\"Estrat\u00e9gia Concursos\",\"description\":\"O blog da Estrat\u00e9gia Concursos traz not\u00edcias sobre concursos e artigos de professores oferecendo cursos para concursos (pdf + videaulas) no site.\",\"publisher\":{\"@id\":\"https:\/\/www.estrategiaconcursos.com.br\/blog\/#organization\"},\"potentialAction\":[{\"@type\":\"SearchAction\",\"target\":{\"@type\":\"EntryPoint\",\"urlTemplate\":\"https:\/\/www.estrategiaconcursos.com.br\/blog\/?s={search_term_string}\"},\"query-input\":{\"@type\":\"PropertyValueSpecification\",\"valueRequired\":true,\"valueName\":\"search_term_string\"}}],\"inLanguage\":\"pt-BR\"},{\"@type\":\"Organization\",\"@id\":\"https:\/\/www.estrategiaconcursos.com.br\/blog\/#organization\",\"name\":\"Estrat\u00e9gia Concursos\",\"url\":\"https:\/\/www.estrategiaconcursos.com.br\/blog\/\",\"logo\":{\"@type\":\"ImageObject\",\"inLanguage\":\"pt-BR\",\"@id\":\"https:\/\/www.estrategiaconcursos.com.br\/blog\/#\/schema\/logo\/image\/\",\"url\":\"https:\/\/dhg1h5j42swfq.cloudfront.net\/2025\/06\/03203428\/logo_concursos-1.jpg\",\"contentUrl\":\"https:\/\/dhg1h5j42swfq.cloudfront.net\/2025\/06\/03203428\/logo_concursos-1.jpg\",\"width\":230,\"height\":60,\"caption\":\"Estrat\u00e9gia Concursos\"},\"image\":{\"@id\":\"https:\/\/www.estrategiaconcursos.com.br\/blog\/#\/schema\/logo\/image\/\"},\"sameAs\":[\"https:\/\/x.com\/EstratConcursos\"]},{\"@type\":\"Person\",\"@id\":\"https:\/\/www.estrategiaconcursos.com.br\/blog\/#\/schema\/person\/a06e841e501f2e1d8c49c4e8f066bfd1\",\"name\":\"Priscila Almeida\",\"image\":{\"@type\":\"ImageObject\",\"inLanguage\":\"pt-BR\",\"@id\":\"https:\/\/secure.gravatar.com\/avatar\/0a963c9e2a947fa675b669cea2b5d0ba6dd1cbf46b966190343b6c9973ad3337?s=96&d=mm&r=g\",\"url\":\"https:\/\/secure.gravatar.com\/avatar\/0a963c9e2a947fa675b669cea2b5d0ba6dd1cbf46b966190343b6c9973ad3337?s=96&d=mm&r=g\",\"contentUrl\":\"https:\/\/secure.gravatar.com\/avatar\/0a963c9e2a947fa675b669cea2b5d0ba6dd1cbf46b966190343b6c9973ad3337?s=96&d=mm&r=g\",\"caption\":\"Priscila Almeida\"},\"description\":\"Atua na \u00e1rea de concursos p\u00fablicos desde 2019. As editorias que mais t\u00eam familiaridade s\u00e3o: Tribunais (TJs; TRTs; TREs; TSTs; STJ, STF, STM e TSE); Defensorias; Minist\u00e9rios P\u00fablicos; Procuradorias; Educa\u00e7\u00e3o e Conselhos. Na \u00e1rea de comunica\u00e7\u00e3o, de maneira geral, a caminhada \u00e9 um pouco mais longa - desde 2007. Possui experi\u00eancia em reda\u00e7\u00f5es de r\u00e1dio, TV, Web e impresso, al\u00e9m de desenvolver trabalhos em assessorias de comunica\u00e7\u00e3o institucional, empresarial e p\u00fablicas. Entre outros trabalhos, se destacam a atua\u00e7\u00e3o nas \u00e1reas de Justi\u00e7a, Congresso, Esportes, Sa\u00fade, Agropecu\u00e1ria, Cidades e Avia\u00e7\u00e3o Civil.\",\"url\":\"https:\/\/www.estrategiaconcursos.com.br\/blog\/author\/priscila-almeidaestrategia-com\/\"}]}<\/script>\n<!-- \/ Yoast SEO Premium plugin. -->","yoast_head_json":{"title":"Concurso Limeira Educa\u00e7\u00e3o: edital publicado! 124 vagas","description":"Concurso Limeira Educa\u00e7\u00e3o: edital publicado com oportunidades de n\u00edveis fundamental, m\u00e9dio e superior. Veja os detalhes!","robots":{"index":"index","follow":"follow","max-snippet":"max-snippet:-1","max-image-preview":"max-image-preview:large","max-video-preview":"max-video-preview:-1"},"canonical":"https:\/\/www.estrategiaconcursos.com.br\/blog\/concurso-limeira-educacao-sp\/","og_locale":"pt_BR","og_type":"article","og_title":"Concurso Limeira Educa\u00e7\u00e3o: edital publicado! 124 vagas","og_description":"Concurso Limeira Educa\u00e7\u00e3o: edital publicado com oportunidades de n\u00edveis fundamental, m\u00e9dio e superior. Veja os detalhes!","og_url":"https:\/\/www.estrategiaconcursos.com.br\/blog\/concurso-limeira-educacao-sp\/","og_site_name":"Estrat\u00e9gia Concursos","article_published_time":"2023-08-31T17:09:59+00:00","article_modified_time":"2023-08-31T17:10:02+00:00","og_image":[{"width":1200,"height":628,"url":"https:\/\/dhg1h5j42swfq.cloudfront.net\/2021\/02\/22172036\/concursos-educacao.jpg","type":"image\/jpeg"}],"author":"Priscila Almeida","twitter_card":"summary_large_image","twitter_creator":"@EstratConcursos","twitter_site":"@EstratConcursos","twitter_misc":{"Escrito por":"Priscila Almeida","Est. tempo de leitura":"7 minutos"},"schema":{"@context":"https:\/\/schema.org","@graph":[{"@type":"NewsArticle","@id":"https:\/\/www.estrategiaconcursos.com.br\/blog\/concurso-limeira-educacao-sp\/#article","isPartOf":{"@id":"https:\/\/www.estrategiaconcursos.com.br\/blog\/concurso-limeira-educacao-sp\/"},"author":{"name":"Priscila Almeida","@id":"https:\/\/www.estrategiaconcursos.com.br\/blog\/#\/schema\/person\/a06e841e501f2e1d8c49c4e8f066bfd1"},"headline":"Concurso Limeira Educa\u00e7\u00e3o: edital publicado! 124 vagas","datePublished":"2023-08-31T17:09:59+00:00","dateModified":"2023-08-31T17:10:02+00:00","mainEntityOfPage":{"@id":"https:\/\/www.estrategiaconcursos.com.br\/blog\/concurso-limeira-educacao-sp\/"},"wordCount":1469,"commentCount":0,"publisher":{"@id":"https:\/\/www.estrategiaconcursos.com.br\/blog\/#organization"},"image":{"@id":"https:\/\/www.estrategiaconcursos.com.br\/blog\/concurso-limeira-educacao-sp\/#primaryimage"},"thumbnailUrl":"https:\/\/dhg1h5j42swfq.cloudfront.net\/2021\/02\/22172036\/concursos-educacao.jpg","articleSection":["Educa\u00e7\u00e3o","\u00daltimas not\u00edcias"],"inLanguage":"pt-BR","potentialAction":[{"@type":"CommentAction","name":"Comment","target":["https:\/\/www.estrategiaconcursos.com.br\/blog\/concurso-limeira-educacao-sp\/#respond"]}],"copyrightYear":"2023","copyrightHolder":{"@id":"https:\/\/www.estrategiaconcursos.com.br\/blog\/#organization"}},{"@type":"WebPage","@id":"https:\/\/www.estrategiaconcursos.com.br\/blog\/concurso-limeira-educacao-sp\/","url":"https:\/\/www.estrategiaconcursos.com.br\/blog\/concurso-limeira-educacao-sp\/","name":"Concurso Limeira Educa\u00e7\u00e3o: edital publicado! 124 vagas","isPartOf":{"@id":"https:\/\/www.estrategiaconcursos.com.br\/blog\/#website"},"primaryImageOfPage":{"@id":"https:\/\/www.estrategiaconcursos.com.br\/blog\/concurso-limeira-educacao-sp\/#primaryimage"},"image":{"@id":"https:\/\/www.estrategiaconcursos.com.br\/blog\/concurso-limeira-educacao-sp\/#primaryimage"},"thumbnailUrl":"https:\/\/dhg1h5j42swfq.cloudfront.net\/2021\/02\/22172036\/concursos-educacao.jpg","datePublished":"2023-08-31T17:09:59+00:00","dateModified":"2023-08-31T17:10:02+00:00","description":"Concurso Limeira Educa\u00e7\u00e3o: edital publicado com oportunidades de n\u00edveis fundamental, m\u00e9dio e superior. Veja os detalhes!","breadcrumb":{"@id":"https:\/\/www.estrategiaconcursos.com.br\/blog\/concurso-limeira-educacao-sp\/#breadcrumb"},"inLanguage":"pt-BR","potentialAction":[{"@type":"ReadAction","target":["https:\/\/www.estrategiaconcursos.com.br\/blog\/concurso-limeira-educacao-sp\/"]}]},{"@type":"ImageObject","inLanguage":"pt-BR","@id":"https:\/\/www.estrategiaconcursos.com.br\/blog\/concurso-limeira-educacao-sp\/#primaryimage","url":"https:\/\/dhg1h5j42swfq.cloudfront.net\/2021\/02\/22172036\/concursos-educacao.jpg","contentUrl":"https:\/\/dhg1h5j42swfq.cloudfront.net\/2021\/02\/22172036\/concursos-educacao.jpg","width":1200,"height":628,"caption":"educa\u00e7\u00e3o"},{"@type":"BreadcrumbList","@id":"https:\/\/www.estrategiaconcursos.com.br\/blog\/concurso-limeira-educacao-sp\/#breadcrumb","itemListElement":[{"@type":"ListItem","position":1,"name":"In\u00edcio","item":"https:\/\/www.estrategiaconcursos.com.br\/blog\/"},{"@type":"ListItem","position":2,"name":"Concurso Limeira Educa\u00e7\u00e3o: edital publicado! 124 vagas"}]},{"@type":"WebSite","@id":"https:\/\/www.estrategiaconcursos.com.br\/blog\/#website","url":"https:\/\/www.estrategiaconcursos.com.br\/blog\/","name":"Estrat\u00e9gia Concursos","description":"O blog da Estrat\u00e9gia Concursos traz not\u00edcias sobre concursos e artigos de professores oferecendo cursos para concursos (pdf + videaulas) no site.","publisher":{"@id":"https:\/\/www.estrategiaconcursos.com.br\/blog\/#organization"},"potentialAction":[{"@type":"SearchAction","target":{"@type":"EntryPoint","urlTemplate":"https:\/\/www.estrategiaconcursos.com.br\/blog\/?s={search_term_string}"},"query-input":{"@type":"PropertyValueSpecification","valueRequired":true,"valueName":"search_term_string"}}],"inLanguage":"pt-BR"},{"@type":"Organization","@id":"https:\/\/www.estrategiaconcursos.com.br\/blog\/#organization","name":"Estrat\u00e9gia Concursos","url":"https:\/\/www.estrategiaconcursos.com.br\/blog\/","logo":{"@type":"ImageObject","inLanguage":"pt-BR","@id":"https:\/\/www.estrategiaconcursos.com.br\/blog\/#\/schema\/logo\/image\/","url":"https:\/\/dhg1h5j42swfq.cloudfront.net\/2025\/06\/03203428\/logo_concursos-1.jpg","contentUrl":"https:\/\/dhg1h5j42swfq.cloudfront.net\/2025\/06\/03203428\/logo_concursos-1.jpg","width":230,"height":60,"caption":"Estrat\u00e9gia Concursos"},"image":{"@id":"https:\/\/www.estrategiaconcursos.com.br\/blog\/#\/schema\/logo\/image\/"},"sameAs":["https:\/\/x.com\/EstratConcursos"]},{"@type":"Person","@id":"https:\/\/www.estrategiaconcursos.com.br\/blog\/#\/schema\/person\/a06e841e501f2e1d8c49c4e8f066bfd1","name":"Priscila Almeida","image":{"@type":"ImageObject","inLanguage":"pt-BR","@id":"https:\/\/secure.gravatar.com\/avatar\/0a963c9e2a947fa675b669cea2b5d0ba6dd1cbf46b966190343b6c9973ad3337?s=96&d=mm&r=g","url":"https:\/\/secure.gravatar.com\/avatar\/0a963c9e2a947fa675b669cea2b5d0ba6dd1cbf46b966190343b6c9973ad3337?s=96&d=mm&r=g","contentUrl":"https:\/\/secure.gravatar.com\/avatar\/0a963c9e2a947fa675b669cea2b5d0ba6dd1cbf46b966190343b6c9973ad3337?s=96&d=mm&r=g","caption":"Priscila Almeida"},"description":"Atua na \u00e1rea de concursos p\u00fablicos desde 2019. As editorias que mais t\u00eam familiaridade s\u00e3o: Tribunais (TJs; TRTs; TREs; TSTs; STJ, STF, STM e TSE); Defensorias; Minist\u00e9rios P\u00fablicos; Procuradorias; Educa\u00e7\u00e3o e Conselhos. Na \u00e1rea de comunica\u00e7\u00e3o, de maneira geral, a caminhada \u00e9 um pouco mais longa - desde 2007. Possui experi\u00eancia em reda\u00e7\u00f5es de r\u00e1dio, TV, Web e impresso, al\u00e9m de desenvolver trabalhos em assessorias de comunica\u00e7\u00e3o institucional, empresarial e p\u00fablicas. Entre outros trabalhos, se destacam a atua\u00e7\u00e3o nas \u00e1reas de Justi\u00e7a, Congresso, Esportes, Sa\u00fade, Agropecu\u00e1ria, Cidades e Avia\u00e7\u00e3o Civil.","url":"https:\/\/www.estrategiaconcursos.com.br\/blog\/author\/priscila-almeidaestrategia-com\/"}]}},"_links":{"self":[{"href":"https:\/\/www.estrategiaconcursos.com.br\/blog\/wp-json\/wp\/v2\/posts\/1271907","targetHints":{"allow":["GET"]}}],"collection":[{"href":"https:\/\/www.estrategiaconcursos.com.br\/blog\/wp-json\/wp\/v2\/posts"}],"about":[{"href":"https:\/\/www.estrategiaconcursos.com.br\/blog\/wp-json\/wp\/v2\/types\/post"}],"author":[{"embeddable":true,"href":"https:\/\/www.estrategiaconcursos.com.br\/blog\/wp-json\/wp\/v2\/users\/2375"}],"replies":[{"embeddable":true,"href":"https:\/\/www.estrategiaconcursos.com.br\/blog\/wp-json\/wp\/v2\/comments?post=1271907"}],"version-history":[{"count":2,"href":"https:\/\/www.estrategiaconcursos.com.br\/blog\/wp-json\/wp\/v2\/posts\/1271907\/revisions"}],"predecessor-version":[{"id":1271971,"href":"https:\/\/www.estrategiaconcursos.com.br\/blog\/wp-json\/wp\/v2\/posts\/1271907\/revisions\/1271971"}],"wp:featuredmedia":[{"embeddable":true,"href":"https:\/\/www.estrategiaconcursos.com.br\/blog\/wp-json\/wp\/v2\/media\/698696"}],"wp:attachment":[{"href":"https:\/\/www.estrategiaconcursos.com.br\/blog\/wp-json\/wp\/v2\/media?parent=1271907"}],"wp:term":[{"taxonomy":"category","embeddable":true,"href":"https:\/\/www.estrategiaconcursos.com.br\/blog\/wp-json\/wp\/v2\/categories?post=1271907"},{"taxonomy":"post_tag","embeddable":true,"href":"https:\/\/www.estrategiaconcursos.com.br\/blog\/wp-json\/wp\/v2\/tags?post=1271907"},{"taxonomy":"tax_estado","embeddable":true,"href":"https:\/\/www.estrategiaconcursos.com.br\/blog\/wp-json\/wp\/v2\/tax_estado?post=1271907"}],"curies":[{"name":"wp","href":"https:\/\/api.w.org\/{rel}","templated":true}]}}