{"id":1271165,"date":"2023-08-30T16:00:00","date_gmt":"2023-08-30T19:00:00","guid":{"rendered":"https:\/\/www.estrategiaconcursos.com.br\/blog\/?p=1271165"},"modified":"2023-08-30T16:08:51","modified_gmt":"2023-08-30T19:08:51","slug":"concurso-iss-rj-possiveis-recursos-para-analista","status":"publish","type":"post","link":"https:\/\/www.estrategiaconcursos.com.br\/blog\/concurso-iss-rj-possiveis-recursos-para-analista\/","title":{"rendered":"Concurso ISS RJ: confira os poss\u00edveis recursos para Analista"},"content":{"rendered":"\n<p>As provas do <strong>concurso ISS RJ<\/strong> para o cargo de <strong>Analista de Planejamento e Or\u00e7amento<\/strong> ocorreram no \u00faltimo domingo (27). Inclusive, j\u00e1 foram divulgados os <a href=\"https:\/\/www.estrategiaconcursos.com.br\/blog\/gabaritos-analista-concurso-iss-rj\/\" target=\"_blank\" rel=\"noreferrer noopener\">gabaritos preliminares<\/a>.<\/p>\n\n\n\n<p>O Estrat\u00e9gia Concursos esteve presente durante todos os momentos de sua prepara\u00e7\u00e3o (assim como na <a href=\"https:\/\/www.estrategiaconcursos.com.br\/blog\/gabarito-extraoficial-iss-rj-analista-de-planejamento-e-orcamento\/\" target=\"_blank\" rel=\"noreferrer noopener\">corre\u00e7\u00e3o extraoficial<\/a>) e, mesmo ap\u00f3s a realiza\u00e7\u00e3o das avalia\u00e7\u00f5es, n\u00e3o deixar\u00e1 de te acompanhar!<\/p>\n\n\n\n<p>Com isso, reunimos nosso time de professores para apontar quais quest\u00f5es s\u00e3o pass\u00edveis de recursos do concurso ISS RJ. Veja abaixo!<\/p>\n\n\n\n<p class=\"has-light-green-cyan-color has-text-color\"><strong>Aten\u00e7\u00e3o, os recursos abaixo t\u00eam como refer\u00eancia a Prova Tipo 2 &#8211; Verde<\/strong><\/p>\n\n\n\n<ul class=\"wp-block-list\">\n<li><a href=\"https:\/\/dhg1h5j42swfq.cloudfront.net\/2023\/08\/30160550\/analista-de-planejamento-e-orcamento-apoapo1-tipo-2.pdf\" target=\"_blank\" rel=\"noreferrer noopener nofollow\"><strong>Caderno manh\u00e3<\/strong> <strong>&#8211; b\u00e1sicos<\/strong><\/a><\/li>\n\n\n\n<li><strong><a href=\"https:\/\/dhg1h5j42swfq.cloudfront.net\/2023\/08\/30160555\/analista-de-planejamento-e-orcamento-apoapo2-tipo-2.pdf\" target=\"_blank\" rel=\"noreferrer noopener nofollow\">Caderno tarde &#8211; espec\u00edficos<\/a><\/strong><\/li>\n<\/ul>\n\n\n\n<p class=\"has-very-light-gray-to-cyan-bluish-gray-gradient-background has-background has-medium-font-size\"><strong>Disciplina: Portugu\u00eas<\/strong><\/p>\n\n\n\n<p class=\"has-vivid-green-cyan-color has-text-color\"><strong>QUEST\u00c3O 4<\/strong><\/p>\n\n\n\n<p><strong>A frase abaixo cuja fun\u00e7\u00e3o de linguagem \u00e9 metalingu\u00edstica, \u00e9:<\/strong><\/p>\n\n\n\n<p>A) Esperteza \u00e9 quando voc\u00ea acredita s\u00f3 em metade do que voc\u00ea ouve. Genialidade \u00e9 quando voc\u00ea sabe em qual metade acreditar;<\/p>\n\n\n\n<p>B) Um homem s\u00e1bio criar\u00e1 mais oportunidades do que ele acha;<\/p>\n\n\n\n<p>C) Nunca confunda movimento com a\u00e7\u00e3o;<\/p>\n\n\n\n<p>D) Deus ajuda a quem se ajuda;<\/p>\n\n\n\n<p>E) Originalidade n\u00e3o consiste em dizer o que ningu\u00e9m disse antes, mas em dizer exatamente o que voc\u00ea pensa por si pr\u00f3prio.<\/p>\n\n\n\n<p><strong>GABARITO DA BANCA: LETRA A<\/strong><\/p>\n\n\n\n<p><strong>GABARITO PRETENDIDO: LETRA C<\/strong><\/p>\n\n\n\n<p><strong>FUNDAMENTA\u00c7\u00c3O:<\/strong><\/p>\n\n\n\n<p>A alternativa A n\u00e3o apresenta um modelo padr\u00e3o de defini\u00e7\u00e3o, uma vez que n\u00e3o diz no que consiste a esperteza, antes se restringe a uma situacionalidade (\u201c\u00e9 quando\u201d indica, de forma exemplificativa, uma situa\u00e7\u00e3o em que se observa esperteza). Portanto, n\u00e3o seria adequado afirmar que o trecho trazido na letra A apresenta fun\u00e7\u00e3o metalingu\u00edstica.<\/p>\n\n\n\n<p>O enunciado de uma quest\u00e3o de 2021 da pr\u00f3pria banca corrobora esse entendimento: \u201c<em>\u00d3pera \u00e9 quando um sujeito recebe uma facada nas costas e, em vez de sangrar, canta. Essa defini\u00e7\u00e3o n\u00e3o segue o modelo oficial de dar o significado do termo a ser definido, mas cita um exemplo de situa\u00e7\u00e3o das \u00f3peras.<\/em>\u201d (FGV &#8211; 2021 &#8211; Prefeitura de Paul\u00ednia &#8211; SP &#8211; Assistente Social).<\/p>\n\n\n\n<p>Baseando-se em uma quest\u00e3o recente da banca sobre o mesmo tema, podemos afirmar que a alternativa C seria a mais adequada, pois h\u00e1 uma manipula\u00e7\u00e3o da linguagem (uma esp\u00e9cie de jogo com o significado de \u201cmovimento\u201d e \u201ca\u00e7\u00e3o\u201d).<\/p>\n\n\n\n<p>A alternativa que apresentava metalinguagem na prova para o cargo de Analista (Perfil Interno) do Banco do Brasil era \u201cEnfiar o dedo no anel ou enfiar o anel no dedo, eis um problema dif\u00edcil\u201d justamente por haver uma manipula\u00e7\u00e3o da pr\u00f3pria constru\u00e7\u00e3o frasal (\u201cenfiar o dedo no anel ou o anel no dedo\u201d).<\/p>\n\n\n\n<p>Solicita-se, pelo fundamento apresentado, a mudan\u00e7a de gabarito.<\/p>\n\n\n\n<p class=\"has-vivid-green-cyan-color has-text-color\"><strong>QUEST\u00c3O 7<\/strong><\/p>\n\n\n\n<p><strong>A frase em que o voc\u00e1bulo sublinhado exemplifica a linguagem l\u00f3gica e n\u00e3o uma met\u00e1fora, \u00e9:<\/strong><\/p>\n\n\n\n<p>A) Inf\u00e2ncia \u00e9 vida sob uma ditadura;<\/p>\n\n\n\n<p>B) Uma crian\u00e7a n\u00e3o \u00e9 um vaso a ser preenchido, mas um fogo para ser aceso;<\/p>\n\n\n\n<p>C) Crian\u00e7as s\u00e3o as mensagens vivas que n\u00f3s enviamos a um tempo que n\u00e3o veremos;<\/p>\n\n\n\n<p>D) Nunca \u00e9 tarde para ter uma inf\u00e2ncia feliz;<\/p>\n\n\n\n<p>E) Crian\u00e7a \u00e9 um anjo cujas asas diminuem \u00e0 medida que crescem as pernas.<\/p>\n\n\n\n<p><strong>GABARITO DA BANCA: LETRA D<\/strong><\/p>\n\n\n\n<p><strong>GABARITO PRETENDIDO: LETRA B<\/strong><\/p>\n\n\n\n<p><strong>FUNDAMENTA\u00c7\u00c3O:<\/strong><\/p>\n\n\n\n<p>Todas as alternativas apresentam frases metaf\u00f3ricas, quando se apreende o sentido global das constru\u00e7\u00f5es fr\u00e1sticas. No entanto, quando se considera apenas as palavras destacadas, apenas o voc\u00e1bulo \u201cvaso\u201d foi empregado em sentido l\u00f3gico.<\/p>\n\n\n\n<p>Na letra A, &#8220;ditadura&#8221; indica a imposi\u00e7\u00e3o de regras r\u00edgidas, e n\u00e3o um sistema de governo ditatorial.<\/p>\n\n\n\n<p>Na letra C, &#8220;mensagem&#8221; indica parte do presente que ficar\u00e1 para o futuro, e n\u00e3o o que efetivamente entendemos por \u201cmensagem\u201d (com um enunciador e um destinat\u00e1rio).<\/p>\n\n\n\n<p>Na letra D, &#8220;inf\u00e2ncia&#8221; remete a viver com leveza, despreocupado, n\u00e3o levando a vida a s\u00e9rio, e n\u00e3o \u00e0 inf\u00e2ncia de forma literal (per\u00edodo da vida que vai de uma idade a outra).<\/p>\n\n\n\n<p>Na letra E, &#8220;anjo&#8221; remete \u00e0 pureza da crian\u00e7a, e n\u00e3o literalmente a um ser celestial.<\/p>\n\n\n\n<p>Solicita-se, pelo fundamento apresentado, a mudan\u00e7a de gabarito.<\/p>\n\n\n\n<p class=\"has-vivid-green-cyan-color has-text-color\"><strong>QUEST\u00c3O 13<\/strong><\/p>\n\n\n\n<p><strong>Observe a seguinte frase:<\/strong><\/p>\n\n\n\n<p><strong>&#8220;Quando se parte o <\/strong><strong>p\u00e3o<\/strong><strong>, algumas <\/strong><strong>migalhas<\/strong><strong> se espalham&#8221;. Nessa frase, o segundo termo designa especificamente os restos do primeiro; a frase em que essa correspond\u00eancia sem\u00e2ntica ocorre de forma adequada, \u00e9:<\/strong><\/p>\n\n\n\n<p>A) Quando um pr\u00e9dio \u00e9 demolido, seus cacos s\u00e3o deixados na cal\u00e7ada;<\/p>\n\n\n\n<p>B) Quando um copo \u00e9 quebrado, seus destro\u00e7os ficam espalhados pelo ch\u00e3o;<\/p>\n\n\n\n<p>C) Quando cai um avi\u00e3o, suas pe\u00e7as ocupam larga extens\u00e3o no solo;<\/p>\n\n\n\n<p>D) Quando um vestido \u00e9 rasgado, seus trapos n\u00e3o t\u00eam muita utilidade;<\/p>\n\n\n\n<p>E) Quando um corpo \u00e9 cremado, os detritos s\u00e3o guardados.<\/p>\n\n\n\n<p><strong>GABARITO DA BANCA: LETRA D<\/strong><\/p>\n\n\n\n<p><strong>GABARITO PRETENDIDO: LETRA C<\/strong><\/p>\n\n\n\n<p><strong>FUNDAMENTA\u00c7\u00c3O<\/strong><\/p>\n\n\n\n<p>Em rela\u00e7\u00e3o ao que se pede no enunciado dessa quest\u00e3o (segundo termo designar especificamente o primeiro), apenas na alternativa C h\u00e1 correspond\u00eancia sem\u00e2ntica adequada (as partes de um avi\u00e3o podem ser chamadas de \u201cpe\u00e7as\u201d ou \u201cdestro\u00e7os\u201d).<\/p>\n\n\n\n<p>O gabarito proposto pela banca (letra D) n\u00e3o \u00e9 adequado, pois &#8220;trapo&#8221; designaria especificamente o voc\u00e1bulo &#8221; vestido&#8221; se esse termo sugerisse que o vestido estivesse gasto pelo tempo, e, ao ser rasgado, virasse trapo (= peda\u00e7o de pano gasto, velho; roupa muito gasta, surrada). No entanto, o voc\u00e1bulo destacado n\u00e3o \u00e9 \u201cvestido\u201d, e sim o verbo \u201crasgado\u201d.<\/p>\n\n\n\n<p>Solicita-se, pelo fundamento apresentado, a mudan\u00e7a de gabarito.<\/p>\n\n\n\n<p><strong>REFER\u00caNCIA BIBLIOGR\u00c1FICA<\/strong><\/p>\n\n\n\n<p>FERREIRA, Aur\u00e9lio Buarque de Holanda. Novo Aur\u00e9lio s\u00e9culo XXI: o dicion\u00e1rio da l\u00edngua portuguesa. 3 Curitiba: Editora Positivo, 2004, 2120 p.<\/p>\n\n\n\n<p><em>Quer conferir todos os detalhes do concurso ISS RJ, cujos poss\u00edveis recursos para Analista voc\u00ea conferiu neste artigo, basta acessar o link abaixo:<\/em><\/p>\n\n\n\n<p class=\"has-text-align-left has-very-light-gray-to-cyan-bluish-gray-gradient-background has-background has-medium-font-size\"><strong>Disciplina: Racioc\u00ednio L\u00f3gico \u2013 Quantitativo<\/strong><\/p>\n\n\n\n<p class=\"has-vivid-green-cyan-color has-text-color\"><strong>QUEST\u00c3O 60<\/strong><\/p>\n\n\n\n<p><em>Seja N o n\u00famero de 30 algarismos, todos iguais a 1. No n\u00famero N<sup>2<\/sup>, o algarismo 1 aparece:<\/em><\/p>\n\n\n\n<p><em>(A) 1 vez;<\/em><br \/><em>(B) 2 vezes;<\/em><br \/><em>(C) 3 vezes;<\/em><br \/><em>(D) 4 vezes;<\/em><br \/><em>(E) 5 vezes.<\/em><\/p>\n\n\n\n<p><strong><u>GABARITO PRELIMINAR<\/u><\/strong>: A<\/p>\n\n\n\n<p><strong><u>PEDIDO<\/u><\/strong>: ALTERA\u00c7\u00c3O PARA ALTERNATIVA \u201cE\u201d<\/p>\n\n\n\n<p>O n\u00famero (N^2) pedido \u00e9 o seguinte:<\/p>\n\n\n\n<p>12.345.679.012.345.679.012.345.679.012.320.987.654.320.987.654.320.987.654.321<\/p>\n\n\n\n<p>Nele, o algarismo 1 aparece 5 vezes.<\/p>\n\n\n\n<p>Dessa forma, solicitamos respeitosamente \u00e0 banca examinadora a altera\u00e7\u00e3o do gabarito preliminarmente divulgado.<\/p>\n\n\n\n<p class=\"has-vivid-green-cyan-color has-text-color\"><strong>QUEST\u00c3O 63<\/strong><\/p>\n\n\n\n<p><em>Uma empresa produz tintas de cor cinza, em dois modelos. No modelo 1, ela usa a propor\u00e7\u00e3o de 7 colheres de tinta preta para 3 colheres de tinta branca. No modelo 2, a propor\u00e7\u00e3o \u00e9 de 2 colheres de tinta preta para 3 colheres de tinta branca. A empresa usar\u00e1 1.100 gal\u00f5es de tinta preta e 900 gal\u00f5es de tinta branca na produ\u00e7\u00e3o dos dois modelos. Nesse caso, o total de gal\u00f5es do modelo 1 que ser\u00e3o produzidos \u00e9 igual a:<\/em><\/p>\n\n\n\n<p><em>(A) 850;<\/em><br \/><em>(B) 960;<\/em><br \/><em>(C) 1.000;<\/em><br \/><em>(D) 1.180;<\/em><br \/><em>(E) 1.200.<\/em><\/p>\n\n\n\n<p><strong><u>GABARITO PRELIMINAR<\/u><\/strong>: C<\/p>\n\n\n\n<p><strong><u>PEDIDO<\/u><\/strong>: ANULA\u00c7\u00c3O<\/p>\n\n\n\n<p>Sem uma clara formaliza\u00e7\u00e3o das ideias de \u201ccolheres de tinta\u201d e \u201cgal\u00f5es de tinta\u201d a quest\u00e3o n\u00e3o apresenta solu\u00e7\u00e3o coerente.<\/p>\n\n\n\n<p>Usemos o total de gal\u00f5es do modelo 1 apresentado no gabarito preliminar para justificarmos melhor. Suponhamos, portanto, que ser\u00e3o produzidos 1.000 gal\u00f5es do modelo 1.<\/p>\n\n\n\n<p>De acordo com os dados do texto, \u201c<em>no modelo 1, ela (a empresa) usa a propor\u00e7\u00e3o de 7 colheres de tinta preta para 3 colheres de tinta branca\u201d. <\/em>Sendo assim, se foram produzidos 1.000 gal\u00f5es do modelo 1, seriam necess\u00e1rias 7.000 colheres de tinta preta e 3.000 colheres de tinta branca para tal produ\u00e7\u00e3o. Al\u00e9m disso, de acordo com os dados do texto, \u201c<em>no modelo 2, a propor\u00e7\u00e3o \u00e9 de 2 colheres de tinta preta para 3 colheres de tinta branca\u201d. <\/em>Portanto, seriam necess\u00e1rias 2.000 colheres de tinta preta e 3.000 colheres de tinta branca para a cor cinza do modelo 2.<\/p>\n\n\n\n<p>Assim, somando-se os totais obtidos para os modelos 1 e 2 seriam necess\u00e1rias, ao todo, 9.000 colheres de tinta preta e 6.000 colheres de tinta branca.<\/p>\n\n\n\n<p>Como, de acordo com o enunciado, <em>a empresa usou 1.100 gal\u00f5es de tinta preta e 900 gal\u00f5es de tinta branca <u>na produ\u00e7\u00e3o dos dois modelos<\/u><\/em>, chegar\u00edamos \u00e0 uma m\u00e9dia de (9.000\/1.100) colheres de tinta preta por gal\u00e3o (ou seja, 90\/11 colheres de tinta preta por gal\u00e3o; aproximadamente 8,18 colheres de tinta preta por gal\u00e3o) e \u00e0 uma outra m\u00e9dia de (6.000\/900) colheres de tinta branca por gal\u00e3o (isto \u00e9, 20\/3 colheres de tintas brancas por gal\u00e3o; aproximadamente 6,66 colheres de tinta branca por gal\u00e3o).<\/p>\n\n\n\n<p>Observa-se, portanto, que para chegarmos a esse resultado dever\u00edamos partir do princ\u00edpio que \u201ccolheres de tinta preta\u201d e \u201ccolheres de tinta branca\u201d t\u00eam capacidades distintas. Mas isso n\u00e3o foi informado ao candidato leitor da quest\u00e3o.<\/p>\n\n\n\n<p>Dessa forma, por entendermos que o enunciado apresentou falhas em sua constru\u00e7\u00e3o solicitamos respeitosamente \u00e0 banca examinadora a anula\u00e7\u00e3o dessa quest\u00e3o.<\/p>\n\n\n\n<p class=\"has-text-align-left has-very-light-gray-to-cyan-bluish-gray-gradient-background has-background has-medium-font-size\"><strong>Disciplina: ADMINISTRA\u00c7\u00c3O FINANCEIRA E OR\u00c7AMENT\u00c1RIA (AFO)<\/strong><\/p>\n\n\n\n<p class=\"has-vivid-green-cyan-color has-text-color has-medium-font-size\"><strong><span style=\"text-decoration: underline;\">QUEST\u00c3O 32<\/span><\/strong><\/p>\n\n\n\n<p>Ao final do terceiro bimestre de um determinado exerc\u00edcio financeiro, foi verificado um significativo decr\u00e9scimo na realiza\u00e7\u00e3o da receita em rela\u00e7\u00e3o \u00e0 estimativa constante na LOA de ente municipal e detalhada em sua programa\u00e7\u00e3o financeira.<\/p>\n\n\n\n<p>Esse decr\u00e9scimo compromete o cumprimento das metas de resultado prim\u00e1rio ou nominal definidas na LDO. O chefe do Poder Executivo publicou ato estabelecendo limita\u00e7\u00e3o de empenho e movimenta\u00e7\u00e3o financeira, segundo os crit\u00e9rios fixados na LDO, mas o chefe do Poder Legislativo n\u00e3o o fez no prazo legal.<\/p>\n\n\n\n<p>Nesse caso:<br \/>(A) as dota\u00e7\u00f5es or\u00e7ament\u00e1rias totais do ente dever\u00e3o ser revisadas at\u00e9 o final do bimestre seguinte;<br \/>(B) o chefe do Poder Legislativo ser\u00e1 notificado pelo respectivo Tribunal de Contas;<br \/>(C) o plen\u00e1rio da casa legislativa dever\u00e1 promover a limita\u00e7\u00e3o de empenho em at\u00e9 trinta dias;<br \/>(D) o Poder Executivo \u00e9 autorizado a limitar os valores financeiros segundo os crit\u00e9rios fixados pela LDO;<br \/>(E) o Poder Executivo pode suspender os repasses financeiros destinados ao Poder Legislativo.<\/p>\n\n\n\n<p><strong>RECURSO PARA ALTERA\u00c7\u00c3O DE GABARITO: GABARITO PROPOSTO para ALTERNATIVA B<\/strong><\/p>\n\n\n\n<p><strong>Coment\u00e1rios<\/strong>:<\/p>\n\n\n\n<p>A Lei Complementar n\u00ba 101\/2000 (Lei de Responsabilidade Fiscal) elenca que: \u201cArt. 9\u00ba Se verificado, ao final de um bimestre, que a realiza\u00e7\u00e3o da receita poder\u00e1 n\u00e3o comportar o cumprimento das metas de resultado prim\u00e1rio ou nominal estabelecidas no Anexo de Metas Fiscais, os Poderes e o Minist\u00e9rio P\u00fablico promover\u00e3o, por ato pr\u00f3prio e nos montantes necess\u00e1rios, nos trinta dias subsequentes, limita\u00e7\u00e3o de empenho e movimenta\u00e7\u00e3o financeira, segundo os crit\u00e9rios fixados pela lei de diretrizes or\u00e7ament\u00e1rias.<\/p>\n\n\n\n<p>\u00a7 3\u00ba No caso de os Poderes Legislativo e Judici\u00e1rio e o Minist\u00e9rio P\u00fablico n\u00e3o promoverem a limita\u00e7\u00e3o no prazo estabelecido no caput, \u00e9 o Poder Executivo autorizado a limitar os valores financeiros segundo os crit\u00e9rios fixados pela lei de diretrizes or\u00e7ament\u00e1rias. (Vide ADI 2238)\u201d.<\/p>\n\n\n\n<p>O \u00a73\u00ba autoriza o Poder Executivo a promover a limita\u00e7\u00e3o de empenho dos outros Poderes casos estes n\u00e3o o fa\u00e7am voluntariamente. Tendo em vista o princ\u00edpio da separa\u00e7\u00e3o de poderes, o STF entendeu<br \/>inconstitucional o \u00a73\u00ba, afirmando que o \u201cart. 9\u00ba,<\/p>\n\n\n\n<p>\u00a7 3\u00ba caracteriza hip\u00f3tese de interfer\u00eancia indevida do Poder Executivo nos demais Poderes e no Minist\u00e9rio P\u00fablico\u201d (ADI 2238 MC, julgado em 09\/08\/2007).<\/p>\n\n\n\n<p>No entender da maioria dos Ministros, a Constitui\u00e7\u00e3o garante expressamente autonomia or\u00e7ament\u00e1ria e financeira aos Poderes e Minist\u00e9rio P\u00fablico, logo n\u00e3o poderia o legislador complementar contradizer o constituinte ao possibilitar o Poder Executivo interferir diretamente na execu\u00e7\u00e3o or\u00e7ament\u00e1ria dos outros poderes.<\/p>\n\n\n\n<p>O STF, entendeu, por maioria, que a norma prevista N\u00c3O guarda pertin\u00eancia com o modelo de freios e contrapesos estabelecido constitucionalmente para assegurar o exerc\u00edcio respons\u00e1vel da autonomia financeira por parte dos Poderes Legislativo e Judici\u00e1rio e do Minist\u00e9rio P\u00fablico. Isso porque o dispositivo estabelece inconstitucional hierarquiza\u00e7\u00e3o subserviente em rela\u00e7\u00e3o ao Executivo, permitindo que, unilateralmente, limite os valores financeiros segundo os crit\u00e9rios fixados pela Lei de Diretrizes Or\u00e7ament\u00e1rias no caso daqueles outros dois Poderes e institui\u00e7\u00e3o n\u00e3o promoverem a limita\u00e7\u00e3o no prazo fixado no caput. A defesa de um Estado Democr\u00e1tico de Direito exige o afastamento de normas legais que repudiam o sistema de organiza\u00e7\u00e3o liberal, em especial, na presente hip\u00f3tese, o desrespeito \u00e0 separa\u00e7\u00e3o das fun\u00e7\u00f5es do Poder e suas autonomias constitucionais.<\/p>\n\n\n\n<p><span style=\"text-decoration: underline;\">Dessa forma, est\u00e1 incorreta a alternativa D, diante de todo o aparato jurisprudencial acerca do tema. A<br \/>banca trouxe erroneamente o gabarito (D) como solu\u00e7\u00e3o da quest\u00e3o supracitada.<\/span><\/p>\n\n\n\n<p>Ainda segundo a Lei Complementar n\u00ba 101\/2000 (Lei de Responsabilidade Fiscal)<br \/>\u201cArt. 59. O Poder Legislativo, diretamente ou com o aux\u00edlio dos Tribunais de Contas, e o sistema de controle interno de cada Poder e do Minist\u00e9rio P\u00fablico fiscalizar\u00e3o o cumprimento desta Lei Complementar, consideradas as normas de padroniza\u00e7\u00e3o metodol\u00f3gica editadas pelo conselho de que trata o art. 67, com \u00eanfase no que se refere a:<br \/>(\u2026)<br \/>\u00a7 1\u00ba Os Tribunais de Contas alertar\u00e3o os Poderes ou \u00f3rg\u00e3os referidos no art. 20 quando constatarem:<br \/>I &#8211; a possibilidade de ocorr\u00eancia das situa\u00e7\u00f5es previstas no inciso II do art. 4\u00ba e no art. 9\u00ba;\u201d [Grifo meu.]<\/p>\n\n\n\n<p>Ademais, nota-se que \u00e9 poss\u00edvel que os Tribunais de Contas emitam alerta aos Poderes quando houver possibilidade das situa\u00e7\u00f5es previstas no art. 9\u00ba, que trata da Limita\u00e7\u00e3o de Empenho.<\/p>\n\n\n\n<p><strong><span style=\"text-decoration: underline;\">Dessa forma, o item B torna-se o gabarito assertivo para a quest\u00e3o.<\/span><\/strong><\/p>\n\n\n\n<p class=\"has-vivid-green-cyan-color has-text-color has-medium-font-size\"><strong><span style=\"text-decoration: underline;\">QUEST\u00c3O 37<\/span><\/strong><\/p>\n\n\n\n<p>Durante a prepara\u00e7\u00e3o da proposta da Lei Or\u00e7ament\u00e1ria Anual (LOA) em um ente municipal, a equipe havia conclu\u00eddo a estimativa das receitas or\u00e7ament\u00e1rias. Antes da publica\u00e7\u00e3o da LOA, por\u00e9m, a equipe da secretaria foi notificada que uma das esp\u00e9cies de receita sofreria atualiza\u00e7\u00e3o monet\u00e1ria legalmente autorizada.<br \/>No controle da execu\u00e7\u00e3o or\u00e7ament\u00e1ria apresentado no Balan\u00e7o Or\u00e7ament\u00e1rio, o valor relativo a essa atualiza\u00e7\u00e3o deve ser tratado como:<br \/>(A) dota\u00e7\u00e3o atualizada;<br \/>(B) previs\u00e3o atualizada;<br \/>(C) previs\u00e3o inicial;<br \/>(D) receita a realizar;<br \/>(E) receita extra or\u00e7ament\u00e1ria.<\/p>\n\n\n\n<p><span style=\"text-decoration: underline;\"><strong>Coment\u00e1rios<\/strong><\/span>:<\/p>\n\n\n\n<p>Conforme o MDF, 13\u00aa Edi\u00e7\u00e3o, [p.178]\u201cO Balan\u00e7o Or\u00e7ament\u00e1rio apresentar\u00e1 as receitas, detalhadas por categoria econ\u00f4mica, origem e esp\u00e9cie(destacando as receitas intra or\u00e7ament\u00e1rias), especificando a previs\u00e3o inicial, a previs\u00e3o atualizada para o exerc\u00edcio, a receita realizada no bimestre, a realizada at\u00e9 o bimestre e o saldo a realizar; bem como as despesas, por categoria econ\u00f4mica e grupo de natureza da despesa (destacando as despesas intra or\u00e7ament\u00e1rias), discriminando a dota\u00e7\u00e3o inicial, a dota\u00e7\u00e3o atualizada para o exerc\u00edcio, as despesas empenhadas no bimestre e at\u00e9 o bimestre, as despesas liquidadas no bimestre e at\u00e9 o bimestre, os respectivos saldos e a inscri\u00e7\u00e3o em restos a pagar n\u00e3o processados.\u201d<\/p>\n\n\n\n<p>\u201cPREVIS\u00c3O ATUALIZADA<br \/>Identifica os valores atualizados das receitas previstas na Lei Or\u00e7ament\u00e1ria Anual \u2013 LOA ou nas altera\u00e7\u00f5es desta lei, para o exerc\u00edcio de refer\u00eancia, que dever\u00e3o refletir a parcela da reestimativa da receita que poder\u00e1 ser utilizada para abertura de cr\u00e9ditos adicionais, o surgimento de nova natureza de receita n\u00e3o prevista quando da aprova\u00e7\u00e3o da LOA, o remanejamento entre as naturezas de receita7 ou ainda as atualiza\u00e7\u00f5es monet\u00e1rias autorizadas por lei, efetuadas ap\u00f3s a data da publica\u00e7\u00e3o da LOA. Se n\u00e3o ocorrer nenhum dos eventos mencionados, o valor da previs\u00e3o atualizada ser\u00e1 o mesmo valor da previs\u00e3o inicial.\u201d [Grifos meus].<\/p>\n\n\n\n<p>Ainda conforme o MDF, 13\u00aa Edi\u00e7\u00e3o [p.178]<\/p>\n\n\n\n<p>\u201cPREVIS\u00c3O INICIAL<br \/>Identifica os valores da previs\u00e3o inicial das receitas, constantes na Lei Or\u00e7ament\u00e1ria Anual. Os valores registrados nessa coluna permanecer\u00e3o inalterados durante todo o exerc\u00edcio, pois dever\u00e3o refletir a posi\u00e7\u00e3o inicial do or\u00e7amento constante da Lei Or\u00e7ament\u00e1ria Anual.\u201d<\/p>\n\n\n\n<p>Seguindo conforme o MDF, 13\u00aa Edi\u00e7\u00e3o [p.36 e 37]<\/p>\n\n\n\n<p>\u201cDessa forma, a coluna PREVIS\u00c3O ATUALIZADA refletir\u00e1 as receitas previstas na LOA e nas leis que a<br \/>alterarem. Ressalva-se que essa coluna pode n\u00e3o refletir a totalidade das receitas necess\u00e1rias para a<br \/>abertura de cr\u00e9ditos adicionais, quando houver a utiliza\u00e7\u00e3o de super\u00e1vit financeiro para esse fim.\u201d [Grifos<br \/>meus].<\/p>\n\n\n\n<p>\u201cPREVIS\u00c3O ATUALIZADA<br \/>Identifica os valores atualizados das receitas previstas na Lei Or\u00e7ament\u00e1ria Anual \u2013 LOA ou nas altera\u00e7\u00f5es<br \/>desta lei, para o exerc\u00edcio de refer\u00eancia, que dever\u00e3o refletir a parcela da reestimativa da receita que poder\u00e1 ser utilizada para abertura de cr\u00e9ditos adicionais, o surgimento de nova natureza de receita n\u00e3o prevista quando da aprova\u00e7\u00e3o da LOA, o remanejamento entre as naturezas de receita ou ainda as atualiza\u00e7\u00f5es monet\u00e1rias autorizadas por lei, efetuadas ap\u00f3s a data da publica\u00e7\u00e3o da LOA. Se n\u00e3o<br \/>ocorrer nenhum dos eventos mencionados, o valor da previs\u00e3o atualizada ser\u00e1 o mesmo valor da previs\u00e3o inicial.\u201d [Grifos meus].<\/p>\n\n\n\n<p>A estimada banca trouxe como gabarito o item C (Previs\u00e3o Inicial).<\/p>\n\n\n\n<p>Entretanto, para que seja considerada a atualiza\u00e7\u00e3o monet\u00e1ria na previs\u00e3o inicial, \u00e9 necess\u00e1rio que a as atualiza\u00e7\u00f5es monet\u00e1rias estejam autorizadas por lei e efetuadas ANTES da publica\u00e7\u00e3o da LOA.<\/p>\n\n\n\n<p>Assim, sabendo que a banca apenas elencou:<br \/>\u201cAntes da publica\u00e7\u00e3o da LOA, por\u00e9m, a equipe da secretaria foi notificada que uma das esp\u00e9cies de receita sofreria atualiza\u00e7\u00e3o monet\u00e1ria legalmente autorizada.\u201d <\/p>\n\n\n\n<p>Nota-se que foi mencionado que a receita SOFRERIA atualiza\u00e7\u00e3o monet\u00e1ria legalmente autorizada, mas n\u00e3o trouxe subs\u00eddios contundentes para fornecer se tal lei foi publicada e sancionada antes ou ap\u00f3s a publica\u00e7\u00e3o da LOA. <\/p>\n\n\n\n<p>Assim, pela falta de objetividade e pela subjetividade trazida pela situa\u00e7\u00e3o, sugere-se a <strong>ANULA\u00c7\u00c3O<\/strong> da quest\u00e3o, por ter prejudicado o entendimento objetivo da quest\u00e3o.<\/p>\n\n\n\n<p><strong><span style=\"text-decoration: underline;\">RECURSO DE ANULA\u00c7\u00c3O<\/span>.<\/strong><\/p>\n\n\n\n<p class=\"has-very-light-gray-to-cyan-bluish-gray-gradient-background has-background has-medium-font-size\"><strong>Disciplina:<\/strong> <strong>Economia<\/strong><\/p>\n\n\n\n<p class=\"has-vivid-green-cyan-color has-white-background-color has-text-color has-background\"><strong><span style=\"text-decoration: underline;\">QUEST\u00c3O 49<\/span><\/strong><\/p>\n\n\n\n<p>Fala pessoal, tudo certo?<\/p>\n\n\n\n<p>Bem, como previsto na nossa live de corre\u00e7\u00e3o da prova, a FGV deu um gabarito do qual discordo na quest\u00e3o sobre o sistema de metas de infla\u00e7\u00e3o.<\/p>\n\n\n\n<p>Al\u00e9m disso, na quest\u00e3o sobre o Modelo IS-LM, deu como gabarito preliminar uma alternativa que, na minha opini\u00e3o, est\u00e1 no m\u00ednimo \u201cmenos correta\u201d que outra.<\/p>\n\n\n\n<p>Vamos direto a elas.<\/p>\n\n\n\n<figure class=\"wp-block-image aligncenter size-full\"><img loading=\"lazy\" decoding=\"async\" width=\"562\" height=\"514\" src=\"https:\/\/dhg1h5j42swfq.cloudfront.net\/2023\/08\/30120643\/image-314.png\" alt=\"\" class=\"wp-image-1271385\" srcset=\"https:\/\/dhg1h5j42swfq.cloudfront.net\/2023\/08\/30120643\/image-314.png 562w, https:\/\/dhg1h5j42swfq.cloudfront.net\/2023\/08\/30120643\/image-314-300x274.png 300w, https:\/\/dhg1h5j42swfq.cloudfront.net\/2023\/08\/30120643\/image-314-150x137.png 150w\" sizes=\"auto, (max-width: 562px) 100vw, 562px\" \/><\/figure>\n\n\n\n<p>Gabarito da banca: B<\/p>\n\n\n\n<p>Minha proposta: anula\u00e7\u00e3o<\/p>\n\n\n\n<p>Argumento:<\/p>\n\n\n\n<p>O texto da segunda afirmativa permite interpretar que o Bacen define a taxa de juros a partir da regra de Taylor, ou seja, esse seria o ponto de partida da defini\u00e7\u00e3o da Selic Meta. Contudo, isso n\u00e3o \u00e9 verdade.<\/p>\n\n\n\n<p>De acordo com o mais recente Relat\u00f3rio de Infla\u00e7\u00e3o (RI) do Banco Central do Brasil<sup>1<\/sup>, a regra de Taylor \u00e9 apenas um dos elementos utilizado para estimar a \u201cTaxa neutra filtrada pelo modelo semiestrutural de pequeno porte\u201d, sendo exposto no pr\u00f3prio relat\u00f3rio que (destaquei):<\/p>\n\n\n\n<p>\u201cEssa abordagem combina diversos elementos das abordagens anteriores. Em particular, o modelo agregado estima o comportamento da demanda agregada (curva IS), da autoridade monet\u00e1ria (regra de Taylor), dos formadores de pre\u00e7o (curva de Phillips) e dos investidores que arbitram juros internacionais (paridade descoberta de juros). Todos esses elementos estavam, de forma isolada para cada m\u00e9todo, presentes nas abordagens anteriores. AQUI, CONTUDO, TODOS ESSES ELEMENTOS S\u00c3O CONSIDERADOS CONJUNTAMENTE E PONDERADOS NO FILTRO QUE ESTIMA A TEND\u00caNCIA DA TAXA DE JUROS REAL NEUTRA.\u201d \u2013 p\u00e1g. 72<\/p>\n\n\n\n<p>Al\u00e9m desse indicador (Taxa neutra filtrada pelo modelo semiestrutural de pequeno porte), diversos outros s\u00e3o calculados ou estimados para determina\u00e7\u00e3o da condu\u00e7\u00e3o de pol\u00edtica monet\u00e1ria, incluindo proje\u00e7\u00f5es de infla\u00e7\u00e3o futura, c\u00e2mbio e choques de oferta, os quais n\u00e3o s\u00e3o considerados na regra de Taylor.<\/p>\n\n\n\n<p>Destaca-se ainda no RI o real ponto de partida da defini\u00e7\u00e3o da taxa de juros:<\/p>\n\n\n\n<p>\u201cA taxa de juros real neutra da economia, refer\u00eancia fundamental na formula\u00e7\u00e3o da pol\u00edtica monet\u00e1ria, pode ser definida como aquela consistente, no m\u00e9dio prazo, com infla\u00e7\u00e3o na meta e crescimento do produto igual ao crescimento potencial (Blinder, 1998)\u201d \u2013 P\u00e1g. 67<\/p>\n\n\n\n<p>Dessa forma, o gabarito da quest\u00e3o deveria ser a letra C. Subsidiariamente, diante da poss\u00edvel margem para interpreta\u00e7\u00e3o da afirmativa II, que poderia ser considerada correta caso o sentido de \u201cA partir\u201d n\u00e3o seja de \u201cponto de partida\u201d, mas sim de \u201cum dos elementos considerados\u201d, pede-se a anula\u00e7\u00e3o da quest\u00e3o por conter dois gabaritos poss\u00edveis.<\/p>\n\n\n\n<p><sup>1<\/sup> <a href=\"https:\/\/www.bcb.gov.br\/publicacoes\/ri\">https:\/\/www.bcb.gov.br\/publicacoes\/ri<\/a><\/p>\n\n\n\n<p class=\"has-vivid-green-cyan-color has-text-color\"><strong><span style=\"text-decoration: underline;\">QUEST\u00c3O 54<\/span><\/strong><\/p>\n\n\n\n<figure class=\"wp-block-image aligncenter size-full\"><img loading=\"lazy\" decoding=\"async\" width=\"587\" height=\"340\" src=\"https:\/\/dhg1h5j42swfq.cloudfront.net\/2023\/08\/30120749\/image-315.png\" alt=\"\" class=\"wp-image-1271388\" srcset=\"https:\/\/dhg1h5j42swfq.cloudfront.net\/2023\/08\/30120749\/image-315.png 587w, https:\/\/dhg1h5j42swfq.cloudfront.net\/2023\/08\/30120749\/image-315-300x174.png 300w, https:\/\/dhg1h5j42swfq.cloudfront.net\/2023\/08\/30120749\/image-315-150x87.png 150w\" sizes=\"auto, (max-width: 587px) 100vw, 587px\" \/><\/figure>\n\n\n\n<p>Gabarito da banca: E<\/p>\n\n\n\n<p>Minha proposta: D<\/p>\n\n\n\n<p>A letra considerou que a letra \u201cE\u201d est\u00e1 correta. Contudo, delimitou a situa\u00e7\u00e3o fora do caso cl\u00e1ssico, INCLUINDO, portanto, a armadilha da liquidez. Nessa situa\u00e7\u00e3o, n\u00e3o haveria eleva\u00e7\u00e3o da taxa de juros, tornando a alternativa incorreta:<\/p>\n\n\n\n<p>\u201cSe a economia estiver na armadilha da liquidez e, portanto, a curva LM for horizontal, um aumento nos gastos governamentais tem efeito total do multiplicador sobre o n\u00edvel de equil\u00edbrio da renda. N\u00c3O H\u00c1 ALTERA\u00c7\u00c3O NA TAXA DE JUROS ASSOCIADA com a varia\u00e7\u00e3o nos gastos governamentais e, dessa forma, nenhum gasto com investimento \u00e9 reduzido.\u201d<\/p>\n\n\n\n<p>Dornbusch, Rudiger; Fischer, Stanley; Startz, Richard. Macroeconomia (Portuguese Edition) (p. 251). Edi\u00e7\u00e3o do Kindle.<\/p>\n\n\n\n<p>Al\u00e9m disso, mesmo se considerarmos o caso intermedi\u00e1rio (curva LM positivamente inclinada), o resultado FINAL em rela\u00e7\u00e3o \u00e0 demanda por moeda \u00e9 neutro, uma vez a eleva\u00e7\u00e3o dos juros tende a diminuir a demanda por moeda, que fora aumentada pela eleva\u00e7\u00e3o da renda, convergindo novamente ao equil\u00edbrio no mercado monet\u00e1rio (curva LM):<\/p>\n\n\n\n<p>\u201cA demanda por moeda \u00e9 uma demanda por saldos reais. Esta demanda aumenta com a renda e diminui com a taxa de juros, que \u00e9 o custo de reter moeda em vez de outros ativos. Com uma oferta de saldos reais exogenamente fixada, a curva LM, que representa o equil\u00edbrio do mercado monet\u00e1rio, \u00e9 positivamente inclinada.\u201d<\/p>\n\n\n\n<p>Dornbusch, Rudiger; Fischer, Stanley; Startz, Richard. Macroeconomia (Portuguese Edition) (p. 234). Edi\u00e7\u00e3o do Kindle.<\/p>\n\n\n\n<p>Portanto, a alternativa, para estar correta, deveria especificar que o aumento na demanda por moeda \u00e9 apenas tempor\u00e1rio, e n\u00e3o, como consta no enunciado, que \u00e9 \u201cuma caracter\u00edstica do modelo IS-LM\u201d, um modelo de equil\u00edbrio.<\/p>\n\n\n\n<p>Por fim, est\u00e1 correta a alternativa D.<\/p>\n\n\n\n<p>De fato, \u201cuma pol\u00edtica monet\u00e1ria expansionista provoca a redu\u00e7\u00e3o da taxa de juros, o que aumenta investimento e renda\u201d, conforme indicado por Froyen, Mankiw e :<\/p>\n\n\n\n<p>\u201cNo modelo IS-LM, a pol\u00edtica monet\u00e1ria afeta a renda ao reduzir a taxa de juros e estimular o investimento.\u201d<\/p>\n\n\n\n<p>RICHARD FROYEN. MACROECONOMIA (Portuguese Edition) . Editora Saraiva. Edi\u00e7\u00e3o do Kindle.<\/p>\n\n\n\n<p>\u201cUma pol\u00edtica monet\u00e1ria expansionista desloca a curva LM em sentido descendente. Esse deslocamento na curva LM reduz a taxa de juros e aumenta o n\u00edvel de renda.\u201d<\/p>\n\n\n\n<p>Mankiw, N. Gregory. Macroeconomia (Portuguese Edition) . LTC. Edi\u00e7\u00e3o do Kindle.<\/p>\n\n\n\n<p>\u201cA parte superior mostra o que acontece quando o Fed adota uma pol\u00edtica monet\u00e1ria expansionista e aumenta a oferta monet\u00e1ria. As taxas de juros caem, levando a um aumento do gasto de investimento, o que aumenta a renda&#8230;\u201d<\/p>\n\n\n\n<p>Krugman, Paul; Wells, Robin. Macroeconomia (Portuguese Edition) . Elsevier Brasil. Edi\u00e7\u00e3o do Kindle.<\/p>\n\n\n\n<p>Poder-se-ia argumentar que tal efeito n\u00e3o ocorrer\u00e1 na armadilha da liquidez, mas, nesse caso, a quest\u00e3o deveria ser anulada, pois tal argumento tamb\u00e9m invalida a alternativa E.<\/p>\n\n\n\n<p>Portanto, pede-se a altera\u00e7\u00e3o do gabarito para a letra D ou, subsidiariamente, a anula\u00e7\u00e3o da quest\u00e3o.<\/p>\n\n\n\n<p>Bem, \u00e9 isso pessoal! Permane\u00e7o \u00e0 disposi\u00e7\u00e3o e desejo sucesso sempre!!<\/p>\n\n\n\n<hr class=\"wp-block-separator has-alpha-channel-opacity\"\/>\n\n\n\n<p class=\"has-text-align-center has-pale-cyan-blue-background-color has-background has-medium-font-size\"><strong><a href=\"https:\/\/www.estrategiaconcursos.com.br\/blog\/concurso-iss-rj\/\">Saiba mais detalhes do concurso ISS RJ<\/a><\/strong><\/p>\n\n\n\n<div class=\"container\" id=\"boxes\">\n  <div class=\"row\">\n\n    <div class=\"col-sm\">\n      <div class=\"banner-fiscal-01\" id=\"box-assinatura\">\n        <h3 class=\"titulo-assinatura\">Carreiras Fiscais<\/h3>\n        <p class=\"subtitulo-assinatura\">Conhe\u00e7a os cursos para ISS RJ<\/p>\n        <div class=\"box-botao\">\n          <a class=\"btn-assinatura\" target=\"_blank\" href=\"https:\/\/www.estrategiaconcursos.com.br\/cursosPorConcurso\/iss-rio-de-janeiro-363\/\" role=\"button\" rel=\"noopener noreferrer\">Conhe\u00e7a mais<\/a>\n        <\/div>\n      <\/div>\n      \n    <\/div>\n\n  <\/div>\n<\/div>\n\n\n\n<div class=\"container\" id=\"boxes\">\n  <div class=\"row\">\n\n    <div class=\"col-sm\">\n      <div class=\"estrategia\" id=\"box-assinatura\">\n        <h3 class=\"titulo-assinatura\">Assinatura Concursos<\/h3>\n        <p class=\"subtitulo-assinatura\">Assinatura de 1 ano ou 2 anos<\/p>\n        <div class=\"box-botao\">\n          <a class=\"btn-assinatura\" target=\"_blank\" href=\"https:\/\/www.estrategiaconcursos.com.br\/assinaturas\/\" role=\"button\" rel=\"noopener noreferrer\">ASSINE AGORA<\/a>\n        <\/div>\n      <\/div><\/div><\/div><\/div>\n\n\n\n<h2 class=\"wp-block-heading has-text-align-center\" id=\"h-quer-saber-tudo-sobre-concursos-previstos-confira-nossos-artigos\">Quer saber tudo sobre concursos previstos?<br \/>Confira nossos artigos!<\/h2>\n\n\n\n<ul class=\"wp-block-list\">\n<li><a href=\"https:\/\/www.estrategiaconcursos.com.br\/blog\/concursos-abertos\/\" target=\"_blank\" rel=\"noreferrer noopener\">Concursos Abertos<\/a><\/li>\n\n\n\n<li><a href=\"https:\/\/www.estrategiaconcursos.com.br\/blog\/concursos-fiscais\/\" target=\"_blank\" rel=\"noreferrer noopener\">Concursos fiscais<\/a><\/li>\n\n\n\n<li><a href=\"https:\/\/www.estrategiaconcursos.com.br\/blog\/concursos-2023\/\" target=\"_blank\" rel=\"noreferrer noopener\">Concursos 2023<\/a><\/li>\n\n\n\n<li><a href=\"https:\/\/www.estrategiaconcursos.com.br\/blog\/concursos-2024\/\" target=\"_blank\" rel=\"noreferrer noopener\">Concursos 2024<\/a><\/li>\n<\/ul>\n","protected":false},"excerpt":{"rendered":"<p>As provas do concurso ISS RJ para o cargo de Analista de Planejamento e Or\u00e7amento ocorreram no \u00faltimo domingo (27). Inclusive, j\u00e1 foram divulgados os gabaritos preliminares. O Estrat\u00e9gia Concursos esteve presente durante todos os momentos de sua prepara\u00e7\u00e3o (assim como na corre\u00e7\u00e3o extraoficial) e, mesmo ap\u00f3s a realiza\u00e7\u00e3o das avalia\u00e7\u00f5es, n\u00e3o deixar\u00e1 de te [&hellip;]<\/p>\n","protected":false},"author":2134,"featured_media":1245064,"comment_status":"open","ping_status":"closed","sticky":false,"template":"","format":"standard","meta":{"post_tipo":"news","footnotes":""},"categories":[220183,220219],"tags":[867,8],"tax_estado":[219982],"class_list":["post-1271165","post","type-post","status-publish","format-standard","has-post-thumbnail","hentry","category-fiscal-municipal","category-noticias","tag-prova-comentada","tag-recurso","tax_estado-rj"],"acf":[],"yoast_head":"<!-- This site is optimized with the Yoast SEO Premium plugin v27.2 (Yoast SEO v27.2) - https:\/\/yoast.com\/product\/yoast-seo-premium-wordpress\/ -->\n<title>Concurso ISS RJ: confira os poss\u00edveis recursos para Analista<\/title>\n<meta name=\"description\" content=\"Concurso ISS RJ: veja os poss\u00edveis recursos para Analista de Planejamento e Or\u00e7amento (APO). Todos os detalhes est\u00e3o no blog!\" \/>\n<meta name=\"robots\" content=\"index, follow, max-snippet:-1, max-image-preview:large, max-video-preview:-1\" \/>\n<link rel=\"canonical\" href=\"https:\/\/www.estrategiaconcursos.com.br\/blog\/concurso-iss-rj-possiveis-recursos-para-analista\/\" \/>\n<meta property=\"og:locale\" content=\"pt_BR\" \/>\n<meta property=\"og:type\" content=\"article\" \/>\n<meta property=\"og:title\" content=\"Concurso ISS RJ: confira os poss\u00edveis recursos para Analista\" \/>\n<meta property=\"og:description\" content=\"Concurso ISS RJ: veja os poss\u00edveis recursos para Analista de Planejamento e Or\u00e7amento (APO). Todos os detalhes est\u00e3o no blog!\" \/>\n<meta property=\"og:url\" content=\"https:\/\/www.estrategiaconcursos.com.br\/blog\/concurso-iss-rj-possiveis-recursos-para-analista\/\" \/>\n<meta property=\"og:site_name\" content=\"Estrat\u00e9gia Concursos\" \/>\n<meta property=\"article:published_time\" content=\"2023-08-30T19:00:00+00:00\" \/>\n<meta property=\"article:modified_time\" content=\"2023-08-30T19:08:51+00:00\" \/>\n<meta property=\"og:image\" content=\"https:\/\/dhg1h5j42swfq.cloudfront.net\/2023\/07\/07134223\/iss-rj.jpg\" \/>\n\t<meta property=\"og:image:width\" content=\"768\" \/>\n\t<meta property=\"og:image:height\" content=\"432\" \/>\n\t<meta property=\"og:image:type\" content=\"image\/jpeg\" \/>\n<meta name=\"author\" content=\"Rafaela Teixeira\" \/>\n<meta name=\"twitter:card\" content=\"summary_large_image\" \/>\n<meta name=\"twitter:creator\" content=\"@EstratConcursos\" \/>\n<meta name=\"twitter:site\" content=\"@EstratConcursos\" \/>\n<meta name=\"twitter:label1\" content=\"Escrito por\" \/>\n\t<meta name=\"twitter:data1\" content=\"Rafaela Teixeira\" \/>\n\t<meta name=\"twitter:label2\" content=\"Est. tempo de leitura\" \/>\n\t<meta name=\"twitter:data2\" content=\"20 minutos\" \/>\n<script type=\"application\/ld+json\" class=\"yoast-schema-graph\">{\"@context\":\"https:\/\/schema.org\",\"@graph\":[{\"@type\":\"NewsArticle\",\"@id\":\"https:\/\/www.estrategiaconcursos.com.br\/blog\/concurso-iss-rj-possiveis-recursos-para-analista\/#article\",\"isPartOf\":{\"@id\":\"https:\/\/www.estrategiaconcursos.com.br\/blog\/concurso-iss-rj-possiveis-recursos-para-analista\/\"},\"author\":{\"name\":\"Rafaela Teixeira\",\"@id\":\"https:\/\/www.estrategiaconcursos.com.br\/blog\/#\/schema\/person\/e75352021ea7f60781c599934f916eb1\"},\"headline\":\"Concurso ISS RJ: confira os poss\u00edveis recursos para Analista\",\"datePublished\":\"2023-08-30T19:00:00+00:00\",\"dateModified\":\"2023-08-30T19:08:51+00:00\",\"mainEntityOfPage\":{\"@id\":\"https:\/\/www.estrategiaconcursos.com.br\/blog\/concurso-iss-rj-possiveis-recursos-para-analista\/\"},\"wordCount\":3950,\"commentCount\":0,\"publisher\":{\"@id\":\"https:\/\/www.estrategiaconcursos.com.br\/blog\/#organization\"},\"image\":{\"@id\":\"https:\/\/www.estrategiaconcursos.com.br\/blog\/concurso-iss-rj-possiveis-recursos-para-analista\/#primaryimage\"},\"thumbnailUrl\":\"https:\/\/dhg1h5j42swfq.cloudfront.net\/2023\/07\/07134223\/iss-rj.jpg\",\"keywords\":[\"prova comentada\",\"Recurso\"],\"articleSection\":[\"Fiscal - Municipal (ISS)\",\"\u00daltimas not\u00edcias\"],\"inLanguage\":\"pt-BR\",\"potentialAction\":[{\"@type\":\"CommentAction\",\"name\":\"Comment\",\"target\":[\"https:\/\/www.estrategiaconcursos.com.br\/blog\/concurso-iss-rj-possiveis-recursos-para-analista\/#respond\"]}],\"copyrightYear\":\"2023\",\"copyrightHolder\":{\"@id\":\"https:\/\/www.estrategiaconcursos.com.br\/blog\/#organization\"}},{\"@type\":\"WebPage\",\"@id\":\"https:\/\/www.estrategiaconcursos.com.br\/blog\/concurso-iss-rj-possiveis-recursos-para-analista\/\",\"url\":\"https:\/\/www.estrategiaconcursos.com.br\/blog\/concurso-iss-rj-possiveis-recursos-para-analista\/\",\"name\":\"Concurso ISS RJ: confira os poss\u00edveis recursos para Analista\",\"isPartOf\":{\"@id\":\"https:\/\/www.estrategiaconcursos.com.br\/blog\/#website\"},\"primaryImageOfPage\":{\"@id\":\"https:\/\/www.estrategiaconcursos.com.br\/blog\/concurso-iss-rj-possiveis-recursos-para-analista\/#primaryimage\"},\"image\":{\"@id\":\"https:\/\/www.estrategiaconcursos.com.br\/blog\/concurso-iss-rj-possiveis-recursos-para-analista\/#primaryimage\"},\"thumbnailUrl\":\"https:\/\/dhg1h5j42swfq.cloudfront.net\/2023\/07\/07134223\/iss-rj.jpg\",\"datePublished\":\"2023-08-30T19:00:00+00:00\",\"dateModified\":\"2023-08-30T19:08:51+00:00\",\"description\":\"Concurso ISS RJ: veja os poss\u00edveis recursos para Analista de Planejamento e Or\u00e7amento (APO). Todos os detalhes est\u00e3o no blog!\",\"breadcrumb\":{\"@id\":\"https:\/\/www.estrategiaconcursos.com.br\/blog\/concurso-iss-rj-possiveis-recursos-para-analista\/#breadcrumb\"},\"inLanguage\":\"pt-BR\",\"potentialAction\":[{\"@type\":\"ReadAction\",\"target\":[\"https:\/\/www.estrategiaconcursos.com.br\/blog\/concurso-iss-rj-possiveis-recursos-para-analista\/\"]}]},{\"@type\":\"ImageObject\",\"inLanguage\":\"pt-BR\",\"@id\":\"https:\/\/www.estrategiaconcursos.com.br\/blog\/concurso-iss-rj-possiveis-recursos-para-analista\/#primaryimage\",\"url\":\"https:\/\/dhg1h5j42swfq.cloudfront.net\/2023\/07\/07134223\/iss-rj.jpg\",\"contentUrl\":\"https:\/\/dhg1h5j42swfq.cloudfront.net\/2023\/07\/07134223\/iss-rj.jpg\",\"width\":768,\"height\":432,\"caption\":\"ISS RJ recursos\"},{\"@type\":\"BreadcrumbList\",\"@id\":\"https:\/\/www.estrategiaconcursos.com.br\/blog\/concurso-iss-rj-possiveis-recursos-para-analista\/#breadcrumb\",\"itemListElement\":[{\"@type\":\"ListItem\",\"position\":1,\"name\":\"In\u00edcio\",\"item\":\"https:\/\/www.estrategiaconcursos.com.br\/blog\/\"},{\"@type\":\"ListItem\",\"position\":2,\"name\":\"Concurso ISS RJ: confira os poss\u00edveis recursos para Analista\"}]},{\"@type\":\"WebSite\",\"@id\":\"https:\/\/www.estrategiaconcursos.com.br\/blog\/#website\",\"url\":\"https:\/\/www.estrategiaconcursos.com.br\/blog\/\",\"name\":\"Estrat\u00e9gia Concursos\",\"description\":\"O blog da Estrat\u00e9gia Concursos traz not\u00edcias sobre concursos e artigos de professores oferecendo cursos para concursos (pdf + videaulas) no site.\",\"publisher\":{\"@id\":\"https:\/\/www.estrategiaconcursos.com.br\/blog\/#organization\"},\"potentialAction\":[{\"@type\":\"SearchAction\",\"target\":{\"@type\":\"EntryPoint\",\"urlTemplate\":\"https:\/\/www.estrategiaconcursos.com.br\/blog\/?s={search_term_string}\"},\"query-input\":{\"@type\":\"PropertyValueSpecification\",\"valueRequired\":true,\"valueName\":\"search_term_string\"}}],\"inLanguage\":\"pt-BR\"},{\"@type\":\"Organization\",\"@id\":\"https:\/\/www.estrategiaconcursos.com.br\/blog\/#organization\",\"name\":\"Estrat\u00e9gia Concursos\",\"url\":\"https:\/\/www.estrategiaconcursos.com.br\/blog\/\",\"logo\":{\"@type\":\"ImageObject\",\"inLanguage\":\"pt-BR\",\"@id\":\"https:\/\/www.estrategiaconcursos.com.br\/blog\/#\/schema\/logo\/image\/\",\"url\":\"https:\/\/dhg1h5j42swfq.cloudfront.net\/2025\/06\/03203428\/logo_concursos-1.jpg\",\"contentUrl\":\"https:\/\/dhg1h5j42swfq.cloudfront.net\/2025\/06\/03203428\/logo_concursos-1.jpg\",\"width\":230,\"height\":60,\"caption\":\"Estrat\u00e9gia Concursos\"},\"image\":{\"@id\":\"https:\/\/www.estrategiaconcursos.com.br\/blog\/#\/schema\/logo\/image\/\"},\"sameAs\":[\"https:\/\/x.com\/EstratConcursos\"]},{\"@type\":\"Person\",\"@id\":\"https:\/\/www.estrategiaconcursos.com.br\/blog\/#\/schema\/person\/e75352021ea7f60781c599934f916eb1\",\"name\":\"Rafaela Teixeira\",\"image\":{\"@type\":\"ImageObject\",\"inLanguage\":\"pt-BR\",\"@id\":\"https:\/\/secure.gravatar.com\/avatar\/8a349a2b22039b1ee88fc06461487c950fd6aa411ea8af8633314b43334ae793?s=96&d=mm&r=g\",\"url\":\"https:\/\/secure.gravatar.com\/avatar\/8a349a2b22039b1ee88fc06461487c950fd6aa411ea8af8633314b43334ae793?s=96&d=mm&r=g\",\"contentUrl\":\"https:\/\/secure.gravatar.com\/avatar\/8a349a2b22039b1ee88fc06461487c950fd6aa411ea8af8633314b43334ae793?s=96&d=mm&r=g\",\"caption\":\"Rafaela Teixeira\"},\"description\":\"Rafaela Teixeira \u00e9 advogada conveniada \u00e0 Defensoria P\u00fablica de S\u00e3o Paulo pela OAB, com experi\u00eancia em reda\u00e7\u00e3o jur\u00eddica e atua\u00e7\u00e3o em institui\u00e7\u00f5es p\u00fablicas, incluindo est\u00e1gio no TRE-SP. Possui mais de 7 anos de experi\u00eancia na produ\u00e7\u00e3o de conte\u00fados voltados ao nicho de concursos p\u00fablicos, com foco em apura\u00e7\u00e3o jornal\u00edstica cont\u00ednua, an\u00e1lise de editais e obten\u00e7\u00e3o de informa\u00e7\u00f5es diretamente junto a \u00f3rg\u00e3os e fontes oficiais. No Blog do Estrat\u00e9gia Concursos, atua como Analista de Conte\u00fado S\u00eanior, respons\u00e1vel pelo jornalismo do per\u00edodo noturno e da madrugada, com atua\u00e7\u00e3o transversal na cobertura de concursos p\u00fablicos, garantindo a continuidade, fluidez e confiabilidade das publica\u00e7\u00f5es e dos bastidores dos certames.\",\"url\":\"https:\/\/www.estrategiaconcursos.com.br\/blog\/author\/rafaela-teixeira\/\"}]}<\/script>\n<!-- \/ Yoast SEO Premium plugin. -->","yoast_head_json":{"title":"Concurso ISS RJ: confira os poss\u00edveis recursos para Analista","description":"Concurso ISS RJ: veja os poss\u00edveis recursos para Analista de Planejamento e Or\u00e7amento (APO). Todos os detalhes est\u00e3o no blog!","robots":{"index":"index","follow":"follow","max-snippet":"max-snippet:-1","max-image-preview":"max-image-preview:large","max-video-preview":"max-video-preview:-1"},"canonical":"https:\/\/www.estrategiaconcursos.com.br\/blog\/concurso-iss-rj-possiveis-recursos-para-analista\/","og_locale":"pt_BR","og_type":"article","og_title":"Concurso ISS RJ: confira os poss\u00edveis recursos para Analista","og_description":"Concurso ISS RJ: veja os poss\u00edveis recursos para Analista de Planejamento e Or\u00e7amento (APO). Todos os detalhes est\u00e3o no blog!","og_url":"https:\/\/www.estrategiaconcursos.com.br\/blog\/concurso-iss-rj-possiveis-recursos-para-analista\/","og_site_name":"Estrat\u00e9gia Concursos","article_published_time":"2023-08-30T19:00:00+00:00","article_modified_time":"2023-08-30T19:08:51+00:00","og_image":[{"width":768,"height":432,"url":"https:\/\/dhg1h5j42swfq.cloudfront.net\/2023\/07\/07134223\/iss-rj.jpg","type":"image\/jpeg"}],"author":"Rafaela Teixeira","twitter_card":"summary_large_image","twitter_creator":"@EstratConcursos","twitter_site":"@EstratConcursos","twitter_misc":{"Escrito por":"Rafaela Teixeira","Est. tempo de leitura":"20 minutos"},"schema":{"@context":"https:\/\/schema.org","@graph":[{"@type":"NewsArticle","@id":"https:\/\/www.estrategiaconcursos.com.br\/blog\/concurso-iss-rj-possiveis-recursos-para-analista\/#article","isPartOf":{"@id":"https:\/\/www.estrategiaconcursos.com.br\/blog\/concurso-iss-rj-possiveis-recursos-para-analista\/"},"author":{"name":"Rafaela Teixeira","@id":"https:\/\/www.estrategiaconcursos.com.br\/blog\/#\/schema\/person\/e75352021ea7f60781c599934f916eb1"},"headline":"Concurso ISS RJ: confira os poss\u00edveis recursos para Analista","datePublished":"2023-08-30T19:00:00+00:00","dateModified":"2023-08-30T19:08:51+00:00","mainEntityOfPage":{"@id":"https:\/\/www.estrategiaconcursos.com.br\/blog\/concurso-iss-rj-possiveis-recursos-para-analista\/"},"wordCount":3950,"commentCount":0,"publisher":{"@id":"https:\/\/www.estrategiaconcursos.com.br\/blog\/#organization"},"image":{"@id":"https:\/\/www.estrategiaconcursos.com.br\/blog\/concurso-iss-rj-possiveis-recursos-para-analista\/#primaryimage"},"thumbnailUrl":"https:\/\/dhg1h5j42swfq.cloudfront.net\/2023\/07\/07134223\/iss-rj.jpg","keywords":["prova comentada","Recurso"],"articleSection":["Fiscal - Municipal (ISS)","\u00daltimas not\u00edcias"],"inLanguage":"pt-BR","potentialAction":[{"@type":"CommentAction","name":"Comment","target":["https:\/\/www.estrategiaconcursos.com.br\/blog\/concurso-iss-rj-possiveis-recursos-para-analista\/#respond"]}],"copyrightYear":"2023","copyrightHolder":{"@id":"https:\/\/www.estrategiaconcursos.com.br\/blog\/#organization"}},{"@type":"WebPage","@id":"https:\/\/www.estrategiaconcursos.com.br\/blog\/concurso-iss-rj-possiveis-recursos-para-analista\/","url":"https:\/\/www.estrategiaconcursos.com.br\/blog\/concurso-iss-rj-possiveis-recursos-para-analista\/","name":"Concurso ISS RJ: confira os poss\u00edveis recursos para Analista","isPartOf":{"@id":"https:\/\/www.estrategiaconcursos.com.br\/blog\/#website"},"primaryImageOfPage":{"@id":"https:\/\/www.estrategiaconcursos.com.br\/blog\/concurso-iss-rj-possiveis-recursos-para-analista\/#primaryimage"},"image":{"@id":"https:\/\/www.estrategiaconcursos.com.br\/blog\/concurso-iss-rj-possiveis-recursos-para-analista\/#primaryimage"},"thumbnailUrl":"https:\/\/dhg1h5j42swfq.cloudfront.net\/2023\/07\/07134223\/iss-rj.jpg","datePublished":"2023-08-30T19:00:00+00:00","dateModified":"2023-08-30T19:08:51+00:00","description":"Concurso ISS RJ: veja os poss\u00edveis recursos para Analista de Planejamento e Or\u00e7amento (APO). Todos os detalhes est\u00e3o no blog!","breadcrumb":{"@id":"https:\/\/www.estrategiaconcursos.com.br\/blog\/concurso-iss-rj-possiveis-recursos-para-analista\/#breadcrumb"},"inLanguage":"pt-BR","potentialAction":[{"@type":"ReadAction","target":["https:\/\/www.estrategiaconcursos.com.br\/blog\/concurso-iss-rj-possiveis-recursos-para-analista\/"]}]},{"@type":"ImageObject","inLanguage":"pt-BR","@id":"https:\/\/www.estrategiaconcursos.com.br\/blog\/concurso-iss-rj-possiveis-recursos-para-analista\/#primaryimage","url":"https:\/\/dhg1h5j42swfq.cloudfront.net\/2023\/07\/07134223\/iss-rj.jpg","contentUrl":"https:\/\/dhg1h5j42swfq.cloudfront.net\/2023\/07\/07134223\/iss-rj.jpg","width":768,"height":432,"caption":"ISS RJ recursos"},{"@type":"BreadcrumbList","@id":"https:\/\/www.estrategiaconcursos.com.br\/blog\/concurso-iss-rj-possiveis-recursos-para-analista\/#breadcrumb","itemListElement":[{"@type":"ListItem","position":1,"name":"In\u00edcio","item":"https:\/\/www.estrategiaconcursos.com.br\/blog\/"},{"@type":"ListItem","position":2,"name":"Concurso ISS RJ: confira os poss\u00edveis recursos para Analista"}]},{"@type":"WebSite","@id":"https:\/\/www.estrategiaconcursos.com.br\/blog\/#website","url":"https:\/\/www.estrategiaconcursos.com.br\/blog\/","name":"Estrat\u00e9gia Concursos","description":"O blog da Estrat\u00e9gia Concursos traz not\u00edcias sobre concursos e artigos de professores oferecendo cursos para concursos (pdf + videaulas) no site.","publisher":{"@id":"https:\/\/www.estrategiaconcursos.com.br\/blog\/#organization"},"potentialAction":[{"@type":"SearchAction","target":{"@type":"EntryPoint","urlTemplate":"https:\/\/www.estrategiaconcursos.com.br\/blog\/?s={search_term_string}"},"query-input":{"@type":"PropertyValueSpecification","valueRequired":true,"valueName":"search_term_string"}}],"inLanguage":"pt-BR"},{"@type":"Organization","@id":"https:\/\/www.estrategiaconcursos.com.br\/blog\/#organization","name":"Estrat\u00e9gia Concursos","url":"https:\/\/www.estrategiaconcursos.com.br\/blog\/","logo":{"@type":"ImageObject","inLanguage":"pt-BR","@id":"https:\/\/www.estrategiaconcursos.com.br\/blog\/#\/schema\/logo\/image\/","url":"https:\/\/dhg1h5j42swfq.cloudfront.net\/2025\/06\/03203428\/logo_concursos-1.jpg","contentUrl":"https:\/\/dhg1h5j42swfq.cloudfront.net\/2025\/06\/03203428\/logo_concursos-1.jpg","width":230,"height":60,"caption":"Estrat\u00e9gia Concursos"},"image":{"@id":"https:\/\/www.estrategiaconcursos.com.br\/blog\/#\/schema\/logo\/image\/"},"sameAs":["https:\/\/x.com\/EstratConcursos"]},{"@type":"Person","@id":"https:\/\/www.estrategiaconcursos.com.br\/blog\/#\/schema\/person\/e75352021ea7f60781c599934f916eb1","name":"Rafaela Teixeira","image":{"@type":"ImageObject","inLanguage":"pt-BR","@id":"https:\/\/secure.gravatar.com\/avatar\/8a349a2b22039b1ee88fc06461487c950fd6aa411ea8af8633314b43334ae793?s=96&d=mm&r=g","url":"https:\/\/secure.gravatar.com\/avatar\/8a349a2b22039b1ee88fc06461487c950fd6aa411ea8af8633314b43334ae793?s=96&d=mm&r=g","contentUrl":"https:\/\/secure.gravatar.com\/avatar\/8a349a2b22039b1ee88fc06461487c950fd6aa411ea8af8633314b43334ae793?s=96&d=mm&r=g","caption":"Rafaela Teixeira"},"description":"Rafaela Teixeira \u00e9 advogada conveniada \u00e0 Defensoria P\u00fablica de S\u00e3o Paulo pela OAB, com experi\u00eancia em reda\u00e7\u00e3o jur\u00eddica e atua\u00e7\u00e3o em institui\u00e7\u00f5es p\u00fablicas, incluindo est\u00e1gio no TRE-SP. Possui mais de 7 anos de experi\u00eancia na produ\u00e7\u00e3o de conte\u00fados voltados ao nicho de concursos p\u00fablicos, com foco em apura\u00e7\u00e3o jornal\u00edstica cont\u00ednua, an\u00e1lise de editais e obten\u00e7\u00e3o de informa\u00e7\u00f5es diretamente junto a \u00f3rg\u00e3os e fontes oficiais. No Blog do Estrat\u00e9gia Concursos, atua como Analista de Conte\u00fado S\u00eanior, respons\u00e1vel pelo jornalismo do per\u00edodo noturno e da madrugada, com atua\u00e7\u00e3o transversal na cobertura de concursos p\u00fablicos, garantindo a continuidade, fluidez e confiabilidade das publica\u00e7\u00f5es e dos bastidores dos certames.","url":"https:\/\/www.estrategiaconcursos.com.br\/blog\/author\/rafaela-teixeira\/"}]}},"_links":{"self":[{"href":"https:\/\/www.estrategiaconcursos.com.br\/blog\/wp-json\/wp\/v2\/posts\/1271165","targetHints":{"allow":["GET"]}}],"collection":[{"href":"https:\/\/www.estrategiaconcursos.com.br\/blog\/wp-json\/wp\/v2\/posts"}],"about":[{"href":"https:\/\/www.estrategiaconcursos.com.br\/blog\/wp-json\/wp\/v2\/types\/post"}],"author":[{"embeddable":true,"href":"https:\/\/www.estrategiaconcursos.com.br\/blog\/wp-json\/wp\/v2\/users\/2134"}],"replies":[{"embeddable":true,"href":"https:\/\/www.estrategiaconcursos.com.br\/blog\/wp-json\/wp\/v2\/comments?post=1271165"}],"version-history":[{"count":36,"href":"https:\/\/www.estrategiaconcursos.com.br\/blog\/wp-json\/wp\/v2\/posts\/1271165\/revisions"}],"predecessor-version":[{"id":1271534,"href":"https:\/\/www.estrategiaconcursos.com.br\/blog\/wp-json\/wp\/v2\/posts\/1271165\/revisions\/1271534"}],"wp:featuredmedia":[{"embeddable":true,"href":"https:\/\/www.estrategiaconcursos.com.br\/blog\/wp-json\/wp\/v2\/media\/1245064"}],"wp:attachment":[{"href":"https:\/\/www.estrategiaconcursos.com.br\/blog\/wp-json\/wp\/v2\/media?parent=1271165"}],"wp:term":[{"taxonomy":"category","embeddable":true,"href":"https:\/\/www.estrategiaconcursos.com.br\/blog\/wp-json\/wp\/v2\/categories?post=1271165"},{"taxonomy":"post_tag","embeddable":true,"href":"https:\/\/www.estrategiaconcursos.com.br\/blog\/wp-json\/wp\/v2\/tags?post=1271165"},{"taxonomy":"tax_estado","embeddable":true,"href":"https:\/\/www.estrategiaconcursos.com.br\/blog\/wp-json\/wp\/v2\/tax_estado?post=1271165"}],"curies":[{"name":"wp","href":"https:\/\/api.w.org\/{rel}","templated":true}]}}