{"id":127072,"date":"2018-06-18T11:11:44","date_gmt":"2018-06-18T14:11:44","guid":{"rendered":"https:\/\/www.estrategiaconcursos.com.br\/blog\/?p=127072"},"modified":"2018-06-18T11:11:44","modified_gmt":"2018-06-18T14:11:44","slug":"gabarito-extraoficial-lei-organica-do-df-ses-df","status":"publish","type":"post","link":"https:\/\/www.estrategiaconcursos.com.br\/blog\/gabarito-extraoficial-lei-organica-do-df-ses-df\/","title":{"rendered":"Gabarito extraoficial &#8211; Lei Org\u00e2nica do DF &#8211; SES DF"},"content":{"rendered":"<p><span style=\"font-family: arial, helvetica, sans-serif\">Fala, pessoal!!!<\/span><\/p>\n<p><span style=\"font-family: arial, helvetica, sans-serif\">Estou passando com o gabarito extraoficial das 2 quest\u00f5es de Lei Org\u00e2nica do DF nas provas para o cargo de Enfermeiro da SES DF.<\/span><\/p>\n<p>&nbsp;<\/p>\n<p><span style=\"font-family: arial, helvetica, sans-serif\"><strong>(IADES \u2013 SES -DF \u2013 2018)<\/strong> \u2013 Quanto \u00e0 responsabilidade do governador, prevista na Lei Org\u00e2nica do Distrito Federal, assinale a alternativa correta.<\/span><\/p>\n<p>&nbsp;<\/p>\n<ol>\n<li><span style=\"font-family: arial, helvetica, sans-serif\">O ato do governador do Distrito Federal que atente contra o exerc\u00edcio dos direitos pol\u00edticos, individuais e sociais, \u00e9 crime de responsabilidade.<\/span><\/li>\n<li><span style=\"font-family: arial, helvetica, sans-serif\">Nos crimes de responsabilidade, o governador ser\u00e1 submetido a julgamento perante o Tribunal de Justi\u00e7a do Distrito Federal e Territ\u00f3rios.<\/span><\/li>\n<li><span style=\"font-family: arial, helvetica, sans-serif\">Apenas os partidos pol\u00edticos poder\u00e3o denuncia \u00e0 C\u00e2mara Legislativa o governador por crime de responsabilidade.<\/span><\/li>\n<li><span style=\"font-family: arial, helvetica, sans-serif\">Em nenhuma hip\u00f3tese o governador ficar\u00e1 suspenso das pr\u00f3prias fun\u00e7\u00f5es durante o julgamento de crimes de responsabilidade.<\/span><\/li>\n<li><span style=\"font-family: arial, helvetica, sans-serif\">Para ser admitida a acusa\u00e7\u00e3o contra o governador por crime de responsabilidade, \u00e9 necess\u00e1rio o quorum de maioria simples da C\u00e2mara Legislativa.<\/span><\/li>\n<\/ol>\n<p>&nbsp;<\/p>\n<p><span style=\"font-family: arial, helvetica, sans-serif\"><strong>Resposta: A<\/strong>. Literalidade do art. 101, III.<\/span><\/p>\n<p>&nbsp;<\/p>\n<p><span style=\"font-family: arial, helvetica, sans-serif\">B \u2013 errado. Nos crimes de responsabilidade, o governador ser\u00e1 submetido a julgamento perante a CLDF. J\u00e1 nos crimes comuns, perante o STF. Art. 103.<\/span><\/p>\n<p><span style=\"font-family: arial, helvetica, sans-serif\">C \u2013 errado.<\/span><\/p>\n<p><span style=\"font-family: arial, helvetica, sans-serif\"><strong>Art. 102.<\/strong> Qualquer cidad\u00e3o, partido pol\u00edtico, associa\u00e7\u00e3o ou entidade sindical poder\u00e1 denunciar \u00e0 C\u00e2mara Legislativa o Governador, o Vice-Governador e os Secret\u00e1rios de Estado do Distrito Federal por crime de responsabilidade.<\/span><\/p>\n<p><span style=\"font-family: arial, helvetica, sans-serif\">D \u2013 errado. Art. 103, \u00a71\u00ba, II.<\/span><\/p>\n<p><span style=\"font-family: arial, helvetica, sans-serif\">E \u2013 errado, maioria absoluta. Art. 101, \u00a72\u00ba.<\/span><\/p>\n<p>&nbsp;<\/p>\n<p>&nbsp;<\/p>\n<p><span style=\"font-family: arial, helvetica, sans-serif\"><strong>(IADES \u2013 SES -DF \u2013 2018)<\/strong> \u2013 Com base na Lei Org\u00e2nica do Distrito Federal, no tocante \u00e0s garantias previstas aos idosos, assinale a alternativa correta.<\/span><\/p>\n<ol>\n<li><span style=\"font-family: arial, helvetica, sans-serif\">Garantir o amparo a pessoas idosas e a respectiva participa\u00e7\u00e3o na comunidade \u00e9 dever \u00fanico e exclusivo do poder p\u00fablico<\/span><\/li>\n<li><span style=\"font-family: arial, helvetica, sans-serif\">Essa lei define idoso como a pessoa com idade igual ou superior a 55 anos<\/span><\/li>\n<li><span style=\"font-family: arial, helvetica, sans-serif\">O poder p\u00fablico deve assegurar a gratuidade do transporte coletivo urbano para os maiores de 58 anos<\/span><\/li>\n<li><span style=\"font-family: arial, helvetica, sans-serif\">O poder p\u00fablico assegurar\u00e1 a integra\u00e7\u00e3o do idoso na comunidade com a cria\u00e7\u00e3o de centros destinados ao trabalho e \u00e0 experimenta\u00e7\u00e3o laboral e programas de educa\u00e7\u00e3o continuada, reciclagem e enriquecimento cultura<\/span><\/li>\n<li><span style=\"font-family: arial, helvetica, sans-serif\">As entidades com fins lucrativos ter\u00e3o incentivo e aux\u00edlio financeiro do governo para atuarem na pol\u00edtica de amparo e bem-estar do idoso<\/span><\/li>\n<\/ol>\n<p>&nbsp;<\/p>\n<p><span style=\"font-family: arial, helvetica, sans-serif\"><strong>Resposta: D<\/strong> est\u00e1 correta. Art. 272, V.<\/span><\/p>\n<p><span style=\"font-family: arial, helvetica, sans-serif\">A \u2013 errado.<\/span><\/p>\n<p><span style=\"font-family: arial, helvetica, sans-serif\"><strong>Art. 270.<\/strong> \u00c9 dever da fam\u00edlia, da sociedade e do Poder P\u00fablico garantir o amparo a pessoas idosas e sua participa\u00e7\u00e3o na comunidade; defender sua dignidade, bem-estar e o direito \u00e0 vida, bem como coloc\u00e1-las a salvo de toda forma de neglig\u00eancia, discrimina\u00e7\u00e3o, explora\u00e7\u00e3o, viol\u00eancia, crueldade e opress\u00e3o.<\/span><\/p>\n<p><span style=\"font-family: arial, helvetica, sans-serif\"><em>Par\u00e1grafo \u00fanico.<\/em> Entende-se por idoso a pessoa com idade igual ou superior a sessenta anos.<\/span><\/p>\n<p><span style=\"font-family: arial, helvetica, sans-serif\">B \u2013 errado. O idoso \u00e9 a pessoa com idade igual ou superior a 60 anos. Art. 270, P.U.<\/span><\/p>\n<p><span style=\"font-family: arial, helvetica, sans-serif\">C \u2013 errado. O transporte p\u00fablico ser\u00e1 assegurado aos maiores de 65 anos. Art. 272, II.<\/span><\/p>\n<p><span style=\"font-family: arial, helvetica, sans-serif\">E \u2013 errado. O incentivo \u00e9 para entidades n\u00e3o governamentais.<\/span><\/p>\n<p><span style=\"font-family: arial, helvetica, sans-serif\"><strong>Art. 271.<\/strong> O Poder P\u00fablico incentivar\u00e1 as entidades n\u00e3o governamentais, sem fins lucrativos, atuantes na pol\u00edtica de amparo e bem-estar do idoso, devidamente registradas nos \u00f3rg\u00e3os competentes, subvencionando-as com aux\u00edlio financeiro e apoio t\u00e9cnico, na forma da lei.<\/span><\/p>\n<p>&nbsp;<\/p>\n<p>&nbsp;<\/p>\n","protected":false},"excerpt":{"rendered":"<p>Fala, pessoal!!! Estou passando com o gabarito extraoficial das 2 quest\u00f5es de Lei Org\u00e2nica do DF nas provas para o cargo de Enfermeiro da SES DF. &nbsp; (IADES \u2013 SES -DF \u2013 2018) \u2013 Quanto \u00e0 responsabilidade do governador, prevista na Lei Org\u00e2nica do Distrito Federal, assinale a alternativa correta. &nbsp; O ato do governador [&hellip;]<\/p>\n","protected":false},"author":48,"featured_media":0,"comment_status":"open","ping_status":"closed","sticky":false,"template":"","format":"standard","meta":{"post_tipo":"article","footnotes":""},"categories":[1],"tags":[],"tax_estado":[],"class_list":["post-127072","post","type-post","status-publish","format-standard","hentry","category-cursos-e-concursos"],"acf":[],"yoast_head":"<!-- This site is optimized with the Yoast SEO Premium plugin v27.2 (Yoast SEO v27.2) - https:\/\/yoast.com\/product\/yoast-seo-premium-wordpress\/ -->\n<title>Gabarito extraoficial - Lei Org\u00e2nica do DF - SES DF<\/title>\n<meta name=\"robots\" content=\"index, follow, max-snippet:-1, max-image-preview:large, max-video-preview:-1\" \/>\n<link rel=\"canonical\" href=\"https:\/\/www.estrategiaconcursos.com.br\/blog\/gabarito-extraoficial-lei-organica-do-df-ses-df\/\" \/>\n<meta property=\"og:locale\" content=\"pt_BR\" \/>\n<meta property=\"og:type\" content=\"article\" \/>\n<meta property=\"og:title\" content=\"Gabarito extraoficial - Lei Org\u00e2nica do DF - SES DF\" \/>\n<meta property=\"og:description\" content=\"Fala, pessoal!!! Estou passando com o gabarito extraoficial das 2 quest\u00f5es de Lei Org\u00e2nica do DF nas provas para o cargo de Enfermeiro da SES DF. &nbsp; (IADES \u2013 SES -DF \u2013 2018) \u2013 Quanto \u00e0 responsabilidade do governador, prevista na Lei Org\u00e2nica do Distrito Federal, assinale a alternativa correta. &nbsp; O ato do governador [&hellip;]\" \/>\n<meta property=\"og:url\" content=\"https:\/\/www.estrategiaconcursos.com.br\/blog\/gabarito-extraoficial-lei-organica-do-df-ses-df\/\" \/>\n<meta property=\"og:site_name\" content=\"Estrat\u00e9gia Concursos\" \/>\n<meta property=\"article:published_time\" content=\"2018-06-18T14:11:44+00:00\" \/>\n<meta name=\"author\" content=\"Coordena\u00e7\u00e3o\" \/>\n<meta name=\"twitter:card\" content=\"summary_large_image\" \/>\n<meta name=\"twitter:creator\" content=\"@EstratConcursos\" \/>\n<meta name=\"twitter:site\" content=\"@EstratConcursos\" \/>\n<meta name=\"twitter:label1\" content=\"Escrito por\" \/>\n\t<meta name=\"twitter:data1\" content=\"Coordena\u00e7\u00e3o\" \/>\n\t<meta name=\"twitter:label2\" content=\"Est. tempo de leitura\" \/>\n\t<meta name=\"twitter:data2\" content=\"3 minutos\" \/>\n<script type=\"application\/ld+json\" class=\"yoast-schema-graph\">{\"@context\":\"https:\/\/schema.org\",\"@graph\":[{\"@type\":\"NewsArticle\",\"@id\":\"https:\/\/www.estrategiaconcursos.com.br\/blog\/gabarito-extraoficial-lei-organica-do-df-ses-df\/#article\",\"isPartOf\":{\"@id\":\"https:\/\/www.estrategiaconcursos.com.br\/blog\/gabarito-extraoficial-lei-organica-do-df-ses-df\/\"},\"author\":{\"name\":\"Coordena\u00e7\u00e3o\",\"@id\":\"https:\/\/www.estrategiaconcursos.com.br\/blog\/#\/schema\/person\/cdad40b5818eb228a838461fcd656da7\"},\"headline\":\"Gabarito extraoficial &#8211; Lei Org\u00e2nica do DF &#8211; SES DF\",\"datePublished\":\"2018-06-18T14:11:44+00:00\",\"mainEntityOfPage\":{\"@id\":\"https:\/\/www.estrategiaconcursos.com.br\/blog\/gabarito-extraoficial-lei-organica-do-df-ses-df\/\"},\"wordCount\":541,\"commentCount\":1,\"publisher\":{\"@id\":\"https:\/\/www.estrategiaconcursos.com.br\/blog\/#organization\"},\"articleSection\":[\"Concursos P\u00fablicos\"],\"inLanguage\":\"pt-BR\",\"potentialAction\":[{\"@type\":\"CommentAction\",\"name\":\"Comment\",\"target\":[\"https:\/\/www.estrategiaconcursos.com.br\/blog\/gabarito-extraoficial-lei-organica-do-df-ses-df\/#respond\"]}],\"copyrightYear\":\"2018\",\"copyrightHolder\":{\"@id\":\"https:\/\/www.estrategiaconcursos.com.br\/blog\/#organization\"}},{\"@type\":\"WebPage\",\"@id\":\"https:\/\/www.estrategiaconcursos.com.br\/blog\/gabarito-extraoficial-lei-organica-do-df-ses-df\/\",\"url\":\"https:\/\/www.estrategiaconcursos.com.br\/blog\/gabarito-extraoficial-lei-organica-do-df-ses-df\/\",\"name\":\"Gabarito extraoficial - Lei Org\u00e2nica do DF - SES DF\",\"isPartOf\":{\"@id\":\"https:\/\/www.estrategiaconcursos.com.br\/blog\/#website\"},\"datePublished\":\"2018-06-18T14:11:44+00:00\",\"breadcrumb\":{\"@id\":\"https:\/\/www.estrategiaconcursos.com.br\/blog\/gabarito-extraoficial-lei-organica-do-df-ses-df\/#breadcrumb\"},\"inLanguage\":\"pt-BR\",\"potentialAction\":[{\"@type\":\"ReadAction\",\"target\":[\"https:\/\/www.estrategiaconcursos.com.br\/blog\/gabarito-extraoficial-lei-organica-do-df-ses-df\/\"]}]},{\"@type\":\"BreadcrumbList\",\"@id\":\"https:\/\/www.estrategiaconcursos.com.br\/blog\/gabarito-extraoficial-lei-organica-do-df-ses-df\/#breadcrumb\",\"itemListElement\":[{\"@type\":\"ListItem\",\"position\":1,\"name\":\"In\u00edcio\",\"item\":\"https:\/\/www.estrategiaconcursos.com.br\/blog\/\"},{\"@type\":\"ListItem\",\"position\":2,\"name\":\"Gabarito extraoficial &#8211; Lei Org\u00e2nica do DF &#8211; SES DF\"}]},{\"@type\":\"WebSite\",\"@id\":\"https:\/\/www.estrategiaconcursos.com.br\/blog\/#website\",\"url\":\"https:\/\/www.estrategiaconcursos.com.br\/blog\/\",\"name\":\"Estrat\u00e9gia Concursos\",\"description\":\"O blog da Estrat\u00e9gia Concursos traz not\u00edcias sobre concursos e artigos de professores oferecendo cursos para concursos (pdf + videaulas) no site.\",\"publisher\":{\"@id\":\"https:\/\/www.estrategiaconcursos.com.br\/blog\/#organization\"},\"potentialAction\":[{\"@type\":\"SearchAction\",\"target\":{\"@type\":\"EntryPoint\",\"urlTemplate\":\"https:\/\/www.estrategiaconcursos.com.br\/blog\/?s={search_term_string}\"},\"query-input\":{\"@type\":\"PropertyValueSpecification\",\"valueRequired\":true,\"valueName\":\"search_term_string\"}}],\"inLanguage\":\"pt-BR\"},{\"@type\":\"Organization\",\"@id\":\"https:\/\/www.estrategiaconcursos.com.br\/blog\/#organization\",\"name\":\"Estrat\u00e9gia Concursos\",\"url\":\"https:\/\/www.estrategiaconcursos.com.br\/blog\/\",\"logo\":{\"@type\":\"ImageObject\",\"inLanguage\":\"pt-BR\",\"@id\":\"https:\/\/www.estrategiaconcursos.com.br\/blog\/#\/schema\/logo\/image\/\",\"url\":\"https:\/\/dhg1h5j42swfq.cloudfront.net\/2025\/06\/03203428\/logo_concursos-1.jpg\",\"contentUrl\":\"https:\/\/dhg1h5j42swfq.cloudfront.net\/2025\/06\/03203428\/logo_concursos-1.jpg\",\"width\":230,\"height\":60,\"caption\":\"Estrat\u00e9gia Concursos\"},\"image\":{\"@id\":\"https:\/\/www.estrategiaconcursos.com.br\/blog\/#\/schema\/logo\/image\/\"},\"sameAs\":[\"https:\/\/x.com\/EstratConcursos\"]},{\"@type\":\"Person\",\"@id\":\"https:\/\/www.estrategiaconcursos.com.br\/blog\/#\/schema\/person\/cdad40b5818eb228a838461fcd656da7\",\"name\":\"Coordena\u00e7\u00e3o\",\"image\":{\"@type\":\"ImageObject\",\"inLanguage\":\"pt-BR\",\"@id\":\"https:\/\/secure.gravatar.com\/avatar\/a413b22da0f5009c634f6c4586a2dbe5207074fd5becd88db5183b8069ef25e4?s=96&d=mm&r=g\",\"url\":\"https:\/\/secure.gravatar.com\/avatar\/a413b22da0f5009c634f6c4586a2dbe5207074fd5becd88db5183b8069ef25e4?s=96&d=mm&r=g\",\"contentUrl\":\"https:\/\/secure.gravatar.com\/avatar\/a413b22da0f5009c634f6c4586a2dbe5207074fd5becd88db5183b8069ef25e4?s=96&d=mm&r=g\",\"caption\":\"Coordena\u00e7\u00e3o\"},\"url\":\"https:\/\/www.estrategiaconcursos.com.br\/blog\/author\/contatoestrategiaconcursos-com-br\/\"}]}<\/script>\n<!-- \/ Yoast SEO Premium plugin. -->","yoast_head_json":{"title":"Gabarito extraoficial - Lei Org\u00e2nica do DF - SES DF","robots":{"index":"index","follow":"follow","max-snippet":"max-snippet:-1","max-image-preview":"max-image-preview:large","max-video-preview":"max-video-preview:-1"},"canonical":"https:\/\/www.estrategiaconcursos.com.br\/blog\/gabarito-extraoficial-lei-organica-do-df-ses-df\/","og_locale":"pt_BR","og_type":"article","og_title":"Gabarito extraoficial - Lei Org\u00e2nica do DF - SES DF","og_description":"Fala, pessoal!!! Estou passando com o gabarito extraoficial das 2 quest\u00f5es de Lei Org\u00e2nica do DF nas provas para o cargo de Enfermeiro da SES DF. &nbsp; (IADES \u2013 SES -DF \u2013 2018) \u2013 Quanto \u00e0 responsabilidade do governador, prevista na Lei Org\u00e2nica do Distrito Federal, assinale a alternativa correta. &nbsp; O ato do governador [&hellip;]","og_url":"https:\/\/www.estrategiaconcursos.com.br\/blog\/gabarito-extraoficial-lei-organica-do-df-ses-df\/","og_site_name":"Estrat\u00e9gia Concursos","article_published_time":"2018-06-18T14:11:44+00:00","author":"Coordena\u00e7\u00e3o","twitter_card":"summary_large_image","twitter_creator":"@EstratConcursos","twitter_site":"@EstratConcursos","twitter_misc":{"Escrito por":"Coordena\u00e7\u00e3o","Est. tempo de leitura":"3 minutos"},"schema":{"@context":"https:\/\/schema.org","@graph":[{"@type":"NewsArticle","@id":"https:\/\/www.estrategiaconcursos.com.br\/blog\/gabarito-extraoficial-lei-organica-do-df-ses-df\/#article","isPartOf":{"@id":"https:\/\/www.estrategiaconcursos.com.br\/blog\/gabarito-extraoficial-lei-organica-do-df-ses-df\/"},"author":{"name":"Coordena\u00e7\u00e3o","@id":"https:\/\/www.estrategiaconcursos.com.br\/blog\/#\/schema\/person\/cdad40b5818eb228a838461fcd656da7"},"headline":"Gabarito extraoficial &#8211; Lei Org\u00e2nica do DF &#8211; SES DF","datePublished":"2018-06-18T14:11:44+00:00","mainEntityOfPage":{"@id":"https:\/\/www.estrategiaconcursos.com.br\/blog\/gabarito-extraoficial-lei-organica-do-df-ses-df\/"},"wordCount":541,"commentCount":1,"publisher":{"@id":"https:\/\/www.estrategiaconcursos.com.br\/blog\/#organization"},"articleSection":["Concursos P\u00fablicos"],"inLanguage":"pt-BR","potentialAction":[{"@type":"CommentAction","name":"Comment","target":["https:\/\/www.estrategiaconcursos.com.br\/blog\/gabarito-extraoficial-lei-organica-do-df-ses-df\/#respond"]}],"copyrightYear":"2018","copyrightHolder":{"@id":"https:\/\/www.estrategiaconcursos.com.br\/blog\/#organization"}},{"@type":"WebPage","@id":"https:\/\/www.estrategiaconcursos.com.br\/blog\/gabarito-extraoficial-lei-organica-do-df-ses-df\/","url":"https:\/\/www.estrategiaconcursos.com.br\/blog\/gabarito-extraoficial-lei-organica-do-df-ses-df\/","name":"Gabarito extraoficial - Lei Org\u00e2nica do DF - SES DF","isPartOf":{"@id":"https:\/\/www.estrategiaconcursos.com.br\/blog\/#website"},"datePublished":"2018-06-18T14:11:44+00:00","breadcrumb":{"@id":"https:\/\/www.estrategiaconcursos.com.br\/blog\/gabarito-extraoficial-lei-organica-do-df-ses-df\/#breadcrumb"},"inLanguage":"pt-BR","potentialAction":[{"@type":"ReadAction","target":["https:\/\/www.estrategiaconcursos.com.br\/blog\/gabarito-extraoficial-lei-organica-do-df-ses-df\/"]}]},{"@type":"BreadcrumbList","@id":"https:\/\/www.estrategiaconcursos.com.br\/blog\/gabarito-extraoficial-lei-organica-do-df-ses-df\/#breadcrumb","itemListElement":[{"@type":"ListItem","position":1,"name":"In\u00edcio","item":"https:\/\/www.estrategiaconcursos.com.br\/blog\/"},{"@type":"ListItem","position":2,"name":"Gabarito extraoficial &#8211; Lei Org\u00e2nica do DF &#8211; SES DF"}]},{"@type":"WebSite","@id":"https:\/\/www.estrategiaconcursos.com.br\/blog\/#website","url":"https:\/\/www.estrategiaconcursos.com.br\/blog\/","name":"Estrat\u00e9gia Concursos","description":"O blog da Estrat\u00e9gia Concursos traz not\u00edcias sobre concursos e artigos de professores oferecendo cursos para concursos (pdf + videaulas) no site.","publisher":{"@id":"https:\/\/www.estrategiaconcursos.com.br\/blog\/#organization"},"potentialAction":[{"@type":"SearchAction","target":{"@type":"EntryPoint","urlTemplate":"https:\/\/www.estrategiaconcursos.com.br\/blog\/?s={search_term_string}"},"query-input":{"@type":"PropertyValueSpecification","valueRequired":true,"valueName":"search_term_string"}}],"inLanguage":"pt-BR"},{"@type":"Organization","@id":"https:\/\/www.estrategiaconcursos.com.br\/blog\/#organization","name":"Estrat\u00e9gia Concursos","url":"https:\/\/www.estrategiaconcursos.com.br\/blog\/","logo":{"@type":"ImageObject","inLanguage":"pt-BR","@id":"https:\/\/www.estrategiaconcursos.com.br\/blog\/#\/schema\/logo\/image\/","url":"https:\/\/dhg1h5j42swfq.cloudfront.net\/2025\/06\/03203428\/logo_concursos-1.jpg","contentUrl":"https:\/\/dhg1h5j42swfq.cloudfront.net\/2025\/06\/03203428\/logo_concursos-1.jpg","width":230,"height":60,"caption":"Estrat\u00e9gia Concursos"},"image":{"@id":"https:\/\/www.estrategiaconcursos.com.br\/blog\/#\/schema\/logo\/image\/"},"sameAs":["https:\/\/x.com\/EstratConcursos"]},{"@type":"Person","@id":"https:\/\/www.estrategiaconcursos.com.br\/blog\/#\/schema\/person\/cdad40b5818eb228a838461fcd656da7","name":"Coordena\u00e7\u00e3o","image":{"@type":"ImageObject","inLanguage":"pt-BR","@id":"https:\/\/secure.gravatar.com\/avatar\/a413b22da0f5009c634f6c4586a2dbe5207074fd5becd88db5183b8069ef25e4?s=96&d=mm&r=g","url":"https:\/\/secure.gravatar.com\/avatar\/a413b22da0f5009c634f6c4586a2dbe5207074fd5becd88db5183b8069ef25e4?s=96&d=mm&r=g","contentUrl":"https:\/\/secure.gravatar.com\/avatar\/a413b22da0f5009c634f6c4586a2dbe5207074fd5becd88db5183b8069ef25e4?s=96&d=mm&r=g","caption":"Coordena\u00e7\u00e3o"},"url":"https:\/\/www.estrategiaconcursos.com.br\/blog\/author\/contatoestrategiaconcursos-com-br\/"}]}},"_links":{"self":[{"href":"https:\/\/www.estrategiaconcursos.com.br\/blog\/wp-json\/wp\/v2\/posts\/127072","targetHints":{"allow":["GET"]}}],"collection":[{"href":"https:\/\/www.estrategiaconcursos.com.br\/blog\/wp-json\/wp\/v2\/posts"}],"about":[{"href":"https:\/\/www.estrategiaconcursos.com.br\/blog\/wp-json\/wp\/v2\/types\/post"}],"author":[{"embeddable":true,"href":"https:\/\/www.estrategiaconcursos.com.br\/blog\/wp-json\/wp\/v2\/users\/48"}],"replies":[{"embeddable":true,"href":"https:\/\/www.estrategiaconcursos.com.br\/blog\/wp-json\/wp\/v2\/comments?post=127072"}],"version-history":[{"count":1,"href":"https:\/\/www.estrategiaconcursos.com.br\/blog\/wp-json\/wp\/v2\/posts\/127072\/revisions"}],"predecessor-version":[{"id":127075,"href":"https:\/\/www.estrategiaconcursos.com.br\/blog\/wp-json\/wp\/v2\/posts\/127072\/revisions\/127075"}],"wp:attachment":[{"href":"https:\/\/www.estrategiaconcursos.com.br\/blog\/wp-json\/wp\/v2\/media?parent=127072"}],"wp:term":[{"taxonomy":"category","embeddable":true,"href":"https:\/\/www.estrategiaconcursos.com.br\/blog\/wp-json\/wp\/v2\/categories?post=127072"},{"taxonomy":"post_tag","embeddable":true,"href":"https:\/\/www.estrategiaconcursos.com.br\/blog\/wp-json\/wp\/v2\/tags?post=127072"},{"taxonomy":"tax_estado","embeddable":true,"href":"https:\/\/www.estrategiaconcursos.com.br\/blog\/wp-json\/wp\/v2\/tax_estado?post=127072"}],"curies":[{"name":"wp","href":"https:\/\/api.w.org\/{rel}","templated":true}]}}