{"id":1270444,"date":"2023-09-05T11:00:00","date_gmt":"2023-09-05T14:00:00","guid":{"rendered":"https:\/\/www.estrategiaconcursos.com.br\/blog\/?p=1270444"},"modified":"2023-09-06T15:57:44","modified_gmt":"2023-09-06T18:57:44","slug":"camara-deputados-senado-federal-concursos-legislativos","status":"publish","type":"post","link":"https:\/\/www.estrategiaconcursos.com.br\/blog\/camara-deputados-senado-federal-concursos-legislativos\/","title":{"rendered":"Senado Federal e C\u00e2mara dos Deputados: Confira os Concursos Legislativos Federais"},"content":{"rendered":"\n<p><\/p>\n\n\n\n<h2 class=\"wp-block-heading has-vivid-purple-color has-text-color\" id=\"h-introducao\">Introdu\u00e7\u00e3o<\/h2>\n\n\n\n<p><\/p>\n\n\n\n<p>Voc\u00ea j\u00e1 se imaginou trabalhando no <strong>Senado Federal<\/strong> ou na <strong>C\u00e2mara dos Deputados<\/strong>? Se ainda n\u00e3o, ent\u00e3o comece a imaginar. Certamente, \u00e9 uma oportunidade \u00edmpar, principalmente para quem n\u00e3o \u00e9 concursado. No artigo de hoje, vamos falar sobre esses concursos legislativos federais.<\/p>\n\n\n\n<p>Como sempre, concurseiro, nossa recomenda\u00e7\u00e3o \u00e9 que voc\u00ea leia o artigo e fique conosco at\u00e9 o final, especialmente porque o <a href=\"https:\/\/www.estrategiaconcursos.com.br\/blog\/concurso-camara-dos-deputados\/\" target=\"_blank\" rel=\"noreferrer noopener\">concurso da C\u00e2mara dos Deputados<\/a> est\u00e1 com edital aberto. \u00c9 uma grande chance de conhecer um pouco mais da carreira, durante a prepara\u00e7\u00e3o. Veja o que vem por a\u00ed:<\/p>\n\n\n\n<p><\/p>\n\n\n\n<ul class=\"wp-block-list\" id=\"indice\">\n<li><strong><a href=\"#h-casas-do-congresso-nacional\">Casas do Congresso Nacional<\/a><\/strong><\/li>\n\n\n\n<li><strong><a href=\"#h-carreiras-e-remuneracoes-do-senado-federal\">Carreiras e Remunera\u00e7\u00f5es do Senado Federal<\/a><\/strong><\/li>\n\n\n\n<li><strong><a href=\"#h-carreiras-e-remuneracoes-da-camara-dos-deputados\">Carreiras e Remunera\u00e7\u00f5es da C\u00e2mara dos Deputados<\/a><\/strong><\/li>\n\n\n\n<li><strong><a href=\"#h-bonus-convocacoes-para-a-camara-dos-deputados\">B\u00f4nus: Convoca\u00e7\u00f5es para C\u00e2mara dos Deputados<\/a><\/strong><\/li>\n<\/ul>\n\n\n\n<p><\/p>\n\n\n\n<p>O artigo de hoje n\u00e3o possui pr\u00e9-requisitos. Qualquer pessoa ser\u00e1 capaz de ler a publica\u00e7\u00e3o, desde que esteja estudando para concursos. Talvez at\u00e9 mude de opini\u00e3o e se anime de estudar para os <a href=\"https:\/\/www.estrategiaconcursos.com.br\/blog\/concursos-area-legislativa\/\" target=\"_blank\" rel=\"noreferrer noopener\">concursos legislativos federais<\/a>, ao visualizar tantas vantagens.<\/p>\n\n\n\n<p>Preparamos um artigo bem objetivo e direto ao ponto, com bastante informa\u00e7\u00e3o. Afinal, sabemos que voc\u00ea \u00e9 uma pessoa muito ocupada e n\u00e3o pode perder tempo. Sem mais delongas, vamos come\u00e7ar.<\/p>\n\n\n\n<p><\/p>\n\n\n\n<p><strong><mark style=\"background-color:#fcb900\" class=\"has-inline-color\">Tempo de leitura aproximada: 10 a 15 minutos<\/mark><\/strong><\/p>\n\n\n\n<p><\/p>\n\n\n\n<h2 class=\"wp-block-heading has-vivid-purple-color has-text-color\" id=\"h-casas-do-congresso-nacional\">Casas do Congresso Nacional<\/h2>\n\n\n\n<p><\/p>\n\n\n\n<p>Antes de mais nada, o Congresso Nacional \u00e9 respons\u00e1vel por exercer o <strong>Poder Legislativo<\/strong> em \u00e2mbito federal. Isso significa que ele disp\u00f5e de in\u00fameras mat\u00e9rias de compet\u00eancia da Uni\u00e3o, incluindo sistema tribut\u00e1rio, sistema or\u00e7ament\u00e1rio, planos nacionais, telecomunica\u00e7\u00f5es, For\u00e7as Armadas etc. <\/p>\n\n\n\n<p>O Congresso Nacional \u00e9 bicameral. Em outras palavras, ele \u00e9 composto por duas casas: Senado Federal e C\u00e2mara dos Deputados. De forma breve, o Senado \u00e9 composto por representantes dos Estados e do Distrito Federal. Por outro lado, a C\u00e2mara \u00e9 composta por representantes do povo.<\/p>\n\n\n\n<p><\/p>\n\n\n\n<p class=\"has-background\" style=\"background-color:#abb7c270\"><strong>Momento Curiosidade:<\/strong> Cada casa do Congresso Nacional possui uma c\u00fapula. O Senado Federal possui a c\u00fapula virada para baixo, enquanto a C\u00e2mara dos Deputados possui a c\u00fapula virada para cima. Veja a imagem abaixo para trazer maior clareza.<\/p>\n\n\n\n<p><\/p>\n\n\n\n<figure class=\"wp-block-image aligncenter size-full\"><img loading=\"lazy\" decoding=\"async\" width=\"750\" height=\"500\" src=\"https:\/\/dhg1h5j42swfq.cloudfront.net\/2023\/08\/28203444\/image-291.png\" alt=\"Figura 1 \u2013 C\u00fapulas do Congresso Nacional, representando a C\u00e2mara dos Deputados e o Senado Federal.\" class=\"wp-image-1270445\" srcset=\"https:\/\/dhg1h5j42swfq.cloudfront.net\/2023\/08\/28203444\/image-291.png 750w, https:\/\/dhg1h5j42swfq.cloudfront.net\/2023\/08\/28203444\/image-291-300x200.png 300w, https:\/\/dhg1h5j42swfq.cloudfront.net\/2023\/08\/28203444\/image-291-610x407.png 610w, https:\/\/dhg1h5j42swfq.cloudfront.net\/2023\/08\/28203444\/image-291-150x100.png 150w\" sizes=\"auto, (max-width: 750px) 100vw, 750px\" \/><figcaption class=\"wp-element-caption\">Figura 1 \u2013 C\u00fapulas do Congresso Nacional, representando a C\u00e2mara dos Deputados e o Senado Federal (Fonte: ArchDaily. Dispon\u00edvel em: <a href=\"https:\/\/www.archdaily.com.br\/br\/803043\/classicos-da-arquitetura-congresso-nacional-oscar-niemeyer\/55f9baf8e58ecec1f8000362-ad-classics-national-congress-oscar-niemeyer-image\" target=\"_blank\" rel=\"noreferrer noopener nofollow\">https:\/\/www.archdaily.com.br\/br\/803043\/classicos-da-arquitetura-congresso-nacional-oscar-niemeyer\/55f9baf8e58ecec1f8000362-ad-classics-national-congress-oscar-niemeyer-image<\/a>. Acesso em: 24 ago. 2023).<\/figcaption><\/figure>\n\n\n\n<p><\/p>\n\n\n\n<h2 class=\"wp-block-heading has-vivid-purple-color has-text-color\" id=\"h-carreiras-e-remuneracoes-do-senado-federal\">Carreiras e Remunera\u00e7\u00f5es do Senado Federal<\/h2>\n\n\n\n<p><\/p>\n\n\n\n<p>As carreiras do Senado Federal s\u00e3o divididas em Advogado do Senado Federal, Analista Legislativo, Auxiliar Legislativo, Consultor Legislativo e T\u00e9cnico Legislativo. Vamos falar um pouquinho sobre cada uma delas:<\/p>\n\n\n\n<p><\/p>\n\n\n\n<p><strong><mark style=\"background-color:#fcb900\" class=\"has-inline-color\">Advogado do Senado Federal:<\/mark><\/strong> carreira exclusiva para advogados. Ou seja, \u00e9 necess\u00e1rio ser bacharel em Direito, com <a href=\"https:\/\/oab.estrategia.com\/portal\/inscricao-oab\/\" target=\"_blank\" rel=\"noreferrer noopener\">inscri\u00e7\u00e3o na OAB<\/a>. Por\u00e9m, n\u00e3o requer pr\u00e1tica, conforme as <a href=\"https:\/\/cj.estrategia.com\/\" target=\"_blank\" rel=\"noreferrer noopener\">carreiras jur\u00eddicas<\/a> exigem. O trabalho consiste em prestar consultoria e assessoramento.<\/p>\n\n\n\n<p class=\"has-text-align-right has-white-color has-vivid-red-background-color has-text-color has-background\"><strong>Remunera\u00e7\u00e3o Inicial do Advogado do Senado Federal: R$ 35.469,47<\/strong><\/p>\n\n\n\n<p><\/p>\n\n\n\n<p><strong><mark style=\"background-color:#fcb900\" class=\"has-inline-color\">Analista Legislativo:<\/mark> <\/strong>cargo de n\u00edvel superior e especializado. Embora n\u00e3o haja divis\u00e3o oficial no plano de carreira, os analistas atuam em \u00e1reas espec\u00edficas, tais como administra\u00e7\u00e3o, contabilidade, enfermagem, inform\u00e1tica etc. As \u00e1reas constam no Regulamento Administrativo da casa.<\/p>\n\n\n\n<p><\/p>\n\n\n\n<p class=\"has-text-align-right has-white-color has-vivid-red-background-color has-text-color has-background\"><strong>Remunera\u00e7\u00e3o Inicial do Analista Legislativo: R$ 27.451,68<\/strong><\/p>\n\n\n\n<p><\/p>\n\n\n\n<p><strong><mark style=\"background-color:#fcb900\" class=\"has-inline-color\">Auxiliar Legislativo:<\/mark> <\/strong>carreira antiga, que est\u00e1 em extin\u00e7\u00e3o. Isso significa que o Senado Federal n\u00e3o far\u00e1 mais concursos para o provimento de seus cargos vagos. Os profissionais que ainda est\u00e3o em atividade atuam especificamente na \u00e1rea de processo industrial gr\u00e1fico.<\/p>\n\n\n\n<p><\/p>\n\n\n\n<p><strong><mark style=\"background-color:#fcb900\" class=\"has-inline-color\">Consultor Legislativo:<\/mark> <\/strong>outra carreira de n\u00edvel superior e especializada. Diferentemente dos Analistas, os Consultores Legislativos atuam nas \u00e1reas de assessoramento em or\u00e7amentos e assessoramento legislativo, suportando as fun\u00e7\u00f5es legislativa, parlamentar e fiscalizadora. &nbsp;<\/p>\n\n\n\n<p><\/p>\n\n\n\n<p class=\"has-text-align-right has-white-color has-vivid-red-background-color has-text-color has-background\"><strong>Remunera\u00e7\u00e3o Inicial do Consultor Legislativo: R$ 35.469,47<\/strong><\/p>\n\n\n\n<p><\/p>\n\n\n\n<p><mark style=\"background-color:#fcb900\" class=\"has-inline-color\"><strong>T\u00e9cnico Legislativo:<\/strong><\/mark> outra carreira que abrange diversas especialidades. Praticamente todas elas exigem n\u00edvel m\u00e9dio, exceto Policial Legislativo Federal (esta precisa de n\u00edvel superior em qualquer \u00e1rea de forma\u00e7\u00e3o, exame psicot\u00e9cnico, idoneidade moral, teste f\u00edsico e carteira de motorista).<\/p>\n\n\n\n<p><\/p>\n\n\n\n<p class=\"has-text-align-right has-white-color has-vivid-red-background-color has-text-color has-background\"><strong>Remunera\u00e7\u00e3o Inicial do T\u00e9cnico Legislativo: R$ 20.593,47<\/strong><\/p>\n\n\n\n<p><\/p>\n\n\n\n<p>Ressaltamos que todas as remunera\u00e7\u00f5es das carreiras do <a href=\"https:\/\/www.estrategiaconcursos.com.br\/blog\/concurso-senado-federal\/\" target=\"_blank\" rel=\"noreferrer noopener\">concurso Senado Federal<\/a> foram calculadas segundo a estrutura remunerat\u00f3ria de 2023, ap\u00f3s o aumento concedido aos servidores efetivos. Al\u00e9m disso, n\u00e3o se esque\u00e7a tamb\u00e9m de que h\u00e1 os benef\u00edcios das carreiras, tais como aux\u00edlio-alimenta\u00e7\u00e3o, aux\u00edlio-transporte etc. <\/p>\n\n\n\n<p><\/p>\n\n\n\n<h2 class=\"wp-block-heading has-vivid-purple-color has-text-color\" id=\"h-carreiras-e-remuneracoes-da-camara-dos-deputados\">Carreiras e Remunera\u00e7\u00f5es da C\u00e2mara dos Deputados<\/h2>\n\n\n\n<p><\/p>\n\n\n\n<p>As carreiras da C\u00e2mara dos Deputados se assemelham um pouco com as do Senado Federal, por\u00e9m possuem menos categorias. Elas se dividem em <a href=\"https:\/\/www.estrategiaconcursos.com.br\/blog\/analista-consultor-legislativo-conheca-os-cargos\/\" target=\"_blank\" rel=\"noreferrer noopener\">Analista Legislativo<\/a>, Auxiliar Legislativo e T\u00e9cnico Legislativo. Vamos conhecer cada uma delas:<\/p>\n\n\n\n<p><\/p>\n\n\n\n<p><strong><mark style=\"background-color:#fcb900\" class=\"has-inline-color\">Analista Legislativo:<\/mark><\/strong> carreira de n\u00edvel superior, tamb\u00e9m dividida em especializa\u00e7\u00f5es, como no Senado Federal. Algumas dessas especializa\u00e7\u00f5es s\u00e3o Arquiteto, Assistente Social, Engenheiro, Inform\u00e1tica Legislativa, Nutricionista etc. O profissional ir\u00e1 atuar na \u00e1rea de conhecimento.<\/p>\n\n\n\n<p><\/p>\n\n\n\n<p class=\"has-background\" style=\"background-color:#8dd2fc6e\"><strong>Voc\u00ea Sabia?<\/strong> Os editais da C\u00e2mara dos Deputados est\u00e3o com vagas para a carreira de Analista Legislativo. As especialidades s\u00e3o Assistente Social, Contador, Consultoria, Enfermeiro, Farmac\u00eautico, Inform\u00e1tica Legislativa, M\u00e9dico, T\u00e9cnica Legislativa e T\u00e9cnico em Material e Patrim\u00f4nio.<\/p>\n\n\n\n<p><\/p>\n\n\n\n<div class=\"wp-block-group has-global-padding is-layout-constrained wp-block-group-is-layout-constrained\">\n<p class=\"has-text-align-right has-white-color has-vivid-red-background-color has-text-color has-background\">         <strong>Remunera\u00e7\u00e3o Inicial do Analista Legislativo: R$ 26.196,30 (todas, exceto Consultoria)<\/strong>   \/                                                                                     <strong>R$ 34.812,19 (especialidade Consultoria)<\/strong><\/p>\n<\/div>\n\n\n\n<p><\/p>\n\n\n\n<p><strong><mark style=\"background-color:#fcb900\" class=\"has-inline-color\">Auxiliar Legislativo:<\/mark> <\/strong>carreira de n\u00edvel b\u00e1sico. Embora esteja presente na estrutura remunerat\u00f3ria, seus cargos vagos e ocupados n\u00e3o s\u00e3o discriminados pelo Departamento de Pessoal na se\u00e7\u00e3o de transpar\u00eancia do \u00f3rg\u00e3o. Fortes ind\u00edcios de que a carreira j\u00e1 tenha sido extinta ou esteja em vias de extin\u00e7\u00e3o.<\/p>\n\n\n\n<p><\/p>\n\n\n\n<p><strong><mark style=\"background-color:#fcb900\" class=\"has-inline-color\">T\u00e9cnico Legislativo:<\/mark><\/strong> carreira de n\u00edvel m\u00e9dio, com diversas especialidades. Algumas delas s\u00e3o Assistente Administrativo, Operador de M\u00e1quinas, Policial Legislativo Federal etc. Neste momento, n\u00e3o h\u00e1 previs\u00e3o de abertura de edital de concurso para essa carreira.<\/p>\n\n\n\n<p class=\"has-text-align-right has-white-color has-vivid-red-background-color has-text-color has-background\"><strong>Remunera\u00e7\u00e3o Inicial do T\u00e9cnico Legislativo: R$ 17.444,30<\/strong><\/p>\n\n\n\n<p><\/p>\n\n\n\n<p>Da mesma forma que o Senado Federal, ressaltamos que todas as remunera\u00e7\u00f5es das carreiras da C\u00e2mara dos Deputados foram calculadas segundo a estrutura remunerat\u00f3ria de 2023, ap\u00f3s o aumento concedido aos servidores efetivos. Al\u00e9m disso, n\u00e3o se esque\u00e7a tamb\u00e9m dos <strong>benef\u00edcios das carreiras<\/strong>.<\/p>\n\n\n\n<p><\/p>\n\n\n\n<h2 class=\"wp-block-heading has-vivid-purple-color has-text-color\" id=\"h-bonus-convocacoes-para-a-camara-dos-deputados\">B\u00f4nus: Convoca\u00e7\u00f5es para a C\u00e2mara dos Deputados<\/h2>\n\n\n\n<p><\/p>\n\n\n\n<p>Antes de fechar o artigo, vamos te dar um presente (fazemos tudo pensando em voc\u00ea). Fizemos uma estimativa do n\u00famero de<strong> convoca\u00e7\u00f5es para a C\u00e2mara dos Deputados<\/strong>, de acordo com o n\u00famero de cargos vagos, vagas abertas no edital e previs\u00e3o de aposentadorias.<\/p>\n\n\n\n<p>Consideramos a previs\u00e3o de aposentadorias at\u00e9 o final de 2026 porque a validade do concurso da C\u00e2mara dos Deputados \u00e9 de 2 anos, contados a partir da homologa\u00e7\u00e3o. Como possivelmente o concurso ser\u00e1 homologado at\u00e9 o final de 2024, contamos 2 anos a partir da\u00ed, resultando em 2026.<\/p>\n\n\n\n<p><\/p>\n\n\n\n<h3 class=\"wp-block-heading has-vivid-cyan-blue-color has-text-color\" id=\"h-estimativa-do-calculo-de-convocacoes-para-o-concurso-da-camara-dos-deputados\">Estimativa do C\u00e1lculo de Convoca\u00e7\u00f5es para o Concurso da C\u00e2mara dos Deputados<\/h3>\n\n\n\n<p><\/p>\n\n\n\n<figure class=\"wp-block-table is-style-stripes\"><table class=\"has-background\" style=\"background-color:#f7c49f\"><thead><tr><td><strong>Especialidade<\/strong><\/td><td class=\"has-text-align-center\" data-align=\"center\"><strong>Postos Vagos<\/strong><\/td><td class=\"has-text-align-center\" data-align=\"center\"><strong>Vagas Imediatas<\/strong><\/td><td class=\"has-text-align-center\" data-align=\"center\"><strong>Cadastro de Reserva<\/strong><\/td><td class=\"has-text-align-center\" data-align=\"center\"><strong>Previs\u00f5es de Aposentadorias at\u00e9 31\/12\/2026<\/strong><\/td><td class=\"has-text-align-center\" data-align=\"center\"><strong>Previs\u00f5es de Convoca\u00e7\u00f5es<\/strong><\/td><\/tr><\/thead><tbody><tr><td><strong>Assistente Social<\/strong><\/td><td class=\"has-text-align-center\" data-align=\"center\"><mark style=\"background-color:#8ed1fc\" class=\"has-inline-color\">4<\/mark><\/td><td class=\"has-text-align-center\" data-align=\"center\">2<\/td><td class=\"has-text-align-center\" data-align=\"center\">5<\/td><td class=\"has-text-align-center\" data-align=\"center\"><mark style=\"background-color:#8ed1fc\" class=\"has-inline-color\">0<\/mark><\/td><td class=\"has-text-align-center\" data-align=\"center\">4<\/td><\/tr><tr><td><strong>Contador<\/strong><\/td><td class=\"has-text-align-center\" data-align=\"center\">18<\/td><td class=\"has-text-align-center\" data-align=\"center\"><mark style=\"background-color:#8ed1fc\" class=\"has-inline-color\">3<\/mark><\/td><td class=\"has-text-align-center\" data-align=\"center\"><mark style=\"background-color:#8ed1fc\" class=\"has-inline-color\">27<\/mark><\/td><td class=\"has-text-align-center\" data-align=\"center\">17<\/td><td class=\"has-text-align-center\" data-align=\"center\">30<\/td><\/tr><tr><td><strong>Consultoria<\/strong><\/td><td class=\"has-text-align-center\" data-align=\"center\"><mark style=\"background-color:#8ed1fc\" class=\"has-inline-color\">67<\/mark><\/td><td class=\"has-text-align-center\" data-align=\"center\">34*<\/td><td class=\"has-text-align-center\" data-align=\"center\">215*<\/td><td class=\"has-text-align-center\" data-align=\"center\"><mark style=\"background-color:#8ed1fc\" class=\"has-inline-color\">42**<\/mark><\/td><td class=\"has-text-align-center\" data-align=\"center\">109<\/td><\/tr><tr><td><strong>Enfermeiro<\/strong><\/td><td class=\"has-text-align-center\" data-align=\"center\"><mark style=\"background-color:#8ed1fc\" class=\"has-inline-color\">2<\/mark><\/td><td class=\"has-text-align-center\" data-align=\"center\">2<\/td><td class=\"has-text-align-center\" data-align=\"center\">5<\/td><td class=\"has-text-align-center\" data-align=\"center\"><mark style=\"background-color:#8ed1fc\" class=\"has-inline-color\">1<\/mark><\/td><td class=\"has-text-align-center\" data-align=\"center\">3<\/td><\/tr><tr><td><strong>Farmac\u00eautico<\/strong><\/td><td class=\"has-text-align-center\" data-align=\"center\"><mark style=\"background-color:#8ed1fc\" class=\"has-inline-color\">1<\/mark><\/td><td class=\"has-text-align-center\" data-align=\"center\">1<\/td><td class=\"has-text-align-center\" data-align=\"center\">5<\/td><td class=\"has-text-align-center\" data-align=\"center\"><mark style=\"background-color:#8ed1fc\" class=\"has-inline-color\">2<\/mark><\/td><td class=\"has-text-align-center\" data-align=\"center\">3<\/td><\/tr><tr><td><strong>Inform\u00e1tica Legislativa<\/strong><\/td><td class=\"has-text-align-center\" data-align=\"center\"><mark style=\"background-color:#8ed1fc\" class=\"has-inline-color\">32<\/mark><\/td><td class=\"has-text-align-center\" data-align=\"center\">30<\/td><td class=\"has-text-align-center\" data-align=\"center\">50<\/td><td class=\"has-text-align-center\" data-align=\"center\"><mark style=\"background-color:#8ed1fc\" class=\"has-inline-color\">31<\/mark><\/td><td class=\"has-text-align-center\" data-align=\"center\">63<\/td><\/tr><tr><td><strong>M\u00e9dico<\/strong><\/td><td class=\"has-text-align-center\" data-align=\"center\">45<\/td><td class=\"has-text-align-center\" data-align=\"center\"><mark style=\"background-color:#8ed1fc\" class=\"has-inline-color\">15<\/mark><\/td><td class=\"has-text-align-center\" data-align=\"center\"><mark style=\"background-color:#8ed1fc\" class=\"has-inline-color\">35<\/mark><\/td><td class=\"has-text-align-center\" data-align=\"center\">11<\/td><td class=\"has-text-align-center\" data-align=\"center\">50<\/td><\/tr><tr><td><strong>T\u00e9cnica Legislativa<\/strong><\/td><td class=\"has-text-align-center\" data-align=\"center\">105<\/td><td class=\"has-text-align-center\" data-align=\"center\">33<\/td><td class=\"has-text-align-center\" data-align=\"center\">217<\/td><td class=\"has-text-align-center\" data-align=\"center\">88<\/td><td class=\"has-text-align-center\" data-align=\"center\">193<\/td><\/tr><tr><td><strong>T\u00e9cnico em Material e Patrim\u00f4nio<\/strong><\/td><td class=\"has-text-align-center\" data-align=\"center\">54<\/td><td class=\"has-text-align-center\" data-align=\"center\">20<\/td><td class=\"has-text-align-center\" data-align=\"center\">50<\/td><td class=\"has-text-align-center\" data-align=\"center\">8<\/td><td class=\"has-text-align-center\" data-align=\"center\">62<\/td><\/tr><\/tbody><\/table><figcaption class=\"wp-element-caption\">Tabela 1 \u2013 Estimativa do C\u00e1lculo de Convoca\u00e7\u00f5es para o Concurso da C\u00e2mara dos Deputados.<\/figcaption><\/figure>\n\n\n\n<p><strong>*:<\/strong> somat\u00f3rio das vagas para os cargos de Analista Legislativo, especialidade Consultoria, para as fun\u00e7\u00f5es comissionadas de Consultor Legislativo e Consultor de Or\u00e7amento e Fiscaliza\u00e7\u00e3o Financeira.<\/p>\n\n\n\n<p><strong>**:<\/strong> somat\u00f3rio de previs\u00f5es de aposentadoria para os cargos de Analista Legislativo, especialidade Consultoria, para as fun\u00e7\u00f5es comissionadas de Consultor Legislativo e Consultor de Or\u00e7amento e Fiscaliza\u00e7\u00e3o Financeira.<\/p>\n\n\n\n<p><\/p>\n\n\n\n<p>A C\u00e2mara dos Deputados ir\u00e1 considerar os <strong>postos vagos <\/strong>e as<strong> previs\u00f5es de aposentadoria <\/strong>at\u00e9 o t\u00e9rmino da validade do concurso. Sendo assim, o n\u00famero m\u00e1ximo de pessoas convocadas em cada cargo dever\u00e1 corresponder ao somat\u00f3rio de postos vagos e previs\u00f5es de aposentadoria.<\/p>\n\n\n\n<p>No entanto, esse total n\u00e3o poder\u00e1 ser maior que as oportunidades divulgadas pela banca. Se o total for maior que as oportunidades, ent\u00e3o elas devem prevalecer. Veja um passo a passo bem simplificado de como calculamos as previs\u00f5es de convoca\u00e7\u00f5es.<\/p>\n\n\n\n<p><\/p>\n\n\n\n<h3 class=\"wp-block-heading has-vivid-cyan-blue-color has-text-color\" id=\"h-calculo-de-previsoes-de-convocacoes-para-o-concurso-da-camara-dos-deputados\">C\u00e1lculo de Previs\u00f5es de Convoca\u00e7\u00f5es para o Concurso da C\u00e2mara dos Deputados<\/h3>\n\n\n\n<p><\/p>\n\n\n\n<figure class=\"wp-block-image aligncenter size-full\"><img loading=\"lazy\" decoding=\"async\" width=\"806\" height=\"333\" src=\"https:\/\/dhg1h5j42swfq.cloudfront.net\/2023\/08\/28211917\/image-292.png\" alt=\"Figura 2 \u2013 C\u00e1lculo de Previs\u00f5es de Convoca\u00e7\u00f5es para o Concurso da C\u00e2mara dos Deputados.\" class=\"wp-image-1270452\" srcset=\"https:\/\/dhg1h5j42swfq.cloudfront.net\/2023\/08\/28211917\/image-292.png 806w, https:\/\/dhg1h5j42swfq.cloudfront.net\/2023\/08\/28211917\/image-292-300x124.png 300w, https:\/\/dhg1h5j42swfq.cloudfront.net\/2023\/08\/28211917\/image-292-768x317.png 768w, https:\/\/dhg1h5j42swfq.cloudfront.net\/2023\/08\/28211917\/image-292-610x252.png 610w, https:\/\/dhg1h5j42swfq.cloudfront.net\/2023\/08\/28211917\/image-292-150x62.png 150w\" sizes=\"auto, (max-width: 806px) 100vw, 806px\" \/><figcaption class=\"wp-element-caption\">Figura 2 \u2013 C\u00e1lculo de Previs\u00f5es de Convoca\u00e7\u00f5es para o Concurso da C\u00e2mara dos Deputados.<\/figcaption><\/figure>\n\n\n\n<p><\/p>\n\n\n\n<p>Veja que voc\u00ea n\u00e3o precisa de bruxaria ou astrologia para prever o futuro no mundo dos concursos. Basta um pouco de l\u00f3gica e matem\u00e1tica. N\u00e3o podemos afirmar categoricamente que as quantidades ser\u00e3o exatas; por\u00e9m, h\u00e1 uma grande probabilidade de que o cen\u00e1rio seja esse. <\/p>\n\n\n\n<p>Se voc\u00ea est\u00e1 em d\u00favida a respeito de prestar ou n\u00e3o o concurso, analise os dados com bastante carinho. Sem d\u00favida, a prova da C\u00e2mara dos Deputados vai exigir muita <strong>dedica\u00e7\u00e3o<\/strong>, em raz\u00e3o do n\u00edvel das quest\u00f5es e da quantidade de inscritos. Aproveite e pense bem!<\/p>\n\n\n\n<p><\/p>\n\n\n\n<h2 class=\"wp-block-heading has-vivid-purple-color has-text-color\" id=\"h-conclusao\">Conclus\u00e3o<\/h2>\n\n\n\n<p><\/p>\n\n\n\n<p>Neste artigo, apresentamos um resumo dos concursos legislativos federais \u2013 Senado Federal e C\u00e2mara dos Deputados. Esperamos que as informa\u00e7\u00f5es descritas na publica\u00e7\u00e3o sejam \u00fateis para esclarecer as principais d\u00favidas a respeito das institui\u00e7\u00f5es.<\/p>\n\n\n\n<p>N\u00e3o se esque\u00e7a de que a C\u00e2mara dos Deputados est\u00e1 com edital aberto no momento. Nunca \u00e9 tarde para correr atr\u00e1s dos nossos sonhos. Se voc\u00ea deseja e acredita na aprova\u00e7\u00e3o, ent\u00e3o <strong>estude com afinco<\/strong>. Mesmo que voc\u00ea n\u00e3o consiga, ter\u00e1 evolu\u00eddo bastante e estar\u00e1 mais preparado para os pr\u00f3ximos.<\/p>\n\n\n\n<p>Lembramos que o Estrat\u00e9gia oferece diversos cursos em pdf, videoaulas e \u00e1udios para voc\u00ea ouvir onde quiser. Conhe\u00e7a os materiais da plataforma:<\/p>\n\n\n\n<div class=\"container\" id=\"boxes\">\n  <div class=\"row\">\n\n    <div class=\"col-sm\">\n      <div class=\"banner-estrategia\" id=\"box-assinatura\">\n        <h3 class=\"titulo-assinatura\">Cursos para concursos<\/h3>\n        <p class=\"subtitulo-assinatura\">Estude conosco<\/p>\n        <div class=\"box-botao\">\n          <a class=\"btn-assinatura\" target=\"_blank\" href=\"https:\/\/www.estrategiaconcursos.com.br\/cursos\/\" role=\"button\" rel=\"noopener noreferrer\">Conhe\u00e7a os cursos<\/a>\n        <\/div>\n      <\/div>\n     \n    <\/div>\n\n  <\/div>\n<\/div>\n\n\n\n<p>Por fim, n\u00e3o deixe de treinar o seu aprendizado por meio de quest\u00f5es. Historicamente, alunos aprovados realizam centenas ou at\u00e9 milhares de exerc\u00edcios para atingir seu objetivo. O para ter acesso ao Sistema de Quest\u00f5es do Estrat\u00e9gia, acesse: <\/p>\n\n\n\n<div class=\"container\" id=\"boxes\">\n    <div class=\"row\">\n  \n      <div class=\"col-sm\">\n        <div class=\"questoes\" id=\"box-assinatura\">\n          <h3 class=\"titulo-assinatura\">Sistema de Quest\u00f5es<\/h3>\n          <p class=\"subtitulo-assinatura\">Treine com o Estrat\u00e9gia!<\/p>\n          <div class=\"box-botao\">\n            <a class=\"btn-assinatura\" target=\"_blank\" href=\"https:\/\/concursos.estrategia.com\/\" role=\"button\" rel=\"noopener noreferrer\">ASSINE AGORA<\/a>\n          <\/div>\n        <\/div><\/div><\/div><\/div>\n\n\n\n<p><\/p>\n\n\n\n<p>Bons estudos e at\u00e9 a pr\u00f3xima!<\/p>\n\n\n\n<p><\/p>\n\n\n\n<p><em>Cristiane Selem Ferreira Neves \u00e9 Bacharel em Ci\u00eancia da Computa\u00e7\u00e3o e Mestre em Sistemas de Informa\u00e7\u00e3o pela Universidade Federal do Rio de Janeiro (UFRJ), al\u00e9m de possuir a certifica\u00e7\u00e3o Project Management Professional pelo Project Management Institute (PMI). J\u00e1 foi aprovada nos seguintes concursos: ITERJ (2012), DATAPREV (2012), VALEC (2012), Rioprevid\u00eancia (2012\/2013), TJ-RJ (2022) e TCE-RJ (2022). Atualmente exerce o cargo efetivo de Auditora de Controle Externo \u2013 Tecnologia da Informa\u00e7\u00e3o no TCE-RJ, al\u00e9m de ser produtora de conte\u00fado dos Blogs do Estrat\u00e9gia Concursos, OAB e Carreiras Jur\u00eddicas.<\/em><\/p>\n\n\n\n<p><\/p>\n\n\n\n<p class=\"has-text-align-center has-background\" style=\"background-color:#b1f2e08c\"><a href=\"https:\/\/www.estrategiaconcursos.com.br\/blog\/concursos-abertos\/\" target=\"_blank\" rel=\"noreferrer noopener\">Concursos Abertos<\/a><\/p>\n\n\n\n<h4 class=\"wp-block-heading has-text-align-center\" id=\"h-quer-saber-tudo-de-concursos-previstos\"><strong>Quer Saber Tudo de Concursos Previstos?<\/strong><\/h4>\n\n\n\n<h4 class=\"wp-block-heading has-text-align-center\" id=\"h-confira-nossos-artigos\"><strong>Confira Nossos Artigos<\/strong><\/h4>\n\n\n\n<p class=\"has-text-align-center has-background\" style=\"background-color:#b1f2e08c\"><a href=\"https:\/\/www.estrategiaconcursos.com.br\/blog\/concursos-2023\/\" target=\"_blank\" rel=\"noreferrer noopener\">Concursos 2023<\/a><\/p>\n\n\n\n<p class=\"has-text-align-center has-background\" style=\"background-color:#b1f2e08c\"><a href=\"https:\/\/www.estrategiaconcursos.com.br\/blog\/concursos-2024\/\" target=\"_blank\" rel=\"noreferrer noopener\">Concursos 2024<\/a><\/p>\n\n\n\n<p class=\"has-text-align-center has-background\" style=\"background-color:#b1f2e08c\"><a href=\"https:\/\/www.estrategiaconcursos.com.br\/blog\/concursos-df\/\" target=\"_blank\" rel=\"noreferrer noopener\">Concursos DF<\/a><\/p>\n\n\n\n<p><\/p>\n\n\n\n<p><\/p>\n","protected":false},"excerpt":{"rendered":"<p>Saiba tudo sobre as carreiras e remunera\u00e7\u00f5es dos concursos legislativos federais: Senado Federal e C\u00e2mara dos Deputados!<\/p>\n","protected":false},"author":2462,"featured_media":749349,"comment_status":"open","ping_status":"closed","sticky":false,"template":"","format":"standard","meta":{"post_tipo":"article","footnotes":""},"categories":[1,2017],"tags":[422,519,221544,40,50846,50844,1836,2401,1536,1629],"tax_estado":[219964,219965,219966,219967,219968,219969,219963,219970,219971,219972,219973,219974,219975,219976,219977,219978,219979,219980,219981,219982,219983,219984,219985,219986,219987,219988,219989,219990],"class_list":["post-1270444","post","type-post","status-publish","format-standard","has-post-thumbnail","hentry","category-cursos-e-concursos","category-concursos-legislativos","tag-camara","tag-camara-dos-deputados","tag-camara-dos-deputados-2023","tag-concurso","tag-concurso-da-camara","tag-concurso-do-senado-federal","tag-concurso-legislativo","tag-concursos-do-legislativo-federal","tag-senado","tag-senado-federal","tax_estado-ac","tax_estado-al","tax_estado-am","tax_estado-ap","tax_estado-ba","tax_estado-ce","tax_estado-concursos-federais","tax_estado-df","tax_estado-es","tax_estado-go","tax_estado-ma","tax_estado-mg","tax_estado-ms","tax_estado-mt","tax_estado-pa","tax_estado-pb","tax_estado-pe","tax_estado-pi","tax_estado-pr","tax_estado-rj","tax_estado-rn","tax_estado-ro","tax_estado-rr","tax_estado-rs","tax_estado-sc","tax_estado-se","tax_estado-sp","tax_estado-to"],"acf":[],"yoast_head":"<!-- This site is optimized with the Yoast SEO Premium plugin v27.2 (Yoast SEO v27.2) - https:\/\/yoast.com\/product\/yoast-seo-premium-wordpress\/ -->\n<title>C\u00e2mara dos Deputados e Senado Federal: Concursos Legislativos.<\/title>\n<meta name=\"description\" content=\"Saiba tudo sobre as carreiras e remunera\u00e7\u00f5es dos concursos legislativos federais: Senado Federal e C\u00e2mara dos Deputados!\" \/>\n<meta name=\"robots\" content=\"index, follow, max-snippet:-1, max-image-preview:large, max-video-preview:-1\" \/>\n<link rel=\"canonical\" href=\"https:\/\/www.estrategiaconcursos.com.br\/blog\/camara-deputados-senado-federal-concursos-legislativos\/\" \/>\n<meta property=\"og:locale\" content=\"pt_BR\" \/>\n<meta property=\"og:type\" content=\"article\" \/>\n<meta property=\"og:title\" content=\"Senado Federal e C\u00e2mara dos Deputados: Confira os Concursos Legislativos Federais\" \/>\n<meta property=\"og:description\" content=\"Saiba tudo sobre as carreiras e remunera\u00e7\u00f5es dos concursos legislativos federais: Senado Federal e C\u00e2mara dos Deputados!\" \/>\n<meta property=\"og:url\" content=\"https:\/\/www.estrategiaconcursos.com.br\/blog\/camara-deputados-senado-federal-concursos-legislativos\/\" \/>\n<meta property=\"og:site_name\" content=\"Estrat\u00e9gia Concursos\" \/>\n<meta property=\"article:published_time\" content=\"2023-09-05T14:00:00+00:00\" \/>\n<meta property=\"article:modified_time\" content=\"2023-09-06T18:57:44+00:00\" \/>\n<meta property=\"og:image\" content=\"https:\/\/dhg1h5j42swfq.cloudfront.net\/2021\/03\/24124614\/concursos-legislativos.jpg\" \/>\n\t<meta property=\"og:image:width\" content=\"768\" \/>\n\t<meta property=\"og:image:height\" content=\"432\" \/>\n\t<meta property=\"og:image:type\" content=\"image\/jpeg\" \/>\n<meta name=\"author\" content=\"Cristiane Selem Ferreira Neves\" \/>\n<meta name=\"twitter:card\" content=\"summary_large_image\" \/>\n<meta name=\"twitter:creator\" content=\"@EstratConcursos\" \/>\n<meta name=\"twitter:site\" content=\"@EstratConcursos\" \/>\n<meta name=\"twitter:label1\" content=\"Escrito por\" \/>\n\t<meta name=\"twitter:data1\" content=\"Cristiane Selem Ferreira Neves\" \/>\n\t<meta name=\"twitter:label2\" content=\"Est. tempo de leitura\" \/>\n\t<meta name=\"twitter:data2\" content=\"9 minutos\" \/>\n<script type=\"application\/ld+json\" class=\"yoast-schema-graph\">{\"@context\":\"https:\/\/schema.org\",\"@graph\":[{\"@type\":\"NewsArticle\",\"@id\":\"https:\/\/www.estrategiaconcursos.com.br\/blog\/camara-deputados-senado-federal-concursos-legislativos\/#article\",\"isPartOf\":{\"@id\":\"https:\/\/www.estrategiaconcursos.com.br\/blog\/camara-deputados-senado-federal-concursos-legislativos\/\"},\"author\":{\"name\":\"Cristiane Selem Ferreira Neves\",\"@id\":\"https:\/\/www.estrategiaconcursos.com.br\/blog\/#\/schema\/person\/4afd42dbb493f6ef0c87baf438fd3904\"},\"headline\":\"Senado Federal e C\u00e2mara dos Deputados: Confira os Concursos Legislativos Federais\",\"datePublished\":\"2023-09-05T14:00:00+00:00\",\"dateModified\":\"2023-09-06T18:57:44+00:00\",\"mainEntityOfPage\":{\"@id\":\"https:\/\/www.estrategiaconcursos.com.br\/blog\/camara-deputados-senado-federal-concursos-legislativos\/\"},\"wordCount\":1798,\"commentCount\":0,\"publisher\":{\"@id\":\"https:\/\/www.estrategiaconcursos.com.br\/blog\/#organization\"},\"image\":{\"@id\":\"https:\/\/www.estrategiaconcursos.com.br\/blog\/camara-deputados-senado-federal-concursos-legislativos\/#primaryimage\"},\"thumbnailUrl\":\"https:\/\/dhg1h5j42swfq.cloudfront.net\/2021\/03\/24124614\/concursos-legislativos.jpg\",\"keywords\":[\"c\u00e2mara\",\"C\u00e2mara dos Deputados\",\"C\u00e2mara dos Deputados 2023\",\"Concurso\",\"concurso da c\u00e2mara\",\"concurso do senado federal\",\"concurso legislativo\",\"Concursos do Legislativo Federal\",\"Senado\",\"senado federal\"],\"articleSection\":[\"Concursos P\u00fablicos\",\"Legislativo\"],\"inLanguage\":\"pt-BR\",\"potentialAction\":[{\"@type\":\"CommentAction\",\"name\":\"Comment\",\"target\":[\"https:\/\/www.estrategiaconcursos.com.br\/blog\/camara-deputados-senado-federal-concursos-legislativos\/#respond\"]}],\"copyrightYear\":\"2023\",\"copyrightHolder\":{\"@id\":\"https:\/\/www.estrategiaconcursos.com.br\/blog\/#organization\"}},{\"@type\":\"WebPage\",\"@id\":\"https:\/\/www.estrategiaconcursos.com.br\/blog\/camara-deputados-senado-federal-concursos-legislativos\/\",\"url\":\"https:\/\/www.estrategiaconcursos.com.br\/blog\/camara-deputados-senado-federal-concursos-legislativos\/\",\"name\":\"C\u00e2mara dos Deputados e Senado Federal: Concursos Legislativos.\",\"isPartOf\":{\"@id\":\"https:\/\/www.estrategiaconcursos.com.br\/blog\/#website\"},\"primaryImageOfPage\":{\"@id\":\"https:\/\/www.estrategiaconcursos.com.br\/blog\/camara-deputados-senado-federal-concursos-legislativos\/#primaryimage\"},\"image\":{\"@id\":\"https:\/\/www.estrategiaconcursos.com.br\/blog\/camara-deputados-senado-federal-concursos-legislativos\/#primaryimage\"},\"thumbnailUrl\":\"https:\/\/dhg1h5j42swfq.cloudfront.net\/2021\/03\/24124614\/concursos-legislativos.jpg\",\"datePublished\":\"2023-09-05T14:00:00+00:00\",\"dateModified\":\"2023-09-06T18:57:44+00:00\",\"description\":\"Saiba tudo sobre as carreiras e remunera\u00e7\u00f5es dos concursos legislativos federais: Senado Federal e C\u00e2mara dos Deputados!\",\"breadcrumb\":{\"@id\":\"https:\/\/www.estrategiaconcursos.com.br\/blog\/camara-deputados-senado-federal-concursos-legislativos\/#breadcrumb\"},\"inLanguage\":\"pt-BR\",\"potentialAction\":[{\"@type\":\"ReadAction\",\"target\":[\"https:\/\/www.estrategiaconcursos.com.br\/blog\/camara-deputados-senado-federal-concursos-legislativos\/\"]}]},{\"@type\":\"ImageObject\",\"inLanguage\":\"pt-BR\",\"@id\":\"https:\/\/www.estrategiaconcursos.com.br\/blog\/camara-deputados-senado-federal-concursos-legislativos\/#primaryimage\",\"url\":\"https:\/\/dhg1h5j42swfq.cloudfront.net\/2021\/03\/24124614\/concursos-legislativos.jpg\",\"contentUrl\":\"https:\/\/dhg1h5j42swfq.cloudfront.net\/2021\/03\/24124614\/concursos-legislativos.jpg\",\"width\":768,\"height\":432,\"caption\":\"CONCURSOS LEGISLATIVOS\"},{\"@type\":\"BreadcrumbList\",\"@id\":\"https:\/\/www.estrategiaconcursos.com.br\/blog\/camara-deputados-senado-federal-concursos-legislativos\/#breadcrumb\",\"itemListElement\":[{\"@type\":\"ListItem\",\"position\":1,\"name\":\"In\u00edcio\",\"item\":\"https:\/\/www.estrategiaconcursos.com.br\/blog\/\"},{\"@type\":\"ListItem\",\"position\":2,\"name\":\"Senado Federal e C\u00e2mara dos Deputados: Confira os Concursos Legislativos Federais\"}]},{\"@type\":\"WebSite\",\"@id\":\"https:\/\/www.estrategiaconcursos.com.br\/blog\/#website\",\"url\":\"https:\/\/www.estrategiaconcursos.com.br\/blog\/\",\"name\":\"Estrat\u00e9gia Concursos\",\"description\":\"O blog da Estrat\u00e9gia Concursos traz not\u00edcias sobre concursos e artigos de professores oferecendo cursos para concursos (pdf + videaulas) no site.\",\"publisher\":{\"@id\":\"https:\/\/www.estrategiaconcursos.com.br\/blog\/#organization\"},\"potentialAction\":[{\"@type\":\"SearchAction\",\"target\":{\"@type\":\"EntryPoint\",\"urlTemplate\":\"https:\/\/www.estrategiaconcursos.com.br\/blog\/?s={search_term_string}\"},\"query-input\":{\"@type\":\"PropertyValueSpecification\",\"valueRequired\":true,\"valueName\":\"search_term_string\"}}],\"inLanguage\":\"pt-BR\"},{\"@type\":\"Organization\",\"@id\":\"https:\/\/www.estrategiaconcursos.com.br\/blog\/#organization\",\"name\":\"Estrat\u00e9gia Concursos\",\"url\":\"https:\/\/www.estrategiaconcursos.com.br\/blog\/\",\"logo\":{\"@type\":\"ImageObject\",\"inLanguage\":\"pt-BR\",\"@id\":\"https:\/\/www.estrategiaconcursos.com.br\/blog\/#\/schema\/logo\/image\/\",\"url\":\"https:\/\/dhg1h5j42swfq.cloudfront.net\/2025\/06\/03203428\/logo_concursos-1.jpg\",\"contentUrl\":\"https:\/\/dhg1h5j42swfq.cloudfront.net\/2025\/06\/03203428\/logo_concursos-1.jpg\",\"width\":230,\"height\":60,\"caption\":\"Estrat\u00e9gia Concursos\"},\"image\":{\"@id\":\"https:\/\/www.estrategiaconcursos.com.br\/blog\/#\/schema\/logo\/image\/\"},\"sameAs\":[\"https:\/\/x.com\/EstratConcursos\"]},{\"@type\":\"Person\",\"@id\":\"https:\/\/www.estrategiaconcursos.com.br\/blog\/#\/schema\/person\/4afd42dbb493f6ef0c87baf438fd3904\",\"name\":\"Cristiane Selem Ferreira Neves\",\"image\":{\"@type\":\"ImageObject\",\"inLanguage\":\"pt-BR\",\"@id\":\"https:\/\/secure.gravatar.com\/avatar\/75398471ed0bdb2b96874c4f62eccff4b792181d3ee38d22ddd2bcb33c82e45a?s=96&d=mm&r=g\",\"url\":\"https:\/\/secure.gravatar.com\/avatar\/75398471ed0bdb2b96874c4f62eccff4b792181d3ee38d22ddd2bcb33c82e45a?s=96&d=mm&r=g\",\"contentUrl\":\"https:\/\/secure.gravatar.com\/avatar\/75398471ed0bdb2b96874c4f62eccff4b792181d3ee38d22ddd2bcb33c82e45a?s=96&d=mm&r=g\",\"caption\":\"Cristiane Selem Ferreira Neves\"},\"description\":\"Cristiane Selem Ferreira Neves \u00e9 Bacharel em Ci\u00eancia da Computa\u00e7\u00e3o e Mestre em Sistemas de Informa\u00e7\u00e3o pela Universidade Federal do Rio de Janeiro (UFRJ), al\u00e9m de possuir a certifica\u00e7\u00e3o Project Management Professional pelo Project Management Institute (PMI). J\u00e1 foi aprovada nos seguintes concursos: ITERJ (2012), DATAPREV (2012), VALEC (2012), Rioprevid\u00eancia (2012\/2013), TJ-RJ (2022), TCE-RJ (2022) e CGE-SC (2022\/2023). Atualmente exerce o cargo efetivo de Auditora de Controle Externo \u2013 Tecnologia da Informa\u00e7\u00e3o e integra o corpo docente da Escola de Contas de Gest\u00e3o do TCE-RJ, al\u00e9m de ser produtora de conte\u00fado dos Blogs do Estrat\u00e9gia Concursos, OAB e Carreiras Jur\u00eddicas.\",\"url\":\"https:\/\/www.estrategiaconcursos.com.br\/blog\/author\/cristianeselemgmail-com\/\"}]}<\/script>\n<!-- \/ Yoast SEO Premium plugin. -->","yoast_head_json":{"title":"C\u00e2mara dos Deputados e Senado Federal: Concursos Legislativos.","description":"Saiba tudo sobre as carreiras e remunera\u00e7\u00f5es dos concursos legislativos federais: Senado Federal e C\u00e2mara dos Deputados!","robots":{"index":"index","follow":"follow","max-snippet":"max-snippet:-1","max-image-preview":"max-image-preview:large","max-video-preview":"max-video-preview:-1"},"canonical":"https:\/\/www.estrategiaconcursos.com.br\/blog\/camara-deputados-senado-federal-concursos-legislativos\/","og_locale":"pt_BR","og_type":"article","og_title":"Senado Federal e C\u00e2mara dos Deputados: Confira os Concursos Legislativos Federais","og_description":"Saiba tudo sobre as carreiras e remunera\u00e7\u00f5es dos concursos legislativos federais: Senado Federal e C\u00e2mara dos Deputados!","og_url":"https:\/\/www.estrategiaconcursos.com.br\/blog\/camara-deputados-senado-federal-concursos-legislativos\/","og_site_name":"Estrat\u00e9gia Concursos","article_published_time":"2023-09-05T14:00:00+00:00","article_modified_time":"2023-09-06T18:57:44+00:00","og_image":[{"width":768,"height":432,"url":"https:\/\/dhg1h5j42swfq.cloudfront.net\/2021\/03\/24124614\/concursos-legislativos.jpg","type":"image\/jpeg"}],"author":"Cristiane Selem Ferreira Neves","twitter_card":"summary_large_image","twitter_creator":"@EstratConcursos","twitter_site":"@EstratConcursos","twitter_misc":{"Escrito por":"Cristiane Selem Ferreira Neves","Est. tempo de leitura":"9 minutos"},"schema":{"@context":"https:\/\/schema.org","@graph":[{"@type":"NewsArticle","@id":"https:\/\/www.estrategiaconcursos.com.br\/blog\/camara-deputados-senado-federal-concursos-legislativos\/#article","isPartOf":{"@id":"https:\/\/www.estrategiaconcursos.com.br\/blog\/camara-deputados-senado-federal-concursos-legislativos\/"},"author":{"name":"Cristiane Selem Ferreira Neves","@id":"https:\/\/www.estrategiaconcursos.com.br\/blog\/#\/schema\/person\/4afd42dbb493f6ef0c87baf438fd3904"},"headline":"Senado Federal e C\u00e2mara dos Deputados: Confira os Concursos Legislativos Federais","datePublished":"2023-09-05T14:00:00+00:00","dateModified":"2023-09-06T18:57:44+00:00","mainEntityOfPage":{"@id":"https:\/\/www.estrategiaconcursos.com.br\/blog\/camara-deputados-senado-federal-concursos-legislativos\/"},"wordCount":1798,"commentCount":0,"publisher":{"@id":"https:\/\/www.estrategiaconcursos.com.br\/blog\/#organization"},"image":{"@id":"https:\/\/www.estrategiaconcursos.com.br\/blog\/camara-deputados-senado-federal-concursos-legislativos\/#primaryimage"},"thumbnailUrl":"https:\/\/dhg1h5j42swfq.cloudfront.net\/2021\/03\/24124614\/concursos-legislativos.jpg","keywords":["c\u00e2mara","C\u00e2mara dos Deputados","C\u00e2mara dos Deputados 2023","Concurso","concurso da c\u00e2mara","concurso do senado federal","concurso legislativo","Concursos do Legislativo Federal","Senado","senado federal"],"articleSection":["Concursos P\u00fablicos","Legislativo"],"inLanguage":"pt-BR","potentialAction":[{"@type":"CommentAction","name":"Comment","target":["https:\/\/www.estrategiaconcursos.com.br\/blog\/camara-deputados-senado-federal-concursos-legislativos\/#respond"]}],"copyrightYear":"2023","copyrightHolder":{"@id":"https:\/\/www.estrategiaconcursos.com.br\/blog\/#organization"}},{"@type":"WebPage","@id":"https:\/\/www.estrategiaconcursos.com.br\/blog\/camara-deputados-senado-federal-concursos-legislativos\/","url":"https:\/\/www.estrategiaconcursos.com.br\/blog\/camara-deputados-senado-federal-concursos-legislativos\/","name":"C\u00e2mara dos Deputados e Senado Federal: Concursos Legislativos.","isPartOf":{"@id":"https:\/\/www.estrategiaconcursos.com.br\/blog\/#website"},"primaryImageOfPage":{"@id":"https:\/\/www.estrategiaconcursos.com.br\/blog\/camara-deputados-senado-federal-concursos-legislativos\/#primaryimage"},"image":{"@id":"https:\/\/www.estrategiaconcursos.com.br\/blog\/camara-deputados-senado-federal-concursos-legislativos\/#primaryimage"},"thumbnailUrl":"https:\/\/dhg1h5j42swfq.cloudfront.net\/2021\/03\/24124614\/concursos-legislativos.jpg","datePublished":"2023-09-05T14:00:00+00:00","dateModified":"2023-09-06T18:57:44+00:00","description":"Saiba tudo sobre as carreiras e remunera\u00e7\u00f5es dos concursos legislativos federais: Senado Federal e C\u00e2mara dos Deputados!","breadcrumb":{"@id":"https:\/\/www.estrategiaconcursos.com.br\/blog\/camara-deputados-senado-federal-concursos-legislativos\/#breadcrumb"},"inLanguage":"pt-BR","potentialAction":[{"@type":"ReadAction","target":["https:\/\/www.estrategiaconcursos.com.br\/blog\/camara-deputados-senado-federal-concursos-legislativos\/"]}]},{"@type":"ImageObject","inLanguage":"pt-BR","@id":"https:\/\/www.estrategiaconcursos.com.br\/blog\/camara-deputados-senado-federal-concursos-legislativos\/#primaryimage","url":"https:\/\/dhg1h5j42swfq.cloudfront.net\/2021\/03\/24124614\/concursos-legislativos.jpg","contentUrl":"https:\/\/dhg1h5j42swfq.cloudfront.net\/2021\/03\/24124614\/concursos-legislativos.jpg","width":768,"height":432,"caption":"CONCURSOS LEGISLATIVOS"},{"@type":"BreadcrumbList","@id":"https:\/\/www.estrategiaconcursos.com.br\/blog\/camara-deputados-senado-federal-concursos-legislativos\/#breadcrumb","itemListElement":[{"@type":"ListItem","position":1,"name":"In\u00edcio","item":"https:\/\/www.estrategiaconcursos.com.br\/blog\/"},{"@type":"ListItem","position":2,"name":"Senado Federal e C\u00e2mara dos Deputados: Confira os Concursos Legislativos Federais"}]},{"@type":"WebSite","@id":"https:\/\/www.estrategiaconcursos.com.br\/blog\/#website","url":"https:\/\/www.estrategiaconcursos.com.br\/blog\/","name":"Estrat\u00e9gia Concursos","description":"O blog da Estrat\u00e9gia Concursos traz not\u00edcias sobre concursos e artigos de professores oferecendo cursos para concursos (pdf + videaulas) no site.","publisher":{"@id":"https:\/\/www.estrategiaconcursos.com.br\/blog\/#organization"},"potentialAction":[{"@type":"SearchAction","target":{"@type":"EntryPoint","urlTemplate":"https:\/\/www.estrategiaconcursos.com.br\/blog\/?s={search_term_string}"},"query-input":{"@type":"PropertyValueSpecification","valueRequired":true,"valueName":"search_term_string"}}],"inLanguage":"pt-BR"},{"@type":"Organization","@id":"https:\/\/www.estrategiaconcursos.com.br\/blog\/#organization","name":"Estrat\u00e9gia Concursos","url":"https:\/\/www.estrategiaconcursos.com.br\/blog\/","logo":{"@type":"ImageObject","inLanguage":"pt-BR","@id":"https:\/\/www.estrategiaconcursos.com.br\/blog\/#\/schema\/logo\/image\/","url":"https:\/\/dhg1h5j42swfq.cloudfront.net\/2025\/06\/03203428\/logo_concursos-1.jpg","contentUrl":"https:\/\/dhg1h5j42swfq.cloudfront.net\/2025\/06\/03203428\/logo_concursos-1.jpg","width":230,"height":60,"caption":"Estrat\u00e9gia Concursos"},"image":{"@id":"https:\/\/www.estrategiaconcursos.com.br\/blog\/#\/schema\/logo\/image\/"},"sameAs":["https:\/\/x.com\/EstratConcursos"]},{"@type":"Person","@id":"https:\/\/www.estrategiaconcursos.com.br\/blog\/#\/schema\/person\/4afd42dbb493f6ef0c87baf438fd3904","name":"Cristiane Selem Ferreira Neves","image":{"@type":"ImageObject","inLanguage":"pt-BR","@id":"https:\/\/secure.gravatar.com\/avatar\/75398471ed0bdb2b96874c4f62eccff4b792181d3ee38d22ddd2bcb33c82e45a?s=96&d=mm&r=g","url":"https:\/\/secure.gravatar.com\/avatar\/75398471ed0bdb2b96874c4f62eccff4b792181d3ee38d22ddd2bcb33c82e45a?s=96&d=mm&r=g","contentUrl":"https:\/\/secure.gravatar.com\/avatar\/75398471ed0bdb2b96874c4f62eccff4b792181d3ee38d22ddd2bcb33c82e45a?s=96&d=mm&r=g","caption":"Cristiane Selem Ferreira Neves"},"description":"Cristiane Selem Ferreira Neves \u00e9 Bacharel em Ci\u00eancia da Computa\u00e7\u00e3o e Mestre em Sistemas de Informa\u00e7\u00e3o pela Universidade Federal do Rio de Janeiro (UFRJ), al\u00e9m de possuir a certifica\u00e7\u00e3o Project Management Professional pelo Project Management Institute (PMI). J\u00e1 foi aprovada nos seguintes concursos: ITERJ (2012), DATAPREV (2012), VALEC (2012), Rioprevid\u00eancia (2012\/2013), TJ-RJ (2022), TCE-RJ (2022) e CGE-SC (2022\/2023). Atualmente exerce o cargo efetivo de Auditora de Controle Externo \u2013 Tecnologia da Informa\u00e7\u00e3o e integra o corpo docente da Escola de Contas de Gest\u00e3o do TCE-RJ, al\u00e9m de ser produtora de conte\u00fado dos Blogs do Estrat\u00e9gia Concursos, OAB e Carreiras Jur\u00eddicas.","url":"https:\/\/www.estrategiaconcursos.com.br\/blog\/author\/cristianeselemgmail-com\/"}]}},"_links":{"self":[{"href":"https:\/\/www.estrategiaconcursos.com.br\/blog\/wp-json\/wp\/v2\/posts\/1270444","targetHints":{"allow":["GET"]}}],"collection":[{"href":"https:\/\/www.estrategiaconcursos.com.br\/blog\/wp-json\/wp\/v2\/posts"}],"about":[{"href":"https:\/\/www.estrategiaconcursos.com.br\/blog\/wp-json\/wp\/v2\/types\/post"}],"author":[{"embeddable":true,"href":"https:\/\/www.estrategiaconcursos.com.br\/blog\/wp-json\/wp\/v2\/users\/2462"}],"replies":[{"embeddable":true,"href":"https:\/\/www.estrategiaconcursos.com.br\/blog\/wp-json\/wp\/v2\/comments?post=1270444"}],"version-history":[{"count":37,"href":"https:\/\/www.estrategiaconcursos.com.br\/blog\/wp-json\/wp\/v2\/posts\/1270444\/revisions"}],"predecessor-version":[{"id":1274637,"href":"https:\/\/www.estrategiaconcursos.com.br\/blog\/wp-json\/wp\/v2\/posts\/1270444\/revisions\/1274637"}],"wp:featuredmedia":[{"embeddable":true,"href":"https:\/\/www.estrategiaconcursos.com.br\/blog\/wp-json\/wp\/v2\/media\/749349"}],"wp:attachment":[{"href":"https:\/\/www.estrategiaconcursos.com.br\/blog\/wp-json\/wp\/v2\/media?parent=1270444"}],"wp:term":[{"taxonomy":"category","embeddable":true,"href":"https:\/\/www.estrategiaconcursos.com.br\/blog\/wp-json\/wp\/v2\/categories?post=1270444"},{"taxonomy":"post_tag","embeddable":true,"href":"https:\/\/www.estrategiaconcursos.com.br\/blog\/wp-json\/wp\/v2\/tags?post=1270444"},{"taxonomy":"tax_estado","embeddable":true,"href":"https:\/\/www.estrategiaconcursos.com.br\/blog\/wp-json\/wp\/v2\/tax_estado?post=1270444"}],"curies":[{"name":"wp","href":"https:\/\/api.w.org\/{rel}","templated":true}]}}