{"id":126789,"date":"2018-06-18T17:19:17","date_gmt":"2018-06-18T20:19:17","guid":{"rendered":"https:\/\/www.estrategiaconcursos.com.br\/blog\/?p=126789"},"modified":"2018-06-22T00:30:23","modified_gmt":"2018-06-22T03:30:23","slug":"atualidades-ses-df-prova-comentada","status":"publish","type":"post","link":"https:\/\/www.estrategiaconcursos.com.br\/blog\/atualidades-ses-df-prova-comentada\/","title":{"rendered":"Atualidades &#8211; SES\/DF &#8211; Prova Comentada"},"content":{"rendered":"<p style=\"text-align: justify\">Ol\u00e1 pessoal,<\/p>\n<p style=\"text-align: justify\">Seguem os meus coment\u00e1rios \u00e0 prova de Atualidades do concurso da Secretaria de Sa\u00fade do Distrito Federal, aplicada em 17\/06. Foram tr\u00eas quest\u00f5es da nossa disciplina. N\u00e3o vislumbro a possibilidade de recursos.<\/p>\n<p>&nbsp;<\/p>\n<p style=\"text-align: justify\"><strong>23) O cerrado \u00e9 a vegeta\u00e7\u00e3o t\u00edpica do Distrito Federal (DF), no entanto, existem outras forma\u00e7\u00f5es que merecem destaque porque ajudam a compor todo um quadro natural, que \u00e9 parte de uma paisagem exuberante. Quanto a esse assunto, a vegeta\u00e7\u00e3o que integra parte da paisagem do DF \u00e9 a <\/strong><\/p>\n<p style=\"text-align: justify\"><strong>a) mata de galeria e mata ciliar.<\/strong><\/p>\n<p style=\"text-align: justify\"><strong>b) floresta equatorial.<\/strong><\/p>\n<p style=\"text-align: justify\"><strong>c) restinga.<\/strong><\/p>\n<p style=\"text-align: justify\"><strong>d) arauc\u00e1ria.<\/strong><\/p>\n<p style=\"text-align: justify\"><strong>e) floresta de con\u00edferas.<\/strong><\/p>\n<p style=\"text-align: center\"><strong><u>COMENT\u00c1RIOS:<\/u><\/strong><\/p>\n<p style=\"text-align: justify\">\u00a0\u00a0\u00a0\u00a0\u00a0\u00a0\u00a0\u00a0\u00a0\u00a0\u00a0 O cerrado \u00e9 a vegeta\u00e7\u00e3o t\u00edpica do Distrito Federal. As forma\u00e7\u00f5es vegetais do cerrado podem ser classificadas em estratifica\u00e7\u00f5es, sendo duas delas a mata ciliar e a mata de galeria.<\/p>\n<p style=\"text-align: justify\">\u00a0\u00a0\u00a0\u00a0\u00a0\u00a0\u00a0\u00a0\u00a0\u00a0\u00a0 As outras alternativas n\u00e3o correspondem a forma\u00e7\u00f5es vegetais existentes no Distrito Federal. A floresta equatorial tamb\u00e9m \u00e9 conhecida como floresta amaz\u00f4nica. A arauc\u00e1ria, que \u00e9 um tipo de con\u00edfera, \u00e9 uma forma\u00e7\u00e3o vegetal que ocorre quase que exclusivamente na regi\u00e3o Sul do Brasil.<\/p>\n<p style=\"text-align: justify\"><strong>\u00a0\u00a0\u00a0\u00a0\u00a0\u00a0\u00a0\u00a0\u00a0\u00a0\u00a0 Gabarito: A<\/strong><\/p>\n<p>&nbsp;<\/p>\n<p style=\"text-align: justify\"><strong>24) Em 1946, com a Revis\u00e3o Constitucional, a mudan\u00e7a da capital do Pa\u00eds para o Planalto Central foi inclu\u00edda nas disposi\u00e7\u00f5es transit\u00f3rias da Constitui\u00e7\u00e3o. Assim, em novembro do mesmo ano, o presidente Eurico Gaspar Dutra nomeou a Comiss\u00e3o de Estudos para a Localiza\u00e7\u00e3o da Nova Capital do Brasil.<\/strong><\/p>\n<p style=\"text-align: right\">Dispon\u00edvel em: &lt;<a href=\"http:\/\/www.memoria.ibge.gov.br\/\">www.memoria.ibge.gov.br<\/a>&gt;. Acesso em: 20 abr. 2018, com adapta\u00e7\u00f5es.<\/p>\n<p style=\"text-align: justify\"><strong>Considerando que o texto apresentado se refere a um importante momento para a cria\u00e7\u00e3o da Nova Capital, \u00e9 correta afirmar que a mencionada comiss\u00e3o denominava-se Miss\u00e3o<\/strong><\/p>\n<p style=\"text-align: justify\"><strong>a) Cruls.<\/strong><\/p>\n<p style=\"text-align: justify\"><strong>b) Nova Capital.<\/strong><\/p>\n<p style=\"text-align: justify\"><strong>c) Gaspar Dutra.<\/strong><\/p>\n<p style=\"text-align: justify\"><strong>d) Poli Coelho.<\/strong><\/p>\n<p style=\"text-align: justify\"><strong>e) Planalto Central.<\/strong><\/p>\n<p style=\"text-align: center\"><strong><u>COMENT\u00c1RIOS:<\/u><\/strong><\/p>\n<p style=\"text-align: justify\">\u00a0\u00a0\u00a0\u00a0\u00a0\u00a0\u00a0\u00a0\u00a0\u00a0\u00a0 A Constitui\u00e7\u00e3o de 1946 estabeleceu que a capital da Uni\u00e3o seria transferida para o planalto central do pa\u00eds e que seria nomeada uma comiss\u00e3o de t\u00e9cnicos de reconhecido valor para proceder ao estudo da localiza\u00e7\u00e3o da nova Capital. Essa comiss\u00e3o foi nomeada pelo presidente Eurico Gaspar Dutra, em 1946, denominada de <strong>Comiss\u00e3o de Estudos para a localiza\u00e7\u00e3o da nova Capital do Brasil<\/strong>, presidida pelo chefe do Servi\u00e7o Geogr\u00e1fico do Ex\u00e9rcito, general <strong>Djalma Polli Coelho<\/strong>. A Comiss\u00e3o ficou conhecida como Miss\u00e3o Poli Coelho ou Comiss\u00e3o Poli Coelho.<\/p>\n<p style=\"text-align: justify\">\u00a0\u00a0\u00a0\u00a0\u00a0\u00a0\u00a0\u00a0\u00a0\u00a0\u00a0 A \u00fanica alternativa que faz men\u00e7\u00e3o \u00e0 Polli Coelho \u00e9 a \u201cd\u201d.<\/p>\n<p style=\"text-align: justify\"><strong>\u00a0\u00a0\u00a0\u00a0\u00a0\u00a0\u00a0\u00a0\u00a0\u00a0\u00a0 Gabarito: D<\/strong><\/p>\n<p>&nbsp;<\/p>\n<p style=\"text-align: justify\"><strong>25) A regulariza\u00e7\u00e3o da ocupa\u00e7\u00e3o do solo no Distrito Federal \u00e9 um processo multidisciplinar que envolve diferentes \u00f3rg\u00e3os da administra\u00e7\u00e3o p\u00fablica e \u00e9 formado por v\u00e1rias etapas\/est\u00e1gios. No processo de regulariza\u00e7\u00e3o de determinada \u00e1rea, a etapa que deve vir em primeiro lugar \u00e9 a (o):<\/strong><\/p>\n<p style=\"text-align: justify\"><strong>a) aprova\u00e7\u00e3o dos projetos de infraestrutura.<\/strong><\/p>\n<p style=\"text-align: justify\"><strong>b) an\u00e1lise da situa\u00e7\u00e3o fundi\u00e1ria.<\/strong><\/p>\n<p style=\"text-align: justify\"><strong>c) registro cartorial do empreendimento.<\/strong><\/p>\n<p style=\"text-align: justify\"><strong>d) implanta\u00e7\u00e3o de obras de infraestrutura.<\/strong><\/p>\n<p style=\"text-align: justify\"><strong>e) comercializa\u00e7\u00e3o ou o repasse das unidades imobili\u00e1rias.<\/strong><\/p>\n<p style=\"text-align: center\"><strong><u>COMENT\u00c1RIOS:<\/u><\/strong><\/p>\n<p style=\"text-align: justify\">\u00a0\u00a0\u00a0\u00a0\u00a0\u00a0\u00a0\u00a0\u00a0\u00a0\u00a0 Muitas \u00e1reas foram ocupadas irregularmente no Distrito Federal. Para regularizar estas ocupa\u00e7\u00f5es, o Governo Distrital desenvolve um programa de regulariza\u00e7\u00e3o fundi\u00e1ria. Na regulariza\u00e7\u00e3o de \u00e1reas, a primeira etapa \u00e9 a de verifica\u00e7\u00e3o da situa\u00e7\u00e3o fundi\u00e1ria, que \u00e9 como a \u00e1rea foi parcelada, qual o parcelamento da \u00e1rea, como est\u00e1 a ocupa\u00e7\u00e3o atual, qual a situa\u00e7\u00e3o jur\u00eddica da \u00e1rea, etc.<\/p>\n<p style=\"text-align: justify\">\u00a0\u00a0\u00a0\u00a0\u00a0\u00a0\u00a0\u00a0\u00a0\u00a0\u00a0 A regulariza\u00e7\u00e3o fundi\u00e1ria \u00e9 um processo multidisciplinar que envolve diferentes \u00f3rg\u00e3os da administra\u00e7\u00e3o p\u00fablica e \u00e9\u00a0formado por v\u00e1rias etapas\/est\u00e1gios. A figura abaixo mostra as etapas a serem percorridas no desenvolvimento do processo de regulariza\u00e7\u00e3o fundi\u00e1ria, at\u00e9 chegar ao registro cartorial e \u00e0 aliena\u00e7\u00e3o dos lotes por meio da comercializa\u00e7\u00e3o ou repasse dos lotes ao \u00f3rg\u00e3o competente do GDF.<\/p>\n<p style=\"text-align: center\"><img loading=\"lazy\" decoding=\"async\" class=\"aligncenter\" src=\"http:\/\/www.terracap.df.gov.br\/images\/ETAPAS_reviso_fev_2015.jpg\" alt=\"\" width=\"504\" height=\"672\" \/><strong>Fonte:<\/strong> Terracap<\/p>\n<p><strong>\u00a0 \u00a0 \u00a0 \u00a0 \u00a0 \u00a0Gabarito: B<\/strong><\/p>\n<p>&nbsp;<\/p>\n<p>Grande Abra\u00e7o,<\/p>\n<p>Prof. Leandro Signori<\/p>\n","protected":false},"excerpt":{"rendered":"<p>Ol\u00e1 pessoal, Seguem os meus coment\u00e1rios \u00e0 prova de Atualidades do concurso da Secretaria de Sa\u00fade do Distrito Federal, aplicada em 17\/06. Foram tr\u00eas quest\u00f5es da nossa disciplina. N\u00e3o vislumbro a possibilidade de recursos. &nbsp; 23) O cerrado \u00e9 a vegeta\u00e7\u00e3o t\u00edpica do Distrito Federal (DF), no entanto, existem outras forma\u00e7\u00f5es que merecem destaque porque [&hellip;]<\/p>\n","protected":false},"author":306,"featured_media":0,"comment_status":"open","ping_status":"closed","sticky":false,"template":"","format":"standard","meta":{"post_tipo":"article","footnotes":""},"categories":[1],"tags":[549,3756,3837,3884],"tax_estado":[],"class_list":["post-126789","post","type-post","status-publish","format-standard","hentry","category-cursos-e-concursos","tag-atualidades","tag-leandro-signori","tag-realidade-do-df-e-ride","tag-realidade-do-distrito-federal-e-ride"],"acf":[],"yoast_head":"<!-- This site is optimized with the Yoast SEO Premium plugin v27.2 (Yoast SEO v27.2) - https:\/\/yoast.com\/product\/yoast-seo-premium-wordpress\/ -->\n<title>Atualidades - SES\/DF - Prova Comentada<\/title>\n<meta name=\"robots\" content=\"index, follow, max-snippet:-1, max-image-preview:large, max-video-preview:-1\" \/>\n<link rel=\"canonical\" href=\"https:\/\/www.estrategiaconcursos.com.br\/blog\/atualidades-ses-df-prova-comentada\/\" \/>\n<meta property=\"og:locale\" content=\"pt_BR\" \/>\n<meta property=\"og:type\" content=\"article\" \/>\n<meta property=\"og:title\" content=\"Atualidades - SES\/DF - Prova Comentada\" \/>\n<meta property=\"og:description\" content=\"Ol\u00e1 pessoal, Seguem os meus coment\u00e1rios \u00e0 prova de Atualidades do concurso da Secretaria de Sa\u00fade do Distrito Federal, aplicada em 17\/06. Foram tr\u00eas quest\u00f5es da nossa disciplina. N\u00e3o vislumbro a possibilidade de recursos. &nbsp; 23) O cerrado \u00e9 a vegeta\u00e7\u00e3o t\u00edpica do Distrito Federal (DF), no entanto, existem outras forma\u00e7\u00f5es que merecem destaque porque [&hellip;]\" \/>\n<meta property=\"og:url\" content=\"https:\/\/www.estrategiaconcursos.com.br\/blog\/atualidades-ses-df-prova-comentada\/\" \/>\n<meta property=\"og:site_name\" content=\"Estrat\u00e9gia Concursos\" \/>\n<meta property=\"article:author\" content=\"https:\/\/www.facebook.com\/leandrosignoriatualidades\/\" \/>\n<meta property=\"article:published_time\" content=\"2018-06-18T20:19:17+00:00\" \/>\n<meta property=\"article:modified_time\" content=\"2018-06-22T03:30:23+00:00\" \/>\n<meta property=\"og:image\" content=\"http:\/\/www.terracap.df.gov.br\/images\/ETAPAS_reviso_fev_2015.jpg\" \/>\n<meta name=\"author\" content=\"Leandro Signori\" \/>\n<meta name=\"twitter:card\" content=\"summary_large_image\" \/>\n<meta name=\"twitter:creator\" content=\"@EstratConcursos\" \/>\n<meta name=\"twitter:site\" content=\"@EstratConcursos\" \/>\n<meta name=\"twitter:label1\" content=\"Escrito por\" \/>\n\t<meta name=\"twitter:data1\" content=\"Leandro Signori\" \/>\n\t<meta name=\"twitter:label2\" content=\"Est. tempo de leitura\" \/>\n\t<meta name=\"twitter:data2\" content=\"3 minutos\" \/>\n<script type=\"application\/ld+json\" class=\"yoast-schema-graph\">{\"@context\":\"https:\/\/schema.org\",\"@graph\":[{\"@type\":\"NewsArticle\",\"@id\":\"https:\/\/www.estrategiaconcursos.com.br\/blog\/atualidades-ses-df-prova-comentada\/#article\",\"isPartOf\":{\"@id\":\"https:\/\/www.estrategiaconcursos.com.br\/blog\/atualidades-ses-df-prova-comentada\/\"},\"author\":{\"name\":\"Leandro Signori\",\"@id\":\"https:\/\/www.estrategiaconcursos.com.br\/blog\/#\/schema\/person\/d2e7d78de4b9d6ba51cc24fd558a7f42\"},\"headline\":\"Atualidades &#8211; SES\/DF &#8211; Prova Comentada\",\"datePublished\":\"2018-06-18T20:19:17+00:00\",\"dateModified\":\"2018-06-22T03:30:23+00:00\",\"mainEntityOfPage\":{\"@id\":\"https:\/\/www.estrategiaconcursos.com.br\/blog\/atualidades-ses-df-prova-comentada\/\"},\"wordCount\":664,\"commentCount\":2,\"publisher\":{\"@id\":\"https:\/\/www.estrategiaconcursos.com.br\/blog\/#organization\"},\"image\":{\"@id\":\"https:\/\/www.estrategiaconcursos.com.br\/blog\/atualidades-ses-df-prova-comentada\/#primaryimage\"},\"thumbnailUrl\":\"http:\/\/www.terracap.df.gov.br\/images\/ETAPAS_reviso_fev_2015.jpg\",\"keywords\":[\"Atualidades\",\"Leandro Signori\",\"Realidade do DF e RIDE\",\"Realidade do Distrito Federal e RIDE\"],\"articleSection\":[\"Concursos P\u00fablicos\"],\"inLanguage\":\"pt-BR\",\"potentialAction\":[{\"@type\":\"CommentAction\",\"name\":\"Comment\",\"target\":[\"https:\/\/www.estrategiaconcursos.com.br\/blog\/atualidades-ses-df-prova-comentada\/#respond\"]}],\"copyrightYear\":\"2018\",\"copyrightHolder\":{\"@id\":\"https:\/\/www.estrategiaconcursos.com.br\/blog\/#organization\"}},{\"@type\":\"WebPage\",\"@id\":\"https:\/\/www.estrategiaconcursos.com.br\/blog\/atualidades-ses-df-prova-comentada\/\",\"url\":\"https:\/\/www.estrategiaconcursos.com.br\/blog\/atualidades-ses-df-prova-comentada\/\",\"name\":\"Atualidades - SES\/DF - Prova Comentada\",\"isPartOf\":{\"@id\":\"https:\/\/www.estrategiaconcursos.com.br\/blog\/#website\"},\"primaryImageOfPage\":{\"@id\":\"https:\/\/www.estrategiaconcursos.com.br\/blog\/atualidades-ses-df-prova-comentada\/#primaryimage\"},\"image\":{\"@id\":\"https:\/\/www.estrategiaconcursos.com.br\/blog\/atualidades-ses-df-prova-comentada\/#primaryimage\"},\"thumbnailUrl\":\"http:\/\/www.terracap.df.gov.br\/images\/ETAPAS_reviso_fev_2015.jpg\",\"datePublished\":\"2018-06-18T20:19:17+00:00\",\"dateModified\":\"2018-06-22T03:30:23+00:00\",\"breadcrumb\":{\"@id\":\"https:\/\/www.estrategiaconcursos.com.br\/blog\/atualidades-ses-df-prova-comentada\/#breadcrumb\"},\"inLanguage\":\"pt-BR\",\"potentialAction\":[{\"@type\":\"ReadAction\",\"target\":[\"https:\/\/www.estrategiaconcursos.com.br\/blog\/atualidades-ses-df-prova-comentada\/\"]}]},{\"@type\":\"ImageObject\",\"inLanguage\":\"pt-BR\",\"@id\":\"https:\/\/www.estrategiaconcursos.com.br\/blog\/atualidades-ses-df-prova-comentada\/#primaryimage\",\"url\":\"http:\/\/www.terracap.df.gov.br\/images\/ETAPAS_reviso_fev_2015.jpg\",\"contentUrl\":\"http:\/\/www.terracap.df.gov.br\/images\/ETAPAS_reviso_fev_2015.jpg\"},{\"@type\":\"BreadcrumbList\",\"@id\":\"https:\/\/www.estrategiaconcursos.com.br\/blog\/atualidades-ses-df-prova-comentada\/#breadcrumb\",\"itemListElement\":[{\"@type\":\"ListItem\",\"position\":1,\"name\":\"In\u00edcio\",\"item\":\"https:\/\/www.estrategiaconcursos.com.br\/blog\/\"},{\"@type\":\"ListItem\",\"position\":2,\"name\":\"Atualidades &#8211; SES\/DF &#8211; Prova Comentada\"}]},{\"@type\":\"WebSite\",\"@id\":\"https:\/\/www.estrategiaconcursos.com.br\/blog\/#website\",\"url\":\"https:\/\/www.estrategiaconcursos.com.br\/blog\/\",\"name\":\"Estrat\u00e9gia Concursos\",\"description\":\"O blog da Estrat\u00e9gia Concursos traz not\u00edcias sobre concursos e artigos de professores oferecendo cursos para concursos (pdf + videaulas) no site.\",\"publisher\":{\"@id\":\"https:\/\/www.estrategiaconcursos.com.br\/blog\/#organization\"},\"potentialAction\":[{\"@type\":\"SearchAction\",\"target\":{\"@type\":\"EntryPoint\",\"urlTemplate\":\"https:\/\/www.estrategiaconcursos.com.br\/blog\/?s={search_term_string}\"},\"query-input\":{\"@type\":\"PropertyValueSpecification\",\"valueRequired\":true,\"valueName\":\"search_term_string\"}}],\"inLanguage\":\"pt-BR\"},{\"@type\":\"Organization\",\"@id\":\"https:\/\/www.estrategiaconcursos.com.br\/blog\/#organization\",\"name\":\"Estrat\u00e9gia Concursos\",\"url\":\"https:\/\/www.estrategiaconcursos.com.br\/blog\/\",\"logo\":{\"@type\":\"ImageObject\",\"inLanguage\":\"pt-BR\",\"@id\":\"https:\/\/www.estrategiaconcursos.com.br\/blog\/#\/schema\/logo\/image\/\",\"url\":\"https:\/\/dhg1h5j42swfq.cloudfront.net\/2025\/06\/03203428\/logo_concursos-1.jpg\",\"contentUrl\":\"https:\/\/dhg1h5j42swfq.cloudfront.net\/2025\/06\/03203428\/logo_concursos-1.jpg\",\"width\":230,\"height\":60,\"caption\":\"Estrat\u00e9gia Concursos\"},\"image\":{\"@id\":\"https:\/\/www.estrategiaconcursos.com.br\/blog\/#\/schema\/logo\/image\/\"},\"sameAs\":[\"https:\/\/x.com\/EstratConcursos\"]},{\"@type\":\"Person\",\"@id\":\"https:\/\/www.estrategiaconcursos.com.br\/blog\/#\/schema\/person\/d2e7d78de4b9d6ba51cc24fd558a7f42\",\"name\":\"Leandro Signori\",\"image\":{\"@type\":\"ImageObject\",\"inLanguage\":\"pt-BR\",\"@id\":\"https:\/\/secure.gravatar.com\/avatar\/aa2ef98e93764dcf1758f52d2792d4b3e4089ee25bc520608dde62ad802ae541?s=96&d=mm&r=g\",\"url\":\"https:\/\/secure.gravatar.com\/avatar\/aa2ef98e93764dcf1758f52d2792d4b3e4089ee25bc520608dde62ad802ae541?s=96&d=mm&r=g\",\"contentUrl\":\"https:\/\/secure.gravatar.com\/avatar\/aa2ef98e93764dcf1758f52d2792d4b3e4089ee25bc520608dde62ad802ae541?s=96&d=mm&r=g\",\"caption\":\"Leandro Signori\"},\"description\":\"Licenciado em Geografia pela Universidade Federal do Rio Grande do Sul (UFRGS) e Bacharel em Geografia pela Uniceub (Bras\u00edlia). Como servidor p\u00fablico, foi funcion\u00e1rio da Prefeitura de S\u00e3o Leopoldo (RS), Prefeitura de Porto Alegre (RS), Companhia Riograndense de Saneamento (Corsan) e Minist\u00e9rio da Integra\u00e7\u00e3o Nacional. \u00c9 professor de Geografia para o ensino m\u00e9dio na rede particular de ensino. Leciona as disciplinas de Atualidades, Conhecimentos Gerais, Geografia, Realidade Brasileira e Hist\u00f3ria, em cursos on line e presenciais preparat\u00f3rios para concursos p\u00fablicos.\",\"sameAs\":[\"https:\/\/www.facebook.com\/leandrosignoriatualidades\/\"],\"url\":\"https:\/\/www.estrategiaconcursos.com.br\/blog\/author\/leandroestrategiaconcursos-com-br\/\"}]}<\/script>\n<!-- \/ Yoast SEO Premium plugin. -->","yoast_head_json":{"title":"Atualidades - SES\/DF - Prova Comentada","robots":{"index":"index","follow":"follow","max-snippet":"max-snippet:-1","max-image-preview":"max-image-preview:large","max-video-preview":"max-video-preview:-1"},"canonical":"https:\/\/www.estrategiaconcursos.com.br\/blog\/atualidades-ses-df-prova-comentada\/","og_locale":"pt_BR","og_type":"article","og_title":"Atualidades - SES\/DF - Prova Comentada","og_description":"Ol\u00e1 pessoal, Seguem os meus coment\u00e1rios \u00e0 prova de Atualidades do concurso da Secretaria de Sa\u00fade do Distrito Federal, aplicada em 17\/06. Foram tr\u00eas quest\u00f5es da nossa disciplina. N\u00e3o vislumbro a possibilidade de recursos. &nbsp; 23) O cerrado \u00e9 a vegeta\u00e7\u00e3o t\u00edpica do Distrito Federal (DF), no entanto, existem outras forma\u00e7\u00f5es que merecem destaque porque [&hellip;]","og_url":"https:\/\/www.estrategiaconcursos.com.br\/blog\/atualidades-ses-df-prova-comentada\/","og_site_name":"Estrat\u00e9gia Concursos","article_author":"https:\/\/www.facebook.com\/leandrosignoriatualidades\/","article_published_time":"2018-06-18T20:19:17+00:00","article_modified_time":"2018-06-22T03:30:23+00:00","og_image":[{"url":"http:\/\/www.terracap.df.gov.br\/images\/ETAPAS_reviso_fev_2015.jpg","type":"","width":"","height":""}],"author":"Leandro Signori","twitter_card":"summary_large_image","twitter_creator":"@EstratConcursos","twitter_site":"@EstratConcursos","twitter_misc":{"Escrito por":"Leandro Signori","Est. tempo de leitura":"3 minutos"},"schema":{"@context":"https:\/\/schema.org","@graph":[{"@type":"NewsArticle","@id":"https:\/\/www.estrategiaconcursos.com.br\/blog\/atualidades-ses-df-prova-comentada\/#article","isPartOf":{"@id":"https:\/\/www.estrategiaconcursos.com.br\/blog\/atualidades-ses-df-prova-comentada\/"},"author":{"name":"Leandro Signori","@id":"https:\/\/www.estrategiaconcursos.com.br\/blog\/#\/schema\/person\/d2e7d78de4b9d6ba51cc24fd558a7f42"},"headline":"Atualidades &#8211; SES\/DF &#8211; Prova Comentada","datePublished":"2018-06-18T20:19:17+00:00","dateModified":"2018-06-22T03:30:23+00:00","mainEntityOfPage":{"@id":"https:\/\/www.estrategiaconcursos.com.br\/blog\/atualidades-ses-df-prova-comentada\/"},"wordCount":664,"commentCount":2,"publisher":{"@id":"https:\/\/www.estrategiaconcursos.com.br\/blog\/#organization"},"image":{"@id":"https:\/\/www.estrategiaconcursos.com.br\/blog\/atualidades-ses-df-prova-comentada\/#primaryimage"},"thumbnailUrl":"http:\/\/www.terracap.df.gov.br\/images\/ETAPAS_reviso_fev_2015.jpg","keywords":["Atualidades","Leandro Signori","Realidade do DF e RIDE","Realidade do Distrito Federal e RIDE"],"articleSection":["Concursos P\u00fablicos"],"inLanguage":"pt-BR","potentialAction":[{"@type":"CommentAction","name":"Comment","target":["https:\/\/www.estrategiaconcursos.com.br\/blog\/atualidades-ses-df-prova-comentada\/#respond"]}],"copyrightYear":"2018","copyrightHolder":{"@id":"https:\/\/www.estrategiaconcursos.com.br\/blog\/#organization"}},{"@type":"WebPage","@id":"https:\/\/www.estrategiaconcursos.com.br\/blog\/atualidades-ses-df-prova-comentada\/","url":"https:\/\/www.estrategiaconcursos.com.br\/blog\/atualidades-ses-df-prova-comentada\/","name":"Atualidades - SES\/DF - Prova Comentada","isPartOf":{"@id":"https:\/\/www.estrategiaconcursos.com.br\/blog\/#website"},"primaryImageOfPage":{"@id":"https:\/\/www.estrategiaconcursos.com.br\/blog\/atualidades-ses-df-prova-comentada\/#primaryimage"},"image":{"@id":"https:\/\/www.estrategiaconcursos.com.br\/blog\/atualidades-ses-df-prova-comentada\/#primaryimage"},"thumbnailUrl":"http:\/\/www.terracap.df.gov.br\/images\/ETAPAS_reviso_fev_2015.jpg","datePublished":"2018-06-18T20:19:17+00:00","dateModified":"2018-06-22T03:30:23+00:00","breadcrumb":{"@id":"https:\/\/www.estrategiaconcursos.com.br\/blog\/atualidades-ses-df-prova-comentada\/#breadcrumb"},"inLanguage":"pt-BR","potentialAction":[{"@type":"ReadAction","target":["https:\/\/www.estrategiaconcursos.com.br\/blog\/atualidades-ses-df-prova-comentada\/"]}]},{"@type":"ImageObject","inLanguage":"pt-BR","@id":"https:\/\/www.estrategiaconcursos.com.br\/blog\/atualidades-ses-df-prova-comentada\/#primaryimage","url":"http:\/\/www.terracap.df.gov.br\/images\/ETAPAS_reviso_fev_2015.jpg","contentUrl":"http:\/\/www.terracap.df.gov.br\/images\/ETAPAS_reviso_fev_2015.jpg"},{"@type":"BreadcrumbList","@id":"https:\/\/www.estrategiaconcursos.com.br\/blog\/atualidades-ses-df-prova-comentada\/#breadcrumb","itemListElement":[{"@type":"ListItem","position":1,"name":"In\u00edcio","item":"https:\/\/www.estrategiaconcursos.com.br\/blog\/"},{"@type":"ListItem","position":2,"name":"Atualidades &#8211; SES\/DF &#8211; Prova Comentada"}]},{"@type":"WebSite","@id":"https:\/\/www.estrategiaconcursos.com.br\/blog\/#website","url":"https:\/\/www.estrategiaconcursos.com.br\/blog\/","name":"Estrat\u00e9gia Concursos","description":"O blog da Estrat\u00e9gia Concursos traz not\u00edcias sobre concursos e artigos de professores oferecendo cursos para concursos (pdf + videaulas) no site.","publisher":{"@id":"https:\/\/www.estrategiaconcursos.com.br\/blog\/#organization"},"potentialAction":[{"@type":"SearchAction","target":{"@type":"EntryPoint","urlTemplate":"https:\/\/www.estrategiaconcursos.com.br\/blog\/?s={search_term_string}"},"query-input":{"@type":"PropertyValueSpecification","valueRequired":true,"valueName":"search_term_string"}}],"inLanguage":"pt-BR"},{"@type":"Organization","@id":"https:\/\/www.estrategiaconcursos.com.br\/blog\/#organization","name":"Estrat\u00e9gia Concursos","url":"https:\/\/www.estrategiaconcursos.com.br\/blog\/","logo":{"@type":"ImageObject","inLanguage":"pt-BR","@id":"https:\/\/www.estrategiaconcursos.com.br\/blog\/#\/schema\/logo\/image\/","url":"https:\/\/dhg1h5j42swfq.cloudfront.net\/2025\/06\/03203428\/logo_concursos-1.jpg","contentUrl":"https:\/\/dhg1h5j42swfq.cloudfront.net\/2025\/06\/03203428\/logo_concursos-1.jpg","width":230,"height":60,"caption":"Estrat\u00e9gia Concursos"},"image":{"@id":"https:\/\/www.estrategiaconcursos.com.br\/blog\/#\/schema\/logo\/image\/"},"sameAs":["https:\/\/x.com\/EstratConcursos"]},{"@type":"Person","@id":"https:\/\/www.estrategiaconcursos.com.br\/blog\/#\/schema\/person\/d2e7d78de4b9d6ba51cc24fd558a7f42","name":"Leandro Signori","image":{"@type":"ImageObject","inLanguage":"pt-BR","@id":"https:\/\/secure.gravatar.com\/avatar\/aa2ef98e93764dcf1758f52d2792d4b3e4089ee25bc520608dde62ad802ae541?s=96&d=mm&r=g","url":"https:\/\/secure.gravatar.com\/avatar\/aa2ef98e93764dcf1758f52d2792d4b3e4089ee25bc520608dde62ad802ae541?s=96&d=mm&r=g","contentUrl":"https:\/\/secure.gravatar.com\/avatar\/aa2ef98e93764dcf1758f52d2792d4b3e4089ee25bc520608dde62ad802ae541?s=96&d=mm&r=g","caption":"Leandro Signori"},"description":"Licenciado em Geografia pela Universidade Federal do Rio Grande do Sul (UFRGS) e Bacharel em Geografia pela Uniceub (Bras\u00edlia). Como servidor p\u00fablico, foi funcion\u00e1rio da Prefeitura de S\u00e3o Leopoldo (RS), Prefeitura de Porto Alegre (RS), Companhia Riograndense de Saneamento (Corsan) e Minist\u00e9rio da Integra\u00e7\u00e3o Nacional. \u00c9 professor de Geografia para o ensino m\u00e9dio na rede particular de ensino. Leciona as disciplinas de Atualidades, Conhecimentos Gerais, Geografia, Realidade Brasileira e Hist\u00f3ria, em cursos on line e presenciais preparat\u00f3rios para concursos p\u00fablicos.","sameAs":["https:\/\/www.facebook.com\/leandrosignoriatualidades\/"],"url":"https:\/\/www.estrategiaconcursos.com.br\/blog\/author\/leandroestrategiaconcursos-com-br\/"}]}},"_links":{"self":[{"href":"https:\/\/www.estrategiaconcursos.com.br\/blog\/wp-json\/wp\/v2\/posts\/126789","targetHints":{"allow":["GET"]}}],"collection":[{"href":"https:\/\/www.estrategiaconcursos.com.br\/blog\/wp-json\/wp\/v2\/posts"}],"about":[{"href":"https:\/\/www.estrategiaconcursos.com.br\/blog\/wp-json\/wp\/v2\/types\/post"}],"author":[{"embeddable":true,"href":"https:\/\/www.estrategiaconcursos.com.br\/blog\/wp-json\/wp\/v2\/users\/306"}],"replies":[{"embeddable":true,"href":"https:\/\/www.estrategiaconcursos.com.br\/blog\/wp-json\/wp\/v2\/comments?post=126789"}],"version-history":[{"count":8,"href":"https:\/\/www.estrategiaconcursos.com.br\/blog\/wp-json\/wp\/v2\/posts\/126789\/revisions"}],"predecessor-version":[{"id":127938,"href":"https:\/\/www.estrategiaconcursos.com.br\/blog\/wp-json\/wp\/v2\/posts\/126789\/revisions\/127938"}],"wp:attachment":[{"href":"https:\/\/www.estrategiaconcursos.com.br\/blog\/wp-json\/wp\/v2\/media?parent=126789"}],"wp:term":[{"taxonomy":"category","embeddable":true,"href":"https:\/\/www.estrategiaconcursos.com.br\/blog\/wp-json\/wp\/v2\/categories?post=126789"},{"taxonomy":"post_tag","embeddable":true,"href":"https:\/\/www.estrategiaconcursos.com.br\/blog\/wp-json\/wp\/v2\/tags?post=126789"},{"taxonomy":"tax_estado","embeddable":true,"href":"https:\/\/www.estrategiaconcursos.com.br\/blog\/wp-json\/wp\/v2\/tax_estado?post=126789"}],"curies":[{"name":"wp","href":"https:\/\/api.w.org\/{rel}","templated":true}]}}