{"id":126505,"date":"2018-06-14T15:38:02","date_gmt":"2018-06-14T18:38:02","guid":{"rendered":"https:\/\/www.estrategiaconcursos.com.br\/blog\/?p=126505"},"modified":"2018-08-07T16:17:25","modified_gmt":"2018-08-07T19:17:25","slug":"atividade-juridica-delegado-pf","status":"publish","type":"post","link":"https:\/\/www.estrategiaconcursos.com.br\/blog\/atividade-juridica-delegado-pf\/","title":{"rendered":"Atividade jur\u00eddica e policial no concurso de Delegado da PF \u00e9 regulamentada"},"content":{"rendered":"<p>A Diretoria Geral do Departamento de Pol\u00edcia Federal publicou hoje, 14 de junho, uma instru\u00e7\u00e3o normativa regulamentando a comprova\u00e7\u00e3o de atividade jur\u00eddica e policial nos concursos de ingresso no cargo de Delegado, privativo de bacharel em Direito.<\/p>\n<p>A regulamenta\u00e7\u00e3o antecede a publica\u00e7\u00e3o do edital do concurso, que deve oferecer 150 vagas para o cargo de Delegado. A exig\u00eancia de comprova\u00e7\u00e3o do exerc\u00edcio de atividade jur\u00eddica ou policial pelo per\u00edodo m\u00ednimo de 3 anos \u00e9 um requisito para a investidura no cargo, previsto no artigo 2\u00ba-B da Lei 9.266\/1996.<\/p>\n<p>A IN N\u00ba 24-DG\/PF definiu de forma precisa as atividades que ser\u00e3o aceitas para a comprova\u00e7\u00e3o do requisito e institui o procedimento de an\u00e1lise da documenta\u00e7\u00e3o, que contar\u00e1 com a participa\u00e7\u00e3o da Ordem dos Advogados do Brasil (OAB).<\/p>\n<p>Aqui voc\u00ea encontrar\u00e1 uma an\u00e1lise completa da normativa, com todas as informa\u00e7\u00f5es relevantes para atender adequadamente esse requisito do cargo e n\u00e3o ser pego de surpresa ante da sonhada posse.<\/p>\n<p><a href=\"https:\/\/www.estrategiaconcursos.com.br\/blog\/concurso-pf\/\" target=\"_blank\" rel=\"noopener\">Clique aqui para conferir a nossa cobertura completa do concurso PF.<\/a><\/p>\n<h2>Tempo m\u00ednimo: como comprovar<\/h2>\n<p>O prazo m\u00e1ximo para completar\u00a0 e comprovar o atendimento a este requisito \u00e9 a <strong><em>data da posse<\/em><\/strong>. Diferentemente do que ocorre nos concursos da Magistratura, nos quais \u00e9 preciso ter o tempo m\u00ednimo completo na inscri\u00e7\u00e3o definitiva, no concurso de Delegado da PF h\u00e1 maior flexibilidade.<\/p>\n<p>Na matr\u00edcula do\u00a0<strong><em>Curso de Forma\u00e7\u00e3o<\/em><\/strong>, no entanto, o candidato dever\u00e1 demonstrar, mediante a apresenta\u00e7\u00e3o de documentos, que j\u00e1 completou o tempo m\u00ednimo ou que ter\u00e1 condi\u00e7\u00f5es de faz\u00ea-lo at\u00e9 o per\u00edodo previsto para a nomea\u00e7\u00e3o ou posse.<\/p>\n<p>Caso fique demonstrada a impossibilidade\u00a0 de implementar o requisito at\u00e9\u00a0 a data da posse, o candidato ter\u00e1 a matr\u00edcula no curso de forma\u00e7\u00e3o\u00a0<strong><em>indeferida<\/em><\/strong><strong>\u00a0<\/strong>e ser\u00e1\u00a0<strong><em>eliminado<\/em><\/strong><strong>\u00a0<\/strong>do concurso p\u00fablico.<\/p>\n<p>Os per\u00edodos de atividade jur\u00eddica e policial poder\u00e3o ser somados para a comprova\u00e7\u00e3o do tempo m\u00ednimo. Assim, n\u00e3o \u00e9 necess\u00e1rio ter exercido apenas uma as atividades.<\/p>\n<h2>Atividade jur\u00eddica: o que \u00e9<\/h2>\n<p>A instru\u00e7\u00e3o normativa prev\u00ea com clareza as atividades que ser\u00e3o aceitas no ato da posse:<\/p>\n<ul>\n<li>A atividade exercida com\u00a0<strong><em>exclusividade<\/em><\/strong> por bacharel em Direito;<\/li>\n<li>O efetivo exerc\u00edcio de advocacia (inclusive volunt\u00e1ria), que dever\u00e1 ser comprovada mediante a participa\u00e7\u00e3o em\u00a0 5 atos privativos de advogado em causas ou processos distintos;<\/li>\n<li>O exerc\u00edcio de cargo, emprego ou fun\u00e7\u00e3o p\u00fablica (inclui-se a\u00ed o magist\u00e9rio superior), que exija a utiliza\u00e7\u00e3o\u00a0<strong><em>preponderante\u00a0<\/em><\/strong>de conhecimento jur\u00eddico;<\/li>\n<li>O exerc\u00edcio da fun\u00e7\u00e3o de\u00a0<strong><em>conciliador<\/em><\/strong> em tribunais judiciais, , juizados especiais, varas\u00a0 especiais, anexos\u00a0 de juizados especiais\u00a0 ou de varas judiciais por 16 horas mensais durante 1 ano;<\/li>\n<li>O exerc\u00edcio de\u00a0<strong><em>media\u00e7\u00e3o\u00a0<\/em><\/strong>ou\u00a0<strong><em>arbitragem<\/em><\/strong><strong>\u00a0<\/strong>na composi\u00e7\u00e3o de lit\u00edgios por 16 horas mensais durante 1 ano.<\/li>\n<\/ul>\n<p><strong><em>Importante<\/em><\/strong>: somente as atividades realizadas\u00a0<strong><em>ap\u00f3s<\/em><\/strong> a cola\u00e7\u00e3o de grau no curso de bacharelado em Direito ser\u00e3o aceitos para fins de contagem de tempo.<\/p>\n<p>As atividades de\u00a0<strong><em>est\u00e1gio<\/em><\/strong> realizados durante o curso de gradua\u00e7\u00e3o n\u00e3o ser\u00e3o aceitas.<\/p>\n<p>Quando a atividade for realizada no exerc\u00edcio de cargos ou fun\u00e7\u00f5es n\u00e3o privativas de bachar\u00e9is em Direito dever\u00e3o ser comprovadas mediante a apresenta\u00e7\u00e3o de certid\u00e3o circunstanciada expedida pelo \u00f3rg\u00e3o competente e que ser\u00e1 analisada pela comiss\u00e3o especial designada para avaliar a documenta\u00e7\u00e3o.<\/p>\n<h2>Atividade Policial: defini\u00e7\u00f5es<\/h2>\n<p>Diferentemente do que ocorre com a atividade jur\u00eddica, a contagem de tempo\u00a0<strong><em>atividade policial<\/em><\/strong> n\u00e3o precisa ser feita a partir da cola\u00e7\u00e3o de grau em Direito.<\/p>\n<p>Segundo a instru\u00e7\u00e3o normativa, a atividade policial consiste no efetivo exerc\u00edcio de cargo p\u00fablico de natureza policial\u00a0 na\u00a0Pol\u00edcia Federal, na Pol\u00edcia Rodovi\u00e1ria Federal, na Pol\u00edcia Ferrovi\u00e1ria Federal, nas Pol\u00edcias Civis ou nas Pol\u00edcias Militares.<\/p>\n<p><a href=\"https:\/\/www.estrategiaconcursos.com.br\/blog\/wp-content\/uploads\/2018\/06\/Atividade-Jur\u00eddica-Delegado-PF.pdf\">Confira a \u00edntegra do documento.<\/a><\/p>\n<p><a href=\"https:\/\/www.estrategiaconcursos.com.br\/blog\/atividade-juridica-concursos-publicos\/\" target=\"_blank\" rel=\"noopener\">Clique aqui<\/a> para acessar um guia completo sobre a atividade jur\u00eddica em outras carreiras jur\u00eddicas.<\/p>\n","protected":false},"excerpt":{"rendered":"<p>A Diretoria Geral do Departamento de Pol\u00edcia Federal publicou hoje, 14 de junho, uma instru\u00e7\u00e3o normativa regulamentando a comprova\u00e7\u00e3o de atividade jur\u00eddica e policial nos concursos de ingresso no cargo de Delegado, privativo de bacharel em Direito. A regulamenta\u00e7\u00e3o antecede a publica\u00e7\u00e3o do edital do concurso, que deve oferecer 150 vagas para o cargo de [&hellip;]<\/p>\n","protected":false},"author":552,"featured_media":126542,"comment_status":"open","ping_status":"closed","sticky":false,"template":"","format":"standard","meta":{"post_tipo":"article","footnotes":""},"categories":[2185],"tags":[],"tax_estado":[],"class_list":["post-126505","post","type-post","status-publish","format-standard","has-post-thumbnail","hentry","category-carreiras-juridicas"],"acf":[],"yoast_head":"<!-- This site is optimized with the Yoast SEO Premium plugin v27.2 (Yoast SEO v27.2) - https:\/\/yoast.com\/product\/yoast-seo-premium-wordpress\/ -->\n<title>PF regulamenta atividade jur\u00eddica ou policial para o cargo de Delegado<\/title>\n<meta name=\"description\" content=\"A Diretoria Geral da Pol\u00edcia Federal regulamentou a comprova\u00e7\u00e3o de atividade jur\u00eddica ou policial nos concursos de Delegado. Saiba tudo aqui.\" \/>\n<meta name=\"robots\" content=\"index, follow, max-snippet:-1, max-image-preview:large, max-video-preview:-1\" \/>\n<link rel=\"canonical\" href=\"https:\/\/www.estrategiaconcursos.com.br\/blog\/atividade-juridica-delegado-pf\/\" \/>\n<meta property=\"og:locale\" content=\"pt_BR\" \/>\n<meta property=\"og:type\" content=\"article\" \/>\n<meta property=\"og:title\" content=\"Atividade jur\u00eddica e policial no concurso de Delegado da PF \u00e9 regulamentada\" \/>\n<meta property=\"og:description\" content=\"A Diretoria Geral da Pol\u00edcia Federal regulamentou a comprova\u00e7\u00e3o de atividade jur\u00eddica ou policial nos concursos de Delegado. Saiba tudo aqui.\" \/>\n<meta property=\"og:url\" content=\"https:\/\/www.estrategiaconcursos.com.br\/blog\/atividade-juridica-delegado-pf\/\" \/>\n<meta property=\"og:site_name\" content=\"Estrat\u00e9gia Concursos\" \/>\n<meta property=\"article:published_time\" content=\"2018-06-14T18:38:02+00:00\" \/>\n<meta property=\"article:modified_time\" content=\"2018-08-07T19:17:25+00:00\" \/>\n<meta property=\"og:image\" content=\"https:\/\/dhg1h5j42swfq.cloudfront.net\/2018\/06\/14153504\/atividade-jur%C3%ADdica.jpg\" \/>\n\t<meta property=\"og:image:width\" content=\"1920\" \/>\n\t<meta property=\"og:image:height\" content=\"1080\" \/>\n\t<meta property=\"og:image:type\" content=\"image\/jpeg\" \/>\n<meta name=\"author\" content=\"Paulo Bilynskyj\" \/>\n<meta name=\"twitter:card\" content=\"summary_large_image\" \/>\n<meta name=\"twitter:creator\" content=\"@EstratConcursos\" \/>\n<meta name=\"twitter:site\" content=\"@EstratConcursos\" \/>\n<meta name=\"twitter:label1\" content=\"Escrito por\" \/>\n\t<meta name=\"twitter:data1\" content=\"Paulo Bilynskyj\" \/>\n\t<meta name=\"twitter:label2\" content=\"Est. tempo de leitura\" \/>\n\t<meta name=\"twitter:data2\" content=\"3 minutos\" \/>\n<script type=\"application\/ld+json\" class=\"yoast-schema-graph\">{\"@context\":\"https:\/\/schema.org\",\"@graph\":[{\"@type\":\"NewsArticle\",\"@id\":\"https:\/\/www.estrategiaconcursos.com.br\/blog\/atividade-juridica-delegado-pf\/#article\",\"isPartOf\":{\"@id\":\"https:\/\/www.estrategiaconcursos.com.br\/blog\/atividade-juridica-delegado-pf\/\"},\"author\":{\"name\":\"Paulo Bilynskyj\",\"@id\":\"https:\/\/www.estrategiaconcursos.com.br\/blog\/#\/schema\/person\/a630b15e36f45b4c21fed01219843cb5\"},\"headline\":\"Atividade jur\u00eddica e policial no concurso de Delegado da PF \u00e9 regulamentada\",\"datePublished\":\"2018-06-14T18:38:02+00:00\",\"dateModified\":\"2018-08-07T19:17:25+00:00\",\"mainEntityOfPage\":{\"@id\":\"https:\/\/www.estrategiaconcursos.com.br\/blog\/atividade-juridica-delegado-pf\/\"},\"wordCount\":686,\"commentCount\":7,\"publisher\":{\"@id\":\"https:\/\/www.estrategiaconcursos.com.br\/blog\/#organization\"},\"image\":{\"@id\":\"https:\/\/www.estrategiaconcursos.com.br\/blog\/atividade-juridica-delegado-pf\/#primaryimage\"},\"thumbnailUrl\":\"https:\/\/dhg1h5j42swfq.cloudfront.net\/2018\/06\/14153504\/atividade-jur%C3%ADdica.jpg\",\"articleSection\":[\"Jur\u00eddico\"],\"inLanguage\":\"pt-BR\",\"potentialAction\":[{\"@type\":\"CommentAction\",\"name\":\"Comment\",\"target\":[\"https:\/\/www.estrategiaconcursos.com.br\/blog\/atividade-juridica-delegado-pf\/#respond\"]}],\"copyrightYear\":\"2018\",\"copyrightHolder\":{\"@id\":\"https:\/\/www.estrategiaconcursos.com.br\/blog\/#organization\"}},{\"@type\":\"WebPage\",\"@id\":\"https:\/\/www.estrategiaconcursos.com.br\/blog\/atividade-juridica-delegado-pf\/\",\"url\":\"https:\/\/www.estrategiaconcursos.com.br\/blog\/atividade-juridica-delegado-pf\/\",\"name\":\"PF regulamenta atividade jur\u00eddica ou policial para o cargo de Delegado\",\"isPartOf\":{\"@id\":\"https:\/\/www.estrategiaconcursos.com.br\/blog\/#website\"},\"primaryImageOfPage\":{\"@id\":\"https:\/\/www.estrategiaconcursos.com.br\/blog\/atividade-juridica-delegado-pf\/#primaryimage\"},\"image\":{\"@id\":\"https:\/\/www.estrategiaconcursos.com.br\/blog\/atividade-juridica-delegado-pf\/#primaryimage\"},\"thumbnailUrl\":\"https:\/\/dhg1h5j42swfq.cloudfront.net\/2018\/06\/14153504\/atividade-jur%C3%ADdica.jpg\",\"datePublished\":\"2018-06-14T18:38:02+00:00\",\"dateModified\":\"2018-08-07T19:17:25+00:00\",\"description\":\"A Diretoria Geral da Pol\u00edcia Federal regulamentou a comprova\u00e7\u00e3o de atividade jur\u00eddica ou policial nos concursos de Delegado. Saiba tudo aqui.\",\"breadcrumb\":{\"@id\":\"https:\/\/www.estrategiaconcursos.com.br\/blog\/atividade-juridica-delegado-pf\/#breadcrumb\"},\"inLanguage\":\"pt-BR\",\"potentialAction\":[{\"@type\":\"ReadAction\",\"target\":[\"https:\/\/www.estrategiaconcursos.com.br\/blog\/atividade-juridica-delegado-pf\/\"]}]},{\"@type\":\"ImageObject\",\"inLanguage\":\"pt-BR\",\"@id\":\"https:\/\/www.estrategiaconcursos.com.br\/blog\/atividade-juridica-delegado-pf\/#primaryimage\",\"url\":\"https:\/\/dhg1h5j42swfq.cloudfront.net\/2018\/06\/14153504\/atividade-jur%C3%ADdica.jpg\",\"contentUrl\":\"https:\/\/dhg1h5j42swfq.cloudfront.net\/2018\/06\/14153504\/atividade-jur%C3%ADdica.jpg\",\"width\":1920,\"height\":1080,\"caption\":\"atividade jur\u00eddica\"},{\"@type\":\"BreadcrumbList\",\"@id\":\"https:\/\/www.estrategiaconcursos.com.br\/blog\/atividade-juridica-delegado-pf\/#breadcrumb\",\"itemListElement\":[{\"@type\":\"ListItem\",\"position\":1,\"name\":\"In\u00edcio\",\"item\":\"https:\/\/www.estrategiaconcursos.com.br\/blog\/\"},{\"@type\":\"ListItem\",\"position\":2,\"name\":\"Atividade jur\u00eddica e policial no concurso de Delegado da PF \u00e9 regulamentada\"}]},{\"@type\":\"WebSite\",\"@id\":\"https:\/\/www.estrategiaconcursos.com.br\/blog\/#website\",\"url\":\"https:\/\/www.estrategiaconcursos.com.br\/blog\/\",\"name\":\"Estrat\u00e9gia Concursos\",\"description\":\"O blog da Estrat\u00e9gia Concursos traz not\u00edcias sobre concursos e artigos de professores oferecendo cursos para concursos (pdf + videaulas) no site.\",\"publisher\":{\"@id\":\"https:\/\/www.estrategiaconcursos.com.br\/blog\/#organization\"},\"potentialAction\":[{\"@type\":\"SearchAction\",\"target\":{\"@type\":\"EntryPoint\",\"urlTemplate\":\"https:\/\/www.estrategiaconcursos.com.br\/blog\/?s={search_term_string}\"},\"query-input\":{\"@type\":\"PropertyValueSpecification\",\"valueRequired\":true,\"valueName\":\"search_term_string\"}}],\"inLanguage\":\"pt-BR\"},{\"@type\":\"Organization\",\"@id\":\"https:\/\/www.estrategiaconcursos.com.br\/blog\/#organization\",\"name\":\"Estrat\u00e9gia Concursos\",\"url\":\"https:\/\/www.estrategiaconcursos.com.br\/blog\/\",\"logo\":{\"@type\":\"ImageObject\",\"inLanguage\":\"pt-BR\",\"@id\":\"https:\/\/www.estrategiaconcursos.com.br\/blog\/#\/schema\/logo\/image\/\",\"url\":\"https:\/\/dhg1h5j42swfq.cloudfront.net\/2025\/06\/03203428\/logo_concursos-1.jpg\",\"contentUrl\":\"https:\/\/dhg1h5j42swfq.cloudfront.net\/2025\/06\/03203428\/logo_concursos-1.jpg\",\"width\":230,\"height\":60,\"caption\":\"Estrat\u00e9gia Concursos\"},\"image\":{\"@id\":\"https:\/\/www.estrategiaconcursos.com.br\/blog\/#\/schema\/logo\/image\/\"},\"sameAs\":[\"https:\/\/x.com\/EstratConcursos\"]},{\"@type\":\"Person\",\"@id\":\"https:\/\/www.estrategiaconcursos.com.br\/blog\/#\/schema\/person\/a630b15e36f45b4c21fed01219843cb5\",\"name\":\"Paulo Bilynskyj\",\"image\":{\"@type\":\"ImageObject\",\"inLanguage\":\"pt-BR\",\"@id\":\"https:\/\/secure.gravatar.com\/avatar\/37e21f70c9042e7456beffdc6d31fe051f3f6dcbf252f69343a791b144852057?s=96&d=mm&r=g\",\"url\":\"https:\/\/secure.gravatar.com\/avatar\/37e21f70c9042e7456beffdc6d31fe051f3f6dcbf252f69343a791b144852057?s=96&d=mm&r=g\",\"contentUrl\":\"https:\/\/secure.gravatar.com\/avatar\/37e21f70c9042e7456beffdc6d31fe051f3f6dcbf252f69343a791b144852057?s=96&d=mm&r=g\",\"caption\":\"Paulo Bilynskyj\"},\"url\":\"https:\/\/www.estrategiaconcursos.com.br\/blog\/author\/pbilynskyjgmail-com\/\"}]}<\/script>\n<!-- \/ Yoast SEO Premium plugin. -->","yoast_head_json":{"title":"PF regulamenta atividade jur\u00eddica ou policial para o cargo de Delegado","description":"A Diretoria Geral da Pol\u00edcia Federal regulamentou a comprova\u00e7\u00e3o de atividade jur\u00eddica ou policial nos concursos de Delegado. Saiba tudo aqui.","robots":{"index":"index","follow":"follow","max-snippet":"max-snippet:-1","max-image-preview":"max-image-preview:large","max-video-preview":"max-video-preview:-1"},"canonical":"https:\/\/www.estrategiaconcursos.com.br\/blog\/atividade-juridica-delegado-pf\/","og_locale":"pt_BR","og_type":"article","og_title":"Atividade jur\u00eddica e policial no concurso de Delegado da PF \u00e9 regulamentada","og_description":"A Diretoria Geral da Pol\u00edcia Federal regulamentou a comprova\u00e7\u00e3o de atividade jur\u00eddica ou policial nos concursos de Delegado. Saiba tudo aqui.","og_url":"https:\/\/www.estrategiaconcursos.com.br\/blog\/atividade-juridica-delegado-pf\/","og_site_name":"Estrat\u00e9gia Concursos","article_published_time":"2018-06-14T18:38:02+00:00","article_modified_time":"2018-08-07T19:17:25+00:00","og_image":[{"width":1920,"height":1080,"url":"https:\/\/dhg1h5j42swfq.cloudfront.net\/2018\/06\/14153504\/atividade-jur%C3%ADdica.jpg","type":"image\/jpeg"}],"author":"Paulo Bilynskyj","twitter_card":"summary_large_image","twitter_creator":"@EstratConcursos","twitter_site":"@EstratConcursos","twitter_misc":{"Escrito por":"Paulo Bilynskyj","Est. tempo de leitura":"3 minutos"},"schema":{"@context":"https:\/\/schema.org","@graph":[{"@type":"NewsArticle","@id":"https:\/\/www.estrategiaconcursos.com.br\/blog\/atividade-juridica-delegado-pf\/#article","isPartOf":{"@id":"https:\/\/www.estrategiaconcursos.com.br\/blog\/atividade-juridica-delegado-pf\/"},"author":{"name":"Paulo Bilynskyj","@id":"https:\/\/www.estrategiaconcursos.com.br\/blog\/#\/schema\/person\/a630b15e36f45b4c21fed01219843cb5"},"headline":"Atividade jur\u00eddica e policial no concurso de Delegado da PF \u00e9 regulamentada","datePublished":"2018-06-14T18:38:02+00:00","dateModified":"2018-08-07T19:17:25+00:00","mainEntityOfPage":{"@id":"https:\/\/www.estrategiaconcursos.com.br\/blog\/atividade-juridica-delegado-pf\/"},"wordCount":686,"commentCount":7,"publisher":{"@id":"https:\/\/www.estrategiaconcursos.com.br\/blog\/#organization"},"image":{"@id":"https:\/\/www.estrategiaconcursos.com.br\/blog\/atividade-juridica-delegado-pf\/#primaryimage"},"thumbnailUrl":"https:\/\/dhg1h5j42swfq.cloudfront.net\/2018\/06\/14153504\/atividade-jur%C3%ADdica.jpg","articleSection":["Jur\u00eddico"],"inLanguage":"pt-BR","potentialAction":[{"@type":"CommentAction","name":"Comment","target":["https:\/\/www.estrategiaconcursos.com.br\/blog\/atividade-juridica-delegado-pf\/#respond"]}],"copyrightYear":"2018","copyrightHolder":{"@id":"https:\/\/www.estrategiaconcursos.com.br\/blog\/#organization"}},{"@type":"WebPage","@id":"https:\/\/www.estrategiaconcursos.com.br\/blog\/atividade-juridica-delegado-pf\/","url":"https:\/\/www.estrategiaconcursos.com.br\/blog\/atividade-juridica-delegado-pf\/","name":"PF regulamenta atividade jur\u00eddica ou policial para o cargo de Delegado","isPartOf":{"@id":"https:\/\/www.estrategiaconcursos.com.br\/blog\/#website"},"primaryImageOfPage":{"@id":"https:\/\/www.estrategiaconcursos.com.br\/blog\/atividade-juridica-delegado-pf\/#primaryimage"},"image":{"@id":"https:\/\/www.estrategiaconcursos.com.br\/blog\/atividade-juridica-delegado-pf\/#primaryimage"},"thumbnailUrl":"https:\/\/dhg1h5j42swfq.cloudfront.net\/2018\/06\/14153504\/atividade-jur%C3%ADdica.jpg","datePublished":"2018-06-14T18:38:02+00:00","dateModified":"2018-08-07T19:17:25+00:00","description":"A Diretoria Geral da Pol\u00edcia Federal regulamentou a comprova\u00e7\u00e3o de atividade jur\u00eddica ou policial nos concursos de Delegado. Saiba tudo aqui.","breadcrumb":{"@id":"https:\/\/www.estrategiaconcursos.com.br\/blog\/atividade-juridica-delegado-pf\/#breadcrumb"},"inLanguage":"pt-BR","potentialAction":[{"@type":"ReadAction","target":["https:\/\/www.estrategiaconcursos.com.br\/blog\/atividade-juridica-delegado-pf\/"]}]},{"@type":"ImageObject","inLanguage":"pt-BR","@id":"https:\/\/www.estrategiaconcursos.com.br\/blog\/atividade-juridica-delegado-pf\/#primaryimage","url":"https:\/\/dhg1h5j42swfq.cloudfront.net\/2018\/06\/14153504\/atividade-jur%C3%ADdica.jpg","contentUrl":"https:\/\/dhg1h5j42swfq.cloudfront.net\/2018\/06\/14153504\/atividade-jur%C3%ADdica.jpg","width":1920,"height":1080,"caption":"atividade jur\u00eddica"},{"@type":"BreadcrumbList","@id":"https:\/\/www.estrategiaconcursos.com.br\/blog\/atividade-juridica-delegado-pf\/#breadcrumb","itemListElement":[{"@type":"ListItem","position":1,"name":"In\u00edcio","item":"https:\/\/www.estrategiaconcursos.com.br\/blog\/"},{"@type":"ListItem","position":2,"name":"Atividade jur\u00eddica e policial no concurso de Delegado da PF \u00e9 regulamentada"}]},{"@type":"WebSite","@id":"https:\/\/www.estrategiaconcursos.com.br\/blog\/#website","url":"https:\/\/www.estrategiaconcursos.com.br\/blog\/","name":"Estrat\u00e9gia Concursos","description":"O blog da Estrat\u00e9gia Concursos traz not\u00edcias sobre concursos e artigos de professores oferecendo cursos para concursos (pdf + videaulas) no site.","publisher":{"@id":"https:\/\/www.estrategiaconcursos.com.br\/blog\/#organization"},"potentialAction":[{"@type":"SearchAction","target":{"@type":"EntryPoint","urlTemplate":"https:\/\/www.estrategiaconcursos.com.br\/blog\/?s={search_term_string}"},"query-input":{"@type":"PropertyValueSpecification","valueRequired":true,"valueName":"search_term_string"}}],"inLanguage":"pt-BR"},{"@type":"Organization","@id":"https:\/\/www.estrategiaconcursos.com.br\/blog\/#organization","name":"Estrat\u00e9gia Concursos","url":"https:\/\/www.estrategiaconcursos.com.br\/blog\/","logo":{"@type":"ImageObject","inLanguage":"pt-BR","@id":"https:\/\/www.estrategiaconcursos.com.br\/blog\/#\/schema\/logo\/image\/","url":"https:\/\/dhg1h5j42swfq.cloudfront.net\/2025\/06\/03203428\/logo_concursos-1.jpg","contentUrl":"https:\/\/dhg1h5j42swfq.cloudfront.net\/2025\/06\/03203428\/logo_concursos-1.jpg","width":230,"height":60,"caption":"Estrat\u00e9gia Concursos"},"image":{"@id":"https:\/\/www.estrategiaconcursos.com.br\/blog\/#\/schema\/logo\/image\/"},"sameAs":["https:\/\/x.com\/EstratConcursos"]},{"@type":"Person","@id":"https:\/\/www.estrategiaconcursos.com.br\/blog\/#\/schema\/person\/a630b15e36f45b4c21fed01219843cb5","name":"Paulo Bilynskyj","image":{"@type":"ImageObject","inLanguage":"pt-BR","@id":"https:\/\/secure.gravatar.com\/avatar\/37e21f70c9042e7456beffdc6d31fe051f3f6dcbf252f69343a791b144852057?s=96&d=mm&r=g","url":"https:\/\/secure.gravatar.com\/avatar\/37e21f70c9042e7456beffdc6d31fe051f3f6dcbf252f69343a791b144852057?s=96&d=mm&r=g","contentUrl":"https:\/\/secure.gravatar.com\/avatar\/37e21f70c9042e7456beffdc6d31fe051f3f6dcbf252f69343a791b144852057?s=96&d=mm&r=g","caption":"Paulo Bilynskyj"},"url":"https:\/\/www.estrategiaconcursos.com.br\/blog\/author\/pbilynskyjgmail-com\/"}]}},"_links":{"self":[{"href":"https:\/\/www.estrategiaconcursos.com.br\/blog\/wp-json\/wp\/v2\/posts\/126505","targetHints":{"allow":["GET"]}}],"collection":[{"href":"https:\/\/www.estrategiaconcursos.com.br\/blog\/wp-json\/wp\/v2\/posts"}],"about":[{"href":"https:\/\/www.estrategiaconcursos.com.br\/blog\/wp-json\/wp\/v2\/types\/post"}],"author":[{"embeddable":true,"href":"https:\/\/www.estrategiaconcursos.com.br\/blog\/wp-json\/wp\/v2\/users\/552"}],"replies":[{"embeddable":true,"href":"https:\/\/www.estrategiaconcursos.com.br\/blog\/wp-json\/wp\/v2\/comments?post=126505"}],"version-history":[{"count":6,"href":"https:\/\/www.estrategiaconcursos.com.br\/blog\/wp-json\/wp\/v2\/posts\/126505\/revisions"}],"predecessor-version":[{"id":135221,"href":"https:\/\/www.estrategiaconcursos.com.br\/blog\/wp-json\/wp\/v2\/posts\/126505\/revisions\/135221"}],"wp:featuredmedia":[{"embeddable":true,"href":"https:\/\/www.estrategiaconcursos.com.br\/blog\/wp-json\/wp\/v2\/media\/126542"}],"wp:attachment":[{"href":"https:\/\/www.estrategiaconcursos.com.br\/blog\/wp-json\/wp\/v2\/media?parent=126505"}],"wp:term":[{"taxonomy":"category","embeddable":true,"href":"https:\/\/www.estrategiaconcursos.com.br\/blog\/wp-json\/wp\/v2\/categories?post=126505"},{"taxonomy":"post_tag","embeddable":true,"href":"https:\/\/www.estrategiaconcursos.com.br\/blog\/wp-json\/wp\/v2\/tags?post=126505"},{"taxonomy":"tax_estado","embeddable":true,"href":"https:\/\/www.estrategiaconcursos.com.br\/blog\/wp-json\/wp\/v2\/tax_estado?post=126505"}],"curies":[{"name":"wp","href":"https:\/\/api.w.org\/{rel}","templated":true}]}}