{"id":126470,"date":"2018-06-14T11:54:26","date_gmt":"2018-06-14T14:54:26","guid":{"rendered":"https:\/\/www.estrategiaconcursos.com.br\/blog\/?p=126470"},"modified":"2018-06-14T11:54:27","modified_gmt":"2018-06-14T14:54:27","slug":"comentarios-as-questoes-de-pessoa-com-deficiencia-ajoaf-trt-rj","status":"publish","type":"post","link":"https:\/\/www.estrategiaconcursos.com.br\/blog\/comentarios-as-questoes-de-pessoa-com-deficiencia-ajoaf-trt-rj\/","title":{"rendered":"Coment\u00e1rios \u00e0s quest\u00f5es de Pessoa com Defici\u00eancia &#8211; AJOAF &#8211; TRT-RJ"},"content":{"rendered":"<p>Ol\u00e1! Analisamos as quest\u00f5es de Direito das Pessoas com Defici\u00eancia aplicadas na prova de Oficial e Justi\u00e7a do Tribunal Regional do Trabalho da 1\u00aa Regi\u00e3o. S\u00e3o quest\u00f5es da AOCP fresquinhas para voc\u00ea treinar.<\/p>\n<p>Caso voc\u00ea fique em d\u00favida, por favor, no contate:<\/p>\n<p>SITE:\u00a0<a href=\"https:\/\/sites.google.com\/prod\/view\/proftorques\">https:\/\/sites.google.com\/prod\/view\/proftorques<\/a><\/p>\n<p>INSTAGRAM:\u00a0<a href=\"https:\/\/www.instagram.com\/proftorques\/\">https:\/\/www.instagram.com\/proftorques\/<\/a><\/p>\n<p>FACEBOOK:\u00a0<a href=\"https:\/\/www.facebook.com\/dpcparaconcursos\">https:\/\/www.facebook.com\/dpcparaconcursos<\/a><\/p>\n<p>E-MAIL:\u00a0<a href=\"mailto:rst.estrategia@gmail.com\">rst.estrategia@gmail.com<\/a><\/p>\n<p>Vamos \u00e0s quest\u00f5es<\/p>\n<p><strong>&#8212;<\/strong><\/p>\n<ol start=\"21\">\n<li><strong> (AOCP\/TRT-1 Regi\u00e3o\/2018)<\/strong><\/li>\n<\/ol>\n<p>A Resolu\u00e7\u00e3o n\u00b0 230\/2016 do CNJ disciplina que cada \u00f3rg\u00e3o do Poder Judici\u00e1rio dever\u00e1 manter um cadastro dos servidores, serventu\u00e1rios extrajudiciais e terceirizados com defici\u00eancia que trabalham no seu quadro. Esse cadastro deve especificar as defici\u00eancias e as necessidades particulares de cada servidor, terceirizado ou serventu\u00e1rio extrajudicial, sendo que a atualiza\u00e7\u00e3o desse cadastro deve ser permanente, devendo ocorrer uma revis\u00e3o detalhada<\/p>\n<p>(A) uma vez por semestre.<\/p>\n<p>(B) uma vez por trimestre.<\/p>\n<p>(C) uma vez por bimestre.<\/p>\n<p>(D) uma vez por ano.<\/p>\n<p>(E) uma vez por bi\u00eanio.<\/p>\n<p><strong>Coment\u00e1rios:<\/strong><\/p>\n<p>A quest\u00e3o cobra o conhecimento do art. 21, \u00a7 2\u00ba, da Resolu\u00e7\u00e3o n. 230\/CNJ. Vejamos:<\/p>\n<p style=\"padding-left: 30px\">Art. 21. Cada \u00f3rg\u00e3o do Poder Judici\u00e1rio dever\u00e1 manter um cadastro dos servidores, serventu\u00e1rios extrajudiciais e terceirizados com defici\u00eancia que trabalham no seu quadro.<\/p>\n<p style=\"padding-left: 30px\">1\u00ba Esse cadastro deve especificar as defici\u00eancias e as necessidades particulares de cada servidor, terceirizado ou serventu\u00e1rio extrajudicial.<\/p>\n<p style=\"padding-left: 30px\">2\u00ba A atualiza\u00e7\u00e3o do cadastro deve ser permanente, devendo ocorrer uma <u>revis\u00e3o detalhada uma vez por ano<\/u>.<\/p>\n<p>Sendo assim, nosso gabarito s\u00f3 pode ser a <strong>alternativa D<\/strong>.<\/p>\n<p>&#8212;<\/p>\n<ol start=\"22\">\n<li><strong>(AOCP\/TRT-1 Regi\u00e3o\/2018)<\/strong><\/li>\n<\/ol>\n<p>Jos\u00e9 \u00e9 pessoa com defici\u00eancia e est\u00e1 submetido ao regime de curatela. Ele pretende contrair matrim\u00f4nio, no entanto seu curador o est\u00e1 impedindo. Nesse sentido, de acordo com os ditames da Lei n\u00b0 13.146\/2015, o curador de Jos\u00e9<\/p>\n<p>(A) n\u00e3o est\u00e1 agindo corretamente, j\u00e1 que a curatela atinge t\u00e3o somente os atos relacionados aos direitos de natureza patrimonial e negocial.<\/p>\n<p>(B) n\u00e3o est\u00e1 agindo corretamente, j\u00e1 que, embora a curatela atinja atos de natureza matrimonial, caberia nesse caso ao poder judici\u00e1rio a decis\u00e3o sobre a autoriza\u00e7\u00e3o de se contrair matrim\u00f4nio.<\/p>\n<p>(C) est\u00e1 agindo corretamente j\u00e1 que a curatela alcan\u00e7a o direito ao pr\u00f3prio corpo, \u00e0 sexualidade, ao matrim\u00f4nio, \u00e0 privacidade, \u00e0 educa\u00e7\u00e3o, \u00e0 sa\u00fade, ao trabalho e ao voto do curatelado.<\/p>\n<p>(D) est\u00e1 agindo corretamente j\u00e1 que o ato de contrair matrim\u00f4nio pode refletir na esfera patrimonial do curatelado.<\/p>\n<p>(E) est\u00e1 agindo corretamente j\u00e1 que \u00e0 pessoa submetida ao regime de curatela \u00e9 vedado contrair matrim\u00f4nio.<\/p>\n<p><strong>Coment\u00e1rios:<\/strong><\/p>\n<p>A quest\u00e3o cobra conhecimentos sobre a Lei n. 13.146\/15, especificamente, sobre a curatela. Vejamos alternativa por alternativa:<\/p>\n<p>A <strong>alternativa A <\/strong>est\u00e1 correta e \u00e9 o gabarito da quest\u00e3o. De fato, de acordo com o Estatuto, o curador de Jos\u00e9 n\u00e3o estaria agindo de forma correta. Segundo o art. 85, da referida lei, a curatela afetar\u00e1 t\u00e3o <u>somente os atos relacionados aos direitos de natureza patrimonial e negocial<\/u>. N\u00e3o bastasse isso, o \u00a7 1\u00ba, do art. 85, ainda completa: \u201cA defini\u00e7\u00e3o da curatela n\u00e3o alcan\u00e7a o direito ao pr\u00f3prio corpo, \u00e0 sexualidade, <u>ao matrim\u00f4nio<\/u>, \u00e0 privacidade, \u00e0 educa\u00e7\u00e3o, \u00e0 sa\u00fade, ao trabalho e ao voto. Diante disso, nosso gabarito tem mesmo que ser a alternativa A.<\/p>\n<p>A <strong>alternativa B <\/strong>est\u00e1 incorreta. Como vimos na alternativa A, a curatela n\u00e3o atinge os direitos de ordem matrimonial (art. 85, \u00a7 1\u00ba, do Estatuto).<\/p>\n<p>A <strong>alternativa C<\/strong> tamb\u00e9m est\u00e1 incorreta. Como vimos na alternativa A, a curatela n\u00e3o atinge o direito ao pr\u00f3prio corpo, \u00e0 sexualidade, ao matrim\u00f4nio, \u00e0 privacidade, \u00e0 educa\u00e7\u00e3o, \u00e0 sa\u00fade, ao trabalho ou ao voto do curatelado (art. 85, \u00a7 1\u00ba, do Estatuto).<\/p>\n<p>A <strong>alternativa D<\/strong>, igualmente, est\u00e1 incorreta. Apesar de o ato de contrair matrim\u00f4nio poder refletir na esfera patrimonial do curatelado, a lei \u00e9 bem clara em especificar que a curatela n\u00e3o atinge o direito ao matrim\u00f4nio do curatelado (art. 85, \u00a7 1\u00ba, do Estatuto).<\/p>\n<p>E a <strong>alternativa E<\/strong>, por fim, tamb\u00e9m est\u00e1 incorreta. Pelos mesmos motivos expostos acima (art. 85, \u00a7 1\u00ba, do Estatuto).<\/p>\n<p>&#8212;<\/p>\n<ol start=\"23\">\n<li><strong>(AOCP\/TRT-1 Regi\u00e3o\/2018)<\/strong><\/li>\n<\/ol>\n<p>Sebasti\u00e3o mora com seu pai, que \u00e9 pessoa com defici\u00eancia f\u00edsica e benefici\u00e1rio de pens\u00e3o previdenci\u00e1ria. Sebasti\u00e3o, com claro objetivo de obter vantagem indevida para si, ret\u00e9m, de maneira indevida, o cart\u00e3o magn\u00e9tico destinado ao recebimento da pens\u00e3o previdenci\u00e1ria de seu pai. Com base no disposto na Lei n\u00b0 13.146\/2015, a conduta de Sebasti\u00e3o \u00e9 tipificada como crime pun\u00edvel com<\/p>\n<p>(A) reclus\u00e3o, de 2 (dois) a 5 (cinco) anos, e multa.<\/p>\n<p>(B) deten\u00e7\u00e3o, de 2 (dois) a 5 (cinco) anos, e multa.<\/p>\n<p>(C) deten\u00e7\u00e3o, de 6 (seis) meses a 4 (quatro) anos, e multa.<\/p>\n<p>(D) reclus\u00e3o, de 6 (seis) meses a 4 (quatro) anos, e multa.<\/p>\n<p>(E) deten\u00e7\u00e3o, de 6 (seis) meses a 2 (dois) anos, e multa.<\/p>\n<p><strong>Coment\u00e1rios: <\/strong><\/p>\n<p>A quest\u00e3o cobra, especificamente, o preceito secund\u00e1rio do art. 91, da Lei n. 13.146\/15. Confiram:<\/p>\n<p style=\"padding-left: 30px\">Art. 91. \u00a0Reter ou utilizar cart\u00e3o magn\u00e9tico, qualquer meio eletr\u00f4nico ou documento de pessoa com defici\u00eancia destinados ao recebimento de benef\u00edcios, proventos, pens\u00f5es ou remunera\u00e7\u00e3o ou \u00e0 realiza\u00e7\u00e3o de opera\u00e7\u00f5es financeiras, com o fim de obter vantagem indevida para si ou para outrem:<\/p>\n<p style=\"padding-left: 30px\">Pena &#8211; <u>deten\u00e7\u00e3o, de 6 (seis) meses a 2 (dois) anos, e multa<\/u>.<\/p>\n<p>Nosso gabarito, portanto, \u00e9 a <strong>alternativa E.<\/strong><\/p>\n<p>&#8212;<\/p>\n<ol start=\"24\">\n<li><strong>(AOCP\/TRT-1 Regi\u00e3o\/2018)<\/strong><\/li>\n<\/ol>\n<p>Ant\u00f4nio \u00e9 pessoa com defici\u00eancia moderada e recebe o benef\u00edcio de presta\u00e7\u00e3o continuada previsto no art. 20 da Lei n\u00b0 8.742\/1993. Acontece que Ant\u00f4nio passou a exercer atividade remunerada que o enquadra como segurado obrigat\u00f3rio do RGPS (Regime Geral de Previd\u00eancia Social). Nesse caso, de acordo com o previsto na Lei n\u00b0 13.146\/2015, Ant\u00f4nio<\/p>\n<p>(A) n\u00e3o ter\u00e1 direito a qualquer aux\u00edlio, j\u00e1 que passou a exercer atividade remunerada.<\/p>\n<p>(B) ter\u00e1 direito a aux\u00edlio-inclus\u00e3o, nos termos da lei.<\/p>\n<p>(C) n\u00e3o ter\u00e1 direito a aux\u00edlio inclus\u00e3o, j\u00e1 que acumular\u00e1 seu benef\u00edcio de presta\u00e7\u00e3o continuada com a remunera\u00e7\u00e3o de sua atividade.<\/p>\n<p>(D) ter\u00e1 direito a aux\u00edlio inclus\u00e3o, desde que opte por n\u00e3o se submeter ao Regime Geral de Previd\u00eancia Social.<\/p>\n<p>(E) ter\u00e1 direito a cumular metade de seu benef\u00edcio de presta\u00e7\u00e3o continuada com a remunera\u00e7\u00e3o de sua atividade.<\/p>\n<p><strong>Coment\u00e1rios:<\/strong><\/p>\n<p>A <strong>alternativa A <\/strong>est\u00e1 incorreta. O fato de Ant\u00f4nio ter passado a exercer atividade remunerada, por si s\u00f3, n\u00e3o \u00e9 suficiente para impedir o seu direito ao aux\u00edlio, pelo contr\u00e1rio, de acordo com a disposi\u00e7\u00e3o expressa do art. 94, I, da Lei n. 13.146\/15:<\/p>\n<p style=\"padding-left: 30px\">Art. 94. \u00a0<u>Ter\u00e1 direito a aux\u00edlio-inclus\u00e3o<\/u>, nos termos da lei, a pessoa com defici\u00eancia moderada ou grave que:<\/p>\n<p style=\"padding-left: 30px\">I &#8211; <u>receba o benef\u00edcio de presta\u00e7\u00e3o continuada<\/u> previsto no\u00a0<a href=\"http:\/\/www.planalto.gov.br\/ccivil_03\/LEIS\/L8742.htm#art20.\">art. 20 da Lei no\u00a08.742, de 7 de dezembro de 1993<\/a>, e que p<u>asse a exercer atividade remunerada<\/u> que a enquadre como segurado obrigat\u00f3rio do RGPS;<\/p>\n<p style=\"padding-left: 30px\">A <strong>alternativa B<\/strong> est\u00e1 correta e \u00e9 o gabarito da quest\u00e3o. Pelos mesmos motivos expostos na alternativa A, Ant\u00f4nio ter\u00e1 direito ao aux\u00edlio-inclus\u00e3o, nos termos do art. 94, I, da Lei n. 13.146\/15.<\/p>\n<p>A <strong>alternativa C<\/strong> est\u00e1 incorreta, j\u00e1 que, como j\u00e1 vimos, Ant\u00f4nio ter\u00e1 direito ao aux\u00edlio-inclus\u00e3o, nos termos do art. 94, I.<\/p>\n<p>A <strong>alternativa D<\/strong> est\u00e1 incorreta. N\u00e3o existe, na lei, a necessidade de se optar por n\u00e3o se submeter ao RGPS como requisito para a obten\u00e7\u00e3o do aux\u00edlio. Ao contr\u00e1rio, \u00e9 necess\u00e1rio que a atividade remunerada desempenhada enquadre o benefici\u00e1rio como segurado obrigat\u00f3rio do RGPS.<\/p>\n<p>E a <strong>alternativa E<\/strong>, por fim, est\u00e1 incorreta. Tamb\u00e9m n\u00e3o existe previs\u00e3o legal que diga respeito a metade do benef\u00edcio de presta\u00e7\u00e3o continuada cumulada com a remunera\u00e7\u00e3o do benefici\u00e1rio.<\/p>\n<p>&#8212;<\/p>\n<ol start=\"25\">\n<li><strong>(AOCP\/TRT-1 Regi\u00e3o\/2018)<\/strong><\/li>\n<\/ol>\n<p>Segundo disciplina o Decreto n\u00b0 3.298\/1999, os \u00f3rg\u00e3os e as entidades da Administra\u00e7\u00e3o P\u00fablica Federal direta e indireta respons\u00e1veis pela educa\u00e7\u00e3o dispensar\u00e3o tratamento priorit\u00e1rio e adequado aos assuntos relacionados \u00e0 pessoa com defici\u00eancia. Nesse sentido, de acordo com o citado diploma legal, a educa\u00e7\u00e3o do aluno com defici\u00eancia dever\u00e1 iniciar-se na educa\u00e7\u00e3o infantil a partir de<\/p>\n<p>(A) cinco anos.<\/p>\n<p>(B) zero ano.<\/p>\n<p>(C) um ano.<\/p>\n<p>(D) tr\u00eas anos.<\/p>\n<p>(E) dois anos.<\/p>\n<p><strong>Coment\u00e1rios:<\/strong><\/p>\n<p>A quest\u00e3o cobra especificamente o art. 24, \u00a7 3\u00ba, do Decreto n. 3.298\/1999. Vejamos:<\/p>\n<p style=\"padding-left: 30px\">3o\u00a0\u00a0A educa\u00e7\u00e3o do aluno com defici\u00eancia dever\u00e1 iniciar-se na educa\u00e7\u00e3o infantil, a partir de zero ano.<\/p>\n<p>Diante disso, nosso gabarito s\u00f3 pode ser a <strong>alternativa B<\/strong>.<\/p>\n<p>&#8212;<\/p>\n<p>Conclu\u00edmos os coment\u00e1rios.<\/p>\n<p>Bons estudos.<\/p>\n<p>Ricardo Torques<\/p>\n","protected":false},"excerpt":{"rendered":"<p>Ol\u00e1! Analisamos as quest\u00f5es de Direito das Pessoas com Defici\u00eancia aplicadas na prova de Oficial e Justi\u00e7a do Tribunal Regional do Trabalho da 1\u00aa Regi\u00e3o. S\u00e3o quest\u00f5es da AOCP fresquinhas para voc\u00ea treinar. Caso voc\u00ea fique em d\u00favida, por favor, no contate: SITE:\u00a0https:\/\/sites.google.com\/prod\/view\/proftorques INSTAGRAM:\u00a0https:\/\/www.instagram.com\/proftorques\/ FACEBOOK:\u00a0https:\/\/www.facebook.com\/dpcparaconcursos E-MAIL:\u00a0rst.estrategia@gmail.com Vamos \u00e0s quest\u00f5es &#8212; (AOCP\/TRT-1 Regi\u00e3o\/2018) A Resolu\u00e7\u00e3o n\u00b0 [&hellip;]<\/p>\n","protected":false},"author":180,"featured_media":0,"comment_status":"open","ping_status":"closed","sticky":false,"template":"","format":"standard","meta":{"post_tipo":"article","footnotes":""},"categories":[1],"tags":[3886,3887,572],"tax_estado":[],"class_list":["post-126470","post","type-post","status-publish","format-standard","hentry","category-cursos-e-concursos","tag-direito-das-pessoas-com-deficienca","tag-prova-contada","tag-trt-rj"],"acf":[],"yoast_head":"<!-- This site is optimized with the Yoast SEO Premium plugin v27.2 (Yoast SEO v27.2) - https:\/\/yoast.com\/product\/yoast-seo-premium-wordpress\/ -->\n<title>Coment\u00e1rios \u00e0s quest\u00f5es de Pessoa com Defici\u00eancia - AJOAF - TRT-RJ<\/title>\n<meta name=\"robots\" content=\"index, follow, max-snippet:-1, max-image-preview:large, max-video-preview:-1\" \/>\n<link rel=\"canonical\" href=\"https:\/\/www.estrategiaconcursos.com.br\/blog\/comentarios-as-questoes-de-pessoa-com-deficiencia-ajoaf-trt-rj\/\" \/>\n<meta property=\"og:locale\" content=\"pt_BR\" \/>\n<meta property=\"og:type\" content=\"article\" \/>\n<meta property=\"og:title\" content=\"Coment\u00e1rios \u00e0s quest\u00f5es de Pessoa com Defici\u00eancia - AJOAF - TRT-RJ\" \/>\n<meta property=\"og:description\" content=\"Ol\u00e1! Analisamos as quest\u00f5es de Direito das Pessoas com Defici\u00eancia aplicadas na prova de Oficial e Justi\u00e7a do Tribunal Regional do Trabalho da 1\u00aa Regi\u00e3o. S\u00e3o quest\u00f5es da AOCP fresquinhas para voc\u00ea treinar. Caso voc\u00ea fique em d\u00favida, por favor, no contate: SITE:\u00a0https:\/\/sites.google.com\/prod\/view\/proftorques INSTAGRAM:\u00a0https:\/\/www.instagram.com\/proftorques\/ FACEBOOK:\u00a0https:\/\/www.facebook.com\/dpcparaconcursos E-MAIL:\u00a0rst.estrategia@gmail.com Vamos \u00e0s quest\u00f5es &#8212; (AOCP\/TRT-1 Regi\u00e3o\/2018) A Resolu\u00e7\u00e3o n\u00b0 [&hellip;]\" \/>\n<meta property=\"og:url\" content=\"https:\/\/www.estrategiaconcursos.com.br\/blog\/comentarios-as-questoes-de-pessoa-com-deficiencia-ajoaf-trt-rj\/\" \/>\n<meta property=\"og:site_name\" content=\"Estrat\u00e9gia Concursos\" \/>\n<meta property=\"article:author\" content=\"https:\/\/www.facebook.com\/ricardo.s.torques\" \/>\n<meta property=\"article:published_time\" content=\"2018-06-14T14:54:26+00:00\" \/>\n<meta property=\"article:modified_time\" content=\"2018-06-14T14:54:27+00:00\" \/>\n<meta name=\"author\" content=\"Ricardo Torques\" \/>\n<meta name=\"twitter:card\" content=\"summary_large_image\" \/>\n<meta name=\"twitter:creator\" content=\"@EstratConcursos\" \/>\n<meta name=\"twitter:site\" content=\"@EstratConcursos\" \/>\n<meta name=\"twitter:label1\" content=\"Escrito por\" \/>\n\t<meta name=\"twitter:data1\" content=\"Ricardo Torques\" \/>\n\t<meta name=\"twitter:label2\" content=\"Est. tempo de leitura\" \/>\n\t<meta name=\"twitter:data2\" content=\"7 minutos\" \/>\n<script type=\"application\/ld+json\" class=\"yoast-schema-graph\">{\"@context\":\"https:\/\/schema.org\",\"@graph\":[{\"@type\":\"NewsArticle\",\"@id\":\"https:\/\/www.estrategiaconcursos.com.br\/blog\/comentarios-as-questoes-de-pessoa-com-deficiencia-ajoaf-trt-rj\/#article\",\"isPartOf\":{\"@id\":\"https:\/\/www.estrategiaconcursos.com.br\/blog\/comentarios-as-questoes-de-pessoa-com-deficiencia-ajoaf-trt-rj\/\"},\"author\":{\"name\":\"Ricardo Torques\",\"@id\":\"https:\/\/www.estrategiaconcursos.com.br\/blog\/#\/schema\/person\/aa39cf5ddb518e5bdce27c35788405e2\"},\"headline\":\"Coment\u00e1rios \u00e0s quest\u00f5es de Pessoa com Defici\u00eancia &#8211; AJOAF &#8211; TRT-RJ\",\"datePublished\":\"2018-06-14T14:54:26+00:00\",\"dateModified\":\"2018-06-14T14:54:27+00:00\",\"mainEntityOfPage\":{\"@id\":\"https:\/\/www.estrategiaconcursos.com.br\/blog\/comentarios-as-questoes-de-pessoa-com-deficiencia-ajoaf-trt-rj\/\"},\"wordCount\":1457,\"commentCount\":0,\"publisher\":{\"@id\":\"https:\/\/www.estrategiaconcursos.com.br\/blog\/#organization\"},\"keywords\":[\"Direito das Pessoas com Defici~enca\",\"prova contada\",\"TRT-RJ\"],\"articleSection\":[\"Concursos P\u00fablicos\"],\"inLanguage\":\"pt-BR\",\"potentialAction\":[{\"@type\":\"CommentAction\",\"name\":\"Comment\",\"target\":[\"https:\/\/www.estrategiaconcursos.com.br\/blog\/comentarios-as-questoes-de-pessoa-com-deficiencia-ajoaf-trt-rj\/#respond\"]}],\"copyrightYear\":\"2018\",\"copyrightHolder\":{\"@id\":\"https:\/\/www.estrategiaconcursos.com.br\/blog\/#organization\"}},{\"@type\":\"WebPage\",\"@id\":\"https:\/\/www.estrategiaconcursos.com.br\/blog\/comentarios-as-questoes-de-pessoa-com-deficiencia-ajoaf-trt-rj\/\",\"url\":\"https:\/\/www.estrategiaconcursos.com.br\/blog\/comentarios-as-questoes-de-pessoa-com-deficiencia-ajoaf-trt-rj\/\",\"name\":\"Coment\u00e1rios \u00e0s quest\u00f5es de Pessoa com Defici\u00eancia - AJOAF - TRT-RJ\",\"isPartOf\":{\"@id\":\"https:\/\/www.estrategiaconcursos.com.br\/blog\/#website\"},\"datePublished\":\"2018-06-14T14:54:26+00:00\",\"dateModified\":\"2018-06-14T14:54:27+00:00\",\"breadcrumb\":{\"@id\":\"https:\/\/www.estrategiaconcursos.com.br\/blog\/comentarios-as-questoes-de-pessoa-com-deficiencia-ajoaf-trt-rj\/#breadcrumb\"},\"inLanguage\":\"pt-BR\",\"potentialAction\":[{\"@type\":\"ReadAction\",\"target\":[\"https:\/\/www.estrategiaconcursos.com.br\/blog\/comentarios-as-questoes-de-pessoa-com-deficiencia-ajoaf-trt-rj\/\"]}]},{\"@type\":\"BreadcrumbList\",\"@id\":\"https:\/\/www.estrategiaconcursos.com.br\/blog\/comentarios-as-questoes-de-pessoa-com-deficiencia-ajoaf-trt-rj\/#breadcrumb\",\"itemListElement\":[{\"@type\":\"ListItem\",\"position\":1,\"name\":\"In\u00edcio\",\"item\":\"https:\/\/www.estrategiaconcursos.com.br\/blog\/\"},{\"@type\":\"ListItem\",\"position\":2,\"name\":\"Coment\u00e1rios \u00e0s quest\u00f5es de Pessoa com Defici\u00eancia &#8211; AJOAF &#8211; TRT-RJ\"}]},{\"@type\":\"WebSite\",\"@id\":\"https:\/\/www.estrategiaconcursos.com.br\/blog\/#website\",\"url\":\"https:\/\/www.estrategiaconcursos.com.br\/blog\/\",\"name\":\"Estrat\u00e9gia Concursos\",\"description\":\"O blog da Estrat\u00e9gia Concursos traz not\u00edcias sobre concursos e artigos de professores oferecendo cursos para concursos (pdf + videaulas) no site.\",\"publisher\":{\"@id\":\"https:\/\/www.estrategiaconcursos.com.br\/blog\/#organization\"},\"potentialAction\":[{\"@type\":\"SearchAction\",\"target\":{\"@type\":\"EntryPoint\",\"urlTemplate\":\"https:\/\/www.estrategiaconcursos.com.br\/blog\/?s={search_term_string}\"},\"query-input\":{\"@type\":\"PropertyValueSpecification\",\"valueRequired\":true,\"valueName\":\"search_term_string\"}}],\"inLanguage\":\"pt-BR\"},{\"@type\":\"Organization\",\"@id\":\"https:\/\/www.estrategiaconcursos.com.br\/blog\/#organization\",\"name\":\"Estrat\u00e9gia Concursos\",\"url\":\"https:\/\/www.estrategiaconcursos.com.br\/blog\/\",\"logo\":{\"@type\":\"ImageObject\",\"inLanguage\":\"pt-BR\",\"@id\":\"https:\/\/www.estrategiaconcursos.com.br\/blog\/#\/schema\/logo\/image\/\",\"url\":\"https:\/\/dhg1h5j42swfq.cloudfront.net\/2025\/06\/03203428\/logo_concursos-1.jpg\",\"contentUrl\":\"https:\/\/dhg1h5j42swfq.cloudfront.net\/2025\/06\/03203428\/logo_concursos-1.jpg\",\"width\":230,\"height\":60,\"caption\":\"Estrat\u00e9gia Concursos\"},\"image\":{\"@id\":\"https:\/\/www.estrategiaconcursos.com.br\/blog\/#\/schema\/logo\/image\/\"},\"sameAs\":[\"https:\/\/x.com\/EstratConcursos\"]},{\"@type\":\"Person\",\"@id\":\"https:\/\/www.estrategiaconcursos.com.br\/blog\/#\/schema\/person\/aa39cf5ddb518e5bdce27c35788405e2\",\"name\":\"Ricardo Torques\",\"image\":{\"@type\":\"ImageObject\",\"inLanguage\":\"pt-BR\",\"@id\":\"https:\/\/secure.gravatar.com\/avatar\/ce9ac6c3cff25fe86d15ed568ebc64d1724baf5c0693133bcb1f6073f712f92a?s=96&d=mm&r=g\",\"url\":\"https:\/\/secure.gravatar.com\/avatar\/ce9ac6c3cff25fe86d15ed568ebc64d1724baf5c0693133bcb1f6073f712f92a?s=96&d=mm&r=g\",\"contentUrl\":\"https:\/\/secure.gravatar.com\/avatar\/ce9ac6c3cff25fe86d15ed568ebc64d1724baf5c0693133bcb1f6073f712f92a?s=96&d=mm&r=g\",\"caption\":\"Ricardo Torques\"},\"sameAs\":[\"https:\/\/www.facebook.com\/ricardo.s.torques\"],\"url\":\"https:\/\/www.estrategiaconcursos.com.br\/blog\/author\/ricardotorquesestrategiaconcursos-com-br\/\"}]}<\/script>\n<!-- \/ Yoast SEO Premium plugin. -->","yoast_head_json":{"title":"Coment\u00e1rios \u00e0s quest\u00f5es de Pessoa com Defici\u00eancia - AJOAF - TRT-RJ","robots":{"index":"index","follow":"follow","max-snippet":"max-snippet:-1","max-image-preview":"max-image-preview:large","max-video-preview":"max-video-preview:-1"},"canonical":"https:\/\/www.estrategiaconcursos.com.br\/blog\/comentarios-as-questoes-de-pessoa-com-deficiencia-ajoaf-trt-rj\/","og_locale":"pt_BR","og_type":"article","og_title":"Coment\u00e1rios \u00e0s quest\u00f5es de Pessoa com Defici\u00eancia - AJOAF - TRT-RJ","og_description":"Ol\u00e1! Analisamos as quest\u00f5es de Direito das Pessoas com Defici\u00eancia aplicadas na prova de Oficial e Justi\u00e7a do Tribunal Regional do Trabalho da 1\u00aa Regi\u00e3o. S\u00e3o quest\u00f5es da AOCP fresquinhas para voc\u00ea treinar. Caso voc\u00ea fique em d\u00favida, por favor, no contate: SITE:\u00a0https:\/\/sites.google.com\/prod\/view\/proftorques INSTAGRAM:\u00a0https:\/\/www.instagram.com\/proftorques\/ FACEBOOK:\u00a0https:\/\/www.facebook.com\/dpcparaconcursos E-MAIL:\u00a0rst.estrategia@gmail.com Vamos \u00e0s quest\u00f5es &#8212; (AOCP\/TRT-1 Regi\u00e3o\/2018) A Resolu\u00e7\u00e3o n\u00b0 [&hellip;]","og_url":"https:\/\/www.estrategiaconcursos.com.br\/blog\/comentarios-as-questoes-de-pessoa-com-deficiencia-ajoaf-trt-rj\/","og_site_name":"Estrat\u00e9gia Concursos","article_author":"https:\/\/www.facebook.com\/ricardo.s.torques","article_published_time":"2018-06-14T14:54:26+00:00","article_modified_time":"2018-06-14T14:54:27+00:00","author":"Ricardo Torques","twitter_card":"summary_large_image","twitter_creator":"@EstratConcursos","twitter_site":"@EstratConcursos","twitter_misc":{"Escrito por":"Ricardo Torques","Est. tempo de leitura":"7 minutos"},"schema":{"@context":"https:\/\/schema.org","@graph":[{"@type":"NewsArticle","@id":"https:\/\/www.estrategiaconcursos.com.br\/blog\/comentarios-as-questoes-de-pessoa-com-deficiencia-ajoaf-trt-rj\/#article","isPartOf":{"@id":"https:\/\/www.estrategiaconcursos.com.br\/blog\/comentarios-as-questoes-de-pessoa-com-deficiencia-ajoaf-trt-rj\/"},"author":{"name":"Ricardo Torques","@id":"https:\/\/www.estrategiaconcursos.com.br\/blog\/#\/schema\/person\/aa39cf5ddb518e5bdce27c35788405e2"},"headline":"Coment\u00e1rios \u00e0s quest\u00f5es de Pessoa com Defici\u00eancia &#8211; AJOAF &#8211; TRT-RJ","datePublished":"2018-06-14T14:54:26+00:00","dateModified":"2018-06-14T14:54:27+00:00","mainEntityOfPage":{"@id":"https:\/\/www.estrategiaconcursos.com.br\/blog\/comentarios-as-questoes-de-pessoa-com-deficiencia-ajoaf-trt-rj\/"},"wordCount":1457,"commentCount":0,"publisher":{"@id":"https:\/\/www.estrategiaconcursos.com.br\/blog\/#organization"},"keywords":["Direito das Pessoas com Defici~enca","prova contada","TRT-RJ"],"articleSection":["Concursos P\u00fablicos"],"inLanguage":"pt-BR","potentialAction":[{"@type":"CommentAction","name":"Comment","target":["https:\/\/www.estrategiaconcursos.com.br\/blog\/comentarios-as-questoes-de-pessoa-com-deficiencia-ajoaf-trt-rj\/#respond"]}],"copyrightYear":"2018","copyrightHolder":{"@id":"https:\/\/www.estrategiaconcursos.com.br\/blog\/#organization"}},{"@type":"WebPage","@id":"https:\/\/www.estrategiaconcursos.com.br\/blog\/comentarios-as-questoes-de-pessoa-com-deficiencia-ajoaf-trt-rj\/","url":"https:\/\/www.estrategiaconcursos.com.br\/blog\/comentarios-as-questoes-de-pessoa-com-deficiencia-ajoaf-trt-rj\/","name":"Coment\u00e1rios \u00e0s quest\u00f5es de Pessoa com Defici\u00eancia - AJOAF - TRT-RJ","isPartOf":{"@id":"https:\/\/www.estrategiaconcursos.com.br\/blog\/#website"},"datePublished":"2018-06-14T14:54:26+00:00","dateModified":"2018-06-14T14:54:27+00:00","breadcrumb":{"@id":"https:\/\/www.estrategiaconcursos.com.br\/blog\/comentarios-as-questoes-de-pessoa-com-deficiencia-ajoaf-trt-rj\/#breadcrumb"},"inLanguage":"pt-BR","potentialAction":[{"@type":"ReadAction","target":["https:\/\/www.estrategiaconcursos.com.br\/blog\/comentarios-as-questoes-de-pessoa-com-deficiencia-ajoaf-trt-rj\/"]}]},{"@type":"BreadcrumbList","@id":"https:\/\/www.estrategiaconcursos.com.br\/blog\/comentarios-as-questoes-de-pessoa-com-deficiencia-ajoaf-trt-rj\/#breadcrumb","itemListElement":[{"@type":"ListItem","position":1,"name":"In\u00edcio","item":"https:\/\/www.estrategiaconcursos.com.br\/blog\/"},{"@type":"ListItem","position":2,"name":"Coment\u00e1rios \u00e0s quest\u00f5es de Pessoa com Defici\u00eancia &#8211; AJOAF &#8211; TRT-RJ"}]},{"@type":"WebSite","@id":"https:\/\/www.estrategiaconcursos.com.br\/blog\/#website","url":"https:\/\/www.estrategiaconcursos.com.br\/blog\/","name":"Estrat\u00e9gia Concursos","description":"O blog da Estrat\u00e9gia Concursos traz not\u00edcias sobre concursos e artigos de professores oferecendo cursos para concursos (pdf + videaulas) no site.","publisher":{"@id":"https:\/\/www.estrategiaconcursos.com.br\/blog\/#organization"},"potentialAction":[{"@type":"SearchAction","target":{"@type":"EntryPoint","urlTemplate":"https:\/\/www.estrategiaconcursos.com.br\/blog\/?s={search_term_string}"},"query-input":{"@type":"PropertyValueSpecification","valueRequired":true,"valueName":"search_term_string"}}],"inLanguage":"pt-BR"},{"@type":"Organization","@id":"https:\/\/www.estrategiaconcursos.com.br\/blog\/#organization","name":"Estrat\u00e9gia Concursos","url":"https:\/\/www.estrategiaconcursos.com.br\/blog\/","logo":{"@type":"ImageObject","inLanguage":"pt-BR","@id":"https:\/\/www.estrategiaconcursos.com.br\/blog\/#\/schema\/logo\/image\/","url":"https:\/\/dhg1h5j42swfq.cloudfront.net\/2025\/06\/03203428\/logo_concursos-1.jpg","contentUrl":"https:\/\/dhg1h5j42swfq.cloudfront.net\/2025\/06\/03203428\/logo_concursos-1.jpg","width":230,"height":60,"caption":"Estrat\u00e9gia Concursos"},"image":{"@id":"https:\/\/www.estrategiaconcursos.com.br\/blog\/#\/schema\/logo\/image\/"},"sameAs":["https:\/\/x.com\/EstratConcursos"]},{"@type":"Person","@id":"https:\/\/www.estrategiaconcursos.com.br\/blog\/#\/schema\/person\/aa39cf5ddb518e5bdce27c35788405e2","name":"Ricardo Torques","image":{"@type":"ImageObject","inLanguage":"pt-BR","@id":"https:\/\/secure.gravatar.com\/avatar\/ce9ac6c3cff25fe86d15ed568ebc64d1724baf5c0693133bcb1f6073f712f92a?s=96&d=mm&r=g","url":"https:\/\/secure.gravatar.com\/avatar\/ce9ac6c3cff25fe86d15ed568ebc64d1724baf5c0693133bcb1f6073f712f92a?s=96&d=mm&r=g","contentUrl":"https:\/\/secure.gravatar.com\/avatar\/ce9ac6c3cff25fe86d15ed568ebc64d1724baf5c0693133bcb1f6073f712f92a?s=96&d=mm&r=g","caption":"Ricardo Torques"},"sameAs":["https:\/\/www.facebook.com\/ricardo.s.torques"],"url":"https:\/\/www.estrategiaconcursos.com.br\/blog\/author\/ricardotorquesestrategiaconcursos-com-br\/"}]}},"_links":{"self":[{"href":"https:\/\/www.estrategiaconcursos.com.br\/blog\/wp-json\/wp\/v2\/posts\/126470","targetHints":{"allow":["GET"]}}],"collection":[{"href":"https:\/\/www.estrategiaconcursos.com.br\/blog\/wp-json\/wp\/v2\/posts"}],"about":[{"href":"https:\/\/www.estrategiaconcursos.com.br\/blog\/wp-json\/wp\/v2\/types\/post"}],"author":[{"embeddable":true,"href":"https:\/\/www.estrategiaconcursos.com.br\/blog\/wp-json\/wp\/v2\/users\/180"}],"replies":[{"embeddable":true,"href":"https:\/\/www.estrategiaconcursos.com.br\/blog\/wp-json\/wp\/v2\/comments?post=126470"}],"version-history":[{"count":1,"href":"https:\/\/www.estrategiaconcursos.com.br\/blog\/wp-json\/wp\/v2\/posts\/126470\/revisions"}],"predecessor-version":[{"id":126471,"href":"https:\/\/www.estrategiaconcursos.com.br\/blog\/wp-json\/wp\/v2\/posts\/126470\/revisions\/126471"}],"wp:attachment":[{"href":"https:\/\/www.estrategiaconcursos.com.br\/blog\/wp-json\/wp\/v2\/media?parent=126470"}],"wp:term":[{"taxonomy":"category","embeddable":true,"href":"https:\/\/www.estrategiaconcursos.com.br\/blog\/wp-json\/wp\/v2\/categories?post=126470"},{"taxonomy":"post_tag","embeddable":true,"href":"https:\/\/www.estrategiaconcursos.com.br\/blog\/wp-json\/wp\/v2\/tags?post=126470"},{"taxonomy":"tax_estado","embeddable":true,"href":"https:\/\/www.estrategiaconcursos.com.br\/blog\/wp-json\/wp\/v2\/tax_estado?post=126470"}],"curies":[{"name":"wp","href":"https:\/\/api.w.org\/{rel}","templated":true}]}}