{"id":1264503,"date":"2023-08-31T13:00:00","date_gmt":"2023-08-31T16:00:00","guid":{"rendered":"https:\/\/www.estrategiaconcursos.com.br\/blog\/?p=1264503"},"modified":"2023-08-17T13:48:57","modified_gmt":"2023-08-17T16:48:57","slug":"qual-a-funcao-do-especialista-regulacao-vigilancia-sanitaria","status":"publish","type":"post","link":"https:\/\/www.estrategiaconcursos.com.br\/blog\/qual-a-funcao-do-especialista-regulacao-vigilancia-sanitaria\/","title":{"rendered":"Especialista em Regula\u00e7\u00e3o e Vigil\u00e2ncia Sanit\u00e1ria: fun\u00e7\u00e3o e requisitos"},"content":{"rendered":"\n<p>Concurseira(o) impar\u00e1vel, j\u00e1 foi autorizado o concurso ANVISA para o cargo de <strong>Especialista em Regula\u00e7\u00e3o e Vigil\u00e2ncia Sanit\u00e1ria<\/strong> (ERVS). O ideal \u00e9 come\u00e7ar a se preparar desde agora. Ent\u00e3o, primeiro, vamos saber mais sobre a fun\u00e7\u00e3o.<\/p>\n\n\n\n<h2 class=\"wp-block-heading\" id=\"h-o-que-e-a-funcao-de-especialista-em-regulacao-e-vigilancia-sanitaria\">O que \u00e9 a fun\u00e7\u00e3o de Especialista em Regula\u00e7\u00e3o e Vigil\u00e2ncia Sanit\u00e1ria?<\/h2>\n\n\n\n<p>O \u00faltimo certame para o cargo de Especialista aconteceu no ano de 2013, ou seja, h\u00e1 10 anos. Na ocasi\u00e3o,  o edital trouxe 157 vagas totais, divididas entre \u00c1rea 1, \u00c1rea 2 e \u00c1rea 3, cada uma para determinadas especialidades.<\/p>\n\n\n\n<p>No entanto, apesar dessa divis\u00e3o, algumas das atribui\u00e7\u00f5es descritas foram:<\/p>\n\n\n\n<ul class=\"wp-block-list\">\n<li>Realizar atividades especializadas de regula\u00e7\u00e3o, inspe\u00e7\u00e3o, fiscaliza\u00e7\u00e3o e controle de instala\u00e7\u00f5es f\u00edsicas de produ\u00e7\u00e3o e de comercializa\u00e7\u00e3o de alimentos, medicamentos e insumos sanit\u00e1rios;<\/li>\n\n\n\n<li>Pesquisar e estudar sobre as atividades especializadas;<\/li>\n\n\n\n<li>Formular e avaliar planos, programas e projetos relacionados \u00e0s atividades de regula\u00e7\u00e3o;<\/li>\n\n\n\n<li>Elaborar normas para regula\u00e7\u00e3o do mercado;<\/li>\n\n\n\n<li>Planejar e coordenar a\u00e7\u00f5es de fiscaliza\u00e7\u00e3o de alta complexidade;<\/li>\n\n\n\n<li>Orientar agentes do mercado regulado e p\u00fablico em geral.<\/li>\n<\/ul>\n\n\n\n<p>Assim, repare que s\u00e3o descri\u00e7\u00f5es amplas e que podem abranger qualquer uma daquelas \u00e1reas, independentemente da especialidade. Contudo, \u00e9 prov\u00e1vel que cada \u00e1rea seja direcionada para uma atividade espec\u00edfica. Assim, por exemplo, quem for da \u00e1rea de Biologia (\u00c1rea 2) pode elaborar normas de acordo com seu conhecimento nesse ramo.<\/p>\n\n\n\n<p>Al\u00e9m disso, nada impede que um trabalho conjunto e multidisciplinar seja feito. Afinal, atividades complexas podem exigir conhecimentos m\u00faltiplos e integrados dos servidores especialistas em suas \u00e1reas para elaborar estrat\u00e9gias, planejamentos etc.<\/p>\n\n\n\n<h3 class=\"wp-block-heading\" id=\"h-sobre-a-anvisa\">Sobre a ANVISA<\/h3>\n\n\n\n<p>A <strong><a href=\"https:\/\/www.gov.br\/anvisa\/pt-br\">ANVISA<\/a><\/strong> \u00e9 uma autarquia criada no ano de 1999 e vinculada ao Minist\u00e9rio da Sa\u00fade. Sua fun\u00e7\u00e3o n\u00e3o \u00e9 apenas promover o controle da produ\u00e7\u00e3o e do com\u00e9rcio de produtos, mas tamb\u00e9m regular os insumos, as tecnologias e tudo que envolve a prote\u00e7\u00e3o da sa\u00fade da popula\u00e7\u00e3o. Isso inclui a prote\u00e7\u00e3o dos portos, aeroportos e fronteiras.<\/p>\n\n\n\n<p>Lembra dos casos de rea\u00e7\u00f5es adversas no uso de pomadas para modelar cabelo? E daquelas regras sobre informa\u00e7\u00f5es que devem ter nos r\u00f3tulos das embalagens? E daqueles suplementos alimentares milagrosos que passam na televis\u00e3o?<\/p>\n\n\n\n<p>Pois \u00e9, a ANVISA est\u00e1 de olho em tudo isso! A fiscaliza\u00e7\u00e3o da qualidade dos produtos \u00e9 muito mais abrangente do que imaginamos. E tudo isso \u00e9 fun\u00e7\u00e3o dessa entidade.<\/p>\n\n\n\n<h3 class=\"wp-block-heading\" id=\"h-principais-requisitos-do-cargo\">Principais requisitos do cargo<\/h3>\n\n\n\n<p>Como dito anteriormente, o \u00faltimo edital dividiu o cargo de ERVS em 3 \u00e1reas. Veja abaixo como foi:<\/p>\n\n\n\n<figure class=\"wp-block-image aligncenter size-full\"><img loading=\"lazy\" decoding=\"async\" width=\"590\" height=\"441\" src=\"https:\/\/dhg1h5j42swfq.cloudfront.net\/2023\/08\/17112044\/vagas2013.png\" alt=\"Especialista em Regula\u00e7\u00e3o e Vigil\u00e2ncia Sanit\u00e1ria\" class=\"wp-image-1265782\" srcset=\"https:\/\/dhg1h5j42swfq.cloudfront.net\/2023\/08\/17112044\/vagas2013.png 590w, https:\/\/dhg1h5j42swfq.cloudfront.net\/2023\/08\/17112044\/vagas2013-300x224.png 300w, https:\/\/dhg1h5j42swfq.cloudfront.net\/2023\/08\/17112044\/vagas2013-150x112.png 150w\" sizes=\"auto, (max-width: 590px) 100vw, 590px\" \/><figcaption class=\"wp-element-caption\">Edital ANVISA 2013<\/figcaption><\/figure>\n\n\n\n<p>Ent\u00e3o, podemos perceber que diversas \u00e1reas foram contempladas, sen\u00e3o todas! Afinal, quem n\u00e3o teve sua \u00e1rea de forma\u00e7\u00e3o abrangida pelas \u00c1reas 1 e 2 ainda poderia concorrer \u00e0s 10 vagas da <strong>\u00c1rea 3<\/strong>, que era para qualquer curso de gradua\u00e7\u00e3o.<\/p>\n\n\n\n<p>Dessa forma, a <strong>\u00c1rea 1<\/strong> abarcou as \u00e1reas de F\u00edsica e Qu\u00edmica, al\u00e9m das diversas Engenharias, como a de Materiais, a de Produ\u00e7\u00e3o, a El\u00e9trica e a Mec\u00e2nica.<\/p>\n\n\n\n<p>J\u00e1 para a <strong>\u00c1rea 2<\/strong>, as especialidades foram:<\/p>\n\n\n\n<ul class=\"wp-block-list\">\n<li>Biologia<\/li>\n\n\n\n<li>Biomedicina<\/li>\n\n\n\n<li>Enfermagem<\/li>\n\n\n\n<li>Farm\u00e1cia<\/li>\n\n\n\n<li>Fisioterapia<\/li>\n\n\n\n<li>Medicina<\/li>\n\n\n\n<li>Medicina Veterin\u00e1ria<\/li>\n\n\n\n<li>Nutri\u00e7\u00e3o<\/li>\n\n\n\n<li>Odontologia<\/li>\n<\/ul>\n\n\n\n<p>Logo, candidatas e candidatos que tivessem conclu\u00eddo o curso de gradua\u00e7\u00e3o em qualquer uma dessas \u00e1reas de forma\u00e7\u00e3o poderiam concorrer a uma vaga para atuar na ANVISA.<\/p>\n\n\n\n<p>Lembramos, ainda, que estamos em fase de autoriza\u00e7\u00e3o do edital e n\u00e3o sabemos at\u00e9 o momento como ser\u00e1 dividido o quantitativo de vagas do certame que est\u00e1 por vir.<\/p>\n\n\n\n<h3 class=\"wp-block-heading\" id=\"h-qual-a-remuneracao-para-especialista-em-regulacao-e-vigilancia-sanitaria\">Qual a remunera\u00e7\u00e3o para Especialista em Regula\u00e7\u00e3o e Vigil\u00e2ncia Sanit\u00e1ria?<\/h3>\n\n\n\n<p>Pois bem, como j\u00e1 vimos l\u00e1 em cima, a remunera\u00e7\u00e3o inicial passava dos R$10.000,00 (dez mil reais)! Mas n\u00e3o custa nada dar uma olhadinha no <strong><a href=\"https:\/\/portaldatransparencia.gov.br\/servidores\/consulta?paginacaoSimples=true&amp;tamanhoPagina=&amp;offset=&amp;direcaoOrdenacao=asc&amp;orgaosServidorLotacao=OR36207&amp;orgaosServidorExercicio=OR36207&amp;cargo=ESP+EM+REGULACAO+E+VIGILANCIA+SANITARIA&amp;flagAfastado=0&amp;colunasSelecionadas=detalhar%2Ctipo%2Ccpf%2Cnome%2CorgaoServidorLotacao%2Cmatricula%2Csituacao%2Cfuncao%2Ccargo%2Cquantidade&amp;t=KQGI8QuMW40xeaiz5Qir\">Portal da Transpar\u00eancia<\/a><\/strong> para termos uma no\u00e7\u00e3o do panorama atual.<\/p>\n\n\n\n<figure class=\"wp-block-image aligncenter size-large\"><img loading=\"lazy\" decoding=\"async\" width=\"1024\" height=\"402\" src=\"https:\/\/dhg1h5j42swfq.cloudfront.net\/2023\/08\/17121950\/bruto-1024x402.png\" alt=\"Especialista em Regula\u00e7\u00e3o e Vigil\u00e2ncia Sanit\u00e1ria\" class=\"wp-image-1265827\" srcset=\"https:\/\/dhg1h5j42swfq.cloudfront.net\/2023\/08\/17121950\/bruto-1024x402.png 1024w, https:\/\/dhg1h5j42swfq.cloudfront.net\/2023\/08\/17121950\/bruto-300x118.png 300w, https:\/\/dhg1h5j42swfq.cloudfront.net\/2023\/08\/17121950\/bruto-768x301.png 768w, https:\/\/dhg1h5j42swfq.cloudfront.net\/2023\/08\/17121950\/bruto-610x239.png 610w, https:\/\/dhg1h5j42swfq.cloudfront.net\/2023\/08\/17121950\/bruto-150x59.png 150w, https:\/\/dhg1h5j42swfq.cloudfront.net\/2023\/08\/17121950\/bruto.png 1047w\" sizes=\"auto, (max-width: 1024px) 100vw, 1024px\" \/><figcaption class=\"wp-element-caption\">Remunera\u00e7\u00e3o de junho\/2023 &#8211; ANVISA &#8211; cargo de ERVS<\/figcaption><\/figure>\n\n\n\n<p>Quem prestou o concurso do ano de 2013, hoje, cerca de 10 anos depois, j\u00e1 consegue obter uma remunera\u00e7\u00e3o bruta de quase o dobro do que o edital trouxe para aquele certame. Em outras palavras, observe que h\u00e1 servidores e servidoras recebendo mensalmente mais de R$20.000,00 (vinte mil reais).<\/p>\n\n\n\n<p>Ademais, l\u00e1 em 2013, a remunera\u00e7\u00e3o para a classe inicial era de R$10.000,00 (dez mil reais). Por\u00e9m, a <strong><a href=\"https:\/\/www.gov.br\/servidor\/pt-br\/observatorio-de-pessoal-govbr\/arquivos\/tabela-de-remuneracao-81-nov2021-semlogo22.pdf\">Tabela de Remunera\u00e7\u00e3o<\/a><\/strong> do ano de 2021, e \u00e9 a mais recente at\u00e9 ent\u00e3o, prev\u00ea o pagamento inicial de mais de <strong>R$15.000,00<\/strong> (quinze mil reais).<\/p>\n\n\n\n<h2 class=\"wp-block-heading\" id=\"h-e-agora\">E agora?<\/h2>\n\n\n\n<p>Por fim, fique sabendo que o lugar que tem os melhores materiais \u00e9 aqui no Estrat\u00e9gia Concursos. E, nessa fase de pr\u00e9-edital, j\u00e1 tem conte\u00fado para estudar para o cargo de Especialista em Regula\u00e7\u00e3o e Vigil\u00e2ncia Sanit\u00e1ria: <strong><a href=\"https:\/\/www.estrategiaconcursos.com.br\/pesquisa\/?q=anvisa\">acesse logo<\/a><\/strong>. N\u00e3o d\u00e1 para perder tempo!<\/p>\n\n\n\n<p>Senta e estuda!<\/p>\n\n\n\n<p>Boa sorte!<\/p>\n\n\n\n<p class=\"has-text-align-center\" id=\"h-quer-saber-tudo-sobre-concursos-previstos\"><strong>Quer saber quais ser\u00e3o os pr\u00f3ximos concursos?<\/strong><\/p>\n\n\n\n<p class=\"has-text-align-center\"><strong>Confira nossos artigos!<\/strong><\/p>\n\n\n\n<p class=\"has-text-align-center has-white-color has-pale-cyan-blue-background-color has-text-color has-background\"><a href=\"https:\/\/www.estrategiaconcursos.com.br\/blog\/concursos-abertos\/\" target=\"_blank\" rel=\"noreferrer noopener\">Concursos abertos<\/a><\/p>\n\n\n\n<p class=\"has-text-align-center has-white-color has-pale-cyan-blue-background-color has-text-color has-background\"><a href=\"https:\/\/www.estrategiaconcursos.com.br\/blog\/concursos-2023\/\" target=\"_blank\" rel=\"noreferrer noopener\">Concursos 2023<\/a><\/p>\n","protected":false},"excerpt":{"rendered":"<p>Concurseira(o) impar\u00e1vel, j\u00e1 foi autorizado o concurso ANVISA para o cargo de Especialista em Regula\u00e7\u00e3o e Vigil\u00e2ncia Sanit\u00e1ria (ERVS). O ideal \u00e9 come\u00e7ar a se preparar desde agora. Ent\u00e3o, primeiro, vamos saber mais sobre a fun\u00e7\u00e3o. O que \u00e9 a fun\u00e7\u00e3o de Especialista em Regula\u00e7\u00e3o e Vigil\u00e2ncia Sanit\u00e1ria? O \u00faltimo certame para o cargo de [&hellip;]<\/p>\n","protected":false},"author":2569,"featured_media":381968,"comment_status":"open","ping_status":"closed","sticky":false,"template":"","format":"standard","meta":{"post_tipo":"article","footnotes":""},"categories":[220215,220216,1],"tags":[14,1493,221534],"tax_estado":[219963],"class_list":["post-1264503","post","type-post","status-publish","format-standard","has-post-thumbnail","hentry","category-agencia-reguladora","category-agencia-reguladora-agencia-reguladora","category-cursos-e-concursos","tag-anvisa","tag-especialista-em-regulacao","tag-especialista-em-regulacao-e-vigilancia-sanitaria","tax_estado-concursos-federais"],"acf":[],"yoast_head":"<!-- This site is optimized with the Yoast SEO Premium plugin v27.2 (Yoast SEO v27.2) - https:\/\/yoast.com\/product\/yoast-seo-premium-wordpress\/ -->\n<title>Especialista em Regula\u00e7\u00e3o e Vigil\u00e2ncia Sanit\u00e1ria: saiba mais!<\/title>\n<meta name=\"description\" content=\"Com a autoriza\u00e7\u00e3o do novo Concurso Anvisa para Especialista em Regula\u00e7\u00e3o e Vigil\u00e2ncia Sanit\u00e1ria, preparamos um artigo para conhecer o cargo!\" \/>\n<meta name=\"robots\" content=\"index, follow, max-snippet:-1, max-image-preview:large, max-video-preview:-1\" \/>\n<link rel=\"canonical\" href=\"https:\/\/www.estrategiaconcursos.com.br\/blog\/qual-a-funcao-do-especialista-regulacao-vigilancia-sanitaria\/\" \/>\n<meta property=\"og:locale\" content=\"pt_BR\" \/>\n<meta property=\"og:type\" content=\"article\" \/>\n<meta property=\"og:title\" content=\"Especialista em Regula\u00e7\u00e3o e Vigil\u00e2ncia Sanit\u00e1ria: fun\u00e7\u00e3o e requisitos\" \/>\n<meta property=\"og:description\" content=\"Com a autoriza\u00e7\u00e3o do novo Concurso Anvisa para Especialista em Regula\u00e7\u00e3o e Vigil\u00e2ncia Sanit\u00e1ria, preparamos um artigo para conhecer o cargo!\" \/>\n<meta property=\"og:url\" content=\"https:\/\/www.estrategiaconcursos.com.br\/blog\/qual-a-funcao-do-especialista-regulacao-vigilancia-sanitaria\/\" \/>\n<meta property=\"og:site_name\" content=\"Estrat\u00e9gia Concursos\" \/>\n<meta property=\"article:published_time\" content=\"2023-08-31T16:00:00+00:00\" \/>\n<meta property=\"og:image\" content=\"https:\/\/dhg1h5j42swfq.cloudfront.net\/2019\/06\/02181317\/Foto-Anvisa-2.jpg\" \/>\n\t<meta property=\"og:image:width\" content=\"840\" \/>\n\t<meta property=\"og:image:height\" content=\"560\" \/>\n\t<meta property=\"og:image:type\" content=\"image\/jpeg\" \/>\n<meta name=\"author\" content=\"Taiane Ferreira Concei\u00e7\u00e3o\" \/>\n<meta name=\"twitter:card\" content=\"summary_large_image\" \/>\n<meta name=\"twitter:creator\" content=\"@EstratConcursos\" \/>\n<meta name=\"twitter:site\" content=\"@EstratConcursos\" \/>\n<meta name=\"twitter:label1\" content=\"Escrito por\" \/>\n\t<meta name=\"twitter:data1\" content=\"Taiane Ferreira Concei\u00e7\u00e3o\" \/>\n\t<meta name=\"twitter:label2\" content=\"Est. tempo de leitura\" \/>\n\t<meta name=\"twitter:data2\" content=\"4 minutos\" \/>\n<script type=\"application\/ld+json\" class=\"yoast-schema-graph\">{\"@context\":\"https:\/\/schema.org\",\"@graph\":[{\"@type\":\"NewsArticle\",\"@id\":\"https:\/\/www.estrategiaconcursos.com.br\/blog\/qual-a-funcao-do-especialista-regulacao-vigilancia-sanitaria\/#article\",\"isPartOf\":{\"@id\":\"https:\/\/www.estrategiaconcursos.com.br\/blog\/qual-a-funcao-do-especialista-regulacao-vigilancia-sanitaria\/\"},\"author\":{\"name\":\"Taiane Ferreira Concei\u00e7\u00e3o\",\"@id\":\"https:\/\/www.estrategiaconcursos.com.br\/blog\/#\/schema\/person\/699843c170e88965fc39f4f55cbc3504\"},\"headline\":\"Especialista em Regula\u00e7\u00e3o e Vigil\u00e2ncia Sanit\u00e1ria: fun\u00e7\u00e3o e requisitos\",\"datePublished\":\"2023-08-31T16:00:00+00:00\",\"mainEntityOfPage\":{\"@id\":\"https:\/\/www.estrategiaconcursos.com.br\/blog\/qual-a-funcao-do-especialista-regulacao-vigilancia-sanitaria\/\"},\"wordCount\":824,\"commentCount\":0,\"publisher\":{\"@id\":\"https:\/\/www.estrategiaconcursos.com.br\/blog\/#organization\"},\"image\":{\"@id\":\"https:\/\/www.estrategiaconcursos.com.br\/blog\/qual-a-funcao-do-especialista-regulacao-vigilancia-sanitaria\/#primaryimage\"},\"thumbnailUrl\":\"https:\/\/dhg1h5j42swfq.cloudfront.net\/2019\/06\/02181317\/Foto-Anvisa-2.jpg\",\"keywords\":[\"Anvisa\",\"Especialista em Regula\u00e7\u00e3o\",\"especialista em regula\u00e7\u00e3o e vigil\u00e2ncia sanit\u00e1ria\"],\"articleSection\":[\"Ag\u00eancia Reguladora\",\"Ag\u00eancia Reguladora\",\"Concursos P\u00fablicos\"],\"inLanguage\":\"pt-BR\",\"potentialAction\":[{\"@type\":\"CommentAction\",\"name\":\"Comment\",\"target\":[\"https:\/\/www.estrategiaconcursos.com.br\/blog\/qual-a-funcao-do-especialista-regulacao-vigilancia-sanitaria\/#respond\"]}],\"copyrightYear\":\"2023\",\"copyrightHolder\":{\"@id\":\"https:\/\/www.estrategiaconcursos.com.br\/blog\/#organization\"}},{\"@type\":\"WebPage\",\"@id\":\"https:\/\/www.estrategiaconcursos.com.br\/blog\/qual-a-funcao-do-especialista-regulacao-vigilancia-sanitaria\/\",\"url\":\"https:\/\/www.estrategiaconcursos.com.br\/blog\/qual-a-funcao-do-especialista-regulacao-vigilancia-sanitaria\/\",\"name\":\"Especialista em Regula\u00e7\u00e3o e Vigil\u00e2ncia Sanit\u00e1ria: saiba mais!\",\"isPartOf\":{\"@id\":\"https:\/\/www.estrategiaconcursos.com.br\/blog\/#website\"},\"primaryImageOfPage\":{\"@id\":\"https:\/\/www.estrategiaconcursos.com.br\/blog\/qual-a-funcao-do-especialista-regulacao-vigilancia-sanitaria\/#primaryimage\"},\"image\":{\"@id\":\"https:\/\/www.estrategiaconcursos.com.br\/blog\/qual-a-funcao-do-especialista-regulacao-vigilancia-sanitaria\/#primaryimage\"},\"thumbnailUrl\":\"https:\/\/dhg1h5j42swfq.cloudfront.net\/2019\/06\/02181317\/Foto-Anvisa-2.jpg\",\"datePublished\":\"2023-08-31T16:00:00+00:00\",\"description\":\"Com a autoriza\u00e7\u00e3o do novo Concurso Anvisa para Especialista em Regula\u00e7\u00e3o e Vigil\u00e2ncia Sanit\u00e1ria, preparamos um artigo para conhecer o cargo!\",\"breadcrumb\":{\"@id\":\"https:\/\/www.estrategiaconcursos.com.br\/blog\/qual-a-funcao-do-especialista-regulacao-vigilancia-sanitaria\/#breadcrumb\"},\"inLanguage\":\"pt-BR\",\"potentialAction\":[{\"@type\":\"ReadAction\",\"target\":[\"https:\/\/www.estrategiaconcursos.com.br\/blog\/qual-a-funcao-do-especialista-regulacao-vigilancia-sanitaria\/\"]}]},{\"@type\":\"ImageObject\",\"inLanguage\":\"pt-BR\",\"@id\":\"https:\/\/www.estrategiaconcursos.com.br\/blog\/qual-a-funcao-do-especialista-regulacao-vigilancia-sanitaria\/#primaryimage\",\"url\":\"https:\/\/dhg1h5j42swfq.cloudfront.net\/2019\/06\/02181317\/Foto-Anvisa-2.jpg\",\"contentUrl\":\"https:\/\/dhg1h5j42swfq.cloudfront.net\/2019\/06\/02181317\/Foto-Anvisa-2.jpg\",\"width\":840,\"height\":560,\"caption\":\"Bras\u00edlia(DF), 16\/03\/2017 - Anvisa - Foto: Michael Melo\/Metr\u00f3poles\"},{\"@type\":\"BreadcrumbList\",\"@id\":\"https:\/\/www.estrategiaconcursos.com.br\/blog\/qual-a-funcao-do-especialista-regulacao-vigilancia-sanitaria\/#breadcrumb\",\"itemListElement\":[{\"@type\":\"ListItem\",\"position\":1,\"name\":\"In\u00edcio\",\"item\":\"https:\/\/www.estrategiaconcursos.com.br\/blog\/\"},{\"@type\":\"ListItem\",\"position\":2,\"name\":\"Especialista em Regula\u00e7\u00e3o e Vigil\u00e2ncia Sanit\u00e1ria: fun\u00e7\u00e3o e requisitos\"}]},{\"@type\":\"WebSite\",\"@id\":\"https:\/\/www.estrategiaconcursos.com.br\/blog\/#website\",\"url\":\"https:\/\/www.estrategiaconcursos.com.br\/blog\/\",\"name\":\"Estrat\u00e9gia Concursos\",\"description\":\"O blog da Estrat\u00e9gia Concursos traz not\u00edcias sobre concursos e artigos de professores oferecendo cursos para concursos (pdf + videaulas) no site.\",\"publisher\":{\"@id\":\"https:\/\/www.estrategiaconcursos.com.br\/blog\/#organization\"},\"potentialAction\":[{\"@type\":\"SearchAction\",\"target\":{\"@type\":\"EntryPoint\",\"urlTemplate\":\"https:\/\/www.estrategiaconcursos.com.br\/blog\/?s={search_term_string}\"},\"query-input\":{\"@type\":\"PropertyValueSpecification\",\"valueRequired\":true,\"valueName\":\"search_term_string\"}}],\"inLanguage\":\"pt-BR\"},{\"@type\":\"Organization\",\"@id\":\"https:\/\/www.estrategiaconcursos.com.br\/blog\/#organization\",\"name\":\"Estrat\u00e9gia Concursos\",\"url\":\"https:\/\/www.estrategiaconcursos.com.br\/blog\/\",\"logo\":{\"@type\":\"ImageObject\",\"inLanguage\":\"pt-BR\",\"@id\":\"https:\/\/www.estrategiaconcursos.com.br\/blog\/#\/schema\/logo\/image\/\",\"url\":\"https:\/\/dhg1h5j42swfq.cloudfront.net\/2025\/06\/03203428\/logo_concursos-1.jpg\",\"contentUrl\":\"https:\/\/dhg1h5j42swfq.cloudfront.net\/2025\/06\/03203428\/logo_concursos-1.jpg\",\"width\":230,\"height\":60,\"caption\":\"Estrat\u00e9gia Concursos\"},\"image\":{\"@id\":\"https:\/\/www.estrategiaconcursos.com.br\/blog\/#\/schema\/logo\/image\/\"},\"sameAs\":[\"https:\/\/x.com\/EstratConcursos\"]},{\"@type\":\"Person\",\"@id\":\"https:\/\/www.estrategiaconcursos.com.br\/blog\/#\/schema\/person\/699843c170e88965fc39f4f55cbc3504\",\"name\":\"Taiane Ferreira Concei\u00e7\u00e3o\",\"image\":{\"@type\":\"ImageObject\",\"inLanguage\":\"pt-BR\",\"@id\":\"https:\/\/secure.gravatar.com\/avatar\/3eeaf722fb4a0f0403ab2fcd989778b82e4ab1df34e59c86868171efee133a4d?s=96&d=mm&r=g\",\"url\":\"https:\/\/secure.gravatar.com\/avatar\/3eeaf722fb4a0f0403ab2fcd989778b82e4ab1df34e59c86868171efee133a4d?s=96&d=mm&r=g\",\"contentUrl\":\"https:\/\/secure.gravatar.com\/avatar\/3eeaf722fb4a0f0403ab2fcd989778b82e4ab1df34e59c86868171efee133a4d?s=96&d=mm&r=g\",\"caption\":\"Taiane Ferreira Concei\u00e7\u00e3o\"},\"description\":\"Aprovada nos concursos Marinha do Brasil, Correios, Secretaria de Educa\u00e7\u00e3o do Estado da Bahia, EMBASA e Pol\u00edcia Civil do Estado da Bahia.\",\"url\":\"https:\/\/www.estrategiaconcursos.com.br\/blog\/author\/taianef1yahoo-com-br\/\"}]}<\/script>\n<!-- \/ Yoast SEO Premium plugin. -->","yoast_head_json":{"title":"Especialista em Regula\u00e7\u00e3o e Vigil\u00e2ncia Sanit\u00e1ria: saiba mais!","description":"Com a autoriza\u00e7\u00e3o do novo Concurso Anvisa para Especialista em Regula\u00e7\u00e3o e Vigil\u00e2ncia Sanit\u00e1ria, preparamos um artigo para conhecer o cargo!","robots":{"index":"index","follow":"follow","max-snippet":"max-snippet:-1","max-image-preview":"max-image-preview:large","max-video-preview":"max-video-preview:-1"},"canonical":"https:\/\/www.estrategiaconcursos.com.br\/blog\/qual-a-funcao-do-especialista-regulacao-vigilancia-sanitaria\/","og_locale":"pt_BR","og_type":"article","og_title":"Especialista em Regula\u00e7\u00e3o e Vigil\u00e2ncia Sanit\u00e1ria: fun\u00e7\u00e3o e requisitos","og_description":"Com a autoriza\u00e7\u00e3o do novo Concurso Anvisa para Especialista em Regula\u00e7\u00e3o e Vigil\u00e2ncia Sanit\u00e1ria, preparamos um artigo para conhecer o cargo!","og_url":"https:\/\/www.estrategiaconcursos.com.br\/blog\/qual-a-funcao-do-especialista-regulacao-vigilancia-sanitaria\/","og_site_name":"Estrat\u00e9gia Concursos","article_published_time":"2023-08-31T16:00:00+00:00","og_image":[{"width":840,"height":560,"url":"https:\/\/dhg1h5j42swfq.cloudfront.net\/2019\/06\/02181317\/Foto-Anvisa-2.jpg","type":"image\/jpeg"}],"author":"Taiane Ferreira Concei\u00e7\u00e3o","twitter_card":"summary_large_image","twitter_creator":"@EstratConcursos","twitter_site":"@EstratConcursos","twitter_misc":{"Escrito por":"Taiane Ferreira Concei\u00e7\u00e3o","Est. tempo de leitura":"4 minutos"},"schema":{"@context":"https:\/\/schema.org","@graph":[{"@type":"NewsArticle","@id":"https:\/\/www.estrategiaconcursos.com.br\/blog\/qual-a-funcao-do-especialista-regulacao-vigilancia-sanitaria\/#article","isPartOf":{"@id":"https:\/\/www.estrategiaconcursos.com.br\/blog\/qual-a-funcao-do-especialista-regulacao-vigilancia-sanitaria\/"},"author":{"name":"Taiane Ferreira Concei\u00e7\u00e3o","@id":"https:\/\/www.estrategiaconcursos.com.br\/blog\/#\/schema\/person\/699843c170e88965fc39f4f55cbc3504"},"headline":"Especialista em Regula\u00e7\u00e3o e Vigil\u00e2ncia Sanit\u00e1ria: fun\u00e7\u00e3o e requisitos","datePublished":"2023-08-31T16:00:00+00:00","mainEntityOfPage":{"@id":"https:\/\/www.estrategiaconcursos.com.br\/blog\/qual-a-funcao-do-especialista-regulacao-vigilancia-sanitaria\/"},"wordCount":824,"commentCount":0,"publisher":{"@id":"https:\/\/www.estrategiaconcursos.com.br\/blog\/#organization"},"image":{"@id":"https:\/\/www.estrategiaconcursos.com.br\/blog\/qual-a-funcao-do-especialista-regulacao-vigilancia-sanitaria\/#primaryimage"},"thumbnailUrl":"https:\/\/dhg1h5j42swfq.cloudfront.net\/2019\/06\/02181317\/Foto-Anvisa-2.jpg","keywords":["Anvisa","Especialista em Regula\u00e7\u00e3o","especialista em regula\u00e7\u00e3o e vigil\u00e2ncia sanit\u00e1ria"],"articleSection":["Ag\u00eancia Reguladora","Ag\u00eancia Reguladora","Concursos P\u00fablicos"],"inLanguage":"pt-BR","potentialAction":[{"@type":"CommentAction","name":"Comment","target":["https:\/\/www.estrategiaconcursos.com.br\/blog\/qual-a-funcao-do-especialista-regulacao-vigilancia-sanitaria\/#respond"]}],"copyrightYear":"2023","copyrightHolder":{"@id":"https:\/\/www.estrategiaconcursos.com.br\/blog\/#organization"}},{"@type":"WebPage","@id":"https:\/\/www.estrategiaconcursos.com.br\/blog\/qual-a-funcao-do-especialista-regulacao-vigilancia-sanitaria\/","url":"https:\/\/www.estrategiaconcursos.com.br\/blog\/qual-a-funcao-do-especialista-regulacao-vigilancia-sanitaria\/","name":"Especialista em Regula\u00e7\u00e3o e Vigil\u00e2ncia Sanit\u00e1ria: saiba mais!","isPartOf":{"@id":"https:\/\/www.estrategiaconcursos.com.br\/blog\/#website"},"primaryImageOfPage":{"@id":"https:\/\/www.estrategiaconcursos.com.br\/blog\/qual-a-funcao-do-especialista-regulacao-vigilancia-sanitaria\/#primaryimage"},"image":{"@id":"https:\/\/www.estrategiaconcursos.com.br\/blog\/qual-a-funcao-do-especialista-regulacao-vigilancia-sanitaria\/#primaryimage"},"thumbnailUrl":"https:\/\/dhg1h5j42swfq.cloudfront.net\/2019\/06\/02181317\/Foto-Anvisa-2.jpg","datePublished":"2023-08-31T16:00:00+00:00","description":"Com a autoriza\u00e7\u00e3o do novo Concurso Anvisa para Especialista em Regula\u00e7\u00e3o e Vigil\u00e2ncia Sanit\u00e1ria, preparamos um artigo para conhecer o cargo!","breadcrumb":{"@id":"https:\/\/www.estrategiaconcursos.com.br\/blog\/qual-a-funcao-do-especialista-regulacao-vigilancia-sanitaria\/#breadcrumb"},"inLanguage":"pt-BR","potentialAction":[{"@type":"ReadAction","target":["https:\/\/www.estrategiaconcursos.com.br\/blog\/qual-a-funcao-do-especialista-regulacao-vigilancia-sanitaria\/"]}]},{"@type":"ImageObject","inLanguage":"pt-BR","@id":"https:\/\/www.estrategiaconcursos.com.br\/blog\/qual-a-funcao-do-especialista-regulacao-vigilancia-sanitaria\/#primaryimage","url":"https:\/\/dhg1h5j42swfq.cloudfront.net\/2019\/06\/02181317\/Foto-Anvisa-2.jpg","contentUrl":"https:\/\/dhg1h5j42swfq.cloudfront.net\/2019\/06\/02181317\/Foto-Anvisa-2.jpg","width":840,"height":560,"caption":"Bras\u00edlia(DF), 16\/03\/2017 - Anvisa - Foto: Michael Melo\/Metr\u00f3poles"},{"@type":"BreadcrumbList","@id":"https:\/\/www.estrategiaconcursos.com.br\/blog\/qual-a-funcao-do-especialista-regulacao-vigilancia-sanitaria\/#breadcrumb","itemListElement":[{"@type":"ListItem","position":1,"name":"In\u00edcio","item":"https:\/\/www.estrategiaconcursos.com.br\/blog\/"},{"@type":"ListItem","position":2,"name":"Especialista em Regula\u00e7\u00e3o e Vigil\u00e2ncia Sanit\u00e1ria: fun\u00e7\u00e3o e requisitos"}]},{"@type":"WebSite","@id":"https:\/\/www.estrategiaconcursos.com.br\/blog\/#website","url":"https:\/\/www.estrategiaconcursos.com.br\/blog\/","name":"Estrat\u00e9gia Concursos","description":"O blog da Estrat\u00e9gia Concursos traz not\u00edcias sobre concursos e artigos de professores oferecendo cursos para concursos (pdf + videaulas) no site.","publisher":{"@id":"https:\/\/www.estrategiaconcursos.com.br\/blog\/#organization"},"potentialAction":[{"@type":"SearchAction","target":{"@type":"EntryPoint","urlTemplate":"https:\/\/www.estrategiaconcursos.com.br\/blog\/?s={search_term_string}"},"query-input":{"@type":"PropertyValueSpecification","valueRequired":true,"valueName":"search_term_string"}}],"inLanguage":"pt-BR"},{"@type":"Organization","@id":"https:\/\/www.estrategiaconcursos.com.br\/blog\/#organization","name":"Estrat\u00e9gia Concursos","url":"https:\/\/www.estrategiaconcursos.com.br\/blog\/","logo":{"@type":"ImageObject","inLanguage":"pt-BR","@id":"https:\/\/www.estrategiaconcursos.com.br\/blog\/#\/schema\/logo\/image\/","url":"https:\/\/dhg1h5j42swfq.cloudfront.net\/2025\/06\/03203428\/logo_concursos-1.jpg","contentUrl":"https:\/\/dhg1h5j42swfq.cloudfront.net\/2025\/06\/03203428\/logo_concursos-1.jpg","width":230,"height":60,"caption":"Estrat\u00e9gia Concursos"},"image":{"@id":"https:\/\/www.estrategiaconcursos.com.br\/blog\/#\/schema\/logo\/image\/"},"sameAs":["https:\/\/x.com\/EstratConcursos"]},{"@type":"Person","@id":"https:\/\/www.estrategiaconcursos.com.br\/blog\/#\/schema\/person\/699843c170e88965fc39f4f55cbc3504","name":"Taiane Ferreira Concei\u00e7\u00e3o","image":{"@type":"ImageObject","inLanguage":"pt-BR","@id":"https:\/\/secure.gravatar.com\/avatar\/3eeaf722fb4a0f0403ab2fcd989778b82e4ab1df34e59c86868171efee133a4d?s=96&d=mm&r=g","url":"https:\/\/secure.gravatar.com\/avatar\/3eeaf722fb4a0f0403ab2fcd989778b82e4ab1df34e59c86868171efee133a4d?s=96&d=mm&r=g","contentUrl":"https:\/\/secure.gravatar.com\/avatar\/3eeaf722fb4a0f0403ab2fcd989778b82e4ab1df34e59c86868171efee133a4d?s=96&d=mm&r=g","caption":"Taiane Ferreira Concei\u00e7\u00e3o"},"description":"Aprovada nos concursos Marinha do Brasil, Correios, Secretaria de Educa\u00e7\u00e3o do Estado da Bahia, EMBASA e Pol\u00edcia Civil do Estado da Bahia.","url":"https:\/\/www.estrategiaconcursos.com.br\/blog\/author\/taianef1yahoo-com-br\/"}]}},"_links":{"self":[{"href":"https:\/\/www.estrategiaconcursos.com.br\/blog\/wp-json\/wp\/v2\/posts\/1264503","targetHints":{"allow":["GET"]}}],"collection":[{"href":"https:\/\/www.estrategiaconcursos.com.br\/blog\/wp-json\/wp\/v2\/posts"}],"about":[{"href":"https:\/\/www.estrategiaconcursos.com.br\/blog\/wp-json\/wp\/v2\/types\/post"}],"author":[{"embeddable":true,"href":"https:\/\/www.estrategiaconcursos.com.br\/blog\/wp-json\/wp\/v2\/users\/2569"}],"replies":[{"embeddable":true,"href":"https:\/\/www.estrategiaconcursos.com.br\/blog\/wp-json\/wp\/v2\/comments?post=1264503"}],"version-history":[{"count":19,"href":"https:\/\/www.estrategiaconcursos.com.br\/blog\/wp-json\/wp\/v2\/posts\/1264503\/revisions"}],"predecessor-version":[{"id":1265867,"href":"https:\/\/www.estrategiaconcursos.com.br\/blog\/wp-json\/wp\/v2\/posts\/1264503\/revisions\/1265867"}],"wp:featuredmedia":[{"embeddable":true,"href":"https:\/\/www.estrategiaconcursos.com.br\/blog\/wp-json\/wp\/v2\/media\/381968"}],"wp:attachment":[{"href":"https:\/\/www.estrategiaconcursos.com.br\/blog\/wp-json\/wp\/v2\/media?parent=1264503"}],"wp:term":[{"taxonomy":"category","embeddable":true,"href":"https:\/\/www.estrategiaconcursos.com.br\/blog\/wp-json\/wp\/v2\/categories?post=1264503"},{"taxonomy":"post_tag","embeddable":true,"href":"https:\/\/www.estrategiaconcursos.com.br\/blog\/wp-json\/wp\/v2\/tags?post=1264503"},{"taxonomy":"tax_estado","embeddable":true,"href":"https:\/\/www.estrategiaconcursos.com.br\/blog\/wp-json\/wp\/v2\/tax_estado?post=1264503"}],"curies":[{"name":"wp","href":"https:\/\/api.w.org\/{rel}","templated":true}]}}