{"id":126402,"date":"2018-06-14T09:45:24","date_gmt":"2018-06-14T12:45:24","guid":{"rendered":"https:\/\/www.estrategiaconcursos.com.br\/blog\/?p=126402"},"modified":"2018-06-14T09:45:24","modified_gmt":"2018-06-14T12:45:24","slug":"comentarios-as-questoes-de-direitos-humanos-de-bombeiros-mg","status":"publish","type":"post","link":"https:\/\/www.estrategiaconcursos.com.br\/blog\/comentarios-as-questoes-de-direitos-humanos-de-bombeiros-mg\/","title":{"rendered":"Coment\u00e1rios \u00e0s quest\u00f5es de Direitos Humanos de Bombeiros-MG"},"content":{"rendered":"<p>Ol\u00e1! Analisamos as quest\u00f5es de Direitos Humanos aplicadas na prova de Bombeiros de Minas Gerais. S\u00e3o quest\u00f5es da FUNDEP fresquinhas para voc\u00ea treinar. N\u00e3o identificamos a possibilidade de recursos em rela\u00e7\u00e3o a essas quest\u00f5es. N\u00e3o obstante, caso voc\u00ea fique em d\u00favida, por favor, no contate:<\/p>\n<p>SITE:\u00a0<a href=\"https:\/\/sites.google.com\/prod\/view\/proftorques\">https:\/\/sites.google.com\/prod\/view\/proftorques<\/a><\/p>\n<p>INSTAGRAM:\u00a0<a href=\"https:\/\/www.instagram.com\/proftorques\/\">https:\/\/www.instagram.com\/proftorques\/<\/a><\/p>\n<p>FACEBOOK:\u00a0<a href=\"https:\/\/www.facebook.com\/direitoshumanosparaconcursos\">https:\/\/www.facebook.com\/direitoshumanosparaconcursos<\/a><\/p>\n<p>E-MAIL:\u00a0<a href=\"mailto:rst.estrategia@gmail.com\">rst.estrategia@gmail.com<\/a><\/p>\n<p>Vamos \u00e0s quest\u00f5es<\/p>\n<p><strong>&#8212;<\/strong><\/p>\n<p><strong>QUEST\u00c3O 26 \u2013 (FUNDEP\/Bombeiros-MG\/2018)<\/strong><\/p>\n<p>Analise as seguintes caracter\u00edsticas dos Direitos Humanos Fundamentais.<\/p>\n<ol>\n<li>Os Direitos Humanos Fundamentais n\u00e3o se perdem pelo decurso de prazo nem pela falta de uso.<\/li>\n<li>N\u00e3o \u00e9 suficiente o mero reconhecimento abstrato dos Direitos Humanos Fundamentais, que devem ser garantidos na pr\u00e1tica, mediante mecanismos coercitivos voltados para essa finalidade.<\/li>\n<li>Os Direitos Humanos Fundamentais n\u00e3o devem ser interpretados de forma isolada, e, sim, em seu conjunto, de modo a se buscar o devido alcance de seus objetivos.<\/li>\n<\/ol>\n<p>As caracter\u00edsticas descritas s\u00e3o, respectivamente, identificadas como:<\/p>\n<p>A) imprescritibilidade, efetividade e complementaridade.<\/p>\n<p>B) imprescritibilidade, inviolabilidade e interdepend\u00eancia.<\/p>\n<p>C) irrenunciabilidade, inviolabilidade e universalidade.<\/p>\n<p>D) inalienabilidade, efetividade e interdepend\u00eancia.<\/p>\n<p><strong>Coment\u00e1rios<\/strong>:<\/p>\n<p>A quest\u00e3o cobra do candidato o conhecimento das caracter\u00edsticas dos direitos humanos.<\/p>\n<p><strong><u>A Imprescritibilidade<\/u><\/strong>: Os direitos humanos n\u00e3o cessam pela in\u00e9rcia do seu titular no decorrer do tempo. O fato de n\u00e3o se exercer um direito fundamental, n\u00e3o significa que ele vai deixar de existir<\/p>\n<p><strong><u>A Complementaridade<\/u><\/strong>: Os Direitos Humanos Fundamentais n\u00e3o devem ser interpretados de forma isolada, e, sim, em seu conjunto, de modo a se buscar o devido alcance de seus objetivos<\/p>\n<p><strong><u>A Efetividade<\/u><\/strong>: N\u00e3o \u00e9 suficiente o mero reconhecimento abstrato dos Direitos Humanos Fundamentais, que devem ser garantidos na pr\u00e1tica, mediante mecanismos coercitivos voltados para essa finalidade<\/p>\n<p>Desse modo, nosso gabarito s\u00f3 pode ser a <strong>alternativa A<\/strong>: imprescritibilidade, efetividade e complementaridade.<\/p>\n<p>&#8212;<\/p>\n<p><strong>QUEST\u00c3O 27 \u2013 (FUNDEP\/Bombeiros-MG\/2018)<\/strong><\/p>\n<p>Ainda que detenham status constitucional especial, os direitos fundamentais n\u00e3o se apresentam como direitos absolutos, seja porque t\u00eam conte\u00fado vari\u00e1vel no tempo e no espa\u00e7o, seja porque devem conviver e dialogar com outros direitos constitucionalmente previstos.<\/p>\n<p>Considere, ent\u00e3o, os seguintes direitos fundamentais previstos na Constitui\u00e7\u00e3o brasileira de 1988:<\/p>\n<p>I &#8211; Ningu\u00e9m ser\u00e1 privado de direitos por motivo de cren\u00e7a religiosa ou de convic\u00e7\u00e3o filos\u00f3fica ou pol\u00edtica.<\/p>\n<p>II &#8211; \u00c9 plena a liberdade de associa\u00e7\u00e3o para fins l\u00edcitos.<\/p>\n<p>III. \u00c9 garantido o direito de propriedade.<\/p>\n<p>IV &#8211; N\u00e3o haver\u00e1 ju\u00edzo ou tribunal de exce\u00e7\u00e3o.<\/p>\n<p>V &#8211; Ningu\u00e9m ser\u00e1 preso, sen\u00e3o em flagrante delito ou por ordem escrita e fundamentada de autoridade judici\u00e1ria competente.<\/p>\n<p>Apresentam direitos ou garantias fundamentais que recebem condicionamento ou ressalva expressa da Constitui\u00e7\u00e3o os itens<\/p>\n<p>A) I e II, apenas.<\/p>\n<p>B) IV e V, apenas.<\/p>\n<p>C) I, II, III e V, apenas.<\/p>\n<p>D) I, II, III, IV e V.<\/p>\n<p><strong>Coment\u00e1rios<\/strong>:<\/p>\n<p>Essa quest\u00e3o quer saber do candidato qual dos direitos fundamentais apresentados possui ressalva expressa na Constitui\u00e7\u00e3o. E o \u00fanico que n\u00e3o possui essa ressalva \u00e9 o direito previsto na assertiva IV. Vejamos um a um:<\/p>\n<p>Assertiva I:<\/p>\n<p style=\"padding-left: 30px\">Art. 5\u00ba (&#8230;)<\/p>\n<p style=\"padding-left: 30px\">VIII &#8211; ningu\u00e9m ser\u00e1 privado de direitos por motivo de cren\u00e7a religiosa ou de convic\u00e7\u00e3o filos\u00f3fica ou pol\u00edtica, <u>salvo<\/u> se as invocar para eximir-se de obriga\u00e7\u00e3o legal a todos imposta e recusar-se a cumprir presta\u00e7\u00e3o alternativa, fixada em lei;<\/p>\n<p>Assertiva II:<\/p>\n<p style=\"padding-left: 30px\">Art. 5\u00ba (&#8230;)<\/p>\n<p style=\"padding-left: 30px\">XVII &#8211; \u00e9 plena a liberdade de associa\u00e7\u00e3o para fins l\u00edcitos, <u>vedada<\/u> a de car\u00e1ter paramilitar;<\/p>\n<p>Assertiva III:<\/p>\n<p style=\"padding-left: 30px\">Art. 5\u00ba (&#8230;)<\/p>\n<p style=\"padding-left: 30px\">XXII &#8211; \u00e9 garantido o direito de propriedade;<\/p>\n<p style=\"padding-left: 30px\">\u00a0XXIII &#8211; a propriedade <u>atender\u00e1<\/u> a sua <u>fun\u00e7\u00e3o social<\/u>;<\/p>\n<p style=\"padding-left: 30px\">XXIV &#8211; a lei estabelecer\u00e1 o <u>procedimento para desapropria\u00e7\u00e3o<\/u> por necessidade ou utilidade p\u00fablica, ou por interesse social, mediante justa e pr\u00e9via indeniza\u00e7\u00e3o em dinheiro, ressalvados os casos previstos nesta Constitui\u00e7\u00e3o;<\/p>\n<p>Assertiva IV:<\/p>\n<p style=\"padding-left: 30px\">Art. 5\u00ba (&#8230;)<\/p>\n<p style=\"padding-left: 30px\">XXXVII &#8211; n\u00e3o haver\u00e1 ju\u00edzo ou tribunal de exce\u00e7\u00e3o;<\/p>\n<p>E assertiva V:<\/p>\n<p style=\"padding-left: 30px\">Art. 5\u00ba (&#8230;)<\/p>\n<p style=\"padding-left: 30px\">LXI &#8211; ningu\u00e9m ser\u00e1 preso sen\u00e3o em flagrante delito ou por ordem escrita e fundamentada de autoridade judici\u00e1ria competente, <u>salvo<\/u> nos casos de transgress\u00e3o militar ou crime propriamente militar, definidos em lei;<\/p>\n<p>Sendo assim, nosso gabarito s\u00f3 pode ser a <strong>alternativa C<\/strong>: I, II, III e V, apenas.<\/p>\n<p>&#8212;<\/p>\n<p><strong>QUEST\u00c3O 28 \u2013 (FUNDEP\/Bombeiros-MG\/2018)<\/strong><\/p>\n<p>Ao dispor sobre a ordem social e, mais especificamente, sobre a educa\u00e7\u00e3o, a Constitui\u00e7\u00e3o do Estado de Minas Gerais estabelece uma s\u00e9rie de princ\u00edpios que devem fundamentar o ensino. Entre tais princ\u00edpios, n\u00e3o se inclui a(o)<\/p>\n<p>A) igualdade de condi\u00e7\u00f5es para o acesso e frequ\u00eancia \u00e0 escola e perman\u00eancia nela.<\/p>\n<p>B) gratuidade do ensino p\u00fablico, incluindo a de todo material escolar e da alimenta\u00e7\u00e3o do educando, quando na escola.<\/p>\n<p>C) pluralismo de ideias e de concep\u00e7\u00f5es filos\u00f3ficas, pol\u00edticas, est\u00e9ticas, religiosas e pedag\u00f3gicas que conduza o educando \u00e0 forma\u00e7\u00e3o de uma postura \u00e9tica e social pr\u00f3prias.<\/p>\n<p>D) elei\u00e7\u00e3o para cargos de diretor e da fun\u00e7\u00e3o de vice-diretor de unidade escolar, pelo voto da comunidade escolar que \u00e9 composta pelos servidores em exerc\u00edcio na unidade, alunos matriculados, pais e respons\u00e1veis pelos estudantes.<\/p>\n<p><strong>Coment\u00e1rios:<\/strong><\/p>\n<p>A quest\u00e3o cobra o conhecimento do art. 196, da Constitui\u00e7\u00e3o do Estado de Minas Gerais.<\/p>\n<p>Vejamos alternativa por alternativa:<\/p>\n<p>A <strong>alternativa A<\/strong> est\u00e1 correta. Ela reproduz o art. 196, I, da Constitui\u00e7\u00e3o mineira. Vejamos:<\/p>\n<p style=\"padding-left: 30px\">Art. 196 \u2013 O ensino ser\u00e1 ministrado com base nos seguintes princ\u00edpios:<\/p>\n<p style=\"padding-left: 30px\">I \u2013 igualdade de condi\u00e7\u00f5es para o acesso e frequ\u00eancia \u00e0 escola e perman\u00eancia nela;<\/p>\n<p>A <strong>alternativa B<\/strong> tamb\u00e9m est\u00e1 correta. Ela reproduz o art. 196, V, combinado com o art. 196, Par\u00e1grafo \u00fanico, da Constitui\u00e7\u00e3o mineira. Vejam:<\/p>\n<p style=\"padding-left: 30px\">Art. 196 (&#8230;)<\/p>\n<p style=\"padding-left: 30px\">V \u2013 gratuidade do ensino p\u00fablico;<\/p>\n<p style=\"padding-left: 30px\">(&#8230;)<\/p>\n<p style=\"padding-left: 30px\">Par\u00e1grafo \u00fanico \u2013 A gratuidade do ensino a cargo do Estado inclui a de todo o material escolar e a da alimenta\u00e7\u00e3o do educando, quando na escola.<\/p>\n<p>A <strong>alternativa C<\/strong> tamb\u00e9m est\u00e1 correta. Ela reproduz o art. 196, III, da Constitui\u00e7\u00e3o mineira. Confiram:<\/p>\n<p style=\"padding-left: 30px\">Art. 196 (&#8230;)<\/p>\n<p style=\"padding-left: 30px\">III \u2013 pluralismo de ideias e de concep\u00e7\u00f5es filos\u00f3ficas, pol\u00edticas, est\u00e9ticas, religiosas e pedag\u00f3gicas, que conduza o educando \u00e0 forma\u00e7\u00e3o de uma postura \u00e9tica e social pr\u00f3prias;<\/p>\n<p>E a <strong>alternativa D<\/strong>, por fim, est\u00e1 incorreta e \u00e9 o gabarito da quest\u00e3o. A Constitui\u00e7\u00e3o n\u00e3o fala nada sobre \u201cvoto\u201d, em seu art. 196, VIII. Vejam:<\/p>\n<p style=\"padding-left: 30px\">Art. 196 (&#8230;)<\/p>\n<p style=\"padding-left: 30px\">VIII \u2013 sele\u00e7\u00e3o competitiva interna para o exerc\u00edcio de cargo comissionado de Diretor e da fun\u00e7\u00e3o de Vice-Diretor de escola p\u00fablica, para per\u00edodo fixado em lei, prestigiadas, na apura\u00e7\u00e3o objetiva do m\u00e9rito dos candidatos, a experi\u00eancia profissional, a habilita\u00e7\u00e3o legal, a titula\u00e7\u00e3o, a aptid\u00e3o para lideran\u00e7a, a capacidade de gerenciamento, na forma da lei, e a presta\u00e7\u00e3o de servi\u00e7os no estabelecimento por dois anos, pelo menos;<\/p>\n<p>&#8212;<\/p>\n<p><strong>QUEST\u00c3O 29 \u2013 (FUNDEP\/Bombeiros-MG\/2018)<\/strong><\/p>\n<p>Analise o caso a seguir.<\/p>\n<p>Um determinado agente p\u00fablico, como forma de obter uma confiss\u00e3o, constrange um adolescente, mediante emprego de viol\u00eancia, causando-lhe sofrimento f\u00edsico e mental. Considerando a situa\u00e7\u00e3o apresentada e o que prescreve a lei, \u00e9 correto afirmar que<\/p>\n<p>A) a conduta descrita caracteriza crime de tortura, que, embora inafian\u00e7\u00e1vel, \u00e9 suscet\u00edvel de gra\u00e7a ou de anistia.<\/p>\n<p>B) o fato de o autor ser agente p\u00fablico \u00e9 causa de aumento da pena aplic\u00e1vel ao crime descrito.<\/p>\n<p>C) o fato de a v\u00edtima ser adolescente n\u00e3o interfere na fixa\u00e7\u00e3o da pena.<\/p>\n<p>D) a condena\u00e7\u00e3o pela pr\u00e1tica do crime n\u00e3o acarreta a perda do cargo ou emprego p\u00fablico do agente.<\/p>\n<p><strong>Coment\u00e1rios<\/strong>:<\/p>\n<p>A quest\u00e3o cobrava conhecimentos sobre a Lei n. 9.455\/97, que define os crimes de tortura.<\/p>\n<p>Vejamos alternativa por alternativa:<\/p>\n<p>A <strong>alternativa A <\/strong>est\u00e1 incorreta. O crime de tortura \u00e9 insuscet\u00edvel de gra\u00e7a ou de anistia, conforma o art. 1\u00ba, \u00a7 6\u00ba, da referida lei.<\/p>\n<p>A <strong>alternativa B<\/strong> est\u00e1 correta e \u00e9 o gabarito da quest\u00e3o. Conforme o \u00a7 4\u00ba, do art. 1\u00ba, da Lei, aumenta-se a pena de um sexto a um ter\u00e7o se o crime \u00e9 cometido por agente p\u00fablico (inciso I).<\/p>\n<p>A <strong>alternativa <\/strong>\u00a0est\u00e1 incorreta. Conforme o \u00a7 4\u00ba, do art. 1\u00ba, da Lei, aumenta-se a pena de um sexto a um ter\u00e7o se o crime \u00e9 cometido contra crian\u00e7a, gestante, portador de defici\u00eancia, adolescente ou maior de 60 (sessenta) anos (inciso II).<\/p>\n<p>E a <strong>alternativa D<\/strong>, por fim, tamb\u00e9m est\u00e1 incorreta. Segundo o art. 1\u00ba, \u00a7 5\u00ba, da lei em quest\u00e3o, a condena\u00e7\u00e3o acarretar\u00e1 a perda do cargo, fun\u00e7\u00e3o ou emprego p\u00fablico e a interdi\u00e7\u00e3o para seu exerc\u00edcio pelo dobro do prazo da pena aplicada.<\/p>\n<p><strong>&#8212;<\/strong><\/p>\n<p><strong>QUEST\u00c3O 30 \u2013 (FUNDEP\/Bombeiros-MG\/2018)<\/strong><\/p>\n<p>Segundo o que disp\u00f5e o seu Estatuto, a crian\u00e7a e o adolescente t\u00eam direito de serem educados sem o uso de castigo f\u00edsico ou de tratamento cruel ou degradante como formas de corre\u00e7\u00e3o, disciplina, educa\u00e7\u00e3o ou qualquer outro pretexto por parte dos pais, integrantes da fam\u00edlia ampliada, pelos respons\u00e1veis, pelos agentes executores de medidas socioeducativas ou por qualquer pessoa encarregada de cuidar deles, trat\u00e1-los, educ\u00e1-los ou proteg\u00ea-los.<\/p>\n<p>Considerando os termos do citado Estatuto, \u00e9 correto afirmar que<\/p>\n<p>A) para a caracteriza\u00e7\u00e3o de castigo f\u00edsico, n\u00e3o \u00e9 necess\u00e1rio o uso de for\u00e7a f\u00edsica.<\/p>\n<p>B) o tratamento cruel ou degradante se manifesta mediante ridiculariza\u00e7\u00e3o e humilha\u00e7\u00e3o, n\u00e3o se caracterizando pelo uso de amea\u00e7a, ainda que grave.<\/p>\n<p>C) o castigo f\u00edsico aplicado \u00e0 crian\u00e7a e ao adolescente n\u00e3o acarreta san\u00e7\u00e3o quando se tratar de comportamento manifestamente incorporado na cultura local, sendo, assim, socialmente aceito como m\u00e9todo de disciplina.<\/p>\n<p>D) sem preju\u00edzo de outras san\u00e7\u00f5es cab\u00edveis, as pessoas que praticarem castigo f\u00edsico ou tratamento cruel ou degradante contra crian\u00e7a e adolescente est\u00e3o submetidas, entre outras medidas, ao encaminhamento a tratamento psicol\u00f3gico ou psiqui\u00e1trico.<\/p>\n<p><strong>Coment\u00e1rios:<\/strong><\/p>\n<p>A quest\u00e3o cobra do candidato conhecimentos sobre o Estatuto da Crian\u00e7a e do Adolescente. Vejamos:<\/p>\n<p>A <strong>alternativa A<\/strong> est\u00e1 incorreta. Segundo o pr\u00f3prio ECA, para que haja castigo f\u00edsico \u00e9 necess\u00e1rio o emprego de for\u00e7a f\u00edsica (art. 18-A, Par\u00e1grafo \u00fanico, I):<\/p>\n<p style=\"padding-left: 30px\">Art. 18-A.\u00a0 (&#8230;)<\/p>\n<p style=\"padding-left: 30px\">Par\u00e1grafo \u00fanico. \u00a0Para os fins desta Lei, considera-se<\/p>\n<p style=\"padding-left: 30px\">I &#8211; <u>castigo f\u00edsico<\/u>: a\u00e7\u00e3o de natureza disciplinar ou punitiva <u>aplicada com o uso da for\u00e7a f\u00edsica<\/u> sobre a crian\u00e7a ou o adolescente que resulte em:<\/p>\n<p style=\"padding-left: 30px\">a) sofrimento f\u00edsico; ou<\/p>\n<p style=\"padding-left: 30px\">b) les\u00e3o;<\/p>\n<p>A <strong>alternativa B<\/strong>, tamb\u00e9m, est\u00e1 incorreta. O tratamento cruel ou degradante tamb\u00e9m se concretiza por meio da amea\u00e7a grave (art. 18-A, II, b):<\/p>\n<p style=\"padding-left: 30px\">Art. 18-A.\u00a0 (&#8230;)<\/p>\n<p style=\"padding-left: 30px\">Par\u00e1grafo \u00fanico. \u00a0Para os fins desta Lei, considera-se<\/p>\n<p style=\"padding-left: 30px\">(&#8230;)<\/p>\n<p style=\"padding-left: 30px\">II &#8211; <u>tratamento cruel ou degradante<\/u>: conduta ou forma cruel de tratamento em rela\u00e7\u00e3o \u00e0 crian\u00e7a ou ao adolescente que:<\/p>\n<p style=\"padding-left: 30px\">a) humilhe; ou<\/p>\n<p style=\"padding-left: 30px\">b) <u>ameace gravemente<\/u>; ou<\/p>\n<p style=\"padding-left: 30px\">c) ridicularize.<\/p>\n<p>A <strong>alternativa C<\/strong> est\u00e1 incorreta. Essa ressalva n\u00e3o existe no ECA e nem faria sentido diante de todo o conjunto de disposi\u00e7\u00f5es protetivas que o Estatuto prop\u00f5e.<\/p>\n<p>E a <strong>alternativa D<\/strong>, por fim, est\u00e1 correta e \u00e9 o gabarito da quest\u00e3o. Confiram o art. 18-B, do Estatuto:<\/p>\n<p style=\"padding-left: 30px\">Art. 18-B. Os pais, os integrantes da fam\u00edlia ampliada, os respons\u00e1veis, os agentes p\u00fablicos executores de medidas socioeducativas ou qualquer pessoa encarregada de cuidar de crian\u00e7as e de adolescentes, trat\u00e1-los, educ\u00e1-los ou proteg\u00ea-los que utilizarem castigo f\u00edsico ou tratamento cruel ou degradante como formas de corre\u00e7\u00e3o, disciplina, educa\u00e7\u00e3o ou qualquer outro pretexto estar\u00e3o sujeitos, sem preju\u00edzo de outras san\u00e7\u00f5es cab\u00edveis, \u00e0s seguintes medidas, que ser\u00e3o aplicadas de acordo com a gravidade do caso:<\/p>\n<p style=\"padding-left: 30px\">I &#8211; encaminhamento a programa oficial ou comunit\u00e1rio de prote\u00e7\u00e3o \u00e0 fam\u00edlia;<\/p>\n<p style=\"padding-left: 30px\">II &#8211; <u>encaminhamento a tratamento psicol\u00f3gico ou psiqui\u00e1trico<\/u>;<\/p>\n<p style=\"padding-left: 30px\">III &#8211; encaminhamento a cursos ou programas de orienta\u00e7\u00e3o;<\/p>\n<p style=\"padding-left: 30px\">IV &#8211; obriga\u00e7\u00e3o de encaminhar a crian\u00e7a a tratamento especializado;<\/p>\n<p style=\"padding-left: 30px\">V &#8211; advert\u00eancia.<\/p>\n<p>&#8212;<\/p>\n<p>\u00c9 isso.<\/p>\n<p>A prova foi simples e n\u00e3o verificamos a possibilidade de recurso.<\/p>\n<p>Bons estudos.<\/p>\n","protected":false},"excerpt":{"rendered":"<p>Ol\u00e1! Analisamos as quest\u00f5es de Direitos Humanos aplicadas na prova de Bombeiros de Minas Gerais. S\u00e3o quest\u00f5es da FUNDEP fresquinhas para voc\u00ea treinar. N\u00e3o identificamos a possibilidade de recursos em rela\u00e7\u00e3o a essas quest\u00f5es. N\u00e3o obstante, caso voc\u00ea fique em d\u00favida, por favor, no contate: SITE:\u00a0https:\/\/sites.google.com\/prod\/view\/proftorques INSTAGRAM:\u00a0https:\/\/www.instagram.com\/proftorques\/ FACEBOOK:\u00a0https:\/\/www.facebook.com\/direitoshumanosparaconcursos E-MAIL:\u00a0rst.estrategia@gmail.com Vamos \u00e0s quest\u00f5es &#8212; QUEST\u00c3O 26 [&hellip;]<\/p>\n","protected":false},"author":180,"featured_media":0,"comment_status":"open","ping_status":"closed","sticky":false,"template":"","format":"standard","meta":{"post_tipo":"article","footnotes":""},"categories":[1],"tags":[3491,525,867],"tax_estado":[],"class_list":["post-126402","post","type-post","status-publish","format-standard","hentry","category-cursos-e-concursos","tag-bombeiros-mg","tag-direitos-humanos","tag-prova-comentada"],"acf":[],"yoast_head":"<!-- This site is optimized with the Yoast SEO Premium plugin v27.2 (Yoast SEO v27.2) - https:\/\/yoast.com\/product\/yoast-seo-premium-wordpress\/ -->\n<title>Coment\u00e1rios \u00e0s quest\u00f5es de Direitos Humanos de Bombeiros-MG<\/title>\n<meta name=\"robots\" content=\"index, follow, max-snippet:-1, max-image-preview:large, max-video-preview:-1\" \/>\n<link rel=\"canonical\" href=\"https:\/\/www.estrategiaconcursos.com.br\/blog\/comentarios-as-questoes-de-direitos-humanos-de-bombeiros-mg\/\" \/>\n<meta property=\"og:locale\" content=\"pt_BR\" \/>\n<meta property=\"og:type\" content=\"article\" \/>\n<meta property=\"og:title\" content=\"Coment\u00e1rios \u00e0s quest\u00f5es de Direitos Humanos de Bombeiros-MG\" \/>\n<meta property=\"og:description\" content=\"Ol\u00e1! Analisamos as quest\u00f5es de Direitos Humanos aplicadas na prova de Bombeiros de Minas Gerais. S\u00e3o quest\u00f5es da FUNDEP fresquinhas para voc\u00ea treinar. N\u00e3o identificamos a possibilidade de recursos em rela\u00e7\u00e3o a essas quest\u00f5es. N\u00e3o obstante, caso voc\u00ea fique em d\u00favida, por favor, no contate: SITE:\u00a0https:\/\/sites.google.com\/prod\/view\/proftorques INSTAGRAM:\u00a0https:\/\/www.instagram.com\/proftorques\/ FACEBOOK:\u00a0https:\/\/www.facebook.com\/direitoshumanosparaconcursos E-MAIL:\u00a0rst.estrategia@gmail.com Vamos \u00e0s quest\u00f5es &#8212; QUEST\u00c3O 26 [&hellip;]\" \/>\n<meta property=\"og:url\" content=\"https:\/\/www.estrategiaconcursos.com.br\/blog\/comentarios-as-questoes-de-direitos-humanos-de-bombeiros-mg\/\" \/>\n<meta property=\"og:site_name\" content=\"Estrat\u00e9gia Concursos\" \/>\n<meta property=\"article:author\" content=\"https:\/\/www.facebook.com\/ricardo.s.torques\" \/>\n<meta property=\"article:published_time\" content=\"2018-06-14T12:45:24+00:00\" \/>\n<meta name=\"author\" content=\"Ricardo Torques\" \/>\n<meta name=\"twitter:card\" content=\"summary_large_image\" \/>\n<meta name=\"twitter:creator\" content=\"@EstratConcursos\" \/>\n<meta name=\"twitter:site\" content=\"@EstratConcursos\" \/>\n<meta name=\"twitter:label1\" content=\"Escrito por\" \/>\n\t<meta name=\"twitter:data1\" content=\"Ricardo Torques\" \/>\n\t<meta name=\"twitter:label2\" content=\"Est. tempo de leitura\" \/>\n\t<meta name=\"twitter:data2\" content=\"10 minutos\" \/>\n<script type=\"application\/ld+json\" class=\"yoast-schema-graph\">{\"@context\":\"https:\/\/schema.org\",\"@graph\":[{\"@type\":\"NewsArticle\",\"@id\":\"https:\/\/www.estrategiaconcursos.com.br\/blog\/comentarios-as-questoes-de-direitos-humanos-de-bombeiros-mg\/#article\",\"isPartOf\":{\"@id\":\"https:\/\/www.estrategiaconcursos.com.br\/blog\/comentarios-as-questoes-de-direitos-humanos-de-bombeiros-mg\/\"},\"author\":{\"name\":\"Ricardo Torques\",\"@id\":\"https:\/\/www.estrategiaconcursos.com.br\/blog\/#\/schema\/person\/aa39cf5ddb518e5bdce27c35788405e2\"},\"headline\":\"Coment\u00e1rios \u00e0s quest\u00f5es de Direitos Humanos de Bombeiros-MG\",\"datePublished\":\"2018-06-14T12:45:24+00:00\",\"mainEntityOfPage\":{\"@id\":\"https:\/\/www.estrategiaconcursos.com.br\/blog\/comentarios-as-questoes-de-direitos-humanos-de-bombeiros-mg\/\"},\"wordCount\":2060,\"commentCount\":1,\"publisher\":{\"@id\":\"https:\/\/www.estrategiaconcursos.com.br\/blog\/#organization\"},\"keywords\":[\"Bombeiros MG\",\"Direitos Humanos\",\"prova comentada\"],\"articleSection\":[\"Concursos P\u00fablicos\"],\"inLanguage\":\"pt-BR\",\"potentialAction\":[{\"@type\":\"CommentAction\",\"name\":\"Comment\",\"target\":[\"https:\/\/www.estrategiaconcursos.com.br\/blog\/comentarios-as-questoes-de-direitos-humanos-de-bombeiros-mg\/#respond\"]}],\"copyrightYear\":\"2018\",\"copyrightHolder\":{\"@id\":\"https:\/\/www.estrategiaconcursos.com.br\/blog\/#organization\"}},{\"@type\":\"WebPage\",\"@id\":\"https:\/\/www.estrategiaconcursos.com.br\/blog\/comentarios-as-questoes-de-direitos-humanos-de-bombeiros-mg\/\",\"url\":\"https:\/\/www.estrategiaconcursos.com.br\/blog\/comentarios-as-questoes-de-direitos-humanos-de-bombeiros-mg\/\",\"name\":\"Coment\u00e1rios \u00e0s quest\u00f5es de Direitos Humanos de Bombeiros-MG\",\"isPartOf\":{\"@id\":\"https:\/\/www.estrategiaconcursos.com.br\/blog\/#website\"},\"datePublished\":\"2018-06-14T12:45:24+00:00\",\"breadcrumb\":{\"@id\":\"https:\/\/www.estrategiaconcursos.com.br\/blog\/comentarios-as-questoes-de-direitos-humanos-de-bombeiros-mg\/#breadcrumb\"},\"inLanguage\":\"pt-BR\",\"potentialAction\":[{\"@type\":\"ReadAction\",\"target\":[\"https:\/\/www.estrategiaconcursos.com.br\/blog\/comentarios-as-questoes-de-direitos-humanos-de-bombeiros-mg\/\"]}]},{\"@type\":\"BreadcrumbList\",\"@id\":\"https:\/\/www.estrategiaconcursos.com.br\/blog\/comentarios-as-questoes-de-direitos-humanos-de-bombeiros-mg\/#breadcrumb\",\"itemListElement\":[{\"@type\":\"ListItem\",\"position\":1,\"name\":\"In\u00edcio\",\"item\":\"https:\/\/www.estrategiaconcursos.com.br\/blog\/\"},{\"@type\":\"ListItem\",\"position\":2,\"name\":\"Coment\u00e1rios \u00e0s quest\u00f5es de Direitos Humanos de Bombeiros-MG\"}]},{\"@type\":\"WebSite\",\"@id\":\"https:\/\/www.estrategiaconcursos.com.br\/blog\/#website\",\"url\":\"https:\/\/www.estrategiaconcursos.com.br\/blog\/\",\"name\":\"Estrat\u00e9gia Concursos\",\"description\":\"O blog da Estrat\u00e9gia Concursos traz not\u00edcias sobre concursos e artigos de professores oferecendo cursos para concursos (pdf + videaulas) no site.\",\"publisher\":{\"@id\":\"https:\/\/www.estrategiaconcursos.com.br\/blog\/#organization\"},\"potentialAction\":[{\"@type\":\"SearchAction\",\"target\":{\"@type\":\"EntryPoint\",\"urlTemplate\":\"https:\/\/www.estrategiaconcursos.com.br\/blog\/?s={search_term_string}\"},\"query-input\":{\"@type\":\"PropertyValueSpecification\",\"valueRequired\":true,\"valueName\":\"search_term_string\"}}],\"inLanguage\":\"pt-BR\"},{\"@type\":\"Organization\",\"@id\":\"https:\/\/www.estrategiaconcursos.com.br\/blog\/#organization\",\"name\":\"Estrat\u00e9gia Concursos\",\"url\":\"https:\/\/www.estrategiaconcursos.com.br\/blog\/\",\"logo\":{\"@type\":\"ImageObject\",\"inLanguage\":\"pt-BR\",\"@id\":\"https:\/\/www.estrategiaconcursos.com.br\/blog\/#\/schema\/logo\/image\/\",\"url\":\"https:\/\/dhg1h5j42swfq.cloudfront.net\/2025\/06\/03203428\/logo_concursos-1.jpg\",\"contentUrl\":\"https:\/\/dhg1h5j42swfq.cloudfront.net\/2025\/06\/03203428\/logo_concursos-1.jpg\",\"width\":230,\"height\":60,\"caption\":\"Estrat\u00e9gia Concursos\"},\"image\":{\"@id\":\"https:\/\/www.estrategiaconcursos.com.br\/blog\/#\/schema\/logo\/image\/\"},\"sameAs\":[\"https:\/\/x.com\/EstratConcursos\"]},{\"@type\":\"Person\",\"@id\":\"https:\/\/www.estrategiaconcursos.com.br\/blog\/#\/schema\/person\/aa39cf5ddb518e5bdce27c35788405e2\",\"name\":\"Ricardo Torques\",\"image\":{\"@type\":\"ImageObject\",\"inLanguage\":\"pt-BR\",\"@id\":\"https:\/\/secure.gravatar.com\/avatar\/ce9ac6c3cff25fe86d15ed568ebc64d1724baf5c0693133bcb1f6073f712f92a?s=96&d=mm&r=g\",\"url\":\"https:\/\/secure.gravatar.com\/avatar\/ce9ac6c3cff25fe86d15ed568ebc64d1724baf5c0693133bcb1f6073f712f92a?s=96&d=mm&r=g\",\"contentUrl\":\"https:\/\/secure.gravatar.com\/avatar\/ce9ac6c3cff25fe86d15ed568ebc64d1724baf5c0693133bcb1f6073f712f92a?s=96&d=mm&r=g\",\"caption\":\"Ricardo Torques\"},\"sameAs\":[\"https:\/\/www.facebook.com\/ricardo.s.torques\"],\"url\":\"https:\/\/www.estrategiaconcursos.com.br\/blog\/author\/ricardotorquesestrategiaconcursos-com-br\/\"}]}<\/script>\n<!-- \/ Yoast SEO Premium plugin. -->","yoast_head_json":{"title":"Coment\u00e1rios \u00e0s quest\u00f5es de Direitos Humanos de Bombeiros-MG","robots":{"index":"index","follow":"follow","max-snippet":"max-snippet:-1","max-image-preview":"max-image-preview:large","max-video-preview":"max-video-preview:-1"},"canonical":"https:\/\/www.estrategiaconcursos.com.br\/blog\/comentarios-as-questoes-de-direitos-humanos-de-bombeiros-mg\/","og_locale":"pt_BR","og_type":"article","og_title":"Coment\u00e1rios \u00e0s quest\u00f5es de Direitos Humanos de Bombeiros-MG","og_description":"Ol\u00e1! Analisamos as quest\u00f5es de Direitos Humanos aplicadas na prova de Bombeiros de Minas Gerais. S\u00e3o quest\u00f5es da FUNDEP fresquinhas para voc\u00ea treinar. N\u00e3o identificamos a possibilidade de recursos em rela\u00e7\u00e3o a essas quest\u00f5es. N\u00e3o obstante, caso voc\u00ea fique em d\u00favida, por favor, no contate: SITE:\u00a0https:\/\/sites.google.com\/prod\/view\/proftorques INSTAGRAM:\u00a0https:\/\/www.instagram.com\/proftorques\/ FACEBOOK:\u00a0https:\/\/www.facebook.com\/direitoshumanosparaconcursos E-MAIL:\u00a0rst.estrategia@gmail.com Vamos \u00e0s quest\u00f5es &#8212; QUEST\u00c3O 26 [&hellip;]","og_url":"https:\/\/www.estrategiaconcursos.com.br\/blog\/comentarios-as-questoes-de-direitos-humanos-de-bombeiros-mg\/","og_site_name":"Estrat\u00e9gia Concursos","article_author":"https:\/\/www.facebook.com\/ricardo.s.torques","article_published_time":"2018-06-14T12:45:24+00:00","author":"Ricardo Torques","twitter_card":"summary_large_image","twitter_creator":"@EstratConcursos","twitter_site":"@EstratConcursos","twitter_misc":{"Escrito por":"Ricardo Torques","Est. tempo de leitura":"10 minutos"},"schema":{"@context":"https:\/\/schema.org","@graph":[{"@type":"NewsArticle","@id":"https:\/\/www.estrategiaconcursos.com.br\/blog\/comentarios-as-questoes-de-direitos-humanos-de-bombeiros-mg\/#article","isPartOf":{"@id":"https:\/\/www.estrategiaconcursos.com.br\/blog\/comentarios-as-questoes-de-direitos-humanos-de-bombeiros-mg\/"},"author":{"name":"Ricardo Torques","@id":"https:\/\/www.estrategiaconcursos.com.br\/blog\/#\/schema\/person\/aa39cf5ddb518e5bdce27c35788405e2"},"headline":"Coment\u00e1rios \u00e0s quest\u00f5es de Direitos Humanos de Bombeiros-MG","datePublished":"2018-06-14T12:45:24+00:00","mainEntityOfPage":{"@id":"https:\/\/www.estrategiaconcursos.com.br\/blog\/comentarios-as-questoes-de-direitos-humanos-de-bombeiros-mg\/"},"wordCount":2060,"commentCount":1,"publisher":{"@id":"https:\/\/www.estrategiaconcursos.com.br\/blog\/#organization"},"keywords":["Bombeiros MG","Direitos Humanos","prova comentada"],"articleSection":["Concursos P\u00fablicos"],"inLanguage":"pt-BR","potentialAction":[{"@type":"CommentAction","name":"Comment","target":["https:\/\/www.estrategiaconcursos.com.br\/blog\/comentarios-as-questoes-de-direitos-humanos-de-bombeiros-mg\/#respond"]}],"copyrightYear":"2018","copyrightHolder":{"@id":"https:\/\/www.estrategiaconcursos.com.br\/blog\/#organization"}},{"@type":"WebPage","@id":"https:\/\/www.estrategiaconcursos.com.br\/blog\/comentarios-as-questoes-de-direitos-humanos-de-bombeiros-mg\/","url":"https:\/\/www.estrategiaconcursos.com.br\/blog\/comentarios-as-questoes-de-direitos-humanos-de-bombeiros-mg\/","name":"Coment\u00e1rios \u00e0s quest\u00f5es de Direitos Humanos de Bombeiros-MG","isPartOf":{"@id":"https:\/\/www.estrategiaconcursos.com.br\/blog\/#website"},"datePublished":"2018-06-14T12:45:24+00:00","breadcrumb":{"@id":"https:\/\/www.estrategiaconcursos.com.br\/blog\/comentarios-as-questoes-de-direitos-humanos-de-bombeiros-mg\/#breadcrumb"},"inLanguage":"pt-BR","potentialAction":[{"@type":"ReadAction","target":["https:\/\/www.estrategiaconcursos.com.br\/blog\/comentarios-as-questoes-de-direitos-humanos-de-bombeiros-mg\/"]}]},{"@type":"BreadcrumbList","@id":"https:\/\/www.estrategiaconcursos.com.br\/blog\/comentarios-as-questoes-de-direitos-humanos-de-bombeiros-mg\/#breadcrumb","itemListElement":[{"@type":"ListItem","position":1,"name":"In\u00edcio","item":"https:\/\/www.estrategiaconcursos.com.br\/blog\/"},{"@type":"ListItem","position":2,"name":"Coment\u00e1rios \u00e0s quest\u00f5es de Direitos Humanos de Bombeiros-MG"}]},{"@type":"WebSite","@id":"https:\/\/www.estrategiaconcursos.com.br\/blog\/#website","url":"https:\/\/www.estrategiaconcursos.com.br\/blog\/","name":"Estrat\u00e9gia Concursos","description":"O blog da Estrat\u00e9gia Concursos traz not\u00edcias sobre concursos e artigos de professores oferecendo cursos para concursos (pdf + videaulas) no site.","publisher":{"@id":"https:\/\/www.estrategiaconcursos.com.br\/blog\/#organization"},"potentialAction":[{"@type":"SearchAction","target":{"@type":"EntryPoint","urlTemplate":"https:\/\/www.estrategiaconcursos.com.br\/blog\/?s={search_term_string}"},"query-input":{"@type":"PropertyValueSpecification","valueRequired":true,"valueName":"search_term_string"}}],"inLanguage":"pt-BR"},{"@type":"Organization","@id":"https:\/\/www.estrategiaconcursos.com.br\/blog\/#organization","name":"Estrat\u00e9gia Concursos","url":"https:\/\/www.estrategiaconcursos.com.br\/blog\/","logo":{"@type":"ImageObject","inLanguage":"pt-BR","@id":"https:\/\/www.estrategiaconcursos.com.br\/blog\/#\/schema\/logo\/image\/","url":"https:\/\/dhg1h5j42swfq.cloudfront.net\/2025\/06\/03203428\/logo_concursos-1.jpg","contentUrl":"https:\/\/dhg1h5j42swfq.cloudfront.net\/2025\/06\/03203428\/logo_concursos-1.jpg","width":230,"height":60,"caption":"Estrat\u00e9gia Concursos"},"image":{"@id":"https:\/\/www.estrategiaconcursos.com.br\/blog\/#\/schema\/logo\/image\/"},"sameAs":["https:\/\/x.com\/EstratConcursos"]},{"@type":"Person","@id":"https:\/\/www.estrategiaconcursos.com.br\/blog\/#\/schema\/person\/aa39cf5ddb518e5bdce27c35788405e2","name":"Ricardo Torques","image":{"@type":"ImageObject","inLanguage":"pt-BR","@id":"https:\/\/secure.gravatar.com\/avatar\/ce9ac6c3cff25fe86d15ed568ebc64d1724baf5c0693133bcb1f6073f712f92a?s=96&d=mm&r=g","url":"https:\/\/secure.gravatar.com\/avatar\/ce9ac6c3cff25fe86d15ed568ebc64d1724baf5c0693133bcb1f6073f712f92a?s=96&d=mm&r=g","contentUrl":"https:\/\/secure.gravatar.com\/avatar\/ce9ac6c3cff25fe86d15ed568ebc64d1724baf5c0693133bcb1f6073f712f92a?s=96&d=mm&r=g","caption":"Ricardo Torques"},"sameAs":["https:\/\/www.facebook.com\/ricardo.s.torques"],"url":"https:\/\/www.estrategiaconcursos.com.br\/blog\/author\/ricardotorquesestrategiaconcursos-com-br\/"}]}},"_links":{"self":[{"href":"https:\/\/www.estrategiaconcursos.com.br\/blog\/wp-json\/wp\/v2\/posts\/126402","targetHints":{"allow":["GET"]}}],"collection":[{"href":"https:\/\/www.estrategiaconcursos.com.br\/blog\/wp-json\/wp\/v2\/posts"}],"about":[{"href":"https:\/\/www.estrategiaconcursos.com.br\/blog\/wp-json\/wp\/v2\/types\/post"}],"author":[{"embeddable":true,"href":"https:\/\/www.estrategiaconcursos.com.br\/blog\/wp-json\/wp\/v2\/users\/180"}],"replies":[{"embeddable":true,"href":"https:\/\/www.estrategiaconcursos.com.br\/blog\/wp-json\/wp\/v2\/comments?post=126402"}],"version-history":[{"count":2,"href":"https:\/\/www.estrategiaconcursos.com.br\/blog\/wp-json\/wp\/v2\/posts\/126402\/revisions"}],"predecessor-version":[{"id":126405,"href":"https:\/\/www.estrategiaconcursos.com.br\/blog\/wp-json\/wp\/v2\/posts\/126402\/revisions\/126405"}],"wp:attachment":[{"href":"https:\/\/www.estrategiaconcursos.com.br\/blog\/wp-json\/wp\/v2\/media?parent=126402"}],"wp:term":[{"taxonomy":"category","embeddable":true,"href":"https:\/\/www.estrategiaconcursos.com.br\/blog\/wp-json\/wp\/v2\/categories?post=126402"},{"taxonomy":"post_tag","embeddable":true,"href":"https:\/\/www.estrategiaconcursos.com.br\/blog\/wp-json\/wp\/v2\/tags?post=126402"},{"taxonomy":"tax_estado","embeddable":true,"href":"https:\/\/www.estrategiaconcursos.com.br\/blog\/wp-json\/wp\/v2\/tax_estado?post=126402"}],"curies":[{"name":"wp","href":"https:\/\/api.w.org\/{rel}","templated":true}]}}