{"id":1263742,"date":"2023-08-13T12:30:00","date_gmt":"2023-08-13T15:30:00","guid":{"rendered":"https:\/\/www.estrategiaconcursos.com.br\/blog\/?p=1263742"},"modified":"2023-08-13T21:00:32","modified_gmt":"2023-08-14T00:00:32","slug":"gabarito-extraoficial-pm-sc-oficial-confira-a-correcao","status":"publish","type":"post","link":"https:\/\/www.estrategiaconcursos.com.br\/blog\/gabarito-extraoficial-pm-sc-oficial-confira-a-correcao\/","title":{"rendered":"Gabarito Extraoficial PM SC &#8211; Oficial: confira a corre\u00e7\u00e3o!"},"content":{"rendered":"\n<p class=\"wp-embed-aspect-16-9 wp-has-aspect-ratio\">Neste domingo, 13 de agosto, foram aplicadas as <strong>provas objetivas<\/strong> do <strong>concurso PM SC (<a href=\"https:\/\/www.estrategiaconcursos.com.br\/cursosPorConcurso\/policia-militar-de-santa-catarina-pm-sc\/\" target=\"_blank\" rel=\"noreferrer noopener\">Pol\u00edcia Militar de Santa Catarina<\/a>) ao cargo de <a href=\"https:\/\/www.estrategiaconcursos.com.br\/curso\/02-pm-sc-oficial-pacote-2023-pos-edital\/\" target=\"_blank\" rel=\"noreferrer noopener\">Oficial<\/a>.<\/strong><\/p>\n\n\n\n<p class=\"wp-embed-aspect-16-9 wp-has-aspect-ratio\">A carreira exige forma\u00e7\u00e3o de n\u00edvel superior e n\u00e3o ter completado a idade m\u00e1xima de 30 anos at\u00e9 o \u00faltimo dia de inscri\u00e7\u00e3o. O sal\u00e1rio inicial \u00e9 de R$ 16.306,00.<\/p>\n\n\n\n<p class=\"wp-embed-aspect-16-9 wp-has-aspect-ratio\">E com o objetivo de ajud\u00e1-lo a diminuir um pouco a ansiedade de saber se foi bem ou n\u00e3o em um concurso t\u00e3o visado e importante,\u00a0<strong>nossos professores realizaram a corre\u00e7\u00e3o dando o<\/strong>\u00a0<strong>gabarito extraoficial da prova da PM SC &#8211; Oficial<\/strong>.<\/p>\n\n\n\n<p class=\"wp-embed-aspect-16-9 wp-has-aspect-ratio\">Portanto, confira, antecipadamente, seu desempenho e ainda receba dicas de recursos (se houver necessidade, claro!). Lembrando que o gabarito oficial ser\u00e1 divulgado pelo <a href=\"https:\/\/www.cebraspe.org.br\/concursos\/PM_SC_23_OFICIAL\" target=\"_blank\" rel=\"noreferrer noopener\">Cebraspe<\/a>.<\/p>\n\n\n\n<h3 class=\"wp-block-heading\" id=\"h-correcao-e-gabarito-extraoficial-pm-sc-oficial\">Corre\u00e7\u00e3o e Gabarito Extraoficial PM SC: Oficial<\/h3>\n\n\n<figure class=\"wp-block-embed-youtube wp-block-embed is-type-video is-provider-youtube wp-embed-aspect-16-9 wp-has-aspect-ratio\"><div class=\"lyte-wrapper\" style=\"width:853px;max-width:100%;margin:5px;\"><div class=\"lyMe\" id=\"WYL_D8kOY71NCVM\"><div id=\"lyte_D8kOY71NCVM\" data-src=\"\/\/i.ytimg.com\/vi\/D8kOY71NCVM\/hqdefault.jpg\" class=\"pL\"><div class=\"tC\"><div class=\"tT\"><\/div><\/div><div class=\"play\"><\/div><div class=\"ctrl\"><div class=\"Lctrl\"><\/div><div class=\"Rctrl\"><\/div><\/div><\/div><noscript><a href=\"https:\/\/youtu.be\/D8kOY71NCVM\" rel=\"nofollow\"><img loading=\"lazy\" decoding=\"async\" src=\"https:\/\/i.ytimg.com\/vi\/D8kOY71NCVM\/0.jpg\" alt=\"YouTube video thumbnail\" width=\"853\" height=\"460\" \/><br \/>Assista a este v\u00eddeo no YouTube<\/a><\/noscript><\/div><\/div><div class=\"lL\" style=\"max-width:100%;width:853px;margin:5px;\"><\/div><figcaption><\/figcaption><\/figure>\n\n\n<h2 class=\"wp-block-heading has-text-align-center has-background\" style=\"background:linear-gradient(135deg,rgba(237,237,237,0.61) 0%,rgba(169,183,194,0.59) 100%)\">Gabarito Extraoficial PM SC: Oficial<\/h2>\n\n\n\n<p>Abaixo, voc\u00ea confere os gabaritos das quest\u00f5es corrigidas pelos nossos professores. \u00c0 medida em que as corre\u00e7\u00f5es forem realizadas, o artigo ser\u00e1 atualizado.<\/p>\n\n\n\n<p class=\"has-medium-font-size\"><strong><span style=\"text-decoration: underline;\">Tipo de prova<\/span><\/strong>: Frase &#8211; &#8220;Ser justo deve ser uma busca de todos&#8221;.<\/p>\n\n\n\n<p><strong>Quest\u00e3o 01:<\/strong>\u00a0No que se refere \u00e0 seguran\u00e7a p\u00fablica&#8230;<br \/><strong><em>Resposta:<\/em><\/strong> D<\/p>\n\n\n\n<p><strong>Quest\u00e3o 02:<\/strong>\u00a0Com base no entendimento jurisprudencial&#8230;<br \/><strong><em>Resposta:<\/em><\/strong> B<\/p>\n\n\n\n<p><strong>Quest\u00e3o 03:<\/strong>\u00a0Acerca dos direitos e das garantias&#8230;<br \/><strong><em>Resposta:<\/em><\/strong> D<\/p>\n\n\n\n<p><strong>Quest\u00e3o 04:<\/strong>\u00a0No que diz respeito aos direitos&#8230;<br \/><strong><em>Resposta:<\/em><\/strong> E<\/p>\n\n\n\n<p><strong>Quest\u00e3o 05:<\/strong>\u00a0A respeito dos direitos pol\u00edticos&#8230;<br \/><strong><em>Resposta:<\/em><\/strong> B<\/p>\n\n\n\n<p><strong>Quest\u00e3o 06:<\/strong>\u00a0Em rela\u00e7\u00e3o ao estado de defesa&#8230;<br \/><strong><em>Resposta:<\/em><\/strong> C<\/p>\n\n\n\n<p><strong>Quest\u00e3o 07:<\/strong>\u00a0Conforme previsto na CF&#8230;<br \/><strong><em>Resposta:<\/em><\/strong> B<\/p>\n\n\n\n<p><strong>Quest\u00e3o 08:<\/strong>\u00a0De acordo com a Lei n. 8.428\/1992&#8230;<br \/><strong><em>Resposta:<\/em><\/strong> A<\/p>\n\n\n\n<p><strong>Quest\u00e3o 09:<\/strong>\u00a0Conforme a jurisprud\u00eancia do Supremo&#8230;<br \/><strong><em>Resposta:<\/em><\/strong> C<\/p>\n\n\n\n<p><strong>Quest\u00e3o 10:<\/strong>\u00a0Considerando-se os atributos dos atos&#8230;<br \/><strong><em>Resposta:<\/em><\/strong> C<\/p>\n\n\n\n<p><strong>Quest\u00e3o 11:<\/strong>\u00a0A respeito do poder de pol\u00edcia&#8230;<br \/><strong><em>Resposta:<\/em><\/strong> C<\/p>\n\n\n\n<p><strong>Quest\u00e3o 12:<\/strong>\u00a0Julgue os itens seguintes acerca de licita\u00e7\u00f5es&#8230;<br \/><strong><em>Resposta:<\/em><\/strong> D<\/p>\n\n\n\n<p><strong>Quest\u00e3o 13:<\/strong>\u00a0S\u00e3o pessoas jur\u00eddicas de direito p\u00fablico&#8230;<br \/><strong><em>Resposta:<\/em><\/strong> C<\/p>\n\n\n\n<p><strong>Quest\u00e3o 14:<\/strong>\u00a0Consoante a Constitui\u00e7\u00e3o Federal&#8230;<br \/><strong><em>Resposta:<\/em><\/strong> A<\/p>\n\n\n\n<p><strong>Quest\u00e3o 15:<\/strong>\u00a0Com base no disposto no C\u00f3digo Penal&#8230;<br \/><strong><em>Resposta:<\/em><\/strong> E<\/p>\n\n\n\n<p><strong>Quest\u00e3o 16:<\/strong>\u00a0Em rela\u00e7\u00e3o \u00e0s esp\u00e9cies, \u00e0 aplica\u00e7\u00e3o&#8230;<br \/><strong><em>Resposta:<\/em><\/strong> C<\/p>\n\n\n\n<p><strong>Quest\u00e3o 17:<\/strong>\u00a0Considerando o entendimento dos tribunais&#8230;<br \/><strong><em>Resposta:<\/em><\/strong> C<\/p>\n\n\n\n<p><strong>Quest\u00e3o 18:<\/strong>\u00a0Com base no disposto na Lei antidrogas&#8230;<br \/><strong><em>Resposta:<\/em><\/strong> B<\/p>\n\n\n\n<p><strong>Quest\u00e3o 19:<\/strong>\u00a0Acerca do arrependimento posterior&#8230;<br \/><strong><em>Resposta:<\/em><\/strong> E<\/p>\n\n\n\n<p><strong>Quest\u00e3o 20:<\/strong>\u00a0Com base no CP, na lei de Crimes&#8230;<br \/><strong><em>Resposta:<\/em><\/strong> D<\/p>\n\n\n\n<p><strong>Quest\u00e3o 21:<\/strong>\u00a0\u00c0 luz do disposto no CP na Lei Antidrogas&#8230;<br \/><strong><em>Resposta:<\/em><\/strong> D<\/p>\n\n\n\n<p><strong>Quest\u00e3o 22:<\/strong>\u00a0A respeito das nulidades processuais&#8230;<br \/><strong><em>Resposta:<\/em><\/strong> C<\/p>\n\n\n\n<p><strong>Quest\u00e3o 23:<\/strong>\u00a0Com base na Lei dos Juizados Especiais&#8230;<br \/><strong><em>Resposta:<\/em><\/strong> A<\/p>\n\n\n\n<p><strong>Quest\u00e3o 24:<\/strong>\u00a0De acordo com a Lei n. 9.296\/1996&#8230;<br \/><strong><em>Resposta:<\/em><\/strong> E<\/p>\n\n\n\n<p><strong>Quest\u00e3o 25:<\/strong>\u00a0Considerando a Lei n. 7.960\/1989&#8230;<br \/><strong><em>Resposta:<\/em><\/strong> C<\/p>\n\n\n\n<p><strong>Quest\u00e3o 26:<\/strong>\u00a0Assinale a op\u00e7\u00e3o correta conforme&#8230;<br \/><strong><em>Resposta:<\/em><\/strong> A<\/p>\n\n\n\n<p><strong>Quest\u00e3o 27:<\/strong>\u00a0Com rela\u00e7\u00e3o ao acordo de n\u00e3o persecu\u00e7\u00e3o&#8230;<br \/><strong><em>Resposta:<\/em><\/strong> C<\/p>\n\n\n\n<p><strong>Quest\u00e3o 28:<\/strong>\u00a0Nos termos do CPP, quando n\u00e3o houver prazo&#8230;<br \/><strong><em>Resposta:<\/em><\/strong> C<\/p>\n\n\n\n<p><strong>Quest\u00e3o 29:<\/strong>\u00a0Segundo o que disp\u00f5e o C\u00f3digo Penal Militar&#8230;<br \/><strong><em>Resposta:<\/em><\/strong> B<\/p>\n\n\n\n<p><strong>Quest\u00e3o 30:<\/strong>\u00a0No que diz respeito aos crimes&#8230;<br \/><strong><em>Resposta:<\/em><\/strong> C<\/p>\n\n\n\n<p><strong>Quest\u00e3o 31:<\/strong>\u00a0Conforme a lei penal militar&#8230;<br \/><strong><em>Resposta:<\/em><\/strong> C<\/p>\n\n\n\n<p><strong>Quest\u00e3o 32:<\/strong>\u00a0Acerca do que disp\u00f5e o C\u00f3digo Penal Militar&#8230;<br \/><strong><em>Resposta:<\/em><\/strong> A<\/p>\n\n\n\n<p><strong>Quest\u00e3o 33:<\/strong>\u00a0Considerando o que disp\u00f5e o C\u00f3digo Penal Militar&#8230;<br \/><strong><em>Resposta:<\/em><\/strong> C<\/p>\n\n\n\n<p><strong>Quest\u00e3o 34:<\/strong>\u00a0Capit\u00e3o Martins, integrante da PMSC&#8230;<br \/><strong><em>Resposta:<\/em><\/strong> E<\/p>\n\n\n\n<p><strong>Quest\u00e3o 35:<\/strong>\u00a0Configura crime militar em tempo de paz&#8230;<br \/><strong><em>Resposta:<\/em><\/strong> D<\/p>\n\n\n\n<p><strong>Quest\u00e3o 36:<\/strong>\u00a0No que concerne \u00e0 pol\u00edcia judici\u00e1ria&#8230;<br \/><strong><em>Resposta:<\/em><\/strong> E<\/p>\n\n\n\n<p><strong>Quest\u00e3o 37:<\/strong>\u00a0No que se refere \u00e0 aplica\u00e7\u00e3o e \u00e0 interpreta\u00e7\u00e3o&#8230;<br \/><strong><em>Resposta:<\/em><\/strong> D<\/p>\n\n\n\n<p><strong>Quest\u00e3o 38:<\/strong>\u00a0Acerca da pris\u00e3o em flagrante delito&#8230;<br \/><strong><em>Resposta:<\/em><\/strong> B<\/p>\n\n\n\n<p><strong>Quest\u00e3o 39:<\/strong>\u00a0O foro competente para julgamento do militar&#8230;<br \/><strong><em>Resposta:<\/em><\/strong> C<\/p>\n\n\n\n<p><strong>Quest\u00e3o 40:<\/strong>\u00a0Assinale a op\u00e7\u00e3o correta a respeito do mandado&#8230;<br \/><strong><em>Resposta:<\/em><\/strong> B<\/p>\n\n\n\n<p><strong>Quest\u00e3o 41:<\/strong>\u00a0Segundo o disposto no CPPM&#8230;<br \/><strong><em>Resposta:<\/em><\/strong> C<\/p>\n\n\n\n<p><strong>Quest\u00e3o 42:<\/strong>\u00a0Em rela\u00e7\u00e3o \u00e0 acarea\u00e7\u00e3o e \u00e0 prova&#8230;<br \/><strong><em>Resposta:<\/em><\/strong> B<\/p>\n\n\n\n<p><strong>Quest\u00e3o 43:<\/strong>\u00a0\u00c0 luz do entendimento do Superior&#8230;<br \/><strong><em>Resposta:<\/em><\/strong> E<\/p>\n\n\n\n<p><strong>Quest\u00e3o 44:<\/strong>\u00a0Considerando a jurisprud\u00eancia do STJ&#8230;<br \/><strong><em>Resposta:<\/em><\/strong> C<\/p>\n\n\n\n<p><strong>Quest\u00e3o 45:<\/strong>\u00a0Com base nas disposi\u00e7\u00f5es do C\u00f3digo Civil&#8230;<br \/><strong><em>Resposta:<\/em><\/strong> E<\/p>\n\n\n\n<p><strong>Quest\u00e3o 46:<\/strong>\u00a0No que diz respeito aos defeitos do neg\u00f3cio&#8230;<br \/><strong><em>Resposta:<\/em><\/strong> D<\/p>\n\n\n\n<p><strong>Quest\u00e3o 47:<\/strong>\u00a0A respeito da presta\u00e7\u00e3o de alimentos&#8230;<br \/><strong><em>Resposta:<\/em><\/strong> E<\/p>\n\n\n\n<p><strong>Quest\u00e3o 48:<\/strong>\u00a0Acerca do regime de bens&#8230;<br \/><strong><em>Resposta:<\/em><\/strong> A<\/p>\n\n\n\n<p><strong>Quest\u00e3o 49:<\/strong>\u00a0De acordo com a Lei Estadual&#8230;<br \/><strong><em>Resposta:<\/em><\/strong> A<\/p>\n\n\n\n<p><strong>Quest\u00e3o 50:<\/strong>\u00a0Segundo o Estatuto dos Policiais Militares&#8230;<br \/><strong><em>Resposta:<\/em><\/strong> B<\/p>\n\n\n\n<p><strong>Quest\u00e3o 51:<\/strong>\u00a0Considerando o que disp\u00f5e o Regulamento&#8230;<br \/><strong><em>Resposta:<\/em><\/strong> C<\/p>\n\n\n\n<p><strong>Quest\u00e3o 52:<\/strong>\u00a0Com base no disposto no Decreto-lei&#8230;<br \/><strong><em>Resposta:<\/em><\/strong> E<\/p>\n\n\n\n<p><strong>Quest\u00e3o 53:<\/strong>\u00a0Assinale a op\u00e7\u00e3o em que \u00e9 indicado&#8230;<br \/><strong><em>Resposta:<\/em><\/strong> D<\/p>\n\n\n\n<p><strong>Quest\u00e3o 54:<\/strong>\u00a0Considerando o disposto no Decreto&#8230;<br \/><strong><em>Resposta:<\/em><\/strong> A<\/p>\n\n\n\n<p><strong>Quest\u00e3o 55:<\/strong>\u00a0Segundo determina o Decreto&#8230;<br \/><strong><em>Resposta:<\/em><\/strong> B<\/p>\n\n\n\n<p><strong>Quest\u00e3o 56:<\/strong>\u00a0De acordo com o texto I A9-I&#8230;<br \/><strong><em>Resposta:<\/em><\/strong> B<\/p>\n\n\n\n<p><strong>Quest\u00e3o 57:<\/strong>\u00a0A respeito do trecho&#8230;<br \/><strong><em>Resposta:<\/em><\/strong> C<\/p>\n\n\n\n<p><strong>Quest\u00e3o 58:<\/strong>\u00a0Em rela\u00e7\u00e3o \u00e0 pontua\u00e7\u00e3o empregada&#8230;<br \/><strong><em>Resposta:<\/em><\/strong> C<\/p>\n\n\n\n<p><strong>Quest\u00e3o 59:<\/strong>\u00a0No texto I A9-I, o segmento&#8230;<br \/><strong><em>Resposta:<\/em><\/strong> C<\/p>\n\n\n\n<p><strong>Quest\u00e3o 60:<\/strong>\u00a0No final do pen\u00faltimo per\u00edodo&#8230;<br \/><strong><em>Resposta:<\/em><\/strong> E<\/p>\n\n\n\n<p><strong>Quest\u00e3o 61:<\/strong>\u00a0No texto I A9-I, s\u00e3o acentuados&#8230;<br \/><strong><em>Resposta:<\/em><\/strong> E<\/p>\n\n\n\n<p><strong>Quest\u00e3o 62:<\/strong>\u00a0A corre\u00e7\u00e3o gramatical&#8230;<br \/><strong><em>Resposta:<\/em><\/strong> B<\/p>\n\n\n\n<p><strong>Quest\u00e3o 63:<\/strong>\u00a0Assinale a op\u00e7\u00e3o em que o termo destacado&#8230;<br \/><strong><em>Resposta:<\/em><\/strong> D<\/p>\n\n\n\n<p><strong>Quest\u00e3o 64:<\/strong>\u00a0Uma pesquisa revelou que 45%&#8230;<br \/><strong><em>Resposta:<\/em><\/strong> B<\/p>\n\n\n\n<p><strong>Quest\u00e3o 65:<\/strong>\u00a0Assinale a op\u00e7\u00e3o que corresponde a uma&#8230;<br \/><strong><em>Resposta:<\/em><\/strong> E<\/p>\n\n\n\n<p><strong>Quest\u00e3o 66:<\/strong>\u00a0O n\u00famero de linhas da tabela-verdade&#8230;<br \/><strong><em>Resposta:<\/em><\/strong> D<\/p>\n\n\n\n<p><strong>Quest\u00e3o 67:<\/strong>\u00a0&#8220;A variedade de esp\u00e9cies presentes&#8230;&#8221;<br \/><strong><em>Resposta:<\/em><\/strong> A<\/p>\n\n\n\n<p><strong>Quest\u00e3o 68:<\/strong>\u00a0A figura precedente apresenta os conjuntos&#8230;<br \/><strong><em>Resposta:<\/em><\/strong> C<\/p>\n\n\n\n<p><strong>Quest\u00e3o 69:<\/strong>\u00a01.100 policiais militares foram destacados&#8230;<br \/><strong><em>Resposta:<\/em><\/strong> D<\/p>\n\n\n\n<p><strong>Quest\u00e3o 70:<\/strong>\u00a0Uma pesquisa com participantes&#8230;<br \/><strong><em>Resposta:<\/em><\/strong> D<\/p>\n\n\n\n<p><strong>Quest\u00e3o 71:<\/strong>\u00a0It can be inferred&#8230;<br \/><strong><em>Resposta:<\/em><\/strong> B<\/p>\n\n\n\n<p><strong>Quest\u00e3o 72:<\/strong>\u00a0Considering text&#8230;<br \/><strong><em>Resposta:<\/em><\/strong> A<\/p>\n\n\n\n<p><strong>Quest\u00e3o 73:<\/strong>\u00a0The main purpose&#8230;<br \/><strong><em>Resposta:<\/em><\/strong> B<\/p>\n\n\n\n<p><strong>Quest\u00e3o 74:<\/strong>\u00a0Without changing the&#8230;<br \/><strong><em>Resposta:<\/em><\/strong> C<\/p>\n\n\n\n<p><strong>Quest\u00e3o 75:<\/strong>\u00a0In text&#8230;<br \/><strong><em>Resposta:<\/em><\/strong> E<\/p>\n\n\n\n<p><strong>Quest\u00e3o 76:<\/strong>\u00a0O endere\u00e7o eletr\u00f4nico&#8230;<br \/><strong><em>Resposta:<\/em><\/strong> E<\/p>\n\n\n\n<p><strong>Quest\u00e3o 77:<\/strong>\u00a0Na su\u00edte de escrit\u00f3rio&#8230;<br \/><strong><em>Resposta:<\/em><\/strong> C<\/p>\n\n\n\n<p><strong>Quest\u00e3o 78:<\/strong>\u00a0Considerando que o sistema operacional&#8230;<br \/><strong><em>Resposta:<\/em><\/strong> A<\/p>\n\n\n\n<p><strong>Quest\u00e3o 79:<\/strong>\u00a0Para o envio de dois arquivos&#8230;<br \/><strong><em>Resposta:<\/em><\/strong> B<\/p>\n\n\n\n<p><strong>Quest\u00e3o 80:<\/strong>\u00a0Assinale a op\u00e7\u00e3o em que \u00e9 indicado&#8230;<br \/><strong><em>Resposta:<\/em><\/strong> E<\/p>\n\n\n\n<h3 class=\"wp-block-heading has-text-align-center has-cyan-bluish-gray-background-color has-background\" id=\"h-saiba-mais-pm-sc\">Saiba mais: <a href=\"https:\/\/www.estrategiaconcursos.com.br\/blog\/concurso-pm-sc\/\" target=\"_blank\" rel=\"noreferrer noopener\">PM SC<\/a><\/h3>\n\n\n\n<div class=\"container\" id=\"boxes\">\n  <div class=\"row\"> \n\n    <div class=\"col-sm\">\n      <div class=\"banner-policial\" id=\"box-assinatura\">\n        <h3 class=\"titulo-assinatura\">Concurso PM SC<\/h3>\n        <p class=\"subtitulo-assinatura\">Conhe\u00e7a os cursos<\/p>\n        <div class=\"box-botao\">\n          <a class=\"btn-assinatura\" target=\"_blank\" href=\"https:\/\/www.estrategiaconcursos.com.br\/cursosPorConcurso\/policia-militar-de-santa-catarina-pm-sc\/\" role=\"button\" rel=\"noopener noreferrer\">Conhe\u00e7a mais<\/a>\n        <\/div>\n      <\/div>\n     \n\n  <\/div>\n<\/div><\/div>\n\n\n\n<div class=\"container\" id=\"boxes\">\n  <div class=\"row\">\n\n    <div class=\"col-sm\">\n      <div class=\"estrategia\" id=\"box-assinatura\">\n        <h3 class=\"titulo-assinatura\">Assinatura de Concursos<\/h3>\n        <p class=\"subtitulo-assinatura\">Assinatura de 1 ano ou 2 anos<\/p>\n        <div class=\"box-botao\">\n          <a class=\"btn-assinatura\" target=\"_blank\" href=\"https:\/\/www.estrategiaconcursos.com.br\/assinaturas\/\" role=\"button\" rel=\"noopener noreferrer\">ASSINE AGORA<\/a>\n        <\/div>\n      <\/div>\n     \n    <\/div><\/div><\/div>\n\n\n\n<h2 class=\"wp-block-heading has-text-align-center\" id=\"h-quer-saber-tudo-sobre-concursos-previstos-confira-nossos-artigos\">Quer saber tudo sobre concursos previstos?<br \/>Confira nossos artigos!<\/h2>\n\n\n\n<ul class=\"wp-block-list\">\n<li><a href=\"https:\/\/www.estrategiaconcursos.com.br\/blog\/concursos-abertos\/\" target=\"_blank\" rel=\"noreferrer noopener\">Concursos abertos<\/a><\/li>\n\n\n\n<li><a href=\"https:\/\/www.estrategiaconcursos.com.br\/blog\/concursos-2023\/\" target=\"_blank\" rel=\"noreferrer noopener\">Concursos 2023<\/a><\/li>\n\n\n\n<li><a href=\"https:\/\/www.estrategiaconcursos.com.br\/blog\/concursos-2023\/\" target=\"_blank\" rel=\"noreferrer noopener\">Concursos 2024<\/a><\/li>\n<\/ul>\n","protected":false},"excerpt":{"rendered":"<p>Neste domingo, 13 de agosto, foram aplicadas as provas objetivas do concurso PM SC (Pol\u00edcia Militar de Santa Catarina) ao cargo de Oficial. A carreira exige forma\u00e7\u00e3o de n\u00edvel superior e n\u00e3o ter completado a idade m\u00e1xima de 30 anos at\u00e9 o \u00faltimo dia de inscri\u00e7\u00e3o. O sal\u00e1rio inicial \u00e9 de R$ 16.306,00. E com [&hellip;]<\/p>\n","protected":false},"author":2134,"featured_media":1263756,"comment_status":"open","ping_status":"closed","sticky":false,"template":"","format":"standard","meta":{"post_tipo":"news","footnotes":""},"categories":[220186,220219],"tags":[],"tax_estado":[219987],"class_list":["post-1263742","post","type-post","status-publish","format-standard","has-post-thumbnail","hentry","category-policial-oficial","category-noticias","tax_estado-sc"],"acf":[],"yoast_head":"<!-- This site is optimized with the Yoast SEO Premium plugin v27.2 (Yoast SEO v27.2) - https:\/\/yoast.com\/product\/yoast-seo-premium-wordpress\/ -->\n<title>Gabarito Extraoficial PM SC - Oficial: confira a corre\u00e7\u00e3o!<\/title>\n<meta name=\"description\" content=\"Concurso PM SC: confira o gabarito extraoficial da prova objetiva ao cargo de Oficial. S\u00e3o 50 vagas, com inicial de R$ 16,3 mil!\" \/>\n<meta name=\"robots\" content=\"index, follow, max-snippet:-1, max-image-preview:large, max-video-preview:-1\" \/>\n<link rel=\"canonical\" href=\"https:\/\/www.estrategiaconcursos.com.br\/blog\/gabarito-extraoficial-pm-sc-oficial-confira-a-correcao\/\" \/>\n<meta property=\"og:locale\" content=\"pt_BR\" \/>\n<meta property=\"og:type\" content=\"article\" \/>\n<meta property=\"og:title\" content=\"Gabarito Extraoficial PM SC - Oficial: confira a corre\u00e7\u00e3o!\" \/>\n<meta property=\"og:description\" content=\"Concurso PM SC: confira o gabarito extraoficial da prova objetiva ao cargo de Oficial. S\u00e3o 50 vagas, com inicial de R$ 16,3 mil!\" \/>\n<meta property=\"og:url\" content=\"https:\/\/www.estrategiaconcursos.com.br\/blog\/gabarito-extraoficial-pm-sc-oficial-confira-a-correcao\/\" \/>\n<meta property=\"og:site_name\" content=\"Estrat\u00e9gia Concursos\" \/>\n<meta property=\"article:published_time\" content=\"2023-08-13T15:30:00+00:00\" \/>\n<meta property=\"article:modified_time\" content=\"2023-08-14T00:00:32+00:00\" \/>\n<meta property=\"og:image\" content=\"https:\/\/dhg1h5j42swfq.cloudfront.net\/2023\/08\/11155132\/ytb-1.jpg\" \/>\n\t<meta property=\"og:image:width\" content=\"1280\" \/>\n\t<meta property=\"og:image:height\" content=\"720\" \/>\n\t<meta property=\"og:image:type\" content=\"image\/jpeg\" \/>\n<meta name=\"author\" content=\"Rafaela Teixeira\" \/>\n<meta name=\"twitter:card\" content=\"summary_large_image\" \/>\n<meta name=\"twitter:creator\" content=\"@EstratConcursos\" \/>\n<meta name=\"twitter:site\" content=\"@EstratConcursos\" \/>\n<meta name=\"twitter:label1\" content=\"Escrito por\" \/>\n\t<meta name=\"twitter:data1\" content=\"Rafaela Teixeira\" \/>\n\t<meta name=\"twitter:label2\" content=\"Est. tempo de leitura\" \/>\n\t<meta name=\"twitter:data2\" content=\"5 minutos\" \/>\n<script type=\"application\/ld+json\" class=\"yoast-schema-graph\">{\"@context\":\"https:\/\/schema.org\",\"@graph\":[{\"@type\":\"NewsArticle\",\"@id\":\"https:\/\/www.estrategiaconcursos.com.br\/blog\/gabarito-extraoficial-pm-sc-oficial-confira-a-correcao\/#article\",\"isPartOf\":{\"@id\":\"https:\/\/www.estrategiaconcursos.com.br\/blog\/gabarito-extraoficial-pm-sc-oficial-confira-a-correcao\/\"},\"author\":{\"name\":\"Rafaela Teixeira\",\"@id\":\"https:\/\/www.estrategiaconcursos.com.br\/blog\/#\/schema\/person\/e75352021ea7f60781c599934f916eb1\"},\"headline\":\"Gabarito Extraoficial PM SC &#8211; Oficial: confira a corre\u00e7\u00e3o!\",\"datePublished\":\"2023-08-13T15:30:00+00:00\",\"dateModified\":\"2023-08-14T00:00:32+00:00\",\"mainEntityOfPage\":{\"@id\":\"https:\/\/www.estrategiaconcursos.com.br\/blog\/gabarito-extraoficial-pm-sc-oficial-confira-a-correcao\/\"},\"wordCount\":1057,\"commentCount\":0,\"publisher\":{\"@id\":\"https:\/\/www.estrategiaconcursos.com.br\/blog\/#organization\"},\"image\":{\"@id\":\"https:\/\/www.estrategiaconcursos.com.br\/blog\/gabarito-extraoficial-pm-sc-oficial-confira-a-correcao\/#primaryimage\"},\"thumbnailUrl\":\"https:\/\/dhg1h5j42swfq.cloudfront.net\/2023\/08\/11155132\/ytb-1.jpg\",\"articleSection\":[\"Policial (PM\/BM - Oficial)\",\"\u00daltimas not\u00edcias\"],\"inLanguage\":\"pt-BR\",\"potentialAction\":[{\"@type\":\"CommentAction\",\"name\":\"Comment\",\"target\":[\"https:\/\/www.estrategiaconcursos.com.br\/blog\/gabarito-extraoficial-pm-sc-oficial-confira-a-correcao\/#respond\"]}],\"copyrightYear\":\"2023\",\"copyrightHolder\":{\"@id\":\"https:\/\/www.estrategiaconcursos.com.br\/blog\/#organization\"}},{\"@type\":\"WebPage\",\"@id\":\"https:\/\/www.estrategiaconcursos.com.br\/blog\/gabarito-extraoficial-pm-sc-oficial-confira-a-correcao\/\",\"url\":\"https:\/\/www.estrategiaconcursos.com.br\/blog\/gabarito-extraoficial-pm-sc-oficial-confira-a-correcao\/\",\"name\":\"Gabarito Extraoficial PM SC - Oficial: confira a corre\u00e7\u00e3o!\",\"isPartOf\":{\"@id\":\"https:\/\/www.estrategiaconcursos.com.br\/blog\/#website\"},\"primaryImageOfPage\":{\"@id\":\"https:\/\/www.estrategiaconcursos.com.br\/blog\/gabarito-extraoficial-pm-sc-oficial-confira-a-correcao\/#primaryimage\"},\"image\":{\"@id\":\"https:\/\/www.estrategiaconcursos.com.br\/blog\/gabarito-extraoficial-pm-sc-oficial-confira-a-correcao\/#primaryimage\"},\"thumbnailUrl\":\"https:\/\/dhg1h5j42swfq.cloudfront.net\/2023\/08\/11155132\/ytb-1.jpg\",\"datePublished\":\"2023-08-13T15:30:00+00:00\",\"dateModified\":\"2023-08-14T00:00:32+00:00\",\"description\":\"Concurso PM SC: confira o gabarito extraoficial da prova objetiva ao cargo de Oficial. S\u00e3o 50 vagas, com inicial de R$ 16,3 mil!\",\"breadcrumb\":{\"@id\":\"https:\/\/www.estrategiaconcursos.com.br\/blog\/gabarito-extraoficial-pm-sc-oficial-confira-a-correcao\/#breadcrumb\"},\"inLanguage\":\"pt-BR\",\"potentialAction\":[{\"@type\":\"ReadAction\",\"target\":[\"https:\/\/www.estrategiaconcursos.com.br\/blog\/gabarito-extraoficial-pm-sc-oficial-confira-a-correcao\/\"]}]},{\"@type\":\"ImageObject\",\"inLanguage\":\"pt-BR\",\"@id\":\"https:\/\/www.estrategiaconcursos.com.br\/blog\/gabarito-extraoficial-pm-sc-oficial-confira-a-correcao\/#primaryimage\",\"url\":\"https:\/\/dhg1h5j42swfq.cloudfront.net\/2023\/08\/11155132\/ytb-1.jpg\",\"contentUrl\":\"https:\/\/dhg1h5j42swfq.cloudfront.net\/2023\/08\/11155132\/ytb-1.jpg\",\"width\":1280,\"height\":720,\"caption\":\"gabarito extraoficial pm sc oficial\"},{\"@type\":\"BreadcrumbList\",\"@id\":\"https:\/\/www.estrategiaconcursos.com.br\/blog\/gabarito-extraoficial-pm-sc-oficial-confira-a-correcao\/#breadcrumb\",\"itemListElement\":[{\"@type\":\"ListItem\",\"position\":1,\"name\":\"In\u00edcio\",\"item\":\"https:\/\/www.estrategiaconcursos.com.br\/blog\/\"},{\"@type\":\"ListItem\",\"position\":2,\"name\":\"Gabarito Extraoficial PM SC &#8211; Oficial: confira a corre\u00e7\u00e3o!\"}]},{\"@type\":\"WebSite\",\"@id\":\"https:\/\/www.estrategiaconcursos.com.br\/blog\/#website\",\"url\":\"https:\/\/www.estrategiaconcursos.com.br\/blog\/\",\"name\":\"Estrat\u00e9gia Concursos\",\"description\":\"O blog da Estrat\u00e9gia Concursos traz not\u00edcias sobre concursos e artigos de professores oferecendo cursos para concursos (pdf + videaulas) no site.\",\"publisher\":{\"@id\":\"https:\/\/www.estrategiaconcursos.com.br\/blog\/#organization\"},\"potentialAction\":[{\"@type\":\"SearchAction\",\"target\":{\"@type\":\"EntryPoint\",\"urlTemplate\":\"https:\/\/www.estrategiaconcursos.com.br\/blog\/?s={search_term_string}\"},\"query-input\":{\"@type\":\"PropertyValueSpecification\",\"valueRequired\":true,\"valueName\":\"search_term_string\"}}],\"inLanguage\":\"pt-BR\"},{\"@type\":\"Organization\",\"@id\":\"https:\/\/www.estrategiaconcursos.com.br\/blog\/#organization\",\"name\":\"Estrat\u00e9gia Concursos\",\"url\":\"https:\/\/www.estrategiaconcursos.com.br\/blog\/\",\"logo\":{\"@type\":\"ImageObject\",\"inLanguage\":\"pt-BR\",\"@id\":\"https:\/\/www.estrategiaconcursos.com.br\/blog\/#\/schema\/logo\/image\/\",\"url\":\"https:\/\/dhg1h5j42swfq.cloudfront.net\/2025\/06\/03203428\/logo_concursos-1.jpg\",\"contentUrl\":\"https:\/\/dhg1h5j42swfq.cloudfront.net\/2025\/06\/03203428\/logo_concursos-1.jpg\",\"width\":230,\"height\":60,\"caption\":\"Estrat\u00e9gia Concursos\"},\"image\":{\"@id\":\"https:\/\/www.estrategiaconcursos.com.br\/blog\/#\/schema\/logo\/image\/\"},\"sameAs\":[\"https:\/\/x.com\/EstratConcursos\"]},{\"@type\":\"Person\",\"@id\":\"https:\/\/www.estrategiaconcursos.com.br\/blog\/#\/schema\/person\/e75352021ea7f60781c599934f916eb1\",\"name\":\"Rafaela Teixeira\",\"image\":{\"@type\":\"ImageObject\",\"inLanguage\":\"pt-BR\",\"@id\":\"https:\/\/secure.gravatar.com\/avatar\/8a349a2b22039b1ee88fc06461487c950fd6aa411ea8af8633314b43334ae793?s=96&d=mm&r=g\",\"url\":\"https:\/\/secure.gravatar.com\/avatar\/8a349a2b22039b1ee88fc06461487c950fd6aa411ea8af8633314b43334ae793?s=96&d=mm&r=g\",\"contentUrl\":\"https:\/\/secure.gravatar.com\/avatar\/8a349a2b22039b1ee88fc06461487c950fd6aa411ea8af8633314b43334ae793?s=96&d=mm&r=g\",\"caption\":\"Rafaela Teixeira\"},\"description\":\"Rafaela Teixeira \u00e9 advogada conveniada \u00e0 Defensoria P\u00fablica de S\u00e3o Paulo pela OAB, com experi\u00eancia em reda\u00e7\u00e3o jur\u00eddica e atua\u00e7\u00e3o em institui\u00e7\u00f5es p\u00fablicas, incluindo est\u00e1gio no TRE-SP. Possui mais de 7 anos de experi\u00eancia na produ\u00e7\u00e3o de conte\u00fados voltados ao nicho de concursos p\u00fablicos, com foco em apura\u00e7\u00e3o jornal\u00edstica cont\u00ednua, an\u00e1lise de editais e obten\u00e7\u00e3o de informa\u00e7\u00f5es diretamente junto a \u00f3rg\u00e3os e fontes oficiais. No Blog do Estrat\u00e9gia Concursos, atua como Analista de Conte\u00fado S\u00eanior, respons\u00e1vel pelo jornalismo do per\u00edodo noturno e da madrugada, com atua\u00e7\u00e3o transversal na cobertura de concursos p\u00fablicos, garantindo a continuidade, fluidez e confiabilidade das publica\u00e7\u00f5es e dos bastidores dos certames.\",\"url\":\"https:\/\/www.estrategiaconcursos.com.br\/blog\/author\/rafaela-teixeira\/\"}]}<\/script>\n<!-- \/ Yoast SEO Premium plugin. -->","yoast_head_json":{"title":"Gabarito Extraoficial PM SC - Oficial: confira a corre\u00e7\u00e3o!","description":"Concurso PM SC: confira o gabarito extraoficial da prova objetiva ao cargo de Oficial. S\u00e3o 50 vagas, com inicial de R$ 16,3 mil!","robots":{"index":"index","follow":"follow","max-snippet":"max-snippet:-1","max-image-preview":"max-image-preview:large","max-video-preview":"max-video-preview:-1"},"canonical":"https:\/\/www.estrategiaconcursos.com.br\/blog\/gabarito-extraoficial-pm-sc-oficial-confira-a-correcao\/","og_locale":"pt_BR","og_type":"article","og_title":"Gabarito Extraoficial PM SC - Oficial: confira a corre\u00e7\u00e3o!","og_description":"Concurso PM SC: confira o gabarito extraoficial da prova objetiva ao cargo de Oficial. S\u00e3o 50 vagas, com inicial de R$ 16,3 mil!","og_url":"https:\/\/www.estrategiaconcursos.com.br\/blog\/gabarito-extraoficial-pm-sc-oficial-confira-a-correcao\/","og_site_name":"Estrat\u00e9gia Concursos","article_published_time":"2023-08-13T15:30:00+00:00","article_modified_time":"2023-08-14T00:00:32+00:00","og_image":[{"width":1280,"height":720,"url":"https:\/\/dhg1h5j42swfq.cloudfront.net\/2023\/08\/11155132\/ytb-1.jpg","type":"image\/jpeg"}],"author":"Rafaela Teixeira","twitter_card":"summary_large_image","twitter_creator":"@EstratConcursos","twitter_site":"@EstratConcursos","twitter_misc":{"Escrito por":"Rafaela Teixeira","Est. tempo de leitura":"5 minutos"},"schema":{"@context":"https:\/\/schema.org","@graph":[{"@type":"NewsArticle","@id":"https:\/\/www.estrategiaconcursos.com.br\/blog\/gabarito-extraoficial-pm-sc-oficial-confira-a-correcao\/#article","isPartOf":{"@id":"https:\/\/www.estrategiaconcursos.com.br\/blog\/gabarito-extraoficial-pm-sc-oficial-confira-a-correcao\/"},"author":{"name":"Rafaela Teixeira","@id":"https:\/\/www.estrategiaconcursos.com.br\/blog\/#\/schema\/person\/e75352021ea7f60781c599934f916eb1"},"headline":"Gabarito Extraoficial PM SC &#8211; Oficial: confira a corre\u00e7\u00e3o!","datePublished":"2023-08-13T15:30:00+00:00","dateModified":"2023-08-14T00:00:32+00:00","mainEntityOfPage":{"@id":"https:\/\/www.estrategiaconcursos.com.br\/blog\/gabarito-extraoficial-pm-sc-oficial-confira-a-correcao\/"},"wordCount":1057,"commentCount":0,"publisher":{"@id":"https:\/\/www.estrategiaconcursos.com.br\/blog\/#organization"},"image":{"@id":"https:\/\/www.estrategiaconcursos.com.br\/blog\/gabarito-extraoficial-pm-sc-oficial-confira-a-correcao\/#primaryimage"},"thumbnailUrl":"https:\/\/dhg1h5j42swfq.cloudfront.net\/2023\/08\/11155132\/ytb-1.jpg","articleSection":["Policial (PM\/BM - Oficial)","\u00daltimas not\u00edcias"],"inLanguage":"pt-BR","potentialAction":[{"@type":"CommentAction","name":"Comment","target":["https:\/\/www.estrategiaconcursos.com.br\/blog\/gabarito-extraoficial-pm-sc-oficial-confira-a-correcao\/#respond"]}],"copyrightYear":"2023","copyrightHolder":{"@id":"https:\/\/www.estrategiaconcursos.com.br\/blog\/#organization"}},{"@type":"WebPage","@id":"https:\/\/www.estrategiaconcursos.com.br\/blog\/gabarito-extraoficial-pm-sc-oficial-confira-a-correcao\/","url":"https:\/\/www.estrategiaconcursos.com.br\/blog\/gabarito-extraoficial-pm-sc-oficial-confira-a-correcao\/","name":"Gabarito Extraoficial PM SC - Oficial: confira a corre\u00e7\u00e3o!","isPartOf":{"@id":"https:\/\/www.estrategiaconcursos.com.br\/blog\/#website"},"primaryImageOfPage":{"@id":"https:\/\/www.estrategiaconcursos.com.br\/blog\/gabarito-extraoficial-pm-sc-oficial-confira-a-correcao\/#primaryimage"},"image":{"@id":"https:\/\/www.estrategiaconcursos.com.br\/blog\/gabarito-extraoficial-pm-sc-oficial-confira-a-correcao\/#primaryimage"},"thumbnailUrl":"https:\/\/dhg1h5j42swfq.cloudfront.net\/2023\/08\/11155132\/ytb-1.jpg","datePublished":"2023-08-13T15:30:00+00:00","dateModified":"2023-08-14T00:00:32+00:00","description":"Concurso PM SC: confira o gabarito extraoficial da prova objetiva ao cargo de Oficial. S\u00e3o 50 vagas, com inicial de R$ 16,3 mil!","breadcrumb":{"@id":"https:\/\/www.estrategiaconcursos.com.br\/blog\/gabarito-extraoficial-pm-sc-oficial-confira-a-correcao\/#breadcrumb"},"inLanguage":"pt-BR","potentialAction":[{"@type":"ReadAction","target":["https:\/\/www.estrategiaconcursos.com.br\/blog\/gabarito-extraoficial-pm-sc-oficial-confira-a-correcao\/"]}]},{"@type":"ImageObject","inLanguage":"pt-BR","@id":"https:\/\/www.estrategiaconcursos.com.br\/blog\/gabarito-extraoficial-pm-sc-oficial-confira-a-correcao\/#primaryimage","url":"https:\/\/dhg1h5j42swfq.cloudfront.net\/2023\/08\/11155132\/ytb-1.jpg","contentUrl":"https:\/\/dhg1h5j42swfq.cloudfront.net\/2023\/08\/11155132\/ytb-1.jpg","width":1280,"height":720,"caption":"gabarito extraoficial pm sc oficial"},{"@type":"BreadcrumbList","@id":"https:\/\/www.estrategiaconcursos.com.br\/blog\/gabarito-extraoficial-pm-sc-oficial-confira-a-correcao\/#breadcrumb","itemListElement":[{"@type":"ListItem","position":1,"name":"In\u00edcio","item":"https:\/\/www.estrategiaconcursos.com.br\/blog\/"},{"@type":"ListItem","position":2,"name":"Gabarito Extraoficial PM SC &#8211; Oficial: confira a corre\u00e7\u00e3o!"}]},{"@type":"WebSite","@id":"https:\/\/www.estrategiaconcursos.com.br\/blog\/#website","url":"https:\/\/www.estrategiaconcursos.com.br\/blog\/","name":"Estrat\u00e9gia Concursos","description":"O blog da Estrat\u00e9gia Concursos traz not\u00edcias sobre concursos e artigos de professores oferecendo cursos para concursos (pdf + videaulas) no site.","publisher":{"@id":"https:\/\/www.estrategiaconcursos.com.br\/blog\/#organization"},"potentialAction":[{"@type":"SearchAction","target":{"@type":"EntryPoint","urlTemplate":"https:\/\/www.estrategiaconcursos.com.br\/blog\/?s={search_term_string}"},"query-input":{"@type":"PropertyValueSpecification","valueRequired":true,"valueName":"search_term_string"}}],"inLanguage":"pt-BR"},{"@type":"Organization","@id":"https:\/\/www.estrategiaconcursos.com.br\/blog\/#organization","name":"Estrat\u00e9gia Concursos","url":"https:\/\/www.estrategiaconcursos.com.br\/blog\/","logo":{"@type":"ImageObject","inLanguage":"pt-BR","@id":"https:\/\/www.estrategiaconcursos.com.br\/blog\/#\/schema\/logo\/image\/","url":"https:\/\/dhg1h5j42swfq.cloudfront.net\/2025\/06\/03203428\/logo_concursos-1.jpg","contentUrl":"https:\/\/dhg1h5j42swfq.cloudfront.net\/2025\/06\/03203428\/logo_concursos-1.jpg","width":230,"height":60,"caption":"Estrat\u00e9gia Concursos"},"image":{"@id":"https:\/\/www.estrategiaconcursos.com.br\/blog\/#\/schema\/logo\/image\/"},"sameAs":["https:\/\/x.com\/EstratConcursos"]},{"@type":"Person","@id":"https:\/\/www.estrategiaconcursos.com.br\/blog\/#\/schema\/person\/e75352021ea7f60781c599934f916eb1","name":"Rafaela Teixeira","image":{"@type":"ImageObject","inLanguage":"pt-BR","@id":"https:\/\/secure.gravatar.com\/avatar\/8a349a2b22039b1ee88fc06461487c950fd6aa411ea8af8633314b43334ae793?s=96&d=mm&r=g","url":"https:\/\/secure.gravatar.com\/avatar\/8a349a2b22039b1ee88fc06461487c950fd6aa411ea8af8633314b43334ae793?s=96&d=mm&r=g","contentUrl":"https:\/\/secure.gravatar.com\/avatar\/8a349a2b22039b1ee88fc06461487c950fd6aa411ea8af8633314b43334ae793?s=96&d=mm&r=g","caption":"Rafaela Teixeira"},"description":"Rafaela Teixeira \u00e9 advogada conveniada \u00e0 Defensoria P\u00fablica de S\u00e3o Paulo pela OAB, com experi\u00eancia em reda\u00e7\u00e3o jur\u00eddica e atua\u00e7\u00e3o em institui\u00e7\u00f5es p\u00fablicas, incluindo est\u00e1gio no TRE-SP. Possui mais de 7 anos de experi\u00eancia na produ\u00e7\u00e3o de conte\u00fados voltados ao nicho de concursos p\u00fablicos, com foco em apura\u00e7\u00e3o jornal\u00edstica cont\u00ednua, an\u00e1lise de editais e obten\u00e7\u00e3o de informa\u00e7\u00f5es diretamente junto a \u00f3rg\u00e3os e fontes oficiais. No Blog do Estrat\u00e9gia Concursos, atua como Analista de Conte\u00fado S\u00eanior, respons\u00e1vel pelo jornalismo do per\u00edodo noturno e da madrugada, com atua\u00e7\u00e3o transversal na cobertura de concursos p\u00fablicos, garantindo a continuidade, fluidez e confiabilidade das publica\u00e7\u00f5es e dos bastidores dos certames.","url":"https:\/\/www.estrategiaconcursos.com.br\/blog\/author\/rafaela-teixeira\/"}]}},"_links":{"self":[{"href":"https:\/\/www.estrategiaconcursos.com.br\/blog\/wp-json\/wp\/v2\/posts\/1263742","targetHints":{"allow":["GET"]}}],"collection":[{"href":"https:\/\/www.estrategiaconcursos.com.br\/blog\/wp-json\/wp\/v2\/posts"}],"about":[{"href":"https:\/\/www.estrategiaconcursos.com.br\/blog\/wp-json\/wp\/v2\/types\/post"}],"author":[{"embeddable":true,"href":"https:\/\/www.estrategiaconcursos.com.br\/blog\/wp-json\/wp\/v2\/users\/2134"}],"replies":[{"embeddable":true,"href":"https:\/\/www.estrategiaconcursos.com.br\/blog\/wp-json\/wp\/v2\/comments?post=1263742"}],"version-history":[{"count":26,"href":"https:\/\/www.estrategiaconcursos.com.br\/blog\/wp-json\/wp\/v2\/posts\/1263742\/revisions"}],"predecessor-version":[{"id":1264074,"href":"https:\/\/www.estrategiaconcursos.com.br\/blog\/wp-json\/wp\/v2\/posts\/1263742\/revisions\/1264074"}],"wp:featuredmedia":[{"embeddable":true,"href":"https:\/\/www.estrategiaconcursos.com.br\/blog\/wp-json\/wp\/v2\/media\/1263756"}],"wp:attachment":[{"href":"https:\/\/www.estrategiaconcursos.com.br\/blog\/wp-json\/wp\/v2\/media?parent=1263742"}],"wp:term":[{"taxonomy":"category","embeddable":true,"href":"https:\/\/www.estrategiaconcursos.com.br\/blog\/wp-json\/wp\/v2\/categories?post=1263742"},{"taxonomy":"post_tag","embeddable":true,"href":"https:\/\/www.estrategiaconcursos.com.br\/blog\/wp-json\/wp\/v2\/tags?post=1263742"},{"taxonomy":"tax_estado","embeddable":true,"href":"https:\/\/www.estrategiaconcursos.com.br\/blog\/wp-json\/wp\/v2\/tax_estado?post=1263742"}],"curies":[{"name":"wp","href":"https:\/\/api.w.org\/{rel}","templated":true}]}}