{"id":1262598,"date":"2023-09-10T08:00:00","date_gmt":"2023-09-10T11:00:00","guid":{"rendered":"https:\/\/www.estrategiaconcursos.com.br\/blog\/?p=1262598"},"modified":"2023-08-28T10:36:28","modified_gmt":"2023-08-28T13:36:28","slug":"contrato-trabalho-pontos-importantes-aft","status":"publish","type":"post","link":"https:\/\/www.estrategiaconcursos.com.br\/blog\/contrato-trabalho-pontos-importantes-aft\/","title":{"rendered":"Contrato de trabalho: pontos importantes para AFT"},"content":{"rendered":"\n<p>Ol\u00e1, pessoal! Seguindo nosso objetivo de colaborar com o processo de aprendizagem dos nossos alunos, principalmente aqueles que est\u00e3o em fase prepara\u00e7\u00e3o para o <a href=\"https:\/\/dhg1h5j42swfq.cloudfront.net\/2023\/06\/16220437\/portaria_mgi-no-2-453-de-16-de-junho-de-2023-portaria_mgi-no-21-1.pdf\">concurso de Auditor Fiscal do Trabalho (AFT)<\/a>, abordaremos neste artigo um tema extremamente relevante da disciplina de <strong>Direito do Trabalho <\/strong><em>(prov\u00e1vel mat\u00e9ria mais relevante do certame)<\/em>: os aspectos gerais do <strong>contrato de trabalho<\/strong>, de acordo com o <em>Direito Trabalhista Brasileiro<\/em>.<\/p>\n\n\n\n<p>O contrato de trabalho \u00e9 o pilar fundamental das rela\u00e7\u00f5es laborais no Brasil, definindo os direitos e deveres tanto do empregado quanto do empregador. Regulado pelo Direito Trabalhista brasileiro, esse contrato estabelece os <em>termos sob os quais um indiv\u00edduo presta servi\u00e7os a uma empresa em troca de remunera\u00e7\u00e3o<\/em>. Neste artigo, exploraremos de forma abrangente os principais aspectos do contrato de trabalho, desde suas altera\u00e7\u00f5es at\u00e9 suas formas de rescis\u00e3o. <em>Vamos nessa?<\/em><\/p>\n\n\n\n<figure class=\"wp-block-image aligncenter size-full is-style-rounded\"><img loading=\"lazy\" decoding=\"async\" width=\"768\" height=\"432\" src=\"https:\/\/dhg1h5j42swfq.cloudfront.net\/2021\/09\/23192414\/aft.jpg\" alt=\"contrato de trabalho aft\" class=\"wp-image-869098\" srcset=\"https:\/\/dhg1h5j42swfq.cloudfront.net\/2021\/09\/23192414\/aft.jpg 768w, https:\/\/dhg1h5j42swfq.cloudfront.net\/2021\/09\/23192414\/aft-300x169.jpg 300w, https:\/\/dhg1h5j42swfq.cloudfront.net\/2021\/09\/23192414\/aft-610x343.jpg 610w\" sizes=\"auto, (max-width: 768px) 100vw, 768px\" \/><\/figure>\n\n\n\n<h3 class=\"wp-block-heading\"><strong>Conceito de Contrato de Trabalho<\/strong><\/h3>\n\n\n\n<p>O contrato de trabalho, em sua ess\u00eancia, \u00e9 um <strong>acordo formal entre um empregado e um empregador<\/strong>, no qual o empregado se compromete a prestar servi\u00e7os em troca de uma remunera\u00e7\u00e3o, estabelecida conforme as condi\u00e7\u00f5es negociadas. Essas condi\u00e7\u00f5es incluem aspectos como <strong>jornada de trabalho, remunera\u00e7\u00e3o, direitos e deveres de ambas as partes e outros detalhes relevantes<\/strong>.<\/p>\n\n\n\n<h3 class=\"wp-block-heading\"><strong>Classifica\u00e7\u00e3o e Caracter\u00edsticas dos Contratos de Trabalho<\/strong><\/h3>\n\n\n\n<p>Os contratos de trabalho podem ser classificados de acordo com sua <strong>natureza e dura\u00e7\u00e3o<\/strong>. Entre as classifica\u00e7\u00f5es mais comuns, temos:<\/p>\n\n\n\n<ol class=\"wp-block-list\">\n<li><strong>Contrato por Prazo Indeterminado:<\/strong> Nesse tipo de contrato, a dura\u00e7\u00e3o do v\u00ednculo empregat\u00edcio n\u00e3o \u00e9 pr\u00e9-determinada, o que significa que o empregado n\u00e3o sabe exatamente quando o contrato ser\u00e1 encerrado. \u00c9 o modelo <em>mais comum e traz maior estabilidade ao empregado<\/em>.<\/li>\n\n\n\n<li><strong>Contrato por Prazo Determinado:<\/strong> Nesse caso, o contrato \u00e9 estabelecido para uma dura\u00e7\u00e3o espec\u00edfica, sendo mais comum em situa\u00e7\u00f5es tempor\u00e1rias ou sazonais. O empregado j\u00e1 tem conhecimento da data de t\u00e9rmino do contrato desde o in\u00edcio.<\/li>\n\n\n\n<li><strong>Contrato de Trabalho em Regime de Tempo Parcial:<\/strong> Esse contrato envolve uma <em>jornada de trabalho reduzida em rela\u00e7\u00e3o \u00e0 jornada padr\u00e3o<\/em>, sendo a remunera\u00e7\u00e3o <em>proporcional <\/em>\u00e0s horas trabalhadas.<\/li>\n\n\n\n<li><strong>Contrato de Trabalho Intermitente:<\/strong> Esse tipo de contrato permite que o empregador chame o empregado para trabalhar <em>de acordo com a necessidade<\/em>, pagando apenas pelas horas efetivamente trabalhadas.<\/li>\n\n\n\n<li><strong>Contrato de Trabalho Tempor\u00e1rio:<\/strong> Nesse modelo, o empregado \u00e9 contratado por uma empresa de trabalho tempor\u00e1rio para atender a <em>necessidades tempor\u00e1rias de outras empresas, conhecidas como tomadoras de servi\u00e7o<\/em>.<\/li>\n<\/ol>\n\n\n\n<p>Em rela\u00e7\u00e3o \u00e0s caracter\u00edsticas dos contratos de trabalho, destacam-se elementos como a <strong>subordina\u00e7\u00e3o, a pessoalidade, a onerosidade (ou seja, a remunera\u00e7\u00e3o), a n\u00e3o eventualidade (o trabalho n\u00e3o pode ser espor\u00e1dico) e a presta\u00e7\u00e3o de servi\u00e7os de forma cont\u00ednua<\/strong>. <\/p>\n\n\n\n<h3 class=\"wp-block-heading\"><strong>Poderes do Empregador no Contrato de Trabalho<\/strong><\/h3>\n\n\n\n<p>O empregador det\u00e9m uma s\u00e9rie de poderes no contexto do contrato de trabalho. No entanto, esses poderes s\u00e3o <strong>limitados pelas normas trabalhistas e pelos princ\u00edpios<\/strong> que visam proteger os direitos do empregado. Alguns dos poderes do empregador que podem ser cobrados em prova incluem:<\/p>\n\n\n\n<ol class=\"wp-block-list\">\n<li><strong>Dire\u00e7\u00e3o e Controle do Trabalho:<\/strong> O empregador tem o poder de orientar e dirigir o trabalho do empregado, definindo as tarefas a serem executadas e os m\u00e9todos a serem empregados.<\/li>\n\n\n\n<li><strong>Fixa\u00e7\u00e3o da Jornada de Trabalho:<\/strong> O empregador tem a prerrogativa de definir a jornada de trabalho do empregado, respeitando os limites legais.<\/li>\n\n\n\n<li><strong>Determina\u00e7\u00e3o do Local de Trabalho:<\/strong> O empregador pode escolher o local onde o trabalho ser\u00e1 realizado, desde que isso n\u00e3o seja abusivo ou prejudicial ao empregado.<\/li>\n\n\n\n<li><strong>Poder Disciplinar:<\/strong> O empregador pode aplicar medidas disciplinares, desde advert\u00eancias at\u00e9 a demiss\u00e3o por justa causa, em casos de descumprimento das normas internas da empresa ou das obriga\u00e7\u00f5es contratuais.<\/li>\n<\/ol>\n\n\n\n<h3 class=\"wp-block-heading\"><strong>Altera\u00e7\u00e3o do Contrato de Trabalho<\/strong><\/h3>\n\n\n\n<p>A altera\u00e7\u00e3o do contrato de trabalho \u00e9 um tema crucial no \u00e2mbito do Direito Trabalhista. As mudan\u00e7as podem ocorrer de forma <strong>unilateral ou bilateral<\/strong>, dependendo das circunst\u00e2ncias. A altera\u00e7\u00e3o <strong>unilateral <\/strong>ocorre quando o empregador modifica aspectos do contrato sem o consentimento expresso do empregado. Por\u00e9m, isso s\u00f3 \u00e9 permitido quando h\u00e1 <strong>previs\u00e3o em lei, acordo coletivo ou consentimento t\u00e1cito por parte do trabalhador<\/strong>.<\/p>\n\n\n\n<p>A altera\u00e7\u00e3o <strong>bilateral<\/strong>, por outro lado, ocorre quando tanto o empregado quanto o empregador concordam com as mudan\u00e7as propostas. Essa abordagem visa proteger os interesses de ambas as partes e promover um ambiente de trabalho colaborativo.<\/p>\n\n\n\n<h3 class=\"wp-block-heading\"><strong>O <em>Jus Variandi<\/em><\/strong><\/h3>\n\n\n\n<p>O <em>jus variandi<\/em> \u00e9 um conceito importante no contexto da altera\u00e7\u00e3o do contrato de trabalho. Esse termo se refere ao <strong>direito do empregador de efetuar mudan\u00e7as nos aspectos n\u00e3o essenciais do contrato<\/strong>, desde que respeite os direitos b\u00e1sicos do empregado e assegure que as condi\u00e7\u00f5es de trabalho n\u00e3o se tornem prejudiciais ou abusivas. <em>Grave bem esse conceito para sua prova!<\/em><\/p>\n\n\n\n<h3 class=\"wp-block-heading\"><strong>Suspens\u00e3o e Interrup\u00e7\u00e3o do Contrato de Trabalho<\/strong><\/h3>\n\n\n\n<p>A suspens\u00e3o e a interrup\u00e7\u00e3o do contrato de trabalho s\u00e3o situa\u00e7\u00f5es que afetam temporariamente os deveres e direitos das partes envolvidas. A <strong>suspens\u00e3o <\/strong>ocorre quando o contrato \u00e9 temporariamente paralisado, geralmente por iniciativa do empregador. Durante esse per\u00edodo, <strong>o empregado n\u00e3o \u00e9 remunerado e n\u00e3o presta servi\u00e7os<\/strong>.<\/p>\n\n\n\n<p>Por outro lado, a <strong>interrup\u00e7\u00e3o <\/strong>\u00e9 um per\u00edodo em que o contrato \u00e9 suspenso, mas o empregado <strong>continua a receber remunera\u00e7\u00e3o<\/strong>, como em casos de <em>licen\u00e7a-maternidade ou acidentes de trabalho<\/em>.<\/p>\n\n\n\n<h3 class=\"wp-block-heading\"><strong>Rescis\u00e3o do Contrato de Trabalho<\/strong><\/h3>\n\n\n\n<p>A rescis\u00e3o do contrato de trabalho \u00e9 o <strong>t\u00e9rmino formal<\/strong> da rela\u00e7\u00e3o empregat\u00edcia. Ela pode ocorrer por diversos motivos e sob diferentes circunst\u00e2ncias.<\/p>\n\n\n\n<h4 class=\"wp-block-heading\"><strong>Justa Causa<\/strong><\/h4>\n\n\n\n<p>A rescis\u00e3o por justa causa \u00e9 uma das formas mais dr\u00e1sticas de t\u00e9rmino do contrato de trabalho. Ela ocorre quando uma das partes descumpre gravemente suas obriga\u00e7\u00f5es contratuais, tornando insustent\u00e1vel a continua\u00e7\u00e3o da rela\u00e7\u00e3o de emprego. Essa rescis\u00e3o priva o empregado de alguns dos benef\u00edcios normalmente associados \u00e0 demiss\u00e3o sem justa causa, <strong>como o direito ao saque do Fundo de Garantia por Tempo de Servi\u00e7o (FGTS) e ao seguro-desemprego<\/strong>.<\/p>\n\n\n\n<h4 class=\"wp-block-heading\"><strong>Despedida Indireta<\/strong><\/h4>\n\n\n\n<p>A despedida indireta \u00e9 uma resposta do empregado \u00e0 situa\u00e7\u00e3o de trabalho insuport\u00e1vel, em que o empregador <strong>descumpre gravemente suas obriga\u00e7\u00f5es<\/strong>. Nesse caso, o empregado pode rescindir o contrato de trabalho alegando falta grave por parte do empregador, e, assim, preservar seus direitos sem sofrer as consequ\u00eancias da demiss\u00e3o por justa causa.<\/p>\n\n\n\n<h4 class=\"wp-block-heading\"><strong>Dispensa Arbitr\u00e1ria<\/strong><\/h4>\n\n\n\n<p>A dispensa arbitr\u00e1ria \u00e9 a demiss\u00e3o <strong>sem justa causa<\/strong>, quando o empregador decide unilateralmente encerrar o contrato de trabalho. O empregado tem direito a receber <strong>aviso pr\u00e9vio, saldo de sal\u00e1rio, f\u00e9rias proporcionais, 13\u00ba sal\u00e1rio proporcional e a sacar o FGTS<\/strong>.<\/p>\n\n\n\n<h4 class=\"wp-block-heading\"><strong>Culpa Rec\u00edproca<\/strong><\/h4>\n\n\n\n<p>A culpa rec\u00edproca \u00e9 uma situa\u00e7\u00e3o em que <strong>tanto o empregado quanto o empregador contribu\u00edram para o t\u00e9rmino do contrato de trabalho<\/strong>. Isso pode ocorrer, por exemplo, quando h\u00e1 desentendimentos constantes ou viola\u00e7\u00f5es de ambas as partes. Nesse caso, os direitos do empregado s\u00e3o reduzidos em rela\u00e7\u00e3o \u00e0 demiss\u00e3o sem justa causa.<\/p>\n\n\n\n<h4 class=\"wp-block-heading\"><strong>Indeniza\u00e7\u00e3o e Aviso Pr\u00e9vio<\/strong><\/h4>\n\n\n\n<p>Em muitos casos de rescis\u00e3o, \u00e9 necess\u00e1rio pagar uma indeniza\u00e7\u00e3o ao empregado. Isso \u00e9 comum nas demiss\u00f5es sem justa causa, em que o empregador deve pagar o aviso pr\u00e9vio (ou indeniza\u00e7\u00e3o em valor equivalente), f\u00e9rias proporcionais acrescidas de um ter\u00e7o, 13\u00ba sal\u00e1rio proporcional e multa de 40% sobre o saldo do FGTS.<\/p>\n\n\n\n<p>O <strong>aviso pr\u00e9vio<\/strong> \u00e9 uma comunica\u00e7\u00e3o antecipada da rescis\u00e3o do contrato de trabalho, permitindo que ambas as partes se preparem para a transi\u00e7\u00e3o. Ele pode ser trabalhado, ou seja, o empregado continua a trabalhar durante o per\u00edodo do aviso, ou indenizado, em que o empregado \u00e9 dispensado de trabalhar durante o per\u00edodo, mas continua a receber sua remunera\u00e7\u00e3o.<\/p>\n\n\n\n<h3 class=\"wp-block-heading\"><strong>Dura\u00e7\u00e3o do Trabalho e Jornada de Trabalho<\/strong><\/h3>\n\n\n\n<p>A dura\u00e7\u00e3o do trabalho \u00e9 um elemento essencial do contrato de trabalho, regulamentado por leis espec\u00edficas. A jornada de trabalho define o per\u00edodo durante o qual o empregado deve estar \u00e0 disposi\u00e7\u00e3o do empregador. No Brasil, a jornada de trabalho padr\u00e3o \u00e9 de<strong> 8 horas di\u00e1rias e 44 horas semanais<\/strong>. No entanto, essa jornada pode ser reduzida ou ampliada de acordo com negocia\u00e7\u00f5es coletivas ou em situa\u00e7\u00f5es espec\u00edficas, como trabalhos insalubres ou perigosos.<\/p>\n\n\n\n<h3 class=\"wp-block-heading\"><strong>Per\u00edodos de Descanso e Intervalo para Repouso e Alimenta\u00e7\u00e3o<\/strong><\/h3>\n\n\n\n<p>Para proteger a sa\u00fade e o bem-estar dos trabalhadores, a legisla\u00e7\u00e3o trabalhista estabelece a obrigatoriedade de per\u00edodos de descanso e intervalo para repouso e alimenta\u00e7\u00e3o. <strong>Ap\u00f3s cada per\u00edodo de 4 horas de trabalho, \u00e9 obrigat\u00f3rio um intervalo de, no m\u00ednimo, 15 minutos<\/strong>. Al\u00e9m disso, para jornadas de mais de <strong>6 horas<\/strong>, \u00e9 necess\u00e1rio um intervalo m\u00ednimo de <strong>1 hora para refei\u00e7\u00e3o e descanso<\/strong>.<\/p>\n\n\n\n<h3 class=\"wp-block-heading\"><strong>Descanso Semanal Remunerado<\/strong><\/h3>\n\n\n\n<p>O <strong>descanso semanal remunerado (DSR)<\/strong> \u00e9 um direito assegurado ao trabalhador para garantir sua recupera\u00e7\u00e3o f\u00edsica e mental. Geralmente, o DSR \u00e9 concedido aos domingos, mas pode ser estabelecido em outro dia da semana por meio de acordo coletivo. Durante o DSR, o trabalhador n\u00e3o pode ser convocado para o trabalho, a menos que existam condi\u00e7\u00f5es excepcionais previstas em lei.<\/p>\n\n\n\n<h3 class=\"wp-block-heading\"><strong>Trabalho Noturno e Trabalho Extraordin\u00e1rio<\/strong><\/h3>\n\n\n\n<p>O trabalho noturno, aquele realizado entre as <strong>22h e as 5h<\/strong>, \u00e9 considerado mais penoso e, por isso, possui regras espec\u00edficas. O trabalhador noturno tem direito a uma <strong>jornada reduzida, de 7 horas<\/strong>, para o c\u00f4mputo de 8 horas di\u00e1rias. Al\u00e9m disso, o sal\u00e1rio do trabalhador noturno deve ser superior ao do diurno.<\/p>\n\n\n\n<p>O trabalho <strong>extraordin\u00e1rio<\/strong>, tamb\u00e9m conhecido como <strong>hora extra<\/strong>, ocorre quando o empregado excede a jornada de trabalho regular. A legisla\u00e7\u00e3o determina que cada hora extra seja remunerada com um acr\u00e9scimo m\u00ednimo de <strong>50% sobre o valor da hora normal<\/strong>. No entanto, em algumas situa\u00e7\u00f5es e por meio de acordos coletivos, esse acr\u00e9scimo pode ser ampliado.<\/p>\n\n\n\n<h3 class=\"wp-block-heading\"><strong>Sal\u00e1rio M\u00ednimo, Irredutibilidade e Garantia<\/strong><\/h3>\n\n\n\n<p>O sal\u00e1rio m\u00ednimo \u00e9 estabelecido pelo governo e serve como base para a remunera\u00e7\u00e3o dos trabalhadores. Ele assegura que o trabalhador receba uma compensa\u00e7\u00e3o justa por seu trabalho e que n\u00e3o seja explorado pelo empregador. A legisla\u00e7\u00e3o trabalhista estabelece que o sal\u00e1rio n\u00e3o pode ser reduzido, exceto em casos previstos em conven\u00e7\u00e3o ou acordo coletivo. Atualmente, o sal\u00e1rio m\u00ednimo est\u00e1 definido no valor de R$ 1.320,00.<\/p>\n\n\n\n<p>A <strong>irredutibilidade salarial<\/strong>, princ\u00edpio fundamental do Direito Trabalhista, pro\u00edbe a redu\u00e7\u00e3o do sal\u00e1rio de forma unilateral pelo empregador, garantindo a estabilidade financeira do trabalhador. Isso tamb\u00e9m protege o empregado contra poss\u00edveis abusos e explora\u00e7\u00e3o por parte do empregador.<\/p>\n\n\n\n<h3 class=\"wp-block-heading\"><strong>F\u00e9rias<\/strong><\/h3>\n\n\n\n<p>As f\u00e9rias s\u00e3o um direito essencial do trabalhador, assegurando-lhe um per\u00edodo de descanso e recupera\u00e7\u00e3o ap\u00f3s um per\u00edodo de trabalho cont\u00ednuo. A legisla\u00e7\u00e3o estabelece que o empregado tem direito a <strong>30 dias de f\u00e9rias ap\u00f3s cada per\u00edodo de 12 meses de trabalho<\/strong>. Al\u00e9m disso, o empregado tem direito a um ter\u00e7o a mais do sal\u00e1rio durante as f\u00e9rias, conhecido como <strong>abono de f\u00e9rias<\/strong>.<\/p>\n\n\n\n<h3 class=\"wp-block-heading\" id=\"h-consideracoes-finais-contrato-de-trabalho\"><strong>Considera\u00e7\u00f5es Finais &#8211; Contrato de Trabalho<\/strong><\/h3>\n\n\n\n<p>Pessoal, espero que essas informa\u00e7\u00f5es sejam \u00fateis para voc\u00eas, de forma que consigam entender melhor os <em>aspectos gerais dos contratos de trabalho<\/em>, aprimorando o estudo para o concurso de <em>Auditor Fiscal do Trabalho (AFT)<\/em>.<\/p>\n\n\n\n<p>Um forte abra\u00e7o e \u00f3timos estudos!<\/p>\n\n\n\n<p><strong>Vin\u00edcius Peron Fineto.<\/strong><\/p>\n\n\n\n<h2 class=\"wp-block-heading has-text-align-center\" id=\"quer-saber-tudo-sobre-concursos-previstos-confira-nossos-artigos\">Quer saber tudo sobre concursos previstos?<br \/>Confira nossos artigos!<\/h2>\n\n\n\n<p class=\"has-text-align-center has-pale-cyan-blue-background-color has-background has-medium-font-size\"><a href=\"https:\/\/www.estrategiaconcursos.com.br\/blog\/concursos-abertos\/\" target=\"_blank\" rel=\"noreferrer noopener\">Concursos abertos<\/a><\/p>\n\n\n\n<p class=\"has-text-align-center has-pale-cyan-blue-background-color has-background has-medium-font-size\"><a href=\"https:\/\/www.estrategiaconcursos.com.br\/blog\/concursos-2023\/\" target=\"_blank\" rel=\"noreferrer noopener\">Concursos 2023<\/a><\/p>\n\n\n\n<div class=\"container\" id=\"boxes\">\n  <div class=\"row\">\n    <div class=\"col-sm\">\n      <div class=\"estrategia\" id=\"box-assinatura\">\n        <h3 class=\"titulo-assinatura\">Assinatura de Concursos<\/h3>\n        <p class=\"subtitulo-assinatura\">Assinatura de 1 ano ou 2 anos<\/p>\n        <div class=\"box-botao\">\n          <a class=\"btn-assinatura\" target=\"_blank\" href=\"https:\/\/www.estrategiaconcursos.com.br\/assinaturas\/\" role=\"button\" rel=\"noopener noreferrer\">ASSINE AGORA<\/a>\n        <\/div>\n      <\/div>\n      \n    <\/div><\/div><\/div>\n\n\n\n<p><\/p>\n","protected":false},"excerpt":{"rendered":"<p>Neste artigo, abordaremos os aspectos gerais dos contratos de trabalho, com foco no futuro concurso para AFT.<\/p>\n","protected":false},"author":1762,"featured_media":1262523,"comment_status":"open","ping_status":"closed","sticky":false,"template":"","format":"standard","meta":{"post_tipo":"article","footnotes":""},"categories":[1,220182],"tags":[542,627],"tax_estado":[219963],"class_list":["post-1262598","post","type-post","status-publish","format-standard","has-post-thumbnail","hentry","category-cursos-e-concursos","category-fiscal-federal","tag-aft","tag-direito-do-trabalho","tax_estado-concursos-federais"],"acf":[],"yoast_head":"<!-- This site is optimized with the Yoast SEO Premium plugin v27.2 (Yoast SEO v27.2) - https:\/\/yoast.com\/product\/yoast-seo-premium-wordpress\/ -->\n<title>Contrato de trabalho: pontos importantes para AFT<\/title>\n<meta name=\"description\" content=\"Neste artigo, abordaremos os aspectos gerais dos contratos de trabalho, com foco no futuro concurso para AFT.\" \/>\n<meta name=\"robots\" content=\"index, follow, max-snippet:-1, max-image-preview:large, max-video-preview:-1\" \/>\n<link rel=\"canonical\" href=\"https:\/\/www.estrategiaconcursos.com.br\/blog\/contrato-trabalho-pontos-importantes-aft\/\" \/>\n<meta property=\"og:locale\" content=\"pt_BR\" \/>\n<meta property=\"og:type\" content=\"article\" \/>\n<meta property=\"og:title\" content=\"Contrato de trabalho: pontos importantes para AFT\" \/>\n<meta property=\"og:description\" content=\"Neste artigo, abordaremos os aspectos gerais dos contratos de trabalho, com foco no futuro concurso para AFT.\" \/>\n<meta property=\"og:url\" content=\"https:\/\/www.estrategiaconcursos.com.br\/blog\/contrato-trabalho-pontos-importantes-aft\/\" \/>\n<meta property=\"og:site_name\" content=\"Estrat\u00e9gia Concursos\" \/>\n<meta property=\"article:published_time\" content=\"2023-09-10T11:00:00+00:00\" \/>\n<meta property=\"og:image\" content=\"https:\/\/dhg1h5j42swfq.cloudfront.net\/2023\/08\/09172842\/aft.jpg\" \/>\n\t<meta property=\"og:image:width\" content=\"1920\" \/>\n\t<meta property=\"og:image:height\" content=\"1080\" \/>\n\t<meta property=\"og:image:type\" content=\"image\/jpeg\" \/>\n<meta name=\"author\" content=\"Vin\u00edcius Peron Fineto\" \/>\n<meta name=\"twitter:card\" content=\"summary_large_image\" \/>\n<meta name=\"twitter:creator\" content=\"@EstratConcursos\" \/>\n<meta name=\"twitter:site\" content=\"@EstratConcursos\" \/>\n<meta name=\"twitter:label1\" content=\"Escrito por\" \/>\n\t<meta name=\"twitter:data1\" content=\"Vin\u00edcius Peron Fineto\" \/>\n\t<meta name=\"twitter:label2\" content=\"Est. tempo de leitura\" \/>\n\t<meta name=\"twitter:data2\" content=\"10 minutos\" \/>\n<script type=\"application\/ld+json\" class=\"yoast-schema-graph\">{\"@context\":\"https:\/\/schema.org\",\"@graph\":[{\"@type\":\"NewsArticle\",\"@id\":\"https:\/\/www.estrategiaconcursos.com.br\/blog\/contrato-trabalho-pontos-importantes-aft\/#article\",\"isPartOf\":{\"@id\":\"https:\/\/www.estrategiaconcursos.com.br\/blog\/contrato-trabalho-pontos-importantes-aft\/\"},\"author\":{\"name\":\"Vin\u00edcius Peron Fineto\",\"@id\":\"https:\/\/www.estrategiaconcursos.com.br\/blog\/#\/schema\/person\/fe8a2abf3ff9f696350c947cf9947cc6\"},\"headline\":\"Contrato de trabalho: pontos importantes para AFT\",\"datePublished\":\"2023-09-10T11:00:00+00:00\",\"mainEntityOfPage\":{\"@id\":\"https:\/\/www.estrategiaconcursos.com.br\/blog\/contrato-trabalho-pontos-importantes-aft\/\"},\"wordCount\":1955,\"commentCount\":0,\"publisher\":{\"@id\":\"https:\/\/www.estrategiaconcursos.com.br\/blog\/#organization\"},\"image\":{\"@id\":\"https:\/\/www.estrategiaconcursos.com.br\/blog\/contrato-trabalho-pontos-importantes-aft\/#primaryimage\"},\"thumbnailUrl\":\"https:\/\/dhg1h5j42swfq.cloudfront.net\/2023\/08\/09172842\/aft.jpg\",\"keywords\":[\"AFT\",\"Direito do Trabalho\"],\"articleSection\":[\"Concursos P\u00fablicos\",\"Fiscal - Federal (RFB e AFT)\"],\"inLanguage\":\"pt-BR\",\"potentialAction\":[{\"@type\":\"CommentAction\",\"name\":\"Comment\",\"target\":[\"https:\/\/www.estrategiaconcursos.com.br\/blog\/contrato-trabalho-pontos-importantes-aft\/#respond\"]}],\"copyrightYear\":\"2023\",\"copyrightHolder\":{\"@id\":\"https:\/\/www.estrategiaconcursos.com.br\/blog\/#organization\"}},{\"@type\":\"WebPage\",\"@id\":\"https:\/\/www.estrategiaconcursos.com.br\/blog\/contrato-trabalho-pontos-importantes-aft\/\",\"url\":\"https:\/\/www.estrategiaconcursos.com.br\/blog\/contrato-trabalho-pontos-importantes-aft\/\",\"name\":\"Contrato de trabalho: pontos importantes para AFT\",\"isPartOf\":{\"@id\":\"https:\/\/www.estrategiaconcursos.com.br\/blog\/#website\"},\"primaryImageOfPage\":{\"@id\":\"https:\/\/www.estrategiaconcursos.com.br\/blog\/contrato-trabalho-pontos-importantes-aft\/#primaryimage\"},\"image\":{\"@id\":\"https:\/\/www.estrategiaconcursos.com.br\/blog\/contrato-trabalho-pontos-importantes-aft\/#primaryimage\"},\"thumbnailUrl\":\"https:\/\/dhg1h5j42swfq.cloudfront.net\/2023\/08\/09172842\/aft.jpg\",\"datePublished\":\"2023-09-10T11:00:00+00:00\",\"description\":\"Neste artigo, abordaremos os aspectos gerais dos contratos de trabalho, com foco no futuro concurso para AFT.\",\"breadcrumb\":{\"@id\":\"https:\/\/www.estrategiaconcursos.com.br\/blog\/contrato-trabalho-pontos-importantes-aft\/#breadcrumb\"},\"inLanguage\":\"pt-BR\",\"potentialAction\":[{\"@type\":\"ReadAction\",\"target\":[\"https:\/\/www.estrategiaconcursos.com.br\/blog\/contrato-trabalho-pontos-importantes-aft\/\"]}]},{\"@type\":\"ImageObject\",\"inLanguage\":\"pt-BR\",\"@id\":\"https:\/\/www.estrategiaconcursos.com.br\/blog\/contrato-trabalho-pontos-importantes-aft\/#primaryimage\",\"url\":\"https:\/\/dhg1h5j42swfq.cloudfront.net\/2023\/08\/09172842\/aft.jpg\",\"contentUrl\":\"https:\/\/dhg1h5j42swfq.cloudfront.net\/2023\/08\/09172842\/aft.jpg\",\"width\":1920,\"height\":1080,\"caption\":\"riscos que existem na carei\"},{\"@type\":\"BreadcrumbList\",\"@id\":\"https:\/\/www.estrategiaconcursos.com.br\/blog\/contrato-trabalho-pontos-importantes-aft\/#breadcrumb\",\"itemListElement\":[{\"@type\":\"ListItem\",\"position\":1,\"name\":\"In\u00edcio\",\"item\":\"https:\/\/www.estrategiaconcursos.com.br\/blog\/\"},{\"@type\":\"ListItem\",\"position\":2,\"name\":\"Contrato de trabalho: pontos importantes para AFT\"}]},{\"@type\":\"WebSite\",\"@id\":\"https:\/\/www.estrategiaconcursos.com.br\/blog\/#website\",\"url\":\"https:\/\/www.estrategiaconcursos.com.br\/blog\/\",\"name\":\"Estrat\u00e9gia Concursos\",\"description\":\"O blog da Estrat\u00e9gia Concursos traz not\u00edcias sobre concursos e artigos de professores oferecendo cursos para concursos (pdf + videaulas) no site.\",\"publisher\":{\"@id\":\"https:\/\/www.estrategiaconcursos.com.br\/blog\/#organization\"},\"potentialAction\":[{\"@type\":\"SearchAction\",\"target\":{\"@type\":\"EntryPoint\",\"urlTemplate\":\"https:\/\/www.estrategiaconcursos.com.br\/blog\/?s={search_term_string}\"},\"query-input\":{\"@type\":\"PropertyValueSpecification\",\"valueRequired\":true,\"valueName\":\"search_term_string\"}}],\"inLanguage\":\"pt-BR\"},{\"@type\":\"Organization\",\"@id\":\"https:\/\/www.estrategiaconcursos.com.br\/blog\/#organization\",\"name\":\"Estrat\u00e9gia Concursos\",\"url\":\"https:\/\/www.estrategiaconcursos.com.br\/blog\/\",\"logo\":{\"@type\":\"ImageObject\",\"inLanguage\":\"pt-BR\",\"@id\":\"https:\/\/www.estrategiaconcursos.com.br\/blog\/#\/schema\/logo\/image\/\",\"url\":\"https:\/\/dhg1h5j42swfq.cloudfront.net\/2025\/06\/03203428\/logo_concursos-1.jpg\",\"contentUrl\":\"https:\/\/dhg1h5j42swfq.cloudfront.net\/2025\/06\/03203428\/logo_concursos-1.jpg\",\"width\":230,\"height\":60,\"caption\":\"Estrat\u00e9gia Concursos\"},\"image\":{\"@id\":\"https:\/\/www.estrategiaconcursos.com.br\/blog\/#\/schema\/logo\/image\/\"},\"sameAs\":[\"https:\/\/x.com\/EstratConcursos\"]},{\"@type\":\"Person\",\"@id\":\"https:\/\/www.estrategiaconcursos.com.br\/blog\/#\/schema\/person\/fe8a2abf3ff9f696350c947cf9947cc6\",\"name\":\"Vin\u00edcius Peron Fineto\",\"image\":{\"@type\":\"ImageObject\",\"inLanguage\":\"pt-BR\",\"@id\":\"https:\/\/secure.gravatar.com\/avatar\/be5bf5bd8d22b43db4df87d616c1d70412b05a4f4ebc35a5f29a14d6ceda8da6?s=96&d=mm&r=g\",\"url\":\"https:\/\/secure.gravatar.com\/avatar\/be5bf5bd8d22b43db4df87d616c1d70412b05a4f4ebc35a5f29a14d6ceda8da6?s=96&d=mm&r=g\",\"contentUrl\":\"https:\/\/secure.gravatar.com\/avatar\/be5bf5bd8d22b43db4df87d616c1d70412b05a4f4ebc35a5f29a14d6ceda8da6?s=96&d=mm&r=g\",\"caption\":\"Vin\u00edcius Peron Fineto\"},\"url\":\"https:\/\/www.estrategiaconcursos.com.br\/blog\/author\/vinicius-finetoestrategiaconcursos-com-br\/\"}]}<\/script>\n<!-- \/ Yoast SEO Premium plugin. -->","yoast_head_json":{"title":"Contrato de trabalho: pontos importantes para AFT","description":"Neste artigo, abordaremos os aspectos gerais dos contratos de trabalho, com foco no futuro concurso para AFT.","robots":{"index":"index","follow":"follow","max-snippet":"max-snippet:-1","max-image-preview":"max-image-preview:large","max-video-preview":"max-video-preview:-1"},"canonical":"https:\/\/www.estrategiaconcursos.com.br\/blog\/contrato-trabalho-pontos-importantes-aft\/","og_locale":"pt_BR","og_type":"article","og_title":"Contrato de trabalho: pontos importantes para AFT","og_description":"Neste artigo, abordaremos os aspectos gerais dos contratos de trabalho, com foco no futuro concurso para AFT.","og_url":"https:\/\/www.estrategiaconcursos.com.br\/blog\/contrato-trabalho-pontos-importantes-aft\/","og_site_name":"Estrat\u00e9gia Concursos","article_published_time":"2023-09-10T11:00:00+00:00","og_image":[{"width":1920,"height":1080,"url":"https:\/\/dhg1h5j42swfq.cloudfront.net\/2023\/08\/09172842\/aft.jpg","type":"image\/jpeg"}],"author":"Vin\u00edcius Peron Fineto","twitter_card":"summary_large_image","twitter_creator":"@EstratConcursos","twitter_site":"@EstratConcursos","twitter_misc":{"Escrito por":"Vin\u00edcius Peron Fineto","Est. tempo de leitura":"10 minutos"},"schema":{"@context":"https:\/\/schema.org","@graph":[{"@type":"NewsArticle","@id":"https:\/\/www.estrategiaconcursos.com.br\/blog\/contrato-trabalho-pontos-importantes-aft\/#article","isPartOf":{"@id":"https:\/\/www.estrategiaconcursos.com.br\/blog\/contrato-trabalho-pontos-importantes-aft\/"},"author":{"name":"Vin\u00edcius Peron Fineto","@id":"https:\/\/www.estrategiaconcursos.com.br\/blog\/#\/schema\/person\/fe8a2abf3ff9f696350c947cf9947cc6"},"headline":"Contrato de trabalho: pontos importantes para AFT","datePublished":"2023-09-10T11:00:00+00:00","mainEntityOfPage":{"@id":"https:\/\/www.estrategiaconcursos.com.br\/blog\/contrato-trabalho-pontos-importantes-aft\/"},"wordCount":1955,"commentCount":0,"publisher":{"@id":"https:\/\/www.estrategiaconcursos.com.br\/blog\/#organization"},"image":{"@id":"https:\/\/www.estrategiaconcursos.com.br\/blog\/contrato-trabalho-pontos-importantes-aft\/#primaryimage"},"thumbnailUrl":"https:\/\/dhg1h5j42swfq.cloudfront.net\/2023\/08\/09172842\/aft.jpg","keywords":["AFT","Direito do Trabalho"],"articleSection":["Concursos P\u00fablicos","Fiscal - Federal (RFB e AFT)"],"inLanguage":"pt-BR","potentialAction":[{"@type":"CommentAction","name":"Comment","target":["https:\/\/www.estrategiaconcursos.com.br\/blog\/contrato-trabalho-pontos-importantes-aft\/#respond"]}],"copyrightYear":"2023","copyrightHolder":{"@id":"https:\/\/www.estrategiaconcursos.com.br\/blog\/#organization"}},{"@type":"WebPage","@id":"https:\/\/www.estrategiaconcursos.com.br\/blog\/contrato-trabalho-pontos-importantes-aft\/","url":"https:\/\/www.estrategiaconcursos.com.br\/blog\/contrato-trabalho-pontos-importantes-aft\/","name":"Contrato de trabalho: pontos importantes para AFT","isPartOf":{"@id":"https:\/\/www.estrategiaconcursos.com.br\/blog\/#website"},"primaryImageOfPage":{"@id":"https:\/\/www.estrategiaconcursos.com.br\/blog\/contrato-trabalho-pontos-importantes-aft\/#primaryimage"},"image":{"@id":"https:\/\/www.estrategiaconcursos.com.br\/blog\/contrato-trabalho-pontos-importantes-aft\/#primaryimage"},"thumbnailUrl":"https:\/\/dhg1h5j42swfq.cloudfront.net\/2023\/08\/09172842\/aft.jpg","datePublished":"2023-09-10T11:00:00+00:00","description":"Neste artigo, abordaremos os aspectos gerais dos contratos de trabalho, com foco no futuro concurso para AFT.","breadcrumb":{"@id":"https:\/\/www.estrategiaconcursos.com.br\/blog\/contrato-trabalho-pontos-importantes-aft\/#breadcrumb"},"inLanguage":"pt-BR","potentialAction":[{"@type":"ReadAction","target":["https:\/\/www.estrategiaconcursos.com.br\/blog\/contrato-trabalho-pontos-importantes-aft\/"]}]},{"@type":"ImageObject","inLanguage":"pt-BR","@id":"https:\/\/www.estrategiaconcursos.com.br\/blog\/contrato-trabalho-pontos-importantes-aft\/#primaryimage","url":"https:\/\/dhg1h5j42swfq.cloudfront.net\/2023\/08\/09172842\/aft.jpg","contentUrl":"https:\/\/dhg1h5j42swfq.cloudfront.net\/2023\/08\/09172842\/aft.jpg","width":1920,"height":1080,"caption":"riscos que existem na carei"},{"@type":"BreadcrumbList","@id":"https:\/\/www.estrategiaconcursos.com.br\/blog\/contrato-trabalho-pontos-importantes-aft\/#breadcrumb","itemListElement":[{"@type":"ListItem","position":1,"name":"In\u00edcio","item":"https:\/\/www.estrategiaconcursos.com.br\/blog\/"},{"@type":"ListItem","position":2,"name":"Contrato de trabalho: pontos importantes para AFT"}]},{"@type":"WebSite","@id":"https:\/\/www.estrategiaconcursos.com.br\/blog\/#website","url":"https:\/\/www.estrategiaconcursos.com.br\/blog\/","name":"Estrat\u00e9gia Concursos","description":"O blog da Estrat\u00e9gia Concursos traz not\u00edcias sobre concursos e artigos de professores oferecendo cursos para concursos (pdf + videaulas) no site.","publisher":{"@id":"https:\/\/www.estrategiaconcursos.com.br\/blog\/#organization"},"potentialAction":[{"@type":"SearchAction","target":{"@type":"EntryPoint","urlTemplate":"https:\/\/www.estrategiaconcursos.com.br\/blog\/?s={search_term_string}"},"query-input":{"@type":"PropertyValueSpecification","valueRequired":true,"valueName":"search_term_string"}}],"inLanguage":"pt-BR"},{"@type":"Organization","@id":"https:\/\/www.estrategiaconcursos.com.br\/blog\/#organization","name":"Estrat\u00e9gia Concursos","url":"https:\/\/www.estrategiaconcursos.com.br\/blog\/","logo":{"@type":"ImageObject","inLanguage":"pt-BR","@id":"https:\/\/www.estrategiaconcursos.com.br\/blog\/#\/schema\/logo\/image\/","url":"https:\/\/dhg1h5j42swfq.cloudfront.net\/2025\/06\/03203428\/logo_concursos-1.jpg","contentUrl":"https:\/\/dhg1h5j42swfq.cloudfront.net\/2025\/06\/03203428\/logo_concursos-1.jpg","width":230,"height":60,"caption":"Estrat\u00e9gia Concursos"},"image":{"@id":"https:\/\/www.estrategiaconcursos.com.br\/blog\/#\/schema\/logo\/image\/"},"sameAs":["https:\/\/x.com\/EstratConcursos"]},{"@type":"Person","@id":"https:\/\/www.estrategiaconcursos.com.br\/blog\/#\/schema\/person\/fe8a2abf3ff9f696350c947cf9947cc6","name":"Vin\u00edcius Peron Fineto","image":{"@type":"ImageObject","inLanguage":"pt-BR","@id":"https:\/\/secure.gravatar.com\/avatar\/be5bf5bd8d22b43db4df87d616c1d70412b05a4f4ebc35a5f29a14d6ceda8da6?s=96&d=mm&r=g","url":"https:\/\/secure.gravatar.com\/avatar\/be5bf5bd8d22b43db4df87d616c1d70412b05a4f4ebc35a5f29a14d6ceda8da6?s=96&d=mm&r=g","contentUrl":"https:\/\/secure.gravatar.com\/avatar\/be5bf5bd8d22b43db4df87d616c1d70412b05a4f4ebc35a5f29a14d6ceda8da6?s=96&d=mm&r=g","caption":"Vin\u00edcius Peron Fineto"},"url":"https:\/\/www.estrategiaconcursos.com.br\/blog\/author\/vinicius-finetoestrategiaconcursos-com-br\/"}]}},"_links":{"self":[{"href":"https:\/\/www.estrategiaconcursos.com.br\/blog\/wp-json\/wp\/v2\/posts\/1262598","targetHints":{"allow":["GET"]}}],"collection":[{"href":"https:\/\/www.estrategiaconcursos.com.br\/blog\/wp-json\/wp\/v2\/posts"}],"about":[{"href":"https:\/\/www.estrategiaconcursos.com.br\/blog\/wp-json\/wp\/v2\/types\/post"}],"author":[{"embeddable":true,"href":"https:\/\/www.estrategiaconcursos.com.br\/blog\/wp-json\/wp\/v2\/users\/1762"}],"replies":[{"embeddable":true,"href":"https:\/\/www.estrategiaconcursos.com.br\/blog\/wp-json\/wp\/v2\/comments?post=1262598"}],"version-history":[{"count":7,"href":"https:\/\/www.estrategiaconcursos.com.br\/blog\/wp-json\/wp\/v2\/posts\/1262598\/revisions"}],"predecessor-version":[{"id":1262610,"href":"https:\/\/www.estrategiaconcursos.com.br\/blog\/wp-json\/wp\/v2\/posts\/1262598\/revisions\/1262610"}],"wp:featuredmedia":[{"embeddable":true,"href":"https:\/\/www.estrategiaconcursos.com.br\/blog\/wp-json\/wp\/v2\/media\/1262523"}],"wp:attachment":[{"href":"https:\/\/www.estrategiaconcursos.com.br\/blog\/wp-json\/wp\/v2\/media?parent=1262598"}],"wp:term":[{"taxonomy":"category","embeddable":true,"href":"https:\/\/www.estrategiaconcursos.com.br\/blog\/wp-json\/wp\/v2\/categories?post=1262598"},{"taxonomy":"post_tag","embeddable":true,"href":"https:\/\/www.estrategiaconcursos.com.br\/blog\/wp-json\/wp\/v2\/tags?post=1262598"},{"taxonomy":"tax_estado","embeddable":true,"href":"https:\/\/www.estrategiaconcursos.com.br\/blog\/wp-json\/wp\/v2\/tax_estado?post=1262598"}],"curies":[{"name":"wp","href":"https:\/\/api.w.org\/{rel}","templated":true}]}}