{"id":126259,"date":"2018-06-13T11:45:12","date_gmt":"2018-06-13T14:45:12","guid":{"rendered":"https:\/\/www.estrategiaconcursos.com.br\/blog\/?p=126259"},"modified":"2018-06-13T12:01:50","modified_gmt":"2018-06-13T15:01:50","slug":"ministro-raul-edital-policia-federal","status":"publish","type":"post","link":"https:\/\/www.estrategiaconcursos.com.br\/blog\/ministro-raul-edital-policia-federal\/","title":{"rendered":"Edital do concurso da PF ser\u00e1 assinado nesta quarta (13), afirma o ministro Raul Jungman"},"content":{"rendered":"<p>Em entrevista coletiva realizada nesta quarta-feira, 13 de junho, o Ministro da Seguran\u00e7a P\u00fablica, Raul Jungman, informou que assina hoje o edital do <a href=\"https:\/\/www.estrategiaconcursos.com.br\/blog\/concurso-pf\/\" target=\"_blank\" rel=\"noopener\"><span style=\"text-decoration: underline;\"><strong><em>concurso da Pol\u00edcia Federal<\/em><\/strong><\/span><\/a>.<\/p>\n<p>A previs\u00e3o inicial, j\u00e1 divulgada pelo Cespe\/Cebraspe, banca organizadora do concurso, \u00e9 de que o edital do certame deva ser publicado at\u00e9 sexta-feira.<\/p>\n<p>Ser\u00e3o ofertadas <em><strong>500 vagas para todos os cargos<\/strong><\/em> da carreira da Pol\u00edcia Federal. Entre os cargos ofertados est\u00e3o: <em><strong>Delegado, Escriv\u00e3o, Agente, Papiloscopista e Perito Criminal<\/strong><\/em>.<\/p>\n<p>Na \u00faltima ter\u00e7a-feira, em contato com a banca organizadora, o Cespe\/Cebraspe confirmou ao Estrat\u00e9gia Concursos os rumores de que o edital possa ser publicado at\u00e9 o pr\u00f3ximo dia 15 de junho.<\/p>\n<p>O an\u00fancio da realiza\u00e7\u00e3o de um <span style=\"text-decoration: underline;\"><a href=\"https:\/\/www.estrategiaconcursos.com.br\/blog\/concurso-pf\/\" target=\"_blank\" rel=\"noopener\"><em><strong>concurso para a PF<\/strong><\/em><\/a><\/span> foi feito pelo pr\u00f3prio ministro ainda em fevereiro deste ano, na ocasi\u00e3o da sua posse no Minist\u00e9rio Extraordin\u00e1rio da Seguran\u00e7a P\u00fablica.<\/p>\n<p>A realiza\u00e7\u00e3o de concursos para a Pol\u00edcia Federal e para a Pol\u00edcia Rodovi\u00e1ria Federal entrou na lista das principais a\u00e7\u00f5es da nova pasta e\u00a0faz parte da estrat\u00e9gia do minist\u00e9rio de fortalecer o combate ao crime no pa\u00eds.<\/p>\n<h2>Vagas e Cargos<\/h2>\n<p><strong><em>Delegado<\/em><\/strong>: 150 vagas<\/p>\n<p><strong><em>Perito Criminal<\/em><\/strong>: 60 vagas<\/p>\n<p><strong><em>Escriv\u00e3o<\/em>:<\/strong>\u00a080 vagas<\/p>\n<p><strong><em>Papiloscopista<\/em><\/strong>: 30 vagas<\/p>\n<p><strong><em>Agente<\/em><\/strong>: 180 vagas<\/p>\n","protected":false},"excerpt":{"rendered":"<p>Em entrevista coletiva realizada nesta quarta-feira, 13 de junho, o Ministro da Seguran\u00e7a P\u00fablica, Raul Jungman, informou que assina hoje o edital do concurso da Pol\u00edcia Federal. A previs\u00e3o inicial, j\u00e1 divulgada pelo Cespe\/Cebraspe, banca organizadora do concurso, \u00e9 de que o edital do certame deva ser publicado at\u00e9 sexta-feira. Ser\u00e3o ofertadas 500 vagas para [&hellip;]<\/p>\n","protected":false},"author":1,"featured_media":75255,"comment_status":"open","ping_status":"closed","sticky":false,"template":"","format":"standard","meta":{"post_tipo":"news","footnotes":""},"categories":[1],"tags":[],"tax_estado":[],"class_list":["post-126259","post","type-post","status-publish","format-standard","has-post-thumbnail","hentry","category-cursos-e-concursos"],"acf":[],"yoast_head":"<!-- This site is optimized with the Yoast SEO Premium plugin v27.2 (Yoast SEO v27.2) - https:\/\/yoast.com\/product\/yoast-seo-premium-wordpress\/ -->\n<title>Edital do concurso PF ser\u00e1 assinado hoje (13) | EDITAL at\u00e9 sexta<\/title>\n<meta name=\"robots\" content=\"index, follow, max-snippet:-1, max-image-preview:large, max-video-preview:-1\" \/>\n<link rel=\"canonical\" href=\"https:\/\/www.estrategiaconcursos.com.br\/blog\/ministro-raul-edital-policia-federal\/\" \/>\n<meta property=\"og:locale\" content=\"pt_BR\" \/>\n<meta property=\"og:type\" content=\"article\" \/>\n<meta property=\"og:title\" content=\"Edital do concurso da PF ser\u00e1 assinado nesta quarta (13), afirma o ministro Raul Jungman\" \/>\n<meta property=\"og:description\" content=\"Em entrevista coletiva realizada nesta quarta-feira, 13 de junho, o Ministro da Seguran\u00e7a P\u00fablica, Raul Jungman, informou que assina hoje o edital do concurso da Pol\u00edcia Federal. A previs\u00e3o inicial, j\u00e1 divulgada pelo Cespe\/Cebraspe, banca organizadora do concurso, \u00e9 de que o edital do certame deva ser publicado at\u00e9 sexta-feira. Ser\u00e3o ofertadas 500 vagas para [&hellip;]\" \/>\n<meta property=\"og:url\" content=\"https:\/\/www.estrategiaconcursos.com.br\/blog\/ministro-raul-edital-policia-federal\/\" \/>\n<meta property=\"og:site_name\" content=\"Estrat\u00e9gia Concursos\" \/>\n<meta property=\"article:author\" content=\"https:\/\/www.facebook.com\/EstrategiaConcursos\" \/>\n<meta property=\"article:published_time\" content=\"2018-06-13T14:45:12+00:00\" \/>\n<meta property=\"article:modified_time\" content=\"2018-06-13T15:01:50+00:00\" \/>\n<meta property=\"og:image\" content=\"https:\/\/dhg1h5j42swfq.cloudfront.net\/2017\/05\/24174238\/pf-e1495658573155.jpg\" \/>\n\t<meta property=\"og:image:width\" content=\"400\" \/>\n\t<meta property=\"og:image:height\" content=\"209\" \/>\n\t<meta property=\"og:image:type\" content=\"image\/jpeg\" \/>\n<meta name=\"author\" content=\"Coordena\u00e7\u00e3o\" \/>\n<meta name=\"twitter:card\" content=\"summary_large_image\" \/>\n<meta name=\"twitter:creator\" content=\"@EstratConcursos\" \/>\n<meta name=\"twitter:site\" content=\"@EstratConcursos\" \/>\n<meta name=\"twitter:label1\" content=\"Escrito por\" \/>\n\t<meta name=\"twitter:data1\" content=\"Coordena\u00e7\u00e3o\" \/>\n\t<meta name=\"twitter:label2\" content=\"Est. tempo de leitura\" \/>\n\t<meta name=\"twitter:data2\" content=\"1 minuto\" \/>\n<script type=\"application\/ld+json\" class=\"yoast-schema-graph\">{\"@context\":\"https:\/\/schema.org\",\"@graph\":[{\"@type\":\"NewsArticle\",\"@id\":\"https:\/\/www.estrategiaconcursos.com.br\/blog\/ministro-raul-edital-policia-federal\/#article\",\"isPartOf\":{\"@id\":\"https:\/\/www.estrategiaconcursos.com.br\/blog\/ministro-raul-edital-policia-federal\/\"},\"author\":{\"name\":\"Coordena\u00e7\u00e3o\",\"@id\":\"https:\/\/www.estrategiaconcursos.com.br\/blog\/#\/schema\/person\/b4a388c97673c5f483d72185668afa1f\"},\"headline\":\"Edital do concurso da PF ser\u00e1 assinado nesta quarta (13), afirma o ministro Raul Jungman\",\"datePublished\":\"2018-06-13T14:45:12+00:00\",\"dateModified\":\"2018-06-13T15:01:50+00:00\",\"mainEntityOfPage\":{\"@id\":\"https:\/\/www.estrategiaconcursos.com.br\/blog\/ministro-raul-edital-policia-federal\/\"},\"wordCount\":229,\"commentCount\":3,\"publisher\":{\"@id\":\"https:\/\/www.estrategiaconcursos.com.br\/blog\/#organization\"},\"image\":{\"@id\":\"https:\/\/www.estrategiaconcursos.com.br\/blog\/ministro-raul-edital-policia-federal\/#primaryimage\"},\"thumbnailUrl\":\"https:\/\/dhg1h5j42swfq.cloudfront.net\/2017\/05\/24174238\/pf-e1495658573155.jpg\",\"articleSection\":[\"Concursos P\u00fablicos\"],\"inLanguage\":\"pt-BR\",\"potentialAction\":[{\"@type\":\"CommentAction\",\"name\":\"Comment\",\"target\":[\"https:\/\/www.estrategiaconcursos.com.br\/blog\/ministro-raul-edital-policia-federal\/#respond\"]}],\"copyrightYear\":\"2018\",\"copyrightHolder\":{\"@id\":\"https:\/\/www.estrategiaconcursos.com.br\/blog\/#organization\"}},{\"@type\":\"WebPage\",\"@id\":\"https:\/\/www.estrategiaconcursos.com.br\/blog\/ministro-raul-edital-policia-federal\/\",\"url\":\"https:\/\/www.estrategiaconcursos.com.br\/blog\/ministro-raul-edital-policia-federal\/\",\"name\":\"Edital do concurso PF ser\u00e1 assinado hoje (13) | EDITAL at\u00e9 sexta\",\"isPartOf\":{\"@id\":\"https:\/\/www.estrategiaconcursos.com.br\/blog\/#website\"},\"primaryImageOfPage\":{\"@id\":\"https:\/\/www.estrategiaconcursos.com.br\/blog\/ministro-raul-edital-policia-federal\/#primaryimage\"},\"image\":{\"@id\":\"https:\/\/www.estrategiaconcursos.com.br\/blog\/ministro-raul-edital-policia-federal\/#primaryimage\"},\"thumbnailUrl\":\"https:\/\/dhg1h5j42swfq.cloudfront.net\/2017\/05\/24174238\/pf-e1495658573155.jpg\",\"datePublished\":\"2018-06-13T14:45:12+00:00\",\"dateModified\":\"2018-06-13T15:01:50+00:00\",\"breadcrumb\":{\"@id\":\"https:\/\/www.estrategiaconcursos.com.br\/blog\/ministro-raul-edital-policia-federal\/#breadcrumb\"},\"inLanguage\":\"pt-BR\",\"potentialAction\":[{\"@type\":\"ReadAction\",\"target\":[\"https:\/\/www.estrategiaconcursos.com.br\/blog\/ministro-raul-edital-policia-federal\/\"]}]},{\"@type\":\"ImageObject\",\"inLanguage\":\"pt-BR\",\"@id\":\"https:\/\/www.estrategiaconcursos.com.br\/blog\/ministro-raul-edital-policia-federal\/#primaryimage\",\"url\":\"https:\/\/dhg1h5j42swfq.cloudfront.net\/2017\/05\/24174238\/pf-e1495658573155.jpg\",\"contentUrl\":\"https:\/\/dhg1h5j42swfq.cloudfront.net\/2017\/05\/24174238\/pf-e1495658573155.jpg\",\"width\":400,\"height\":209,\"caption\":\"Concurso Pol\u00edcia Federal\"},{\"@type\":\"BreadcrumbList\",\"@id\":\"https:\/\/www.estrategiaconcursos.com.br\/blog\/ministro-raul-edital-policia-federal\/#breadcrumb\",\"itemListElement\":[{\"@type\":\"ListItem\",\"position\":1,\"name\":\"In\u00edcio\",\"item\":\"https:\/\/www.estrategiaconcursos.com.br\/blog\/\"},{\"@type\":\"ListItem\",\"position\":2,\"name\":\"Edital do concurso da PF ser\u00e1 assinado nesta quarta (13), afirma o ministro Raul Jungman\"}]},{\"@type\":\"WebSite\",\"@id\":\"https:\/\/www.estrategiaconcursos.com.br\/blog\/#website\",\"url\":\"https:\/\/www.estrategiaconcursos.com.br\/blog\/\",\"name\":\"Estrat\u00e9gia Concursos\",\"description\":\"O blog da Estrat\u00e9gia Concursos traz not\u00edcias sobre concursos e artigos de professores oferecendo cursos para concursos (pdf + videaulas) no site.\",\"publisher\":{\"@id\":\"https:\/\/www.estrategiaconcursos.com.br\/blog\/#organization\"},\"potentialAction\":[{\"@type\":\"SearchAction\",\"target\":{\"@type\":\"EntryPoint\",\"urlTemplate\":\"https:\/\/www.estrategiaconcursos.com.br\/blog\/?s={search_term_string}\"},\"query-input\":{\"@type\":\"PropertyValueSpecification\",\"valueRequired\":true,\"valueName\":\"search_term_string\"}}],\"inLanguage\":\"pt-BR\"},{\"@type\":\"Organization\",\"@id\":\"https:\/\/www.estrategiaconcursos.com.br\/blog\/#organization\",\"name\":\"Estrat\u00e9gia Concursos\",\"url\":\"https:\/\/www.estrategiaconcursos.com.br\/blog\/\",\"logo\":{\"@type\":\"ImageObject\",\"inLanguage\":\"pt-BR\",\"@id\":\"https:\/\/www.estrategiaconcursos.com.br\/blog\/#\/schema\/logo\/image\/\",\"url\":\"https:\/\/dhg1h5j42swfq.cloudfront.net\/2025\/06\/03203428\/logo_concursos-1.jpg\",\"contentUrl\":\"https:\/\/dhg1h5j42swfq.cloudfront.net\/2025\/06\/03203428\/logo_concursos-1.jpg\",\"width\":230,\"height\":60,\"caption\":\"Estrat\u00e9gia Concursos\"},\"image\":{\"@id\":\"https:\/\/www.estrategiaconcursos.com.br\/blog\/#\/schema\/logo\/image\/\"},\"sameAs\":[\"https:\/\/x.com\/EstratConcursos\"]},{\"@type\":\"Person\",\"@id\":\"https:\/\/www.estrategiaconcursos.com.br\/blog\/#\/schema\/person\/b4a388c97673c5f483d72185668afa1f\",\"name\":\"Coordena\u00e7\u00e3o\",\"image\":{\"@type\":\"ImageObject\",\"inLanguage\":\"pt-BR\",\"@id\":\"https:\/\/secure.gravatar.com\/avatar\/b720319e4c9a967eb58678d110f4fe35452fc5d5f97b202bac7b8acceb18c6ad?s=96&d=mm&r=g\",\"url\":\"https:\/\/secure.gravatar.com\/avatar\/b720319e4c9a967eb58678d110f4fe35452fc5d5f97b202bac7b8acceb18c6ad?s=96&d=mm&r=g\",\"contentUrl\":\"https:\/\/secure.gravatar.com\/avatar\/b720319e4c9a967eb58678d110f4fe35452fc5d5f97b202bac7b8acceb18c6ad?s=96&d=mm&r=g\",\"caption\":\"Coordena\u00e7\u00e3o\"},\"sameAs\":[\"https:\/\/www.facebook.com\/EstrategiaConcursos\",\"https:\/\/x.com\/EstratConcursos\"],\"url\":\"https:\/\/www.estrategiaconcursos.com.br\/blog\/author\/estrategia2013\/\"}]}<\/script>\n<!-- \/ Yoast SEO Premium plugin. -->","yoast_head_json":{"title":"Edital do concurso PF ser\u00e1 assinado hoje (13) | EDITAL at\u00e9 sexta","robots":{"index":"index","follow":"follow","max-snippet":"max-snippet:-1","max-image-preview":"max-image-preview:large","max-video-preview":"max-video-preview:-1"},"canonical":"https:\/\/www.estrategiaconcursos.com.br\/blog\/ministro-raul-edital-policia-federal\/","og_locale":"pt_BR","og_type":"article","og_title":"Edital do concurso da PF ser\u00e1 assinado nesta quarta (13), afirma o ministro Raul Jungman","og_description":"Em entrevista coletiva realizada nesta quarta-feira, 13 de junho, o Ministro da Seguran\u00e7a P\u00fablica, Raul Jungman, informou que assina hoje o edital do concurso da Pol\u00edcia Federal. A previs\u00e3o inicial, j\u00e1 divulgada pelo Cespe\/Cebraspe, banca organizadora do concurso, \u00e9 de que o edital do certame deva ser publicado at\u00e9 sexta-feira. Ser\u00e3o ofertadas 500 vagas para [&hellip;]","og_url":"https:\/\/www.estrategiaconcursos.com.br\/blog\/ministro-raul-edital-policia-federal\/","og_site_name":"Estrat\u00e9gia Concursos","article_author":"https:\/\/www.facebook.com\/EstrategiaConcursos","article_published_time":"2018-06-13T14:45:12+00:00","article_modified_time":"2018-06-13T15:01:50+00:00","og_image":[{"width":400,"height":209,"url":"https:\/\/dhg1h5j42swfq.cloudfront.net\/2017\/05\/24174238\/pf-e1495658573155.jpg","type":"image\/jpeg"}],"author":"Coordena\u00e7\u00e3o","twitter_card":"summary_large_image","twitter_creator":"@EstratConcursos","twitter_site":"@EstratConcursos","twitter_misc":{"Escrito por":"Coordena\u00e7\u00e3o","Est. tempo de leitura":"1 minuto"},"schema":{"@context":"https:\/\/schema.org","@graph":[{"@type":"NewsArticle","@id":"https:\/\/www.estrategiaconcursos.com.br\/blog\/ministro-raul-edital-policia-federal\/#article","isPartOf":{"@id":"https:\/\/www.estrategiaconcursos.com.br\/blog\/ministro-raul-edital-policia-federal\/"},"author":{"name":"Coordena\u00e7\u00e3o","@id":"https:\/\/www.estrategiaconcursos.com.br\/blog\/#\/schema\/person\/b4a388c97673c5f483d72185668afa1f"},"headline":"Edital do concurso da PF ser\u00e1 assinado nesta quarta (13), afirma o ministro Raul Jungman","datePublished":"2018-06-13T14:45:12+00:00","dateModified":"2018-06-13T15:01:50+00:00","mainEntityOfPage":{"@id":"https:\/\/www.estrategiaconcursos.com.br\/blog\/ministro-raul-edital-policia-federal\/"},"wordCount":229,"commentCount":3,"publisher":{"@id":"https:\/\/www.estrategiaconcursos.com.br\/blog\/#organization"},"image":{"@id":"https:\/\/www.estrategiaconcursos.com.br\/blog\/ministro-raul-edital-policia-federal\/#primaryimage"},"thumbnailUrl":"https:\/\/dhg1h5j42swfq.cloudfront.net\/2017\/05\/24174238\/pf-e1495658573155.jpg","articleSection":["Concursos P\u00fablicos"],"inLanguage":"pt-BR","potentialAction":[{"@type":"CommentAction","name":"Comment","target":["https:\/\/www.estrategiaconcursos.com.br\/blog\/ministro-raul-edital-policia-federal\/#respond"]}],"copyrightYear":"2018","copyrightHolder":{"@id":"https:\/\/www.estrategiaconcursos.com.br\/blog\/#organization"}},{"@type":"WebPage","@id":"https:\/\/www.estrategiaconcursos.com.br\/blog\/ministro-raul-edital-policia-federal\/","url":"https:\/\/www.estrategiaconcursos.com.br\/blog\/ministro-raul-edital-policia-federal\/","name":"Edital do concurso PF ser\u00e1 assinado hoje (13) | EDITAL at\u00e9 sexta","isPartOf":{"@id":"https:\/\/www.estrategiaconcursos.com.br\/blog\/#website"},"primaryImageOfPage":{"@id":"https:\/\/www.estrategiaconcursos.com.br\/blog\/ministro-raul-edital-policia-federal\/#primaryimage"},"image":{"@id":"https:\/\/www.estrategiaconcursos.com.br\/blog\/ministro-raul-edital-policia-federal\/#primaryimage"},"thumbnailUrl":"https:\/\/dhg1h5j42swfq.cloudfront.net\/2017\/05\/24174238\/pf-e1495658573155.jpg","datePublished":"2018-06-13T14:45:12+00:00","dateModified":"2018-06-13T15:01:50+00:00","breadcrumb":{"@id":"https:\/\/www.estrategiaconcursos.com.br\/blog\/ministro-raul-edital-policia-federal\/#breadcrumb"},"inLanguage":"pt-BR","potentialAction":[{"@type":"ReadAction","target":["https:\/\/www.estrategiaconcursos.com.br\/blog\/ministro-raul-edital-policia-federal\/"]}]},{"@type":"ImageObject","inLanguage":"pt-BR","@id":"https:\/\/www.estrategiaconcursos.com.br\/blog\/ministro-raul-edital-policia-federal\/#primaryimage","url":"https:\/\/dhg1h5j42swfq.cloudfront.net\/2017\/05\/24174238\/pf-e1495658573155.jpg","contentUrl":"https:\/\/dhg1h5j42swfq.cloudfront.net\/2017\/05\/24174238\/pf-e1495658573155.jpg","width":400,"height":209,"caption":"Concurso Pol\u00edcia Federal"},{"@type":"BreadcrumbList","@id":"https:\/\/www.estrategiaconcursos.com.br\/blog\/ministro-raul-edital-policia-federal\/#breadcrumb","itemListElement":[{"@type":"ListItem","position":1,"name":"In\u00edcio","item":"https:\/\/www.estrategiaconcursos.com.br\/blog\/"},{"@type":"ListItem","position":2,"name":"Edital do concurso da PF ser\u00e1 assinado nesta quarta (13), afirma o ministro Raul Jungman"}]},{"@type":"WebSite","@id":"https:\/\/www.estrategiaconcursos.com.br\/blog\/#website","url":"https:\/\/www.estrategiaconcursos.com.br\/blog\/","name":"Estrat\u00e9gia Concursos","description":"O blog da Estrat\u00e9gia Concursos traz not\u00edcias sobre concursos e artigos de professores oferecendo cursos para concursos (pdf + videaulas) no site.","publisher":{"@id":"https:\/\/www.estrategiaconcursos.com.br\/blog\/#organization"},"potentialAction":[{"@type":"SearchAction","target":{"@type":"EntryPoint","urlTemplate":"https:\/\/www.estrategiaconcursos.com.br\/blog\/?s={search_term_string}"},"query-input":{"@type":"PropertyValueSpecification","valueRequired":true,"valueName":"search_term_string"}}],"inLanguage":"pt-BR"},{"@type":"Organization","@id":"https:\/\/www.estrategiaconcursos.com.br\/blog\/#organization","name":"Estrat\u00e9gia Concursos","url":"https:\/\/www.estrategiaconcursos.com.br\/blog\/","logo":{"@type":"ImageObject","inLanguage":"pt-BR","@id":"https:\/\/www.estrategiaconcursos.com.br\/blog\/#\/schema\/logo\/image\/","url":"https:\/\/dhg1h5j42swfq.cloudfront.net\/2025\/06\/03203428\/logo_concursos-1.jpg","contentUrl":"https:\/\/dhg1h5j42swfq.cloudfront.net\/2025\/06\/03203428\/logo_concursos-1.jpg","width":230,"height":60,"caption":"Estrat\u00e9gia Concursos"},"image":{"@id":"https:\/\/www.estrategiaconcursos.com.br\/blog\/#\/schema\/logo\/image\/"},"sameAs":["https:\/\/x.com\/EstratConcursos"]},{"@type":"Person","@id":"https:\/\/www.estrategiaconcursos.com.br\/blog\/#\/schema\/person\/b4a388c97673c5f483d72185668afa1f","name":"Coordena\u00e7\u00e3o","image":{"@type":"ImageObject","inLanguage":"pt-BR","@id":"https:\/\/secure.gravatar.com\/avatar\/b720319e4c9a967eb58678d110f4fe35452fc5d5f97b202bac7b8acceb18c6ad?s=96&d=mm&r=g","url":"https:\/\/secure.gravatar.com\/avatar\/b720319e4c9a967eb58678d110f4fe35452fc5d5f97b202bac7b8acceb18c6ad?s=96&d=mm&r=g","contentUrl":"https:\/\/secure.gravatar.com\/avatar\/b720319e4c9a967eb58678d110f4fe35452fc5d5f97b202bac7b8acceb18c6ad?s=96&d=mm&r=g","caption":"Coordena\u00e7\u00e3o"},"sameAs":["https:\/\/www.facebook.com\/EstrategiaConcursos","https:\/\/x.com\/EstratConcursos"],"url":"https:\/\/www.estrategiaconcursos.com.br\/blog\/author\/estrategia2013\/"}]}},"_links":{"self":[{"href":"https:\/\/www.estrategiaconcursos.com.br\/blog\/wp-json\/wp\/v2\/posts\/126259","targetHints":{"allow":["GET"]}}],"collection":[{"href":"https:\/\/www.estrategiaconcursos.com.br\/blog\/wp-json\/wp\/v2\/posts"}],"about":[{"href":"https:\/\/www.estrategiaconcursos.com.br\/blog\/wp-json\/wp\/v2\/types\/post"}],"author":[{"embeddable":true,"href":"https:\/\/www.estrategiaconcursos.com.br\/blog\/wp-json\/wp\/v2\/users\/1"}],"replies":[{"embeddable":true,"href":"https:\/\/www.estrategiaconcursos.com.br\/blog\/wp-json\/wp\/v2\/comments?post=126259"}],"version-history":[{"count":5,"href":"https:\/\/www.estrategiaconcursos.com.br\/blog\/wp-json\/wp\/v2\/posts\/126259\/revisions"}],"predecessor-version":[{"id":126267,"href":"https:\/\/www.estrategiaconcursos.com.br\/blog\/wp-json\/wp\/v2\/posts\/126259\/revisions\/126267"}],"wp:featuredmedia":[{"embeddable":true,"href":"https:\/\/www.estrategiaconcursos.com.br\/blog\/wp-json\/wp\/v2\/media\/75255"}],"wp:attachment":[{"href":"https:\/\/www.estrategiaconcursos.com.br\/blog\/wp-json\/wp\/v2\/media?parent=126259"}],"wp:term":[{"taxonomy":"category","embeddable":true,"href":"https:\/\/www.estrategiaconcursos.com.br\/blog\/wp-json\/wp\/v2\/categories?post=126259"},{"taxonomy":"post_tag","embeddable":true,"href":"https:\/\/www.estrategiaconcursos.com.br\/blog\/wp-json\/wp\/v2\/tags?post=126259"},{"taxonomy":"tax_estado","embeddable":true,"href":"https:\/\/www.estrategiaconcursos.com.br\/blog\/wp-json\/wp\/v2\/tax_estado?post=126259"}],"curies":[{"name":"wp","href":"https:\/\/api.w.org\/{rel}","templated":true}]}}