{"id":1262352,"date":"2023-08-09T15:22:35","date_gmt":"2023-08-09T18:22:35","guid":{"rendered":"https:\/\/www.estrategiaconcursos.com.br\/blog\/?p=1262352"},"modified":"2023-08-09T15:51:46","modified_gmt":"2023-08-09T18:51:46","slug":"concurso-sefaz-rj-pauta-reuniao-nesta-quinta","status":"publish","type":"post","link":"https:\/\/www.estrategiaconcursos.com.br\/blog\/concurso-sefaz-rj-pauta-reuniao-nesta-quinta\/","title":{"rendered":"Concurso SEFAZ RJ ser\u00e1 pauta de reuni\u00e3o nesta quinta (10\/08)!"},"content":{"rendered":"\n<p>O concurso da<strong> <\/strong><a href=\"https:\/\/www.estrategiaconcursos.com.br\/cursosPorConcurso\/icms-rj-9\/\" target=\"_blank\" rel=\"noreferrer noopener\">Secretaria da Fazenda do Rio de Janeiro<\/a>\u00a0(<strong>Sefaz RJ<\/strong>) ser\u00e1 pauta da reuni\u00e3o do Conselho Superior de Fiscaliza\u00e7\u00e3o nesta quinta-feira, 10 de agosto.<\/p>\n\n\n\n<p>A expectativa \u00e9 de que novidades acerca do certame possam ser debatidas, uma vez que o edital j\u00e1 est\u00e1 devidamente autorizado para provimento de 50 vagas. <\/p>\n\n\n\n<p>Al\u00e9m do concurso, a reuni\u00e3o tamb\u00e9m ter\u00e1 como pauta o novo modelo de carteira funcional e distintivos para o cargo de Auditor Fiscal. Confira abaixo:<\/p>\n\n\n\n<figure class=\"wp-block-image aligncenter size-full\"><img loading=\"lazy\" decoding=\"async\" width=\"427\" height=\"436\" src=\"https:\/\/dhg1h5j42swfq.cloudfront.net\/2023\/08\/09151403\/image-124.png\" alt=\"\" class=\"wp-image-1262360\" srcset=\"https:\/\/dhg1h5j42swfq.cloudfront.net\/2023\/08\/09151403\/image-124.png 427w, https:\/\/dhg1h5j42swfq.cloudfront.net\/2023\/08\/09151403\/image-124-294x300.png 294w, https:\/\/dhg1h5j42swfq.cloudfront.net\/2023\/08\/09151403\/image-124-150x153.png 150w\" sizes=\"auto, (max-width: 427px) 100vw, 427px\" \/><\/figure>\n\n\n\n<p>Do total de vagas previstas para serem publicadas no edital, 30 ser\u00e3o para\u00a0<a href=\"https:\/\/www.estrategiaconcursos.com.br\/curso\/sefaz-rj-auditor-fiscal-pacote-2023-pre-edital\/\" target=\"_blank\" rel=\"noreferrer noopener\">Auditor Fiscal<\/a>,10 para Analista de Fazenda e as outras 10 vagas para a fun\u00e7\u00e3o de Agente de Fazenda.<\/p>\n\n\n\n<p>Vale lembrar que o \u00f3rg\u00e3o tem <strong>2.801\u00a0cargos vagos<\/strong> em seu quadro de servidores e a realiza\u00e7\u00e3o de um novo certame \u00e9 imprescind\u00edvel. <\/p>\n\n\n\n<h3 class=\"wp-block-heading\">Sobre o \u00faltimo concurso Sefaz RJ<\/h3>\n\n\n\n<p>Em 2013, sob organiza\u00e7\u00e3o da <a href=\"https:\/\/www.concursosfcc.com.br\/\" target=\"_blank\" rel=\"noreferrer noopener\">Funda\u00e7\u00e3o Carlos Chagas (FCC)<\/a>, aconteceu o \u00faltimo&nbsp;<strong>concurso Sefaz RJ<\/strong>, com&nbsp;<strong>50 vagas<\/strong>&nbsp;para Auditor Fiscal da Receita Estadual. Na estat\u00edstica geral, foram registradas&nbsp;<strong>7.772 inscri\u00e7\u00f5es<\/strong>, ocasionando a concorr\u00eancia m\u00e9dia de 155 candidatos por vaga.<\/p>\n\n\n\n<p class=\"has-text-align-center\"><em>Para ficar por dentro de todas as informa\u00e7\u00f5es sobre o concurso Sefaz RJ, al\u00e9m da reuni\u00e3o, n\u00e3o deixe de conferir nosso artigo completo sobre a sele\u00e7\u00e3o:<\/em><\/p>\n\n\n\n<p class=\"has-text-align-center has-background\" style=\"background-color:#d0d6dd;font-size:clamp(14.642px, 0.915rem + ((1vw - 3.2px) * 0.721), 22px);\"><strong>Saiba mais: <a href=\"https:\/\/www.estrategiaconcursos.com.br\/blog\/concurso-sefaz-rj\/\" target=\"_blank\" rel=\"noreferrer noopener\">Concurso Sefaz RJ<\/a><\/strong><\/p>\n\n\n\n<h2 class=\"wp-block-heading has-text-align-center\" id=\"assinatura-e-cursos\">Assinatura e cursos para o concurso Sefaz RJ<\/h2>\n\n\n\n<div class=\"container\" id=\"boxes\">\n  <div class=\"row\">\n\n    <div class=\"col-sm\">\n      <div class=\"banner-fiscal-01\" id=\"box-assinatura\">\n        <h3 class=\"titulo-assinatura\">Concurso Sefaz RJ<\/h3>\n        <p class=\"subtitulo-assinatura\">Conhe\u00e7a os cursos<\/p>\n        <div class=\"box-botao\">\n          <a class=\"btn-assinatura\" target=\"_blank\" href=\"https:\/\/www.estrategiaconcursos.com.br\/cursosPorConcurso\/icms-rj-9\/\" role=\"button\" rel=\"noopener noreferrer\">Conhe\u00e7a mais<\/a>\n        <\/div>\n      <\/div>\n     \n    <\/div>\n\n  <\/div>\n<\/div>\n\n\n\n<div class=\"container\" id=\"boxes\">\n  <div class=\"row\">\n\n    <div class=\"col-sm\">\n      <div class=\"estrategia\" id=\"box-assinatura\">\n        <h3 class=\"titulo-assinatura\">Assinatura Concursos<\/h3>\n        <p class=\"subtitulo-assinatura\">Assinatura de 1 Ano ou 2 Anos<\/p>\n        <div class=\"box-botao\">\n          <a class=\"btn-assinatura\" target=\"_blank\" href=\"https:\/\/www.estrategiaconcursos.com.br\/assinaturas\/\" role=\"button\" rel=\"noopener noreferrer\">ASSINE AGORA<\/a>\n        <\/div>\n      <\/div><\/div><\/div><\/div>\n\n\n\n<h2 class=\"wp-block-heading has-text-align-center\" id=\"quer-saber-tudo-sobre-concursos-previstos-confira-nossos-artigos\">Quer saber tudo sobre concursos previstos?<br \/>Confira nossos artigos!<\/h2>\n\n\n\n<ul class=\"wp-block-list\">\n<li><a href=\"https:\/\/www.estrategiaconcursos.com.br\/blog\/concursos-abertos\/\" target=\"_blank\" rel=\"noreferrer noopener\">Concursos abertos<\/a><\/li>\n\n\n\n<li><a href=\"https:\/\/www.estrategiaconcursos.com.br\/blog\/concursos-2023\/\" target=\"_blank\" rel=\"noreferrer noopener\">Concursos 2023<\/a><\/li>\n\n\n\n<li><a href=\"https:\/\/www.estrategiaconcursos.com.br\/blog\/concursos-2024\/\" target=\"_blank\" rel=\"noreferrer noopener\">Concursos 2024<\/a><\/li>\n<\/ul>\n","protected":false},"excerpt":{"rendered":"<p>O concurso da Secretaria da Fazenda do Rio de Janeiro\u00a0(Sefaz RJ) ser\u00e1 pauta da reuni\u00e3o do Conselho Superior de Fiscaliza\u00e7\u00e3o nesta quinta-feira, 10 de agosto. A expectativa \u00e9 de que novidades acerca do certame possam ser debatidas, uma vez que o edital j\u00e1 est\u00e1 devidamente autorizado para provimento de 50 vagas. Al\u00e9m do concurso, a [&hellip;]<\/p>\n","protected":false},"author":2496,"featured_media":701102,"comment_status":"open","ping_status":"closed","sticky":false,"template":"","format":"standard","meta":{"post_tipo":"news","footnotes":""},"categories":[220183,220219],"tags":[],"tax_estado":[219982],"class_list":["post-1262352","post","type-post","status-publish","format-standard","has-post-thumbnail","hentry","category-fiscal-municipal","category-noticias","tax_estado-rj"],"acf":[],"yoast_head":"<!-- This site is optimized with the Yoast SEO Premium plugin v27.2 (Yoast SEO v27.2) - https:\/\/yoast.com\/product\/yoast-seo-premium-wordpress\/ -->\n<title>Concurso SEFAZ RJ ser\u00e1 pauta de reuni\u00e3o nesta quinta (10\/08)!<\/title>\n<meta name=\"description\" content=\"O Concurso SEFAZ RJ ser\u00e1 pauta da reuni\u00e3o do Conselho Superior de Fiscaliza\u00e7\u00e3o. Acesse o artigo e confira os detalhes!\" \/>\n<meta name=\"robots\" content=\"index, follow, max-snippet:-1, max-image-preview:large, max-video-preview:-1\" \/>\n<link rel=\"canonical\" href=\"https:\/\/www.estrategiaconcursos.com.br\/blog\/concurso-sefaz-rj-pauta-reuniao-nesta-quinta\/\" \/>\n<meta property=\"og:locale\" content=\"pt_BR\" \/>\n<meta property=\"og:type\" content=\"article\" \/>\n<meta property=\"og:title\" content=\"Concurso SEFAZ RJ ser\u00e1 pauta de reuni\u00e3o nesta quinta (10\/08)!\" \/>\n<meta property=\"og:description\" content=\"O Concurso SEFAZ RJ ser\u00e1 pauta da reuni\u00e3o do Conselho Superior de Fiscaliza\u00e7\u00e3o. Acesse o artigo e confira os detalhes!\" \/>\n<meta property=\"og:url\" content=\"https:\/\/www.estrategiaconcursos.com.br\/blog\/concurso-sefaz-rj-pauta-reuniao-nesta-quinta\/\" \/>\n<meta property=\"og:site_name\" content=\"Estrat\u00e9gia Concursos\" \/>\n<meta property=\"article:published_time\" content=\"2023-08-09T18:22:35+00:00\" \/>\n<meta property=\"article:modified_time\" content=\"2023-08-09T18:51:46+00:00\" \/>\n<meta property=\"og:image\" content=\"https:\/\/dhg1h5j42swfq.cloudfront.net\/2021\/03\/25111316\/sefaz-rj.jpg\" \/>\n\t<meta property=\"og:image:width\" content=\"1200\" \/>\n\t<meta property=\"og:image:height\" content=\"628\" \/>\n\t<meta property=\"og:image:type\" content=\"image\/jpeg\" \/>\n<meta name=\"author\" content=\"Lu\u00eds Henrique Koliski Taguchi\" \/>\n<meta name=\"twitter:card\" content=\"summary_large_image\" \/>\n<meta name=\"twitter:creator\" content=\"@EstratConcursos\" \/>\n<meta name=\"twitter:site\" content=\"@EstratConcursos\" \/>\n<meta name=\"twitter:label1\" content=\"Escrito por\" \/>\n\t<meta name=\"twitter:data1\" content=\"Lu\u00eds Henrique Koliski Taguchi\" \/>\n\t<meta name=\"twitter:label2\" content=\"Est. tempo de leitura\" \/>\n\t<meta name=\"twitter:data2\" content=\"1 minuto\" \/>\n<script type=\"application\/ld+json\" class=\"yoast-schema-graph\">{\"@context\":\"https:\/\/schema.org\",\"@graph\":[{\"@type\":\"NewsArticle\",\"@id\":\"https:\/\/www.estrategiaconcursos.com.br\/blog\/concurso-sefaz-rj-pauta-reuniao-nesta-quinta\/#article\",\"isPartOf\":{\"@id\":\"https:\/\/www.estrategiaconcursos.com.br\/blog\/concurso-sefaz-rj-pauta-reuniao-nesta-quinta\/\"},\"author\":{\"name\":\"Lu\u00eds Henrique Koliski Taguchi\",\"@id\":\"https:\/\/www.estrategiaconcursos.com.br\/blog\/#\/schema\/person\/4796f784535bea69338c17360e24ca86\"},\"headline\":\"Concurso SEFAZ RJ ser\u00e1 pauta de reuni\u00e3o nesta quinta (10\/08)!\",\"datePublished\":\"2023-08-09T18:22:35+00:00\",\"dateModified\":\"2023-08-09T18:51:46+00:00\",\"mainEntityOfPage\":{\"@id\":\"https:\/\/www.estrategiaconcursos.com.br\/blog\/concurso-sefaz-rj-pauta-reuniao-nesta-quinta\/\"},\"wordCount\":272,\"commentCount\":0,\"publisher\":{\"@id\":\"https:\/\/www.estrategiaconcursos.com.br\/blog\/#organization\"},\"image\":{\"@id\":\"https:\/\/www.estrategiaconcursos.com.br\/blog\/concurso-sefaz-rj-pauta-reuniao-nesta-quinta\/#primaryimage\"},\"thumbnailUrl\":\"https:\/\/dhg1h5j42swfq.cloudfront.net\/2021\/03\/25111316\/sefaz-rj.jpg\",\"articleSection\":[\"Fiscal - Municipal (ISS)\",\"\u00daltimas not\u00edcias\"],\"inLanguage\":\"pt-BR\",\"potentialAction\":[{\"@type\":\"CommentAction\",\"name\":\"Comment\",\"target\":[\"https:\/\/www.estrategiaconcursos.com.br\/blog\/concurso-sefaz-rj-pauta-reuniao-nesta-quinta\/#respond\"]}],\"copyrightYear\":\"2023\",\"copyrightHolder\":{\"@id\":\"https:\/\/www.estrategiaconcursos.com.br\/blog\/#organization\"}},{\"@type\":\"WebPage\",\"@id\":\"https:\/\/www.estrategiaconcursos.com.br\/blog\/concurso-sefaz-rj-pauta-reuniao-nesta-quinta\/\",\"url\":\"https:\/\/www.estrategiaconcursos.com.br\/blog\/concurso-sefaz-rj-pauta-reuniao-nesta-quinta\/\",\"name\":\"Concurso SEFAZ RJ ser\u00e1 pauta de reuni\u00e3o nesta quinta (10\/08)!\",\"isPartOf\":{\"@id\":\"https:\/\/www.estrategiaconcursos.com.br\/blog\/#website\"},\"primaryImageOfPage\":{\"@id\":\"https:\/\/www.estrategiaconcursos.com.br\/blog\/concurso-sefaz-rj-pauta-reuniao-nesta-quinta\/#primaryimage\"},\"image\":{\"@id\":\"https:\/\/www.estrategiaconcursos.com.br\/blog\/concurso-sefaz-rj-pauta-reuniao-nesta-quinta\/#primaryimage\"},\"thumbnailUrl\":\"https:\/\/dhg1h5j42swfq.cloudfront.net\/2021\/03\/25111316\/sefaz-rj.jpg\",\"datePublished\":\"2023-08-09T18:22:35+00:00\",\"dateModified\":\"2023-08-09T18:51:46+00:00\",\"description\":\"O Concurso SEFAZ RJ ser\u00e1 pauta da reuni\u00e3o do Conselho Superior de Fiscaliza\u00e7\u00e3o. Acesse o artigo e confira os detalhes!\",\"breadcrumb\":{\"@id\":\"https:\/\/www.estrategiaconcursos.com.br\/blog\/concurso-sefaz-rj-pauta-reuniao-nesta-quinta\/#breadcrumb\"},\"inLanguage\":\"pt-BR\",\"potentialAction\":[{\"@type\":\"ReadAction\",\"target\":[\"https:\/\/www.estrategiaconcursos.com.br\/blog\/concurso-sefaz-rj-pauta-reuniao-nesta-quinta\/\"]}]},{\"@type\":\"ImageObject\",\"inLanguage\":\"pt-BR\",\"@id\":\"https:\/\/www.estrategiaconcursos.com.br\/blog\/concurso-sefaz-rj-pauta-reuniao-nesta-quinta\/#primaryimage\",\"url\":\"https:\/\/dhg1h5j42swfq.cloudfront.net\/2021\/03\/25111316\/sefaz-rj.jpg\",\"contentUrl\":\"https:\/\/dhg1h5j42swfq.cloudfront.net\/2021\/03\/25111316\/sefaz-rj.jpg\",\"width\":1200,\"height\":628,\"caption\":\"Conte\u00fado program\u00e1tico do concurso Sefaz RJ \u00e9 retificado!\"},{\"@type\":\"BreadcrumbList\",\"@id\":\"https:\/\/www.estrategiaconcursos.com.br\/blog\/concurso-sefaz-rj-pauta-reuniao-nesta-quinta\/#breadcrumb\",\"itemListElement\":[{\"@type\":\"ListItem\",\"position\":1,\"name\":\"In\u00edcio\",\"item\":\"https:\/\/www.estrategiaconcursos.com.br\/blog\/\"},{\"@type\":\"ListItem\",\"position\":2,\"name\":\"Concurso SEFAZ RJ ser\u00e1 pauta de reuni\u00e3o nesta quinta (10\/08)!\"}]},{\"@type\":\"WebSite\",\"@id\":\"https:\/\/www.estrategiaconcursos.com.br\/blog\/#website\",\"url\":\"https:\/\/www.estrategiaconcursos.com.br\/blog\/\",\"name\":\"Estrat\u00e9gia Concursos\",\"description\":\"O blog da Estrat\u00e9gia Concursos traz not\u00edcias sobre concursos e artigos de professores oferecendo cursos para concursos (pdf + videaulas) no site.\",\"publisher\":{\"@id\":\"https:\/\/www.estrategiaconcursos.com.br\/blog\/#organization\"},\"potentialAction\":[{\"@type\":\"SearchAction\",\"target\":{\"@type\":\"EntryPoint\",\"urlTemplate\":\"https:\/\/www.estrategiaconcursos.com.br\/blog\/?s={search_term_string}\"},\"query-input\":{\"@type\":\"PropertyValueSpecification\",\"valueRequired\":true,\"valueName\":\"search_term_string\"}}],\"inLanguage\":\"pt-BR\"},{\"@type\":\"Organization\",\"@id\":\"https:\/\/www.estrategiaconcursos.com.br\/blog\/#organization\",\"name\":\"Estrat\u00e9gia Concursos\",\"url\":\"https:\/\/www.estrategiaconcursos.com.br\/blog\/\",\"logo\":{\"@type\":\"ImageObject\",\"inLanguage\":\"pt-BR\",\"@id\":\"https:\/\/www.estrategiaconcursos.com.br\/blog\/#\/schema\/logo\/image\/\",\"url\":\"https:\/\/dhg1h5j42swfq.cloudfront.net\/2025\/06\/03203428\/logo_concursos-1.jpg\",\"contentUrl\":\"https:\/\/dhg1h5j42swfq.cloudfront.net\/2025\/06\/03203428\/logo_concursos-1.jpg\",\"width\":230,\"height\":60,\"caption\":\"Estrat\u00e9gia Concursos\"},\"image\":{\"@id\":\"https:\/\/www.estrategiaconcursos.com.br\/blog\/#\/schema\/logo\/image\/\"},\"sameAs\":[\"https:\/\/x.com\/EstratConcursos\"]},{\"@type\":\"Person\",\"@id\":\"https:\/\/www.estrategiaconcursos.com.br\/blog\/#\/schema\/person\/4796f784535bea69338c17360e24ca86\",\"name\":\"Lu\u00eds Henrique Koliski Taguchi\",\"image\":{\"@type\":\"ImageObject\",\"inLanguage\":\"pt-BR\",\"@id\":\"https:\/\/secure.gravatar.com\/avatar\/cd45137551650332231b9b3d541d08c1f24718112f052488ba1ea66ad0f57c9c?s=96&d=mm&r=g\",\"url\":\"https:\/\/secure.gravatar.com\/avatar\/cd45137551650332231b9b3d541d08c1f24718112f052488ba1ea66ad0f57c9c?s=96&d=mm&r=g\",\"contentUrl\":\"https:\/\/secure.gravatar.com\/avatar\/cd45137551650332231b9b3d541d08c1f24718112f052488ba1ea66ad0f57c9c?s=96&d=mm&r=g\",\"caption\":\"Lu\u00eds Henrique Koliski Taguchi\"},\"url\":\"https:\/\/www.estrategiaconcursos.com.br\/blog\/author\/luis-taguchiestrategia-com\/\"}]}<\/script>\n<!-- \/ Yoast SEO Premium plugin. -->","yoast_head_json":{"title":"Concurso SEFAZ RJ ser\u00e1 pauta de reuni\u00e3o nesta quinta (10\/08)!","description":"O Concurso SEFAZ RJ ser\u00e1 pauta da reuni\u00e3o do Conselho Superior de Fiscaliza\u00e7\u00e3o. Acesse o artigo e confira os detalhes!","robots":{"index":"index","follow":"follow","max-snippet":"max-snippet:-1","max-image-preview":"max-image-preview:large","max-video-preview":"max-video-preview:-1"},"canonical":"https:\/\/www.estrategiaconcursos.com.br\/blog\/concurso-sefaz-rj-pauta-reuniao-nesta-quinta\/","og_locale":"pt_BR","og_type":"article","og_title":"Concurso SEFAZ RJ ser\u00e1 pauta de reuni\u00e3o nesta quinta (10\/08)!","og_description":"O Concurso SEFAZ RJ ser\u00e1 pauta da reuni\u00e3o do Conselho Superior de Fiscaliza\u00e7\u00e3o. Acesse o artigo e confira os detalhes!","og_url":"https:\/\/www.estrategiaconcursos.com.br\/blog\/concurso-sefaz-rj-pauta-reuniao-nesta-quinta\/","og_site_name":"Estrat\u00e9gia Concursos","article_published_time":"2023-08-09T18:22:35+00:00","article_modified_time":"2023-08-09T18:51:46+00:00","og_image":[{"width":1200,"height":628,"url":"https:\/\/dhg1h5j42swfq.cloudfront.net\/2021\/03\/25111316\/sefaz-rj.jpg","type":"image\/jpeg"}],"author":"Lu\u00eds Henrique Koliski Taguchi","twitter_card":"summary_large_image","twitter_creator":"@EstratConcursos","twitter_site":"@EstratConcursos","twitter_misc":{"Escrito por":"Lu\u00eds Henrique Koliski Taguchi","Est. tempo de leitura":"1 minuto"},"schema":{"@context":"https:\/\/schema.org","@graph":[{"@type":"NewsArticle","@id":"https:\/\/www.estrategiaconcursos.com.br\/blog\/concurso-sefaz-rj-pauta-reuniao-nesta-quinta\/#article","isPartOf":{"@id":"https:\/\/www.estrategiaconcursos.com.br\/blog\/concurso-sefaz-rj-pauta-reuniao-nesta-quinta\/"},"author":{"name":"Lu\u00eds Henrique Koliski Taguchi","@id":"https:\/\/www.estrategiaconcursos.com.br\/blog\/#\/schema\/person\/4796f784535bea69338c17360e24ca86"},"headline":"Concurso SEFAZ RJ ser\u00e1 pauta de reuni\u00e3o nesta quinta (10\/08)!","datePublished":"2023-08-09T18:22:35+00:00","dateModified":"2023-08-09T18:51:46+00:00","mainEntityOfPage":{"@id":"https:\/\/www.estrategiaconcursos.com.br\/blog\/concurso-sefaz-rj-pauta-reuniao-nesta-quinta\/"},"wordCount":272,"commentCount":0,"publisher":{"@id":"https:\/\/www.estrategiaconcursos.com.br\/blog\/#organization"},"image":{"@id":"https:\/\/www.estrategiaconcursos.com.br\/blog\/concurso-sefaz-rj-pauta-reuniao-nesta-quinta\/#primaryimage"},"thumbnailUrl":"https:\/\/dhg1h5j42swfq.cloudfront.net\/2021\/03\/25111316\/sefaz-rj.jpg","articleSection":["Fiscal - Municipal (ISS)","\u00daltimas not\u00edcias"],"inLanguage":"pt-BR","potentialAction":[{"@type":"CommentAction","name":"Comment","target":["https:\/\/www.estrategiaconcursos.com.br\/blog\/concurso-sefaz-rj-pauta-reuniao-nesta-quinta\/#respond"]}],"copyrightYear":"2023","copyrightHolder":{"@id":"https:\/\/www.estrategiaconcursos.com.br\/blog\/#organization"}},{"@type":"WebPage","@id":"https:\/\/www.estrategiaconcursos.com.br\/blog\/concurso-sefaz-rj-pauta-reuniao-nesta-quinta\/","url":"https:\/\/www.estrategiaconcursos.com.br\/blog\/concurso-sefaz-rj-pauta-reuniao-nesta-quinta\/","name":"Concurso SEFAZ RJ ser\u00e1 pauta de reuni\u00e3o nesta quinta (10\/08)!","isPartOf":{"@id":"https:\/\/www.estrategiaconcursos.com.br\/blog\/#website"},"primaryImageOfPage":{"@id":"https:\/\/www.estrategiaconcursos.com.br\/blog\/concurso-sefaz-rj-pauta-reuniao-nesta-quinta\/#primaryimage"},"image":{"@id":"https:\/\/www.estrategiaconcursos.com.br\/blog\/concurso-sefaz-rj-pauta-reuniao-nesta-quinta\/#primaryimage"},"thumbnailUrl":"https:\/\/dhg1h5j42swfq.cloudfront.net\/2021\/03\/25111316\/sefaz-rj.jpg","datePublished":"2023-08-09T18:22:35+00:00","dateModified":"2023-08-09T18:51:46+00:00","description":"O Concurso SEFAZ RJ ser\u00e1 pauta da reuni\u00e3o do Conselho Superior de Fiscaliza\u00e7\u00e3o. Acesse o artigo e confira os detalhes!","breadcrumb":{"@id":"https:\/\/www.estrategiaconcursos.com.br\/blog\/concurso-sefaz-rj-pauta-reuniao-nesta-quinta\/#breadcrumb"},"inLanguage":"pt-BR","potentialAction":[{"@type":"ReadAction","target":["https:\/\/www.estrategiaconcursos.com.br\/blog\/concurso-sefaz-rj-pauta-reuniao-nesta-quinta\/"]}]},{"@type":"ImageObject","inLanguage":"pt-BR","@id":"https:\/\/www.estrategiaconcursos.com.br\/blog\/concurso-sefaz-rj-pauta-reuniao-nesta-quinta\/#primaryimage","url":"https:\/\/dhg1h5j42swfq.cloudfront.net\/2021\/03\/25111316\/sefaz-rj.jpg","contentUrl":"https:\/\/dhg1h5j42swfq.cloudfront.net\/2021\/03\/25111316\/sefaz-rj.jpg","width":1200,"height":628,"caption":"Conte\u00fado program\u00e1tico do concurso Sefaz RJ \u00e9 retificado!"},{"@type":"BreadcrumbList","@id":"https:\/\/www.estrategiaconcursos.com.br\/blog\/concurso-sefaz-rj-pauta-reuniao-nesta-quinta\/#breadcrumb","itemListElement":[{"@type":"ListItem","position":1,"name":"In\u00edcio","item":"https:\/\/www.estrategiaconcursos.com.br\/blog\/"},{"@type":"ListItem","position":2,"name":"Concurso SEFAZ RJ ser\u00e1 pauta de reuni\u00e3o nesta quinta (10\/08)!"}]},{"@type":"WebSite","@id":"https:\/\/www.estrategiaconcursos.com.br\/blog\/#website","url":"https:\/\/www.estrategiaconcursos.com.br\/blog\/","name":"Estrat\u00e9gia Concursos","description":"O blog da Estrat\u00e9gia Concursos traz not\u00edcias sobre concursos e artigos de professores oferecendo cursos para concursos (pdf + videaulas) no site.","publisher":{"@id":"https:\/\/www.estrategiaconcursos.com.br\/blog\/#organization"},"potentialAction":[{"@type":"SearchAction","target":{"@type":"EntryPoint","urlTemplate":"https:\/\/www.estrategiaconcursos.com.br\/blog\/?s={search_term_string}"},"query-input":{"@type":"PropertyValueSpecification","valueRequired":true,"valueName":"search_term_string"}}],"inLanguage":"pt-BR"},{"@type":"Organization","@id":"https:\/\/www.estrategiaconcursos.com.br\/blog\/#organization","name":"Estrat\u00e9gia Concursos","url":"https:\/\/www.estrategiaconcursos.com.br\/blog\/","logo":{"@type":"ImageObject","inLanguage":"pt-BR","@id":"https:\/\/www.estrategiaconcursos.com.br\/blog\/#\/schema\/logo\/image\/","url":"https:\/\/dhg1h5j42swfq.cloudfront.net\/2025\/06\/03203428\/logo_concursos-1.jpg","contentUrl":"https:\/\/dhg1h5j42swfq.cloudfront.net\/2025\/06\/03203428\/logo_concursos-1.jpg","width":230,"height":60,"caption":"Estrat\u00e9gia Concursos"},"image":{"@id":"https:\/\/www.estrategiaconcursos.com.br\/blog\/#\/schema\/logo\/image\/"},"sameAs":["https:\/\/x.com\/EstratConcursos"]},{"@type":"Person","@id":"https:\/\/www.estrategiaconcursos.com.br\/blog\/#\/schema\/person\/4796f784535bea69338c17360e24ca86","name":"Lu\u00eds Henrique Koliski Taguchi","image":{"@type":"ImageObject","inLanguage":"pt-BR","@id":"https:\/\/secure.gravatar.com\/avatar\/cd45137551650332231b9b3d541d08c1f24718112f052488ba1ea66ad0f57c9c?s=96&d=mm&r=g","url":"https:\/\/secure.gravatar.com\/avatar\/cd45137551650332231b9b3d541d08c1f24718112f052488ba1ea66ad0f57c9c?s=96&d=mm&r=g","contentUrl":"https:\/\/secure.gravatar.com\/avatar\/cd45137551650332231b9b3d541d08c1f24718112f052488ba1ea66ad0f57c9c?s=96&d=mm&r=g","caption":"Lu\u00eds Henrique Koliski Taguchi"},"url":"https:\/\/www.estrategiaconcursos.com.br\/blog\/author\/luis-taguchiestrategia-com\/"}]}},"_links":{"self":[{"href":"https:\/\/www.estrategiaconcursos.com.br\/blog\/wp-json\/wp\/v2\/posts\/1262352","targetHints":{"allow":["GET"]}}],"collection":[{"href":"https:\/\/www.estrategiaconcursos.com.br\/blog\/wp-json\/wp\/v2\/posts"}],"about":[{"href":"https:\/\/www.estrategiaconcursos.com.br\/blog\/wp-json\/wp\/v2\/types\/post"}],"author":[{"embeddable":true,"href":"https:\/\/www.estrategiaconcursos.com.br\/blog\/wp-json\/wp\/v2\/users\/2496"}],"replies":[{"embeddable":true,"href":"https:\/\/www.estrategiaconcursos.com.br\/blog\/wp-json\/wp\/v2\/comments?post=1262352"}],"version-history":[{"count":3,"href":"https:\/\/www.estrategiaconcursos.com.br\/blog\/wp-json\/wp\/v2\/posts\/1262352\/revisions"}],"predecessor-version":[{"id":1262394,"href":"https:\/\/www.estrategiaconcursos.com.br\/blog\/wp-json\/wp\/v2\/posts\/1262352\/revisions\/1262394"}],"wp:featuredmedia":[{"embeddable":true,"href":"https:\/\/www.estrategiaconcursos.com.br\/blog\/wp-json\/wp\/v2\/media\/701102"}],"wp:attachment":[{"href":"https:\/\/www.estrategiaconcursos.com.br\/blog\/wp-json\/wp\/v2\/media?parent=1262352"}],"wp:term":[{"taxonomy":"category","embeddable":true,"href":"https:\/\/www.estrategiaconcursos.com.br\/blog\/wp-json\/wp\/v2\/categories?post=1262352"},{"taxonomy":"post_tag","embeddable":true,"href":"https:\/\/www.estrategiaconcursos.com.br\/blog\/wp-json\/wp\/v2\/tags?post=1262352"},{"taxonomy":"tax_estado","embeddable":true,"href":"https:\/\/www.estrategiaconcursos.com.br\/blog\/wp-json\/wp\/v2\/tax_estado?post=1262352"}],"curies":[{"name":"wp","href":"https:\/\/api.w.org\/{rel}","templated":true}]}}