{"id":126218,"date":"2018-06-11T09:44:56","date_gmt":"2018-06-11T12:44:56","guid":{"rendered":"https:\/\/www.estrategiaconcursos.com.br\/blog\/?p=126218"},"modified":"2018-06-13T09:46:31","modified_gmt":"2018-06-13T12:46:31","slug":"concurso-coren-rs-2018","status":"publish","type":"post","link":"https:\/\/www.estrategiaconcursos.com.br\/blog\/concurso-coren-rs-2018\/","title":{"rendered":"Concurso Coren RS: Banca contratada. Edital deve sair em Breve"},"content":{"rendered":"<p>O concurso Coren RS, Conselho regional de enfermagem do Rio Grande do Sul, teve sua banca organizadora definida esta semana. Segundo o extrato de contrato, publicado no di\u00e1rio oficial da uni\u00e3o, a escolhida\u00a0 o instituto Quadrix.\u00a0As vagas do concurso devem ser destinadas aos n\u00edveis m\u00e9dio e superior.<\/p>\n<p>Com a escolha da banca, a expectativa \u00e9 que o edital do certame seja publicado em breve. Confira abaixo o documento na \u00edntegra:<\/p>\n<p><img loading=\"lazy\" decoding=\"async\" class=\"aligncenter wp-image-126223 size-full\" src=\"https:\/\/dhg1h5j42swfq.cloudfront.net\/2018\/06\/13085415\/coren-rs.jpg\" alt=\"concurso conren rs \" width=\"403\" height=\"599\" srcset=\"https:\/\/dhg1h5j42swfq.cloudfront.net\/2018\/06\/13085415\/coren-rs.jpg 403w, https:\/\/dhg1h5j42swfq.cloudfront.net\/2018\/06\/13085415\/coren-rs.jpg 202w\" sizes=\"auto, (max-width: 403px) 100vw, 403px\" \/><\/p>\n<h3>O \u00faltimo Concurso Coren RS<\/h3>\n<p>O Conselho Regional de Enfermagem do Rio Grande do Sul lan\u00e7ou edital pela \u00faltima vez em 2015 e teve a Funda\u00e7\u00e3o La Salle, como organizadora.<\/p>\n<p>Na \u00e9poca, foram ofertadas vagas para os cargos de Assistente T\u00e9cnico em Contabilidade e Assistente Administrativo de n\u00edvel t\u00e9cnico e m\u00e9dio; respectivamente.\u00a0 As vagas oferecidas somaram um total de 12 e as remunera\u00e7\u00f5es chegaram at\u00e9 R$R$ 2.317,77 para um carga hor\u00e1ria de 40 h semanais.<\/p>\n<h3>Etapas do Certame<\/h3>\n<p>O concurso foi regido por <strong>\u00fanica etapa<\/strong>, sendo esta composta por prova objetiva, que se deu da seguinte maneira:<\/p>\n<p>a) 15 (quinze) quest\u00f5es de Conhecimentos Espec\u00edficos;<br \/>\nb) 15 (quinze) quest\u00f5es de L\u00edngua Portuguesa;<br \/>\nc) 10 (dez) quest\u00f5es de Legisla\u00e7\u00e3o;<br \/>\nd) 10 (dez) quest\u00f5es de Racioc\u00ednio L\u00f3gico<\/p>\n<p>As disciplinas exigidas na prova tiveram pesos diferentes, sendo estes:<\/p>\n<p><img loading=\"lazy\" decoding=\"async\" class=\"aligncenter wp-image-126226 size-full\" src=\"https:\/\/dhg1h5j42swfq.cloudfront.net\/2018\/06\/13091542\/tabela-ponto-coren-rs.jpg\" alt=\"prova concurso coren rs\" width=\"570\" height=\"121\" srcset=\"https:\/\/dhg1h5j42swfq.cloudfront.net\/2018\/06\/13091542\/tabela-ponto-coren-rs.jpg 570w, https:\/\/dhg1h5j42swfq.cloudfront.net\/2018\/06\/13091542\/tabela-ponto-coren-rs.jpg 300w\" sizes=\"auto, (max-width: 570px) 100vw, 570px\" \/><\/p>\n<p><img loading=\"lazy\" decoding=\"async\" class=\"aligncenter wp-image-126227 size-full\" src=\"https:\/\/dhg1h5j42swfq.cloudfront.net\/2018\/06\/13091612\/tabela-pontos-2.jpg\" alt=\"concurso coren rs \" width=\"570\" height=\"72\" srcset=\"https:\/\/dhg1h5j42swfq.cloudfront.net\/2018\/06\/13091612\/tabela-pontos-2.jpg 570w, https:\/\/dhg1h5j42swfq.cloudfront.net\/2018\/06\/13091612\/tabela-pontos-2.jpg 300w\" sizes=\"auto, (max-width: 570px) 100vw, 570px\" \/><\/p>\n<p>&nbsp;<\/p>\n<h3>Concurso Coren RS 2014<\/h3>\n<p>No ano anterior, o certame aberto pelo conselho abrangeu um maior n\u00famero de vagas. Desta vez, as vagas ofertadas contemplaram todos dos n\u00edveis de escolaridade, os cargos oferecidos variaram entre auxiliar de servi\u00e7os gerais e analista.<\/p>\n<p>Na ocasi\u00e3o, foram abertas 17 vagas imediatas al\u00e9m de cadastro reserva.\u00a0 A banca organizadora tamb\u00e9m foi a Funda\u00e7\u00e3o La Salle.\u00a0 J\u00e1 as disciplinas exigidas, foram as mesmas cobradas no edital posterior, publicado em 2015.<\/p>\n<p>&nbsp;<\/p>\n<p style=\"text-align: center;\"><em><span style=\"font-size: 14pt;\">Gostou dessa <strong>oportunidade<\/strong>? Deseja se preparar para este certame?<\/span><\/em><br \/>\n<em><span style=\"font-size: 14pt;\">O Estrat\u00e9gia Concursos poder\u00e1 lan\u00e7ar um curso espec\u00edfico para este concurso.<br \/>\nAcompanhe as novidades!<\/span><\/em><\/p>\n<p style=\"text-align: center;\"><a href=\"https:\/\/www.estrategiaconcursos.com.br\/cursos\/concurso\/\"><span style=\"font-size: 18pt;\">CURSOS PARA CONCURSOS &#8211; ESTRAT\u00c9GIA CONCURSOS<\/span><\/a><\/p>\n<p>&nbsp;<\/p>\n<p><img loading=\"lazy\" decoding=\"async\" class=\"wp-image-60957 \" src=\"https:\/\/www.estrategiaconcursos.com.br\/blog\/wp-content\/uploads\/2017\/01\/coruja-ficha-tecnica-1024x347.png\" alt=\"Concurso\" width=\"357\" height=\"121\" \/><\/p>\n<p>Informa\u00e7\u00f5es do concurso COREN RS<br \/>\n\u25baData prevista:2018<br \/>\n\u25baVagas: a definir<br \/>\n\u25baCargos: a definir<br \/>\n\u25baLota\u00e7\u00f5es: Rio Grande do Sul<br \/>\n\u25baBanca: Instituto Quadrix<\/p>\n<p>\u25baEscolaridade: N\u00edvel\u00a0 m\u00e9dio e Superior<\/p>\n<p>\u25baCursos Estrat\u00e9gia Concursos<br \/>\n\u25baEdital:\u00a0<a href=\"https:\/\/fundacaolasalle.org.br\/wp-content\/uploads\/2015\/04\/ed_abert_coren0115.pdf\" target=\"_blank\" rel=\"noopener\">Edital Concurso COREN RS 2015<\/a><\/p>\n<p><a href=\"https:\/\/fundacaolasalle.org.br\/wp-content\/uploads\/2015\/02\/ed_abert_022014_coren.pdf\" target=\"_blank\" rel=\"noopener\">Edital COREN RS 2014<\/a><\/p>\n<p>Fernanda Brito<br \/>\nAscom Estrat\u00e9gia<br \/>\nascomestrategia@gmail.com<\/p>\n<p>&nbsp;<\/p>\n","protected":false},"excerpt":{"rendered":"<p>O concurso Coren RS, Conselho regional de enfermagem do Rio Grande do Sul, teve sua banca organizadora definida esta semana. Segundo o extrato de contrato, publicado no di\u00e1rio oficial da uni\u00e3o, a escolhida\u00a0 o instituto Quadrix.\u00a0As vagas do concurso devem ser destinadas aos n\u00edveis m\u00e9dio e superior. Com a escolha da banca, a expectativa \u00e9 [&hellip;]<\/p>\n","protected":false},"author":1,"featured_media":126235,"comment_status":"open","ping_status":"closed","sticky":false,"template":"","format":"standard","meta":{"post_tipo":"news","footnotes":""},"categories":[1],"tags":[],"tax_estado":[],"class_list":["post-126218","post","type-post","status-publish","format-standard","has-post-thumbnail","hentry","category-cursos-e-concursos"],"acf":[],"yoast_head":"<!-- This site is optimized with the Yoast SEO Premium plugin v27.2 (Yoast SEO v27.2) - https:\/\/yoast.com\/product\/yoast-seo-premium-wordpress\/ -->\n<title>Concurso COREN RS: Banca Contratada. Edital em Breve!<\/title>\n<meta name=\"description\" content=\"O concurso COREN RS teve sua banca organizadora definida na esta semana.Saiba qual foi a escolhida, vagas , sal\u00e1rios e muito mais!\" \/>\n<meta name=\"robots\" content=\"index, follow, max-snippet:-1, max-image-preview:large, max-video-preview:-1\" \/>\n<link rel=\"canonical\" href=\"https:\/\/www.estrategiaconcursos.com.br\/blog\/concurso-coren-rs-2018\/\" \/>\n<meta property=\"og:locale\" content=\"pt_BR\" \/>\n<meta property=\"og:type\" content=\"article\" \/>\n<meta property=\"og:title\" content=\"Concurso Coren RS: Banca contratada. Edital deve sair em Breve\" \/>\n<meta property=\"og:description\" content=\"O concurso COREN RS teve sua banca organizadora definida na esta semana.Saiba qual foi a escolhida, vagas , sal\u00e1rios e muito mais!\" \/>\n<meta property=\"og:url\" content=\"https:\/\/www.estrategiaconcursos.com.br\/blog\/concurso-coren-rs-2018\/\" \/>\n<meta property=\"og:site_name\" content=\"Estrat\u00e9gia Concursos\" \/>\n<meta property=\"article:author\" content=\"https:\/\/www.facebook.com\/EstrategiaConcursos\" \/>\n<meta property=\"article:published_time\" content=\"2018-06-11T12:44:56+00:00\" \/>\n<meta property=\"article:modified_time\" content=\"2018-06-13T12:46:31+00:00\" \/>\n<meta property=\"og:image\" content=\"https:\/\/dhg1h5j42swfq.cloudfront.net\/2018\/06\/13094255\/coren-rs1.jpg\" \/>\n\t<meta property=\"og:image:width\" content=\"450\" \/>\n\t<meta property=\"og:image:height\" content=\"330\" \/>\n\t<meta property=\"og:image:type\" content=\"image\/jpeg\" \/>\n<meta name=\"author\" content=\"Coordena\u00e7\u00e3o\" \/>\n<meta name=\"twitter:card\" content=\"summary_large_image\" \/>\n<meta name=\"twitter:creator\" content=\"@EstratConcursos\" \/>\n<meta name=\"twitter:site\" content=\"@EstratConcursos\" \/>\n<meta name=\"twitter:label1\" content=\"Escrito por\" \/>\n\t<meta name=\"twitter:data1\" content=\"Coordena\u00e7\u00e3o\" \/>\n\t<meta name=\"twitter:label2\" content=\"Est. tempo de leitura\" \/>\n\t<meta name=\"twitter:data2\" content=\"2 minutos\" \/>\n<script type=\"application\/ld+json\" class=\"yoast-schema-graph\">{\"@context\":\"https:\/\/schema.org\",\"@graph\":[{\"@type\":\"NewsArticle\",\"@id\":\"https:\/\/www.estrategiaconcursos.com.br\/blog\/concurso-coren-rs-2018\/#article\",\"isPartOf\":{\"@id\":\"https:\/\/www.estrategiaconcursos.com.br\/blog\/concurso-coren-rs-2018\/\"},\"author\":{\"name\":\"Coordena\u00e7\u00e3o\",\"@id\":\"https:\/\/www.estrategiaconcursos.com.br\/blog\/#\/schema\/person\/b4a388c97673c5f483d72185668afa1f\"},\"headline\":\"Concurso Coren RS: Banca contratada. Edital deve sair em Breve\",\"datePublished\":\"2018-06-11T12:44:56+00:00\",\"dateModified\":\"2018-06-13T12:46:31+00:00\",\"mainEntityOfPage\":{\"@id\":\"https:\/\/www.estrategiaconcursos.com.br\/blog\/concurso-coren-rs-2018\/\"},\"wordCount\":393,\"commentCount\":0,\"publisher\":{\"@id\":\"https:\/\/www.estrategiaconcursos.com.br\/blog\/#organization\"},\"image\":{\"@id\":\"https:\/\/www.estrategiaconcursos.com.br\/blog\/concurso-coren-rs-2018\/#primaryimage\"},\"thumbnailUrl\":\"https:\/\/dhg1h5j42swfq.cloudfront.net\/2018\/06\/13094255\/coren-rs1.jpg\",\"articleSection\":[\"Concursos P\u00fablicos\"],\"inLanguage\":\"pt-BR\",\"potentialAction\":[{\"@type\":\"CommentAction\",\"name\":\"Comment\",\"target\":[\"https:\/\/www.estrategiaconcursos.com.br\/blog\/concurso-coren-rs-2018\/#respond\"]}],\"copyrightYear\":\"2018\",\"copyrightHolder\":{\"@id\":\"https:\/\/www.estrategiaconcursos.com.br\/blog\/#organization\"}},{\"@type\":\"WebPage\",\"@id\":\"https:\/\/www.estrategiaconcursos.com.br\/blog\/concurso-coren-rs-2018\/\",\"url\":\"https:\/\/www.estrategiaconcursos.com.br\/blog\/concurso-coren-rs-2018\/\",\"name\":\"Concurso COREN RS: Banca Contratada. Edital em Breve!\",\"isPartOf\":{\"@id\":\"https:\/\/www.estrategiaconcursos.com.br\/blog\/#website\"},\"primaryImageOfPage\":{\"@id\":\"https:\/\/www.estrategiaconcursos.com.br\/blog\/concurso-coren-rs-2018\/#primaryimage\"},\"image\":{\"@id\":\"https:\/\/www.estrategiaconcursos.com.br\/blog\/concurso-coren-rs-2018\/#primaryimage\"},\"thumbnailUrl\":\"https:\/\/dhg1h5j42swfq.cloudfront.net\/2018\/06\/13094255\/coren-rs1.jpg\",\"datePublished\":\"2018-06-11T12:44:56+00:00\",\"dateModified\":\"2018-06-13T12:46:31+00:00\",\"description\":\"O concurso COREN RS teve sua banca organizadora definida na esta semana.Saiba qual foi a escolhida, vagas , sal\u00e1rios e muito mais!\",\"breadcrumb\":{\"@id\":\"https:\/\/www.estrategiaconcursos.com.br\/blog\/concurso-coren-rs-2018\/#breadcrumb\"},\"inLanguage\":\"pt-BR\",\"potentialAction\":[{\"@type\":\"ReadAction\",\"target\":[\"https:\/\/www.estrategiaconcursos.com.br\/blog\/concurso-coren-rs-2018\/\"]}]},{\"@type\":\"ImageObject\",\"inLanguage\":\"pt-BR\",\"@id\":\"https:\/\/www.estrategiaconcursos.com.br\/blog\/concurso-coren-rs-2018\/#primaryimage\",\"url\":\"https:\/\/dhg1h5j42swfq.cloudfront.net\/2018\/06\/13094255\/coren-rs1.jpg\",\"contentUrl\":\"https:\/\/dhg1h5j42swfq.cloudfront.net\/2018\/06\/13094255\/coren-rs1.jpg\",\"width\":450,\"height\":330,\"caption\":\"concurso coren rs\"},{\"@type\":\"BreadcrumbList\",\"@id\":\"https:\/\/www.estrategiaconcursos.com.br\/blog\/concurso-coren-rs-2018\/#breadcrumb\",\"itemListElement\":[{\"@type\":\"ListItem\",\"position\":1,\"name\":\"In\u00edcio\",\"item\":\"https:\/\/www.estrategiaconcursos.com.br\/blog\/\"},{\"@type\":\"ListItem\",\"position\":2,\"name\":\"Concurso Coren RS: Banca contratada. Edital deve sair em Breve\"}]},{\"@type\":\"WebSite\",\"@id\":\"https:\/\/www.estrategiaconcursos.com.br\/blog\/#website\",\"url\":\"https:\/\/www.estrategiaconcursos.com.br\/blog\/\",\"name\":\"Estrat\u00e9gia Concursos\",\"description\":\"O blog da Estrat\u00e9gia Concursos traz not\u00edcias sobre concursos e artigos de professores oferecendo cursos para concursos (pdf + videaulas) no site.\",\"publisher\":{\"@id\":\"https:\/\/www.estrategiaconcursos.com.br\/blog\/#organization\"},\"potentialAction\":[{\"@type\":\"SearchAction\",\"target\":{\"@type\":\"EntryPoint\",\"urlTemplate\":\"https:\/\/www.estrategiaconcursos.com.br\/blog\/?s={search_term_string}\"},\"query-input\":{\"@type\":\"PropertyValueSpecification\",\"valueRequired\":true,\"valueName\":\"search_term_string\"}}],\"inLanguage\":\"pt-BR\"},{\"@type\":\"Organization\",\"@id\":\"https:\/\/www.estrategiaconcursos.com.br\/blog\/#organization\",\"name\":\"Estrat\u00e9gia Concursos\",\"url\":\"https:\/\/www.estrategiaconcursos.com.br\/blog\/\",\"logo\":{\"@type\":\"ImageObject\",\"inLanguage\":\"pt-BR\",\"@id\":\"https:\/\/www.estrategiaconcursos.com.br\/blog\/#\/schema\/logo\/image\/\",\"url\":\"https:\/\/dhg1h5j42swfq.cloudfront.net\/2025\/06\/03203428\/logo_concursos-1.jpg\",\"contentUrl\":\"https:\/\/dhg1h5j42swfq.cloudfront.net\/2025\/06\/03203428\/logo_concursos-1.jpg\",\"width\":230,\"height\":60,\"caption\":\"Estrat\u00e9gia Concursos\"},\"image\":{\"@id\":\"https:\/\/www.estrategiaconcursos.com.br\/blog\/#\/schema\/logo\/image\/\"},\"sameAs\":[\"https:\/\/x.com\/EstratConcursos\"]},{\"@type\":\"Person\",\"@id\":\"https:\/\/www.estrategiaconcursos.com.br\/blog\/#\/schema\/person\/b4a388c97673c5f483d72185668afa1f\",\"name\":\"Coordena\u00e7\u00e3o\",\"image\":{\"@type\":\"ImageObject\",\"inLanguage\":\"pt-BR\",\"@id\":\"https:\/\/secure.gravatar.com\/avatar\/b720319e4c9a967eb58678d110f4fe35452fc5d5f97b202bac7b8acceb18c6ad?s=96&d=mm&r=g\",\"url\":\"https:\/\/secure.gravatar.com\/avatar\/b720319e4c9a967eb58678d110f4fe35452fc5d5f97b202bac7b8acceb18c6ad?s=96&d=mm&r=g\",\"contentUrl\":\"https:\/\/secure.gravatar.com\/avatar\/b720319e4c9a967eb58678d110f4fe35452fc5d5f97b202bac7b8acceb18c6ad?s=96&d=mm&r=g\",\"caption\":\"Coordena\u00e7\u00e3o\"},\"sameAs\":[\"https:\/\/www.facebook.com\/EstrategiaConcursos\",\"https:\/\/x.com\/EstratConcursos\"],\"url\":\"https:\/\/www.estrategiaconcursos.com.br\/blog\/author\/estrategia2013\/\"}]}<\/script>\n<!-- \/ Yoast SEO Premium plugin. -->","yoast_head_json":{"title":"Concurso COREN RS: Banca Contratada. Edital em Breve!","description":"O concurso COREN RS teve sua banca organizadora definida na esta semana.Saiba qual foi a escolhida, vagas , sal\u00e1rios e muito mais!","robots":{"index":"index","follow":"follow","max-snippet":"max-snippet:-1","max-image-preview":"max-image-preview:large","max-video-preview":"max-video-preview:-1"},"canonical":"https:\/\/www.estrategiaconcursos.com.br\/blog\/concurso-coren-rs-2018\/","og_locale":"pt_BR","og_type":"article","og_title":"Concurso Coren RS: Banca contratada. Edital deve sair em Breve","og_description":"O concurso COREN RS teve sua banca organizadora definida na esta semana.Saiba qual foi a escolhida, vagas , sal\u00e1rios e muito mais!","og_url":"https:\/\/www.estrategiaconcursos.com.br\/blog\/concurso-coren-rs-2018\/","og_site_name":"Estrat\u00e9gia Concursos","article_author":"https:\/\/www.facebook.com\/EstrategiaConcursos","article_published_time":"2018-06-11T12:44:56+00:00","article_modified_time":"2018-06-13T12:46:31+00:00","og_image":[{"width":450,"height":330,"url":"https:\/\/dhg1h5j42swfq.cloudfront.net\/2018\/06\/13094255\/coren-rs1.jpg","type":"image\/jpeg"}],"author":"Coordena\u00e7\u00e3o","twitter_card":"summary_large_image","twitter_creator":"@EstratConcursos","twitter_site":"@EstratConcursos","twitter_misc":{"Escrito por":"Coordena\u00e7\u00e3o","Est. tempo de leitura":"2 minutos"},"schema":{"@context":"https:\/\/schema.org","@graph":[{"@type":"NewsArticle","@id":"https:\/\/www.estrategiaconcursos.com.br\/blog\/concurso-coren-rs-2018\/#article","isPartOf":{"@id":"https:\/\/www.estrategiaconcursos.com.br\/blog\/concurso-coren-rs-2018\/"},"author":{"name":"Coordena\u00e7\u00e3o","@id":"https:\/\/www.estrategiaconcursos.com.br\/blog\/#\/schema\/person\/b4a388c97673c5f483d72185668afa1f"},"headline":"Concurso Coren RS: Banca contratada. Edital deve sair em Breve","datePublished":"2018-06-11T12:44:56+00:00","dateModified":"2018-06-13T12:46:31+00:00","mainEntityOfPage":{"@id":"https:\/\/www.estrategiaconcursos.com.br\/blog\/concurso-coren-rs-2018\/"},"wordCount":393,"commentCount":0,"publisher":{"@id":"https:\/\/www.estrategiaconcursos.com.br\/blog\/#organization"},"image":{"@id":"https:\/\/www.estrategiaconcursos.com.br\/blog\/concurso-coren-rs-2018\/#primaryimage"},"thumbnailUrl":"https:\/\/dhg1h5j42swfq.cloudfront.net\/2018\/06\/13094255\/coren-rs1.jpg","articleSection":["Concursos P\u00fablicos"],"inLanguage":"pt-BR","potentialAction":[{"@type":"CommentAction","name":"Comment","target":["https:\/\/www.estrategiaconcursos.com.br\/blog\/concurso-coren-rs-2018\/#respond"]}],"copyrightYear":"2018","copyrightHolder":{"@id":"https:\/\/www.estrategiaconcursos.com.br\/blog\/#organization"}},{"@type":"WebPage","@id":"https:\/\/www.estrategiaconcursos.com.br\/blog\/concurso-coren-rs-2018\/","url":"https:\/\/www.estrategiaconcursos.com.br\/blog\/concurso-coren-rs-2018\/","name":"Concurso COREN RS: Banca Contratada. Edital em Breve!","isPartOf":{"@id":"https:\/\/www.estrategiaconcursos.com.br\/blog\/#website"},"primaryImageOfPage":{"@id":"https:\/\/www.estrategiaconcursos.com.br\/blog\/concurso-coren-rs-2018\/#primaryimage"},"image":{"@id":"https:\/\/www.estrategiaconcursos.com.br\/blog\/concurso-coren-rs-2018\/#primaryimage"},"thumbnailUrl":"https:\/\/dhg1h5j42swfq.cloudfront.net\/2018\/06\/13094255\/coren-rs1.jpg","datePublished":"2018-06-11T12:44:56+00:00","dateModified":"2018-06-13T12:46:31+00:00","description":"O concurso COREN RS teve sua banca organizadora definida na esta semana.Saiba qual foi a escolhida, vagas , sal\u00e1rios e muito mais!","breadcrumb":{"@id":"https:\/\/www.estrategiaconcursos.com.br\/blog\/concurso-coren-rs-2018\/#breadcrumb"},"inLanguage":"pt-BR","potentialAction":[{"@type":"ReadAction","target":["https:\/\/www.estrategiaconcursos.com.br\/blog\/concurso-coren-rs-2018\/"]}]},{"@type":"ImageObject","inLanguage":"pt-BR","@id":"https:\/\/www.estrategiaconcursos.com.br\/blog\/concurso-coren-rs-2018\/#primaryimage","url":"https:\/\/dhg1h5j42swfq.cloudfront.net\/2018\/06\/13094255\/coren-rs1.jpg","contentUrl":"https:\/\/dhg1h5j42swfq.cloudfront.net\/2018\/06\/13094255\/coren-rs1.jpg","width":450,"height":330,"caption":"concurso coren rs"},{"@type":"BreadcrumbList","@id":"https:\/\/www.estrategiaconcursos.com.br\/blog\/concurso-coren-rs-2018\/#breadcrumb","itemListElement":[{"@type":"ListItem","position":1,"name":"In\u00edcio","item":"https:\/\/www.estrategiaconcursos.com.br\/blog\/"},{"@type":"ListItem","position":2,"name":"Concurso Coren RS: Banca contratada. Edital deve sair em Breve"}]},{"@type":"WebSite","@id":"https:\/\/www.estrategiaconcursos.com.br\/blog\/#website","url":"https:\/\/www.estrategiaconcursos.com.br\/blog\/","name":"Estrat\u00e9gia Concursos","description":"O blog da Estrat\u00e9gia Concursos traz not\u00edcias sobre concursos e artigos de professores oferecendo cursos para concursos (pdf + videaulas) no site.","publisher":{"@id":"https:\/\/www.estrategiaconcursos.com.br\/blog\/#organization"},"potentialAction":[{"@type":"SearchAction","target":{"@type":"EntryPoint","urlTemplate":"https:\/\/www.estrategiaconcursos.com.br\/blog\/?s={search_term_string}"},"query-input":{"@type":"PropertyValueSpecification","valueRequired":true,"valueName":"search_term_string"}}],"inLanguage":"pt-BR"},{"@type":"Organization","@id":"https:\/\/www.estrategiaconcursos.com.br\/blog\/#organization","name":"Estrat\u00e9gia Concursos","url":"https:\/\/www.estrategiaconcursos.com.br\/blog\/","logo":{"@type":"ImageObject","inLanguage":"pt-BR","@id":"https:\/\/www.estrategiaconcursos.com.br\/blog\/#\/schema\/logo\/image\/","url":"https:\/\/dhg1h5j42swfq.cloudfront.net\/2025\/06\/03203428\/logo_concursos-1.jpg","contentUrl":"https:\/\/dhg1h5j42swfq.cloudfront.net\/2025\/06\/03203428\/logo_concursos-1.jpg","width":230,"height":60,"caption":"Estrat\u00e9gia Concursos"},"image":{"@id":"https:\/\/www.estrategiaconcursos.com.br\/blog\/#\/schema\/logo\/image\/"},"sameAs":["https:\/\/x.com\/EstratConcursos"]},{"@type":"Person","@id":"https:\/\/www.estrategiaconcursos.com.br\/blog\/#\/schema\/person\/b4a388c97673c5f483d72185668afa1f","name":"Coordena\u00e7\u00e3o","image":{"@type":"ImageObject","inLanguage":"pt-BR","@id":"https:\/\/secure.gravatar.com\/avatar\/b720319e4c9a967eb58678d110f4fe35452fc5d5f97b202bac7b8acceb18c6ad?s=96&d=mm&r=g","url":"https:\/\/secure.gravatar.com\/avatar\/b720319e4c9a967eb58678d110f4fe35452fc5d5f97b202bac7b8acceb18c6ad?s=96&d=mm&r=g","contentUrl":"https:\/\/secure.gravatar.com\/avatar\/b720319e4c9a967eb58678d110f4fe35452fc5d5f97b202bac7b8acceb18c6ad?s=96&d=mm&r=g","caption":"Coordena\u00e7\u00e3o"},"sameAs":["https:\/\/www.facebook.com\/EstrategiaConcursos","https:\/\/x.com\/EstratConcursos"],"url":"https:\/\/www.estrategiaconcursos.com.br\/blog\/author\/estrategia2013\/"}]}},"_links":{"self":[{"href":"https:\/\/www.estrategiaconcursos.com.br\/blog\/wp-json\/wp\/v2\/posts\/126218","targetHints":{"allow":["GET"]}}],"collection":[{"href":"https:\/\/www.estrategiaconcursos.com.br\/blog\/wp-json\/wp\/v2\/posts"}],"about":[{"href":"https:\/\/www.estrategiaconcursos.com.br\/blog\/wp-json\/wp\/v2\/types\/post"}],"author":[{"embeddable":true,"href":"https:\/\/www.estrategiaconcursos.com.br\/blog\/wp-json\/wp\/v2\/users\/1"}],"replies":[{"embeddable":true,"href":"https:\/\/www.estrategiaconcursos.com.br\/blog\/wp-json\/wp\/v2\/comments?post=126218"}],"version-history":[{"count":2,"href":"https:\/\/www.estrategiaconcursos.com.br\/blog\/wp-json\/wp\/v2\/posts\/126218\/revisions"}],"predecessor-version":[{"id":126237,"href":"https:\/\/www.estrategiaconcursos.com.br\/blog\/wp-json\/wp\/v2\/posts\/126218\/revisions\/126237"}],"wp:featuredmedia":[{"embeddable":true,"href":"https:\/\/www.estrategiaconcursos.com.br\/blog\/wp-json\/wp\/v2\/media\/126235"}],"wp:attachment":[{"href":"https:\/\/www.estrategiaconcursos.com.br\/blog\/wp-json\/wp\/v2\/media?parent=126218"}],"wp:term":[{"taxonomy":"category","embeddable":true,"href":"https:\/\/www.estrategiaconcursos.com.br\/blog\/wp-json\/wp\/v2\/categories?post=126218"},{"taxonomy":"post_tag","embeddable":true,"href":"https:\/\/www.estrategiaconcursos.com.br\/blog\/wp-json\/wp\/v2\/tags?post=126218"},{"taxonomy":"tax_estado","embeddable":true,"href":"https:\/\/www.estrategiaconcursos.com.br\/blog\/wp-json\/wp\/v2\/tax_estado?post=126218"}],"curies":[{"name":"wp","href":"https:\/\/api.w.org\/{rel}","templated":true}]}}