{"id":126192,"date":"2018-06-12T21:13:44","date_gmt":"2018-06-13T00:13:44","guid":{"rendered":"https:\/\/www.estrategiaconcursos.com.br\/blog\/?p=126192"},"modified":"2019-11-08T16:49:24","modified_gmt":"2019-11-08T19:49:24","slug":"prova-trt-rj-psicologo-mais-uma-possibilidade-de-recurso","status":"publish","type":"post","link":"https:\/\/www.estrategiaconcursos.com.br\/blog\/prova-trt-rj-psicologo-mais-uma-possibilidade-de-recurso\/","title":{"rendered":"Prova TRT\/RJ &#8211; Psic\u00f3logo: mais uma possibilidade de RECURSO!"},"content":{"rendered":"<p>Oi, pessoal!<\/p>\n<p>Em rela\u00e7\u00e3o \u00e0 quest\u00e3o 56, da prova do tipo 1, que pede a alternativa correta quanto \u00e0 psicodin\u00e2mica do trabalho. A banca deu como correta a D, mas no gabarito extraoficial considerei correta a letra E.<\/p>\n<p>Vejam o trecho do artigo <em>A Cl\u00ednica psicodin\u00e2mica do trabalho: de Dejours \u00e0s pesquisas brasileiras<\/em>, de\u00a0Marcos \u00a0Bueno e\u00a0 K\u00e1tia \u00a0Barbosa \u00a0Mac\u00eado:<\/p>\n<p>&#8220;A \u00a0segunda \u00a0\u00e9 \u00a0a \u00a0da \u00a0exist\u00eancia \u00a0de \u00a0um \u00a0hiato \u00a0entre \u00a0o \u00a0que \u00a0\u00e9 \u00a0prescrito \u00a0e \u00a0o \u00a0 trabalho \u00a0real. \u00a0As \u00a0subjetividades \u00a0desenvolvidas \u00a0no \u00a0dia-\u00ad\u2010a-\u00ad\u2010dia \u00a0s\u00e3o \u00a0 mobilizadas \u00a0para \u00a0dar \u00a0conta \u00a0dessa \u00a0lacuna. \u00a0 \u00a0 \u00a0 Este \u00a0fato \u00a0mobiliza \u00a0o \u00a0sujeito \u00a0e \u00a0suscita \u00a0seu \u00a0investimento \u00a0subjetivo \u00a0na \u00a0 atividade \u00a0de \u00a0trabalho. \u00a0Ao \u00a0interpelar \u00a0a \u00a0intelig\u00eancia \u00a0pr\u00e1tica \u00a0do \u00a0sujeito \u00a0e \u00a0ao \u00a0 solicitar \u00a0sua \u00a0criatividade, \u00a0o \u00a0trabalho \u00a0que \u00a0deixa \u00a0uma \u00a0margem.<\/p>\n<p>Este \u00a0fato \u00a0mobiliza \u00a0o \u00a0sujeito \u00a0e \u00a0suscita \u00a0seu \u00a0investimento \u00a0subjetivo \u00a0na \u00a0 atividade \u00a0de \u00a0trabalho. \u00a0Ao \u00a0interpelar \u00a0a \u00a0intelig\u00eancia \u00a0pr\u00e1tica \u00a0do \u00a0sujeito \u00a0e \u00a0ao \u00a0 solicitar \u00a0sua \u00a0criatividade, \u00a0o \u00a0trabalho \u00a0que \u00a0deixa \u00a0uma \u00a0margem de autonomia oferece ao indiv\u00edduo a possibilidade de autorrealiza\u00e7\u00e3o e de construir a sua identidade (ALDERSON, 2004, P.253.&#8221;<\/p>\n<p>Al\u00e9m disso, Bueno e Mac\u00eado (2012), elaboraram um quadro em que trazem como defini\u00e7\u00e3o de INTELIG\u00caNCIA PR\u00c1TICA: &#8220;A intelig\u00eancia pr\u00e1tica, enquanto estrat\u00e9gia de enfrentamento coletiva auxilia o trabalhador a resistir ao que \u00e9 prescrito, utilizando recursos pr\u00f3prios e sua capacidade inventiva, pressupondo a ideia de ast\u00facia, mobilizando-se a partir do surgimento de situa\u00e7\u00f5es imprevistas. A partir do enfrentamento destas situa\u00e7\u00f5es, desenvolve um saber particular que se torna coletivo, transforma-se em a\u00e7\u00e3o de coopera\u00e7\u00e3o. Este recurso apresenta a finalidade de minimizar o sofrimento e transform\u00e1-lo em prazer. &#8221;<\/p>\n<p>Logo, de fato a alternativa E est\u00e1 de acordo com a literatura, e n\u00e3o a alternativa D, como sinalizado pela banca. Amanh\u00e3 \u00e9 o \u00faltimo dia para interpor recurso, N\u00c3O PERCA O PRAZO! Corre l\u00e1 para elaborar e mandar o recurso!<\/p>\n<p>Um abra\u00e7o!<\/p>\n","protected":false},"excerpt":{"rendered":"<p>Oi, pessoal! Em rela\u00e7\u00e3o \u00e0 quest\u00e3o 56, da prova do tipo 1, que pede a alternativa correta quanto \u00e0 psicodin\u00e2mica do trabalho. A banca deu como correta a D, mas no gabarito extraoficial considerei correta a letra E. Vejam o trecho do artigo A Cl\u00ednica psicodin\u00e2mica do trabalho: de Dejours \u00e0s pesquisas brasileiras, de\u00a0Marcos \u00a0Bueno [&hellip;]<\/p>\n","protected":false},"author":571,"featured_media":0,"comment_status":"open","ping_status":"closed","sticky":false,"template":"","format":"standard","meta":{"post_tipo":"article","footnotes":""},"categories":[1,1981],"tags":[],"tax_estado":[],"class_list":["post-126192","post","type-post","status-publish","format-standard","hentry","category-cursos-e-concursos","category-saude"],"acf":[],"yoast_head":"<!-- This site is optimized with the Yoast SEO Premium plugin v27.2 (Yoast SEO v27.2) - https:\/\/yoast.com\/product\/yoast-seo-premium-wordpress\/ -->\n<title>Prova TRT\/RJ - Psic\u00f3logo: mais uma possibilidade de RECURSO!<\/title>\n<meta name=\"robots\" content=\"index, follow, max-snippet:-1, max-image-preview:large, max-video-preview:-1\" \/>\n<link rel=\"canonical\" href=\"https:\/\/www.estrategiaconcursos.com.br\/blog\/prova-trt-rj-psicologo-mais-uma-possibilidade-de-recurso\/\" \/>\n<meta property=\"og:locale\" content=\"pt_BR\" \/>\n<meta property=\"og:type\" content=\"article\" \/>\n<meta property=\"og:title\" content=\"Prova TRT\/RJ - Psic\u00f3logo: mais uma possibilidade de RECURSO!\" \/>\n<meta property=\"og:description\" content=\"Oi, pessoal! Em rela\u00e7\u00e3o \u00e0 quest\u00e3o 56, da prova do tipo 1, que pede a alternativa correta quanto \u00e0 psicodin\u00e2mica do trabalho. A banca deu como correta a D, mas no gabarito extraoficial considerei correta a letra E. Vejam o trecho do artigo A Cl\u00ednica psicodin\u00e2mica do trabalho: de Dejours \u00e0s pesquisas brasileiras, de\u00a0Marcos \u00a0Bueno [&hellip;]\" \/>\n<meta property=\"og:url\" content=\"https:\/\/www.estrategiaconcursos.com.br\/blog\/prova-trt-rj-psicologo-mais-uma-possibilidade-de-recurso\/\" \/>\n<meta property=\"og:site_name\" content=\"Estrat\u00e9gia Concursos\" \/>\n<meta property=\"article:published_time\" content=\"2018-06-13T00:13:44+00:00\" \/>\n<meta property=\"article:modified_time\" content=\"2019-11-08T19:49:24+00:00\" \/>\n<meta name=\"author\" content=\"Marina Becalli\" \/>\n<meta name=\"twitter:card\" content=\"summary_large_image\" \/>\n<meta name=\"twitter:creator\" content=\"@EstratConcursos\" \/>\n<meta name=\"twitter:site\" content=\"@EstratConcursos\" \/>\n<meta name=\"twitter:label1\" content=\"Escrito por\" \/>\n\t<meta name=\"twitter:data1\" content=\"Marina Becalli\" \/>\n\t<meta name=\"twitter:label2\" content=\"Est. tempo de leitura\" \/>\n\t<meta name=\"twitter:data2\" content=\"2 minutos\" \/>\n<script type=\"application\/ld+json\" class=\"yoast-schema-graph\">{\"@context\":\"https:\/\/schema.org\",\"@graph\":[{\"@type\":\"NewsArticle\",\"@id\":\"https:\/\/www.estrategiaconcursos.com.br\/blog\/prova-trt-rj-psicologo-mais-uma-possibilidade-de-recurso\/#article\",\"isPartOf\":{\"@id\":\"https:\/\/www.estrategiaconcursos.com.br\/blog\/prova-trt-rj-psicologo-mais-uma-possibilidade-de-recurso\/\"},\"author\":{\"name\":\"Marina Becalli\",\"@id\":\"https:\/\/www.estrategiaconcursos.com.br\/blog\/#\/schema\/person\/1e2475595233595270d17e0208f89ba3\"},\"headline\":\"Prova TRT\/RJ &#8211; Psic\u00f3logo: mais uma possibilidade de RECURSO!\",\"datePublished\":\"2018-06-13T00:13:44+00:00\",\"dateModified\":\"2019-11-08T19:49:24+00:00\",\"mainEntityOfPage\":{\"@id\":\"https:\/\/www.estrategiaconcursos.com.br\/blog\/prova-trt-rj-psicologo-mais-uma-possibilidade-de-recurso\/\"},\"wordCount\":337,\"commentCount\":0,\"publisher\":{\"@id\":\"https:\/\/www.estrategiaconcursos.com.br\/blog\/#organization\"},\"articleSection\":[\"Concursos P\u00fablicos\",\"Sa\u00fade\"],\"inLanguage\":\"pt-BR\",\"potentialAction\":[{\"@type\":\"CommentAction\",\"name\":\"Comment\",\"target\":[\"https:\/\/www.estrategiaconcursos.com.br\/blog\/prova-trt-rj-psicologo-mais-uma-possibilidade-de-recurso\/#respond\"]}],\"copyrightYear\":\"2018\",\"copyrightHolder\":{\"@id\":\"https:\/\/www.estrategiaconcursos.com.br\/blog\/#organization\"}},{\"@type\":\"WebPage\",\"@id\":\"https:\/\/www.estrategiaconcursos.com.br\/blog\/prova-trt-rj-psicologo-mais-uma-possibilidade-de-recurso\/\",\"url\":\"https:\/\/www.estrategiaconcursos.com.br\/blog\/prova-trt-rj-psicologo-mais-uma-possibilidade-de-recurso\/\",\"name\":\"Prova TRT\/RJ - Psic\u00f3logo: mais uma possibilidade de RECURSO!\",\"isPartOf\":{\"@id\":\"https:\/\/www.estrategiaconcursos.com.br\/blog\/#website\"},\"datePublished\":\"2018-06-13T00:13:44+00:00\",\"dateModified\":\"2019-11-08T19:49:24+00:00\",\"breadcrumb\":{\"@id\":\"https:\/\/www.estrategiaconcursos.com.br\/blog\/prova-trt-rj-psicologo-mais-uma-possibilidade-de-recurso\/#breadcrumb\"},\"inLanguage\":\"pt-BR\",\"potentialAction\":[{\"@type\":\"ReadAction\",\"target\":[\"https:\/\/www.estrategiaconcursos.com.br\/blog\/prova-trt-rj-psicologo-mais-uma-possibilidade-de-recurso\/\"]}]},{\"@type\":\"BreadcrumbList\",\"@id\":\"https:\/\/www.estrategiaconcursos.com.br\/blog\/prova-trt-rj-psicologo-mais-uma-possibilidade-de-recurso\/#breadcrumb\",\"itemListElement\":[{\"@type\":\"ListItem\",\"position\":1,\"name\":\"In\u00edcio\",\"item\":\"https:\/\/www.estrategiaconcursos.com.br\/blog\/\"},{\"@type\":\"ListItem\",\"position\":2,\"name\":\"Prova TRT\/RJ &#8211; Psic\u00f3logo: mais uma possibilidade de RECURSO!\"}]},{\"@type\":\"WebSite\",\"@id\":\"https:\/\/www.estrategiaconcursos.com.br\/blog\/#website\",\"url\":\"https:\/\/www.estrategiaconcursos.com.br\/blog\/\",\"name\":\"Estrat\u00e9gia Concursos\",\"description\":\"O blog da Estrat\u00e9gia Concursos traz not\u00edcias sobre concursos e artigos de professores oferecendo cursos para concursos (pdf + videaulas) no site.\",\"publisher\":{\"@id\":\"https:\/\/www.estrategiaconcursos.com.br\/blog\/#organization\"},\"potentialAction\":[{\"@type\":\"SearchAction\",\"target\":{\"@type\":\"EntryPoint\",\"urlTemplate\":\"https:\/\/www.estrategiaconcursos.com.br\/blog\/?s={search_term_string}\"},\"query-input\":{\"@type\":\"PropertyValueSpecification\",\"valueRequired\":true,\"valueName\":\"search_term_string\"}}],\"inLanguage\":\"pt-BR\"},{\"@type\":\"Organization\",\"@id\":\"https:\/\/www.estrategiaconcursos.com.br\/blog\/#organization\",\"name\":\"Estrat\u00e9gia Concursos\",\"url\":\"https:\/\/www.estrategiaconcursos.com.br\/blog\/\",\"logo\":{\"@type\":\"ImageObject\",\"inLanguage\":\"pt-BR\",\"@id\":\"https:\/\/www.estrategiaconcursos.com.br\/blog\/#\/schema\/logo\/image\/\",\"url\":\"https:\/\/dhg1h5j42swfq.cloudfront.net\/2025\/06\/03203428\/logo_concursos-1.jpg\",\"contentUrl\":\"https:\/\/dhg1h5j42swfq.cloudfront.net\/2025\/06\/03203428\/logo_concursos-1.jpg\",\"width\":230,\"height\":60,\"caption\":\"Estrat\u00e9gia Concursos\"},\"image\":{\"@id\":\"https:\/\/www.estrategiaconcursos.com.br\/blog\/#\/schema\/logo\/image\/\"},\"sameAs\":[\"https:\/\/x.com\/EstratConcursos\"]},{\"@type\":\"Person\",\"@id\":\"https:\/\/www.estrategiaconcursos.com.br\/blog\/#\/schema\/person\/1e2475595233595270d17e0208f89ba3\",\"name\":\"Marina Becalli\",\"image\":{\"@type\":\"ImageObject\",\"inLanguage\":\"pt-BR\",\"@id\":\"https:\/\/secure.gravatar.com\/avatar\/67fe85e0ba78cec86bca2a6aa240c72b754ad6f23a83ff554c5baca29367fde2?s=96&d=mm&r=g\",\"url\":\"https:\/\/secure.gravatar.com\/avatar\/67fe85e0ba78cec86bca2a6aa240c72b754ad6f23a83ff554c5baca29367fde2?s=96&d=mm&r=g\",\"contentUrl\":\"https:\/\/secure.gravatar.com\/avatar\/67fe85e0ba78cec86bca2a6aa240c72b754ad6f23a83ff554c5baca29367fde2?s=96&d=mm&r=g\",\"caption\":\"Marina Becalli\"},\"url\":\"https:\/\/www.estrategiaconcursos.com.br\/blog\/author\/marinapbeccalligmail-com\/\"}]}<\/script>\n<!-- \/ Yoast SEO Premium plugin. -->","yoast_head_json":{"title":"Prova TRT\/RJ - Psic\u00f3logo: mais uma possibilidade de RECURSO!","robots":{"index":"index","follow":"follow","max-snippet":"max-snippet:-1","max-image-preview":"max-image-preview:large","max-video-preview":"max-video-preview:-1"},"canonical":"https:\/\/www.estrategiaconcursos.com.br\/blog\/prova-trt-rj-psicologo-mais-uma-possibilidade-de-recurso\/","og_locale":"pt_BR","og_type":"article","og_title":"Prova TRT\/RJ - Psic\u00f3logo: mais uma possibilidade de RECURSO!","og_description":"Oi, pessoal! Em rela\u00e7\u00e3o \u00e0 quest\u00e3o 56, da prova do tipo 1, que pede a alternativa correta quanto \u00e0 psicodin\u00e2mica do trabalho. A banca deu como correta a D, mas no gabarito extraoficial considerei correta a letra E. Vejam o trecho do artigo A Cl\u00ednica psicodin\u00e2mica do trabalho: de Dejours \u00e0s pesquisas brasileiras, de\u00a0Marcos \u00a0Bueno [&hellip;]","og_url":"https:\/\/www.estrategiaconcursos.com.br\/blog\/prova-trt-rj-psicologo-mais-uma-possibilidade-de-recurso\/","og_site_name":"Estrat\u00e9gia Concursos","article_published_time":"2018-06-13T00:13:44+00:00","article_modified_time":"2019-11-08T19:49:24+00:00","author":"Marina Becalli","twitter_card":"summary_large_image","twitter_creator":"@EstratConcursos","twitter_site":"@EstratConcursos","twitter_misc":{"Escrito por":"Marina Becalli","Est. tempo de leitura":"2 minutos"},"schema":{"@context":"https:\/\/schema.org","@graph":[{"@type":"NewsArticle","@id":"https:\/\/www.estrategiaconcursos.com.br\/blog\/prova-trt-rj-psicologo-mais-uma-possibilidade-de-recurso\/#article","isPartOf":{"@id":"https:\/\/www.estrategiaconcursos.com.br\/blog\/prova-trt-rj-psicologo-mais-uma-possibilidade-de-recurso\/"},"author":{"name":"Marina Becalli","@id":"https:\/\/www.estrategiaconcursos.com.br\/blog\/#\/schema\/person\/1e2475595233595270d17e0208f89ba3"},"headline":"Prova TRT\/RJ &#8211; Psic\u00f3logo: mais uma possibilidade de RECURSO!","datePublished":"2018-06-13T00:13:44+00:00","dateModified":"2019-11-08T19:49:24+00:00","mainEntityOfPage":{"@id":"https:\/\/www.estrategiaconcursos.com.br\/blog\/prova-trt-rj-psicologo-mais-uma-possibilidade-de-recurso\/"},"wordCount":337,"commentCount":0,"publisher":{"@id":"https:\/\/www.estrategiaconcursos.com.br\/blog\/#organization"},"articleSection":["Concursos P\u00fablicos","Sa\u00fade"],"inLanguage":"pt-BR","potentialAction":[{"@type":"CommentAction","name":"Comment","target":["https:\/\/www.estrategiaconcursos.com.br\/blog\/prova-trt-rj-psicologo-mais-uma-possibilidade-de-recurso\/#respond"]}],"copyrightYear":"2018","copyrightHolder":{"@id":"https:\/\/www.estrategiaconcursos.com.br\/blog\/#organization"}},{"@type":"WebPage","@id":"https:\/\/www.estrategiaconcursos.com.br\/blog\/prova-trt-rj-psicologo-mais-uma-possibilidade-de-recurso\/","url":"https:\/\/www.estrategiaconcursos.com.br\/blog\/prova-trt-rj-psicologo-mais-uma-possibilidade-de-recurso\/","name":"Prova TRT\/RJ - Psic\u00f3logo: mais uma possibilidade de RECURSO!","isPartOf":{"@id":"https:\/\/www.estrategiaconcursos.com.br\/blog\/#website"},"datePublished":"2018-06-13T00:13:44+00:00","dateModified":"2019-11-08T19:49:24+00:00","breadcrumb":{"@id":"https:\/\/www.estrategiaconcursos.com.br\/blog\/prova-trt-rj-psicologo-mais-uma-possibilidade-de-recurso\/#breadcrumb"},"inLanguage":"pt-BR","potentialAction":[{"@type":"ReadAction","target":["https:\/\/www.estrategiaconcursos.com.br\/blog\/prova-trt-rj-psicologo-mais-uma-possibilidade-de-recurso\/"]}]},{"@type":"BreadcrumbList","@id":"https:\/\/www.estrategiaconcursos.com.br\/blog\/prova-trt-rj-psicologo-mais-uma-possibilidade-de-recurso\/#breadcrumb","itemListElement":[{"@type":"ListItem","position":1,"name":"In\u00edcio","item":"https:\/\/www.estrategiaconcursos.com.br\/blog\/"},{"@type":"ListItem","position":2,"name":"Prova TRT\/RJ &#8211; Psic\u00f3logo: mais uma possibilidade de RECURSO!"}]},{"@type":"WebSite","@id":"https:\/\/www.estrategiaconcursos.com.br\/blog\/#website","url":"https:\/\/www.estrategiaconcursos.com.br\/blog\/","name":"Estrat\u00e9gia Concursos","description":"O blog da Estrat\u00e9gia Concursos traz not\u00edcias sobre concursos e artigos de professores oferecendo cursos para concursos (pdf + videaulas) no site.","publisher":{"@id":"https:\/\/www.estrategiaconcursos.com.br\/blog\/#organization"},"potentialAction":[{"@type":"SearchAction","target":{"@type":"EntryPoint","urlTemplate":"https:\/\/www.estrategiaconcursos.com.br\/blog\/?s={search_term_string}"},"query-input":{"@type":"PropertyValueSpecification","valueRequired":true,"valueName":"search_term_string"}}],"inLanguage":"pt-BR"},{"@type":"Organization","@id":"https:\/\/www.estrategiaconcursos.com.br\/blog\/#organization","name":"Estrat\u00e9gia Concursos","url":"https:\/\/www.estrategiaconcursos.com.br\/blog\/","logo":{"@type":"ImageObject","inLanguage":"pt-BR","@id":"https:\/\/www.estrategiaconcursos.com.br\/blog\/#\/schema\/logo\/image\/","url":"https:\/\/dhg1h5j42swfq.cloudfront.net\/2025\/06\/03203428\/logo_concursos-1.jpg","contentUrl":"https:\/\/dhg1h5j42swfq.cloudfront.net\/2025\/06\/03203428\/logo_concursos-1.jpg","width":230,"height":60,"caption":"Estrat\u00e9gia Concursos"},"image":{"@id":"https:\/\/www.estrategiaconcursos.com.br\/blog\/#\/schema\/logo\/image\/"},"sameAs":["https:\/\/x.com\/EstratConcursos"]},{"@type":"Person","@id":"https:\/\/www.estrategiaconcursos.com.br\/blog\/#\/schema\/person\/1e2475595233595270d17e0208f89ba3","name":"Marina Becalli","image":{"@type":"ImageObject","inLanguage":"pt-BR","@id":"https:\/\/secure.gravatar.com\/avatar\/67fe85e0ba78cec86bca2a6aa240c72b754ad6f23a83ff554c5baca29367fde2?s=96&d=mm&r=g","url":"https:\/\/secure.gravatar.com\/avatar\/67fe85e0ba78cec86bca2a6aa240c72b754ad6f23a83ff554c5baca29367fde2?s=96&d=mm&r=g","contentUrl":"https:\/\/secure.gravatar.com\/avatar\/67fe85e0ba78cec86bca2a6aa240c72b754ad6f23a83ff554c5baca29367fde2?s=96&d=mm&r=g","caption":"Marina Becalli"},"url":"https:\/\/www.estrategiaconcursos.com.br\/blog\/author\/marinapbeccalligmail-com\/"}]}},"_links":{"self":[{"href":"https:\/\/www.estrategiaconcursos.com.br\/blog\/wp-json\/wp\/v2\/posts\/126192","targetHints":{"allow":["GET"]}}],"collection":[{"href":"https:\/\/www.estrategiaconcursos.com.br\/blog\/wp-json\/wp\/v2\/posts"}],"about":[{"href":"https:\/\/www.estrategiaconcursos.com.br\/blog\/wp-json\/wp\/v2\/types\/post"}],"author":[{"embeddable":true,"href":"https:\/\/www.estrategiaconcursos.com.br\/blog\/wp-json\/wp\/v2\/users\/571"}],"replies":[{"embeddable":true,"href":"https:\/\/www.estrategiaconcursos.com.br\/blog\/wp-json\/wp\/v2\/comments?post=126192"}],"version-history":[{"count":3,"href":"https:\/\/www.estrategiaconcursos.com.br\/blog\/wp-json\/wp\/v2\/posts\/126192\/revisions"}],"predecessor-version":[{"id":126196,"href":"https:\/\/www.estrategiaconcursos.com.br\/blog\/wp-json\/wp\/v2\/posts\/126192\/revisions\/126196"}],"wp:attachment":[{"href":"https:\/\/www.estrategiaconcursos.com.br\/blog\/wp-json\/wp\/v2\/media?parent=126192"}],"wp:term":[{"taxonomy":"category","embeddable":true,"href":"https:\/\/www.estrategiaconcursos.com.br\/blog\/wp-json\/wp\/v2\/categories?post=126192"},{"taxonomy":"post_tag","embeddable":true,"href":"https:\/\/www.estrategiaconcursos.com.br\/blog\/wp-json\/wp\/v2\/tags?post=126192"},{"taxonomy":"tax_estado","embeddable":true,"href":"https:\/\/www.estrategiaconcursos.com.br\/blog\/wp-json\/wp\/v2\/tax_estado?post=126192"}],"curies":[{"name":"wp","href":"https:\/\/api.w.org\/{rel}","templated":true}]}}