{"id":125902,"date":"2018-06-11T20:02:32","date_gmt":"2018-06-11T23:02:32","guid":{"rendered":"https:\/\/www.estrategiaconcursos.com.br\/blog\/?p=125902"},"modified":"2018-06-13T10:53:24","modified_gmt":"2018-06-13T13:53:24","slug":"provas-trt-rj-direito-do-trabalho-com-recurso","status":"publish","type":"post","link":"https:\/\/www.estrategiaconcursos.com.br\/blog\/provas-trt-rj-direito-do-trabalho-com-recurso\/","title":{"rendered":"Provas TRT-RJ \u2013 Direito do Trabalho \u2013 com recurso (com OJAF)"},"content":{"rendered":"<blockquote>\n<h3><span style=\"color: #0000ff\"><strong>Provas TRT-RJ \u2013 Direito do Trabalho \u2013 com recurso<\/strong><\/span><\/h3>\n<\/blockquote>\n<p>Ol\u00e1 amigos!<\/p>\n<p>Como foram de prova? Espero que tenham feito uma \u00f3tima prova e obtido um excelente desempenho em Direito do Trabalho.<\/p>\n<p>Hoje (11\/6), pela manh\u00e3, foram publicados os cadernos de prova e os gabaritos preliminares do concurso do TRT-RJ, organizado pela AOCP.<\/p>\n<p>Ontem mesmo, j\u00e1 hav\u00edamos comentado em v\u00eddeo as quest\u00f5es de Direito do Trabalho dos cargos de TJAA, AJAA e AJAJ e adiantado o gabarito extraoficial. Se voc\u00ea ainda n\u00e3o assistiu, n\u00e3o deixe de conferir os v\u00eddeos: <a href=\"https:\/\/www.youtube.com\/watch?v=254ASbDmHqc\">TJAA<\/a> (at\u00e9 30:00) e<a href=\"https:\/\/www.youtube.com\/watch?v=PZSrujAsVt0\"> AJAA\/AJAJ <\/a>(a partir de 2:22:40). Nos pr\u00f3ximos dias, iremos atualizar este post com coment\u00e1rios por escrito.<\/p>\n<p>Hoje a AOCP confirmou todos nossos gabaritos extraoficiais e tamb\u00e9m as duas possibilidades de recurso que hav\u00edamos adiantado no v\u00eddeo de ontem, quanto \u00e0 prova de AJAA \u2013 Analista da \u00c1rea Administrativa.<\/p>\n<p>Na prova tipo 01 de AJAA, a meu ver, as <strong>quest\u00f5es 43<\/strong> (licen\u00e7a-paternidade) e <strong>47<\/strong> (f\u00e9rias) apresentam imprecis\u00f5es capazes de levar \u00e0 respectiva anula\u00e7\u00e3o, conforme detalhado mais abaixo. Mais abaixo, seguem, inclusive, os fundamentos dos recursos, caso queiram utilizar.<\/p>\n<p>Al\u00e9m destas duas quest\u00f5es, a reda\u00e7\u00e3o da <strong>quest\u00e3o 44<\/strong> (sobre grupo econ\u00f4mico) n\u00e3o \u00e9 totalmente precisa quanto \u00e0 presta\u00e7\u00e3o dos servi\u00e7os \u00e0 Tecelagem \u201cdurante a mesma jornada de trabalho\u201d, consoante exige a SUM-129 do TST. Em outras palavras, o enunciado n\u00e3o deixa claro se h\u00e1 dupla presta\u00e7\u00e3o na mesma jornada (das 8hs \u00e0s 20:15) ou se seriam duas jornadas estanques: uma para a Confec\u00e7\u00f5es (das 8hs \u00e0s 18:00) e outra para a Tecelagem (das 18:15 \u00e0s 20:15). Neste \u00faltimo caso, n\u00e3o haveria a incid\u00eancia da SUM-129, o que tornaria a letra (A) correta. De toda sorte, a inseguran\u00e7a decorrente da imprecis\u00e3o do enunciado deveria tamb\u00e9m ensejar sua anula\u00e7\u00e3o.<\/p>\n<p>&nbsp;<\/p>\n<p>Um grande abra\u00e7o a todos!<\/p>\n<p>P.S. Caso vislumbrem possibilidades de recurso contra outras quest\u00f5es, n\u00e3o deixem de entrar em contato comigo.<\/p>\n<p>&nbsp;<\/p>\n<p><strong>Prof. Antonio Daud Jr<\/strong><\/p>\n<p>Instagram: <a href=\"https:\/\/www.instagram.com\/prof.antoniodaudjr\/?hl=en\">@prof.antoniodaudjr<\/a><\/p>\n<p>&#8211; &#8211; &#8211; &#8211; &#8211;<\/p>\n<p>Finalmente conseguimos analisar a prova de Oficial de Justi\u00e7a, na qual encontramos tr\u00eas possibilidades de recurso, sendo duas no sentido de altera\u00e7\u00e3o de gabarito (quest\u00f5es 32 e 48 do tipo 01) e outra no sentido de anular a quest\u00e3o (43).<\/p>\n<div>\n<p class=\"ydpcd7029a3MsoNormal\">Seguem abaixo os coment\u00e1rios das quest\u00f5es de OJAF, al\u00e9m das sugest\u00f5es de recurso.<\/p>\n<p class=\"ydpcd7029a3MsoNormal\">&#8211; &#8211; &#8211; &#8211; &#8211;<\/p>\n<p class=\"ydpcd7029a3MsoNormal\"><b>OJAF (prova tipo 01)<\/b><\/p>\n<p class=\"ydpcd7029a3MsoNormal\"><b>32.<\/b> A Constitui\u00e7\u00e3o Federal, em seu art. 114, III, disp\u00f5e que compete \u00e0 Justi\u00e7a do Trabalho processar e julgar as a\u00e7\u00f5es sobre representa\u00e7\u00e3o sindical, entre sindicatos, entre sindicatos e trabalhadores, e entre sindicatos e empregadores. Tendo isso em vista, assinale a alternativa correta, de acordo com as disposi\u00e7\u00f5es constitucionais, acerca da associa\u00e7\u00e3o profissional ou sindical.<\/p>\n<p class=\"ydpcd7029a3MsoNormal\">(A) A lei n\u00e3o poder\u00e1 exigir autoriza\u00e7\u00e3o do Estado para a funda\u00e7\u00e3o de sindicato, bem como n\u00e3o poder\u00e1 exigir registro em qualquer \u00f3rg\u00e3o estatal, vedadas ao Poder P\u00fablico a interfer\u00eancia e a interven\u00e7\u00e3o na organiza\u00e7\u00e3o sindical.<\/p>\n<p class=\"ydpcd7029a3MsoNormal\">(B) \u00c9 vedada a dispensa do empregado sindicalizado a partir do registro da candidatura a cargo de dire\u00e7\u00e3o ou representa\u00e7\u00e3o sindical e, se eleito, ainda que suplente, at\u00e9 um ano ap\u00f3s o final do mandato, salvo se cometer falta grave nos termos da lei.<\/p>\n<p class=\"ydpcd7029a3MsoNormal\">(C) A participa\u00e7\u00e3o dos sindicatos nas negocia\u00e7\u00f5es coletivas de trabalho \u00e9 facultativa.<\/p>\n<p class=\"ydpcd7029a3MsoNormal\">(D) O aposentado filiado n\u00e3o poder\u00e1 votar e ser votado nas organiza\u00e7\u00f5es sindicais.<\/p>\n<p class=\"ydpcd7029a3MsoNormal\">(E) \u00c9 vedada a cria\u00e7\u00e3o de mais de uma organiza\u00e7\u00e3o sindical representativa da mesma categoria profissional ou econ\u00f4mica, ainda que em bases territoriais distintas.<\/p>\n<p class=\"ydpcd7029a3MsoNormal\"><b>Gabarito (A)<\/b><\/p>\n<p class=\"ydpcd7029a3MsoNormal\">Pode-se observar claramente que a letra (A) contraria o que disp\u00f5e a CF\/88, em seu artigo 8\u00ba, inciso I.<\/p>\n<p class=\"ydpcd7029a3MsoNormal\">Por outro lado, a alternativa (B) afigura-se CORRETA, consistindo em transcri\u00e7\u00e3o do inciso VIII do mesmo artigo 8\u00ba.<\/p>\n<p class=\"ydpcd7029a3MsoNormal\">Portanto, faz-se mister a <b>ALTERA\u00c7\u00c3O DO GABARITO PRELIMINAR<\/b>, passando-se a constar como (B) a alternativa correta.<\/p>\n<p class=\"ydpcd7029a3MsoNormal\"><b>43.<\/b> Os princ\u00edpios est\u00e3o situados no ordenamento jur\u00eddico cumprindo uma fun\u00e7\u00e3o integrativa de lacunas, partindo das leis para atingir as regras gerais que delas derivam. Com base nessa premissa, assinale a alternativa correta.<\/p>\n<p class=\"ydpcd7029a3MsoNormal\">(A) O princ\u00edpio da prote\u00e7\u00e3o, que busca conferir ao trabalhador uma equidade processual, subdivide-se em 3 (tr\u00eas) outros princ\u00edpios: <i>in dubio pro societa<\/i>, da aplica\u00e7\u00e3o da norma mais favor\u00e1vel e da condi\u00e7\u00e3o mais ben\u00e9fica.<\/p>\n<p class=\"ydpcd7029a3MsoNormal\">(B) Segundo o princ\u00edpio da primazia da realidade no Direito do Trabalho, predomina a verdade real em face da verdade formal, ou seja, predomina a verdade da forma em face da verdade dos fatos.<\/p>\n<p class=\"ydpcd7029a3MsoNormal\">(C) Em rela\u00e7\u00e3o ao princ\u00edpio da aplica\u00e7\u00e3o da norma mais favor\u00e1vel, a Teoria do Conglobamento defende que atrav\u00e9s da compara\u00e7\u00e3o das diversas regras sobre cada instituto ou mat\u00e9ria, respeitando-se o crit\u00e9rio da especializa\u00e7\u00e3o, deve ser buscada a norma mais favor\u00e1vel ao caso.<\/p>\n<p class=\"ydpcd7029a3MsoNormal\">(D) O princ\u00edpio da inalterabilidade contratual veda a possibilidade de altera\u00e7\u00f5es no contrato de trabalho, lesivas ou ben\u00e9ficas ao trabalhador.<\/p>\n<p class=\"ydpcd7029a3MsoNormal\">(E) O princ\u00edpio da veda\u00e7\u00e3o \u00e0 redu\u00e7\u00e3o Salarial n\u00e3o sofre qualquer tipo de mitiga\u00e7\u00e3o, n\u00e3o<\/p>\n<p class=\"ydpcd7029a3MsoNormal\">podendo Acordo Coletivo de Trabalho ou Conven\u00e7\u00e3o Coletiva de Trabalho dispor sobre redu\u00e7\u00e3o salarial.<\/p>\n<p class=\"ydpcd7029a3MsoNormal\"><b>Gabarito (C)<\/b><\/p>\n<p class=\"ydpcd7029a3MsoNormal\">Muito embora tenha sido inicialmente apontada como correta a alternativa (C), observa-se que a descri\u00e7\u00e3o contida na alternativa se refere, na verdade, \u00e0 <b>teoria do conglobamento <u>mitigado<\/u><\/b>, e n\u00e3o propriamente \u00e0 teoria cl\u00e1ssica do conglobamento.<\/p>\n<p class=\"ydpcd7029a3MsoNormal\">Embora a diferen\u00e7a seja sutil, ao mencionar a \u201ccompara\u00e7\u00e3o das diversas regras <b>sobre cada instituto ou mat\u00e9ria<\/b>\u201d, a quest\u00e3o afasta-se da no\u00e7\u00e3o cl\u00e1ssica de conglobamento, que pugna por \u201cuma an\u00e1lise <b>sistem\u00e1tica<\/b> do instrumento normativo <b>por inteiro<\/b>\u201d (BEZERRA LEITE, Carlos Henrique. Curso de Direito do Trabalho. 8\u00aa ed. 2017. Ed. Saraiva. p. 750). Na \u201cteoria do conglobamento\u201d, mencionada genericamente na quest\u00e3o, n\u00e3o se cogita fracionamento do ato normativo.<\/p>\n<p class=\"ydpcd7029a3MsoNormal\">E, examinando as demais alternativas, n\u00e3o se encontra uma que seja aproveitada como correta. Nesse sentido, entendo que a quest\u00e3o deva ser <b>ANULADA<\/b>.<\/p>\n<p class=\"ydpcd7029a3MsoNormal\"><b>48.<\/b> Um sindicato patronal e um sindicato obreiro do Rio de Janeiro resolveram discutir as disposi\u00e7\u00f5es de conven\u00e7\u00e3o coletiva para uma determinada categoria, estipulando que a vig\u00eancia se daria no ano seguinte \u00e0 discuss\u00e3o. As cl\u00e1usulas convencionais foram pactuadas nos seguintes termos: haver\u00e1 supress\u00e3o do valor nominal do d\u00e9cimo terceiro sal\u00e1rio; o prazo m\u00e1ximo para o gozo de licen\u00e7a-maternidade ser\u00e1 de cem dias; as f\u00e9rias anuais remuneradas ser\u00e3o acrescidas de metade do sal\u00e1rio normal; haver\u00e1 o aumento de cem reais ao adicional para atividades perigosas. Quanto \u00e0 Conven\u00e7\u00e3o e licitude\/ilicitude das cl\u00e1usulas, assinale a alternativa correta.<\/p>\n<p class=\"ydpcd7029a3MsoNormal\">(A) A conven\u00e7\u00e3o \u00e9 nula de pleno direito, j\u00e1 que as cl\u00e1usulas ora apresentadas constituem objeto il\u00edcito.<\/p>\n<p class=\"ydpcd7029a3MsoNormal\">(B) A conven\u00e7\u00e3o \u00e9 parcialmente v\u00e1lida, pois, dentre as cl\u00e1usulas, constitui objeto l\u00edcito aquelas quanto \u00e0s f\u00e9rias serem acrescidas de metade do sal\u00e1rio normal e quanto ao aumento referente ao adicional para atividades perigosas.<\/p>\n<p class=\"ydpcd7029a3MsoNormal\">(C) A conven\u00e7\u00e3o \u00e9 parcialmente v\u00e1lida, pois, dentre as cl\u00e1usulas, constituem objetos il\u00edcitos a vig\u00eancia do prazo para o gozo de licen\u00e7a maternidade e as f\u00e9rias serem acrescidas de metade do sal\u00e1rio normal.<\/p>\n<p class=\"ydpcd7029a3MsoNormal\">(D) A conven\u00e7\u00e3o dever\u00e1 subsistir por ser v\u00e1lida e por se tratar de condi\u00e7\u00e3o ben\u00e9fica ao empregado, bem como por estar em observ\u00e2ncia ao princ\u00edpio <i>do Pacta Sunt Servanda<\/i>.<\/p>\n<p class=\"ydpcd7029a3MsoNormal\">(E) A conven\u00e7\u00e3o \u00e9 v\u00e1lida, pois apresenta concess\u00f5es m\u00fatuas de ambas as partes, n\u00e3o constituindo objeto il\u00edcito as cl\u00e1usulas que tratam acerca do valor nominal do d\u00e9cimo terceiro sal\u00e1rio e do prazo para o gozo de licen\u00e7a-maternidade.<\/p>\n<p class=\"ydpcd7029a3MsoNormal\"><b>Gabarito (E)<\/b><\/p>\n<p class=\"ydpcd7029a3MsoNormal\">Mais um gabarito que est\u00e1 CLARAMENTE incorreto. A \u201csupress\u00e3o do valor nominal do d\u00e9cimo terceiro sal\u00e1rio\u201d e a redu\u00e7\u00e3o do \u201co prazo m\u00e1ximo para o gozo de licen\u00e7a-maternidade\u201d para cem dias encontram \u00f3bices no art. 611-B da CLT, incisos V e XIII.<\/p>\n<p class=\"ydpcd7029a3MsoNormal\">Por outro lado, percebemos que a letra (B) apresenta-se como alternativa CORRETA, na medida em que \u201cf\u00e9rias anuais remuneradas\u201d com acr\u00e9scimo de \u201cmetade do sal\u00e1rio normal\u201d e o \u201caumento de cem reais ao adicional para atividades perigosas\u201d podem ser consideradas regras ben\u00e9ficas ao trabalhador, no sentido de ampliar tais direitos.<\/p>\n<p class=\"ydpcd7029a3MsoNormal\">Ou seja, muito embora o art. 611-B mencione o adicional de periculosidade (inciso XVIII) e a remunera\u00e7\u00e3o das f\u00e9rias com, pelo menos, um ter\u00e7o a mais do que o sal\u00e1rio normal (inciso XII), a veda\u00e7\u00e3o constante do dispositivo cinge-se \u00e0 redu\u00e7\u00e3o ou \u00e0 supress\u00e3o de direitos, o que n\u00e3o \u00e9 o caso. Assim, seriam il\u00edcitas cl\u00e1usulas no sentido de reduzir ou suprimir tais direitos, sendo que aquelas propostas no texto da Conven\u00e7\u00e3o Coletiva em apre\u00e7o afiguram-se mais ben\u00e9ficas ao empregado.<\/p>\n<p class=\"ydpcd7029a3MsoNormal\">Portanto, faz-se mister a <b>ALTERA\u00c7\u00c3O DO GABARITO PRELIMINAR<\/b>, passando-se a constar como (B) a alternativa correta.<\/p>\n<p class=\"ydpcd7029a3MsoNormal\"><b>49.<\/b> A respeito da rescis\u00e3o do contrato de trabalho, assinale a alternativa INCORRETA.<\/p>\n<p class=\"ydpcd7029a3MsoNormal\">(A) No caso de empregado que falta reiterada e injustificadamente ao trabalho, \u00e9 motivo<\/p>\n<p class=\"ydpcd7029a3MsoNormal\">o bastante para ser causa \u00e0 rescis\u00e3o contratual por des\u00eddia.<\/p>\n<p class=\"ydpcd7029a3MsoNormal\">(B) Dentre as hip\u00f3teses previstas na CLT para a justa causa da rescis\u00e3o do contrato de<\/p>\n<p class=\"ydpcd7029a3MsoNormal\">trabalho, est\u00e3o a incontin\u00eancia de conduta ou mau procedimento, bem como o ato de indisciplina e de insubordina\u00e7\u00e3o.<\/p>\n<p class=\"ydpcd7029a3MsoNormal\">(C) Constitui faculdade do empregado rescindir o contrato de trabalho em caso de morte<\/p>\n<p class=\"ydpcd7029a3MsoNormal\">do empregador constitu\u00eddo em empresa individual.<\/p>\n<p class=\"ydpcd7029a3MsoNormal\">(D) Constitui justa causa para a rescis\u00e3o do contrato de trabalho pelo empregador a incontin\u00eancia de conduta ou mau procedimento, a exemplo de faltas reiteradas e injustificadas pelo empregado<b>.<\/b><\/p>\n<p class=\"ydpcd7029a3MsoNormal\">(E) Havendo culpa rec\u00edproca no ato que determinou a rescis\u00e3o do contrato de trabalho, o tribunal de trabalho reduzir\u00e1 a indeniza\u00e7\u00e3o \u00e0 que seria devida em caso de culpa exclusiva do empregador, por metade.<\/p>\n<p class=\"ydpcd7029a3MsoNormal\"><b>Gabarito (D)<\/b><\/p>\n<p class=\"ydpcd7029a3MsoNormal\">Trata-se de entendimento doutrin\u00e1rio de que a ocorr\u00eancia de \u201cfaltas reiteradas e injustificadas\u201d caracteriza ato de des\u00eddia por parte do empregado, autorizando-se sua dispensa com justa causa (art. 482, \u2018e\u2019).<\/p>\n<p class=\"ydpcd7029a3MsoNormal\"><b>50.<\/b> Considerando as disposi\u00e7\u00f5es da CLT quanto ao comparecimento ao servi\u00e7o,<\/p>\n<p class=\"ydpcd7029a3MsoNormal\">analise as situa\u00e7\u00f5es hipot\u00e9ticas a seguir e assinale a alternativa que aponta as corretas.<\/p>\n<p class=\"ydpcd7029a3MsoNormal\">I. Gilson Carlos \u00e9 empregado da empresa Padaria Oliveiras, sendo que se ausentou do trabalho por 2 (dois) dias consecutivos em raz\u00e3o do falecimento do seu irm\u00e3o Jos\u00e9 Lucas, n\u00e3o obtendo preju\u00edzo em seu sal\u00e1rio.<\/p>\n<p class=\"ydpcd7029a3MsoNormal\">II. Andr\u00e9 se ausentou do trabalho por 2 (dois) dias em raz\u00e3o de comparecimento<\/p>\n<p class=\"ydpcd7029a3MsoNormal\">ao Tribunal do J\u00fari na cidade de Cabo Frio, obtendo preju\u00edzo em seu sal\u00e1rio.<\/p>\n<p class=\"ydpcd7029a3MsoNormal\">III. Considerando as elei\u00e7\u00f5es de 2018, Verg\u00edlio deixou de comparecer ao servi\u00e7o para o fim de se alistar eleitor por 2 (dois) dias consecutivos, obtendo preju\u00edzo em seu sal\u00e1rio.<\/p>\n<p class=\"ydpcd7029a3MsoNormal\">IV. Ariane trabalha na empresa Bird Cosm\u00e9ticos e, em virtude de seu matrim\u00f4nio, deixou de comparecer ao trabalho por 2 (dois) dias consecutivos, n\u00e3o obtendo preju\u00edzo em seu sal\u00e1rio.<\/p>\n<p class=\"ydpcd7029a3MsoNormal\">(A) Apenas I, III e IV.<\/p>\n<p class=\"ydpcd7029a3MsoNormal\">(B) Apenas II, III e IV.<\/p>\n<p class=\"ydpcd7029a3MsoNormal\">(C) Apenas I e III.<\/p>\n<p class=\"ydpcd7029a3MsoNormal\">(D) Apenas I e IV.<\/p>\n<p class=\"ydpcd7029a3MsoNormal\">(E) Apenas II e IV.<\/p>\n<p class=\"ydpcd7029a3MsoNormal\"><b>Gabarito (D).<\/b> Muito embora tenha sido considerada correta a conduta descrita no item IV, n\u00e3o podemos nos esquecer de que \u00e9 de <b>3 dias<\/b> a dura\u00e7\u00e3o do afastamento remunerado em raz\u00e3o de casamento (CLT, art. 473, II).<\/p>\n<p class=\"ydpcd7029a3MsoNormal\">Em rela\u00e7\u00e3o \u00e0s demais proposi\u00e7\u00f5es, ressalto que a <b>proposi\u00e7\u00e3o I<\/b> est\u00e1 correta, nos termos do art. 473, inciso I, da CLT.<\/p>\n<p class=\"ydpcd7029a3MsoNormal\">As <b>proposi\u00e7\u00f5es II<\/b> e <b>III<\/b>, ambas incorretas, na medida em que tais afastamentos representam hip\u00f3teses de interrup\u00e7\u00e3o do contrato de trabalho, pelo que n\u00e3o devem resultar preju\u00edzo no sal\u00e1rio do empregado (CLT, art. 473, V e VIII).<\/p>\n<\/div>\n<p>&#8211; &#8211; &#8211; &#8211; &#8211;<\/p>\n<p><strong>AJAA &#8211; Quest\u00e3o 43<\/strong><\/p>\n<p>No que se refere \u00e0 licen\u00e7a paternidade, assinale a alternativa correta.<\/p>\n<p>(A) Ao empregado \u00e9 garantido &#8230;.<\/p>\n<p>(B) O empregado tem direito de ausentar-se do trabalho&#8230;<\/p>\n<p>(C) O empregado poder\u00e1 deixar de comparecer ao servi\u00e7o por 5 dias consecutivos em caso de nascimento&#8230;<\/p>\n<p>(D) \u00c9 garantido ao empregado o direito de ausentar-se do trabalho por 5 dias consecutivos quando do nascimento do filho, no decorrer da primeira semana, sendo o per\u00edodo de licen\u00e7a irredut\u00edvel. Tal direito \u00e9 indispon\u00edvel, n\u00e3o podendo ser alterado por legisla\u00e7\u00e3o infraconstitucional, tampouco negociado pelas partes, individualmente ou atrav\u00e9s de acordos ou conven\u00e7\u00f5es coletivas de trabalho.<\/p>\n<p>(E) Ao empregado \u00e9 garantido o direito de ausentar-se do trabalho por 5 dias&#8230;<\/p>\n<p><strong>Gabarito preliminar (D)<\/strong><\/p>\n<p>Em rela\u00e7\u00e3o \u00e0 alternativa (D), \u00e9 preciso tecer algumas considera\u00e7\u00f5es.<\/p>\n<p><strong>1)<\/strong> Se, por um lado, consta da CLT a previs\u00e3o de afastamento remunerado do empregado por um dia, em caso de nascimento de filho no decorrer da primeira semana (CLT, art. 473, III), por outro temos que nos lembrar da previs\u00e3o constitucional a respeito:<\/p>\n<blockquote><p><em>ADCT, art. 10, \u00a7 1\u00ba <strong>At\u00e9 que a lei venha a disciplinar o disposto no art. 7\u00ba, XIX<\/strong>, da Constitui\u00e7\u00e3o [licen\u00e7a-paternidade, nos termos fixados em lei], o prazo da licen\u00e7a-paternidade a que se refere o inciso \u00e9 de <strong>cinco dias<\/strong>.<\/em><\/p><\/blockquote>\n<p><strong>2)<\/strong> Nesse sentido, parcela significativa da doutrina, a exemplo de Maur\u00edcio Godinho (Curso de Direito do Trabalho, 7\u00aa ed., 2008, p. 1062), entende que tal prazo constitucional (5 dias) teria absorvido o prazo mais reduzido constante da CLT (1 dia), j\u00e1 que se fundam na mesma motiva\u00e7\u00e3o.<\/p>\n<p><strong>3)<\/strong> Muito embora tenha sido dada como CORRETA, a alternativa (D), em sua parte final, pro\u00edbe a <strong>altera\u00e7\u00e3o<\/strong> do prazo constitucional prazo por meio de ato normativo infraconstitucional ou por meio de ACT\/CCT. Tal veda\u00e7\u00e3o n\u00e3o se coaduna com a situa\u00e7\u00e3o <strong>TRANSIT\u00d3RIA<\/strong> do prazo de 5 dias em nosso ordenamento jur\u00eddico, tanto que o pr\u00f3prio constituinte origin\u00e1rio ressalvou expressamente a possibilidade de fixa\u00e7\u00e3o de outro prazo por meio de lei: \u201cAt\u00e9 que a lei venha a disciplinar o disposto no art. 7\u00ba, XIX ..\u201d.<\/p>\n<p><strong>4)<\/strong> Al\u00e9m disso, a altera\u00e7\u00e3o no sentido de beneficiar o empregado poderia ser admitida sob o ponto de vista do princ\u00edpio da prote\u00e7\u00e3o, admitindo-se, por exemplo, uma conven\u00e7\u00e3o coletiva dispondo a respeito de uma licen\u00e7a-paternidade de 10 dias.<\/p>\n<p>Notem que o art. 611-B da CLT, em seu inciso XIV, veda exclusivamente a <strong>redu\u00e7\u00e3o<\/strong> ou <strong>supress\u00e3o<\/strong> de tal direito, n\u00e3o se podendo inferir que uma cl\u00e1usula coletiva com intuito de <strong>ampliar<\/strong> tal licen\u00e7a seja objeto il\u00edcito de acordo ou conven\u00e7\u00e3o coletiva de trabalho, muito embora tamb\u00e9m seja uma <strong>altera\u00e7\u00e3o<\/strong> do referido prazo.<\/p>\n<p>Aqui j\u00e1 temos fundamento suficiente para julgarmos a alternativa (D) como incorreta.<\/p>\n<p><strong>5)<\/strong> E, ainda, n\u00e3o podemos nos esquecer da Lei 11.770\/2009, com reda\u00e7\u00e3o dada pela Lei 13.257\/2016, a qual garante aos empregados de \u201cEmpresas Cidad\u00e3s\u201d a <strong>prorroga\u00e7\u00e3o<\/strong> da referida licen\u00e7a (art. 1\u00ba, inciso II), podendo ser considerado caso de altera\u00e7\u00e3o do referido prazo por meio de ato infraconstitucional.<\/p>\n<p>Ante o exposto, dadas as relevantes incorre\u00e7\u00f5es da alternativa (D), apontada inicialmente como correta, e a aus\u00eancia de outra alternativa integralmente correta, entendo que a quest\u00e3o merece ser ANULADA.<\/p>\n<p>&#8211; &#8211; &#8211; &#8211; &#8211;<\/p>\n<p><strong>AJAA &#8211; Quest\u00e3o 47<\/strong><\/p>\n<p>Em rela\u00e7\u00e3o \u00e0s f\u00e9rias, assinale a alternativa INCORRETA.<\/p>\n<p>(A) As f\u00e9rias poder\u00e3o ser divididas em at\u00e9 tr\u00eas per\u00edodos, sendo que um deles dever\u00e1 ser superior a 14 dias corridos.<\/p>\n<p>(B) O empregado que, no curso do per\u00edodo aquisitivo, deixar o emprego e n\u00e3o for readmitido no prazo de 60 dias subsequentes \u00e0 sua sa\u00edda n\u00e3o ter\u00e1 direito \u00e0 inclus\u00e3o desse per\u00edodo na contagem das f\u00e9rias caso retorne ao emprego.<\/p>\n<p>(C) A \u00e9poca do gozo das f\u00e9rias sempre atender\u00e1 o interesse do empregado.<\/p>\n<p>(..)<\/p>\n<p><strong>Gabarito preliminar (C)<\/strong><\/p>\n<p>Muito embora a alternativa (C) esteja claramente incorreta, notem que a letra (A) n\u00e3o est\u00e1 totalmente correta.<\/p>\n<p>Ao mencionar que um dos per\u00edodos das f\u00e9rias fracionadas \u201cdever\u00e1 ser <strong>superior a 14 dias<\/strong> corridos\u201d (portanto, 15 dias ou mais) a AOCP contrariou a literalidade do art. 134, \u00a71\u00ba, da CLT:<\/p>\n<blockquote><p><em>CLT, art. 134, \u00a7 1\u00ba Desde que haja concord\u00e2ncia do empregado, as f\u00e9rias poder\u00e3o ser usufru\u00eddas em at\u00e9 tr\u00eas per\u00edodos, sendo que um deles <strong>n\u00e3o poder\u00e1 ser inferior a quatorze dias<\/strong> corridos e os demais n\u00e3o poder\u00e3o ser inferiores a cinco dias corridos, cada um.<\/em><\/p><\/blockquote>\n<p>Ora, quando se tem uma fra\u00e7\u00e3o de exatos 14 dias de f\u00e9rias, \u00e9 not\u00f3rio que ela atende \u00e0 legisla\u00e7\u00e3o, de onde podemos concluir que a alternativa (A), dada como correta, menciona uma regra diferente daquela estatu\u00edda em lei.<\/p>\n<p>Ante o exposto, muito embora a letra (C) esteja claramente incorreta, a letra (A) n\u00e3o \u00e9 totalmente precisa, nos termos do art. 134, \u00a71\u00ba, da CLT, de sorte que a quest\u00e3o pode (e deve) ser ANULADA.<\/p>\n","protected":false},"excerpt":{"rendered":"<p>Provas TRT-RJ \u2013 Direito do Trabalho \u2013 com recurso Ol\u00e1 amigos! Como foram de prova? Espero que tenham feito uma \u00f3tima prova e obtido um excelente desempenho em Direito do Trabalho. Hoje (11\/6), pela manh\u00e3, foram publicados os cadernos de prova e os gabaritos preliminares do concurso do TRT-RJ, organizado pela AOCP. Ontem mesmo, j\u00e1 [&hellip;]<\/p>\n","protected":false},"author":135,"featured_media":0,"comment_status":"open","ping_status":"closed","sticky":false,"template":"","format":"standard","meta":{"post_tipo":"article","footnotes":""},"categories":[],"tags":[2530,627],"tax_estado":[],"class_list":["post-125902","post","type-post","status-publish","format-standard","hentry","tag-concurso-trt-rj","tag-direito-do-trabalho"],"acf":[],"yoast_head":"<!-- This site is optimized with the Yoast SEO Premium plugin v27.2 (Yoast SEO v27.2) - https:\/\/yoast.com\/product\/yoast-seo-premium-wordpress\/ -->\n<title>Provas TRT-RJ \u2013 Direito do Trabalho \u2013 com recurso (com OJAF)<\/title>\n<meta name=\"description\" content=\"Concurso do TRT-RJ. AOCP. Quest\u00f5es de Direito do Trabalho. Recurso.\" \/>\n<meta name=\"robots\" content=\"index, follow, max-snippet:-1, max-image-preview:large, max-video-preview:-1\" \/>\n<link rel=\"canonical\" href=\"https:\/\/www.estrategiaconcursos.com.br\/blog\/provas-trt-rj-direito-do-trabalho-com-recurso\/\" \/>\n<meta property=\"og:locale\" content=\"pt_BR\" \/>\n<meta property=\"og:type\" content=\"article\" \/>\n<meta property=\"og:title\" content=\"Provas TRT-RJ \u2013 Direito do Trabalho \u2013 com recurso (com OJAF)\" \/>\n<meta property=\"og:description\" content=\"Concurso do TRT-RJ. AOCP. Quest\u00f5es de Direito do Trabalho. Recurso.\" \/>\n<meta property=\"og:url\" content=\"https:\/\/www.estrategiaconcursos.com.br\/blog\/provas-trt-rj-direito-do-trabalho-com-recurso\/\" \/>\n<meta property=\"og:site_name\" content=\"Estrat\u00e9gia Concursos\" \/>\n<meta property=\"article:published_time\" content=\"2018-06-11T23:02:32+00:00\" \/>\n<meta property=\"article:modified_time\" content=\"2018-06-13T13:53:24+00:00\" \/>\n<meta name=\"author\" content=\"Antonio Daud\" \/>\n<meta name=\"twitter:card\" content=\"summary_large_image\" \/>\n<meta name=\"twitter:creator\" content=\"@EstratConcursos\" \/>\n<meta name=\"twitter:site\" content=\"@EstratConcursos\" \/>\n<meta name=\"twitter:label1\" content=\"Escrito por\" \/>\n\t<meta name=\"twitter:data1\" content=\"Antonio Daud\" \/>\n\t<meta name=\"twitter:label2\" content=\"Est. tempo de leitura\" \/>\n\t<meta name=\"twitter:data2\" content=\"14 minutos\" \/>\n<script type=\"application\/ld+json\" class=\"yoast-schema-graph\">{\"@context\":\"https:\/\/schema.org\",\"@graph\":[{\"@type\":\"NewsArticle\",\"@id\":\"https:\/\/www.estrategiaconcursos.com.br\/blog\/provas-trt-rj-direito-do-trabalho-com-recurso\/#article\",\"isPartOf\":{\"@id\":\"https:\/\/www.estrategiaconcursos.com.br\/blog\/provas-trt-rj-direito-do-trabalho-com-recurso\/\"},\"author\":{\"name\":\"Antonio Daud\",\"@id\":\"https:\/\/www.estrategiaconcursos.com.br\/blog\/#\/schema\/person\/90692507130b147bb9128fc093141dad\"},\"headline\":\"Provas TRT-RJ \u2013 Direito do Trabalho \u2013 com recurso (com OJAF)\",\"datePublished\":\"2018-06-11T23:02:32+00:00\",\"dateModified\":\"2018-06-13T13:53:24+00:00\",\"mainEntityOfPage\":{\"@id\":\"https:\/\/www.estrategiaconcursos.com.br\/blog\/provas-trt-rj-direito-do-trabalho-com-recurso\/\"},\"wordCount\":2851,\"commentCount\":0,\"publisher\":{\"@id\":\"https:\/\/www.estrategiaconcursos.com.br\/blog\/#organization\"},\"keywords\":[\"concurso trt rj\",\"Direito do Trabalho\"],\"inLanguage\":\"pt-BR\",\"potentialAction\":[{\"@type\":\"CommentAction\",\"name\":\"Comment\",\"target\":[\"https:\/\/www.estrategiaconcursos.com.br\/blog\/provas-trt-rj-direito-do-trabalho-com-recurso\/#respond\"]}],\"copyrightYear\":\"2018\",\"copyrightHolder\":{\"@id\":\"https:\/\/www.estrategiaconcursos.com.br\/blog\/#organization\"}},{\"@type\":\"WebPage\",\"@id\":\"https:\/\/www.estrategiaconcursos.com.br\/blog\/provas-trt-rj-direito-do-trabalho-com-recurso\/\",\"url\":\"https:\/\/www.estrategiaconcursos.com.br\/blog\/provas-trt-rj-direito-do-trabalho-com-recurso\/\",\"name\":\"Provas TRT-RJ \u2013 Direito do Trabalho \u2013 com recurso (com OJAF)\",\"isPartOf\":{\"@id\":\"https:\/\/www.estrategiaconcursos.com.br\/blog\/#website\"},\"datePublished\":\"2018-06-11T23:02:32+00:00\",\"dateModified\":\"2018-06-13T13:53:24+00:00\",\"description\":\"Concurso do TRT-RJ. AOCP. Quest\u00f5es de Direito do Trabalho. Recurso.\",\"breadcrumb\":{\"@id\":\"https:\/\/www.estrategiaconcursos.com.br\/blog\/provas-trt-rj-direito-do-trabalho-com-recurso\/#breadcrumb\"},\"inLanguage\":\"pt-BR\",\"potentialAction\":[{\"@type\":\"ReadAction\",\"target\":[\"https:\/\/www.estrategiaconcursos.com.br\/blog\/provas-trt-rj-direito-do-trabalho-com-recurso\/\"]}]},{\"@type\":\"BreadcrumbList\",\"@id\":\"https:\/\/www.estrategiaconcursos.com.br\/blog\/provas-trt-rj-direito-do-trabalho-com-recurso\/#breadcrumb\",\"itemListElement\":[{\"@type\":\"ListItem\",\"position\":1,\"name\":\"In\u00edcio\",\"item\":\"https:\/\/www.estrategiaconcursos.com.br\/blog\/\"},{\"@type\":\"ListItem\",\"position\":2,\"name\":\"Provas TRT-RJ \u2013 Direito do Trabalho \u2013 com recurso (com OJAF)\"}]},{\"@type\":\"WebSite\",\"@id\":\"https:\/\/www.estrategiaconcursos.com.br\/blog\/#website\",\"url\":\"https:\/\/www.estrategiaconcursos.com.br\/blog\/\",\"name\":\"Estrat\u00e9gia Concursos\",\"description\":\"O blog da Estrat\u00e9gia Concursos traz not\u00edcias sobre concursos e artigos de professores oferecendo cursos para concursos (pdf + videaulas) no site.\",\"publisher\":{\"@id\":\"https:\/\/www.estrategiaconcursos.com.br\/blog\/#organization\"},\"potentialAction\":[{\"@type\":\"SearchAction\",\"target\":{\"@type\":\"EntryPoint\",\"urlTemplate\":\"https:\/\/www.estrategiaconcursos.com.br\/blog\/?s={search_term_string}\"},\"query-input\":{\"@type\":\"PropertyValueSpecification\",\"valueRequired\":true,\"valueName\":\"search_term_string\"}}],\"inLanguage\":\"pt-BR\"},{\"@type\":\"Organization\",\"@id\":\"https:\/\/www.estrategiaconcursos.com.br\/blog\/#organization\",\"name\":\"Estrat\u00e9gia Concursos\",\"url\":\"https:\/\/www.estrategiaconcursos.com.br\/blog\/\",\"logo\":{\"@type\":\"ImageObject\",\"inLanguage\":\"pt-BR\",\"@id\":\"https:\/\/www.estrategiaconcursos.com.br\/blog\/#\/schema\/logo\/image\/\",\"url\":\"https:\/\/dhg1h5j42swfq.cloudfront.net\/2025\/06\/03203428\/logo_concursos-1.jpg\",\"contentUrl\":\"https:\/\/dhg1h5j42swfq.cloudfront.net\/2025\/06\/03203428\/logo_concursos-1.jpg\",\"width\":230,\"height\":60,\"caption\":\"Estrat\u00e9gia Concursos\"},\"image\":{\"@id\":\"https:\/\/www.estrategiaconcursos.com.br\/blog\/#\/schema\/logo\/image\/\"},\"sameAs\":[\"https:\/\/x.com\/EstratConcursos\"]},{\"@type\":\"Person\",\"@id\":\"https:\/\/www.estrategiaconcursos.com.br\/blog\/#\/schema\/person\/90692507130b147bb9128fc093141dad\",\"name\":\"Antonio Daud\",\"image\":{\"@type\":\"ImageObject\",\"inLanguage\":\"pt-BR\",\"@id\":\"https:\/\/secure.gravatar.com\/avatar\/9a6539d0d807c3d7c2aaa709166f9aa9824103126593f30916973bcaedf16896?s=96&d=mm&r=g\",\"url\":\"https:\/\/secure.gravatar.com\/avatar\/9a6539d0d807c3d7c2aaa709166f9aa9824103126593f30916973bcaedf16896?s=96&d=mm&r=g\",\"contentUrl\":\"https:\/\/secure.gravatar.com\/avatar\/9a6539d0d807c3d7c2aaa709166f9aa9824103126593f30916973bcaedf16896?s=96&d=mm&r=g\",\"caption\":\"Antonio Daud\"},\"description\":\"Antonio Daud J\u00fanior \u00e9 bacharel em Engenharia El\u00e9trica e em Direito. Foi Analista de Finan\u00e7as e Controle da Controladoria-Geral da Uni\u00e3o\/Presid\u00eancia da Rep\u00fablica (CGU\/PR), aprovado no concurso de 2008. Atualmente \u00e9 Auditor Federal de Controle Externo (AUFC) do Tribunal de Contas da Uni\u00e3o (TCU), aprovado tamb\u00e9m em 2008.\",\"sameAs\":[\"https:\/\/www.instagram.com\/professordaud\/?hl=en\"],\"url\":\"https:\/\/www.estrategiaconcursos.com.br\/blog\/author\/antoniodaudestrategiaconcursos-com-br\/\"}]}<\/script>\n<!-- \/ Yoast SEO Premium plugin. -->","yoast_head_json":{"title":"Provas TRT-RJ \u2013 Direito do Trabalho \u2013 com recurso (com OJAF)","description":"Concurso do TRT-RJ. AOCP. Quest\u00f5es de Direito do Trabalho. Recurso.","robots":{"index":"index","follow":"follow","max-snippet":"max-snippet:-1","max-image-preview":"max-image-preview:large","max-video-preview":"max-video-preview:-1"},"canonical":"https:\/\/www.estrategiaconcursos.com.br\/blog\/provas-trt-rj-direito-do-trabalho-com-recurso\/","og_locale":"pt_BR","og_type":"article","og_title":"Provas TRT-RJ \u2013 Direito do Trabalho \u2013 com recurso (com OJAF)","og_description":"Concurso do TRT-RJ. AOCP. Quest\u00f5es de Direito do Trabalho. Recurso.","og_url":"https:\/\/www.estrategiaconcursos.com.br\/blog\/provas-trt-rj-direito-do-trabalho-com-recurso\/","og_site_name":"Estrat\u00e9gia Concursos","article_published_time":"2018-06-11T23:02:32+00:00","article_modified_time":"2018-06-13T13:53:24+00:00","author":"Antonio Daud","twitter_card":"summary_large_image","twitter_creator":"@EstratConcursos","twitter_site":"@EstratConcursos","twitter_misc":{"Escrito por":"Antonio Daud","Est. tempo de leitura":"14 minutos"},"schema":{"@context":"https:\/\/schema.org","@graph":[{"@type":"NewsArticle","@id":"https:\/\/www.estrategiaconcursos.com.br\/blog\/provas-trt-rj-direito-do-trabalho-com-recurso\/#article","isPartOf":{"@id":"https:\/\/www.estrategiaconcursos.com.br\/blog\/provas-trt-rj-direito-do-trabalho-com-recurso\/"},"author":{"name":"Antonio Daud","@id":"https:\/\/www.estrategiaconcursos.com.br\/blog\/#\/schema\/person\/90692507130b147bb9128fc093141dad"},"headline":"Provas TRT-RJ \u2013 Direito do Trabalho \u2013 com recurso (com OJAF)","datePublished":"2018-06-11T23:02:32+00:00","dateModified":"2018-06-13T13:53:24+00:00","mainEntityOfPage":{"@id":"https:\/\/www.estrategiaconcursos.com.br\/blog\/provas-trt-rj-direito-do-trabalho-com-recurso\/"},"wordCount":2851,"commentCount":0,"publisher":{"@id":"https:\/\/www.estrategiaconcursos.com.br\/blog\/#organization"},"keywords":["concurso trt rj","Direito do Trabalho"],"inLanguage":"pt-BR","potentialAction":[{"@type":"CommentAction","name":"Comment","target":["https:\/\/www.estrategiaconcursos.com.br\/blog\/provas-trt-rj-direito-do-trabalho-com-recurso\/#respond"]}],"copyrightYear":"2018","copyrightHolder":{"@id":"https:\/\/www.estrategiaconcursos.com.br\/blog\/#organization"}},{"@type":"WebPage","@id":"https:\/\/www.estrategiaconcursos.com.br\/blog\/provas-trt-rj-direito-do-trabalho-com-recurso\/","url":"https:\/\/www.estrategiaconcursos.com.br\/blog\/provas-trt-rj-direito-do-trabalho-com-recurso\/","name":"Provas TRT-RJ \u2013 Direito do Trabalho \u2013 com recurso (com OJAF)","isPartOf":{"@id":"https:\/\/www.estrategiaconcursos.com.br\/blog\/#website"},"datePublished":"2018-06-11T23:02:32+00:00","dateModified":"2018-06-13T13:53:24+00:00","description":"Concurso do TRT-RJ. AOCP. Quest\u00f5es de Direito do Trabalho. Recurso.","breadcrumb":{"@id":"https:\/\/www.estrategiaconcursos.com.br\/blog\/provas-trt-rj-direito-do-trabalho-com-recurso\/#breadcrumb"},"inLanguage":"pt-BR","potentialAction":[{"@type":"ReadAction","target":["https:\/\/www.estrategiaconcursos.com.br\/blog\/provas-trt-rj-direito-do-trabalho-com-recurso\/"]}]},{"@type":"BreadcrumbList","@id":"https:\/\/www.estrategiaconcursos.com.br\/blog\/provas-trt-rj-direito-do-trabalho-com-recurso\/#breadcrumb","itemListElement":[{"@type":"ListItem","position":1,"name":"In\u00edcio","item":"https:\/\/www.estrategiaconcursos.com.br\/blog\/"},{"@type":"ListItem","position":2,"name":"Provas TRT-RJ \u2013 Direito do Trabalho \u2013 com recurso (com OJAF)"}]},{"@type":"WebSite","@id":"https:\/\/www.estrategiaconcursos.com.br\/blog\/#website","url":"https:\/\/www.estrategiaconcursos.com.br\/blog\/","name":"Estrat\u00e9gia Concursos","description":"O blog da Estrat\u00e9gia Concursos traz not\u00edcias sobre concursos e artigos de professores oferecendo cursos para concursos (pdf + videaulas) no site.","publisher":{"@id":"https:\/\/www.estrategiaconcursos.com.br\/blog\/#organization"},"potentialAction":[{"@type":"SearchAction","target":{"@type":"EntryPoint","urlTemplate":"https:\/\/www.estrategiaconcursos.com.br\/blog\/?s={search_term_string}"},"query-input":{"@type":"PropertyValueSpecification","valueRequired":true,"valueName":"search_term_string"}}],"inLanguage":"pt-BR"},{"@type":"Organization","@id":"https:\/\/www.estrategiaconcursos.com.br\/blog\/#organization","name":"Estrat\u00e9gia Concursos","url":"https:\/\/www.estrategiaconcursos.com.br\/blog\/","logo":{"@type":"ImageObject","inLanguage":"pt-BR","@id":"https:\/\/www.estrategiaconcursos.com.br\/blog\/#\/schema\/logo\/image\/","url":"https:\/\/dhg1h5j42swfq.cloudfront.net\/2025\/06\/03203428\/logo_concursos-1.jpg","contentUrl":"https:\/\/dhg1h5j42swfq.cloudfront.net\/2025\/06\/03203428\/logo_concursos-1.jpg","width":230,"height":60,"caption":"Estrat\u00e9gia Concursos"},"image":{"@id":"https:\/\/www.estrategiaconcursos.com.br\/blog\/#\/schema\/logo\/image\/"},"sameAs":["https:\/\/x.com\/EstratConcursos"]},{"@type":"Person","@id":"https:\/\/www.estrategiaconcursos.com.br\/blog\/#\/schema\/person\/90692507130b147bb9128fc093141dad","name":"Antonio Daud","image":{"@type":"ImageObject","inLanguage":"pt-BR","@id":"https:\/\/secure.gravatar.com\/avatar\/9a6539d0d807c3d7c2aaa709166f9aa9824103126593f30916973bcaedf16896?s=96&d=mm&r=g","url":"https:\/\/secure.gravatar.com\/avatar\/9a6539d0d807c3d7c2aaa709166f9aa9824103126593f30916973bcaedf16896?s=96&d=mm&r=g","contentUrl":"https:\/\/secure.gravatar.com\/avatar\/9a6539d0d807c3d7c2aaa709166f9aa9824103126593f30916973bcaedf16896?s=96&d=mm&r=g","caption":"Antonio Daud"},"description":"Antonio Daud J\u00fanior \u00e9 bacharel em Engenharia El\u00e9trica e em Direito. Foi Analista de Finan\u00e7as e Controle da Controladoria-Geral da Uni\u00e3o\/Presid\u00eancia da Rep\u00fablica (CGU\/PR), aprovado no concurso de 2008. Atualmente \u00e9 Auditor Federal de Controle Externo (AUFC) do Tribunal de Contas da Uni\u00e3o (TCU), aprovado tamb\u00e9m em 2008.","sameAs":["https:\/\/www.instagram.com\/professordaud\/?hl=en"],"url":"https:\/\/www.estrategiaconcursos.com.br\/blog\/author\/antoniodaudestrategiaconcursos-com-br\/"}]}},"_links":{"self":[{"href":"https:\/\/www.estrategiaconcursos.com.br\/blog\/wp-json\/wp\/v2\/posts\/125902","targetHints":{"allow":["GET"]}}],"collection":[{"href":"https:\/\/www.estrategiaconcursos.com.br\/blog\/wp-json\/wp\/v2\/posts"}],"about":[{"href":"https:\/\/www.estrategiaconcursos.com.br\/blog\/wp-json\/wp\/v2\/types\/post"}],"author":[{"embeddable":true,"href":"https:\/\/www.estrategiaconcursos.com.br\/blog\/wp-json\/wp\/v2\/users\/135"}],"replies":[{"embeddable":true,"href":"https:\/\/www.estrategiaconcursos.com.br\/blog\/wp-json\/wp\/v2\/comments?post=125902"}],"version-history":[{"count":8,"href":"https:\/\/www.estrategiaconcursos.com.br\/blog\/wp-json\/wp\/v2\/posts\/125902\/revisions"}],"predecessor-version":[{"id":126258,"href":"https:\/\/www.estrategiaconcursos.com.br\/blog\/wp-json\/wp\/v2\/posts\/125902\/revisions\/126258"}],"wp:attachment":[{"href":"https:\/\/www.estrategiaconcursos.com.br\/blog\/wp-json\/wp\/v2\/media?parent=125902"}],"wp:term":[{"taxonomy":"category","embeddable":true,"href":"https:\/\/www.estrategiaconcursos.com.br\/blog\/wp-json\/wp\/v2\/categories?post=125902"},{"taxonomy":"post_tag","embeddable":true,"href":"https:\/\/www.estrategiaconcursos.com.br\/blog\/wp-json\/wp\/v2\/tags?post=125902"},{"taxonomy":"tax_estado","embeddable":true,"href":"https:\/\/www.estrategiaconcursos.com.br\/blog\/wp-json\/wp\/v2\/tax_estado?post=125902"}],"curies":[{"name":"wp","href":"https:\/\/api.w.org\/{rel}","templated":true}]}}