{"id":125699,"date":"2018-06-13T14:45:41","date_gmt":"2018-06-13T17:45:41","guid":{"rendered":"https:\/\/www.estrategiaconcursos.com.br\/blog\/?p=125699"},"modified":"2018-06-16T15:14:34","modified_gmt":"2018-06-16T18:14:34","slug":"atualidades-ses-df-prova-comentada-e-recurso","status":"publish","type":"post","link":"https:\/\/www.estrategiaconcursos.com.br\/blog\/atualidades-ses-df-prova-comentada-e-recurso\/","title":{"rendered":"Atualidades &#8211; SES\/DF &#8211; prova comentada e RECURSO"},"content":{"rendered":"<p style=\"text-align: justify\">Ol\u00e1 pessoal,<\/p>\n<p style=\"text-align: justify\">Seguem os meus coment\u00e1rios \u00e0 prova de Atualidades do concurso da Secretaria de Sa\u00fade do Distrito Federal. Foram tr\u00eas quest\u00f5es da nossa disciplina, sendo que uma delas tem de ser anulada, \u00e9 recurso certo.<\/p>\n<p style=\"text-align: justify\">Numerei as quest\u00f5es de 01 a 03, mas, na sua prova, a numera\u00e7\u00e3o \u00e9 outra, da mesma forma que a ordem das quest\u00f5es e das alternativas nas quest\u00f5es tamb\u00e9m; ou seja, pode ser diferente da prova que estou comentando. \u00c9 s\u00f3 voc\u00eas verificarem e encontrarem as ordens respectivas.<\/p>\n<p>&nbsp;<\/p>\n<p><strong>01)\u00a0<img loading=\"lazy\" decoding=\"async\" src=\"https:\/\/i1.wp.com\/corsapdfgo.eco.br\/wp-content\/uploads\/2015\/10\/MAPA-RIDE-1-1.png\" alt=\"\" width=\"1366\" height=\"952\" \/><\/strong><\/p>\n<p style=\"text-align: justify\"><strong>Levando-se em considera\u00e7\u00e3o o mapa da Regi\u00e3o Integrada de Desenvolvimento do Distrito Federal e do Entorno (RIDE\/DF), assinale a alternativa correta.<\/strong><\/p>\n<p style=\"text-align: justify\"><strong>a) Una\u00ed, Buritis e Cabeceira Grande s\u00e3o munic\u00edpios pertencentes ao estado de Minas Gerais, mas que comp\u00f5em a regi\u00e3o metropolitana ou RIDE do Distrito Federal.<\/strong><\/p>\n<p style=\"text-align: justify\"><strong>b) Planaltina (DF) e Planaltina de Goi\u00e1s s\u00e3o os mesmos munic\u00edpios; no entanto, a parte goiana \u00e9 denominada Brasilinha.<\/strong><\/p>\n<p style=\"text-align: justify\"><strong>c) Mimoso (GO), \u00c1gua Fria (GO) e Padre Bernardo (GO) s\u00e3o munic\u00edpios que n\u00e3o s\u00e3o fronteiri\u00e7os com o Distrito Federal.<\/strong><\/p>\n<p style=\"text-align: justify\"><strong>d) Formosa (GO) e Una\u00ed (MG) s\u00e3o munic\u00edpios que t\u00eam na agropecu\u00e1ria as principais atividades econ\u00f4micas; no entanto, disputam o com\u00e9rcio do Distrito Federal em igualdade de condi\u00e7\u00f5es, haja vista que s\u00e3o fronteiri\u00e7os e que disp\u00f5em das mesmas estruturas rodovi\u00e1rias.<\/strong><\/p>\n<p style=\"text-align: justify\"><strong>d) A RIDE \u00e9 uma forma\u00e7\u00e3o econ\u00f4mica que s\u00f3 existe no Distrito Federal e em Goi\u00e1s, sendo mais um instrumento pol\u00edtico a ser agregado ao Brasil.<\/strong><\/p>\n<p>&nbsp;<\/p>\n<p style=\"text-align: center\"><strong><u>COMENT\u00c1RIOS:<\/u><\/strong><\/p>\n<p style=\"text-align: justify\">O gabarito da banca \u00e9 a alternativa \u201ca)\u201d. Essa \u00e9 a quest\u00e3o que cabe recurso, pois a alternativa \u201ca)\u201d possui tr\u00eas erros, um deles explicitamente crasso.<\/p>\n<p style=\"text-align: justify\">Una\u00ed, Buritis e Cabeceira Grande s\u00e3o munic\u00edpios pertencentes ao estado de Minas Gerais, no entanto, s\u00f3 fazem parte da Regi\u00e3o Integrada de Desenvolvimento do Distrito Federal e Entorno \u2013 RIDE, os munic\u00edpios de Una\u00ed e de Buritis. <u>Cabeceira Grande n\u00e3o faz parte da RIDE<\/u>. <u>N\u00e3o existe a <\/u><u>regi\u00e3o metropolitana do Distrito Federal<\/u>. <u>Tamb\u00e9m n\u00e3o existe a RIDE do Distrito Federal. A denomina\u00e7\u00e3o legalmente correta \u00e9 Regi\u00e3o Integrada de Desenvolvimento do Distrito Federal e Entorno \u2013 RIDE<\/u>.<\/p>\n<p style=\"text-align: justify\">S\u00e3o tr\u00eas erros do examinador. Vejamos:<\/p>\n<p>&nbsp;<\/p>\n<p style=\"text-align: justify\"><u>1) Cabeceira Grande n\u00e3o faz parte da RIDE<\/u><\/p>\n<p style=\"text-align: justify\">Durante muito tempo o munic\u00edpio de Cabeceira Grande foi considerado como parte da RIDE do Distrito Federal e Entorno. Essa incorre\u00e7\u00e3o foi resolvida pela Superintend\u00eancia do Desenvolvimento do Centro-Oeste (SUDECO), institui\u00e7\u00e3o ligada ao Minist\u00e9rio da Integra\u00e7\u00e3o Nacional (MI), ao qual est\u00e1 vinculado o Conselho Administrativo da Regi\u00e3o Integrada de Desenvolvimento do Distrito Federal e Entorno\u00a0\u2013\u00a0COARIDE, de acordo como Decreto Federal n\u00ba 7.469\/2011.<\/p>\n<p style=\"text-align: justify\">Veja, no link a seguir, da SUDECO, a rela\u00e7\u00e3o dos munic\u00edpios que comp\u00f5em a RIDE e o mapa da RIDE:<\/p>\n<p style=\"text-align: center\"><a href=\"http:\/\/www.sudeco.gov.br\/web\/guest\/municipios-ride-df\">http:\/\/www.sudeco.gov.br\/web\/guest\/municipios-ride-df<\/a><\/p>\n<p style=\"text-align: justify\">No entanto, ainda persistem na internet, e em institui\u00e7\u00f5es oficiais, informa\u00e7\u00f5es e entendimentos err\u00f4neos de que Cabeceira Grande faz parte da RIDE. Pois bem, isso \u00e9 um problema deles e do examinador burro do IADES que n\u00e3o quer se atualizar.<\/p>\n<p style=\"text-align: justify\">A Lei Complementar federal n\u00ba 94\/98 \u00e9 clar\u00edssima ao relacionar, no artigo 1\u00ba, \u00a7 1\u00ba, que a RIDE \u00e9 constitu\u00edda pelo Distrito Federal, pelos munic\u00edpios de Abadi\u00e2nia, \u00c1gua Fria de Goi\u00e1s, \u00c1guas Lindas, Alex\u00e2nia, Cabeceiras, Cidade Ocidental, Cocalzinho de Goi\u00e1s, Corumb\u00e1 de Goi\u00e1s, Cristalina, Formosa, Luzi\u00e2nia, Mimoso de Goi\u00e1s, Novo Gama, Padre Bernardo, Piren\u00f3polis, Planaltina, Santo Ant\u00f4nio do Descoberto, Valpara\u00edso e Vila Boa, no Estado de Goi\u00e1s, e de Una\u00ed e Buritis, no Estado de Minas Gerais.<\/p>\n<p style=\"text-align: justify\">Vejam que Cabeceira Grande n\u00e3o est\u00e1 nessa lista.<\/p>\n<p style=\"text-align: justify\">Para quem ainda n\u00e3o sabe e quer saber a origem desta confus\u00e3o, segue link de um artigo que publiquei em 31\/08\/2017, em que fa\u00e7o os devidos esclarecimentos.<\/p>\n<p style=\"text-align: center\"><a href=\"https:\/\/www.estrategiaconcursos.com.br\/blog\/cldf-realidade-do-df-entenda-por-que-cabeceira-grande-mg-nao-faz-parte-da-ridedf\/\">https:\/\/www.estrategiaconcursos.com.br\/blog\/cldf-realidade-do-df-entenda-por-que-cabeceira-grande-mg-nao-faz-parte-da-ridedf\/<\/a><\/p>\n<p style=\"text-align: justify\">O pr\u00f3prio Congresso Nacional, o Poder que elabora as leis no Brasil e que aprovou a LC n\u00ba 94\/98, entendeu que Cabeceira Grande n\u00e3o faz parte da RIDE. Tanto entendeu que aprovou, em 22\/05\/2018, em tramita\u00e7\u00e3o final no Senado Federal, o PLC n\u00ba 102\/2015-Complementar, em que foram inclu\u00eddos na RIDE 12 novos munic\u00edpios, entre eles o de Cabeceira Grande.<\/p>\n<p style=\"text-align: justify\">Ocorre que essa lei ainda n\u00e3o foi sancionada, nem publicada, portanto, <strong>legalmente Cabeceira Grande ainda n\u00e3o faz parte da RIDE<\/strong>.<\/p>\n<p style=\"text-align: justify\">O que quero dizer \u00e9 que n\u00e3o cabe mais ficar com interpreta\u00e7\u00f5es err\u00f4neas de que Cabeceira Grande faz parte da RIDE, tendo em vista que esse assunto j\u00e1 foi definitivamente resolvido pelo Congresso Nacional, que entendeu que n\u00e3o fazia e aprovou lei para que passasse a fazer. Quando a lei for sancionada e publicada, a\u00ed sim Cabeceira Grande passar\u00e1 a fazer parte da RIDE.<\/p>\n<p style=\"text-align: justify\">Segue link de not\u00edcia publicada no site do Senado Federal, com a informa\u00e7\u00e3o da aprova\u00e7\u00e3o do PLC n\u00ba 102\/2015-Complementar, em que est\u00e1 a informa\u00e7\u00e3o de que Cabeceira Grande \u00e9 um dos munic\u00edpios que passar\u00e3o a fazer parte da RIDE.<\/p>\n<p style=\"text-align: center\"><a href=\"https:\/\/www12.senado.leg.br\/noticias\/materias\/2018\/05\/22\/senado-aprova-inclusao-de-12-municipios-na-regiao-integrada-do-entorno-do-df\">https:\/\/www12.senado.leg.br\/noticias\/materias\/2018\/05\/22\/senado-aprova-inclusao-de-12-municipios-na-regiao-integrada-do-entorno-do-df<\/a><\/p>\n<p style=\"text-align: justify\">Agora, o mais importante, segue link com a atividade legislativa do PLC n\u00ba 102\/2015-Complementar, em que voc\u00eas podem verificar a situa\u00e7\u00e3o atual. Vejam que tem um ret\u00e2ngulo laranja com a informa\u00e7\u00e3o Aguardando san\u00e7\u00e3o. Se est\u00e1 aguardando san\u00e7\u00e3o, \u00e9 por que ainda n\u00e3o est\u00e1 vigendo. Coloquem o link e a informa\u00e7\u00e3o no recurso de voc\u00eas.<\/p>\n<p style=\"text-align: center\"><a href=\"https:\/\/www25.senado.leg.br\/web\/atividade\/materias\/-\/materia\/122767\">https:\/\/www25.senado.leg.br\/web\/atividade\/materias\/-\/materia\/122767<\/a><\/p>\n<p style=\"text-align: justify\">Por fim, s\u00f3 para informar, quando da aprova\u00e7\u00e3o do PLC, publiquei artigo com essa informa\u00e7\u00e3o. Segue o link:<\/p>\n<p style=\"text-align: center\"><a href=\"https:\/\/www.estrategiaconcursos.com.br\/blog\/realidade-do-df-e-ride-senado-aprova-inclusao-de-12-municipios-na-ride\/\">https:\/\/www.estrategiaconcursos.com.br\/blog\/realidade-do-df-e-ride-senado-aprova-inclusao-de-12-municipios-na-ride\/<\/a><\/p>\n<p style=\"text-align: justify\">Pessoal, eis a\u00ed os argumentos. Voc\u00eas n\u00e3o precisam colocar tudo o que eu escrevi. Acho importante se referirem \u00e0 LC federal n\u00ba 94\/98, ao artigo 1\u00ba, \u00a7 1\u00ba, com a rela\u00e7\u00e3o dos entes federados que comp\u00f5em a RIDE, colocarem o link do site da SUDECO com o mapa e a rela\u00e7\u00e3o dos munic\u00edpios que comp\u00f5em a RIDE. Colocarem a informa\u00e7\u00e3o da aprova\u00e7\u00e3o do PLC n\u00ba 102\/2015-Complementar, a atividade legislativa e a informa\u00e7\u00e3o de que o PLC aguarda san\u00e7\u00e3o, com os links respectivos.<\/p>\n<p>&nbsp;<\/p>\n<p style=\"text-align: justify\"><u>2) N\u00e3o existe a <\/u><u>regi\u00e3o metropolitana do Distrito Federal<\/u><\/p>\n<p style=\"text-align: justify\">Sites da internet, agentes p\u00fablicos e at\u00e9 institui\u00e7\u00f5es oficiais fazem refer\u00eancia \u00e0 \u201cregi\u00e3o metropolitana\u201d do Distrito Federal. Mas, \u00e9 uma refer\u00eancia informal, uma mera liberalidade informal, pois legalmente n\u00e3o existe a regi\u00e3o metropolitana do Distrito Federal.<\/p>\n<p style=\"text-align: justify\">Na prova n\u00e3o cabe esse tipo de liberalidade e informalidade, pois o concurso p\u00fablico se pauta pela formalidade e legalidade, entre outros princ\u00edpios.<\/p>\n<p style=\"text-align: justify\">Disp\u00f5e a Constitui\u00e7\u00e3o Federal, no art. 25, \u00a7 3\u00ba, que \u201cOs Estados poder\u00e3o, mediante <strong>lei complementar<\/strong>, <strong>instituir regi\u00f5es metropolitanas<\/strong>, aglomera\u00e7\u00f5es urbanas e microrregi\u00f5es, <strong>constitu\u00eddas por agrupamentos de munic\u00edpios lim\u00edtrofes<\/strong>, para integrar a organiza\u00e7\u00e3o, o planejamento e a execu\u00e7\u00e3o de fun\u00e7\u00f5es p\u00fablicas de interesse comum\u201d.<\/p>\n<p style=\"text-align: justify\">Ao Distrito Federal cabe as compet\u00eancias dos estados nos termos da Constitui\u00e7\u00e3o Federal. Contudo, a norma legal \u00e9 clar\u00edssima, regi\u00e3o metropolitana \u00e9 criada por lei complementar estadual, constitu\u00edda por agrupamentos de munic\u00edpios lim\u00edtrofes.<\/p>\n<p style=\"text-align: justify\">Pergunta-se: O Distrito Federal pode ser dividido em munic\u00edpios? N\u00e3o! \u00c9 o que disp\u00f5e o artigo 32, da Constitui\u00e7\u00e3o Federal: Art. 32. O Distrito Federal, vedada sua divis\u00e3o em Munic\u00edpios (&#8230;). Se n\u00e3o pode ser dividido em munic\u00edpios, como criar uma regi\u00e3o metropolitana na unidade da federa\u00e7\u00e3o Distrito Federal?<\/p>\n<p style=\"text-align: justify\">Cad\u00ea a lei que criou a regi\u00e3o metropolitana do Distrito Federal? Existe? N\u00e3o!<\/p>\n<p style=\"text-align: justify\">N\u00e3o existe lei de institui\u00e7\u00e3o da regi\u00e3o metropolitana do Distrito Federal, de institui\u00e7\u00e3o da regi\u00e3o metropolitana do Distrito Federal e do Entorno ou de institui\u00e7\u00e3o da regi\u00e3o metropolitana do Entorno do Distrito Federal.<\/p>\n<p>&nbsp;<\/p>\n<p style=\"text-align: justify\"><u>3) <\/u><u>A denomina\u00e7\u00e3o legalmente correta \u00e9 Regi\u00e3o Integrada de Desenvolvimento do Distrito Federal e Entorno \u2013 RIDE<\/u><\/p>\n<p style=\"text-align: justify\">A LC n\u00ba 94\/98 autorizou o Poder Executivo a criar a <strong>Regi\u00e3o Integrada de Desenvolvimento do Distrito Federal e Entorno \u2013 RIDE<\/strong>. \u00c9 a mesma denomina\u00e7\u00e3o constante do Decreto Federal n\u00ba 7.469\/2011, que regulamentou a lei. O edital do concurso tamb\u00e9m trouxe a denomina\u00e7\u00e3o incompleta. Mas isso \u00e9 um problema da organiza\u00e7\u00e3o do concurso, que os candidatos nada tem a ver.<\/p>\n<p style=\"text-align: justify\">A pr\u00f3pria <strong>Lei n\u00ba 5.768\/2016<\/strong> (do DF) que tornou obrigat\u00f3ria, nos concursos organizados pela administra\u00e7\u00e3o direta, aut\u00e1rquica e fundacional do Distrito Federal, a cobran\u00e7a de conhecimentos sobre a \u201crealidade \u00e9tnica, social, hist\u00f3rica, geogr\u00e1fica, cultural, pol\u00edtica e econ\u00f4mica do Distrito Federal e da Regi\u00e3o Integrada de Desenvolvimento do Distrito Federal e Entorno \u2013 RIDE, institu\u00edda pela Lei Complementar federal n\u00ba 94, de 16 de fevereiro de 1998\u201d, cita expressamente o denomina\u00e7\u00e3o completa e correta da RIDE.<\/p>\n<p style=\"text-align: justify\">Agora vamos comentar as outras alternativas:<\/p>\n<p style=\"text-align: justify\"><strong>b) Incorreta.<\/strong> Planaltina (DF) e Planaltina de Goi\u00e1s n\u00e3o s\u00e3o os mesmos munic\u00edpios. Planaltina \u00e9 uma regi\u00e3o administrativa do Distrito Federal, que n\u00e3o pode ser dividido em munic\u00edpios. Planaltina de Goi\u00e1s \u00e9 um munic\u00edpio de Goi\u00e1s, popularmente conhecido por Brasilinha.<\/p>\n<p style=\"text-align: justify\"><strong>c) Incorreta.<\/strong> Mimoso (GO) e \u00c1gua Fria (GO) n\u00e3o s\u00e3o fronteiri\u00e7os com o Distrito Federal. Padre Bernardo (GO) \u00e9 um munic\u00edpio fronteiri\u00e7o com o Distrito Federal. O examinador utilizou o termo \u201cfronteiri\u00e7o\u201d, deixa assim, nesse caso, n\u00e3o vamos brigar com a banca. Mas, fronteiras existem entre pa\u00edses. Estados e munic\u00edpios de um pa\u00eds fazem divisa e tem limites, limitam-se. Foi o que estudei na faculdade em geografia pol\u00edtica. ?<\/p>\n<p style=\"text-align: justify\"><strong>d) Incorreta.<\/strong> N\u00e3o h\u00e1 elementos para afirmar que Formosa (GO) e Una\u00ed (MG) disputam o com\u00e9rcio do Distrito Federal em igualdade de condi\u00e7\u00f5es. Tamb\u00e9m n\u00e3o possuem a mesma estrutura rodovi\u00e1ria. Una\u00ed n\u00e3o faz divisa com o Distrito Federal. O \u00fanico munic\u00edpio mineiro que faz divisa com o DF \u00e9 Cabeceira Grande.<\/p>\n<p style=\"text-align: justify\"><strong>e) Incorreta.<\/strong> Existem tr\u00eas RIDEs: do Distrito Federal e Entorno (a primeira a ser criada), de Petrolina-Juazeiro e Grande Teresina. RIDEs j\u00e1 existem, ou seja, n\u00e3o \u201cs\u00e3o instrumentos pol\u00edticos a serem agregados ao Brasil\u201d. De acordo com o MI, s\u00e3o complexos geoecon\u00f4micos e sociais, com vistas ao desenvolvimento regional e \u00e0 redu\u00e7\u00e3o das desigualdades.<\/p>\n<p>&nbsp;<\/p>\n<p style=\"text-align: justify\"><strong>02) Uma das mais importantes caracter\u00edsticas de Bras\u00edlia \u00e9 o fato de que a capital brasileira n\u00e3o \u00e9 apenas uma cidade com uma proposta urban\u00edstica moderna, mas possui tamb\u00e9m um papel geoecon\u00f4mico e ideol\u00f3gico facilmente identificado no (a)<\/strong><\/p>\n<p style=\"text-align: justify\"><strong>a) respectivo papel econ\u00f4mico centralizado nas atividades industriais.<\/strong><\/p>\n<p style=\"text-align: justify\"><strong>b) autossufici\u00eancia agr\u00edcola estabelecida na regi\u00e3o metropolitana, exportando o excedente para outras Unidades da Federa\u00e7\u00e3o.<\/strong><\/p>\n<p style=\"text-align: justify\"><strong>c) prioriza\u00e7\u00e3o das atividades manufatureiras, atra\u00eddas pela abund\u00e2ncia de mat\u00e9rias-primas.<\/strong><\/p>\n<p style=\"text-align: justify\"><strong>d) \u00eanfase dada ao setor de atividades econ\u00f4micas prim\u00e1rias, especialmente a minera\u00e7\u00e3o.<\/strong><\/p>\n<p style=\"text-align: justify\"><strong>e) respectiva voca\u00e7\u00e3o pol\u00edtica e na predomin\u00e2ncia das atividades do setor terci\u00e1rio.<\/strong><\/p>\n<p>&nbsp;<\/p>\n<p style=\"text-align: center\"><strong><u>COMENT\u00c1RIOS:<\/u><\/strong><\/p>\n<p style=\"text-align: justify\">O papel geoecon\u00f4mico e ideol\u00f3gico \u00e9 identificado pela voca\u00e7\u00e3o pol\u00edtica de Bras\u00edlia e pela predomin\u00e2ncia das atividades do setor terci\u00e1rio. Bras\u00edlia foi constru\u00edda para ser a nova capital do Brasil, ou seja, voca\u00e7\u00e3o pol\u00edtica. Na capital, o setor terci\u00e1rio \u00e9 amplamente dominante pelas atividades do setor p\u00fablico e pelo com\u00e9rcio e servi\u00e7os do setor privado.<\/p>\n<p style=\"text-align: justify\">O Distrito Federal, onde Bras\u00edlia se encontra, n\u00e3o produz tudo o que consome de produtos agr\u00edcolas. O DF at\u00e9 exporta alguns produtos agr\u00edcolas, como a soja, por exemplo, mas importa muitos produtos agr\u00edcolas.<\/p>\n<p style=\"text-align: justify\">Mais de 90% do PIB do Distrito Federal est\u00e1 no setor terci\u00e1rio, portanto, as alternativas \u201ca\u201d, \u201cc\u201d e \u201cd\u201d, que se referem aos setores prim\u00e1rios e secund\u00e1rios, est\u00e3o incorretas.<\/p>\n<p style=\"text-align: justify\"><strong>Gabarito: A<\/strong><\/p>\n<p><strong>\u00a0<\/strong><\/p>\n<p style=\"text-align: justify\"><strong>03) A regi\u00e3o central de Bras\u00edlia registrou, no dia 2 de abril de 2018, significativos tremores de terra, sentidos em v\u00e1rios pr\u00e9dios da regi\u00e3o. Esse fen\u00f4meno natural causou certo p\u00e2nico e a imediata desocupa\u00e7\u00e3o, por parte de trabalhadores e residentes de Bras\u00edlia, dos principais pr\u00e9dios localizados na capital federal.<\/strong><\/p>\n<p style=\"text-align: justify\"><strong>A esse respeito, assinale a alternativa que indica a causa do fen\u00f4meno sentido em Bras\u00edlia.<\/strong><\/p>\n<p style=\"text-align: justify\"><strong>a) Atividade vulc\u00e2nica na regi\u00e3o circunvizinha de Bras\u00edlia.<\/strong><\/p>\n<p style=\"text-align: justify\"><strong>b) Tempestade de meteoritos.<\/strong><\/p>\n<p style=\"text-align: justify\"><strong>c) Movimenta\u00e7\u00e3o da massa de ar continental equatorial.<\/strong><\/p>\n<p style=\"text-align: justify\"><strong>d) Movimenta\u00e7\u00e3o de placas tect\u00f4nicas.<\/strong><\/p>\n<p style=\"text-align: justify\"><strong>e) Terremoto cujo epicentro foi localizado no continente africano.<\/strong><\/p>\n<p><strong>\u00a0<\/strong><\/p>\n<p style=\"text-align: center\"><strong><u>COMENT\u00c1RIOS:<\/u><\/strong><\/p>\n<p style=\"text-align: justify\">Os tremores de terra tiveram como origem um terremoto de magnitude de 6,8, com epicentro no sul da Bol\u00edvia, segundo medi\u00e7\u00e3o do Servi\u00e7o Geol\u00f3gico dos Estados Unidos. Pr\u00e9dios foram evacuados em diferentes \u00e1reas da capital, como o Setor Banc\u00e1rio Sul, o Setor Comercial Sul e o Setor de Ind\u00fastrias Gr\u00e1ficas.\u00a0 Os tremores tamb\u00e9m foram sentidos em outras regi\u00f5es administrativas do DF\u00a0e em estados como Paran\u00e1, Rio Grande do Sul e S\u00e3o Paulo. O terremoto teve como causa o choque (decorrente da movimenta\u00e7\u00e3o) das placas tect\u00f4nicas de Nazca e Sul-Americana.<\/p>\n<p style=\"text-align: justify\"><strong>Gabarito: D<\/strong><\/p>\n<p>&nbsp;<\/p>\n<p style=\"text-align: justify\">Pessoal, n\u00e3o deixem de entrar com o recurso solicitando a anula\u00e7\u00e3o da primeira quest\u00e3o que comentei, por n\u00e3o ter alternativa correta.<\/p>\n<p style=\"text-align: justify\">Sucesso no concurso!<\/p>\n<p style=\"text-align: justify\">Grande Abra\u00e7o,<\/p>\n<p style=\"text-align: justify\">Leandro Signori<\/p>\n<p>&nbsp;<\/p>\n","protected":false},"excerpt":{"rendered":"<p>Ol\u00e1 pessoal, Seguem os meus coment\u00e1rios \u00e0 prova de Atualidades do concurso da Secretaria de Sa\u00fade do Distrito Federal. Foram tr\u00eas quest\u00f5es da nossa disciplina, sendo que uma delas tem de ser anulada, \u00e9 recurso certo. Numerei as quest\u00f5es de 01 a 03, mas, na sua prova, a numera\u00e7\u00e3o \u00e9 outra, da mesma forma que [&hellip;]<\/p>\n","protected":false},"author":306,"featured_media":0,"comment_status":"open","ping_status":"closed","sticky":false,"template":"","format":"standard","meta":{"post_tipo":"article","footnotes":""},"categories":[1],"tags":[549,3756,3837,3884],"tax_estado":[],"class_list":["post-125699","post","type-post","status-publish","format-standard","hentry","category-cursos-e-concursos","tag-atualidades","tag-leandro-signori","tag-realidade-do-df-e-ride","tag-realidade-do-distrito-federal-e-ride"],"acf":[],"yoast_head":"<!-- This site is optimized with the Yoast SEO Premium plugin v27.2 (Yoast SEO v27.2) - https:\/\/yoast.com\/product\/yoast-seo-premium-wordpress\/ -->\n<title>Atualidades - SES\/DF - prova comentada e RECURSO<\/title>\n<meta name=\"robots\" content=\"index, follow, max-snippet:-1, max-image-preview:large, max-video-preview:-1\" \/>\n<link rel=\"canonical\" href=\"https:\/\/www.estrategiaconcursos.com.br\/blog\/atualidades-ses-df-prova-comentada-e-recurso\/\" \/>\n<meta property=\"og:locale\" content=\"pt_BR\" \/>\n<meta property=\"og:type\" content=\"article\" \/>\n<meta property=\"og:title\" content=\"Atualidades - SES\/DF - prova comentada e RECURSO\" \/>\n<meta property=\"og:description\" content=\"Ol\u00e1 pessoal, Seguem os meus coment\u00e1rios \u00e0 prova de Atualidades do concurso da Secretaria de Sa\u00fade do Distrito Federal. Foram tr\u00eas quest\u00f5es da nossa disciplina, sendo que uma delas tem de ser anulada, \u00e9 recurso certo. Numerei as quest\u00f5es de 01 a 03, mas, na sua prova, a numera\u00e7\u00e3o \u00e9 outra, da mesma forma que [&hellip;]\" \/>\n<meta property=\"og:url\" content=\"https:\/\/www.estrategiaconcursos.com.br\/blog\/atualidades-ses-df-prova-comentada-e-recurso\/\" \/>\n<meta property=\"og:site_name\" content=\"Estrat\u00e9gia Concursos\" \/>\n<meta property=\"article:author\" content=\"https:\/\/www.facebook.com\/leandrosignoriatualidades\/\" \/>\n<meta property=\"article:published_time\" content=\"2018-06-13T17:45:41+00:00\" \/>\n<meta property=\"article:modified_time\" content=\"2018-06-16T18:14:34+00:00\" \/>\n<meta property=\"og:image\" content=\"https:\/\/i1.wp.com\/corsapdfgo.eco.br\/wp-content\/uploads\/2015\/10\/MAPA-RIDE-1-1.png\" \/>\n<meta name=\"author\" content=\"Leandro Signori\" \/>\n<meta name=\"twitter:card\" content=\"summary_large_image\" \/>\n<meta name=\"twitter:creator\" content=\"@EstratConcursos\" \/>\n<meta name=\"twitter:site\" content=\"@EstratConcursos\" \/>\n<meta name=\"twitter:label1\" content=\"Escrito por\" \/>\n\t<meta name=\"twitter:data1\" content=\"Leandro Signori\" \/>\n\t<meta name=\"twitter:label2\" content=\"Est. tempo de leitura\" \/>\n\t<meta name=\"twitter:data2\" content=\"11 minutos\" \/>\n<script type=\"application\/ld+json\" class=\"yoast-schema-graph\">{\"@context\":\"https:\/\/schema.org\",\"@graph\":[{\"@type\":\"NewsArticle\",\"@id\":\"https:\/\/www.estrategiaconcursos.com.br\/blog\/atualidades-ses-df-prova-comentada-e-recurso\/#article\",\"isPartOf\":{\"@id\":\"https:\/\/www.estrategiaconcursos.com.br\/blog\/atualidades-ses-df-prova-comentada-e-recurso\/\"},\"author\":{\"name\":\"Leandro Signori\",\"@id\":\"https:\/\/www.estrategiaconcursos.com.br\/blog\/#\/schema\/person\/d2e7d78de4b9d6ba51cc24fd558a7f42\"},\"headline\":\"Atualidades &#8211; SES\/DF &#8211; prova comentada e RECURSO\",\"datePublished\":\"2018-06-13T17:45:41+00:00\",\"dateModified\":\"2018-06-16T18:14:34+00:00\",\"mainEntityOfPage\":{\"@id\":\"https:\/\/www.estrategiaconcursos.com.br\/blog\/atualidades-ses-df-prova-comentada-e-recurso\/\"},\"wordCount\":2274,\"commentCount\":2,\"publisher\":{\"@id\":\"https:\/\/www.estrategiaconcursos.com.br\/blog\/#organization\"},\"image\":{\"@id\":\"https:\/\/www.estrategiaconcursos.com.br\/blog\/atualidades-ses-df-prova-comentada-e-recurso\/#primaryimage\"},\"thumbnailUrl\":\"https:\/\/i1.wp.com\/corsapdfgo.eco.br\/wp-content\/uploads\/2015\/10\/MAPA-RIDE-1-1.png\",\"keywords\":[\"Atualidades\",\"Leandro Signori\",\"Realidade do DF e RIDE\",\"Realidade do Distrito Federal e RIDE\"],\"articleSection\":[\"Concursos P\u00fablicos\"],\"inLanguage\":\"pt-BR\",\"potentialAction\":[{\"@type\":\"CommentAction\",\"name\":\"Comment\",\"target\":[\"https:\/\/www.estrategiaconcursos.com.br\/blog\/atualidades-ses-df-prova-comentada-e-recurso\/#respond\"]}],\"copyrightYear\":\"2018\",\"copyrightHolder\":{\"@id\":\"https:\/\/www.estrategiaconcursos.com.br\/blog\/#organization\"}},{\"@type\":\"WebPage\",\"@id\":\"https:\/\/www.estrategiaconcursos.com.br\/blog\/atualidades-ses-df-prova-comentada-e-recurso\/\",\"url\":\"https:\/\/www.estrategiaconcursos.com.br\/blog\/atualidades-ses-df-prova-comentada-e-recurso\/\",\"name\":\"Atualidades - SES\/DF - prova comentada e RECURSO\",\"isPartOf\":{\"@id\":\"https:\/\/www.estrategiaconcursos.com.br\/blog\/#website\"},\"primaryImageOfPage\":{\"@id\":\"https:\/\/www.estrategiaconcursos.com.br\/blog\/atualidades-ses-df-prova-comentada-e-recurso\/#primaryimage\"},\"image\":{\"@id\":\"https:\/\/www.estrategiaconcursos.com.br\/blog\/atualidades-ses-df-prova-comentada-e-recurso\/#primaryimage\"},\"thumbnailUrl\":\"https:\/\/i1.wp.com\/corsapdfgo.eco.br\/wp-content\/uploads\/2015\/10\/MAPA-RIDE-1-1.png\",\"datePublished\":\"2018-06-13T17:45:41+00:00\",\"dateModified\":\"2018-06-16T18:14:34+00:00\",\"breadcrumb\":{\"@id\":\"https:\/\/www.estrategiaconcursos.com.br\/blog\/atualidades-ses-df-prova-comentada-e-recurso\/#breadcrumb\"},\"inLanguage\":\"pt-BR\",\"potentialAction\":[{\"@type\":\"ReadAction\",\"target\":[\"https:\/\/www.estrategiaconcursos.com.br\/blog\/atualidades-ses-df-prova-comentada-e-recurso\/\"]}]},{\"@type\":\"ImageObject\",\"inLanguage\":\"pt-BR\",\"@id\":\"https:\/\/www.estrategiaconcursos.com.br\/blog\/atualidades-ses-df-prova-comentada-e-recurso\/#primaryimage\",\"url\":\"https:\/\/i1.wp.com\/corsapdfgo.eco.br\/wp-content\/uploads\/2015\/10\/MAPA-RIDE-1-1.png\",\"contentUrl\":\"https:\/\/i1.wp.com\/corsapdfgo.eco.br\/wp-content\/uploads\/2015\/10\/MAPA-RIDE-1-1.png\"},{\"@type\":\"BreadcrumbList\",\"@id\":\"https:\/\/www.estrategiaconcursos.com.br\/blog\/atualidades-ses-df-prova-comentada-e-recurso\/#breadcrumb\",\"itemListElement\":[{\"@type\":\"ListItem\",\"position\":1,\"name\":\"In\u00edcio\",\"item\":\"https:\/\/www.estrategiaconcursos.com.br\/blog\/\"},{\"@type\":\"ListItem\",\"position\":2,\"name\":\"Atualidades &#8211; SES\/DF &#8211; prova comentada e RECURSO\"}]},{\"@type\":\"WebSite\",\"@id\":\"https:\/\/www.estrategiaconcursos.com.br\/blog\/#website\",\"url\":\"https:\/\/www.estrategiaconcursos.com.br\/blog\/\",\"name\":\"Estrat\u00e9gia Concursos\",\"description\":\"O blog da Estrat\u00e9gia Concursos traz not\u00edcias sobre concursos e artigos de professores oferecendo cursos para concursos (pdf + videaulas) no site.\",\"publisher\":{\"@id\":\"https:\/\/www.estrategiaconcursos.com.br\/blog\/#organization\"},\"potentialAction\":[{\"@type\":\"SearchAction\",\"target\":{\"@type\":\"EntryPoint\",\"urlTemplate\":\"https:\/\/www.estrategiaconcursos.com.br\/blog\/?s={search_term_string}\"},\"query-input\":{\"@type\":\"PropertyValueSpecification\",\"valueRequired\":true,\"valueName\":\"search_term_string\"}}],\"inLanguage\":\"pt-BR\"},{\"@type\":\"Organization\",\"@id\":\"https:\/\/www.estrategiaconcursos.com.br\/blog\/#organization\",\"name\":\"Estrat\u00e9gia Concursos\",\"url\":\"https:\/\/www.estrategiaconcursos.com.br\/blog\/\",\"logo\":{\"@type\":\"ImageObject\",\"inLanguage\":\"pt-BR\",\"@id\":\"https:\/\/www.estrategiaconcursos.com.br\/blog\/#\/schema\/logo\/image\/\",\"url\":\"https:\/\/dhg1h5j42swfq.cloudfront.net\/2025\/06\/03203428\/logo_concursos-1.jpg\",\"contentUrl\":\"https:\/\/dhg1h5j42swfq.cloudfront.net\/2025\/06\/03203428\/logo_concursos-1.jpg\",\"width\":230,\"height\":60,\"caption\":\"Estrat\u00e9gia Concursos\"},\"image\":{\"@id\":\"https:\/\/www.estrategiaconcursos.com.br\/blog\/#\/schema\/logo\/image\/\"},\"sameAs\":[\"https:\/\/x.com\/EstratConcursos\"]},{\"@type\":\"Person\",\"@id\":\"https:\/\/www.estrategiaconcursos.com.br\/blog\/#\/schema\/person\/d2e7d78de4b9d6ba51cc24fd558a7f42\",\"name\":\"Leandro Signori\",\"image\":{\"@type\":\"ImageObject\",\"inLanguage\":\"pt-BR\",\"@id\":\"https:\/\/secure.gravatar.com\/avatar\/aa2ef98e93764dcf1758f52d2792d4b3e4089ee25bc520608dde62ad802ae541?s=96&d=mm&r=g\",\"url\":\"https:\/\/secure.gravatar.com\/avatar\/aa2ef98e93764dcf1758f52d2792d4b3e4089ee25bc520608dde62ad802ae541?s=96&d=mm&r=g\",\"contentUrl\":\"https:\/\/secure.gravatar.com\/avatar\/aa2ef98e93764dcf1758f52d2792d4b3e4089ee25bc520608dde62ad802ae541?s=96&d=mm&r=g\",\"caption\":\"Leandro Signori\"},\"description\":\"Licenciado em Geografia pela Universidade Federal do Rio Grande do Sul (UFRGS) e Bacharel em Geografia pela Uniceub (Bras\u00edlia). Como servidor p\u00fablico, foi funcion\u00e1rio da Prefeitura de S\u00e3o Leopoldo (RS), Prefeitura de Porto Alegre (RS), Companhia Riograndense de Saneamento (Corsan) e Minist\u00e9rio da Integra\u00e7\u00e3o Nacional. \u00c9 professor de Geografia para o ensino m\u00e9dio na rede particular de ensino. Leciona as disciplinas de Atualidades, Conhecimentos Gerais, Geografia, Realidade Brasileira e Hist\u00f3ria, em cursos on line e presenciais preparat\u00f3rios para concursos p\u00fablicos.\",\"sameAs\":[\"https:\/\/www.facebook.com\/leandrosignoriatualidades\/\"],\"url\":\"https:\/\/www.estrategiaconcursos.com.br\/blog\/author\/leandroestrategiaconcursos-com-br\/\"}]}<\/script>\n<!-- \/ Yoast SEO Premium plugin. -->","yoast_head_json":{"title":"Atualidades - SES\/DF - prova comentada e RECURSO","robots":{"index":"index","follow":"follow","max-snippet":"max-snippet:-1","max-image-preview":"max-image-preview:large","max-video-preview":"max-video-preview:-1"},"canonical":"https:\/\/www.estrategiaconcursos.com.br\/blog\/atualidades-ses-df-prova-comentada-e-recurso\/","og_locale":"pt_BR","og_type":"article","og_title":"Atualidades - SES\/DF - prova comentada e RECURSO","og_description":"Ol\u00e1 pessoal, Seguem os meus coment\u00e1rios \u00e0 prova de Atualidades do concurso da Secretaria de Sa\u00fade do Distrito Federal. Foram tr\u00eas quest\u00f5es da nossa disciplina, sendo que uma delas tem de ser anulada, \u00e9 recurso certo. Numerei as quest\u00f5es de 01 a 03, mas, na sua prova, a numera\u00e7\u00e3o \u00e9 outra, da mesma forma que [&hellip;]","og_url":"https:\/\/www.estrategiaconcursos.com.br\/blog\/atualidades-ses-df-prova-comentada-e-recurso\/","og_site_name":"Estrat\u00e9gia Concursos","article_author":"https:\/\/www.facebook.com\/leandrosignoriatualidades\/","article_published_time":"2018-06-13T17:45:41+00:00","article_modified_time":"2018-06-16T18:14:34+00:00","og_image":[{"url":"https:\/\/i1.wp.com\/corsapdfgo.eco.br\/wp-content\/uploads\/2015\/10\/MAPA-RIDE-1-1.png","type":"","width":"","height":""}],"author":"Leandro Signori","twitter_card":"summary_large_image","twitter_creator":"@EstratConcursos","twitter_site":"@EstratConcursos","twitter_misc":{"Escrito por":"Leandro Signori","Est. tempo de leitura":"11 minutos"},"schema":{"@context":"https:\/\/schema.org","@graph":[{"@type":"NewsArticle","@id":"https:\/\/www.estrategiaconcursos.com.br\/blog\/atualidades-ses-df-prova-comentada-e-recurso\/#article","isPartOf":{"@id":"https:\/\/www.estrategiaconcursos.com.br\/blog\/atualidades-ses-df-prova-comentada-e-recurso\/"},"author":{"name":"Leandro Signori","@id":"https:\/\/www.estrategiaconcursos.com.br\/blog\/#\/schema\/person\/d2e7d78de4b9d6ba51cc24fd558a7f42"},"headline":"Atualidades &#8211; SES\/DF &#8211; prova comentada e RECURSO","datePublished":"2018-06-13T17:45:41+00:00","dateModified":"2018-06-16T18:14:34+00:00","mainEntityOfPage":{"@id":"https:\/\/www.estrategiaconcursos.com.br\/blog\/atualidades-ses-df-prova-comentada-e-recurso\/"},"wordCount":2274,"commentCount":2,"publisher":{"@id":"https:\/\/www.estrategiaconcursos.com.br\/blog\/#organization"},"image":{"@id":"https:\/\/www.estrategiaconcursos.com.br\/blog\/atualidades-ses-df-prova-comentada-e-recurso\/#primaryimage"},"thumbnailUrl":"https:\/\/i1.wp.com\/corsapdfgo.eco.br\/wp-content\/uploads\/2015\/10\/MAPA-RIDE-1-1.png","keywords":["Atualidades","Leandro Signori","Realidade do DF e RIDE","Realidade do Distrito Federal e RIDE"],"articleSection":["Concursos P\u00fablicos"],"inLanguage":"pt-BR","potentialAction":[{"@type":"CommentAction","name":"Comment","target":["https:\/\/www.estrategiaconcursos.com.br\/blog\/atualidades-ses-df-prova-comentada-e-recurso\/#respond"]}],"copyrightYear":"2018","copyrightHolder":{"@id":"https:\/\/www.estrategiaconcursos.com.br\/blog\/#organization"}},{"@type":"WebPage","@id":"https:\/\/www.estrategiaconcursos.com.br\/blog\/atualidades-ses-df-prova-comentada-e-recurso\/","url":"https:\/\/www.estrategiaconcursos.com.br\/blog\/atualidades-ses-df-prova-comentada-e-recurso\/","name":"Atualidades - SES\/DF - prova comentada e RECURSO","isPartOf":{"@id":"https:\/\/www.estrategiaconcursos.com.br\/blog\/#website"},"primaryImageOfPage":{"@id":"https:\/\/www.estrategiaconcursos.com.br\/blog\/atualidades-ses-df-prova-comentada-e-recurso\/#primaryimage"},"image":{"@id":"https:\/\/www.estrategiaconcursos.com.br\/blog\/atualidades-ses-df-prova-comentada-e-recurso\/#primaryimage"},"thumbnailUrl":"https:\/\/i1.wp.com\/corsapdfgo.eco.br\/wp-content\/uploads\/2015\/10\/MAPA-RIDE-1-1.png","datePublished":"2018-06-13T17:45:41+00:00","dateModified":"2018-06-16T18:14:34+00:00","breadcrumb":{"@id":"https:\/\/www.estrategiaconcursos.com.br\/blog\/atualidades-ses-df-prova-comentada-e-recurso\/#breadcrumb"},"inLanguage":"pt-BR","potentialAction":[{"@type":"ReadAction","target":["https:\/\/www.estrategiaconcursos.com.br\/blog\/atualidades-ses-df-prova-comentada-e-recurso\/"]}]},{"@type":"ImageObject","inLanguage":"pt-BR","@id":"https:\/\/www.estrategiaconcursos.com.br\/blog\/atualidades-ses-df-prova-comentada-e-recurso\/#primaryimage","url":"https:\/\/i1.wp.com\/corsapdfgo.eco.br\/wp-content\/uploads\/2015\/10\/MAPA-RIDE-1-1.png","contentUrl":"https:\/\/i1.wp.com\/corsapdfgo.eco.br\/wp-content\/uploads\/2015\/10\/MAPA-RIDE-1-1.png"},{"@type":"BreadcrumbList","@id":"https:\/\/www.estrategiaconcursos.com.br\/blog\/atualidades-ses-df-prova-comentada-e-recurso\/#breadcrumb","itemListElement":[{"@type":"ListItem","position":1,"name":"In\u00edcio","item":"https:\/\/www.estrategiaconcursos.com.br\/blog\/"},{"@type":"ListItem","position":2,"name":"Atualidades &#8211; SES\/DF &#8211; prova comentada e RECURSO"}]},{"@type":"WebSite","@id":"https:\/\/www.estrategiaconcursos.com.br\/blog\/#website","url":"https:\/\/www.estrategiaconcursos.com.br\/blog\/","name":"Estrat\u00e9gia Concursos","description":"O blog da Estrat\u00e9gia Concursos traz not\u00edcias sobre concursos e artigos de professores oferecendo cursos para concursos (pdf + videaulas) no site.","publisher":{"@id":"https:\/\/www.estrategiaconcursos.com.br\/blog\/#organization"},"potentialAction":[{"@type":"SearchAction","target":{"@type":"EntryPoint","urlTemplate":"https:\/\/www.estrategiaconcursos.com.br\/blog\/?s={search_term_string}"},"query-input":{"@type":"PropertyValueSpecification","valueRequired":true,"valueName":"search_term_string"}}],"inLanguage":"pt-BR"},{"@type":"Organization","@id":"https:\/\/www.estrategiaconcursos.com.br\/blog\/#organization","name":"Estrat\u00e9gia Concursos","url":"https:\/\/www.estrategiaconcursos.com.br\/blog\/","logo":{"@type":"ImageObject","inLanguage":"pt-BR","@id":"https:\/\/www.estrategiaconcursos.com.br\/blog\/#\/schema\/logo\/image\/","url":"https:\/\/dhg1h5j42swfq.cloudfront.net\/2025\/06\/03203428\/logo_concursos-1.jpg","contentUrl":"https:\/\/dhg1h5j42swfq.cloudfront.net\/2025\/06\/03203428\/logo_concursos-1.jpg","width":230,"height":60,"caption":"Estrat\u00e9gia Concursos"},"image":{"@id":"https:\/\/www.estrategiaconcursos.com.br\/blog\/#\/schema\/logo\/image\/"},"sameAs":["https:\/\/x.com\/EstratConcursos"]},{"@type":"Person","@id":"https:\/\/www.estrategiaconcursos.com.br\/blog\/#\/schema\/person\/d2e7d78de4b9d6ba51cc24fd558a7f42","name":"Leandro Signori","image":{"@type":"ImageObject","inLanguage":"pt-BR","@id":"https:\/\/secure.gravatar.com\/avatar\/aa2ef98e93764dcf1758f52d2792d4b3e4089ee25bc520608dde62ad802ae541?s=96&d=mm&r=g","url":"https:\/\/secure.gravatar.com\/avatar\/aa2ef98e93764dcf1758f52d2792d4b3e4089ee25bc520608dde62ad802ae541?s=96&d=mm&r=g","contentUrl":"https:\/\/secure.gravatar.com\/avatar\/aa2ef98e93764dcf1758f52d2792d4b3e4089ee25bc520608dde62ad802ae541?s=96&d=mm&r=g","caption":"Leandro Signori"},"description":"Licenciado em Geografia pela Universidade Federal do Rio Grande do Sul (UFRGS) e Bacharel em Geografia pela Uniceub (Bras\u00edlia). Como servidor p\u00fablico, foi funcion\u00e1rio da Prefeitura de S\u00e3o Leopoldo (RS), Prefeitura de Porto Alegre (RS), Companhia Riograndense de Saneamento (Corsan) e Minist\u00e9rio da Integra\u00e7\u00e3o Nacional. \u00c9 professor de Geografia para o ensino m\u00e9dio na rede particular de ensino. Leciona as disciplinas de Atualidades, Conhecimentos Gerais, Geografia, Realidade Brasileira e Hist\u00f3ria, em cursos on line e presenciais preparat\u00f3rios para concursos p\u00fablicos.","sameAs":["https:\/\/www.facebook.com\/leandrosignoriatualidades\/"],"url":"https:\/\/www.estrategiaconcursos.com.br\/blog\/author\/leandroestrategiaconcursos-com-br\/"}]}},"_links":{"self":[{"href":"https:\/\/www.estrategiaconcursos.com.br\/blog\/wp-json\/wp\/v2\/posts\/125699","targetHints":{"allow":["GET"]}}],"collection":[{"href":"https:\/\/www.estrategiaconcursos.com.br\/blog\/wp-json\/wp\/v2\/posts"}],"about":[{"href":"https:\/\/www.estrategiaconcursos.com.br\/blog\/wp-json\/wp\/v2\/types\/post"}],"author":[{"embeddable":true,"href":"https:\/\/www.estrategiaconcursos.com.br\/blog\/wp-json\/wp\/v2\/users\/306"}],"replies":[{"embeddable":true,"href":"https:\/\/www.estrategiaconcursos.com.br\/blog\/wp-json\/wp\/v2\/comments?post=125699"}],"version-history":[{"count":17,"href":"https:\/\/www.estrategiaconcursos.com.br\/blog\/wp-json\/wp\/v2\/posts\/125699\/revisions"}],"predecessor-version":[{"id":126935,"href":"https:\/\/www.estrategiaconcursos.com.br\/blog\/wp-json\/wp\/v2\/posts\/125699\/revisions\/126935"}],"wp:attachment":[{"href":"https:\/\/www.estrategiaconcursos.com.br\/blog\/wp-json\/wp\/v2\/media?parent=125699"}],"wp:term":[{"taxonomy":"category","embeddable":true,"href":"https:\/\/www.estrategiaconcursos.com.br\/blog\/wp-json\/wp\/v2\/categories?post=125699"},{"taxonomy":"post_tag","embeddable":true,"href":"https:\/\/www.estrategiaconcursos.com.br\/blog\/wp-json\/wp\/v2\/tags?post=125699"},{"taxonomy":"tax_estado","embeddable":true,"href":"https:\/\/www.estrategiaconcursos.com.br\/blog\/wp-json\/wp\/v2\/tax_estado?post=125699"}],"curies":[{"name":"wp","href":"https:\/\/api.w.org\/{rel}","templated":true}]}}